{"id":7361,"date":"2021-06-20T23:16:50","date_gmt":"2021-06-21T02:16:50","guid":{"rendered":"https:\/\/renatodias.online\/movimento\/?p=7361"},"modified":"2021-06-20T23:16:50","modified_gmt":"2021-06-21T02:16:50","slug":"dap-sai-as-ruas-em-goiania","status":"publish","type":"post","link":"https:\/\/renatodias.online\/movimento\/2021\/06\/20\/dap-sai-as-ruas-em-goiania\/","title":{"rendered":"DAP sai \u00e0s ruas em Goi\u00e2nia"},"content":{"rendered":"<div class=\"adn ads\" data-message-id=\"#msg-a:r6056934763014328635\" data-legacy-message-id=\"17a2bc1a0d4482b9\">\n<div class=\"gs\">\n<div class=\"\">\n<div id=\":1ef\" class=\"ii gt\">\n<div id=\":1eg\" class=\"a3s aiL \">\n<div dir=\"auto\">\n<figure id=\"attachment_5888\" aria-describedby=\"caption-attachment-5888\" style=\"width: 600px\" class=\"wp-caption aligncenter\"><img loading=\"lazy\" decoding=\"async\" class=\"size-full wp-image-5888\" src=\"https:\/\/renatodias.online\/movimento\/wp-content\/uploads\/2021\/04\/Bomba-A-morte-da-Politica.jpg\" alt=\"explosivo\" width=\"600\" height=\"600\" \/><figcaption id=\"caption-attachment-5888\" class=\"wp-caption-text\"><span style=\"color: #ff6600;\"><strong>explosivo<\/strong><\/span><\/figcaption><\/figure>\n<h1 dir=\"auto\" style=\"text-align: center;\"><span style=\"color: #ff0000;\">DAP sai \u00e0s ruas em Goi\u00e2nia<\/span><\/h1>\n<figure id=\"attachment_7363\" aria-describedby=\"caption-attachment-7363\" style=\"width: 960px\" class=\"wp-caption alignnone\"><img loading=\"lazy\" decoding=\"async\" class=\"size-full wp-image-7363\" src=\"https:\/\/renatodias.online\/movimento\/wp-content\/uploads\/2021\/06\/DAP-em-manifestacao-do-dia-19-de-junho.jpg\" alt=\"\" width=\"960\" height=\"503\" srcset=\"https:\/\/renatodias.online\/movimento\/wp-content\/uploads\/2021\/06\/DAP-em-manifestacao-do-dia-19-de-junho.jpg 960w, https:\/\/renatodias.online\/movimento\/wp-content\/uploads\/2021\/06\/DAP-em-manifestacao-do-dia-19-de-junho-300x157.jpg 300w, https:\/\/renatodias.online\/movimento\/wp-content\/uploads\/2021\/06\/DAP-em-manifestacao-do-dia-19-de-junho-768x402.jpg 768w, https:\/\/renatodias.online\/movimento\/wp-content\/uploads\/2021\/06\/DAP-em-manifestacao-do-dia-19-de-junho-750x393.jpg 750w\" sizes=\"auto, (max-width: 960px) 100vw, 960px\" \/><figcaption id=\"caption-attachment-7363\" class=\"wp-caption-text\"><strong>DAP em manifesta\u00e7\u00e3o do dia 19 de junho<\/strong><\/figcaption><\/figure>\n<blockquote>\n<h1 dir=\"auto\" style=\"text-align: center;\"><span style=\"color: #008000;\"><strong>Fora Bolsonaro e seus generais<\/strong><\/span><\/h1>\n<\/blockquote>\n<h1 dir=\"auto\" style=\"text-align: center;\"><span style=\"color: #ff00ff;\"><strong>Thelma Gomes lidera protesto<\/strong><\/span><\/h1>\n<figure id=\"attachment_7362\" aria-describedby=\"caption-attachment-7362\" style=\"width: 526px\" class=\"wp-caption aligncenter\"><img loading=\"lazy\" decoding=\"async\" class=\"size-full wp-image-7362\" src=\"https:\/\/renatodias.online\/movimento\/wp-content\/uploads\/2021\/06\/Thelma-Gomes-protesta.jpg\" alt=\"\" width=\"526\" height=\"526\" srcset=\"https:\/\/renatodias.online\/movimento\/wp-content\/uploads\/2021\/06\/Thelma-Gomes-protesta.jpg 526w, https:\/\/renatodias.online\/movimento\/wp-content\/uploads\/2021\/06\/Thelma-Gomes-protesta-300x300.jpg 300w, https:\/\/renatodias.online\/movimento\/wp-content\/uploads\/2021\/06\/Thelma-Gomes-protesta-150x150.jpg 150w\" sizes=\"auto, (max-width: 526px) 100vw, 526px\" \/><figcaption id=\"caption-attachment-7362\" class=\"wp-caption-text\"><strong>Thelma Gomes protesta<\/strong><\/figcaption><\/figure>\n<div dir=\"auto\"><\/div>\n<div dir=\"auto\"><strong>Renato Dias<\/strong><\/div>\n<div dir=\"auto\">A tend\u00eancia interna do PT Di\u00e1logo e A\u00e7\u00e3o Petista saiu \u00e0s ruas para exigir o impeachment de Jair Messias Bolsonaro, atual presidente da Rep\u00fablica, o seu vice, Hamilton Mour\u00e3o Filho, assim como a queda imediata dos generais que ocupam espa\u00e7os pol\u00edticos civis na Esplanada dos Minist\u00e9rios. Em Bras\u00edlia. A capital da Rep\u00fablica.<\/div>\n<\/div>\n<\/div>\n<div dir=\"auto\"><img loading=\"lazy\" decoding=\"async\" class=\"size-full wp-image-6452 aligncenter\" src=\"https:\/\/renatodias.online\/movimento\/wp-content\/uploads\/2021\/05\/Jair-Bolsonaro-caricatura-_-UEE.jpg\" alt=\"\" width=\"621\" height=\"984\" srcset=\"https:\/\/renatodias.online\/movimento\/wp-content\/uploads\/2021\/05\/Jair-Bolsonaro-caricatura-_-UEE.jpg 621w, https:\/\/renatodias.online\/movimento\/wp-content\/uploads\/2021\/05\/Jair-Bolsonaro-caricatura-_-UEE-189x300.jpg 189w\" sizes=\"auto, (max-width: 621px) 100vw, 621px\" \/><\/div>\n<div id=\":1eg\" class=\"a3s aiL \">\n<h2 dir=\"auto\"><strong>Plataforma<\/strong><\/h2>\n<div dir=\"auto\">\n<div dir=\"auto\">De extrema &#8211; esquerda no espectro pol\u00edtico, com Luiz Eduardo Greenhalgh, Markus Sokol, J\u00falio Turra e Misa Boito como quadros nacionais, a fra\u00e7\u00e3o em Goi\u00e2nia, a capital de Goi\u00e1s fundada em1933, \u00e9 liderada por Thelma Gomes, Humberto Cl\u00edmaco, Angela Cristina. Com uma plataforma republicana, n\u00e3o patrimonialista e socialista.<\/div>\n<\/div>\n<div class=\"yj6qo\"><\/div>\n<\/div>\n<\/div>\n<div id=\":1ee\"><strong>\u00a0<\/strong><\/div>\n<\/div>\n<\/div>\n<\/div>\n","protected":false},"excerpt":{"rendered":"<p>DAP sai \u00e0s ruas em Goi\u00e2nia Fora Bolsonaro e seus generais Thelma Gomes lidera protesto Renato Dias A tend\u00eancia interna do PT Di\u00e1logo e A\u00e7\u00e3o Petista saiu \u00e0s ruas para exigir o impeachment de Jair Messias Bolsonaro, atual presidente da Rep\u00fablica, o seu vice, Hamilton Mour\u00e3o Filho, assim como a queda imediata dos generais que<\/p>\n","protected":false},"author":2,"featured_media":7218,"comment_status":"open","ping_status":"open","sticky":false,"template":"","format":"standard","meta":{"_acf_changed":false,"_monsterinsights_skip_tracking":false,"_monsterinsights_sitenote_active":false,"_monsterinsights_sitenote_note":"","_monsterinsights_sitenote_category":0,"footnotes":""},"categories":[4],"tags":[],"class_list":["post-7361","post","type-post","status-publish","format-standard","has-post-thumbnail","hentry","category-politica"],"acf":[],"yoast_head":"<!-- This site is optimized with the Yoast SEO plugin v27.4 - https:\/\/yoast.com\/product\/yoast-seo-wordpress\/ -->\n<title>DAP sai \u00e0s ruas em Goi\u00e2nia -<\/title>\n<meta name=\"robots\" content=\"index, follow, max-snippet:-1, max-image-preview:large, max-video-preview:-1\" \/>\n<link rel=\"canonical\" href=\"https:\/\/renatodias.online\/movimento\/2021\/06\/20\/dap-sai-as-ruas-em-goiania\/\" \/>\n<meta property=\"og:locale\" content=\"pt_BR\" \/>\n<meta property=\"og:type\" content=\"article\" \/>\n<meta property=\"og:title\" content=\"DAP sai \u00e0s ruas em Goi\u00e2nia -\" \/>\n<meta property=\"og:description\" content=\"DAP sai \u00e0s ruas em Goi\u00e2nia Fora Bolsonaro e seus generais Thelma Gomes lidera protesto Renato Dias A tend\u00eancia interna do PT Di\u00e1logo e A\u00e7\u00e3o Petista saiu \u00e0s ruas para exigir o impeachment de Jair Messias Bolsonaro, atual presidente da Rep\u00fablica, o seu vice, Hamilton Mour\u00e3o Filho, assim como a queda imediata dos generais que\" \/>\n<meta property=\"og:url\" content=\"https:\/\/renatodias.online\/movimento\/2021\/06\/20\/dap-sai-as-ruas-em-goiania\/\" \/>\n<meta property=\"article:publisher\" content=\"https:\/\/www.facebook.com\/renato.dias.37\" \/>\n<meta property=\"article:author\" content=\"https:\/\/www.facebook.com\/renato.dias.37\" \/>\n<meta property=\"article:published_time\" content=\"2021-06-21T02:16:50+00:00\" \/>\n<meta property=\"og:image\" content=\"https:\/\/renatodias.online\/movimento\/wp-content\/uploads\/2021\/06\/Thelma-Gomes-_-Ato-do-DAP.jpg\" \/>\n\t<meta property=\"og:image:width\" content=\"640\" \/>\n\t<meta property=\"og:image:height\" content=\"640\" \/>\n\t<meta property=\"og:image:type\" content=\"image\/jpeg\" \/>\n<meta name=\"author\" content=\"Renato Dias\" \/>\n<meta name=\"twitter:card\" content=\"summary_large_image\" \/>\n<meta name=\"twitter:creator\" content=\"@RenatoDiasBat\" \/>\n<meta name=\"twitter:site\" content=\"@RenatoDiasBat\" \/>\n<meta name=\"twitter:label1\" content=\"Escrito por\" \/>\n\t<meta name=\"twitter:data1\" content=\"Renato Dias\" \/>\n\t<meta name=\"twitter:label2\" content=\"Est. tempo de leitura\" \/>\n\t<meta name=\"twitter:data2\" content=\"1 minuto\" \/>\n<script type=\"application\/ld+json\" class=\"yoast-schema-graph\">{\"@context\":\"https:\\\/\\\/schema.org\",\"@graph\":[{\"@type\":\"Article\",\"@id\":\"https:\\\/\\\/renatodias.online\\\/movimento\\\/2021\\\/06\\\/20\\\/dap-sai-as-ruas-em-goiania\\\/#article\",\"isPartOf\":{\"@id\":\"https:\\\/\\\/renatodias.online\\\/movimento\\\/2021\\\/06\\\/20\\\/dap-sai-as-ruas-em-goiania\\\/\"},\"author\":{\"name\":\"Renato Dias\",\"@id\":\"https:\\\/\\\/renatodias.online\\\/movimento\\\/#\\\/schema\\\/person\\\/bbab28833b1725a20f4083f49f1fb2a9\"},\"headline\":\"DAP sai \u00e0s ruas em Goi\u00e2nia\",\"datePublished\":\"2021-06-21T02:16:50+00:00\",\"mainEntityOfPage\":{\"@id\":\"https:\\\/\\\/renatodias.online\\\/movimento\\\/2021\\\/06\\\/20\\\/dap-sai-as-ruas-em-goiania\\\/\"},\"wordCount\":175,\"commentCount\":0,\"publisher\":{\"@id\":\"https:\\\/\\\/renatodias.online\\\/movimento\\\/#\\\/schema\\\/person\\\/bbab28833b1725a20f4083f49f1fb2a9\"},\"image\":{\"@id\":\"https:\\\/\\\/renatodias.online\\\/movimento\\\/2021\\\/06\\\/20\\\/dap-sai-as-ruas-em-goiania\\\/#primaryimage\"},\"thumbnailUrl\":\"https:\\\/\\\/renatodias.online\\\/movimento\\\/wp-content\\\/uploads\\\/2021\\\/06\\\/Thelma-Gomes-_-Ato-do-DAP.jpg\",\"articleSection\":[\"Pol\u00edtica\"],\"inLanguage\":\"pt-BR\",\"potentialAction\":[{\"@type\":\"CommentAction\",\"name\":\"Comment\",\"target\":[\"https:\\\/\\\/renatodias.online\\\/movimento\\\/2021\\\/06\\\/20\\\/dap-sai-as-ruas-em-goiania\\\/#respond\"]}]},{\"@type\":\"WebPage\",\"@id\":\"https:\\\/\\\/renatodias.online\\\/movimento\\\/2021\\\/06\\\/20\\\/dap-sai-as-ruas-em-goiania\\\/\",\"url\":\"https:\\\/\\\/renatodias.online\\\/movimento\\\/2021\\\/06\\\/20\\\/dap-sai-as-ruas-em-goiania\\\/\",\"name\":\"DAP sai \u00e0s ruas em Goi\u00e2nia -\",\"isPartOf\":{\"@id\":\"https:\\\/\\\/renatodias.online\\\/movimento\\\/#website\"},\"primaryImageOfPage\":{\"@id\":\"https:\\\/\\\/renatodias.online\\\/movimento\\\/2021\\\/06\\\/20\\\/dap-sai-as-ruas-em-goiania\\\/#primaryimage\"},\"image\":{\"@id\":\"https:\\\/\\\/renatodias.online\\\/movimento\\\/2021\\\/06\\\/20\\\/dap-sai-as-ruas-em-goiania\\\/#primaryimage\"},\"thumbnailUrl\":\"https:\\\/\\\/renatodias.online\\\/movimento\\\/wp-content\\\/uploads\\\/2021\\\/06\\\/Thelma-Gomes-_-Ato-do-DAP.jpg\",\"datePublished\":\"2021-06-21T02:16:50+00:00\",\"breadcrumb\":{\"@id\":\"https:\\\/\\\/renatodias.online\\\/movimento\\\/2021\\\/06\\\/20\\\/dap-sai-as-ruas-em-goiania\\\/#breadcrumb\"},\"inLanguage\":\"pt-BR\",\"potentialAction\":[{\"@type\":\"ReadAction\",\"target\":[\"https:\\\/\\\/renatodias.online\\\/movimento\\\/2021\\\/06\\\/20\\\/dap-sai-as-ruas-em-goiania\\\/\"]}]},{\"@type\":\"ImageObject\",\"inLanguage\":\"pt-BR\",\"@id\":\"https:\\\/\\\/renatodias.online\\\/movimento\\\/2021\\\/06\\\/20\\\/dap-sai-as-ruas-em-goiania\\\/#primaryimage\",\"url\":\"https:\\\/\\\/renatodias.online\\\/movimento\\\/wp-content\\\/uploads\\\/2021\\\/06\\\/Thelma-Gomes-_-Ato-do-DAP.jpg\",\"contentUrl\":\"https:\\\/\\\/renatodias.online\\\/movimento\\\/wp-content\\\/uploads\\\/2021\\\/06\\\/Thelma-Gomes-_-Ato-do-DAP.jpg\",\"width\":640,\"height\":640,\"caption\":\"Thelma Gomes _ Ato do DAP\"},{\"@type\":\"BreadcrumbList\",\"@id\":\"https:\\\/\\\/renatodias.online\\\/movimento\\\/2021\\\/06\\\/20\\\/dap-sai-as-ruas-em-goiania\\\/#breadcrumb\",\"itemListElement\":[{\"@type\":\"ListItem\",\"position\":1,\"name\":\"In\u00edcio\",\"item\":\"https:\\\/\\\/renatodias.online\\\/movimento\\\/\"},{\"@type\":\"ListItem\",\"position\":2,\"name\":\"DAP sai \u00e0s ruas em Goi\u00e2nia\"}]},{\"@type\":\"WebSite\",\"@id\":\"https:\\\/\\\/renatodias.online\\\/movimento\\\/#website\",\"url\":\"https:\\\/\\\/renatodias.online\\\/movimento\\\/\",\"name\":\"\",\"description\":\"\",\"publisher\":{\"@id\":\"https:\\\/\\\/renatodias.online\\\/movimento\\\/#\\\/schema\\\/person\\\/bbab28833b1725a20f4083f49f1fb2a9\"},\"potentialAction\":[{\"@type\":\"SearchAction\",\"target\":{\"@type\":\"EntryPoint\",\"urlTemplate\":\"https:\\\/\\\/renatodias.online\\\/movimento\\\/?s={search_term_string}\"},\"query-input\":{\"@type\":\"PropertyValueSpecification\",\"valueRequired\":true,\"valueName\":\"search_term_string\"}}],\"inLanguage\":\"pt-BR\"},{\"@type\":[\"Person\",\"Organization\"],\"@id\":\"https:\\\/\\\/renatodias.online\\\/movimento\\\/#\\\/schema\\\/person\\\/bbab28833b1725a20f4083f49f1fb2a9\",\"name\":\"Renato Dias\",\"image\":{\"@type\":\"ImageObject\",\"inLanguage\":\"pt-BR\",\"@id\":\"https:\\\/\\\/renatodias.online\\\/movimento\\\/wp-content\\\/uploads\\\/2023\\\/03\\\/cropped-cropped-cropped-logofinal.jpeg\",\"url\":\"https:\\\/\\\/renatodias.online\\\/movimento\\\/wp-content\\\/uploads\\\/2023\\\/03\\\/cropped-cropped-cropped-logofinal.jpeg\",\"contentUrl\":\"https:\\\/\\\/renatodias.online\\\/movimento\\\/wp-content\\\/uploads\\\/2023\\\/03\\\/cropped-cropped-cropped-logofinal.jpeg\",\"width\":1280,\"height\":219,\"caption\":\"Renato Dias\"},\"logo\":{\"@id\":\"https:\\\/\\\/renatodias.online\\\/movimento\\\/wp-content\\\/uploads\\\/2023\\\/03\\\/cropped-cropped-cropped-logofinal.jpeg\"},\"description\":\"Renato Dias, 58 anos, \u00e9 graduado em Jornalismo, formado em Ci\u00eancias Sociais, com p\u00f3s-gradua\u00e7\u00e3o em Pol\u00edticas P\u00fablicas, mestre em Direito e Rela\u00e7\u00f5es Internacionais, ex-aluno extraordin\u00e1rio do Doutorado em Psicologia Social, ex-estudante do Curso de Psican\u00e1lise do Centro de Estudos Psicanal\u00edticos do Estado de Goi\u00e1s, ministrado pelo m\u00e9dico psiquiatra e psicanalista Daniel Em\u00eddio de Souza. \u00c9 autor de 30 livros-reportagem, oito document\u00e1rios, ganhou 30 pr\u00eamios e \u00e9 torcedor apaixonado do maior do Centro-Oeste, o Vila Nova Futebol Clube. Casado com Meirilane Dias, \u00e9 pai de Juliana Dias, jornalista; Daniel Dias, economista; e Maria Rosa Dias, estudante antifascista, socialista e trotskista.\u00a0Com tr\u00eas pets: Porquinho [Bull Dog Franc\u00eas], Dalila [Basset Hound] e Geleia [Basset Hound]. Al\u00e9m do eterno gato Tutuquinho, que virou estrela.\",\"sameAs\":[\"https:\\\/\\\/www.facebook.com\\\/renato.dias.37\",\"#breve\",\"https:\\\/\\\/renatodias.tumblr.com\\\/\"],\"url\":\"https:\\\/\\\/renatodias.online\\\/movimento\\\/author\\\/renatodias\\\/\"}]}<\/script>\n<!-- \/ Yoast SEO plugin. -->","yoast_head_json":{"title":"DAP sai \u00e0s ruas em Goi\u00e2nia -","robots":{"index":"index","follow":"follow","max-snippet":"max-snippet:-1","max-image-preview":"max-image-preview:large","max-video-preview":"max-video-preview:-1"},"canonical":"https:\/\/renatodias.online\/movimento\/2021\/06\/20\/dap-sai-as-ruas-em-goiania\/","og_locale":"pt_BR","og_type":"article","og_title":"DAP sai \u00e0s ruas em Goi\u00e2nia -","og_description":"DAP sai \u00e0s ruas em Goi\u00e2nia Fora Bolsonaro e seus generais Thelma Gomes lidera protesto Renato Dias A tend\u00eancia interna do PT Di\u00e1logo e A\u00e7\u00e3o Petista saiu \u00e0s ruas para exigir o impeachment de Jair Messias Bolsonaro, atual presidente da Rep\u00fablica, o seu vice, Hamilton Mour\u00e3o Filho, assim como a queda imediata dos generais que","og_url":"https:\/\/renatodias.online\/movimento\/2021\/06\/20\/dap-sai-as-ruas-em-goiania\/","article_publisher":"https:\/\/www.facebook.com\/renato.dias.37","article_author":"https:\/\/www.facebook.com\/renato.dias.37","article_published_time":"2021-06-21T02:16:50+00:00","og_image":[{"width":640,"height":640,"url":"https:\/\/renatodias.online\/movimento\/wp-content\/uploads\/2021\/06\/Thelma-Gomes-_-Ato-do-DAP.jpg","type":"image\/jpeg"}],"author":"Renato Dias","twitter_card":"summary_large_image","twitter_creator":"@RenatoDiasBat","twitter_site":"@RenatoDiasBat","twitter_misc":{"Escrito por":"Renato Dias","Est. tempo de leitura":"1 minuto"},"schema":{"@context":"https:\/\/schema.org","@graph":[{"@type":"Article","@id":"https:\/\/renatodias.online\/movimento\/2021\/06\/20\/dap-sai-as-ruas-em-goiania\/#article","isPartOf":{"@id":"https:\/\/renatodias.online\/movimento\/2021\/06\/20\/dap-sai-as-ruas-em-goiania\/"},"author":{"name":"Renato Dias","@id":"https:\/\/renatodias.online\/movimento\/#\/schema\/person\/bbab28833b1725a20f4083f49f1fb2a9"},"headline":"DAP sai \u00e0s ruas em Goi\u00e2nia","datePublished":"2021-06-21T02:16:50+00:00","mainEntityOfPage":{"@id":"https:\/\/renatodias.online\/movimento\/2021\/06\/20\/dap-sai-as-ruas-em-goiania\/"},"wordCount":175,"commentCount":0,"publisher":{"@id":"https:\/\/renatodias.online\/movimento\/#\/schema\/person\/bbab28833b1725a20f4083f49f1fb2a9"},"image":{"@id":"https:\/\/renatodias.online\/movimento\/2021\/06\/20\/dap-sai-as-ruas-em-goiania\/#primaryimage"},"thumbnailUrl":"https:\/\/renatodias.online\/movimento\/wp-content\/uploads\/2021\/06\/Thelma-Gomes-_-Ato-do-DAP.jpg","articleSection":["Pol\u00edtica"],"inLanguage":"pt-BR","potentialAction":[{"@type":"CommentAction","name":"Comment","target":["https:\/\/renatodias.online\/movimento\/2021\/06\/20\/dap-sai-as-ruas-em-goiania\/#respond"]}]},{"@type":"WebPage","@id":"https:\/\/renatodias.online\/movimento\/2021\/06\/20\/dap-sai-as-ruas-em-goiania\/","url":"https:\/\/renatodias.online\/movimento\/2021\/06\/20\/dap-sai-as-ruas-em-goiania\/","name":"DAP sai \u00e0s ruas em Goi\u00e2nia -","isPartOf":{"@id":"https:\/\/renatodias.online\/movimento\/#website"},"primaryImageOfPage":{"@id":"https:\/\/renatodias.online\/movimento\/2021\/06\/20\/dap-sai-as-ruas-em-goiania\/#primaryimage"},"image":{"@id":"https:\/\/renatodias.online\/movimento\/2021\/06\/20\/dap-sai-as-ruas-em-goiania\/#primaryimage"},"thumbnailUrl":"https:\/\/renatodias.online\/movimento\/wp-content\/uploads\/2021\/06\/Thelma-Gomes-_-Ato-do-DAP.jpg","datePublished":"2021-06-21T02:16:50+00:00","breadcrumb":{"@id":"https:\/\/renatodias.online\/movimento\/2021\/06\/20\/dap-sai-as-ruas-em-goiania\/#breadcrumb"},"inLanguage":"pt-BR","potentialAction":[{"@type":"ReadAction","target":["https:\/\/renatodias.online\/movimento\/2021\/06\/20\/dap-sai-as-ruas-em-goiania\/"]}]},{"@type":"ImageObject","inLanguage":"pt-BR","@id":"https:\/\/renatodias.online\/movimento\/2021\/06\/20\/dap-sai-as-ruas-em-goiania\/#primaryimage","url":"https:\/\/renatodias.online\/movimento\/wp-content\/uploads\/2021\/06\/Thelma-Gomes-_-Ato-do-DAP.jpg","contentUrl":"https:\/\/renatodias.online\/movimento\/wp-content\/uploads\/2021\/06\/Thelma-Gomes-_-Ato-do-DAP.jpg","width":640,"height":640,"caption":"Thelma Gomes _ Ato do DAP"},{"@type":"BreadcrumbList","@id":"https:\/\/renatodias.online\/movimento\/2021\/06\/20\/dap-sai-as-ruas-em-goiania\/#breadcrumb","itemListElement":[{"@type":"ListItem","position":1,"name":"In\u00edcio","item":"https:\/\/renatodias.online\/movimento\/"},{"@type":"ListItem","position":2,"name":"DAP sai \u00e0s ruas em Goi\u00e2nia"}]},{"@type":"WebSite","@id":"https:\/\/renatodias.online\/movimento\/#website","url":"https:\/\/renatodias.online\/movimento\/","name":"","description":"","publisher":{"@id":"https:\/\/renatodias.online\/movimento\/#\/schema\/person\/bbab28833b1725a20f4083f49f1fb2a9"},"potentialAction":[{"@type":"SearchAction","target":{"@type":"EntryPoint","urlTemplate":"https:\/\/renatodias.online\/movimento\/?s={search_term_string}"},"query-input":{"@type":"PropertyValueSpecification","valueRequired":true,"valueName":"search_term_string"}}],"inLanguage":"pt-BR"},{"@type":["Person","Organization"],"@id":"https:\/\/renatodias.online\/movimento\/#\/schema\/person\/bbab28833b1725a20f4083f49f1fb2a9","name":"Renato Dias","image":{"@type":"ImageObject","inLanguage":"pt-BR","@id":"https:\/\/renatodias.online\/movimento\/wp-content\/uploads\/2023\/03\/cropped-cropped-cropped-logofinal.jpeg","url":"https:\/\/renatodias.online\/movimento\/wp-content\/uploads\/2023\/03\/cropped-cropped-cropped-logofinal.jpeg","contentUrl":"https:\/\/renatodias.online\/movimento\/wp-content\/uploads\/2023\/03\/cropped-cropped-cropped-logofinal.jpeg","width":1280,"height":219,"caption":"Renato Dias"},"logo":{"@id":"https:\/\/renatodias.online\/movimento\/wp-content\/uploads\/2023\/03\/cropped-cropped-cropped-logofinal.jpeg"},"description":"Renato Dias, 58 anos, \u00e9 graduado em Jornalismo, formado em Ci\u00eancias Sociais, com p\u00f3s-gradua\u00e7\u00e3o em Pol\u00edticas P\u00fablicas, mestre em Direito e Rela\u00e7\u00f5es Internacionais, ex-aluno extraordin\u00e1rio do Doutorado em Psicologia Social, ex-estudante do Curso de Psican\u00e1lise do Centro de Estudos Psicanal\u00edticos do Estado de Goi\u00e1s, ministrado pelo m\u00e9dico psiquiatra e psicanalista Daniel Em\u00eddio de Souza. \u00c9 autor de 30 livros-reportagem, oito document\u00e1rios, ganhou 30 pr\u00eamios e \u00e9 torcedor apaixonado do maior do Centro-Oeste, o Vila Nova Futebol Clube. Casado com Meirilane Dias, \u00e9 pai de Juliana Dias, jornalista; Daniel Dias, economista; e Maria Rosa Dias, estudante antifascista, socialista e trotskista.\u00a0Com tr\u00eas pets: Porquinho [Bull Dog Franc\u00eas], Dalila [Basset Hound] e Geleia [Basset Hound]. Al\u00e9m do eterno gato Tutuquinho, que virou estrela.","sameAs":["https:\/\/www.facebook.com\/renato.dias.37","#breve","https:\/\/renatodias.tumblr.com\/"],"url":"https:\/\/renatodias.online\/movimento\/author\/renatodias\/"}]}},"_links":{"self":[{"href":"https:\/\/renatodias.online\/movimento\/wp-json\/wp\/v2\/posts\/7361","targetHints":{"allow":["GET"]}}],"collection":[{"href":"https:\/\/renatodias.online\/movimento\/wp-json\/wp\/v2\/posts"}],"about":[{"href":"https:\/\/renatodias.online\/movimento\/wp-json\/wp\/v2\/types\/post"}],"author":[{"embeddable":true,"href":"https:\/\/renatodias.online\/movimento\/wp-json\/wp\/v2\/users\/2"}],"replies":[{"embeddable":true,"href":"https:\/\/renatodias.online\/movimento\/wp-json\/wp\/v2\/comments?post=7361"}],"version-history":[{"count":2,"href":"https:\/\/renatodias.online\/movimento\/wp-json\/wp\/v2\/posts\/7361\/revisions"}],"predecessor-version":[{"id":7365,"href":"https:\/\/renatodias.online\/movimento\/wp-json\/wp\/v2\/posts\/7361\/revisions\/7365"}],"wp:featuredmedia":[{"embeddable":true,"href":"https:\/\/renatodias.online\/movimento\/wp-json\/wp\/v2\/media\/7218"}],"wp:attachment":[{"href":"https:\/\/renatodias.online\/movimento\/wp-json\/wp\/v2\/media?parent=7361"}],"wp:term":[{"taxonomy":"category","embeddable":true,"href":"https:\/\/renatodias.online\/movimento\/wp-json\/wp\/v2\/categories?post=7361"},{"taxonomy":"post_tag","embeddable":true,"href":"https:\/\/renatodias.online\/movimento\/wp-json\/wp\/v2\/tags?post=7361"}],"curies":[{"name":"wp","href":"https:\/\/api.w.org\/{rel}","templated":true}]}}