{"id":7220,"date":"2021-06-17T11:04:15","date_gmt":"2021-06-17T14:04:15","guid":{"rendered":"https:\/\/renatodias.online\/movimento\/?p=7220"},"modified":"2021-06-17T11:19:34","modified_gmt":"2021-06-17T14:19:34","slug":"cpi-e-frente-democratica-contra-bolsonaro","status":"publish","type":"post","link":"https:\/\/renatodias.online\/movimento\/2021\/06\/17\/cpi-e-frente-democratica-contra-bolsonaro\/","title":{"rendered":"CPI e Frente Democr\u00e1tica contra Bolsonaro"},"content":{"rendered":"<p><img loading=\"lazy\" decoding=\"async\" class=\"size-full wp-image-5267 aligncenter\" src=\"https:\/\/renatodias.online\/movimento\/wp-content\/uploads\/2021\/02\/WhatsApp-Image-2021-02-25-at-21.24.17.jpeg\" alt=\"\" width=\"650\" height=\"350\" \/><\/p>\n<h2 style=\"text-align: center;\"><span style=\"color: #ff0000;\"><strong>CPI e Frente Democr\u00e1tica contra Bolsonaro<\/strong><\/span><\/h2>\n<p><strong>Aldo Fornazieri<\/strong><\/p>\n<p>A CPI da Covid deu vida a uma oposi\u00e7\u00e3o efetiva contra Bolsonaro. O que exista antes da CPI era tentativas desordenadas, dispersas e em sem rumos de oposi\u00e7\u00e3o. Com a CPI, pela primeira vez, Bolsonaro, desde o in\u00edcio de seu governo, entrou numa situa\u00e7\u00e3o de defensiva pol\u00edtica. O que a CPI fez foi amplificar para a sociedade toda aquilo que apenas alguns nichos da opini\u00e3o p\u00fablica sabiam a respeito da atua\u00e7\u00e3o criminosa do governo em rela\u00e7\u00e3o \u00e0 pandemia. O que a CPI evidenciou \u00e9 que n\u00e3o se tratam apenas de erros ou omiss\u00f5es.<\/p>\n<figure id=\"attachment_6451\" aria-describedby=\"caption-attachment-6451\" style=\"width: 768px\" class=\"wp-caption aligncenter\"><img loading=\"lazy\" decoding=\"async\" class=\"size-full wp-image-6451\" src=\"https:\/\/renatodias.online\/movimento\/wp-content\/uploads\/2021\/05\/Coronavirus.jpg\" alt=\"\" width=\"768\" height=\"410\" srcset=\"https:\/\/renatodias.online\/movimento\/wp-content\/uploads\/2021\/05\/Coronavirus.jpg 768w, https:\/\/renatodias.online\/movimento\/wp-content\/uploads\/2021\/05\/Coronavirus-300x160.jpg 300w, https:\/\/renatodias.online\/movimento\/wp-content\/uploads\/2021\/05\/Coronavirus-750x400.jpg 750w\" sizes=\"auto, (max-width: 768px) 100vw, 768px\" \/><figcaption id=\"caption-attachment-6451\" class=\"wp-caption-text\"><strong>Coronav\u00edrus<\/strong><\/figcaption><\/figure>\n<p>O que se trata \u00e9 que o governo agiu deliberadamente contra a sa\u00fade da popula\u00e7\u00e3o ao n\u00e3o comprar vacinas no tempo certo, ao promover uma pol\u00edtica de cont\u00e1gio, ao difundir de forma consciente o uso de rem\u00e9dios que sabidamente n\u00e3o t\u00eam efeito no enfrentamento do v\u00edrus e ao sabotar uma s\u00e9rie de outras medidas que poderiam atenuar os efeitos da pandemia e ter evitado mortes. Al\u00e9m de dar visibilidade, a CPI est\u00e1 dando coer\u00eancia e consist\u00eancia aos fatos e est\u00e1 reconstruindo a cronologia das a\u00e7\u00f5es criminosas do governo. Se j\u00e1 existia uma indigna\u00e7\u00e3o contra o governo, a CPI a fomenta ainda mais. Esta indigna\u00e7\u00e3o vem se transformando em movimento com os crescentes panela\u00e7os e, principalmente, com os atos de 29 de maio, convocados pelos movimentos populares. Parece haver uma rela\u00e7\u00e3o entre as a\u00e7\u00f5es da CPI e a pot\u00eancia que os atos adquiriram.<\/p>\n<p>Que Bolsonaro vem cometendo uma sucess\u00e3o de crimes de responsabilidade, n\u00e3o resta d\u00favidas. Que h\u00e1 motivos de sobra para abrir um processo de impeachment, tamb\u00e9m n\u00e3o resta d\u00favida. Mas o impeachment enfrenta alguns problemas: 1) \u00e9 preciso que os partidos, principalmente de esquerda, se decidam efetivamente em apostar no cominho do impedimento; 2) para isso, \u00e9 preciso incrementar uma intensidade e uma amplitude maiores \u00e0s mobiliza\u00e7\u00f5es, com o engajamento dos sindicatos e dos partidos na organiza\u00e7\u00e3o e convoca\u00e7\u00e3o das manifesta\u00e7\u00f5es; 3) \u00e9 preciso construir uma frente democr\u00e1tica com setores que n\u00e3o s\u00e3o de esquerda para que possam ser abrigados e acolhidos nas mobiliza\u00e7\u00f5es e manifesta\u00e7\u00f5es contra o governo. Neste momento, os partidos precisam dar mais aten\u00e7\u00e3o \u00e0 defesa da democracia, sabendo separar este processo da constru\u00e7\u00e3o da agenda das elei\u00e7\u00f5es de 2022. O fato \u00e9 que existe uma quest\u00e3o democr\u00e1tica no Brasil posta pela vontade golpista de Bolsonaro e do bolsonarismo. Bolsonaro s\u00f3 n\u00e3o deu um golpe porque n\u00e3o tem for\u00e7a para tanto, mas age para construir esta possibilidade.<\/p>\n<figure id=\"attachment_5834\" aria-describedby=\"caption-attachment-5834\" style=\"width: 1000px\" class=\"wp-caption alignnone\"><img loading=\"lazy\" decoding=\"async\" class=\"size-full wp-image-5834\" src=\"https:\/\/renatodias.online\/movimento\/wp-content\/uploads\/2021\/04\/presidentejairbolsonaro3-1.jpg\" alt=\"\" width=\"1000\" height=\"666\" srcset=\"https:\/\/renatodias.online\/movimento\/wp-content\/uploads\/2021\/04\/presidentejairbolsonaro3-1.jpg 1000w, https:\/\/renatodias.online\/movimento\/wp-content\/uploads\/2021\/04\/presidentejairbolsonaro3-1-300x200.jpg 300w, https:\/\/renatodias.online\/movimento\/wp-content\/uploads\/2021\/04\/presidentejairbolsonaro3-1-768x511.jpg 768w, https:\/\/renatodias.online\/movimento\/wp-content\/uploads\/2021\/04\/presidentejairbolsonaro3-1-360x240.jpg 360w, https:\/\/renatodias.online\/movimento\/wp-content\/uploads\/2021\/04\/presidentejairbolsonaro3-1-750x500.jpg 750w\" sizes=\"auto, (max-width: 1000px) 100vw, 1000px\" \/><figcaption id=\"caption-attachment-5834\" class=\"wp-caption-text\"><strong>Jair Bolsonaro<\/strong><\/figcaption><\/figure>\n<p>Quanto mais na defensiva Bolsonaro ficar, mais apostar\u00e1 na radicaliza\u00e7\u00e3o. Como n\u00e3o tem apoio da c\u00fapula das For\u00e7as Armadas para dar o golpe, aposta na divis\u00e3o dos militares, principalmente do ex\u00e9rcito. A demiss\u00e3o dos comandantes e a prote\u00e7\u00e3o a Pazuello t\u00eam esse claro objetivo divisionista. Mas \u00e9 equivocada a an\u00e1lise de determinados setores, segundo a qual a n\u00e3o puni\u00e7\u00e3o de Pazuello significa uma ades\u00e3o do alto comando do ex\u00e9rcito \u00e0 agenda golpista de Bolsonaro. Al\u00e9m da divis\u00e3o dos militares, Bolsonaro aposta em bols\u00f5es das pol\u00edcias militares, nos milicianos, nas mil\u00edcias ruralistas e em outros grupos criminosos para tentar o golpe. Se esta tentativa de golpe vier, o mais prov\u00e1vel \u00e9 que venha no bojo ou de um eventual processo de impeachment ou no contexto de uma derrota eleitoral.<\/p>\n<p>Na medida em que existe uma quest\u00e3o democr\u00e1tica, as for\u00e7as democr\u00e1ticas precisam se unir em torno de dois movimentos: o da CPI, onde parece j\u00e1 haver uma unidade, e o das mobiliza\u00e7\u00f5es, onde ainda n\u00e3o h\u00e1 uma unidade e nem mesmo um engajamento total das for\u00e7as de esquerda e dos movimentos sociais. O movimento sindical, por exemplo, sequer chamou os atos do dia 29. \u00c9 a unidade em torno desses dois processos que poder\u00e1 conduzir ao impeachment. Na hip\u00f3tese de n\u00e3o se conseguir construir as condi\u00e7\u00f5es suficientes para o impeachment, certamente surgir\u00e3o v\u00e1rias candidaturas presidenciais para 2022. A responsabilidade primeira dessas candidaturas consiste em construir um acordo de procedimentos e um compromisso de apoio m\u00fatuo contra Bolsonaro se ele conseguir passar para o segundo turno.<\/p>\n<p>Em 2018, as esquerdas tinham consci\u00eancia dos riscos que representava Bolsonaro. Certamente, a maioria dos eleitores de esquerda votaria em um candidato de centro-esquerda ou de centro se Haddad n\u00e3o tivesse ido para o segundo turno. Mas esta consci\u00eancia esteve ausente em setores de centro-esquerda, a exemplo de Ciro Gomes, ou em setores de centro e centro-direita que se abstiveram ou apoiaram Bolsonaro. O povo brasileiro paga um pre\u00e7o doloroso e tr\u00e1gico por este equ\u00edvoco, que n\u00e3o \u00e9 s\u00f3 um equ\u00edvoco, mas uma falta de compromisso com a democracia.<\/p>\n<p>A constru\u00e7\u00e3o da Frente Democr\u00e1tica contra Bolsonaro precisa se estruturar a partir de uma plataforma concisa e centrada. Al\u00e9m do \u201cFora Bolsonaro\u201d e de \u201cVacina para todos\u201d, \u00e9 preciso incorporar o tema da infla\u00e7\u00e3o e da perda de renda e do desemprego e da fome. A infla\u00e7\u00e3o de alimentos e da perda de renda \u00e9 o problema que atinge o maior n\u00famero de brasileiros hoje. O tema vem merecendo pouca aten\u00e7\u00e3o das esquerdas e dos movimentos sociais. Trata-se de um tema que pode aplicar e aprofundar o desgaste do governo Bolsonaro, pois ele se prolongar\u00e1 para al\u00e9m da falta de vacinas e persistir\u00e1 em 2022. Da mesma forma, o tema do desemprego n\u00e3o ser\u00e1 superado, mesmo que ocorra uma retomada do crescimento econ\u00f4mico.<\/p>\n<figure id=\"attachment_5444\" aria-describedby=\"caption-attachment-5444\" style=\"width: 591px\" class=\"wp-caption aligncenter\"><img loading=\"lazy\" decoding=\"async\" class=\"size-full wp-image-5444\" src=\"https:\/\/renatodias.online\/movimento\/wp-content\/uploads\/2021\/03\/Caricatura-de-FHC-e-Lula.jpg\" alt=\"Fernando Henrique Cardoso e Luiz In\u00e1cio Lula da Silva - caricatura\" width=\"591\" height=\"392\" srcset=\"https:\/\/renatodias.online\/movimento\/wp-content\/uploads\/2021\/03\/Caricatura-de-FHC-e-Lula.jpg 591w, https:\/\/renatodias.online\/movimento\/wp-content\/uploads\/2021\/03\/Caricatura-de-FHC-e-Lula-300x199.jpg 300w, https:\/\/renatodias.online\/movimento\/wp-content\/uploads\/2021\/03\/Caricatura-de-FHC-e-Lula-360x240.jpg 360w\" sizes=\"auto, (max-width: 591px) 100vw, 591px\" \/><figcaption id=\"caption-attachment-5444\" class=\"wp-caption-text\"><strong>Fernando Henrique Cardoso e Luiz In\u00e1cio Lula da Silva &#8211; caricatura<\/strong><\/figcaption><\/figure>\n<p>As for\u00e7as democr\u00e1ticas e de esquerda precisam tamb\u00e9m mudar de atitude na abordagem de uma poss\u00edvel tentativa de golpe de Bolsonaro. Os tons que alguns analistas e pol\u00edticos usam s\u00e3o invariavelmente de temor, quase que de covardia. A maneira correta de enfrentar este problema consiste em afirmar que qualquer tentativa de golpe ser\u00e1 derrotada. \u00c9 preciso deixar claro que os golpistas n\u00e3o ser\u00e3o perdoados e nem anistiados desta vez. As insinua\u00e7\u00f5es golpistas de Bolsonaro visam exatamente criar medo e defensivismo pol\u00edtico nas oposi\u00e7\u00f5es. As for\u00e7as democr\u00e1ticas e de esquerda precisam gerar um movimento contr\u00e1rio, desencorajando o golpe pela resist\u00eancia do povo e pela aplica\u00e7\u00e3o da lei e puni\u00e7\u00e3o dos golpistas, com julgamentos e pris\u00f5es.<\/p>\n<p><strong>Aldo Fornazieri \u2013 Professor da Escola de Sociologia e Pol\u00edtica (Fespsp).<\/strong><\/p>\n<p>&nbsp;<\/p>\n","protected":false},"excerpt":{"rendered":"<p>CPI e Frente Democr\u00e1tica contra Bolsonaro Aldo Fornazieri A CPI da Covid deu vida a uma oposi\u00e7\u00e3o efetiva contra Bolsonaro. O que exista antes da CPI era tentativas desordenadas, dispersas e em sem rumos de oposi\u00e7\u00e3o. Com a CPI, pela primeira vez, Bolsonaro, desde o in\u00edcio de seu governo, entrou numa situa\u00e7\u00e3o de defensiva pol\u00edtica.<\/p>\n","protected":false},"author":2,"featured_media":7221,"comment_status":"open","ping_status":"open","sticky":false,"template":"","format":"standard","meta":{"_acf_changed":false,"_monsterinsights_skip_tracking":false,"_monsterinsights_sitenote_active":false,"_monsterinsights_sitenote_note":"","_monsterinsights_sitenote_category":0,"footnotes":""},"categories":[4],"tags":[],"class_list":["post-7220","post","type-post","status-publish","format-standard","has-post-thumbnail","hentry","category-politica"],"acf":[],"yoast_head":"<!-- This site is optimized with the Yoast SEO plugin v27.4 - https:\/\/yoast.com\/product\/yoast-seo-wordpress\/ -->\n<title>CPI e Frente Democr\u00e1tica contra Bolsonaro -<\/title>\n<meta name=\"robots\" content=\"index, follow, max-snippet:-1, max-image-preview:large, max-video-preview:-1\" \/>\n<link rel=\"canonical\" href=\"https:\/\/renatodias.online\/movimento\/2021\/06\/17\/cpi-e-frente-democratica-contra-bolsonaro\/\" \/>\n<meta property=\"og:locale\" content=\"pt_BR\" \/>\n<meta property=\"og:type\" content=\"article\" \/>\n<meta property=\"og:title\" content=\"CPI e Frente Democr\u00e1tica contra Bolsonaro -\" \/>\n<meta property=\"og:description\" content=\"CPI e Frente Democr\u00e1tica contra Bolsonaro Aldo Fornazieri A CPI da Covid deu vida a uma oposi\u00e7\u00e3o efetiva contra Bolsonaro. O que exista antes da CPI era tentativas desordenadas, dispersas e em sem rumos de oposi\u00e7\u00e3o. Com a CPI, pela primeira vez, Bolsonaro, desde o in\u00edcio de seu governo, entrou numa situa\u00e7\u00e3o de defensiva pol\u00edtica.\" \/>\n<meta property=\"og:url\" content=\"https:\/\/renatodias.online\/movimento\/2021\/06\/17\/cpi-e-frente-democratica-contra-bolsonaro\/\" \/>\n<meta property=\"article:publisher\" content=\"https:\/\/www.facebook.com\/renato.dias.37\" \/>\n<meta property=\"article:author\" content=\"https:\/\/www.facebook.com\/renato.dias.37\" \/>\n<meta property=\"article:published_time\" content=\"2021-06-17T14:04:15+00:00\" \/>\n<meta property=\"article:modified_time\" content=\"2021-06-17T14:19:34+00:00\" \/>\n<meta property=\"og:image\" content=\"https:\/\/renatodias.online\/movimento\/wp-content\/uploads\/2021\/06\/Aldo-Fornaziere-Link.jpg\" \/>\n\t<meta property=\"og:image:width\" content=\"275\" \/>\n\t<meta property=\"og:image:height\" content=\"183\" \/>\n\t<meta property=\"og:image:type\" content=\"image\/jpeg\" \/>\n<meta name=\"author\" content=\"Renato Dias\" \/>\n<meta name=\"twitter:card\" content=\"summary_large_image\" \/>\n<meta name=\"twitter:creator\" content=\"@RenatoDiasBat\" \/>\n<meta name=\"twitter:site\" content=\"@RenatoDiasBat\" \/>\n<meta name=\"twitter:label1\" content=\"Escrito por\" \/>\n\t<meta name=\"twitter:data1\" content=\"Renato Dias\" \/>\n\t<meta name=\"twitter:label2\" content=\"Est. tempo de leitura\" \/>\n\t<meta name=\"twitter:data2\" content=\"6 minutos\" \/>\n<script type=\"application\/ld+json\" class=\"yoast-schema-graph\">{\"@context\":\"https:\\\/\\\/schema.org\",\"@graph\":[{\"@type\":\"Article\",\"@id\":\"https:\\\/\\\/renatodias.online\\\/movimento\\\/2021\\\/06\\\/17\\\/cpi-e-frente-democratica-contra-bolsonaro\\\/#article\",\"isPartOf\":{\"@id\":\"https:\\\/\\\/renatodias.online\\\/movimento\\\/2021\\\/06\\\/17\\\/cpi-e-frente-democratica-contra-bolsonaro\\\/\"},\"author\":{\"name\":\"Renato Dias\",\"@id\":\"https:\\\/\\\/renatodias.online\\\/movimento\\\/#\\\/schema\\\/person\\\/bbab28833b1725a20f4083f49f1fb2a9\"},\"headline\":\"CPI e Frente Democr\u00e1tica contra Bolsonaro\",\"datePublished\":\"2021-06-17T14:04:15+00:00\",\"dateModified\":\"2021-06-17T14:19:34+00:00\",\"mainEntityOfPage\":{\"@id\":\"https:\\\/\\\/renatodias.online\\\/movimento\\\/2021\\\/06\\\/17\\\/cpi-e-frente-democratica-contra-bolsonaro\\\/\"},\"wordCount\":1146,\"commentCount\":0,\"publisher\":{\"@id\":\"https:\\\/\\\/renatodias.online\\\/movimento\\\/#\\\/schema\\\/person\\\/bbab28833b1725a20f4083f49f1fb2a9\"},\"image\":{\"@id\":\"https:\\\/\\\/renatodias.online\\\/movimento\\\/2021\\\/06\\\/17\\\/cpi-e-frente-democratica-contra-bolsonaro\\\/#primaryimage\"},\"thumbnailUrl\":\"https:\\\/\\\/renatodias.online\\\/movimento\\\/wp-content\\\/uploads\\\/2021\\\/06\\\/Aldo-Fornaziere-Link.jpg\",\"articleSection\":[\"Pol\u00edtica\"],\"inLanguage\":\"pt-BR\",\"potentialAction\":[{\"@type\":\"CommentAction\",\"name\":\"Comment\",\"target\":[\"https:\\\/\\\/renatodias.online\\\/movimento\\\/2021\\\/06\\\/17\\\/cpi-e-frente-democratica-contra-bolsonaro\\\/#respond\"]}]},{\"@type\":\"WebPage\",\"@id\":\"https:\\\/\\\/renatodias.online\\\/movimento\\\/2021\\\/06\\\/17\\\/cpi-e-frente-democratica-contra-bolsonaro\\\/\",\"url\":\"https:\\\/\\\/renatodias.online\\\/movimento\\\/2021\\\/06\\\/17\\\/cpi-e-frente-democratica-contra-bolsonaro\\\/\",\"name\":\"CPI e Frente Democr\u00e1tica contra Bolsonaro -\",\"isPartOf\":{\"@id\":\"https:\\\/\\\/renatodias.online\\\/movimento\\\/#website\"},\"primaryImageOfPage\":{\"@id\":\"https:\\\/\\\/renatodias.online\\\/movimento\\\/2021\\\/06\\\/17\\\/cpi-e-frente-democratica-contra-bolsonaro\\\/#primaryimage\"},\"image\":{\"@id\":\"https:\\\/\\\/renatodias.online\\\/movimento\\\/2021\\\/06\\\/17\\\/cpi-e-frente-democratica-contra-bolsonaro\\\/#primaryimage\"},\"thumbnailUrl\":\"https:\\\/\\\/renatodias.online\\\/movimento\\\/wp-content\\\/uploads\\\/2021\\\/06\\\/Aldo-Fornaziere-Link.jpg\",\"datePublished\":\"2021-06-17T14:04:15+00:00\",\"dateModified\":\"2021-06-17T14:19:34+00:00\",\"breadcrumb\":{\"@id\":\"https:\\\/\\\/renatodias.online\\\/movimento\\\/2021\\\/06\\\/17\\\/cpi-e-frente-democratica-contra-bolsonaro\\\/#breadcrumb\"},\"inLanguage\":\"pt-BR\",\"potentialAction\":[{\"@type\":\"ReadAction\",\"target\":[\"https:\\\/\\\/renatodias.online\\\/movimento\\\/2021\\\/06\\\/17\\\/cpi-e-frente-democratica-contra-bolsonaro\\\/\"]}]},{\"@type\":\"ImageObject\",\"inLanguage\":\"pt-BR\",\"@id\":\"https:\\\/\\\/renatodias.online\\\/movimento\\\/2021\\\/06\\\/17\\\/cpi-e-frente-democratica-contra-bolsonaro\\\/#primaryimage\",\"url\":\"https:\\\/\\\/renatodias.online\\\/movimento\\\/wp-content\\\/uploads\\\/2021\\\/06\\\/Aldo-Fornaziere-Link.jpg\",\"contentUrl\":\"https:\\\/\\\/renatodias.online\\\/movimento\\\/wp-content\\\/uploads\\\/2021\\\/06\\\/Aldo-Fornaziere-Link.jpg\",\"width\":275,\"height\":183},{\"@type\":\"BreadcrumbList\",\"@id\":\"https:\\\/\\\/renatodias.online\\\/movimento\\\/2021\\\/06\\\/17\\\/cpi-e-frente-democratica-contra-bolsonaro\\\/#breadcrumb\",\"itemListElement\":[{\"@type\":\"ListItem\",\"position\":1,\"name\":\"In\u00edcio\",\"item\":\"https:\\\/\\\/renatodias.online\\\/movimento\\\/\"},{\"@type\":\"ListItem\",\"position\":2,\"name\":\"CPI e Frente Democr\u00e1tica contra Bolsonaro\"}]},{\"@type\":\"WebSite\",\"@id\":\"https:\\\/\\\/renatodias.online\\\/movimento\\\/#website\",\"url\":\"https:\\\/\\\/renatodias.online\\\/movimento\\\/\",\"name\":\"\",\"description\":\"\",\"publisher\":{\"@id\":\"https:\\\/\\\/renatodias.online\\\/movimento\\\/#\\\/schema\\\/person\\\/bbab28833b1725a20f4083f49f1fb2a9\"},\"potentialAction\":[{\"@type\":\"SearchAction\",\"target\":{\"@type\":\"EntryPoint\",\"urlTemplate\":\"https:\\\/\\\/renatodias.online\\\/movimento\\\/?s={search_term_string}\"},\"query-input\":{\"@type\":\"PropertyValueSpecification\",\"valueRequired\":true,\"valueName\":\"search_term_string\"}}],\"inLanguage\":\"pt-BR\"},{\"@type\":[\"Person\",\"Organization\"],\"@id\":\"https:\\\/\\\/renatodias.online\\\/movimento\\\/#\\\/schema\\\/person\\\/bbab28833b1725a20f4083f49f1fb2a9\",\"name\":\"Renato Dias\",\"image\":{\"@type\":\"ImageObject\",\"inLanguage\":\"pt-BR\",\"@id\":\"https:\\\/\\\/renatodias.online\\\/movimento\\\/wp-content\\\/uploads\\\/2023\\\/03\\\/cropped-cropped-cropped-logofinal.jpeg\",\"url\":\"https:\\\/\\\/renatodias.online\\\/movimento\\\/wp-content\\\/uploads\\\/2023\\\/03\\\/cropped-cropped-cropped-logofinal.jpeg\",\"contentUrl\":\"https:\\\/\\\/renatodias.online\\\/movimento\\\/wp-content\\\/uploads\\\/2023\\\/03\\\/cropped-cropped-cropped-logofinal.jpeg\",\"width\":1280,\"height\":219,\"caption\":\"Renato Dias\"},\"logo\":{\"@id\":\"https:\\\/\\\/renatodias.online\\\/movimento\\\/wp-content\\\/uploads\\\/2023\\\/03\\\/cropped-cropped-cropped-logofinal.jpeg\"},\"description\":\"Renato Dias, 58 anos, \u00e9 graduado em Jornalismo, formado em Ci\u00eancias Sociais, com p\u00f3s-gradua\u00e7\u00e3o em Pol\u00edticas P\u00fablicas, mestre em Direito e Rela\u00e7\u00f5es Internacionais, ex-aluno extraordin\u00e1rio do Doutorado em Psicologia Social, ex-estudante do Curso de Psican\u00e1lise do Centro de Estudos Psicanal\u00edticos do Estado de Goi\u00e1s, ministrado pelo m\u00e9dico psiquiatra e psicanalista Daniel Em\u00eddio de Souza. \u00c9 autor de 30 livros-reportagem, oito document\u00e1rios, ganhou 30 pr\u00eamios e \u00e9 torcedor apaixonado do maior do Centro-Oeste, o Vila Nova Futebol Clube. Casado com Meirilane Dias, \u00e9 pai de Juliana Dias, jornalista; Daniel Dias, economista; e Maria Rosa Dias, estudante antifascista, socialista e trotskista.\u00a0Com tr\u00eas pets: Porquinho [Bull Dog Franc\u00eas], Dalila [Basset Hound] e Geleia [Basset Hound]. Al\u00e9m do eterno gato Tutuquinho, que virou estrela.\",\"sameAs\":[\"https:\\\/\\\/www.facebook.com\\\/renato.dias.37\",\"#breve\",\"https:\\\/\\\/renatodias.tumblr.com\\\/\"],\"url\":\"https:\\\/\\\/renatodias.online\\\/movimento\\\/author\\\/renatodias\\\/\"}]}<\/script>\n<!-- \/ Yoast SEO plugin. -->","yoast_head_json":{"title":"CPI e Frente Democr\u00e1tica contra Bolsonaro -","robots":{"index":"index","follow":"follow","max-snippet":"max-snippet:-1","max-image-preview":"max-image-preview:large","max-video-preview":"max-video-preview:-1"},"canonical":"https:\/\/renatodias.online\/movimento\/2021\/06\/17\/cpi-e-frente-democratica-contra-bolsonaro\/","og_locale":"pt_BR","og_type":"article","og_title":"CPI e Frente Democr\u00e1tica contra Bolsonaro -","og_description":"CPI e Frente Democr\u00e1tica contra Bolsonaro Aldo Fornazieri A CPI da Covid deu vida a uma oposi\u00e7\u00e3o efetiva contra Bolsonaro. O que exista antes da CPI era tentativas desordenadas, dispersas e em sem rumos de oposi\u00e7\u00e3o. Com a CPI, pela primeira vez, Bolsonaro, desde o in\u00edcio de seu governo, entrou numa situa\u00e7\u00e3o de defensiva pol\u00edtica.","og_url":"https:\/\/renatodias.online\/movimento\/2021\/06\/17\/cpi-e-frente-democratica-contra-bolsonaro\/","article_publisher":"https:\/\/www.facebook.com\/renato.dias.37","article_author":"https:\/\/www.facebook.com\/renato.dias.37","article_published_time":"2021-06-17T14:04:15+00:00","article_modified_time":"2021-06-17T14:19:34+00:00","og_image":[{"width":275,"height":183,"url":"https:\/\/renatodias.online\/movimento\/wp-content\/uploads\/2021\/06\/Aldo-Fornaziere-Link.jpg","type":"image\/jpeg"}],"author":"Renato Dias","twitter_card":"summary_large_image","twitter_creator":"@RenatoDiasBat","twitter_site":"@RenatoDiasBat","twitter_misc":{"Escrito por":"Renato Dias","Est. tempo de leitura":"6 minutos"},"schema":{"@context":"https:\/\/schema.org","@graph":[{"@type":"Article","@id":"https:\/\/renatodias.online\/movimento\/2021\/06\/17\/cpi-e-frente-democratica-contra-bolsonaro\/#article","isPartOf":{"@id":"https:\/\/renatodias.online\/movimento\/2021\/06\/17\/cpi-e-frente-democratica-contra-bolsonaro\/"},"author":{"name":"Renato Dias","@id":"https:\/\/renatodias.online\/movimento\/#\/schema\/person\/bbab28833b1725a20f4083f49f1fb2a9"},"headline":"CPI e Frente Democr\u00e1tica contra Bolsonaro","datePublished":"2021-06-17T14:04:15+00:00","dateModified":"2021-06-17T14:19:34+00:00","mainEntityOfPage":{"@id":"https:\/\/renatodias.online\/movimento\/2021\/06\/17\/cpi-e-frente-democratica-contra-bolsonaro\/"},"wordCount":1146,"commentCount":0,"publisher":{"@id":"https:\/\/renatodias.online\/movimento\/#\/schema\/person\/bbab28833b1725a20f4083f49f1fb2a9"},"image":{"@id":"https:\/\/renatodias.online\/movimento\/2021\/06\/17\/cpi-e-frente-democratica-contra-bolsonaro\/#primaryimage"},"thumbnailUrl":"https:\/\/renatodias.online\/movimento\/wp-content\/uploads\/2021\/06\/Aldo-Fornaziere-Link.jpg","articleSection":["Pol\u00edtica"],"inLanguage":"pt-BR","potentialAction":[{"@type":"CommentAction","name":"Comment","target":["https:\/\/renatodias.online\/movimento\/2021\/06\/17\/cpi-e-frente-democratica-contra-bolsonaro\/#respond"]}]},{"@type":"WebPage","@id":"https:\/\/renatodias.online\/movimento\/2021\/06\/17\/cpi-e-frente-democratica-contra-bolsonaro\/","url":"https:\/\/renatodias.online\/movimento\/2021\/06\/17\/cpi-e-frente-democratica-contra-bolsonaro\/","name":"CPI e Frente Democr\u00e1tica contra Bolsonaro -","isPartOf":{"@id":"https:\/\/renatodias.online\/movimento\/#website"},"primaryImageOfPage":{"@id":"https:\/\/renatodias.online\/movimento\/2021\/06\/17\/cpi-e-frente-democratica-contra-bolsonaro\/#primaryimage"},"image":{"@id":"https:\/\/renatodias.online\/movimento\/2021\/06\/17\/cpi-e-frente-democratica-contra-bolsonaro\/#primaryimage"},"thumbnailUrl":"https:\/\/renatodias.online\/movimento\/wp-content\/uploads\/2021\/06\/Aldo-Fornaziere-Link.jpg","datePublished":"2021-06-17T14:04:15+00:00","dateModified":"2021-06-17T14:19:34+00:00","breadcrumb":{"@id":"https:\/\/renatodias.online\/movimento\/2021\/06\/17\/cpi-e-frente-democratica-contra-bolsonaro\/#breadcrumb"},"inLanguage":"pt-BR","potentialAction":[{"@type":"ReadAction","target":["https:\/\/renatodias.online\/movimento\/2021\/06\/17\/cpi-e-frente-democratica-contra-bolsonaro\/"]}]},{"@type":"ImageObject","inLanguage":"pt-BR","@id":"https:\/\/renatodias.online\/movimento\/2021\/06\/17\/cpi-e-frente-democratica-contra-bolsonaro\/#primaryimage","url":"https:\/\/renatodias.online\/movimento\/wp-content\/uploads\/2021\/06\/Aldo-Fornaziere-Link.jpg","contentUrl":"https:\/\/renatodias.online\/movimento\/wp-content\/uploads\/2021\/06\/Aldo-Fornaziere-Link.jpg","width":275,"height":183},{"@type":"BreadcrumbList","@id":"https:\/\/renatodias.online\/movimento\/2021\/06\/17\/cpi-e-frente-democratica-contra-bolsonaro\/#breadcrumb","itemListElement":[{"@type":"ListItem","position":1,"name":"In\u00edcio","item":"https:\/\/renatodias.online\/movimento\/"},{"@type":"ListItem","position":2,"name":"CPI e Frente Democr\u00e1tica contra Bolsonaro"}]},{"@type":"WebSite","@id":"https:\/\/renatodias.online\/movimento\/#website","url":"https:\/\/renatodias.online\/movimento\/","name":"","description":"","publisher":{"@id":"https:\/\/renatodias.online\/movimento\/#\/schema\/person\/bbab28833b1725a20f4083f49f1fb2a9"},"potentialAction":[{"@type":"SearchAction","target":{"@type":"EntryPoint","urlTemplate":"https:\/\/renatodias.online\/movimento\/?s={search_term_string}"},"query-input":{"@type":"PropertyValueSpecification","valueRequired":true,"valueName":"search_term_string"}}],"inLanguage":"pt-BR"},{"@type":["Person","Organization"],"@id":"https:\/\/renatodias.online\/movimento\/#\/schema\/person\/bbab28833b1725a20f4083f49f1fb2a9","name":"Renato Dias","image":{"@type":"ImageObject","inLanguage":"pt-BR","@id":"https:\/\/renatodias.online\/movimento\/wp-content\/uploads\/2023\/03\/cropped-cropped-cropped-logofinal.jpeg","url":"https:\/\/renatodias.online\/movimento\/wp-content\/uploads\/2023\/03\/cropped-cropped-cropped-logofinal.jpeg","contentUrl":"https:\/\/renatodias.online\/movimento\/wp-content\/uploads\/2023\/03\/cropped-cropped-cropped-logofinal.jpeg","width":1280,"height":219,"caption":"Renato Dias"},"logo":{"@id":"https:\/\/renatodias.online\/movimento\/wp-content\/uploads\/2023\/03\/cropped-cropped-cropped-logofinal.jpeg"},"description":"Renato Dias, 58 anos, \u00e9 graduado em Jornalismo, formado em Ci\u00eancias Sociais, com p\u00f3s-gradua\u00e7\u00e3o em Pol\u00edticas P\u00fablicas, mestre em Direito e Rela\u00e7\u00f5es Internacionais, ex-aluno extraordin\u00e1rio do Doutorado em Psicologia Social, ex-estudante do Curso de Psican\u00e1lise do Centro de Estudos Psicanal\u00edticos do Estado de Goi\u00e1s, ministrado pelo m\u00e9dico psiquiatra e psicanalista Daniel Em\u00eddio de Souza. \u00c9 autor de 30 livros-reportagem, oito document\u00e1rios, ganhou 30 pr\u00eamios e \u00e9 torcedor apaixonado do maior do Centro-Oeste, o Vila Nova Futebol Clube. Casado com Meirilane Dias, \u00e9 pai de Juliana Dias, jornalista; Daniel Dias, economista; e Maria Rosa Dias, estudante antifascista, socialista e trotskista.\u00a0Com tr\u00eas pets: Porquinho [Bull Dog Franc\u00eas], Dalila [Basset Hound] e Geleia [Basset Hound]. Al\u00e9m do eterno gato Tutuquinho, que virou estrela.","sameAs":["https:\/\/www.facebook.com\/renato.dias.37","#breve","https:\/\/renatodias.tumblr.com\/"],"url":"https:\/\/renatodias.online\/movimento\/author\/renatodias\/"}]}},"_links":{"self":[{"href":"https:\/\/renatodias.online\/movimento\/wp-json\/wp\/v2\/posts\/7220","targetHints":{"allow":["GET"]}}],"collection":[{"href":"https:\/\/renatodias.online\/movimento\/wp-json\/wp\/v2\/posts"}],"about":[{"href":"https:\/\/renatodias.online\/movimento\/wp-json\/wp\/v2\/types\/post"}],"author":[{"embeddable":true,"href":"https:\/\/renatodias.online\/movimento\/wp-json\/wp\/v2\/users\/2"}],"replies":[{"embeddable":true,"href":"https:\/\/renatodias.online\/movimento\/wp-json\/wp\/v2\/comments?post=7220"}],"version-history":[{"count":2,"href":"https:\/\/renatodias.online\/movimento\/wp-json\/wp\/v2\/posts\/7220\/revisions"}],"predecessor-version":[{"id":7236,"href":"https:\/\/renatodias.online\/movimento\/wp-json\/wp\/v2\/posts\/7220\/revisions\/7236"}],"wp:featuredmedia":[{"embeddable":true,"href":"https:\/\/renatodias.online\/movimento\/wp-json\/wp\/v2\/media\/7221"}],"wp:attachment":[{"href":"https:\/\/renatodias.online\/movimento\/wp-json\/wp\/v2\/media?parent=7220"}],"wp:term":[{"taxonomy":"category","embeddable":true,"href":"https:\/\/renatodias.online\/movimento\/wp-json\/wp\/v2\/categories?post=7220"},{"taxonomy":"post_tag","embeddable":true,"href":"https:\/\/renatodias.online\/movimento\/wp-json\/wp\/v2\/tags?post=7220"}],"curies":[{"name":"wp","href":"https:\/\/api.w.org\/{rel}","templated":true}]}}