{"id":7197,"date":"2021-06-15T23:17:26","date_gmt":"2021-06-16T02:17:26","guid":{"rendered":"https:\/\/renatodias.online\/movimento\/?p=7197"},"modified":"2021-06-15T23:17:26","modified_gmt":"2021-06-16T02:17:26","slug":"autoritarismo-e-democracia-em-pauta","status":"publish","type":"post","link":"https:\/\/renatodias.online\/movimento\/2021\/06\/15\/autoritarismo-e-democracia-em-pauta\/","title":{"rendered":"Autoritarismo e democracia em pauta"},"content":{"rendered":"<figure id=\"attachment_5267\" aria-describedby=\"caption-attachment-5267\" style=\"width: 650px\" class=\"wp-caption aligncenter\"><img loading=\"lazy\" decoding=\"async\" class=\"size-full wp-image-5267\" src=\"https:\/\/renatodias.online\/movimento\/wp-content\/uploads\/2021\/02\/WhatsApp-Image-2021-02-25-at-21.24.17.jpeg\" alt=\"\" width=\"650\" height=\"350\" \/><figcaption id=\"caption-attachment-5267\" class=\"wp-caption-text\">Explosivo<\/figcaption><\/figure>\n<h1 style=\"text-align: center;\"><span style=\"color: #ff0000;\"><strong>Autoritarismo e democracia em pauta<\/strong><\/span><\/h1>\n<h1><span style=\"color: #800080;\"><strong>S\u00e9culo 21<\/strong><\/span><\/h1>\n<p><img loading=\"lazy\" decoding=\"async\" class=\"alignnone size-full wp-image-7199\" src=\"https:\/\/renatodias.online\/movimento\/wp-content\/uploads\/2021\/06\/Cartaz-da-ANS.jpg\" alt=\"\" width=\"1279\" height=\"1280\" srcset=\"https:\/\/renatodias.online\/movimento\/wp-content\/uploads\/2021\/06\/Cartaz-da-ANS.jpg 1279w, https:\/\/renatodias.online\/movimento\/wp-content\/uploads\/2021\/06\/Cartaz-da-ANS-300x300.jpg 300w, https:\/\/renatodias.online\/movimento\/wp-content\/uploads\/2021\/06\/Cartaz-da-ANS-1023x1024.jpg 1023w, https:\/\/renatodias.online\/movimento\/wp-content\/uploads\/2021\/06\/Cartaz-da-ANS-150x150.jpg 150w, https:\/\/renatodias.online\/movimento\/wp-content\/uploads\/2021\/06\/Cartaz-da-ANS-768x769.jpg 768w, https:\/\/renatodias.online\/movimento\/wp-content\/uploads\/2021\/06\/Cartaz-da-ANS-750x751.jpg 750w\" sizes=\"auto, (max-width: 1279px) 100vw, 1279px\" \/><\/p>\n<p><span style=\"color: #800080;\"><strong>Media\u00e7\u00e3o \u00e9 de Ricardo Antunes, presidente da Associa\u00e7\u00e3o Nacional dos Soci\u00f3logos<\/strong><\/span><\/p>\n<blockquote><p><span style=\"color: #ff9900;\"><strong>Data: 30<\/strong><\/span><\/p>\n<p><span style=\"color: #ff9900;\"><strong>de junho<\/strong><\/span><\/p>\n<p><span style=\"color: #ff9900;\"><strong>de 2021,<\/strong><\/span><\/p>\n<p><span style=\"color: #ff9900;\"><strong>\u00e0s 19h,<\/strong><\/span><\/p>\n<p><span style=\"color: #ff9900;\"><strong>Facebook<\/strong><\/span><\/p><\/blockquote>\n<p><strong>Renato Dias<\/strong><\/p>\n<p>O presidente da Associa\u00e7\u00e3o Nacional dos Soci\u00f3logos, <strong>Ricardo Antunes de Abreu<\/strong> [SP] abre uma confer\u00eancia, dia 30 de junho de 2021, \u00e0s 19h, com transmiss\u00e3o online, virtual, pela plataforma midi\u00e1tica Facebook. Para abordar o tema <strong>Autoritarismo, Democracia e Cidadania no Brasil<\/strong>. <strong>S\u00e9culo 21.<\/strong> Com duas participa\u00e7\u00f5es especiais. A do soci\u00f3logo e mestre em Servi\u00e7o Social, <strong>M\u00e1rio Miranda Antonio J\u00fanior<\/strong>. Assim como do cientista social, mestre e doutor <strong>Pedro Rocha Lemos<\/strong>. A organiza\u00e7\u00e3o solicita uma contribui\u00e7\u00e3o de R$ 15,00. \u00c0 ANS: Associa\u00e7\u00e3o Nacional dos Soci\u00f3logos.<\/p>\n<figure id=\"attachment_5834\" aria-describedby=\"caption-attachment-5834\" style=\"width: 1000px\" class=\"wp-caption alignnone\"><img loading=\"lazy\" decoding=\"async\" class=\"size-full wp-image-5834\" src=\"https:\/\/renatodias.online\/movimento\/wp-content\/uploads\/2021\/04\/presidentejairbolsonaro3-1.jpg\" alt=\"\" width=\"1000\" height=\"666\" srcset=\"https:\/\/renatodias.online\/movimento\/wp-content\/uploads\/2021\/04\/presidentejairbolsonaro3-1.jpg 1000w, https:\/\/renatodias.online\/movimento\/wp-content\/uploads\/2021\/04\/presidentejairbolsonaro3-1-300x200.jpg 300w, https:\/\/renatodias.online\/movimento\/wp-content\/uploads\/2021\/04\/presidentejairbolsonaro3-1-768x511.jpg 768w, https:\/\/renatodias.online\/movimento\/wp-content\/uploads\/2021\/04\/presidentejairbolsonaro3-1-360x240.jpg 360w, https:\/\/renatodias.online\/movimento\/wp-content\/uploads\/2021\/04\/presidentejairbolsonaro3-1-750x500.jpg 750w\" sizes=\"auto, (max-width: 1000px) 100vw, 1000px\" \/><figcaption id=\"caption-attachment-5834\" class=\"wp-caption-text\"><strong>Jair Bolsonaro<\/strong><\/figcaption><\/figure>\n","protected":false},"excerpt":{"rendered":"<p>Autoritarismo e democracia em pauta S\u00e9culo 21 Media\u00e7\u00e3o \u00e9 de Ricardo Antunes, presidente da Associa\u00e7\u00e3o Nacional dos Soci\u00f3logos Data: 30 de junho de 2021, \u00e0s 19h, Facebook Renato Dias O presidente da Associa\u00e7\u00e3o Nacional dos Soci\u00f3logos, Ricardo Antunes de Abreu [SP] abre uma confer\u00eancia, dia 30 de junho de 2021, \u00e0s 19h, com transmiss\u00e3o online,<\/p>\n","protected":false},"author":2,"featured_media":7198,"comment_status":"open","ping_status":"open","sticky":false,"template":"","format":"standard","meta":{"_acf_changed":false,"_monsterinsights_skip_tracking":false,"_monsterinsights_sitenote_active":false,"_monsterinsights_sitenote_note":"","_monsterinsights_sitenote_category":0,"footnotes":""},"categories":[28,35],"tags":[],"class_list":["post-7197","post","type-post","status-publish","format-standard","has-post-thumbnail","hentry","category-cultura","category-nacional"],"acf":[],"yoast_head":"<!-- This site is optimized with the Yoast SEO plugin v27.4 - https:\/\/yoast.com\/product\/yoast-seo-wordpress\/ -->\n<title>Autoritarismo e democracia em pauta -<\/title>\n<meta name=\"robots\" content=\"index, follow, max-snippet:-1, max-image-preview:large, max-video-preview:-1\" \/>\n<link rel=\"canonical\" href=\"https:\/\/renatodias.online\/movimento\/2021\/06\/15\/autoritarismo-e-democracia-em-pauta\/\" \/>\n<meta property=\"og:locale\" content=\"pt_BR\" \/>\n<meta property=\"og:type\" content=\"article\" \/>\n<meta property=\"og:title\" content=\"Autoritarismo e democracia em pauta -\" \/>\n<meta property=\"og:description\" content=\"Autoritarismo e democracia em pauta S\u00e9culo 21 Media\u00e7\u00e3o \u00e9 de Ricardo Antunes, presidente da Associa\u00e7\u00e3o Nacional dos Soci\u00f3logos Data: 30 de junho de 2021, \u00e0s 19h, Facebook Renato Dias O presidente da Associa\u00e7\u00e3o Nacional dos Soci\u00f3logos, Ricardo Antunes de Abreu [SP] abre uma confer\u00eancia, dia 30 de junho de 2021, \u00e0s 19h, com transmiss\u00e3o online,\" \/>\n<meta property=\"og:url\" content=\"https:\/\/renatodias.online\/movimento\/2021\/06\/15\/autoritarismo-e-democracia-em-pauta\/\" \/>\n<meta property=\"article:publisher\" content=\"https:\/\/www.facebook.com\/renato.dias.37\" \/>\n<meta property=\"article:author\" content=\"https:\/\/www.facebook.com\/renato.dias.37\" \/>\n<meta property=\"article:published_time\" content=\"2021-06-16T02:17:26+00:00\" \/>\n<meta property=\"og:image\" content=\"https:\/\/renatodias.online\/movimento\/wp-content\/uploads\/2021\/06\/Ricardo-Antunes-e1623809790116.jpg\" \/>\n\t<meta property=\"og:image:width\" content=\"300\" \/>\n\t<meta property=\"og:image:height\" content=\"300\" \/>\n\t<meta property=\"og:image:type\" content=\"image\/jpeg\" \/>\n<meta name=\"author\" content=\"Renato Dias\" \/>\n<meta name=\"twitter:card\" content=\"summary_large_image\" \/>\n<meta name=\"twitter:creator\" content=\"@RenatoDiasBat\" \/>\n<meta name=\"twitter:site\" content=\"@RenatoDiasBat\" \/>\n<meta name=\"twitter:label1\" content=\"Escrito por\" \/>\n\t<meta name=\"twitter:data1\" content=\"Renato Dias\" \/>\n\t<meta name=\"twitter:label2\" content=\"Est. tempo de leitura\" \/>\n\t<meta name=\"twitter:data2\" content=\"1 minuto\" \/>\n<script type=\"application\/ld+json\" class=\"yoast-schema-graph\">{\"@context\":\"https:\\\/\\\/schema.org\",\"@graph\":[{\"@type\":\"Article\",\"@id\":\"https:\\\/\\\/renatodias.online\\\/movimento\\\/2021\\\/06\\\/15\\\/autoritarismo-e-democracia-em-pauta\\\/#article\",\"isPartOf\":{\"@id\":\"https:\\\/\\\/renatodias.online\\\/movimento\\\/2021\\\/06\\\/15\\\/autoritarismo-e-democracia-em-pauta\\\/\"},\"author\":{\"name\":\"Renato Dias\",\"@id\":\"https:\\\/\\\/renatodias.online\\\/movimento\\\/#\\\/schema\\\/person\\\/bbab28833b1725a20f4083f49f1fb2a9\"},\"headline\":\"Autoritarismo e democracia em pauta\",\"datePublished\":\"2021-06-16T02:17:26+00:00\",\"mainEntityOfPage\":{\"@id\":\"https:\\\/\\\/renatodias.online\\\/movimento\\\/2021\\\/06\\\/15\\\/autoritarismo-e-democracia-em-pauta\\\/\"},\"wordCount\":145,\"commentCount\":0,\"publisher\":{\"@id\":\"https:\\\/\\\/renatodias.online\\\/movimento\\\/#\\\/schema\\\/person\\\/bbab28833b1725a20f4083f49f1fb2a9\"},\"image\":{\"@id\":\"https:\\\/\\\/renatodias.online\\\/movimento\\\/2021\\\/06\\\/15\\\/autoritarismo-e-democracia-em-pauta\\\/#primaryimage\"},\"thumbnailUrl\":\"https:\\\/\\\/renatodias.online\\\/movimento\\\/wp-content\\\/uploads\\\/2021\\\/06\\\/Ricardo-Antunes-e1623809790116.jpg\",\"articleSection\":[\"Cultura\",\"Nacional\"],\"inLanguage\":\"pt-BR\",\"potentialAction\":[{\"@type\":\"CommentAction\",\"name\":\"Comment\",\"target\":[\"https:\\\/\\\/renatodias.online\\\/movimento\\\/2021\\\/06\\\/15\\\/autoritarismo-e-democracia-em-pauta\\\/#respond\"]}]},{\"@type\":\"WebPage\",\"@id\":\"https:\\\/\\\/renatodias.online\\\/movimento\\\/2021\\\/06\\\/15\\\/autoritarismo-e-democracia-em-pauta\\\/\",\"url\":\"https:\\\/\\\/renatodias.online\\\/movimento\\\/2021\\\/06\\\/15\\\/autoritarismo-e-democracia-em-pauta\\\/\",\"name\":\"Autoritarismo e democracia em pauta -\",\"isPartOf\":{\"@id\":\"https:\\\/\\\/renatodias.online\\\/movimento\\\/#website\"},\"primaryImageOfPage\":{\"@id\":\"https:\\\/\\\/renatodias.online\\\/movimento\\\/2021\\\/06\\\/15\\\/autoritarismo-e-democracia-em-pauta\\\/#primaryimage\"},\"image\":{\"@id\":\"https:\\\/\\\/renatodias.online\\\/movimento\\\/2021\\\/06\\\/15\\\/autoritarismo-e-democracia-em-pauta\\\/#primaryimage\"},\"thumbnailUrl\":\"https:\\\/\\\/renatodias.online\\\/movimento\\\/wp-content\\\/uploads\\\/2021\\\/06\\\/Ricardo-Antunes-e1623809790116.jpg\",\"datePublished\":\"2021-06-16T02:17:26+00:00\",\"breadcrumb\":{\"@id\":\"https:\\\/\\\/renatodias.online\\\/movimento\\\/2021\\\/06\\\/15\\\/autoritarismo-e-democracia-em-pauta\\\/#breadcrumb\"},\"inLanguage\":\"pt-BR\",\"potentialAction\":[{\"@type\":\"ReadAction\",\"target\":[\"https:\\\/\\\/renatodias.online\\\/movimento\\\/2021\\\/06\\\/15\\\/autoritarismo-e-democracia-em-pauta\\\/\"]}]},{\"@type\":\"ImageObject\",\"inLanguage\":\"pt-BR\",\"@id\":\"https:\\\/\\\/renatodias.online\\\/movimento\\\/2021\\\/06\\\/15\\\/autoritarismo-e-democracia-em-pauta\\\/#primaryimage\",\"url\":\"https:\\\/\\\/renatodias.online\\\/movimento\\\/wp-content\\\/uploads\\\/2021\\\/06\\\/Ricardo-Antunes-e1623809790116.jpg\",\"contentUrl\":\"https:\\\/\\\/renatodias.online\\\/movimento\\\/wp-content\\\/uploads\\\/2021\\\/06\\\/Ricardo-Antunes-e1623809790116.jpg\",\"width\":300,\"height\":300,\"caption\":\"Ricardo Antunes\"},{\"@type\":\"BreadcrumbList\",\"@id\":\"https:\\\/\\\/renatodias.online\\\/movimento\\\/2021\\\/06\\\/15\\\/autoritarismo-e-democracia-em-pauta\\\/#breadcrumb\",\"itemListElement\":[{\"@type\":\"ListItem\",\"position\":1,\"name\":\"In\u00edcio\",\"item\":\"https:\\\/\\\/renatodias.online\\\/movimento\\\/\"},{\"@type\":\"ListItem\",\"position\":2,\"name\":\"Autoritarismo e democracia em pauta\"}]},{\"@type\":\"WebSite\",\"@id\":\"https:\\\/\\\/renatodias.online\\\/movimento\\\/#website\",\"url\":\"https:\\\/\\\/renatodias.online\\\/movimento\\\/\",\"name\":\"\",\"description\":\"\",\"publisher\":{\"@id\":\"https:\\\/\\\/renatodias.online\\\/movimento\\\/#\\\/schema\\\/person\\\/bbab28833b1725a20f4083f49f1fb2a9\"},\"potentialAction\":[{\"@type\":\"SearchAction\",\"target\":{\"@type\":\"EntryPoint\",\"urlTemplate\":\"https:\\\/\\\/renatodias.online\\\/movimento\\\/?s={search_term_string}\"},\"query-input\":{\"@type\":\"PropertyValueSpecification\",\"valueRequired\":true,\"valueName\":\"search_term_string\"}}],\"inLanguage\":\"pt-BR\"},{\"@type\":[\"Person\",\"Organization\"],\"@id\":\"https:\\\/\\\/renatodias.online\\\/movimento\\\/#\\\/schema\\\/person\\\/bbab28833b1725a20f4083f49f1fb2a9\",\"name\":\"Renato Dias\",\"image\":{\"@type\":\"ImageObject\",\"inLanguage\":\"pt-BR\",\"@id\":\"https:\\\/\\\/renatodias.online\\\/movimento\\\/wp-content\\\/uploads\\\/2023\\\/03\\\/cropped-cropped-cropped-logofinal.jpeg\",\"url\":\"https:\\\/\\\/renatodias.online\\\/movimento\\\/wp-content\\\/uploads\\\/2023\\\/03\\\/cropped-cropped-cropped-logofinal.jpeg\",\"contentUrl\":\"https:\\\/\\\/renatodias.online\\\/movimento\\\/wp-content\\\/uploads\\\/2023\\\/03\\\/cropped-cropped-cropped-logofinal.jpeg\",\"width\":1280,\"height\":219,\"caption\":\"Renato Dias\"},\"logo\":{\"@id\":\"https:\\\/\\\/renatodias.online\\\/movimento\\\/wp-content\\\/uploads\\\/2023\\\/03\\\/cropped-cropped-cropped-logofinal.jpeg\"},\"description\":\"Renato Dias, 58 anos, \u00e9 graduado em Jornalismo, formado em Ci\u00eancias Sociais, com p\u00f3s-gradua\u00e7\u00e3o em Pol\u00edticas P\u00fablicas, mestre em Direito e Rela\u00e7\u00f5es Internacionais, ex-aluno extraordin\u00e1rio do Doutorado em Psicologia Social, ex-estudante do Curso de Psican\u00e1lise do Centro de Estudos Psicanal\u00edticos do Estado de Goi\u00e1s, ministrado pelo m\u00e9dico psiquiatra e psicanalista Daniel Em\u00eddio de Souza. \u00c9 autor de 30 livros-reportagem, oito document\u00e1rios, ganhou 30 pr\u00eamios e \u00e9 torcedor apaixonado do maior do Centro-Oeste, o Vila Nova Futebol Clube. Casado com Meirilane Dias, \u00e9 pai de Juliana Dias, jornalista; Daniel Dias, economista; e Maria Rosa Dias, estudante antifascista, socialista e trotskista.\u00a0Com tr\u00eas pets: Porquinho [Bull Dog Franc\u00eas], Dalila [Basset Hound] e Geleia [Basset Hound]. Al\u00e9m do eterno gato Tutuquinho, que virou estrela.\",\"sameAs\":[\"https:\\\/\\\/www.facebook.com\\\/renato.dias.37\",\"#breve\",\"https:\\\/\\\/renatodias.tumblr.com\\\/\"],\"url\":\"https:\\\/\\\/renatodias.online\\\/movimento\\\/author\\\/renatodias\\\/\"}]}<\/script>\n<!-- \/ Yoast SEO plugin. -->","yoast_head_json":{"title":"Autoritarismo e democracia em pauta -","robots":{"index":"index","follow":"follow","max-snippet":"max-snippet:-1","max-image-preview":"max-image-preview:large","max-video-preview":"max-video-preview:-1"},"canonical":"https:\/\/renatodias.online\/movimento\/2021\/06\/15\/autoritarismo-e-democracia-em-pauta\/","og_locale":"pt_BR","og_type":"article","og_title":"Autoritarismo e democracia em pauta -","og_description":"Autoritarismo e democracia em pauta S\u00e9culo 21 Media\u00e7\u00e3o \u00e9 de Ricardo Antunes, presidente da Associa\u00e7\u00e3o Nacional dos Soci\u00f3logos Data: 30 de junho de 2021, \u00e0s 19h, Facebook Renato Dias O presidente da Associa\u00e7\u00e3o Nacional dos Soci\u00f3logos, Ricardo Antunes de Abreu [SP] abre uma confer\u00eancia, dia 30 de junho de 2021, \u00e0s 19h, com transmiss\u00e3o online,","og_url":"https:\/\/renatodias.online\/movimento\/2021\/06\/15\/autoritarismo-e-democracia-em-pauta\/","article_publisher":"https:\/\/www.facebook.com\/renato.dias.37","article_author":"https:\/\/www.facebook.com\/renato.dias.37","article_published_time":"2021-06-16T02:17:26+00:00","og_image":[{"width":300,"height":300,"url":"https:\/\/renatodias.online\/movimento\/wp-content\/uploads\/2021\/06\/Ricardo-Antunes-e1623809790116.jpg","type":"image\/jpeg"}],"author":"Renato Dias","twitter_card":"summary_large_image","twitter_creator":"@RenatoDiasBat","twitter_site":"@RenatoDiasBat","twitter_misc":{"Escrito por":"Renato Dias","Est. tempo de leitura":"1 minuto"},"schema":{"@context":"https:\/\/schema.org","@graph":[{"@type":"Article","@id":"https:\/\/renatodias.online\/movimento\/2021\/06\/15\/autoritarismo-e-democracia-em-pauta\/#article","isPartOf":{"@id":"https:\/\/renatodias.online\/movimento\/2021\/06\/15\/autoritarismo-e-democracia-em-pauta\/"},"author":{"name":"Renato Dias","@id":"https:\/\/renatodias.online\/movimento\/#\/schema\/person\/bbab28833b1725a20f4083f49f1fb2a9"},"headline":"Autoritarismo e democracia em pauta","datePublished":"2021-06-16T02:17:26+00:00","mainEntityOfPage":{"@id":"https:\/\/renatodias.online\/movimento\/2021\/06\/15\/autoritarismo-e-democracia-em-pauta\/"},"wordCount":145,"commentCount":0,"publisher":{"@id":"https:\/\/renatodias.online\/movimento\/#\/schema\/person\/bbab28833b1725a20f4083f49f1fb2a9"},"image":{"@id":"https:\/\/renatodias.online\/movimento\/2021\/06\/15\/autoritarismo-e-democracia-em-pauta\/#primaryimage"},"thumbnailUrl":"https:\/\/renatodias.online\/movimento\/wp-content\/uploads\/2021\/06\/Ricardo-Antunes-e1623809790116.jpg","articleSection":["Cultura","Nacional"],"inLanguage":"pt-BR","potentialAction":[{"@type":"CommentAction","name":"Comment","target":["https:\/\/renatodias.online\/movimento\/2021\/06\/15\/autoritarismo-e-democracia-em-pauta\/#respond"]}]},{"@type":"WebPage","@id":"https:\/\/renatodias.online\/movimento\/2021\/06\/15\/autoritarismo-e-democracia-em-pauta\/","url":"https:\/\/renatodias.online\/movimento\/2021\/06\/15\/autoritarismo-e-democracia-em-pauta\/","name":"Autoritarismo e democracia em pauta -","isPartOf":{"@id":"https:\/\/renatodias.online\/movimento\/#website"},"primaryImageOfPage":{"@id":"https:\/\/renatodias.online\/movimento\/2021\/06\/15\/autoritarismo-e-democracia-em-pauta\/#primaryimage"},"image":{"@id":"https:\/\/renatodias.online\/movimento\/2021\/06\/15\/autoritarismo-e-democracia-em-pauta\/#primaryimage"},"thumbnailUrl":"https:\/\/renatodias.online\/movimento\/wp-content\/uploads\/2021\/06\/Ricardo-Antunes-e1623809790116.jpg","datePublished":"2021-06-16T02:17:26+00:00","breadcrumb":{"@id":"https:\/\/renatodias.online\/movimento\/2021\/06\/15\/autoritarismo-e-democracia-em-pauta\/#breadcrumb"},"inLanguage":"pt-BR","potentialAction":[{"@type":"ReadAction","target":["https:\/\/renatodias.online\/movimento\/2021\/06\/15\/autoritarismo-e-democracia-em-pauta\/"]}]},{"@type":"ImageObject","inLanguage":"pt-BR","@id":"https:\/\/renatodias.online\/movimento\/2021\/06\/15\/autoritarismo-e-democracia-em-pauta\/#primaryimage","url":"https:\/\/renatodias.online\/movimento\/wp-content\/uploads\/2021\/06\/Ricardo-Antunes-e1623809790116.jpg","contentUrl":"https:\/\/renatodias.online\/movimento\/wp-content\/uploads\/2021\/06\/Ricardo-Antunes-e1623809790116.jpg","width":300,"height":300,"caption":"Ricardo Antunes"},{"@type":"BreadcrumbList","@id":"https:\/\/renatodias.online\/movimento\/2021\/06\/15\/autoritarismo-e-democracia-em-pauta\/#breadcrumb","itemListElement":[{"@type":"ListItem","position":1,"name":"In\u00edcio","item":"https:\/\/renatodias.online\/movimento\/"},{"@type":"ListItem","position":2,"name":"Autoritarismo e democracia em pauta"}]},{"@type":"WebSite","@id":"https:\/\/renatodias.online\/movimento\/#website","url":"https:\/\/renatodias.online\/movimento\/","name":"","description":"","publisher":{"@id":"https:\/\/renatodias.online\/movimento\/#\/schema\/person\/bbab28833b1725a20f4083f49f1fb2a9"},"potentialAction":[{"@type":"SearchAction","target":{"@type":"EntryPoint","urlTemplate":"https:\/\/renatodias.online\/movimento\/?s={search_term_string}"},"query-input":{"@type":"PropertyValueSpecification","valueRequired":true,"valueName":"search_term_string"}}],"inLanguage":"pt-BR"},{"@type":["Person","Organization"],"@id":"https:\/\/renatodias.online\/movimento\/#\/schema\/person\/bbab28833b1725a20f4083f49f1fb2a9","name":"Renato Dias","image":{"@type":"ImageObject","inLanguage":"pt-BR","@id":"https:\/\/renatodias.online\/movimento\/wp-content\/uploads\/2023\/03\/cropped-cropped-cropped-logofinal.jpeg","url":"https:\/\/renatodias.online\/movimento\/wp-content\/uploads\/2023\/03\/cropped-cropped-cropped-logofinal.jpeg","contentUrl":"https:\/\/renatodias.online\/movimento\/wp-content\/uploads\/2023\/03\/cropped-cropped-cropped-logofinal.jpeg","width":1280,"height":219,"caption":"Renato Dias"},"logo":{"@id":"https:\/\/renatodias.online\/movimento\/wp-content\/uploads\/2023\/03\/cropped-cropped-cropped-logofinal.jpeg"},"description":"Renato Dias, 58 anos, \u00e9 graduado em Jornalismo, formado em Ci\u00eancias Sociais, com p\u00f3s-gradua\u00e7\u00e3o em Pol\u00edticas P\u00fablicas, mestre em Direito e Rela\u00e7\u00f5es Internacionais, ex-aluno extraordin\u00e1rio do Doutorado em Psicologia Social, ex-estudante do Curso de Psican\u00e1lise do Centro de Estudos Psicanal\u00edticos do Estado de Goi\u00e1s, ministrado pelo m\u00e9dico psiquiatra e psicanalista Daniel Em\u00eddio de Souza. \u00c9 autor de 30 livros-reportagem, oito document\u00e1rios, ganhou 30 pr\u00eamios e \u00e9 torcedor apaixonado do maior do Centro-Oeste, o Vila Nova Futebol Clube. Casado com Meirilane Dias, \u00e9 pai de Juliana Dias, jornalista; Daniel Dias, economista; e Maria Rosa Dias, estudante antifascista, socialista e trotskista.\u00a0Com tr\u00eas pets: Porquinho [Bull Dog Franc\u00eas], Dalila [Basset Hound] e Geleia [Basset Hound]. Al\u00e9m do eterno gato Tutuquinho, que virou estrela.","sameAs":["https:\/\/www.facebook.com\/renato.dias.37","#breve","https:\/\/renatodias.tumblr.com\/"],"url":"https:\/\/renatodias.online\/movimento\/author\/renatodias\/"}]}},"_links":{"self":[{"href":"https:\/\/renatodias.online\/movimento\/wp-json\/wp\/v2\/posts\/7197","targetHints":{"allow":["GET"]}}],"collection":[{"href":"https:\/\/renatodias.online\/movimento\/wp-json\/wp\/v2\/posts"}],"about":[{"href":"https:\/\/renatodias.online\/movimento\/wp-json\/wp\/v2\/types\/post"}],"author":[{"embeddable":true,"href":"https:\/\/renatodias.online\/movimento\/wp-json\/wp\/v2\/users\/2"}],"replies":[{"embeddable":true,"href":"https:\/\/renatodias.online\/movimento\/wp-json\/wp\/v2\/comments?post=7197"}],"version-history":[{"count":1,"href":"https:\/\/renatodias.online\/movimento\/wp-json\/wp\/v2\/posts\/7197\/revisions"}],"predecessor-version":[{"id":7200,"href":"https:\/\/renatodias.online\/movimento\/wp-json\/wp\/v2\/posts\/7197\/revisions\/7200"}],"wp:featuredmedia":[{"embeddable":true,"href":"https:\/\/renatodias.online\/movimento\/wp-json\/wp\/v2\/media\/7198"}],"wp:attachment":[{"href":"https:\/\/renatodias.online\/movimento\/wp-json\/wp\/v2\/media?parent=7197"}],"wp:term":[{"taxonomy":"category","embeddable":true,"href":"https:\/\/renatodias.online\/movimento\/wp-json\/wp\/v2\/categories?post=7197"},{"taxonomy":"post_tag","embeddable":true,"href":"https:\/\/renatodias.online\/movimento\/wp-json\/wp\/v2\/tags?post=7197"}],"curies":[{"name":"wp","href":"https:\/\/api.w.org\/{rel}","templated":true}]}}