{"id":7186,"date":"2021-06-15T22:58:03","date_gmt":"2021-06-16T01:58:03","guid":{"rendered":"https:\/\/renatodias.online\/movimento\/?p=7186"},"modified":"2021-06-15T22:59:25","modified_gmt":"2021-06-16T01:59:25","slug":"politica-na-fila-do-supermercado","status":"publish","type":"post","link":"https:\/\/renatodias.online\/movimento\/2021\/06\/15\/politica-na-fila-do-supermercado\/","title":{"rendered":"Pol\u00edtica na fila do supermercado"},"content":{"rendered":"<div class=\"adn ads\" data-message-id=\"#msg-a:r2625525192958111729\" data-legacy-message-id=\"17a10d0ff1595ece\">\n<div class=\"gs\">\n<div class=\"\">\n<div id=\":1a6\" class=\"ii gt\">\n<div id=\":1a7\" class=\"a3s aiL \">\n<div dir=\"auto\">\n<h1 dir=\"auto\"><img loading=\"lazy\" decoding=\"async\" class=\"size-full wp-image-5929 aligncenter\" src=\"https:\/\/renatodias.online\/movimento\/wp-content\/uploads\/2021\/04\/Especial.jpg\" alt=\"\" width=\"200\" height=\"200\" srcset=\"https:\/\/renatodias.online\/movimento\/wp-content\/uploads\/2021\/04\/Especial.jpg 200w, https:\/\/renatodias.online\/movimento\/wp-content\/uploads\/2021\/04\/Especial-150x150.jpg 150w\" sizes=\"auto, (max-width: 200px) 100vw, 200px\" \/><\/h1>\n<h1 dir=\"auto\" style=\"text-align: center;\"><span style=\"color: #ff0000;\">Pol\u00edtica na fila do supermercado<\/span><\/h1>\n<h1 dir=\"auto\"><span style=\"color: #008000;\"><strong>A vida como ela \u00e9<\/strong><\/span><\/h1>\n<div dir=\"auto\"><strong>Cristiane Lemos<\/strong><\/div>\n<div dir=\"auto\"><\/div>\n<div dir=\"auto\">Um homem com um kilo de feij\u00e3o\u00a0 preto, uma bandeja com uma lingui\u00e7a e um toucinho, dois kg de arroz e duas latinhas de cerveja. Ele come\u00e7a a ficar angustiado. Para calcular o valor da compra.\u00a0 Mais: reclama que o sal\u00e1rio estava ficando todo no supermercado. C\u00e1lculos, caras e bocas. Ser\u00e1 que vai dar mais que R$\u00a0 40 ? R$ 35?\u00a0 Neste momento a funcion\u00e1ria do\u00a0 caixa era a sua grande inimiga. Eu entrei no clima da tens\u00e3o\u00a0 tentando adivinhar o valor final da compra. Mas terminando de ensacar as\u00a0 minhas,\u00a0 tive que sair sem saber o veredicto final. Resumo da \u00f3pera! Conviver com infla\u00e7\u00e3o\u00a0 e crise econ\u00f4mica tinha sido esquecido por muitos. Andar de carro virou luxo. Comprar g\u00e1s, rem\u00e9dios, pagar contas b\u00e1sicas de energia e \u00e1gua,\u00a0 um verdadeiro desafio. Fico triste de ver gente humilde ainda apoiando o governo federal.<\/div>\n<div dir=\"auto\"><\/div>\n<div dir=\"auto\">\n<figure id=\"attachment_3928\" aria-describedby=\"caption-attachment-3928\" style=\"width: 768px\" class=\"wp-caption aligncenter\"><img loading=\"lazy\" decoding=\"async\" class=\"size-full wp-image-3928\" src=\"https:\/\/renatodias.online\/movimento\/wp-content\/uploads\/2020\/06\/Imagem-de-abertura-A-crise-da-economia-em-2020.jpg\" alt=\"\" width=\"768\" height=\"561\" srcset=\"https:\/\/renatodias.online\/movimento\/wp-content\/uploads\/2020\/06\/Imagem-de-abertura-A-crise-da-economia-em-2020.jpg 768w, https:\/\/renatodias.online\/movimento\/wp-content\/uploads\/2020\/06\/Imagem-de-abertura-A-crise-da-economia-em-2020-300x219.jpg 300w, https:\/\/renatodias.online\/movimento\/wp-content\/uploads\/2020\/06\/Imagem-de-abertura-A-crise-da-economia-em-2020-750x548.jpg 750w\" sizes=\"auto, (max-width: 768px) 100vw, 768px\" \/><figcaption id=\"caption-attachment-3928\" class=\"wp-caption-text\"><strong>A crise econ\u00f4mica, hoje, no Brasil<\/strong><\/figcaption><\/figure>\n<\/div>\n<div dir=\"auto\"><\/div>\n<div dir=\"auto\">Pelo menos n\u00e3o\u00a0 tem corrup\u00e7\u00e3o, dizem!\u00a0 Ignoram as rachadinhas, a compra do Centr\u00e3o para frear o impeachment! Ignoram a incompet\u00eancia plena de gerir a pandemia! Ignoram as mais de 480 mil mortes evit\u00e1veis.\u00a0 Ignoram o ataque \u00e0 Amaz\u00f4nia.\u00a0 Ignoram que v\u00e3o morrer sem chance de se aposentar. Ignoram os ataques \u00e0s universidades . Ignoram o ataque ao SUS e \u00e0s escolas p\u00fablicas.\u00a0 Ignoram o ataque \u00e0 ci\u00eancia e a arte.<\/div>\n<div dir=\"auto\">\n<figure id=\"attachment_6367\" aria-describedby=\"caption-attachment-6367\" style=\"width: 550px\" class=\"wp-caption aligncenter\"><img loading=\"lazy\" decoding=\"async\" class=\"size-full wp-image-6367\" src=\"https:\/\/renatodias.online\/movimento\/wp-content\/uploads\/2021\/04\/Jair-Bolsonaro-Sinpro.jpg\" alt=\"\" width=\"550\" height=\"492\" srcset=\"https:\/\/renatodias.online\/movimento\/wp-content\/uploads\/2021\/04\/Jair-Bolsonaro-Sinpro.jpg 550w, https:\/\/renatodias.online\/movimento\/wp-content\/uploads\/2021\/04\/Jair-Bolsonaro-Sinpro-300x268.jpg 300w\" sizes=\"auto, (max-width: 550px) 100vw, 550px\" \/><figcaption id=\"caption-attachment-6367\" class=\"wp-caption-text\">Jair Bolsonaro<\/figcaption><\/figure>\n<\/div>\n<div dir=\"auto\"><\/div>\n<div dir=\"auto\">Assim vamos caminhando. Com a press\u00e3o\u00a0 que se ilustra\u00a0 nesta cena cotidiana. Uma opress\u00e3o que nos meus 47 anos de vida nunca tinha visto.\u00a0Mais triste ainda: a opress\u00e3o \u00e9\u00a0 regada e cultivada por religiosos que falsamente usam o nome de Jesus para fazer exatamente o contr\u00e1rio que este grande homem fazia! O homem\u00a0 da fila do supermercado somos todos n\u00f3s trabalhadores neste governo federal. As duas cervejinhas n\u00e3o eram um luxo. Uma necessidade existencial para suportar um dos piores momentos hist\u00f3ricos do Brasil republicano.<\/div>\n<div dir=\"auto\"><\/div>\n<div dir=\"auto\">\n<figure id=\"attachment_6850\" aria-describedby=\"caption-attachment-6850\" style=\"width: 1170px\" class=\"wp-caption alignnone\"><img loading=\"lazy\" decoding=\"async\" class=\"size-full wp-image-6850\" src=\"https:\/\/renatodias.online\/movimento\/wp-content\/uploads\/2021\/05\/Palacio-do-Planalto.jpg\" alt=\"\" width=\"1170\" height=\"700\" \/><figcaption id=\"caption-attachment-6850\" class=\"wp-caption-text\"><strong>Pal\u00e1cio do Planalto<\/strong><\/figcaption><\/figure>\n<\/div>\n<div dir=\"auto\"><\/div>\n<div dir=\"auto\"><strong>Cristiane Lemos \u00e9 odont\u00f3loga, ativista em defesa do SUS\u00a0 e militante do Psol<\/strong><\/div>\n<\/div>\n<div class=\"yj6qo\"><\/div>\n<div class=\"adL\"><\/div>\n<\/div>\n<\/div>\n<div class=\"hi\"><\/div>\n<\/div>\n<\/div>\n<div class=\"ajx\"><\/div>\n<\/div>\n<div class=\"gA gt acV\">\n<div class=\"gB xu\">\n<div class=\"ip iq\">\n<div id=\":1a5\">\n<table class=\"cf wS\" role=\"presentation\">\n<tbody>\n<tr>\n<td class=\"amq\"><\/td>\n<td class=\"amr\">\n<div class=\"nr wR\">\n<div class=\"amn\"><\/div>\n<\/div>\n<\/td>\n<\/tr>\n<\/tbody>\n<\/table>\n<\/div>\n<\/div>\n<\/div>\n<\/div>\n","protected":false},"excerpt":{"rendered":"<p>Pol\u00edtica na fila do supermercado A vida como ela \u00e9 Cristiane Lemos Um homem com um kilo de feij\u00e3o\u00a0 preto, uma bandeja com uma lingui\u00e7a e um toucinho, dois kg de arroz e duas latinhas de cerveja. Ele come\u00e7a a ficar angustiado. Para calcular o valor da compra.\u00a0 Mais: reclama que o sal\u00e1rio estava ficando<\/p>\n","protected":false},"author":2,"featured_media":4393,"comment_status":"open","ping_status":"open","sticky":false,"template":"","format":"standard","meta":{"_acf_changed":false,"_monsterinsights_skip_tracking":false,"_monsterinsights_sitenote_active":false,"_monsterinsights_sitenote_note":"","_monsterinsights_sitenote_category":0,"footnotes":""},"categories":[10,83],"tags":[],"class_list":["post-7186","post","type-post","status-publish","format-standard","has-post-thumbnail","hentry","category-economia","category-opiniao"],"acf":[],"yoast_head":"<!-- This site is optimized with the Yoast SEO plugin v27.4 - https:\/\/yoast.com\/product\/yoast-seo-wordpress\/ -->\n<title>Pol\u00edtica na fila do supermercado -<\/title>\n<meta name=\"robots\" content=\"index, follow, max-snippet:-1, max-image-preview:large, max-video-preview:-1\" \/>\n<link rel=\"canonical\" href=\"https:\/\/renatodias.online\/movimento\/2021\/06\/15\/politica-na-fila-do-supermercado\/\" \/>\n<meta property=\"og:locale\" content=\"pt_BR\" \/>\n<meta property=\"og:type\" content=\"article\" \/>\n<meta property=\"og:title\" content=\"Pol\u00edtica na fila do supermercado -\" \/>\n<meta property=\"og:description\" content=\"Pol\u00edtica na fila do supermercado A vida como ela \u00e9 Cristiane Lemos Um homem com um kilo de feij\u00e3o\u00a0 preto, uma bandeja com uma lingui\u00e7a e um toucinho, dois kg de arroz e duas latinhas de cerveja. Ele come\u00e7a a ficar angustiado. Para calcular o valor da compra.\u00a0 Mais: reclama que o sal\u00e1rio estava ficando\" \/>\n<meta property=\"og:url\" content=\"https:\/\/renatodias.online\/movimento\/2021\/06\/15\/politica-na-fila-do-supermercado\/\" \/>\n<meta property=\"article:publisher\" content=\"https:\/\/www.facebook.com\/renato.dias.37\" \/>\n<meta property=\"article:author\" content=\"https:\/\/www.facebook.com\/renato.dias.37\" \/>\n<meta property=\"article:published_time\" content=\"2021-06-16T01:58:03+00:00\" \/>\n<meta property=\"article:modified_time\" content=\"2021-06-16T01:59:25+00:00\" \/>\n<meta property=\"og:image\" content=\"https:\/\/renatodias.online\/movimento\/wp-content\/uploads\/2020\/09\/Cristiane-Lemos-UFG-e1652922374609.jpg\" \/>\n\t<meta property=\"og:image:width\" content=\"310\" \/>\n\t<meta property=\"og:image:height\" content=\"310\" \/>\n\t<meta property=\"og:image:type\" content=\"image\/jpeg\" \/>\n<meta name=\"author\" content=\"Renato Dias\" \/>\n<meta name=\"twitter:card\" content=\"summary_large_image\" \/>\n<meta name=\"twitter:creator\" content=\"@RenatoDiasBat\" \/>\n<meta name=\"twitter:site\" content=\"@RenatoDiasBat\" \/>\n<meta name=\"twitter:label1\" content=\"Escrito por\" \/>\n\t<meta name=\"twitter:data1\" content=\"Renato Dias\" \/>\n\t<meta name=\"twitter:label2\" content=\"Est. tempo de leitura\" \/>\n\t<meta name=\"twitter:data2\" content=\"2 minutos\" \/>\n<script type=\"application\/ld+json\" class=\"yoast-schema-graph\">{\"@context\":\"https:\\\/\\\/schema.org\",\"@graph\":[{\"@type\":\"Article\",\"@id\":\"https:\\\/\\\/renatodias.online\\\/movimento\\\/2021\\\/06\\\/15\\\/politica-na-fila-do-supermercado\\\/#article\",\"isPartOf\":{\"@id\":\"https:\\\/\\\/renatodias.online\\\/movimento\\\/2021\\\/06\\\/15\\\/politica-na-fila-do-supermercado\\\/\"},\"author\":{\"name\":\"Renato Dias\",\"@id\":\"https:\\\/\\\/renatodias.online\\\/movimento\\\/#\\\/schema\\\/person\\\/bbab28833b1725a20f4083f49f1fb2a9\"},\"headline\":\"Pol\u00edtica na fila do supermercado\",\"datePublished\":\"2021-06-16T01:58:03+00:00\",\"dateModified\":\"2021-06-16T01:59:25+00:00\",\"mainEntityOfPage\":{\"@id\":\"https:\\\/\\\/renatodias.online\\\/movimento\\\/2021\\\/06\\\/15\\\/politica-na-fila-do-supermercado\\\/\"},\"wordCount\":381,\"commentCount\":0,\"publisher\":{\"@id\":\"https:\\\/\\\/renatodias.online\\\/movimento\\\/#\\\/schema\\\/person\\\/bbab28833b1725a20f4083f49f1fb2a9\"},\"image\":{\"@id\":\"https:\\\/\\\/renatodias.online\\\/movimento\\\/2021\\\/06\\\/15\\\/politica-na-fila-do-supermercado\\\/#primaryimage\"},\"thumbnailUrl\":\"https:\\\/\\\/renatodias.online\\\/movimento\\\/wp-content\\\/uploads\\\/2020\\\/09\\\/Cristiane-Lemos-UFG-e1652922374609.jpg\",\"articleSection\":[\"Economia\",\"Opini\u00e3o\"],\"inLanguage\":\"pt-BR\",\"potentialAction\":[{\"@type\":\"CommentAction\",\"name\":\"Comment\",\"target\":[\"https:\\\/\\\/renatodias.online\\\/movimento\\\/2021\\\/06\\\/15\\\/politica-na-fila-do-supermercado\\\/#respond\"]}]},{\"@type\":\"WebPage\",\"@id\":\"https:\\\/\\\/renatodias.online\\\/movimento\\\/2021\\\/06\\\/15\\\/politica-na-fila-do-supermercado\\\/\",\"url\":\"https:\\\/\\\/renatodias.online\\\/movimento\\\/2021\\\/06\\\/15\\\/politica-na-fila-do-supermercado\\\/\",\"name\":\"Pol\u00edtica na fila do supermercado -\",\"isPartOf\":{\"@id\":\"https:\\\/\\\/renatodias.online\\\/movimento\\\/#website\"},\"primaryImageOfPage\":{\"@id\":\"https:\\\/\\\/renatodias.online\\\/movimento\\\/2021\\\/06\\\/15\\\/politica-na-fila-do-supermercado\\\/#primaryimage\"},\"image\":{\"@id\":\"https:\\\/\\\/renatodias.online\\\/movimento\\\/2021\\\/06\\\/15\\\/politica-na-fila-do-supermercado\\\/#primaryimage\"},\"thumbnailUrl\":\"https:\\\/\\\/renatodias.online\\\/movimento\\\/wp-content\\\/uploads\\\/2020\\\/09\\\/Cristiane-Lemos-UFG-e1652922374609.jpg\",\"datePublished\":\"2021-06-16T01:58:03+00:00\",\"dateModified\":\"2021-06-16T01:59:25+00:00\",\"breadcrumb\":{\"@id\":\"https:\\\/\\\/renatodias.online\\\/movimento\\\/2021\\\/06\\\/15\\\/politica-na-fila-do-supermercado\\\/#breadcrumb\"},\"inLanguage\":\"pt-BR\",\"potentialAction\":[{\"@type\":\"ReadAction\",\"target\":[\"https:\\\/\\\/renatodias.online\\\/movimento\\\/2021\\\/06\\\/15\\\/politica-na-fila-do-supermercado\\\/\"]}]},{\"@type\":\"ImageObject\",\"inLanguage\":\"pt-BR\",\"@id\":\"https:\\\/\\\/renatodias.online\\\/movimento\\\/2021\\\/06\\\/15\\\/politica-na-fila-do-supermercado\\\/#primaryimage\",\"url\":\"https:\\\/\\\/renatodias.online\\\/movimento\\\/wp-content\\\/uploads\\\/2020\\\/09\\\/Cristiane-Lemos-UFG-e1652922374609.jpg\",\"contentUrl\":\"https:\\\/\\\/renatodias.online\\\/movimento\\\/wp-content\\\/uploads\\\/2020\\\/09\\\/Cristiane-Lemos-UFG-e1652922374609.jpg\",\"width\":310,\"height\":310,\"caption\":\"Cristiane Lemos\"},{\"@type\":\"BreadcrumbList\",\"@id\":\"https:\\\/\\\/renatodias.online\\\/movimento\\\/2021\\\/06\\\/15\\\/politica-na-fila-do-supermercado\\\/#breadcrumb\",\"itemListElement\":[{\"@type\":\"ListItem\",\"position\":1,\"name\":\"In\u00edcio\",\"item\":\"https:\\\/\\\/renatodias.online\\\/movimento\\\/\"},{\"@type\":\"ListItem\",\"position\":2,\"name\":\"Pol\u00edtica na fila do supermercado\"}]},{\"@type\":\"WebSite\",\"@id\":\"https:\\\/\\\/renatodias.online\\\/movimento\\\/#website\",\"url\":\"https:\\\/\\\/renatodias.online\\\/movimento\\\/\",\"name\":\"\",\"description\":\"\",\"publisher\":{\"@id\":\"https:\\\/\\\/renatodias.online\\\/movimento\\\/#\\\/schema\\\/person\\\/bbab28833b1725a20f4083f49f1fb2a9\"},\"potentialAction\":[{\"@type\":\"SearchAction\",\"target\":{\"@type\":\"EntryPoint\",\"urlTemplate\":\"https:\\\/\\\/renatodias.online\\\/movimento\\\/?s={search_term_string}\"},\"query-input\":{\"@type\":\"PropertyValueSpecification\",\"valueRequired\":true,\"valueName\":\"search_term_string\"}}],\"inLanguage\":\"pt-BR\"},{\"@type\":[\"Person\",\"Organization\"],\"@id\":\"https:\\\/\\\/renatodias.online\\\/movimento\\\/#\\\/schema\\\/person\\\/bbab28833b1725a20f4083f49f1fb2a9\",\"name\":\"Renato Dias\",\"image\":{\"@type\":\"ImageObject\",\"inLanguage\":\"pt-BR\",\"@id\":\"https:\\\/\\\/renatodias.online\\\/movimento\\\/wp-content\\\/uploads\\\/2023\\\/03\\\/cropped-cropped-cropped-logofinal.jpeg\",\"url\":\"https:\\\/\\\/renatodias.online\\\/movimento\\\/wp-content\\\/uploads\\\/2023\\\/03\\\/cropped-cropped-cropped-logofinal.jpeg\",\"contentUrl\":\"https:\\\/\\\/renatodias.online\\\/movimento\\\/wp-content\\\/uploads\\\/2023\\\/03\\\/cropped-cropped-cropped-logofinal.jpeg\",\"width\":1280,\"height\":219,\"caption\":\"Renato Dias\"},\"logo\":{\"@id\":\"https:\\\/\\\/renatodias.online\\\/movimento\\\/wp-content\\\/uploads\\\/2023\\\/03\\\/cropped-cropped-cropped-logofinal.jpeg\"},\"description\":\"Renato Dias, 58 anos, \u00e9 graduado em Jornalismo, formado em Ci\u00eancias Sociais, com p\u00f3s-gradua\u00e7\u00e3o em Pol\u00edticas P\u00fablicas, mestre em Direito e Rela\u00e7\u00f5es Internacionais, ex-aluno extraordin\u00e1rio do Doutorado em Psicologia Social, ex-estudante do Curso de Psican\u00e1lise do Centro de Estudos Psicanal\u00edticos do Estado de Goi\u00e1s, ministrado pelo m\u00e9dico psiquiatra e psicanalista Daniel Em\u00eddio de Souza. \u00c9 autor de 30 livros-reportagem, oito document\u00e1rios, ganhou 30 pr\u00eamios e \u00e9 torcedor apaixonado do maior do Centro-Oeste, o Vila Nova Futebol Clube. Casado com Meirilane Dias, \u00e9 pai de Juliana Dias, jornalista; Daniel Dias, economista; e Maria Rosa Dias, estudante antifascista, socialista e trotskista.\u00a0Com tr\u00eas pets: Porquinho [Bull Dog Franc\u00eas], Dalila [Basset Hound] e Geleia [Basset Hound]. Al\u00e9m do eterno gato Tutuquinho, que virou estrela.\",\"sameAs\":[\"https:\\\/\\\/www.facebook.com\\\/renato.dias.37\",\"#breve\",\"https:\\\/\\\/renatodias.tumblr.com\\\/\"],\"url\":\"https:\\\/\\\/renatodias.online\\\/movimento\\\/author\\\/renatodias\\\/\"}]}<\/script>\n<!-- \/ Yoast SEO plugin. -->","yoast_head_json":{"title":"Pol\u00edtica na fila do supermercado -","robots":{"index":"index","follow":"follow","max-snippet":"max-snippet:-1","max-image-preview":"max-image-preview:large","max-video-preview":"max-video-preview:-1"},"canonical":"https:\/\/renatodias.online\/movimento\/2021\/06\/15\/politica-na-fila-do-supermercado\/","og_locale":"pt_BR","og_type":"article","og_title":"Pol\u00edtica na fila do supermercado -","og_description":"Pol\u00edtica na fila do supermercado A vida como ela \u00e9 Cristiane Lemos Um homem com um kilo de feij\u00e3o\u00a0 preto, uma bandeja com uma lingui\u00e7a e um toucinho, dois kg de arroz e duas latinhas de cerveja. Ele come\u00e7a a ficar angustiado. Para calcular o valor da compra.\u00a0 Mais: reclama que o sal\u00e1rio estava ficando","og_url":"https:\/\/renatodias.online\/movimento\/2021\/06\/15\/politica-na-fila-do-supermercado\/","article_publisher":"https:\/\/www.facebook.com\/renato.dias.37","article_author":"https:\/\/www.facebook.com\/renato.dias.37","article_published_time":"2021-06-16T01:58:03+00:00","article_modified_time":"2021-06-16T01:59:25+00:00","og_image":[{"width":310,"height":310,"url":"https:\/\/renatodias.online\/movimento\/wp-content\/uploads\/2020\/09\/Cristiane-Lemos-UFG-e1652922374609.jpg","type":"image\/jpeg"}],"author":"Renato Dias","twitter_card":"summary_large_image","twitter_creator":"@RenatoDiasBat","twitter_site":"@RenatoDiasBat","twitter_misc":{"Escrito por":"Renato Dias","Est. tempo de leitura":"2 minutos"},"schema":{"@context":"https:\/\/schema.org","@graph":[{"@type":"Article","@id":"https:\/\/renatodias.online\/movimento\/2021\/06\/15\/politica-na-fila-do-supermercado\/#article","isPartOf":{"@id":"https:\/\/renatodias.online\/movimento\/2021\/06\/15\/politica-na-fila-do-supermercado\/"},"author":{"name":"Renato Dias","@id":"https:\/\/renatodias.online\/movimento\/#\/schema\/person\/bbab28833b1725a20f4083f49f1fb2a9"},"headline":"Pol\u00edtica na fila do supermercado","datePublished":"2021-06-16T01:58:03+00:00","dateModified":"2021-06-16T01:59:25+00:00","mainEntityOfPage":{"@id":"https:\/\/renatodias.online\/movimento\/2021\/06\/15\/politica-na-fila-do-supermercado\/"},"wordCount":381,"commentCount":0,"publisher":{"@id":"https:\/\/renatodias.online\/movimento\/#\/schema\/person\/bbab28833b1725a20f4083f49f1fb2a9"},"image":{"@id":"https:\/\/renatodias.online\/movimento\/2021\/06\/15\/politica-na-fila-do-supermercado\/#primaryimage"},"thumbnailUrl":"https:\/\/renatodias.online\/movimento\/wp-content\/uploads\/2020\/09\/Cristiane-Lemos-UFG-e1652922374609.jpg","articleSection":["Economia","Opini\u00e3o"],"inLanguage":"pt-BR","potentialAction":[{"@type":"CommentAction","name":"Comment","target":["https:\/\/renatodias.online\/movimento\/2021\/06\/15\/politica-na-fila-do-supermercado\/#respond"]}]},{"@type":"WebPage","@id":"https:\/\/renatodias.online\/movimento\/2021\/06\/15\/politica-na-fila-do-supermercado\/","url":"https:\/\/renatodias.online\/movimento\/2021\/06\/15\/politica-na-fila-do-supermercado\/","name":"Pol\u00edtica na fila do supermercado -","isPartOf":{"@id":"https:\/\/renatodias.online\/movimento\/#website"},"primaryImageOfPage":{"@id":"https:\/\/renatodias.online\/movimento\/2021\/06\/15\/politica-na-fila-do-supermercado\/#primaryimage"},"image":{"@id":"https:\/\/renatodias.online\/movimento\/2021\/06\/15\/politica-na-fila-do-supermercado\/#primaryimage"},"thumbnailUrl":"https:\/\/renatodias.online\/movimento\/wp-content\/uploads\/2020\/09\/Cristiane-Lemos-UFG-e1652922374609.jpg","datePublished":"2021-06-16T01:58:03+00:00","dateModified":"2021-06-16T01:59:25+00:00","breadcrumb":{"@id":"https:\/\/renatodias.online\/movimento\/2021\/06\/15\/politica-na-fila-do-supermercado\/#breadcrumb"},"inLanguage":"pt-BR","potentialAction":[{"@type":"ReadAction","target":["https:\/\/renatodias.online\/movimento\/2021\/06\/15\/politica-na-fila-do-supermercado\/"]}]},{"@type":"ImageObject","inLanguage":"pt-BR","@id":"https:\/\/renatodias.online\/movimento\/2021\/06\/15\/politica-na-fila-do-supermercado\/#primaryimage","url":"https:\/\/renatodias.online\/movimento\/wp-content\/uploads\/2020\/09\/Cristiane-Lemos-UFG-e1652922374609.jpg","contentUrl":"https:\/\/renatodias.online\/movimento\/wp-content\/uploads\/2020\/09\/Cristiane-Lemos-UFG-e1652922374609.jpg","width":310,"height":310,"caption":"Cristiane Lemos"},{"@type":"BreadcrumbList","@id":"https:\/\/renatodias.online\/movimento\/2021\/06\/15\/politica-na-fila-do-supermercado\/#breadcrumb","itemListElement":[{"@type":"ListItem","position":1,"name":"In\u00edcio","item":"https:\/\/renatodias.online\/movimento\/"},{"@type":"ListItem","position":2,"name":"Pol\u00edtica na fila do supermercado"}]},{"@type":"WebSite","@id":"https:\/\/renatodias.online\/movimento\/#website","url":"https:\/\/renatodias.online\/movimento\/","name":"","description":"","publisher":{"@id":"https:\/\/renatodias.online\/movimento\/#\/schema\/person\/bbab28833b1725a20f4083f49f1fb2a9"},"potentialAction":[{"@type":"SearchAction","target":{"@type":"EntryPoint","urlTemplate":"https:\/\/renatodias.online\/movimento\/?s={search_term_string}"},"query-input":{"@type":"PropertyValueSpecification","valueRequired":true,"valueName":"search_term_string"}}],"inLanguage":"pt-BR"},{"@type":["Person","Organization"],"@id":"https:\/\/renatodias.online\/movimento\/#\/schema\/person\/bbab28833b1725a20f4083f49f1fb2a9","name":"Renato Dias","image":{"@type":"ImageObject","inLanguage":"pt-BR","@id":"https:\/\/renatodias.online\/movimento\/wp-content\/uploads\/2023\/03\/cropped-cropped-cropped-logofinal.jpeg","url":"https:\/\/renatodias.online\/movimento\/wp-content\/uploads\/2023\/03\/cropped-cropped-cropped-logofinal.jpeg","contentUrl":"https:\/\/renatodias.online\/movimento\/wp-content\/uploads\/2023\/03\/cropped-cropped-cropped-logofinal.jpeg","width":1280,"height":219,"caption":"Renato Dias"},"logo":{"@id":"https:\/\/renatodias.online\/movimento\/wp-content\/uploads\/2023\/03\/cropped-cropped-cropped-logofinal.jpeg"},"description":"Renato Dias, 58 anos, \u00e9 graduado em Jornalismo, formado em Ci\u00eancias Sociais, com p\u00f3s-gradua\u00e7\u00e3o em Pol\u00edticas P\u00fablicas, mestre em Direito e Rela\u00e7\u00f5es Internacionais, ex-aluno extraordin\u00e1rio do Doutorado em Psicologia Social, ex-estudante do Curso de Psican\u00e1lise do Centro de Estudos Psicanal\u00edticos do Estado de Goi\u00e1s, ministrado pelo m\u00e9dico psiquiatra e psicanalista Daniel Em\u00eddio de Souza. \u00c9 autor de 30 livros-reportagem, oito document\u00e1rios, ganhou 30 pr\u00eamios e \u00e9 torcedor apaixonado do maior do Centro-Oeste, o Vila Nova Futebol Clube. Casado com Meirilane Dias, \u00e9 pai de Juliana Dias, jornalista; Daniel Dias, economista; e Maria Rosa Dias, estudante antifascista, socialista e trotskista.\u00a0Com tr\u00eas pets: Porquinho [Bull Dog Franc\u00eas], Dalila [Basset Hound] e Geleia [Basset Hound]. Al\u00e9m do eterno gato Tutuquinho, que virou estrela.","sameAs":["https:\/\/www.facebook.com\/renato.dias.37","#breve","https:\/\/renatodias.tumblr.com\/"],"url":"https:\/\/renatodias.online\/movimento\/author\/renatodias\/"}]}},"_links":{"self":[{"href":"https:\/\/renatodias.online\/movimento\/wp-json\/wp\/v2\/posts\/7186","targetHints":{"allow":["GET"]}}],"collection":[{"href":"https:\/\/renatodias.online\/movimento\/wp-json\/wp\/v2\/posts"}],"about":[{"href":"https:\/\/renatodias.online\/movimento\/wp-json\/wp\/v2\/types\/post"}],"author":[{"embeddable":true,"href":"https:\/\/renatodias.online\/movimento\/wp-json\/wp\/v2\/users\/2"}],"replies":[{"embeddable":true,"href":"https:\/\/renatodias.online\/movimento\/wp-json\/wp\/v2\/comments?post=7186"}],"version-history":[{"count":2,"href":"https:\/\/renatodias.online\/movimento\/wp-json\/wp\/v2\/posts\/7186\/revisions"}],"predecessor-version":[{"id":7188,"href":"https:\/\/renatodias.online\/movimento\/wp-json\/wp\/v2\/posts\/7186\/revisions\/7188"}],"wp:featuredmedia":[{"embeddable":true,"href":"https:\/\/renatodias.online\/movimento\/wp-json\/wp\/v2\/media\/4393"}],"wp:attachment":[{"href":"https:\/\/renatodias.online\/movimento\/wp-json\/wp\/v2\/media?parent=7186"}],"wp:term":[{"taxonomy":"category","embeddable":true,"href":"https:\/\/renatodias.online\/movimento\/wp-json\/wp\/v2\/categories?post=7186"},{"taxonomy":"post_tag","embeddable":true,"href":"https:\/\/renatodias.online\/movimento\/wp-json\/wp\/v2\/tags?post=7186"}],"curies":[{"name":"wp","href":"https:\/\/api.w.org\/{rel}","templated":true}]}}