{"id":7150,"date":"2021-06-15T00:00:48","date_gmt":"2021-06-15T03:00:48","guid":{"rendered":"https:\/\/renatodias.online\/movimento\/?p=7150"},"modified":"2021-06-15T08:52:38","modified_gmt":"2021-06-15T11:52:38","slug":"pedro-castillo-sob-cerco-no-peru","status":"publish","type":"post","link":"https:\/\/renatodias.online\/movimento\/2021\/06\/15\/pedro-castillo-sob-cerco-no-peru\/","title":{"rendered":"Pedro Castillo sob cerco no Peru"},"content":{"rendered":"<div class=\"adn ads\" data-message-id=\"#msg-a:r-6697096401573509988\" data-legacy-message-id=\"17a0d697b44449b3\">\n<div class=\"gs\">\n<div class=\"\">\n<div id=\":185\" class=\"ii gt\">\n<div id=\":184\" class=\"a3s aiL \">\n<div dir=\"auto\">\n<figure id=\"attachment_7157\" aria-describedby=\"caption-attachment-7157\" style=\"width: 1280px\" class=\"wp-caption alignnone\"><img loading=\"lazy\" decoding=\"async\" class=\"size-full wp-image-7157\" src=\"https:\/\/renatodias.online\/movimento\/wp-content\/uploads\/2021\/06\/Pedro-Castillo-_-Peru.jpg\" alt=\"\" width=\"1280\" height=\"680\" srcset=\"https:\/\/renatodias.online\/movimento\/wp-content\/uploads\/2021\/06\/Pedro-Castillo-_-Peru.jpg 1280w, https:\/\/renatodias.online\/movimento\/wp-content\/uploads\/2021\/06\/Pedro-Castillo-_-Peru-300x159.jpg 300w, https:\/\/renatodias.online\/movimento\/wp-content\/uploads\/2021\/06\/Pedro-Castillo-_-Peru-768x408.jpg 768w, https:\/\/renatodias.online\/movimento\/wp-content\/uploads\/2021\/06\/Pedro-Castillo-_-Peru-750x398.jpg 750w\" sizes=\"auto, (max-width: 1280px) 100vw, 1280px\" \/><figcaption id=\"caption-attachment-7157\" class=\"wp-caption-text\"><strong>Pedro Castillo<\/strong><\/figcaption><\/figure>\n<h1 dir=\"auto\"><img loading=\"lazy\" decoding=\"async\" class=\"alignnone size-full wp-image-5007\" src=\"https:\/\/renatodias.online\/movimento\/wp-content\/uploads\/2021\/01\/Alto-da-p\u00e1gina-Banner-Exclusivo.png\" alt=\"\" width=\"1224\" height=\"372\" \/><\/h1>\n<h1 dir=\"auto\" style=\"text-align: center;\"><span style=\"color: #ff0000;\">Pedro Castillo sob cerco no Peru<\/span><\/h1>\n<blockquote>\n<h1 dir=\"auto\" style=\"text-align: center;\"><span style=\"color: #808000;\"><strong>As veias abertas em Lima<\/strong><\/span><\/h1>\n<\/blockquote>\n<h1 dir=\"auto\"><strong><img loading=\"lazy\" decoding=\"async\" class=\"size-full wp-image-7158 aligncenter\" src=\"https:\/\/renatodias.online\/movimento\/wp-content\/uploads\/2021\/06\/Logo-_-Internacional.jpg\" alt=\"\" width=\"626\" height=\"156\" srcset=\"https:\/\/renatodias.online\/movimento\/wp-content\/uploads\/2021\/06\/Logo-_-Internacional.jpg 626w, https:\/\/renatodias.online\/movimento\/wp-content\/uploads\/2021\/06\/Logo-_-Internacional-300x75.jpg 300w\" sizes=\"auto, (max-width: 626px) 100vw, 626px\" \/><\/strong><\/h1>\n<p>Podcast<\/p>\n<p>Clayton de Souza Avelar<\/p>\n<!--[if lt IE 9]><script>document.createElement('audio');<\/script><![endif]-->\n<audio class=\"wp-audio-shortcode\" id=\"audio-7150-1\" preload=\"none\" style=\"width: 100%;\" controls=\"controls\"><source type=\"audio\/ogg\" src=\"https:\/\/renatodias.online\/movimento\/wp-content\/uploads\/2021\/06\/Clayton-de-Souza-Avelar.ogg?_=1\" \/><a href=\"https:\/\/renatodias.online\/movimento\/wp-content\/uploads\/2021\/06\/Clayton-de-Souza-Avelar.ogg\">https:\/\/renatodias.online\/movimento\/wp-content\/uploads\/2021\/06\/Clayton-de-Souza-Avelar.ogg<\/a><\/audio>\n<p>&nbsp;<\/p>\n<p>Carlos Ugo Santander<\/p>\n<audio class=\"wp-audio-shortcode\" id=\"audio-7150-2\" preload=\"none\" style=\"width: 100%;\" controls=\"controls\"><source type=\"audio\/ogg\" src=\"https:\/\/renatodias.online\/movimento\/wp-content\/uploads\/2021\/06\/Carlos-Ugo-Santander.ogg?_=2\" \/><a href=\"https:\/\/renatodias.online\/movimento\/wp-content\/uploads\/2021\/06\/Carlos-Ugo-Santander.ogg\">https:\/\/renatodias.online\/movimento\/wp-content\/uploads\/2021\/06\/Carlos-Ugo-Santander.ogg<\/a><\/audio>\n<p>&nbsp;<\/p>\n<p>Euler Ivo Vieira<\/p>\n<audio class=\"wp-audio-shortcode\" id=\"audio-7150-3\" preload=\"none\" style=\"width: 100%;\" controls=\"controls\"><source type=\"audio\/ogg\" src=\"https:\/\/renatodias.online\/movimento\/wp-content\/uploads\/2021\/06\/Euler-Ivo-Vieira.ogg?_=3\" \/><a href=\"https:\/\/renatodias.online\/movimento\/wp-content\/uploads\/2021\/06\/Euler-Ivo-Vieira.ogg\">https:\/\/renatodias.online\/movimento\/wp-content\/uploads\/2021\/06\/Euler-Ivo-Vieira.ogg<\/a><\/audio>\n<p>&nbsp;<\/p>\n<div dir=\"auto\"><\/div>\n<div dir=\"auto\"><strong>Renato Dias<\/strong><\/div>\n<div dir=\"auto\">A fragilidade das institui\u00e7\u00f5es \u00e9 a marca do Peru, hoje, em 2021. \u00c9 o que analisa o cientista pol\u00edtico e professor da Universidade Federal de Goi\u00e1s UFG <strong>Carlos Ugo Santander<\/strong>. Graduado em Ci\u00eancias Sociais, no Peru, com mestrado no M\u00e9xico, doutorado no Brasil, al\u00e9m de pesquisa p\u00f3s &#8211; doutoral na It\u00e1lia. Uma democracia com baixa densidade, denuncia. O professor e sindicalista <strong>Pedro Castillo<\/strong>, com uma plataforma republicana, n\u00e3o patrimonialista, de esquerda, ganhou, no segundo turno, as elei\u00e7\u00f5es presidenciais, diz a <strong>www.renatodias.online<\/strong><\/div>\n<div dir=\"auto\"><\/div>\n<div dir=\"auto\">\n<figure id=\"attachment_7156\" aria-describedby=\"caption-attachment-7156\" style=\"width: 900px\" class=\"wp-caption aligncenter\"><img loading=\"lazy\" decoding=\"async\" class=\"size-full wp-image-7156\" src=\"https:\/\/renatodias.online\/movimento\/wp-content\/uploads\/2021\/06\/Carlos-Ugo-Santander.jpg\" alt=\"\" width=\"900\" height=\"900\" srcset=\"https:\/\/renatodias.online\/movimento\/wp-content\/uploads\/2021\/06\/Carlos-Ugo-Santander.jpg 900w, https:\/\/renatodias.online\/movimento\/wp-content\/uploads\/2021\/06\/Carlos-Ugo-Santander-300x300.jpg 300w, https:\/\/renatodias.online\/movimento\/wp-content\/uploads\/2021\/06\/Carlos-Ugo-Santander-150x150.jpg 150w, https:\/\/renatodias.online\/movimento\/wp-content\/uploads\/2021\/06\/Carlos-Ugo-Santander-768x768.jpg 768w, https:\/\/renatodias.online\/movimento\/wp-content\/uploads\/2021\/06\/Carlos-Ugo-Santander-750x750.jpg 750w\" sizes=\"auto, (max-width: 900px) 100vw, 900px\" \/><figcaption id=\"caption-attachment-7156\" class=\"wp-caption-text\"><strong>O professor peruano Carlos Ugo Santander<\/strong><\/figcaption><\/figure>\n<p>&nbsp;<\/p>\n<\/div>\n<div dir=\"auto\"><strong>Keiko Fujimori<\/strong>, derrotada, de extrema-direita, quer anular as elei\u00e7\u00f5es, diz. Com o suporte dos conglomerados de comunica\u00e7\u00e3o, fuzila. Para impedir a posse de <strong>Pedro Castillo<\/strong>, pontua o docente. Uma tentativa de golpe, sublinha. A acusa\u00e7\u00e3o de suposta fraude \u00e9 falsa, n\u00e3o reconhecida pelos observadores internacionais, reclama. As elites do Peru atropelam o processo democr\u00e1tico, alerta. Pedro Castillo n\u00e3o \u00e9 terrorista, nem estabelecer\u00e1 uma Rep\u00fablica Venezuelana e prop\u00f5e a convoca\u00e7\u00e3o de uma Assembleia Constituinte com plebiscito nacional popular, ele atira.<\/div>\n<div dir=\"auto\"><\/div>\n<div dir=\"auto\">\n<figure id=\"attachment_7151\" aria-describedby=\"caption-attachment-7151\" style=\"width: 1100px\" class=\"wp-caption alignnone\"><img loading=\"lazy\" decoding=\"async\" class=\"size-full wp-image-7151\" src=\"https:\/\/renatodias.online\/movimento\/wp-content\/uploads\/2021\/06\/Keiko-Fujimori.jpg\" alt=\"\" width=\"1100\" height=\"734\" srcset=\"https:\/\/renatodias.online\/movimento\/wp-content\/uploads\/2021\/06\/Keiko-Fujimori.jpg 1100w, https:\/\/renatodias.online\/movimento\/wp-content\/uploads\/2021\/06\/Keiko-Fujimori-300x200.jpg 300w, https:\/\/renatodias.online\/movimento\/wp-content\/uploads\/2021\/06\/Keiko-Fujimori-768x512.jpg 768w, https:\/\/renatodias.online\/movimento\/wp-content\/uploads\/2021\/06\/Keiko-Fujimori-360x240.jpg 360w, https:\/\/renatodias.online\/movimento\/wp-content\/uploads\/2021\/06\/Keiko-Fujimori-750x500.jpg 750w\" sizes=\"auto, (max-width: 1100px) 100vw, 1100px\" \/><figcaption id=\"caption-attachment-7151\" class=\"wp-caption-text\"><strong>Keiko Fujimori, de extrema-direita, derrotada nas urnas<\/strong><\/figcaption><\/figure>\n<\/div>\n<div dir=\"auto\"><\/div>\n<div dir=\"auto\">Uma elei\u00e7\u00e3o, com dois projetos, explica <strong>Euler Ivo Vieira<\/strong>. Populares versus conservadores, examina o enrag\u00e9 de 1968. Pedro Castillo deveria elaborar um programa de 100 dias para reduzir as desigualdades econ\u00f4micas, sociais e regionais, com aux\u00edlio emergencial sob a Pandemia do Coronavirus Covid 19, relata. \u00c9 estrat\u00e9gico ampliar a sua capilaridade social e bases pol\u00edticas e parlamentares, para garantir a governabilidade e promover as mudan\u00e7as, diz. A realiza\u00e7\u00e3o de uma Assembleia Nacional Constituinte \u00e9 parte do programa, frisa o analista de cen\u00e1rios pol\u00edticos.<\/div>\n<div dir=\"auto\"><\/div>\n<\/div>\n<\/div>\n<div dir=\"auto\">\n<figure id=\"attachment_7152\" aria-describedby=\"caption-attachment-7152\" style=\"width: 673px\" class=\"wp-caption aligncenter\"><img loading=\"lazy\" decoding=\"async\" class=\"size-full wp-image-7152\" src=\"https:\/\/renatodias.online\/movimento\/wp-content\/uploads\/2021\/06\/Euler-Ivo-Vieirra-Peru.jpg\" alt=\"\" width=\"673\" height=\"673\" \/><figcaption id=\"caption-attachment-7152\" class=\"wp-caption-text\"><strong>Euler Ivo Vieira analisa polariza\u00e7\u00e3o no Peru<\/strong><\/figcaption><\/figure>\n<\/div>\n<div id=\":184\" class=\"a3s aiL \">\n<div dir=\"auto\">\n<div dir=\"auto\"><\/div>\n<div dir=\"auto\">J\u00e1 o historiador <strong>Clayton de Souza Avelar<\/strong> detecta polariza\u00e7\u00f5es entre a esquerda e a extrema-direita. O que perpassa toda a Am\u00e9rica Latina, hoje,\u00a0 insiste.Pedro Castillo deve se opor \u00e0 hegemonia do mercado, recusar a agenda neoliberal e cumprir o programa apresentado na campanha eleitoral, afirma. O pesquisador lembra que a extrema-direita latino-americana tem tradi\u00e7\u00e3o fascista, autorit\u00e1ria, de n\u00e3o respeitar a democracia. O Peru continuar\u00e1 sob tens\u00e3o pol\u00edtica, cr\u00ea o estudioso radicado em Bras\u00edlia. A capital da Rep\u00fablica. Sob Jair Messias Bolsonaro.<\/div>\n<div dir=\"auto\"><\/div>\n<div dir=\"auto\">\n<figure id=\"attachment_7153\" aria-describedby=\"caption-attachment-7153\" style=\"width: 1024px\" class=\"wp-caption alignnone\"><img loading=\"lazy\" decoding=\"async\" class=\"size-full wp-image-7153\" src=\"https:\/\/renatodias.online\/movimento\/wp-content\/uploads\/2021\/06\/Clayton-de-Souza-Avelar-_-Peru.jpg\" alt=\"\" width=\"1024\" height=\"641\" srcset=\"https:\/\/renatodias.online\/movimento\/wp-content\/uploads\/2021\/06\/Clayton-de-Souza-Avelar-_-Peru.jpg 1024w, https:\/\/renatodias.online\/movimento\/wp-content\/uploads\/2021\/06\/Clayton-de-Souza-Avelar-_-Peru-300x188.jpg 300w, https:\/\/renatodias.online\/movimento\/wp-content\/uploads\/2021\/06\/Clayton-de-Souza-Avelar-_-Peru-768x481.jpg 768w, https:\/\/renatodias.online\/movimento\/wp-content\/uploads\/2021\/06\/Clayton-de-Souza-Avelar-_-Peru-750x469.jpg 750w\" sizes=\"auto, (max-width: 1024px) 100vw, 1024px\" \/><figcaption id=\"caption-attachment-7153\" class=\"wp-caption-text\"><strong>Clayton de Souza Avelar, historiador, de Bras\u00edlia<\/strong><\/figcaption><\/figure>\n<\/div>\n<div dir=\"auto\"><\/div>\n<div dir=\"auto\">O marxista Pedro Castillo, no Peru, derrotou, nas urnas, os fascistas internos e externos, dispara o professor de Hist\u00f3ria <strong>Reinaldo de Assis Pantale\u00e3o<\/strong>. Uma vit\u00f3ria\u00a0 pol\u00edtica e eleitoral dos trabalhadores, conta. As direitas tentar\u00e3o impedir a posse e\u00a0 boicotar a agenda de transforma\u00e7\u00f5es do novo governo, aposta. A situa\u00e7\u00e3o \u00e9 explosiva, define &#8211; a <strong>Cristiano Rodrigues<\/strong>, jurista. O Peru dividiu-se, resume. A tradi\u00e7\u00e3o de golpes ronda a Am\u00e9rica Latina, sintetiza. \u00c0 direita, projeta o operador do Direito. Anistiado pol\u00edtico no Brasil. V\u00edtima da ditadura civil e militar.<\/div>\n<p>&nbsp;<\/p>\n<div dir=\"auto\">\n<figure id=\"attachment_7155\" aria-describedby=\"caption-attachment-7155\" style=\"width: 1133px\" class=\"wp-caption alignnone\"><img loading=\"lazy\" decoding=\"async\" class=\"size-full wp-image-7155\" src=\"https:\/\/renatodias.online\/movimento\/wp-content\/uploads\/2021\/06\/Cristiano-Rodrigues-_-Peru.jpg\" alt=\"\" width=\"1133\" height=\"2015\" srcset=\"https:\/\/renatodias.online\/movimento\/wp-content\/uploads\/2021\/06\/Cristiano-Rodrigues-_-Peru.jpg 1133w, https:\/\/renatodias.online\/movimento\/wp-content\/uploads\/2021\/06\/Cristiano-Rodrigues-_-Peru-169x300.jpg 169w, https:\/\/renatodias.online\/movimento\/wp-content\/uploads\/2021\/06\/Cristiano-Rodrigues-_-Peru-576x1024.jpg 576w, https:\/\/renatodias.online\/movimento\/wp-content\/uploads\/2021\/06\/Cristiano-Rodrigues-_-Peru-768x1366.jpg 768w, https:\/\/renatodias.online\/movimento\/wp-content\/uploads\/2021\/06\/Cristiano-Rodrigues-_-Peru-864x1536.jpg 864w, https:\/\/renatodias.online\/movimento\/wp-content\/uploads\/2021\/06\/Cristiano-Rodrigues-_-Peru-750x1334.jpg 750w\" sizes=\"auto, (max-width: 1133px) 100vw, 1133px\" \/><figcaption id=\"caption-attachment-7155\" class=\"wp-caption-text\"><strong>Cristiano Rodrigues, jurista<\/strong><\/figcaption><\/figure>\n<p>&nbsp;<\/p>\n<figure id=\"attachment_7154\" aria-describedby=\"caption-attachment-7154\" style=\"width: 1200px\" class=\"wp-caption alignnone\"><img loading=\"lazy\" decoding=\"async\" class=\"size-full wp-image-7154\" src=\"https:\/\/renatodias.online\/movimento\/wp-content\/uploads\/2021\/06\/Reinaldo-Pantaleao-Peru.jpg\" alt=\"\" width=\"1200\" height=\"675\" srcset=\"https:\/\/renatodias.online\/movimento\/wp-content\/uploads\/2021\/06\/Reinaldo-Pantaleao-Peru.jpg 1200w, https:\/\/renatodias.online\/movimento\/wp-content\/uploads\/2021\/06\/Reinaldo-Pantaleao-Peru-300x169.jpg 300w, https:\/\/renatodias.online\/movimento\/wp-content\/uploads\/2021\/06\/Reinaldo-Pantaleao-Peru-768x432.jpg 768w, https:\/\/renatodias.online\/movimento\/wp-content\/uploads\/2021\/06\/Reinaldo-Pantaleao-Peru-750x422.jpg 750w\" sizes=\"auto, (max-width: 1200px) 100vw, 1200px\" \/><figcaption id=\"caption-attachment-7154\" class=\"wp-caption-text\"><strong>Reinaldo de Assis Pantale\u00e3o, professor marxista de Hist\u00f3ria<\/strong><\/figcaption><\/figure>\n<\/div>\n<\/div>\n<\/div>\n<\/div>\n<\/div>\n<\/div>\n<\/div>\n<div class=\"dJ\"><\/div>\n","protected":false},"excerpt":{"rendered":"<p>Pedro Castillo sob cerco no Peru As veias abertas em Lima Podcast Clayton de Souza Avelar &nbsp; Carlos Ugo Santander &nbsp; Euler Ivo Vieira &nbsp; Renato Dias A fragilidade das institui\u00e7\u00f5es \u00e9 a marca do Peru, hoje, em 2021. \u00c9 o que analisa o cientista pol\u00edtico e professor da Universidade Federal de Goi\u00e1s UFG Carlos<\/p>\n","protected":false},"author":2,"featured_media":7159,"comment_status":"open","ping_status":"open","sticky":false,"template":"","format":"standard","meta":{"_acf_changed":false,"_monsterinsights_skip_tracking":false,"_monsterinsights_sitenote_active":false,"_monsterinsights_sitenote_note":"","_monsterinsights_sitenote_category":0,"footnotes":""},"categories":[36,4],"tags":[],"class_list":["post-7150","post","type-post","status-publish","format-standard","has-post-thumbnail","hentry","category-internacional","category-politica"],"acf":[],"yoast_head":"<!-- This site is optimized with the Yoast SEO plugin v27.4 - https:\/\/yoast.com\/product\/yoast-seo-wordpress\/ -->\n<title>Pedro Castillo sob cerco no Peru -<\/title>\n<meta name=\"robots\" content=\"index, follow, max-snippet:-1, max-image-preview:large, max-video-preview:-1\" \/>\n<link rel=\"canonical\" href=\"https:\/\/renatodias.online\/movimento\/2021\/06\/15\/pedro-castillo-sob-cerco-no-peru\/\" \/>\n<meta property=\"og:locale\" content=\"pt_BR\" \/>\n<meta property=\"og:type\" content=\"article\" \/>\n<meta property=\"og:title\" content=\"Pedro Castillo sob cerco no Peru -\" \/>\n<meta property=\"og:description\" content=\"Pedro Castillo sob cerco no Peru As veias abertas em Lima Podcast Clayton de Souza Avelar &nbsp; Carlos Ugo Santander &nbsp; Euler Ivo Vieira &nbsp; Renato Dias A fragilidade das institui\u00e7\u00f5es \u00e9 a marca do Peru, hoje, em 2021. \u00c9 o que analisa o cientista pol\u00edtico e professor da Universidade Federal de Goi\u00e1s UFG Carlos\" \/>\n<meta property=\"og:url\" content=\"https:\/\/renatodias.online\/movimento\/2021\/06\/15\/pedro-castillo-sob-cerco-no-peru\/\" \/>\n<meta property=\"article:publisher\" content=\"https:\/\/www.facebook.com\/renato.dias.37\" \/>\n<meta property=\"article:author\" content=\"https:\/\/www.facebook.com\/renato.dias.37\" \/>\n<meta property=\"article:published_time\" content=\"2021-06-15T03:00:48+00:00\" \/>\n<meta property=\"article:modified_time\" content=\"2021-06-15T11:52:38+00:00\" \/>\n<meta property=\"og:image\" content=\"https:\/\/renatodias.online\/movimento\/wp-content\/uploads\/2021\/06\/Pedro-Castillo-_-Link-e1623726038664.jpg\" \/>\n\t<meta property=\"og:image:width\" content=\"300\" \/>\n\t<meta property=\"og:image:height\" content=\"180\" \/>\n\t<meta property=\"og:image:type\" content=\"image\/jpeg\" \/>\n<meta name=\"author\" content=\"Renato Dias\" \/>\n<meta name=\"twitter:card\" content=\"summary_large_image\" \/>\n<meta name=\"twitter:creator\" content=\"@RenatoDiasBat\" \/>\n<meta name=\"twitter:site\" content=\"@RenatoDiasBat\" \/>\n<meta name=\"twitter:label1\" content=\"Escrito por\" \/>\n\t<meta name=\"twitter:data1\" content=\"Renato Dias\" \/>\n\t<meta name=\"twitter:label2\" content=\"Est. tempo de leitura\" \/>\n\t<meta name=\"twitter:data2\" content=\"3 minutos\" \/>\n<script type=\"application\/ld+json\" class=\"yoast-schema-graph\">{\"@context\":\"https:\\\/\\\/schema.org\",\"@graph\":[{\"@type\":\"Article\",\"@id\":\"https:\\\/\\\/renatodias.online\\\/movimento\\\/2021\\\/06\\\/15\\\/pedro-castillo-sob-cerco-no-peru\\\/#article\",\"isPartOf\":{\"@id\":\"https:\\\/\\\/renatodias.online\\\/movimento\\\/2021\\\/06\\\/15\\\/pedro-castillo-sob-cerco-no-peru\\\/\"},\"author\":{\"name\":\"Renato Dias\",\"@id\":\"https:\\\/\\\/renatodias.online\\\/movimento\\\/#\\\/schema\\\/person\\\/bbab28833b1725a20f4083f49f1fb2a9\"},\"headline\":\"Pedro Castillo sob cerco no Peru\",\"datePublished\":\"2021-06-15T03:00:48+00:00\",\"dateModified\":\"2021-06-15T11:52:38+00:00\",\"mainEntityOfPage\":{\"@id\":\"https:\\\/\\\/renatodias.online\\\/movimento\\\/2021\\\/06\\\/15\\\/pedro-castillo-sob-cerco-no-peru\\\/\"},\"wordCount\":611,\"commentCount\":0,\"publisher\":{\"@id\":\"https:\\\/\\\/renatodias.online\\\/movimento\\\/#\\\/schema\\\/person\\\/bbab28833b1725a20f4083f49f1fb2a9\"},\"image\":{\"@id\":\"https:\\\/\\\/renatodias.online\\\/movimento\\\/2021\\\/06\\\/15\\\/pedro-castillo-sob-cerco-no-peru\\\/#primaryimage\"},\"thumbnailUrl\":\"https:\\\/\\\/renatodias.online\\\/movimento\\\/wp-content\\\/uploads\\\/2021\\\/06\\\/Pedro-Castillo-_-Link-e1623726038664.jpg\",\"articleSection\":[\"Internacional\",\"Pol\u00edtica\"],\"inLanguage\":\"pt-BR\",\"potentialAction\":[{\"@type\":\"CommentAction\",\"name\":\"Comment\",\"target\":[\"https:\\\/\\\/renatodias.online\\\/movimento\\\/2021\\\/06\\\/15\\\/pedro-castillo-sob-cerco-no-peru\\\/#respond\"]}]},{\"@type\":\"WebPage\",\"@id\":\"https:\\\/\\\/renatodias.online\\\/movimento\\\/2021\\\/06\\\/15\\\/pedro-castillo-sob-cerco-no-peru\\\/\",\"url\":\"https:\\\/\\\/renatodias.online\\\/movimento\\\/2021\\\/06\\\/15\\\/pedro-castillo-sob-cerco-no-peru\\\/\",\"name\":\"Pedro Castillo sob cerco no Peru -\",\"isPartOf\":{\"@id\":\"https:\\\/\\\/renatodias.online\\\/movimento\\\/#website\"},\"primaryImageOfPage\":{\"@id\":\"https:\\\/\\\/renatodias.online\\\/movimento\\\/2021\\\/06\\\/15\\\/pedro-castillo-sob-cerco-no-peru\\\/#primaryimage\"},\"image\":{\"@id\":\"https:\\\/\\\/renatodias.online\\\/movimento\\\/2021\\\/06\\\/15\\\/pedro-castillo-sob-cerco-no-peru\\\/#primaryimage\"},\"thumbnailUrl\":\"https:\\\/\\\/renatodias.online\\\/movimento\\\/wp-content\\\/uploads\\\/2021\\\/06\\\/Pedro-Castillo-_-Link-e1623726038664.jpg\",\"datePublished\":\"2021-06-15T03:00:48+00:00\",\"dateModified\":\"2021-06-15T11:52:38+00:00\",\"breadcrumb\":{\"@id\":\"https:\\\/\\\/renatodias.online\\\/movimento\\\/2021\\\/06\\\/15\\\/pedro-castillo-sob-cerco-no-peru\\\/#breadcrumb\"},\"inLanguage\":\"pt-BR\",\"potentialAction\":[{\"@type\":\"ReadAction\",\"target\":[\"https:\\\/\\\/renatodias.online\\\/movimento\\\/2021\\\/06\\\/15\\\/pedro-castillo-sob-cerco-no-peru\\\/\"]}]},{\"@type\":\"ImageObject\",\"inLanguage\":\"pt-BR\",\"@id\":\"https:\\\/\\\/renatodias.online\\\/movimento\\\/2021\\\/06\\\/15\\\/pedro-castillo-sob-cerco-no-peru\\\/#primaryimage\",\"url\":\"https:\\\/\\\/renatodias.online\\\/movimento\\\/wp-content\\\/uploads\\\/2021\\\/06\\\/Pedro-Castillo-_-Link-e1623726038664.jpg\",\"contentUrl\":\"https:\\\/\\\/renatodias.online\\\/movimento\\\/wp-content\\\/uploads\\\/2021\\\/06\\\/Pedro-Castillo-_-Link-e1623726038664.jpg\",\"width\":300,\"height\":180,\"caption\":\"Pedro Castillo \u00e9 eleito presidente do Peru e n\u00e3o homologado at\u00e9 hoje\"},{\"@type\":\"BreadcrumbList\",\"@id\":\"https:\\\/\\\/renatodias.online\\\/movimento\\\/2021\\\/06\\\/15\\\/pedro-castillo-sob-cerco-no-peru\\\/#breadcrumb\",\"itemListElement\":[{\"@type\":\"ListItem\",\"position\":1,\"name\":\"In\u00edcio\",\"item\":\"https:\\\/\\\/renatodias.online\\\/movimento\\\/\"},{\"@type\":\"ListItem\",\"position\":2,\"name\":\"Pedro Castillo sob cerco no Peru\"}]},{\"@type\":\"WebSite\",\"@id\":\"https:\\\/\\\/renatodias.online\\\/movimento\\\/#website\",\"url\":\"https:\\\/\\\/renatodias.online\\\/movimento\\\/\",\"name\":\"\",\"description\":\"\",\"publisher\":{\"@id\":\"https:\\\/\\\/renatodias.online\\\/movimento\\\/#\\\/schema\\\/person\\\/bbab28833b1725a20f4083f49f1fb2a9\"},\"potentialAction\":[{\"@type\":\"SearchAction\",\"target\":{\"@type\":\"EntryPoint\",\"urlTemplate\":\"https:\\\/\\\/renatodias.online\\\/movimento\\\/?s={search_term_string}\"},\"query-input\":{\"@type\":\"PropertyValueSpecification\",\"valueRequired\":true,\"valueName\":\"search_term_string\"}}],\"inLanguage\":\"pt-BR\"},{\"@type\":[\"Person\",\"Organization\"],\"@id\":\"https:\\\/\\\/renatodias.online\\\/movimento\\\/#\\\/schema\\\/person\\\/bbab28833b1725a20f4083f49f1fb2a9\",\"name\":\"Renato Dias\",\"image\":{\"@type\":\"ImageObject\",\"inLanguage\":\"pt-BR\",\"@id\":\"https:\\\/\\\/renatodias.online\\\/movimento\\\/wp-content\\\/uploads\\\/2023\\\/03\\\/cropped-cropped-cropped-logofinal.jpeg\",\"url\":\"https:\\\/\\\/renatodias.online\\\/movimento\\\/wp-content\\\/uploads\\\/2023\\\/03\\\/cropped-cropped-cropped-logofinal.jpeg\",\"contentUrl\":\"https:\\\/\\\/renatodias.online\\\/movimento\\\/wp-content\\\/uploads\\\/2023\\\/03\\\/cropped-cropped-cropped-logofinal.jpeg\",\"width\":1280,\"height\":219,\"caption\":\"Renato Dias\"},\"logo\":{\"@id\":\"https:\\\/\\\/renatodias.online\\\/movimento\\\/wp-content\\\/uploads\\\/2023\\\/03\\\/cropped-cropped-cropped-logofinal.jpeg\"},\"description\":\"Renato Dias, 58 anos, \u00e9 graduado em Jornalismo, formado em Ci\u00eancias Sociais, com p\u00f3s-gradua\u00e7\u00e3o em Pol\u00edticas P\u00fablicas, mestre em Direito e Rela\u00e7\u00f5es Internacionais, ex-aluno extraordin\u00e1rio do Doutorado em Psicologia Social, ex-estudante do Curso de Psican\u00e1lise do Centro de Estudos Psicanal\u00edticos do Estado de Goi\u00e1s, ministrado pelo m\u00e9dico psiquiatra e psicanalista Daniel Em\u00eddio de Souza. \u00c9 autor de 30 livros-reportagem, oito document\u00e1rios, ganhou 30 pr\u00eamios e \u00e9 torcedor apaixonado do maior do Centro-Oeste, o Vila Nova Futebol Clube. Casado com Meirilane Dias, \u00e9 pai de Juliana Dias, jornalista; Daniel Dias, economista; e Maria Rosa Dias, estudante antifascista, socialista e trotskista.\u00a0Com tr\u00eas pets: Porquinho [Bull Dog Franc\u00eas], Dalila [Basset Hound] e Geleia [Basset Hound]. Al\u00e9m do eterno gato Tutuquinho, que virou estrela.\",\"sameAs\":[\"https:\\\/\\\/www.facebook.com\\\/renato.dias.37\",\"#breve\",\"https:\\\/\\\/renatodias.tumblr.com\\\/\"],\"url\":\"https:\\\/\\\/renatodias.online\\\/movimento\\\/author\\\/renatodias\\\/\"}]}<\/script>\n<!-- \/ Yoast SEO plugin. -->","yoast_head_json":{"title":"Pedro Castillo sob cerco no Peru -","robots":{"index":"index","follow":"follow","max-snippet":"max-snippet:-1","max-image-preview":"max-image-preview:large","max-video-preview":"max-video-preview:-1"},"canonical":"https:\/\/renatodias.online\/movimento\/2021\/06\/15\/pedro-castillo-sob-cerco-no-peru\/","og_locale":"pt_BR","og_type":"article","og_title":"Pedro Castillo sob cerco no Peru -","og_description":"Pedro Castillo sob cerco no Peru As veias abertas em Lima Podcast Clayton de Souza Avelar &nbsp; Carlos Ugo Santander &nbsp; Euler Ivo Vieira &nbsp; Renato Dias A fragilidade das institui\u00e7\u00f5es \u00e9 a marca do Peru, hoje, em 2021. \u00c9 o que analisa o cientista pol\u00edtico e professor da Universidade Federal de Goi\u00e1s UFG Carlos","og_url":"https:\/\/renatodias.online\/movimento\/2021\/06\/15\/pedro-castillo-sob-cerco-no-peru\/","article_publisher":"https:\/\/www.facebook.com\/renato.dias.37","article_author":"https:\/\/www.facebook.com\/renato.dias.37","article_published_time":"2021-06-15T03:00:48+00:00","article_modified_time":"2021-06-15T11:52:38+00:00","og_image":[{"width":300,"height":180,"url":"https:\/\/renatodias.online\/movimento\/wp-content\/uploads\/2021\/06\/Pedro-Castillo-_-Link-e1623726038664.jpg","type":"image\/jpeg"}],"author":"Renato Dias","twitter_card":"summary_large_image","twitter_creator":"@RenatoDiasBat","twitter_site":"@RenatoDiasBat","twitter_misc":{"Escrito por":"Renato Dias","Est. tempo de leitura":"3 minutos"},"schema":{"@context":"https:\/\/schema.org","@graph":[{"@type":"Article","@id":"https:\/\/renatodias.online\/movimento\/2021\/06\/15\/pedro-castillo-sob-cerco-no-peru\/#article","isPartOf":{"@id":"https:\/\/renatodias.online\/movimento\/2021\/06\/15\/pedro-castillo-sob-cerco-no-peru\/"},"author":{"name":"Renato Dias","@id":"https:\/\/renatodias.online\/movimento\/#\/schema\/person\/bbab28833b1725a20f4083f49f1fb2a9"},"headline":"Pedro Castillo sob cerco no Peru","datePublished":"2021-06-15T03:00:48+00:00","dateModified":"2021-06-15T11:52:38+00:00","mainEntityOfPage":{"@id":"https:\/\/renatodias.online\/movimento\/2021\/06\/15\/pedro-castillo-sob-cerco-no-peru\/"},"wordCount":611,"commentCount":0,"publisher":{"@id":"https:\/\/renatodias.online\/movimento\/#\/schema\/person\/bbab28833b1725a20f4083f49f1fb2a9"},"image":{"@id":"https:\/\/renatodias.online\/movimento\/2021\/06\/15\/pedro-castillo-sob-cerco-no-peru\/#primaryimage"},"thumbnailUrl":"https:\/\/renatodias.online\/movimento\/wp-content\/uploads\/2021\/06\/Pedro-Castillo-_-Link-e1623726038664.jpg","articleSection":["Internacional","Pol\u00edtica"],"inLanguage":"pt-BR","potentialAction":[{"@type":"CommentAction","name":"Comment","target":["https:\/\/renatodias.online\/movimento\/2021\/06\/15\/pedro-castillo-sob-cerco-no-peru\/#respond"]}]},{"@type":"WebPage","@id":"https:\/\/renatodias.online\/movimento\/2021\/06\/15\/pedro-castillo-sob-cerco-no-peru\/","url":"https:\/\/renatodias.online\/movimento\/2021\/06\/15\/pedro-castillo-sob-cerco-no-peru\/","name":"Pedro Castillo sob cerco no Peru -","isPartOf":{"@id":"https:\/\/renatodias.online\/movimento\/#website"},"primaryImageOfPage":{"@id":"https:\/\/renatodias.online\/movimento\/2021\/06\/15\/pedro-castillo-sob-cerco-no-peru\/#primaryimage"},"image":{"@id":"https:\/\/renatodias.online\/movimento\/2021\/06\/15\/pedro-castillo-sob-cerco-no-peru\/#primaryimage"},"thumbnailUrl":"https:\/\/renatodias.online\/movimento\/wp-content\/uploads\/2021\/06\/Pedro-Castillo-_-Link-e1623726038664.jpg","datePublished":"2021-06-15T03:00:48+00:00","dateModified":"2021-06-15T11:52:38+00:00","breadcrumb":{"@id":"https:\/\/renatodias.online\/movimento\/2021\/06\/15\/pedro-castillo-sob-cerco-no-peru\/#breadcrumb"},"inLanguage":"pt-BR","potentialAction":[{"@type":"ReadAction","target":["https:\/\/renatodias.online\/movimento\/2021\/06\/15\/pedro-castillo-sob-cerco-no-peru\/"]}]},{"@type":"ImageObject","inLanguage":"pt-BR","@id":"https:\/\/renatodias.online\/movimento\/2021\/06\/15\/pedro-castillo-sob-cerco-no-peru\/#primaryimage","url":"https:\/\/renatodias.online\/movimento\/wp-content\/uploads\/2021\/06\/Pedro-Castillo-_-Link-e1623726038664.jpg","contentUrl":"https:\/\/renatodias.online\/movimento\/wp-content\/uploads\/2021\/06\/Pedro-Castillo-_-Link-e1623726038664.jpg","width":300,"height":180,"caption":"Pedro Castillo \u00e9 eleito presidente do Peru e n\u00e3o homologado at\u00e9 hoje"},{"@type":"BreadcrumbList","@id":"https:\/\/renatodias.online\/movimento\/2021\/06\/15\/pedro-castillo-sob-cerco-no-peru\/#breadcrumb","itemListElement":[{"@type":"ListItem","position":1,"name":"In\u00edcio","item":"https:\/\/renatodias.online\/movimento\/"},{"@type":"ListItem","position":2,"name":"Pedro Castillo sob cerco no Peru"}]},{"@type":"WebSite","@id":"https:\/\/renatodias.online\/movimento\/#website","url":"https:\/\/renatodias.online\/movimento\/","name":"","description":"","publisher":{"@id":"https:\/\/renatodias.online\/movimento\/#\/schema\/person\/bbab28833b1725a20f4083f49f1fb2a9"},"potentialAction":[{"@type":"SearchAction","target":{"@type":"EntryPoint","urlTemplate":"https:\/\/renatodias.online\/movimento\/?s={search_term_string}"},"query-input":{"@type":"PropertyValueSpecification","valueRequired":true,"valueName":"search_term_string"}}],"inLanguage":"pt-BR"},{"@type":["Person","Organization"],"@id":"https:\/\/renatodias.online\/movimento\/#\/schema\/person\/bbab28833b1725a20f4083f49f1fb2a9","name":"Renato Dias","image":{"@type":"ImageObject","inLanguage":"pt-BR","@id":"https:\/\/renatodias.online\/movimento\/wp-content\/uploads\/2023\/03\/cropped-cropped-cropped-logofinal.jpeg","url":"https:\/\/renatodias.online\/movimento\/wp-content\/uploads\/2023\/03\/cropped-cropped-cropped-logofinal.jpeg","contentUrl":"https:\/\/renatodias.online\/movimento\/wp-content\/uploads\/2023\/03\/cropped-cropped-cropped-logofinal.jpeg","width":1280,"height":219,"caption":"Renato Dias"},"logo":{"@id":"https:\/\/renatodias.online\/movimento\/wp-content\/uploads\/2023\/03\/cropped-cropped-cropped-logofinal.jpeg"},"description":"Renato Dias, 58 anos, \u00e9 graduado em Jornalismo, formado em Ci\u00eancias Sociais, com p\u00f3s-gradua\u00e7\u00e3o em Pol\u00edticas P\u00fablicas, mestre em Direito e Rela\u00e7\u00f5es Internacionais, ex-aluno extraordin\u00e1rio do Doutorado em Psicologia Social, ex-estudante do Curso de Psican\u00e1lise do Centro de Estudos Psicanal\u00edticos do Estado de Goi\u00e1s, ministrado pelo m\u00e9dico psiquiatra e psicanalista Daniel Em\u00eddio de Souza. \u00c9 autor de 30 livros-reportagem, oito document\u00e1rios, ganhou 30 pr\u00eamios e \u00e9 torcedor apaixonado do maior do Centro-Oeste, o Vila Nova Futebol Clube. Casado com Meirilane Dias, \u00e9 pai de Juliana Dias, jornalista; Daniel Dias, economista; e Maria Rosa Dias, estudante antifascista, socialista e trotskista.\u00a0Com tr\u00eas pets: Porquinho [Bull Dog Franc\u00eas], Dalila [Basset Hound] e Geleia [Basset Hound]. Al\u00e9m do eterno gato Tutuquinho, que virou estrela.","sameAs":["https:\/\/www.facebook.com\/renato.dias.37","#breve","https:\/\/renatodias.tumblr.com\/"],"url":"https:\/\/renatodias.online\/movimento\/author\/renatodias\/"}]}},"_links":{"self":[{"href":"https:\/\/renatodias.online\/movimento\/wp-json\/wp\/v2\/posts\/7150","targetHints":{"allow":["GET"]}}],"collection":[{"href":"https:\/\/renatodias.online\/movimento\/wp-json\/wp\/v2\/posts"}],"about":[{"href":"https:\/\/renatodias.online\/movimento\/wp-json\/wp\/v2\/types\/post"}],"author":[{"embeddable":true,"href":"https:\/\/renatodias.online\/movimento\/wp-json\/wp\/v2\/users\/2"}],"replies":[{"embeddable":true,"href":"https:\/\/renatodias.online\/movimento\/wp-json\/wp\/v2\/comments?post=7150"}],"version-history":[{"count":5,"href":"https:\/\/renatodias.online\/movimento\/wp-json\/wp\/v2\/posts\/7150\/revisions"}],"predecessor-version":[{"id":7167,"href":"https:\/\/renatodias.online\/movimento\/wp-json\/wp\/v2\/posts\/7150\/revisions\/7167"}],"wp:featuredmedia":[{"embeddable":true,"href":"https:\/\/renatodias.online\/movimento\/wp-json\/wp\/v2\/media\/7159"}],"wp:attachment":[{"href":"https:\/\/renatodias.online\/movimento\/wp-json\/wp\/v2\/media?parent=7150"}],"wp:term":[{"taxonomy":"category","embeddable":true,"href":"https:\/\/renatodias.online\/movimento\/wp-json\/wp\/v2\/categories?post=7150"},{"taxonomy":"post_tag","embeddable":true,"href":"https:\/\/renatodias.online\/movimento\/wp-json\/wp\/v2\/tags?post=7150"}],"curies":[{"name":"wp","href":"https:\/\/api.w.org\/{rel}","templated":true}]}}