{"id":7105,"date":"2021-06-13T22:01:36","date_gmt":"2021-06-14T01:01:36","guid":{"rendered":"https:\/\/renatodias.online\/movimento\/?p=7105"},"modified":"2021-10-17T17:05:43","modified_gmt":"2021-10-17T20:05:43","slug":"mr-8-o-discreto-charme-da-esquerda-em-armas","status":"publish","type":"post","link":"https:\/\/renatodias.online\/movimento\/2021\/06\/13\/mr-8-o-discreto-charme-da-esquerda-em-armas\/","title":{"rendered":"MR-8, discreto charme da esquerda armada"},"content":{"rendered":"<p><img loading=\"lazy\" decoding=\"async\" class=\"alignnone size-full wp-image-9334\" src=\"https:\/\/renatodias.online\/movimento\/wp-content\/uploads\/2021\/10\/Personagens-da-luta-contra-a-ditadura-Card.jpg\" alt=\"\" width=\"1167\" height=\"341\" \/><\/p>\n<figure id=\"attachment_5888\" aria-describedby=\"caption-attachment-5888\" style=\"width: 600px\" class=\"wp-caption aligncenter\"><img loading=\"lazy\" decoding=\"async\" class=\"size-full wp-image-5888\" src=\"https:\/\/renatodias.online\/movimento\/wp-content\/uploads\/2021\/04\/Bomba-A-morte-da-Politica.jpg\" alt=\"explosivo\" width=\"600\" height=\"600\" \/><figcaption id=\"caption-attachment-5888\" class=\"wp-caption-text\"><span style=\"color: #ff00ff;\"><strong>explosivo<\/strong><\/span><\/figcaption><\/figure>\n<h3 style=\"text-align: center;\"><span style=\"color: #ff0000;\"><strong>MR-8, o discreto charme da esquerda em armas<\/strong><\/span><\/h3>\n<p><strong><img loading=\"lazy\" decoding=\"async\" class=\"alignnone size-full wp-image-7107\" src=\"https:\/\/renatodias.online\/movimento\/wp-content\/uploads\/2021\/06\/Logomarca-de-Historia-_-MR-8.jpg\" alt=\"\" width=\"1024\" height=\"681\" \/><\/strong><\/p>\n<p style=\"text-align: center;\"><span style=\"color: #3366ff;\"><strong>Tr\u00eas fases da DI-GB: pr\u00e9-1964, p\u00f3s-1967 e depois de 1972, no Chile, ex\u00edlio<\/strong><\/span><\/p>\n<p><strong>Renato Dias<\/strong><\/p>\n<p>Charles Burke Elbrick, nascido em 25 de mar\u00e7o de 1908, em Louisville, EUA, circulava com o seu motorista no carro oficial da Embaixada dos EUA, no Rio de Janeiro. Logo v\u00ea o seu ve\u00edculo ser abalroado e interceptado. De cara, leva uma pancada na testa. O diplomata acabava de ser capturado. Por um cons\u00f3rcio revolucion\u00e1rio. N\u00e3o \u00e9 sequestro, tipificado como crime comum. Tratava &#8211; se de uma opera\u00e7\u00e3o revolucion\u00e1ria. Dia 4 de setembro de 1969. Para libertar 15 presos pol\u00edticos e divulgar um manifesto nos conglomerados de comunica\u00e7\u00e3o. O texto era de autoria de Franklin Martins. <strong>\u2018<\/strong><strong>Olho por olho. Dente por dente<\/strong><strong>\u2019<\/strong>. Assim terminava o documento. Assinado pela ALN e o MR-8. At\u00e9 ent\u00e3o uma organiza\u00e7\u00e3o fora do radar da ditadura civil e militar no Brasil.<\/p>\n<figure id=\"attachment_6511\" aria-describedby=\"caption-attachment-6511\" style=\"width: 1200px\" class=\"wp-caption alignnone\"><img loading=\"lazy\" decoding=\"async\" class=\"size-full wp-image-6511\" src=\"https:\/\/renatodias.online\/movimento\/wp-content\/uploads\/2021\/05\/Charles-Burke-Elbrick.jpg\" alt=\"\" width=\"1200\" height=\"675\" \/><figcaption id=\"caption-attachment-6511\" class=\"wp-caption-text\"><strong>Charles Burke Elbrick<\/strong><\/figcaption><\/figure>\n<p>Como a ALN, de Carlos Marighella e Joaquim C\u00e2mara Ferreira, o MR-8 tamb\u00e9m \u00e9 uma ruptura do PCB. A sigla da foice e do martelo fundada em 25 de mar\u00e7o de 1922, em Niter\u00f3i, por nove oper\u00e1rios. P\u00f3s-revolu\u00e7\u00e3o socialista de 25 de outubro ou 7 de novembro de 1917, como anota o novo calend\u00e1rio, na R\u00fassia. O primeiro mal-estar que leva \u00e0 cria\u00e7\u00e3o de um n\u00facleo de estudantes da Guanabara distante das diretrizes do Comit\u00ea Central, sob a hegemonia do Cavaleiro da Esperan\u00e7a, Luiz Carlos Prestes, \u00e9 sentido antes ao golpe de Estado civil e militar de 1964. Por alunos da Faculdade Nacional de Filosofia. O embri\u00e3o, pr\u00e9-1964, sem organicidade nem capilaridade, era formado por Vladimir Palmeira, Jorge Eduardo Saavedra Dur\u00e3o e Jorge Vilain.<\/p>\n<figure id=\"attachment_7108\" aria-describedby=\"caption-attachment-7108\" style=\"width: 2400px\" class=\"wp-caption alignnone\"><img loading=\"lazy\" decoding=\"async\" class=\"size-full wp-image-7108\" src=\"https:\/\/renatodias.online\/movimento\/wp-content\/uploads\/2021\/06\/Vladimir-Palmeira-_-MR-8.jpg\" alt=\"\" width=\"2400\" height=\"1599\" srcset=\"https:\/\/renatodias.online\/movimento\/wp-content\/uploads\/2021\/06\/Vladimir-Palmeira-_-MR-8.jpg 2400w, https:\/\/renatodias.online\/movimento\/wp-content\/uploads\/2021\/06\/Vladimir-Palmeira-_-MR-8-300x200.jpg 300w, https:\/\/renatodias.online\/movimento\/wp-content\/uploads\/2021\/06\/Vladimir-Palmeira-_-MR-8-1537x1024.jpg 1537w, https:\/\/renatodias.online\/movimento\/wp-content\/uploads\/2021\/06\/Vladimir-Palmeira-_-MR-8-768x512.jpg 768w, https:\/\/renatodias.online\/movimento\/wp-content\/uploads\/2021\/06\/Vladimir-Palmeira-_-MR-8-1536x1023.jpg 1536w, https:\/\/renatodias.online\/movimento\/wp-content\/uploads\/2021\/06\/Vladimir-Palmeira-_-MR-8-2048x1364.jpg 2048w, https:\/\/renatodias.online\/movimento\/wp-content\/uploads\/2021\/06\/Vladimir-Palmeira-_-MR-8-360x240.jpg 360w, https:\/\/renatodias.online\/movimento\/wp-content\/uploads\/2021\/06\/Vladimir-Palmeira-_-MR-8-750x500.jpg 750w\" sizes=\"auto, (max-width: 2400px) 100vw, 2400px\" \/><figcaption id=\"caption-attachment-7108\" class=\"wp-caption-text\"><strong>Vladimir Palmeira, presidente da UME<br \/><\/strong><\/figcaption><\/figure>\n<p>O PCB, tanto em 1958 quanto no seu V Congresso, elabora a rotulada Teoria das Duas Etapas. Com uma vis\u00e3o dualista. De um suposto Brasil semifeudal. O que requer, como t\u00e1tica e estrat\u00e9gia, primeiro, uma revolu\u00e7\u00e3o democr\u00e1tica nacional. Com a burguesia. Segundo, uma transi\u00ad\u00e7\u00e3o pac\u00edfica ao socialismo. Tempos de guerra fria e de coexist\u00eancia pac\u00edfica [1945-1991]. O coro\u00adl\u00e1\u00adrio da an\u00e1lise \u00e9 a ades\u00e3o a Jo\u00e3o Belchior Marques Goulart, presidente da Rep\u00fablica que assu\u00admi\u00adra o poder com a ren\u00fancia da et\u00edlica vassoura J\u00e2nio da Silva Quadros, em 25 de agosto de 1961. Uma tentativa de autogolpe fracassada. Jango, ex-zagueiro das categorias de base do Internacional de Porto Alegre, ga\u00facho de S\u00e3o Borja, graduado em Direito, propriet\u00e1rio rural.<\/p>\n<figure id=\"attachment_7109\" aria-describedby=\"caption-attachment-7109\" style=\"width: 1494px\" class=\"wp-caption alignnone\"><img loading=\"lazy\" decoding=\"async\" class=\"size-full wp-image-7109\" src=\"https:\/\/renatodias.online\/movimento\/wp-content\/uploads\/2021\/06\/Joao-Belchior-Marques-Goulart-_-MR-8.jpg\" alt=\"\" width=\"1494\" height=\"681\" \/><figcaption id=\"caption-attachment-7109\" class=\"wp-caption-text\"><strong>Jo\u00e3o Belchior Marques Goulart, presidente da Rep\u00fablica<\/strong><\/figcaption><\/figure>\n<p>Um nacional-estatista. Em sua vers\u00e3o trabalhista. O herdeiro pol\u00edtico e eleitoral de Get\u00falio Vargas. Os comunistas adotam tr\u00eas perspectivas, diz o pesquisador <strong>Higor Codarin<\/strong>. Etapista, reboquista e pacifista, define &#8211; as. Uma estranha derrota ocorre em 31 de mar\u00e7o, 1\u00ba e 2 de abril de 1964. Sem resist\u00eancia.Do Partid\u00e3o.\u00a0Inerte. Uma passeata militar, teria apontado o historiador Caio Prado J\u00fanior. O PCB, em 1965, recomenda o voto em Negr\u00e3o de Lima. Nas elei\u00e7\u00f5es ao Governo da Guanabara.\u00a0 J\u00e1 em 1966 a op\u00e7\u00e3o \u00e9 pelo voto no MDB [Movimento Democr\u00e1tico Brasileiro].\u00a0 Nos pleitos legislativos. O racha pol\u00edtico e ideol\u00f3gico dos estudantes ocorre em novem\u00adbro de 1966. A Dissid\u00eancia Estudantil da Guanabara queria o voto nulo e \u00e9 expulsa do PCB<\/p>\n<figure id=\"attachment_7111\" aria-describedby=\"caption-attachment-7111\" style=\"width: 1280px\" class=\"wp-caption alignnone\"><img loading=\"lazy\" decoding=\"async\" class=\"size-full wp-image-7111\" src=\"https:\/\/renatodias.online\/movimento\/wp-content\/uploads\/2021\/06\/Luiz-Carlos-Prestes-_-MR-8.jpeg\" alt=\"\" width=\"1280\" height=\"720\" srcset=\"https:\/\/renatodias.online\/movimento\/wp-content\/uploads\/2021\/06\/Luiz-Carlos-Prestes-_-MR-8.jpeg 1280w, https:\/\/renatodias.online\/movimento\/wp-content\/uploads\/2021\/06\/Luiz-Carlos-Prestes-_-MR-8-300x169.jpeg 300w, https:\/\/renatodias.online\/movimento\/wp-content\/uploads\/2021\/06\/Luiz-Carlos-Prestes-_-MR-8-768x432.jpeg 768w, https:\/\/renatodias.online\/movimento\/wp-content\/uploads\/2021\/06\/Luiz-Carlos-Prestes-_-MR-8-750x422.jpeg 750w\" sizes=\"auto, (max-width: 1280px) 100vw, 1280px\" \/><figcaption id=\"caption-attachment-7111\" class=\"wp-caption-text\"><strong>Luiz Carlos Prestes, secret\u00e1rio-geral do PCB<\/strong><\/figcaption><\/figure>\n<p>Em 1967, a DI_GB possu\u00eda em suas fileiras Vladimir Palmeira, Daniel Aar\u00e3o Reis, Samuel Aar\u00e3o Reis, Luiz Eduardo Prado, Franklin Martins, Cid Benjamin, Vera S\u00edlvia Magalh\u00e3es, Jos\u00e9 Roberto Spiegner, relata com exclusividade a <strong>www.renatodias.online<\/strong> Higor Codarin. Antes da ruptura, havia a perspectiva de realiza\u00e7\u00e3o do Congresso do PCB, atira. O programa da nova organiza\u00e7\u00e3o n\u00e3o aparece no in\u00edcio. \u00c9 constru\u00eddo a m\u00e9dio e longo prazos. A op\u00e7\u00e3o era pela luta armada. Ela n\u00e3o se integra a nenhuma Dissid\u00eancia, no Pa\u00eds. O intelectual franc\u00eas R\u00e9gis Debray, preso na Bo\u00adl\u00ed\u00advia, em 1967, com \u00a0\u2018Revolu\u00e7\u00e3o na Revolu\u00e7\u00e3o?\u2019 \u00a0faz a cabe\u00e7a dos seus integrantes.\u00a0 O PCB explo\u00adde: ALN,\u00a0 PCBR, DD. A DI-GB, em 1966 e 1967, amplia a capilaridade no movimento estudantil.<\/p>\n<figure id=\"attachment_7110\" aria-describedby=\"caption-attachment-7110\" style=\"width: 1440px\" class=\"wp-caption alignnone\"><img loading=\"lazy\" decoding=\"async\" class=\"size-full wp-image-7110\" src=\"https:\/\/renatodias.online\/movimento\/wp-content\/uploads\/2021\/06\/Regis-Debray-_-MR-8.jpg\" alt=\"\" width=\"1440\" height=\"810\" srcset=\"https:\/\/renatodias.online\/movimento\/wp-content\/uploads\/2021\/06\/Regis-Debray-_-MR-8.jpg 1440w, https:\/\/renatodias.online\/movimento\/wp-content\/uploads\/2021\/06\/Regis-Debray-_-MR-8-300x169.jpg 300w, https:\/\/renatodias.online\/movimento\/wp-content\/uploads\/2021\/06\/Regis-Debray-_-MR-8-768x432.jpg 768w, https:\/\/renatodias.online\/movimento\/wp-content\/uploads\/2021\/06\/Regis-Debray-_-MR-8-750x422.jpg 750w\" sizes=\"auto, (max-width: 1440px) 100vw, 1440px\" \/><figcaption id=\"caption-attachment-7110\" class=\"wp-caption-text\"><strong>R\u00e9gis Debray<\/strong><\/figcaption><\/figure>\n<p>A A\u00e7\u00e3o Popular constitui \u2013 se em sua rival pol\u00edtica. O secundarista nascido no Par\u00e1 Edson Lu\u00eds de Lima Souto \u00e9 morto pela repress\u00e3o pol\u00edtica e militar no dia 28 de mar\u00e7o de 1968, no Restaurante Calabou\u00e7o, na Cidade Maravilhosa. \u00a0A passeata dos 100 mil \u00e9 realizada dia 26 de junho. A DI-GB cresce. O segundo semestre \u00e9 de refluxo. Cai Ibi\u00fana. Em 12 de outubro de 1968. O AI-5, em 13 de dezembro do ano que n\u00e3o terminou, deixa o tempo nublado. O ar fica irrespir\u00e1vel, diagnostica o Jornal do Brasil. O caminho aponta para a luta armada. ALN e VPR j\u00e1 haviam entra\u00addo em cena:1968. Armas nas m\u00e3os. A terceira confer\u00eancia de abril de 1969 faz a op\u00e7\u00e3o t\u00e1tica e estrat\u00e9gica pelo poder do cano de um rev\u00f3lver. Como em Cuba, 1959; China, 1949; Vietn\u00e3, 1969.<\/p>\n<figure id=\"attachment_7112\" aria-describedby=\"caption-attachment-7112\" style=\"width: 1743px\" class=\"wp-caption alignnone\"><img loading=\"lazy\" decoding=\"async\" class=\"size-full wp-image-7112\" src=\"https:\/\/renatodias.online\/movimento\/wp-content\/uploads\/2021\/06\/A-passeata-dos-100-mil-_-MR-8.jpg\" alt=\"\" width=\"1743\" height=\"1272\" srcset=\"https:\/\/renatodias.online\/movimento\/wp-content\/uploads\/2021\/06\/A-passeata-dos-100-mil-_-MR-8.jpg 1743w, https:\/\/renatodias.online\/movimento\/wp-content\/uploads\/2021\/06\/A-passeata-dos-100-mil-_-MR-8-300x219.jpg 300w, https:\/\/renatodias.online\/movimento\/wp-content\/uploads\/2021\/06\/A-passeata-dos-100-mil-_-MR-8-1403x1024.jpg 1403w, https:\/\/renatodias.online\/movimento\/wp-content\/uploads\/2021\/06\/A-passeata-dos-100-mil-_-MR-8-768x560.jpg 768w, https:\/\/renatodias.online\/movimento\/wp-content\/uploads\/2021\/06\/A-passeata-dos-100-mil-_-MR-8-1536x1121.jpg 1536w, https:\/\/renatodias.online\/movimento\/wp-content\/uploads\/2021\/06\/A-passeata-dos-100-mil-_-MR-8-750x547.jpg 750w\" sizes=\"auto, (max-width: 1743px) 100vw, 1743px\" \/><figcaption id=\"caption-attachment-7112\" class=\"wp-caption-text\"><strong>A passeata dos 100 mil<\/strong><\/figcaption><\/figure>\n<p>O documento do MR-8 diz que o Brasil era um pa\u00eds sob o modo de produ\u00e7\u00e3o capitalista, sim. Nada semifeudal. Como j\u00e1 dizia Caio Prado J\u00fanior. Mais:\u00a0 recorre \u00e0 Teoria da Depend\u00eancia, conta <strong>Higor Codarin<\/strong>. Com centro e periferia do sistema mundial capitalista de poder. Para definir que a etapa, no \u2018Pa\u00eds tropical aben\u00e7oado por Deus\u2019, j\u00e1 \u00e9 era a da revolu\u00e7\u00e3o socialista. Uma compreen\u00ads\u00e3o mais clara do cen\u00e1rio pol\u00edtico nacional, frisa o estudioso. Com refer\u00eancias te\u00f3ricas, pontua. A captura de Charles Burke Elbrick teria sido um acerto t\u00e1tico e um erro estrat\u00e9gico, avalia o historiador. Pontos positivos: como a\u00e7\u00e3o de propaganda, a soltura de Vladimir Palmeira, que caiu em 12 de outubro de 1968. Assim como a liberta\u00e7\u00e3o ecum\u00eanica de mais 14 presos pol\u00edticos.<\/p>\n<p>O que revelava um esp\u00edrito de frente. De unidade na luta. O que contribuiria para o desen\u00advol\u00advi\u00admento da guerra de guerrilhas. Al\u00e9m de ter sido efetuada na Semana da P\u00e1tria. De 4 a 7 de setembro de 1969. Apesar do resultado, a esquerda em armas sai fragilizada. Com o aumento da repress\u00e3o. O que produzir\u00e1 a liquida\u00e7\u00e3o. Da luta armada no Brasil.\u00a0 Em curto prazo. Cl\u00e1udio Torres cai dois dias depois, 9 de setembro. Virg\u00edlio Gomes da Silva, Ilda Gomes da Silva e Paulo de Tarso Venceslau s\u00e3o presos, em 28 de setembro. Carlos Marighella \u00e9 morto em 4 de novem\u00adbro de 1969. Jos\u00e9 Roberto Spigner morre dia 17 de fevereiro de 1970. Logo em seguida, golpes: 6 de mar\u00e7o, durante uma panfletagem em uma \u00e1rea oper\u00e1ria\u00a0pr\u00f3xima da Favela do Jacarezinho.<\/p>\n<p><img loading=\"lazy\" decoding=\"async\" class=\"alignnone size-full wp-image-6512\" src=\"https:\/\/renatodias.online\/movimento\/wp-content\/uploads\/2021\/05\/Virgilio-Gomes-da-Silva.jpg\" alt=\"\" width=\"1024\" height=\"576\" srcset=\"https:\/\/renatodias.online\/movimento\/wp-content\/uploads\/2021\/05\/Virgilio-Gomes-da-Silva.jpg 1024w, https:\/\/renatodias.online\/movimento\/wp-content\/uploads\/2021\/05\/Virgilio-Gomes-da-Silva-300x169.jpg 300w, https:\/\/renatodias.online\/movimento\/wp-content\/uploads\/2021\/05\/Virgilio-Gomes-da-Silva-768x432.jpg 768w, https:\/\/renatodias.online\/movimento\/wp-content\/uploads\/2021\/05\/Virgilio-Gomes-da-Silva-750x422.jpg 750w\" sizes=\"auto, (max-width: 1024px) 100vw, 1024px\" \/><strong>Virg\u00edlio Gomes da Silva, codinome Jonas, guerrilheiro<br \/>\n<\/strong><\/p>\n<p>\u00c9 a opera\u00e7\u00e3o do por\u00e3o que promove as quedas de Daniel Aar\u00e3o Reis Filho, Vera S\u00edlvia Magalh\u00e3es, Paulo Farah, Pedro Alves, Carlos Z\u00edlio, Regina Maria Toscano Farah. Na sequ\u00eancia, m\u00eas de abril do mesmo ano, Samuel Aar\u00e3o Reis, Cid Benjamin e Carlos Vainer caem. Apesar das pancadas, a organiza\u00e7\u00e3o \u00e9 reestruturada. Para deflagrar a guerrilha rural. Onde?\u00a0 Sert\u00e3o da Bahia. Com Car\u00adlos Lamarca, Iara Iavelberg, Zequinha Barreto, C\u00e9sar Benjamin, Nilda Cunha. A queda de Stuart Angel Jones ocorre em maio do ano de 1971. Sob a primeira fase do MR-8. A perspectiva da luta armada e da guerra de guerrilhas. O filho de Zuzu Angel n\u00e3o abre informa\u00e7\u00f5es de Carlos Lamarca e da guerrilha rural. Realidade: o projeto da luta armada n\u00e3o capturou oper\u00e1rios e camponeses.<\/p>\n<figure id=\"attachment_4637\" aria-describedby=\"caption-attachment-4637\" style=\"width: 600px\" class=\"wp-caption aligncenter\"><img loading=\"lazy\" decoding=\"async\" class=\"size-full wp-image-4637\" src=\"https:\/\/renatodias.online\/movimento\/wp-content\/uploads\/2020\/09\/Carlos-Lamarca-3.jpg\" alt=\"\" width=\"600\" height=\"400\" srcset=\"https:\/\/renatodias.online\/movimento\/wp-content\/uploads\/2020\/09\/Carlos-Lamarca-3.jpg 600w, https:\/\/renatodias.online\/movimento\/wp-content\/uploads\/2020\/09\/Carlos-Lamarca-3-300x200.jpg 300w, https:\/\/renatodias.online\/movimento\/wp-content\/uploads\/2020\/09\/Carlos-Lamarca-3-360x240.jpg 360w\" sizes=\"auto, (max-width: 600px) 100vw, 600px\" \/><figcaption id=\"caption-attachment-4637\" class=\"wp-caption-text\"><strong>Carlos Lamarca<\/strong><\/figcaption><\/figure>\n<p>O Milagre Econ\u00f4mico Brasileiro [1967-1974] contribui para a marginaliza\u00e7\u00e3o da esquerda em armas. A perspectiva do projeto revolucion\u00e1rio vira uma miragem. N\u00e3o apenas pelo scri\u00adpt prota\u00adgo\u00adnizado pelo aparato de repress\u00e3o do Estado e at\u00e9 multinacional. As mortes de Carlos Lamarca, Iara Iavelberg, Zequinha Barreto e Nilda Cunha simbolizam o enterro da ideia de guerrilha rural. Eles famintos, esqu\u00e1lidos. L\u00facia Murat, da Dissid\u00eancia da Bahia, integrara &#8211; se ao MR-8. Novela: quedas, torturas. O seu irm\u00e3o \u00e9 enviado ao exterior. Ele para na \u00cdndia. \u00c9 devastado pelo consumo de drogas il\u00edcitas. As execu\u00e7\u00f5es mostram que a revolu\u00e7\u00e3o pregada pela luta armada faltou ao encontro no Brasil. Retrato do fr\u00e1gil projeto da esquerda em armas, conceitua Higor Codarin.<\/p>\n<p>A obsess\u00e3o pela guerrilha rural era a estrat\u00e9gia. O campo\u00a0indispens\u00e1vel para a revolu\u00e7\u00e3o. Como ilus\u00adtravam as revolu\u00e7\u00f5es na China, Cuba, Vietn\u00e3. A ideia: criar focos rurais para acelerar o processo revolucion\u00e1rio. O que sobrou do destro\u00e7ado MR-8, em 1972, exila &#8211; se, em Santiago, Chile. Sob Salvador Allende. O pleno da organiza\u00e7\u00e3o sai em dezembro. Com uma autocr\u00edtica radical de uma fra\u00e7\u00e3o do MR &#8211; 8. A organiza\u00e7\u00e3o racha. Em dois: <strong>MR-8 Dire\u00e7\u00e3o Geral<\/strong> faz a cr\u00edtica da luta armada. O <strong>MR-8 Constru\u00e7\u00e3o Partid\u00e1ria<\/strong> \u00e9 minorit\u00e1rio. Com Daniel Aar\u00e3o Reis Filho, Vladimir Palmeira, Athos Magno Costa e Silva, Samuel Aar\u00e3o Reis, Cid Benjamin. O MR-8 Dire\u00e7\u00e3o Geral fica com o nome e elabora documento com a exclus\u00e3o da luta armada: a cr\u00edtica das armas.<\/p>\n<figure id=\"attachment_7115\" aria-describedby=\"caption-attachment-7115\" style=\"width: 800px\" class=\"wp-caption aligncenter\"><img loading=\"lazy\" decoding=\"async\" class=\"size-full wp-image-7115\" src=\"https:\/\/renatodias.online\/movimento\/wp-content\/uploads\/2021\/06\/Daniel-Aarao-Reis-Filho-no-exilio-_-MR-8.jpg\" alt=\"\" width=\"800\" height=\"591\" srcset=\"https:\/\/renatodias.online\/movimento\/wp-content\/uploads\/2021\/06\/Daniel-Aarao-Reis-Filho-no-exilio-_-MR-8.jpg 800w, https:\/\/renatodias.online\/movimento\/wp-content\/uploads\/2021\/06\/Daniel-Aarao-Reis-Filho-no-exilio-_-MR-8-300x222.jpg 300w, https:\/\/renatodias.online\/movimento\/wp-content\/uploads\/2021\/06\/Daniel-Aarao-Reis-Filho-no-exilio-_-MR-8-768x567.jpg 768w, https:\/\/renatodias.online\/movimento\/wp-content\/uploads\/2021\/06\/Daniel-Aarao-Reis-Filho-no-exilio-_-MR-8-750x554.jpg 750w\" sizes=\"auto, (max-width: 800px) 100vw, 800px\" \/><figcaption id=\"caption-attachment-7115\" class=\"wp-caption-text\"><strong>Daniel Aar\u00e3o Reis Filho no ex\u00edlio _ MR-8<\/strong><\/figcaption><\/figure>\n<p>A pris\u00e3o de C\u00e9sar Benjamin, menor de 18 anos, irm\u00e3o de Cid Benjamin, e a sua liberta\u00e7\u00e3o obteve o suporte da Anistia Internacional. Com sucessivas campanhas de den\u00fancias contra a ditadura civil e militar. A sua m\u00e3e, Iramaya Benjamin, obt\u00e9m protagonismo e deflagra, com a sua luta, a campanha pela Anistia Ampla, Geral e Irrestrita, no Brasil. O MR 8 integra o PMDB, vira o Partido P\u00e1tria Livre, o PPL, que acaba incorporado pelo velho PC do B, legenda da foice e do martelo fundada em fevereiro de 1962. Com a ruptura do PCB. Nascida em 1948, l\u00edder secundarista, grevista na Col\u00e9gio de Ensino M\u00e9dio Andrews, Vera S\u00edlvia Magalh\u00e3es \u00e9 personagem emblem\u00e1\u00adti\u00adca do MR-8. Ela ingressa na Faculdade de Economia da Universidade Federal do Rio de Janeiro.<\/p>\n<figure id=\"attachment_7128\" aria-describedby=\"caption-attachment-7128\" style=\"width: 1920px\" class=\"wp-caption alignnone\"><img loading=\"lazy\" decoding=\"async\" class=\"size-full wp-image-7128\" src=\"https:\/\/renatodias.online\/movimento\/wp-content\/uploads\/2021\/06\/Iramaya-Benjamin-_-MR-8.jpg\" alt=\"\" width=\"1920\" height=\"1080\" srcset=\"https:\/\/renatodias.online\/movimento\/wp-content\/uploads\/2021\/06\/Iramaya-Benjamin-_-MR-8.jpg 1920w, https:\/\/renatodias.online\/movimento\/wp-content\/uploads\/2021\/06\/Iramaya-Benjamin-_-MR-8-300x169.jpg 300w, https:\/\/renatodias.online\/movimento\/wp-content\/uploads\/2021\/06\/Iramaya-Benjamin-_-MR-8-1820x1024.jpg 1820w, https:\/\/renatodias.online\/movimento\/wp-content\/uploads\/2021\/06\/Iramaya-Benjamin-_-MR-8-768x432.jpg 768w, https:\/\/renatodias.online\/movimento\/wp-content\/uploads\/2021\/06\/Iramaya-Benjamin-_-MR-8-1536x864.jpg 1536w, https:\/\/renatodias.online\/movimento\/wp-content\/uploads\/2021\/06\/Iramaya-Benjamin-_-MR-8-750x422.jpg 750w\" sizes=\"auto, (max-width: 1920px) 100vw, 1920px\" \/><figcaption id=\"caption-attachment-7128\" class=\"wp-caption-text\"><strong>Iramaya Benjamin<\/strong><\/figcaption><\/figure>\n<p>J\u00e1 na Terceira Confer\u00eancia Nacional do MR-8 \u00e9 deslocada para a Frente de Trabalho Armado. O seu primeiro marido Jos\u00e9 Roberto Spigner foi executado extrajudicialmente.\u00a0 A \u00fanica mulher da FTA, de opera\u00e7\u00f5es armadas, a participar da captura de Charles Burke Elbrick. \u00c9 presa, tortu\u00adra\u00adda, trocada pelo diplomata da Alemanha no Brasil, Ehrenfried von Holeben. Assim embarca para a Arg\u00e9lia, Cuba, volta \u00e0 Arg\u00e9lia, Paris, Alemanha, Chile, enfrenta o golpe de Estado civil e militar de 11 de setembro de 1973, refugia-se na Embaixada da Argentina, ex\u00edlio na Su\u00e9cia e Fran\u00e7a. Central nas lutas e a cara da gera\u00e7\u00e3o de 68. Com as perspectivas das revolu\u00e7\u00f5es socia\u00adlis\u00adta, na cultura, h\u00e1bitos e comportamentos. A fal\u00eancia dos projetos revolucion\u00e1rios causou difi\u00adculdade para que pudesse se reinventar, retomar a vida e refazer sua identidade no Brasil, conta.<\/p>\n<figure id=\"attachment_7117\" aria-describedby=\"caption-attachment-7117\" style=\"width: 1200px\" class=\"wp-caption alignnone\"><img loading=\"lazy\" decoding=\"async\" class=\"size-full wp-image-7117\" src=\"https:\/\/renatodias.online\/movimento\/wp-content\/uploads\/2021\/06\/Vera-Silvia-Magalhaes-_-MR-8.png\" alt=\"\" width=\"1200\" height=\"648\" srcset=\"https:\/\/renatodias.online\/movimento\/wp-content\/uploads\/2021\/06\/Vera-Silvia-Magalhaes-_-MR-8.png 1200w, https:\/\/renatodias.online\/movimento\/wp-content\/uploads\/2021\/06\/Vera-Silvia-Magalhaes-_-MR-8-300x162.png 300w, https:\/\/renatodias.online\/movimento\/wp-content\/uploads\/2021\/06\/Vera-Silvia-Magalhaes-_-MR-8-768x415.png 768w, https:\/\/renatodias.online\/movimento\/wp-content\/uploads\/2021\/06\/Vera-Silvia-Magalhaes-_-MR-8-750x405.png 750w\" sizes=\"auto, (max-width: 1200px) 100vw, 1200px\" \/><figcaption id=\"caption-attachment-7117\" class=\"wp-caption-text\"><strong>Vera S\u00edlvia Magalh\u00e3es _ MR-8<\/strong><\/figcaption><\/figure>\n<p>&nbsp;<\/p>\n<h1 style=\"text-align: center;\"><span style=\"color: #ff6600;\"><strong>Saiba mais<\/strong><\/span><\/h1>\n<h1 style=\"text-align: center;\"><span style=\"color: #800000;\"><strong>O que foi a ditadura civil e militar<\/strong><\/span><\/h1>\n<p><strong>Renato Dias<\/strong><\/p>\n<p>Fardados e civis derrubaram em 31 de mar\u00e7o, 1\u00ba e 2 de abril de 1964 o presidente da Rep\u00fablica, Jo\u00e3o Belchior Marques Goulart. Com tanques e metralhadoras. Com o aval do Supremo Tribunal Federal, a corte suprema. O Congresso referendou a posse de Rani\u00e9re Mazzilli e a indica\u00e7\u00e3o do primeiro general-presidente, marechal Humberto Castello Branco.<\/p>\n<figure id=\"attachment_7118\" aria-describedby=\"caption-attachment-7118\" style=\"width: 2375px\" class=\"wp-caption alignnone\"><img loading=\"lazy\" decoding=\"async\" class=\"size-full wp-image-7118\" src=\"https:\/\/renatodias.online\/movimento\/wp-content\/uploads\/2021\/06\/Golpe-de-Estado-de-1964-no-Brasil.jpg\" alt=\"\" width=\"2375\" height=\"1994\" srcset=\"https:\/\/renatodias.online\/movimento\/wp-content\/uploads\/2021\/06\/Golpe-de-Estado-de-1964-no-Brasil.jpg 2375w, https:\/\/renatodias.online\/movimento\/wp-content\/uploads\/2021\/06\/Golpe-de-Estado-de-1964-no-Brasil-300x252.jpg 300w, https:\/\/renatodias.online\/movimento\/wp-content\/uploads\/2021\/06\/Golpe-de-Estado-de-1964-no-Brasil-1220x1024.jpg 1220w, https:\/\/renatodias.online\/movimento\/wp-content\/uploads\/2021\/06\/Golpe-de-Estado-de-1964-no-Brasil-768x645.jpg 768w, https:\/\/renatodias.online\/movimento\/wp-content\/uploads\/2021\/06\/Golpe-de-Estado-de-1964-no-Brasil-1536x1290.jpg 1536w, https:\/\/renatodias.online\/movimento\/wp-content\/uploads\/2021\/06\/Golpe-de-Estado-de-1964-no-Brasil-2048x1719.jpg 2048w, https:\/\/renatodias.online\/movimento\/wp-content\/uploads\/2021\/06\/Golpe-de-Estado-de-1964-no-Brasil-750x630.jpg 750w\" sizes=\"auto, (max-width: 2375px) 100vw, 2375px\" \/><figcaption id=\"caption-attachment-7118\" class=\"wp-caption-text\"><strong>Golpe de Estado civil e militar de 1964, no Brasil<\/strong><\/figcaption><\/figure>\n<p>Ga\u00facho de S\u00e3o Borja, ex-ministro do Trabalho, respons\u00e1vel pelo aumento real do sal\u00e1rio m\u00ednimo, Jango, como era conhecido, \u00e9 herdeiro do nacional-estatismo. Em sua vers\u00e3o trabalhista. De Get\u00falio Vargas. O rotulado de \u2018Pai dos Pobres\u2019. Get\u00falio Vargas suicidou-se \u00e0s 8h30, do dia 24 de agosto de 1954, em seus aposentos presidenciais. No Pal\u00e1cio do Catete.<\/p>\n<figure id=\"attachment_7119\" aria-describedby=\"caption-attachment-7119\" style=\"width: 1380px\" class=\"wp-caption alignnone\"><img loading=\"lazy\" decoding=\"async\" class=\"size-full wp-image-7119\" src=\"https:\/\/renatodias.online\/movimento\/wp-content\/uploads\/2021\/06\/Getulio-Vargas-_-1954.jpg\" alt=\"\" width=\"1380\" height=\"920\" srcset=\"https:\/\/renatodias.online\/movimento\/wp-content\/uploads\/2021\/06\/Getulio-Vargas-_-1954.jpg 1380w, https:\/\/renatodias.online\/movimento\/wp-content\/uploads\/2021\/06\/Getulio-Vargas-_-1954-300x200.jpg 300w, https:\/\/renatodias.online\/movimento\/wp-content\/uploads\/2021\/06\/Getulio-Vargas-_-1954-768x512.jpg 768w, https:\/\/renatodias.online\/movimento\/wp-content\/uploads\/2021\/06\/Getulio-Vargas-_-1954-360x240.jpg 360w, https:\/\/renatodias.online\/movimento\/wp-content\/uploads\/2021\/06\/Getulio-Vargas-_-1954-750x500.jpg 750w\" sizes=\"auto, (max-width: 1380px) 100vw, 1380px\" \/><figcaption id=\"caption-attachment-7119\" class=\"wp-caption-text\"><strong>Get\u00falio Vargas<\/strong><\/figcaption><\/figure>\n<p>A capital do Brasil, \u00e0 \u00e9poca, era o Rio de Janeiro, outrora Cidade Maravilhosa. Com a queda de Jango, 21 anos de ditadura civil e militar [1964-1985]. A opera\u00e7\u00e3o teve a ostensiva participa\u00e7\u00e3o dos Estados Unidos das Am\u00e9ricas. Um saldo societal tr\u00e1gico. Com 479 mortos e desaparecidos pol\u00edticos. Assim como 1.700 trabalhadores rurais executados. Al\u00e9m de 10 mil pessoas exiladas.<\/p>\n<p>O projeto Brasil Nunca Mais, organizado pelo Arcebispo Dom Paulo Evaristo Arns e pelo reverendo Jaime Wright, registra que duas mil pessoas, perante o Superior Tribunal Militar, o STM, denunciaram terem sido torturadas. Na cadeira-do-drag\u00e3o, socos, pontap\u00e9s, telefones, pau-de-arara. A jornalista M\u00edriam Leit\u00e3o teve de ficar em uma cela com uma cobra ao seu lado.<\/p>\n<p>Relat\u00f3rio da Comiss\u00e3o Nacional da Verdade, instalada em maio de 2012 e encerrada dia 10 de dezembro de 2014, aponta que seis mil membros do Ex\u00e9rcito, Marinha, Aeron\u00e1utica, For\u00e7a P\u00fablica foram demitidos ou reformados. Um Grupo de Trabalho da CNV diz que 12 mil ind\u00ed\u00adgenas morreram sob a ditadura civil e militar e sua pol\u00edtica indigenista e de obras fara\u00f4nicas.<\/p>\n<p>Pasmem: 39 mil trabalhadores e trabalhadoras foram reconhecidas pela Comiss\u00e3o de Anistia, \u00f3rg\u00e3o do Minist\u00e9rio da Justi\u00e7a, na Esplanada dos Minist\u00e9rios, em Bras\u00edlia [DF], a Capital da Rep\u00fablica, a terem direito \u00e0 repara\u00e7\u00e3o econ\u00f4mica ou pens\u00f5es. Por danos materiais, pol\u00edticos, sociais e simb\u00f3licos. Medidas que prejudicaram as suas vidas. Tanto civis quanto militares.<\/p>\n<p>Mais: a ditadura civil e militar, no Brasil, promoveu uma violenta censura \u00e0s artes, publica\u00e7\u00e3o de livros, \u00e0 imprensa, aos filmes, pe\u00e7as de teatro. Artistas eram perseguidos, presos, espancados e exilados. Como Caetano Veloso e Gilberto Gil, exilados na Inglaterra; Chico Buarque, na It\u00e1lia; Geraldo \u2018Caminhando\u2019 Vandr\u00e9. Jornais destru\u00eddos. \u2018Empastelados\u2019.<\/p>\n<p>O Ato Institucional N\u00famero 5, de 13 de dezembro de 1968, fechou o Congresso Nacional, C\u00e2\u00adma\u00adra Federal, Senado da Rep\u00fablica, as assembleias legislativas e as c\u00e2maras munici\u00adpais. \u00a0\u00a0Centenas de governadores, prefeitos, senadores da Rep\u00fablica, deputados federais, depu\u00adta\u00addos estaduais, vereadores foram cassados. Em 1980, Luiz In\u00e1cio Lula da Silva foi preso. Por greve oper\u00e1ria.<\/p>\n<figure id=\"attachment_7120\" aria-describedby=\"caption-attachment-7120\" style=\"width: 1024px\" class=\"wp-caption alignnone\"><img loading=\"lazy\" decoding=\"async\" class=\"size-full wp-image-7120\" src=\"https:\/\/renatodias.online\/movimento\/wp-content\/uploads\/2021\/06\/AI-5-_-Saiba-mais.jpg\" alt=\"\" width=\"1024\" height=\"682\" \/><figcaption id=\"caption-attachment-7120\" class=\"wp-caption-text\"><strong>AI-5, 13 de dezembro de 1968, no Brasil<br \/><\/strong><\/figcaption><\/figure>\n<p>O Congresso Nacional aprovou, em 26 de agosto de 1979, a Lei de Anistia. A medida sancionada n\u00e3o foi ampla, nem geral muito menos irrestrita. Os agentes do Estado pagos com o dinheiro do contribuinte para garantir a seguran\u00e7a p\u00fablica, respons\u00e1veis por viola\u00e7\u00f5es dos direitos humanos, assim como a sua cadeia de comando, receberam uma autoanistia da Uni\u00e3o.<\/p>\n<figure id=\"attachment_7121\" aria-describedby=\"caption-attachment-7121\" style=\"width: 1600px\" class=\"wp-caption alignnone\"><img loading=\"lazy\" decoding=\"async\" class=\"size-full wp-image-7121\" src=\"https:\/\/renatodias.online\/movimento\/wp-content\/uploads\/2021\/06\/Lei-de-Anistia-de-1979-no-Brasil.jpg\" alt=\"\" width=\"1600\" height=\"800\" srcset=\"https:\/\/renatodias.online\/movimento\/wp-content\/uploads\/2021\/06\/Lei-de-Anistia-de-1979-no-Brasil.jpg 1600w, https:\/\/renatodias.online\/movimento\/wp-content\/uploads\/2021\/06\/Lei-de-Anistia-de-1979-no-Brasil-300x150.jpg 300w, https:\/\/renatodias.online\/movimento\/wp-content\/uploads\/2021\/06\/Lei-de-Anistia-de-1979-no-Brasil-768x384.jpg 768w, https:\/\/renatodias.online\/movimento\/wp-content\/uploads\/2021\/06\/Lei-de-Anistia-de-1979-no-Brasil-1536x768.jpg 1536w, https:\/\/renatodias.online\/movimento\/wp-content\/uploads\/2021\/06\/Lei-de-Anistia-de-1979-no-Brasil-555x278.jpg 555w, https:\/\/renatodias.online\/movimento\/wp-content\/uploads\/2021\/06\/Lei-de-Anistia-de-1979-no-Brasil-750x375.jpg 750w\" sizes=\"auto, (max-width: 1600px) 100vw, 1600px\" \/><figcaption id=\"caption-attachment-7121\" class=\"wp-caption-text\"><strong>Lei de Anistia?<br \/><\/strong><\/figcaption><\/figure>\n<p>A direita explosiva matou, com uma bomba endere\u00e7ada \u00e0 OAB, a secret\u00e1ria da Ordem dos Advogados do Brasil, Lyda Monteiro, em 27 de agosto de 1980. Um atentado \u00e0 bomba no Riocentro, Rio de Janeiro, no show de Primeiro de maio de 1981, dia internacional dos trabalhadores, deixou os executores feridos. O crime permanece at\u00e9 hoje, 2021, impune.<\/p>\n<figure id=\"attachment_7122\" aria-describedby=\"caption-attachment-7122\" style=\"width: 1200px\" class=\"wp-caption alignnone\"><img loading=\"lazy\" decoding=\"async\" class=\"size-full wp-image-7122\" src=\"https:\/\/renatodias.online\/movimento\/wp-content\/uploads\/2021\/06\/Riocentro-1981.jpeg\" alt=\"\" width=\"1200\" height=\"675\" srcset=\"https:\/\/renatodias.online\/movimento\/wp-content\/uploads\/2021\/06\/Riocentro-1981.jpeg 1200w, https:\/\/renatodias.online\/movimento\/wp-content\/uploads\/2021\/06\/Riocentro-1981-300x169.jpeg 300w, https:\/\/renatodias.online\/movimento\/wp-content\/uploads\/2021\/06\/Riocentro-1981-768x432.jpeg 768w, https:\/\/renatodias.online\/movimento\/wp-content\/uploads\/2021\/06\/Riocentro-1981-750x422.jpeg 750w\" sizes=\"auto, (max-width: 1200px) 100vw, 1200px\" \/><figcaption id=\"caption-attachment-7122\" class=\"wp-caption-text\"><strong>O atentado da direita explosiva ao Riocentro, em 1981<\/strong><\/figcaption><\/figure>\n<p>O jornalista Alexandre Von Baumgarten, indigesto \u00e0 ditadura civil e militar, acabou assas\u00adsinado, no ano de 1982. A campanha das diretas de 1983 e 1983, que exigia o direito elementar de votar, caiu com a derrota da Emenda Dante de Oliveira, em 25 de abril de 1984. Contra o que poderia ser uma \u2018revolu\u00e7\u00e3o democr\u00e1tica\u2019, como aponta o soci\u00f3logo marxista Florestan Fernandes.<\/p>\n<figure id=\"attachment_7123\" aria-describedby=\"caption-attachment-7123\" style=\"width: 512px\" class=\"wp-caption aligncenter\"><img loading=\"lazy\" decoding=\"async\" class=\"size-full wp-image-7123\" src=\"https:\/\/renatodias.online\/movimento\/wp-content\/uploads\/2021\/06\/Diretas-Ja-1984.jpg\" alt=\"\" width=\"512\" height=\"320\" srcset=\"https:\/\/renatodias.online\/movimento\/wp-content\/uploads\/2021\/06\/Diretas-Ja-1984.jpg 512w, https:\/\/renatodias.online\/movimento\/wp-content\/uploads\/2021\/06\/Diretas-Ja-1984-300x188.jpg 300w\" sizes=\"auto, (max-width: 512px) 100vw, 512px\" \/><figcaption id=\"caption-attachment-7123\" class=\"wp-caption-text\"><strong>Diretas J\u00e1 1984<\/strong><\/figcaption><\/figure>\n<p>O Col\u00e9gio Eleitoral \u00e9 instalado. Tancredo Neves morre. Jos\u00e9 Sarney, ex-presidente da Arena e do PDS, legendas de sustenta\u00e7\u00e3o da ditadura civil e militar, em ironia da Hist\u00f3ria, assume. A Carta Magna sai em 5 de outubro de 1988. Com a manuten\u00e7\u00e3o da tutela das For\u00e7as Armadas como garantidora da Ordem Pol\u00edtica e Social. Em 2021, militares est\u00e3o em 23 \u00f3rg\u00e3os da Uni\u00e3o.<\/p>\n<p><strong>\u2013 Um passado que n\u00e3o passa.<\/strong><\/p>\n<figure id=\"attachment_6611\" aria-describedby=\"caption-attachment-6611\" style=\"width: 1200px\" class=\"wp-caption alignnone\"><img loading=\"lazy\" decoding=\"async\" class=\"size-full wp-image-6611\" src=\"https:\/\/renatodias.online\/movimento\/wp-content\/uploads\/2021\/05\/Jair-Messias-Bolsonaro.jpg\" alt=\"\" width=\"1200\" height=\"1500\" \/><figcaption id=\"caption-attachment-6611\" class=\"wp-caption-text\"><strong>Jair Messias Bolsonaro<\/strong><\/figcaption><\/figure>\n<h1 style=\"text-align: center;\"><span style=\"color: #008080;\"><strong>Hegemonia cultural<\/strong><\/span><\/h1>\n<h1 style=\"text-align: center;\"><span style=\"color: #800080;\"><strong>A disputa pela mem\u00f3ria<\/strong><\/span><\/h1>\n<p><strong>Renato Dias<\/strong><\/p>\n<p>A disputa pela mem\u00f3ria \u00e9 permanente. Civil e militar, o golpe de Estado do ano de 1964 era para ter sido deflagrado, em 1954. Ele falhara com o suic\u00eddio de Get\u00falio Vargas. Em 24 de agosto, \u00e0s 8h30, nos aposentos presidenciais, do Pal\u00e1cio do Catete, Rio de Janeiro. A capital da Rep\u00fablica, \u00e0 \u00e9poca. Com um tiro no peito, acuado pelas For\u00e7as Armadas, deixa a vida e entra para a Hist\u00f3ria. Sem \u2018expiar a culpa\u2019 pelas viola\u00e7\u00f5es dos direitos humanos executadas sob o Estado Novo.<\/p>\n<figure id=\"attachment_6406\" aria-describedby=\"caption-attachment-6406\" style=\"width: 1008px\" class=\"wp-caption alignnone\"><img loading=\"lazy\" decoding=\"async\" class=\"size-full wp-image-6406\" src=\"https:\/\/renatodias.online\/movimento\/wp-content\/uploads\/2021\/05\/Getulio-Vargas.jpg\" alt=\"\" width=\"1008\" height=\"630\" \/><figcaption id=\"caption-attachment-6406\" class=\"wp-caption-text\"><strong>Get\u00falio Vargas<\/strong><\/figcaption><\/figure>\n<p>J\u00e2nio da Silva Quadros, a et\u00edlica vassoura, alega \u2018For\u00e7as Terr\u00edveis\u2019 para assinar a ren\u00fancia, em 25 de agosto, de 1961. Nada. Tratava-se de um autogolpe. N\u00e3o deu certo. Em tempos de guerra fria [1945-1991], o fantasma do comunismo \u00e9 disseminado no Brasil. Ex-zagueiro do Internacional de Porto Alegre, nas categorias de base, Jo\u00e3o Belchior Marques Goulart, que atendia m\u00faltiplas demandas de advers\u00e1rios, registradas em cartas, \u00e9 deposto. Em 1964.<\/p>\n<figure id=\"attachment_7124\" aria-describedby=\"caption-attachment-7124\" style=\"width: 1200px\" class=\"wp-caption alignnone\"><img loading=\"lazy\" decoding=\"async\" class=\"size-full wp-image-7124\" src=\"https:\/\/renatodias.online\/movimento\/wp-content\/uploads\/2021\/06\/Janio-da-Silva-Quadros.jpg\" alt=\"\" width=\"1200\" height=\"675\" srcset=\"https:\/\/renatodias.online\/movimento\/wp-content\/uploads\/2021\/06\/Janio-da-Silva-Quadros.jpg 1200w, https:\/\/renatodias.online\/movimento\/wp-content\/uploads\/2021\/06\/Janio-da-Silva-Quadros-300x169.jpg 300w, https:\/\/renatodias.online\/movimento\/wp-content\/uploads\/2021\/06\/Janio-da-Silva-Quadros-768x432.jpg 768w, https:\/\/renatodias.online\/movimento\/wp-content\/uploads\/2021\/06\/Janio-da-Silva-Quadros-750x422.jpg 750w\" sizes=\"auto, (max-width: 1200px) 100vw, 1200px\" \/><figcaption id=\"caption-attachment-7124\" class=\"wp-caption-text\"><strong>J\u00e2nio da Silva Quadros<\/strong><\/figcaption><\/figure>\n<p>A data exata n\u00e3o seria 31 de mar\u00e7o. As tropas de Ol\u00edmpio Mour\u00e3o Filho, a suposta \u2018vaca farda\u00adda\u2019, saem de Juiz de Fora, Estado de Minas Gerais, e chegam \u00e0 Cidade Maravilhosa apenas em 2 de abril. O general Amaury Kruel faz chantagem ainda com Jango. Auro Moro Andrade, pre\u00adsidente do Senado Federal e do Congresso Nacional, abre sess\u00e3o, declara vaga a presid\u00eancia da Rep\u00fablica, com o atingido ainda no Brasil, para Rani\u00e9re Mazzilli assumir o cargo\u00a0 no dia 2.<\/p>\n<figure id=\"attachment_7125\" aria-describedby=\"caption-attachment-7125\" style=\"width: 1200px\" class=\"wp-caption alignnone\"><img loading=\"lazy\" decoding=\"async\" class=\"size-full wp-image-7125\" src=\"https:\/\/renatodias.online\/movimento\/wp-content\/uploads\/2021\/06\/Olimpio-Mourao-Filho.jpg\" alt=\"\" width=\"1200\" height=\"800\" srcset=\"https:\/\/renatodias.online\/movimento\/wp-content\/uploads\/2021\/06\/Olimpio-Mourao-Filho.jpg 1200w, https:\/\/renatodias.online\/movimento\/wp-content\/uploads\/2021\/06\/Olimpio-Mourao-Filho-300x200.jpg 300w, https:\/\/renatodias.online\/movimento\/wp-content\/uploads\/2021\/06\/Olimpio-Mourao-Filho-768x512.jpg 768w, https:\/\/renatodias.online\/movimento\/wp-content\/uploads\/2021\/06\/Olimpio-Mourao-Filho-360x240.jpg 360w, https:\/\/renatodias.online\/movimento\/wp-content\/uploads\/2021\/06\/Olimpio-Mourao-Filho-750x500.jpg 750w\" sizes=\"auto, (max-width: 1200px) 100vw, 1200px\" \/><figcaption id=\"caption-attachment-7125\" class=\"wp-caption-text\"><strong>Ol\u00edmpio Mour\u00e3o Filho<\/strong><\/figcaption><\/figure>\n<p>Nacional-estatista, em sua vers\u00e3o trabalhista, herdeiro de Get\u00falio Vargas, \u2018O Pai dos Pobres\u2019,\u00a0 ele encontrava-se em solo. Documento, um bilhete de pr\u00f3prio punho do inquilino do Pal\u00e1cio do Planalto, com a data de 4 de abril de 1964, solicita o empenho de um aliado para que obte\u00adnha o seu asilo pol\u00edtico no Uruguai, pa\u00eds do Cone-Sul, que faz fronteira com o Brasil. Acusado de comunista, nunca foi um adepto de Karl Marx e Friedrich Engels. Muito menos um corrupto.<\/p>\n<figure id=\"attachment_7126\" aria-describedby=\"caption-attachment-7126\" style=\"width: 1758px\" class=\"wp-caption alignnone\"><img loading=\"lazy\" decoding=\"async\" class=\"size-full wp-image-7126\" src=\"https:\/\/renatodias.online\/movimento\/wp-content\/uploads\/2021\/06\/Karl-Marx-_-Saiba-mais-scaled.jpg\" alt=\"\" width=\"1758\" height=\"2560\" srcset=\"https:\/\/renatodias.online\/movimento\/wp-content\/uploads\/2021\/06\/Karl-Marx-_-Saiba-mais-scaled.jpg 1758w, https:\/\/renatodias.online\/movimento\/wp-content\/uploads\/2021\/06\/Karl-Marx-_-Saiba-mais-206x300.jpg 206w, https:\/\/renatodias.online\/movimento\/wp-content\/uploads\/2021\/06\/Karl-Marx-_-Saiba-mais-703x1024.jpg 703w, https:\/\/renatodias.online\/movimento\/wp-content\/uploads\/2021\/06\/Karl-Marx-_-Saiba-mais-768x1118.jpg 768w, https:\/\/renatodias.online\/movimento\/wp-content\/uploads\/2021\/06\/Karl-Marx-_-Saiba-mais-1055x1536.jpg 1055w, https:\/\/renatodias.online\/movimento\/wp-content\/uploads\/2021\/06\/Karl-Marx-_-Saiba-mais-1407x2048.jpg 1407w, https:\/\/renatodias.online\/movimento\/wp-content\/uploads\/2021\/06\/Karl-Marx-_-Saiba-mais-750x1092.jpg 750w\" sizes=\"auto, (max-width: 1758px) 100vw, 1758px\" \/><figcaption id=\"caption-attachment-7126\" class=\"wp-caption-text\"><strong>Karl Marx<\/strong><\/figcaption><\/figure>\n<p>O \u2018Reino das Empreiteiras\u2019 tem in\u00edcio, sim, sob a ditadura civil e militar. Com a constru\u00e7\u00e3o de obras fara\u00f4nicas. Como a Transamaz\u00f4nica, a Usina de Itaipu, a Ponte Rio-Niter\u00f3i. Nascido no Uruguai, o embaixador do Brasil, no Chile, desde 1969, Ant\u00f4nio da C\u00e2mara Canto, nega ter ti\u00addo torturas, no Brasil. Registro imag\u00e9tico: j\u00e1 em 1\u00ba de abril, em Recife, o velho comunista Gre\u00adg\u00f3\u00adrio Bezerra \u00e9 torturado, com a sola dos p\u00e9s em carne viva, e exposto \u00e0 execra\u00e7\u00e3o p\u00fablica.<strong>\u00a0<\/strong><\/p>\n<figure id=\"attachment_7127\" aria-describedby=\"caption-attachment-7127\" style=\"width: 1200px\" class=\"wp-caption alignnone\"><img loading=\"lazy\" decoding=\"async\" class=\"size-full wp-image-7127\" src=\"https:\/\/renatodias.online\/movimento\/wp-content\/uploads\/2021\/06\/Gregorio-Bezerra-Saiba-mais.jpeg\" alt=\"\" width=\"1200\" height=\"675\" srcset=\"https:\/\/renatodias.online\/movimento\/wp-content\/uploads\/2021\/06\/Gregorio-Bezerra-Saiba-mais.jpeg 1200w, https:\/\/renatodias.online\/movimento\/wp-content\/uploads\/2021\/06\/Gregorio-Bezerra-Saiba-mais-300x169.jpeg 300w, https:\/\/renatodias.online\/movimento\/wp-content\/uploads\/2021\/06\/Gregorio-Bezerra-Saiba-mais-768x432.jpeg 768w, https:\/\/renatodias.online\/movimento\/wp-content\/uploads\/2021\/06\/Gregorio-Bezerra-Saiba-mais-750x422.jpeg 750w\" sizes=\"auto, (max-width: 1200px) 100vw, 1200px\" \/><figcaption id=\"caption-attachment-7127\" class=\"wp-caption-text\"><strong>Greg\u00f3rio Bezerra<\/strong><\/figcaption><\/figure>\n<p style=\"text-align: center;\"><strong><span style=\"color: #993300;\">Dica de leitura<\/span><br \/>\n<\/strong><\/p>\n<p><strong>Livro:<\/strong> O MR-8 na Luta Armada _ As armas da cr\u00edtica e a cr\u00edtica das armas<\/p>\n<p><strong>Editora:<\/strong> Alameda Editorial<\/p>\n<p><strong>Autor:<\/strong> Higor Codarin<\/p>\n<p>&nbsp;<\/p>\n","protected":false},"excerpt":{"rendered":"<p>MR-8, o discreto charme da esquerda em armas Tr\u00eas fases da DI-GB: pr\u00e9-1964, p\u00f3s-1967 e depois de 1972, no Chile, ex\u00edlio Renato Dias Charles Burke Elbrick, nascido em 25 de mar\u00e7o de 1908, em Louisville, EUA, circulava com o seu motorista no carro oficial da Embaixada dos EUA, no Rio de Janeiro. Logo v\u00ea o<\/p>\n","protected":false},"author":2,"featured_media":7106,"comment_status":"open","ping_status":"open","sticky":false,"template":"","format":"standard","meta":{"_acf_changed":false,"_monsterinsights_skip_tracking":false,"_monsterinsights_sitenote_active":false,"_monsterinsights_sitenote_note":"","_monsterinsights_sitenote_category":0,"footnotes":""},"categories":[28,57,4],"tags":[],"class_list":["post-7105","post","type-post","status-publish","format-standard","has-post-thumbnail","hentry","category-cultura","category-entrevista","category-politica"],"acf":[],"yoast_head":"<!-- This site is optimized with the Yoast SEO plugin v27.4 - https:\/\/yoast.com\/product\/yoast-seo-wordpress\/ -->\n<title>MR-8, discreto charme da esquerda armada -<\/title>\n<meta name=\"robots\" content=\"index, follow, max-snippet:-1, max-image-preview:large, max-video-preview:-1\" \/>\n<link rel=\"canonical\" href=\"https:\/\/renatodias.online\/movimento\/2021\/06\/13\/mr-8-o-discreto-charme-da-esquerda-em-armas\/\" \/>\n<meta property=\"og:locale\" content=\"pt_BR\" \/>\n<meta property=\"og:type\" content=\"article\" \/>\n<meta property=\"og:title\" content=\"MR-8, discreto charme da esquerda armada -\" \/>\n<meta property=\"og:description\" content=\"MR-8, o discreto charme da esquerda em armas Tr\u00eas fases da DI-GB: pr\u00e9-1964, p\u00f3s-1967 e depois de 1972, no Chile, ex\u00edlio Renato Dias Charles Burke Elbrick, nascido em 25 de mar\u00e7o de 1908, em Louisville, EUA, circulava com o seu motorista no carro oficial da Embaixada dos EUA, no Rio de Janeiro. Logo v\u00ea o\" \/>\n<meta property=\"og:url\" content=\"https:\/\/renatodias.online\/movimento\/2021\/06\/13\/mr-8-o-discreto-charme-da-esquerda-em-armas\/\" \/>\n<meta property=\"article:publisher\" content=\"https:\/\/www.facebook.com\/renato.dias.37\" \/>\n<meta property=\"article:author\" content=\"https:\/\/www.facebook.com\/renato.dias.37\" \/>\n<meta property=\"article:published_time\" content=\"2021-06-14T01:01:36+00:00\" \/>\n<meta property=\"article:modified_time\" content=\"2021-10-17T20:05:43+00:00\" \/>\n<meta property=\"og:image\" content=\"https:\/\/renatodias.online\/movimento\/wp-content\/uploads\/2021\/06\/Higor-Codarin-e1623630788571.jpg\" \/>\n\t<meta property=\"og:image:width\" content=\"300\" \/>\n\t<meta property=\"og:image:height\" content=\"300\" \/>\n\t<meta property=\"og:image:type\" content=\"image\/jpeg\" \/>\n<meta name=\"author\" content=\"Renato Dias\" \/>\n<meta name=\"twitter:card\" content=\"summary_large_image\" \/>\n<meta name=\"twitter:creator\" content=\"@RenatoDiasBat\" \/>\n<meta name=\"twitter:site\" content=\"@RenatoDiasBat\" \/>\n<meta name=\"twitter:label1\" content=\"Escrito por\" \/>\n\t<meta name=\"twitter:data1\" content=\"Renato Dias\" \/>\n\t<meta name=\"twitter:label2\" content=\"Est. tempo de leitura\" \/>\n\t<meta name=\"twitter:data2\" content=\"16 minutos\" \/>\n<script type=\"application\/ld+json\" class=\"yoast-schema-graph\">{\"@context\":\"https:\\\/\\\/schema.org\",\"@graph\":[{\"@type\":\"Article\",\"@id\":\"https:\\\/\\\/renatodias.online\\\/movimento\\\/2021\\\/06\\\/13\\\/mr-8-o-discreto-charme-da-esquerda-em-armas\\\/#article\",\"isPartOf\":{\"@id\":\"https:\\\/\\\/renatodias.online\\\/movimento\\\/2021\\\/06\\\/13\\\/mr-8-o-discreto-charme-da-esquerda-em-armas\\\/\"},\"author\":{\"name\":\"Renato Dias\",\"@id\":\"https:\\\/\\\/renatodias.online\\\/movimento\\\/#\\\/schema\\\/person\\\/bbab28833b1725a20f4083f49f1fb2a9\"},\"headline\":\"MR-8, discreto charme da esquerda armada\",\"datePublished\":\"2021-06-14T01:01:36+00:00\",\"dateModified\":\"2021-10-17T20:05:43+00:00\",\"mainEntityOfPage\":{\"@id\":\"https:\\\/\\\/renatodias.online\\\/movimento\\\/2021\\\/06\\\/13\\\/mr-8-o-discreto-charme-da-esquerda-em-armas\\\/\"},\"wordCount\":3272,\"commentCount\":0,\"publisher\":{\"@id\":\"https:\\\/\\\/renatodias.online\\\/movimento\\\/#\\\/schema\\\/person\\\/bbab28833b1725a20f4083f49f1fb2a9\"},\"image\":{\"@id\":\"https:\\\/\\\/renatodias.online\\\/movimento\\\/2021\\\/06\\\/13\\\/mr-8-o-discreto-charme-da-esquerda-em-armas\\\/#primaryimage\"},\"thumbnailUrl\":\"https:\\\/\\\/renatodias.online\\\/movimento\\\/wp-content\\\/uploads\\\/2021\\\/06\\\/Higor-Codarin-e1623630788571.jpg\",\"articleSection\":[\"Cultura\",\"Entrevista\",\"Pol\u00edtica\"],\"inLanguage\":\"pt-BR\",\"potentialAction\":[{\"@type\":\"CommentAction\",\"name\":\"Comment\",\"target\":[\"https:\\\/\\\/renatodias.online\\\/movimento\\\/2021\\\/06\\\/13\\\/mr-8-o-discreto-charme-da-esquerda-em-armas\\\/#respond\"]}]},{\"@type\":\"WebPage\",\"@id\":\"https:\\\/\\\/renatodias.online\\\/movimento\\\/2021\\\/06\\\/13\\\/mr-8-o-discreto-charme-da-esquerda-em-armas\\\/\",\"url\":\"https:\\\/\\\/renatodias.online\\\/movimento\\\/2021\\\/06\\\/13\\\/mr-8-o-discreto-charme-da-esquerda-em-armas\\\/\",\"name\":\"MR-8, discreto charme da esquerda armada -\",\"isPartOf\":{\"@id\":\"https:\\\/\\\/renatodias.online\\\/movimento\\\/#website\"},\"primaryImageOfPage\":{\"@id\":\"https:\\\/\\\/renatodias.online\\\/movimento\\\/2021\\\/06\\\/13\\\/mr-8-o-discreto-charme-da-esquerda-em-armas\\\/#primaryimage\"},\"image\":{\"@id\":\"https:\\\/\\\/renatodias.online\\\/movimento\\\/2021\\\/06\\\/13\\\/mr-8-o-discreto-charme-da-esquerda-em-armas\\\/#primaryimage\"},\"thumbnailUrl\":\"https:\\\/\\\/renatodias.online\\\/movimento\\\/wp-content\\\/uploads\\\/2021\\\/06\\\/Higor-Codarin-e1623630788571.jpg\",\"datePublished\":\"2021-06-14T01:01:36+00:00\",\"dateModified\":\"2021-10-17T20:05:43+00:00\",\"breadcrumb\":{\"@id\":\"https:\\\/\\\/renatodias.online\\\/movimento\\\/2021\\\/06\\\/13\\\/mr-8-o-discreto-charme-da-esquerda-em-armas\\\/#breadcrumb\"},\"inLanguage\":\"pt-BR\",\"potentialAction\":[{\"@type\":\"ReadAction\",\"target\":[\"https:\\\/\\\/renatodias.online\\\/movimento\\\/2021\\\/06\\\/13\\\/mr-8-o-discreto-charme-da-esquerda-em-armas\\\/\"]}]},{\"@type\":\"ImageObject\",\"inLanguage\":\"pt-BR\",\"@id\":\"https:\\\/\\\/renatodias.online\\\/movimento\\\/2021\\\/06\\\/13\\\/mr-8-o-discreto-charme-da-esquerda-em-armas\\\/#primaryimage\",\"url\":\"https:\\\/\\\/renatodias.online\\\/movimento\\\/wp-content\\\/uploads\\\/2021\\\/06\\\/Higor-Codarin-e1623630788571.jpg\",\"contentUrl\":\"https:\\\/\\\/renatodias.online\\\/movimento\\\/wp-content\\\/uploads\\\/2021\\\/06\\\/Higor-Codarin-e1623630788571.jpg\",\"width\":300,\"height\":300,\"caption\":\"Higor Codarin, historiador\"},{\"@type\":\"BreadcrumbList\",\"@id\":\"https:\\\/\\\/renatodias.online\\\/movimento\\\/2021\\\/06\\\/13\\\/mr-8-o-discreto-charme-da-esquerda-em-armas\\\/#breadcrumb\",\"itemListElement\":[{\"@type\":\"ListItem\",\"position\":1,\"name\":\"In\u00edcio\",\"item\":\"https:\\\/\\\/renatodias.online\\\/movimento\\\/\"},{\"@type\":\"ListItem\",\"position\":2,\"name\":\"MR-8, discreto charme da esquerda armada\"}]},{\"@type\":\"WebSite\",\"@id\":\"https:\\\/\\\/renatodias.online\\\/movimento\\\/#website\",\"url\":\"https:\\\/\\\/renatodias.online\\\/movimento\\\/\",\"name\":\"\",\"description\":\"\",\"publisher\":{\"@id\":\"https:\\\/\\\/renatodias.online\\\/movimento\\\/#\\\/schema\\\/person\\\/bbab28833b1725a20f4083f49f1fb2a9\"},\"potentialAction\":[{\"@type\":\"SearchAction\",\"target\":{\"@type\":\"EntryPoint\",\"urlTemplate\":\"https:\\\/\\\/renatodias.online\\\/movimento\\\/?s={search_term_string}\"},\"query-input\":{\"@type\":\"PropertyValueSpecification\",\"valueRequired\":true,\"valueName\":\"search_term_string\"}}],\"inLanguage\":\"pt-BR\"},{\"@type\":[\"Person\",\"Organization\"],\"@id\":\"https:\\\/\\\/renatodias.online\\\/movimento\\\/#\\\/schema\\\/person\\\/bbab28833b1725a20f4083f49f1fb2a9\",\"name\":\"Renato Dias\",\"image\":{\"@type\":\"ImageObject\",\"inLanguage\":\"pt-BR\",\"@id\":\"https:\\\/\\\/renatodias.online\\\/movimento\\\/wp-content\\\/uploads\\\/2023\\\/03\\\/cropped-cropped-cropped-logofinal.jpeg\",\"url\":\"https:\\\/\\\/renatodias.online\\\/movimento\\\/wp-content\\\/uploads\\\/2023\\\/03\\\/cropped-cropped-cropped-logofinal.jpeg\",\"contentUrl\":\"https:\\\/\\\/renatodias.online\\\/movimento\\\/wp-content\\\/uploads\\\/2023\\\/03\\\/cropped-cropped-cropped-logofinal.jpeg\",\"width\":1280,\"height\":219,\"caption\":\"Renato Dias\"},\"logo\":{\"@id\":\"https:\\\/\\\/renatodias.online\\\/movimento\\\/wp-content\\\/uploads\\\/2023\\\/03\\\/cropped-cropped-cropped-logofinal.jpeg\"},\"description\":\"Renato Dias, 58 anos, \u00e9 graduado em Jornalismo, formado em Ci\u00eancias Sociais, com p\u00f3s-gradua\u00e7\u00e3o em Pol\u00edticas P\u00fablicas, mestre em Direito e Rela\u00e7\u00f5es Internacionais, ex-aluno extraordin\u00e1rio do Doutorado em Psicologia Social, ex-estudante do Curso de Psican\u00e1lise do Centro de Estudos Psicanal\u00edticos do Estado de Goi\u00e1s, ministrado pelo m\u00e9dico psiquiatra e psicanalista Daniel Em\u00eddio de Souza. \u00c9 autor de 30 livros-reportagem, oito document\u00e1rios, ganhou 30 pr\u00eamios e \u00e9 torcedor apaixonado do maior do Centro-Oeste, o Vila Nova Futebol Clube. Casado com Meirilane Dias, \u00e9 pai de Juliana Dias, jornalista; Daniel Dias, economista; e Maria Rosa Dias, estudante antifascista, socialista e trotskista.\u00a0Com tr\u00eas pets: Porquinho [Bull Dog Franc\u00eas], Dalila [Basset Hound] e Geleia [Basset Hound]. Al\u00e9m do eterno gato Tutuquinho, que virou estrela.\",\"sameAs\":[\"https:\\\/\\\/www.facebook.com\\\/renato.dias.37\",\"#breve\",\"https:\\\/\\\/renatodias.tumblr.com\\\/\"],\"url\":\"https:\\\/\\\/renatodias.online\\\/movimento\\\/author\\\/renatodias\\\/\"}]}<\/script>\n<!-- \/ Yoast SEO plugin. -->","yoast_head_json":{"title":"MR-8, discreto charme da esquerda armada -","robots":{"index":"index","follow":"follow","max-snippet":"max-snippet:-1","max-image-preview":"max-image-preview:large","max-video-preview":"max-video-preview:-1"},"canonical":"https:\/\/renatodias.online\/movimento\/2021\/06\/13\/mr-8-o-discreto-charme-da-esquerda-em-armas\/","og_locale":"pt_BR","og_type":"article","og_title":"MR-8, discreto charme da esquerda armada -","og_description":"MR-8, o discreto charme da esquerda em armas Tr\u00eas fases da DI-GB: pr\u00e9-1964, p\u00f3s-1967 e depois de 1972, no Chile, ex\u00edlio Renato Dias Charles Burke Elbrick, nascido em 25 de mar\u00e7o de 1908, em Louisville, EUA, circulava com o seu motorista no carro oficial da Embaixada dos EUA, no Rio de Janeiro. Logo v\u00ea o","og_url":"https:\/\/renatodias.online\/movimento\/2021\/06\/13\/mr-8-o-discreto-charme-da-esquerda-em-armas\/","article_publisher":"https:\/\/www.facebook.com\/renato.dias.37","article_author":"https:\/\/www.facebook.com\/renato.dias.37","article_published_time":"2021-06-14T01:01:36+00:00","article_modified_time":"2021-10-17T20:05:43+00:00","og_image":[{"width":300,"height":300,"url":"https:\/\/renatodias.online\/movimento\/wp-content\/uploads\/2021\/06\/Higor-Codarin-e1623630788571.jpg","type":"image\/jpeg"}],"author":"Renato Dias","twitter_card":"summary_large_image","twitter_creator":"@RenatoDiasBat","twitter_site":"@RenatoDiasBat","twitter_misc":{"Escrito por":"Renato Dias","Est. tempo de leitura":"16 minutos"},"schema":{"@context":"https:\/\/schema.org","@graph":[{"@type":"Article","@id":"https:\/\/renatodias.online\/movimento\/2021\/06\/13\/mr-8-o-discreto-charme-da-esquerda-em-armas\/#article","isPartOf":{"@id":"https:\/\/renatodias.online\/movimento\/2021\/06\/13\/mr-8-o-discreto-charme-da-esquerda-em-armas\/"},"author":{"name":"Renato Dias","@id":"https:\/\/renatodias.online\/movimento\/#\/schema\/person\/bbab28833b1725a20f4083f49f1fb2a9"},"headline":"MR-8, discreto charme da esquerda armada","datePublished":"2021-06-14T01:01:36+00:00","dateModified":"2021-10-17T20:05:43+00:00","mainEntityOfPage":{"@id":"https:\/\/renatodias.online\/movimento\/2021\/06\/13\/mr-8-o-discreto-charme-da-esquerda-em-armas\/"},"wordCount":3272,"commentCount":0,"publisher":{"@id":"https:\/\/renatodias.online\/movimento\/#\/schema\/person\/bbab28833b1725a20f4083f49f1fb2a9"},"image":{"@id":"https:\/\/renatodias.online\/movimento\/2021\/06\/13\/mr-8-o-discreto-charme-da-esquerda-em-armas\/#primaryimage"},"thumbnailUrl":"https:\/\/renatodias.online\/movimento\/wp-content\/uploads\/2021\/06\/Higor-Codarin-e1623630788571.jpg","articleSection":["Cultura","Entrevista","Pol\u00edtica"],"inLanguage":"pt-BR","potentialAction":[{"@type":"CommentAction","name":"Comment","target":["https:\/\/renatodias.online\/movimento\/2021\/06\/13\/mr-8-o-discreto-charme-da-esquerda-em-armas\/#respond"]}]},{"@type":"WebPage","@id":"https:\/\/renatodias.online\/movimento\/2021\/06\/13\/mr-8-o-discreto-charme-da-esquerda-em-armas\/","url":"https:\/\/renatodias.online\/movimento\/2021\/06\/13\/mr-8-o-discreto-charme-da-esquerda-em-armas\/","name":"MR-8, discreto charme da esquerda armada -","isPartOf":{"@id":"https:\/\/renatodias.online\/movimento\/#website"},"primaryImageOfPage":{"@id":"https:\/\/renatodias.online\/movimento\/2021\/06\/13\/mr-8-o-discreto-charme-da-esquerda-em-armas\/#primaryimage"},"image":{"@id":"https:\/\/renatodias.online\/movimento\/2021\/06\/13\/mr-8-o-discreto-charme-da-esquerda-em-armas\/#primaryimage"},"thumbnailUrl":"https:\/\/renatodias.online\/movimento\/wp-content\/uploads\/2021\/06\/Higor-Codarin-e1623630788571.jpg","datePublished":"2021-06-14T01:01:36+00:00","dateModified":"2021-10-17T20:05:43+00:00","breadcrumb":{"@id":"https:\/\/renatodias.online\/movimento\/2021\/06\/13\/mr-8-o-discreto-charme-da-esquerda-em-armas\/#breadcrumb"},"inLanguage":"pt-BR","potentialAction":[{"@type":"ReadAction","target":["https:\/\/renatodias.online\/movimento\/2021\/06\/13\/mr-8-o-discreto-charme-da-esquerda-em-armas\/"]}]},{"@type":"ImageObject","inLanguage":"pt-BR","@id":"https:\/\/renatodias.online\/movimento\/2021\/06\/13\/mr-8-o-discreto-charme-da-esquerda-em-armas\/#primaryimage","url":"https:\/\/renatodias.online\/movimento\/wp-content\/uploads\/2021\/06\/Higor-Codarin-e1623630788571.jpg","contentUrl":"https:\/\/renatodias.online\/movimento\/wp-content\/uploads\/2021\/06\/Higor-Codarin-e1623630788571.jpg","width":300,"height":300,"caption":"Higor Codarin, historiador"},{"@type":"BreadcrumbList","@id":"https:\/\/renatodias.online\/movimento\/2021\/06\/13\/mr-8-o-discreto-charme-da-esquerda-em-armas\/#breadcrumb","itemListElement":[{"@type":"ListItem","position":1,"name":"In\u00edcio","item":"https:\/\/renatodias.online\/movimento\/"},{"@type":"ListItem","position":2,"name":"MR-8, discreto charme da esquerda armada"}]},{"@type":"WebSite","@id":"https:\/\/renatodias.online\/movimento\/#website","url":"https:\/\/renatodias.online\/movimento\/","name":"","description":"","publisher":{"@id":"https:\/\/renatodias.online\/movimento\/#\/schema\/person\/bbab28833b1725a20f4083f49f1fb2a9"},"potentialAction":[{"@type":"SearchAction","target":{"@type":"EntryPoint","urlTemplate":"https:\/\/renatodias.online\/movimento\/?s={search_term_string}"},"query-input":{"@type":"PropertyValueSpecification","valueRequired":true,"valueName":"search_term_string"}}],"inLanguage":"pt-BR"},{"@type":["Person","Organization"],"@id":"https:\/\/renatodias.online\/movimento\/#\/schema\/person\/bbab28833b1725a20f4083f49f1fb2a9","name":"Renato Dias","image":{"@type":"ImageObject","inLanguage":"pt-BR","@id":"https:\/\/renatodias.online\/movimento\/wp-content\/uploads\/2023\/03\/cropped-cropped-cropped-logofinal.jpeg","url":"https:\/\/renatodias.online\/movimento\/wp-content\/uploads\/2023\/03\/cropped-cropped-cropped-logofinal.jpeg","contentUrl":"https:\/\/renatodias.online\/movimento\/wp-content\/uploads\/2023\/03\/cropped-cropped-cropped-logofinal.jpeg","width":1280,"height":219,"caption":"Renato Dias"},"logo":{"@id":"https:\/\/renatodias.online\/movimento\/wp-content\/uploads\/2023\/03\/cropped-cropped-cropped-logofinal.jpeg"},"description":"Renato Dias, 58 anos, \u00e9 graduado em Jornalismo, formado em Ci\u00eancias Sociais, com p\u00f3s-gradua\u00e7\u00e3o em Pol\u00edticas P\u00fablicas, mestre em Direito e Rela\u00e7\u00f5es Internacionais, ex-aluno extraordin\u00e1rio do Doutorado em Psicologia Social, ex-estudante do Curso de Psican\u00e1lise do Centro de Estudos Psicanal\u00edticos do Estado de Goi\u00e1s, ministrado pelo m\u00e9dico psiquiatra e psicanalista Daniel Em\u00eddio de Souza. \u00c9 autor de 30 livros-reportagem, oito document\u00e1rios, ganhou 30 pr\u00eamios e \u00e9 torcedor apaixonado do maior do Centro-Oeste, o Vila Nova Futebol Clube. Casado com Meirilane Dias, \u00e9 pai de Juliana Dias, jornalista; Daniel Dias, economista; e Maria Rosa Dias, estudante antifascista, socialista e trotskista.\u00a0Com tr\u00eas pets: Porquinho [Bull Dog Franc\u00eas], Dalila [Basset Hound] e Geleia [Basset Hound]. Al\u00e9m do eterno gato Tutuquinho, que virou estrela.","sameAs":["https:\/\/www.facebook.com\/renato.dias.37","#breve","https:\/\/renatodias.tumblr.com\/"],"url":"https:\/\/renatodias.online\/movimento\/author\/renatodias\/"}]}},"_links":{"self":[{"href":"https:\/\/renatodias.online\/movimento\/wp-json\/wp\/v2\/posts\/7105","targetHints":{"allow":["GET"]}}],"collection":[{"href":"https:\/\/renatodias.online\/movimento\/wp-json\/wp\/v2\/posts"}],"about":[{"href":"https:\/\/renatodias.online\/movimento\/wp-json\/wp\/v2\/types\/post"}],"author":[{"embeddable":true,"href":"https:\/\/renatodias.online\/movimento\/wp-json\/wp\/v2\/users\/2"}],"replies":[{"embeddable":true,"href":"https:\/\/renatodias.online\/movimento\/wp-json\/wp\/v2\/comments?post=7105"}],"version-history":[{"count":4,"href":"https:\/\/renatodias.online\/movimento\/wp-json\/wp\/v2\/posts\/7105\/revisions"}],"predecessor-version":[{"id":9367,"href":"https:\/\/renatodias.online\/movimento\/wp-json\/wp\/v2\/posts\/7105\/revisions\/9367"}],"wp:featuredmedia":[{"embeddable":true,"href":"https:\/\/renatodias.online\/movimento\/wp-json\/wp\/v2\/media\/7106"}],"wp:attachment":[{"href":"https:\/\/renatodias.online\/movimento\/wp-json\/wp\/v2\/media?parent=7105"}],"wp:term":[{"taxonomy":"category","embeddable":true,"href":"https:\/\/renatodias.online\/movimento\/wp-json\/wp\/v2\/categories?post=7105"},{"taxonomy":"post_tag","embeddable":true,"href":"https:\/\/renatodias.online\/movimento\/wp-json\/wp\/v2\/tags?post=7105"}],"curies":[{"name":"wp","href":"https:\/\/api.w.org\/{rel}","templated":true}]}}