{"id":7092,"date":"2021-06-11T17:56:42","date_gmt":"2021-06-11T20:56:42","guid":{"rendered":"https:\/\/renatodias.online\/movimento\/?p=7092"},"modified":"2021-06-11T17:58:09","modified_gmt":"2021-06-11T20:58:09","slug":"dia-dos-namorados-e-na-ludovicensa-exclusivo","status":"publish","type":"post","link":"https:\/\/renatodias.online\/movimento\/2021\/06\/11\/dia-dos-namorados-e-na-ludovicensa-exclusivo\/","title":{"rendered":"Dia dos namorados \u00e9 na Ludovicensa  Exclusivo"},"content":{"rendered":"<figure id=\"attachment_7093\" aria-describedby=\"caption-attachment-7093\" style=\"width: 620px\" class=\"wp-caption aligncenter\"><img loading=\"lazy\" decoding=\"async\" class=\"size-full wp-image-7093\" src=\"https:\/\/renatodias.online\/movimento\/wp-content\/uploads\/2021\/06\/Ludovicensa-_-1.jpg\" alt=\"\" width=\"620\" height=\"775\" srcset=\"https:\/\/renatodias.online\/movimento\/wp-content\/uploads\/2021\/06\/Ludovicensa-_-1.jpg 620w, https:\/\/renatodias.online\/movimento\/wp-content\/uploads\/2021\/06\/Ludovicensa-_-1-240x300.jpg 240w\" sizes=\"auto, (max-width: 620px) 100vw, 620px\" \/><figcaption id=\"caption-attachment-7093\" class=\"wp-caption-text\"><strong>Ludovicensa<\/strong><\/figcaption><\/figure>\n<h1 style=\"text-align: center;\"><span style=\"color: #ff00ff;\"><strong>Dia dos namorados \u00e9 na Ludovicensa<\/strong><\/span><\/h1>\n<p><strong><img loading=\"lazy\" decoding=\"async\" class=\"alignnone size-full wp-image-5007\" src=\"https:\/\/renatodias.online\/movimento\/wp-content\/uploads\/2021\/01\/Alto-da-p\u00e1gina-Banner-Exclusivo.png\" alt=\"\" width=\"1224\" height=\"372\" \/><\/strong><\/p>\n<p><span style=\"color: #008000;\"><strong>Isaura Maia e seus looks. Tanto do mercado da moda quanto das passarelas<\/strong><\/span><\/p>\n<p><strong>Renato Dias<\/strong><\/p>\n<p>N\u00e3o h\u00e1 como curtir o dia dos namorados, neste s\u00e1bado, <strong>12 de junho de 2021<\/strong>, sem passar pela <strong>Ludovicensa<\/strong>. A loja da mulher contempor\u00e2nea da modernidade. Cult. Chic. Elegante. Com uma promo\u00e7\u00e3o especial. Assim como produtos da alta costura. Com um pre\u00e7o que cabe no seu bolso ou no cart\u00e3o de cr\u00e9dito de seu marido, \u2018namorido\u2019 ou namorada. A <strong>empres\u00e1ria Isaura Maia<\/strong> apresenta o que h\u00e1 de novidades. Tanto no mercado da moda quanto das passarelas. De m\u00faltiplos estilos. <strong>Para agradar os gostos e looks infinitos. N\u00e3o custa nada ver para crer.<\/strong><\/p>\n<p><img loading=\"lazy\" decoding=\"async\" class=\"alignnone size-full wp-image-7094\" src=\"https:\/\/renatodias.online\/movimento\/wp-content\/uploads\/2021\/06\/Ludovicensa-_-5.jpg\" alt=\"\" width=\"980\" height=\"1225\" srcset=\"https:\/\/renatodias.online\/movimento\/wp-content\/uploads\/2021\/06\/Ludovicensa-_-5.jpg 980w, https:\/\/renatodias.online\/movimento\/wp-content\/uploads\/2021\/06\/Ludovicensa-_-5-240x300.jpg 240w, https:\/\/renatodias.online\/movimento\/wp-content\/uploads\/2021\/06\/Ludovicensa-_-5-819x1024.jpg 819w, https:\/\/renatodias.online\/movimento\/wp-content\/uploads\/2021\/06\/Ludovicensa-_-5-768x960.jpg 768w, https:\/\/renatodias.online\/movimento\/wp-content\/uploads\/2021\/06\/Ludovicensa-_-5-750x938.jpg 750w\" sizes=\"auto, (max-width: 980px) 100vw, 980px\" \/> <img loading=\"lazy\" decoding=\"async\" class=\"alignnone size-full wp-image-7095\" src=\"https:\/\/renatodias.online\/movimento\/wp-content\/uploads\/2021\/06\/Ludovicensa-_-4.jpg\" alt=\"\" width=\"980\" height=\"1225\" srcset=\"https:\/\/renatodias.online\/movimento\/wp-content\/uploads\/2021\/06\/Ludovicensa-_-4.jpg 980w, https:\/\/renatodias.online\/movimento\/wp-content\/uploads\/2021\/06\/Ludovicensa-_-4-240x300.jpg 240w, https:\/\/renatodias.online\/movimento\/wp-content\/uploads\/2021\/06\/Ludovicensa-_-4-819x1024.jpg 819w, https:\/\/renatodias.online\/movimento\/wp-content\/uploads\/2021\/06\/Ludovicensa-_-4-768x960.jpg 768w, https:\/\/renatodias.online\/movimento\/wp-content\/uploads\/2021\/06\/Ludovicensa-_-4-750x938.jpg 750w\" sizes=\"auto, (max-width: 980px) 100vw, 980px\" \/> <img loading=\"lazy\" decoding=\"async\" class=\"alignnone size-full wp-image-7096\" src=\"https:\/\/renatodias.online\/movimento\/wp-content\/uploads\/2021\/06\/Ludovicensa-_-3.jpg\" alt=\"\" width=\"980\" height=\"1225\" srcset=\"https:\/\/renatodias.online\/movimento\/wp-content\/uploads\/2021\/06\/Ludovicensa-_-3.jpg 980w, https:\/\/renatodias.online\/movimento\/wp-content\/uploads\/2021\/06\/Ludovicensa-_-3-240x300.jpg 240w, https:\/\/renatodias.online\/movimento\/wp-content\/uploads\/2021\/06\/Ludovicensa-_-3-819x1024.jpg 819w, https:\/\/renatodias.online\/movimento\/wp-content\/uploads\/2021\/06\/Ludovicensa-_-3-768x960.jpg 768w, https:\/\/renatodias.online\/movimento\/wp-content\/uploads\/2021\/06\/Ludovicensa-_-3-750x938.jpg 750w\" sizes=\"auto, (max-width: 980px) 100vw, 980px\" \/> <img loading=\"lazy\" decoding=\"async\" class=\"alignnone size-full wp-image-7097\" src=\"https:\/\/renatodias.online\/movimento\/wp-content\/uploads\/2021\/06\/Ludovicensa-_-2.jpg\" alt=\"\" width=\"980\" height=\"1225\" srcset=\"https:\/\/renatodias.online\/movimento\/wp-content\/uploads\/2021\/06\/Ludovicensa-_-2.jpg 980w, https:\/\/renatodias.online\/movimento\/wp-content\/uploads\/2021\/06\/Ludovicensa-_-2-240x300.jpg 240w, https:\/\/renatodias.online\/movimento\/wp-content\/uploads\/2021\/06\/Ludovicensa-_-2-819x1024.jpg 819w, https:\/\/renatodias.online\/movimento\/wp-content\/uploads\/2021\/06\/Ludovicensa-_-2-768x960.jpg 768w, https:\/\/renatodias.online\/movimento\/wp-content\/uploads\/2021\/06\/Ludovicensa-_-2-750x938.jpg 750w\" sizes=\"auto, (max-width: 980px) 100vw, 980px\" \/><\/p>\n<h1 style=\"text-align: center;\"><span style=\"color: #800080;\"><strong>Saiba mais<\/strong><\/span><\/h1>\n<p><strong>Ludovicensa<\/strong><\/p>\n<p><strong>Loja de roupas e acess\u00f3rios femininos<\/strong><\/p>\n<p><strong>Endere\u00e7o:<\/strong> \u00a0\u00c0 Rua 101, N\u00ba 325, Setor Sul, Goi\u00e2nia &#8211; Goi\u00e1s<\/p>\n<p><strong>Telefone:<\/strong> 062 _ 3225-0211<\/p>\n<p><strong>Hor\u00e1rio de funcionamento<\/strong> _ Aberta de 9h \u00e0s 18h<\/p>\n<p><a href=\"http:\/\/www.ludovicensa.com.br\"><strong>http:\/\/www.ludovicensa.com.br<\/strong><\/a><\/p>\n<p><strong><a href=\"mailto:isaura@ludovicensa.com.br\">isaura@ludovicensa.com.br<\/a><\/strong><\/p>\n<p><strong>Acesse o seu site<\/strong><\/p>\n<p><img loading=\"lazy\" decoding=\"async\" class=\"alignnone size-full wp-image-7098\" src=\"https:\/\/renatodias.online\/movimento\/wp-content\/uploads\/2021\/06\/Isaura-Maia-_-1.jpg\" alt=\"\" width=\"960\" height=\"960\" srcset=\"https:\/\/renatodias.online\/movimento\/wp-content\/uploads\/2021\/06\/Isaura-Maia-_-1.jpg 960w, https:\/\/renatodias.online\/movimento\/wp-content\/uploads\/2021\/06\/Isaura-Maia-_-1-300x300.jpg 300w, https:\/\/renatodias.online\/movimento\/wp-content\/uploads\/2021\/06\/Isaura-Maia-_-1-150x150.jpg 150w, https:\/\/renatodias.online\/movimento\/wp-content\/uploads\/2021\/06\/Isaura-Maia-_-1-768x768.jpg 768w, https:\/\/renatodias.online\/movimento\/wp-content\/uploads\/2021\/06\/Isaura-Maia-_-1-750x750.jpg 750w\" sizes=\"auto, (max-width: 960px) 100vw, 960px\" \/><\/p>\n<p><strong>Isaura Maia<\/strong><\/p>\n","protected":false},"excerpt":{"rendered":"<p>Dia dos namorados \u00e9 na Ludovicensa Isaura Maia e seus looks. Tanto do mercado da moda quanto das passarelas Renato Dias N\u00e3o h\u00e1 como curtir o dia dos namorados, neste s\u00e1bado, 12 de junho de 2021, sem passar pela Ludovicensa. A loja da mulher contempor\u00e2nea da modernidade. Cult. Chic. Elegante. Com uma promo\u00e7\u00e3o especial. Assim<\/p>\n","protected":false},"author":2,"featured_media":7099,"comment_status":"open","ping_status":"open","sticky":false,"template":"","format":"standard","meta":{"_acf_changed":false,"_monsterinsights_skip_tracking":false,"_monsterinsights_sitenote_active":false,"_monsterinsights_sitenote_note":"","_monsterinsights_sitenote_category":0,"footnotes":""},"categories":[9,16],"tags":[],"class_list":["post-7092","post","type-post","status-publish","format-standard","has-post-thumbnail","hentry","category-cidade","category-tendencias"],"acf":[],"yoast_head":"<!-- This site is optimized with the Yoast SEO plugin v27.4 - https:\/\/yoast.com\/product\/yoast-seo-wordpress\/ -->\n<title>Dia dos namorados \u00e9 na Ludovicensa Exclusivo -<\/title>\n<meta name=\"robots\" content=\"index, follow, max-snippet:-1, max-image-preview:large, max-video-preview:-1\" \/>\n<link rel=\"canonical\" href=\"https:\/\/renatodias.online\/movimento\/2021\/06\/11\/dia-dos-namorados-e-na-ludovicensa-exclusivo\/\" \/>\n<meta property=\"og:locale\" content=\"pt_BR\" \/>\n<meta property=\"og:type\" content=\"article\" \/>\n<meta property=\"og:title\" content=\"Dia dos namorados \u00e9 na Ludovicensa Exclusivo -\" \/>\n<meta property=\"og:description\" content=\"Dia dos namorados \u00e9 na Ludovicensa Isaura Maia e seus looks. Tanto do mercado da moda quanto das passarelas Renato Dias N\u00e3o h\u00e1 como curtir o dia dos namorados, neste s\u00e1bado, 12 de junho de 2021, sem passar pela Ludovicensa. A loja da mulher contempor\u00e2nea da modernidade. Cult. Chic. Elegante. Com uma promo\u00e7\u00e3o especial. Assim\" \/>\n<meta property=\"og:url\" content=\"https:\/\/renatodias.online\/movimento\/2021\/06\/11\/dia-dos-namorados-e-na-ludovicensa-exclusivo\/\" \/>\n<meta property=\"article:publisher\" content=\"https:\/\/www.facebook.com\/renato.dias.37\" \/>\n<meta property=\"article:author\" content=\"https:\/\/www.facebook.com\/renato.dias.37\" \/>\n<meta property=\"article:published_time\" content=\"2021-06-11T20:56:42+00:00\" \/>\n<meta property=\"article:modified_time\" content=\"2021-06-11T20:58:09+00:00\" \/>\n<meta property=\"og:image\" content=\"https:\/\/renatodias.online\/movimento\/wp-content\/uploads\/2021\/06\/Isaura-Maia-_-Link-e1623444988105.jpg\" \/>\n\t<meta property=\"og:image:width\" content=\"300\" \/>\n\t<meta property=\"og:image:height\" content=\"300\" \/>\n\t<meta property=\"og:image:type\" content=\"image\/jpeg\" \/>\n<meta name=\"author\" content=\"Renato Dias\" \/>\n<meta name=\"twitter:card\" content=\"summary_large_image\" \/>\n<meta name=\"twitter:creator\" content=\"@RenatoDiasBat\" \/>\n<meta name=\"twitter:site\" content=\"@RenatoDiasBat\" \/>\n<meta name=\"twitter:label1\" content=\"Escrito por\" \/>\n\t<meta name=\"twitter:data1\" content=\"Renato Dias\" \/>\n\t<meta name=\"twitter:label2\" content=\"Est. tempo de leitura\" \/>\n\t<meta name=\"twitter:data2\" content=\"1 minuto\" \/>\n<script type=\"application\/ld+json\" class=\"yoast-schema-graph\">{\"@context\":\"https:\\\/\\\/schema.org\",\"@graph\":[{\"@type\":\"Article\",\"@id\":\"https:\\\/\\\/renatodias.online\\\/movimento\\\/2021\\\/06\\\/11\\\/dia-dos-namorados-e-na-ludovicensa-exclusivo\\\/#article\",\"isPartOf\":{\"@id\":\"https:\\\/\\\/renatodias.online\\\/movimento\\\/2021\\\/06\\\/11\\\/dia-dos-namorados-e-na-ludovicensa-exclusivo\\\/\"},\"author\":{\"name\":\"Renato Dias\",\"@id\":\"https:\\\/\\\/renatodias.online\\\/movimento\\\/#\\\/schema\\\/person\\\/bbab28833b1725a20f4083f49f1fb2a9\"},\"headline\":\"Dia dos namorados \u00e9 na Ludovicensa Exclusivo\",\"datePublished\":\"2021-06-11T20:56:42+00:00\",\"dateModified\":\"2021-06-11T20:58:09+00:00\",\"mainEntityOfPage\":{\"@id\":\"https:\\\/\\\/renatodias.online\\\/movimento\\\/2021\\\/06\\\/11\\\/dia-dos-namorados-e-na-ludovicensa-exclusivo\\\/\"},\"wordCount\":181,\"commentCount\":0,\"publisher\":{\"@id\":\"https:\\\/\\\/renatodias.online\\\/movimento\\\/#\\\/schema\\\/person\\\/bbab28833b1725a20f4083f49f1fb2a9\"},\"image\":{\"@id\":\"https:\\\/\\\/renatodias.online\\\/movimento\\\/2021\\\/06\\\/11\\\/dia-dos-namorados-e-na-ludovicensa-exclusivo\\\/#primaryimage\"},\"thumbnailUrl\":\"https:\\\/\\\/renatodias.online\\\/movimento\\\/wp-content\\\/uploads\\\/2021\\\/06\\\/Isaura-Maia-_-Link-e1623444988105.jpg\",\"articleSection\":[\"Cidade\",\"Tend\u00eancias\"],\"inLanguage\":\"pt-BR\",\"potentialAction\":[{\"@type\":\"CommentAction\",\"name\":\"Comment\",\"target\":[\"https:\\\/\\\/renatodias.online\\\/movimento\\\/2021\\\/06\\\/11\\\/dia-dos-namorados-e-na-ludovicensa-exclusivo\\\/#respond\"]}]},{\"@type\":\"WebPage\",\"@id\":\"https:\\\/\\\/renatodias.online\\\/movimento\\\/2021\\\/06\\\/11\\\/dia-dos-namorados-e-na-ludovicensa-exclusivo\\\/\",\"url\":\"https:\\\/\\\/renatodias.online\\\/movimento\\\/2021\\\/06\\\/11\\\/dia-dos-namorados-e-na-ludovicensa-exclusivo\\\/\",\"name\":\"Dia dos namorados \u00e9 na Ludovicensa Exclusivo -\",\"isPartOf\":{\"@id\":\"https:\\\/\\\/renatodias.online\\\/movimento\\\/#website\"},\"primaryImageOfPage\":{\"@id\":\"https:\\\/\\\/renatodias.online\\\/movimento\\\/2021\\\/06\\\/11\\\/dia-dos-namorados-e-na-ludovicensa-exclusivo\\\/#primaryimage\"},\"image\":{\"@id\":\"https:\\\/\\\/renatodias.online\\\/movimento\\\/2021\\\/06\\\/11\\\/dia-dos-namorados-e-na-ludovicensa-exclusivo\\\/#primaryimage\"},\"thumbnailUrl\":\"https:\\\/\\\/renatodias.online\\\/movimento\\\/wp-content\\\/uploads\\\/2021\\\/06\\\/Isaura-Maia-_-Link-e1623444988105.jpg\",\"datePublished\":\"2021-06-11T20:56:42+00:00\",\"dateModified\":\"2021-06-11T20:58:09+00:00\",\"breadcrumb\":{\"@id\":\"https:\\\/\\\/renatodias.online\\\/movimento\\\/2021\\\/06\\\/11\\\/dia-dos-namorados-e-na-ludovicensa-exclusivo\\\/#breadcrumb\"},\"inLanguage\":\"pt-BR\",\"potentialAction\":[{\"@type\":\"ReadAction\",\"target\":[\"https:\\\/\\\/renatodias.online\\\/movimento\\\/2021\\\/06\\\/11\\\/dia-dos-namorados-e-na-ludovicensa-exclusivo\\\/\"]}]},{\"@type\":\"ImageObject\",\"inLanguage\":\"pt-BR\",\"@id\":\"https:\\\/\\\/renatodias.online\\\/movimento\\\/2021\\\/06\\\/11\\\/dia-dos-namorados-e-na-ludovicensa-exclusivo\\\/#primaryimage\",\"url\":\"https:\\\/\\\/renatodias.online\\\/movimento\\\/wp-content\\\/uploads\\\/2021\\\/06\\\/Isaura-Maia-_-Link-e1623444988105.jpg\",\"contentUrl\":\"https:\\\/\\\/renatodias.online\\\/movimento\\\/wp-content\\\/uploads\\\/2021\\\/06\\\/Isaura-Maia-_-Link-e1623444988105.jpg\",\"width\":300,\"height\":300},{\"@type\":\"BreadcrumbList\",\"@id\":\"https:\\\/\\\/renatodias.online\\\/movimento\\\/2021\\\/06\\\/11\\\/dia-dos-namorados-e-na-ludovicensa-exclusivo\\\/#breadcrumb\",\"itemListElement\":[{\"@type\":\"ListItem\",\"position\":1,\"name\":\"In\u00edcio\",\"item\":\"https:\\\/\\\/renatodias.online\\\/movimento\\\/\"},{\"@type\":\"ListItem\",\"position\":2,\"name\":\"Dia dos namorados \u00e9 na Ludovicensa Exclusivo\"}]},{\"@type\":\"WebSite\",\"@id\":\"https:\\\/\\\/renatodias.online\\\/movimento\\\/#website\",\"url\":\"https:\\\/\\\/renatodias.online\\\/movimento\\\/\",\"name\":\"\",\"description\":\"\",\"publisher\":{\"@id\":\"https:\\\/\\\/renatodias.online\\\/movimento\\\/#\\\/schema\\\/person\\\/bbab28833b1725a20f4083f49f1fb2a9\"},\"potentialAction\":[{\"@type\":\"SearchAction\",\"target\":{\"@type\":\"EntryPoint\",\"urlTemplate\":\"https:\\\/\\\/renatodias.online\\\/movimento\\\/?s={search_term_string}\"},\"query-input\":{\"@type\":\"PropertyValueSpecification\",\"valueRequired\":true,\"valueName\":\"search_term_string\"}}],\"inLanguage\":\"pt-BR\"},{\"@type\":[\"Person\",\"Organization\"],\"@id\":\"https:\\\/\\\/renatodias.online\\\/movimento\\\/#\\\/schema\\\/person\\\/bbab28833b1725a20f4083f49f1fb2a9\",\"name\":\"Renato Dias\",\"image\":{\"@type\":\"ImageObject\",\"inLanguage\":\"pt-BR\",\"@id\":\"https:\\\/\\\/renatodias.online\\\/movimento\\\/wp-content\\\/uploads\\\/2023\\\/03\\\/cropped-cropped-cropped-logofinal.jpeg\",\"url\":\"https:\\\/\\\/renatodias.online\\\/movimento\\\/wp-content\\\/uploads\\\/2023\\\/03\\\/cropped-cropped-cropped-logofinal.jpeg\",\"contentUrl\":\"https:\\\/\\\/renatodias.online\\\/movimento\\\/wp-content\\\/uploads\\\/2023\\\/03\\\/cropped-cropped-cropped-logofinal.jpeg\",\"width\":1280,\"height\":219,\"caption\":\"Renato Dias\"},\"logo\":{\"@id\":\"https:\\\/\\\/renatodias.online\\\/movimento\\\/wp-content\\\/uploads\\\/2023\\\/03\\\/cropped-cropped-cropped-logofinal.jpeg\"},\"description\":\"Renato Dias, 58 anos, \u00e9 graduado em Jornalismo, formado em Ci\u00eancias Sociais, com p\u00f3s-gradua\u00e7\u00e3o em Pol\u00edticas P\u00fablicas, mestre em Direito e Rela\u00e7\u00f5es Internacionais, ex-aluno extraordin\u00e1rio do Doutorado em Psicologia Social, ex-estudante do Curso de Psican\u00e1lise do Centro de Estudos Psicanal\u00edticos do Estado de Goi\u00e1s, ministrado pelo m\u00e9dico psiquiatra e psicanalista Daniel Em\u00eddio de Souza. \u00c9 autor de 30 livros-reportagem, oito document\u00e1rios, ganhou 30 pr\u00eamios e \u00e9 torcedor apaixonado do maior do Centro-Oeste, o Vila Nova Futebol Clube. Casado com Meirilane Dias, \u00e9 pai de Juliana Dias, jornalista; Daniel Dias, economista; e Maria Rosa Dias, estudante antifascista, socialista e trotskista.\u00a0Com tr\u00eas pets: Porquinho [Bull Dog Franc\u00eas], Dalila [Basset Hound] e Geleia [Basset Hound]. Al\u00e9m do eterno gato Tutuquinho, que virou estrela.\",\"sameAs\":[\"https:\\\/\\\/www.facebook.com\\\/renato.dias.37\",\"#breve\",\"https:\\\/\\\/renatodias.tumblr.com\\\/\"],\"url\":\"https:\\\/\\\/renatodias.online\\\/movimento\\\/author\\\/renatodias\\\/\"}]}<\/script>\n<!-- \/ Yoast SEO plugin. -->","yoast_head_json":{"title":"Dia dos namorados \u00e9 na Ludovicensa Exclusivo -","robots":{"index":"index","follow":"follow","max-snippet":"max-snippet:-1","max-image-preview":"max-image-preview:large","max-video-preview":"max-video-preview:-1"},"canonical":"https:\/\/renatodias.online\/movimento\/2021\/06\/11\/dia-dos-namorados-e-na-ludovicensa-exclusivo\/","og_locale":"pt_BR","og_type":"article","og_title":"Dia dos namorados \u00e9 na Ludovicensa Exclusivo -","og_description":"Dia dos namorados \u00e9 na Ludovicensa Isaura Maia e seus looks. Tanto do mercado da moda quanto das passarelas Renato Dias N\u00e3o h\u00e1 como curtir o dia dos namorados, neste s\u00e1bado, 12 de junho de 2021, sem passar pela Ludovicensa. A loja da mulher contempor\u00e2nea da modernidade. Cult. Chic. Elegante. Com uma promo\u00e7\u00e3o especial. Assim","og_url":"https:\/\/renatodias.online\/movimento\/2021\/06\/11\/dia-dos-namorados-e-na-ludovicensa-exclusivo\/","article_publisher":"https:\/\/www.facebook.com\/renato.dias.37","article_author":"https:\/\/www.facebook.com\/renato.dias.37","article_published_time":"2021-06-11T20:56:42+00:00","article_modified_time":"2021-06-11T20:58:09+00:00","og_image":[{"width":300,"height":300,"url":"https:\/\/renatodias.online\/movimento\/wp-content\/uploads\/2021\/06\/Isaura-Maia-_-Link-e1623444988105.jpg","type":"image\/jpeg"}],"author":"Renato Dias","twitter_card":"summary_large_image","twitter_creator":"@RenatoDiasBat","twitter_site":"@RenatoDiasBat","twitter_misc":{"Escrito por":"Renato Dias","Est. tempo de leitura":"1 minuto"},"schema":{"@context":"https:\/\/schema.org","@graph":[{"@type":"Article","@id":"https:\/\/renatodias.online\/movimento\/2021\/06\/11\/dia-dos-namorados-e-na-ludovicensa-exclusivo\/#article","isPartOf":{"@id":"https:\/\/renatodias.online\/movimento\/2021\/06\/11\/dia-dos-namorados-e-na-ludovicensa-exclusivo\/"},"author":{"name":"Renato Dias","@id":"https:\/\/renatodias.online\/movimento\/#\/schema\/person\/bbab28833b1725a20f4083f49f1fb2a9"},"headline":"Dia dos namorados \u00e9 na Ludovicensa Exclusivo","datePublished":"2021-06-11T20:56:42+00:00","dateModified":"2021-06-11T20:58:09+00:00","mainEntityOfPage":{"@id":"https:\/\/renatodias.online\/movimento\/2021\/06\/11\/dia-dos-namorados-e-na-ludovicensa-exclusivo\/"},"wordCount":181,"commentCount":0,"publisher":{"@id":"https:\/\/renatodias.online\/movimento\/#\/schema\/person\/bbab28833b1725a20f4083f49f1fb2a9"},"image":{"@id":"https:\/\/renatodias.online\/movimento\/2021\/06\/11\/dia-dos-namorados-e-na-ludovicensa-exclusivo\/#primaryimage"},"thumbnailUrl":"https:\/\/renatodias.online\/movimento\/wp-content\/uploads\/2021\/06\/Isaura-Maia-_-Link-e1623444988105.jpg","articleSection":["Cidade","Tend\u00eancias"],"inLanguage":"pt-BR","potentialAction":[{"@type":"CommentAction","name":"Comment","target":["https:\/\/renatodias.online\/movimento\/2021\/06\/11\/dia-dos-namorados-e-na-ludovicensa-exclusivo\/#respond"]}]},{"@type":"WebPage","@id":"https:\/\/renatodias.online\/movimento\/2021\/06\/11\/dia-dos-namorados-e-na-ludovicensa-exclusivo\/","url":"https:\/\/renatodias.online\/movimento\/2021\/06\/11\/dia-dos-namorados-e-na-ludovicensa-exclusivo\/","name":"Dia dos namorados \u00e9 na Ludovicensa Exclusivo -","isPartOf":{"@id":"https:\/\/renatodias.online\/movimento\/#website"},"primaryImageOfPage":{"@id":"https:\/\/renatodias.online\/movimento\/2021\/06\/11\/dia-dos-namorados-e-na-ludovicensa-exclusivo\/#primaryimage"},"image":{"@id":"https:\/\/renatodias.online\/movimento\/2021\/06\/11\/dia-dos-namorados-e-na-ludovicensa-exclusivo\/#primaryimage"},"thumbnailUrl":"https:\/\/renatodias.online\/movimento\/wp-content\/uploads\/2021\/06\/Isaura-Maia-_-Link-e1623444988105.jpg","datePublished":"2021-06-11T20:56:42+00:00","dateModified":"2021-06-11T20:58:09+00:00","breadcrumb":{"@id":"https:\/\/renatodias.online\/movimento\/2021\/06\/11\/dia-dos-namorados-e-na-ludovicensa-exclusivo\/#breadcrumb"},"inLanguage":"pt-BR","potentialAction":[{"@type":"ReadAction","target":["https:\/\/renatodias.online\/movimento\/2021\/06\/11\/dia-dos-namorados-e-na-ludovicensa-exclusivo\/"]}]},{"@type":"ImageObject","inLanguage":"pt-BR","@id":"https:\/\/renatodias.online\/movimento\/2021\/06\/11\/dia-dos-namorados-e-na-ludovicensa-exclusivo\/#primaryimage","url":"https:\/\/renatodias.online\/movimento\/wp-content\/uploads\/2021\/06\/Isaura-Maia-_-Link-e1623444988105.jpg","contentUrl":"https:\/\/renatodias.online\/movimento\/wp-content\/uploads\/2021\/06\/Isaura-Maia-_-Link-e1623444988105.jpg","width":300,"height":300},{"@type":"BreadcrumbList","@id":"https:\/\/renatodias.online\/movimento\/2021\/06\/11\/dia-dos-namorados-e-na-ludovicensa-exclusivo\/#breadcrumb","itemListElement":[{"@type":"ListItem","position":1,"name":"In\u00edcio","item":"https:\/\/renatodias.online\/movimento\/"},{"@type":"ListItem","position":2,"name":"Dia dos namorados \u00e9 na Ludovicensa Exclusivo"}]},{"@type":"WebSite","@id":"https:\/\/renatodias.online\/movimento\/#website","url":"https:\/\/renatodias.online\/movimento\/","name":"","description":"","publisher":{"@id":"https:\/\/renatodias.online\/movimento\/#\/schema\/person\/bbab28833b1725a20f4083f49f1fb2a9"},"potentialAction":[{"@type":"SearchAction","target":{"@type":"EntryPoint","urlTemplate":"https:\/\/renatodias.online\/movimento\/?s={search_term_string}"},"query-input":{"@type":"PropertyValueSpecification","valueRequired":true,"valueName":"search_term_string"}}],"inLanguage":"pt-BR"},{"@type":["Person","Organization"],"@id":"https:\/\/renatodias.online\/movimento\/#\/schema\/person\/bbab28833b1725a20f4083f49f1fb2a9","name":"Renato Dias","image":{"@type":"ImageObject","inLanguage":"pt-BR","@id":"https:\/\/renatodias.online\/movimento\/wp-content\/uploads\/2023\/03\/cropped-cropped-cropped-logofinal.jpeg","url":"https:\/\/renatodias.online\/movimento\/wp-content\/uploads\/2023\/03\/cropped-cropped-cropped-logofinal.jpeg","contentUrl":"https:\/\/renatodias.online\/movimento\/wp-content\/uploads\/2023\/03\/cropped-cropped-cropped-logofinal.jpeg","width":1280,"height":219,"caption":"Renato Dias"},"logo":{"@id":"https:\/\/renatodias.online\/movimento\/wp-content\/uploads\/2023\/03\/cropped-cropped-cropped-logofinal.jpeg"},"description":"Renato Dias, 58 anos, \u00e9 graduado em Jornalismo, formado em Ci\u00eancias Sociais, com p\u00f3s-gradua\u00e7\u00e3o em Pol\u00edticas P\u00fablicas, mestre em Direito e Rela\u00e7\u00f5es Internacionais, ex-aluno extraordin\u00e1rio do Doutorado em Psicologia Social, ex-estudante do Curso de Psican\u00e1lise do Centro de Estudos Psicanal\u00edticos do Estado de Goi\u00e1s, ministrado pelo m\u00e9dico psiquiatra e psicanalista Daniel Em\u00eddio de Souza. \u00c9 autor de 30 livros-reportagem, oito document\u00e1rios, ganhou 30 pr\u00eamios e \u00e9 torcedor apaixonado do maior do Centro-Oeste, o Vila Nova Futebol Clube. Casado com Meirilane Dias, \u00e9 pai de Juliana Dias, jornalista; Daniel Dias, economista; e Maria Rosa Dias, estudante antifascista, socialista e trotskista.\u00a0Com tr\u00eas pets: Porquinho [Bull Dog Franc\u00eas], Dalila [Basset Hound] e Geleia [Basset Hound]. Al\u00e9m do eterno gato Tutuquinho, que virou estrela.","sameAs":["https:\/\/www.facebook.com\/renato.dias.37","#breve","https:\/\/renatodias.tumblr.com\/"],"url":"https:\/\/renatodias.online\/movimento\/author\/renatodias\/"}]}},"_links":{"self":[{"href":"https:\/\/renatodias.online\/movimento\/wp-json\/wp\/v2\/posts\/7092","targetHints":{"allow":["GET"]}}],"collection":[{"href":"https:\/\/renatodias.online\/movimento\/wp-json\/wp\/v2\/posts"}],"about":[{"href":"https:\/\/renatodias.online\/movimento\/wp-json\/wp\/v2\/types\/post"}],"author":[{"embeddable":true,"href":"https:\/\/renatodias.online\/movimento\/wp-json\/wp\/v2\/users\/2"}],"replies":[{"embeddable":true,"href":"https:\/\/renatodias.online\/movimento\/wp-json\/wp\/v2\/comments?post=7092"}],"version-history":[{"count":2,"href":"https:\/\/renatodias.online\/movimento\/wp-json\/wp\/v2\/posts\/7092\/revisions"}],"predecessor-version":[{"id":7101,"href":"https:\/\/renatodias.online\/movimento\/wp-json\/wp\/v2\/posts\/7092\/revisions\/7101"}],"wp:featuredmedia":[{"embeddable":true,"href":"https:\/\/renatodias.online\/movimento\/wp-json\/wp\/v2\/media\/7099"}],"wp:attachment":[{"href":"https:\/\/renatodias.online\/movimento\/wp-json\/wp\/v2\/media?parent=7092"}],"wp:term":[{"taxonomy":"category","embeddable":true,"href":"https:\/\/renatodias.online\/movimento\/wp-json\/wp\/v2\/categories?post=7092"},{"taxonomy":"post_tag","embeddable":true,"href":"https:\/\/renatodias.online\/movimento\/wp-json\/wp\/v2\/tags?post=7092"}],"curies":[{"name":"wp","href":"https:\/\/api.w.org\/{rel}","templated":true}]}}