{"id":7089,"date":"2021-06-11T17:32:24","date_gmt":"2021-06-11T20:32:24","guid":{"rendered":"https:\/\/renatodias.online\/movimento\/?p=7089"},"modified":"2021-06-11T17:32:24","modified_gmt":"2021-06-11T20:32:24","slug":"os-fudidos-de-verde-e-amarelo","status":"publish","type":"post","link":"https:\/\/renatodias.online\/movimento\/2021\/06\/11\/os-fudidos-de-verde-e-amarelo\/","title":{"rendered":"Os fudidos de verde e amarelo"},"content":{"rendered":"<figure id=\"attachment_5267\" aria-describedby=\"caption-attachment-5267\" style=\"width: 650px\" class=\"wp-caption aligncenter\"><img loading=\"lazy\" decoding=\"async\" class=\"size-full wp-image-5267\" src=\"https:\/\/renatodias.online\/movimento\/wp-content\/uploads\/2021\/02\/WhatsApp-Image-2021-02-25-at-21.24.17.jpeg\" alt=\"\" width=\"650\" height=\"350\" \/><figcaption id=\"caption-attachment-5267\" class=\"wp-caption-text\"><strong>Explosivo<\/strong><\/figcaption><\/figure>\n<h1 style=\"text-align: center;\"><span style=\"color: #008000;\"><strong>Os fudidos de verde e <span style=\"color: #ffcc00;\">amarelo<\/span><\/strong><\/span><\/h1>\n<blockquote><p><span style=\"color: #ff0000;\"><strong>\u2018O Brasil se encaminha de peito inflado e cabe\u00e7a erguida na dire\u00e7\u00e3o do cadafalso.<\/strong><\/span><\/p>\n<p><span style=\"color: #ff0000;\"><strong>Hipnotizado por inverdades, abduzido pelas falsas vers\u00f5es, l\u00e1 vai ele, em inocente<\/strong><\/span><\/p>\n<p><span style=\"color: #ff0000;\"><strong>ignor\u00e2ncia, com o pesco\u00e7o j\u00e1 azeitado para facilitar a l\u00e2mina da guilhotina<\/strong><\/span><\/p><\/blockquote>\n<p>&nbsp;<\/p>\n<p><strong>Hildegard Angel <\/strong><\/p>\n<p>Vendo o Brasil seguir escoando pelo bueiro. Vai, Brasil, dilu\u00eddo em sangue, \u00e1gua suja, chorume e v\u00f4mitos dos doentes. Sentada no meio fio da Hist\u00f3ria, acompanho com os olhos e um n\u00f3 no peito o caminho c\u00e9lere da Na\u00e7\u00e3o, dissolvida em \u00f3leo de cloroquina, at\u00e9 o ralo dos infernos. Segue, altiva, e por vontade pr\u00f3pria. O Brasil se encaminha de peito inflado e cabe\u00e7a erguida na dire\u00e7\u00e3o do cadafalso.<\/p>\n<figure id=\"attachment_6626\" aria-describedby=\"caption-attachment-6626\" style=\"width: 1024px\" class=\"wp-caption alignnone\"><img loading=\"lazy\" decoding=\"async\" class=\"size-full wp-image-6626\" src=\"https:\/\/renatodias.online\/movimento\/wp-content\/uploads\/2021\/05\/Jacarezinho-AFP-Mauro-Pimentel.jpg\" alt=\"\" width=\"1024\" height=\"681\" srcset=\"https:\/\/renatodias.online\/movimento\/wp-content\/uploads\/2021\/05\/Jacarezinho-AFP-Mauro-Pimentel.jpg 1024w, https:\/\/renatodias.online\/movimento\/wp-content\/uploads\/2021\/05\/Jacarezinho-AFP-Mauro-Pimentel-300x200.jpg 300w, https:\/\/renatodias.online\/movimento\/wp-content\/uploads\/2021\/05\/Jacarezinho-AFP-Mauro-Pimentel-768x511.jpg 768w, https:\/\/renatodias.online\/movimento\/wp-content\/uploads\/2021\/05\/Jacarezinho-AFP-Mauro-Pimentel-360x240.jpg 360w, https:\/\/renatodias.online\/movimento\/wp-content\/uploads\/2021\/05\/Jacarezinho-AFP-Mauro-Pimentel-750x499.jpg 750w\" sizes=\"auto, (max-width: 1024px) 100vw, 1024px\" \/><figcaption id=\"caption-attachment-6626\" class=\"wp-caption-text\"><strong>Viol\u00eancia urbana<\/strong><\/figcaption><\/figure>\n<p>Hipnotizado por inverdades, abduzido pelas falsas vers\u00f5es, l\u00e1 vai ele, em inocente ignor\u00e2ncia, com o pesco\u00e7o j\u00e1 azeitado para facilitar a l\u00e2mina da guilhotina. Vai de verde e amarelo, dan\u00e7ando funk no tik tok, alegre, risonho, espalhafatoso, como \u00e9 de sua ing\u00eanua natureza, bradando hinos e palavras de ordem. \u201cFora STF\u201d, \u201cFora Congresso\u201d, \u201cPela interven\u00e7\u00e3o militar\u201d, \u00a0\u201cQueremos nosso Brasil de volta\u201d.<\/p>\n<figure id=\"attachment_6053\" aria-describedby=\"caption-attachment-6053\" style=\"width: 685px\" class=\"wp-caption aligncenter\"><img loading=\"lazy\" decoding=\"async\" class=\"size-full wp-image-6053\" src=\"https:\/\/renatodias.online\/movimento\/wp-content\/uploads\/2021\/04\/Congresso-Nacional.jpg\" alt=\"Congresso Nacional\" width=\"685\" height=\"268\" \/><figcaption id=\"caption-attachment-6053\" class=\"wp-caption-text\"><strong>Congresso Nacional<\/strong><\/figcaption><\/figure>\n<p>N\u00e3o bastou o Mensal\u00e3o encarcerar os sobreviventes combativos de 68. N\u00e3o bastou o golpe interromper o mandato da presidenta honesta. N\u00e3o bastou a Lava Jato destruir nossa ind\u00fastria da constru\u00e7\u00e3o, a ind\u00fastria naval, nosso projeto nuclear, nossa ind\u00fastria de \u00f3leo e g\u00e1s. N\u00e3o bastou a pris\u00e3o ilegal de Lula. N\u00e3o bastou a retirada dos direitos do trabalhador brasileiro. N\u00e3o bastou o massacre de nossas pens\u00f5es e aposentadorias.<\/p>\n<p><img loading=\"lazy\" decoding=\"async\" class=\"size-full wp-image-3012 aligncenter\" src=\"https:\/\/renatodias.online\/movimento\/wp-content\/uploads\/2019\/11\/S\u00e9rgio-Moro-exclusivo.jpg\" alt=\"\" width=\"1024\" height=\"682\" srcset=\"https:\/\/renatodias.online\/movimento\/wp-content\/uploads\/2019\/11\/S\u00e9rgio-Moro-exclusivo.jpg 1024w, https:\/\/renatodias.online\/movimento\/wp-content\/uploads\/2019\/11\/S\u00e9rgio-Moro-exclusivo-300x200.jpg 300w, https:\/\/renatodias.online\/movimento\/wp-content\/uploads\/2019\/11\/S\u00e9rgio-Moro-exclusivo-768x512.jpg 768w, https:\/\/renatodias.online\/movimento\/wp-content\/uploads\/2019\/11\/S\u00e9rgio-Moro-exclusivo-360x240.jpg 360w, https:\/\/renatodias.online\/movimento\/wp-content\/uploads\/2019\/11\/S\u00e9rgio-Moro-exclusivo-750x500.jpg 750w\" sizes=\"auto, (max-width: 1024px) 100vw, 1024px\" \/><\/p>\n<p>N\u00e3o bastou o rolo compressor no ensino b\u00e1sico. N\u00e3o bastou a precariza\u00e7\u00e3o m\u00e1xima das universidades p\u00fablicas. N\u00e3o bastou o corte de nossos programas de bolsas de estudo e incentivo \u00e0 Ci\u00eancia. N\u00e3o bastou a sataniza\u00e7\u00e3o da Cultura, atrav\u00e9s do falseamento da Lei Rouanet. N\u00e3o bastou o projeto de destrui\u00e7\u00e3o do SUS, a redu\u00e7\u00e3o dr\u00e1stica dos leitos, os cortes de verbas. N\u00e3o adiantou a devasta\u00e7\u00e3o recorde de nossas florestas, a libera\u00e7\u00e3o de invas\u00f5es pelos grileiros do grande capital, o assassinato dos ind\u00edgenas pelos bandidos do garimpo.<\/p>\n<p><img loading=\"lazy\" decoding=\"async\" class=\"alignnone size-full wp-image-4394\" src=\"https:\/\/renatodias.online\/movimento\/wp-content\/uploads\/2020\/09\/SUS-Artigo-de-Cristiane-Lemos.jpg\" alt=\"\" width=\"2297\" height=\"843\" \/><\/p>\n<p>N\u00e3o bastou o desmonte dos \u00f3rg\u00e3os de controle de tudo. N\u00e3o bastou a libera\u00e7\u00e3o de armamento pesado para bandidos e milicianos. N\u00e3o bastou o aparelhamento da AGU, da PGR, da Pol\u00edcia Federal, da Receita Federal, do Judici\u00e1rio. N\u00e3o bastaram os tr\u00eas bilh\u00f5es para o Centr\u00e3o. N\u00e3o bastou a venda fatiada da Petrobr\u00e1s. N\u00e3o bastou a entrega de nossos aqu\u00edferos ao projeto da privatiza\u00e7\u00e3o.<\/p>\n<figure id=\"attachment_6355\" aria-describedby=\"caption-attachment-6355\" style=\"width: 1024px\" class=\"wp-caption alignnone\"><img loading=\"lazy\" decoding=\"async\" class=\"size-full wp-image-6355\" src=\"https:\/\/renatodias.online\/movimento\/wp-content\/uploads\/2021\/04\/policiafederal.jpeg\" alt=\"policia federal\" width=\"1024\" height=\"630\" srcset=\"https:\/\/renatodias.online\/movimento\/wp-content\/uploads\/2021\/04\/policiafederal.jpeg 1024w, https:\/\/renatodias.online\/movimento\/wp-content\/uploads\/2021\/04\/policiafederal-300x185.jpeg 300w, https:\/\/renatodias.online\/movimento\/wp-content\/uploads\/2021\/04\/policiafederal-768x473.jpeg 768w, https:\/\/renatodias.online\/movimento\/wp-content\/uploads\/2021\/04\/policiafederal-750x461.jpeg 750w\" sizes=\"auto, (max-width: 1024px) 100vw, 1024px\" \/><figcaption id=\"caption-attachment-6355\" class=\"wp-caption-text\"><strong>Pol\u00edcia Federal<\/strong><\/figcaption><\/figure>\n<p>N\u00e3o bastou o sufocamento dos programas sociais. N\u00e3o bastou a volta dos pratos vazios, a epidemia da fome. N\u00e3o bastaram as latas de lixo revirando restos, os esqu\u00e1lidos de m\u00e3os estendidas nas cal\u00e7adas, crian\u00e7as chorando nas ruas porque t\u00eam fome. N\u00e3o bastou faltar leitos nos hospitais para os doentes e covas nos cemit\u00e9rios para os mortos. N\u00e3o bastou meio milh\u00e3o de brasileiros exterminados pelo descaso, a in\u00e9pcia, o projeto de morte de um genocida, que se compraz com o sangue derramado, pois sua especialidade \u2013 declarou \u2013 \u201c\u00e9 matar\u201d.<\/p>\n<figure id=\"attachment_6129\" aria-describedby=\"caption-attachment-6129\" style=\"width: 700px\" class=\"wp-caption aligncenter\"><img loading=\"lazy\" decoding=\"async\" class=\"size-full wp-image-6129\" src=\"https:\/\/renatodias.online\/movimento\/wp-content\/uploads\/2021\/04\/Mortos-sob-a-Pandemia-no-Brasil-_-3.jpg\" alt=\"\" width=\"700\" height=\"394\" srcset=\"https:\/\/renatodias.online\/movimento\/wp-content\/uploads\/2021\/04\/Mortos-sob-a-Pandemia-no-Brasil-_-3.jpg 700w, https:\/\/renatodias.online\/movimento\/wp-content\/uploads\/2021\/04\/Mortos-sob-a-Pandemia-no-Brasil-_-3-300x169.jpg 300w\" sizes=\"auto, (max-width: 700px) 100vw, 700px\" \/><figcaption id=\"caption-attachment-6129\" class=\"wp-caption-text\"><strong>Mortos sob a Pandemia no Brasil<\/strong><\/figcaption><\/figure>\n<p>Agora, a horda ensandecida, que capturou nossa Bandeira, quer uma ditadura, grita por ela, implora, discursa. Quer a repress\u00e3o dos diferentes. Quer o pensamento enclausurado, bocas caladas, l\u00ednguas arrancadas. \u00a0E j\u00e1 nos furam os olhos \u00e0 bala. J\u00e1 nos prendem por nos manifestarmos. J\u00e1 exigem o porte de documentos. J\u00e1 nos incriminam se estamos em grupo. J\u00e1 censuram a m\u00eddia independente atrav\u00e9s de a\u00e7\u00f5es judiciais, com senten\u00e7as esp\u00farias e multas, que ningu\u00e9m pode pagar. Jornalistas oprimidos j\u00e1 se re\u00fanem em vaquinhas solid\u00e1rias, para poder continuar a falar, a denunciar, a ser. E continuam a achar pouco.<\/p>\n<figure id=\"attachment_4365\" aria-describedby=\"caption-attachment-4365\" style=\"width: 780px\" class=\"wp-caption alignnone\"><img loading=\"lazy\" decoding=\"async\" class=\"size-full wp-image-4365\" src=\"https:\/\/renatodias.online\/movimento\/wp-content\/uploads\/2020\/09\/Ditaduracivil-e-militar-no-Brasil-de-1964.jpg\" alt=\"\" width=\"780\" height=\"490\" \/><figcaption id=\"caption-attachment-4365\" class=\"wp-caption-text\"><strong>Ditadura civil e militar<\/strong><\/figcaption><\/figure>\n<p><strong>*Considerem a palavra chula uma licen\u00e7a po\u00e9tica de quem cresceu e viveu evitando dizer e escrever palavr\u00f5es, mas meu copo, at\u00e9 aqui de m\u00e1goa, apreens\u00e3o, tristeza, transbordou<\/strong>.<\/p>\n","protected":false},"excerpt":{"rendered":"<p>Os fudidos de verde e amarelo \u2018O Brasil se encaminha de peito inflado e cabe\u00e7a erguida na dire\u00e7\u00e3o do cadafalso. Hipnotizado por inverdades, abduzido pelas falsas vers\u00f5es, l\u00e1 vai ele, em inocente ignor\u00e2ncia, com o pesco\u00e7o j\u00e1 azeitado para facilitar a l\u00e2mina da guilhotina &nbsp; Hildegard Angel Vendo o Brasil seguir escoando pelo bueiro. Vai,<\/p>\n","protected":false},"author":2,"featured_media":7090,"comment_status":"open","ping_status":"open","sticky":false,"template":"","format":"standard","meta":{"_acf_changed":false,"_monsterinsights_skip_tracking":false,"_monsterinsights_sitenote_active":false,"_monsterinsights_sitenote_note":"","_monsterinsights_sitenote_category":0,"footnotes":""},"categories":[28,35,83,4],"tags":[],"class_list":["post-7089","post","type-post","status-publish","format-standard","has-post-thumbnail","hentry","category-cultura","category-nacional","category-opiniao","category-politica"],"acf":[],"yoast_head":"<!-- This site is optimized with the Yoast SEO plugin v27.4 - https:\/\/yoast.com\/product\/yoast-seo-wordpress\/ -->\n<title>Os fudidos de verde e amarelo -<\/title>\n<meta name=\"robots\" content=\"index, follow, max-snippet:-1, max-image-preview:large, max-video-preview:-1\" \/>\n<link rel=\"canonical\" href=\"https:\/\/renatodias.online\/movimento\/2021\/06\/11\/os-fudidos-de-verde-e-amarelo\/\" \/>\n<meta property=\"og:locale\" content=\"pt_BR\" \/>\n<meta property=\"og:type\" content=\"article\" \/>\n<meta property=\"og:title\" content=\"Os fudidos de verde e amarelo -\" \/>\n<meta property=\"og:description\" content=\"Os fudidos de verde e amarelo \u2018O Brasil se encaminha de peito inflado e cabe\u00e7a erguida na dire\u00e7\u00e3o do cadafalso. Hipnotizado por inverdades, abduzido pelas falsas vers\u00f5es, l\u00e1 vai ele, em inocente ignor\u00e2ncia, com o pesco\u00e7o j\u00e1 azeitado para facilitar a l\u00e2mina da guilhotina &nbsp; Hildegard Angel Vendo o Brasil seguir escoando pelo bueiro. Vai,\" \/>\n<meta property=\"og:url\" content=\"https:\/\/renatodias.online\/movimento\/2021\/06\/11\/os-fudidos-de-verde-e-amarelo\/\" \/>\n<meta property=\"article:publisher\" content=\"https:\/\/www.facebook.com\/renato.dias.37\" \/>\n<meta property=\"article:author\" content=\"https:\/\/www.facebook.com\/renato.dias.37\" \/>\n<meta property=\"article:published_time\" content=\"2021-06-11T20:32:24+00:00\" \/>\n<meta property=\"og:image\" content=\"https:\/\/renatodias.online\/movimento\/wp-content\/uploads\/2021\/06\/Hildegard-Angel-_-Link.jpg\" \/>\n\t<meta property=\"og:image:width\" content=\"211\" \/>\n\t<meta property=\"og:image:height\" content=\"211\" \/>\n\t<meta property=\"og:image:type\" content=\"image\/jpeg\" \/>\n<meta name=\"author\" content=\"Renato Dias\" \/>\n<meta name=\"twitter:card\" content=\"summary_large_image\" \/>\n<meta name=\"twitter:creator\" content=\"@RenatoDiasBat\" \/>\n<meta name=\"twitter:site\" content=\"@RenatoDiasBat\" \/>\n<meta name=\"twitter:label1\" content=\"Escrito por\" \/>\n\t<meta name=\"twitter:data1\" content=\"Renato Dias\" \/>\n\t<meta name=\"twitter:label2\" content=\"Est. tempo de leitura\" \/>\n\t<meta name=\"twitter:data2\" content=\"4 minutos\" \/>\n<script type=\"application\/ld+json\" class=\"yoast-schema-graph\">{\"@context\":\"https:\\\/\\\/schema.org\",\"@graph\":[{\"@type\":\"Article\",\"@id\":\"https:\\\/\\\/renatodias.online\\\/movimento\\\/2021\\\/06\\\/11\\\/os-fudidos-de-verde-e-amarelo\\\/#article\",\"isPartOf\":{\"@id\":\"https:\\\/\\\/renatodias.online\\\/movimento\\\/2021\\\/06\\\/11\\\/os-fudidos-de-verde-e-amarelo\\\/\"},\"author\":{\"name\":\"Renato Dias\",\"@id\":\"https:\\\/\\\/renatodias.online\\\/movimento\\\/#\\\/schema\\\/person\\\/bbab28833b1725a20f4083f49f1fb2a9\"},\"headline\":\"Os fudidos de verde e amarelo\",\"datePublished\":\"2021-06-11T20:32:24+00:00\",\"mainEntityOfPage\":{\"@id\":\"https:\\\/\\\/renatodias.online\\\/movimento\\\/2021\\\/06\\\/11\\\/os-fudidos-de-verde-e-amarelo\\\/\"},\"wordCount\":763,\"commentCount\":0,\"publisher\":{\"@id\":\"https:\\\/\\\/renatodias.online\\\/movimento\\\/#\\\/schema\\\/person\\\/bbab28833b1725a20f4083f49f1fb2a9\"},\"image\":{\"@id\":\"https:\\\/\\\/renatodias.online\\\/movimento\\\/2021\\\/06\\\/11\\\/os-fudidos-de-verde-e-amarelo\\\/#primaryimage\"},\"thumbnailUrl\":\"https:\\\/\\\/renatodias.online\\\/movimento\\\/wp-content\\\/uploads\\\/2021\\\/06\\\/Hildegard-Angel-_-Link.jpg\",\"articleSection\":[\"Cultura\",\"Nacional\",\"Opini\u00e3o\",\"Pol\u00edtica\"],\"inLanguage\":\"pt-BR\",\"potentialAction\":[{\"@type\":\"CommentAction\",\"name\":\"Comment\",\"target\":[\"https:\\\/\\\/renatodias.online\\\/movimento\\\/2021\\\/06\\\/11\\\/os-fudidos-de-verde-e-amarelo\\\/#respond\"]}]},{\"@type\":\"WebPage\",\"@id\":\"https:\\\/\\\/renatodias.online\\\/movimento\\\/2021\\\/06\\\/11\\\/os-fudidos-de-verde-e-amarelo\\\/\",\"url\":\"https:\\\/\\\/renatodias.online\\\/movimento\\\/2021\\\/06\\\/11\\\/os-fudidos-de-verde-e-amarelo\\\/\",\"name\":\"Os fudidos de verde e amarelo -\",\"isPartOf\":{\"@id\":\"https:\\\/\\\/renatodias.online\\\/movimento\\\/#website\"},\"primaryImageOfPage\":{\"@id\":\"https:\\\/\\\/renatodias.online\\\/movimento\\\/2021\\\/06\\\/11\\\/os-fudidos-de-verde-e-amarelo\\\/#primaryimage\"},\"image\":{\"@id\":\"https:\\\/\\\/renatodias.online\\\/movimento\\\/2021\\\/06\\\/11\\\/os-fudidos-de-verde-e-amarelo\\\/#primaryimage\"},\"thumbnailUrl\":\"https:\\\/\\\/renatodias.online\\\/movimento\\\/wp-content\\\/uploads\\\/2021\\\/06\\\/Hildegard-Angel-_-Link.jpg\",\"datePublished\":\"2021-06-11T20:32:24+00:00\",\"breadcrumb\":{\"@id\":\"https:\\\/\\\/renatodias.online\\\/movimento\\\/2021\\\/06\\\/11\\\/os-fudidos-de-verde-e-amarelo\\\/#breadcrumb\"},\"inLanguage\":\"pt-BR\",\"potentialAction\":[{\"@type\":\"ReadAction\",\"target\":[\"https:\\\/\\\/renatodias.online\\\/movimento\\\/2021\\\/06\\\/11\\\/os-fudidos-de-verde-e-amarelo\\\/\"]}]},{\"@type\":\"ImageObject\",\"inLanguage\":\"pt-BR\",\"@id\":\"https:\\\/\\\/renatodias.online\\\/movimento\\\/2021\\\/06\\\/11\\\/os-fudidos-de-verde-e-amarelo\\\/#primaryimage\",\"url\":\"https:\\\/\\\/renatodias.online\\\/movimento\\\/wp-content\\\/uploads\\\/2021\\\/06\\\/Hildegard-Angel-_-Link.jpg\",\"contentUrl\":\"https:\\\/\\\/renatodias.online\\\/movimento\\\/wp-content\\\/uploads\\\/2021\\\/06\\\/Hildegard-Angel-_-Link.jpg\",\"width\":211,\"height\":211,\"caption\":\"Hildegard Angel\"},{\"@type\":\"BreadcrumbList\",\"@id\":\"https:\\\/\\\/renatodias.online\\\/movimento\\\/2021\\\/06\\\/11\\\/os-fudidos-de-verde-e-amarelo\\\/#breadcrumb\",\"itemListElement\":[{\"@type\":\"ListItem\",\"position\":1,\"name\":\"In\u00edcio\",\"item\":\"https:\\\/\\\/renatodias.online\\\/movimento\\\/\"},{\"@type\":\"ListItem\",\"position\":2,\"name\":\"Os fudidos de verde e amarelo\"}]},{\"@type\":\"WebSite\",\"@id\":\"https:\\\/\\\/renatodias.online\\\/movimento\\\/#website\",\"url\":\"https:\\\/\\\/renatodias.online\\\/movimento\\\/\",\"name\":\"\",\"description\":\"\",\"publisher\":{\"@id\":\"https:\\\/\\\/renatodias.online\\\/movimento\\\/#\\\/schema\\\/person\\\/bbab28833b1725a20f4083f49f1fb2a9\"},\"potentialAction\":[{\"@type\":\"SearchAction\",\"target\":{\"@type\":\"EntryPoint\",\"urlTemplate\":\"https:\\\/\\\/renatodias.online\\\/movimento\\\/?s={search_term_string}\"},\"query-input\":{\"@type\":\"PropertyValueSpecification\",\"valueRequired\":true,\"valueName\":\"search_term_string\"}}],\"inLanguage\":\"pt-BR\"},{\"@type\":[\"Person\",\"Organization\"],\"@id\":\"https:\\\/\\\/renatodias.online\\\/movimento\\\/#\\\/schema\\\/person\\\/bbab28833b1725a20f4083f49f1fb2a9\",\"name\":\"Renato Dias\",\"image\":{\"@type\":\"ImageObject\",\"inLanguage\":\"pt-BR\",\"@id\":\"https:\\\/\\\/renatodias.online\\\/movimento\\\/wp-content\\\/uploads\\\/2023\\\/03\\\/cropped-cropped-cropped-logofinal.jpeg\",\"url\":\"https:\\\/\\\/renatodias.online\\\/movimento\\\/wp-content\\\/uploads\\\/2023\\\/03\\\/cropped-cropped-cropped-logofinal.jpeg\",\"contentUrl\":\"https:\\\/\\\/renatodias.online\\\/movimento\\\/wp-content\\\/uploads\\\/2023\\\/03\\\/cropped-cropped-cropped-logofinal.jpeg\",\"width\":1280,\"height\":219,\"caption\":\"Renato Dias\"},\"logo\":{\"@id\":\"https:\\\/\\\/renatodias.online\\\/movimento\\\/wp-content\\\/uploads\\\/2023\\\/03\\\/cropped-cropped-cropped-logofinal.jpeg\"},\"description\":\"Renato Dias, 58 anos, \u00e9 graduado em Jornalismo, formado em Ci\u00eancias Sociais, com p\u00f3s-gradua\u00e7\u00e3o em Pol\u00edticas P\u00fablicas, mestre em Direito e Rela\u00e7\u00f5es Internacionais, ex-aluno extraordin\u00e1rio do Doutorado em Psicologia Social, ex-estudante do Curso de Psican\u00e1lise do Centro de Estudos Psicanal\u00edticos do Estado de Goi\u00e1s, ministrado pelo m\u00e9dico psiquiatra e psicanalista Daniel Em\u00eddio de Souza. \u00c9 autor de 30 livros-reportagem, oito document\u00e1rios, ganhou 30 pr\u00eamios e \u00e9 torcedor apaixonado do maior do Centro-Oeste, o Vila Nova Futebol Clube. Casado com Meirilane Dias, \u00e9 pai de Juliana Dias, jornalista; Daniel Dias, economista; e Maria Rosa Dias, estudante antifascista, socialista e trotskista.\u00a0Com tr\u00eas pets: Porquinho [Bull Dog Franc\u00eas], Dalila [Basset Hound] e Geleia [Basset Hound]. Al\u00e9m do eterno gato Tutuquinho, que virou estrela.\",\"sameAs\":[\"https:\\\/\\\/www.facebook.com\\\/renato.dias.37\",\"#breve\",\"https:\\\/\\\/renatodias.tumblr.com\\\/\"],\"url\":\"https:\\\/\\\/renatodias.online\\\/movimento\\\/author\\\/renatodias\\\/\"}]}<\/script>\n<!-- \/ Yoast SEO plugin. -->","yoast_head_json":{"title":"Os fudidos de verde e amarelo -","robots":{"index":"index","follow":"follow","max-snippet":"max-snippet:-1","max-image-preview":"max-image-preview:large","max-video-preview":"max-video-preview:-1"},"canonical":"https:\/\/renatodias.online\/movimento\/2021\/06\/11\/os-fudidos-de-verde-e-amarelo\/","og_locale":"pt_BR","og_type":"article","og_title":"Os fudidos de verde e amarelo -","og_description":"Os fudidos de verde e amarelo \u2018O Brasil se encaminha de peito inflado e cabe\u00e7a erguida na dire\u00e7\u00e3o do cadafalso. Hipnotizado por inverdades, abduzido pelas falsas vers\u00f5es, l\u00e1 vai ele, em inocente ignor\u00e2ncia, com o pesco\u00e7o j\u00e1 azeitado para facilitar a l\u00e2mina da guilhotina &nbsp; Hildegard Angel Vendo o Brasil seguir escoando pelo bueiro. Vai,","og_url":"https:\/\/renatodias.online\/movimento\/2021\/06\/11\/os-fudidos-de-verde-e-amarelo\/","article_publisher":"https:\/\/www.facebook.com\/renato.dias.37","article_author":"https:\/\/www.facebook.com\/renato.dias.37","article_published_time":"2021-06-11T20:32:24+00:00","og_image":[{"width":211,"height":211,"url":"https:\/\/renatodias.online\/movimento\/wp-content\/uploads\/2021\/06\/Hildegard-Angel-_-Link.jpg","type":"image\/jpeg"}],"author":"Renato Dias","twitter_card":"summary_large_image","twitter_creator":"@RenatoDiasBat","twitter_site":"@RenatoDiasBat","twitter_misc":{"Escrito por":"Renato Dias","Est. tempo de leitura":"4 minutos"},"schema":{"@context":"https:\/\/schema.org","@graph":[{"@type":"Article","@id":"https:\/\/renatodias.online\/movimento\/2021\/06\/11\/os-fudidos-de-verde-e-amarelo\/#article","isPartOf":{"@id":"https:\/\/renatodias.online\/movimento\/2021\/06\/11\/os-fudidos-de-verde-e-amarelo\/"},"author":{"name":"Renato Dias","@id":"https:\/\/renatodias.online\/movimento\/#\/schema\/person\/bbab28833b1725a20f4083f49f1fb2a9"},"headline":"Os fudidos de verde e amarelo","datePublished":"2021-06-11T20:32:24+00:00","mainEntityOfPage":{"@id":"https:\/\/renatodias.online\/movimento\/2021\/06\/11\/os-fudidos-de-verde-e-amarelo\/"},"wordCount":763,"commentCount":0,"publisher":{"@id":"https:\/\/renatodias.online\/movimento\/#\/schema\/person\/bbab28833b1725a20f4083f49f1fb2a9"},"image":{"@id":"https:\/\/renatodias.online\/movimento\/2021\/06\/11\/os-fudidos-de-verde-e-amarelo\/#primaryimage"},"thumbnailUrl":"https:\/\/renatodias.online\/movimento\/wp-content\/uploads\/2021\/06\/Hildegard-Angel-_-Link.jpg","articleSection":["Cultura","Nacional","Opini\u00e3o","Pol\u00edtica"],"inLanguage":"pt-BR","potentialAction":[{"@type":"CommentAction","name":"Comment","target":["https:\/\/renatodias.online\/movimento\/2021\/06\/11\/os-fudidos-de-verde-e-amarelo\/#respond"]}]},{"@type":"WebPage","@id":"https:\/\/renatodias.online\/movimento\/2021\/06\/11\/os-fudidos-de-verde-e-amarelo\/","url":"https:\/\/renatodias.online\/movimento\/2021\/06\/11\/os-fudidos-de-verde-e-amarelo\/","name":"Os fudidos de verde e amarelo -","isPartOf":{"@id":"https:\/\/renatodias.online\/movimento\/#website"},"primaryImageOfPage":{"@id":"https:\/\/renatodias.online\/movimento\/2021\/06\/11\/os-fudidos-de-verde-e-amarelo\/#primaryimage"},"image":{"@id":"https:\/\/renatodias.online\/movimento\/2021\/06\/11\/os-fudidos-de-verde-e-amarelo\/#primaryimage"},"thumbnailUrl":"https:\/\/renatodias.online\/movimento\/wp-content\/uploads\/2021\/06\/Hildegard-Angel-_-Link.jpg","datePublished":"2021-06-11T20:32:24+00:00","breadcrumb":{"@id":"https:\/\/renatodias.online\/movimento\/2021\/06\/11\/os-fudidos-de-verde-e-amarelo\/#breadcrumb"},"inLanguage":"pt-BR","potentialAction":[{"@type":"ReadAction","target":["https:\/\/renatodias.online\/movimento\/2021\/06\/11\/os-fudidos-de-verde-e-amarelo\/"]}]},{"@type":"ImageObject","inLanguage":"pt-BR","@id":"https:\/\/renatodias.online\/movimento\/2021\/06\/11\/os-fudidos-de-verde-e-amarelo\/#primaryimage","url":"https:\/\/renatodias.online\/movimento\/wp-content\/uploads\/2021\/06\/Hildegard-Angel-_-Link.jpg","contentUrl":"https:\/\/renatodias.online\/movimento\/wp-content\/uploads\/2021\/06\/Hildegard-Angel-_-Link.jpg","width":211,"height":211,"caption":"Hildegard Angel"},{"@type":"BreadcrumbList","@id":"https:\/\/renatodias.online\/movimento\/2021\/06\/11\/os-fudidos-de-verde-e-amarelo\/#breadcrumb","itemListElement":[{"@type":"ListItem","position":1,"name":"In\u00edcio","item":"https:\/\/renatodias.online\/movimento\/"},{"@type":"ListItem","position":2,"name":"Os fudidos de verde e amarelo"}]},{"@type":"WebSite","@id":"https:\/\/renatodias.online\/movimento\/#website","url":"https:\/\/renatodias.online\/movimento\/","name":"","description":"","publisher":{"@id":"https:\/\/renatodias.online\/movimento\/#\/schema\/person\/bbab28833b1725a20f4083f49f1fb2a9"},"potentialAction":[{"@type":"SearchAction","target":{"@type":"EntryPoint","urlTemplate":"https:\/\/renatodias.online\/movimento\/?s={search_term_string}"},"query-input":{"@type":"PropertyValueSpecification","valueRequired":true,"valueName":"search_term_string"}}],"inLanguage":"pt-BR"},{"@type":["Person","Organization"],"@id":"https:\/\/renatodias.online\/movimento\/#\/schema\/person\/bbab28833b1725a20f4083f49f1fb2a9","name":"Renato Dias","image":{"@type":"ImageObject","inLanguage":"pt-BR","@id":"https:\/\/renatodias.online\/movimento\/wp-content\/uploads\/2023\/03\/cropped-cropped-cropped-logofinal.jpeg","url":"https:\/\/renatodias.online\/movimento\/wp-content\/uploads\/2023\/03\/cropped-cropped-cropped-logofinal.jpeg","contentUrl":"https:\/\/renatodias.online\/movimento\/wp-content\/uploads\/2023\/03\/cropped-cropped-cropped-logofinal.jpeg","width":1280,"height":219,"caption":"Renato Dias"},"logo":{"@id":"https:\/\/renatodias.online\/movimento\/wp-content\/uploads\/2023\/03\/cropped-cropped-cropped-logofinal.jpeg"},"description":"Renato Dias, 58 anos, \u00e9 graduado em Jornalismo, formado em Ci\u00eancias Sociais, com p\u00f3s-gradua\u00e7\u00e3o em Pol\u00edticas P\u00fablicas, mestre em Direito e Rela\u00e7\u00f5es Internacionais, ex-aluno extraordin\u00e1rio do Doutorado em Psicologia Social, ex-estudante do Curso de Psican\u00e1lise do Centro de Estudos Psicanal\u00edticos do Estado de Goi\u00e1s, ministrado pelo m\u00e9dico psiquiatra e psicanalista Daniel Em\u00eddio de Souza. \u00c9 autor de 30 livros-reportagem, oito document\u00e1rios, ganhou 30 pr\u00eamios e \u00e9 torcedor apaixonado do maior do Centro-Oeste, o Vila Nova Futebol Clube. Casado com Meirilane Dias, \u00e9 pai de Juliana Dias, jornalista; Daniel Dias, economista; e Maria Rosa Dias, estudante antifascista, socialista e trotskista.\u00a0Com tr\u00eas pets: Porquinho [Bull Dog Franc\u00eas], Dalila [Basset Hound] e Geleia [Basset Hound]. Al\u00e9m do eterno gato Tutuquinho, que virou estrela.","sameAs":["https:\/\/www.facebook.com\/renato.dias.37","#breve","https:\/\/renatodias.tumblr.com\/"],"url":"https:\/\/renatodias.online\/movimento\/author\/renatodias\/"}]}},"_links":{"self":[{"href":"https:\/\/renatodias.online\/movimento\/wp-json\/wp\/v2\/posts\/7089","targetHints":{"allow":["GET"]}}],"collection":[{"href":"https:\/\/renatodias.online\/movimento\/wp-json\/wp\/v2\/posts"}],"about":[{"href":"https:\/\/renatodias.online\/movimento\/wp-json\/wp\/v2\/types\/post"}],"author":[{"embeddable":true,"href":"https:\/\/renatodias.online\/movimento\/wp-json\/wp\/v2\/users\/2"}],"replies":[{"embeddable":true,"href":"https:\/\/renatodias.online\/movimento\/wp-json\/wp\/v2\/comments?post=7089"}],"version-history":[{"count":1,"href":"https:\/\/renatodias.online\/movimento\/wp-json\/wp\/v2\/posts\/7089\/revisions"}],"predecessor-version":[{"id":7091,"href":"https:\/\/renatodias.online\/movimento\/wp-json\/wp\/v2\/posts\/7089\/revisions\/7091"}],"wp:featuredmedia":[{"embeddable":true,"href":"https:\/\/renatodias.online\/movimento\/wp-json\/wp\/v2\/media\/7090"}],"wp:attachment":[{"href":"https:\/\/renatodias.online\/movimento\/wp-json\/wp\/v2\/media?parent=7089"}],"wp:term":[{"taxonomy":"category","embeddable":true,"href":"https:\/\/renatodias.online\/movimento\/wp-json\/wp\/v2\/categories?post=7089"},{"taxonomy":"post_tag","embeddable":true,"href":"https:\/\/renatodias.online\/movimento\/wp-json\/wp\/v2\/tags?post=7089"}],"curies":[{"name":"wp","href":"https:\/\/api.w.org\/{rel}","templated":true}]}}