{"id":7066,"date":"2021-06-09T21:40:35","date_gmt":"2021-06-10T00:40:35","guid":{"rendered":"https:\/\/renatodias.online\/movimento\/?p=7066"},"modified":"2021-06-09T21:40:35","modified_gmt":"2021-06-10T00:40:35","slug":"conselho-municipal-de-saude-veta-copa-america","status":"publish","type":"post","link":"https:\/\/renatodias.online\/movimento\/2021\/06\/09\/conselho-municipal-de-saude-veta-copa-america\/","title":{"rendered":"Conselho Municipal de Sa\u00fade veta Copa Am\u00e9rica"},"content":{"rendered":"<figure id=\"attachment_5267\" aria-describedby=\"caption-attachment-5267\" style=\"width: 650px\" class=\"wp-caption aligncenter\"><img loading=\"lazy\" decoding=\"async\" class=\"size-full wp-image-5267\" src=\"https:\/\/renatodias.online\/movimento\/wp-content\/uploads\/2021\/02\/WhatsApp-Image-2021-02-25-at-21.24.17.jpeg\" alt=\"\" width=\"650\" height=\"350\" \/><figcaption id=\"caption-attachment-5267\" class=\"wp-caption-text\">Explosivo<\/figcaption><\/figure>\n<h1 style=\"text-align: center;\"><span style=\"color: #ff0000;\"><strong>Leia \u00edntegra da nota oficial<\/strong><\/span><\/h1>\n<figure id=\"attachment_6451\" aria-describedby=\"caption-attachment-6451\" style=\"width: 768px\" class=\"wp-caption aligncenter\"><img loading=\"lazy\" decoding=\"async\" class=\"size-full wp-image-6451\" src=\"https:\/\/renatodias.online\/movimento\/wp-content\/uploads\/2021\/05\/Coronavirus.jpg\" alt=\"\" width=\"768\" height=\"410\" srcset=\"https:\/\/renatodias.online\/movimento\/wp-content\/uploads\/2021\/05\/Coronavirus.jpg 768w, https:\/\/renatodias.online\/movimento\/wp-content\/uploads\/2021\/05\/Coronavirus-300x160.jpg 300w, https:\/\/renatodias.online\/movimento\/wp-content\/uploads\/2021\/05\/Coronavirus-750x400.jpg 750w\" sizes=\"auto, (max-width: 768px) 100vw, 768px\" \/><figcaption id=\"caption-attachment-6451\" class=\"wp-caption-text\"><strong>Coronav\u00edrus<\/strong><\/figcaption><\/figure>\n<p>O <strong>Conselho Municipal de Sa\u00fade<\/strong>, atrav\u00e9s de sua Mesa Diretora, traz a p\u00fablico seu \u00a0posiciona\u00admen\u00adto de apoio a vida de brasileiros e brasileiras, de goianos e goianienses refor\u00e7ando a postura clara de institui\u00e7\u00f5es p\u00fablicas e entidades civis que cumprem seu papel de cuidar da sa\u00fade da popula\u00e7\u00e3o. Nesse bojo, cabe citar os Conselhos Nacional e Estadual de Sa\u00fade e o Minist\u00e9rio P\u00fablico de Goi\u00e1s. Desde o in\u00edcio da pandemia, em solo nacional, nos deparamos com um postura populista, irrespons\u00e1vel que tem como plataforma de governo a banaliza\u00e7\u00e3o da vida e o favorecimento da morte, que nos confere uma pol\u00edtica de governo genocida em que a morte \u00e9 parte do plano. Para que n\u00e3o paire d\u00favidas sobre essa situa\u00e7\u00e3o, os \u00faltimos atos de desvario desse (des) governo federal insiste em realizar a Copa Am\u00e9rica em solo brasileiro enquanto as estat\u00edsticas apontam quase 500 mil mortos e mais de 16 milh\u00f5es de pessoas infectadas que sobreviveram, mas que ainda n\u00e3o \u00e9 poss\u00edvel sequer prever a diversidade de sequelas f\u00edsicas e emocionais que precisam ser tratadas ao longo das d\u00e9cadas que vir\u00e3o. Nosso povo sofre! Nossas fam\u00edlias choram pela morte dos seus ou pela ansiedade gerada por toda situa\u00e7\u00e3o. Enquanto isso o (des) governo federal, ao inv\u00e9s de apresentar um plano nacional de enfrentamento a pandemia, coloca o Brasil para sediar os jogos da Copa Am\u00e9rica. Os envolvidos, jogadores e equipe t\u00e9cnica s\u00e3o contr\u00e1rios e enxergam os riscos que essa atitude pode gerar.<\/p>\n<figure id=\"attachment_6850\" aria-describedby=\"caption-attachment-6850\" style=\"width: 1170px\" class=\"wp-caption alignnone\"><img loading=\"lazy\" decoding=\"async\" class=\"size-full wp-image-6850\" src=\"https:\/\/renatodias.online\/movimento\/wp-content\/uploads\/2021\/05\/Palacio-do-Planalto.jpg\" alt=\"\" width=\"1170\" height=\"700\" \/><figcaption id=\"caption-attachment-6850\" class=\"wp-caption-text\"><strong>Pal\u00e1cio do Planalto<\/strong><\/figcaption><\/figure>\n<p>Toda orienta\u00e7\u00e3o epidemiol\u00f3gica segue afirmando a necessidade de manter o distanciamento social, o uso de m\u00e1scaras e a vacina\u00e7\u00e3o da popula\u00e7\u00e3o como forma mais efetiva de enfrentamento do cont\u00e1gio. Os decretos do Estado de Goi\u00e1s e de Goi\u00e2nia continuam afirmando que estamos em calamidade p\u00fablica causada pelo novo Coronav\u00edrus. Os leitos dos hospitais e UTIs continuam apontando aumento no n\u00famero de interna\u00e7\u00f5es e mortes. Estamos na rota de circula\u00e7\u00e3o dessa nova variante indiana do coronav\u00edrus (chamada de B.1.617). Nosso vizinho, o Estado do Maranh\u00e3o, registrou em (20\/5) os primeiros casos da variante no Brasil que nos coloca como segundo pa\u00eds da Am\u00e9rica Latina a registrar a nova cepa \u2013 o primeiro foi a Argentina. Nesse cen\u00e1rio, precisamos cumprir nosso papel de defensores da vida! Precisamos que cada pessoa participe dessa mobiliza\u00e7\u00e3o popular em defesa da sa\u00fade de cada um e de todos cumprindo nosso papel de controle social! Precisamos que as inst\u00e2ncias judiciais atuem cobrando posicionamento coerente dos entes federados e a criminaliza\u00e7\u00e3o dos agentes p\u00fablicos que vem promovendo a morte e dando risadas de contentamento ao ver o resultado de seus atos.<\/p>\n<figure id=\"attachment_3211\" aria-describedby=\"caption-attachment-3211\" style=\"width: 800px\" class=\"wp-caption alignnone\"><img loading=\"lazy\" decoding=\"async\" class=\"size-full wp-image-3211\" src=\"https:\/\/renatodias.online\/movimento\/wp-content\/uploads\/2020\/03\/f66a6d48-8db3-4a79-a9df-4e15242bd8e9-1.jpg\" alt=\"\" width=\"800\" height=\"533\" srcset=\"https:\/\/renatodias.online\/movimento\/wp-content\/uploads\/2020\/03\/f66a6d48-8db3-4a79-a9df-4e15242bd8e9-1.jpg 800w, https:\/\/renatodias.online\/movimento\/wp-content\/uploads\/2020\/03\/f66a6d48-8db3-4a79-a9df-4e15242bd8e9-1-300x200.jpg 300w, https:\/\/renatodias.online\/movimento\/wp-content\/uploads\/2020\/03\/f66a6d48-8db3-4a79-a9df-4e15242bd8e9-1-768x512.jpg 768w, https:\/\/renatodias.online\/movimento\/wp-content\/uploads\/2020\/03\/f66a6d48-8db3-4a79-a9df-4e15242bd8e9-1-360x240.jpg 360w, https:\/\/renatodias.online\/movimento\/wp-content\/uploads\/2020\/03\/f66a6d48-8db3-4a79-a9df-4e15242bd8e9-1-750x500.jpg 750w\" sizes=\"auto, (max-width: 800px) 100vw, 800px\" \/><figcaption id=\"caption-attachment-3211\" class=\"wp-caption-text\"><strong>Goi\u00e2nia &#8211; Foto: Reprodu\u00e7\u00e3o<\/strong><\/figcaption><\/figure>\n<p>Vamos continuar gritando que vidas importam. Essa Copa Am\u00e9rica n\u00e3o pode vir para Goi\u00e1s. Para Goi\u00e2nia! N\u00e3o aceitamos essa atitude antipatri\u00f3tica, precisamos gritar e nos unir contra a pol\u00edtica bolsonarista genocida: n\u00e3o somos gado! A imunidade de rebanho n\u00e3o nos serve! Esperar que a imunidade aconte\u00e7a deixando a doen\u00e7a se alastrar livremente n\u00e3o pode ser a escolha. O Comit\u00ea COVID do Conselho Nacional de Sa\u00fade vem realizando pesquisas a partir de tr\u00eas eixos de an\u00e1lise:1) os atos normativos da Uni\u00e3o, como medidas provis\u00f3rias, leis, decretos e portarias; 2) atos de obstru\u00e7\u00e3o \u00e0s respostas dos governos estaduais e municipais \u00e0 pandemia; e 3) propaganda contra as medidas de sa\u00fade p\u00fablica, como quarentenas, uso de m\u00e1scara e vacina\u00e7\u00e3o, entre outros. Os estudos analisados de 3.700 documentos do governo federal e do congresso nacional desde o in\u00edcio da pandemia do coronav\u00edrus, associados aos discursos governamentais, apontam que houve a\u00e7\u00e3o intencional do governo para disseminar covid-19 no Brasil.<\/p>\n<p>Nesse sentido, a Copa Am\u00e9rica fica sendo o evento internacional desse plano macabro de exterm\u00ednio de parte da na\u00e7\u00e3o brasileira. A decis\u00e3o descabida de sediar a Copa Am\u00e9rica confronta todo conhecimento cient\u00edfico que vem sendo produzido acerca da transmissibilidade do COVID-19, penaliza e desrespeita ainda mais trabalhadores e trabalhadoras de sa\u00fade de todo pa\u00eds que vem se desdobrando para cuidar da popula\u00e7\u00e3o. A pr\u00e1tica antidemocr\u00e1tica continua difundindo inverdades ao afirmar que todos os jogadores e a comiss\u00e3o t\u00e9cnica (nove pa\u00edses com cerca de 60 pessoas de cada delega\u00e7\u00e3o) estar\u00e3o imunizados. N\u00e3o h\u00e1 tempo h\u00e1bil para que isso ocorra considerando que s\u00e3o duas doses e o intervalo de 15 dias para o efeito da segunda dose. N\u00e3o suportamos mais tanto desmando e tantas mentiras que escondem interesses esp\u00farios e nada republicanos. Fazemos coro com o presidente do CNS, Fernando Pigatto, quando afirma que: \u201cQueremos a imunidade coletiva e ela s\u00f3 pode ser atingida por meio da vacina\u00e7\u00e3o. Jamais por cont\u00e1gio e muito menos com uma doen\u00e7a com alto grau de letalidade e sequelas como \u00e9 a Covid-19\u201d. Gostamos de futebol, mas queremos ficar vivos e para isso precisamos de vacina para todos!<\/p>\n<figure id=\"attachment_6129\" aria-describedby=\"caption-attachment-6129\" style=\"width: 700px\" class=\"wp-caption aligncenter\"><img loading=\"lazy\" decoding=\"async\" class=\"size-full wp-image-6129\" src=\"https:\/\/renatodias.online\/movimento\/wp-content\/uploads\/2021\/04\/Mortos-sob-a-Pandemia-no-Brasil-_-3.jpg\" alt=\"\" width=\"700\" height=\"394\" srcset=\"https:\/\/renatodias.online\/movimento\/wp-content\/uploads\/2021\/04\/Mortos-sob-a-Pandemia-no-Brasil-_-3.jpg 700w, https:\/\/renatodias.online\/movimento\/wp-content\/uploads\/2021\/04\/Mortos-sob-a-Pandemia-no-Brasil-_-3-300x169.jpg 300w\" sizes=\"auto, (max-width: 700px) 100vw, 700px\" \/><figcaption id=\"caption-attachment-6129\" class=\"wp-caption-text\"><strong>Mortos sob a Pandemia no Brasil<\/strong><\/figcaption><\/figure>\n<p style=\"text-align: center;\"><strong>Celidalva Sousa Bittencourt<\/strong><\/p>\n<p style=\"text-align: center;\"><strong>Presidenta Conselho Muninicipal de Sa\u00fade de Goi\u00e2nia<\/strong><\/p>\n<p style=\"text-align: center;\"><strong>Resolu\u00e7\u00e3o no 131\/2019\/ DOM no 7092 \u2013 <\/strong><\/p>\n","protected":false},"excerpt":{"rendered":"<p>Leia \u00edntegra da nota oficial O Conselho Municipal de Sa\u00fade, atrav\u00e9s de sua Mesa Diretora, traz a p\u00fablico seu \u00a0posiciona\u00admen\u00adto de apoio a vida de brasileiros e brasileiras, de goianos e goianienses refor\u00e7ando a postura clara de institui\u00e7\u00f5es p\u00fablicas e entidades civis que cumprem seu papel de cuidar da sa\u00fade da popula\u00e7\u00e3o. Nesse bojo, cabe<\/p>\n","protected":false},"author":2,"featured_media":6959,"comment_status":"open","ping_status":"open","sticky":false,"template":"","format":"standard","meta":{"_acf_changed":false,"_monsterinsights_skip_tracking":false,"_monsterinsights_sitenote_active":false,"_monsterinsights_sitenote_note":"","_monsterinsights_sitenote_category":0,"footnotes":""},"categories":[88],"tags":[],"class_list":["post-7066","post","type-post","status-publish","format-standard","has-post-thumbnail","hentry","category-covid-19"],"acf":[],"yoast_head":"<!-- This site is optimized with the Yoast SEO plugin v27.4 - https:\/\/yoast.com\/product\/yoast-seo-wordpress\/ -->\n<title>Conselho Municipal de Sa\u00fade veta Copa Am\u00e9rica -<\/title>\n<meta name=\"robots\" content=\"index, follow, max-snippet:-1, max-image-preview:large, max-video-preview:-1\" \/>\n<link rel=\"canonical\" href=\"https:\/\/renatodias.online\/movimento\/2021\/06\/09\/conselho-municipal-de-saude-veta-copa-america\/\" \/>\n<meta property=\"og:locale\" content=\"pt_BR\" \/>\n<meta property=\"og:type\" content=\"article\" \/>\n<meta property=\"og:title\" content=\"Conselho Municipal de Sa\u00fade veta Copa Am\u00e9rica -\" \/>\n<meta property=\"og:description\" content=\"Leia \u00edntegra da nota oficial O Conselho Municipal de Sa\u00fade, atrav\u00e9s de sua Mesa Diretora, traz a p\u00fablico seu \u00a0posiciona\u00admen\u00adto de apoio a vida de brasileiros e brasileiras, de goianos e goianienses refor\u00e7ando a postura clara de institui\u00e7\u00f5es p\u00fablicas e entidades civis que cumprem seu papel de cuidar da sa\u00fade da popula\u00e7\u00e3o. Nesse bojo, cabe\" \/>\n<meta property=\"og:url\" content=\"https:\/\/renatodias.online\/movimento\/2021\/06\/09\/conselho-municipal-de-saude-veta-copa-america\/\" \/>\n<meta property=\"article:publisher\" content=\"https:\/\/www.facebook.com\/renato.dias.37\" \/>\n<meta property=\"article:author\" content=\"https:\/\/www.facebook.com\/renato.dias.37\" \/>\n<meta property=\"article:published_time\" content=\"2021-06-10T00:40:35+00:00\" \/>\n<meta property=\"og:image\" content=\"https:\/\/renatodias.online\/movimento\/wp-content\/uploads\/2021\/06\/2.png\" \/>\n\t<meta property=\"og:image:width\" content=\"1080\" \/>\n\t<meta property=\"og:image:height\" content=\"1070\" \/>\n\t<meta property=\"og:image:type\" content=\"image\/png\" \/>\n<meta name=\"author\" content=\"Renato Dias\" \/>\n<meta name=\"twitter:card\" content=\"summary_large_image\" \/>\n<meta name=\"twitter:creator\" content=\"@RenatoDiasBat\" \/>\n<meta name=\"twitter:site\" content=\"@RenatoDiasBat\" \/>\n<meta name=\"twitter:label1\" content=\"Escrito por\" \/>\n\t<meta name=\"twitter:data1\" content=\"Renato Dias\" \/>\n\t<meta name=\"twitter:label2\" content=\"Est. tempo de leitura\" \/>\n\t<meta name=\"twitter:data2\" content=\"5 minutos\" \/>\n<script type=\"application\/ld+json\" class=\"yoast-schema-graph\">{\"@context\":\"https:\\\/\\\/schema.org\",\"@graph\":[{\"@type\":\"Article\",\"@id\":\"https:\\\/\\\/renatodias.online\\\/movimento\\\/2021\\\/06\\\/09\\\/conselho-municipal-de-saude-veta-copa-america\\\/#article\",\"isPartOf\":{\"@id\":\"https:\\\/\\\/renatodias.online\\\/movimento\\\/2021\\\/06\\\/09\\\/conselho-municipal-de-saude-veta-copa-america\\\/\"},\"author\":{\"name\":\"Renato Dias\",\"@id\":\"https:\\\/\\\/renatodias.online\\\/movimento\\\/#\\\/schema\\\/person\\\/bbab28833b1725a20f4083f49f1fb2a9\"},\"headline\":\"Conselho Municipal de Sa\u00fade veta Copa Am\u00e9rica\",\"datePublished\":\"2021-06-10T00:40:35+00:00\",\"mainEntityOfPage\":{\"@id\":\"https:\\\/\\\/renatodias.online\\\/movimento\\\/2021\\\/06\\\/09\\\/conselho-municipal-de-saude-veta-copa-america\\\/\"},\"wordCount\":948,\"commentCount\":0,\"publisher\":{\"@id\":\"https:\\\/\\\/renatodias.online\\\/movimento\\\/#\\\/schema\\\/person\\\/bbab28833b1725a20f4083f49f1fb2a9\"},\"image\":{\"@id\":\"https:\\\/\\\/renatodias.online\\\/movimento\\\/2021\\\/06\\\/09\\\/conselho-municipal-de-saude-veta-copa-america\\\/#primaryimage\"},\"thumbnailUrl\":\"https:\\\/\\\/renatodias.online\\\/movimento\\\/wp-content\\\/uploads\\\/2021\\\/06\\\/2.png\",\"articleSection\":[\"Covid 19\"],\"inLanguage\":\"pt-BR\",\"potentialAction\":[{\"@type\":\"CommentAction\",\"name\":\"Comment\",\"target\":[\"https:\\\/\\\/renatodias.online\\\/movimento\\\/2021\\\/06\\\/09\\\/conselho-municipal-de-saude-veta-copa-america\\\/#respond\"]}]},{\"@type\":\"WebPage\",\"@id\":\"https:\\\/\\\/renatodias.online\\\/movimento\\\/2021\\\/06\\\/09\\\/conselho-municipal-de-saude-veta-copa-america\\\/\",\"url\":\"https:\\\/\\\/renatodias.online\\\/movimento\\\/2021\\\/06\\\/09\\\/conselho-municipal-de-saude-veta-copa-america\\\/\",\"name\":\"Conselho Municipal de Sa\u00fade veta Copa Am\u00e9rica -\",\"isPartOf\":{\"@id\":\"https:\\\/\\\/renatodias.online\\\/movimento\\\/#website\"},\"primaryImageOfPage\":{\"@id\":\"https:\\\/\\\/renatodias.online\\\/movimento\\\/2021\\\/06\\\/09\\\/conselho-municipal-de-saude-veta-copa-america\\\/#primaryimage\"},\"image\":{\"@id\":\"https:\\\/\\\/renatodias.online\\\/movimento\\\/2021\\\/06\\\/09\\\/conselho-municipal-de-saude-veta-copa-america\\\/#primaryimage\"},\"thumbnailUrl\":\"https:\\\/\\\/renatodias.online\\\/movimento\\\/wp-content\\\/uploads\\\/2021\\\/06\\\/2.png\",\"datePublished\":\"2021-06-10T00:40:35+00:00\",\"breadcrumb\":{\"@id\":\"https:\\\/\\\/renatodias.online\\\/movimento\\\/2021\\\/06\\\/09\\\/conselho-municipal-de-saude-veta-copa-america\\\/#breadcrumb\"},\"inLanguage\":\"pt-BR\",\"potentialAction\":[{\"@type\":\"ReadAction\",\"target\":[\"https:\\\/\\\/renatodias.online\\\/movimento\\\/2021\\\/06\\\/09\\\/conselho-municipal-de-saude-veta-copa-america\\\/\"]}]},{\"@type\":\"ImageObject\",\"inLanguage\":\"pt-BR\",\"@id\":\"https:\\\/\\\/renatodias.online\\\/movimento\\\/2021\\\/06\\\/09\\\/conselho-municipal-de-saude-veta-copa-america\\\/#primaryimage\",\"url\":\"https:\\\/\\\/renatodias.online\\\/movimento\\\/wp-content\\\/uploads\\\/2021\\\/06\\\/2.png\",\"contentUrl\":\"https:\\\/\\\/renatodias.online\\\/movimento\\\/wp-content\\\/uploads\\\/2021\\\/06\\\/2.png\",\"width\":1080,\"height\":1070},{\"@type\":\"BreadcrumbList\",\"@id\":\"https:\\\/\\\/renatodias.online\\\/movimento\\\/2021\\\/06\\\/09\\\/conselho-municipal-de-saude-veta-copa-america\\\/#breadcrumb\",\"itemListElement\":[{\"@type\":\"ListItem\",\"position\":1,\"name\":\"In\u00edcio\",\"item\":\"https:\\\/\\\/renatodias.online\\\/movimento\\\/\"},{\"@type\":\"ListItem\",\"position\":2,\"name\":\"Conselho Municipal de Sa\u00fade veta Copa Am\u00e9rica\"}]},{\"@type\":\"WebSite\",\"@id\":\"https:\\\/\\\/renatodias.online\\\/movimento\\\/#website\",\"url\":\"https:\\\/\\\/renatodias.online\\\/movimento\\\/\",\"name\":\"\",\"description\":\"\",\"publisher\":{\"@id\":\"https:\\\/\\\/renatodias.online\\\/movimento\\\/#\\\/schema\\\/person\\\/bbab28833b1725a20f4083f49f1fb2a9\"},\"potentialAction\":[{\"@type\":\"SearchAction\",\"target\":{\"@type\":\"EntryPoint\",\"urlTemplate\":\"https:\\\/\\\/renatodias.online\\\/movimento\\\/?s={search_term_string}\"},\"query-input\":{\"@type\":\"PropertyValueSpecification\",\"valueRequired\":true,\"valueName\":\"search_term_string\"}}],\"inLanguage\":\"pt-BR\"},{\"@type\":[\"Person\",\"Organization\"],\"@id\":\"https:\\\/\\\/renatodias.online\\\/movimento\\\/#\\\/schema\\\/person\\\/bbab28833b1725a20f4083f49f1fb2a9\",\"name\":\"Renato Dias\",\"image\":{\"@type\":\"ImageObject\",\"inLanguage\":\"pt-BR\",\"@id\":\"https:\\\/\\\/renatodias.online\\\/movimento\\\/wp-content\\\/uploads\\\/2023\\\/03\\\/cropped-cropped-cropped-logofinal.jpeg\",\"url\":\"https:\\\/\\\/renatodias.online\\\/movimento\\\/wp-content\\\/uploads\\\/2023\\\/03\\\/cropped-cropped-cropped-logofinal.jpeg\",\"contentUrl\":\"https:\\\/\\\/renatodias.online\\\/movimento\\\/wp-content\\\/uploads\\\/2023\\\/03\\\/cropped-cropped-cropped-logofinal.jpeg\",\"width\":1280,\"height\":219,\"caption\":\"Renato Dias\"},\"logo\":{\"@id\":\"https:\\\/\\\/renatodias.online\\\/movimento\\\/wp-content\\\/uploads\\\/2023\\\/03\\\/cropped-cropped-cropped-logofinal.jpeg\"},\"description\":\"Renato Dias, 58 anos, \u00e9 graduado em Jornalismo, formado em Ci\u00eancias Sociais, com p\u00f3s-gradua\u00e7\u00e3o em Pol\u00edticas P\u00fablicas, mestre em Direito e Rela\u00e7\u00f5es Internacionais, ex-aluno extraordin\u00e1rio do Doutorado em Psicologia Social, ex-estudante do Curso de Psican\u00e1lise do Centro de Estudos Psicanal\u00edticos do Estado de Goi\u00e1s, ministrado pelo m\u00e9dico psiquiatra e psicanalista Daniel Em\u00eddio de Souza. \u00c9 autor de 30 livros-reportagem, oito document\u00e1rios, ganhou 30 pr\u00eamios e \u00e9 torcedor apaixonado do maior do Centro-Oeste, o Vila Nova Futebol Clube. Casado com Meirilane Dias, \u00e9 pai de Juliana Dias, jornalista; Daniel Dias, economista; e Maria Rosa Dias, estudante antifascista, socialista e trotskista.\u00a0Com tr\u00eas pets: Porquinho [Bull Dog Franc\u00eas], Dalila [Basset Hound] e Geleia [Basset Hound]. Al\u00e9m do eterno gato Tutuquinho, que virou estrela.\",\"sameAs\":[\"https:\\\/\\\/www.facebook.com\\\/renato.dias.37\",\"#breve\",\"https:\\\/\\\/renatodias.tumblr.com\\\/\"],\"url\":\"https:\\\/\\\/renatodias.online\\\/movimento\\\/author\\\/renatodias\\\/\"}]}<\/script>\n<!-- \/ Yoast SEO plugin. -->","yoast_head_json":{"title":"Conselho Municipal de Sa\u00fade veta Copa Am\u00e9rica -","robots":{"index":"index","follow":"follow","max-snippet":"max-snippet:-1","max-image-preview":"max-image-preview:large","max-video-preview":"max-video-preview:-1"},"canonical":"https:\/\/renatodias.online\/movimento\/2021\/06\/09\/conselho-municipal-de-saude-veta-copa-america\/","og_locale":"pt_BR","og_type":"article","og_title":"Conselho Municipal de Sa\u00fade veta Copa Am\u00e9rica -","og_description":"Leia \u00edntegra da nota oficial O Conselho Municipal de Sa\u00fade, atrav\u00e9s de sua Mesa Diretora, traz a p\u00fablico seu \u00a0posiciona\u00admen\u00adto de apoio a vida de brasileiros e brasileiras, de goianos e goianienses refor\u00e7ando a postura clara de institui\u00e7\u00f5es p\u00fablicas e entidades civis que cumprem seu papel de cuidar da sa\u00fade da popula\u00e7\u00e3o. Nesse bojo, cabe","og_url":"https:\/\/renatodias.online\/movimento\/2021\/06\/09\/conselho-municipal-de-saude-veta-copa-america\/","article_publisher":"https:\/\/www.facebook.com\/renato.dias.37","article_author":"https:\/\/www.facebook.com\/renato.dias.37","article_published_time":"2021-06-10T00:40:35+00:00","og_image":[{"width":1080,"height":1070,"url":"https:\/\/renatodias.online\/movimento\/wp-content\/uploads\/2021\/06\/2.png","type":"image\/png"}],"author":"Renato Dias","twitter_card":"summary_large_image","twitter_creator":"@RenatoDiasBat","twitter_site":"@RenatoDiasBat","twitter_misc":{"Escrito por":"Renato Dias","Est. tempo de leitura":"5 minutos"},"schema":{"@context":"https:\/\/schema.org","@graph":[{"@type":"Article","@id":"https:\/\/renatodias.online\/movimento\/2021\/06\/09\/conselho-municipal-de-saude-veta-copa-america\/#article","isPartOf":{"@id":"https:\/\/renatodias.online\/movimento\/2021\/06\/09\/conselho-municipal-de-saude-veta-copa-america\/"},"author":{"name":"Renato Dias","@id":"https:\/\/renatodias.online\/movimento\/#\/schema\/person\/bbab28833b1725a20f4083f49f1fb2a9"},"headline":"Conselho Municipal de Sa\u00fade veta Copa Am\u00e9rica","datePublished":"2021-06-10T00:40:35+00:00","mainEntityOfPage":{"@id":"https:\/\/renatodias.online\/movimento\/2021\/06\/09\/conselho-municipal-de-saude-veta-copa-america\/"},"wordCount":948,"commentCount":0,"publisher":{"@id":"https:\/\/renatodias.online\/movimento\/#\/schema\/person\/bbab28833b1725a20f4083f49f1fb2a9"},"image":{"@id":"https:\/\/renatodias.online\/movimento\/2021\/06\/09\/conselho-municipal-de-saude-veta-copa-america\/#primaryimage"},"thumbnailUrl":"https:\/\/renatodias.online\/movimento\/wp-content\/uploads\/2021\/06\/2.png","articleSection":["Covid 19"],"inLanguage":"pt-BR","potentialAction":[{"@type":"CommentAction","name":"Comment","target":["https:\/\/renatodias.online\/movimento\/2021\/06\/09\/conselho-municipal-de-saude-veta-copa-america\/#respond"]}]},{"@type":"WebPage","@id":"https:\/\/renatodias.online\/movimento\/2021\/06\/09\/conselho-municipal-de-saude-veta-copa-america\/","url":"https:\/\/renatodias.online\/movimento\/2021\/06\/09\/conselho-municipal-de-saude-veta-copa-america\/","name":"Conselho Municipal de Sa\u00fade veta Copa Am\u00e9rica -","isPartOf":{"@id":"https:\/\/renatodias.online\/movimento\/#website"},"primaryImageOfPage":{"@id":"https:\/\/renatodias.online\/movimento\/2021\/06\/09\/conselho-municipal-de-saude-veta-copa-america\/#primaryimage"},"image":{"@id":"https:\/\/renatodias.online\/movimento\/2021\/06\/09\/conselho-municipal-de-saude-veta-copa-america\/#primaryimage"},"thumbnailUrl":"https:\/\/renatodias.online\/movimento\/wp-content\/uploads\/2021\/06\/2.png","datePublished":"2021-06-10T00:40:35+00:00","breadcrumb":{"@id":"https:\/\/renatodias.online\/movimento\/2021\/06\/09\/conselho-municipal-de-saude-veta-copa-america\/#breadcrumb"},"inLanguage":"pt-BR","potentialAction":[{"@type":"ReadAction","target":["https:\/\/renatodias.online\/movimento\/2021\/06\/09\/conselho-municipal-de-saude-veta-copa-america\/"]}]},{"@type":"ImageObject","inLanguage":"pt-BR","@id":"https:\/\/renatodias.online\/movimento\/2021\/06\/09\/conselho-municipal-de-saude-veta-copa-america\/#primaryimage","url":"https:\/\/renatodias.online\/movimento\/wp-content\/uploads\/2021\/06\/2.png","contentUrl":"https:\/\/renatodias.online\/movimento\/wp-content\/uploads\/2021\/06\/2.png","width":1080,"height":1070},{"@type":"BreadcrumbList","@id":"https:\/\/renatodias.online\/movimento\/2021\/06\/09\/conselho-municipal-de-saude-veta-copa-america\/#breadcrumb","itemListElement":[{"@type":"ListItem","position":1,"name":"In\u00edcio","item":"https:\/\/renatodias.online\/movimento\/"},{"@type":"ListItem","position":2,"name":"Conselho Municipal de Sa\u00fade veta Copa Am\u00e9rica"}]},{"@type":"WebSite","@id":"https:\/\/renatodias.online\/movimento\/#website","url":"https:\/\/renatodias.online\/movimento\/","name":"","description":"","publisher":{"@id":"https:\/\/renatodias.online\/movimento\/#\/schema\/person\/bbab28833b1725a20f4083f49f1fb2a9"},"potentialAction":[{"@type":"SearchAction","target":{"@type":"EntryPoint","urlTemplate":"https:\/\/renatodias.online\/movimento\/?s={search_term_string}"},"query-input":{"@type":"PropertyValueSpecification","valueRequired":true,"valueName":"search_term_string"}}],"inLanguage":"pt-BR"},{"@type":["Person","Organization"],"@id":"https:\/\/renatodias.online\/movimento\/#\/schema\/person\/bbab28833b1725a20f4083f49f1fb2a9","name":"Renato Dias","image":{"@type":"ImageObject","inLanguage":"pt-BR","@id":"https:\/\/renatodias.online\/movimento\/wp-content\/uploads\/2023\/03\/cropped-cropped-cropped-logofinal.jpeg","url":"https:\/\/renatodias.online\/movimento\/wp-content\/uploads\/2023\/03\/cropped-cropped-cropped-logofinal.jpeg","contentUrl":"https:\/\/renatodias.online\/movimento\/wp-content\/uploads\/2023\/03\/cropped-cropped-cropped-logofinal.jpeg","width":1280,"height":219,"caption":"Renato Dias"},"logo":{"@id":"https:\/\/renatodias.online\/movimento\/wp-content\/uploads\/2023\/03\/cropped-cropped-cropped-logofinal.jpeg"},"description":"Renato Dias, 58 anos, \u00e9 graduado em Jornalismo, formado em Ci\u00eancias Sociais, com p\u00f3s-gradua\u00e7\u00e3o em Pol\u00edticas P\u00fablicas, mestre em Direito e Rela\u00e7\u00f5es Internacionais, ex-aluno extraordin\u00e1rio do Doutorado em Psicologia Social, ex-estudante do Curso de Psican\u00e1lise do Centro de Estudos Psicanal\u00edticos do Estado de Goi\u00e1s, ministrado pelo m\u00e9dico psiquiatra e psicanalista Daniel Em\u00eddio de Souza. \u00c9 autor de 30 livros-reportagem, oito document\u00e1rios, ganhou 30 pr\u00eamios e \u00e9 torcedor apaixonado do maior do Centro-Oeste, o Vila Nova Futebol Clube. Casado com Meirilane Dias, \u00e9 pai de Juliana Dias, jornalista; Daniel Dias, economista; e Maria Rosa Dias, estudante antifascista, socialista e trotskista.\u00a0Com tr\u00eas pets: Porquinho [Bull Dog Franc\u00eas], Dalila [Basset Hound] e Geleia [Basset Hound]. Al\u00e9m do eterno gato Tutuquinho, que virou estrela.","sameAs":["https:\/\/www.facebook.com\/renato.dias.37","#breve","https:\/\/renatodias.tumblr.com\/"],"url":"https:\/\/renatodias.online\/movimento\/author\/renatodias\/"}]}},"_links":{"self":[{"href":"https:\/\/renatodias.online\/movimento\/wp-json\/wp\/v2\/posts\/7066","targetHints":{"allow":["GET"]}}],"collection":[{"href":"https:\/\/renatodias.online\/movimento\/wp-json\/wp\/v2\/posts"}],"about":[{"href":"https:\/\/renatodias.online\/movimento\/wp-json\/wp\/v2\/types\/post"}],"author":[{"embeddable":true,"href":"https:\/\/renatodias.online\/movimento\/wp-json\/wp\/v2\/users\/2"}],"replies":[{"embeddable":true,"href":"https:\/\/renatodias.online\/movimento\/wp-json\/wp\/v2\/comments?post=7066"}],"version-history":[{"count":1,"href":"https:\/\/renatodias.online\/movimento\/wp-json\/wp\/v2\/posts\/7066\/revisions"}],"predecessor-version":[{"id":7067,"href":"https:\/\/renatodias.online\/movimento\/wp-json\/wp\/v2\/posts\/7066\/revisions\/7067"}],"wp:featuredmedia":[{"embeddable":true,"href":"https:\/\/renatodias.online\/movimento\/wp-json\/wp\/v2\/media\/6959"}],"wp:attachment":[{"href":"https:\/\/renatodias.online\/movimento\/wp-json\/wp\/v2\/media?parent=7066"}],"wp:term":[{"taxonomy":"category","embeddable":true,"href":"https:\/\/renatodias.online\/movimento\/wp-json\/wp\/v2\/categories?post=7066"},{"taxonomy":"post_tag","embeddable":true,"href":"https:\/\/renatodias.online\/movimento\/wp-json\/wp\/v2\/tags?post=7066"}],"curies":[{"name":"wp","href":"https:\/\/api.w.org\/{rel}","templated":true}]}}