{"id":7061,"date":"2021-06-09T21:36:21","date_gmt":"2021-06-10T00:36:21","guid":{"rendered":"https:\/\/renatodias.online\/movimento\/?p=7061"},"modified":"2021-06-09T21:36:21","modified_gmt":"2021-06-10T00:36:21","slug":"pstu-faz-27-anos-e-rubens-donizetti-realiza-ato","status":"publish","type":"post","link":"https:\/\/renatodias.online\/movimento\/2021\/06\/09\/pstu-faz-27-anos-e-rubens-donizetti-realiza-ato\/","title":{"rendered":"PSTU faz 27 anos e Rubens Donizetti realiza ato"},"content":{"rendered":"<figure id=\"attachment_5888\" aria-describedby=\"caption-attachment-5888\" style=\"width: 600px\" class=\"wp-caption aligncenter\"><img loading=\"lazy\" decoding=\"async\" class=\"size-full wp-image-5888\" src=\"https:\/\/renatodias.online\/movimento\/wp-content\/uploads\/2021\/04\/Bomba-A-morte-da-Politica.jpg\" alt=\"explosivo\" width=\"600\" height=\"600\" \/><figcaption id=\"caption-attachment-5888\" class=\"wp-caption-text\">explosivo<\/figcaption><\/figure>\n<figure id=\"attachment_3253\" aria-describedby=\"caption-attachment-3253\" style=\"width: 300px\" class=\"wp-caption aligncenter\"><img loading=\"lazy\" decoding=\"async\" class=\"size-full wp-image-3253\" src=\"https:\/\/renatodias.online\/movimento\/wp-content\/uploads\/2020\/03\/Caricatura-de-Leon-Trotski-filme.gif\" alt=\"\" width=\"300\" height=\"389\" \/><figcaption id=\"caption-attachment-3253\" class=\"wp-caption-text\"><strong>Leon Trotski<\/strong><\/figcaption><\/figure>\n<h1 style=\"text-align: center;\"><strong>PSTU faz 27 anos e Rubens Donizetti realiza ato<\/strong><\/h1>\n<p><strong>Revolu\u00e7\u00e3o socialista<\/strong><\/p>\n<figure id=\"attachment_7062\" aria-describedby=\"caption-attachment-7062\" style=\"width: 1080px\" class=\"wp-caption alignnone\"><img loading=\"lazy\" decoding=\"async\" class=\"size-full wp-image-7062\" src=\"https:\/\/renatodias.online\/movimento\/wp-content\/uploads\/2021\/06\/PSTU.jpg\" alt=\"\" width=\"1080\" height=\"810\" srcset=\"https:\/\/renatodias.online\/movimento\/wp-content\/uploads\/2021\/06\/PSTU.jpg 1080w, https:\/\/renatodias.online\/movimento\/wp-content\/uploads\/2021\/06\/PSTU-300x225.jpg 300w, https:\/\/renatodias.online\/movimento\/wp-content\/uploads\/2021\/06\/PSTU-768x576.jpg 768w, https:\/\/renatodias.online\/movimento\/wp-content\/uploads\/2021\/06\/PSTU-750x563.jpg 750w\" sizes=\"auto, (max-width: 1080px) 100vw, 1080px\" \/><figcaption id=\"caption-attachment-7062\" class=\"wp-caption-text\"><strong>Rubens Donizetti, Arquidones Bittes: unidade na luta<\/strong><\/figcaption><\/figure>\n<p><span style=\"color: #808000;\"><strong>Fundada em 1994, sigla quer fim da barb\u00e1rie de Bolsonaro e Mour\u00e3o<\/strong><\/span><\/p>\n<p>&nbsp;<\/p>\n<p><strong>Renato Dias<\/strong><\/p>\n<p>Advogado trabalhista de linhagem marxista. <strong>Rubens Donizetti<\/strong> comemorou os 27 anos do Parti\u00addo Socialista dos Trabalhadores Unificado, o PSTU, \u00a0em um ato contra o presidente da Rep\u00fablica, Jair Messias Bolsonaro [Sem partido]. Sob a Pandemia do Coronav\u00edrus Covid 19, com 500 mil mortos, aus\u00eancia de vacinas, 15 milh\u00f5es de desempregados, 105 milh\u00f5es de habitantes em um quadro de inseguran\u00e7a alimentar, queda de 4,1% do Produto Interno Bruto e a volta da infla\u00e7\u00e3o<\/p>\n<figure id=\"attachment_6447\" aria-describedby=\"caption-attachment-6447\" style=\"width: 800px\" class=\"wp-caption alignnone\"><img loading=\"lazy\" decoding=\"async\" class=\"size-full wp-image-6447\" src=\"https:\/\/renatodias.online\/movimento\/wp-content\/uploads\/2021\/05\/Desemprego.jpg\" alt=\"\" width=\"800\" height=\"534\" \/><figcaption id=\"caption-attachment-6447\" class=\"wp-caption-text\"><strong>A crise: o desemprego<\/strong><\/figcaption><\/figure>\n<p><strong>Solidariedade<\/strong><\/p>\n<p>O Operador do Direito manifestou a sua solidariedade ao professor de Trindade <strong>Arquidones Bittes<\/strong>. O ativista pol\u00edtico de esquerda foi preso de forma ilegal pela Pol\u00edcia Militar do Estado de Goi\u00e1s [PM-GO]. Al\u00e9m de ter sido submetido a agress\u00f5es f\u00edsicas, psicol\u00f3gicas e verbais e condu\u00adzido \u00e0 sede da Pol\u00edcia Federal em Goi\u00e2nia. Para ser enquadrado na Lei de Seguran\u00e7a Nacional. A LSN criada em 1935, por Get\u00falio Vargas, e depois recauchutada sob a ditadura civil e militar.<\/p>\n<figure id=\"attachment_7063\" aria-describedby=\"caption-attachment-7063\" style=\"width: 720px\" class=\"wp-caption aligncenter\"><img loading=\"lazy\" decoding=\"async\" class=\"size-full wp-image-7063\" src=\"https:\/\/renatodias.online\/movimento\/wp-content\/uploads\/2021\/06\/Bandeira-do-PSTU-27-anos.jpg\" alt=\"\" width=\"720\" height=\"720\" srcset=\"https:\/\/renatodias.online\/movimento\/wp-content\/uploads\/2021\/06\/Bandeira-do-PSTU-27-anos.jpg 720w, https:\/\/renatodias.online\/movimento\/wp-content\/uploads\/2021\/06\/Bandeira-do-PSTU-27-anos-300x300.jpg 300w, https:\/\/renatodias.online\/movimento\/wp-content\/uploads\/2021\/06\/Bandeira-do-PSTU-27-anos-150x150.jpg 150w\" sizes=\"auto, (max-width: 720px) 100vw, 720px\" \/><figcaption id=\"caption-attachment-7063\" class=\"wp-caption-text\"><strong>Bandeira do PSTU 27 anos<\/strong><\/figcaption><\/figure>\n<p>O PSTU foi fundado no ano de 1994. Uma dissid\u00eancia \u00e0 esquerda do Partido dos Trabalhadores, criado em 10 de fevereiro de 1980, no Col\u00e9gio Sion, S\u00e3o Paulo. O seu presidente nacional \u00e9 o ex &#8211; metal\u00fargico <strong>Jos\u00e9 Maria de Almeida<\/strong>. A legenda de extrema-esquerda no espectro pol\u00edtico \u00e9 adepta das ideias de <strong>Liev Davidovich Bronstein<\/strong>. O codinome de <strong>Leon Trotski<\/strong>. A sigla \u00e9 vinculada \u00e0 <strong>Liga Internacional dos Trabalhadores [LIT].<\/strong> Da <strong>IV Internacional<\/strong>. Central mundial da revolu\u00e7\u00e3o<\/p>\n<figure id=\"attachment_4010\" aria-describedby=\"caption-attachment-4010\" style=\"width: 615px\" class=\"wp-caption aligncenter\"><img loading=\"lazy\" decoding=\"async\" class=\"size-full wp-image-4010\" src=\"https:\/\/renatodias.online\/movimento\/wp-content\/uploads\/2020\/06\/Jos\u00e9-Maria-de-Almeida-1-PSTU.jpg\" alt=\"\" width=\"615\" height=\"300\" \/><figcaption id=\"caption-attachment-4010\" class=\"wp-caption-text\"><strong>Jos\u00e9 Maria de Almeida<\/strong><\/figcaption><\/figure>\n<p><strong>Alternativa socialista<\/strong><\/p>\n<p>Uma alternativa socialista para os trabalhadores.\u00a0 \u00c9 o que prop\u00f5e o PSTU. A sua palavra de ordem, hoje, em junho de 2021, \u00e9 \u2018<strong>Fora, Jair Messias Bolsonaro e Hamilton Mour\u00e3o Filho<\/strong><strong>\u2019<\/strong>. \u00c9 indispens\u00e1vel para o Brasil a derrubada do atual Governo Federal, diz o dirigente socialista. Para preservar vidas, aponta o <strong>Jornal Opini\u00e3o Socialista<\/strong>. Com vacina para todos, o fim do desem\u00adpre\u00adgo e da fome. Uma Revolu\u00e7\u00e3o Socialista. Para acabar com a barb\u00e1rie, registra o <em>band leader<\/em>.<\/p>\n<figure id=\"attachment_6290\" aria-describedby=\"caption-attachment-6290\" style=\"width: 696px\" class=\"wp-caption aligncenter\"><img loading=\"lazy\" decoding=\"async\" class=\"size-full wp-image-6290\" src=\"https:\/\/renatodias.online\/movimento\/wp-content\/uploads\/2021\/04\/Jair-Bolsonaro-_-3.jpeg\" alt=\"\" width=\"696\" height=\"370\" \/><figcaption id=\"caption-attachment-6290\" class=\"wp-caption-text\"><strong>Jair Bolsonaro<\/strong><\/figcaption><\/figure>\n","protected":false},"excerpt":{"rendered":"<p>PSTU faz 27 anos e Rubens Donizetti realiza ato Revolu\u00e7\u00e3o socialista Fundada em 1994, sigla quer fim da barb\u00e1rie de Bolsonaro e Mour\u00e3o &nbsp; Renato Dias Advogado trabalhista de linhagem marxista. Rubens Donizetti comemorou os 27 anos do Parti\u00addo Socialista dos Trabalhadores Unificado, o PSTU, \u00a0em um ato contra o presidente da Rep\u00fablica, Jair Messias<\/p>\n","protected":false},"author":2,"featured_media":7064,"comment_status":"open","ping_status":"open","sticky":false,"template":"","format":"standard","meta":{"_acf_changed":false,"_monsterinsights_skip_tracking":false,"_monsterinsights_sitenote_active":false,"_monsterinsights_sitenote_note":"","_monsterinsights_sitenote_category":0,"footnotes":""},"categories":[1],"tags":[],"class_list":["post-7061","post","type-post","status-publish","format-standard","has-post-thumbnail","hentry","category-cinema"],"acf":[],"yoast_head":"<!-- This site is optimized with the Yoast SEO plugin v27.4 - https:\/\/yoast.com\/product\/yoast-seo-wordpress\/ -->\n<title>PSTU faz 27 anos e Rubens Donizetti realiza ato -<\/title>\n<meta name=\"robots\" content=\"index, follow, max-snippet:-1, max-image-preview:large, max-video-preview:-1\" \/>\n<link rel=\"canonical\" href=\"https:\/\/renatodias.online\/movimento\/2021\/06\/09\/pstu-faz-27-anos-e-rubens-donizetti-realiza-ato\/\" \/>\n<meta property=\"og:locale\" content=\"pt_BR\" \/>\n<meta property=\"og:type\" content=\"article\" \/>\n<meta property=\"og:title\" content=\"PSTU faz 27 anos e Rubens Donizetti realiza ato -\" \/>\n<meta property=\"og:description\" content=\"PSTU faz 27 anos e Rubens Donizetti realiza ato Revolu\u00e7\u00e3o socialista Fundada em 1994, sigla quer fim da barb\u00e1rie de Bolsonaro e Mour\u00e3o &nbsp; Renato Dias Advogado trabalhista de linhagem marxista. Rubens Donizetti comemorou os 27 anos do Parti\u00addo Socialista dos Trabalhadores Unificado, o PSTU, \u00a0em um ato contra o presidente da Rep\u00fablica, Jair Messias\" \/>\n<meta property=\"og:url\" content=\"https:\/\/renatodias.online\/movimento\/2021\/06\/09\/pstu-faz-27-anos-e-rubens-donizetti-realiza-ato\/\" \/>\n<meta property=\"article:publisher\" content=\"https:\/\/www.facebook.com\/renato.dias.37\" \/>\n<meta property=\"article:author\" content=\"https:\/\/www.facebook.com\/renato.dias.37\" \/>\n<meta property=\"article:published_time\" content=\"2021-06-10T00:36:21+00:00\" \/>\n<meta property=\"og:image\" content=\"https:\/\/renatodias.online\/movimento\/wp-content\/uploads\/2021\/06\/PSTU-Link.jpg\" \/>\n\t<meta property=\"og:image:width\" content=\"810\" \/>\n\t<meta property=\"og:image:height\" content=\"1080\" \/>\n\t<meta property=\"og:image:type\" content=\"image\/jpeg\" \/>\n<meta name=\"author\" content=\"Renato Dias\" \/>\n<meta name=\"twitter:card\" content=\"summary_large_image\" \/>\n<meta name=\"twitter:creator\" content=\"@RenatoDiasBat\" \/>\n<meta name=\"twitter:site\" content=\"@RenatoDiasBat\" \/>\n<meta name=\"twitter:label1\" content=\"Escrito por\" \/>\n\t<meta name=\"twitter:data1\" content=\"Renato Dias\" \/>\n\t<meta name=\"twitter:label2\" content=\"Est. tempo de leitura\" \/>\n\t<meta name=\"twitter:data2\" content=\"2 minutos\" \/>\n<script type=\"application\/ld+json\" class=\"yoast-schema-graph\">{\"@context\":\"https:\\\/\\\/schema.org\",\"@graph\":[{\"@type\":\"Article\",\"@id\":\"https:\\\/\\\/renatodias.online\\\/movimento\\\/2021\\\/06\\\/09\\\/pstu-faz-27-anos-e-rubens-donizetti-realiza-ato\\\/#article\",\"isPartOf\":{\"@id\":\"https:\\\/\\\/renatodias.online\\\/movimento\\\/2021\\\/06\\\/09\\\/pstu-faz-27-anos-e-rubens-donizetti-realiza-ato\\\/\"},\"author\":{\"name\":\"Renato Dias\",\"@id\":\"https:\\\/\\\/renatodias.online\\\/movimento\\\/#\\\/schema\\\/person\\\/bbab28833b1725a20f4083f49f1fb2a9\"},\"headline\":\"PSTU faz 27 anos e Rubens Donizetti realiza ato\",\"datePublished\":\"2021-06-10T00:36:21+00:00\",\"mainEntityOfPage\":{\"@id\":\"https:\\\/\\\/renatodias.online\\\/movimento\\\/2021\\\/06\\\/09\\\/pstu-faz-27-anos-e-rubens-donizetti-realiza-ato\\\/\"},\"wordCount\":429,\"commentCount\":0,\"publisher\":{\"@id\":\"https:\\\/\\\/renatodias.online\\\/movimento\\\/#\\\/schema\\\/person\\\/bbab28833b1725a20f4083f49f1fb2a9\"},\"image\":{\"@id\":\"https:\\\/\\\/renatodias.online\\\/movimento\\\/2021\\\/06\\\/09\\\/pstu-faz-27-anos-e-rubens-donizetti-realiza-ato\\\/#primaryimage\"},\"thumbnailUrl\":\"https:\\\/\\\/renatodias.online\\\/movimento\\\/wp-content\\\/uploads\\\/2021\\\/06\\\/PSTU-Link.jpg\",\"articleSection\":[\"Cinema\"],\"inLanguage\":\"pt-BR\",\"potentialAction\":[{\"@type\":\"CommentAction\",\"name\":\"Comment\",\"target\":[\"https:\\\/\\\/renatodias.online\\\/movimento\\\/2021\\\/06\\\/09\\\/pstu-faz-27-anos-e-rubens-donizetti-realiza-ato\\\/#respond\"]}]},{\"@type\":\"WebPage\",\"@id\":\"https:\\\/\\\/renatodias.online\\\/movimento\\\/2021\\\/06\\\/09\\\/pstu-faz-27-anos-e-rubens-donizetti-realiza-ato\\\/\",\"url\":\"https:\\\/\\\/renatodias.online\\\/movimento\\\/2021\\\/06\\\/09\\\/pstu-faz-27-anos-e-rubens-donizetti-realiza-ato\\\/\",\"name\":\"PSTU faz 27 anos e Rubens Donizetti realiza ato -\",\"isPartOf\":{\"@id\":\"https:\\\/\\\/renatodias.online\\\/movimento\\\/#website\"},\"primaryImageOfPage\":{\"@id\":\"https:\\\/\\\/renatodias.online\\\/movimento\\\/2021\\\/06\\\/09\\\/pstu-faz-27-anos-e-rubens-donizetti-realiza-ato\\\/#primaryimage\"},\"image\":{\"@id\":\"https:\\\/\\\/renatodias.online\\\/movimento\\\/2021\\\/06\\\/09\\\/pstu-faz-27-anos-e-rubens-donizetti-realiza-ato\\\/#primaryimage\"},\"thumbnailUrl\":\"https:\\\/\\\/renatodias.online\\\/movimento\\\/wp-content\\\/uploads\\\/2021\\\/06\\\/PSTU-Link.jpg\",\"datePublished\":\"2021-06-10T00:36:21+00:00\",\"breadcrumb\":{\"@id\":\"https:\\\/\\\/renatodias.online\\\/movimento\\\/2021\\\/06\\\/09\\\/pstu-faz-27-anos-e-rubens-donizetti-realiza-ato\\\/#breadcrumb\"},\"inLanguage\":\"pt-BR\",\"potentialAction\":[{\"@type\":\"ReadAction\",\"target\":[\"https:\\\/\\\/renatodias.online\\\/movimento\\\/2021\\\/06\\\/09\\\/pstu-faz-27-anos-e-rubens-donizetti-realiza-ato\\\/\"]}]},{\"@type\":\"ImageObject\",\"inLanguage\":\"pt-BR\",\"@id\":\"https:\\\/\\\/renatodias.online\\\/movimento\\\/2021\\\/06\\\/09\\\/pstu-faz-27-anos-e-rubens-donizetti-realiza-ato\\\/#primaryimage\",\"url\":\"https:\\\/\\\/renatodias.online\\\/movimento\\\/wp-content\\\/uploads\\\/2021\\\/06\\\/PSTU-Link.jpg\",\"contentUrl\":\"https:\\\/\\\/renatodias.online\\\/movimento\\\/wp-content\\\/uploads\\\/2021\\\/06\\\/PSTU-Link.jpg\",\"width\":810,\"height\":1080,\"caption\":\"Rubens Donizetti\"},{\"@type\":\"BreadcrumbList\",\"@id\":\"https:\\\/\\\/renatodias.online\\\/movimento\\\/2021\\\/06\\\/09\\\/pstu-faz-27-anos-e-rubens-donizetti-realiza-ato\\\/#breadcrumb\",\"itemListElement\":[{\"@type\":\"ListItem\",\"position\":1,\"name\":\"In\u00edcio\",\"item\":\"https:\\\/\\\/renatodias.online\\\/movimento\\\/\"},{\"@type\":\"ListItem\",\"position\":2,\"name\":\"PSTU faz 27 anos e Rubens Donizetti realiza ato\"}]},{\"@type\":\"WebSite\",\"@id\":\"https:\\\/\\\/renatodias.online\\\/movimento\\\/#website\",\"url\":\"https:\\\/\\\/renatodias.online\\\/movimento\\\/\",\"name\":\"\",\"description\":\"\",\"publisher\":{\"@id\":\"https:\\\/\\\/renatodias.online\\\/movimento\\\/#\\\/schema\\\/person\\\/bbab28833b1725a20f4083f49f1fb2a9\"},\"potentialAction\":[{\"@type\":\"SearchAction\",\"target\":{\"@type\":\"EntryPoint\",\"urlTemplate\":\"https:\\\/\\\/renatodias.online\\\/movimento\\\/?s={search_term_string}\"},\"query-input\":{\"@type\":\"PropertyValueSpecification\",\"valueRequired\":true,\"valueName\":\"search_term_string\"}}],\"inLanguage\":\"pt-BR\"},{\"@type\":[\"Person\",\"Organization\"],\"@id\":\"https:\\\/\\\/renatodias.online\\\/movimento\\\/#\\\/schema\\\/person\\\/bbab28833b1725a20f4083f49f1fb2a9\",\"name\":\"Renato Dias\",\"image\":{\"@type\":\"ImageObject\",\"inLanguage\":\"pt-BR\",\"@id\":\"https:\\\/\\\/renatodias.online\\\/movimento\\\/wp-content\\\/uploads\\\/2023\\\/03\\\/cropped-cropped-cropped-logofinal.jpeg\",\"url\":\"https:\\\/\\\/renatodias.online\\\/movimento\\\/wp-content\\\/uploads\\\/2023\\\/03\\\/cropped-cropped-cropped-logofinal.jpeg\",\"contentUrl\":\"https:\\\/\\\/renatodias.online\\\/movimento\\\/wp-content\\\/uploads\\\/2023\\\/03\\\/cropped-cropped-cropped-logofinal.jpeg\",\"width\":1280,\"height\":219,\"caption\":\"Renato Dias\"},\"logo\":{\"@id\":\"https:\\\/\\\/renatodias.online\\\/movimento\\\/wp-content\\\/uploads\\\/2023\\\/03\\\/cropped-cropped-cropped-logofinal.jpeg\"},\"description\":\"Renato Dias, 58 anos, \u00e9 graduado em Jornalismo, formado em Ci\u00eancias Sociais, com p\u00f3s-gradua\u00e7\u00e3o em Pol\u00edticas P\u00fablicas, mestre em Direito e Rela\u00e7\u00f5es Internacionais, ex-aluno extraordin\u00e1rio do Doutorado em Psicologia Social, ex-estudante do Curso de Psican\u00e1lise do Centro de Estudos Psicanal\u00edticos do Estado de Goi\u00e1s, ministrado pelo m\u00e9dico psiquiatra e psicanalista Daniel Em\u00eddio de Souza. \u00c9 autor de 30 livros-reportagem, oito document\u00e1rios, ganhou 30 pr\u00eamios e \u00e9 torcedor apaixonado do maior do Centro-Oeste, o Vila Nova Futebol Clube. Casado com Meirilane Dias, \u00e9 pai de Juliana Dias, jornalista; Daniel Dias, economista; e Maria Rosa Dias, estudante antifascista, socialista e trotskista.\u00a0Com tr\u00eas pets: Porquinho [Bull Dog Franc\u00eas], Dalila [Basset Hound] e Geleia [Basset Hound]. Al\u00e9m do eterno gato Tutuquinho, que virou estrela.\",\"sameAs\":[\"https:\\\/\\\/www.facebook.com\\\/renato.dias.37\",\"#breve\",\"https:\\\/\\\/renatodias.tumblr.com\\\/\"],\"url\":\"https:\\\/\\\/renatodias.online\\\/movimento\\\/author\\\/renatodias\\\/\"}]}<\/script>\n<!-- \/ Yoast SEO plugin. -->","yoast_head_json":{"title":"PSTU faz 27 anos e Rubens Donizetti realiza ato -","robots":{"index":"index","follow":"follow","max-snippet":"max-snippet:-1","max-image-preview":"max-image-preview:large","max-video-preview":"max-video-preview:-1"},"canonical":"https:\/\/renatodias.online\/movimento\/2021\/06\/09\/pstu-faz-27-anos-e-rubens-donizetti-realiza-ato\/","og_locale":"pt_BR","og_type":"article","og_title":"PSTU faz 27 anos e Rubens Donizetti realiza ato -","og_description":"PSTU faz 27 anos e Rubens Donizetti realiza ato Revolu\u00e7\u00e3o socialista Fundada em 1994, sigla quer fim da barb\u00e1rie de Bolsonaro e Mour\u00e3o &nbsp; Renato Dias Advogado trabalhista de linhagem marxista. Rubens Donizetti comemorou os 27 anos do Parti\u00addo Socialista dos Trabalhadores Unificado, o PSTU, \u00a0em um ato contra o presidente da Rep\u00fablica, Jair Messias","og_url":"https:\/\/renatodias.online\/movimento\/2021\/06\/09\/pstu-faz-27-anos-e-rubens-donizetti-realiza-ato\/","article_publisher":"https:\/\/www.facebook.com\/renato.dias.37","article_author":"https:\/\/www.facebook.com\/renato.dias.37","article_published_time":"2021-06-10T00:36:21+00:00","og_image":[{"width":810,"height":1080,"url":"https:\/\/renatodias.online\/movimento\/wp-content\/uploads\/2021\/06\/PSTU-Link.jpg","type":"image\/jpeg"}],"author":"Renato Dias","twitter_card":"summary_large_image","twitter_creator":"@RenatoDiasBat","twitter_site":"@RenatoDiasBat","twitter_misc":{"Escrito por":"Renato Dias","Est. tempo de leitura":"2 minutos"},"schema":{"@context":"https:\/\/schema.org","@graph":[{"@type":"Article","@id":"https:\/\/renatodias.online\/movimento\/2021\/06\/09\/pstu-faz-27-anos-e-rubens-donizetti-realiza-ato\/#article","isPartOf":{"@id":"https:\/\/renatodias.online\/movimento\/2021\/06\/09\/pstu-faz-27-anos-e-rubens-donizetti-realiza-ato\/"},"author":{"name":"Renato Dias","@id":"https:\/\/renatodias.online\/movimento\/#\/schema\/person\/bbab28833b1725a20f4083f49f1fb2a9"},"headline":"PSTU faz 27 anos e Rubens Donizetti realiza ato","datePublished":"2021-06-10T00:36:21+00:00","mainEntityOfPage":{"@id":"https:\/\/renatodias.online\/movimento\/2021\/06\/09\/pstu-faz-27-anos-e-rubens-donizetti-realiza-ato\/"},"wordCount":429,"commentCount":0,"publisher":{"@id":"https:\/\/renatodias.online\/movimento\/#\/schema\/person\/bbab28833b1725a20f4083f49f1fb2a9"},"image":{"@id":"https:\/\/renatodias.online\/movimento\/2021\/06\/09\/pstu-faz-27-anos-e-rubens-donizetti-realiza-ato\/#primaryimage"},"thumbnailUrl":"https:\/\/renatodias.online\/movimento\/wp-content\/uploads\/2021\/06\/PSTU-Link.jpg","articleSection":["Cinema"],"inLanguage":"pt-BR","potentialAction":[{"@type":"CommentAction","name":"Comment","target":["https:\/\/renatodias.online\/movimento\/2021\/06\/09\/pstu-faz-27-anos-e-rubens-donizetti-realiza-ato\/#respond"]}]},{"@type":"WebPage","@id":"https:\/\/renatodias.online\/movimento\/2021\/06\/09\/pstu-faz-27-anos-e-rubens-donizetti-realiza-ato\/","url":"https:\/\/renatodias.online\/movimento\/2021\/06\/09\/pstu-faz-27-anos-e-rubens-donizetti-realiza-ato\/","name":"PSTU faz 27 anos e Rubens Donizetti realiza ato -","isPartOf":{"@id":"https:\/\/renatodias.online\/movimento\/#website"},"primaryImageOfPage":{"@id":"https:\/\/renatodias.online\/movimento\/2021\/06\/09\/pstu-faz-27-anos-e-rubens-donizetti-realiza-ato\/#primaryimage"},"image":{"@id":"https:\/\/renatodias.online\/movimento\/2021\/06\/09\/pstu-faz-27-anos-e-rubens-donizetti-realiza-ato\/#primaryimage"},"thumbnailUrl":"https:\/\/renatodias.online\/movimento\/wp-content\/uploads\/2021\/06\/PSTU-Link.jpg","datePublished":"2021-06-10T00:36:21+00:00","breadcrumb":{"@id":"https:\/\/renatodias.online\/movimento\/2021\/06\/09\/pstu-faz-27-anos-e-rubens-donizetti-realiza-ato\/#breadcrumb"},"inLanguage":"pt-BR","potentialAction":[{"@type":"ReadAction","target":["https:\/\/renatodias.online\/movimento\/2021\/06\/09\/pstu-faz-27-anos-e-rubens-donizetti-realiza-ato\/"]}]},{"@type":"ImageObject","inLanguage":"pt-BR","@id":"https:\/\/renatodias.online\/movimento\/2021\/06\/09\/pstu-faz-27-anos-e-rubens-donizetti-realiza-ato\/#primaryimage","url":"https:\/\/renatodias.online\/movimento\/wp-content\/uploads\/2021\/06\/PSTU-Link.jpg","contentUrl":"https:\/\/renatodias.online\/movimento\/wp-content\/uploads\/2021\/06\/PSTU-Link.jpg","width":810,"height":1080,"caption":"Rubens Donizetti"},{"@type":"BreadcrumbList","@id":"https:\/\/renatodias.online\/movimento\/2021\/06\/09\/pstu-faz-27-anos-e-rubens-donizetti-realiza-ato\/#breadcrumb","itemListElement":[{"@type":"ListItem","position":1,"name":"In\u00edcio","item":"https:\/\/renatodias.online\/movimento\/"},{"@type":"ListItem","position":2,"name":"PSTU faz 27 anos e Rubens Donizetti realiza ato"}]},{"@type":"WebSite","@id":"https:\/\/renatodias.online\/movimento\/#website","url":"https:\/\/renatodias.online\/movimento\/","name":"","description":"","publisher":{"@id":"https:\/\/renatodias.online\/movimento\/#\/schema\/person\/bbab28833b1725a20f4083f49f1fb2a9"},"potentialAction":[{"@type":"SearchAction","target":{"@type":"EntryPoint","urlTemplate":"https:\/\/renatodias.online\/movimento\/?s={search_term_string}"},"query-input":{"@type":"PropertyValueSpecification","valueRequired":true,"valueName":"search_term_string"}}],"inLanguage":"pt-BR"},{"@type":["Person","Organization"],"@id":"https:\/\/renatodias.online\/movimento\/#\/schema\/person\/bbab28833b1725a20f4083f49f1fb2a9","name":"Renato Dias","image":{"@type":"ImageObject","inLanguage":"pt-BR","@id":"https:\/\/renatodias.online\/movimento\/wp-content\/uploads\/2023\/03\/cropped-cropped-cropped-logofinal.jpeg","url":"https:\/\/renatodias.online\/movimento\/wp-content\/uploads\/2023\/03\/cropped-cropped-cropped-logofinal.jpeg","contentUrl":"https:\/\/renatodias.online\/movimento\/wp-content\/uploads\/2023\/03\/cropped-cropped-cropped-logofinal.jpeg","width":1280,"height":219,"caption":"Renato Dias"},"logo":{"@id":"https:\/\/renatodias.online\/movimento\/wp-content\/uploads\/2023\/03\/cropped-cropped-cropped-logofinal.jpeg"},"description":"Renato Dias, 58 anos, \u00e9 graduado em Jornalismo, formado em Ci\u00eancias Sociais, com p\u00f3s-gradua\u00e7\u00e3o em Pol\u00edticas P\u00fablicas, mestre em Direito e Rela\u00e7\u00f5es Internacionais, ex-aluno extraordin\u00e1rio do Doutorado em Psicologia Social, ex-estudante do Curso de Psican\u00e1lise do Centro de Estudos Psicanal\u00edticos do Estado de Goi\u00e1s, ministrado pelo m\u00e9dico psiquiatra e psicanalista Daniel Em\u00eddio de Souza. \u00c9 autor de 30 livros-reportagem, oito document\u00e1rios, ganhou 30 pr\u00eamios e \u00e9 torcedor apaixonado do maior do Centro-Oeste, o Vila Nova Futebol Clube. Casado com Meirilane Dias, \u00e9 pai de Juliana Dias, jornalista; Daniel Dias, economista; e Maria Rosa Dias, estudante antifascista, socialista e trotskista.\u00a0Com tr\u00eas pets: Porquinho [Bull Dog Franc\u00eas], Dalila [Basset Hound] e Geleia [Basset Hound]. Al\u00e9m do eterno gato Tutuquinho, que virou estrela.","sameAs":["https:\/\/www.facebook.com\/renato.dias.37","#breve","https:\/\/renatodias.tumblr.com\/"],"url":"https:\/\/renatodias.online\/movimento\/author\/renatodias\/"}]}},"_links":{"self":[{"href":"https:\/\/renatodias.online\/movimento\/wp-json\/wp\/v2\/posts\/7061","targetHints":{"allow":["GET"]}}],"collection":[{"href":"https:\/\/renatodias.online\/movimento\/wp-json\/wp\/v2\/posts"}],"about":[{"href":"https:\/\/renatodias.online\/movimento\/wp-json\/wp\/v2\/types\/post"}],"author":[{"embeddable":true,"href":"https:\/\/renatodias.online\/movimento\/wp-json\/wp\/v2\/users\/2"}],"replies":[{"embeddable":true,"href":"https:\/\/renatodias.online\/movimento\/wp-json\/wp\/v2\/comments?post=7061"}],"version-history":[{"count":1,"href":"https:\/\/renatodias.online\/movimento\/wp-json\/wp\/v2\/posts\/7061\/revisions"}],"predecessor-version":[{"id":7065,"href":"https:\/\/renatodias.online\/movimento\/wp-json\/wp\/v2\/posts\/7061\/revisions\/7065"}],"wp:featuredmedia":[{"embeddable":true,"href":"https:\/\/renatodias.online\/movimento\/wp-json\/wp\/v2\/media\/7064"}],"wp:attachment":[{"href":"https:\/\/renatodias.online\/movimento\/wp-json\/wp\/v2\/media?parent=7061"}],"wp:term":[{"taxonomy":"category","embeddable":true,"href":"https:\/\/renatodias.online\/movimento\/wp-json\/wp\/v2\/categories?post=7061"},{"taxonomy":"post_tag","embeddable":true,"href":"https:\/\/renatodias.online\/movimento\/wp-json\/wp\/v2\/tags?post=7061"}],"curies":[{"name":"wp","href":"https:\/\/api.w.org\/{rel}","templated":true}]}}