{"id":6980,"date":"2021-06-05T16:19:30","date_gmt":"2021-06-05T19:19:30","guid":{"rendered":"https:\/\/renatodias.online\/movimento\/?p=6980"},"modified":"2021-06-05T16:20:54","modified_gmt":"2021-06-05T19:20:54","slug":"tres-taticas-dividem-a-esquerda-brasileira","status":"publish","type":"post","link":"https:\/\/renatodias.online\/movimento\/2021\/06\/05\/tres-taticas-dividem-a-esquerda-brasileira\/","title":{"rendered":"Tr\u00eas t\u00e1ticas dividem a esquerda brasileira"},"content":{"rendered":"<figure id=\"attachment_3514\" aria-describedby=\"caption-attachment-3514\" style=\"width: 1200px\" class=\"wp-caption alignnone\"><img loading=\"lazy\" decoding=\"async\" class=\"size-full wp-image-3514\" src=\"https:\/\/renatodias.online\/movimento\/wp-content\/uploads\/2020\/05\/Leon-Trotski-Galeria-de-imagens-1.jpg\" alt=\"\" width=\"1200\" height=\"675\" \/><figcaption id=\"caption-attachment-3514\" class=\"wp-caption-text\"><strong>Leon Trotsky<\/strong><\/figcaption><\/figure>\n<h1 style=\"text-align: center;\"><strong><span style=\"color: #ff0000;\">Tr\u00eas t\u00e1ticas dividem a esquerda brasileira<\/span> <\/strong><\/h1>\n<p><strong><a href=\"https:\/\/revistaforum.com.br\/author\/valerioarcary\/\"><span style=\"color: #000000;\">Valerio Arcary<\/span><\/a> <\/strong><\/p>\n<p><span style=\"color: #808000;\"><strong>\u00c9 verdade que nenhum setor da burguesia se deslocou para a defesa do impeachment. Jair Bolsonaro \u00e9 um neofascista e o bolsonarismo n\u00e3o pode ser neutralizado somente com elei\u00e7\u00f5es <\/strong><\/span><\/p>\n<p><span style=\"color: #0000ff;\"><strong>Devagar \u00e9 que n\u00e3o se vai longe<\/strong><\/span><\/p>\n<p><span style=\"color: #0000ff;\"><strong>Chico Buarque<\/strong><\/span><\/p>\n<p>As Frentes Brasil Popular e Povo sem Medo consolidaram nesta quarta-feira dia 2 de junho uma convoca\u00e7\u00e3o unit\u00e1ria para um novo dia nacional de manifesta\u00e7\u00f5es pelo Fora Bolsonaro. Temos um programa comum e um calend\u00e1rio para ser defendido. Ocupar as ruas no dia 19 de junho. A hora \u00e9 de ousadia, aud\u00e1cia e firmeza. Ousar lutar, ousar vencer. Abriu-se uma oportunidade de construir um movimento de massas, e seria um erro desperdi\u00e7\u00e1-la. \u00a0Mesmo considerando com m\u00e1xima gravidade a situa\u00e7\u00e3o da pandemia \u00e9 indispens\u00e1vel enfrentar o desafio. Porque mudou a conjuntura, e ficou demonstrado que \u00e9 poss\u00edvel ir al\u00e9m de atos simb\u00f3licos, e at\u00e9 al\u00e9m de atos da vanguarda ampliada. Estamos diante de uma inflex\u00e3o na situa\u00e7\u00e3o pol\u00edtica. Mas esta inflex\u00e3o precisa ser aproveitada, plenamente, para sair da defensiva dos \u00faltimos cinco anos.<\/p>\n<figure id=\"attachment_5833\" aria-describedby=\"caption-attachment-5833\" style=\"width: 1000px\" class=\"wp-caption alignnone\"><img loading=\"lazy\" decoding=\"async\" class=\"size-full wp-image-5833\" src=\"https:\/\/renatodias.online\/movimento\/wp-content\/uploads\/2021\/04\/presidentejairbolsonaro3.jpg\" alt=\"Jair Bolsonaro\" width=\"1000\" height=\"666\" srcset=\"https:\/\/renatodias.online\/movimento\/wp-content\/uploads\/2021\/04\/presidentejairbolsonaro3.jpg 1000w, https:\/\/renatodias.online\/movimento\/wp-content\/uploads\/2021\/04\/presidentejairbolsonaro3-300x200.jpg 300w, https:\/\/renatodias.online\/movimento\/wp-content\/uploads\/2021\/04\/presidentejairbolsonaro3-768x511.jpg 768w, https:\/\/renatodias.online\/movimento\/wp-content\/uploads\/2021\/04\/presidentejairbolsonaro3-360x240.jpg 360w, https:\/\/renatodias.online\/movimento\/wp-content\/uploads\/2021\/04\/presidentejairbolsonaro3-750x500.jpg 750w\" sizes=\"auto, (max-width: 1000px) 100vw, 1000px\" \/><figcaption id=\"caption-attachment-5833\" class=\"wp-caption-text\"><strong>Jair Bolsonaro<\/strong><\/figcaption><\/figure>\n<p>Felizmente se preservou a unidade na a\u00e7\u00e3o. Mas permanecem em disputa na esquerda brasileira tr\u00eas t\u00e1ticas sobre o que fazer diante do governo Bolsonaro. A primeira \u00e9 a t\u00e1tica quietista. Deixar Bolsonaro se desgastar, ter paci\u00eancia para esperar 2022, e apostar em uma Frente Ampla, ampl\u00edssima, at\u00e9 com setores das representa\u00e7\u00f5es do capital que se associaram aos golpistas e apoiaram o impeachment, para a constru\u00e7\u00e3o da candidatura Lula Ela \u00e9 defendida por setores da corrente majorit\u00e1ria do PT e pelo PCdoB. A segunda \u00e9 a t\u00e1tica da ofensiva permanente. Apostar que j\u00e1 est\u00e3o maduras as condi\u00e7\u00f5es de derrubada de Bolsonaro e afirmar, nas ruas e nas elei\u00e7\u00f5es, uma nova dire\u00e7\u00e3o, considerando que a experi\u00eancia com o PT e Lula j\u00e1 foi feita, e \u00e9 poss\u00edvel ultrapass\u00e1-lo pela esquerda. Ela \u00e9 defendida, h\u00e1 anos, com pequenas varia\u00e7\u00f5es de \u00eanfase, por um setor minorit\u00e1rio do PSol liderado pelo MES, pelo PSTU, a UP e, mais recentemente, pelo PCB. Depois da vit\u00f3ria da mobiliza\u00e7\u00e3o nacional de 29 de maio, estas correntes, \u00e0 exce\u00e7\u00e3o do PSTU, convocaram uma \u201cAssembleia Nacional\u201d virtual pelas redes sociais de uma nova Frente denominada \u201cPovo na rua\u201d, sem assumirem, publicamente, a responsabilidade de organizadores, para \u201cdecidir\u201d as pr\u00f3ximas iniciativas.<\/p>\n<figure id=\"attachment_5403\" aria-describedby=\"caption-attachment-5403\" style=\"width: 440px\" class=\"wp-caption aligncenter\"><img loading=\"lazy\" decoding=\"async\" class=\"size-full wp-image-5403\" src=\"https:\/\/renatodias.online\/movimento\/wp-content\/uploads\/2021\/03\/Luiz-Inacio-Lula-da-Silva.jpg\" alt=\"Luiz In\u00e1cio Lula da Silva\" width=\"440\" height=\"526\" \/><figcaption id=\"caption-attachment-5403\" class=\"wp-caption-text\"><strong>Luiz In\u00e1cio Lula da Silva<\/strong><\/figcaption><\/figure>\n<p>A terceira \u00e9 defendida pela maioria do PSOL, pela esquerda do PT e do PCdoB, e pela Consulta Popular. Defende a necessidade da Frente \u00danica de Esquerda para enfrentar o perigo do governo de extrema-direita, porque estamos h\u00e1 anos em uma situa\u00e7\u00e3o defensiva. Aposta que a sa\u00edda passa pela luta por um governo de esquerda com um programa de reformas estruturais e medidas anticapitalistas. Reconhece que Lula ainda \u00e9 a lideran\u00e7a de maior audi\u00eancia entre o povo. Acredita na constru\u00e7\u00e3o da mobiliza\u00e7\u00e3o de massas a partir dos movimentos sociais populares. Confia que a unidade dos movimentos sindical, de juventude, feministas, negro, LGBTI, camponeses, ambiental, ind\u00edgena e de direitos humanos, articulados a partir das organiza\u00e7\u00f5es mais representativas, como as Centrais sindicais, o MST, o MTST, a UNE, as associa\u00e7\u00f5es de mulheres, a APIB, a Coaliz\u00e3o Negra por direitos, a ABJD e tantas outras devem assumir o protagonismo da luta pelo Fora Bolsonaro, apoiadas pelos partidos de esquerda. Quem tem raz\u00e3o? As for\u00e7as que defendem a t\u00e1tica quietista \u2013 desgastar Bolsonaro e esperar as elei\u00e7\u00f5es de 2022 \u2013 t\u00eam tr\u00eas argumentos principais. O primeiro \u00e9 que n\u00e3o \u00e9 respons\u00e1vel impulsionar mobiliza\u00e7\u00f5es de massas, enquanto a pandemia se mantiver no atual patamar de cataclismo. Ficaram, depois de dia 29 de maio, com mais dificuldades para sustentar esta posi\u00e7\u00e3o. Porque o 29M foi muito poderoso. Ficou demonstrado que era e \u00e9 poss\u00edvel.<\/p>\n<p>O segundo \u00e9 que, admitindo que fosse poss\u00edvel derrubar Bolsonaro seria construir uma escada para a direita liberal se posicionar em melhores condi\u00e7\u00f5es para as elei\u00e7\u00f5es. Seria melhor esperar as urnas em 2022 do que apostar nas ruas em 2021. Este argumento \u00e9 muito perigoso. Considera que Bolsonaro seria, hipoteticamente, um inimigo mais f\u00e1cil de derrotar que uma candidatura de centro-direita. Subestima Bolsonaro e a extrema-direita como em 2018, e superestima o PSDB, que est\u00e1 muito dividido. Bolsonaro pode se recuperar, se ficar no poder. Tem o apoio da massa da burguesia e ra\u00edzes nas camadas m\u00e9dias. A tend\u00eancia \u00e9 que a devasta\u00e7\u00e3o da pandemia diminua com a vacina\u00e7\u00e3o at\u00e9 o fim de 2021. A atividade econ\u00f4mica j\u00e1 sinaliza aquecimento, mesmo com retra\u00e7\u00e3o nos servi\u00e7os, no consumo e desemprego alto, e pode se instalar uma sensa\u00e7\u00e3o de al\u00edvio com a recupera\u00e7\u00e3o. E o governo tem planos para reformatar um Bolsa-Fam\u00edlia com maior abrang\u00eancia e valor mais alto para 2022.\u00a0 O terceiro \u00e9 que a esquerda precisa de alian\u00e7as com setores de \u201ccentro\u201d, o eufemismo mascarado para denominar aventureiros na direita burguesa, para vencer as elei\u00e7\u00f5es, e n\u00e3o devemos assust\u00e1-los com a for\u00e7a das ruas. Acontece que os votos do centr\u00e3o elegem carreiristas profissionais, mas n\u00e3o contam muito em elei\u00e7\u00f5es presidenciais. N\u00e3o vale tudo para vencer elei\u00e7\u00f5es. N\u00e3o vale a pena chegar ao governo, se o pre\u00e7o \u00e9 a ren\u00fancia a um programa de esquerda. N\u00e3o vale a pena chegar ao governo para aplicar um programa de direita.<\/p>\n<figure id=\"attachment_6445\" aria-describedby=\"caption-attachment-6445\" style=\"width: 1920px\" class=\"wp-caption alignnone\"><img loading=\"lazy\" decoding=\"async\" class=\"size-full wp-image-6445\" src=\"https:\/\/renatodias.online\/movimento\/wp-content\/uploads\/2021\/05\/Tucano.jpg\" alt=\"\" width=\"1920\" height=\"600\" \/><figcaption id=\"caption-attachment-6445\" class=\"wp-caption-text\"><strong>Tucano, s\u00edmbolo do PSDB<\/strong><\/figcaption><\/figure>\n<p>\u00c9 verdade que nenhum setor da burguesia se deslocou para a defesa do impeachment. Bolsonaro \u00e9 um neofascista e o bolsonarismo n\u00e3o pode ser neutralizado somente com elei\u00e7\u00f5es. Se puder concorrer, mesmo que perca ir\u00e1 contestar o resultado eleitoral, e n\u00e3o deixar\u00e1 de manter a corrente fascista nas ruas. Por outro lado, ningu\u00e9m sabe nada sobre o desenlace das conversas discretas de Lula. Mas a probabilidade de uma Frente Ampla \u00e9 remota, pelo menos no primeiro turno. Se Bolsonaro n\u00e3o cair em 2021, sem um programa de esquerda s\u00e9rio e convincente vai ser muito dif\u00edcil chegar na frente dele no segundo turno. Quem chega em primeiro lugar no segundo turno, dificilmente, perde as elei\u00e7\u00f5es. N\u00e3o \u00e9 o bastante uma declara\u00e7\u00e3o de Fernando Henrique para virar.<\/p>\n<figure id=\"attachment_5444\" aria-describedby=\"caption-attachment-5444\" style=\"width: 591px\" class=\"wp-caption aligncenter\"><img loading=\"lazy\" decoding=\"async\" class=\"size-full wp-image-5444\" src=\"https:\/\/renatodias.online\/movimento\/wp-content\/uploads\/2021\/03\/Caricatura-de-FHC-e-Lula.jpg\" alt=\"Fernando Henrique Cardoso e Luiz In\u00e1cio Lula da Silva - caricatura\" width=\"591\" height=\"392\" srcset=\"https:\/\/renatodias.online\/movimento\/wp-content\/uploads\/2021\/03\/Caricatura-de-FHC-e-Lula.jpg 591w, https:\/\/renatodias.online\/movimento\/wp-content\/uploads\/2021\/03\/Caricatura-de-FHC-e-Lula-300x199.jpg 300w, https:\/\/renatodias.online\/movimento\/wp-content\/uploads\/2021\/03\/Caricatura-de-FHC-e-Lula-360x240.jpg 360w\" sizes=\"auto, (max-width: 591px) 100vw, 591px\" \/><figcaption id=\"caption-attachment-5444\" class=\"wp-caption-text\"><strong>Fernando Henrique Cardoso e Luiz In\u00e1cio Lula da Silva &#8211; caricatura<\/strong><\/figcaption><\/figure>\n<p>As correntes que defendem a t\u00e1tica da ofensiva permanente t\u00eam, tamb\u00e9m, tr\u00eas argumentos principais. O primeiro que \u00e9 que j\u00e1 n\u00e3o estamos em uma situa\u00e7\u00e3o defensiva. H\u00e1 um gr\u00e3o de verdade, mas, tamb\u00e9m, uma precipita\u00e7\u00e3o. Mudou a rela\u00e7\u00e3o pol\u00edtica de for\u00e7as, nos \u00faltimos dois meses, e come\u00e7amos a sair da defensiva, j\u00e1 que uma nova din\u00e2mica se confirmou no 29M, mas s\u00f3 uma vit\u00f3ria clara para as amplas massas pode mudar a rela\u00e7\u00e3o social de for\u00e7as. S\u00e3o dois graus diferentes de an\u00e1lise. Uma inflex\u00e3o da conjuntura, nas \u00faltimas oito semanas, n\u00e3o deve ser confundida com uma revers\u00e3o da situa\u00e7\u00e3o que viemos sofrendo h\u00e1 cinco anos. O segundo \u00e9 que a experi\u00eancia com o lulismo j\u00e1 foi feita, depois de treze anos no governo. H\u00e1 aqui, tamb\u00e9m, um gr\u00e3o de verdade. Uma parcela muito importante da vanguarda, e at\u00e9 um setor avan\u00e7ado das massas t\u00eam uma vis\u00e3o cr\u00edtica do PT, como ficou claro no 29M com o sil\u00eancio monumental antes da interven\u00e7\u00e3o de Boulos. Mas, no fundamental, a experi\u00eancia com o PT e o lulismo foi interrompida. Olham com respeito aqueles que estamos na esquerda do lulismo, mas n\u00e3o romperam. Nas grandes f\u00e1bricas, na imensa maioria das grandes empresas e, mesmo nos movimentos populares a esperan\u00e7a em Lula \u00e9 esmagadora.<\/p>\n<figure id=\"attachment_3513\" aria-describedby=\"caption-attachment-3513\" style=\"width: 660px\" class=\"wp-caption aligncenter\"><img loading=\"lazy\" decoding=\"async\" class=\"size-full wp-image-3513\" src=\"https:\/\/renatodias.online\/movimento\/wp-content\/uploads\/2020\/05\/Guilherme-Boulos-Galeria-de-Imagens-3.jpg\" alt=\"\" width=\"660\" height=\"440\" srcset=\"https:\/\/renatodias.online\/movimento\/wp-content\/uploads\/2020\/05\/Guilherme-Boulos-Galeria-de-Imagens-3.jpg 660w, https:\/\/renatodias.online\/movimento\/wp-content\/uploads\/2020\/05\/Guilherme-Boulos-Galeria-de-Imagens-3-300x200.jpg 300w, https:\/\/renatodias.online\/movimento\/wp-content\/uploads\/2020\/05\/Guilherme-Boulos-Galeria-de-Imagens-3-360x240.jpg 360w\" sizes=\"auto, (max-width: 660px) 100vw, 660px\" \/><figcaption id=\"caption-attachment-3513\" class=\"wp-caption-text\"><strong>Guilherme Boulos<\/strong><\/figcaption><\/figure>\n<p>O terceiro \u00e9 que \u00e9 poss\u00edvel ultrapassar o PT nas ruas e conquistar influ\u00eancia de massas, at\u00e9 no terreno eleitoral, com a apresenta\u00e7\u00e3o de uma candidatura de esquerda radical. Esta premissa \u00e9 errada, e pode amea\u00e7ar a Frente \u00danica de Esquerda com iniciativas que reproduzam os piores momentos de fragmenta\u00e7\u00e3o, confus\u00e3o e caos que vimos na sequ\u00eancia de junho de 2013. Felizmente, as organiza\u00e7\u00f5es que convocaram a Assembleia Nacional decidiram somar for\u00e7as para a convoca\u00e7\u00e3o do dia 19 de junho. T\u00eam, claro, todo o direito de se organizar de forma independente. Mas v\u00e1rias destas organiza\u00e7\u00f5es participam, h\u00e1 v\u00e1rios anos, da Frente Povo sem Medo. Ningu\u00e9m sabe se romperam ou n\u00e3o. Ningu\u00e9m sabe por que consideram necess\u00e1ria a iniciativa de uma nova Frente. Mais grave, na Assembleia n\u00e3o permitiram sequer a palavra da CSP\/Conlutas e do PSTU, que sempre se mantiveram fora das duas principais Frentes. Tr\u00eas t\u00e1ticas, dois perigos.<\/p>\n<p><strong>Valerio Arcary<\/strong><\/p>\n<p>&nbsp;<\/p>\n<p><strong>\u00c9 professor titular do IFSP. Doutor em hist\u00f3ria pela USP, estudou na Universidade de Paris e Lisboa entre 1974\/78, participou da revolu\u00e7\u00e3o portuguesa, voltou ao Brasil e se uniu \u00e0 Converg\u00eancia Socialista, esteve presente na reconstru\u00e7\u00e3o da UNE em Salvador em 1979, na funda\u00e7\u00e3o do PT em 1980 e da CUT em 1983, sendo secret\u00e1rio-geral da CUT\/S\u00e3o Paulo entre 1985\/86. Atuou na Apeoesp entre 1983\/90, foi membro da Executiva Nacional do PT entre 1989\/92, e foi presidente nacional do PSTU entre 1993\/98 e, desde 2016 \u00e9 membro da Coordena\u00e7\u00e3o Nacional do MAIS\/PSOL. \u00c9 autor de O martelo da hist\u00f3ria.<\/strong><\/p>\n<p>&nbsp;<\/p>\n","protected":false},"excerpt":{"rendered":"<p>Tr\u00eas t\u00e1ticas dividem a esquerda brasileira Valerio Arcary \u00c9 verdade que nenhum setor da burguesia se deslocou para a defesa do impeachment. Jair Bolsonaro \u00e9 um neofascista e o bolsonarismo n\u00e3o pode ser neutralizado somente com elei\u00e7\u00f5es Devagar \u00e9 que n\u00e3o se vai longe Chico Buarque As Frentes Brasil Popular e Povo sem Medo consolidaram<\/p>\n","protected":false},"author":2,"featured_media":3517,"comment_status":"open","ping_status":"open","sticky":false,"template":"","format":"standard","meta":{"_acf_changed":false,"_monsterinsights_skip_tracking":false,"_monsterinsights_sitenote_active":false,"_monsterinsights_sitenote_note":"","_monsterinsights_sitenote_category":0,"footnotes":""},"categories":[35],"tags":[],"class_list":["post-6980","post","type-post","status-publish","format-standard","has-post-thumbnail","hentry","category-nacional"],"acf":[],"yoast_head":"<!-- This site is optimized with the Yoast SEO plugin v27.4 - https:\/\/yoast.com\/product\/yoast-seo-wordpress\/ -->\n<title>Tr\u00eas t\u00e1ticas dividem a esquerda brasileira -<\/title>\n<meta name=\"robots\" content=\"index, follow, max-snippet:-1, max-image-preview:large, max-video-preview:-1\" \/>\n<link rel=\"canonical\" href=\"https:\/\/renatodias.online\/movimento\/2021\/06\/05\/tres-taticas-dividem-a-esquerda-brasileira\/\" \/>\n<meta property=\"og:locale\" content=\"pt_BR\" \/>\n<meta property=\"og:type\" content=\"article\" \/>\n<meta property=\"og:title\" content=\"Tr\u00eas t\u00e1ticas dividem a esquerda brasileira -\" \/>\n<meta property=\"og:description\" content=\"Tr\u00eas t\u00e1ticas dividem a esquerda brasileira Valerio Arcary \u00c9 verdade que nenhum setor da burguesia se deslocou para a defesa do impeachment. Jair Bolsonaro \u00e9 um neofascista e o bolsonarismo n\u00e3o pode ser neutralizado somente com elei\u00e7\u00f5es Devagar \u00e9 que n\u00e3o se vai longe Chico Buarque As Frentes Brasil Popular e Povo sem Medo consolidaram\" \/>\n<meta property=\"og:url\" content=\"https:\/\/renatodias.online\/movimento\/2021\/06\/05\/tres-taticas-dividem-a-esquerda-brasileira\/\" \/>\n<meta property=\"article:publisher\" content=\"https:\/\/www.facebook.com\/renato.dias.37\" \/>\n<meta property=\"article:author\" content=\"https:\/\/www.facebook.com\/renato.dias.37\" \/>\n<meta property=\"article:published_time\" content=\"2021-06-05T19:19:30+00:00\" \/>\n<meta property=\"article:modified_time\" content=\"2021-06-05T19:20:54+00:00\" \/>\n<meta property=\"og:image\" content=\"https:\/\/renatodias.online\/movimento\/wp-content\/uploads\/2020\/05\/Val\u00e9rio-Arcary-Galeria-de-imagens-2-e1625197194946.png\" \/>\n\t<meta property=\"og:image:width\" content=\"300\" \/>\n\t<meta property=\"og:image:height\" content=\"191\" \/>\n\t<meta property=\"og:image:type\" content=\"image\/png\" \/>\n<meta name=\"author\" content=\"Renato Dias\" \/>\n<meta name=\"twitter:card\" content=\"summary_large_image\" \/>\n<meta name=\"twitter:creator\" content=\"@RenatoDiasBat\" \/>\n<meta name=\"twitter:site\" content=\"@RenatoDiasBat\" \/>\n<meta name=\"twitter:label1\" content=\"Escrito por\" \/>\n\t<meta name=\"twitter:data1\" content=\"Renato Dias\" \/>\n\t<meta name=\"twitter:label2\" content=\"Est. tempo de leitura\" \/>\n\t<meta name=\"twitter:data2\" content=\"8 minutos\" \/>\n<script type=\"application\/ld+json\" class=\"yoast-schema-graph\">{\"@context\":\"https:\\\/\\\/schema.org\",\"@graph\":[{\"@type\":\"Article\",\"@id\":\"https:\\\/\\\/renatodias.online\\\/movimento\\\/2021\\\/06\\\/05\\\/tres-taticas-dividem-a-esquerda-brasileira\\\/#article\",\"isPartOf\":{\"@id\":\"https:\\\/\\\/renatodias.online\\\/movimento\\\/2021\\\/06\\\/05\\\/tres-taticas-dividem-a-esquerda-brasileira\\\/\"},\"author\":{\"name\":\"Renato Dias\",\"@id\":\"https:\\\/\\\/renatodias.online\\\/movimento\\\/#\\\/schema\\\/person\\\/bbab28833b1725a20f4083f49f1fb2a9\"},\"headline\":\"Tr\u00eas t\u00e1ticas dividem a esquerda brasileira\",\"datePublished\":\"2021-06-05T19:19:30+00:00\",\"dateModified\":\"2021-06-05T19:20:54+00:00\",\"mainEntityOfPage\":{\"@id\":\"https:\\\/\\\/renatodias.online\\\/movimento\\\/2021\\\/06\\\/05\\\/tres-taticas-dividem-a-esquerda-brasileira\\\/\"},\"wordCount\":1633,\"commentCount\":0,\"publisher\":{\"@id\":\"https:\\\/\\\/renatodias.online\\\/movimento\\\/#\\\/schema\\\/person\\\/bbab28833b1725a20f4083f49f1fb2a9\"},\"image\":{\"@id\":\"https:\\\/\\\/renatodias.online\\\/movimento\\\/2021\\\/06\\\/05\\\/tres-taticas-dividem-a-esquerda-brasileira\\\/#primaryimage\"},\"thumbnailUrl\":\"https:\\\/\\\/renatodias.online\\\/movimento\\\/wp-content\\\/uploads\\\/2020\\\/05\\\/Val\u00e9rio-Arcary-Galeria-de-imagens-2-e1625197194946.png\",\"articleSection\":[\"Nacional\"],\"inLanguage\":\"pt-BR\",\"potentialAction\":[{\"@type\":\"CommentAction\",\"name\":\"Comment\",\"target\":[\"https:\\\/\\\/renatodias.online\\\/movimento\\\/2021\\\/06\\\/05\\\/tres-taticas-dividem-a-esquerda-brasileira\\\/#respond\"]}]},{\"@type\":\"WebPage\",\"@id\":\"https:\\\/\\\/renatodias.online\\\/movimento\\\/2021\\\/06\\\/05\\\/tres-taticas-dividem-a-esquerda-brasileira\\\/\",\"url\":\"https:\\\/\\\/renatodias.online\\\/movimento\\\/2021\\\/06\\\/05\\\/tres-taticas-dividem-a-esquerda-brasileira\\\/\",\"name\":\"Tr\u00eas t\u00e1ticas dividem a esquerda brasileira -\",\"isPartOf\":{\"@id\":\"https:\\\/\\\/renatodias.online\\\/movimento\\\/#website\"},\"primaryImageOfPage\":{\"@id\":\"https:\\\/\\\/renatodias.online\\\/movimento\\\/2021\\\/06\\\/05\\\/tres-taticas-dividem-a-esquerda-brasileira\\\/#primaryimage\"},\"image\":{\"@id\":\"https:\\\/\\\/renatodias.online\\\/movimento\\\/2021\\\/06\\\/05\\\/tres-taticas-dividem-a-esquerda-brasileira\\\/#primaryimage\"},\"thumbnailUrl\":\"https:\\\/\\\/renatodias.online\\\/movimento\\\/wp-content\\\/uploads\\\/2020\\\/05\\\/Val\u00e9rio-Arcary-Galeria-de-imagens-2-e1625197194946.png\",\"datePublished\":\"2021-06-05T19:19:30+00:00\",\"dateModified\":\"2021-06-05T19:20:54+00:00\",\"breadcrumb\":{\"@id\":\"https:\\\/\\\/renatodias.online\\\/movimento\\\/2021\\\/06\\\/05\\\/tres-taticas-dividem-a-esquerda-brasileira\\\/#breadcrumb\"},\"inLanguage\":\"pt-BR\",\"potentialAction\":[{\"@type\":\"ReadAction\",\"target\":[\"https:\\\/\\\/renatodias.online\\\/movimento\\\/2021\\\/06\\\/05\\\/tres-taticas-dividem-a-esquerda-brasileira\\\/\"]}]},{\"@type\":\"ImageObject\",\"inLanguage\":\"pt-BR\",\"@id\":\"https:\\\/\\\/renatodias.online\\\/movimento\\\/2021\\\/06\\\/05\\\/tres-taticas-dividem-a-esquerda-brasileira\\\/#primaryimage\",\"url\":\"https:\\\/\\\/renatodias.online\\\/movimento\\\/wp-content\\\/uploads\\\/2020\\\/05\\\/Val\u00e9rio-Arcary-Galeria-de-imagens-2-e1625197194946.png\",\"contentUrl\":\"https:\\\/\\\/renatodias.online\\\/movimento\\\/wp-content\\\/uploads\\\/2020\\\/05\\\/Val\u00e9rio-Arcary-Galeria-de-imagens-2-e1625197194946.png\",\"width\":300,\"height\":191,\"caption\":\"Val\u00e9rio Arcary, doutor em Hist\u00f3ria, l\u00edder do Mais\\\/Psol\"},{\"@type\":\"BreadcrumbList\",\"@id\":\"https:\\\/\\\/renatodias.online\\\/movimento\\\/2021\\\/06\\\/05\\\/tres-taticas-dividem-a-esquerda-brasileira\\\/#breadcrumb\",\"itemListElement\":[{\"@type\":\"ListItem\",\"position\":1,\"name\":\"In\u00edcio\",\"item\":\"https:\\\/\\\/renatodias.online\\\/movimento\\\/\"},{\"@type\":\"ListItem\",\"position\":2,\"name\":\"Tr\u00eas t\u00e1ticas dividem a esquerda brasileira\"}]},{\"@type\":\"WebSite\",\"@id\":\"https:\\\/\\\/renatodias.online\\\/movimento\\\/#website\",\"url\":\"https:\\\/\\\/renatodias.online\\\/movimento\\\/\",\"name\":\"\",\"description\":\"\",\"publisher\":{\"@id\":\"https:\\\/\\\/renatodias.online\\\/movimento\\\/#\\\/schema\\\/person\\\/bbab28833b1725a20f4083f49f1fb2a9\"},\"potentialAction\":[{\"@type\":\"SearchAction\",\"target\":{\"@type\":\"EntryPoint\",\"urlTemplate\":\"https:\\\/\\\/renatodias.online\\\/movimento\\\/?s={search_term_string}\"},\"query-input\":{\"@type\":\"PropertyValueSpecification\",\"valueRequired\":true,\"valueName\":\"search_term_string\"}}],\"inLanguage\":\"pt-BR\"},{\"@type\":[\"Person\",\"Organization\"],\"@id\":\"https:\\\/\\\/renatodias.online\\\/movimento\\\/#\\\/schema\\\/person\\\/bbab28833b1725a20f4083f49f1fb2a9\",\"name\":\"Renato Dias\",\"image\":{\"@type\":\"ImageObject\",\"inLanguage\":\"pt-BR\",\"@id\":\"https:\\\/\\\/renatodias.online\\\/movimento\\\/wp-content\\\/uploads\\\/2023\\\/03\\\/cropped-cropped-cropped-logofinal.jpeg\",\"url\":\"https:\\\/\\\/renatodias.online\\\/movimento\\\/wp-content\\\/uploads\\\/2023\\\/03\\\/cropped-cropped-cropped-logofinal.jpeg\",\"contentUrl\":\"https:\\\/\\\/renatodias.online\\\/movimento\\\/wp-content\\\/uploads\\\/2023\\\/03\\\/cropped-cropped-cropped-logofinal.jpeg\",\"width\":1280,\"height\":219,\"caption\":\"Renato Dias\"},\"logo\":{\"@id\":\"https:\\\/\\\/renatodias.online\\\/movimento\\\/wp-content\\\/uploads\\\/2023\\\/03\\\/cropped-cropped-cropped-logofinal.jpeg\"},\"description\":\"Renato Dias, 58 anos, \u00e9 graduado em Jornalismo, formado em Ci\u00eancias Sociais, com p\u00f3s-gradua\u00e7\u00e3o em Pol\u00edticas P\u00fablicas, mestre em Direito e Rela\u00e7\u00f5es Internacionais, ex-aluno extraordin\u00e1rio do Doutorado em Psicologia Social, ex-estudante do Curso de Psican\u00e1lise do Centro de Estudos Psicanal\u00edticos do Estado de Goi\u00e1s, ministrado pelo m\u00e9dico psiquiatra e psicanalista Daniel Em\u00eddio de Souza. \u00c9 autor de 30 livros-reportagem, oito document\u00e1rios, ganhou 30 pr\u00eamios e \u00e9 torcedor apaixonado do maior do Centro-Oeste, o Vila Nova Futebol Clube. Casado com Meirilane Dias, \u00e9 pai de Juliana Dias, jornalista; Daniel Dias, economista; e Maria Rosa Dias, estudante antifascista, socialista e trotskista.\u00a0Com tr\u00eas pets: Porquinho [Bull Dog Franc\u00eas], Dalila [Basset Hound] e Geleia [Basset Hound]. Al\u00e9m do eterno gato Tutuquinho, que virou estrela.\",\"sameAs\":[\"https:\\\/\\\/www.facebook.com\\\/renato.dias.37\",\"#breve\",\"https:\\\/\\\/renatodias.tumblr.com\\\/\"],\"url\":\"https:\\\/\\\/renatodias.online\\\/movimento\\\/author\\\/renatodias\\\/\"}]}<\/script>\n<!-- \/ Yoast SEO plugin. -->","yoast_head_json":{"title":"Tr\u00eas t\u00e1ticas dividem a esquerda brasileira -","robots":{"index":"index","follow":"follow","max-snippet":"max-snippet:-1","max-image-preview":"max-image-preview:large","max-video-preview":"max-video-preview:-1"},"canonical":"https:\/\/renatodias.online\/movimento\/2021\/06\/05\/tres-taticas-dividem-a-esquerda-brasileira\/","og_locale":"pt_BR","og_type":"article","og_title":"Tr\u00eas t\u00e1ticas dividem a esquerda brasileira -","og_description":"Tr\u00eas t\u00e1ticas dividem a esquerda brasileira Valerio Arcary \u00c9 verdade que nenhum setor da burguesia se deslocou para a defesa do impeachment. Jair Bolsonaro \u00e9 um neofascista e o bolsonarismo n\u00e3o pode ser neutralizado somente com elei\u00e7\u00f5es Devagar \u00e9 que n\u00e3o se vai longe Chico Buarque As Frentes Brasil Popular e Povo sem Medo consolidaram","og_url":"https:\/\/renatodias.online\/movimento\/2021\/06\/05\/tres-taticas-dividem-a-esquerda-brasileira\/","article_publisher":"https:\/\/www.facebook.com\/renato.dias.37","article_author":"https:\/\/www.facebook.com\/renato.dias.37","article_published_time":"2021-06-05T19:19:30+00:00","article_modified_time":"2021-06-05T19:20:54+00:00","og_image":[{"width":300,"height":191,"url":"https:\/\/renatodias.online\/movimento\/wp-content\/uploads\/2020\/05\/Val\u00e9rio-Arcary-Galeria-de-imagens-2-e1625197194946.png","type":"image\/png"}],"author":"Renato Dias","twitter_card":"summary_large_image","twitter_creator":"@RenatoDiasBat","twitter_site":"@RenatoDiasBat","twitter_misc":{"Escrito por":"Renato Dias","Est. tempo de leitura":"8 minutos"},"schema":{"@context":"https:\/\/schema.org","@graph":[{"@type":"Article","@id":"https:\/\/renatodias.online\/movimento\/2021\/06\/05\/tres-taticas-dividem-a-esquerda-brasileira\/#article","isPartOf":{"@id":"https:\/\/renatodias.online\/movimento\/2021\/06\/05\/tres-taticas-dividem-a-esquerda-brasileira\/"},"author":{"name":"Renato Dias","@id":"https:\/\/renatodias.online\/movimento\/#\/schema\/person\/bbab28833b1725a20f4083f49f1fb2a9"},"headline":"Tr\u00eas t\u00e1ticas dividem a esquerda brasileira","datePublished":"2021-06-05T19:19:30+00:00","dateModified":"2021-06-05T19:20:54+00:00","mainEntityOfPage":{"@id":"https:\/\/renatodias.online\/movimento\/2021\/06\/05\/tres-taticas-dividem-a-esquerda-brasileira\/"},"wordCount":1633,"commentCount":0,"publisher":{"@id":"https:\/\/renatodias.online\/movimento\/#\/schema\/person\/bbab28833b1725a20f4083f49f1fb2a9"},"image":{"@id":"https:\/\/renatodias.online\/movimento\/2021\/06\/05\/tres-taticas-dividem-a-esquerda-brasileira\/#primaryimage"},"thumbnailUrl":"https:\/\/renatodias.online\/movimento\/wp-content\/uploads\/2020\/05\/Val\u00e9rio-Arcary-Galeria-de-imagens-2-e1625197194946.png","articleSection":["Nacional"],"inLanguage":"pt-BR","potentialAction":[{"@type":"CommentAction","name":"Comment","target":["https:\/\/renatodias.online\/movimento\/2021\/06\/05\/tres-taticas-dividem-a-esquerda-brasileira\/#respond"]}]},{"@type":"WebPage","@id":"https:\/\/renatodias.online\/movimento\/2021\/06\/05\/tres-taticas-dividem-a-esquerda-brasileira\/","url":"https:\/\/renatodias.online\/movimento\/2021\/06\/05\/tres-taticas-dividem-a-esquerda-brasileira\/","name":"Tr\u00eas t\u00e1ticas dividem a esquerda brasileira -","isPartOf":{"@id":"https:\/\/renatodias.online\/movimento\/#website"},"primaryImageOfPage":{"@id":"https:\/\/renatodias.online\/movimento\/2021\/06\/05\/tres-taticas-dividem-a-esquerda-brasileira\/#primaryimage"},"image":{"@id":"https:\/\/renatodias.online\/movimento\/2021\/06\/05\/tres-taticas-dividem-a-esquerda-brasileira\/#primaryimage"},"thumbnailUrl":"https:\/\/renatodias.online\/movimento\/wp-content\/uploads\/2020\/05\/Val\u00e9rio-Arcary-Galeria-de-imagens-2-e1625197194946.png","datePublished":"2021-06-05T19:19:30+00:00","dateModified":"2021-06-05T19:20:54+00:00","breadcrumb":{"@id":"https:\/\/renatodias.online\/movimento\/2021\/06\/05\/tres-taticas-dividem-a-esquerda-brasileira\/#breadcrumb"},"inLanguage":"pt-BR","potentialAction":[{"@type":"ReadAction","target":["https:\/\/renatodias.online\/movimento\/2021\/06\/05\/tres-taticas-dividem-a-esquerda-brasileira\/"]}]},{"@type":"ImageObject","inLanguage":"pt-BR","@id":"https:\/\/renatodias.online\/movimento\/2021\/06\/05\/tres-taticas-dividem-a-esquerda-brasileira\/#primaryimage","url":"https:\/\/renatodias.online\/movimento\/wp-content\/uploads\/2020\/05\/Val\u00e9rio-Arcary-Galeria-de-imagens-2-e1625197194946.png","contentUrl":"https:\/\/renatodias.online\/movimento\/wp-content\/uploads\/2020\/05\/Val\u00e9rio-Arcary-Galeria-de-imagens-2-e1625197194946.png","width":300,"height":191,"caption":"Val\u00e9rio Arcary, doutor em Hist\u00f3ria, l\u00edder do Mais\/Psol"},{"@type":"BreadcrumbList","@id":"https:\/\/renatodias.online\/movimento\/2021\/06\/05\/tres-taticas-dividem-a-esquerda-brasileira\/#breadcrumb","itemListElement":[{"@type":"ListItem","position":1,"name":"In\u00edcio","item":"https:\/\/renatodias.online\/movimento\/"},{"@type":"ListItem","position":2,"name":"Tr\u00eas t\u00e1ticas dividem a esquerda brasileira"}]},{"@type":"WebSite","@id":"https:\/\/renatodias.online\/movimento\/#website","url":"https:\/\/renatodias.online\/movimento\/","name":"","description":"","publisher":{"@id":"https:\/\/renatodias.online\/movimento\/#\/schema\/person\/bbab28833b1725a20f4083f49f1fb2a9"},"potentialAction":[{"@type":"SearchAction","target":{"@type":"EntryPoint","urlTemplate":"https:\/\/renatodias.online\/movimento\/?s={search_term_string}"},"query-input":{"@type":"PropertyValueSpecification","valueRequired":true,"valueName":"search_term_string"}}],"inLanguage":"pt-BR"},{"@type":["Person","Organization"],"@id":"https:\/\/renatodias.online\/movimento\/#\/schema\/person\/bbab28833b1725a20f4083f49f1fb2a9","name":"Renato Dias","image":{"@type":"ImageObject","inLanguage":"pt-BR","@id":"https:\/\/renatodias.online\/movimento\/wp-content\/uploads\/2023\/03\/cropped-cropped-cropped-logofinal.jpeg","url":"https:\/\/renatodias.online\/movimento\/wp-content\/uploads\/2023\/03\/cropped-cropped-cropped-logofinal.jpeg","contentUrl":"https:\/\/renatodias.online\/movimento\/wp-content\/uploads\/2023\/03\/cropped-cropped-cropped-logofinal.jpeg","width":1280,"height":219,"caption":"Renato Dias"},"logo":{"@id":"https:\/\/renatodias.online\/movimento\/wp-content\/uploads\/2023\/03\/cropped-cropped-cropped-logofinal.jpeg"},"description":"Renato Dias, 58 anos, \u00e9 graduado em Jornalismo, formado em Ci\u00eancias Sociais, com p\u00f3s-gradua\u00e7\u00e3o em Pol\u00edticas P\u00fablicas, mestre em Direito e Rela\u00e7\u00f5es Internacionais, ex-aluno extraordin\u00e1rio do Doutorado em Psicologia Social, ex-estudante do Curso de Psican\u00e1lise do Centro de Estudos Psicanal\u00edticos do Estado de Goi\u00e1s, ministrado pelo m\u00e9dico psiquiatra e psicanalista Daniel Em\u00eddio de Souza. \u00c9 autor de 30 livros-reportagem, oito document\u00e1rios, ganhou 30 pr\u00eamios e \u00e9 torcedor apaixonado do maior do Centro-Oeste, o Vila Nova Futebol Clube. Casado com Meirilane Dias, \u00e9 pai de Juliana Dias, jornalista; Daniel Dias, economista; e Maria Rosa Dias, estudante antifascista, socialista e trotskista.\u00a0Com tr\u00eas pets: Porquinho [Bull Dog Franc\u00eas], Dalila [Basset Hound] e Geleia [Basset Hound]. Al\u00e9m do eterno gato Tutuquinho, que virou estrela.","sameAs":["https:\/\/www.facebook.com\/renato.dias.37","#breve","https:\/\/renatodias.tumblr.com\/"],"url":"https:\/\/renatodias.online\/movimento\/author\/renatodias\/"}]}},"_links":{"self":[{"href":"https:\/\/renatodias.online\/movimento\/wp-json\/wp\/v2\/posts\/6980","targetHints":{"allow":["GET"]}}],"collection":[{"href":"https:\/\/renatodias.online\/movimento\/wp-json\/wp\/v2\/posts"}],"about":[{"href":"https:\/\/renatodias.online\/movimento\/wp-json\/wp\/v2\/types\/post"}],"author":[{"embeddable":true,"href":"https:\/\/renatodias.online\/movimento\/wp-json\/wp\/v2\/users\/2"}],"replies":[{"embeddable":true,"href":"https:\/\/renatodias.online\/movimento\/wp-json\/wp\/v2\/comments?post=6980"}],"version-history":[{"count":1,"href":"https:\/\/renatodias.online\/movimento\/wp-json\/wp\/v2\/posts\/6980\/revisions"}],"predecessor-version":[{"id":6981,"href":"https:\/\/renatodias.online\/movimento\/wp-json\/wp\/v2\/posts\/6980\/revisions\/6981"}],"wp:featuredmedia":[{"embeddable":true,"href":"https:\/\/renatodias.online\/movimento\/wp-json\/wp\/v2\/media\/3517"}],"wp:attachment":[{"href":"https:\/\/renatodias.online\/movimento\/wp-json\/wp\/v2\/media?parent=6980"}],"wp:term":[{"taxonomy":"category","embeddable":true,"href":"https:\/\/renatodias.online\/movimento\/wp-json\/wp\/v2\/categories?post=6980"},{"taxonomy":"post_tag","embeddable":true,"href":"https:\/\/renatodias.online\/movimento\/wp-json\/wp\/v2\/tags?post=6980"}],"curies":[{"name":"wp","href":"https:\/\/api.w.org\/{rel}","templated":true}]}}