{"id":6974,"date":"2021-06-05T16:03:09","date_gmt":"2021-06-05T19:03:09","guid":{"rendered":"https:\/\/renatodias.online\/movimento\/?p=6974"},"modified":"2021-06-05T16:05:58","modified_gmt":"2021-06-05T19:05:58","slug":"adriana-reis-e-opcao-para-o-ifg","status":"publish","type":"post","link":"https:\/\/renatodias.online\/movimento\/2021\/06\/05\/adriana-reis-e-opcao-para-o-ifg\/","title":{"rendered":"Adriana Reis \u00e9 op\u00e7\u00e3o para o IFG"},"content":{"rendered":"<div class=\"adn ads\" data-message-id=\"#msg-a:r-2675832057665776587\" data-legacy-message-id=\"179d97bb3a9dd5fa\">\n<div class=\"gs\">\n<div class=\"\">\n<div id=\":18o\" class=\"ii gt\">\n<div id=\":18n\" class=\"a3s aiL \">\n<div dir=\"auto\">\n<div dir=\"auto\"><img loading=\"lazy\" decoding=\"async\" class=\"alignnone size-full wp-image-4871\" src=\"https:\/\/renatodias.online\/movimento\/wp-content\/uploads\/2020\/11\/Alto-da-p\u00e1gina-Banner-Exclusivo.png\" alt=\"\" width=\"1224\" height=\"372\" \/><\/div>\n<h1 dir=\"auto\" style=\"text-align: center;\"><span style=\"color: #ff0000;\">Adriana Reis \u00e9 op\u00e7\u00e3o para o IFG<\/span><\/h1>\n<div dir=\"auto\"><img loading=\"lazy\" decoding=\"async\" class=\"size-full wp-image-6975 aligncenter\" src=\"https:\/\/renatodias.online\/movimento\/wp-content\/uploads\/2021\/06\/Cartaz-de-Adriana-Reis.jpg\" alt=\"\" width=\"720\" height=\"720\" srcset=\"https:\/\/renatodias.online\/movimento\/wp-content\/uploads\/2021\/06\/Cartaz-de-Adriana-Reis.jpg 720w, https:\/\/renatodias.online\/movimento\/wp-content\/uploads\/2021\/06\/Cartaz-de-Adriana-Reis-300x300.jpg 300w, https:\/\/renatodias.online\/movimento\/wp-content\/uploads\/2021\/06\/Cartaz-de-Adriana-Reis-150x150.jpg 150w\" sizes=\"auto, (max-width: 720px) 100vw, 720px\" \/><\/div>\n<div dir=\"auto\"><\/div>\n<div dir=\"auto\"><img loading=\"lazy\" decoding=\"async\" class=\"size-full wp-image-5929 aligncenter\" src=\"https:\/\/renatodias.online\/movimento\/wp-content\/uploads\/2021\/04\/Especial.jpg\" alt=\"\" width=\"200\" height=\"200\" srcset=\"https:\/\/renatodias.online\/movimento\/wp-content\/uploads\/2021\/04\/Especial.jpg 200w, https:\/\/renatodias.online\/movimento\/wp-content\/uploads\/2021\/04\/Especial-150x150.jpg 150w\" sizes=\"auto, (max-width: 200px) 100vw, 200px\" \/><\/div>\n<div dir=\"auto\"><\/div>\n<h4 dir=\"auto\" style=\"text-align: center;\"><span style=\"color: #ff00ff;\">Candidata a diretora quer inclus\u00e3o, forma\u00e7\u00e3o ilustrada e emancipat\u00f3ria, uma gest\u00e3o democr\u00e1tica, transparente e com total planejamento, informa a odont\u00f3loga e sindicalista Sulane Dias<\/span><\/h4>\n<div dir=\"auto\"><\/div>\n<blockquote>\n<div dir=\"auto\"><strong>Um curr\u00edculo<\/strong><\/div>\n<div dir=\"auto\"><strong>Integrado.<\/strong><\/div>\n<div dir=\"auto\"><strong>Com a<\/strong><\/div>\n<div dir=\"auto\"><strong>viol\u00eancia<\/strong><\/div>\n<div dir=\"auto\"><strong>contra as<\/strong><\/div>\n<div dir=\"auto\"><strong>mulheres,<\/strong><\/div>\n<div dir=\"auto\"><strong>os negros,<\/strong><\/div>\n<div dir=\"auto\"><strong>quilombolas<\/strong><\/div>\n<\/blockquote>\n<div dir=\"auto\"><span style=\"color: #008000;\"><strong>Adriana Reis<\/strong><\/span><\/div>\n<blockquote>\n<div dir=\"auto\"><strong>A busca e<\/strong><\/div>\n<div dir=\"auto\"><strong>a defesa da<\/strong><\/div>\n<div dir=\"auto\"><strong>valoriza\u00e7\u00e3o<\/strong><\/div>\n<div dir=\"auto\"><strong>do IFG<\/strong><\/div>\n<\/blockquote>\n<div dir=\"auto\"><span style=\"color: #008000;\"><strong>Adriana Reis<\/strong><\/span><\/div>\n<div dir=\"auto\"><\/div>\n<div dir=\"auto\"><strong>Renato Dias<\/strong><\/div>\n<div dir=\"auto\">Liberdade, inventividade, responsabilidade na produ\u00e7\u00e3o do ensino, da pesquisa e de projetos de extens\u00e3o. \u00c9 o que prop\u00f5e Adriana Reis. A voz feminina em defesa da diversidade. No Instituto Federal de Goi\u00e1s. O IFG. Campus de Goi\u00e2nia. Em disputa para a dire\u00e7\u00e3o-geral da Institui\u00e7\u00e3o de Ensino Superior. Uma nova IES.<\/div>\n<div dir=\"auto\"><\/div>\n<div dir=\"auto\"><\/div>\n<div dir=\"auto\">Com uma plataforma republicana, n\u00e3o patrimonialista, inclusiva, de forma\u00e7\u00e3o acad\u00eamica ilustrada, emancipatoria e uma gest\u00e3o democr\u00e1tica e transparente. Para formar cidad\u00e3os e cidad\u00e3s. Sem discrimina\u00e7\u00f5es. De classe social, ra\u00e7a, etnia, g\u00eanero, a LGBTQIA+, xenofobia, pol\u00edtica e ideol\u00f3gica.<\/div>\n<div dir=\"auto\"><\/div>\n<div dir=\"auto\"><\/div>\n<div dir=\"auto\"><strong>Liberdade e compromisso<\/strong><\/div>\n<div dir=\"auto\"><\/div>\n<div dir=\"auto\">Liberdade e compromisso, explica. Com os cursos, professores, estudantes, servidores, pontua. O\u00a0 desenvolvimento cient\u00edfico e tecnol\u00f3gico, diz. A interpreta\u00e7\u00e3o da realidade econ\u00f4mica social ambiental e cultural. Adriana Reis, com a sua hist\u00f3ria de amor com o IFG, se identifica com a modernidade.<\/div>\n<div dir=\"auto\"><\/div>\n<div dir=\"auto\"><strong>_ Somos diversidade.<\/strong><\/div>\n<\/div>\n<div class=\"adL\">\n<div id=\":19o\" class=\"ii gt\">\n<div id=\":19n\" class=\"a3s aiL \">\n<div dir=\"auto\">\n<div dir=\"auto\"><\/div>\n<div dir=\"auto\"><a rel=\"noopener\" href=\"https:\/\/www.youtube.com\/watch?v=rpp7ZKwgYjU\" target=\"_blank\" data-saferedirecturl=\"https:\/\/www.google.com\/url?q=https:\/\/www.youtube.com\/watch?v%3Drpp7ZKwgYjU&amp;source=gmail&amp;ust=1623005582536000&amp;usg=AFQjCNFaf5AVxN8E4viqrf2QfY_ugCkG-g\">https:\/\/www.youtube.com\/watch?<wbr \/>v=rpp7ZKwgYjU<\/a><\/div>\n<\/div>\n<\/div>\n<\/div>\n<div id=\":17v\" class=\"hq gt a10\">\n<div id=\":17x\" class=\"aQH\">\n<p><span class=\"aZo\"><a class=\"aQy aZR e aZr\" rel=\"noopener\" tabindex=\"0\" href=\"https:\/\/www.youtube.com\/watch?v=rpp7ZKwgYjU&amp;authuser=0\" target=\"_blank\" data-tooltip-align=\"t,c\" data-tooltip-class=\"a1V\" data-tooltip=\"Adriana e IFG: uma hist\u00f3ria de amor\"><span id=\":195\" class=\"a3I\">Visualizar o v\u00eddeo Adriana e IFG: uma hist\u00f3ria de amor do YouTube<\/span><\/a><\/span><\/p>\n<div aria-hidden=\"true\">\n<div class=\"aSH\">\n<p><img decoding=\"async\" id=\":192\" class=\"aQG aYB\" src=\"https:\/\/i.ytimg.com\/vi\/rpp7ZKwgYjU\/mqdefault.jpg\" alt=\"\" \/><\/p>\n<div id=\":194\" class=\"aYy\">\n<div class=\"aYA\"><\/div>\n<div class=\"aYz\">\n<div class=\"a12\">\n<div class=\"aQA\"><\/div>\n<\/div>\n<\/div>\n<\/div>\n<\/div>\n<\/div>\n<\/div>\n<\/div>\n<div aria-hidden=\"true\">\n<div class=\"aSH\">\n<div id=\":194\" class=\"aYy\">\n<div class=\"aYz\">\n<div class=\"a12\"><\/div>\n<\/div>\n<\/div>\n<\/div>\n<div class=\"aSI\">\n<div id=\":193\" class=\"aSJ\"><\/div>\n<\/div>\n<\/div>\n<div class=\"aZK\"><\/div>\n<\/div>\n<\/div>\n<\/div>\n<div class=\"hi\"><\/div>\n<\/div>\n<\/div>\n<div class=\"ajx\"><\/div>\n<\/div>\n<div class=\"gA gt acV\">\n<div class=\"gB xu\">\n<div class=\"ip iq\">\n<div id=\":18p\">\n<table class=\"cf wS\" role=\"presentation\">\n<tbody>\n<tr>\n<td class=\"amq\"><img decoding=\"async\" id=\":176_0\" class=\"ajn bofPge\" src=\"https:\/\/ssl.gstatic.com\/ui\/v1\/icons\/mail\/no_photo.png\" alt=\"\" data-hovercard-id=\"renatodias67@gmail.com\" \/><\/td>\n<td class=\"amr\">\n<div class=\"nr wR\">\n<div class=\"amn\"><\/div>\n<\/div>\n<\/td>\n<\/tr>\n<\/tbody>\n<\/table>\n<\/div>\n<\/div>\n<\/div>\n<\/div>\n<div class=\"nH bkK nn\">\n<div class=\"nH\">\n<div class=\"nH\">\n<div class=\"nH ar4 z\">\n<div class=\"aeI\">\n<div class=\"AO\">\n<div id=\":3\" class=\"Tm aeJ\">\n<div id=\":1\" class=\"aeF\">\n<div class=\"nH\">\n<div class=\"nH\" role=\"main\">\n<div class=\"nH g id\">\n<table class=\"Bs nH iY bAt\" role=\"presentation\" cellpadding=\"0\">\n<tbody>\n<tr>\n<td class=\"Bu bAn\">\n<div class=\"nH if\">\n<div class=\"nH aHU\">\n<div class=\"nH hx\">\n<div class=\"nH\" role=\"list\">\n<div class=\"h7 ie nH oy8Mbf\" tabindex=\"-1\" role=\"listitem\">\n<div class=\"Bk\">\n<div class=\"G3 G2\">\n<div>\n<div id=\":18l\">\n<div class=\"gA gt acV\">\n<div class=\"gB xu\">\n<div class=\"ip iq\">\n<div id=\":18p\">\n<table class=\"cf wS\" role=\"presentation\">\n<tbody>\n<tr>\n<td class=\"amr\"><\/td>\n<\/tr>\n<\/tbody>\n<\/table>\n<\/div>\n<\/div>\n<\/div>\n<\/div>\n<\/div>\n<\/div>\n<\/div>\n<\/div>\n<\/div>\n<\/div>\n<div class=\"nH\"><\/div>\n<div class=\"nH\"><\/div>\n<\/div>\n<\/div>\n<div class=\"nH\">\n<div class=\"l2 pfiaof\" role=\"contentinfo\">\n<div id=\":18d\" class=\"aeV\">\n<div>\n<div class=\"ajd\">\n<div class=\"aiC ajq\">\n<div class=\"aiA\"><\/div>\n<\/div>\n<div class=\"aiG\">\n<div class=\"aiD aiE\"><\/div>\n<div class=\"aiz\" role=\"img\" aria-label=\"Siga o link para gerenciar o armazenamento\"><\/div>\n<\/div>\n<\/div>\n<\/div>\n<\/div>\n<div class=\"aeU\">\n<div id=\":18c\">\n<div>\n<div class=\"ma\"><\/div>\n<\/div>\n<\/div>\n<\/div>\n<div id=\":18a\" class=\"ae3\">\n<div>\n<div class=\"l6\">\n<div><\/div>\n<p>&nbsp;<\/p>\n<\/div>\n<\/div>\n<\/div>\n<div><\/div>\n<\/div>\n<\/div>\n<\/div>\n<\/td>\n<td class=\"Bu yM\">\n<div class=\"Bt\"><\/div>\n<div class=\"nH\">\n<div class=\"no\">\n<div class=\"nH nn\">\n<div><\/div>\n<\/div>\n<\/div>\n<div class=\"dJ\"><\/div>\n<\/div>\n<\/td>\n<td class=\"Bu y3\">\n<div class=\"Bt\"><\/div>\n<div class=\"nH bno adC\" role=\"complementary\">\n<div class=\"nH\"><\/div>\n<\/div>\n<div class=\"y4\"><\/div>\n<\/td>\n<\/tr>\n<\/tbody>\n<\/table>\n<\/div>\n<\/div>\n<\/div>\n<\/div>\n<\/div>\n<\/div>\n<\/div>\n<\/div>\n<\/div>\n<\/div>\n<\/div>\n<div class=\"nH nn\">\n<div class=\"no\">\n<div class=\"nH bAw nn\">\n<div class=\"brC-aT5-aOt-Jw\" role=\"complementary\" aria-label=\"Painel lateral\">\n<div class=\"brC-aT5-aOt-bsf-Jw\"><\/div>\n<\/div>\n<\/div>\n<\/div>\n<\/div>\n<div class=\"brC-aT5-aOt-Jw\" role=\"complementary\" aria-label=\"Painel lateral\"><\/div>\n<div class=\"brC-dA-I-Jw brC-dA-I-Jw-qk\"><\/div>\n<div class=\"no\">\n<div class=\"nH nn\">\n<div class=\"dJ\"><\/div>\n<\/div>\n<\/div>\n<div class=\"dJ\"><\/div>\n","protected":false},"excerpt":{"rendered":"<p>Adriana Reis \u00e9 op\u00e7\u00e3o para o IFG Candidata a diretora quer inclus\u00e3o, forma\u00e7\u00e3o ilustrada e emancipat\u00f3ria, uma gest\u00e3o democr\u00e1tica, transparente e com total planejamento, informa a odont\u00f3loga e sindicalista Sulane Dias Um curr\u00edculo Integrado. Com a viol\u00eancia contra as mulheres, os negros, quilombolas Adriana Reis A busca e a defesa da valoriza\u00e7\u00e3o do IFG Adriana<\/p>\n","protected":false},"author":2,"featured_media":6976,"comment_status":"open","ping_status":"open","sticky":false,"template":"","format":"standard","meta":{"_acf_changed":false,"_monsterinsights_skip_tracking":false,"_monsterinsights_sitenote_active":false,"_monsterinsights_sitenote_note":"","_monsterinsights_sitenote_category":0,"footnotes":""},"categories":[4],"tags":[],"class_list":["post-6974","post","type-post","status-publish","format-standard","has-post-thumbnail","hentry","category-politica"],"acf":[],"yoast_head":"<!-- This site is optimized with the Yoast SEO plugin v27.4 - https:\/\/yoast.com\/product\/yoast-seo-wordpress\/ -->\n<title>Adriana Reis \u00e9 op\u00e7\u00e3o para o IFG -<\/title>\n<meta name=\"robots\" content=\"index, follow, max-snippet:-1, max-image-preview:large, max-video-preview:-1\" \/>\n<link rel=\"canonical\" href=\"https:\/\/renatodias.online\/movimento\/2021\/06\/05\/adriana-reis-e-opcao-para-o-ifg\/\" \/>\n<meta property=\"og:locale\" content=\"pt_BR\" \/>\n<meta property=\"og:type\" content=\"article\" \/>\n<meta property=\"og:title\" content=\"Adriana Reis \u00e9 op\u00e7\u00e3o para o IFG -\" \/>\n<meta property=\"og:description\" content=\"Adriana Reis \u00e9 op\u00e7\u00e3o para o IFG Candidata a diretora quer inclus\u00e3o, forma\u00e7\u00e3o ilustrada e emancipat\u00f3ria, uma gest\u00e3o democr\u00e1tica, transparente e com total planejamento, informa a odont\u00f3loga e sindicalista Sulane Dias Um curr\u00edculo Integrado. Com a viol\u00eancia contra as mulheres, os negros, quilombolas Adriana Reis A busca e a defesa da valoriza\u00e7\u00e3o do IFG Adriana\" \/>\n<meta property=\"og:url\" content=\"https:\/\/renatodias.online\/movimento\/2021\/06\/05\/adriana-reis-e-opcao-para-o-ifg\/\" \/>\n<meta property=\"article:publisher\" content=\"https:\/\/www.facebook.com\/renato.dias.37\" \/>\n<meta property=\"article:author\" content=\"https:\/\/www.facebook.com\/renato.dias.37\" \/>\n<meta property=\"article:published_time\" content=\"2021-06-05T19:03:09+00:00\" \/>\n<meta property=\"article:modified_time\" content=\"2021-06-05T19:05:58+00:00\" \/>\n<meta property=\"og:image\" content=\"https:\/\/renatodias.online\/movimento\/wp-content\/uploads\/2021\/06\/Adriana-Reis-_-1-e1622919768136.png\" \/>\n\t<meta property=\"og:image:width\" content=\"250\" \/>\n\t<meta property=\"og:image:height\" content=\"250\" \/>\n\t<meta property=\"og:image:type\" content=\"image\/png\" \/>\n<meta name=\"author\" content=\"Renato Dias\" \/>\n<meta name=\"twitter:card\" content=\"summary_large_image\" \/>\n<meta name=\"twitter:creator\" content=\"@RenatoDiasBat\" \/>\n<meta name=\"twitter:site\" content=\"@RenatoDiasBat\" \/>\n<meta name=\"twitter:label1\" content=\"Escrito por\" \/>\n\t<meta name=\"twitter:data1\" content=\"Renato Dias\" \/>\n\t<meta name=\"twitter:label2\" content=\"Est. tempo de leitura\" \/>\n\t<meta name=\"twitter:data2\" content=\"1 minuto\" \/>\n<script type=\"application\/ld+json\" class=\"yoast-schema-graph\">{\"@context\":\"https:\\\/\\\/schema.org\",\"@graph\":[{\"@type\":\"Article\",\"@id\":\"https:\\\/\\\/renatodias.online\\\/movimento\\\/2021\\\/06\\\/05\\\/adriana-reis-e-opcao-para-o-ifg\\\/#article\",\"isPartOf\":{\"@id\":\"https:\\\/\\\/renatodias.online\\\/movimento\\\/2021\\\/06\\\/05\\\/adriana-reis-e-opcao-para-o-ifg\\\/\"},\"author\":{\"name\":\"Renato Dias\",\"@id\":\"https:\\\/\\\/renatodias.online\\\/movimento\\\/#\\\/schema\\\/person\\\/bbab28833b1725a20f4083f49f1fb2a9\"},\"headline\":\"Adriana Reis \u00e9 op\u00e7\u00e3o para o IFG\",\"datePublished\":\"2021-06-05T19:03:09+00:00\",\"dateModified\":\"2021-06-05T19:05:58+00:00\",\"mainEntityOfPage\":{\"@id\":\"https:\\\/\\\/renatodias.online\\\/movimento\\\/2021\\\/06\\\/05\\\/adriana-reis-e-opcao-para-o-ifg\\\/\"},\"wordCount\":254,\"commentCount\":0,\"publisher\":{\"@id\":\"https:\\\/\\\/renatodias.online\\\/movimento\\\/#\\\/schema\\\/person\\\/bbab28833b1725a20f4083f49f1fb2a9\"},\"image\":{\"@id\":\"https:\\\/\\\/renatodias.online\\\/movimento\\\/2021\\\/06\\\/05\\\/adriana-reis-e-opcao-para-o-ifg\\\/#primaryimage\"},\"thumbnailUrl\":\"https:\\\/\\\/renatodias.online\\\/movimento\\\/wp-content\\\/uploads\\\/2021\\\/06\\\/Adriana-Reis-_-1-e1622919768136.png\",\"articleSection\":[\"Pol\u00edtica\"],\"inLanguage\":\"pt-BR\",\"potentialAction\":[{\"@type\":\"CommentAction\",\"name\":\"Comment\",\"target\":[\"https:\\\/\\\/renatodias.online\\\/movimento\\\/2021\\\/06\\\/05\\\/adriana-reis-e-opcao-para-o-ifg\\\/#respond\"]}]},{\"@type\":\"WebPage\",\"@id\":\"https:\\\/\\\/renatodias.online\\\/movimento\\\/2021\\\/06\\\/05\\\/adriana-reis-e-opcao-para-o-ifg\\\/\",\"url\":\"https:\\\/\\\/renatodias.online\\\/movimento\\\/2021\\\/06\\\/05\\\/adriana-reis-e-opcao-para-o-ifg\\\/\",\"name\":\"Adriana Reis \u00e9 op\u00e7\u00e3o para o IFG -\",\"isPartOf\":{\"@id\":\"https:\\\/\\\/renatodias.online\\\/movimento\\\/#website\"},\"primaryImageOfPage\":{\"@id\":\"https:\\\/\\\/renatodias.online\\\/movimento\\\/2021\\\/06\\\/05\\\/adriana-reis-e-opcao-para-o-ifg\\\/#primaryimage\"},\"image\":{\"@id\":\"https:\\\/\\\/renatodias.online\\\/movimento\\\/2021\\\/06\\\/05\\\/adriana-reis-e-opcao-para-o-ifg\\\/#primaryimage\"},\"thumbnailUrl\":\"https:\\\/\\\/renatodias.online\\\/movimento\\\/wp-content\\\/uploads\\\/2021\\\/06\\\/Adriana-Reis-_-1-e1622919768136.png\",\"datePublished\":\"2021-06-05T19:03:09+00:00\",\"dateModified\":\"2021-06-05T19:05:58+00:00\",\"breadcrumb\":{\"@id\":\"https:\\\/\\\/renatodias.online\\\/movimento\\\/2021\\\/06\\\/05\\\/adriana-reis-e-opcao-para-o-ifg\\\/#breadcrumb\"},\"inLanguage\":\"pt-BR\",\"potentialAction\":[{\"@type\":\"ReadAction\",\"target\":[\"https:\\\/\\\/renatodias.online\\\/movimento\\\/2021\\\/06\\\/05\\\/adriana-reis-e-opcao-para-o-ifg\\\/\"]}]},{\"@type\":\"ImageObject\",\"inLanguage\":\"pt-BR\",\"@id\":\"https:\\\/\\\/renatodias.online\\\/movimento\\\/2021\\\/06\\\/05\\\/adriana-reis-e-opcao-para-o-ifg\\\/#primaryimage\",\"url\":\"https:\\\/\\\/renatodias.online\\\/movimento\\\/wp-content\\\/uploads\\\/2021\\\/06\\\/Adriana-Reis-_-1-e1622919768136.png\",\"contentUrl\":\"https:\\\/\\\/renatodias.online\\\/movimento\\\/wp-content\\\/uploads\\\/2021\\\/06\\\/Adriana-Reis-_-1-e1622919768136.png\",\"width\":250,\"height\":250,\"caption\":\"Adriana Reis\"},{\"@type\":\"BreadcrumbList\",\"@id\":\"https:\\\/\\\/renatodias.online\\\/movimento\\\/2021\\\/06\\\/05\\\/adriana-reis-e-opcao-para-o-ifg\\\/#breadcrumb\",\"itemListElement\":[{\"@type\":\"ListItem\",\"position\":1,\"name\":\"In\u00edcio\",\"item\":\"https:\\\/\\\/renatodias.online\\\/movimento\\\/\"},{\"@type\":\"ListItem\",\"position\":2,\"name\":\"Adriana Reis \u00e9 op\u00e7\u00e3o para o IFG\"}]},{\"@type\":\"WebSite\",\"@id\":\"https:\\\/\\\/renatodias.online\\\/movimento\\\/#website\",\"url\":\"https:\\\/\\\/renatodias.online\\\/movimento\\\/\",\"name\":\"\",\"description\":\"\",\"publisher\":{\"@id\":\"https:\\\/\\\/renatodias.online\\\/movimento\\\/#\\\/schema\\\/person\\\/bbab28833b1725a20f4083f49f1fb2a9\"},\"potentialAction\":[{\"@type\":\"SearchAction\",\"target\":{\"@type\":\"EntryPoint\",\"urlTemplate\":\"https:\\\/\\\/renatodias.online\\\/movimento\\\/?s={search_term_string}\"},\"query-input\":{\"@type\":\"PropertyValueSpecification\",\"valueRequired\":true,\"valueName\":\"search_term_string\"}}],\"inLanguage\":\"pt-BR\"},{\"@type\":[\"Person\",\"Organization\"],\"@id\":\"https:\\\/\\\/renatodias.online\\\/movimento\\\/#\\\/schema\\\/person\\\/bbab28833b1725a20f4083f49f1fb2a9\",\"name\":\"Renato Dias\",\"image\":{\"@type\":\"ImageObject\",\"inLanguage\":\"pt-BR\",\"@id\":\"https:\\\/\\\/renatodias.online\\\/movimento\\\/wp-content\\\/uploads\\\/2023\\\/03\\\/cropped-cropped-cropped-logofinal.jpeg\",\"url\":\"https:\\\/\\\/renatodias.online\\\/movimento\\\/wp-content\\\/uploads\\\/2023\\\/03\\\/cropped-cropped-cropped-logofinal.jpeg\",\"contentUrl\":\"https:\\\/\\\/renatodias.online\\\/movimento\\\/wp-content\\\/uploads\\\/2023\\\/03\\\/cropped-cropped-cropped-logofinal.jpeg\",\"width\":1280,\"height\":219,\"caption\":\"Renato Dias\"},\"logo\":{\"@id\":\"https:\\\/\\\/renatodias.online\\\/movimento\\\/wp-content\\\/uploads\\\/2023\\\/03\\\/cropped-cropped-cropped-logofinal.jpeg\"},\"description\":\"Renato Dias, 58 anos, \u00e9 graduado em Jornalismo, formado em Ci\u00eancias Sociais, com p\u00f3s-gradua\u00e7\u00e3o em Pol\u00edticas P\u00fablicas, mestre em Direito e Rela\u00e7\u00f5es Internacionais, ex-aluno extraordin\u00e1rio do Doutorado em Psicologia Social, ex-estudante do Curso de Psican\u00e1lise do Centro de Estudos Psicanal\u00edticos do Estado de Goi\u00e1s, ministrado pelo m\u00e9dico psiquiatra e psicanalista Daniel Em\u00eddio de Souza. \u00c9 autor de 30 livros-reportagem, oito document\u00e1rios, ganhou 30 pr\u00eamios e \u00e9 torcedor apaixonado do maior do Centro-Oeste, o Vila Nova Futebol Clube. Casado com Meirilane Dias, \u00e9 pai de Juliana Dias, jornalista; Daniel Dias, economista; e Maria Rosa Dias, estudante antifascista, socialista e trotskista.\u00a0Com tr\u00eas pets: Porquinho [Bull Dog Franc\u00eas], Dalila [Basset Hound] e Geleia [Basset Hound]. Al\u00e9m do eterno gato Tutuquinho, que virou estrela.\",\"sameAs\":[\"https:\\\/\\\/www.facebook.com\\\/renato.dias.37\",\"#breve\",\"https:\\\/\\\/renatodias.tumblr.com\\\/\"],\"url\":\"https:\\\/\\\/renatodias.online\\\/movimento\\\/author\\\/renatodias\\\/\"}]}<\/script>\n<!-- \/ Yoast SEO plugin. -->","yoast_head_json":{"title":"Adriana Reis \u00e9 op\u00e7\u00e3o para o IFG -","robots":{"index":"index","follow":"follow","max-snippet":"max-snippet:-1","max-image-preview":"max-image-preview:large","max-video-preview":"max-video-preview:-1"},"canonical":"https:\/\/renatodias.online\/movimento\/2021\/06\/05\/adriana-reis-e-opcao-para-o-ifg\/","og_locale":"pt_BR","og_type":"article","og_title":"Adriana Reis \u00e9 op\u00e7\u00e3o para o IFG -","og_description":"Adriana Reis \u00e9 op\u00e7\u00e3o para o IFG Candidata a diretora quer inclus\u00e3o, forma\u00e7\u00e3o ilustrada e emancipat\u00f3ria, uma gest\u00e3o democr\u00e1tica, transparente e com total planejamento, informa a odont\u00f3loga e sindicalista Sulane Dias Um curr\u00edculo Integrado. Com a viol\u00eancia contra as mulheres, os negros, quilombolas Adriana Reis A busca e a defesa da valoriza\u00e7\u00e3o do IFG Adriana","og_url":"https:\/\/renatodias.online\/movimento\/2021\/06\/05\/adriana-reis-e-opcao-para-o-ifg\/","article_publisher":"https:\/\/www.facebook.com\/renato.dias.37","article_author":"https:\/\/www.facebook.com\/renato.dias.37","article_published_time":"2021-06-05T19:03:09+00:00","article_modified_time":"2021-06-05T19:05:58+00:00","og_image":[{"width":250,"height":250,"url":"https:\/\/renatodias.online\/movimento\/wp-content\/uploads\/2021\/06\/Adriana-Reis-_-1-e1622919768136.png","type":"image\/png"}],"author":"Renato Dias","twitter_card":"summary_large_image","twitter_creator":"@RenatoDiasBat","twitter_site":"@RenatoDiasBat","twitter_misc":{"Escrito por":"Renato Dias","Est. tempo de leitura":"1 minuto"},"schema":{"@context":"https:\/\/schema.org","@graph":[{"@type":"Article","@id":"https:\/\/renatodias.online\/movimento\/2021\/06\/05\/adriana-reis-e-opcao-para-o-ifg\/#article","isPartOf":{"@id":"https:\/\/renatodias.online\/movimento\/2021\/06\/05\/adriana-reis-e-opcao-para-o-ifg\/"},"author":{"name":"Renato Dias","@id":"https:\/\/renatodias.online\/movimento\/#\/schema\/person\/bbab28833b1725a20f4083f49f1fb2a9"},"headline":"Adriana Reis \u00e9 op\u00e7\u00e3o para o IFG","datePublished":"2021-06-05T19:03:09+00:00","dateModified":"2021-06-05T19:05:58+00:00","mainEntityOfPage":{"@id":"https:\/\/renatodias.online\/movimento\/2021\/06\/05\/adriana-reis-e-opcao-para-o-ifg\/"},"wordCount":254,"commentCount":0,"publisher":{"@id":"https:\/\/renatodias.online\/movimento\/#\/schema\/person\/bbab28833b1725a20f4083f49f1fb2a9"},"image":{"@id":"https:\/\/renatodias.online\/movimento\/2021\/06\/05\/adriana-reis-e-opcao-para-o-ifg\/#primaryimage"},"thumbnailUrl":"https:\/\/renatodias.online\/movimento\/wp-content\/uploads\/2021\/06\/Adriana-Reis-_-1-e1622919768136.png","articleSection":["Pol\u00edtica"],"inLanguage":"pt-BR","potentialAction":[{"@type":"CommentAction","name":"Comment","target":["https:\/\/renatodias.online\/movimento\/2021\/06\/05\/adriana-reis-e-opcao-para-o-ifg\/#respond"]}]},{"@type":"WebPage","@id":"https:\/\/renatodias.online\/movimento\/2021\/06\/05\/adriana-reis-e-opcao-para-o-ifg\/","url":"https:\/\/renatodias.online\/movimento\/2021\/06\/05\/adriana-reis-e-opcao-para-o-ifg\/","name":"Adriana Reis \u00e9 op\u00e7\u00e3o para o IFG -","isPartOf":{"@id":"https:\/\/renatodias.online\/movimento\/#website"},"primaryImageOfPage":{"@id":"https:\/\/renatodias.online\/movimento\/2021\/06\/05\/adriana-reis-e-opcao-para-o-ifg\/#primaryimage"},"image":{"@id":"https:\/\/renatodias.online\/movimento\/2021\/06\/05\/adriana-reis-e-opcao-para-o-ifg\/#primaryimage"},"thumbnailUrl":"https:\/\/renatodias.online\/movimento\/wp-content\/uploads\/2021\/06\/Adriana-Reis-_-1-e1622919768136.png","datePublished":"2021-06-05T19:03:09+00:00","dateModified":"2021-06-05T19:05:58+00:00","breadcrumb":{"@id":"https:\/\/renatodias.online\/movimento\/2021\/06\/05\/adriana-reis-e-opcao-para-o-ifg\/#breadcrumb"},"inLanguage":"pt-BR","potentialAction":[{"@type":"ReadAction","target":["https:\/\/renatodias.online\/movimento\/2021\/06\/05\/adriana-reis-e-opcao-para-o-ifg\/"]}]},{"@type":"ImageObject","inLanguage":"pt-BR","@id":"https:\/\/renatodias.online\/movimento\/2021\/06\/05\/adriana-reis-e-opcao-para-o-ifg\/#primaryimage","url":"https:\/\/renatodias.online\/movimento\/wp-content\/uploads\/2021\/06\/Adriana-Reis-_-1-e1622919768136.png","contentUrl":"https:\/\/renatodias.online\/movimento\/wp-content\/uploads\/2021\/06\/Adriana-Reis-_-1-e1622919768136.png","width":250,"height":250,"caption":"Adriana Reis"},{"@type":"BreadcrumbList","@id":"https:\/\/renatodias.online\/movimento\/2021\/06\/05\/adriana-reis-e-opcao-para-o-ifg\/#breadcrumb","itemListElement":[{"@type":"ListItem","position":1,"name":"In\u00edcio","item":"https:\/\/renatodias.online\/movimento\/"},{"@type":"ListItem","position":2,"name":"Adriana Reis \u00e9 op\u00e7\u00e3o para o IFG"}]},{"@type":"WebSite","@id":"https:\/\/renatodias.online\/movimento\/#website","url":"https:\/\/renatodias.online\/movimento\/","name":"","description":"","publisher":{"@id":"https:\/\/renatodias.online\/movimento\/#\/schema\/person\/bbab28833b1725a20f4083f49f1fb2a9"},"potentialAction":[{"@type":"SearchAction","target":{"@type":"EntryPoint","urlTemplate":"https:\/\/renatodias.online\/movimento\/?s={search_term_string}"},"query-input":{"@type":"PropertyValueSpecification","valueRequired":true,"valueName":"search_term_string"}}],"inLanguage":"pt-BR"},{"@type":["Person","Organization"],"@id":"https:\/\/renatodias.online\/movimento\/#\/schema\/person\/bbab28833b1725a20f4083f49f1fb2a9","name":"Renato Dias","image":{"@type":"ImageObject","inLanguage":"pt-BR","@id":"https:\/\/renatodias.online\/movimento\/wp-content\/uploads\/2023\/03\/cropped-cropped-cropped-logofinal.jpeg","url":"https:\/\/renatodias.online\/movimento\/wp-content\/uploads\/2023\/03\/cropped-cropped-cropped-logofinal.jpeg","contentUrl":"https:\/\/renatodias.online\/movimento\/wp-content\/uploads\/2023\/03\/cropped-cropped-cropped-logofinal.jpeg","width":1280,"height":219,"caption":"Renato Dias"},"logo":{"@id":"https:\/\/renatodias.online\/movimento\/wp-content\/uploads\/2023\/03\/cropped-cropped-cropped-logofinal.jpeg"},"description":"Renato Dias, 58 anos, \u00e9 graduado em Jornalismo, formado em Ci\u00eancias Sociais, com p\u00f3s-gradua\u00e7\u00e3o em Pol\u00edticas P\u00fablicas, mestre em Direito e Rela\u00e7\u00f5es Internacionais, ex-aluno extraordin\u00e1rio do Doutorado em Psicologia Social, ex-estudante do Curso de Psican\u00e1lise do Centro de Estudos Psicanal\u00edticos do Estado de Goi\u00e1s, ministrado pelo m\u00e9dico psiquiatra e psicanalista Daniel Em\u00eddio de Souza. \u00c9 autor de 30 livros-reportagem, oito document\u00e1rios, ganhou 30 pr\u00eamios e \u00e9 torcedor apaixonado do maior do Centro-Oeste, o Vila Nova Futebol Clube. Casado com Meirilane Dias, \u00e9 pai de Juliana Dias, jornalista; Daniel Dias, economista; e Maria Rosa Dias, estudante antifascista, socialista e trotskista.\u00a0Com tr\u00eas pets: Porquinho [Bull Dog Franc\u00eas], Dalila [Basset Hound] e Geleia [Basset Hound]. Al\u00e9m do eterno gato Tutuquinho, que virou estrela.","sameAs":["https:\/\/www.facebook.com\/renato.dias.37","#breve","https:\/\/renatodias.tumblr.com\/"],"url":"https:\/\/renatodias.online\/movimento\/author\/renatodias\/"}]}},"_links":{"self":[{"href":"https:\/\/renatodias.online\/movimento\/wp-json\/wp\/v2\/posts\/6974","targetHints":{"allow":["GET"]}}],"collection":[{"href":"https:\/\/renatodias.online\/movimento\/wp-json\/wp\/v2\/posts"}],"about":[{"href":"https:\/\/renatodias.online\/movimento\/wp-json\/wp\/v2\/types\/post"}],"author":[{"embeddable":true,"href":"https:\/\/renatodias.online\/movimento\/wp-json\/wp\/v2\/users\/2"}],"replies":[{"embeddable":true,"href":"https:\/\/renatodias.online\/movimento\/wp-json\/wp\/v2\/comments?post=6974"}],"version-history":[{"count":3,"href":"https:\/\/renatodias.online\/movimento\/wp-json\/wp\/v2\/posts\/6974\/revisions"}],"predecessor-version":[{"id":6979,"href":"https:\/\/renatodias.online\/movimento\/wp-json\/wp\/v2\/posts\/6974\/revisions\/6979"}],"wp:featuredmedia":[{"embeddable":true,"href":"https:\/\/renatodias.online\/movimento\/wp-json\/wp\/v2\/media\/6976"}],"wp:attachment":[{"href":"https:\/\/renatodias.online\/movimento\/wp-json\/wp\/v2\/media?parent=6974"}],"wp:term":[{"taxonomy":"category","embeddable":true,"href":"https:\/\/renatodias.online\/movimento\/wp-json\/wp\/v2\/categories?post=6974"},{"taxonomy":"post_tag","embeddable":true,"href":"https:\/\/renatodias.online\/movimento\/wp-json\/wp\/v2\/tags?post=6974"}],"curies":[{"name":"wp","href":"https:\/\/api.w.org\/{rel}","templated":true}]}}