{"id":6972,"date":"2021-06-03T21:31:31","date_gmt":"2021-06-04T00:31:31","guid":{"rendered":"https:\/\/renatodias.online\/movimento\/?p=6972"},"modified":"2021-06-03T21:31:31","modified_gmt":"2021-06-04T00:31:31","slug":"psdb-solta-nota-de-repudio","status":"publish","type":"post","link":"https:\/\/renatodias.online\/movimento\/2021\/06\/03\/psdb-solta-nota-de-repudio\/","title":{"rendered":"PSDB solta nota de rep\u00fadio"},"content":{"rendered":"<figure id=\"attachment_5888\" aria-describedby=\"caption-attachment-5888\" style=\"width: 600px\" class=\"wp-caption aligncenter\"><img loading=\"lazy\" decoding=\"async\" class=\"size-full wp-image-5888\" src=\"https:\/\/renatodias.online\/movimento\/wp-content\/uploads\/2021\/04\/Bomba-A-morte-da-Politica.jpg\" alt=\"explosivo\" width=\"600\" height=\"600\" \/><figcaption id=\"caption-attachment-5888\" class=\"wp-caption-text\"><strong>explosivo<\/strong><\/figcaption><\/figure>\n<h1 style=\"text-align: center;\"><span style=\"color: #ff0000;\">Nota de rep\u00fadio do PSDB<\/span><\/h1>\n<h1 style=\"text-align: center;\"><span style=\"color: #008080;\">Irresponsabilidade com os goianos<\/span><\/h1>\n<p>O atual governador de Goi\u00e1s, Ronaldo Caiado, comete um grande ato de irresponsabilidade com todos os cidad\u00e3os goianos e de crueldade com as mais de 17 mil fam\u00edlias enlutadas no Estado, que perderam entes queridos para a Covid-19. Num gesto de insensatez, quando aumentam casos de cont\u00e1gios e de lota\u00e7\u00e3o em UTIs nos hospitais das redes p\u00fablica e privada de Goi\u00e1s, num claro risco de termos de enfrentar a terceira onda da pandemia, Ronaldo Caiado autoriza a realiza\u00e7\u00e3o de jogos da Copa Am\u00e9rica em Goi\u00e2nia. Mesmo que os jogos sejam realizados com os port\u00f5es fechados para a torcida, todos profissionais s\u00e9rios da \u00e1rea da sa\u00fade alertam para os riscos de cont\u00e1gios, principalmente de novas variantes da Covid-19 vindas de outros pa\u00edses, mais letais do que as que enfrentamos atualmente.<\/p>\n<figure id=\"attachment_5500\" aria-describedby=\"caption-attachment-5500\" style=\"width: 800px\" class=\"wp-caption alignnone\"><img loading=\"lazy\" decoding=\"async\" class=\"size-full wp-image-5500\" src=\"https:\/\/renatodias.online\/movimento\/wp-content\/uploads\/2021\/03\/Ronaldo-Caiado.jpg\" alt=\"Ronaldo Caiado\" width=\"800\" height=\"448\" \/><figcaption id=\"caption-attachment-5500\" class=\"wp-caption-text\"><strong>Ronaldo Caiado<\/strong><\/figcaption><\/figure>\n<p>Ronaldo Caiado afirma que n\u00e3o se pode politizar sobre o assunto. Entretanto, em mais um gesto de que o que diz n\u00e3o corresponde \u00e0 realidade, sua decis\u00e3o foi eminentemente pol\u00edtica, com \u00fanico objetivo de agradar o presidente Jair Bolsonaro, conhecido por seu negacionismo em rela\u00e7\u00e3o aos riscos de cont\u00e1gio da Covid-19, que j\u00e1 causou a morte de 470 mil brasileiros. Ronaldo Caiado diz que \u00e9 preciso pensar na sa\u00fade e ter coer\u00eancia, mas em nenhum momento pensou que, para agradar o aliado (quando lhe conv\u00e9m), colocar\u00e1 em risco a sa\u00fade de 7 milh\u00f5es de goianos. O que lhe mais falta \u00e9 coer\u00eancia. Ronaldo Caiado adora repetir que \u00e9 m\u00e9dico, mas sua atitude teve como \u00fanico objetivo ganhar dividendos pol\u00edticos com o Pal\u00e1cio do Planalto, num momento que depende do presidente Bolsonaro para arrastar Goi\u00e1s em dire\u00e7\u00e3o a um precip\u00edcio chamado de Regime de Recupera\u00e7\u00e3o Fiscal.<\/p>\n<figure id=\"attachment_6850\" aria-describedby=\"caption-attachment-6850\" style=\"width: 1170px\" class=\"wp-caption alignnone\"><img loading=\"lazy\" decoding=\"async\" class=\"size-full wp-image-6850\" src=\"https:\/\/renatodias.online\/movimento\/wp-content\/uploads\/2021\/05\/Palacio-do-Planalto.jpg\" alt=\"\" width=\"1170\" height=\"700\" \/><figcaption id=\"caption-attachment-6850\" class=\"wp-caption-text\"><strong>Pal\u00e1cio do Planalto<\/strong><\/figcaption><\/figure>\n<p>O PSDB teria o maior orgulho que os jogos da Copa Am\u00e9rica fossem realizados no Est\u00e1dio Ol\u00edmpico, um moderno complexo esportivo e um importante legado dos nossos governos para a popula\u00e7\u00e3o goianiense e goiana. Mas, o que os goianos mais precisam, e urgentemente, \u00e9 de vacinas. Vacinas! Algo que Ronaldo Caiado pouco faz, fora posar para as c\u00e2meras toda vez em que o Estado recebe algumas caixas refrigeradas com doses enviadas \u00e0 conta-gotas pelo Minist\u00e9rio da Sa\u00fade. Mais do que promover espet\u00e1culos, buscar holofotes e ser submisso \u00e0s vontades do presidente Jair Bolsonaro, Ronaldo Caiado deveria cobrar maior responsabilidade do Governo Federal para que avancemos mais rapidamente com a imuniza\u00e7\u00e3o da popula\u00e7\u00e3o goiana e brasileira. Falta coer\u00eancia. Sobra irresponsabilidade. Vivemos, definitivamente, tempos sombrios em Goi\u00e1s e no Brasil.<\/p>\n<figure id=\"attachment_6367\" aria-describedby=\"caption-attachment-6367\" style=\"width: 550px\" class=\"wp-caption aligncenter\"><img loading=\"lazy\" decoding=\"async\" class=\"size-full wp-image-6367\" src=\"https:\/\/renatodias.online\/movimento\/wp-content\/uploads\/2021\/04\/Jair-Bolsonaro-Sinpro.jpg\" alt=\"\" width=\"550\" height=\"492\" srcset=\"https:\/\/renatodias.online\/movimento\/wp-content\/uploads\/2021\/04\/Jair-Bolsonaro-Sinpro.jpg 550w, https:\/\/renatodias.online\/movimento\/wp-content\/uploads\/2021\/04\/Jair-Bolsonaro-Sinpro-300x268.jpg 300w\" sizes=\"auto, (max-width: 550px) 100vw, 550px\" \/><figcaption id=\"caption-attachment-6367\" class=\"wp-caption-text\"><strong>Jair Bolsonaro<\/strong><\/figcaption><\/figure>\n<p><span style=\"color: #000080;\"><strong>Jos\u00e9 Eliton \u00e9 presidente do PSDB em Goi\u00e1s, ex-governador do Estado e advogado<\/strong><\/span><\/p>\n","protected":false},"excerpt":{"rendered":"<p>Nota de rep\u00fadio do PSDB Irresponsabilidade com os goianos O atual governador de Goi\u00e1s, Ronaldo Caiado, comete um grande ato de irresponsabilidade com todos os cidad\u00e3os goianos e de crueldade com as mais de 17 mil fam\u00edlias enlutadas no Estado, que perderam entes queridos para a Covid-19. Num gesto de insensatez, quando aumentam casos de<\/p>\n","protected":false},"author":2,"featured_media":5265,"comment_status":"open","ping_status":"open","sticky":false,"template":"","format":"standard","meta":{"_acf_changed":false,"_monsterinsights_skip_tracking":false,"_monsterinsights_sitenote_active":false,"_monsterinsights_sitenote_note":"","_monsterinsights_sitenote_category":0,"footnotes":""},"categories":[4],"tags":[],"class_list":["post-6972","post","type-post","status-publish","format-standard","has-post-thumbnail","hentry","category-politica"],"acf":[],"yoast_head":"<!-- This site is optimized with the Yoast SEO plugin v27.4 - https:\/\/yoast.com\/product\/yoast-seo-wordpress\/ -->\n<title>PSDB solta nota de rep\u00fadio -<\/title>\n<meta name=\"robots\" content=\"index, follow, max-snippet:-1, max-image-preview:large, max-video-preview:-1\" \/>\n<link rel=\"canonical\" href=\"https:\/\/renatodias.online\/movimento\/2021\/06\/03\/psdb-solta-nota-de-repudio\/\" \/>\n<meta property=\"og:locale\" content=\"pt_BR\" \/>\n<meta property=\"og:type\" content=\"article\" \/>\n<meta property=\"og:title\" content=\"PSDB solta nota de rep\u00fadio -\" \/>\n<meta property=\"og:description\" content=\"Nota de rep\u00fadio do PSDB Irresponsabilidade com os goianos O atual governador de Goi\u00e1s, Ronaldo Caiado, comete um grande ato de irresponsabilidade com todos os cidad\u00e3os goianos e de crueldade com as mais de 17 mil fam\u00edlias enlutadas no Estado, que perderam entes queridos para a Covid-19. Num gesto de insensatez, quando aumentam casos de\" \/>\n<meta property=\"og:url\" content=\"https:\/\/renatodias.online\/movimento\/2021\/06\/03\/psdb-solta-nota-de-repudio\/\" \/>\n<meta property=\"article:publisher\" content=\"https:\/\/www.facebook.com\/renato.dias.37\" \/>\n<meta property=\"article:author\" content=\"https:\/\/www.facebook.com\/renato.dias.37\" \/>\n<meta property=\"article:published_time\" content=\"2021-06-04T00:31:31+00:00\" \/>\n<meta property=\"og:image\" content=\"https:\/\/renatodias.online\/movimento\/wp-content\/uploads\/2021\/02\/jeseeliton.jpeg\" \/>\n\t<meta property=\"og:image:width\" content=\"375\" \/>\n\t<meta property=\"og:image:height\" content=\"537\" \/>\n\t<meta property=\"og:image:type\" content=\"image\/jpeg\" \/>\n<meta name=\"author\" content=\"Renato Dias\" \/>\n<meta name=\"twitter:card\" content=\"summary_large_image\" \/>\n<meta name=\"twitter:creator\" content=\"@RenatoDiasBat\" \/>\n<meta name=\"twitter:site\" content=\"@RenatoDiasBat\" \/>\n<meta name=\"twitter:label1\" content=\"Escrito por\" \/>\n\t<meta name=\"twitter:data1\" content=\"Renato Dias\" \/>\n\t<meta name=\"twitter:label2\" content=\"Est. tempo de leitura\" \/>\n\t<meta name=\"twitter:data2\" content=\"2 minutos\" \/>\n<script type=\"application\/ld+json\" class=\"yoast-schema-graph\">{\"@context\":\"https:\\\/\\\/schema.org\",\"@graph\":[{\"@type\":\"Article\",\"@id\":\"https:\\\/\\\/renatodias.online\\\/movimento\\\/2021\\\/06\\\/03\\\/psdb-solta-nota-de-repudio\\\/#article\",\"isPartOf\":{\"@id\":\"https:\\\/\\\/renatodias.online\\\/movimento\\\/2021\\\/06\\\/03\\\/psdb-solta-nota-de-repudio\\\/\"},\"author\":{\"name\":\"Renato Dias\",\"@id\":\"https:\\\/\\\/renatodias.online\\\/movimento\\\/#\\\/schema\\\/person\\\/bbab28833b1725a20f4083f49f1fb2a9\"},\"headline\":\"PSDB solta nota de rep\u00fadio\",\"datePublished\":\"2021-06-04T00:31:31+00:00\",\"mainEntityOfPage\":{\"@id\":\"https:\\\/\\\/renatodias.online\\\/movimento\\\/2021\\\/06\\\/03\\\/psdb-solta-nota-de-repudio\\\/\"},\"wordCount\":505,\"commentCount\":0,\"publisher\":{\"@id\":\"https:\\\/\\\/renatodias.online\\\/movimento\\\/#\\\/schema\\\/person\\\/bbab28833b1725a20f4083f49f1fb2a9\"},\"image\":{\"@id\":\"https:\\\/\\\/renatodias.online\\\/movimento\\\/2021\\\/06\\\/03\\\/psdb-solta-nota-de-repudio\\\/#primaryimage\"},\"thumbnailUrl\":\"https:\\\/\\\/renatodias.online\\\/movimento\\\/wp-content\\\/uploads\\\/2021\\\/02\\\/jeseeliton.jpeg\",\"articleSection\":[\"Pol\u00edtica\"],\"inLanguage\":\"pt-BR\",\"potentialAction\":[{\"@type\":\"CommentAction\",\"name\":\"Comment\",\"target\":[\"https:\\\/\\\/renatodias.online\\\/movimento\\\/2021\\\/06\\\/03\\\/psdb-solta-nota-de-repudio\\\/#respond\"]}]},{\"@type\":\"WebPage\",\"@id\":\"https:\\\/\\\/renatodias.online\\\/movimento\\\/2021\\\/06\\\/03\\\/psdb-solta-nota-de-repudio\\\/\",\"url\":\"https:\\\/\\\/renatodias.online\\\/movimento\\\/2021\\\/06\\\/03\\\/psdb-solta-nota-de-repudio\\\/\",\"name\":\"PSDB solta nota de rep\u00fadio -\",\"isPartOf\":{\"@id\":\"https:\\\/\\\/renatodias.online\\\/movimento\\\/#website\"},\"primaryImageOfPage\":{\"@id\":\"https:\\\/\\\/renatodias.online\\\/movimento\\\/2021\\\/06\\\/03\\\/psdb-solta-nota-de-repudio\\\/#primaryimage\"},\"image\":{\"@id\":\"https:\\\/\\\/renatodias.online\\\/movimento\\\/2021\\\/06\\\/03\\\/psdb-solta-nota-de-repudio\\\/#primaryimage\"},\"thumbnailUrl\":\"https:\\\/\\\/renatodias.online\\\/movimento\\\/wp-content\\\/uploads\\\/2021\\\/02\\\/jeseeliton.jpeg\",\"datePublished\":\"2021-06-04T00:31:31+00:00\",\"breadcrumb\":{\"@id\":\"https:\\\/\\\/renatodias.online\\\/movimento\\\/2021\\\/06\\\/03\\\/psdb-solta-nota-de-repudio\\\/#breadcrumb\"},\"inLanguage\":\"pt-BR\",\"potentialAction\":[{\"@type\":\"ReadAction\",\"target\":[\"https:\\\/\\\/renatodias.online\\\/movimento\\\/2021\\\/06\\\/03\\\/psdb-solta-nota-de-repudio\\\/\"]}]},{\"@type\":\"ImageObject\",\"inLanguage\":\"pt-BR\",\"@id\":\"https:\\\/\\\/renatodias.online\\\/movimento\\\/2021\\\/06\\\/03\\\/psdb-solta-nota-de-repudio\\\/#primaryimage\",\"url\":\"https:\\\/\\\/renatodias.online\\\/movimento\\\/wp-content\\\/uploads\\\/2021\\\/02\\\/jeseeliton.jpeg\",\"contentUrl\":\"https:\\\/\\\/renatodias.online\\\/movimento\\\/wp-content\\\/uploads\\\/2021\\\/02\\\/jeseeliton.jpeg\",\"width\":375,\"height\":537,\"caption\":\"Jos\u00e9 Eliton\"},{\"@type\":\"BreadcrumbList\",\"@id\":\"https:\\\/\\\/renatodias.online\\\/movimento\\\/2021\\\/06\\\/03\\\/psdb-solta-nota-de-repudio\\\/#breadcrumb\",\"itemListElement\":[{\"@type\":\"ListItem\",\"position\":1,\"name\":\"In\u00edcio\",\"item\":\"https:\\\/\\\/renatodias.online\\\/movimento\\\/\"},{\"@type\":\"ListItem\",\"position\":2,\"name\":\"PSDB solta nota de rep\u00fadio\"}]},{\"@type\":\"WebSite\",\"@id\":\"https:\\\/\\\/renatodias.online\\\/movimento\\\/#website\",\"url\":\"https:\\\/\\\/renatodias.online\\\/movimento\\\/\",\"name\":\"\",\"description\":\"\",\"publisher\":{\"@id\":\"https:\\\/\\\/renatodias.online\\\/movimento\\\/#\\\/schema\\\/person\\\/bbab28833b1725a20f4083f49f1fb2a9\"},\"potentialAction\":[{\"@type\":\"SearchAction\",\"target\":{\"@type\":\"EntryPoint\",\"urlTemplate\":\"https:\\\/\\\/renatodias.online\\\/movimento\\\/?s={search_term_string}\"},\"query-input\":{\"@type\":\"PropertyValueSpecification\",\"valueRequired\":true,\"valueName\":\"search_term_string\"}}],\"inLanguage\":\"pt-BR\"},{\"@type\":[\"Person\",\"Organization\"],\"@id\":\"https:\\\/\\\/renatodias.online\\\/movimento\\\/#\\\/schema\\\/person\\\/bbab28833b1725a20f4083f49f1fb2a9\",\"name\":\"Renato Dias\",\"image\":{\"@type\":\"ImageObject\",\"inLanguage\":\"pt-BR\",\"@id\":\"https:\\\/\\\/renatodias.online\\\/movimento\\\/wp-content\\\/uploads\\\/2023\\\/03\\\/cropped-cropped-cropped-logofinal.jpeg\",\"url\":\"https:\\\/\\\/renatodias.online\\\/movimento\\\/wp-content\\\/uploads\\\/2023\\\/03\\\/cropped-cropped-cropped-logofinal.jpeg\",\"contentUrl\":\"https:\\\/\\\/renatodias.online\\\/movimento\\\/wp-content\\\/uploads\\\/2023\\\/03\\\/cropped-cropped-cropped-logofinal.jpeg\",\"width\":1280,\"height\":219,\"caption\":\"Renato Dias\"},\"logo\":{\"@id\":\"https:\\\/\\\/renatodias.online\\\/movimento\\\/wp-content\\\/uploads\\\/2023\\\/03\\\/cropped-cropped-cropped-logofinal.jpeg\"},\"description\":\"Renato Dias, 58 anos, \u00e9 graduado em Jornalismo, formado em Ci\u00eancias Sociais, com p\u00f3s-gradua\u00e7\u00e3o em Pol\u00edticas P\u00fablicas, mestre em Direito e Rela\u00e7\u00f5es Internacionais, ex-aluno extraordin\u00e1rio do Doutorado em Psicologia Social, ex-estudante do Curso de Psican\u00e1lise do Centro de Estudos Psicanal\u00edticos do Estado de Goi\u00e1s, ministrado pelo m\u00e9dico psiquiatra e psicanalista Daniel Em\u00eddio de Souza. \u00c9 autor de 30 livros-reportagem, oito document\u00e1rios, ganhou 30 pr\u00eamios e \u00e9 torcedor apaixonado do maior do Centro-Oeste, o Vila Nova Futebol Clube. Casado com Meirilane Dias, \u00e9 pai de Juliana Dias, jornalista; Daniel Dias, economista; e Maria Rosa Dias, estudante antifascista, socialista e trotskista.\u00a0Com tr\u00eas pets: Porquinho [Bull Dog Franc\u00eas], Dalila [Basset Hound] e Geleia [Basset Hound]. Al\u00e9m do eterno gato Tutuquinho, que virou estrela.\",\"sameAs\":[\"https:\\\/\\\/www.facebook.com\\\/renato.dias.37\",\"#breve\",\"https:\\\/\\\/renatodias.tumblr.com\\\/\"],\"url\":\"https:\\\/\\\/renatodias.online\\\/movimento\\\/author\\\/renatodias\\\/\"}]}<\/script>\n<!-- \/ Yoast SEO plugin. -->","yoast_head_json":{"title":"PSDB solta nota de rep\u00fadio -","robots":{"index":"index","follow":"follow","max-snippet":"max-snippet:-1","max-image-preview":"max-image-preview:large","max-video-preview":"max-video-preview:-1"},"canonical":"https:\/\/renatodias.online\/movimento\/2021\/06\/03\/psdb-solta-nota-de-repudio\/","og_locale":"pt_BR","og_type":"article","og_title":"PSDB solta nota de rep\u00fadio -","og_description":"Nota de rep\u00fadio do PSDB Irresponsabilidade com os goianos O atual governador de Goi\u00e1s, Ronaldo Caiado, comete um grande ato de irresponsabilidade com todos os cidad\u00e3os goianos e de crueldade com as mais de 17 mil fam\u00edlias enlutadas no Estado, que perderam entes queridos para a Covid-19. Num gesto de insensatez, quando aumentam casos de","og_url":"https:\/\/renatodias.online\/movimento\/2021\/06\/03\/psdb-solta-nota-de-repudio\/","article_publisher":"https:\/\/www.facebook.com\/renato.dias.37","article_author":"https:\/\/www.facebook.com\/renato.dias.37","article_published_time":"2021-06-04T00:31:31+00:00","og_image":[{"width":375,"height":537,"url":"https:\/\/renatodias.online\/movimento\/wp-content\/uploads\/2021\/02\/jeseeliton.jpeg","type":"image\/jpeg"}],"author":"Renato Dias","twitter_card":"summary_large_image","twitter_creator":"@RenatoDiasBat","twitter_site":"@RenatoDiasBat","twitter_misc":{"Escrito por":"Renato Dias","Est. tempo de leitura":"2 minutos"},"schema":{"@context":"https:\/\/schema.org","@graph":[{"@type":"Article","@id":"https:\/\/renatodias.online\/movimento\/2021\/06\/03\/psdb-solta-nota-de-repudio\/#article","isPartOf":{"@id":"https:\/\/renatodias.online\/movimento\/2021\/06\/03\/psdb-solta-nota-de-repudio\/"},"author":{"name":"Renato Dias","@id":"https:\/\/renatodias.online\/movimento\/#\/schema\/person\/bbab28833b1725a20f4083f49f1fb2a9"},"headline":"PSDB solta nota de rep\u00fadio","datePublished":"2021-06-04T00:31:31+00:00","mainEntityOfPage":{"@id":"https:\/\/renatodias.online\/movimento\/2021\/06\/03\/psdb-solta-nota-de-repudio\/"},"wordCount":505,"commentCount":0,"publisher":{"@id":"https:\/\/renatodias.online\/movimento\/#\/schema\/person\/bbab28833b1725a20f4083f49f1fb2a9"},"image":{"@id":"https:\/\/renatodias.online\/movimento\/2021\/06\/03\/psdb-solta-nota-de-repudio\/#primaryimage"},"thumbnailUrl":"https:\/\/renatodias.online\/movimento\/wp-content\/uploads\/2021\/02\/jeseeliton.jpeg","articleSection":["Pol\u00edtica"],"inLanguage":"pt-BR","potentialAction":[{"@type":"CommentAction","name":"Comment","target":["https:\/\/renatodias.online\/movimento\/2021\/06\/03\/psdb-solta-nota-de-repudio\/#respond"]}]},{"@type":"WebPage","@id":"https:\/\/renatodias.online\/movimento\/2021\/06\/03\/psdb-solta-nota-de-repudio\/","url":"https:\/\/renatodias.online\/movimento\/2021\/06\/03\/psdb-solta-nota-de-repudio\/","name":"PSDB solta nota de rep\u00fadio -","isPartOf":{"@id":"https:\/\/renatodias.online\/movimento\/#website"},"primaryImageOfPage":{"@id":"https:\/\/renatodias.online\/movimento\/2021\/06\/03\/psdb-solta-nota-de-repudio\/#primaryimage"},"image":{"@id":"https:\/\/renatodias.online\/movimento\/2021\/06\/03\/psdb-solta-nota-de-repudio\/#primaryimage"},"thumbnailUrl":"https:\/\/renatodias.online\/movimento\/wp-content\/uploads\/2021\/02\/jeseeliton.jpeg","datePublished":"2021-06-04T00:31:31+00:00","breadcrumb":{"@id":"https:\/\/renatodias.online\/movimento\/2021\/06\/03\/psdb-solta-nota-de-repudio\/#breadcrumb"},"inLanguage":"pt-BR","potentialAction":[{"@type":"ReadAction","target":["https:\/\/renatodias.online\/movimento\/2021\/06\/03\/psdb-solta-nota-de-repudio\/"]}]},{"@type":"ImageObject","inLanguage":"pt-BR","@id":"https:\/\/renatodias.online\/movimento\/2021\/06\/03\/psdb-solta-nota-de-repudio\/#primaryimage","url":"https:\/\/renatodias.online\/movimento\/wp-content\/uploads\/2021\/02\/jeseeliton.jpeg","contentUrl":"https:\/\/renatodias.online\/movimento\/wp-content\/uploads\/2021\/02\/jeseeliton.jpeg","width":375,"height":537,"caption":"Jos\u00e9 Eliton"},{"@type":"BreadcrumbList","@id":"https:\/\/renatodias.online\/movimento\/2021\/06\/03\/psdb-solta-nota-de-repudio\/#breadcrumb","itemListElement":[{"@type":"ListItem","position":1,"name":"In\u00edcio","item":"https:\/\/renatodias.online\/movimento\/"},{"@type":"ListItem","position":2,"name":"PSDB solta nota de rep\u00fadio"}]},{"@type":"WebSite","@id":"https:\/\/renatodias.online\/movimento\/#website","url":"https:\/\/renatodias.online\/movimento\/","name":"","description":"","publisher":{"@id":"https:\/\/renatodias.online\/movimento\/#\/schema\/person\/bbab28833b1725a20f4083f49f1fb2a9"},"potentialAction":[{"@type":"SearchAction","target":{"@type":"EntryPoint","urlTemplate":"https:\/\/renatodias.online\/movimento\/?s={search_term_string}"},"query-input":{"@type":"PropertyValueSpecification","valueRequired":true,"valueName":"search_term_string"}}],"inLanguage":"pt-BR"},{"@type":["Person","Organization"],"@id":"https:\/\/renatodias.online\/movimento\/#\/schema\/person\/bbab28833b1725a20f4083f49f1fb2a9","name":"Renato Dias","image":{"@type":"ImageObject","inLanguage":"pt-BR","@id":"https:\/\/renatodias.online\/movimento\/wp-content\/uploads\/2023\/03\/cropped-cropped-cropped-logofinal.jpeg","url":"https:\/\/renatodias.online\/movimento\/wp-content\/uploads\/2023\/03\/cropped-cropped-cropped-logofinal.jpeg","contentUrl":"https:\/\/renatodias.online\/movimento\/wp-content\/uploads\/2023\/03\/cropped-cropped-cropped-logofinal.jpeg","width":1280,"height":219,"caption":"Renato Dias"},"logo":{"@id":"https:\/\/renatodias.online\/movimento\/wp-content\/uploads\/2023\/03\/cropped-cropped-cropped-logofinal.jpeg"},"description":"Renato Dias, 58 anos, \u00e9 graduado em Jornalismo, formado em Ci\u00eancias Sociais, com p\u00f3s-gradua\u00e7\u00e3o em Pol\u00edticas P\u00fablicas, mestre em Direito e Rela\u00e7\u00f5es Internacionais, ex-aluno extraordin\u00e1rio do Doutorado em Psicologia Social, ex-estudante do Curso de Psican\u00e1lise do Centro de Estudos Psicanal\u00edticos do Estado de Goi\u00e1s, ministrado pelo m\u00e9dico psiquiatra e psicanalista Daniel Em\u00eddio de Souza. \u00c9 autor de 30 livros-reportagem, oito document\u00e1rios, ganhou 30 pr\u00eamios e \u00e9 torcedor apaixonado do maior do Centro-Oeste, o Vila Nova Futebol Clube. Casado com Meirilane Dias, \u00e9 pai de Juliana Dias, jornalista; Daniel Dias, economista; e Maria Rosa Dias, estudante antifascista, socialista e trotskista.\u00a0Com tr\u00eas pets: Porquinho [Bull Dog Franc\u00eas], Dalila [Basset Hound] e Geleia [Basset Hound]. Al\u00e9m do eterno gato Tutuquinho, que virou estrela.","sameAs":["https:\/\/www.facebook.com\/renato.dias.37","#breve","https:\/\/renatodias.tumblr.com\/"],"url":"https:\/\/renatodias.online\/movimento\/author\/renatodias\/"}]}},"_links":{"self":[{"href":"https:\/\/renatodias.online\/movimento\/wp-json\/wp\/v2\/posts\/6972","targetHints":{"allow":["GET"]}}],"collection":[{"href":"https:\/\/renatodias.online\/movimento\/wp-json\/wp\/v2\/posts"}],"about":[{"href":"https:\/\/renatodias.online\/movimento\/wp-json\/wp\/v2\/types\/post"}],"author":[{"embeddable":true,"href":"https:\/\/renatodias.online\/movimento\/wp-json\/wp\/v2\/users\/2"}],"replies":[{"embeddable":true,"href":"https:\/\/renatodias.online\/movimento\/wp-json\/wp\/v2\/comments?post=6972"}],"version-history":[{"count":1,"href":"https:\/\/renatodias.online\/movimento\/wp-json\/wp\/v2\/posts\/6972\/revisions"}],"predecessor-version":[{"id":6973,"href":"https:\/\/renatodias.online\/movimento\/wp-json\/wp\/v2\/posts\/6972\/revisions\/6973"}],"wp:featuredmedia":[{"embeddable":true,"href":"https:\/\/renatodias.online\/movimento\/wp-json\/wp\/v2\/media\/5265"}],"wp:attachment":[{"href":"https:\/\/renatodias.online\/movimento\/wp-json\/wp\/v2\/media?parent=6972"}],"wp:term":[{"taxonomy":"category","embeddable":true,"href":"https:\/\/renatodias.online\/movimento\/wp-json\/wp\/v2\/categories?post=6972"},{"taxonomy":"post_tag","embeddable":true,"href":"https:\/\/renatodias.online\/movimento\/wp-json\/wp\/v2\/tags?post=6972"}],"curies":[{"name":"wp","href":"https:\/\/api.w.org\/{rel}","templated":true}]}}