{"id":6970,"date":"2021-06-03T21:21:40","date_gmt":"2021-06-04T00:21:40","guid":{"rendered":"https:\/\/renatodias.online\/movimento\/?p=6970"},"modified":"2021-06-03T21:21:40","modified_gmt":"2021-06-04T00:21:40","slug":"a-fratura-da-classe-dominante","status":"publish","type":"post","link":"https:\/\/renatodias.online\/movimento\/2021\/06\/03\/a-fratura-da-classe-dominante\/","title":{"rendered":"A fratura da classe dominante"},"content":{"rendered":"<h1><\/h1>\n<h1 style=\"text-align: center;\"><strong>A fratura da classe dominante<\/strong><\/h1>\n<p><span style=\"color: #008080;\"><strong>Por que foi poss\u00edvel a recupera\u00e7\u00e3o dos direitos pol\u00edticos de Lula?<\/strong><\/span><\/p>\n<h5><span style=\"color: #808000;\">\u201cEstrat\u00e9gia sem t\u00e1tica \u00e9 o caminho mais lento para a vit\u00f3ria. T\u00e1tica sem estrat\u00e9gia \u00e9 o ru\u00eddo antes da derrota\u201d<\/span><\/h5>\n<h5><strong>Sun Tsu<\/strong><\/h5>\n<p>Existem tr\u00eas avalia\u00e7\u00f5es diferentes na esquerda sobre as decis\u00f5es do STF sobre a anula\u00e7\u00e3o das condena\u00e7\u00f5es de Lula. O tema tem import\u00e2ncia grande, porque \u00e9 central na interpreta\u00e7\u00e3o do novo momento na conjuntura. Lula encabe\u00e7a a prefer\u00eancia em todas as pesquisas de opini\u00e3o dispon\u00edveis. Mantidas as atuais condi\u00e7\u00f5es, o que \u00e9, evidentemente, imprevis\u00edvel, Lula estaria em um segundo turno contra Bolsonaro. \u00c9 imprevis\u00edvel porque ningu\u00e9m pode saber qual ser\u00e1 a conjuntura em meados de 2022. Qual ser\u00e1 o desenlace da CPI da pandemia no Senado? Qual ser\u00e1 a evolu\u00e7\u00e3o do governo Bolsonaro e, talvez, at\u00e9 o seu destino? Qual ser\u00e1 o contexto da pandemia daqui a um ano? Qual ser\u00e1 a situa\u00e7\u00e3o econ\u00f4mica? Como v\u00e3o evoluir as taxas de desemprego? Qual ser\u00e1 a taxa de infla\u00e7\u00e3o? Qual ser\u00e1 a evolu\u00e7\u00e3o do sal\u00e1rio m\u00e9dio? Quais ser\u00e3o os impactos sociais das privatiza\u00e7\u00f5es da Eletrobr\u00e1s, Correios, Cedae\/RJ previstas para o segundo semestre de 2021, se n\u00e3o forem detidas? E o mais importante, qual ser\u00e1 a rela\u00e7\u00e3o social e pol\u00edtica de for\u00e7as?<\/p>\n<figure id=\"attachment_2440\" aria-describedby=\"caption-attachment-2440\" style=\"width: 347px\" class=\"wp-caption aligncenter\"><img loading=\"lazy\" decoding=\"async\" class=\"size-full wp-image-2440\" src=\"https:\/\/renatodias.online\/movimento\/wp-content\/uploads\/2019\/09\/Caricatura-de-Luiz-In\u00e1cio-Lula-da-Silva.jpg\" alt=\"\" width=\"347\" height=\"591\" srcset=\"https:\/\/renatodias.online\/movimento\/wp-content\/uploads\/2019\/09\/Caricatura-de-Luiz-In\u00e1cio-Lula-da-Silva.jpg 347w, https:\/\/renatodias.online\/movimento\/wp-content\/uploads\/2019\/09\/Caricatura-de-Luiz-In\u00e1cio-Lula-da-Silva-176x300.jpg 176w\" sizes=\"auto, (max-width: 347px) 100vw, 347px\" \/><figcaption id=\"caption-attachment-2440\" class=\"wp-caption-text\"><strong>Caricatura de Lula<\/strong><\/figcaption><\/figure>\n<p>Estas e muitas outras vari\u00e1veis, hoje, impens\u00e1veis, porque \u201cmerdas acontecem\u201d exigem m\u00e1xima prud\u00eancia. Mas n\u00e3o diminuem a necessidade de retirar li\u00e7\u00f5es da campanha Lula Livre, porque foi a maior vit\u00f3ria democr\u00e1tica dos \u00faltimos cinco anos, e quem diminuir seu significado est\u00e1, totalmente, equivocado. A primeira \u00e9 ing\u00eanua e circular: vencemos porque a causa era justa e justi\u00e7a foi feita. Muitas causas justas n\u00e3o s\u00e3o reconhecidas pela justi\u00e7a. N\u00e3o devemos ter nem ilus\u00f5es, nem muitas expectativas na justi\u00e7a. Lembremos que o impeachment de Dilma Rousseff foi referendado pela justi\u00e7a. Julgamentos pol\u00edticos se decidem em fun\u00e7\u00e3o de interesses pol\u00edticos, ou seja, a luta pelo poder. Esta interpreta\u00e7\u00e3o remete, portanto, o desenlace da vota\u00e7\u00e3o da incompet\u00eancia da 13\u00aa Vara de Curitiba e a suspei\u00e7\u00e3o de Moro \u00e0 for\u00e7a da campanha nacional e internacional. Ao talento da defesa jur\u00eddica pelos advogados de Lula. \u00c0 unidade conseguida na maioria da esquerda para a organiza\u00e7\u00e3o dos Encontros e, sobretudo, da Vig\u00edlia em frente ao pr\u00e9dio da Pol\u00edcia Federal. \u00c0 atividade incans\u00e1vel da rede de juristas organizados na ABJD, \u00e0 ades\u00e3o de grandes artistas populares que influenciaram o mundo da cultura, \u00e0 solidariedade da ala mais \u00e0 esquerda da Igreja Cat\u00f3lica, que abriu as portas do Vaticano, al\u00e9m de outros religiosos.<\/p>\n<p>Remete, tamb\u00e9m, \u00e0 estabilidade na forma\u00e7\u00e3o do Comit\u00ea Lula Livre Nacional e sua capilaridade em muitas cidades, a regularidade dos boletins de informa\u00e7\u00e3o, a qualidade dos materiais de agita\u00e7\u00e3o e propaganda, a iniciativa dos Festivais, a persist\u00eancia dos mutir\u00f5es, as atividades de rua e, tamb\u00e9m, a for\u00e7a do compromisso do pr\u00f3prio Lula que perseverou, destemidamente. H\u00e1 muitos gr\u00e3os de verdade neste balan\u00e7o, mas ele \u00e9 unilateral. Em sua vers\u00e3o mais extrema desconsidera a divis\u00e3o entre as for\u00e7as sociais hostis ou at\u00e9 inimigas, uma vers\u00e3o ilus\u00f3ria de voluntarismo. A segunda \u00e9 aquela que argumenta que uma fra\u00e7\u00e3o da classe dominante passou a defender a liberdade de Lula, como resposta a uma nova situa\u00e7\u00e3o pol\u00edtica precipitada pela crise sanit\u00e1ria, econ\u00f4mica, social e pol\u00edtica ao longo do \u00faltimo ano, em fun\u00e7\u00e3o dos desastres do governo de extrema-direita. O isolamento de Bolsonaro acabou favorecendo Lula. A press\u00e3o burguesa sobre o STF responderia, preventivamente, \u00e0 preocupa\u00e7\u00e3o diante do perigo de uma explos\u00e3o social, ou \u00e0 necessidade de contar com Lula e com o PT para preservar a estabilidade institucional em caso de um impeachment.<\/p>\n<p><img loading=\"lazy\" decoding=\"async\" class=\"size-full wp-image-6290 aligncenter\" src=\"https:\/\/renatodias.online\/movimento\/wp-content\/uploads\/2021\/04\/Jair-Bolsonaro-_-3.jpeg\" alt=\"\" width=\"696\" height=\"370\" \/><\/p>\n<p>Nas correntes mais sect\u00e1rias florescem ideias perigosas e at\u00e9, curiosamente, contradit\u00f3rias, sen\u00e3o de inspira\u00e7\u00e3o paranoica. Alguns sugerem que a fra\u00e7\u00e3o mais poderosa da burguesia pressionou pela liberdade de Lula para enfraquecer Bolsonaro, outros que Lula teria interesse em preservar Bolsonaro, porque perderia favoritismo nas elei\u00e7\u00f5es de 2022, se Bolsonaro fosse deslocado. H\u00e1, tamb\u00e9m, um gr\u00e3o de verdade aqui, mas n\u00e3o mais do que isso. Na sua vers\u00e3o mais extrema esta vis\u00e3o flerta com teorias de conspira\u00e7\u00e3o. A terceira \u00e9 muito mais complexa. A campanha Lula Livre come\u00e7ou em condi\u00e7\u00f5es muito adversas. Quando Lula foi preso, em abril de 2018, era imposs\u00edvel prever que em novembro de 2019 estaria solto e, muito menos, que em mar\u00e7o de 2020 teria recuperado seus direitos pol\u00edticos. A evolu\u00e7\u00e3o foi muito r\u00e1pida. Campanhas similares, como a luta pela liberdade de Mandela foram, incomparavelmente, mais longas e dif\u00edceis. Processos assim s\u00f3 podem ser explicados considerando muitos fatores.<\/p>\n<p>Claro que \u00e9 educativo come\u00e7ar a avalia\u00e7\u00e3o sublinhando a import\u00e2ncia da campanha unit\u00e1ria da esquerda pela sua liberta\u00e7\u00e3o. Deixou uma li\u00e7\u00e3o inspiradora para os perigos do futuro. Na hora das derrotas, conseguir manter a cabe\u00e7a erguida \u00e9 essencial. Nada substitui a firmeza e a dignidade. E ficaram muito mal diante da fotografia da hist\u00f3ria aquelas correntes e grupos de esquerda que se recusaram a defender Lula Livre. Sem o engajamento incans\u00e1vel do MST na constru\u00e7\u00e3o da campanha tudo teria sido muito mais dif\u00edcil. Sem a aposta que prevaleceu no PT de que a influ\u00eancia de Lula permitia que a campanha tivesse uma audi\u00eancia de massas n\u00e3o teria sido poss\u00edvel. Mas a unidade dos dois maiores partidos da esquerda brasileira al\u00e9m do PT, PSol e PCdB foi fundamental, tamb\u00e9m. Nunca foi uma luta somente do PT. A luta pela liberdade de Lula engajou, em maior ou menor propor\u00e7\u00e3o, a imensa maioria da esquerda brasileira, felizmente.<\/p>\n<figure id=\"attachment_6558\" aria-describedby=\"caption-attachment-6558\" style=\"width: 1170px\" class=\"wp-caption alignnone\"><img loading=\"lazy\" decoding=\"async\" class=\"size-full wp-image-6558\" src=\"https:\/\/renatodias.online\/movimento\/wp-content\/uploads\/2021\/05\/STF.jpg\" alt=\"\" width=\"1170\" height=\"700\" srcset=\"https:\/\/renatodias.online\/movimento\/wp-content\/uploads\/2021\/05\/STF.jpg 1170w, https:\/\/renatodias.online\/movimento\/wp-content\/uploads\/2021\/05\/STF-300x179.jpg 300w, https:\/\/renatodias.online\/movimento\/wp-content\/uploads\/2021\/05\/STF-768x459.jpg 768w, https:\/\/renatodias.online\/movimento\/wp-content\/uploads\/2021\/05\/STF-750x449.jpg 750w\" sizes=\"auto, (max-width: 1170px) 100vw, 1170px\" \/><figcaption id=\"caption-attachment-6558\" class=\"wp-caption-text\"><strong>Fachada do edif\u00edcio sede do Supremo Tribunal Federal &#8211; STF<\/strong><\/figcaption><\/figure>\n<p>Mas seria ing\u00eanuo atribuir o desenlace das vota\u00e7\u00f5es no STF \u00e0 for\u00e7a da campanha. N\u00e3o foi poss\u00edvel organizar atos de massas pelo Lula Livre. Todos os atos foram, em maior ou menor medida, atos de vanguarda. Sejamos honestos: atos da milit\u00e2ncia. Ou seja, agruparam o ativismo mais consciente ou, ideologicamente, politizado, em especial, os \u201cinoxid\u00e1veis\u201d, a \u201cvelha guarda\u201d da esquerda brasileira que veio dos anos oitenta e noventa. Outros fatores pesaram muito no desenlace das vota\u00e7\u00f5es do STF. O julgamento de Lula foi sempre, desde o in\u00edcio, um processo pol\u00edtico, indivis\u00edvel do golpe institucional de 2016 que deslocou Dilma Rousseff da presid\u00eancia. Esse era o calcanhar de Aquiles da opera\u00e7\u00e3o que culminou na pris\u00e3o de Lula: nenhum setor importante da burguesia se posicionou contra o golpe. Um golpe semelhante ao que aconteceu em Honduras e no Paraguai. Um golpe que abriu o caminho para Bolsonaro chegar \u00e0 presid\u00eancia.<\/p>\n<p><img loading=\"lazy\" decoding=\"async\" class=\"alignnone size-full wp-image-6863\" src=\"https:\/\/renatodias.online\/movimento\/wp-content\/uploads\/2021\/05\/Alvorada-_-Dilma-Rousseff-_-1.jpeg\" alt=\"\" width=\"1000\" height=\"500\" \/><\/p>\n<p>A persegui\u00e7\u00e3o pol\u00edtica mascarada pela judicializa\u00e7\u00e3o era uma opera\u00e7\u00e3o muito perigosa, porque estabelecia precedente grave, a legitima\u00e7\u00e3o do lawfare. Quando Sergio Moro aceitou, desenvergonhadamente, o cargo de ministro da Justi\u00e7a no governo de extrema-direita liderado por um neofascista como Bolsonaro, a turbul\u00eancia come\u00e7ou, sobretudo, no exterior. A divis\u00e3o do mundo jur\u00eddico entre os denominados \u201cgarantistas\u201d e \u201clavajatistas\u201d existiu, portanto, durante todo o processo. O modelo de den\u00fancias constru\u00eddas sobre dela\u00e7\u00f5es premiadas sem outras provas al\u00e9m dos testemunhos de r\u00e9us interessados em anistia era um esc\u00e2ndalo.<\/p>\n<figure id=\"attachment_3420\" aria-describedby=\"caption-attachment-3420\" style=\"width: 960px\" class=\"wp-caption alignnone\"><img loading=\"lazy\" decoding=\"async\" class=\"size-full wp-image-3420\" src=\"https:\/\/renatodias.online\/movimento\/wp-content\/uploads\/2020\/04\/7b0663af-1647-4bb3-9766-b0d2a96b61d4.jpg\" alt=\"\" width=\"960\" height=\"640\" \/><figcaption id=\"caption-attachment-3420\" class=\"wp-caption-text\"><strong>Sergio Moro<\/strong><\/figcaption><\/figure>\n<p>Mas tudo se acelerou na medida em que a manipula\u00e7\u00e3o realizada pela Lava-Jato foi desmascarada pela publica\u00e7\u00e3o pelo The Intercept da troca de mensagens entre Sergio Moro e os procuradores, e confirmada pelos arquivos da opera\u00e7\u00e3o spoofing, Quando o centr\u00e3o deixou de ser somente base de sustenta\u00e7\u00e3o parlamentar e se incorporou, plenamente, no governo os conflitos com a opera\u00e7\u00e3o Lava-Jato passaram a se expressar dentro do governo. N\u00e3o s\u00e3o poucos os parlamentares do centr\u00e3o, mas, tamb\u00e9m, do MDB, Democratas e at\u00e9 do PSDB, ningu\u00e9m menos que A\u00e9cio Neves, candidato presidencial derrotado em 2014, partidos hist\u00f3ricos da representa\u00e7\u00e3o burguesa desde o fim da ditadura, que estavam sob investiga\u00e7\u00e3o.<\/p>\n<figure id=\"attachment_6445\" aria-describedby=\"caption-attachment-6445\" style=\"width: 1920px\" class=\"wp-caption alignnone\"><img loading=\"lazy\" decoding=\"async\" class=\"size-full wp-image-6445\" src=\"https:\/\/renatodias.online\/movimento\/wp-content\/uploads\/2021\/05\/Tucano.jpg\" alt=\"\" width=\"1920\" height=\"600\" \/><figcaption id=\"caption-attachment-6445\" class=\"wp-caption-text\"><strong>Tucano, s\u00edmbolo do PSDB<\/strong><\/figcaption><\/figure>\n<p>N\u00e3o menos importante foi a mudan\u00e7a lenta da conjuntura em fun\u00e7\u00e3o da hecatombe sanit\u00e1ria da pandemia. O obtuso negacionismo de Bolsonaro diante da trag\u00e9dia humana do cont\u00e1gio em massa e do colapso do SUS, desconsiderando a emerg\u00eancia da contrata\u00e7\u00e3o de vacinas, defendendo rem\u00e9dios imagin\u00e1rios, denunciando a necessidade de quarentenas e, constantemente, amea\u00e7ando com o autogolpe resultou em enfraquecimento social e pol\u00edtico. A derrota de Trump mudou o lugar do governo Bolsonaro no mundo de forma qualitativa. Ainda que Bolsonaro mantenha apoio majorit\u00e1rio na \u201cmassa da burguesia\u201d, quando consideramos os seis milh\u00f5es de empres\u00e1rios de conjunto, o desastre em curso produziu fissuras no n\u00facleo duro da classe dominante. Nenhum setor defende o impeachment, mas o manifesto dos 500 foi um alerta amarelo. A maioria da grande burguesia, alguns poucos milhares de bilion\u00e1rios, ainda aposta na preserva\u00e7\u00e3o do regime democr\u00e1tico-eleitoral. As amea\u00e7as bonapartistas de Bolsonaro fraturam a classe dominante. E um regime democr\u00e1tico-liberal n\u00e3o \u00e9 poss\u00edvel sem a esquerda na legalidade. Vencemos, porque lutamos, mas, tamb\u00e9m, porque nossos inimigos se dividiram. A luta de classes nunca \u00e9 em v\u00e3o.<\/p>\n<figure id=\"attachment_3748\" aria-describedby=\"caption-attachment-3748\" style=\"width: 1200px\" class=\"wp-caption alignnone\"><img loading=\"lazy\" decoding=\"async\" class=\"size-full wp-image-3748\" src=\"https:\/\/renatodias.online\/movimento\/wp-content\/uploads\/2020\/05\/Donald-Trump-Abertura-4.jpg\" alt=\"Donald Trump \u2013 caricatura\" width=\"1200\" height=\"1068\" \/><figcaption id=\"caption-attachment-3748\" class=\"wp-caption-text\"><strong>Donald Trump \u2013 caricatura<\/strong><\/figcaption><\/figure>\n<p><strong>Val\u00e9rio Arcary \u00e9 professor aposentado do IFSP<\/strong><\/p>\n","protected":false},"excerpt":{"rendered":"<p>A fratura da classe dominante Por que foi poss\u00edvel a recupera\u00e7\u00e3o dos direitos pol\u00edticos de Lula? \u201cEstrat\u00e9gia sem t\u00e1tica \u00e9 o caminho mais lento para a vit\u00f3ria. T\u00e1tica sem estrat\u00e9gia \u00e9 o ru\u00eddo antes da derrota\u201d Sun Tsu Existem tr\u00eas avalia\u00e7\u00f5es diferentes na esquerda sobre as decis\u00f5es do STF sobre a anula\u00e7\u00e3o das condena\u00e7\u00f5es de<\/p>\n","protected":false},"author":2,"featured_media":3517,"comment_status":"open","ping_status":"open","sticky":false,"template":"","format":"standard","meta":{"_acf_changed":false,"_monsterinsights_skip_tracking":false,"_monsterinsights_sitenote_active":false,"_monsterinsights_sitenote_note":"","_monsterinsights_sitenote_category":0,"footnotes":""},"categories":[83],"tags":[],"class_list":["post-6970","post","type-post","status-publish","format-standard","has-post-thumbnail","hentry","category-opiniao"],"acf":[],"yoast_head":"<!-- This site is optimized with the Yoast SEO plugin v27.4 - https:\/\/yoast.com\/product\/yoast-seo-wordpress\/ -->\n<title>A fratura da classe dominante -<\/title>\n<meta name=\"robots\" content=\"index, follow, max-snippet:-1, max-image-preview:large, max-video-preview:-1\" \/>\n<link rel=\"canonical\" href=\"https:\/\/renatodias.online\/movimento\/2021\/06\/03\/a-fratura-da-classe-dominante\/\" \/>\n<meta property=\"og:locale\" content=\"pt_BR\" \/>\n<meta property=\"og:type\" content=\"article\" \/>\n<meta property=\"og:title\" content=\"A fratura da classe dominante -\" \/>\n<meta property=\"og:description\" content=\"A fratura da classe dominante Por que foi poss\u00edvel a recupera\u00e7\u00e3o dos direitos pol\u00edticos de Lula? \u201cEstrat\u00e9gia sem t\u00e1tica \u00e9 o caminho mais lento para a vit\u00f3ria. T\u00e1tica sem estrat\u00e9gia \u00e9 o ru\u00eddo antes da derrota\u201d Sun Tsu Existem tr\u00eas avalia\u00e7\u00f5es diferentes na esquerda sobre as decis\u00f5es do STF sobre a anula\u00e7\u00e3o das condena\u00e7\u00f5es de\" \/>\n<meta property=\"og:url\" content=\"https:\/\/renatodias.online\/movimento\/2021\/06\/03\/a-fratura-da-classe-dominante\/\" \/>\n<meta property=\"article:publisher\" content=\"https:\/\/www.facebook.com\/renato.dias.37\" \/>\n<meta property=\"article:author\" content=\"https:\/\/www.facebook.com\/renato.dias.37\" \/>\n<meta property=\"article:published_time\" content=\"2021-06-04T00:21:40+00:00\" \/>\n<meta property=\"og:image\" content=\"https:\/\/renatodias.online\/movimento\/wp-content\/uploads\/2020\/05\/Val\u00e9rio-Arcary-Galeria-de-imagens-2-e1625197194946.png\" \/>\n\t<meta property=\"og:image:width\" content=\"300\" \/>\n\t<meta property=\"og:image:height\" content=\"191\" \/>\n\t<meta property=\"og:image:type\" content=\"image\/png\" \/>\n<meta name=\"author\" content=\"Renato Dias\" \/>\n<meta name=\"twitter:card\" content=\"summary_large_image\" \/>\n<meta name=\"twitter:creator\" content=\"@RenatoDiasBat\" \/>\n<meta name=\"twitter:site\" content=\"@RenatoDiasBat\" \/>\n<meta name=\"twitter:label1\" content=\"Escrito por\" \/>\n\t<meta name=\"twitter:data1\" content=\"Renato Dias\" \/>\n\t<meta name=\"twitter:label2\" content=\"Est. tempo de leitura\" \/>\n\t<meta name=\"twitter:data2\" content=\"8 minutos\" \/>\n<script type=\"application\/ld+json\" class=\"yoast-schema-graph\">{\"@context\":\"https:\\\/\\\/schema.org\",\"@graph\":[{\"@type\":\"Article\",\"@id\":\"https:\\\/\\\/renatodias.online\\\/movimento\\\/2021\\\/06\\\/03\\\/a-fratura-da-classe-dominante\\\/#article\",\"isPartOf\":{\"@id\":\"https:\\\/\\\/renatodias.online\\\/movimento\\\/2021\\\/06\\\/03\\\/a-fratura-da-classe-dominante\\\/\"},\"author\":{\"name\":\"Renato Dias\",\"@id\":\"https:\\\/\\\/renatodias.online\\\/movimento\\\/#\\\/schema\\\/person\\\/bbab28833b1725a20f4083f49f1fb2a9\"},\"headline\":\"A fratura da classe dominante\",\"datePublished\":\"2021-06-04T00:21:40+00:00\",\"mainEntityOfPage\":{\"@id\":\"https:\\\/\\\/renatodias.online\\\/movimento\\\/2021\\\/06\\\/03\\\/a-fratura-da-classe-dominante\\\/\"},\"wordCount\":1657,\"commentCount\":0,\"publisher\":{\"@id\":\"https:\\\/\\\/renatodias.online\\\/movimento\\\/#\\\/schema\\\/person\\\/bbab28833b1725a20f4083f49f1fb2a9\"},\"image\":{\"@id\":\"https:\\\/\\\/renatodias.online\\\/movimento\\\/2021\\\/06\\\/03\\\/a-fratura-da-classe-dominante\\\/#primaryimage\"},\"thumbnailUrl\":\"https:\\\/\\\/renatodias.online\\\/movimento\\\/wp-content\\\/uploads\\\/2020\\\/05\\\/Val\u00e9rio-Arcary-Galeria-de-imagens-2-e1625197194946.png\",\"articleSection\":[\"Opini\u00e3o\"],\"inLanguage\":\"pt-BR\",\"potentialAction\":[{\"@type\":\"CommentAction\",\"name\":\"Comment\",\"target\":[\"https:\\\/\\\/renatodias.online\\\/movimento\\\/2021\\\/06\\\/03\\\/a-fratura-da-classe-dominante\\\/#respond\"]}]},{\"@type\":\"WebPage\",\"@id\":\"https:\\\/\\\/renatodias.online\\\/movimento\\\/2021\\\/06\\\/03\\\/a-fratura-da-classe-dominante\\\/\",\"url\":\"https:\\\/\\\/renatodias.online\\\/movimento\\\/2021\\\/06\\\/03\\\/a-fratura-da-classe-dominante\\\/\",\"name\":\"A fratura da classe dominante -\",\"isPartOf\":{\"@id\":\"https:\\\/\\\/renatodias.online\\\/movimento\\\/#website\"},\"primaryImageOfPage\":{\"@id\":\"https:\\\/\\\/renatodias.online\\\/movimento\\\/2021\\\/06\\\/03\\\/a-fratura-da-classe-dominante\\\/#primaryimage\"},\"image\":{\"@id\":\"https:\\\/\\\/renatodias.online\\\/movimento\\\/2021\\\/06\\\/03\\\/a-fratura-da-classe-dominante\\\/#primaryimage\"},\"thumbnailUrl\":\"https:\\\/\\\/renatodias.online\\\/movimento\\\/wp-content\\\/uploads\\\/2020\\\/05\\\/Val\u00e9rio-Arcary-Galeria-de-imagens-2-e1625197194946.png\",\"datePublished\":\"2021-06-04T00:21:40+00:00\",\"breadcrumb\":{\"@id\":\"https:\\\/\\\/renatodias.online\\\/movimento\\\/2021\\\/06\\\/03\\\/a-fratura-da-classe-dominante\\\/#breadcrumb\"},\"inLanguage\":\"pt-BR\",\"potentialAction\":[{\"@type\":\"ReadAction\",\"target\":[\"https:\\\/\\\/renatodias.online\\\/movimento\\\/2021\\\/06\\\/03\\\/a-fratura-da-classe-dominante\\\/\"]}]},{\"@type\":\"ImageObject\",\"inLanguage\":\"pt-BR\",\"@id\":\"https:\\\/\\\/renatodias.online\\\/movimento\\\/2021\\\/06\\\/03\\\/a-fratura-da-classe-dominante\\\/#primaryimage\",\"url\":\"https:\\\/\\\/renatodias.online\\\/movimento\\\/wp-content\\\/uploads\\\/2020\\\/05\\\/Val\u00e9rio-Arcary-Galeria-de-imagens-2-e1625197194946.png\",\"contentUrl\":\"https:\\\/\\\/renatodias.online\\\/movimento\\\/wp-content\\\/uploads\\\/2020\\\/05\\\/Val\u00e9rio-Arcary-Galeria-de-imagens-2-e1625197194946.png\",\"width\":300,\"height\":191,\"caption\":\"Val\u00e9rio Arcary, doutor em Hist\u00f3ria, l\u00edder do Mais\\\/Psol\"},{\"@type\":\"BreadcrumbList\",\"@id\":\"https:\\\/\\\/renatodias.online\\\/movimento\\\/2021\\\/06\\\/03\\\/a-fratura-da-classe-dominante\\\/#breadcrumb\",\"itemListElement\":[{\"@type\":\"ListItem\",\"position\":1,\"name\":\"In\u00edcio\",\"item\":\"https:\\\/\\\/renatodias.online\\\/movimento\\\/\"},{\"@type\":\"ListItem\",\"position\":2,\"name\":\"A fratura da classe dominante\"}]},{\"@type\":\"WebSite\",\"@id\":\"https:\\\/\\\/renatodias.online\\\/movimento\\\/#website\",\"url\":\"https:\\\/\\\/renatodias.online\\\/movimento\\\/\",\"name\":\"\",\"description\":\"\",\"publisher\":{\"@id\":\"https:\\\/\\\/renatodias.online\\\/movimento\\\/#\\\/schema\\\/person\\\/bbab28833b1725a20f4083f49f1fb2a9\"},\"potentialAction\":[{\"@type\":\"SearchAction\",\"target\":{\"@type\":\"EntryPoint\",\"urlTemplate\":\"https:\\\/\\\/renatodias.online\\\/movimento\\\/?s={search_term_string}\"},\"query-input\":{\"@type\":\"PropertyValueSpecification\",\"valueRequired\":true,\"valueName\":\"search_term_string\"}}],\"inLanguage\":\"pt-BR\"},{\"@type\":[\"Person\",\"Organization\"],\"@id\":\"https:\\\/\\\/renatodias.online\\\/movimento\\\/#\\\/schema\\\/person\\\/bbab28833b1725a20f4083f49f1fb2a9\",\"name\":\"Renato Dias\",\"image\":{\"@type\":\"ImageObject\",\"inLanguage\":\"pt-BR\",\"@id\":\"https:\\\/\\\/renatodias.online\\\/movimento\\\/wp-content\\\/uploads\\\/2023\\\/03\\\/cropped-cropped-cropped-logofinal.jpeg\",\"url\":\"https:\\\/\\\/renatodias.online\\\/movimento\\\/wp-content\\\/uploads\\\/2023\\\/03\\\/cropped-cropped-cropped-logofinal.jpeg\",\"contentUrl\":\"https:\\\/\\\/renatodias.online\\\/movimento\\\/wp-content\\\/uploads\\\/2023\\\/03\\\/cropped-cropped-cropped-logofinal.jpeg\",\"width\":1280,\"height\":219,\"caption\":\"Renato Dias\"},\"logo\":{\"@id\":\"https:\\\/\\\/renatodias.online\\\/movimento\\\/wp-content\\\/uploads\\\/2023\\\/03\\\/cropped-cropped-cropped-logofinal.jpeg\"},\"description\":\"Renato Dias, 58 anos, \u00e9 graduado em Jornalismo, formado em Ci\u00eancias Sociais, com p\u00f3s-gradua\u00e7\u00e3o em Pol\u00edticas P\u00fablicas, mestre em Direito e Rela\u00e7\u00f5es Internacionais, ex-aluno extraordin\u00e1rio do Doutorado em Psicologia Social, ex-estudante do Curso de Psican\u00e1lise do Centro de Estudos Psicanal\u00edticos do Estado de Goi\u00e1s, ministrado pelo m\u00e9dico psiquiatra e psicanalista Daniel Em\u00eddio de Souza. \u00c9 autor de 30 livros-reportagem, oito document\u00e1rios, ganhou 30 pr\u00eamios e \u00e9 torcedor apaixonado do maior do Centro-Oeste, o Vila Nova Futebol Clube. Casado com Meirilane Dias, \u00e9 pai de Juliana Dias, jornalista; Daniel Dias, economista; e Maria Rosa Dias, estudante antifascista, socialista e trotskista.\u00a0Com tr\u00eas pets: Porquinho [Bull Dog Franc\u00eas], Dalila [Basset Hound] e Geleia [Basset Hound]. Al\u00e9m do eterno gato Tutuquinho, que virou estrela.\",\"sameAs\":[\"https:\\\/\\\/www.facebook.com\\\/renato.dias.37\",\"#breve\",\"https:\\\/\\\/renatodias.tumblr.com\\\/\"],\"url\":\"https:\\\/\\\/renatodias.online\\\/movimento\\\/author\\\/renatodias\\\/\"}]}<\/script>\n<!-- \/ Yoast SEO plugin. -->","yoast_head_json":{"title":"A fratura da classe dominante -","robots":{"index":"index","follow":"follow","max-snippet":"max-snippet:-1","max-image-preview":"max-image-preview:large","max-video-preview":"max-video-preview:-1"},"canonical":"https:\/\/renatodias.online\/movimento\/2021\/06\/03\/a-fratura-da-classe-dominante\/","og_locale":"pt_BR","og_type":"article","og_title":"A fratura da classe dominante -","og_description":"A fratura da classe dominante Por que foi poss\u00edvel a recupera\u00e7\u00e3o dos direitos pol\u00edticos de Lula? \u201cEstrat\u00e9gia sem t\u00e1tica \u00e9 o caminho mais lento para a vit\u00f3ria. T\u00e1tica sem estrat\u00e9gia \u00e9 o ru\u00eddo antes da derrota\u201d Sun Tsu Existem tr\u00eas avalia\u00e7\u00f5es diferentes na esquerda sobre as decis\u00f5es do STF sobre a anula\u00e7\u00e3o das condena\u00e7\u00f5es de","og_url":"https:\/\/renatodias.online\/movimento\/2021\/06\/03\/a-fratura-da-classe-dominante\/","article_publisher":"https:\/\/www.facebook.com\/renato.dias.37","article_author":"https:\/\/www.facebook.com\/renato.dias.37","article_published_time":"2021-06-04T00:21:40+00:00","og_image":[{"width":300,"height":191,"url":"https:\/\/renatodias.online\/movimento\/wp-content\/uploads\/2020\/05\/Val\u00e9rio-Arcary-Galeria-de-imagens-2-e1625197194946.png","type":"image\/png"}],"author":"Renato Dias","twitter_card":"summary_large_image","twitter_creator":"@RenatoDiasBat","twitter_site":"@RenatoDiasBat","twitter_misc":{"Escrito por":"Renato Dias","Est. tempo de leitura":"8 minutos"},"schema":{"@context":"https:\/\/schema.org","@graph":[{"@type":"Article","@id":"https:\/\/renatodias.online\/movimento\/2021\/06\/03\/a-fratura-da-classe-dominante\/#article","isPartOf":{"@id":"https:\/\/renatodias.online\/movimento\/2021\/06\/03\/a-fratura-da-classe-dominante\/"},"author":{"name":"Renato Dias","@id":"https:\/\/renatodias.online\/movimento\/#\/schema\/person\/bbab28833b1725a20f4083f49f1fb2a9"},"headline":"A fratura da classe dominante","datePublished":"2021-06-04T00:21:40+00:00","mainEntityOfPage":{"@id":"https:\/\/renatodias.online\/movimento\/2021\/06\/03\/a-fratura-da-classe-dominante\/"},"wordCount":1657,"commentCount":0,"publisher":{"@id":"https:\/\/renatodias.online\/movimento\/#\/schema\/person\/bbab28833b1725a20f4083f49f1fb2a9"},"image":{"@id":"https:\/\/renatodias.online\/movimento\/2021\/06\/03\/a-fratura-da-classe-dominante\/#primaryimage"},"thumbnailUrl":"https:\/\/renatodias.online\/movimento\/wp-content\/uploads\/2020\/05\/Val\u00e9rio-Arcary-Galeria-de-imagens-2-e1625197194946.png","articleSection":["Opini\u00e3o"],"inLanguage":"pt-BR","potentialAction":[{"@type":"CommentAction","name":"Comment","target":["https:\/\/renatodias.online\/movimento\/2021\/06\/03\/a-fratura-da-classe-dominante\/#respond"]}]},{"@type":"WebPage","@id":"https:\/\/renatodias.online\/movimento\/2021\/06\/03\/a-fratura-da-classe-dominante\/","url":"https:\/\/renatodias.online\/movimento\/2021\/06\/03\/a-fratura-da-classe-dominante\/","name":"A fratura da classe dominante -","isPartOf":{"@id":"https:\/\/renatodias.online\/movimento\/#website"},"primaryImageOfPage":{"@id":"https:\/\/renatodias.online\/movimento\/2021\/06\/03\/a-fratura-da-classe-dominante\/#primaryimage"},"image":{"@id":"https:\/\/renatodias.online\/movimento\/2021\/06\/03\/a-fratura-da-classe-dominante\/#primaryimage"},"thumbnailUrl":"https:\/\/renatodias.online\/movimento\/wp-content\/uploads\/2020\/05\/Val\u00e9rio-Arcary-Galeria-de-imagens-2-e1625197194946.png","datePublished":"2021-06-04T00:21:40+00:00","breadcrumb":{"@id":"https:\/\/renatodias.online\/movimento\/2021\/06\/03\/a-fratura-da-classe-dominante\/#breadcrumb"},"inLanguage":"pt-BR","potentialAction":[{"@type":"ReadAction","target":["https:\/\/renatodias.online\/movimento\/2021\/06\/03\/a-fratura-da-classe-dominante\/"]}]},{"@type":"ImageObject","inLanguage":"pt-BR","@id":"https:\/\/renatodias.online\/movimento\/2021\/06\/03\/a-fratura-da-classe-dominante\/#primaryimage","url":"https:\/\/renatodias.online\/movimento\/wp-content\/uploads\/2020\/05\/Val\u00e9rio-Arcary-Galeria-de-imagens-2-e1625197194946.png","contentUrl":"https:\/\/renatodias.online\/movimento\/wp-content\/uploads\/2020\/05\/Val\u00e9rio-Arcary-Galeria-de-imagens-2-e1625197194946.png","width":300,"height":191,"caption":"Val\u00e9rio Arcary, doutor em Hist\u00f3ria, l\u00edder do Mais\/Psol"},{"@type":"BreadcrumbList","@id":"https:\/\/renatodias.online\/movimento\/2021\/06\/03\/a-fratura-da-classe-dominante\/#breadcrumb","itemListElement":[{"@type":"ListItem","position":1,"name":"In\u00edcio","item":"https:\/\/renatodias.online\/movimento\/"},{"@type":"ListItem","position":2,"name":"A fratura da classe dominante"}]},{"@type":"WebSite","@id":"https:\/\/renatodias.online\/movimento\/#website","url":"https:\/\/renatodias.online\/movimento\/","name":"","description":"","publisher":{"@id":"https:\/\/renatodias.online\/movimento\/#\/schema\/person\/bbab28833b1725a20f4083f49f1fb2a9"},"potentialAction":[{"@type":"SearchAction","target":{"@type":"EntryPoint","urlTemplate":"https:\/\/renatodias.online\/movimento\/?s={search_term_string}"},"query-input":{"@type":"PropertyValueSpecification","valueRequired":true,"valueName":"search_term_string"}}],"inLanguage":"pt-BR"},{"@type":["Person","Organization"],"@id":"https:\/\/renatodias.online\/movimento\/#\/schema\/person\/bbab28833b1725a20f4083f49f1fb2a9","name":"Renato Dias","image":{"@type":"ImageObject","inLanguage":"pt-BR","@id":"https:\/\/renatodias.online\/movimento\/wp-content\/uploads\/2023\/03\/cropped-cropped-cropped-logofinal.jpeg","url":"https:\/\/renatodias.online\/movimento\/wp-content\/uploads\/2023\/03\/cropped-cropped-cropped-logofinal.jpeg","contentUrl":"https:\/\/renatodias.online\/movimento\/wp-content\/uploads\/2023\/03\/cropped-cropped-cropped-logofinal.jpeg","width":1280,"height":219,"caption":"Renato Dias"},"logo":{"@id":"https:\/\/renatodias.online\/movimento\/wp-content\/uploads\/2023\/03\/cropped-cropped-cropped-logofinal.jpeg"},"description":"Renato Dias, 58 anos, \u00e9 graduado em Jornalismo, formado em Ci\u00eancias Sociais, com p\u00f3s-gradua\u00e7\u00e3o em Pol\u00edticas P\u00fablicas, mestre em Direito e Rela\u00e7\u00f5es Internacionais, ex-aluno extraordin\u00e1rio do Doutorado em Psicologia Social, ex-estudante do Curso de Psican\u00e1lise do Centro de Estudos Psicanal\u00edticos do Estado de Goi\u00e1s, ministrado pelo m\u00e9dico psiquiatra e psicanalista Daniel Em\u00eddio de Souza. \u00c9 autor de 30 livros-reportagem, oito document\u00e1rios, ganhou 30 pr\u00eamios e \u00e9 torcedor apaixonado do maior do Centro-Oeste, o Vila Nova Futebol Clube. Casado com Meirilane Dias, \u00e9 pai de Juliana Dias, jornalista; Daniel Dias, economista; e Maria Rosa Dias, estudante antifascista, socialista e trotskista.\u00a0Com tr\u00eas pets: Porquinho [Bull Dog Franc\u00eas], Dalila [Basset Hound] e Geleia [Basset Hound]. Al\u00e9m do eterno gato Tutuquinho, que virou estrela.","sameAs":["https:\/\/www.facebook.com\/renato.dias.37","#breve","https:\/\/renatodias.tumblr.com\/"],"url":"https:\/\/renatodias.online\/movimento\/author\/renatodias\/"}]}},"_links":{"self":[{"href":"https:\/\/renatodias.online\/movimento\/wp-json\/wp\/v2\/posts\/6970","targetHints":{"allow":["GET"]}}],"collection":[{"href":"https:\/\/renatodias.online\/movimento\/wp-json\/wp\/v2\/posts"}],"about":[{"href":"https:\/\/renatodias.online\/movimento\/wp-json\/wp\/v2\/types\/post"}],"author":[{"embeddable":true,"href":"https:\/\/renatodias.online\/movimento\/wp-json\/wp\/v2\/users\/2"}],"replies":[{"embeddable":true,"href":"https:\/\/renatodias.online\/movimento\/wp-json\/wp\/v2\/comments?post=6970"}],"version-history":[{"count":1,"href":"https:\/\/renatodias.online\/movimento\/wp-json\/wp\/v2\/posts\/6970\/revisions"}],"predecessor-version":[{"id":6971,"href":"https:\/\/renatodias.online\/movimento\/wp-json\/wp\/v2\/posts\/6970\/revisions\/6971"}],"wp:featuredmedia":[{"embeddable":true,"href":"https:\/\/renatodias.online\/movimento\/wp-json\/wp\/v2\/media\/3517"}],"wp:attachment":[{"href":"https:\/\/renatodias.online\/movimento\/wp-json\/wp\/v2\/media?parent=6970"}],"wp:term":[{"taxonomy":"category","embeddable":true,"href":"https:\/\/renatodias.online\/movimento\/wp-json\/wp\/v2\/categories?post=6970"},{"taxonomy":"post_tag","embeddable":true,"href":"https:\/\/renatodias.online\/movimento\/wp-json\/wp\/v2\/tags?post=6970"}],"curies":[{"name":"wp","href":"https:\/\/api.w.org\/{rel}","templated":true}]}}