{"id":6947,"date":"2021-06-03T20:39:46","date_gmt":"2021-06-03T23:39:46","guid":{"rendered":"https:\/\/renatodias.online\/movimento\/?p=6947"},"modified":"2021-06-03T20:39:46","modified_gmt":"2021-06-03T23:39:46","slug":"terceira-onda-sera-tragica-diz-fausto-jaime","status":"publish","type":"post","link":"https:\/\/renatodias.online\/movimento\/2021\/06\/03\/terceira-onda-sera-tragica-diz-fausto-jaime\/","title":{"rendered":"Terceira Onda ser\u00e1 tr\u00e1gica, diz Fausto Jaime"},"content":{"rendered":"<div id=\":17w\" class=\"a3s aiL \">\n<div dir=\"auto\">\n<h1 dir=\"auto\"><img loading=\"lazy\" decoding=\"async\" class=\"alignnone size-full wp-image-5007\" src=\"https:\/\/renatodias.online\/movimento\/wp-content\/uploads\/2021\/01\/Alto-da-p\u00e1gina-Banner-Exclusivo.png\" alt=\"\" width=\"1224\" height=\"372\" \/><\/h1>\n<h1 dir=\"auto\"><span style=\"color: #ff0000;\">Terceira Onda ser\u00e1 tr\u00e1gica, diz Fausto Jaime<\/span><\/h1>\n<div dir=\"auto\"><span style=\"color: #008000;\"><strong>M\u00e9dico intensivista alerta para os riscos da letalidade de realiza\u00e7\u00e3o da Copa Am\u00e9rica<\/strong><\/span><\/div>\n<div dir=\"auto\"><\/div>\n<div dir=\"auto\"><img loading=\"lazy\" decoding=\"async\" class=\"alignnone size-full wp-image-5710\" src=\"https:\/\/renatodias.online\/movimento\/wp-content\/uploads\/2021\/03\/Coronavirus-Pandemia-ou-Sindemia.jpg\" alt=\"\" width=\"1280\" height=\"450\" srcset=\"https:\/\/renatodias.online\/movimento\/wp-content\/uploads\/2021\/03\/Coronavirus-Pandemia-ou-Sindemia.jpg 1280w, https:\/\/renatodias.online\/movimento\/wp-content\/uploads\/2021\/03\/Coronavirus-Pandemia-ou-Sindemia-300x105.jpg 300w, https:\/\/renatodias.online\/movimento\/wp-content\/uploads\/2021\/03\/Coronavirus-Pandemia-ou-Sindemia-1024x360.jpg 1024w, https:\/\/renatodias.online\/movimento\/wp-content\/uploads\/2021\/03\/Coronavirus-Pandemia-ou-Sindemia-768x270.jpg 768w, https:\/\/renatodias.online\/movimento\/wp-content\/uploads\/2021\/03\/Coronavirus-Pandemia-ou-Sindemia-750x264.jpg 750w\" sizes=\"auto, (max-width: 1280px) 100vw, 1280px\" \/><\/div>\n<div dir=\"auto\"><\/div>\n<div dir=\"auto\"><\/div>\n<blockquote>\n<div dir=\"auto\"><span style=\"color: #0000ff;\"><strong>O presidente<\/strong><\/span><\/div>\n<div dir=\"auto\"><span style=\"color: #0000ff;\"><strong>da Rep\u00fablica,<\/strong><\/span><\/div>\n<div dir=\"auto\"><span style=\"color: #0000ff;\"><strong>Jair Messias<\/strong><\/span><\/div>\n<div dir=\"auto\"><span style=\"color: #0000ff;\"><strong>Bolsonaro, \u00e9<\/strong><\/span><\/div>\n<div dir=\"auto\"><span style=\"color: #0000ff;\"><strong>um genocida<\/strong><\/span><\/div>\n<div dir=\"auto\"><\/div>\n<div dir=\"auto\"><span style=\"color: #ff0000;\"><strong>Fausto Jaime<\/strong><\/span><\/div>\n<div dir=\"auto\"><span style=\"color: #ff0000;\"><strong>M\u00e9dico intensivista<\/strong><\/span><\/div>\n<\/blockquote>\n<div dir=\"auto\"><\/div>\n<div dir=\"auto\"><strong>Renato Dias<\/strong><\/div>\n<div dir=\"auto\">O atraso na imuniza\u00e7\u00e3o dos 7,2 milh\u00f5es de habitantes em Goi\u00e1s significa a eleva\u00e7\u00e3o do \u00edndice de mortalidade. A avalia\u00e7\u00e3o \u00e9 de Fausto Jaime. Um m\u00e9dico intensivista, mestre em Medicina Tropical e doutorando, em Portugal, Europa, Velho Mundo, na \u00e1rea de Bio\u00e9tica. Gestor p\u00fablico.<\/div>\n<div dir=\"auto\"><\/div>\n<div dir=\"auto\">O que produz tamb\u00e9m problemas econ\u00f4micos e sociais, informa o especialista em Sa\u00fade P\u00fablica, com exclusividade ao Portal de Not\u00edcias <strong>www.renatodias.online\u00a0<\/strong> O correto \u00e9 acelerar o processo de vacina\u00e7\u00e3o, sublinha. A realiza\u00e7\u00e3o da Copa Am\u00e9rica, no Brasil e em Goi\u00e1s, sob a Pandemia e o advento de novas cepas, \u00e9 uma irresponsabilidade, denuncia. Aventureira e contr\u00e1ria aos interesses da sociedade, desabafa.<\/div>\n<div dir=\"auto\">\n<figure id=\"attachment_4276\" aria-describedby=\"caption-attachment-4276\" style=\"width: 984px\" class=\"wp-caption alignnone\"><img loading=\"lazy\" decoding=\"async\" class=\"size-full wp-image-4276\" src=\"https:\/\/renatodias.online\/movimento\/wp-content\/uploads\/2020\/08\/covid19imgsebbab.jpeg\" alt=\"Vacina\" width=\"984\" height=\"669\" srcset=\"https:\/\/renatodias.online\/movimento\/wp-content\/uploads\/2020\/08\/covid19imgsebbab.jpeg 984w, https:\/\/renatodias.online\/movimento\/wp-content\/uploads\/2020\/08\/covid19imgsebbab-300x204.jpeg 300w, https:\/\/renatodias.online\/movimento\/wp-content\/uploads\/2020\/08\/covid19imgsebbab-768x522.jpeg 768w, https:\/\/renatodias.online\/movimento\/wp-content\/uploads\/2020\/08\/covid19imgsebbab-750x510.jpeg 750w\" sizes=\"auto, (max-width: 984px) 100vw, 984px\" \/><figcaption id=\"caption-attachment-4276\" class=\"wp-caption-text\"><strong>Vacina<\/strong><\/figcaption><\/figure>\n<\/div>\n<h3 dir=\"auto\"><span style=\"color: #ff6600;\"><strong>Falta de leitos e UTIs<\/strong><\/span><\/h3>\n<div dir=\"auto\">A falta de leitos pode voltar a crescer em munic\u00edpios como Goi\u00e2nia, An\u00e1polis, Catal\u00e3o, Itumbiara, alerta. Os indicadores epidemiol\u00f3gicos, al\u00e9m de sanit\u00e1rios, assim como de sa\u00fade p\u00fablica s\u00e3o, hoje, negativos, relata. A Terceira Onda ser\u00e1 dram\u00e1tica, tanto pela morbidade quanto pelo poss\u00edvel \u00edndice de mortalidade, analisa Fausto Jaime, m\u00e9dico intensivista e pesquisador dos temas.<\/div>\n<div dir=\"auto\">\n<figure id=\"attachment_5833\" aria-describedby=\"caption-attachment-5833\" style=\"width: 1000px\" class=\"wp-caption alignnone\"><img loading=\"lazy\" decoding=\"async\" class=\"size-full wp-image-5833\" src=\"https:\/\/renatodias.online\/movimento\/wp-content\/uploads\/2021\/04\/presidentejairbolsonaro3.jpg\" alt=\"Jair Bolsonaro\" width=\"1000\" height=\"666\" srcset=\"https:\/\/renatodias.online\/movimento\/wp-content\/uploads\/2021\/04\/presidentejairbolsonaro3.jpg 1000w, https:\/\/renatodias.online\/movimento\/wp-content\/uploads\/2021\/04\/presidentejairbolsonaro3-300x200.jpg 300w, https:\/\/renatodias.online\/movimento\/wp-content\/uploads\/2021\/04\/presidentejairbolsonaro3-768x511.jpg 768w, https:\/\/renatodias.online\/movimento\/wp-content\/uploads\/2021\/04\/presidentejairbolsonaro3-360x240.jpg 360w, https:\/\/renatodias.online\/movimento\/wp-content\/uploads\/2021\/04\/presidentejairbolsonaro3-750x500.jpg 750w\" sizes=\"auto, (max-width: 1000px) 100vw, 1000px\" \/><figcaption id=\"caption-attachment-5833\" class=\"wp-caption-text\"><strong>Jair Bolsonaro<\/strong><\/figcaption><\/figure>\n<\/div>\n<\/div>\n<\/div>\n","protected":false},"excerpt":{"rendered":"<p>Terceira Onda ser\u00e1 tr\u00e1gica, diz Fausto Jaime M\u00e9dico intensivista alerta para os riscos da letalidade de realiza\u00e7\u00e3o da Copa Am\u00e9rica O presidente da Rep\u00fablica, Jair Messias Bolsonaro, \u00e9 um genocida Fausto Jaime M\u00e9dico intensivista Renato Dias O atraso na imuniza\u00e7\u00e3o dos 7,2 milh\u00f5es de habitantes em Goi\u00e1s significa a eleva\u00e7\u00e3o do \u00edndice de mortalidade. A<\/p>\n","protected":false},"author":2,"featured_media":3313,"comment_status":"open","ping_status":"open","sticky":false,"template":"","format":"standard","meta":{"_acf_changed":false,"_monsterinsights_skip_tracking":false,"_monsterinsights_sitenote_active":false,"_monsterinsights_sitenote_note":"","_monsterinsights_sitenote_category":0,"footnotes":""},"categories":[88],"tags":[],"class_list":["post-6947","post","type-post","status-publish","format-standard","has-post-thumbnail","hentry","category-covid-19"],"acf":[],"yoast_head":"<!-- This site is optimized with the Yoast SEO plugin v27.4 - https:\/\/yoast.com\/product\/yoast-seo-wordpress\/ -->\n<title>Terceira Onda ser\u00e1 tr\u00e1gica, diz Fausto Jaime -<\/title>\n<meta name=\"robots\" content=\"index, follow, max-snippet:-1, max-image-preview:large, max-video-preview:-1\" \/>\n<link rel=\"canonical\" href=\"https:\/\/renatodias.online\/movimento\/2021\/06\/03\/terceira-onda-sera-tragica-diz-fausto-jaime\/\" \/>\n<meta property=\"og:locale\" content=\"pt_BR\" \/>\n<meta property=\"og:type\" content=\"article\" \/>\n<meta property=\"og:title\" content=\"Terceira Onda ser\u00e1 tr\u00e1gica, diz Fausto Jaime -\" \/>\n<meta property=\"og:description\" content=\"Terceira Onda ser\u00e1 tr\u00e1gica, diz Fausto Jaime M\u00e9dico intensivista alerta para os riscos da letalidade de realiza\u00e7\u00e3o da Copa Am\u00e9rica O presidente da Rep\u00fablica, Jair Messias Bolsonaro, \u00e9 um genocida Fausto Jaime M\u00e9dico intensivista Renato Dias O atraso na imuniza\u00e7\u00e3o dos 7,2 milh\u00f5es de habitantes em Goi\u00e1s significa a eleva\u00e7\u00e3o do \u00edndice de mortalidade. A\" \/>\n<meta property=\"og:url\" content=\"https:\/\/renatodias.online\/movimento\/2021\/06\/03\/terceira-onda-sera-tragica-diz-fausto-jaime\/\" \/>\n<meta property=\"article:publisher\" content=\"https:\/\/www.facebook.com\/renato.dias.37\" \/>\n<meta property=\"article:author\" content=\"https:\/\/www.facebook.com\/renato.dias.37\" \/>\n<meta property=\"article:published_time\" content=\"2021-06-03T23:39:46+00:00\" \/>\n<meta property=\"og:image\" content=\"https:\/\/renatodias.online\/movimento\/wp-content\/uploads\/2020\/04\/Fausto-Jaime.jpg\" \/>\n\t<meta property=\"og:image:width\" content=\"640\" \/>\n\t<meta property=\"og:image:height\" content=\"640\" \/>\n\t<meta property=\"og:image:type\" content=\"image\/jpeg\" \/>\n<meta name=\"author\" content=\"Renato Dias\" \/>\n<meta name=\"twitter:card\" content=\"summary_large_image\" \/>\n<meta name=\"twitter:creator\" content=\"@RenatoDiasBat\" \/>\n<meta name=\"twitter:site\" content=\"@RenatoDiasBat\" \/>\n<meta name=\"twitter:label1\" content=\"Escrito por\" \/>\n\t<meta name=\"twitter:data1\" content=\"Renato Dias\" \/>\n\t<meta name=\"twitter:label2\" content=\"Est. tempo de leitura\" \/>\n\t<meta name=\"twitter:data2\" content=\"1 minuto\" \/>\n<script type=\"application\/ld+json\" class=\"yoast-schema-graph\">{\"@context\":\"https:\\\/\\\/schema.org\",\"@graph\":[{\"@type\":\"Article\",\"@id\":\"https:\\\/\\\/renatodias.online\\\/movimento\\\/2021\\\/06\\\/03\\\/terceira-onda-sera-tragica-diz-fausto-jaime\\\/#article\",\"isPartOf\":{\"@id\":\"https:\\\/\\\/renatodias.online\\\/movimento\\\/2021\\\/06\\\/03\\\/terceira-onda-sera-tragica-diz-fausto-jaime\\\/\"},\"author\":{\"name\":\"Renato Dias\",\"@id\":\"https:\\\/\\\/renatodias.online\\\/movimento\\\/#\\\/schema\\\/person\\\/bbab28833b1725a20f4083f49f1fb2a9\"},\"headline\":\"Terceira Onda ser\u00e1 tr\u00e1gica, diz Fausto Jaime\",\"datePublished\":\"2021-06-03T23:39:46+00:00\",\"mainEntityOfPage\":{\"@id\":\"https:\\\/\\\/renatodias.online\\\/movimento\\\/2021\\\/06\\\/03\\\/terceira-onda-sera-tragica-diz-fausto-jaime\\\/\"},\"wordCount\":259,\"commentCount\":0,\"publisher\":{\"@id\":\"https:\\\/\\\/renatodias.online\\\/movimento\\\/#\\\/schema\\\/person\\\/bbab28833b1725a20f4083f49f1fb2a9\"},\"image\":{\"@id\":\"https:\\\/\\\/renatodias.online\\\/movimento\\\/2021\\\/06\\\/03\\\/terceira-onda-sera-tragica-diz-fausto-jaime\\\/#primaryimage\"},\"thumbnailUrl\":\"https:\\\/\\\/renatodias.online\\\/movimento\\\/wp-content\\\/uploads\\\/2020\\\/04\\\/Fausto-Jaime.jpg\",\"articleSection\":[\"Covid 19\"],\"inLanguage\":\"pt-BR\",\"potentialAction\":[{\"@type\":\"CommentAction\",\"name\":\"Comment\",\"target\":[\"https:\\\/\\\/renatodias.online\\\/movimento\\\/2021\\\/06\\\/03\\\/terceira-onda-sera-tragica-diz-fausto-jaime\\\/#respond\"]}]},{\"@type\":\"WebPage\",\"@id\":\"https:\\\/\\\/renatodias.online\\\/movimento\\\/2021\\\/06\\\/03\\\/terceira-onda-sera-tragica-diz-fausto-jaime\\\/\",\"url\":\"https:\\\/\\\/renatodias.online\\\/movimento\\\/2021\\\/06\\\/03\\\/terceira-onda-sera-tragica-diz-fausto-jaime\\\/\",\"name\":\"Terceira Onda ser\u00e1 tr\u00e1gica, diz Fausto Jaime -\",\"isPartOf\":{\"@id\":\"https:\\\/\\\/renatodias.online\\\/movimento\\\/#website\"},\"primaryImageOfPage\":{\"@id\":\"https:\\\/\\\/renatodias.online\\\/movimento\\\/2021\\\/06\\\/03\\\/terceira-onda-sera-tragica-diz-fausto-jaime\\\/#primaryimage\"},\"image\":{\"@id\":\"https:\\\/\\\/renatodias.online\\\/movimento\\\/2021\\\/06\\\/03\\\/terceira-onda-sera-tragica-diz-fausto-jaime\\\/#primaryimage\"},\"thumbnailUrl\":\"https:\\\/\\\/renatodias.online\\\/movimento\\\/wp-content\\\/uploads\\\/2020\\\/04\\\/Fausto-Jaime.jpg\",\"datePublished\":\"2021-06-03T23:39:46+00:00\",\"breadcrumb\":{\"@id\":\"https:\\\/\\\/renatodias.online\\\/movimento\\\/2021\\\/06\\\/03\\\/terceira-onda-sera-tragica-diz-fausto-jaime\\\/#breadcrumb\"},\"inLanguage\":\"pt-BR\",\"potentialAction\":[{\"@type\":\"ReadAction\",\"target\":[\"https:\\\/\\\/renatodias.online\\\/movimento\\\/2021\\\/06\\\/03\\\/terceira-onda-sera-tragica-diz-fausto-jaime\\\/\"]}]},{\"@type\":\"ImageObject\",\"inLanguage\":\"pt-BR\",\"@id\":\"https:\\\/\\\/renatodias.online\\\/movimento\\\/2021\\\/06\\\/03\\\/terceira-onda-sera-tragica-diz-fausto-jaime\\\/#primaryimage\",\"url\":\"https:\\\/\\\/renatodias.online\\\/movimento\\\/wp-content\\\/uploads\\\/2020\\\/04\\\/Fausto-Jaime.jpg\",\"contentUrl\":\"https:\\\/\\\/renatodias.online\\\/movimento\\\/wp-content\\\/uploads\\\/2020\\\/04\\\/Fausto-Jaime.jpg\",\"width\":640,\"height\":640,\"caption\":\"Fausto Jaime\"},{\"@type\":\"BreadcrumbList\",\"@id\":\"https:\\\/\\\/renatodias.online\\\/movimento\\\/2021\\\/06\\\/03\\\/terceira-onda-sera-tragica-diz-fausto-jaime\\\/#breadcrumb\",\"itemListElement\":[{\"@type\":\"ListItem\",\"position\":1,\"name\":\"In\u00edcio\",\"item\":\"https:\\\/\\\/renatodias.online\\\/movimento\\\/\"},{\"@type\":\"ListItem\",\"position\":2,\"name\":\"Terceira Onda ser\u00e1 tr\u00e1gica, diz Fausto Jaime\"}]},{\"@type\":\"WebSite\",\"@id\":\"https:\\\/\\\/renatodias.online\\\/movimento\\\/#website\",\"url\":\"https:\\\/\\\/renatodias.online\\\/movimento\\\/\",\"name\":\"\",\"description\":\"\",\"publisher\":{\"@id\":\"https:\\\/\\\/renatodias.online\\\/movimento\\\/#\\\/schema\\\/person\\\/bbab28833b1725a20f4083f49f1fb2a9\"},\"potentialAction\":[{\"@type\":\"SearchAction\",\"target\":{\"@type\":\"EntryPoint\",\"urlTemplate\":\"https:\\\/\\\/renatodias.online\\\/movimento\\\/?s={search_term_string}\"},\"query-input\":{\"@type\":\"PropertyValueSpecification\",\"valueRequired\":true,\"valueName\":\"search_term_string\"}}],\"inLanguage\":\"pt-BR\"},{\"@type\":[\"Person\",\"Organization\"],\"@id\":\"https:\\\/\\\/renatodias.online\\\/movimento\\\/#\\\/schema\\\/person\\\/bbab28833b1725a20f4083f49f1fb2a9\",\"name\":\"Renato Dias\",\"image\":{\"@type\":\"ImageObject\",\"inLanguage\":\"pt-BR\",\"@id\":\"https:\\\/\\\/renatodias.online\\\/movimento\\\/wp-content\\\/uploads\\\/2023\\\/03\\\/cropped-cropped-cropped-logofinal.jpeg\",\"url\":\"https:\\\/\\\/renatodias.online\\\/movimento\\\/wp-content\\\/uploads\\\/2023\\\/03\\\/cropped-cropped-cropped-logofinal.jpeg\",\"contentUrl\":\"https:\\\/\\\/renatodias.online\\\/movimento\\\/wp-content\\\/uploads\\\/2023\\\/03\\\/cropped-cropped-cropped-logofinal.jpeg\",\"width\":1280,\"height\":219,\"caption\":\"Renato Dias\"},\"logo\":{\"@id\":\"https:\\\/\\\/renatodias.online\\\/movimento\\\/wp-content\\\/uploads\\\/2023\\\/03\\\/cropped-cropped-cropped-logofinal.jpeg\"},\"description\":\"Renato Dias, 58 anos, \u00e9 graduado em Jornalismo, formado em Ci\u00eancias Sociais, com p\u00f3s-gradua\u00e7\u00e3o em Pol\u00edticas P\u00fablicas, mestre em Direito e Rela\u00e7\u00f5es Internacionais, ex-aluno extraordin\u00e1rio do Doutorado em Psicologia Social, ex-estudante do Curso de Psican\u00e1lise do Centro de Estudos Psicanal\u00edticos do Estado de Goi\u00e1s, ministrado pelo m\u00e9dico psiquiatra e psicanalista Daniel Em\u00eddio de Souza. \u00c9 autor de 30 livros-reportagem, oito document\u00e1rios, ganhou 30 pr\u00eamios e \u00e9 torcedor apaixonado do maior do Centro-Oeste, o Vila Nova Futebol Clube. Casado com Meirilane Dias, \u00e9 pai de Juliana Dias, jornalista; Daniel Dias, economista; e Maria Rosa Dias, estudante antifascista, socialista e trotskista.\u00a0Com tr\u00eas pets: Porquinho [Bull Dog Franc\u00eas], Dalila [Basset Hound] e Geleia [Basset Hound]. Al\u00e9m do eterno gato Tutuquinho, que virou estrela.\",\"sameAs\":[\"https:\\\/\\\/www.facebook.com\\\/renato.dias.37\",\"#breve\",\"https:\\\/\\\/renatodias.tumblr.com\\\/\"],\"url\":\"https:\\\/\\\/renatodias.online\\\/movimento\\\/author\\\/renatodias\\\/\"}]}<\/script>\n<!-- \/ Yoast SEO plugin. -->","yoast_head_json":{"title":"Terceira Onda ser\u00e1 tr\u00e1gica, diz Fausto Jaime -","robots":{"index":"index","follow":"follow","max-snippet":"max-snippet:-1","max-image-preview":"max-image-preview:large","max-video-preview":"max-video-preview:-1"},"canonical":"https:\/\/renatodias.online\/movimento\/2021\/06\/03\/terceira-onda-sera-tragica-diz-fausto-jaime\/","og_locale":"pt_BR","og_type":"article","og_title":"Terceira Onda ser\u00e1 tr\u00e1gica, diz Fausto Jaime -","og_description":"Terceira Onda ser\u00e1 tr\u00e1gica, diz Fausto Jaime M\u00e9dico intensivista alerta para os riscos da letalidade de realiza\u00e7\u00e3o da Copa Am\u00e9rica O presidente da Rep\u00fablica, Jair Messias Bolsonaro, \u00e9 um genocida Fausto Jaime M\u00e9dico intensivista Renato Dias O atraso na imuniza\u00e7\u00e3o dos 7,2 milh\u00f5es de habitantes em Goi\u00e1s significa a eleva\u00e7\u00e3o do \u00edndice de mortalidade. A","og_url":"https:\/\/renatodias.online\/movimento\/2021\/06\/03\/terceira-onda-sera-tragica-diz-fausto-jaime\/","article_publisher":"https:\/\/www.facebook.com\/renato.dias.37","article_author":"https:\/\/www.facebook.com\/renato.dias.37","article_published_time":"2021-06-03T23:39:46+00:00","og_image":[{"width":640,"height":640,"url":"https:\/\/renatodias.online\/movimento\/wp-content\/uploads\/2020\/04\/Fausto-Jaime.jpg","type":"image\/jpeg"}],"author":"Renato Dias","twitter_card":"summary_large_image","twitter_creator":"@RenatoDiasBat","twitter_site":"@RenatoDiasBat","twitter_misc":{"Escrito por":"Renato Dias","Est. tempo de leitura":"1 minuto"},"schema":{"@context":"https:\/\/schema.org","@graph":[{"@type":"Article","@id":"https:\/\/renatodias.online\/movimento\/2021\/06\/03\/terceira-onda-sera-tragica-diz-fausto-jaime\/#article","isPartOf":{"@id":"https:\/\/renatodias.online\/movimento\/2021\/06\/03\/terceira-onda-sera-tragica-diz-fausto-jaime\/"},"author":{"name":"Renato Dias","@id":"https:\/\/renatodias.online\/movimento\/#\/schema\/person\/bbab28833b1725a20f4083f49f1fb2a9"},"headline":"Terceira Onda ser\u00e1 tr\u00e1gica, diz Fausto Jaime","datePublished":"2021-06-03T23:39:46+00:00","mainEntityOfPage":{"@id":"https:\/\/renatodias.online\/movimento\/2021\/06\/03\/terceira-onda-sera-tragica-diz-fausto-jaime\/"},"wordCount":259,"commentCount":0,"publisher":{"@id":"https:\/\/renatodias.online\/movimento\/#\/schema\/person\/bbab28833b1725a20f4083f49f1fb2a9"},"image":{"@id":"https:\/\/renatodias.online\/movimento\/2021\/06\/03\/terceira-onda-sera-tragica-diz-fausto-jaime\/#primaryimage"},"thumbnailUrl":"https:\/\/renatodias.online\/movimento\/wp-content\/uploads\/2020\/04\/Fausto-Jaime.jpg","articleSection":["Covid 19"],"inLanguage":"pt-BR","potentialAction":[{"@type":"CommentAction","name":"Comment","target":["https:\/\/renatodias.online\/movimento\/2021\/06\/03\/terceira-onda-sera-tragica-diz-fausto-jaime\/#respond"]}]},{"@type":"WebPage","@id":"https:\/\/renatodias.online\/movimento\/2021\/06\/03\/terceira-onda-sera-tragica-diz-fausto-jaime\/","url":"https:\/\/renatodias.online\/movimento\/2021\/06\/03\/terceira-onda-sera-tragica-diz-fausto-jaime\/","name":"Terceira Onda ser\u00e1 tr\u00e1gica, diz Fausto Jaime -","isPartOf":{"@id":"https:\/\/renatodias.online\/movimento\/#website"},"primaryImageOfPage":{"@id":"https:\/\/renatodias.online\/movimento\/2021\/06\/03\/terceira-onda-sera-tragica-diz-fausto-jaime\/#primaryimage"},"image":{"@id":"https:\/\/renatodias.online\/movimento\/2021\/06\/03\/terceira-onda-sera-tragica-diz-fausto-jaime\/#primaryimage"},"thumbnailUrl":"https:\/\/renatodias.online\/movimento\/wp-content\/uploads\/2020\/04\/Fausto-Jaime.jpg","datePublished":"2021-06-03T23:39:46+00:00","breadcrumb":{"@id":"https:\/\/renatodias.online\/movimento\/2021\/06\/03\/terceira-onda-sera-tragica-diz-fausto-jaime\/#breadcrumb"},"inLanguage":"pt-BR","potentialAction":[{"@type":"ReadAction","target":["https:\/\/renatodias.online\/movimento\/2021\/06\/03\/terceira-onda-sera-tragica-diz-fausto-jaime\/"]}]},{"@type":"ImageObject","inLanguage":"pt-BR","@id":"https:\/\/renatodias.online\/movimento\/2021\/06\/03\/terceira-onda-sera-tragica-diz-fausto-jaime\/#primaryimage","url":"https:\/\/renatodias.online\/movimento\/wp-content\/uploads\/2020\/04\/Fausto-Jaime.jpg","contentUrl":"https:\/\/renatodias.online\/movimento\/wp-content\/uploads\/2020\/04\/Fausto-Jaime.jpg","width":640,"height":640,"caption":"Fausto Jaime"},{"@type":"BreadcrumbList","@id":"https:\/\/renatodias.online\/movimento\/2021\/06\/03\/terceira-onda-sera-tragica-diz-fausto-jaime\/#breadcrumb","itemListElement":[{"@type":"ListItem","position":1,"name":"In\u00edcio","item":"https:\/\/renatodias.online\/movimento\/"},{"@type":"ListItem","position":2,"name":"Terceira Onda ser\u00e1 tr\u00e1gica, diz Fausto Jaime"}]},{"@type":"WebSite","@id":"https:\/\/renatodias.online\/movimento\/#website","url":"https:\/\/renatodias.online\/movimento\/","name":"","description":"","publisher":{"@id":"https:\/\/renatodias.online\/movimento\/#\/schema\/person\/bbab28833b1725a20f4083f49f1fb2a9"},"potentialAction":[{"@type":"SearchAction","target":{"@type":"EntryPoint","urlTemplate":"https:\/\/renatodias.online\/movimento\/?s={search_term_string}"},"query-input":{"@type":"PropertyValueSpecification","valueRequired":true,"valueName":"search_term_string"}}],"inLanguage":"pt-BR"},{"@type":["Person","Organization"],"@id":"https:\/\/renatodias.online\/movimento\/#\/schema\/person\/bbab28833b1725a20f4083f49f1fb2a9","name":"Renato Dias","image":{"@type":"ImageObject","inLanguage":"pt-BR","@id":"https:\/\/renatodias.online\/movimento\/wp-content\/uploads\/2023\/03\/cropped-cropped-cropped-logofinal.jpeg","url":"https:\/\/renatodias.online\/movimento\/wp-content\/uploads\/2023\/03\/cropped-cropped-cropped-logofinal.jpeg","contentUrl":"https:\/\/renatodias.online\/movimento\/wp-content\/uploads\/2023\/03\/cropped-cropped-cropped-logofinal.jpeg","width":1280,"height":219,"caption":"Renato Dias"},"logo":{"@id":"https:\/\/renatodias.online\/movimento\/wp-content\/uploads\/2023\/03\/cropped-cropped-cropped-logofinal.jpeg"},"description":"Renato Dias, 58 anos, \u00e9 graduado em Jornalismo, formado em Ci\u00eancias Sociais, com p\u00f3s-gradua\u00e7\u00e3o em Pol\u00edticas P\u00fablicas, mestre em Direito e Rela\u00e7\u00f5es Internacionais, ex-aluno extraordin\u00e1rio do Doutorado em Psicologia Social, ex-estudante do Curso de Psican\u00e1lise do Centro de Estudos Psicanal\u00edticos do Estado de Goi\u00e1s, ministrado pelo m\u00e9dico psiquiatra e psicanalista Daniel Em\u00eddio de Souza. \u00c9 autor de 30 livros-reportagem, oito document\u00e1rios, ganhou 30 pr\u00eamios e \u00e9 torcedor apaixonado do maior do Centro-Oeste, o Vila Nova Futebol Clube. Casado com Meirilane Dias, \u00e9 pai de Juliana Dias, jornalista; Daniel Dias, economista; e Maria Rosa Dias, estudante antifascista, socialista e trotskista.\u00a0Com tr\u00eas pets: Porquinho [Bull Dog Franc\u00eas], Dalila [Basset Hound] e Geleia [Basset Hound]. Al\u00e9m do eterno gato Tutuquinho, que virou estrela.","sameAs":["https:\/\/www.facebook.com\/renato.dias.37","#breve","https:\/\/renatodias.tumblr.com\/"],"url":"https:\/\/renatodias.online\/movimento\/author\/renatodias\/"}]}},"_links":{"self":[{"href":"https:\/\/renatodias.online\/movimento\/wp-json\/wp\/v2\/posts\/6947","targetHints":{"allow":["GET"]}}],"collection":[{"href":"https:\/\/renatodias.online\/movimento\/wp-json\/wp\/v2\/posts"}],"about":[{"href":"https:\/\/renatodias.online\/movimento\/wp-json\/wp\/v2\/types\/post"}],"author":[{"embeddable":true,"href":"https:\/\/renatodias.online\/movimento\/wp-json\/wp\/v2\/users\/2"}],"replies":[{"embeddable":true,"href":"https:\/\/renatodias.online\/movimento\/wp-json\/wp\/v2\/comments?post=6947"}],"version-history":[{"count":1,"href":"https:\/\/renatodias.online\/movimento\/wp-json\/wp\/v2\/posts\/6947\/revisions"}],"predecessor-version":[{"id":6948,"href":"https:\/\/renatodias.online\/movimento\/wp-json\/wp\/v2\/posts\/6947\/revisions\/6948"}],"wp:featuredmedia":[{"embeddable":true,"href":"https:\/\/renatodias.online\/movimento\/wp-json\/wp\/v2\/media\/3313"}],"wp:attachment":[{"href":"https:\/\/renatodias.online\/movimento\/wp-json\/wp\/v2\/media?parent=6947"}],"wp:term":[{"taxonomy":"category","embeddable":true,"href":"https:\/\/renatodias.online\/movimento\/wp-json\/wp\/v2\/categories?post=6947"},{"taxonomy":"post_tag","embeddable":true,"href":"https:\/\/renatodias.online\/movimento\/wp-json\/wp\/v2\/tags?post=6947"}],"curies":[{"name":"wp","href":"https:\/\/api.w.org\/{rel}","templated":true}]}}