{"id":6860,"date":"2021-05-31T23:49:12","date_gmt":"2021-06-01T02:49:12","guid":{"rendered":"https:\/\/renatodias.online\/movimento\/?p=6860"},"modified":"2021-05-31T23:50:15","modified_gmt":"2021-06-01T02:50:15","slug":"6860","status":"publish","type":"post","link":"https:\/\/renatodias.online\/movimento\/2021\/05\/31\/6860\/","title":{"rendered":"Os \u00faltimos dias de Dilma Rousseff no poder"},"content":{"rendered":"<h1 style=\"text-align: center;\"><span style=\"color: #ff0000;\"><strong>Os \u00faltimos dias de Dilma Rousseff no poder<\/strong><\/span><\/h1>\n<figure id=\"attachment_6861\" aria-describedby=\"caption-attachment-6861\" style=\"width: 1920px\" class=\"wp-caption alignnone\"><img loading=\"lazy\" decoding=\"async\" class=\"size-full wp-image-6861\" src=\"https:\/\/renatodias.online\/movimento\/wp-content\/uploads\/2021\/05\/Alvorada-_-Dilma-_-4.jpg\" alt=\"\" width=\"1920\" height=\"1080\" \/><figcaption id=\"caption-attachment-6861\" class=\"wp-caption-text\">Dilma Rousseff &#8211; Golpe de 2016<\/figcaption><\/figure>\n<h1><span style=\"color: #008000;\"><strong>Alvorada<\/strong><\/span><\/h1>\n<p><span style=\"color: #ff0000;\"><strong>Filme de 2016 de Anna Muylaert e Lo Politti \u00e9 contempor\u00e2neo do Brasil de 2021<\/strong><\/span><\/p>\n<p><strong>Renato Dias<\/strong><\/p>\n<p><strong>Alvorada<\/strong> quer dizer o in\u00edcio. Mais: o come\u00e7o. O amanhecer. \u00c9 o que significa o t\u00edtulo do document\u00e1rio assinado por duas mulheres: Anna Muylaert e Lo Politti. Os \u00faltimos dias de Dilma Rousseff no poder. Com o golpe p\u00f3s-moderno do ano de 2016. Um conceito formulado pelo soci\u00f3logo da Universidade de Coimbra, Portugal, Boaventura de Souza Santos. Um impeachment sem crime de responsabilidade. Alvorada, com uma hora e 30 minutos de dura\u00e7\u00e3o. Especial.<\/p>\n<p><img loading=\"lazy\" decoding=\"async\" class=\"alignnone size-full wp-image-6863\" src=\"https:\/\/renatodias.online\/movimento\/wp-content\/uploads\/2021\/05\/Alvorada-_-Dilma-Rousseff-_-1.jpeg\" alt=\"\" width=\"1000\" height=\"500\" \/><\/p>\n<p>\u00c0 \u00e9poca deputado federal do baixo clero, Jair Messias Bolsonaro, em sess\u00e3o realizada dia <strong>17 de abril <\/strong>do ano que n\u00e3o acabou, invoca a mem\u00f3ria do coronel <strong>Carlos Alberto Brilhante Ustra<\/strong>. De tris\u00adte lembran\u00e7a \u00e0 democracia e aos direitos humanos. Comandante do DOI-CODI, do II Ex\u00e9rcito, sediado em S\u00e3o Paulo. Um dos torturadores. Da ent\u00e3o guerrilheira da Var-Palmares. A presi\u00addente da Rep\u00fablica eleita com 54,5 milh\u00f5es de votos, Dilma Rousseff, \u00e9 afastada dia <strong>12 de maio<\/strong>.<\/p>\n<p>M\u00eas tr\u00e1gico para a Rep\u00fablica, por 61 a 20, sem nenhuma aus\u00eancia ou absten\u00e7\u00e3o, o Senado Federal aprova, dia <strong>31 de agosto<\/strong> do mesmo ano, o golpe de Estado de novo tipo. Parlamentar, com o aval do Supremo Tribunal Federal. O STF. Editoriais favor\u00e1veis dos Conglomerados de Comunica\u00e7\u00e3o. Como o da Folha de S. Paulo. Monop\u00f3lios de m\u00eddia do <em>stablishment<\/em>. Vertebrado pelas classes m\u00e9dias fascistas nas ruas. Logo a maldi\u00e7\u00e3o do impeachment entra em cena.<\/p>\n<p>O presidente da C\u00e2mara dos Deputados, Eduardo Cunha [MDB-RJ], ap\u00f3stolo da narrativa anticorrup\u00e7\u00e3o do MBL, \u00e9 preso. Michel Temer cai em desgra\u00e7a e passa um tempo no c\u00e1rcere. Paladino da \u00e9tica e da moralidade, o tucano A\u00e9cio Neves \u00e9 desmascarado. Juiz de Direito Federal de Curitiba, S\u00e9rgio Moro, que havia sido idolatrado at\u00e9 nos Estados Unidos, \u00e9 exonerado do Minist\u00e9rio da Justi\u00e7a e Seguran\u00e7a P\u00fablica e declarado parcial pela corte suprema do Brasil.<\/p>\n<p>Mulher que aprendeu a apreciar o tango de Carlos Gardel, da Argentina, Pa\u00eds do Cone-Sul, na cadeia, nos tempos sombrios da ditadura civil e militar, Dilma Rousseff quer mesmo \u00e9 ganhar \u2018a batalha pela mem\u00f3ria\u2019. O que o Tempo Presente mostra que ela conseguiu. Jos\u00e9 Eduardo Cardozo fez a sua defesa jur\u00eddica. Chico Buarque, Guilherme Boulos e Luiz In\u00e1cio Lula da Silva testemunharam o teatro no Senado. \u00d3pera bufa. Jacques Wagner [BA] recebe a notifica\u00e7\u00e3o.<\/p>\n<figure id=\"attachment_6871\" aria-describedby=\"caption-attachment-6871\" style=\"width: 512px\" class=\"wp-caption aligncenter\"><img loading=\"lazy\" decoding=\"async\" class=\"size-full wp-image-6871\" src=\"https:\/\/renatodias.online\/movimento\/wp-content\/uploads\/2021\/05\/A-saida.jpg\" alt=\"\" width=\"512\" height=\"280\" srcset=\"https:\/\/renatodias.online\/movimento\/wp-content\/uploads\/2021\/05\/A-saida.jpg 512w, https:\/\/renatodias.online\/movimento\/wp-content\/uploads\/2021\/05\/A-saida-300x164.jpg 300w\" sizes=\"auto, (max-width: 512px) 100vw, 512px\" \/><figcaption id=\"caption-attachment-6871\" class=\"wp-caption-text\">A sa\u00edda do Alvorada<\/figcaption><\/figure>\n<p><strong>Ol\u00ea, ol\u00ea, ol\u00e1. Dilma, Dilma!<\/strong> Palavras de ordem que ecoam \u00e0 sua sa\u00edda do Pal\u00e1cio do Alvorada. Bandeiras vermelhas s\u00e3o desfraldadas em Bras\u00edlia. Capital da Rep\u00fablica. Vampiro, Michel Temer, exposto ao sol, derrete, chega a 1% de aprova\u00e7\u00e3o apenas e para atr\u00e1s das grades. Suposto outsider, com oito mandatos eletivos consecutivos, uma facada suspeita, tsunami de Fake News, orienta\u00e7\u00f5es de Steve Bannon, que acabaria preso, Jair Bolsonaro \u00e9 eleito presidente do Brasil.<\/p>\n<p><img loading=\"lazy\" decoding=\"async\" class=\"alignnone size-full wp-image-6864\" src=\"https:\/\/renatodias.online\/movimento\/wp-content\/uploads\/2021\/05\/Alvorada-Dilma-Rousseff.jpg\" alt=\"\" width=\"1200\" height=\"900\" \/><\/p>\n<p>A Pandemia do Coronav\u00edrus Covid 19 devasta o Pa\u00eds. De norte a Sul. Nos 5.570 munic\u00edpios. Das 27 unidades da Federa\u00e7\u00e3o. Com 500 mil mortos. A maior trag\u00e9dia sanit\u00e1ria e de sa\u00fade p\u00fablica da Hist\u00f3ria. Mais do que a Gripe Espanhola. Queda de 4,1% do PIB. Assim como 15 milh\u00f5es de desempregados, 105 milh\u00f5es de habitantes em inseguran\u00e7a alimentar. Al\u00e9m de alta da taxa de juros, infla\u00e7\u00e3o, d\u00f3lar, euro e libra nas alturas, volta ao Mapa da Fome. \u00c9 a <strong>Rep\u00fablica das Mil\u00edcias<\/strong>.<\/p>\n<figure id=\"attachment_5834\" aria-describedby=\"caption-attachment-5834\" style=\"width: 1000px\" class=\"wp-caption alignnone\"><img loading=\"lazy\" decoding=\"async\" class=\"size-full wp-image-5834\" src=\"https:\/\/renatodias.online\/movimento\/wp-content\/uploads\/2021\/04\/presidentejairbolsonaro3-1.jpg\" alt=\"\" width=\"1000\" height=\"666\" srcset=\"https:\/\/renatodias.online\/movimento\/wp-content\/uploads\/2021\/04\/presidentejairbolsonaro3-1.jpg 1000w, https:\/\/renatodias.online\/movimento\/wp-content\/uploads\/2021\/04\/presidentejairbolsonaro3-1-300x200.jpg 300w, https:\/\/renatodias.online\/movimento\/wp-content\/uploads\/2021\/04\/presidentejairbolsonaro3-1-768x511.jpg 768w, https:\/\/renatodias.online\/movimento\/wp-content\/uploads\/2021\/04\/presidentejairbolsonaro3-1-360x240.jpg 360w, https:\/\/renatodias.online\/movimento\/wp-content\/uploads\/2021\/04\/presidentejairbolsonaro3-1-750x500.jpg 750w\" sizes=\"auto, (max-width: 1000px) 100vw, 1000px\" \/><figcaption id=\"caption-attachment-5834\" class=\"wp-caption-text\">Jair Bolsonaro<\/figcaption><\/figure>\n","protected":false},"excerpt":{"rendered":"<p>Os \u00faltimos dias de Dilma Rousseff no poder Alvorada Filme de 2016 de Anna Muylaert e Lo Politti \u00e9 contempor\u00e2neo do Brasil de 2021 Renato Dias Alvorada quer dizer o in\u00edcio. Mais: o come\u00e7o. O amanhecer. \u00c9 o que significa o t\u00edtulo do document\u00e1rio assinado por duas mulheres: Anna Muylaert e Lo Politti. Os \u00faltimos<\/p>\n","protected":false},"author":2,"featured_media":6862,"comment_status":"open","ping_status":"open","sticky":false,"template":"","format":"standard","meta":{"_acf_changed":false,"_monsterinsights_skip_tracking":false,"_monsterinsights_sitenote_active":false,"_monsterinsights_sitenote_note":"","_monsterinsights_sitenote_category":0,"footnotes":""},"categories":[35],"tags":[],"class_list":["post-6860","post","type-post","status-publish","format-standard","has-post-thumbnail","hentry","category-nacional"],"acf":[],"yoast_head":"<!-- This site is optimized with the Yoast SEO plugin v27.4 - https:\/\/yoast.com\/product\/yoast-seo-wordpress\/ -->\n<title>Os \u00faltimos dias de Dilma Rousseff no poder -<\/title>\n<meta name=\"robots\" content=\"index, follow, max-snippet:-1, max-image-preview:large, max-video-preview:-1\" \/>\n<link rel=\"canonical\" href=\"https:\/\/renatodias.online\/movimento\/2021\/05\/31\/6860\/\" \/>\n<meta property=\"og:locale\" content=\"pt_BR\" \/>\n<meta property=\"og:type\" content=\"article\" \/>\n<meta property=\"og:title\" content=\"Os \u00faltimos dias de Dilma Rousseff no poder -\" \/>\n<meta property=\"og:description\" content=\"Os \u00faltimos dias de Dilma Rousseff no poder Alvorada Filme de 2016 de Anna Muylaert e Lo Politti \u00e9 contempor\u00e2neo do Brasil de 2021 Renato Dias Alvorada quer dizer o in\u00edcio. Mais: o come\u00e7o. O amanhecer. \u00c9 o que significa o t\u00edtulo do document\u00e1rio assinado por duas mulheres: Anna Muylaert e Lo Politti. Os \u00faltimos\" \/>\n<meta property=\"og:url\" content=\"https:\/\/renatodias.online\/movimento\/2021\/05\/31\/6860\/\" \/>\n<meta property=\"article:publisher\" content=\"https:\/\/www.facebook.com\/renato.dias.37\" \/>\n<meta property=\"article:author\" content=\"https:\/\/www.facebook.com\/renato.dias.37\" \/>\n<meta property=\"article:published_time\" content=\"2021-06-01T02:49:12+00:00\" \/>\n<meta property=\"article:modified_time\" content=\"2021-06-01T02:50:15+00:00\" \/>\n<meta property=\"og:image\" content=\"https:\/\/renatodias.online\/movimento\/wp-content\/uploads\/2021\/05\/Alvorada-_-Link.jpg\" \/>\n\t<meta property=\"og:image:width\" content=\"398\" \/>\n\t<meta property=\"og:image:height\" content=\"581\" \/>\n\t<meta property=\"og:image:type\" content=\"image\/jpeg\" \/>\n<meta name=\"author\" content=\"Renato Dias\" \/>\n<meta name=\"twitter:card\" content=\"summary_large_image\" \/>\n<meta name=\"twitter:creator\" content=\"@RenatoDiasBat\" \/>\n<meta name=\"twitter:site\" content=\"@RenatoDiasBat\" \/>\n<meta name=\"twitter:label1\" content=\"Escrito por\" \/>\n\t<meta name=\"twitter:data1\" content=\"Renato Dias\" \/>\n\t<meta name=\"twitter:label2\" content=\"Est. tempo de leitura\" \/>\n\t<meta name=\"twitter:data2\" content=\"3 minutos\" \/>\n<script type=\"application\/ld+json\" class=\"yoast-schema-graph\">{\"@context\":\"https:\\\/\\\/schema.org\",\"@graph\":[{\"@type\":\"Article\",\"@id\":\"https:\\\/\\\/renatodias.online\\\/movimento\\\/2021\\\/05\\\/31\\\/6860\\\/#article\",\"isPartOf\":{\"@id\":\"https:\\\/\\\/renatodias.online\\\/movimento\\\/2021\\\/05\\\/31\\\/6860\\\/\"},\"author\":{\"name\":\"Renato Dias\",\"@id\":\"https:\\\/\\\/renatodias.online\\\/movimento\\\/#\\\/schema\\\/person\\\/bbab28833b1725a20f4083f49f1fb2a9\"},\"headline\":\"Os \u00faltimos dias de Dilma Rousseff no poder\",\"datePublished\":\"2021-06-01T02:49:12+00:00\",\"dateModified\":\"2021-06-01T02:50:15+00:00\",\"mainEntityOfPage\":{\"@id\":\"https:\\\/\\\/renatodias.online\\\/movimento\\\/2021\\\/05\\\/31\\\/6860\\\/\"},\"wordCount\":635,\"commentCount\":0,\"publisher\":{\"@id\":\"https:\\\/\\\/renatodias.online\\\/movimento\\\/#\\\/schema\\\/person\\\/bbab28833b1725a20f4083f49f1fb2a9\"},\"image\":{\"@id\":\"https:\\\/\\\/renatodias.online\\\/movimento\\\/2021\\\/05\\\/31\\\/6860\\\/#primaryimage\"},\"thumbnailUrl\":\"https:\\\/\\\/renatodias.online\\\/movimento\\\/wp-content\\\/uploads\\\/2021\\\/05\\\/Alvorada-_-Link.jpg\",\"articleSection\":[\"Nacional\"],\"inLanguage\":\"pt-BR\",\"potentialAction\":[{\"@type\":\"CommentAction\",\"name\":\"Comment\",\"target\":[\"https:\\\/\\\/renatodias.online\\\/movimento\\\/2021\\\/05\\\/31\\\/6860\\\/#respond\"]}]},{\"@type\":\"WebPage\",\"@id\":\"https:\\\/\\\/renatodias.online\\\/movimento\\\/2021\\\/05\\\/31\\\/6860\\\/\",\"url\":\"https:\\\/\\\/renatodias.online\\\/movimento\\\/2021\\\/05\\\/31\\\/6860\\\/\",\"name\":\"Os \u00faltimos dias de Dilma Rousseff no poder -\",\"isPartOf\":{\"@id\":\"https:\\\/\\\/renatodias.online\\\/movimento\\\/#website\"},\"primaryImageOfPage\":{\"@id\":\"https:\\\/\\\/renatodias.online\\\/movimento\\\/2021\\\/05\\\/31\\\/6860\\\/#primaryimage\"},\"image\":{\"@id\":\"https:\\\/\\\/renatodias.online\\\/movimento\\\/2021\\\/05\\\/31\\\/6860\\\/#primaryimage\"},\"thumbnailUrl\":\"https:\\\/\\\/renatodias.online\\\/movimento\\\/wp-content\\\/uploads\\\/2021\\\/05\\\/Alvorada-_-Link.jpg\",\"datePublished\":\"2021-06-01T02:49:12+00:00\",\"dateModified\":\"2021-06-01T02:50:15+00:00\",\"breadcrumb\":{\"@id\":\"https:\\\/\\\/renatodias.online\\\/movimento\\\/2021\\\/05\\\/31\\\/6860\\\/#breadcrumb\"},\"inLanguage\":\"pt-BR\",\"potentialAction\":[{\"@type\":\"ReadAction\",\"target\":[\"https:\\\/\\\/renatodias.online\\\/movimento\\\/2021\\\/05\\\/31\\\/6860\\\/\"]}]},{\"@type\":\"ImageObject\",\"inLanguage\":\"pt-BR\",\"@id\":\"https:\\\/\\\/renatodias.online\\\/movimento\\\/2021\\\/05\\\/31\\\/6860\\\/#primaryimage\",\"url\":\"https:\\\/\\\/renatodias.online\\\/movimento\\\/wp-content\\\/uploads\\\/2021\\\/05\\\/Alvorada-_-Link.jpg\",\"contentUrl\":\"https:\\\/\\\/renatodias.online\\\/movimento\\\/wp-content\\\/uploads\\\/2021\\\/05\\\/Alvorada-_-Link.jpg\",\"width\":398,\"height\":581,\"caption\":\"Dilma Rousseff\"},{\"@type\":\"BreadcrumbList\",\"@id\":\"https:\\\/\\\/renatodias.online\\\/movimento\\\/2021\\\/05\\\/31\\\/6860\\\/#breadcrumb\",\"itemListElement\":[{\"@type\":\"ListItem\",\"position\":1,\"name\":\"In\u00edcio\",\"item\":\"https:\\\/\\\/renatodias.online\\\/movimento\\\/\"},{\"@type\":\"ListItem\",\"position\":2,\"name\":\"Os \u00faltimos dias de Dilma Rousseff no poder\"}]},{\"@type\":\"WebSite\",\"@id\":\"https:\\\/\\\/renatodias.online\\\/movimento\\\/#website\",\"url\":\"https:\\\/\\\/renatodias.online\\\/movimento\\\/\",\"name\":\"\",\"description\":\"\",\"publisher\":{\"@id\":\"https:\\\/\\\/renatodias.online\\\/movimento\\\/#\\\/schema\\\/person\\\/bbab28833b1725a20f4083f49f1fb2a9\"},\"potentialAction\":[{\"@type\":\"SearchAction\",\"target\":{\"@type\":\"EntryPoint\",\"urlTemplate\":\"https:\\\/\\\/renatodias.online\\\/movimento\\\/?s={search_term_string}\"},\"query-input\":{\"@type\":\"PropertyValueSpecification\",\"valueRequired\":true,\"valueName\":\"search_term_string\"}}],\"inLanguage\":\"pt-BR\"},{\"@type\":[\"Person\",\"Organization\"],\"@id\":\"https:\\\/\\\/renatodias.online\\\/movimento\\\/#\\\/schema\\\/person\\\/bbab28833b1725a20f4083f49f1fb2a9\",\"name\":\"Renato Dias\",\"image\":{\"@type\":\"ImageObject\",\"inLanguage\":\"pt-BR\",\"@id\":\"https:\\\/\\\/renatodias.online\\\/movimento\\\/wp-content\\\/uploads\\\/2023\\\/03\\\/cropped-cropped-cropped-logofinal.jpeg\",\"url\":\"https:\\\/\\\/renatodias.online\\\/movimento\\\/wp-content\\\/uploads\\\/2023\\\/03\\\/cropped-cropped-cropped-logofinal.jpeg\",\"contentUrl\":\"https:\\\/\\\/renatodias.online\\\/movimento\\\/wp-content\\\/uploads\\\/2023\\\/03\\\/cropped-cropped-cropped-logofinal.jpeg\",\"width\":1280,\"height\":219,\"caption\":\"Renato Dias\"},\"logo\":{\"@id\":\"https:\\\/\\\/renatodias.online\\\/movimento\\\/wp-content\\\/uploads\\\/2023\\\/03\\\/cropped-cropped-cropped-logofinal.jpeg\"},\"description\":\"Renato Dias, 58 anos, \u00e9 graduado em Jornalismo, formado em Ci\u00eancias Sociais, com p\u00f3s-gradua\u00e7\u00e3o em Pol\u00edticas P\u00fablicas, mestre em Direito e Rela\u00e7\u00f5es Internacionais, ex-aluno extraordin\u00e1rio do Doutorado em Psicologia Social, ex-estudante do Curso de Psican\u00e1lise do Centro de Estudos Psicanal\u00edticos do Estado de Goi\u00e1s, ministrado pelo m\u00e9dico psiquiatra e psicanalista Daniel Em\u00eddio de Souza. \u00c9 autor de 30 livros-reportagem, oito document\u00e1rios, ganhou 30 pr\u00eamios e \u00e9 torcedor apaixonado do maior do Centro-Oeste, o Vila Nova Futebol Clube. Casado com Meirilane Dias, \u00e9 pai de Juliana Dias, jornalista; Daniel Dias, economista; e Maria Rosa Dias, estudante antifascista, socialista e trotskista.\u00a0Com tr\u00eas pets: Porquinho [Bull Dog Franc\u00eas], Dalila [Basset Hound] e Geleia [Basset Hound]. Al\u00e9m do eterno gato Tutuquinho, que virou estrela.\",\"sameAs\":[\"https:\\\/\\\/www.facebook.com\\\/renato.dias.37\",\"#breve\",\"https:\\\/\\\/renatodias.tumblr.com\\\/\"],\"url\":\"https:\\\/\\\/renatodias.online\\\/movimento\\\/author\\\/renatodias\\\/\"}]}<\/script>\n<!-- \/ Yoast SEO plugin. -->","yoast_head_json":{"title":"Os \u00faltimos dias de Dilma Rousseff no poder -","robots":{"index":"index","follow":"follow","max-snippet":"max-snippet:-1","max-image-preview":"max-image-preview:large","max-video-preview":"max-video-preview:-1"},"canonical":"https:\/\/renatodias.online\/movimento\/2021\/05\/31\/6860\/","og_locale":"pt_BR","og_type":"article","og_title":"Os \u00faltimos dias de Dilma Rousseff no poder -","og_description":"Os \u00faltimos dias de Dilma Rousseff no poder Alvorada Filme de 2016 de Anna Muylaert e Lo Politti \u00e9 contempor\u00e2neo do Brasil de 2021 Renato Dias Alvorada quer dizer o in\u00edcio. Mais: o come\u00e7o. O amanhecer. \u00c9 o que significa o t\u00edtulo do document\u00e1rio assinado por duas mulheres: Anna Muylaert e Lo Politti. Os \u00faltimos","og_url":"https:\/\/renatodias.online\/movimento\/2021\/05\/31\/6860\/","article_publisher":"https:\/\/www.facebook.com\/renato.dias.37","article_author":"https:\/\/www.facebook.com\/renato.dias.37","article_published_time":"2021-06-01T02:49:12+00:00","article_modified_time":"2021-06-01T02:50:15+00:00","og_image":[{"width":398,"height":581,"url":"https:\/\/renatodias.online\/movimento\/wp-content\/uploads\/2021\/05\/Alvorada-_-Link.jpg","type":"image\/jpeg"}],"author":"Renato Dias","twitter_card":"summary_large_image","twitter_creator":"@RenatoDiasBat","twitter_site":"@RenatoDiasBat","twitter_misc":{"Escrito por":"Renato Dias","Est. tempo de leitura":"3 minutos"},"schema":{"@context":"https:\/\/schema.org","@graph":[{"@type":"Article","@id":"https:\/\/renatodias.online\/movimento\/2021\/05\/31\/6860\/#article","isPartOf":{"@id":"https:\/\/renatodias.online\/movimento\/2021\/05\/31\/6860\/"},"author":{"name":"Renato Dias","@id":"https:\/\/renatodias.online\/movimento\/#\/schema\/person\/bbab28833b1725a20f4083f49f1fb2a9"},"headline":"Os \u00faltimos dias de Dilma Rousseff no poder","datePublished":"2021-06-01T02:49:12+00:00","dateModified":"2021-06-01T02:50:15+00:00","mainEntityOfPage":{"@id":"https:\/\/renatodias.online\/movimento\/2021\/05\/31\/6860\/"},"wordCount":635,"commentCount":0,"publisher":{"@id":"https:\/\/renatodias.online\/movimento\/#\/schema\/person\/bbab28833b1725a20f4083f49f1fb2a9"},"image":{"@id":"https:\/\/renatodias.online\/movimento\/2021\/05\/31\/6860\/#primaryimage"},"thumbnailUrl":"https:\/\/renatodias.online\/movimento\/wp-content\/uploads\/2021\/05\/Alvorada-_-Link.jpg","articleSection":["Nacional"],"inLanguage":"pt-BR","potentialAction":[{"@type":"CommentAction","name":"Comment","target":["https:\/\/renatodias.online\/movimento\/2021\/05\/31\/6860\/#respond"]}]},{"@type":"WebPage","@id":"https:\/\/renatodias.online\/movimento\/2021\/05\/31\/6860\/","url":"https:\/\/renatodias.online\/movimento\/2021\/05\/31\/6860\/","name":"Os \u00faltimos dias de Dilma Rousseff no poder -","isPartOf":{"@id":"https:\/\/renatodias.online\/movimento\/#website"},"primaryImageOfPage":{"@id":"https:\/\/renatodias.online\/movimento\/2021\/05\/31\/6860\/#primaryimage"},"image":{"@id":"https:\/\/renatodias.online\/movimento\/2021\/05\/31\/6860\/#primaryimage"},"thumbnailUrl":"https:\/\/renatodias.online\/movimento\/wp-content\/uploads\/2021\/05\/Alvorada-_-Link.jpg","datePublished":"2021-06-01T02:49:12+00:00","dateModified":"2021-06-01T02:50:15+00:00","breadcrumb":{"@id":"https:\/\/renatodias.online\/movimento\/2021\/05\/31\/6860\/#breadcrumb"},"inLanguage":"pt-BR","potentialAction":[{"@type":"ReadAction","target":["https:\/\/renatodias.online\/movimento\/2021\/05\/31\/6860\/"]}]},{"@type":"ImageObject","inLanguage":"pt-BR","@id":"https:\/\/renatodias.online\/movimento\/2021\/05\/31\/6860\/#primaryimage","url":"https:\/\/renatodias.online\/movimento\/wp-content\/uploads\/2021\/05\/Alvorada-_-Link.jpg","contentUrl":"https:\/\/renatodias.online\/movimento\/wp-content\/uploads\/2021\/05\/Alvorada-_-Link.jpg","width":398,"height":581,"caption":"Dilma Rousseff"},{"@type":"BreadcrumbList","@id":"https:\/\/renatodias.online\/movimento\/2021\/05\/31\/6860\/#breadcrumb","itemListElement":[{"@type":"ListItem","position":1,"name":"In\u00edcio","item":"https:\/\/renatodias.online\/movimento\/"},{"@type":"ListItem","position":2,"name":"Os \u00faltimos dias de Dilma Rousseff no poder"}]},{"@type":"WebSite","@id":"https:\/\/renatodias.online\/movimento\/#website","url":"https:\/\/renatodias.online\/movimento\/","name":"","description":"","publisher":{"@id":"https:\/\/renatodias.online\/movimento\/#\/schema\/person\/bbab28833b1725a20f4083f49f1fb2a9"},"potentialAction":[{"@type":"SearchAction","target":{"@type":"EntryPoint","urlTemplate":"https:\/\/renatodias.online\/movimento\/?s={search_term_string}"},"query-input":{"@type":"PropertyValueSpecification","valueRequired":true,"valueName":"search_term_string"}}],"inLanguage":"pt-BR"},{"@type":["Person","Organization"],"@id":"https:\/\/renatodias.online\/movimento\/#\/schema\/person\/bbab28833b1725a20f4083f49f1fb2a9","name":"Renato Dias","image":{"@type":"ImageObject","inLanguage":"pt-BR","@id":"https:\/\/renatodias.online\/movimento\/wp-content\/uploads\/2023\/03\/cropped-cropped-cropped-logofinal.jpeg","url":"https:\/\/renatodias.online\/movimento\/wp-content\/uploads\/2023\/03\/cropped-cropped-cropped-logofinal.jpeg","contentUrl":"https:\/\/renatodias.online\/movimento\/wp-content\/uploads\/2023\/03\/cropped-cropped-cropped-logofinal.jpeg","width":1280,"height":219,"caption":"Renato Dias"},"logo":{"@id":"https:\/\/renatodias.online\/movimento\/wp-content\/uploads\/2023\/03\/cropped-cropped-cropped-logofinal.jpeg"},"description":"Renato Dias, 58 anos, \u00e9 graduado em Jornalismo, formado em Ci\u00eancias Sociais, com p\u00f3s-gradua\u00e7\u00e3o em Pol\u00edticas P\u00fablicas, mestre em Direito e Rela\u00e7\u00f5es Internacionais, ex-aluno extraordin\u00e1rio do Doutorado em Psicologia Social, ex-estudante do Curso de Psican\u00e1lise do Centro de Estudos Psicanal\u00edticos do Estado de Goi\u00e1s, ministrado pelo m\u00e9dico psiquiatra e psicanalista Daniel Em\u00eddio de Souza. \u00c9 autor de 30 livros-reportagem, oito document\u00e1rios, ganhou 30 pr\u00eamios e \u00e9 torcedor apaixonado do maior do Centro-Oeste, o Vila Nova Futebol Clube. Casado com Meirilane Dias, \u00e9 pai de Juliana Dias, jornalista; Daniel Dias, economista; e Maria Rosa Dias, estudante antifascista, socialista e trotskista.\u00a0Com tr\u00eas pets: Porquinho [Bull Dog Franc\u00eas], Dalila [Basset Hound] e Geleia [Basset Hound]. Al\u00e9m do eterno gato Tutuquinho, que virou estrela.","sameAs":["https:\/\/www.facebook.com\/renato.dias.37","#breve","https:\/\/renatodias.tumblr.com\/"],"url":"https:\/\/renatodias.online\/movimento\/author\/renatodias\/"}]}},"_links":{"self":[{"href":"https:\/\/renatodias.online\/movimento\/wp-json\/wp\/v2\/posts\/6860","targetHints":{"allow":["GET"]}}],"collection":[{"href":"https:\/\/renatodias.online\/movimento\/wp-json\/wp\/v2\/posts"}],"about":[{"href":"https:\/\/renatodias.online\/movimento\/wp-json\/wp\/v2\/types\/post"}],"author":[{"embeddable":true,"href":"https:\/\/renatodias.online\/movimento\/wp-json\/wp\/v2\/users\/2"}],"replies":[{"embeddable":true,"href":"https:\/\/renatodias.online\/movimento\/wp-json\/wp\/v2\/comments?post=6860"}],"version-history":[{"count":2,"href":"https:\/\/renatodias.online\/movimento\/wp-json\/wp\/v2\/posts\/6860\/revisions"}],"predecessor-version":[{"id":6873,"href":"https:\/\/renatodias.online\/movimento\/wp-json\/wp\/v2\/posts\/6860\/revisions\/6873"}],"wp:featuredmedia":[{"embeddable":true,"href":"https:\/\/renatodias.online\/movimento\/wp-json\/wp\/v2\/media\/6862"}],"wp:attachment":[{"href":"https:\/\/renatodias.online\/movimento\/wp-json\/wp\/v2\/media?parent=6860"}],"wp:term":[{"taxonomy":"category","embeddable":true,"href":"https:\/\/renatodias.online\/movimento\/wp-json\/wp\/v2\/categories?post=6860"},{"taxonomy":"post_tag","embeddable":true,"href":"https:\/\/renatodias.online\/movimento\/wp-json\/wp\/v2\/tags?post=6860"}],"curies":[{"name":"wp","href":"https:\/\/api.w.org\/{rel}","templated":true}]}}