{"id":6744,"date":"2021-05-25T14:38:02","date_gmt":"2021-05-25T17:38:02","guid":{"rendered":"https:\/\/renatodias.online\/movimento\/?p=6744"},"modified":"2021-05-25T14:42:48","modified_gmt":"2021-05-25T17:42:48","slug":"auto-de-resistencia-na-pauta","status":"publish","type":"post","link":"https:\/\/renatodias.online\/movimento\/2021\/05\/25\/auto-de-resistencia-na-pauta\/","title":{"rendered":"Auto de resist\u00eancia na pauta"},"content":{"rendered":"<figure id=\"attachment_6745\" aria-describedby=\"caption-attachment-6745\" style=\"width: 900px\" class=\"wp-caption alignnone\"><img loading=\"lazy\" decoding=\"async\" class=\"size-full wp-image-6745\" src=\"https:\/\/renatodias.online\/movimento\/wp-content\/uploads\/2021\/05\/Auto-de-Resistencia.jpg\" alt=\"\" width=\"900\" height=\"1324\" srcset=\"https:\/\/renatodias.online\/movimento\/wp-content\/uploads\/2021\/05\/Auto-de-Resistencia.jpg 900w, https:\/\/renatodias.online\/movimento\/wp-content\/uploads\/2021\/05\/Auto-de-Resistencia-204x300.jpg 204w, https:\/\/renatodias.online\/movimento\/wp-content\/uploads\/2021\/05\/Auto-de-Resistencia-696x1024.jpg 696w, https:\/\/renatodias.online\/movimento\/wp-content\/uploads\/2021\/05\/Auto-de-Resistencia-768x1130.jpg 768w, https:\/\/renatodias.online\/movimento\/wp-content\/uploads\/2021\/05\/Auto-de-Resistencia-750x1103.jpg 750w\" sizes=\"auto, (max-width: 900px) 100vw, 900px\" \/><figcaption id=\"caption-attachment-6745\" class=\"wp-caption-text\">Auto de Resist\u00eancia<\/figcaption><\/figure>\n<h1 style=\"text-align: center;\"><span style=\"color: #ff0000;\"><strong>Viol\u00eancia do Estado na pauta<\/strong><\/span><\/h1>\n<figure id=\"attachment_5888\" aria-describedby=\"caption-attachment-5888\" style=\"width: 600px\" class=\"wp-caption aligncenter\"><img loading=\"lazy\" decoding=\"async\" class=\"size-full wp-image-5888\" src=\"https:\/\/renatodias.online\/movimento\/wp-content\/uploads\/2021\/04\/Bomba-A-morte-da-Politica.jpg\" alt=\"explosivo\" width=\"600\" height=\"600\" \/><figcaption id=\"caption-attachment-5888\" class=\"wp-caption-text\">Explosivo<\/figcaption><\/figure>\n<h1 style=\"text-align: center;\"><span style=\"color: #00ccff;\"><strong>Trailler<\/strong><\/span><\/h1>\n<p><strong><a href=\"https:\/\/www.youtube.com\/watch?v=5QJUPanVCUo\">https:\/\/www.youtube.com\/watch?v=5QJUPanVCUo<\/a><\/strong><\/p>\n<h1 style=\"text-align: center;\"><span style=\"color: #ff00ff;\"><strong>Elas Fazem Cinema<\/strong><\/span><\/h1>\n<figure id=\"attachment_6746\" aria-describedby=\"caption-attachment-6746\" style=\"width: 1080px\" class=\"wp-caption alignnone\"><img loading=\"lazy\" decoding=\"async\" class=\"size-full wp-image-6746\" src=\"https:\/\/renatodias.online\/movimento\/wp-content\/uploads\/2021\/05\/Cartaz-de-Auto-de-Resistencia.jpg\" alt=\"\" width=\"1080\" height=\"1080\" srcset=\"https:\/\/renatodias.online\/movimento\/wp-content\/uploads\/2021\/05\/Cartaz-de-Auto-de-Resistencia.jpg 1080w, https:\/\/renatodias.online\/movimento\/wp-content\/uploads\/2021\/05\/Cartaz-de-Auto-de-Resistencia-300x300.jpg 300w, https:\/\/renatodias.online\/movimento\/wp-content\/uploads\/2021\/05\/Cartaz-de-Auto-de-Resistencia-1024x1024.jpg 1024w, https:\/\/renatodias.online\/movimento\/wp-content\/uploads\/2021\/05\/Cartaz-de-Auto-de-Resistencia-150x150.jpg 150w, https:\/\/renatodias.online\/movimento\/wp-content\/uploads\/2021\/05\/Cartaz-de-Auto-de-Resistencia-768x768.jpg 768w, https:\/\/renatodias.online\/movimento\/wp-content\/uploads\/2021\/05\/Cartaz-de-Auto-de-Resistencia-750x750.jpg 750w\" sizes=\"auto, (max-width: 1080px) 100vw, 1080px\" \/><figcaption id=\"caption-attachment-6746\" class=\"wp-caption-text\">Elas Fazem Cinema<\/figcaption><\/figure>\n<h2><span style=\"color: #000000;\"><strong>Youtube<\/strong><\/span><\/h2>\n<p><span style=\"color: #0000ff;\"><strong>Exibi\u00e7\u00e3o do document\u00e1rio e conversa virtual ocorrem sexta-feira no canal do Geci<br \/>\n<\/strong><\/span><\/p>\n<p><strong>Renato Dias<\/strong><\/p>\n<p>O Cineclube Independente Elas Fazem Cinema, feminista, antifascista e antirracista, promove nesta sexta-feira, 28 de maio de 2021, a exibi\u00e7\u00e3o do filme document\u00e1rio <strong>Auto de Resist\u00eancia.<\/strong> Sob a dire\u00e7\u00e3o de <strong>Natasha Neri<\/strong> e <strong>Lula Carvalho<\/strong>.\u00a0 \u00c9 o que informa com exclusividade ao Portal de Not\u00edcias <strong>www.renatodias.online<\/strong> a professora doutora de Hist\u00f3ria, da Universidade Federal de Goi\u00e1s, em Goi\u00e2nia, <strong>Alcilene Cavalcante<\/strong>.<\/p>\n<figure id=\"attachment_6747\" aria-describedby=\"caption-attachment-6747\" style=\"width: 2560px\" class=\"wp-caption alignnone\"><img loading=\"lazy\" decoding=\"async\" class=\"size-full wp-image-6747\" src=\"https:\/\/renatodias.online\/movimento\/wp-content\/uploads\/2021\/05\/Alcilene-Cavalcante-Professora-de-Historia-da-UFG-scaled.jpg\" alt=\"\" width=\"2560\" height=\"1920\" \/><figcaption id=\"caption-attachment-6747\" class=\"wp-caption-text\">Alcilene Cavalcante &#8211; Professora doutora de Hist\u00f3ria da UFG<\/figcaption><\/figure>\n<p>A docente relata ainda que al\u00e9m da produ\u00e7\u00e3o cinematogr\u00e1fica realizar\u00e1 uma roda de conversa online. Virtual. Com a cineasta <strong>Natasha Neri.<\/strong> Assim como com a a integrante da Rede de Comunidades e Movimentos Contra a Viol\u00eancia no Brasil, <strong>Glaucia Santos<\/strong>.Uma ativista do <strong>M\u00e3es de Maio<\/strong> participar\u00e1 tamb\u00e9m da sess\u00e3o especial. Tempos sombrios. Da Pandemia do Coronavirus Covid 19. De escalada autorit\u00e1ria no Pa\u00eds. O filme pode ser acessado no link<\/p>\n<p><a href=\"https:\/\/elasfazemcinema.historia.ufg.br\/\">https:\/\/elasfazemcinema.historia.ufg.br\/<\/a><\/p>\n<p>&nbsp;<\/p>\n","protected":false},"excerpt":{"rendered":"<p>Viol\u00eancia do Estado na pauta Trailler https:\/\/www.youtube.com\/watch?v=5QJUPanVCUo Elas Fazem Cinema Youtube Exibi\u00e7\u00e3o do document\u00e1rio e conversa virtual ocorrem sexta-feira no canal do Geci Renato Dias O Cineclube Independente Elas Fazem Cinema, feminista, antifascista e antirracista, promove nesta sexta-feira, 28 de maio de 2021, a exibi\u00e7\u00e3o do filme document\u00e1rio Auto de Resist\u00eancia. Sob a dire\u00e7\u00e3o de<\/p>\n","protected":false},"author":2,"featured_media":2497,"comment_status":"open","ping_status":"open","sticky":false,"template":"","format":"standard","meta":{"_acf_changed":false,"_monsterinsights_skip_tracking":false,"_monsterinsights_sitenote_active":false,"_monsterinsights_sitenote_note":"","_monsterinsights_sitenote_category":0,"footnotes":""},"categories":[1],"tags":[],"class_list":["post-6744","post","type-post","status-publish","format-standard","has-post-thumbnail","hentry","category-cinema"],"acf":[],"yoast_head":"<!-- This site is optimized with the Yoast SEO plugin v27.4 - https:\/\/yoast.com\/product\/yoast-seo-wordpress\/ -->\n<title>Auto de resist\u00eancia na pauta -<\/title>\n<meta name=\"robots\" content=\"index, follow, max-snippet:-1, max-image-preview:large, max-video-preview:-1\" \/>\n<link rel=\"canonical\" href=\"https:\/\/renatodias.online\/movimento\/2021\/05\/25\/auto-de-resistencia-na-pauta\/\" \/>\n<meta property=\"og:locale\" content=\"pt_BR\" \/>\n<meta property=\"og:type\" content=\"article\" \/>\n<meta property=\"og:title\" content=\"Auto de resist\u00eancia na pauta -\" \/>\n<meta property=\"og:description\" content=\"Viol\u00eancia do Estado na pauta Trailler https:\/\/www.youtube.com\/watch?v=5QJUPanVCUo Elas Fazem Cinema Youtube Exibi\u00e7\u00e3o do document\u00e1rio e conversa virtual ocorrem sexta-feira no canal do Geci Renato Dias O Cineclube Independente Elas Fazem Cinema, feminista, antifascista e antirracista, promove nesta sexta-feira, 28 de maio de 2021, a exibi\u00e7\u00e3o do filme document\u00e1rio Auto de Resist\u00eancia. Sob a dire\u00e7\u00e3o de\" \/>\n<meta property=\"og:url\" content=\"https:\/\/renatodias.online\/movimento\/2021\/05\/25\/auto-de-resistencia-na-pauta\/\" \/>\n<meta property=\"article:publisher\" content=\"https:\/\/www.facebook.com\/renato.dias.37\" \/>\n<meta property=\"article:author\" content=\"https:\/\/www.facebook.com\/renato.dias.37\" \/>\n<meta property=\"article:published_time\" content=\"2021-05-25T17:38:02+00:00\" \/>\n<meta property=\"article:modified_time\" content=\"2021-05-25T17:42:48+00:00\" \/>\n<meta property=\"og:image\" content=\"https:\/\/renatodias.online\/movimento\/wp-content\/uploads\/2019\/09\/Alcilene-Cavalcante-coordenadora.jpg\" \/>\n\t<meta property=\"og:image:width\" content=\"714\" \/>\n\t<meta property=\"og:image:height\" content=\"960\" \/>\n\t<meta property=\"og:image:type\" content=\"image\/jpeg\" \/>\n<meta name=\"author\" content=\"Renato Dias\" \/>\n<meta name=\"twitter:card\" content=\"summary_large_image\" \/>\n<meta name=\"twitter:creator\" content=\"@RenatoDiasBat\" \/>\n<meta name=\"twitter:site\" content=\"@RenatoDiasBat\" \/>\n<meta name=\"twitter:label1\" content=\"Escrito por\" \/>\n\t<meta name=\"twitter:data1\" content=\"Renato Dias\" \/>\n\t<meta name=\"twitter:label2\" content=\"Est. tempo de leitura\" \/>\n\t<meta name=\"twitter:data2\" content=\"1 minuto\" \/>\n<script type=\"application\/ld+json\" class=\"yoast-schema-graph\">{\"@context\":\"https:\\\/\\\/schema.org\",\"@graph\":[{\"@type\":\"Article\",\"@id\":\"https:\\\/\\\/renatodias.online\\\/movimento\\\/2021\\\/05\\\/25\\\/auto-de-resistencia-na-pauta\\\/#article\",\"isPartOf\":{\"@id\":\"https:\\\/\\\/renatodias.online\\\/movimento\\\/2021\\\/05\\\/25\\\/auto-de-resistencia-na-pauta\\\/\"},\"author\":{\"name\":\"Renato Dias\",\"@id\":\"https:\\\/\\\/renatodias.online\\\/movimento\\\/#\\\/schema\\\/person\\\/bbab28833b1725a20f4083f49f1fb2a9\"},\"headline\":\"Auto de resist\u00eancia na pauta\",\"datePublished\":\"2021-05-25T17:38:02+00:00\",\"dateModified\":\"2021-05-25T17:42:48+00:00\",\"mainEntityOfPage\":{\"@id\":\"https:\\\/\\\/renatodias.online\\\/movimento\\\/2021\\\/05\\\/25\\\/auto-de-resistencia-na-pauta\\\/\"},\"wordCount\":238,\"commentCount\":0,\"publisher\":{\"@id\":\"https:\\\/\\\/renatodias.online\\\/movimento\\\/#\\\/schema\\\/person\\\/bbab28833b1725a20f4083f49f1fb2a9\"},\"image\":{\"@id\":\"https:\\\/\\\/renatodias.online\\\/movimento\\\/2021\\\/05\\\/25\\\/auto-de-resistencia-na-pauta\\\/#primaryimage\"},\"thumbnailUrl\":\"https:\\\/\\\/renatodias.online\\\/movimento\\\/wp-content\\\/uploads\\\/2019\\\/09\\\/Alcilene-Cavalcante-coordenadora.jpg\",\"articleSection\":[\"Cinema\"],\"inLanguage\":\"pt-BR\",\"potentialAction\":[{\"@type\":\"CommentAction\",\"name\":\"Comment\",\"target\":[\"https:\\\/\\\/renatodias.online\\\/movimento\\\/2021\\\/05\\\/25\\\/auto-de-resistencia-na-pauta\\\/#respond\"]}]},{\"@type\":\"WebPage\",\"@id\":\"https:\\\/\\\/renatodias.online\\\/movimento\\\/2021\\\/05\\\/25\\\/auto-de-resistencia-na-pauta\\\/\",\"url\":\"https:\\\/\\\/renatodias.online\\\/movimento\\\/2021\\\/05\\\/25\\\/auto-de-resistencia-na-pauta\\\/\",\"name\":\"Auto de resist\u00eancia na pauta -\",\"isPartOf\":{\"@id\":\"https:\\\/\\\/renatodias.online\\\/movimento\\\/#website\"},\"primaryImageOfPage\":{\"@id\":\"https:\\\/\\\/renatodias.online\\\/movimento\\\/2021\\\/05\\\/25\\\/auto-de-resistencia-na-pauta\\\/#primaryimage\"},\"image\":{\"@id\":\"https:\\\/\\\/renatodias.online\\\/movimento\\\/2021\\\/05\\\/25\\\/auto-de-resistencia-na-pauta\\\/#primaryimage\"},\"thumbnailUrl\":\"https:\\\/\\\/renatodias.online\\\/movimento\\\/wp-content\\\/uploads\\\/2019\\\/09\\\/Alcilene-Cavalcante-coordenadora.jpg\",\"datePublished\":\"2021-05-25T17:38:02+00:00\",\"dateModified\":\"2021-05-25T17:42:48+00:00\",\"breadcrumb\":{\"@id\":\"https:\\\/\\\/renatodias.online\\\/movimento\\\/2021\\\/05\\\/25\\\/auto-de-resistencia-na-pauta\\\/#breadcrumb\"},\"inLanguage\":\"pt-BR\",\"potentialAction\":[{\"@type\":\"ReadAction\",\"target\":[\"https:\\\/\\\/renatodias.online\\\/movimento\\\/2021\\\/05\\\/25\\\/auto-de-resistencia-na-pauta\\\/\"]}]},{\"@type\":\"ImageObject\",\"inLanguage\":\"pt-BR\",\"@id\":\"https:\\\/\\\/renatodias.online\\\/movimento\\\/2021\\\/05\\\/25\\\/auto-de-resistencia-na-pauta\\\/#primaryimage\",\"url\":\"https:\\\/\\\/renatodias.online\\\/movimento\\\/wp-content\\\/uploads\\\/2019\\\/09\\\/Alcilene-Cavalcante-coordenadora.jpg\",\"contentUrl\":\"https:\\\/\\\/renatodias.online\\\/movimento\\\/wp-content\\\/uploads\\\/2019\\\/09\\\/Alcilene-Cavalcante-coordenadora.jpg\",\"width\":714,\"height\":960,\"caption\":\"A doutora da Faculdade de Hist\u00f3ria da UFG, Alcilene Cavalcante\"},{\"@type\":\"BreadcrumbList\",\"@id\":\"https:\\\/\\\/renatodias.online\\\/movimento\\\/2021\\\/05\\\/25\\\/auto-de-resistencia-na-pauta\\\/#breadcrumb\",\"itemListElement\":[{\"@type\":\"ListItem\",\"position\":1,\"name\":\"In\u00edcio\",\"item\":\"https:\\\/\\\/renatodias.online\\\/movimento\\\/\"},{\"@type\":\"ListItem\",\"position\":2,\"name\":\"Auto de resist\u00eancia na pauta\"}]},{\"@type\":\"WebSite\",\"@id\":\"https:\\\/\\\/renatodias.online\\\/movimento\\\/#website\",\"url\":\"https:\\\/\\\/renatodias.online\\\/movimento\\\/\",\"name\":\"\",\"description\":\"\",\"publisher\":{\"@id\":\"https:\\\/\\\/renatodias.online\\\/movimento\\\/#\\\/schema\\\/person\\\/bbab28833b1725a20f4083f49f1fb2a9\"},\"potentialAction\":[{\"@type\":\"SearchAction\",\"target\":{\"@type\":\"EntryPoint\",\"urlTemplate\":\"https:\\\/\\\/renatodias.online\\\/movimento\\\/?s={search_term_string}\"},\"query-input\":{\"@type\":\"PropertyValueSpecification\",\"valueRequired\":true,\"valueName\":\"search_term_string\"}}],\"inLanguage\":\"pt-BR\"},{\"@type\":[\"Person\",\"Organization\"],\"@id\":\"https:\\\/\\\/renatodias.online\\\/movimento\\\/#\\\/schema\\\/person\\\/bbab28833b1725a20f4083f49f1fb2a9\",\"name\":\"Renato Dias\",\"image\":{\"@type\":\"ImageObject\",\"inLanguage\":\"pt-BR\",\"@id\":\"https:\\\/\\\/renatodias.online\\\/movimento\\\/wp-content\\\/uploads\\\/2023\\\/03\\\/cropped-cropped-cropped-logofinal.jpeg\",\"url\":\"https:\\\/\\\/renatodias.online\\\/movimento\\\/wp-content\\\/uploads\\\/2023\\\/03\\\/cropped-cropped-cropped-logofinal.jpeg\",\"contentUrl\":\"https:\\\/\\\/renatodias.online\\\/movimento\\\/wp-content\\\/uploads\\\/2023\\\/03\\\/cropped-cropped-cropped-logofinal.jpeg\",\"width\":1280,\"height\":219,\"caption\":\"Renato Dias\"},\"logo\":{\"@id\":\"https:\\\/\\\/renatodias.online\\\/movimento\\\/wp-content\\\/uploads\\\/2023\\\/03\\\/cropped-cropped-cropped-logofinal.jpeg\"},\"description\":\"Renato Dias, 58 anos, \u00e9 graduado em Jornalismo, formado em Ci\u00eancias Sociais, com p\u00f3s-gradua\u00e7\u00e3o em Pol\u00edticas P\u00fablicas, mestre em Direito e Rela\u00e7\u00f5es Internacionais, ex-aluno extraordin\u00e1rio do Doutorado em Psicologia Social, ex-estudante do Curso de Psican\u00e1lise do Centro de Estudos Psicanal\u00edticos do Estado de Goi\u00e1s, ministrado pelo m\u00e9dico psiquiatra e psicanalista Daniel Em\u00eddio de Souza. \u00c9 autor de 30 livros-reportagem, oito document\u00e1rios, ganhou 30 pr\u00eamios e \u00e9 torcedor apaixonado do maior do Centro-Oeste, o Vila Nova Futebol Clube. Casado com Meirilane Dias, \u00e9 pai de Juliana Dias, jornalista; Daniel Dias, economista; e Maria Rosa Dias, estudante antifascista, socialista e trotskista.\u00a0Com tr\u00eas pets: Porquinho [Bull Dog Franc\u00eas], Dalila [Basset Hound] e Geleia [Basset Hound]. Al\u00e9m do eterno gato Tutuquinho, que virou estrela.\",\"sameAs\":[\"https:\\\/\\\/www.facebook.com\\\/renato.dias.37\",\"#breve\",\"https:\\\/\\\/renatodias.tumblr.com\\\/\"],\"url\":\"https:\\\/\\\/renatodias.online\\\/movimento\\\/author\\\/renatodias\\\/\"}]}<\/script>\n<!-- \/ Yoast SEO plugin. -->","yoast_head_json":{"title":"Auto de resist\u00eancia na pauta -","robots":{"index":"index","follow":"follow","max-snippet":"max-snippet:-1","max-image-preview":"max-image-preview:large","max-video-preview":"max-video-preview:-1"},"canonical":"https:\/\/renatodias.online\/movimento\/2021\/05\/25\/auto-de-resistencia-na-pauta\/","og_locale":"pt_BR","og_type":"article","og_title":"Auto de resist\u00eancia na pauta -","og_description":"Viol\u00eancia do Estado na pauta Trailler https:\/\/www.youtube.com\/watch?v=5QJUPanVCUo Elas Fazem Cinema Youtube Exibi\u00e7\u00e3o do document\u00e1rio e conversa virtual ocorrem sexta-feira no canal do Geci Renato Dias O Cineclube Independente Elas Fazem Cinema, feminista, antifascista e antirracista, promove nesta sexta-feira, 28 de maio de 2021, a exibi\u00e7\u00e3o do filme document\u00e1rio Auto de Resist\u00eancia. Sob a dire\u00e7\u00e3o de","og_url":"https:\/\/renatodias.online\/movimento\/2021\/05\/25\/auto-de-resistencia-na-pauta\/","article_publisher":"https:\/\/www.facebook.com\/renato.dias.37","article_author":"https:\/\/www.facebook.com\/renato.dias.37","article_published_time":"2021-05-25T17:38:02+00:00","article_modified_time":"2021-05-25T17:42:48+00:00","og_image":[{"width":714,"height":960,"url":"https:\/\/renatodias.online\/movimento\/wp-content\/uploads\/2019\/09\/Alcilene-Cavalcante-coordenadora.jpg","type":"image\/jpeg"}],"author":"Renato Dias","twitter_card":"summary_large_image","twitter_creator":"@RenatoDiasBat","twitter_site":"@RenatoDiasBat","twitter_misc":{"Escrito por":"Renato Dias","Est. tempo de leitura":"1 minuto"},"schema":{"@context":"https:\/\/schema.org","@graph":[{"@type":"Article","@id":"https:\/\/renatodias.online\/movimento\/2021\/05\/25\/auto-de-resistencia-na-pauta\/#article","isPartOf":{"@id":"https:\/\/renatodias.online\/movimento\/2021\/05\/25\/auto-de-resistencia-na-pauta\/"},"author":{"name":"Renato Dias","@id":"https:\/\/renatodias.online\/movimento\/#\/schema\/person\/bbab28833b1725a20f4083f49f1fb2a9"},"headline":"Auto de resist\u00eancia na pauta","datePublished":"2021-05-25T17:38:02+00:00","dateModified":"2021-05-25T17:42:48+00:00","mainEntityOfPage":{"@id":"https:\/\/renatodias.online\/movimento\/2021\/05\/25\/auto-de-resistencia-na-pauta\/"},"wordCount":238,"commentCount":0,"publisher":{"@id":"https:\/\/renatodias.online\/movimento\/#\/schema\/person\/bbab28833b1725a20f4083f49f1fb2a9"},"image":{"@id":"https:\/\/renatodias.online\/movimento\/2021\/05\/25\/auto-de-resistencia-na-pauta\/#primaryimage"},"thumbnailUrl":"https:\/\/renatodias.online\/movimento\/wp-content\/uploads\/2019\/09\/Alcilene-Cavalcante-coordenadora.jpg","articleSection":["Cinema"],"inLanguage":"pt-BR","potentialAction":[{"@type":"CommentAction","name":"Comment","target":["https:\/\/renatodias.online\/movimento\/2021\/05\/25\/auto-de-resistencia-na-pauta\/#respond"]}]},{"@type":"WebPage","@id":"https:\/\/renatodias.online\/movimento\/2021\/05\/25\/auto-de-resistencia-na-pauta\/","url":"https:\/\/renatodias.online\/movimento\/2021\/05\/25\/auto-de-resistencia-na-pauta\/","name":"Auto de resist\u00eancia na pauta -","isPartOf":{"@id":"https:\/\/renatodias.online\/movimento\/#website"},"primaryImageOfPage":{"@id":"https:\/\/renatodias.online\/movimento\/2021\/05\/25\/auto-de-resistencia-na-pauta\/#primaryimage"},"image":{"@id":"https:\/\/renatodias.online\/movimento\/2021\/05\/25\/auto-de-resistencia-na-pauta\/#primaryimage"},"thumbnailUrl":"https:\/\/renatodias.online\/movimento\/wp-content\/uploads\/2019\/09\/Alcilene-Cavalcante-coordenadora.jpg","datePublished":"2021-05-25T17:38:02+00:00","dateModified":"2021-05-25T17:42:48+00:00","breadcrumb":{"@id":"https:\/\/renatodias.online\/movimento\/2021\/05\/25\/auto-de-resistencia-na-pauta\/#breadcrumb"},"inLanguage":"pt-BR","potentialAction":[{"@type":"ReadAction","target":["https:\/\/renatodias.online\/movimento\/2021\/05\/25\/auto-de-resistencia-na-pauta\/"]}]},{"@type":"ImageObject","inLanguage":"pt-BR","@id":"https:\/\/renatodias.online\/movimento\/2021\/05\/25\/auto-de-resistencia-na-pauta\/#primaryimage","url":"https:\/\/renatodias.online\/movimento\/wp-content\/uploads\/2019\/09\/Alcilene-Cavalcante-coordenadora.jpg","contentUrl":"https:\/\/renatodias.online\/movimento\/wp-content\/uploads\/2019\/09\/Alcilene-Cavalcante-coordenadora.jpg","width":714,"height":960,"caption":"A doutora da Faculdade de Hist\u00f3ria da UFG, Alcilene Cavalcante"},{"@type":"BreadcrumbList","@id":"https:\/\/renatodias.online\/movimento\/2021\/05\/25\/auto-de-resistencia-na-pauta\/#breadcrumb","itemListElement":[{"@type":"ListItem","position":1,"name":"In\u00edcio","item":"https:\/\/renatodias.online\/movimento\/"},{"@type":"ListItem","position":2,"name":"Auto de resist\u00eancia na pauta"}]},{"@type":"WebSite","@id":"https:\/\/renatodias.online\/movimento\/#website","url":"https:\/\/renatodias.online\/movimento\/","name":"","description":"","publisher":{"@id":"https:\/\/renatodias.online\/movimento\/#\/schema\/person\/bbab28833b1725a20f4083f49f1fb2a9"},"potentialAction":[{"@type":"SearchAction","target":{"@type":"EntryPoint","urlTemplate":"https:\/\/renatodias.online\/movimento\/?s={search_term_string}"},"query-input":{"@type":"PropertyValueSpecification","valueRequired":true,"valueName":"search_term_string"}}],"inLanguage":"pt-BR"},{"@type":["Person","Organization"],"@id":"https:\/\/renatodias.online\/movimento\/#\/schema\/person\/bbab28833b1725a20f4083f49f1fb2a9","name":"Renato Dias","image":{"@type":"ImageObject","inLanguage":"pt-BR","@id":"https:\/\/renatodias.online\/movimento\/wp-content\/uploads\/2023\/03\/cropped-cropped-cropped-logofinal.jpeg","url":"https:\/\/renatodias.online\/movimento\/wp-content\/uploads\/2023\/03\/cropped-cropped-cropped-logofinal.jpeg","contentUrl":"https:\/\/renatodias.online\/movimento\/wp-content\/uploads\/2023\/03\/cropped-cropped-cropped-logofinal.jpeg","width":1280,"height":219,"caption":"Renato Dias"},"logo":{"@id":"https:\/\/renatodias.online\/movimento\/wp-content\/uploads\/2023\/03\/cropped-cropped-cropped-logofinal.jpeg"},"description":"Renato Dias, 58 anos, \u00e9 graduado em Jornalismo, formado em Ci\u00eancias Sociais, com p\u00f3s-gradua\u00e7\u00e3o em Pol\u00edticas P\u00fablicas, mestre em Direito e Rela\u00e7\u00f5es Internacionais, ex-aluno extraordin\u00e1rio do Doutorado em Psicologia Social, ex-estudante do Curso de Psican\u00e1lise do Centro de Estudos Psicanal\u00edticos do Estado de Goi\u00e1s, ministrado pelo m\u00e9dico psiquiatra e psicanalista Daniel Em\u00eddio de Souza. \u00c9 autor de 30 livros-reportagem, oito document\u00e1rios, ganhou 30 pr\u00eamios e \u00e9 torcedor apaixonado do maior do Centro-Oeste, o Vila Nova Futebol Clube. Casado com Meirilane Dias, \u00e9 pai de Juliana Dias, jornalista; Daniel Dias, economista; e Maria Rosa Dias, estudante antifascista, socialista e trotskista.\u00a0Com tr\u00eas pets: Porquinho [Bull Dog Franc\u00eas], Dalila [Basset Hound] e Geleia [Basset Hound]. Al\u00e9m do eterno gato Tutuquinho, que virou estrela.","sameAs":["https:\/\/www.facebook.com\/renato.dias.37","#breve","https:\/\/renatodias.tumblr.com\/"],"url":"https:\/\/renatodias.online\/movimento\/author\/renatodias\/"}]}},"_links":{"self":[{"href":"https:\/\/renatodias.online\/movimento\/wp-json\/wp\/v2\/posts\/6744","targetHints":{"allow":["GET"]}}],"collection":[{"href":"https:\/\/renatodias.online\/movimento\/wp-json\/wp\/v2\/posts"}],"about":[{"href":"https:\/\/renatodias.online\/movimento\/wp-json\/wp\/v2\/types\/post"}],"author":[{"embeddable":true,"href":"https:\/\/renatodias.online\/movimento\/wp-json\/wp\/v2\/users\/2"}],"replies":[{"embeddable":true,"href":"https:\/\/renatodias.online\/movimento\/wp-json\/wp\/v2\/comments?post=6744"}],"version-history":[{"count":3,"href":"https:\/\/renatodias.online\/movimento\/wp-json\/wp\/v2\/posts\/6744\/revisions"}],"predecessor-version":[{"id":6750,"href":"https:\/\/renatodias.online\/movimento\/wp-json\/wp\/v2\/posts\/6744\/revisions\/6750"}],"wp:featuredmedia":[{"embeddable":true,"href":"https:\/\/renatodias.online\/movimento\/wp-json\/wp\/v2\/media\/2497"}],"wp:attachment":[{"href":"https:\/\/renatodias.online\/movimento\/wp-json\/wp\/v2\/media?parent=6744"}],"wp:term":[{"taxonomy":"category","embeddable":true,"href":"https:\/\/renatodias.online\/movimento\/wp-json\/wp\/v2\/categories?post=6744"},{"taxonomy":"post_tag","embeddable":true,"href":"https:\/\/renatodias.online\/movimento\/wp-json\/wp\/v2\/tags?post=6744"}],"curies":[{"name":"wp","href":"https:\/\/api.w.org\/{rel}","templated":true}]}}