{"id":6657,"date":"2021-05-16T15:13:22","date_gmt":"2021-05-16T18:13:22","guid":{"rendered":"https:\/\/renatodias.online\/movimento\/?p=6657"},"modified":"2021-05-16T15:15:33","modified_gmt":"2021-05-16T18:15:33","slug":"railton-e-eleito-presidente-da-ctb","status":"publish","type":"post","link":"https:\/\/renatodias.online\/movimento\/2021\/05\/16\/railton-e-eleito-presidente-da-ctb\/","title":{"rendered":"Railton \u00e9 eleito presidente da CTB"},"content":{"rendered":"<h1 style=\"text-align: center;\"><strong>Railton \u00e9 eleito presidente da CTB<\/strong><\/h1>\n<h2><span style=\"color: #ff0000;\"><strong>Lutas de classes<\/strong><\/span><\/h2>\n<figure id=\"attachment_6658\" aria-describedby=\"caption-attachment-6658\" style=\"width: 1280px\" class=\"wp-caption alignnone\"><img loading=\"lazy\" decoding=\"async\" class=\"size-full wp-image-6658\" src=\"https:\/\/renatodias.online\/movimento\/wp-content\/uploads\/2021\/05\/Karl-Marx-CTB.jpg\" alt=\"\" width=\"1280\" height=\"720\" srcset=\"https:\/\/renatodias.online\/movimento\/wp-content\/uploads\/2021\/05\/Karl-Marx-CTB.jpg 1280w, https:\/\/renatodias.online\/movimento\/wp-content\/uploads\/2021\/05\/Karl-Marx-CTB-300x169.jpg 300w, https:\/\/renatodias.online\/movimento\/wp-content\/uploads\/2021\/05\/Karl-Marx-CTB-768x432.jpg 768w, https:\/\/renatodias.online\/movimento\/wp-content\/uploads\/2021\/05\/Karl-Marx-CTB-750x422.jpg 750w\" sizes=\"auto, (max-width: 1280px) 100vw, 1280px\" \/><figcaption id=\"caption-attachment-6658\" class=\"wp-caption-text\">Karl Marx<\/figcaption><\/figure>\n<p style=\"text-align: center;\"><span style=\"color: #0000ff;\"><strong>Mandato de quatro anos. Agenda pelo impeachment e revoga\u00e7\u00e3o de reformas<\/strong><\/span><\/p>\n<p><span style=\"color: #33cccc;\"><em><strong>\u2018<\/strong><strong>F\u00f3rum sindical<\/strong><\/em><\/span><\/p>\n<p><span style=\"color: #33cccc;\"><em><strong>reverencia a<br \/>\n<\/strong><\/em><\/span><\/p>\n<p><span style=\"color: #33cccc;\"><em><strong>mem\u00f3ria de<\/strong><\/em><\/span><\/p>\n<p><span style=\"color: #33cccc;\"><em><strong>Vanilza Ara\u00fajo<\/strong><\/em><\/span><\/p>\n<p><span style=\"color: #800080;\"><strong>Railton Nascimento<\/strong><\/span><\/p>\n<p><img loading=\"lazy\" decoding=\"async\" class=\"size-full wp-image-5078 aligncenter\" src=\"https:\/\/renatodias.online\/movimento\/wp-content\/uploads\/2021\/01\/Logo-Exclusivo.jpg\" alt=\"\" width=\"340\" height=\"210\" srcset=\"https:\/\/renatodias.online\/movimento\/wp-content\/uploads\/2021\/01\/Logo-Exclusivo.jpg 340w, https:\/\/renatodias.online\/movimento\/wp-content\/uploads\/2021\/01\/Logo-Exclusivo-300x185.jpg 300w\" sizes=\"auto, (max-width: 340px) 100vw, 340px\" \/><\/p>\n<p><strong>\u00a0<\/strong><\/p>\n<p><strong>Renato Dias<\/strong><\/p>\n<p>O fil\u00f3sofo de linhagem marxista-leninista, <strong>Railton Nascimento<\/strong>, \u00e9 o novo presidente da <strong>CTB<\/strong>. <strong>Se\u00e7\u00e3o de Goi\u00e1s<\/strong>. Para um mandato de quatro anos. Consecutivos.<\/p>\n<figure id=\"attachment_6659\" aria-describedby=\"caption-attachment-6659\" style=\"width: 813px\" class=\"wp-caption alignnone\"><img loading=\"lazy\" decoding=\"async\" class=\"size-full wp-image-6659\" src=\"https:\/\/renatodias.online\/movimento\/wp-content\/uploads\/2021\/05\/Railton-Nascimento-eleito-na-CTB.jpg\" alt=\"\" width=\"813\" height=\"806\" \/><figcaption id=\"caption-attachment-6659\" class=\"wp-caption-text\">Railton Nascimento eleito na CTB<\/figcaption><\/figure>\n<p>Com a plataforma de defesa do impeachment de <strong>Jair Bolsonaro<\/strong> [Sem partido], atual presidente da Rep\u00fablica, al\u00e9m do seu vice, o general do Ex\u00e9rcito, Hamilton Mour\u00e3o.<\/p>\n<figure id=\"attachment_6611\" aria-describedby=\"caption-attachment-6611\" style=\"width: 1200px\" class=\"wp-caption alignnone\"><img loading=\"lazy\" decoding=\"async\" class=\"size-full wp-image-6611\" src=\"https:\/\/renatodias.online\/movimento\/wp-content\/uploads\/2021\/05\/Jair-Messias-Bolsonaro.jpg\" alt=\"\" width=\"1200\" height=\"1500\" \/><figcaption id=\"caption-attachment-6611\" class=\"wp-caption-text\">Jair Messias Bolsonaro<\/figcaption><\/figure>\n<p>Assim como prop\u00f5e a luta pelas revoga\u00e7\u00f5es das reformas Trabalhista e da Previd\u00eancia. O pagamento de aux\u00edlio de R$ 600. A CTB tem sete sindicatos filiados. No Estado de Goi\u00e1s.<\/p>\n<p><strong>_ Aux\u00edlio Emergencial de RS 600<br \/>\n<\/strong><\/p>\n<p><strong>\u00a0<\/strong>O f\u00f3rum dos trabalhadores fez rever\u00eancia \u2018in memorian\u2019 a <strong>Vaniza Ara\u00fajo<\/strong>. Morta pelo Coronavirus Covid 19. Uma das 435 mil v\u00edtimas da Pandemia negligenciada no Pa\u00eds.<\/p>\n<figure id=\"attachment_6451\" aria-describedby=\"caption-attachment-6451\" style=\"width: 768px\" class=\"wp-caption alignnone\"><img loading=\"lazy\" decoding=\"async\" class=\"size-full wp-image-6451\" src=\"https:\/\/renatodias.online\/movimento\/wp-content\/uploads\/2021\/05\/Coronavirus.jpg\" alt=\"\" width=\"768\" height=\"410\" srcset=\"https:\/\/renatodias.online\/movimento\/wp-content\/uploads\/2021\/05\/Coronavirus.jpg 768w, https:\/\/renatodias.online\/movimento\/wp-content\/uploads\/2021\/05\/Coronavirus-300x160.jpg 300w, https:\/\/renatodias.online\/movimento\/wp-content\/uploads\/2021\/05\/Coronavirus-750x400.jpg 750w\" sizes=\"auto, (max-width: 768px) 100vw, 768px\" \/><figcaption id=\"caption-attachment-6451\" class=\"wp-caption-text\">Coronav\u00edrus<\/figcaption><\/figure>\n<p>O IV Congresso Estadual elegeu \u00e0 vice &#8211; presid\u00eancia, M\u00e1rcia Aparecida\u00a0Gomes Abdala. O Secret\u00e1rio-geral \u00e9 Fernando C\u00e9sar Silva da Mota. Secret\u00e1rio de Finan\u00e7as, Alan Francisco Carvalho<\/p>\n<h1 style=\"text-align: center;\"><strong>Saiba mais<\/strong><\/h1>\n<h1 style=\"text-align: center;\"><strong>Veja<\/strong><\/h1>\n<h1 style=\"text-align: center;\"><strong>A rela\u00e7\u00e3o dos sindicatos da CTB Goi\u00e1s<\/strong><\/h1>\n<p>_ Sint-Ifesgo<\/p>\n<p>_ Sinpro Goi\u00e1s<\/p>\n<p>_ Sinpror (Professores da rede privada de An\u00e1polis e regi\u00e3o).<\/p>\n<p>_ Sinpma (Professores da rede p\u00fablica de An\u00e1polis).<\/p>\n<p>_ Sinteaa (Administrativos p\u00fablicos e privados da rede p\u00fablica e privada de An\u00e1polis)<\/p>\n<p>_ Sinteerv (Professores e administrativos de Rio Verde)<\/p>\n<p>_ Fitrae-BC (Federa\u00e7\u00e3o interestadual dos trabalhadores em educa\u00e7\u00e3o do Setor Privado do Brasil central).<\/p>\n","protected":false},"excerpt":{"rendered":"<p>Railton \u00e9 eleito presidente da CTB Lutas de classes Mandato de quatro anos. Agenda pelo impeachment e revoga\u00e7\u00e3o de reformas \u2018F\u00f3rum sindical reverencia a mem\u00f3ria de Vanilza Ara\u00fajo Railton Nascimento \u00a0 Renato Dias O fil\u00f3sofo de linhagem marxista-leninista, Railton Nascimento, \u00e9 o novo presidente da CTB. Se\u00e7\u00e3o de Goi\u00e1s. Para um mandato de quatro anos.<\/p>\n","protected":false},"author":2,"featured_media":6660,"comment_status":"open","ping_status":"open","sticky":false,"template":"","format":"standard","meta":{"_acf_changed":false,"_monsterinsights_skip_tracking":false,"_monsterinsights_sitenote_active":false,"_monsterinsights_sitenote_note":"","_monsterinsights_sitenote_category":0,"footnotes":""},"categories":[4],"tags":[],"class_list":["post-6657","post","type-post","status-publish","format-standard","has-post-thumbnail","hentry","category-politica"],"acf":[],"yoast_head":"<!-- This site is optimized with the Yoast SEO plugin v27.4 - https:\/\/yoast.com\/product\/yoast-seo-wordpress\/ -->\n<title>Railton \u00e9 eleito presidente da CTB -<\/title>\n<meta name=\"robots\" content=\"index, follow, max-snippet:-1, max-image-preview:large, max-video-preview:-1\" \/>\n<link rel=\"canonical\" href=\"https:\/\/renatodias.online\/movimento\/2021\/05\/16\/railton-e-eleito-presidente-da-ctb\/\" \/>\n<meta property=\"og:locale\" content=\"pt_BR\" \/>\n<meta property=\"og:type\" content=\"article\" \/>\n<meta property=\"og:title\" content=\"Railton \u00e9 eleito presidente da CTB -\" \/>\n<meta property=\"og:description\" content=\"Railton \u00e9 eleito presidente da CTB Lutas de classes Mandato de quatro anos. Agenda pelo impeachment e revoga\u00e7\u00e3o de reformas \u2018F\u00f3rum sindical reverencia a mem\u00f3ria de Vanilza Ara\u00fajo Railton Nascimento \u00a0 Renato Dias O fil\u00f3sofo de linhagem marxista-leninista, Railton Nascimento, \u00e9 o novo presidente da CTB. Se\u00e7\u00e3o de Goi\u00e1s. Para um mandato de quatro anos.\" \/>\n<meta property=\"og:url\" content=\"https:\/\/renatodias.online\/movimento\/2021\/05\/16\/railton-e-eleito-presidente-da-ctb\/\" \/>\n<meta property=\"article:publisher\" content=\"https:\/\/www.facebook.com\/renato.dias.37\" \/>\n<meta property=\"article:author\" content=\"https:\/\/www.facebook.com\/renato.dias.37\" \/>\n<meta property=\"article:published_time\" content=\"2021-05-16T18:13:22+00:00\" \/>\n<meta property=\"article:modified_time\" content=\"2021-05-16T18:15:33+00:00\" \/>\n<meta property=\"og:image\" content=\"https:\/\/renatodias.online\/movimento\/wp-content\/uploads\/2021\/05\/Railton-Nascimento-1.jpg\" \/>\n\t<meta property=\"og:image:width\" content=\"1440\" \/>\n\t<meta property=\"og:image:height\" content=\"1408\" \/>\n\t<meta property=\"og:image:type\" content=\"image\/jpeg\" \/>\n<meta name=\"author\" content=\"Renato Dias\" \/>\n<meta name=\"twitter:card\" content=\"summary_large_image\" \/>\n<meta name=\"twitter:creator\" content=\"@RenatoDiasBat\" \/>\n<meta name=\"twitter:site\" content=\"@RenatoDiasBat\" \/>\n<meta name=\"twitter:label1\" content=\"Escrito por\" \/>\n\t<meta name=\"twitter:data1\" content=\"Renato Dias\" \/>\n\t<meta name=\"twitter:label2\" content=\"Est. tempo de leitura\" \/>\n\t<meta name=\"twitter:data2\" content=\"2 minutos\" \/>\n<script type=\"application\/ld+json\" class=\"yoast-schema-graph\">{\"@context\":\"https:\\\/\\\/schema.org\",\"@graph\":[{\"@type\":\"Article\",\"@id\":\"https:\\\/\\\/renatodias.online\\\/movimento\\\/2021\\\/05\\\/16\\\/railton-e-eleito-presidente-da-ctb\\\/#article\",\"isPartOf\":{\"@id\":\"https:\\\/\\\/renatodias.online\\\/movimento\\\/2021\\\/05\\\/16\\\/railton-e-eleito-presidente-da-ctb\\\/\"},\"author\":{\"name\":\"Renato Dias\",\"@id\":\"https:\\\/\\\/renatodias.online\\\/movimento\\\/#\\\/schema\\\/person\\\/bbab28833b1725a20f4083f49f1fb2a9\"},\"headline\":\"Railton \u00e9 eleito presidente da CTB\",\"datePublished\":\"2021-05-16T18:13:22+00:00\",\"dateModified\":\"2021-05-16T18:15:33+00:00\",\"mainEntityOfPage\":{\"@id\":\"https:\\\/\\\/renatodias.online\\\/movimento\\\/2021\\\/05\\\/16\\\/railton-e-eleito-presidente-da-ctb\\\/\"},\"wordCount\":307,\"commentCount\":0,\"publisher\":{\"@id\":\"https:\\\/\\\/renatodias.online\\\/movimento\\\/#\\\/schema\\\/person\\\/bbab28833b1725a20f4083f49f1fb2a9\"},\"image\":{\"@id\":\"https:\\\/\\\/renatodias.online\\\/movimento\\\/2021\\\/05\\\/16\\\/railton-e-eleito-presidente-da-ctb\\\/#primaryimage\"},\"thumbnailUrl\":\"https:\\\/\\\/renatodias.online\\\/movimento\\\/wp-content\\\/uploads\\\/2021\\\/05\\\/Railton-Nascimento-1.jpg\",\"articleSection\":[\"Pol\u00edtica\"],\"inLanguage\":\"pt-BR\",\"potentialAction\":[{\"@type\":\"CommentAction\",\"name\":\"Comment\",\"target\":[\"https:\\\/\\\/renatodias.online\\\/movimento\\\/2021\\\/05\\\/16\\\/railton-e-eleito-presidente-da-ctb\\\/#respond\"]}]},{\"@type\":\"WebPage\",\"@id\":\"https:\\\/\\\/renatodias.online\\\/movimento\\\/2021\\\/05\\\/16\\\/railton-e-eleito-presidente-da-ctb\\\/\",\"url\":\"https:\\\/\\\/renatodias.online\\\/movimento\\\/2021\\\/05\\\/16\\\/railton-e-eleito-presidente-da-ctb\\\/\",\"name\":\"Railton \u00e9 eleito presidente da CTB -\",\"isPartOf\":{\"@id\":\"https:\\\/\\\/renatodias.online\\\/movimento\\\/#website\"},\"primaryImageOfPage\":{\"@id\":\"https:\\\/\\\/renatodias.online\\\/movimento\\\/2021\\\/05\\\/16\\\/railton-e-eleito-presidente-da-ctb\\\/#primaryimage\"},\"image\":{\"@id\":\"https:\\\/\\\/renatodias.online\\\/movimento\\\/2021\\\/05\\\/16\\\/railton-e-eleito-presidente-da-ctb\\\/#primaryimage\"},\"thumbnailUrl\":\"https:\\\/\\\/renatodias.online\\\/movimento\\\/wp-content\\\/uploads\\\/2021\\\/05\\\/Railton-Nascimento-1.jpg\",\"datePublished\":\"2021-05-16T18:13:22+00:00\",\"dateModified\":\"2021-05-16T18:15:33+00:00\",\"breadcrumb\":{\"@id\":\"https:\\\/\\\/renatodias.online\\\/movimento\\\/2021\\\/05\\\/16\\\/railton-e-eleito-presidente-da-ctb\\\/#breadcrumb\"},\"inLanguage\":\"pt-BR\",\"potentialAction\":[{\"@type\":\"ReadAction\",\"target\":[\"https:\\\/\\\/renatodias.online\\\/movimento\\\/2021\\\/05\\\/16\\\/railton-e-eleito-presidente-da-ctb\\\/\"]}]},{\"@type\":\"ImageObject\",\"inLanguage\":\"pt-BR\",\"@id\":\"https:\\\/\\\/renatodias.online\\\/movimento\\\/2021\\\/05\\\/16\\\/railton-e-eleito-presidente-da-ctb\\\/#primaryimage\",\"url\":\"https:\\\/\\\/renatodias.online\\\/movimento\\\/wp-content\\\/uploads\\\/2021\\\/05\\\/Railton-Nascimento-1.jpg\",\"contentUrl\":\"https:\\\/\\\/renatodias.online\\\/movimento\\\/wp-content\\\/uploads\\\/2021\\\/05\\\/Railton-Nascimento-1.jpg\",\"width\":1440,\"height\":1408,\"caption\":\"Railton Nascimento\"},{\"@type\":\"BreadcrumbList\",\"@id\":\"https:\\\/\\\/renatodias.online\\\/movimento\\\/2021\\\/05\\\/16\\\/railton-e-eleito-presidente-da-ctb\\\/#breadcrumb\",\"itemListElement\":[{\"@type\":\"ListItem\",\"position\":1,\"name\":\"In\u00edcio\",\"item\":\"https:\\\/\\\/renatodias.online\\\/movimento\\\/\"},{\"@type\":\"ListItem\",\"position\":2,\"name\":\"Railton \u00e9 eleito presidente da CTB\"}]},{\"@type\":\"WebSite\",\"@id\":\"https:\\\/\\\/renatodias.online\\\/movimento\\\/#website\",\"url\":\"https:\\\/\\\/renatodias.online\\\/movimento\\\/\",\"name\":\"\",\"description\":\"\",\"publisher\":{\"@id\":\"https:\\\/\\\/renatodias.online\\\/movimento\\\/#\\\/schema\\\/person\\\/bbab28833b1725a20f4083f49f1fb2a9\"},\"potentialAction\":[{\"@type\":\"SearchAction\",\"target\":{\"@type\":\"EntryPoint\",\"urlTemplate\":\"https:\\\/\\\/renatodias.online\\\/movimento\\\/?s={search_term_string}\"},\"query-input\":{\"@type\":\"PropertyValueSpecification\",\"valueRequired\":true,\"valueName\":\"search_term_string\"}}],\"inLanguage\":\"pt-BR\"},{\"@type\":[\"Person\",\"Organization\"],\"@id\":\"https:\\\/\\\/renatodias.online\\\/movimento\\\/#\\\/schema\\\/person\\\/bbab28833b1725a20f4083f49f1fb2a9\",\"name\":\"Renato Dias\",\"image\":{\"@type\":\"ImageObject\",\"inLanguage\":\"pt-BR\",\"@id\":\"https:\\\/\\\/renatodias.online\\\/movimento\\\/wp-content\\\/uploads\\\/2023\\\/03\\\/cropped-cropped-cropped-logofinal.jpeg\",\"url\":\"https:\\\/\\\/renatodias.online\\\/movimento\\\/wp-content\\\/uploads\\\/2023\\\/03\\\/cropped-cropped-cropped-logofinal.jpeg\",\"contentUrl\":\"https:\\\/\\\/renatodias.online\\\/movimento\\\/wp-content\\\/uploads\\\/2023\\\/03\\\/cropped-cropped-cropped-logofinal.jpeg\",\"width\":1280,\"height\":219,\"caption\":\"Renato Dias\"},\"logo\":{\"@id\":\"https:\\\/\\\/renatodias.online\\\/movimento\\\/wp-content\\\/uploads\\\/2023\\\/03\\\/cropped-cropped-cropped-logofinal.jpeg\"},\"description\":\"Renato Dias, 58 anos, \u00e9 graduado em Jornalismo, formado em Ci\u00eancias Sociais, com p\u00f3s-gradua\u00e7\u00e3o em Pol\u00edticas P\u00fablicas, mestre em Direito e Rela\u00e7\u00f5es Internacionais, ex-aluno extraordin\u00e1rio do Doutorado em Psicologia Social, ex-estudante do Curso de Psican\u00e1lise do Centro de Estudos Psicanal\u00edticos do Estado de Goi\u00e1s, ministrado pelo m\u00e9dico psiquiatra e psicanalista Daniel Em\u00eddio de Souza. \u00c9 autor de 30 livros-reportagem, oito document\u00e1rios, ganhou 30 pr\u00eamios e \u00e9 torcedor apaixonado do maior do Centro-Oeste, o Vila Nova Futebol Clube. Casado com Meirilane Dias, \u00e9 pai de Juliana Dias, jornalista; Daniel Dias, economista; e Maria Rosa Dias, estudante antifascista, socialista e trotskista.\u00a0Com tr\u00eas pets: Porquinho [Bull Dog Franc\u00eas], Dalila [Basset Hound] e Geleia [Basset Hound]. Al\u00e9m do eterno gato Tutuquinho, que virou estrela.\",\"sameAs\":[\"https:\\\/\\\/www.facebook.com\\\/renato.dias.37\",\"#breve\",\"https:\\\/\\\/renatodias.tumblr.com\\\/\"],\"url\":\"https:\\\/\\\/renatodias.online\\\/movimento\\\/author\\\/renatodias\\\/\"}]}<\/script>\n<!-- \/ Yoast SEO plugin. -->","yoast_head_json":{"title":"Railton \u00e9 eleito presidente da CTB -","robots":{"index":"index","follow":"follow","max-snippet":"max-snippet:-1","max-image-preview":"max-image-preview:large","max-video-preview":"max-video-preview:-1"},"canonical":"https:\/\/renatodias.online\/movimento\/2021\/05\/16\/railton-e-eleito-presidente-da-ctb\/","og_locale":"pt_BR","og_type":"article","og_title":"Railton \u00e9 eleito presidente da CTB -","og_description":"Railton \u00e9 eleito presidente da CTB Lutas de classes Mandato de quatro anos. Agenda pelo impeachment e revoga\u00e7\u00e3o de reformas \u2018F\u00f3rum sindical reverencia a mem\u00f3ria de Vanilza Ara\u00fajo Railton Nascimento \u00a0 Renato Dias O fil\u00f3sofo de linhagem marxista-leninista, Railton Nascimento, \u00e9 o novo presidente da CTB. Se\u00e7\u00e3o de Goi\u00e1s. Para um mandato de quatro anos.","og_url":"https:\/\/renatodias.online\/movimento\/2021\/05\/16\/railton-e-eleito-presidente-da-ctb\/","article_publisher":"https:\/\/www.facebook.com\/renato.dias.37","article_author":"https:\/\/www.facebook.com\/renato.dias.37","article_published_time":"2021-05-16T18:13:22+00:00","article_modified_time":"2021-05-16T18:15:33+00:00","og_image":[{"width":1440,"height":1408,"url":"https:\/\/renatodias.online\/movimento\/wp-content\/uploads\/2021\/05\/Railton-Nascimento-1.jpg","type":"image\/jpeg"}],"author":"Renato Dias","twitter_card":"summary_large_image","twitter_creator":"@RenatoDiasBat","twitter_site":"@RenatoDiasBat","twitter_misc":{"Escrito por":"Renato Dias","Est. tempo de leitura":"2 minutos"},"schema":{"@context":"https:\/\/schema.org","@graph":[{"@type":"Article","@id":"https:\/\/renatodias.online\/movimento\/2021\/05\/16\/railton-e-eleito-presidente-da-ctb\/#article","isPartOf":{"@id":"https:\/\/renatodias.online\/movimento\/2021\/05\/16\/railton-e-eleito-presidente-da-ctb\/"},"author":{"name":"Renato Dias","@id":"https:\/\/renatodias.online\/movimento\/#\/schema\/person\/bbab28833b1725a20f4083f49f1fb2a9"},"headline":"Railton \u00e9 eleito presidente da CTB","datePublished":"2021-05-16T18:13:22+00:00","dateModified":"2021-05-16T18:15:33+00:00","mainEntityOfPage":{"@id":"https:\/\/renatodias.online\/movimento\/2021\/05\/16\/railton-e-eleito-presidente-da-ctb\/"},"wordCount":307,"commentCount":0,"publisher":{"@id":"https:\/\/renatodias.online\/movimento\/#\/schema\/person\/bbab28833b1725a20f4083f49f1fb2a9"},"image":{"@id":"https:\/\/renatodias.online\/movimento\/2021\/05\/16\/railton-e-eleito-presidente-da-ctb\/#primaryimage"},"thumbnailUrl":"https:\/\/renatodias.online\/movimento\/wp-content\/uploads\/2021\/05\/Railton-Nascimento-1.jpg","articleSection":["Pol\u00edtica"],"inLanguage":"pt-BR","potentialAction":[{"@type":"CommentAction","name":"Comment","target":["https:\/\/renatodias.online\/movimento\/2021\/05\/16\/railton-e-eleito-presidente-da-ctb\/#respond"]}]},{"@type":"WebPage","@id":"https:\/\/renatodias.online\/movimento\/2021\/05\/16\/railton-e-eleito-presidente-da-ctb\/","url":"https:\/\/renatodias.online\/movimento\/2021\/05\/16\/railton-e-eleito-presidente-da-ctb\/","name":"Railton \u00e9 eleito presidente da CTB -","isPartOf":{"@id":"https:\/\/renatodias.online\/movimento\/#website"},"primaryImageOfPage":{"@id":"https:\/\/renatodias.online\/movimento\/2021\/05\/16\/railton-e-eleito-presidente-da-ctb\/#primaryimage"},"image":{"@id":"https:\/\/renatodias.online\/movimento\/2021\/05\/16\/railton-e-eleito-presidente-da-ctb\/#primaryimage"},"thumbnailUrl":"https:\/\/renatodias.online\/movimento\/wp-content\/uploads\/2021\/05\/Railton-Nascimento-1.jpg","datePublished":"2021-05-16T18:13:22+00:00","dateModified":"2021-05-16T18:15:33+00:00","breadcrumb":{"@id":"https:\/\/renatodias.online\/movimento\/2021\/05\/16\/railton-e-eleito-presidente-da-ctb\/#breadcrumb"},"inLanguage":"pt-BR","potentialAction":[{"@type":"ReadAction","target":["https:\/\/renatodias.online\/movimento\/2021\/05\/16\/railton-e-eleito-presidente-da-ctb\/"]}]},{"@type":"ImageObject","inLanguage":"pt-BR","@id":"https:\/\/renatodias.online\/movimento\/2021\/05\/16\/railton-e-eleito-presidente-da-ctb\/#primaryimage","url":"https:\/\/renatodias.online\/movimento\/wp-content\/uploads\/2021\/05\/Railton-Nascimento-1.jpg","contentUrl":"https:\/\/renatodias.online\/movimento\/wp-content\/uploads\/2021\/05\/Railton-Nascimento-1.jpg","width":1440,"height":1408,"caption":"Railton Nascimento"},{"@type":"BreadcrumbList","@id":"https:\/\/renatodias.online\/movimento\/2021\/05\/16\/railton-e-eleito-presidente-da-ctb\/#breadcrumb","itemListElement":[{"@type":"ListItem","position":1,"name":"In\u00edcio","item":"https:\/\/renatodias.online\/movimento\/"},{"@type":"ListItem","position":2,"name":"Railton \u00e9 eleito presidente da CTB"}]},{"@type":"WebSite","@id":"https:\/\/renatodias.online\/movimento\/#website","url":"https:\/\/renatodias.online\/movimento\/","name":"","description":"","publisher":{"@id":"https:\/\/renatodias.online\/movimento\/#\/schema\/person\/bbab28833b1725a20f4083f49f1fb2a9"},"potentialAction":[{"@type":"SearchAction","target":{"@type":"EntryPoint","urlTemplate":"https:\/\/renatodias.online\/movimento\/?s={search_term_string}"},"query-input":{"@type":"PropertyValueSpecification","valueRequired":true,"valueName":"search_term_string"}}],"inLanguage":"pt-BR"},{"@type":["Person","Organization"],"@id":"https:\/\/renatodias.online\/movimento\/#\/schema\/person\/bbab28833b1725a20f4083f49f1fb2a9","name":"Renato Dias","image":{"@type":"ImageObject","inLanguage":"pt-BR","@id":"https:\/\/renatodias.online\/movimento\/wp-content\/uploads\/2023\/03\/cropped-cropped-cropped-logofinal.jpeg","url":"https:\/\/renatodias.online\/movimento\/wp-content\/uploads\/2023\/03\/cropped-cropped-cropped-logofinal.jpeg","contentUrl":"https:\/\/renatodias.online\/movimento\/wp-content\/uploads\/2023\/03\/cropped-cropped-cropped-logofinal.jpeg","width":1280,"height":219,"caption":"Renato Dias"},"logo":{"@id":"https:\/\/renatodias.online\/movimento\/wp-content\/uploads\/2023\/03\/cropped-cropped-cropped-logofinal.jpeg"},"description":"Renato Dias, 58 anos, \u00e9 graduado em Jornalismo, formado em Ci\u00eancias Sociais, com p\u00f3s-gradua\u00e7\u00e3o em Pol\u00edticas P\u00fablicas, mestre em Direito e Rela\u00e7\u00f5es Internacionais, ex-aluno extraordin\u00e1rio do Doutorado em Psicologia Social, ex-estudante do Curso de Psican\u00e1lise do Centro de Estudos Psicanal\u00edticos do Estado de Goi\u00e1s, ministrado pelo m\u00e9dico psiquiatra e psicanalista Daniel Em\u00eddio de Souza. \u00c9 autor de 30 livros-reportagem, oito document\u00e1rios, ganhou 30 pr\u00eamios e \u00e9 torcedor apaixonado do maior do Centro-Oeste, o Vila Nova Futebol Clube. Casado com Meirilane Dias, \u00e9 pai de Juliana Dias, jornalista; Daniel Dias, economista; e Maria Rosa Dias, estudante antifascista, socialista e trotskista.\u00a0Com tr\u00eas pets: Porquinho [Bull Dog Franc\u00eas], Dalila [Basset Hound] e Geleia [Basset Hound]. Al\u00e9m do eterno gato Tutuquinho, que virou estrela.","sameAs":["https:\/\/www.facebook.com\/renato.dias.37","#breve","https:\/\/renatodias.tumblr.com\/"],"url":"https:\/\/renatodias.online\/movimento\/author\/renatodias\/"}]}},"_links":{"self":[{"href":"https:\/\/renatodias.online\/movimento\/wp-json\/wp\/v2\/posts\/6657","targetHints":{"allow":["GET"]}}],"collection":[{"href":"https:\/\/renatodias.online\/movimento\/wp-json\/wp\/v2\/posts"}],"about":[{"href":"https:\/\/renatodias.online\/movimento\/wp-json\/wp\/v2\/types\/post"}],"author":[{"embeddable":true,"href":"https:\/\/renatodias.online\/movimento\/wp-json\/wp\/v2\/users\/2"}],"replies":[{"embeddable":true,"href":"https:\/\/renatodias.online\/movimento\/wp-json\/wp\/v2\/comments?post=6657"}],"version-history":[{"count":4,"href":"https:\/\/renatodias.online\/movimento\/wp-json\/wp\/v2\/posts\/6657\/revisions"}],"predecessor-version":[{"id":6664,"href":"https:\/\/renatodias.online\/movimento\/wp-json\/wp\/v2\/posts\/6657\/revisions\/6664"}],"wp:featuredmedia":[{"embeddable":true,"href":"https:\/\/renatodias.online\/movimento\/wp-json\/wp\/v2\/media\/6660"}],"wp:attachment":[{"href":"https:\/\/renatodias.online\/movimento\/wp-json\/wp\/v2\/media?parent=6657"}],"wp:term":[{"taxonomy":"category","embeddable":true,"href":"https:\/\/renatodias.online\/movimento\/wp-json\/wp\/v2\/categories?post=6657"},{"taxonomy":"post_tag","embeddable":true,"href":"https:\/\/renatodias.online\/movimento\/wp-json\/wp\/v2\/tags?post=6657"}],"curies":[{"name":"wp","href":"https:\/\/api.w.org\/{rel}","templated":true}]}}