{"id":6619,"date":"2021-05-13T12:04:18","date_gmt":"2021-05-13T15:04:18","guid":{"rendered":"https:\/\/renatodias.online\/movimento\/?p=6619"},"modified":"2021-05-13T12:04:18","modified_gmt":"2021-05-13T15:04:18","slug":"a-disputa-pela-memoria","status":"publish","type":"post","link":"https:\/\/renatodias.online\/movimento\/2021\/05\/13\/a-disputa-pela-memoria\/","title":{"rendered":"A disputa pela mem\u00f3ria"},"content":{"rendered":"<figure id=\"attachment_6620\" aria-describedby=\"caption-attachment-6620\" style=\"width: 1500px\" class=\"wp-caption alignnone\"><img loading=\"lazy\" decoding=\"async\" class=\"size-full wp-image-6620\" src=\"https:\/\/renatodias.online\/movimento\/wp-content\/uploads\/2021\/05\/Abertura-Repressao-Junho-de-2013.jpg\" alt=\"\" width=\"1500\" height=\"1000\" srcset=\"https:\/\/renatodias.online\/movimento\/wp-content\/uploads\/2021\/05\/Abertura-Repressao-Junho-de-2013.jpg 1500w, https:\/\/renatodias.online\/movimento\/wp-content\/uploads\/2021\/05\/Abertura-Repressao-Junho-de-2013-300x200.jpg 300w, https:\/\/renatodias.online\/movimento\/wp-content\/uploads\/2021\/05\/Abertura-Repressao-Junho-de-2013-768x512.jpg 768w, https:\/\/renatodias.online\/movimento\/wp-content\/uploads\/2021\/05\/Abertura-Repressao-Junho-de-2013-360x240.jpg 360w, https:\/\/renatodias.online\/movimento\/wp-content\/uploads\/2021\/05\/Abertura-Repressao-Junho-de-2013-750x500.jpg 750w\" sizes=\"auto, (max-width: 1500px) 100vw, 1500px\" \/><figcaption id=\"caption-attachment-6620\" class=\"wp-caption-text\">Repress\u00e3o em 2013<\/figcaption><\/figure>\n<h2 style=\"text-align: center;\"><span style=\"color: #008000;\">Live, dia 20, 19h<\/span><\/h2>\n<h1 style=\"text-align: center;\"><strong>A disputa pela mem\u00f3ria<\/strong><\/h1>\n<h3 style=\"text-align: center;\"><span style=\"color: #ff0000;\"><strong>Jornadas de junho de 2013, que produziram o ovo da serpente, em pauta<\/strong><\/span><\/h3>\n<p><strong>Renato Dias<\/strong><\/p>\n<p>As jornadas de junho do ano de 2013 \u00e9 as lutas de classes nas ruas constituem itens de pauta de uma live programa para o dia 20 de maio de 2021, \u00e0s 19h, no <a href=\"http:\/\/www.youtube.com\">www.youtube.com<\/a> Com as participa\u00e7\u00f5es especiais do jornalista e chargista <strong>Heitor Vilela<\/strong>. Com passagem, como editor do DM Revista, do jornal Di\u00e1rio da Manh\u00e3, de propriedade de Batista Cust\u00f3dio e presidido por J\u00falio Nasser. Al\u00e9m do professor de Ci\u00eancias Pol\u00edticas e Rela\u00e7\u00f5es Internacionais <strong>Bruno Lima Rocha<\/strong>. Assim como de um professor de Hist\u00f3ria do munic\u00edpio de Aparecida de Goi\u00e2nia. Plataforma midi\u00e1tica geaanarquista\/www.youtube.com Um bate-papo virtual de alto n\u00edvel. Anarquista.<\/p>\n<p><img loading=\"lazy\" decoding=\"async\" class=\"alignnone size-full wp-image-6621\" src=\"https:\/\/renatodias.online\/movimento\/wp-content\/uploads\/2021\/05\/Jornadas-de-junho-de-2013-no-Brasil.jpeg\" alt=\"\" width=\"970\" height=\"600\" srcset=\"https:\/\/renatodias.online\/movimento\/wp-content\/uploads\/2021\/05\/Jornadas-de-junho-de-2013-no-Brasil.jpeg 970w, https:\/\/renatodias.online\/movimento\/wp-content\/uploads\/2021\/05\/Jornadas-de-junho-de-2013-no-Brasil-300x186.jpeg 300w, https:\/\/renatodias.online\/movimento\/wp-content\/uploads\/2021\/05\/Jornadas-de-junho-de-2013-no-Brasil-768x475.jpeg 768w, https:\/\/renatodias.online\/movimento\/wp-content\/uploads\/2021\/05\/Jornadas-de-junho-de-2013-no-Brasil-750x464.jpeg 750w\" sizes=\"auto, (max-width: 970px) 100vw, 970px\" \/><\/p>\n","protected":false},"excerpt":{"rendered":"<p>Live, dia 20, 19h A disputa pela mem\u00f3ria Jornadas de junho de 2013, que produziram o ovo da serpente, em pauta Renato Dias As jornadas de junho do ano de 2013 \u00e9 as lutas de classes nas ruas constituem itens de pauta de uma live programa para o dia 20 de maio de 2021, \u00e0s<\/p>\n","protected":false},"author":2,"featured_media":6622,"comment_status":"open","ping_status":"open","sticky":false,"template":"","format":"standard","meta":{"_acf_changed":false,"_monsterinsights_skip_tracking":false,"_monsterinsights_sitenote_active":false,"_monsterinsights_sitenote_note":"","_monsterinsights_sitenote_category":0,"footnotes":""},"categories":[28],"tags":[],"class_list":["post-6619","post","type-post","status-publish","format-standard","has-post-thumbnail","hentry","category-cultura"],"acf":[],"yoast_head":"<!-- This site is optimized with the Yoast SEO plugin v27.4 - https:\/\/yoast.com\/product\/yoast-seo-wordpress\/ -->\n<title>A disputa pela mem\u00f3ria -<\/title>\n<meta name=\"robots\" content=\"index, follow, max-snippet:-1, max-image-preview:large, max-video-preview:-1\" \/>\n<link rel=\"canonical\" href=\"https:\/\/renatodias.online\/movimento\/2021\/05\/13\/a-disputa-pela-memoria\/\" \/>\n<meta property=\"og:locale\" content=\"pt_BR\" \/>\n<meta property=\"og:type\" content=\"article\" \/>\n<meta property=\"og:title\" content=\"A disputa pela mem\u00f3ria -\" \/>\n<meta property=\"og:description\" content=\"Live, dia 20, 19h A disputa pela mem\u00f3ria Jornadas de junho de 2013, que produziram o ovo da serpente, em pauta Renato Dias As jornadas de junho do ano de 2013 \u00e9 as lutas de classes nas ruas constituem itens de pauta de uma live programa para o dia 20 de maio de 2021, \u00e0s\" \/>\n<meta property=\"og:url\" content=\"https:\/\/renatodias.online\/movimento\/2021\/05\/13\/a-disputa-pela-memoria\/\" \/>\n<meta property=\"article:publisher\" content=\"https:\/\/www.facebook.com\/renato.dias.37\" \/>\n<meta property=\"article:author\" content=\"https:\/\/www.facebook.com\/renato.dias.37\" \/>\n<meta property=\"article:published_time\" content=\"2021-05-13T15:04:18+00:00\" \/>\n<meta property=\"og:image\" content=\"https:\/\/renatodias.online\/movimento\/wp-content\/uploads\/2021\/05\/Jornadas-de-junho-de-2013.jpg\" \/>\n\t<meta property=\"og:image:width\" content=\"916\" \/>\n\t<meta property=\"og:image:height\" content=\"1280\" \/>\n\t<meta property=\"og:image:type\" content=\"image\/jpeg\" \/>\n<meta name=\"author\" content=\"Renato Dias\" \/>\n<meta name=\"twitter:card\" content=\"summary_large_image\" \/>\n<meta name=\"twitter:creator\" content=\"@RenatoDiasBat\" \/>\n<meta name=\"twitter:site\" content=\"@RenatoDiasBat\" \/>\n<meta name=\"twitter:label1\" content=\"Escrito por\" \/>\n\t<meta name=\"twitter:data1\" content=\"Renato Dias\" \/>\n\t<meta name=\"twitter:label2\" content=\"Est. tempo de leitura\" \/>\n\t<meta name=\"twitter:data2\" content=\"1 minuto\" \/>\n<script type=\"application\/ld+json\" class=\"yoast-schema-graph\">{\"@context\":\"https:\\\/\\\/schema.org\",\"@graph\":[{\"@type\":\"Article\",\"@id\":\"https:\\\/\\\/renatodias.online\\\/movimento\\\/2021\\\/05\\\/13\\\/a-disputa-pela-memoria\\\/#article\",\"isPartOf\":{\"@id\":\"https:\\\/\\\/renatodias.online\\\/movimento\\\/2021\\\/05\\\/13\\\/a-disputa-pela-memoria\\\/\"},\"author\":{\"name\":\"Renato Dias\",\"@id\":\"https:\\\/\\\/renatodias.online\\\/movimento\\\/#\\\/schema\\\/person\\\/bbab28833b1725a20f4083f49f1fb2a9\"},\"headline\":\"A disputa pela mem\u00f3ria\",\"datePublished\":\"2021-05-13T15:04:18+00:00\",\"mainEntityOfPage\":{\"@id\":\"https:\\\/\\\/renatodias.online\\\/movimento\\\/2021\\\/05\\\/13\\\/a-disputa-pela-memoria\\\/\"},\"wordCount\":153,\"commentCount\":0,\"publisher\":{\"@id\":\"https:\\\/\\\/renatodias.online\\\/movimento\\\/#\\\/schema\\\/person\\\/bbab28833b1725a20f4083f49f1fb2a9\"},\"image\":{\"@id\":\"https:\\\/\\\/renatodias.online\\\/movimento\\\/2021\\\/05\\\/13\\\/a-disputa-pela-memoria\\\/#primaryimage\"},\"thumbnailUrl\":\"https:\\\/\\\/renatodias.online\\\/movimento\\\/wp-content\\\/uploads\\\/2021\\\/05\\\/Jornadas-de-junho-de-2013.jpg\",\"articleSection\":[\"Cultura\"],\"inLanguage\":\"pt-BR\",\"potentialAction\":[{\"@type\":\"CommentAction\",\"name\":\"Comment\",\"target\":[\"https:\\\/\\\/renatodias.online\\\/movimento\\\/2021\\\/05\\\/13\\\/a-disputa-pela-memoria\\\/#respond\"]}]},{\"@type\":\"WebPage\",\"@id\":\"https:\\\/\\\/renatodias.online\\\/movimento\\\/2021\\\/05\\\/13\\\/a-disputa-pela-memoria\\\/\",\"url\":\"https:\\\/\\\/renatodias.online\\\/movimento\\\/2021\\\/05\\\/13\\\/a-disputa-pela-memoria\\\/\",\"name\":\"A disputa pela mem\u00f3ria -\",\"isPartOf\":{\"@id\":\"https:\\\/\\\/renatodias.online\\\/movimento\\\/#website\"},\"primaryImageOfPage\":{\"@id\":\"https:\\\/\\\/renatodias.online\\\/movimento\\\/2021\\\/05\\\/13\\\/a-disputa-pela-memoria\\\/#primaryimage\"},\"image\":{\"@id\":\"https:\\\/\\\/renatodias.online\\\/movimento\\\/2021\\\/05\\\/13\\\/a-disputa-pela-memoria\\\/#primaryimage\"},\"thumbnailUrl\":\"https:\\\/\\\/renatodias.online\\\/movimento\\\/wp-content\\\/uploads\\\/2021\\\/05\\\/Jornadas-de-junho-de-2013.jpg\",\"datePublished\":\"2021-05-13T15:04:18+00:00\",\"breadcrumb\":{\"@id\":\"https:\\\/\\\/renatodias.online\\\/movimento\\\/2021\\\/05\\\/13\\\/a-disputa-pela-memoria\\\/#breadcrumb\"},\"inLanguage\":\"pt-BR\",\"potentialAction\":[{\"@type\":\"ReadAction\",\"target\":[\"https:\\\/\\\/renatodias.online\\\/movimento\\\/2021\\\/05\\\/13\\\/a-disputa-pela-memoria\\\/\"]}]},{\"@type\":\"ImageObject\",\"inLanguage\":\"pt-BR\",\"@id\":\"https:\\\/\\\/renatodias.online\\\/movimento\\\/2021\\\/05\\\/13\\\/a-disputa-pela-memoria\\\/#primaryimage\",\"url\":\"https:\\\/\\\/renatodias.online\\\/movimento\\\/wp-content\\\/uploads\\\/2021\\\/05\\\/Jornadas-de-junho-de-2013.jpg\",\"contentUrl\":\"https:\\\/\\\/renatodias.online\\\/movimento\\\/wp-content\\\/uploads\\\/2021\\\/05\\\/Jornadas-de-junho-de-2013.jpg\",\"width\":916,\"height\":1280},{\"@type\":\"BreadcrumbList\",\"@id\":\"https:\\\/\\\/renatodias.online\\\/movimento\\\/2021\\\/05\\\/13\\\/a-disputa-pela-memoria\\\/#breadcrumb\",\"itemListElement\":[{\"@type\":\"ListItem\",\"position\":1,\"name\":\"In\u00edcio\",\"item\":\"https:\\\/\\\/renatodias.online\\\/movimento\\\/\"},{\"@type\":\"ListItem\",\"position\":2,\"name\":\"A disputa pela mem\u00f3ria\"}]},{\"@type\":\"WebSite\",\"@id\":\"https:\\\/\\\/renatodias.online\\\/movimento\\\/#website\",\"url\":\"https:\\\/\\\/renatodias.online\\\/movimento\\\/\",\"name\":\"\",\"description\":\"\",\"publisher\":{\"@id\":\"https:\\\/\\\/renatodias.online\\\/movimento\\\/#\\\/schema\\\/person\\\/bbab28833b1725a20f4083f49f1fb2a9\"},\"potentialAction\":[{\"@type\":\"SearchAction\",\"target\":{\"@type\":\"EntryPoint\",\"urlTemplate\":\"https:\\\/\\\/renatodias.online\\\/movimento\\\/?s={search_term_string}\"},\"query-input\":{\"@type\":\"PropertyValueSpecification\",\"valueRequired\":true,\"valueName\":\"search_term_string\"}}],\"inLanguage\":\"pt-BR\"},{\"@type\":[\"Person\",\"Organization\"],\"@id\":\"https:\\\/\\\/renatodias.online\\\/movimento\\\/#\\\/schema\\\/person\\\/bbab28833b1725a20f4083f49f1fb2a9\",\"name\":\"Renato Dias\",\"image\":{\"@type\":\"ImageObject\",\"inLanguage\":\"pt-BR\",\"@id\":\"https:\\\/\\\/renatodias.online\\\/movimento\\\/wp-content\\\/uploads\\\/2023\\\/03\\\/cropped-cropped-cropped-logofinal.jpeg\",\"url\":\"https:\\\/\\\/renatodias.online\\\/movimento\\\/wp-content\\\/uploads\\\/2023\\\/03\\\/cropped-cropped-cropped-logofinal.jpeg\",\"contentUrl\":\"https:\\\/\\\/renatodias.online\\\/movimento\\\/wp-content\\\/uploads\\\/2023\\\/03\\\/cropped-cropped-cropped-logofinal.jpeg\",\"width\":1280,\"height\":219,\"caption\":\"Renato Dias\"},\"logo\":{\"@id\":\"https:\\\/\\\/renatodias.online\\\/movimento\\\/wp-content\\\/uploads\\\/2023\\\/03\\\/cropped-cropped-cropped-logofinal.jpeg\"},\"description\":\"Renato Dias, 58 anos, \u00e9 graduado em Jornalismo, formado em Ci\u00eancias Sociais, com p\u00f3s-gradua\u00e7\u00e3o em Pol\u00edticas P\u00fablicas, mestre em Direito e Rela\u00e7\u00f5es Internacionais, ex-aluno extraordin\u00e1rio do Doutorado em Psicologia Social, ex-estudante do Curso de Psican\u00e1lise do Centro de Estudos Psicanal\u00edticos do Estado de Goi\u00e1s, ministrado pelo m\u00e9dico psiquiatra e psicanalista Daniel Em\u00eddio de Souza. \u00c9 autor de 30 livros-reportagem, oito document\u00e1rios, ganhou 30 pr\u00eamios e \u00e9 torcedor apaixonado do maior do Centro-Oeste, o Vila Nova Futebol Clube. Casado com Meirilane Dias, \u00e9 pai de Juliana Dias, jornalista; Daniel Dias, economista; e Maria Rosa Dias, estudante antifascista, socialista e trotskista.\u00a0Com tr\u00eas pets: Porquinho [Bull Dog Franc\u00eas], Dalila [Basset Hound] e Geleia [Basset Hound]. Al\u00e9m do eterno gato Tutuquinho, que virou estrela.\",\"sameAs\":[\"https:\\\/\\\/www.facebook.com\\\/renato.dias.37\",\"#breve\",\"https:\\\/\\\/renatodias.tumblr.com\\\/\"],\"url\":\"https:\\\/\\\/renatodias.online\\\/movimento\\\/author\\\/renatodias\\\/\"}]}<\/script>\n<!-- \/ Yoast SEO plugin. -->","yoast_head_json":{"title":"A disputa pela mem\u00f3ria -","robots":{"index":"index","follow":"follow","max-snippet":"max-snippet:-1","max-image-preview":"max-image-preview:large","max-video-preview":"max-video-preview:-1"},"canonical":"https:\/\/renatodias.online\/movimento\/2021\/05\/13\/a-disputa-pela-memoria\/","og_locale":"pt_BR","og_type":"article","og_title":"A disputa pela mem\u00f3ria -","og_description":"Live, dia 20, 19h A disputa pela mem\u00f3ria Jornadas de junho de 2013, que produziram o ovo da serpente, em pauta Renato Dias As jornadas de junho do ano de 2013 \u00e9 as lutas de classes nas ruas constituem itens de pauta de uma live programa para o dia 20 de maio de 2021, \u00e0s","og_url":"https:\/\/renatodias.online\/movimento\/2021\/05\/13\/a-disputa-pela-memoria\/","article_publisher":"https:\/\/www.facebook.com\/renato.dias.37","article_author":"https:\/\/www.facebook.com\/renato.dias.37","article_published_time":"2021-05-13T15:04:18+00:00","og_image":[{"width":916,"height":1280,"url":"https:\/\/renatodias.online\/movimento\/wp-content\/uploads\/2021\/05\/Jornadas-de-junho-de-2013.jpg","type":"image\/jpeg"}],"author":"Renato Dias","twitter_card":"summary_large_image","twitter_creator":"@RenatoDiasBat","twitter_site":"@RenatoDiasBat","twitter_misc":{"Escrito por":"Renato Dias","Est. tempo de leitura":"1 minuto"},"schema":{"@context":"https:\/\/schema.org","@graph":[{"@type":"Article","@id":"https:\/\/renatodias.online\/movimento\/2021\/05\/13\/a-disputa-pela-memoria\/#article","isPartOf":{"@id":"https:\/\/renatodias.online\/movimento\/2021\/05\/13\/a-disputa-pela-memoria\/"},"author":{"name":"Renato Dias","@id":"https:\/\/renatodias.online\/movimento\/#\/schema\/person\/bbab28833b1725a20f4083f49f1fb2a9"},"headline":"A disputa pela mem\u00f3ria","datePublished":"2021-05-13T15:04:18+00:00","mainEntityOfPage":{"@id":"https:\/\/renatodias.online\/movimento\/2021\/05\/13\/a-disputa-pela-memoria\/"},"wordCount":153,"commentCount":0,"publisher":{"@id":"https:\/\/renatodias.online\/movimento\/#\/schema\/person\/bbab28833b1725a20f4083f49f1fb2a9"},"image":{"@id":"https:\/\/renatodias.online\/movimento\/2021\/05\/13\/a-disputa-pela-memoria\/#primaryimage"},"thumbnailUrl":"https:\/\/renatodias.online\/movimento\/wp-content\/uploads\/2021\/05\/Jornadas-de-junho-de-2013.jpg","articleSection":["Cultura"],"inLanguage":"pt-BR","potentialAction":[{"@type":"CommentAction","name":"Comment","target":["https:\/\/renatodias.online\/movimento\/2021\/05\/13\/a-disputa-pela-memoria\/#respond"]}]},{"@type":"WebPage","@id":"https:\/\/renatodias.online\/movimento\/2021\/05\/13\/a-disputa-pela-memoria\/","url":"https:\/\/renatodias.online\/movimento\/2021\/05\/13\/a-disputa-pela-memoria\/","name":"A disputa pela mem\u00f3ria -","isPartOf":{"@id":"https:\/\/renatodias.online\/movimento\/#website"},"primaryImageOfPage":{"@id":"https:\/\/renatodias.online\/movimento\/2021\/05\/13\/a-disputa-pela-memoria\/#primaryimage"},"image":{"@id":"https:\/\/renatodias.online\/movimento\/2021\/05\/13\/a-disputa-pela-memoria\/#primaryimage"},"thumbnailUrl":"https:\/\/renatodias.online\/movimento\/wp-content\/uploads\/2021\/05\/Jornadas-de-junho-de-2013.jpg","datePublished":"2021-05-13T15:04:18+00:00","breadcrumb":{"@id":"https:\/\/renatodias.online\/movimento\/2021\/05\/13\/a-disputa-pela-memoria\/#breadcrumb"},"inLanguage":"pt-BR","potentialAction":[{"@type":"ReadAction","target":["https:\/\/renatodias.online\/movimento\/2021\/05\/13\/a-disputa-pela-memoria\/"]}]},{"@type":"ImageObject","inLanguage":"pt-BR","@id":"https:\/\/renatodias.online\/movimento\/2021\/05\/13\/a-disputa-pela-memoria\/#primaryimage","url":"https:\/\/renatodias.online\/movimento\/wp-content\/uploads\/2021\/05\/Jornadas-de-junho-de-2013.jpg","contentUrl":"https:\/\/renatodias.online\/movimento\/wp-content\/uploads\/2021\/05\/Jornadas-de-junho-de-2013.jpg","width":916,"height":1280},{"@type":"BreadcrumbList","@id":"https:\/\/renatodias.online\/movimento\/2021\/05\/13\/a-disputa-pela-memoria\/#breadcrumb","itemListElement":[{"@type":"ListItem","position":1,"name":"In\u00edcio","item":"https:\/\/renatodias.online\/movimento\/"},{"@type":"ListItem","position":2,"name":"A disputa pela mem\u00f3ria"}]},{"@type":"WebSite","@id":"https:\/\/renatodias.online\/movimento\/#website","url":"https:\/\/renatodias.online\/movimento\/","name":"","description":"","publisher":{"@id":"https:\/\/renatodias.online\/movimento\/#\/schema\/person\/bbab28833b1725a20f4083f49f1fb2a9"},"potentialAction":[{"@type":"SearchAction","target":{"@type":"EntryPoint","urlTemplate":"https:\/\/renatodias.online\/movimento\/?s={search_term_string}"},"query-input":{"@type":"PropertyValueSpecification","valueRequired":true,"valueName":"search_term_string"}}],"inLanguage":"pt-BR"},{"@type":["Person","Organization"],"@id":"https:\/\/renatodias.online\/movimento\/#\/schema\/person\/bbab28833b1725a20f4083f49f1fb2a9","name":"Renato Dias","image":{"@type":"ImageObject","inLanguage":"pt-BR","@id":"https:\/\/renatodias.online\/movimento\/wp-content\/uploads\/2023\/03\/cropped-cropped-cropped-logofinal.jpeg","url":"https:\/\/renatodias.online\/movimento\/wp-content\/uploads\/2023\/03\/cropped-cropped-cropped-logofinal.jpeg","contentUrl":"https:\/\/renatodias.online\/movimento\/wp-content\/uploads\/2023\/03\/cropped-cropped-cropped-logofinal.jpeg","width":1280,"height":219,"caption":"Renato Dias"},"logo":{"@id":"https:\/\/renatodias.online\/movimento\/wp-content\/uploads\/2023\/03\/cropped-cropped-cropped-logofinal.jpeg"},"description":"Renato Dias, 58 anos, \u00e9 graduado em Jornalismo, formado em Ci\u00eancias Sociais, com p\u00f3s-gradua\u00e7\u00e3o em Pol\u00edticas P\u00fablicas, mestre em Direito e Rela\u00e7\u00f5es Internacionais, ex-aluno extraordin\u00e1rio do Doutorado em Psicologia Social, ex-estudante do Curso de Psican\u00e1lise do Centro de Estudos Psicanal\u00edticos do Estado de Goi\u00e1s, ministrado pelo m\u00e9dico psiquiatra e psicanalista Daniel Em\u00eddio de Souza. \u00c9 autor de 30 livros-reportagem, oito document\u00e1rios, ganhou 30 pr\u00eamios e \u00e9 torcedor apaixonado do maior do Centro-Oeste, o Vila Nova Futebol Clube. Casado com Meirilane Dias, \u00e9 pai de Juliana Dias, jornalista; Daniel Dias, economista; e Maria Rosa Dias, estudante antifascista, socialista e trotskista.\u00a0Com tr\u00eas pets: Porquinho [Bull Dog Franc\u00eas], Dalila [Basset Hound] e Geleia [Basset Hound]. Al\u00e9m do eterno gato Tutuquinho, que virou estrela.","sameAs":["https:\/\/www.facebook.com\/renato.dias.37","#breve","https:\/\/renatodias.tumblr.com\/"],"url":"https:\/\/renatodias.online\/movimento\/author\/renatodias\/"}]}},"_links":{"self":[{"href":"https:\/\/renatodias.online\/movimento\/wp-json\/wp\/v2\/posts\/6619","targetHints":{"allow":["GET"]}}],"collection":[{"href":"https:\/\/renatodias.online\/movimento\/wp-json\/wp\/v2\/posts"}],"about":[{"href":"https:\/\/renatodias.online\/movimento\/wp-json\/wp\/v2\/types\/post"}],"author":[{"embeddable":true,"href":"https:\/\/renatodias.online\/movimento\/wp-json\/wp\/v2\/users\/2"}],"replies":[{"embeddable":true,"href":"https:\/\/renatodias.online\/movimento\/wp-json\/wp\/v2\/comments?post=6619"}],"version-history":[{"count":1,"href":"https:\/\/renatodias.online\/movimento\/wp-json\/wp\/v2\/posts\/6619\/revisions"}],"predecessor-version":[{"id":6623,"href":"https:\/\/renatodias.online\/movimento\/wp-json\/wp\/v2\/posts\/6619\/revisions\/6623"}],"wp:featuredmedia":[{"embeddable":true,"href":"https:\/\/renatodias.online\/movimento\/wp-json\/wp\/v2\/media\/6622"}],"wp:attachment":[{"href":"https:\/\/renatodias.online\/movimento\/wp-json\/wp\/v2\/media?parent=6619"}],"wp:term":[{"taxonomy":"category","embeddable":true,"href":"https:\/\/renatodias.online\/movimento\/wp-json\/wp\/v2\/categories?post=6619"},{"taxonomy":"post_tag","embeddable":true,"href":"https:\/\/renatodias.online\/movimento\/wp-json\/wp\/v2\/tags?post=6619"}],"curies":[{"name":"wp","href":"https:\/\/api.w.org\/{rel}","templated":true}]}}