{"id":6580,"date":"2021-05-12T22:04:05","date_gmt":"2021-05-13T01:04:05","guid":{"rendered":"https:\/\/renatodias.online\/movimento\/?p=6580"},"modified":"2021-05-12T22:04:05","modified_gmt":"2021-05-13T01:04:05","slug":"memoria-da-advocacia-sob-a-pandemia","status":"publish","type":"post","link":"https:\/\/renatodias.online\/movimento\/2021\/05\/12\/memoria-da-advocacia-sob-a-pandemia\/","title":{"rendered":"Mem\u00f3ria da advocacia sob a Pandemia"},"content":{"rendered":"<p><strong><img loading=\"lazy\" decoding=\"async\" class=\"size-full wp-image-4871 aligncenter\" src=\"https:\/\/renatodias.online\/movimento\/wp-content\/uploads\/2020\/11\/Alto-da-p\u00e1gina-Banner-Exclusivo.png\" alt=\"\" width=\"1224\" height=\"372\" \/><\/strong><\/p>\n<h1 style=\"text-align: center;\"><span style=\"color: #008000;\"><strong>Mem\u00f3ria da advocacia sob a Pandemia<\/strong><\/span><\/h1>\n<figure id=\"attachment_6581\" aria-describedby=\"caption-attachment-6581\" style=\"width: 853px\" class=\"wp-caption alignnone\"><img loading=\"lazy\" decoding=\"async\" class=\"size-full wp-image-6581\" src=\"https:\/\/renatodias.online\/movimento\/wp-content\/uploads\/2021\/05\/Layla-Milena-Oliveira.jpg\" alt=\"\" width=\"853\" height=\"1066\" srcset=\"https:\/\/renatodias.online\/movimento\/wp-content\/uploads\/2021\/05\/Layla-Milena-Oliveira.jpg 853w, https:\/\/renatodias.online\/movimento\/wp-content\/uploads\/2021\/05\/Layla-Milena-Oliveira-240x300.jpg 240w, https:\/\/renatodias.online\/movimento\/wp-content\/uploads\/2021\/05\/Layla-Milena-Oliveira-819x1024.jpg 819w, https:\/\/renatodias.online\/movimento\/wp-content\/uploads\/2021\/05\/Layla-Milena-Oliveira-768x960.jpg 768w, https:\/\/renatodias.online\/movimento\/wp-content\/uploads\/2021\/05\/Layla-Milena-Oliveira-750x937.jpg 750w\" sizes=\"auto, (max-width: 853px) 100vw, 853px\" \/><figcaption id=\"caption-attachment-6581\" class=\"wp-caption-text\">Layla Milena Oliveira<\/figcaption><\/figure>\n<h2><span style=\"color: #0000ff;\"><strong>Advogada de Jata\u00ed requer \u00e0 OAB a cria\u00e7\u00e3o do Memorial <\/strong><\/span><span style=\"color: #0000ff;\"><strong>da Advocacia em homenagem \u00e0s v\u00edtimas fatais, em Goi\u00e1s<\/strong><\/span><\/h2>\n<figure id=\"attachment_6451\" aria-describedby=\"caption-attachment-6451\" style=\"width: 768px\" class=\"wp-caption alignnone\"><img loading=\"lazy\" decoding=\"async\" class=\"size-full wp-image-6451\" src=\"https:\/\/renatodias.online\/movimento\/wp-content\/uploads\/2021\/05\/Coronavirus.jpg\" alt=\"\" width=\"768\" height=\"410\" srcset=\"https:\/\/renatodias.online\/movimento\/wp-content\/uploads\/2021\/05\/Coronavirus.jpg 768w, https:\/\/renatodias.online\/movimento\/wp-content\/uploads\/2021\/05\/Coronavirus-300x160.jpg 300w, https:\/\/renatodias.online\/movimento\/wp-content\/uploads\/2021\/05\/Coronavirus-750x400.jpg 750w\" sizes=\"auto, (max-width: 768px) 100vw, 768px\" \/><figcaption id=\"caption-attachment-6451\" class=\"wp-caption-text\">Coronav\u00edrus<\/figcaption><\/figure>\n<p><strong>Renato Dias<\/strong><\/p>\n<p>A advogada do munic\u00edpio de Jata\u00ed, \u00a0Layla Milena Oliveira Gomes, conselheira seccional da Ordem dos Advogados do Brasil, a OAB da Se\u00e7\u00e3o de Goi\u00e1s, prop\u00f4s \u00e0 Ordem no Estado a cria\u00e7\u00e3o de um memorial virtual e f\u00edsico. Motivo: \u00a0para homenagear e preservar a mem\u00f3ria das advogadas e dos advogados que morreram em decorr\u00eancia de complica\u00e7\u00f5es do Coronav\u00edrus Covid 19.<\/p>\n<p><strong><img loading=\"lazy\" decoding=\"async\" class=\"size-full wp-image-6129 aligncenter\" src=\"https:\/\/renatodias.online\/movimento\/wp-content\/uploads\/2021\/04\/Mortos-sob-a-Pandemia-no-Brasil-_-3.jpg\" alt=\"\" width=\"700\" height=\"394\" srcset=\"https:\/\/renatodias.online\/movimento\/wp-content\/uploads\/2021\/04\/Mortos-sob-a-Pandemia-no-Brasil-_-3.jpg 700w, https:\/\/renatodias.online\/movimento\/wp-content\/uploads\/2021\/04\/Mortos-sob-a-Pandemia-no-Brasil-_-3-300x169.jpg 300w\" sizes=\"auto, (max-width: 700px) 100vw, 700px\" \/><\/strong><\/p>\n<p>Ela explica com exclusividade ao Portal de Not\u00edcias <a href=\"http:\/\/www.renatodias.online\">www.renatodias.online<\/a> que\u00a0 a ideia \u00e9 que a Ordem torne perene o registro do tr\u00e1gico momento hist\u00f3rico vivido pela a humanidade. A operadora do Direito informa que dentro e ao redor de n\u00f3s no curso da pandemia de 219, 2020 e 2021, todos s\u00e3o afetados de m\u00faltiplas maneiras com a extens\u00e3o multifacetada dos lutos.<\/p>\n<figure id=\"attachment_6485\" aria-describedby=\"caption-attachment-6485\" style=\"width: 1600px\" class=\"wp-caption alignnone\"><img loading=\"lazy\" decoding=\"async\" class=\"size-full wp-image-6485\" src=\"https:\/\/renatodias.online\/movimento\/wp-content\/uploads\/2021\/05\/Educacao-sob-a-Pandemia.jpg\" alt=\"\" width=\"1600\" height=\"800\" srcset=\"https:\/\/renatodias.online\/movimento\/wp-content\/uploads\/2021\/05\/Educacao-sob-a-Pandemia.jpg 1600w, https:\/\/renatodias.online\/movimento\/wp-content\/uploads\/2021\/05\/Educacao-sob-a-Pandemia-300x150.jpg 300w, https:\/\/renatodias.online\/movimento\/wp-content\/uploads\/2021\/05\/Educacao-sob-a-Pandemia-768x384.jpg 768w, https:\/\/renatodias.online\/movimento\/wp-content\/uploads\/2021\/05\/Educacao-sob-a-Pandemia-1536x768.jpg 1536w, https:\/\/renatodias.online\/movimento\/wp-content\/uploads\/2021\/05\/Educacao-sob-a-Pandemia-555x278.jpg 555w, https:\/\/renatodias.online\/movimento\/wp-content\/uploads\/2021\/05\/Educacao-sob-a-Pandemia-750x375.jpg 750w\" sizes=\"auto, (max-width: 1600px) 100vw, 1600px\" \/><figcaption id=\"caption-attachment-6485\" class=\"wp-caption-text\">A educa\u00e7\u00e3o sob a Pandemia, no Brasil<\/figcaption><\/figure>\n<p>Layla Milena Oliveira Gomes quer capturar a diversidade. Para documentar o presente e preserv\u00e1-lo para ao futuro, pontua. A pandemia acabar\u00e1, cr\u00ea. Como a \u2018Crise Corona\u2019 ser\u00e1 analisada depende do que restar dela, diz. O projeto do memorial \u00e9 homenagear as v\u00edtimas da categoria e garantir a preserva\u00e7\u00e3o trag\u00e9dia e hist\u00f3rica do s\u00e9culo 21, observa a advogada.<\/p>\n<figure id=\"attachment_3315\" aria-describedby=\"caption-attachment-3315\" style=\"width: 868px\" class=\"wp-caption alignnone\"><img loading=\"lazy\" decoding=\"async\" class=\"size-full wp-image-3315\" src=\"https:\/\/renatodias.online\/movimento\/wp-content\/uploads\/2020\/04\/Paulo-Guedes-Pandemia.jpg\" alt=\"\" width=\"868\" height=\"644\" srcset=\"https:\/\/renatodias.online\/movimento\/wp-content\/uploads\/2020\/04\/Paulo-Guedes-Pandemia.jpg 868w, https:\/\/renatodias.online\/movimento\/wp-content\/uploads\/2020\/04\/Paulo-Guedes-Pandemia-300x223.jpg 300w, https:\/\/renatodias.online\/movimento\/wp-content\/uploads\/2020\/04\/Paulo-Guedes-Pandemia-768x570.jpg 768w, https:\/\/renatodias.online\/movimento\/wp-content\/uploads\/2020\/04\/Paulo-Guedes-Pandemia-750x556.jpg 750w\" sizes=\"auto, (max-width: 868px) 100vw, 868px\" \/><figcaption id=\"caption-attachment-3315\" class=\"wp-caption-text\">Paulo Guedes<\/figcaption><\/figure>\n<p>Artefatos e mem\u00f3rias se tornar\u00e3o fontes prim\u00e1rias para as futuras gera\u00e7\u00f5es entenderem o que foi a Pandemia, sublinha. O memorial \u00e9 um instrumento de a OAB Goi\u00e1s contribuir na constru\u00e7\u00e3o da mem\u00f3ria social, atira.\u00a0 Layla Milena enviou o of\u00edcio em 26 de abril e acredita que a OAB Goi\u00e1s atender\u00e1 o pedido. A cria\u00e7\u00e3o do Memorial da Advocacia Goiana deve ocorrer j\u00e1, destaca ela.<\/p>\n<figure id=\"attachment_5242\" aria-describedby=\"caption-attachment-5242\" style=\"width: 601px\" class=\"wp-caption aligncenter\"><img loading=\"lazy\" decoding=\"async\" class=\"size-full wp-image-5242\" src=\"https:\/\/renatodias.online\/movimento\/wp-content\/uploads\/2021\/02\/WhatsApp-Image-2021-02-20-at-21.45.11-3.jpeg\" alt=\"Mortos na Pandemia\" width=\"601\" height=\"401\" srcset=\"https:\/\/renatodias.online\/movimento\/wp-content\/uploads\/2021\/02\/WhatsApp-Image-2021-02-20-at-21.45.11-3.jpeg 601w, https:\/\/renatodias.online\/movimento\/wp-content\/uploads\/2021\/02\/WhatsApp-Image-2021-02-20-at-21.45.11-3-300x200.jpeg 300w, https:\/\/renatodias.online\/movimento\/wp-content\/uploads\/2021\/02\/WhatsApp-Image-2021-02-20-at-21.45.11-3-360x240.jpeg 360w\" sizes=\"auto, (max-width: 601px) 100vw, 601px\" \/><figcaption id=\"caption-attachment-5242\" class=\"wp-caption-text\">Mortos na Pandemia<\/figcaption><\/figure>\n<p><strong>\u00a0<\/strong><\/p>\n","protected":false},"excerpt":{"rendered":"<p>Mem\u00f3ria da advocacia sob a Pandemia Advogada de Jata\u00ed requer \u00e0 OAB a cria\u00e7\u00e3o do Memorial da Advocacia em homenagem \u00e0s v\u00edtimas fatais, em Goi\u00e1s Renato Dias A advogada do munic\u00edpio de Jata\u00ed, \u00a0Layla Milena Oliveira Gomes, conselheira seccional da Ordem dos Advogados do Brasil, a OAB da Se\u00e7\u00e3o de Goi\u00e1s, prop\u00f4s \u00e0 Ordem no<\/p>\n","protected":false},"author":2,"featured_media":6117,"comment_status":"open","ping_status":"open","sticky":false,"template":"","format":"standard","meta":{"_acf_changed":false,"_monsterinsights_skip_tracking":false,"_monsterinsights_sitenote_active":false,"_monsterinsights_sitenote_note":"","_monsterinsights_sitenote_category":0,"footnotes":""},"categories":[4],"tags":[],"class_list":["post-6580","post","type-post","status-publish","format-standard","has-post-thumbnail","hentry","category-politica"],"acf":[],"yoast_head":"<!-- This site is optimized with the Yoast SEO plugin v27.4 - https:\/\/yoast.com\/product\/yoast-seo-wordpress\/ -->\n<title>Mem\u00f3ria da advocacia sob a Pandemia -<\/title>\n<meta name=\"robots\" content=\"index, follow, max-snippet:-1, max-image-preview:large, max-video-preview:-1\" \/>\n<link rel=\"canonical\" href=\"https:\/\/renatodias.online\/movimento\/2021\/05\/12\/memoria-da-advocacia-sob-a-pandemia\/\" \/>\n<meta property=\"og:locale\" content=\"pt_BR\" \/>\n<meta property=\"og:type\" content=\"article\" \/>\n<meta property=\"og:title\" content=\"Mem\u00f3ria da advocacia sob a Pandemia -\" \/>\n<meta property=\"og:description\" content=\"Mem\u00f3ria da advocacia sob a Pandemia Advogada de Jata\u00ed requer \u00e0 OAB a cria\u00e7\u00e3o do Memorial da Advocacia em homenagem \u00e0s v\u00edtimas fatais, em Goi\u00e1s Renato Dias A advogada do munic\u00edpio de Jata\u00ed, \u00a0Layla Milena Oliveira Gomes, conselheira seccional da Ordem dos Advogados do Brasil, a OAB da Se\u00e7\u00e3o de Goi\u00e1s, prop\u00f4s \u00e0 Ordem no\" \/>\n<meta property=\"og:url\" content=\"https:\/\/renatodias.online\/movimento\/2021\/05\/12\/memoria-da-advocacia-sob-a-pandemia\/\" \/>\n<meta property=\"article:publisher\" content=\"https:\/\/www.facebook.com\/renato.dias.37\" \/>\n<meta property=\"article:author\" content=\"https:\/\/www.facebook.com\/renato.dias.37\" \/>\n<meta property=\"article:published_time\" content=\"2021-05-13T01:04:05+00:00\" \/>\n<meta property=\"og:image\" content=\"https:\/\/renatodias.online\/movimento\/wp-content\/uploads\/2021\/04\/Olhar-_-3.jpg\" \/>\n\t<meta property=\"og:image:width\" content=\"850\" \/>\n\t<meta property=\"og:image:height\" content=\"445\" \/>\n\t<meta property=\"og:image:type\" content=\"image\/jpeg\" \/>\n<meta name=\"author\" content=\"Renato Dias\" \/>\n<meta name=\"twitter:card\" content=\"summary_large_image\" \/>\n<meta name=\"twitter:creator\" content=\"@RenatoDiasBat\" \/>\n<meta name=\"twitter:site\" content=\"@RenatoDiasBat\" \/>\n<meta name=\"twitter:label1\" content=\"Escrito por\" \/>\n\t<meta name=\"twitter:data1\" content=\"Renato Dias\" \/>\n\t<meta name=\"twitter:label2\" content=\"Est. tempo de leitura\" \/>\n\t<meta name=\"twitter:data2\" content=\"2 minutos\" \/>\n<script type=\"application\/ld+json\" class=\"yoast-schema-graph\">{\"@context\":\"https:\\\/\\\/schema.org\",\"@graph\":[{\"@type\":\"Article\",\"@id\":\"https:\\\/\\\/renatodias.online\\\/movimento\\\/2021\\\/05\\\/12\\\/memoria-da-advocacia-sob-a-pandemia\\\/#article\",\"isPartOf\":{\"@id\":\"https:\\\/\\\/renatodias.online\\\/movimento\\\/2021\\\/05\\\/12\\\/memoria-da-advocacia-sob-a-pandemia\\\/\"},\"author\":{\"name\":\"Renato Dias\",\"@id\":\"https:\\\/\\\/renatodias.online\\\/movimento\\\/#\\\/schema\\\/person\\\/bbab28833b1725a20f4083f49f1fb2a9\"},\"headline\":\"Mem\u00f3ria da advocacia sob a Pandemia\",\"datePublished\":\"2021-05-13T01:04:05+00:00\",\"mainEntityOfPage\":{\"@id\":\"https:\\\/\\\/renatodias.online\\\/movimento\\\/2021\\\/05\\\/12\\\/memoria-da-advocacia-sob-a-pandemia\\\/\"},\"wordCount\":356,\"commentCount\":0,\"publisher\":{\"@id\":\"https:\\\/\\\/renatodias.online\\\/movimento\\\/#\\\/schema\\\/person\\\/bbab28833b1725a20f4083f49f1fb2a9\"},\"image\":{\"@id\":\"https:\\\/\\\/renatodias.online\\\/movimento\\\/2021\\\/05\\\/12\\\/memoria-da-advocacia-sob-a-pandemia\\\/#primaryimage\"},\"thumbnailUrl\":\"https:\\\/\\\/renatodias.online\\\/movimento\\\/wp-content\\\/uploads\\\/2021\\\/04\\\/Olhar-_-3.jpg\",\"articleSection\":[\"Pol\u00edtica\"],\"inLanguage\":\"pt-BR\",\"potentialAction\":[{\"@type\":\"CommentAction\",\"name\":\"Comment\",\"target\":[\"https:\\\/\\\/renatodias.online\\\/movimento\\\/2021\\\/05\\\/12\\\/memoria-da-advocacia-sob-a-pandemia\\\/#respond\"]}]},{\"@type\":\"WebPage\",\"@id\":\"https:\\\/\\\/renatodias.online\\\/movimento\\\/2021\\\/05\\\/12\\\/memoria-da-advocacia-sob-a-pandemia\\\/\",\"url\":\"https:\\\/\\\/renatodias.online\\\/movimento\\\/2021\\\/05\\\/12\\\/memoria-da-advocacia-sob-a-pandemia\\\/\",\"name\":\"Mem\u00f3ria da advocacia sob a Pandemia -\",\"isPartOf\":{\"@id\":\"https:\\\/\\\/renatodias.online\\\/movimento\\\/#website\"},\"primaryImageOfPage\":{\"@id\":\"https:\\\/\\\/renatodias.online\\\/movimento\\\/2021\\\/05\\\/12\\\/memoria-da-advocacia-sob-a-pandemia\\\/#primaryimage\"},\"image\":{\"@id\":\"https:\\\/\\\/renatodias.online\\\/movimento\\\/2021\\\/05\\\/12\\\/memoria-da-advocacia-sob-a-pandemia\\\/#primaryimage\"},\"thumbnailUrl\":\"https:\\\/\\\/renatodias.online\\\/movimento\\\/wp-content\\\/uploads\\\/2021\\\/04\\\/Olhar-_-3.jpg\",\"datePublished\":\"2021-05-13T01:04:05+00:00\",\"breadcrumb\":{\"@id\":\"https:\\\/\\\/renatodias.online\\\/movimento\\\/2021\\\/05\\\/12\\\/memoria-da-advocacia-sob-a-pandemia\\\/#breadcrumb\"},\"inLanguage\":\"pt-BR\",\"potentialAction\":[{\"@type\":\"ReadAction\",\"target\":[\"https:\\\/\\\/renatodias.online\\\/movimento\\\/2021\\\/05\\\/12\\\/memoria-da-advocacia-sob-a-pandemia\\\/\"]}]},{\"@type\":\"ImageObject\",\"inLanguage\":\"pt-BR\",\"@id\":\"https:\\\/\\\/renatodias.online\\\/movimento\\\/2021\\\/05\\\/12\\\/memoria-da-advocacia-sob-a-pandemia\\\/#primaryimage\",\"url\":\"https:\\\/\\\/renatodias.online\\\/movimento\\\/wp-content\\\/uploads\\\/2021\\\/04\\\/Olhar-_-3.jpg\",\"contentUrl\":\"https:\\\/\\\/renatodias.online\\\/movimento\\\/wp-content\\\/uploads\\\/2021\\\/04\\\/Olhar-_-3.jpg\",\"width\":850,\"height\":445},{\"@type\":\"BreadcrumbList\",\"@id\":\"https:\\\/\\\/renatodias.online\\\/movimento\\\/2021\\\/05\\\/12\\\/memoria-da-advocacia-sob-a-pandemia\\\/#breadcrumb\",\"itemListElement\":[{\"@type\":\"ListItem\",\"position\":1,\"name\":\"In\u00edcio\",\"item\":\"https:\\\/\\\/renatodias.online\\\/movimento\\\/\"},{\"@type\":\"ListItem\",\"position\":2,\"name\":\"Mem\u00f3ria da advocacia sob a Pandemia\"}]},{\"@type\":\"WebSite\",\"@id\":\"https:\\\/\\\/renatodias.online\\\/movimento\\\/#website\",\"url\":\"https:\\\/\\\/renatodias.online\\\/movimento\\\/\",\"name\":\"\",\"description\":\"\",\"publisher\":{\"@id\":\"https:\\\/\\\/renatodias.online\\\/movimento\\\/#\\\/schema\\\/person\\\/bbab28833b1725a20f4083f49f1fb2a9\"},\"potentialAction\":[{\"@type\":\"SearchAction\",\"target\":{\"@type\":\"EntryPoint\",\"urlTemplate\":\"https:\\\/\\\/renatodias.online\\\/movimento\\\/?s={search_term_string}\"},\"query-input\":{\"@type\":\"PropertyValueSpecification\",\"valueRequired\":true,\"valueName\":\"search_term_string\"}}],\"inLanguage\":\"pt-BR\"},{\"@type\":[\"Person\",\"Organization\"],\"@id\":\"https:\\\/\\\/renatodias.online\\\/movimento\\\/#\\\/schema\\\/person\\\/bbab28833b1725a20f4083f49f1fb2a9\",\"name\":\"Renato Dias\",\"image\":{\"@type\":\"ImageObject\",\"inLanguage\":\"pt-BR\",\"@id\":\"https:\\\/\\\/renatodias.online\\\/movimento\\\/wp-content\\\/uploads\\\/2023\\\/03\\\/cropped-cropped-cropped-logofinal.jpeg\",\"url\":\"https:\\\/\\\/renatodias.online\\\/movimento\\\/wp-content\\\/uploads\\\/2023\\\/03\\\/cropped-cropped-cropped-logofinal.jpeg\",\"contentUrl\":\"https:\\\/\\\/renatodias.online\\\/movimento\\\/wp-content\\\/uploads\\\/2023\\\/03\\\/cropped-cropped-cropped-logofinal.jpeg\",\"width\":1280,\"height\":219,\"caption\":\"Renato Dias\"},\"logo\":{\"@id\":\"https:\\\/\\\/renatodias.online\\\/movimento\\\/wp-content\\\/uploads\\\/2023\\\/03\\\/cropped-cropped-cropped-logofinal.jpeg\"},\"description\":\"Renato Dias, 58 anos, \u00e9 graduado em Jornalismo, formado em Ci\u00eancias Sociais, com p\u00f3s-gradua\u00e7\u00e3o em Pol\u00edticas P\u00fablicas, mestre em Direito e Rela\u00e7\u00f5es Internacionais, ex-aluno extraordin\u00e1rio do Doutorado em Psicologia Social, ex-estudante do Curso de Psican\u00e1lise do Centro de Estudos Psicanal\u00edticos do Estado de Goi\u00e1s, ministrado pelo m\u00e9dico psiquiatra e psicanalista Daniel Em\u00eddio de Souza. \u00c9 autor de 30 livros-reportagem, oito document\u00e1rios, ganhou 30 pr\u00eamios e \u00e9 torcedor apaixonado do maior do Centro-Oeste, o Vila Nova Futebol Clube. Casado com Meirilane Dias, \u00e9 pai de Juliana Dias, jornalista; Daniel Dias, economista; e Maria Rosa Dias, estudante antifascista, socialista e trotskista.\u00a0Com tr\u00eas pets: Porquinho [Bull Dog Franc\u00eas], Dalila [Basset Hound] e Geleia [Basset Hound]. Al\u00e9m do eterno gato Tutuquinho, que virou estrela.\",\"sameAs\":[\"https:\\\/\\\/www.facebook.com\\\/renato.dias.37\",\"#breve\",\"https:\\\/\\\/renatodias.tumblr.com\\\/\"],\"url\":\"https:\\\/\\\/renatodias.online\\\/movimento\\\/author\\\/renatodias\\\/\"}]}<\/script>\n<!-- \/ Yoast SEO plugin. -->","yoast_head_json":{"title":"Mem\u00f3ria da advocacia sob a Pandemia -","robots":{"index":"index","follow":"follow","max-snippet":"max-snippet:-1","max-image-preview":"max-image-preview:large","max-video-preview":"max-video-preview:-1"},"canonical":"https:\/\/renatodias.online\/movimento\/2021\/05\/12\/memoria-da-advocacia-sob-a-pandemia\/","og_locale":"pt_BR","og_type":"article","og_title":"Mem\u00f3ria da advocacia sob a Pandemia -","og_description":"Mem\u00f3ria da advocacia sob a Pandemia Advogada de Jata\u00ed requer \u00e0 OAB a cria\u00e7\u00e3o do Memorial da Advocacia em homenagem \u00e0s v\u00edtimas fatais, em Goi\u00e1s Renato Dias A advogada do munic\u00edpio de Jata\u00ed, \u00a0Layla Milena Oliveira Gomes, conselheira seccional da Ordem dos Advogados do Brasil, a OAB da Se\u00e7\u00e3o de Goi\u00e1s, prop\u00f4s \u00e0 Ordem no","og_url":"https:\/\/renatodias.online\/movimento\/2021\/05\/12\/memoria-da-advocacia-sob-a-pandemia\/","article_publisher":"https:\/\/www.facebook.com\/renato.dias.37","article_author":"https:\/\/www.facebook.com\/renato.dias.37","article_published_time":"2021-05-13T01:04:05+00:00","og_image":[{"width":850,"height":445,"url":"https:\/\/renatodias.online\/movimento\/wp-content\/uploads\/2021\/04\/Olhar-_-3.jpg","type":"image\/jpeg"}],"author":"Renato Dias","twitter_card":"summary_large_image","twitter_creator":"@RenatoDiasBat","twitter_site":"@RenatoDiasBat","twitter_misc":{"Escrito por":"Renato Dias","Est. tempo de leitura":"2 minutos"},"schema":{"@context":"https:\/\/schema.org","@graph":[{"@type":"Article","@id":"https:\/\/renatodias.online\/movimento\/2021\/05\/12\/memoria-da-advocacia-sob-a-pandemia\/#article","isPartOf":{"@id":"https:\/\/renatodias.online\/movimento\/2021\/05\/12\/memoria-da-advocacia-sob-a-pandemia\/"},"author":{"name":"Renato Dias","@id":"https:\/\/renatodias.online\/movimento\/#\/schema\/person\/bbab28833b1725a20f4083f49f1fb2a9"},"headline":"Mem\u00f3ria da advocacia sob a Pandemia","datePublished":"2021-05-13T01:04:05+00:00","mainEntityOfPage":{"@id":"https:\/\/renatodias.online\/movimento\/2021\/05\/12\/memoria-da-advocacia-sob-a-pandemia\/"},"wordCount":356,"commentCount":0,"publisher":{"@id":"https:\/\/renatodias.online\/movimento\/#\/schema\/person\/bbab28833b1725a20f4083f49f1fb2a9"},"image":{"@id":"https:\/\/renatodias.online\/movimento\/2021\/05\/12\/memoria-da-advocacia-sob-a-pandemia\/#primaryimage"},"thumbnailUrl":"https:\/\/renatodias.online\/movimento\/wp-content\/uploads\/2021\/04\/Olhar-_-3.jpg","articleSection":["Pol\u00edtica"],"inLanguage":"pt-BR","potentialAction":[{"@type":"CommentAction","name":"Comment","target":["https:\/\/renatodias.online\/movimento\/2021\/05\/12\/memoria-da-advocacia-sob-a-pandemia\/#respond"]}]},{"@type":"WebPage","@id":"https:\/\/renatodias.online\/movimento\/2021\/05\/12\/memoria-da-advocacia-sob-a-pandemia\/","url":"https:\/\/renatodias.online\/movimento\/2021\/05\/12\/memoria-da-advocacia-sob-a-pandemia\/","name":"Mem\u00f3ria da advocacia sob a Pandemia -","isPartOf":{"@id":"https:\/\/renatodias.online\/movimento\/#website"},"primaryImageOfPage":{"@id":"https:\/\/renatodias.online\/movimento\/2021\/05\/12\/memoria-da-advocacia-sob-a-pandemia\/#primaryimage"},"image":{"@id":"https:\/\/renatodias.online\/movimento\/2021\/05\/12\/memoria-da-advocacia-sob-a-pandemia\/#primaryimage"},"thumbnailUrl":"https:\/\/renatodias.online\/movimento\/wp-content\/uploads\/2021\/04\/Olhar-_-3.jpg","datePublished":"2021-05-13T01:04:05+00:00","breadcrumb":{"@id":"https:\/\/renatodias.online\/movimento\/2021\/05\/12\/memoria-da-advocacia-sob-a-pandemia\/#breadcrumb"},"inLanguage":"pt-BR","potentialAction":[{"@type":"ReadAction","target":["https:\/\/renatodias.online\/movimento\/2021\/05\/12\/memoria-da-advocacia-sob-a-pandemia\/"]}]},{"@type":"ImageObject","inLanguage":"pt-BR","@id":"https:\/\/renatodias.online\/movimento\/2021\/05\/12\/memoria-da-advocacia-sob-a-pandemia\/#primaryimage","url":"https:\/\/renatodias.online\/movimento\/wp-content\/uploads\/2021\/04\/Olhar-_-3.jpg","contentUrl":"https:\/\/renatodias.online\/movimento\/wp-content\/uploads\/2021\/04\/Olhar-_-3.jpg","width":850,"height":445},{"@type":"BreadcrumbList","@id":"https:\/\/renatodias.online\/movimento\/2021\/05\/12\/memoria-da-advocacia-sob-a-pandemia\/#breadcrumb","itemListElement":[{"@type":"ListItem","position":1,"name":"In\u00edcio","item":"https:\/\/renatodias.online\/movimento\/"},{"@type":"ListItem","position":2,"name":"Mem\u00f3ria da advocacia sob a Pandemia"}]},{"@type":"WebSite","@id":"https:\/\/renatodias.online\/movimento\/#website","url":"https:\/\/renatodias.online\/movimento\/","name":"","description":"","publisher":{"@id":"https:\/\/renatodias.online\/movimento\/#\/schema\/person\/bbab28833b1725a20f4083f49f1fb2a9"},"potentialAction":[{"@type":"SearchAction","target":{"@type":"EntryPoint","urlTemplate":"https:\/\/renatodias.online\/movimento\/?s={search_term_string}"},"query-input":{"@type":"PropertyValueSpecification","valueRequired":true,"valueName":"search_term_string"}}],"inLanguage":"pt-BR"},{"@type":["Person","Organization"],"@id":"https:\/\/renatodias.online\/movimento\/#\/schema\/person\/bbab28833b1725a20f4083f49f1fb2a9","name":"Renato Dias","image":{"@type":"ImageObject","inLanguage":"pt-BR","@id":"https:\/\/renatodias.online\/movimento\/wp-content\/uploads\/2023\/03\/cropped-cropped-cropped-logofinal.jpeg","url":"https:\/\/renatodias.online\/movimento\/wp-content\/uploads\/2023\/03\/cropped-cropped-cropped-logofinal.jpeg","contentUrl":"https:\/\/renatodias.online\/movimento\/wp-content\/uploads\/2023\/03\/cropped-cropped-cropped-logofinal.jpeg","width":1280,"height":219,"caption":"Renato Dias"},"logo":{"@id":"https:\/\/renatodias.online\/movimento\/wp-content\/uploads\/2023\/03\/cropped-cropped-cropped-logofinal.jpeg"},"description":"Renato Dias, 58 anos, \u00e9 graduado em Jornalismo, formado em Ci\u00eancias Sociais, com p\u00f3s-gradua\u00e7\u00e3o em Pol\u00edticas P\u00fablicas, mestre em Direito e Rela\u00e7\u00f5es Internacionais, ex-aluno extraordin\u00e1rio do Doutorado em Psicologia Social, ex-estudante do Curso de Psican\u00e1lise do Centro de Estudos Psicanal\u00edticos do Estado de Goi\u00e1s, ministrado pelo m\u00e9dico psiquiatra e psicanalista Daniel Em\u00eddio de Souza. \u00c9 autor de 30 livros-reportagem, oito document\u00e1rios, ganhou 30 pr\u00eamios e \u00e9 torcedor apaixonado do maior do Centro-Oeste, o Vila Nova Futebol Clube. Casado com Meirilane Dias, \u00e9 pai de Juliana Dias, jornalista; Daniel Dias, economista; e Maria Rosa Dias, estudante antifascista, socialista e trotskista.\u00a0Com tr\u00eas pets: Porquinho [Bull Dog Franc\u00eas], Dalila [Basset Hound] e Geleia [Basset Hound]. Al\u00e9m do eterno gato Tutuquinho, que virou estrela.","sameAs":["https:\/\/www.facebook.com\/renato.dias.37","#breve","https:\/\/renatodias.tumblr.com\/"],"url":"https:\/\/renatodias.online\/movimento\/author\/renatodias\/"}]}},"_links":{"self":[{"href":"https:\/\/renatodias.online\/movimento\/wp-json\/wp\/v2\/posts\/6580","targetHints":{"allow":["GET"]}}],"collection":[{"href":"https:\/\/renatodias.online\/movimento\/wp-json\/wp\/v2\/posts"}],"about":[{"href":"https:\/\/renatodias.online\/movimento\/wp-json\/wp\/v2\/types\/post"}],"author":[{"embeddable":true,"href":"https:\/\/renatodias.online\/movimento\/wp-json\/wp\/v2\/users\/2"}],"replies":[{"embeddable":true,"href":"https:\/\/renatodias.online\/movimento\/wp-json\/wp\/v2\/comments?post=6580"}],"version-history":[{"count":1,"href":"https:\/\/renatodias.online\/movimento\/wp-json\/wp\/v2\/posts\/6580\/revisions"}],"predecessor-version":[{"id":6582,"href":"https:\/\/renatodias.online\/movimento\/wp-json\/wp\/v2\/posts\/6580\/revisions\/6582"}],"wp:featuredmedia":[{"embeddable":true,"href":"https:\/\/renatodias.online\/movimento\/wp-json\/wp\/v2\/media\/6117"}],"wp:attachment":[{"href":"https:\/\/renatodias.online\/movimento\/wp-json\/wp\/v2\/media?parent=6580"}],"wp:term":[{"taxonomy":"category","embeddable":true,"href":"https:\/\/renatodias.online\/movimento\/wp-json\/wp\/v2\/categories?post=6580"},{"taxonomy":"post_tag","embeddable":true,"href":"https:\/\/renatodias.online\/movimento\/wp-json\/wp\/v2\/tags?post=6580"}],"curies":[{"name":"wp","href":"https:\/\/api.w.org\/{rel}","templated":true}]}}