{"id":6574,"date":"2021-05-12T21:51:49","date_gmt":"2021-05-13T00:51:49","guid":{"rendered":"https:\/\/renatodias.online\/movimento\/?p=6574"},"modified":"2021-05-12T21:52:49","modified_gmt":"2021-05-13T00:52:49","slug":"helcio-jaime-perillo-em-toquio","status":"publish","type":"post","link":"https:\/\/renatodias.online\/movimento\/2021\/05\/12\/helcio-jaime-perillo-em-toquio\/","title":{"rendered":"H\u00e9lcio Jaime Perillo em T\u00f3quio"},"content":{"rendered":"<p><img loading=\"lazy\" decoding=\"async\" class=\"size-full wp-image-5929 aligncenter\" src=\"https:\/\/renatodias.online\/movimento\/wp-content\/uploads\/2021\/04\/Especial.jpg\" alt=\"\" width=\"200\" height=\"200\" srcset=\"https:\/\/renatodias.online\/movimento\/wp-content\/uploads\/2021\/04\/Especial.jpg 200w, https:\/\/renatodias.online\/movimento\/wp-content\/uploads\/2021\/04\/Especial-150x150.jpg 150w\" sizes=\"auto, (max-width: 200px) 100vw, 200px\" \/><\/p>\n<p>&nbsp;<\/p>\n<figure id=\"attachment_6575\" aria-describedby=\"caption-attachment-6575\" style=\"width: 1011px\" class=\"wp-caption alignnone\"><img loading=\"lazy\" decoding=\"async\" class=\"size-full wp-image-6575\" src=\"https:\/\/renatodias.online\/movimento\/wp-content\/uploads\/2021\/05\/Paraolimpiadas-de-agosto-de-2021-_-Toquio.jpg\" alt=\"\" width=\"1011\" height=\"571\" srcset=\"https:\/\/renatodias.online\/movimento\/wp-content\/uploads\/2021\/05\/Paraolimpiadas-de-agosto-de-2021-_-Toquio.jpg 1011w, https:\/\/renatodias.online\/movimento\/wp-content\/uploads\/2021\/05\/Paraolimpiadas-de-agosto-de-2021-_-Toquio-300x169.jpg 300w, https:\/\/renatodias.online\/movimento\/wp-content\/uploads\/2021\/05\/Paraolimpiadas-de-agosto-de-2021-_-Toquio-768x434.jpg 768w, https:\/\/renatodias.online\/movimento\/wp-content\/uploads\/2021\/05\/Paraolimpiadas-de-agosto-de-2021-_-Toquio-750x424.jpg 750w\" sizes=\"auto, (max-width: 1011px) 100vw, 1011px\" \/><figcaption id=\"caption-attachment-6575\" class=\"wp-caption-text\">Paraolimp\u00edadas de agosto de 2021 _ T\u00f3quio<\/figcaption><\/figure>\n<h1 style=\"text-align: center;\"><span style=\"color: #0000ff;\"><strong>H\u00e9lcio Jaime Perillo em T\u00f3quio<\/strong><\/span><\/h1>\n<h2><span style=\"color: #ff6600;\"><strong>Paraolimp\u00edadas<\/strong><\/span><\/h2>\n<p><span style=\"color: #ff00ff;\"><strong>\u00c9 o que anuncia o Comit\u00ea Paral\u00edmpico Brasileiro. Atleta \u00e9 da Federa\u00e7\u00e3o Goiana de Tiro Com Arcos<\/strong><\/span><\/p>\n<p><strong>Renato Dias<\/strong><\/p>\n<p>O atleta paraol\u00edmpico em Tiro com Arco, de Goi\u00e2nia [GO], <strong>H\u00e9lcio Jaime Perillo<\/strong>, participar\u00e1 das Paraolimp\u00edadas, em T\u00f3quio, Jap\u00e3o. \u00c9 o que anuncia o <strong>Comit\u00ea Paraol\u00edmpico Brasileiro [CPB].<\/strong>\u00a0 O atleta \u00e9 filiado \u00e0 Federa\u00e7\u00e3o Goiana de Tiro Com Arcos. Trata-se do <strong>atual campe\u00e3o da categoria especial W1.<\/strong> Ele informa com exclusividade ao <strong>Portal de Not\u00edcias <\/strong><a href=\"http:\/\/www.renatodias.online\"><strong>www.renatodias.online<\/strong><\/a> ter obtido a medalha de prata no M\u00e9xico. Na disputa do <strong>IV Parapan Americano de Tiro com Arco<\/strong>, relata, emocionado.\u00a0 \u00c9 a sua primeira Paraolimp\u00edada. Em sua extensa e premiada carreira. H\u00e9lcio Jaime Perillo afirma que j\u00e1 havia atingido o \u00edndice para as Paraolimp\u00edadas, de T\u00f3quio, programados para o m\u00eas de agosto de 2021. No Jap\u00e3o. Continente Asi\u00e1tico.<\/p>\n<figure id=\"attachment_6576\" aria-describedby=\"caption-attachment-6576\" style=\"width: 625px\" class=\"wp-caption aligncenter\"><img loading=\"lazy\" decoding=\"async\" class=\"size-full wp-image-6576\" src=\"https:\/\/renatodias.online\/movimento\/wp-content\/uploads\/2021\/05\/Helcio-Jaime-Perillo.jpg\" alt=\"\" width=\"625\" height=\"393\" srcset=\"https:\/\/renatodias.online\/movimento\/wp-content\/uploads\/2021\/05\/Helcio-Jaime-Perillo.jpg 625w, https:\/\/renatodias.online\/movimento\/wp-content\/uploads\/2021\/05\/Helcio-Jaime-Perillo-300x189.jpg 300w\" sizes=\"auto, (max-width: 625px) 100vw, 625px\" \/><figcaption id=\"caption-attachment-6576\" class=\"wp-caption-text\">H\u00e9lcio Jaime Perillo<\/figcaption><\/figure>\n","protected":false},"excerpt":{"rendered":"<p>&nbsp; H\u00e9lcio Jaime Perillo em T\u00f3quio Paraolimp\u00edadas \u00c9 o que anuncia o Comit\u00ea Paral\u00edmpico Brasileiro. Atleta \u00e9 da Federa\u00e7\u00e3o Goiana de Tiro Com Arcos Renato Dias O atleta paraol\u00edmpico em Tiro com Arco, de Goi\u00e2nia [GO], H\u00e9lcio Jaime Perillo, participar\u00e1 das Paraolimp\u00edadas, em T\u00f3quio, Jap\u00e3o. \u00c9 o que anuncia o Comit\u00ea Paraol\u00edmpico Brasileiro [CPB].\u00a0 O<\/p>\n","protected":false},"author":2,"featured_media":6577,"comment_status":"open","ping_status":"open","sticky":false,"template":"","format":"standard","meta":{"_acf_changed":false,"_monsterinsights_skip_tracking":false,"_monsterinsights_sitenote_active":false,"_monsterinsights_sitenote_note":"","_monsterinsights_sitenote_category":0,"footnotes":""},"categories":[33],"tags":[],"class_list":["post-6574","post","type-post","status-publish","format-standard","has-post-thumbnail","hentry","category-esporte"],"acf":[],"yoast_head":"<!-- This site is optimized with the Yoast SEO plugin v27.4 - https:\/\/yoast.com\/product\/yoast-seo-wordpress\/ -->\n<title>H\u00e9lcio Jaime Perillo em T\u00f3quio -<\/title>\n<meta name=\"robots\" content=\"index, follow, max-snippet:-1, max-image-preview:large, max-video-preview:-1\" \/>\n<link rel=\"canonical\" href=\"https:\/\/renatodias.online\/movimento\/2021\/05\/12\/helcio-jaime-perillo-em-toquio\/\" \/>\n<meta property=\"og:locale\" content=\"pt_BR\" \/>\n<meta property=\"og:type\" content=\"article\" \/>\n<meta property=\"og:title\" content=\"H\u00e9lcio Jaime Perillo em T\u00f3quio -\" \/>\n<meta property=\"og:description\" content=\"&nbsp; H\u00e9lcio Jaime Perillo em T\u00f3quio Paraolimp\u00edadas \u00c9 o que anuncia o Comit\u00ea Paral\u00edmpico Brasileiro. Atleta \u00e9 da Federa\u00e7\u00e3o Goiana de Tiro Com Arcos Renato Dias O atleta paraol\u00edmpico em Tiro com Arco, de Goi\u00e2nia [GO], H\u00e9lcio Jaime Perillo, participar\u00e1 das Paraolimp\u00edadas, em T\u00f3quio, Jap\u00e3o. \u00c9 o que anuncia o Comit\u00ea Paraol\u00edmpico Brasileiro [CPB].\u00a0 O\" \/>\n<meta property=\"og:url\" content=\"https:\/\/renatodias.online\/movimento\/2021\/05\/12\/helcio-jaime-perillo-em-toquio\/\" \/>\n<meta property=\"article:publisher\" content=\"https:\/\/www.facebook.com\/renato.dias.37\" \/>\n<meta property=\"article:author\" content=\"https:\/\/www.facebook.com\/renato.dias.37\" \/>\n<meta property=\"article:published_time\" content=\"2021-05-13T00:51:49+00:00\" \/>\n<meta property=\"article:modified_time\" content=\"2021-05-13T00:52:49+00:00\" \/>\n<meta property=\"og:image\" content=\"https:\/\/renatodias.online\/movimento\/wp-content\/uploads\/2021\/05\/Helcio-Jaime-Perillo-_-Link.jpg\" \/>\n\t<meta property=\"og:image:width\" content=\"513\" \/>\n\t<meta property=\"og:image:height\" content=\"365\" \/>\n\t<meta property=\"og:image:type\" content=\"image\/jpeg\" \/>\n<meta name=\"author\" content=\"Renato Dias\" \/>\n<meta name=\"twitter:card\" content=\"summary_large_image\" \/>\n<meta name=\"twitter:creator\" content=\"@RenatoDiasBat\" \/>\n<meta name=\"twitter:site\" content=\"@RenatoDiasBat\" \/>\n<meta name=\"twitter:label1\" content=\"Escrito por\" \/>\n\t<meta name=\"twitter:data1\" content=\"Renato Dias\" \/>\n\t<meta name=\"twitter:label2\" content=\"Est. tempo de leitura\" \/>\n\t<meta name=\"twitter:data2\" content=\"1 minuto\" \/>\n<script type=\"application\/ld+json\" class=\"yoast-schema-graph\">{\"@context\":\"https:\\\/\\\/schema.org\",\"@graph\":[{\"@type\":\"Article\",\"@id\":\"https:\\\/\\\/renatodias.online\\\/movimento\\\/2021\\\/05\\\/12\\\/helcio-jaime-perillo-em-toquio\\\/#article\",\"isPartOf\":{\"@id\":\"https:\\\/\\\/renatodias.online\\\/movimento\\\/2021\\\/05\\\/12\\\/helcio-jaime-perillo-em-toquio\\\/\"},\"author\":{\"name\":\"Renato Dias\",\"@id\":\"https:\\\/\\\/renatodias.online\\\/movimento\\\/#\\\/schema\\\/person\\\/bbab28833b1725a20f4083f49f1fb2a9\"},\"headline\":\"H\u00e9lcio Jaime Perillo em T\u00f3quio\",\"datePublished\":\"2021-05-13T00:51:49+00:00\",\"dateModified\":\"2021-05-13T00:52:49+00:00\",\"mainEntityOfPage\":{\"@id\":\"https:\\\/\\\/renatodias.online\\\/movimento\\\/2021\\\/05\\\/12\\\/helcio-jaime-perillo-em-toquio\\\/\"},\"wordCount\":190,\"commentCount\":0,\"publisher\":{\"@id\":\"https:\\\/\\\/renatodias.online\\\/movimento\\\/#\\\/schema\\\/person\\\/bbab28833b1725a20f4083f49f1fb2a9\"},\"image\":{\"@id\":\"https:\\\/\\\/renatodias.online\\\/movimento\\\/2021\\\/05\\\/12\\\/helcio-jaime-perillo-em-toquio\\\/#primaryimage\"},\"thumbnailUrl\":\"https:\\\/\\\/renatodias.online\\\/movimento\\\/wp-content\\\/uploads\\\/2021\\\/05\\\/Helcio-Jaime-Perillo-_-Link.jpg\",\"articleSection\":[\"Esporte\"],\"inLanguage\":\"pt-BR\",\"potentialAction\":[{\"@type\":\"CommentAction\",\"name\":\"Comment\",\"target\":[\"https:\\\/\\\/renatodias.online\\\/movimento\\\/2021\\\/05\\\/12\\\/helcio-jaime-perillo-em-toquio\\\/#respond\"]}]},{\"@type\":\"WebPage\",\"@id\":\"https:\\\/\\\/renatodias.online\\\/movimento\\\/2021\\\/05\\\/12\\\/helcio-jaime-perillo-em-toquio\\\/\",\"url\":\"https:\\\/\\\/renatodias.online\\\/movimento\\\/2021\\\/05\\\/12\\\/helcio-jaime-perillo-em-toquio\\\/\",\"name\":\"H\u00e9lcio Jaime Perillo em T\u00f3quio -\",\"isPartOf\":{\"@id\":\"https:\\\/\\\/renatodias.online\\\/movimento\\\/#website\"},\"primaryImageOfPage\":{\"@id\":\"https:\\\/\\\/renatodias.online\\\/movimento\\\/2021\\\/05\\\/12\\\/helcio-jaime-perillo-em-toquio\\\/#primaryimage\"},\"image\":{\"@id\":\"https:\\\/\\\/renatodias.online\\\/movimento\\\/2021\\\/05\\\/12\\\/helcio-jaime-perillo-em-toquio\\\/#primaryimage\"},\"thumbnailUrl\":\"https:\\\/\\\/renatodias.online\\\/movimento\\\/wp-content\\\/uploads\\\/2021\\\/05\\\/Helcio-Jaime-Perillo-_-Link.jpg\",\"datePublished\":\"2021-05-13T00:51:49+00:00\",\"dateModified\":\"2021-05-13T00:52:49+00:00\",\"breadcrumb\":{\"@id\":\"https:\\\/\\\/renatodias.online\\\/movimento\\\/2021\\\/05\\\/12\\\/helcio-jaime-perillo-em-toquio\\\/#breadcrumb\"},\"inLanguage\":\"pt-BR\",\"potentialAction\":[{\"@type\":\"ReadAction\",\"target\":[\"https:\\\/\\\/renatodias.online\\\/movimento\\\/2021\\\/05\\\/12\\\/helcio-jaime-perillo-em-toquio\\\/\"]}]},{\"@type\":\"ImageObject\",\"inLanguage\":\"pt-BR\",\"@id\":\"https:\\\/\\\/renatodias.online\\\/movimento\\\/2021\\\/05\\\/12\\\/helcio-jaime-perillo-em-toquio\\\/#primaryimage\",\"url\":\"https:\\\/\\\/renatodias.online\\\/movimento\\\/wp-content\\\/uploads\\\/2021\\\/05\\\/Helcio-Jaime-Perillo-_-Link.jpg\",\"contentUrl\":\"https:\\\/\\\/renatodias.online\\\/movimento\\\/wp-content\\\/uploads\\\/2021\\\/05\\\/Helcio-Jaime-Perillo-_-Link.jpg\",\"width\":513,\"height\":365,\"caption\":\"H\u00e9lcio Jaime Perillo\"},{\"@type\":\"BreadcrumbList\",\"@id\":\"https:\\\/\\\/renatodias.online\\\/movimento\\\/2021\\\/05\\\/12\\\/helcio-jaime-perillo-em-toquio\\\/#breadcrumb\",\"itemListElement\":[{\"@type\":\"ListItem\",\"position\":1,\"name\":\"In\u00edcio\",\"item\":\"https:\\\/\\\/renatodias.online\\\/movimento\\\/\"},{\"@type\":\"ListItem\",\"position\":2,\"name\":\"H\u00e9lcio Jaime Perillo em T\u00f3quio\"}]},{\"@type\":\"WebSite\",\"@id\":\"https:\\\/\\\/renatodias.online\\\/movimento\\\/#website\",\"url\":\"https:\\\/\\\/renatodias.online\\\/movimento\\\/\",\"name\":\"\",\"description\":\"\",\"publisher\":{\"@id\":\"https:\\\/\\\/renatodias.online\\\/movimento\\\/#\\\/schema\\\/person\\\/bbab28833b1725a20f4083f49f1fb2a9\"},\"potentialAction\":[{\"@type\":\"SearchAction\",\"target\":{\"@type\":\"EntryPoint\",\"urlTemplate\":\"https:\\\/\\\/renatodias.online\\\/movimento\\\/?s={search_term_string}\"},\"query-input\":{\"@type\":\"PropertyValueSpecification\",\"valueRequired\":true,\"valueName\":\"search_term_string\"}}],\"inLanguage\":\"pt-BR\"},{\"@type\":[\"Person\",\"Organization\"],\"@id\":\"https:\\\/\\\/renatodias.online\\\/movimento\\\/#\\\/schema\\\/person\\\/bbab28833b1725a20f4083f49f1fb2a9\",\"name\":\"Renato Dias\",\"image\":{\"@type\":\"ImageObject\",\"inLanguage\":\"pt-BR\",\"@id\":\"https:\\\/\\\/renatodias.online\\\/movimento\\\/wp-content\\\/uploads\\\/2023\\\/03\\\/cropped-cropped-cropped-logofinal.jpeg\",\"url\":\"https:\\\/\\\/renatodias.online\\\/movimento\\\/wp-content\\\/uploads\\\/2023\\\/03\\\/cropped-cropped-cropped-logofinal.jpeg\",\"contentUrl\":\"https:\\\/\\\/renatodias.online\\\/movimento\\\/wp-content\\\/uploads\\\/2023\\\/03\\\/cropped-cropped-cropped-logofinal.jpeg\",\"width\":1280,\"height\":219,\"caption\":\"Renato Dias\"},\"logo\":{\"@id\":\"https:\\\/\\\/renatodias.online\\\/movimento\\\/wp-content\\\/uploads\\\/2023\\\/03\\\/cropped-cropped-cropped-logofinal.jpeg\"},\"description\":\"Renato Dias, 58 anos, \u00e9 graduado em Jornalismo, formado em Ci\u00eancias Sociais, com p\u00f3s-gradua\u00e7\u00e3o em Pol\u00edticas P\u00fablicas, mestre em Direito e Rela\u00e7\u00f5es Internacionais, ex-aluno extraordin\u00e1rio do Doutorado em Psicologia Social, ex-estudante do Curso de Psican\u00e1lise do Centro de Estudos Psicanal\u00edticos do Estado de Goi\u00e1s, ministrado pelo m\u00e9dico psiquiatra e psicanalista Daniel Em\u00eddio de Souza. \u00c9 autor de 30 livros-reportagem, oito document\u00e1rios, ganhou 30 pr\u00eamios e \u00e9 torcedor apaixonado do maior do Centro-Oeste, o Vila Nova Futebol Clube. Casado com Meirilane Dias, \u00e9 pai de Juliana Dias, jornalista; Daniel Dias, economista; e Maria Rosa Dias, estudante antifascista, socialista e trotskista.\u00a0Com tr\u00eas pets: Porquinho [Bull Dog Franc\u00eas], Dalila [Basset Hound] e Geleia [Basset Hound]. Al\u00e9m do eterno gato Tutuquinho, que virou estrela.\",\"sameAs\":[\"https:\\\/\\\/www.facebook.com\\\/renato.dias.37\",\"#breve\",\"https:\\\/\\\/renatodias.tumblr.com\\\/\"],\"url\":\"https:\\\/\\\/renatodias.online\\\/movimento\\\/author\\\/renatodias\\\/\"}]}<\/script>\n<!-- \/ Yoast SEO plugin. -->","yoast_head_json":{"title":"H\u00e9lcio Jaime Perillo em T\u00f3quio -","robots":{"index":"index","follow":"follow","max-snippet":"max-snippet:-1","max-image-preview":"max-image-preview:large","max-video-preview":"max-video-preview:-1"},"canonical":"https:\/\/renatodias.online\/movimento\/2021\/05\/12\/helcio-jaime-perillo-em-toquio\/","og_locale":"pt_BR","og_type":"article","og_title":"H\u00e9lcio Jaime Perillo em T\u00f3quio -","og_description":"&nbsp; H\u00e9lcio Jaime Perillo em T\u00f3quio Paraolimp\u00edadas \u00c9 o que anuncia o Comit\u00ea Paral\u00edmpico Brasileiro. Atleta \u00e9 da Federa\u00e7\u00e3o Goiana de Tiro Com Arcos Renato Dias O atleta paraol\u00edmpico em Tiro com Arco, de Goi\u00e2nia [GO], H\u00e9lcio Jaime Perillo, participar\u00e1 das Paraolimp\u00edadas, em T\u00f3quio, Jap\u00e3o. \u00c9 o que anuncia o Comit\u00ea Paraol\u00edmpico Brasileiro [CPB].\u00a0 O","og_url":"https:\/\/renatodias.online\/movimento\/2021\/05\/12\/helcio-jaime-perillo-em-toquio\/","article_publisher":"https:\/\/www.facebook.com\/renato.dias.37","article_author":"https:\/\/www.facebook.com\/renato.dias.37","article_published_time":"2021-05-13T00:51:49+00:00","article_modified_time":"2021-05-13T00:52:49+00:00","og_image":[{"width":513,"height":365,"url":"https:\/\/renatodias.online\/movimento\/wp-content\/uploads\/2021\/05\/Helcio-Jaime-Perillo-_-Link.jpg","type":"image\/jpeg"}],"author":"Renato Dias","twitter_card":"summary_large_image","twitter_creator":"@RenatoDiasBat","twitter_site":"@RenatoDiasBat","twitter_misc":{"Escrito por":"Renato Dias","Est. tempo de leitura":"1 minuto"},"schema":{"@context":"https:\/\/schema.org","@graph":[{"@type":"Article","@id":"https:\/\/renatodias.online\/movimento\/2021\/05\/12\/helcio-jaime-perillo-em-toquio\/#article","isPartOf":{"@id":"https:\/\/renatodias.online\/movimento\/2021\/05\/12\/helcio-jaime-perillo-em-toquio\/"},"author":{"name":"Renato Dias","@id":"https:\/\/renatodias.online\/movimento\/#\/schema\/person\/bbab28833b1725a20f4083f49f1fb2a9"},"headline":"H\u00e9lcio Jaime Perillo em T\u00f3quio","datePublished":"2021-05-13T00:51:49+00:00","dateModified":"2021-05-13T00:52:49+00:00","mainEntityOfPage":{"@id":"https:\/\/renatodias.online\/movimento\/2021\/05\/12\/helcio-jaime-perillo-em-toquio\/"},"wordCount":190,"commentCount":0,"publisher":{"@id":"https:\/\/renatodias.online\/movimento\/#\/schema\/person\/bbab28833b1725a20f4083f49f1fb2a9"},"image":{"@id":"https:\/\/renatodias.online\/movimento\/2021\/05\/12\/helcio-jaime-perillo-em-toquio\/#primaryimage"},"thumbnailUrl":"https:\/\/renatodias.online\/movimento\/wp-content\/uploads\/2021\/05\/Helcio-Jaime-Perillo-_-Link.jpg","articleSection":["Esporte"],"inLanguage":"pt-BR","potentialAction":[{"@type":"CommentAction","name":"Comment","target":["https:\/\/renatodias.online\/movimento\/2021\/05\/12\/helcio-jaime-perillo-em-toquio\/#respond"]}]},{"@type":"WebPage","@id":"https:\/\/renatodias.online\/movimento\/2021\/05\/12\/helcio-jaime-perillo-em-toquio\/","url":"https:\/\/renatodias.online\/movimento\/2021\/05\/12\/helcio-jaime-perillo-em-toquio\/","name":"H\u00e9lcio Jaime Perillo em T\u00f3quio -","isPartOf":{"@id":"https:\/\/renatodias.online\/movimento\/#website"},"primaryImageOfPage":{"@id":"https:\/\/renatodias.online\/movimento\/2021\/05\/12\/helcio-jaime-perillo-em-toquio\/#primaryimage"},"image":{"@id":"https:\/\/renatodias.online\/movimento\/2021\/05\/12\/helcio-jaime-perillo-em-toquio\/#primaryimage"},"thumbnailUrl":"https:\/\/renatodias.online\/movimento\/wp-content\/uploads\/2021\/05\/Helcio-Jaime-Perillo-_-Link.jpg","datePublished":"2021-05-13T00:51:49+00:00","dateModified":"2021-05-13T00:52:49+00:00","breadcrumb":{"@id":"https:\/\/renatodias.online\/movimento\/2021\/05\/12\/helcio-jaime-perillo-em-toquio\/#breadcrumb"},"inLanguage":"pt-BR","potentialAction":[{"@type":"ReadAction","target":["https:\/\/renatodias.online\/movimento\/2021\/05\/12\/helcio-jaime-perillo-em-toquio\/"]}]},{"@type":"ImageObject","inLanguage":"pt-BR","@id":"https:\/\/renatodias.online\/movimento\/2021\/05\/12\/helcio-jaime-perillo-em-toquio\/#primaryimage","url":"https:\/\/renatodias.online\/movimento\/wp-content\/uploads\/2021\/05\/Helcio-Jaime-Perillo-_-Link.jpg","contentUrl":"https:\/\/renatodias.online\/movimento\/wp-content\/uploads\/2021\/05\/Helcio-Jaime-Perillo-_-Link.jpg","width":513,"height":365,"caption":"H\u00e9lcio Jaime Perillo"},{"@type":"BreadcrumbList","@id":"https:\/\/renatodias.online\/movimento\/2021\/05\/12\/helcio-jaime-perillo-em-toquio\/#breadcrumb","itemListElement":[{"@type":"ListItem","position":1,"name":"In\u00edcio","item":"https:\/\/renatodias.online\/movimento\/"},{"@type":"ListItem","position":2,"name":"H\u00e9lcio Jaime Perillo em T\u00f3quio"}]},{"@type":"WebSite","@id":"https:\/\/renatodias.online\/movimento\/#website","url":"https:\/\/renatodias.online\/movimento\/","name":"","description":"","publisher":{"@id":"https:\/\/renatodias.online\/movimento\/#\/schema\/person\/bbab28833b1725a20f4083f49f1fb2a9"},"potentialAction":[{"@type":"SearchAction","target":{"@type":"EntryPoint","urlTemplate":"https:\/\/renatodias.online\/movimento\/?s={search_term_string}"},"query-input":{"@type":"PropertyValueSpecification","valueRequired":true,"valueName":"search_term_string"}}],"inLanguage":"pt-BR"},{"@type":["Person","Organization"],"@id":"https:\/\/renatodias.online\/movimento\/#\/schema\/person\/bbab28833b1725a20f4083f49f1fb2a9","name":"Renato Dias","image":{"@type":"ImageObject","inLanguage":"pt-BR","@id":"https:\/\/renatodias.online\/movimento\/wp-content\/uploads\/2023\/03\/cropped-cropped-cropped-logofinal.jpeg","url":"https:\/\/renatodias.online\/movimento\/wp-content\/uploads\/2023\/03\/cropped-cropped-cropped-logofinal.jpeg","contentUrl":"https:\/\/renatodias.online\/movimento\/wp-content\/uploads\/2023\/03\/cropped-cropped-cropped-logofinal.jpeg","width":1280,"height":219,"caption":"Renato Dias"},"logo":{"@id":"https:\/\/renatodias.online\/movimento\/wp-content\/uploads\/2023\/03\/cropped-cropped-cropped-logofinal.jpeg"},"description":"Renato Dias, 58 anos, \u00e9 graduado em Jornalismo, formado em Ci\u00eancias Sociais, com p\u00f3s-gradua\u00e7\u00e3o em Pol\u00edticas P\u00fablicas, mestre em Direito e Rela\u00e7\u00f5es Internacionais, ex-aluno extraordin\u00e1rio do Doutorado em Psicologia Social, ex-estudante do Curso de Psican\u00e1lise do Centro de Estudos Psicanal\u00edticos do Estado de Goi\u00e1s, ministrado pelo m\u00e9dico psiquiatra e psicanalista Daniel Em\u00eddio de Souza. \u00c9 autor de 30 livros-reportagem, oito document\u00e1rios, ganhou 30 pr\u00eamios e \u00e9 torcedor apaixonado do maior do Centro-Oeste, o Vila Nova Futebol Clube. Casado com Meirilane Dias, \u00e9 pai de Juliana Dias, jornalista; Daniel Dias, economista; e Maria Rosa Dias, estudante antifascista, socialista e trotskista.\u00a0Com tr\u00eas pets: Porquinho [Bull Dog Franc\u00eas], Dalila [Basset Hound] e Geleia [Basset Hound]. Al\u00e9m do eterno gato Tutuquinho, que virou estrela.","sameAs":["https:\/\/www.facebook.com\/renato.dias.37","#breve","https:\/\/renatodias.tumblr.com\/"],"url":"https:\/\/renatodias.online\/movimento\/author\/renatodias\/"}]}},"_links":{"self":[{"href":"https:\/\/renatodias.online\/movimento\/wp-json\/wp\/v2\/posts\/6574","targetHints":{"allow":["GET"]}}],"collection":[{"href":"https:\/\/renatodias.online\/movimento\/wp-json\/wp\/v2\/posts"}],"about":[{"href":"https:\/\/renatodias.online\/movimento\/wp-json\/wp\/v2\/types\/post"}],"author":[{"embeddable":true,"href":"https:\/\/renatodias.online\/movimento\/wp-json\/wp\/v2\/users\/2"}],"replies":[{"embeddable":true,"href":"https:\/\/renatodias.online\/movimento\/wp-json\/wp\/v2\/comments?post=6574"}],"version-history":[{"count":2,"href":"https:\/\/renatodias.online\/movimento\/wp-json\/wp\/v2\/posts\/6574\/revisions"}],"predecessor-version":[{"id":6579,"href":"https:\/\/renatodias.online\/movimento\/wp-json\/wp\/v2\/posts\/6574\/revisions\/6579"}],"wp:featuredmedia":[{"embeddable":true,"href":"https:\/\/renatodias.online\/movimento\/wp-json\/wp\/v2\/media\/6577"}],"wp:attachment":[{"href":"https:\/\/renatodias.online\/movimento\/wp-json\/wp\/v2\/media?parent=6574"}],"wp:term":[{"taxonomy":"category","embeddable":true,"href":"https:\/\/renatodias.online\/movimento\/wp-json\/wp\/v2\/categories?post=6574"},{"taxonomy":"post_tag","embeddable":true,"href":"https:\/\/renatodias.online\/movimento\/wp-json\/wp\/v2\/tags?post=6574"}],"curies":[{"name":"wp","href":"https:\/\/api.w.org\/{rel}","templated":true}]}}