{"id":6567,"date":"2021-05-12T21:47:43","date_gmt":"2021-05-13T00:47:43","guid":{"rendered":"https:\/\/renatodias.online\/movimento\/?p=6567"},"modified":"2021-05-12T21:48:02","modified_gmt":"2021-05-13T00:48:02","slug":"basta-dos-crimes-de-israel-contra-palestinos","status":"publish","type":"post","link":"https:\/\/renatodias.online\/movimento\/2021\/05\/12\/basta-dos-crimes-de-israel-contra-palestinos\/","title":{"rendered":"Basta dos crimes de Israel contra palestinos"},"content":{"rendered":"<h1 style=\"text-align: center;\"><span style=\"color: #ff0000;\"><strong>Basta dos crimes de Israel contra palestinos<\/strong><\/span><\/h1>\n<p><img loading=\"lazy\" decoding=\"async\" class=\"size-full wp-image-5267 aligncenter\" src=\"https:\/\/renatodias.online\/movimento\/wp-content\/uploads\/2021\/02\/WhatsApp-Image-2021-02-25-at-21.24.17.jpeg\" alt=\"\" width=\"650\" height=\"350\" \/><\/p>\n<h3 style=\"text-align: center;\"><span style=\"color: #008000;\"><strong>Instituto Brasil-Palestina denuncia escalada de ataques criminosos<\/strong><\/span><\/h3>\n<p><strong>Ahmed Shehada<\/strong><\/p>\n<p>O Instituto Brasil-Palestina (IBRASPAL) vem a p\u00fablico denunciar mais um epis\u00f3dio da escalada de ataques criminosos de Israel, dessa vez contra a Mesquita de Al-Aqsa, em Jerusal\u00e9m, um dos locais mais sagrados do Islam e a principal Mesquita da Palestina. Colonos judeus apoiados pelas for\u00e7as militares israelenses jogaram bombas e invadiram a Mesquita, ferindo dezenas de mu\u00e7ulmanos que oravam no seu interior, em pleno per\u00edodo do Ramad\u00e3.<\/p>\n<figure id=\"attachment_6570\" aria-describedby=\"caption-attachment-6570\" style=\"width: 700px\" class=\"wp-caption aligncenter\"><img loading=\"lazy\" decoding=\"async\" class=\"size-full wp-image-6570\" src=\"https:\/\/renatodias.online\/movimento\/wp-content\/uploads\/2021\/05\/Israel-intensifica-bombardeios.jpg\" alt=\"\" width=\"700\" height=\"394\" srcset=\"https:\/\/renatodias.online\/movimento\/wp-content\/uploads\/2021\/05\/Israel-intensifica-bombardeios.jpg 700w, https:\/\/renatodias.online\/movimento\/wp-content\/uploads\/2021\/05\/Israel-intensifica-bombardeios-300x169.jpg 300w\" sizes=\"auto, (max-width: 700px) 100vw, 700px\" \/><figcaption id=\"caption-attachment-6570\" class=\"wp-caption-text\">Israel intensifica bombardeios<\/figcaption><\/figure>\n<p>Em seguida atearam fogo contra o templo, enquanto colonos judeus sionistas comemoravam o ataque na regi\u00e3o do Muro de Al-Buraq, o muro ocidental da Mesquita de Al-Aqsa, em\u00a0 Jerusal\u00e9m ocupada. No dia de hoje (10\/5), avi\u00f5es de guerra israelenses bombardearam novamente a Faixa de Gaza matando 20 palestinos, sendo 9 crian\u00e7as, e deixando mais de 70 feridos, al\u00e9m de enormes estragos contra \u00e1reas residenciais.<\/p>\n<figure id=\"attachment_6571\" aria-describedby=\"caption-attachment-6571\" style=\"width: 940px\" class=\"wp-caption alignnone\"><img loading=\"lazy\" decoding=\"async\" class=\"size-full wp-image-6571\" src=\"https:\/\/renatodias.online\/movimento\/wp-content\/uploads\/2021\/05\/Faixa-de-Gaza-destruida.png\" alt=\"\" width=\"940\" height=\"529\" srcset=\"https:\/\/renatodias.online\/movimento\/wp-content\/uploads\/2021\/05\/Faixa-de-Gaza-destruida.png 940w, https:\/\/renatodias.online\/movimento\/wp-content\/uploads\/2021\/05\/Faixa-de-Gaza-destruida-300x169.png 300w, https:\/\/renatodias.online\/movimento\/wp-content\/uploads\/2021\/05\/Faixa-de-Gaza-destruida-768x432.png 768w, https:\/\/renatodias.online\/movimento\/wp-content\/uploads\/2021\/05\/Faixa-de-Gaza-destruida-750x422.png 750w\" sizes=\"auto, (max-width: 940px) 100vw, 940px\" \/><figcaption id=\"caption-attachment-6571\" class=\"wp-caption-text\">Faixa de Gaza destru\u00edda<\/figcaption><\/figure>\n<p>Desde 1948 com a Nakba (trag\u00e9dia), Israel promove limpeza \u00e9tnica e apartheid contra palestinos, dando seguimento a sua necropol\u00edtica colonialista, matando, expulsando e prendendo palestinos ao longo de mais de 70 anos, numa clara viola\u00e7\u00e3o do Direito Internacional. N\u00e3o \u00e9 \u00e0 toa que o Tribunal Penal Internacional (TPI &#8211; Haia) deu in\u00edcio a um inqu\u00e9rito sobre crimes de guerra cometidos na Palestina desde junho de 2014, o que pode levar os dirigentes sionistas ao banco dos r\u00e9us.<\/p>\n<figure id=\"attachment_6569\" aria-describedby=\"caption-attachment-6569\" style=\"width: 1280px\" class=\"wp-caption alignnone\"><img loading=\"lazy\" decoding=\"async\" class=\"size-full wp-image-6569\" src=\"https:\/\/renatodias.online\/movimento\/wp-content\/uploads\/2021\/05\/Tribunal-Penal-Internacional.jpeg\" alt=\"\" width=\"1280\" height=\"960\" srcset=\"https:\/\/renatodias.online\/movimento\/wp-content\/uploads\/2021\/05\/Tribunal-Penal-Internacional.jpeg 1280w, https:\/\/renatodias.online\/movimento\/wp-content\/uploads\/2021\/05\/Tribunal-Penal-Internacional-300x225.jpeg 300w, https:\/\/renatodias.online\/movimento\/wp-content\/uploads\/2021\/05\/Tribunal-Penal-Internacional-768x576.jpeg 768w, https:\/\/renatodias.online\/movimento\/wp-content\/uploads\/2021\/05\/Tribunal-Penal-Internacional-750x563.jpeg 750w\" sizes=\"auto, (max-width: 1280px) 100vw, 1280px\" \/><figcaption id=\"caption-attachment-6569\" class=\"wp-caption-text\">Tribunal Penal Internacional<\/figcaption><\/figure>\n<p>O mundo e as pessoas que defendem a justi\u00e7a e os direitos humanos n\u00e3o podem assistir esse genoc\u00eddio sem clamar por uma solu\u00e7\u00e3o justa para esse conflito, que signifique a concretiza\u00e7\u00e3o do Estado Palestino, livre e soberano com o retorno dos refugiados e a liberta\u00e7\u00e3o de todos os presos pol\u00edtico.<\/p>\n<p><span style=\"color: #0000ff;\"><strong>Ahmed Shehada, presidente do Instituto Brasil &#8211; Palestina [IBRASPAL]<\/strong><\/span><\/p>\n","protected":false},"excerpt":{"rendered":"<p>Basta dos crimes de Israel contra palestinos Instituto Brasil-Palestina denuncia escalada de ataques criminosos Ahmed Shehada O Instituto Brasil-Palestina (IBRASPAL) vem a p\u00fablico denunciar mais um epis\u00f3dio da escalada de ataques criminosos de Israel, dessa vez contra a Mesquita de Al-Aqsa, em Jerusal\u00e9m, um dos locais mais sagrados do Islam e a principal Mesquita da<\/p>\n","protected":false},"author":2,"featured_media":6568,"comment_status":"open","ping_status":"open","sticky":false,"template":"","format":"standard","meta":{"_acf_changed":false,"_monsterinsights_skip_tracking":false,"_monsterinsights_sitenote_active":false,"_monsterinsights_sitenote_note":"","_monsterinsights_sitenote_category":0,"footnotes":""},"categories":[36],"tags":[],"class_list":["post-6567","post","type-post","status-publish","format-standard","has-post-thumbnail","hentry","category-internacional"],"acf":[],"yoast_head":"<!-- This site is optimized with the Yoast SEO plugin v27.4 - https:\/\/yoast.com\/product\/yoast-seo-wordpress\/ -->\n<title>Basta dos crimes de Israel contra palestinos -<\/title>\n<meta name=\"robots\" content=\"index, follow, max-snippet:-1, max-image-preview:large, max-video-preview:-1\" \/>\n<link rel=\"canonical\" href=\"https:\/\/renatodias.online\/movimento\/2021\/05\/12\/basta-dos-crimes-de-israel-contra-palestinos\/\" \/>\n<meta property=\"og:locale\" content=\"pt_BR\" \/>\n<meta property=\"og:type\" content=\"article\" \/>\n<meta property=\"og:title\" content=\"Basta dos crimes de Israel contra palestinos -\" \/>\n<meta property=\"og:description\" content=\"Basta dos crimes de Israel contra palestinos Instituto Brasil-Palestina denuncia escalada de ataques criminosos Ahmed Shehada O Instituto Brasil-Palestina (IBRASPAL) vem a p\u00fablico denunciar mais um epis\u00f3dio da escalada de ataques criminosos de Israel, dessa vez contra a Mesquita de Al-Aqsa, em Jerusal\u00e9m, um dos locais mais sagrados do Islam e a principal Mesquita da\" \/>\n<meta property=\"og:url\" content=\"https:\/\/renatodias.online\/movimento\/2021\/05\/12\/basta-dos-crimes-de-israel-contra-palestinos\/\" \/>\n<meta property=\"article:publisher\" content=\"https:\/\/www.facebook.com\/renato.dias.37\" \/>\n<meta property=\"article:author\" content=\"https:\/\/www.facebook.com\/renato.dias.37\" \/>\n<meta property=\"article:published_time\" content=\"2021-05-13T00:47:43+00:00\" \/>\n<meta property=\"article:modified_time\" content=\"2021-05-13T00:48:02+00:00\" \/>\n<meta property=\"og:image\" content=\"https:\/\/renatodias.online\/movimento\/wp-content\/uploads\/2021\/05\/Ahmed-Shehada.jpg\" \/>\n\t<meta property=\"og:image:width\" content=\"387\" \/>\n\t<meta property=\"og:image:height\" content=\"264\" \/>\n\t<meta property=\"og:image:type\" content=\"image\/jpeg\" \/>\n<meta name=\"author\" content=\"Renato Dias\" \/>\n<meta name=\"twitter:card\" content=\"summary_large_image\" \/>\n<meta name=\"twitter:creator\" content=\"@RenatoDiasBat\" \/>\n<meta name=\"twitter:site\" content=\"@RenatoDiasBat\" \/>\n<meta name=\"twitter:label1\" content=\"Escrito por\" \/>\n\t<meta name=\"twitter:data1\" content=\"Renato Dias\" \/>\n\t<meta name=\"twitter:label2\" content=\"Est. tempo de leitura\" \/>\n\t<meta name=\"twitter:data2\" content=\"2 minutos\" \/>\n<script type=\"application\/ld+json\" class=\"yoast-schema-graph\">{\"@context\":\"https:\\\/\\\/schema.org\",\"@graph\":[{\"@type\":\"Article\",\"@id\":\"https:\\\/\\\/renatodias.online\\\/movimento\\\/2021\\\/05\\\/12\\\/basta-dos-crimes-de-israel-contra-palestinos\\\/#article\",\"isPartOf\":{\"@id\":\"https:\\\/\\\/renatodias.online\\\/movimento\\\/2021\\\/05\\\/12\\\/basta-dos-crimes-de-israel-contra-palestinos\\\/\"},\"author\":{\"name\":\"Renato Dias\",\"@id\":\"https:\\\/\\\/renatodias.online\\\/movimento\\\/#\\\/schema\\\/person\\\/bbab28833b1725a20f4083f49f1fb2a9\"},\"headline\":\"Basta dos crimes de Israel contra palestinos\",\"datePublished\":\"2021-05-13T00:47:43+00:00\",\"dateModified\":\"2021-05-13T00:48:02+00:00\",\"mainEntityOfPage\":{\"@id\":\"https:\\\/\\\/renatodias.online\\\/movimento\\\/2021\\\/05\\\/12\\\/basta-dos-crimes-de-israel-contra-palestinos\\\/\"},\"wordCount\":338,\"commentCount\":0,\"publisher\":{\"@id\":\"https:\\\/\\\/renatodias.online\\\/movimento\\\/#\\\/schema\\\/person\\\/bbab28833b1725a20f4083f49f1fb2a9\"},\"image\":{\"@id\":\"https:\\\/\\\/renatodias.online\\\/movimento\\\/2021\\\/05\\\/12\\\/basta-dos-crimes-de-israel-contra-palestinos\\\/#primaryimage\"},\"thumbnailUrl\":\"https:\\\/\\\/renatodias.online\\\/movimento\\\/wp-content\\\/uploads\\\/2021\\\/05\\\/Ahmed-Shehada.jpg\",\"articleSection\":[\"Internacional\"],\"inLanguage\":\"pt-BR\",\"potentialAction\":[{\"@type\":\"CommentAction\",\"name\":\"Comment\",\"target\":[\"https:\\\/\\\/renatodias.online\\\/movimento\\\/2021\\\/05\\\/12\\\/basta-dos-crimes-de-israel-contra-palestinos\\\/#respond\"]}]},{\"@type\":\"WebPage\",\"@id\":\"https:\\\/\\\/renatodias.online\\\/movimento\\\/2021\\\/05\\\/12\\\/basta-dos-crimes-de-israel-contra-palestinos\\\/\",\"url\":\"https:\\\/\\\/renatodias.online\\\/movimento\\\/2021\\\/05\\\/12\\\/basta-dos-crimes-de-israel-contra-palestinos\\\/\",\"name\":\"Basta dos crimes de Israel contra palestinos -\",\"isPartOf\":{\"@id\":\"https:\\\/\\\/renatodias.online\\\/movimento\\\/#website\"},\"primaryImageOfPage\":{\"@id\":\"https:\\\/\\\/renatodias.online\\\/movimento\\\/2021\\\/05\\\/12\\\/basta-dos-crimes-de-israel-contra-palestinos\\\/#primaryimage\"},\"image\":{\"@id\":\"https:\\\/\\\/renatodias.online\\\/movimento\\\/2021\\\/05\\\/12\\\/basta-dos-crimes-de-israel-contra-palestinos\\\/#primaryimage\"},\"thumbnailUrl\":\"https:\\\/\\\/renatodias.online\\\/movimento\\\/wp-content\\\/uploads\\\/2021\\\/05\\\/Ahmed-Shehada.jpg\",\"datePublished\":\"2021-05-13T00:47:43+00:00\",\"dateModified\":\"2021-05-13T00:48:02+00:00\",\"breadcrumb\":{\"@id\":\"https:\\\/\\\/renatodias.online\\\/movimento\\\/2021\\\/05\\\/12\\\/basta-dos-crimes-de-israel-contra-palestinos\\\/#breadcrumb\"},\"inLanguage\":\"pt-BR\",\"potentialAction\":[{\"@type\":\"ReadAction\",\"target\":[\"https:\\\/\\\/renatodias.online\\\/movimento\\\/2021\\\/05\\\/12\\\/basta-dos-crimes-de-israel-contra-palestinos\\\/\"]}]},{\"@type\":\"ImageObject\",\"inLanguage\":\"pt-BR\",\"@id\":\"https:\\\/\\\/renatodias.online\\\/movimento\\\/2021\\\/05\\\/12\\\/basta-dos-crimes-de-israel-contra-palestinos\\\/#primaryimage\",\"url\":\"https:\\\/\\\/renatodias.online\\\/movimento\\\/wp-content\\\/uploads\\\/2021\\\/05\\\/Ahmed-Shehada.jpg\",\"contentUrl\":\"https:\\\/\\\/renatodias.online\\\/movimento\\\/wp-content\\\/uploads\\\/2021\\\/05\\\/Ahmed-Shehada.jpg\",\"width\":387,\"height\":264},{\"@type\":\"BreadcrumbList\",\"@id\":\"https:\\\/\\\/renatodias.online\\\/movimento\\\/2021\\\/05\\\/12\\\/basta-dos-crimes-de-israel-contra-palestinos\\\/#breadcrumb\",\"itemListElement\":[{\"@type\":\"ListItem\",\"position\":1,\"name\":\"In\u00edcio\",\"item\":\"https:\\\/\\\/renatodias.online\\\/movimento\\\/\"},{\"@type\":\"ListItem\",\"position\":2,\"name\":\"Basta dos crimes de Israel contra palestinos\"}]},{\"@type\":\"WebSite\",\"@id\":\"https:\\\/\\\/renatodias.online\\\/movimento\\\/#website\",\"url\":\"https:\\\/\\\/renatodias.online\\\/movimento\\\/\",\"name\":\"\",\"description\":\"\",\"publisher\":{\"@id\":\"https:\\\/\\\/renatodias.online\\\/movimento\\\/#\\\/schema\\\/person\\\/bbab28833b1725a20f4083f49f1fb2a9\"},\"potentialAction\":[{\"@type\":\"SearchAction\",\"target\":{\"@type\":\"EntryPoint\",\"urlTemplate\":\"https:\\\/\\\/renatodias.online\\\/movimento\\\/?s={search_term_string}\"},\"query-input\":{\"@type\":\"PropertyValueSpecification\",\"valueRequired\":true,\"valueName\":\"search_term_string\"}}],\"inLanguage\":\"pt-BR\"},{\"@type\":[\"Person\",\"Organization\"],\"@id\":\"https:\\\/\\\/renatodias.online\\\/movimento\\\/#\\\/schema\\\/person\\\/bbab28833b1725a20f4083f49f1fb2a9\",\"name\":\"Renato Dias\",\"image\":{\"@type\":\"ImageObject\",\"inLanguage\":\"pt-BR\",\"@id\":\"https:\\\/\\\/renatodias.online\\\/movimento\\\/wp-content\\\/uploads\\\/2023\\\/03\\\/cropped-cropped-cropped-logofinal.jpeg\",\"url\":\"https:\\\/\\\/renatodias.online\\\/movimento\\\/wp-content\\\/uploads\\\/2023\\\/03\\\/cropped-cropped-cropped-logofinal.jpeg\",\"contentUrl\":\"https:\\\/\\\/renatodias.online\\\/movimento\\\/wp-content\\\/uploads\\\/2023\\\/03\\\/cropped-cropped-cropped-logofinal.jpeg\",\"width\":1280,\"height\":219,\"caption\":\"Renato Dias\"},\"logo\":{\"@id\":\"https:\\\/\\\/renatodias.online\\\/movimento\\\/wp-content\\\/uploads\\\/2023\\\/03\\\/cropped-cropped-cropped-logofinal.jpeg\"},\"description\":\"Renato Dias, 58 anos, \u00e9 graduado em Jornalismo, formado em Ci\u00eancias Sociais, com p\u00f3s-gradua\u00e7\u00e3o em Pol\u00edticas P\u00fablicas, mestre em Direito e Rela\u00e7\u00f5es Internacionais, ex-aluno extraordin\u00e1rio do Doutorado em Psicologia Social, ex-estudante do Curso de Psican\u00e1lise do Centro de Estudos Psicanal\u00edticos do Estado de Goi\u00e1s, ministrado pelo m\u00e9dico psiquiatra e psicanalista Daniel Em\u00eddio de Souza. \u00c9 autor de 30 livros-reportagem, oito document\u00e1rios, ganhou 30 pr\u00eamios e \u00e9 torcedor apaixonado do maior do Centro-Oeste, o Vila Nova Futebol Clube. Casado com Meirilane Dias, \u00e9 pai de Juliana Dias, jornalista; Daniel Dias, economista; e Maria Rosa Dias, estudante antifascista, socialista e trotskista.\u00a0Com tr\u00eas pets: Porquinho [Bull Dog Franc\u00eas], Dalila [Basset Hound] e Geleia [Basset Hound]. Al\u00e9m do eterno gato Tutuquinho, que virou estrela.\",\"sameAs\":[\"https:\\\/\\\/www.facebook.com\\\/renato.dias.37\",\"#breve\",\"https:\\\/\\\/renatodias.tumblr.com\\\/\"],\"url\":\"https:\\\/\\\/renatodias.online\\\/movimento\\\/author\\\/renatodias\\\/\"}]}<\/script>\n<!-- \/ Yoast SEO plugin. -->","yoast_head_json":{"title":"Basta dos crimes de Israel contra palestinos -","robots":{"index":"index","follow":"follow","max-snippet":"max-snippet:-1","max-image-preview":"max-image-preview:large","max-video-preview":"max-video-preview:-1"},"canonical":"https:\/\/renatodias.online\/movimento\/2021\/05\/12\/basta-dos-crimes-de-israel-contra-palestinos\/","og_locale":"pt_BR","og_type":"article","og_title":"Basta dos crimes de Israel contra palestinos -","og_description":"Basta dos crimes de Israel contra palestinos Instituto Brasil-Palestina denuncia escalada de ataques criminosos Ahmed Shehada O Instituto Brasil-Palestina (IBRASPAL) vem a p\u00fablico denunciar mais um epis\u00f3dio da escalada de ataques criminosos de Israel, dessa vez contra a Mesquita de Al-Aqsa, em Jerusal\u00e9m, um dos locais mais sagrados do Islam e a principal Mesquita da","og_url":"https:\/\/renatodias.online\/movimento\/2021\/05\/12\/basta-dos-crimes-de-israel-contra-palestinos\/","article_publisher":"https:\/\/www.facebook.com\/renato.dias.37","article_author":"https:\/\/www.facebook.com\/renato.dias.37","article_published_time":"2021-05-13T00:47:43+00:00","article_modified_time":"2021-05-13T00:48:02+00:00","og_image":[{"width":387,"height":264,"url":"https:\/\/renatodias.online\/movimento\/wp-content\/uploads\/2021\/05\/Ahmed-Shehada.jpg","type":"image\/jpeg"}],"author":"Renato Dias","twitter_card":"summary_large_image","twitter_creator":"@RenatoDiasBat","twitter_site":"@RenatoDiasBat","twitter_misc":{"Escrito por":"Renato Dias","Est. tempo de leitura":"2 minutos"},"schema":{"@context":"https:\/\/schema.org","@graph":[{"@type":"Article","@id":"https:\/\/renatodias.online\/movimento\/2021\/05\/12\/basta-dos-crimes-de-israel-contra-palestinos\/#article","isPartOf":{"@id":"https:\/\/renatodias.online\/movimento\/2021\/05\/12\/basta-dos-crimes-de-israel-contra-palestinos\/"},"author":{"name":"Renato Dias","@id":"https:\/\/renatodias.online\/movimento\/#\/schema\/person\/bbab28833b1725a20f4083f49f1fb2a9"},"headline":"Basta dos crimes de Israel contra palestinos","datePublished":"2021-05-13T00:47:43+00:00","dateModified":"2021-05-13T00:48:02+00:00","mainEntityOfPage":{"@id":"https:\/\/renatodias.online\/movimento\/2021\/05\/12\/basta-dos-crimes-de-israel-contra-palestinos\/"},"wordCount":338,"commentCount":0,"publisher":{"@id":"https:\/\/renatodias.online\/movimento\/#\/schema\/person\/bbab28833b1725a20f4083f49f1fb2a9"},"image":{"@id":"https:\/\/renatodias.online\/movimento\/2021\/05\/12\/basta-dos-crimes-de-israel-contra-palestinos\/#primaryimage"},"thumbnailUrl":"https:\/\/renatodias.online\/movimento\/wp-content\/uploads\/2021\/05\/Ahmed-Shehada.jpg","articleSection":["Internacional"],"inLanguage":"pt-BR","potentialAction":[{"@type":"CommentAction","name":"Comment","target":["https:\/\/renatodias.online\/movimento\/2021\/05\/12\/basta-dos-crimes-de-israel-contra-palestinos\/#respond"]}]},{"@type":"WebPage","@id":"https:\/\/renatodias.online\/movimento\/2021\/05\/12\/basta-dos-crimes-de-israel-contra-palestinos\/","url":"https:\/\/renatodias.online\/movimento\/2021\/05\/12\/basta-dos-crimes-de-israel-contra-palestinos\/","name":"Basta dos crimes de Israel contra palestinos -","isPartOf":{"@id":"https:\/\/renatodias.online\/movimento\/#website"},"primaryImageOfPage":{"@id":"https:\/\/renatodias.online\/movimento\/2021\/05\/12\/basta-dos-crimes-de-israel-contra-palestinos\/#primaryimage"},"image":{"@id":"https:\/\/renatodias.online\/movimento\/2021\/05\/12\/basta-dos-crimes-de-israel-contra-palestinos\/#primaryimage"},"thumbnailUrl":"https:\/\/renatodias.online\/movimento\/wp-content\/uploads\/2021\/05\/Ahmed-Shehada.jpg","datePublished":"2021-05-13T00:47:43+00:00","dateModified":"2021-05-13T00:48:02+00:00","breadcrumb":{"@id":"https:\/\/renatodias.online\/movimento\/2021\/05\/12\/basta-dos-crimes-de-israel-contra-palestinos\/#breadcrumb"},"inLanguage":"pt-BR","potentialAction":[{"@type":"ReadAction","target":["https:\/\/renatodias.online\/movimento\/2021\/05\/12\/basta-dos-crimes-de-israel-contra-palestinos\/"]}]},{"@type":"ImageObject","inLanguage":"pt-BR","@id":"https:\/\/renatodias.online\/movimento\/2021\/05\/12\/basta-dos-crimes-de-israel-contra-palestinos\/#primaryimage","url":"https:\/\/renatodias.online\/movimento\/wp-content\/uploads\/2021\/05\/Ahmed-Shehada.jpg","contentUrl":"https:\/\/renatodias.online\/movimento\/wp-content\/uploads\/2021\/05\/Ahmed-Shehada.jpg","width":387,"height":264},{"@type":"BreadcrumbList","@id":"https:\/\/renatodias.online\/movimento\/2021\/05\/12\/basta-dos-crimes-de-israel-contra-palestinos\/#breadcrumb","itemListElement":[{"@type":"ListItem","position":1,"name":"In\u00edcio","item":"https:\/\/renatodias.online\/movimento\/"},{"@type":"ListItem","position":2,"name":"Basta dos crimes de Israel contra palestinos"}]},{"@type":"WebSite","@id":"https:\/\/renatodias.online\/movimento\/#website","url":"https:\/\/renatodias.online\/movimento\/","name":"","description":"","publisher":{"@id":"https:\/\/renatodias.online\/movimento\/#\/schema\/person\/bbab28833b1725a20f4083f49f1fb2a9"},"potentialAction":[{"@type":"SearchAction","target":{"@type":"EntryPoint","urlTemplate":"https:\/\/renatodias.online\/movimento\/?s={search_term_string}"},"query-input":{"@type":"PropertyValueSpecification","valueRequired":true,"valueName":"search_term_string"}}],"inLanguage":"pt-BR"},{"@type":["Person","Organization"],"@id":"https:\/\/renatodias.online\/movimento\/#\/schema\/person\/bbab28833b1725a20f4083f49f1fb2a9","name":"Renato Dias","image":{"@type":"ImageObject","inLanguage":"pt-BR","@id":"https:\/\/renatodias.online\/movimento\/wp-content\/uploads\/2023\/03\/cropped-cropped-cropped-logofinal.jpeg","url":"https:\/\/renatodias.online\/movimento\/wp-content\/uploads\/2023\/03\/cropped-cropped-cropped-logofinal.jpeg","contentUrl":"https:\/\/renatodias.online\/movimento\/wp-content\/uploads\/2023\/03\/cropped-cropped-cropped-logofinal.jpeg","width":1280,"height":219,"caption":"Renato Dias"},"logo":{"@id":"https:\/\/renatodias.online\/movimento\/wp-content\/uploads\/2023\/03\/cropped-cropped-cropped-logofinal.jpeg"},"description":"Renato Dias, 58 anos, \u00e9 graduado em Jornalismo, formado em Ci\u00eancias Sociais, com p\u00f3s-gradua\u00e7\u00e3o em Pol\u00edticas P\u00fablicas, mestre em Direito e Rela\u00e7\u00f5es Internacionais, ex-aluno extraordin\u00e1rio do Doutorado em Psicologia Social, ex-estudante do Curso de Psican\u00e1lise do Centro de Estudos Psicanal\u00edticos do Estado de Goi\u00e1s, ministrado pelo m\u00e9dico psiquiatra e psicanalista Daniel Em\u00eddio de Souza. \u00c9 autor de 30 livros-reportagem, oito document\u00e1rios, ganhou 30 pr\u00eamios e \u00e9 torcedor apaixonado do maior do Centro-Oeste, o Vila Nova Futebol Clube. Casado com Meirilane Dias, \u00e9 pai de Juliana Dias, jornalista; Daniel Dias, economista; e Maria Rosa Dias, estudante antifascista, socialista e trotskista.\u00a0Com tr\u00eas pets: Porquinho [Bull Dog Franc\u00eas], Dalila [Basset Hound] e Geleia [Basset Hound]. Al\u00e9m do eterno gato Tutuquinho, que virou estrela.","sameAs":["https:\/\/www.facebook.com\/renato.dias.37","#breve","https:\/\/renatodias.tumblr.com\/"],"url":"https:\/\/renatodias.online\/movimento\/author\/renatodias\/"}]}},"_links":{"self":[{"href":"https:\/\/renatodias.online\/movimento\/wp-json\/wp\/v2\/posts\/6567","targetHints":{"allow":["GET"]}}],"collection":[{"href":"https:\/\/renatodias.online\/movimento\/wp-json\/wp\/v2\/posts"}],"about":[{"href":"https:\/\/renatodias.online\/movimento\/wp-json\/wp\/v2\/types\/post"}],"author":[{"embeddable":true,"href":"https:\/\/renatodias.online\/movimento\/wp-json\/wp\/v2\/users\/2"}],"replies":[{"embeddable":true,"href":"https:\/\/renatodias.online\/movimento\/wp-json\/wp\/v2\/comments?post=6567"}],"version-history":[{"count":2,"href":"https:\/\/renatodias.online\/movimento\/wp-json\/wp\/v2\/posts\/6567\/revisions"}],"predecessor-version":[{"id":6573,"href":"https:\/\/renatodias.online\/movimento\/wp-json\/wp\/v2\/posts\/6567\/revisions\/6573"}],"wp:featuredmedia":[{"embeddable":true,"href":"https:\/\/renatodias.online\/movimento\/wp-json\/wp\/v2\/media\/6568"}],"wp:attachment":[{"href":"https:\/\/renatodias.online\/movimento\/wp-json\/wp\/v2\/media?parent=6567"}],"wp:term":[{"taxonomy":"category","embeddable":true,"href":"https:\/\/renatodias.online\/movimento\/wp-json\/wp\/v2\/categories?post=6567"},{"taxonomy":"post_tag","embeddable":true,"href":"https:\/\/renatodias.online\/movimento\/wp-json\/wp\/v2\/tags?post=6567"}],"curies":[{"name":"wp","href":"https:\/\/api.w.org\/{rel}","templated":true}]}}