{"id":6519,"date":"2021-05-10T23:15:23","date_gmt":"2021-05-11T02:15:23","guid":{"rendered":"https:\/\/renatodias.online\/movimento\/?p=6519"},"modified":"2021-05-10T23:21:09","modified_gmt":"2021-05-11T02:21:09","slug":"vila-nova-e-gremio-anapolis-na-final","status":"publish","type":"post","link":"https:\/\/renatodias.online\/movimento\/2021\/05\/10\/vila-nova-e-gremio-anapolis-na-final\/","title":{"rendered":"Vila Nova e Gr\u00eamio An\u00e1polis na final"},"content":{"rendered":"<figure id=\"attachment_6520\" aria-describedby=\"caption-attachment-6520\" style=\"width: 1080px\" class=\"wp-caption alignnone\"><img loading=\"lazy\" decoding=\"async\" class=\"size-full wp-image-6520\" src=\"https:\/\/renatodias.online\/movimento\/wp-content\/uploads\/2021\/05\/Gol-de-Rafael-Donato.png\" alt=\"\" width=\"1080\" height=\"715\" srcset=\"https:\/\/renatodias.online\/movimento\/wp-content\/uploads\/2021\/05\/Gol-de-Rafael-Donato.png 1080w, https:\/\/renatodias.online\/movimento\/wp-content\/uploads\/2021\/05\/Gol-de-Rafael-Donato-300x199.png 300w, https:\/\/renatodias.online\/movimento\/wp-content\/uploads\/2021\/05\/Gol-de-Rafael-Donato-768x508.png 768w, https:\/\/renatodias.online\/movimento\/wp-content\/uploads\/2021\/05\/Gol-de-Rafael-Donato-750x497.png 750w\" sizes=\"auto, (max-width: 1080px) 100vw, 1080px\" \/><figcaption id=\"caption-attachment-6520\" class=\"wp-caption-text\">Gol de Rafael Donato<\/figcaption><\/figure>\n<h1 style=\"text-align: center;\"><strong><span style=\"color: #ff0000;\">Vila Nova e<\/span> Gr\u00eamio An\u00e1polis <span style=\"color: #ff0000;\">na final<\/span><\/strong><\/h1>\n<p style=\"text-align: center;\"><span style=\"color: #0000ff;\"><strong>Rafael Donato marca. Tigr\u00e3o derrota Aparecidense. Raposa ser\u00e1 advers\u00e1ria<br \/>\n<\/strong><\/span><\/p>\n<p>&nbsp;<\/p>\n<p><span style=\"color: #ff0000;\"><strong>Vila Nova<\/strong><\/span><\/p>\n<p><span style=\"color: #ff0000;\"><strong>teve um<\/strong><\/span><\/p>\n<p><span style=\"color: #ff0000;\"><strong>jogador<\/strong><\/span><\/p>\n<p><span style=\"color: #ff0000;\"><strong>expulso aos<\/strong><\/span><\/p>\n<p><span style=\"color: #ff0000;\"><strong>4 minutos do<\/strong><\/span><\/p>\n<p><span style=\"color: #ff0000;\"><strong>segundo tempo<\/strong><\/span><\/p>\n<p><strong>Renato Dias<\/strong><\/p>\n<p>Com um cruzamento preciso do <strong>camisa 10 Alan Mineiro<\/strong>, o zagueiro <strong>Rafael Donato<\/strong> subiu no terceiro andar e marcou o gol que classificou o <strong>Vila Nova Futebol Clube<\/strong> para <strong>a final do Campeonato Estadual edi\u00e7\u00e3o de 2021.<\/strong> O advers\u00e1rio era a forte equipe da Aparecidense. Placar agregado, nos dois jogos, de ida e volta, 2 a 1. <strong>Goi\u00e2nia, a capital, acordou, hoje, vermelha.<\/strong><\/p>\n<figure id=\"attachment_6145\" aria-describedby=\"caption-attachment-6145\" style=\"width: 990px\" class=\"wp-caption alignnone\"><img loading=\"lazy\" decoding=\"async\" class=\"size-full wp-image-6145\" src=\"https:\/\/renatodias.online\/movimento\/wp-content\/uploads\/2021\/04\/Alan-150-_-Link-_-1.png\" alt=\"Alan Mineiro\" width=\"990\" height=\"993\" srcset=\"https:\/\/renatodias.online\/movimento\/wp-content\/uploads\/2021\/04\/Alan-150-_-Link-_-1.png 990w, https:\/\/renatodias.online\/movimento\/wp-content\/uploads\/2021\/04\/Alan-150-_-Link-_-1-300x300.png 300w, https:\/\/renatodias.online\/movimento\/wp-content\/uploads\/2021\/04\/Alan-150-_-Link-_-1-150x150.png 150w, https:\/\/renatodias.online\/movimento\/wp-content\/uploads\/2021\/04\/Alan-150-_-Link-_-1-768x770.png 768w, https:\/\/renatodias.online\/movimento\/wp-content\/uploads\/2021\/04\/Alan-150-_-Link-_-1-750x752.png 750w\" sizes=\"auto, (max-width: 990px) 100vw, 990px\" \/><figcaption id=\"caption-attachment-6145\" class=\"wp-caption-text\">Alan Mineiro<\/figcaption><\/figure>\n<h3><strong>Decis\u00e3o in\u00e9dita<\/strong><\/h3>\n<p>A decis\u00e3o \u00e9 in\u00e9dita. <strong>Tigr\u00e3o e Gr\u00eamio An\u00e1polis<\/strong>. Duas partidas. Em An\u00e1polis, a primeira, <strong>16 de maio.<\/strong> Goi\u00e2nia, a segunda, <strong>no dia 23<\/strong>. Sem a presen\u00e7a de p\u00fablico. O colorado amarga um jejum de 15 anos consecutivos sem ganhar o t\u00edtulo. Do Goiano. O \u00faltimo \u00e9 de 2005. Em 2017 chegou a final\u00edssima e ficou com o vice estadual. O Gr\u00eamio An\u00e1polis nunca sagrou &#8211; se campe\u00e3o.<\/p>\n<figure id=\"attachment_6521\" aria-describedby=\"caption-attachment-6521\" style=\"width: 1080px\" class=\"wp-caption alignnone\"><img loading=\"lazy\" decoding=\"async\" class=\"size-full wp-image-6521\" src=\"https:\/\/renatodias.online\/movimento\/wp-content\/uploads\/2021\/05\/Time-que-derrotou-a-Aparecidense.png\" alt=\"\" width=\"1080\" height=\"611\" srcset=\"https:\/\/renatodias.online\/movimento\/wp-content\/uploads\/2021\/05\/Time-que-derrotou-a-Aparecidense.png 1080w, https:\/\/renatodias.online\/movimento\/wp-content\/uploads\/2021\/05\/Time-que-derrotou-a-Aparecidense-300x170.png 300w, https:\/\/renatodias.online\/movimento\/wp-content\/uploads\/2021\/05\/Time-que-derrotou-a-Aparecidense-768x434.png 768w, https:\/\/renatodias.online\/movimento\/wp-content\/uploads\/2021\/05\/Time-que-derrotou-a-Aparecidense-750x424.png 750w\" sizes=\"auto, (max-width: 1080px) 100vw, 1080px\" \/><figcaption id=\"caption-attachment-6521\" class=\"wp-caption-text\">Time que jogou contra a Aparecidense<\/figcaption><\/figure>\n<h1 style=\"text-align: center;\"><strong>\u00a0<\/strong><\/h1>\n<h1 style=\"text-align: center;\"><strong>Premia\u00e7\u00e3o<\/strong><\/h1>\n<h1 style=\"text-align: center;\"><strong>Para ganhar o t\u00edtulo<\/strong><\/h1>\n<p>A diretoria-executiva e o Conselho Deliberativo do Vila Nova Futebol Clube prometem ao elenco de atletas e \u00e0 Comiss\u00e3o T\u00e9cnica, caso ganhem o t\u00e3o esperado t\u00edtulo de campe\u00e3o estadual, em duas partidas, de ida e volta, contra o Gr\u00eamio An\u00e1polis, time entrosado e que eliminou o Atl\u00e9\u00adtico, os recursos oriundos da venda do novo manto sagrado. Ajude. Como? Basta comprar a no\u00adva camisa oficial para o Campeonato Brasileiro. Por R$ 149,90. Acesse o site.<\/p>\n<figure id=\"attachment_6524\" aria-describedby=\"caption-attachment-6524\" style=\"width: 865px\" class=\"wp-caption alignnone\"><img loading=\"lazy\" decoding=\"async\" class=\"size-full wp-image-6524\" src=\"https:\/\/renatodias.online\/movimento\/wp-content\/uploads\/2021\/05\/A-nova-camisa-do-Vila-Nova-Futebol-Clube.jpg\" alt=\"\" width=\"865\" height=\"1024\" srcset=\"https:\/\/renatodias.online\/movimento\/wp-content\/uploads\/2021\/05\/A-nova-camisa-do-Vila-Nova-Futebol-Clube.jpg 865w, https:\/\/renatodias.online\/movimento\/wp-content\/uploads\/2021\/05\/A-nova-camisa-do-Vila-Nova-Futebol-Clube-253x300.jpg 253w, https:\/\/renatodias.online\/movimento\/wp-content\/uploads\/2021\/05\/A-nova-camisa-do-Vila-Nova-Futebol-Clube-768x909.jpg 768w, https:\/\/renatodias.online\/movimento\/wp-content\/uploads\/2021\/05\/A-nova-camisa-do-Vila-Nova-Futebol-Clube-750x888.jpg 750w\" sizes=\"auto, (max-width: 865px) 100vw, 865px\" \/><figcaption id=\"caption-attachment-6524\" class=\"wp-caption-text\">A nova camisa do Vila Nova<\/figcaption><\/figure>\n<p><iframe loading=\"lazy\" title=\"Aparecidense 0 x 1 Vila Nova - Jogo de volta da Semifinal do Goian\u00e3o 2021\" width=\"960\" height=\"540\" src=\"https:\/\/www.youtube.com\/embed\/iC3-BHc7muc?feature=oembed\" frameborder=\"0\" allow=\"accelerometer; autoplay; clipboard-write; encrypted-media; gyroscope; picture-in-picture; web-share\" referrerpolicy=\"strict-origin-when-cross-origin\" allowfullscreen><\/iframe><\/p>\n<p><strong>_ Da Loja Oficial Na\u00e7\u00e3o Colorada. Link _ <\/strong><strong>\u00a0#MantoDaPaix\u00e3o: <a href=\"http:\/\/mantodapaixao.com.br\">mantodapaixao.com.br\u00a0\u00a0<\/a> <\/strong><\/p>\n","protected":false},"excerpt":{"rendered":"<p>Vila Nova e Gr\u00eamio An\u00e1polis na final Rafael Donato marca. Tigr\u00e3o derrota Aparecidense. Raposa ser\u00e1 advers\u00e1ria &nbsp; Vila Nova teve um jogador expulso aos 4 minutos do segundo tempo Renato Dias Com um cruzamento preciso do camisa 10 Alan Mineiro, o zagueiro Rafael Donato subiu no terceiro andar e marcou o gol que classificou o<\/p>\n","protected":false},"author":2,"featured_media":6522,"comment_status":"open","ping_status":"open","sticky":false,"template":"","format":"standard","meta":{"_acf_changed":false,"_monsterinsights_skip_tracking":false,"_monsterinsights_sitenote_active":false,"_monsterinsights_sitenote_note":"","_monsterinsights_sitenote_category":0,"footnotes":""},"categories":[33],"tags":[],"class_list":["post-6519","post","type-post","status-publish","format-standard","has-post-thumbnail","hentry","category-esporte"],"acf":[],"yoast_head":"<!-- This site is optimized with the Yoast SEO plugin v27.4 - https:\/\/yoast.com\/product\/yoast-seo-wordpress\/ -->\n<title>Vila Nova e Gr\u00eamio An\u00e1polis na final -<\/title>\n<meta name=\"robots\" content=\"index, follow, max-snippet:-1, max-image-preview:large, max-video-preview:-1\" \/>\n<link rel=\"canonical\" href=\"https:\/\/renatodias.online\/movimento\/2021\/05\/10\/vila-nova-e-gremio-anapolis-na-final\/\" \/>\n<meta property=\"og:locale\" content=\"pt_BR\" \/>\n<meta property=\"og:type\" content=\"article\" \/>\n<meta property=\"og:title\" content=\"Vila Nova e Gr\u00eamio An\u00e1polis na final -\" \/>\n<meta property=\"og:description\" content=\"Vila Nova e Gr\u00eamio An\u00e1polis na final Rafael Donato marca. Tigr\u00e3o derrota Aparecidense. Raposa ser\u00e1 advers\u00e1ria &nbsp; Vila Nova teve um jogador expulso aos 4 minutos do segundo tempo Renato Dias Com um cruzamento preciso do camisa 10 Alan Mineiro, o zagueiro Rafael Donato subiu no terceiro andar e marcou o gol que classificou o\" \/>\n<meta property=\"og:url\" content=\"https:\/\/renatodias.online\/movimento\/2021\/05\/10\/vila-nova-e-gremio-anapolis-na-final\/\" \/>\n<meta property=\"article:publisher\" content=\"https:\/\/www.facebook.com\/renato.dias.37\" \/>\n<meta property=\"article:author\" content=\"https:\/\/www.facebook.com\/renato.dias.37\" \/>\n<meta property=\"article:published_time\" content=\"2021-05-11T02:15:23+00:00\" \/>\n<meta property=\"article:modified_time\" content=\"2021-05-11T02:21:09+00:00\" \/>\n<meta property=\"og:image\" content=\"https:\/\/renatodias.online\/movimento\/wp-content\/uploads\/2021\/05\/Link-_-Final-do-Vila-Nova-2021.png\" \/>\n\t<meta property=\"og:image:width\" content=\"1080\" \/>\n\t<meta property=\"og:image:height\" content=\"1268\" \/>\n\t<meta property=\"og:image:type\" content=\"image\/png\" \/>\n<meta name=\"author\" content=\"Renato Dias\" \/>\n<meta name=\"twitter:card\" content=\"summary_large_image\" \/>\n<meta name=\"twitter:creator\" content=\"@RenatoDiasBat\" \/>\n<meta name=\"twitter:site\" content=\"@RenatoDiasBat\" \/>\n<meta name=\"twitter:label1\" content=\"Escrito por\" \/>\n\t<meta name=\"twitter:data1\" content=\"Renato Dias\" \/>\n\t<meta name=\"twitter:label2\" content=\"Est. tempo de leitura\" \/>\n\t<meta name=\"twitter:data2\" content=\"2 minutos\" \/>\n<script type=\"application\/ld+json\" class=\"yoast-schema-graph\">{\"@context\":\"https:\\\/\\\/schema.org\",\"@graph\":[{\"@type\":\"Article\",\"@id\":\"https:\\\/\\\/renatodias.online\\\/movimento\\\/2021\\\/05\\\/10\\\/vila-nova-e-gremio-anapolis-na-final\\\/#article\",\"isPartOf\":{\"@id\":\"https:\\\/\\\/renatodias.online\\\/movimento\\\/2021\\\/05\\\/10\\\/vila-nova-e-gremio-anapolis-na-final\\\/\"},\"author\":{\"name\":\"Renato Dias\",\"@id\":\"https:\\\/\\\/renatodias.online\\\/movimento\\\/#\\\/schema\\\/person\\\/bbab28833b1725a20f4083f49f1fb2a9\"},\"headline\":\"Vila Nova e Gr\u00eamio An\u00e1polis na final\",\"datePublished\":\"2021-05-11T02:15:23+00:00\",\"dateModified\":\"2021-05-11T02:21:09+00:00\",\"mainEntityOfPage\":{\"@id\":\"https:\\\/\\\/renatodias.online\\\/movimento\\\/2021\\\/05\\\/10\\\/vila-nova-e-gremio-anapolis-na-final\\\/\"},\"wordCount\":338,\"commentCount\":0,\"publisher\":{\"@id\":\"https:\\\/\\\/renatodias.online\\\/movimento\\\/#\\\/schema\\\/person\\\/bbab28833b1725a20f4083f49f1fb2a9\"},\"image\":{\"@id\":\"https:\\\/\\\/renatodias.online\\\/movimento\\\/2021\\\/05\\\/10\\\/vila-nova-e-gremio-anapolis-na-final\\\/#primaryimage\"},\"thumbnailUrl\":\"https:\\\/\\\/renatodias.online\\\/movimento\\\/wp-content\\\/uploads\\\/2021\\\/05\\\/Link-_-Final-do-Vila-Nova-2021.png\",\"articleSection\":[\"Esporte\"],\"inLanguage\":\"pt-BR\",\"potentialAction\":[{\"@type\":\"CommentAction\",\"name\":\"Comment\",\"target\":[\"https:\\\/\\\/renatodias.online\\\/movimento\\\/2021\\\/05\\\/10\\\/vila-nova-e-gremio-anapolis-na-final\\\/#respond\"]}]},{\"@type\":\"WebPage\",\"@id\":\"https:\\\/\\\/renatodias.online\\\/movimento\\\/2021\\\/05\\\/10\\\/vila-nova-e-gremio-anapolis-na-final\\\/\",\"url\":\"https:\\\/\\\/renatodias.online\\\/movimento\\\/2021\\\/05\\\/10\\\/vila-nova-e-gremio-anapolis-na-final\\\/\",\"name\":\"Vila Nova e Gr\u00eamio An\u00e1polis na final -\",\"isPartOf\":{\"@id\":\"https:\\\/\\\/renatodias.online\\\/movimento\\\/#website\"},\"primaryImageOfPage\":{\"@id\":\"https:\\\/\\\/renatodias.online\\\/movimento\\\/2021\\\/05\\\/10\\\/vila-nova-e-gremio-anapolis-na-final\\\/#primaryimage\"},\"image\":{\"@id\":\"https:\\\/\\\/renatodias.online\\\/movimento\\\/2021\\\/05\\\/10\\\/vila-nova-e-gremio-anapolis-na-final\\\/#primaryimage\"},\"thumbnailUrl\":\"https:\\\/\\\/renatodias.online\\\/movimento\\\/wp-content\\\/uploads\\\/2021\\\/05\\\/Link-_-Final-do-Vila-Nova-2021.png\",\"datePublished\":\"2021-05-11T02:15:23+00:00\",\"dateModified\":\"2021-05-11T02:21:09+00:00\",\"breadcrumb\":{\"@id\":\"https:\\\/\\\/renatodias.online\\\/movimento\\\/2021\\\/05\\\/10\\\/vila-nova-e-gremio-anapolis-na-final\\\/#breadcrumb\"},\"inLanguage\":\"pt-BR\",\"potentialAction\":[{\"@type\":\"ReadAction\",\"target\":[\"https:\\\/\\\/renatodias.online\\\/movimento\\\/2021\\\/05\\\/10\\\/vila-nova-e-gremio-anapolis-na-final\\\/\"]}]},{\"@type\":\"ImageObject\",\"inLanguage\":\"pt-BR\",\"@id\":\"https:\\\/\\\/renatodias.online\\\/movimento\\\/2021\\\/05\\\/10\\\/vila-nova-e-gremio-anapolis-na-final\\\/#primaryimage\",\"url\":\"https:\\\/\\\/renatodias.online\\\/movimento\\\/wp-content\\\/uploads\\\/2021\\\/05\\\/Link-_-Final-do-Vila-Nova-2021.png\",\"contentUrl\":\"https:\\\/\\\/renatodias.online\\\/movimento\\\/wp-content\\\/uploads\\\/2021\\\/05\\\/Link-_-Final-do-Vila-Nova-2021.png\",\"width\":1080,\"height\":1268},{\"@type\":\"BreadcrumbList\",\"@id\":\"https:\\\/\\\/renatodias.online\\\/movimento\\\/2021\\\/05\\\/10\\\/vila-nova-e-gremio-anapolis-na-final\\\/#breadcrumb\",\"itemListElement\":[{\"@type\":\"ListItem\",\"position\":1,\"name\":\"In\u00edcio\",\"item\":\"https:\\\/\\\/renatodias.online\\\/movimento\\\/\"},{\"@type\":\"ListItem\",\"position\":2,\"name\":\"Vila Nova e Gr\u00eamio An\u00e1polis na final\"}]},{\"@type\":\"WebSite\",\"@id\":\"https:\\\/\\\/renatodias.online\\\/movimento\\\/#website\",\"url\":\"https:\\\/\\\/renatodias.online\\\/movimento\\\/\",\"name\":\"\",\"description\":\"\",\"publisher\":{\"@id\":\"https:\\\/\\\/renatodias.online\\\/movimento\\\/#\\\/schema\\\/person\\\/bbab28833b1725a20f4083f49f1fb2a9\"},\"potentialAction\":[{\"@type\":\"SearchAction\",\"target\":{\"@type\":\"EntryPoint\",\"urlTemplate\":\"https:\\\/\\\/renatodias.online\\\/movimento\\\/?s={search_term_string}\"},\"query-input\":{\"@type\":\"PropertyValueSpecification\",\"valueRequired\":true,\"valueName\":\"search_term_string\"}}],\"inLanguage\":\"pt-BR\"},{\"@type\":[\"Person\",\"Organization\"],\"@id\":\"https:\\\/\\\/renatodias.online\\\/movimento\\\/#\\\/schema\\\/person\\\/bbab28833b1725a20f4083f49f1fb2a9\",\"name\":\"Renato Dias\",\"image\":{\"@type\":\"ImageObject\",\"inLanguage\":\"pt-BR\",\"@id\":\"https:\\\/\\\/renatodias.online\\\/movimento\\\/wp-content\\\/uploads\\\/2023\\\/03\\\/cropped-cropped-cropped-logofinal.jpeg\",\"url\":\"https:\\\/\\\/renatodias.online\\\/movimento\\\/wp-content\\\/uploads\\\/2023\\\/03\\\/cropped-cropped-cropped-logofinal.jpeg\",\"contentUrl\":\"https:\\\/\\\/renatodias.online\\\/movimento\\\/wp-content\\\/uploads\\\/2023\\\/03\\\/cropped-cropped-cropped-logofinal.jpeg\",\"width\":1280,\"height\":219,\"caption\":\"Renato Dias\"},\"logo\":{\"@id\":\"https:\\\/\\\/renatodias.online\\\/movimento\\\/wp-content\\\/uploads\\\/2023\\\/03\\\/cropped-cropped-cropped-logofinal.jpeg\"},\"description\":\"Renato Dias, 58 anos, \u00e9 graduado em Jornalismo, formado em Ci\u00eancias Sociais, com p\u00f3s-gradua\u00e7\u00e3o em Pol\u00edticas P\u00fablicas, mestre em Direito e Rela\u00e7\u00f5es Internacionais, ex-aluno extraordin\u00e1rio do Doutorado em Psicologia Social, ex-estudante do Curso de Psican\u00e1lise do Centro de Estudos Psicanal\u00edticos do Estado de Goi\u00e1s, ministrado pelo m\u00e9dico psiquiatra e psicanalista Daniel Em\u00eddio de Souza. \u00c9 autor de 30 livros-reportagem, oito document\u00e1rios, ganhou 30 pr\u00eamios e \u00e9 torcedor apaixonado do maior do Centro-Oeste, o Vila Nova Futebol Clube. Casado com Meirilane Dias, \u00e9 pai de Juliana Dias, jornalista; Daniel Dias, economista; e Maria Rosa Dias, estudante antifascista, socialista e trotskista.\u00a0Com tr\u00eas pets: Porquinho [Bull Dog Franc\u00eas], Dalila [Basset Hound] e Geleia [Basset Hound]. Al\u00e9m do eterno gato Tutuquinho, que virou estrela.\",\"sameAs\":[\"https:\\\/\\\/www.facebook.com\\\/renato.dias.37\",\"#breve\",\"https:\\\/\\\/renatodias.tumblr.com\\\/\"],\"url\":\"https:\\\/\\\/renatodias.online\\\/movimento\\\/author\\\/renatodias\\\/\"}]}<\/script>\n<!-- \/ Yoast SEO plugin. -->","yoast_head_json":{"title":"Vila Nova e Gr\u00eamio An\u00e1polis na final -","robots":{"index":"index","follow":"follow","max-snippet":"max-snippet:-1","max-image-preview":"max-image-preview:large","max-video-preview":"max-video-preview:-1"},"canonical":"https:\/\/renatodias.online\/movimento\/2021\/05\/10\/vila-nova-e-gremio-anapolis-na-final\/","og_locale":"pt_BR","og_type":"article","og_title":"Vila Nova e Gr\u00eamio An\u00e1polis na final -","og_description":"Vila Nova e Gr\u00eamio An\u00e1polis na final Rafael Donato marca. Tigr\u00e3o derrota Aparecidense. Raposa ser\u00e1 advers\u00e1ria &nbsp; Vila Nova teve um jogador expulso aos 4 minutos do segundo tempo Renato Dias Com um cruzamento preciso do camisa 10 Alan Mineiro, o zagueiro Rafael Donato subiu no terceiro andar e marcou o gol que classificou o","og_url":"https:\/\/renatodias.online\/movimento\/2021\/05\/10\/vila-nova-e-gremio-anapolis-na-final\/","article_publisher":"https:\/\/www.facebook.com\/renato.dias.37","article_author":"https:\/\/www.facebook.com\/renato.dias.37","article_published_time":"2021-05-11T02:15:23+00:00","article_modified_time":"2021-05-11T02:21:09+00:00","og_image":[{"width":1080,"height":1268,"url":"https:\/\/renatodias.online\/movimento\/wp-content\/uploads\/2021\/05\/Link-_-Final-do-Vila-Nova-2021.png","type":"image\/png"}],"author":"Renato Dias","twitter_card":"summary_large_image","twitter_creator":"@RenatoDiasBat","twitter_site":"@RenatoDiasBat","twitter_misc":{"Escrito por":"Renato Dias","Est. tempo de leitura":"2 minutos"},"schema":{"@context":"https:\/\/schema.org","@graph":[{"@type":"Article","@id":"https:\/\/renatodias.online\/movimento\/2021\/05\/10\/vila-nova-e-gremio-anapolis-na-final\/#article","isPartOf":{"@id":"https:\/\/renatodias.online\/movimento\/2021\/05\/10\/vila-nova-e-gremio-anapolis-na-final\/"},"author":{"name":"Renato Dias","@id":"https:\/\/renatodias.online\/movimento\/#\/schema\/person\/bbab28833b1725a20f4083f49f1fb2a9"},"headline":"Vila Nova e Gr\u00eamio An\u00e1polis na final","datePublished":"2021-05-11T02:15:23+00:00","dateModified":"2021-05-11T02:21:09+00:00","mainEntityOfPage":{"@id":"https:\/\/renatodias.online\/movimento\/2021\/05\/10\/vila-nova-e-gremio-anapolis-na-final\/"},"wordCount":338,"commentCount":0,"publisher":{"@id":"https:\/\/renatodias.online\/movimento\/#\/schema\/person\/bbab28833b1725a20f4083f49f1fb2a9"},"image":{"@id":"https:\/\/renatodias.online\/movimento\/2021\/05\/10\/vila-nova-e-gremio-anapolis-na-final\/#primaryimage"},"thumbnailUrl":"https:\/\/renatodias.online\/movimento\/wp-content\/uploads\/2021\/05\/Link-_-Final-do-Vila-Nova-2021.png","articleSection":["Esporte"],"inLanguage":"pt-BR","potentialAction":[{"@type":"CommentAction","name":"Comment","target":["https:\/\/renatodias.online\/movimento\/2021\/05\/10\/vila-nova-e-gremio-anapolis-na-final\/#respond"]}]},{"@type":"WebPage","@id":"https:\/\/renatodias.online\/movimento\/2021\/05\/10\/vila-nova-e-gremio-anapolis-na-final\/","url":"https:\/\/renatodias.online\/movimento\/2021\/05\/10\/vila-nova-e-gremio-anapolis-na-final\/","name":"Vila Nova e Gr\u00eamio An\u00e1polis na final -","isPartOf":{"@id":"https:\/\/renatodias.online\/movimento\/#website"},"primaryImageOfPage":{"@id":"https:\/\/renatodias.online\/movimento\/2021\/05\/10\/vila-nova-e-gremio-anapolis-na-final\/#primaryimage"},"image":{"@id":"https:\/\/renatodias.online\/movimento\/2021\/05\/10\/vila-nova-e-gremio-anapolis-na-final\/#primaryimage"},"thumbnailUrl":"https:\/\/renatodias.online\/movimento\/wp-content\/uploads\/2021\/05\/Link-_-Final-do-Vila-Nova-2021.png","datePublished":"2021-05-11T02:15:23+00:00","dateModified":"2021-05-11T02:21:09+00:00","breadcrumb":{"@id":"https:\/\/renatodias.online\/movimento\/2021\/05\/10\/vila-nova-e-gremio-anapolis-na-final\/#breadcrumb"},"inLanguage":"pt-BR","potentialAction":[{"@type":"ReadAction","target":["https:\/\/renatodias.online\/movimento\/2021\/05\/10\/vila-nova-e-gremio-anapolis-na-final\/"]}]},{"@type":"ImageObject","inLanguage":"pt-BR","@id":"https:\/\/renatodias.online\/movimento\/2021\/05\/10\/vila-nova-e-gremio-anapolis-na-final\/#primaryimage","url":"https:\/\/renatodias.online\/movimento\/wp-content\/uploads\/2021\/05\/Link-_-Final-do-Vila-Nova-2021.png","contentUrl":"https:\/\/renatodias.online\/movimento\/wp-content\/uploads\/2021\/05\/Link-_-Final-do-Vila-Nova-2021.png","width":1080,"height":1268},{"@type":"BreadcrumbList","@id":"https:\/\/renatodias.online\/movimento\/2021\/05\/10\/vila-nova-e-gremio-anapolis-na-final\/#breadcrumb","itemListElement":[{"@type":"ListItem","position":1,"name":"In\u00edcio","item":"https:\/\/renatodias.online\/movimento\/"},{"@type":"ListItem","position":2,"name":"Vila Nova e Gr\u00eamio An\u00e1polis na final"}]},{"@type":"WebSite","@id":"https:\/\/renatodias.online\/movimento\/#website","url":"https:\/\/renatodias.online\/movimento\/","name":"","description":"","publisher":{"@id":"https:\/\/renatodias.online\/movimento\/#\/schema\/person\/bbab28833b1725a20f4083f49f1fb2a9"},"potentialAction":[{"@type":"SearchAction","target":{"@type":"EntryPoint","urlTemplate":"https:\/\/renatodias.online\/movimento\/?s={search_term_string}"},"query-input":{"@type":"PropertyValueSpecification","valueRequired":true,"valueName":"search_term_string"}}],"inLanguage":"pt-BR"},{"@type":["Person","Organization"],"@id":"https:\/\/renatodias.online\/movimento\/#\/schema\/person\/bbab28833b1725a20f4083f49f1fb2a9","name":"Renato Dias","image":{"@type":"ImageObject","inLanguage":"pt-BR","@id":"https:\/\/renatodias.online\/movimento\/wp-content\/uploads\/2023\/03\/cropped-cropped-cropped-logofinal.jpeg","url":"https:\/\/renatodias.online\/movimento\/wp-content\/uploads\/2023\/03\/cropped-cropped-cropped-logofinal.jpeg","contentUrl":"https:\/\/renatodias.online\/movimento\/wp-content\/uploads\/2023\/03\/cropped-cropped-cropped-logofinal.jpeg","width":1280,"height":219,"caption":"Renato Dias"},"logo":{"@id":"https:\/\/renatodias.online\/movimento\/wp-content\/uploads\/2023\/03\/cropped-cropped-cropped-logofinal.jpeg"},"description":"Renato Dias, 58 anos, \u00e9 graduado em Jornalismo, formado em Ci\u00eancias Sociais, com p\u00f3s-gradua\u00e7\u00e3o em Pol\u00edticas P\u00fablicas, mestre em Direito e Rela\u00e7\u00f5es Internacionais, ex-aluno extraordin\u00e1rio do Doutorado em Psicologia Social, ex-estudante do Curso de Psican\u00e1lise do Centro de Estudos Psicanal\u00edticos do Estado de Goi\u00e1s, ministrado pelo m\u00e9dico psiquiatra e psicanalista Daniel Em\u00eddio de Souza. \u00c9 autor de 30 livros-reportagem, oito document\u00e1rios, ganhou 30 pr\u00eamios e \u00e9 torcedor apaixonado do maior do Centro-Oeste, o Vila Nova Futebol Clube. Casado com Meirilane Dias, \u00e9 pai de Juliana Dias, jornalista; Daniel Dias, economista; e Maria Rosa Dias, estudante antifascista, socialista e trotskista.\u00a0Com tr\u00eas pets: Porquinho [Bull Dog Franc\u00eas], Dalila [Basset Hound] e Geleia [Basset Hound]. Al\u00e9m do eterno gato Tutuquinho, que virou estrela.","sameAs":["https:\/\/www.facebook.com\/renato.dias.37","#breve","https:\/\/renatodias.tumblr.com\/"],"url":"https:\/\/renatodias.online\/movimento\/author\/renatodias\/"}]}},"_links":{"self":[{"href":"https:\/\/renatodias.online\/movimento\/wp-json\/wp\/v2\/posts\/6519","targetHints":{"allow":["GET"]}}],"collection":[{"href":"https:\/\/renatodias.online\/movimento\/wp-json\/wp\/v2\/posts"}],"about":[{"href":"https:\/\/renatodias.online\/movimento\/wp-json\/wp\/v2\/types\/post"}],"author":[{"embeddable":true,"href":"https:\/\/renatodias.online\/movimento\/wp-json\/wp\/v2\/users\/2"}],"replies":[{"embeddable":true,"href":"https:\/\/renatodias.online\/movimento\/wp-json\/wp\/v2\/comments?post=6519"}],"version-history":[{"count":4,"href":"https:\/\/renatodias.online\/movimento\/wp-json\/wp\/v2\/posts\/6519\/revisions"}],"predecessor-version":[{"id":6527,"href":"https:\/\/renatodias.online\/movimento\/wp-json\/wp\/v2\/posts\/6519\/revisions\/6527"}],"wp:featuredmedia":[{"embeddable":true,"href":"https:\/\/renatodias.online\/movimento\/wp-json\/wp\/v2\/media\/6522"}],"wp:attachment":[{"href":"https:\/\/renatodias.online\/movimento\/wp-json\/wp\/v2\/media?parent=6519"}],"wp:term":[{"taxonomy":"category","embeddable":true,"href":"https:\/\/renatodias.online\/movimento\/wp-json\/wp\/v2\/categories?post=6519"},{"taxonomy":"post_tag","embeddable":true,"href":"https:\/\/renatodias.online\/movimento\/wp-json\/wp\/v2\/tags?post=6519"}],"curies":[{"name":"wp","href":"https:\/\/api.w.org\/{rel}","templated":true}]}}