{"id":6505,"date":"2021-05-10T23:07:00","date_gmt":"2021-05-11T02:07:00","guid":{"rendered":"https:\/\/renatodias.online\/movimento\/?p=6505"},"modified":"2021-05-10T23:10:18","modified_gmt":"2021-05-11T02:10:18","slug":"marighella-carbonario-baiano","status":"publish","type":"post","link":"https:\/\/renatodias.online\/movimento\/2021\/05\/10\/marighella-carbonario-baiano\/","title":{"rendered":"Marighella, carbon\u00e1rio baiano"},"content":{"rendered":"<p><img loading=\"lazy\" decoding=\"async\" class=\"alignnone size-full wp-image-6515\" src=\"https:\/\/renatodias.online\/movimento\/wp-content\/uploads\/2021\/05\/Carlos-Marighella-_-Inimigo-Publico-Numero-1.jpeg\" alt=\"\" width=\"1217\" height=\"847\" srcset=\"https:\/\/renatodias.online\/movimento\/wp-content\/uploads\/2021\/05\/Carlos-Marighella-_-Inimigo-Publico-Numero-1.jpeg 1217w, https:\/\/renatodias.online\/movimento\/wp-content\/uploads\/2021\/05\/Carlos-Marighella-_-Inimigo-Publico-Numero-1-300x209.jpeg 300w, https:\/\/renatodias.online\/movimento\/wp-content\/uploads\/2021\/05\/Carlos-Marighella-_-Inimigo-Publico-Numero-1-768x535.jpeg 768w, https:\/\/renatodias.online\/movimento\/wp-content\/uploads\/2021\/05\/Carlos-Marighella-_-Inimigo-Publico-Numero-1-165x116.jpeg 165w, https:\/\/renatodias.online\/movimento\/wp-content\/uploads\/2021\/05\/Carlos-Marighella-_-Inimigo-Publico-Numero-1-750x522.jpeg 750w, https:\/\/renatodias.online\/movimento\/wp-content\/uploads\/2021\/05\/Carlos-Marighella-_-Inimigo-Publico-Numero-1-85x60.jpeg 85w\" sizes=\"auto, (max-width: 1217px) 100vw, 1217px\" \/><\/p>\n<h1 style=\"text-align: center;\"><span style=\"color: #ff0000;\"><strong>Marighella, carbon\u00e1rio baiano<\/strong><\/span><\/h1>\n<h2><span style=\"color: #0000ff;\"><strong>Sem censura<\/strong><\/span><\/h2>\n<figure id=\"attachment_6341\" aria-describedby=\"caption-attachment-6341\" style=\"width: 720px\" class=\"wp-caption aligncenter\"><img loading=\"lazy\" decoding=\"async\" class=\"size-full wp-image-6341\" src=\"https:\/\/renatodias.online\/movimento\/wp-content\/uploads\/2021\/04\/A-ditadura-civil-e-militar-de-1964.jpeg\" alt=\"\" width=\"720\" height=\"708\" srcset=\"https:\/\/renatodias.online\/movimento\/wp-content\/uploads\/2021\/04\/A-ditadura-civil-e-militar-de-1964.jpeg 720w, https:\/\/renatodias.online\/movimento\/wp-content\/uploads\/2021\/04\/A-ditadura-civil-e-militar-de-1964-300x295.jpeg 300w\" sizes=\"auto, (max-width: 720px) 100vw, 720px\" \/><figcaption id=\"caption-attachment-6341\" class=\"wp-caption-text\">A ditadura civil e militar de 1964<\/figcaption><\/figure>\n<h3 style=\"text-align: center;\"><span style=\"color: #800080;\"><strong>ALN, a esquerda em armas contra a ditadura civil e militar no Brasil<\/strong><\/span><\/h3>\n<p><strong>Renato Dias<\/strong><\/p>\n<p>Com um rev\u00f3lver na nuca, o seguran\u00e7a do trem se rende \u00e0 expropria\u00e7\u00e3o. Uma opera\u00e7\u00e3o com a participa\u00e7\u00e3o do <strong>inimigo p\u00fablico n\u00famero um<\/strong>. Da ditadura civil e militar. Tempos sombrios. Uma noite que durou 21 anos. Hist\u00f3ria real. Da luta armada no Brasil. Do ano de 1968 at\u00e9 1975.<\/p>\n<p>Filho de um italiano de olhos azuis e de uma negra, neta de escravos, da etnia Hauss\u00e1, <strong>Carlos Marighella <\/strong>nasceu em Salvador, Estado da Bahia. A terra de todos \u2018os santos\u2019. Jovem, ele in\u00adgressa no curso de Engenharia. Gradua\u00e7\u00e3o que nunca terminaria. O estudante entra para o PCB.<\/p>\n<p><strong>Um golpe de Estado civil e militar, em 2 de abril de 1964<\/strong>, com aval dos EUA, Congresso Nacional, referendo da Corte Suprema, suporte dos conglomerados de m\u00eddia, a ben\u00e7\u00e3o da Igreja Cat\u00f3lica, apoio da OAB e ABI, dep\u00f5e o presidente da Rep\u00fablica, <strong>Jo\u00e3o Belchior Marques Goulart<\/strong>, o Jango.<\/p>\n<figure id=\"attachment_6080\" aria-describedby=\"caption-attachment-6080\" style=\"width: 630px\" class=\"wp-caption aligncenter\"><img loading=\"lazy\" decoding=\"async\" class=\"size-full wp-image-6080\" src=\"https:\/\/renatodias.online\/movimento\/wp-content\/uploads\/2021\/04\/Golpe-de-1964-Saiba-mais.jpg\" alt=\"Imagem do Golpe de 1964 no Brasil\" width=\"630\" height=\"330\" \/><figcaption id=\"caption-attachment-6080\" class=\"wp-caption-text\">Imagem do Golpe de 1964 no Brasil<\/figcaption><\/figure>\n<p>J\u00e1 em 1964, o mulato Marighella \u00e9 baleado e preso, em uma sala de cinema ao lado de crian\u00e7as, na cidade do Rio de Janeiro. Cr\u00edtico do Partid\u00e3o, o revolucion\u00e1rio funda o Agrupamento Comunista, depois cria a A\u00e7\u00e3o Libertadora Nacional [ALN]. A organiza\u00e7\u00e3o adota a luta armada.<\/p>\n<p>Bancos s\u00e3o expropriados para financiar a guerrilha rural. O in\u00edcio da revolu\u00e7\u00e3o socialista no Brasil. Poeta, um amante do g\u00eanero musical samba, ele alertou a <strong>Joaquim C\u00e2mara Ferreira<\/strong> e a <strong>Virg\u00edlio Gomes da Silva<\/strong>, Jonas, que a captura de <strong>Charles Burke Elbrick<\/strong> aumentaria a repress\u00e3o.<\/p>\n<p><img loading=\"lazy\" decoding=\"async\" class=\"alignnone size-full wp-image-6512\" src=\"https:\/\/renatodias.online\/movimento\/wp-content\/uploads\/2021\/05\/Virgilio-Gomes-da-Silva.jpg\" alt=\"\" width=\"1024\" height=\"576\" srcset=\"https:\/\/renatodias.online\/movimento\/wp-content\/uploads\/2021\/05\/Virgilio-Gomes-da-Silva.jpg 1024w, https:\/\/renatodias.online\/movimento\/wp-content\/uploads\/2021\/05\/Virgilio-Gomes-da-Silva-300x169.jpg 300w, https:\/\/renatodias.online\/movimento\/wp-content\/uploads\/2021\/05\/Virgilio-Gomes-da-Silva-768x432.jpg 768w, https:\/\/renatodias.online\/movimento\/wp-content\/uploads\/2021\/05\/Virgilio-Gomes-da-Silva-750x422.jpg 750w\" sizes=\"auto, (max-width: 1024px) 100vw, 1024px\" \/><\/p>\n<p>O embaixador dos Estados Unidos no Brasil, radicado na Cidade Maravilhosa, parou no cativeiro. De um cons\u00f3rcio revolucion\u00e1rio. <strong>Da ALN e MR &#8211; 8. Dia 4 de setembro de 1969. Quinze presos pol\u00edticos foram libertados<\/strong>. Eles desembarcaram, livres, na Cidade do M\u00e9xico. Ap\u00f3s horas de voo<\/p>\n<p><img loading=\"lazy\" decoding=\"async\" class=\"alignnone size-full wp-image-6511\" src=\"https:\/\/renatodias.online\/movimento\/wp-content\/uploads\/2021\/05\/Charles-Burke-Elbrick.jpg\" alt=\"\" width=\"1200\" height=\"675\" \/><\/p>\n<p>Homens e mulheres do por\u00e3o fecham o cerco. Quedas em efeito domin\u00f3. Caem o GTA e o GTB. Da ALN. Al\u00e9m de militantes do MR-8. A rela\u00e7\u00e3o da ALN com os dominicanos \u00e9 descoberta. Freis s\u00e3o submetidos \u00e0s torturas. Exatos dois meses depois da captura de Charles Burke Elbrick [EUA].<\/p>\n<p><img loading=\"lazy\" decoding=\"async\" class=\"size-full wp-image-6510 aligncenter\" src=\"https:\/\/renatodias.online\/movimento\/wp-content\/uploads\/2021\/05\/Sergio-Paranhos-Fleury.jpg\" alt=\"\" width=\"752\" height=\"286\" \/><\/p>\n<p><strong>S\u00e9rgio Fleury monta opera\u00e7\u00e3o. 4 de novembro de 1969. \u00c0 Alameda Casa Branca, n\u00ba 600, \u00e0 noite.<\/strong> Um ponto. Emboscada. Com a participa\u00e7\u00e3o de 57 agentes do Estado. Desarmado, sentado no ban\u00adco de um Fusca, um carro da Volkswagen, <strong>Carlos Mariguella \u00e9 executado. A sangue frio.<\/strong><\/p>\n<p><img loading=\"lazy\" decoding=\"async\" class=\"alignnone size-full wp-image-6514\" src=\"https:\/\/renatodias.online\/movimento\/wp-content\/uploads\/2021\/05\/Carlos-Marighella-_-executado.jpg\" alt=\"\" width=\"940\" height=\"504\" \/><\/p>\n<p><strong>_Um ano ap\u00f3s, \u00e9 morto sob tortura: Toledo. <\/strong><\/p>\n<p><strong>\u00a0<\/strong><\/p>\n<h1 style=\"text-align: center;\"><strong>Saiba mais<\/strong><\/h1>\n<h1><strong>O que foi a ditadura civil e militar: 1964 \u2013 1985<\/strong><\/h1>\n<p>Fardados e civis derrubaram em 31 de mar\u00e7o, 1\u00ba e 2 de abril de 1964 o presidente da Rep\u00fablica, Jo\u00e3o Belchior Marques Goulart. Com tanques e metralhadoras. Com o aval do Supremo Tribunal Federal, a corte suprema. O Congresso referendou a posse de Rani\u00e9re Mazzilli e a indica\u00e7\u00e3o do primeiro general-presidente, marechal Humberto Castello Branco.<\/p>\n<figure id=\"attachment_6419\" aria-describedby=\"caption-attachment-6419\" style=\"width: 1200px\" class=\"wp-caption alignnone\"><img loading=\"lazy\" decoding=\"async\" class=\"size-full wp-image-6419\" src=\"https:\/\/renatodias.online\/movimento\/wp-content\/uploads\/2021\/05\/Emilio-Garrastazu-Medici-Folha-de-S.-Paulo.jpg\" alt=\"\" width=\"1200\" height=\"800\" srcset=\"https:\/\/renatodias.online\/movimento\/wp-content\/uploads\/2021\/05\/Emilio-Garrastazu-Medici-Folha-de-S.-Paulo.jpg 1200w, https:\/\/renatodias.online\/movimento\/wp-content\/uploads\/2021\/05\/Emilio-Garrastazu-Medici-Folha-de-S.-Paulo-300x200.jpg 300w, https:\/\/renatodias.online\/movimento\/wp-content\/uploads\/2021\/05\/Emilio-Garrastazu-Medici-Folha-de-S.-Paulo-768x512.jpg 768w, https:\/\/renatodias.online\/movimento\/wp-content\/uploads\/2021\/05\/Emilio-Garrastazu-Medici-Folha-de-S.-Paulo-360x240.jpg 360w, https:\/\/renatodias.online\/movimento\/wp-content\/uploads\/2021\/05\/Emilio-Garrastazu-Medici-Folha-de-S.-Paulo-750x500.jpg 750w\" sizes=\"auto, (max-width: 1200px) 100vw, 1200px\" \/><figcaption id=\"caption-attachment-6419\" class=\"wp-caption-text\">Em\u00edlio Garrastazu M\u00e9dici &#8211; Folha de S. Paulo<\/figcaption><\/figure>\n<p>Ga\u00facho de S\u00e3o Borja, ex-ministro do Trabalho, respons\u00e1vel pelo aumento real do sal\u00e1rio m\u00ednimo, Jango, como era conhecido, \u00e9 herdeiro do nacional-estatismo. Em sua vers\u00e3o trabalhista. De Get\u00falio Vargas. O rotulado de \u2018Pai dos Pobres\u2019. Get\u00falio Vargas suicidou-se \u00e0s 8h30, do dia 24 de agosto de 1954, em seus aposentos presidenciais. No Pal\u00e1cio do Catete.<\/p>\n<figure id=\"attachment_6406\" aria-describedby=\"caption-attachment-6406\" style=\"width: 1008px\" class=\"wp-caption alignnone\"><img loading=\"lazy\" decoding=\"async\" class=\"size-full wp-image-6406\" src=\"https:\/\/renatodias.online\/movimento\/wp-content\/uploads\/2021\/05\/Getulio-Vargas.jpg\" alt=\"\" width=\"1008\" height=\"630\" \/><figcaption id=\"caption-attachment-6406\" class=\"wp-caption-text\">Get\u00falio Vargas<\/figcaption><\/figure>\n<p>A capital do Brasil, \u00e0 \u00e9poca, era o Rio de Janeiro, outrora Cidade Maravilhosa. Com a queda de Jango, 21 anos de ditadura civil e militar [1964-1985]. A opera\u00e7\u00e3o teve a ostensiva participa\u00e7\u00e3o dos Estados Unidos das Am\u00e9ricas. Um saldo societal tr\u00e1gico. Com 479 mortos e desaparecidos pol\u00edticos. Assim como 1.700 trabalhadores rurais executados. Al\u00e9m de 10 mil pessoas exiladas.<\/p>\n<p>O projeto Brasil Nunca Mais, organizado pelo Arcebispo Dom Paulo Evaristo Arns e pelo reverendo Jaime Wright, registra que duas mil pessoas, perante o Superior Tribunal Militar, o STM, denunciaram terem sido torturadas. Na cadeira-do-drag\u00e3o, socos, pontap\u00e9s, telefones, pau-de-arara. A jornalista M\u00edriam Leit\u00e3o teve de ficar em uma cela com uma cobra ao seu lado.<\/p>\n<p>Relat\u00f3rio da Comiss\u00e3o Nacional da Verdade, instalada em maio de 2012 e encerrada dia 10 de dezembro de 2014, aponta que seis mil membros do Ex\u00e9rcito, Marinha, Aeron\u00e1utica, For\u00e7a P\u00fablica foram demitidos ou reformados. Um Grupo de Trabalho da CNV diz que 12 mil ind\u00ed\u00adgenas morreram sob a ditadura civil e militar e sua pol\u00edtica indigenista e de obras fara\u00f4nicas.<\/p>\n<p>Pasmem: 39 mil trabalhadores e trabalhadoras foram reconhecidas pela Comiss\u00e3o de Anistia, \u00f3rg\u00e3o do Minist\u00e9rio da Justi\u00e7a, na Esplanada dos Minist\u00e9rios, em Bras\u00edlia [DF], a Capital da Rep\u00fablica, a terem direito \u00e0 repara\u00e7\u00e3o econ\u00f4mica ou pens\u00f5es. Por danos materiais, pol\u00edticos, sociais e simb\u00f3licos. Medidas que prejudicaram as suas vidas. Tanto civis quanto militares.<\/p>\n<p>Mais: a ditadura civil e militar, no Brasil e em Goi\u00e1s, promoveu uma violenta censura \u00e0s artes, publica\u00e7\u00e3o de livros, \u00e0 imprensa, aos filmes, pe\u00e7as de teatro. Artistas eram perseguidos, presos, espancados e exilados. Como Caetano Veloso e Gilberto Gil, exilados na Inglaterra; Chico Buarque, na It\u00e1lia; Geraldo \u2018Caminhando\u2019 Vandr\u00e9. Jornais destru\u00eddos. \u2018Empastelados\u2019.<\/p>\n<p>O Ato Institucional N\u00famero 5, de 13 de dezembro de 1968, fechou o Congresso Nacional, C\u00e2\u00adma\u00adra Federal, Senado da Rep\u00fablica, as assembleias legislativas e as c\u00e2maras munici\u00adpais. \u00a0\u00a0Centenas de governadores, prefeitos, senadores da Rep\u00fablica, deputados federais, depu\u00adta\u00addos estaduais, vereadores foram cassados. Em 1980, Luiz In\u00e1cio Lula da Silva foi preso. Por greve oper\u00e1ria.<\/p>\n<p>O Congresso Nacional aprovou, em 26 de agosto de 1979, a Lei de Anistia. A medida sancionada n\u00e3o foi ampla, nem geral muito menos irrestrita. Os agentes do Estado pagos com o dinheiro do contribuinte para garantir a seguran\u00e7a p\u00fablica, respons\u00e1veis por viola\u00e7\u00f5es dos direitos humanos, assim como a sua cadeia de comando, receberam uma autoanistia da Uni\u00e3o.<\/p>\n<p>A direita explosiva matou, com uma bomba endere\u00e7ada \u00e0 OAB, a secret\u00e1ria da Ordem dos Advogados do Brasil, Lyda Monteiro, em 27 de agosto de 1980. Um atentado \u00e0 bomba no Riocentro, Rio de Janeiro, no show de Primeiro de maio de 1981, dia internacional dos trabalhadores, deixou os executores feridos. O crime permanece at\u00e9 hoje, 2021, impune.<\/p>\n<p>O jornalista Alexandre Von Baumgarten, indigesto \u00e0 ditadura civil e militar, acabou assas\u00adsinado, no ano de 1982. A campanha das diretas de 1983 e 1983, que exigia o direito elementar de votar, caiu com a derrota da Emenda Dante de Oliveira, em 25 de abril de 1984. Contra o que poderia ser uma \u2018revolu\u00e7\u00e3o democr\u00e1tica\u2019, como aponta o soci\u00f3logo marxista Florestan Fernandes.<\/p>\n<p>O Col\u00e9gio Eleitoral \u00e9 instalado. Tancredo Neves morre. Jos\u00e9 Sarney, ex-presidente da Arena e do PDS, legendas de sustenta\u00e7\u00e3o da ditadura civil e militar, em ironia da Hist\u00f3ria, assume. A Carta Magna sai em 5 de outubro de 1988. Com a manuten\u00e7\u00e3o da tutela das For\u00e7as Armadas como garantidora da Ordem Pol\u00edtica e Social. Em 2021, militares est\u00e3o em 23 \u00f3rg\u00e3os da Uni\u00e3o.<\/p>\n<p><strong>\u2013 Um passado que n\u00e3o passa.<\/strong><\/p>\n<p><strong>\u00a0<\/strong><\/p>\n<h1 style=\"text-align: center;\"><span style=\"color: #3366ff;\"><strong>Hegemonia cultural<\/strong><\/span><\/h1>\n<h1 style=\"text-align: center;\"><span style=\"color: #00ccff;\"><strong>Uma disputa pela mem\u00f3ria<\/strong><\/span><\/h1>\n<p>A disputa pela mem\u00f3ria \u00e9 permanente. Civil e militar, o golpe de Estado do ano de 1964 era para ter sido deflagrado, em 1954. Ele falhara com o suic\u00eddio de Get\u00falio Vargas. Em 24 de agosto, \u00e0s 8h30, nos aposentos presidenciais, do Pal\u00e1cio do Catete, Rio de Janeiro. A capital da Rep\u00fablica, \u00e0 \u00e9poca. Com um tiro no peito, acuado pelas For\u00e7as Armadas, deixa a vida e entra para a Hist\u00f3ria. Sem \u2018expiar a culpa\u2019 pelas viola\u00e7\u00f5es dos direitos humanos executadas sob o Estado Novo.<\/p>\n<p>J\u00e2nio da Silva Quadros, a et\u00edlica vassoura, alega \u2018For\u00e7as Terr\u00edveis\u2019 para assinar a ren\u00fancia, em 25 de agosto, de 1961. Nada. Tratava-se de um autogolpe. N\u00e3o deu certo. Em tempos de guerra fria [1945-1991], o fantasma do comunismo \u00e9 disseminado no Brasil. Ex-zagueiro do Internacional de Porto Alegre, nas categorias de base, Jo\u00e3o Belchior Marques Goulart, que atendia m\u00faltiplas demandas de advers\u00e1rios, registradas em cartas, \u00e9 deposto. Em 1964.<\/p>\n<p>A data exata n\u00e3o seria 31 de mar\u00e7o. As tropas de Ol\u00edmpio Mour\u00e3o Filho, a suposta \u2018vaca farda\u00adda\u2019, saem de Juiz de Fora, Estado de Minas Gerais, e chegam \u00e0 Cidade Maravilhosa apenas em 2 de abril. O general Amaury Kruel faz chantagem ainda com Jango. Auro Moro Andrade, pre\u00adsidente do Senado Federal e do Congresso Nacional, abre sess\u00e3o, declara vaga a presid\u00eancia da Rep\u00fablica, com o atingido ainda no Brasil, para Rani\u00e9re Mazzilli assumir o cargo\u00a0 no dia 2.<\/p>\n<p>Nacional-estatista, em sua vers\u00e3o trabalhista, herdeiro de Get\u00falio Vargas, \u2018O Pai dos Pobres\u2019,\u00a0 ele encontrava-se em solo. Documento, um bilhete de pr\u00f3prio punho do inquilino do Pal\u00e1cio do Planalto, com a data de 4 de abril de 1964, solicita o empenho de um aliado para que obte\u00adnha o seu asilo pol\u00edtico no Uruguai, pa\u00eds do Cone-Sul, que faz fronteira com o Brasil. Acusado de comunista, nunca foi um adepto de Karl Marx e Friedrich Engels. Muito menos um corrupto.<\/p>\n<p>O \u2018Reino das Empreiteiras\u2019 tem in\u00edcio, sim, sob a ditadura civil e militar. Com a constru\u00e7\u00e3o de obras fara\u00f4nicas. Como a Transamaz\u00f4nica, a Usina de Itaipu, a Ponte Rio-Niter\u00f3i. Nascido no Uruguai, o embaixador do Brasil, no Chile, desde 1969, Ant\u00f4nio da C\u00e2mara Canto, nega ter ti\u00addo torturas, no Brasil. Registro imag\u00e9tico: j\u00e1 em 1\u00ba de abril, em Recife, o velho comunista Gre\u00adg\u00f3\u00adrio Bezerra \u00e9 torturado, com a sola dos p\u00e9s em carne viva, e exposto \u00e0 execra\u00e7\u00e3o p\u00fablica.<strong>\u00a0<\/strong><\/p>\n<h1 style=\"text-align: center;\"><strong>\u00a0Veja o filme Marighella<br \/>\n<\/strong><\/h1>\n<p>https:\/\/www.transfernow.net\/dltransfer\/?utm_source=marighella2019-1080p&#038;utm_medium=&#038;utm_content=pt<\/p>\n<p>&nbsp;<\/p>\n<p>&nbsp;<\/p>\n<p>&nbsp;<\/p>\n<h1 style=\"text-align: center;\"><strong><img loading=\"lazy\" decoding=\"async\" class=\"alignnone size-full wp-image-6509\" src=\"https:\/\/renatodias.online\/movimento\/wp-content\/uploads\/2021\/05\/Carlos-Marighella-o-filme-1.jpg\" alt=\"\" width=\"1135\" height=\"1600\" \/> Dire\u00e7\u00e3o de Wagner Moura<br \/>\n<\/strong><\/h1>\n<p><img loading=\"lazy\" decoding=\"async\" class=\"size-full wp-image-6506 aligncenter\" src=\"https:\/\/renatodias.online\/movimento\/wp-content\/uploads\/2021\/05\/Wagner-Moura.jpg\" alt=\"\" width=\"660\" height=\"440\" \/><\/p>\n","protected":false},"excerpt":{"rendered":"<p>Marighella, carbon\u00e1rio baiano Sem censura ALN, a esquerda em armas contra a ditadura civil e militar no Brasil Renato Dias Com um rev\u00f3lver na nuca, o seguran\u00e7a do trem se rende \u00e0 expropria\u00e7\u00e3o. Uma opera\u00e7\u00e3o com a participa\u00e7\u00e3o do inimigo p\u00fablico n\u00famero um. Da ditadura civil e militar. Tempos sombrios. Uma noite que durou 21<\/p>\n","protected":false},"author":2,"featured_media":2916,"comment_status":"open","ping_status":"open","sticky":false,"template":"","format":"standard","meta":{"_acf_changed":false,"_monsterinsights_skip_tracking":false,"_monsterinsights_sitenote_active":false,"_monsterinsights_sitenote_note":"","_monsterinsights_sitenote_category":0,"footnotes":""},"categories":[28],"tags":[],"class_list":["post-6505","post","type-post","status-publish","format-standard","has-post-thumbnail","hentry","category-cultura"],"acf":[],"yoast_head":"<!-- This site is optimized with the Yoast SEO plugin v27.4 - https:\/\/yoast.com\/product\/yoast-seo-wordpress\/ -->\n<title>Marighella, carbon\u00e1rio baiano -<\/title>\n<meta name=\"robots\" content=\"index, follow, max-snippet:-1, max-image-preview:large, max-video-preview:-1\" \/>\n<link rel=\"canonical\" href=\"https:\/\/renatodias.online\/movimento\/2021\/05\/10\/marighella-carbonario-baiano\/\" \/>\n<meta property=\"og:locale\" content=\"pt_BR\" \/>\n<meta property=\"og:type\" content=\"article\" \/>\n<meta property=\"og:title\" content=\"Marighella, carbon\u00e1rio baiano -\" \/>\n<meta property=\"og:description\" content=\"Marighella, carbon\u00e1rio baiano Sem censura ALN, a esquerda em armas contra a ditadura civil e militar no Brasil Renato Dias Com um rev\u00f3lver na nuca, o seguran\u00e7a do trem se rende \u00e0 expropria\u00e7\u00e3o. Uma opera\u00e7\u00e3o com a participa\u00e7\u00e3o do inimigo p\u00fablico n\u00famero um. Da ditadura civil e militar. Tempos sombrios. Uma noite que durou 21\" \/>\n<meta property=\"og:url\" content=\"https:\/\/renatodias.online\/movimento\/2021\/05\/10\/marighella-carbonario-baiano\/\" \/>\n<meta property=\"article:publisher\" content=\"https:\/\/www.facebook.com\/renato.dias.37\" \/>\n<meta property=\"article:author\" content=\"https:\/\/www.facebook.com\/renato.dias.37\" \/>\n<meta property=\"article:published_time\" content=\"2021-05-11T02:07:00+00:00\" \/>\n<meta property=\"article:modified_time\" content=\"2021-05-11T02:10:18+00:00\" \/>\n<meta property=\"og:image\" content=\"https:\/\/renatodias.online\/movimento\/wp-content\/uploads\/2019\/11\/Carlos-Marighella-capa-e1636031041714.png\" \/>\n\t<meta property=\"og:image:width\" content=\"350\" \/>\n\t<meta property=\"og:image:height\" content=\"417\" \/>\n\t<meta property=\"og:image:type\" content=\"image\/png\" \/>\n<meta name=\"author\" content=\"Renato Dias\" \/>\n<meta name=\"twitter:card\" content=\"summary_large_image\" \/>\n<meta name=\"twitter:creator\" content=\"@RenatoDiasBat\" \/>\n<meta name=\"twitter:site\" content=\"@RenatoDiasBat\" \/>\n<meta name=\"twitter:label1\" content=\"Escrito por\" \/>\n\t<meta name=\"twitter:data1\" content=\"Renato Dias\" \/>\n\t<meta name=\"twitter:label2\" content=\"Est. tempo de leitura\" \/>\n\t<meta name=\"twitter:data2\" content=\"8 minutos\" \/>\n<script type=\"application\/ld+json\" class=\"yoast-schema-graph\">{\"@context\":\"https:\\\/\\\/schema.org\",\"@graph\":[{\"@type\":\"Article\",\"@id\":\"https:\\\/\\\/renatodias.online\\\/movimento\\\/2021\\\/05\\\/10\\\/marighella-carbonario-baiano\\\/#article\",\"isPartOf\":{\"@id\":\"https:\\\/\\\/renatodias.online\\\/movimento\\\/2021\\\/05\\\/10\\\/marighella-carbonario-baiano\\\/\"},\"author\":{\"name\":\"Renato Dias\",\"@id\":\"https:\\\/\\\/renatodias.online\\\/movimento\\\/#\\\/schema\\\/person\\\/bbab28833b1725a20f4083f49f1fb2a9\"},\"headline\":\"Marighella, carbon\u00e1rio baiano\",\"datePublished\":\"2021-05-11T02:07:00+00:00\",\"dateModified\":\"2021-05-11T02:10:18+00:00\",\"mainEntityOfPage\":{\"@id\":\"https:\\\/\\\/renatodias.online\\\/movimento\\\/2021\\\/05\\\/10\\\/marighella-carbonario-baiano\\\/\"},\"wordCount\":1686,\"commentCount\":0,\"publisher\":{\"@id\":\"https:\\\/\\\/renatodias.online\\\/movimento\\\/#\\\/schema\\\/person\\\/bbab28833b1725a20f4083f49f1fb2a9\"},\"image\":{\"@id\":\"https:\\\/\\\/renatodias.online\\\/movimento\\\/2021\\\/05\\\/10\\\/marighella-carbonario-baiano\\\/#primaryimage\"},\"thumbnailUrl\":\"https:\\\/\\\/renatodias.online\\\/movimento\\\/wp-content\\\/uploads\\\/2019\\\/11\\\/Carlos-Marighella-capa-e1636031041714.png\",\"articleSection\":[\"Cultura\"],\"inLanguage\":\"pt-BR\",\"potentialAction\":[{\"@type\":\"CommentAction\",\"name\":\"Comment\",\"target\":[\"https:\\\/\\\/renatodias.online\\\/movimento\\\/2021\\\/05\\\/10\\\/marighella-carbonario-baiano\\\/#respond\"]}]},{\"@type\":\"WebPage\",\"@id\":\"https:\\\/\\\/renatodias.online\\\/movimento\\\/2021\\\/05\\\/10\\\/marighella-carbonario-baiano\\\/\",\"url\":\"https:\\\/\\\/renatodias.online\\\/movimento\\\/2021\\\/05\\\/10\\\/marighella-carbonario-baiano\\\/\",\"name\":\"Marighella, carbon\u00e1rio baiano -\",\"isPartOf\":{\"@id\":\"https:\\\/\\\/renatodias.online\\\/movimento\\\/#website\"},\"primaryImageOfPage\":{\"@id\":\"https:\\\/\\\/renatodias.online\\\/movimento\\\/2021\\\/05\\\/10\\\/marighella-carbonario-baiano\\\/#primaryimage\"},\"image\":{\"@id\":\"https:\\\/\\\/renatodias.online\\\/movimento\\\/2021\\\/05\\\/10\\\/marighella-carbonario-baiano\\\/#primaryimage\"},\"thumbnailUrl\":\"https:\\\/\\\/renatodias.online\\\/movimento\\\/wp-content\\\/uploads\\\/2019\\\/11\\\/Carlos-Marighella-capa-e1636031041714.png\",\"datePublished\":\"2021-05-11T02:07:00+00:00\",\"dateModified\":\"2021-05-11T02:10:18+00:00\",\"breadcrumb\":{\"@id\":\"https:\\\/\\\/renatodias.online\\\/movimento\\\/2021\\\/05\\\/10\\\/marighella-carbonario-baiano\\\/#breadcrumb\"},\"inLanguage\":\"pt-BR\",\"potentialAction\":[{\"@type\":\"ReadAction\",\"target\":[\"https:\\\/\\\/renatodias.online\\\/movimento\\\/2021\\\/05\\\/10\\\/marighella-carbonario-baiano\\\/\"]}]},{\"@type\":\"ImageObject\",\"inLanguage\":\"pt-BR\",\"@id\":\"https:\\\/\\\/renatodias.online\\\/movimento\\\/2021\\\/05\\\/10\\\/marighella-carbonario-baiano\\\/#primaryimage\",\"url\":\"https:\\\/\\\/renatodias.online\\\/movimento\\\/wp-content\\\/uploads\\\/2019\\\/11\\\/Carlos-Marighella-capa-e1636031041714.png\",\"contentUrl\":\"https:\\\/\\\/renatodias.online\\\/movimento\\\/wp-content\\\/uploads\\\/2019\\\/11\\\/Carlos-Marighella-capa-e1636031041714.png\",\"width\":350,\"height\":417,\"caption\":\"Carlos Marighella\"},{\"@type\":\"BreadcrumbList\",\"@id\":\"https:\\\/\\\/renatodias.online\\\/movimento\\\/2021\\\/05\\\/10\\\/marighella-carbonario-baiano\\\/#breadcrumb\",\"itemListElement\":[{\"@type\":\"ListItem\",\"position\":1,\"name\":\"In\u00edcio\",\"item\":\"https:\\\/\\\/renatodias.online\\\/movimento\\\/\"},{\"@type\":\"ListItem\",\"position\":2,\"name\":\"Marighella, carbon\u00e1rio baiano\"}]},{\"@type\":\"WebSite\",\"@id\":\"https:\\\/\\\/renatodias.online\\\/movimento\\\/#website\",\"url\":\"https:\\\/\\\/renatodias.online\\\/movimento\\\/\",\"name\":\"\",\"description\":\"\",\"publisher\":{\"@id\":\"https:\\\/\\\/renatodias.online\\\/movimento\\\/#\\\/schema\\\/person\\\/bbab28833b1725a20f4083f49f1fb2a9\"},\"potentialAction\":[{\"@type\":\"SearchAction\",\"target\":{\"@type\":\"EntryPoint\",\"urlTemplate\":\"https:\\\/\\\/renatodias.online\\\/movimento\\\/?s={search_term_string}\"},\"query-input\":{\"@type\":\"PropertyValueSpecification\",\"valueRequired\":true,\"valueName\":\"search_term_string\"}}],\"inLanguage\":\"pt-BR\"},{\"@type\":[\"Person\",\"Organization\"],\"@id\":\"https:\\\/\\\/renatodias.online\\\/movimento\\\/#\\\/schema\\\/person\\\/bbab28833b1725a20f4083f49f1fb2a9\",\"name\":\"Renato Dias\",\"image\":{\"@type\":\"ImageObject\",\"inLanguage\":\"pt-BR\",\"@id\":\"https:\\\/\\\/renatodias.online\\\/movimento\\\/wp-content\\\/uploads\\\/2023\\\/03\\\/cropped-cropped-cropped-logofinal.jpeg\",\"url\":\"https:\\\/\\\/renatodias.online\\\/movimento\\\/wp-content\\\/uploads\\\/2023\\\/03\\\/cropped-cropped-cropped-logofinal.jpeg\",\"contentUrl\":\"https:\\\/\\\/renatodias.online\\\/movimento\\\/wp-content\\\/uploads\\\/2023\\\/03\\\/cropped-cropped-cropped-logofinal.jpeg\",\"width\":1280,\"height\":219,\"caption\":\"Renato Dias\"},\"logo\":{\"@id\":\"https:\\\/\\\/renatodias.online\\\/movimento\\\/wp-content\\\/uploads\\\/2023\\\/03\\\/cropped-cropped-cropped-logofinal.jpeg\"},\"description\":\"Renato Dias, 58 anos, \u00e9 graduado em Jornalismo, formado em Ci\u00eancias Sociais, com p\u00f3s-gradua\u00e7\u00e3o em Pol\u00edticas P\u00fablicas, mestre em Direito e Rela\u00e7\u00f5es Internacionais, ex-aluno extraordin\u00e1rio do Doutorado em Psicologia Social, ex-estudante do Curso de Psican\u00e1lise do Centro de Estudos Psicanal\u00edticos do Estado de Goi\u00e1s, ministrado pelo m\u00e9dico psiquiatra e psicanalista Daniel Em\u00eddio de Souza. \u00c9 autor de 30 livros-reportagem, oito document\u00e1rios, ganhou 30 pr\u00eamios e \u00e9 torcedor apaixonado do maior do Centro-Oeste, o Vila Nova Futebol Clube. Casado com Meirilane Dias, \u00e9 pai de Juliana Dias, jornalista; Daniel Dias, economista; e Maria Rosa Dias, estudante antifascista, socialista e trotskista.\u00a0Com tr\u00eas pets: Porquinho [Bull Dog Franc\u00eas], Dalila [Basset Hound] e Geleia [Basset Hound]. Al\u00e9m do eterno gato Tutuquinho, que virou estrela.\",\"sameAs\":[\"https:\\\/\\\/www.facebook.com\\\/renato.dias.37\",\"#breve\",\"https:\\\/\\\/renatodias.tumblr.com\\\/\"],\"url\":\"https:\\\/\\\/renatodias.online\\\/movimento\\\/author\\\/renatodias\\\/\"}]}<\/script>\n<!-- \/ Yoast SEO plugin. -->","yoast_head_json":{"title":"Marighella, carbon\u00e1rio baiano -","robots":{"index":"index","follow":"follow","max-snippet":"max-snippet:-1","max-image-preview":"max-image-preview:large","max-video-preview":"max-video-preview:-1"},"canonical":"https:\/\/renatodias.online\/movimento\/2021\/05\/10\/marighella-carbonario-baiano\/","og_locale":"pt_BR","og_type":"article","og_title":"Marighella, carbon\u00e1rio baiano -","og_description":"Marighella, carbon\u00e1rio baiano Sem censura ALN, a esquerda em armas contra a ditadura civil e militar no Brasil Renato Dias Com um rev\u00f3lver na nuca, o seguran\u00e7a do trem se rende \u00e0 expropria\u00e7\u00e3o. Uma opera\u00e7\u00e3o com a participa\u00e7\u00e3o do inimigo p\u00fablico n\u00famero um. Da ditadura civil e militar. Tempos sombrios. Uma noite que durou 21","og_url":"https:\/\/renatodias.online\/movimento\/2021\/05\/10\/marighella-carbonario-baiano\/","article_publisher":"https:\/\/www.facebook.com\/renato.dias.37","article_author":"https:\/\/www.facebook.com\/renato.dias.37","article_published_time":"2021-05-11T02:07:00+00:00","article_modified_time":"2021-05-11T02:10:18+00:00","og_image":[{"width":350,"height":417,"url":"https:\/\/renatodias.online\/movimento\/wp-content\/uploads\/2019\/11\/Carlos-Marighella-capa-e1636031041714.png","type":"image\/png"}],"author":"Renato Dias","twitter_card":"summary_large_image","twitter_creator":"@RenatoDiasBat","twitter_site":"@RenatoDiasBat","twitter_misc":{"Escrito por":"Renato Dias","Est. tempo de leitura":"8 minutos"},"schema":{"@context":"https:\/\/schema.org","@graph":[{"@type":"Article","@id":"https:\/\/renatodias.online\/movimento\/2021\/05\/10\/marighella-carbonario-baiano\/#article","isPartOf":{"@id":"https:\/\/renatodias.online\/movimento\/2021\/05\/10\/marighella-carbonario-baiano\/"},"author":{"name":"Renato Dias","@id":"https:\/\/renatodias.online\/movimento\/#\/schema\/person\/bbab28833b1725a20f4083f49f1fb2a9"},"headline":"Marighella, carbon\u00e1rio baiano","datePublished":"2021-05-11T02:07:00+00:00","dateModified":"2021-05-11T02:10:18+00:00","mainEntityOfPage":{"@id":"https:\/\/renatodias.online\/movimento\/2021\/05\/10\/marighella-carbonario-baiano\/"},"wordCount":1686,"commentCount":0,"publisher":{"@id":"https:\/\/renatodias.online\/movimento\/#\/schema\/person\/bbab28833b1725a20f4083f49f1fb2a9"},"image":{"@id":"https:\/\/renatodias.online\/movimento\/2021\/05\/10\/marighella-carbonario-baiano\/#primaryimage"},"thumbnailUrl":"https:\/\/renatodias.online\/movimento\/wp-content\/uploads\/2019\/11\/Carlos-Marighella-capa-e1636031041714.png","articleSection":["Cultura"],"inLanguage":"pt-BR","potentialAction":[{"@type":"CommentAction","name":"Comment","target":["https:\/\/renatodias.online\/movimento\/2021\/05\/10\/marighella-carbonario-baiano\/#respond"]}]},{"@type":"WebPage","@id":"https:\/\/renatodias.online\/movimento\/2021\/05\/10\/marighella-carbonario-baiano\/","url":"https:\/\/renatodias.online\/movimento\/2021\/05\/10\/marighella-carbonario-baiano\/","name":"Marighella, carbon\u00e1rio baiano -","isPartOf":{"@id":"https:\/\/renatodias.online\/movimento\/#website"},"primaryImageOfPage":{"@id":"https:\/\/renatodias.online\/movimento\/2021\/05\/10\/marighella-carbonario-baiano\/#primaryimage"},"image":{"@id":"https:\/\/renatodias.online\/movimento\/2021\/05\/10\/marighella-carbonario-baiano\/#primaryimage"},"thumbnailUrl":"https:\/\/renatodias.online\/movimento\/wp-content\/uploads\/2019\/11\/Carlos-Marighella-capa-e1636031041714.png","datePublished":"2021-05-11T02:07:00+00:00","dateModified":"2021-05-11T02:10:18+00:00","breadcrumb":{"@id":"https:\/\/renatodias.online\/movimento\/2021\/05\/10\/marighella-carbonario-baiano\/#breadcrumb"},"inLanguage":"pt-BR","potentialAction":[{"@type":"ReadAction","target":["https:\/\/renatodias.online\/movimento\/2021\/05\/10\/marighella-carbonario-baiano\/"]}]},{"@type":"ImageObject","inLanguage":"pt-BR","@id":"https:\/\/renatodias.online\/movimento\/2021\/05\/10\/marighella-carbonario-baiano\/#primaryimage","url":"https:\/\/renatodias.online\/movimento\/wp-content\/uploads\/2019\/11\/Carlos-Marighella-capa-e1636031041714.png","contentUrl":"https:\/\/renatodias.online\/movimento\/wp-content\/uploads\/2019\/11\/Carlos-Marighella-capa-e1636031041714.png","width":350,"height":417,"caption":"Carlos Marighella"},{"@type":"BreadcrumbList","@id":"https:\/\/renatodias.online\/movimento\/2021\/05\/10\/marighella-carbonario-baiano\/#breadcrumb","itemListElement":[{"@type":"ListItem","position":1,"name":"In\u00edcio","item":"https:\/\/renatodias.online\/movimento\/"},{"@type":"ListItem","position":2,"name":"Marighella, carbon\u00e1rio baiano"}]},{"@type":"WebSite","@id":"https:\/\/renatodias.online\/movimento\/#website","url":"https:\/\/renatodias.online\/movimento\/","name":"","description":"","publisher":{"@id":"https:\/\/renatodias.online\/movimento\/#\/schema\/person\/bbab28833b1725a20f4083f49f1fb2a9"},"potentialAction":[{"@type":"SearchAction","target":{"@type":"EntryPoint","urlTemplate":"https:\/\/renatodias.online\/movimento\/?s={search_term_string}"},"query-input":{"@type":"PropertyValueSpecification","valueRequired":true,"valueName":"search_term_string"}}],"inLanguage":"pt-BR"},{"@type":["Person","Organization"],"@id":"https:\/\/renatodias.online\/movimento\/#\/schema\/person\/bbab28833b1725a20f4083f49f1fb2a9","name":"Renato Dias","image":{"@type":"ImageObject","inLanguage":"pt-BR","@id":"https:\/\/renatodias.online\/movimento\/wp-content\/uploads\/2023\/03\/cropped-cropped-cropped-logofinal.jpeg","url":"https:\/\/renatodias.online\/movimento\/wp-content\/uploads\/2023\/03\/cropped-cropped-cropped-logofinal.jpeg","contentUrl":"https:\/\/renatodias.online\/movimento\/wp-content\/uploads\/2023\/03\/cropped-cropped-cropped-logofinal.jpeg","width":1280,"height":219,"caption":"Renato Dias"},"logo":{"@id":"https:\/\/renatodias.online\/movimento\/wp-content\/uploads\/2023\/03\/cropped-cropped-cropped-logofinal.jpeg"},"description":"Renato Dias, 58 anos, \u00e9 graduado em Jornalismo, formado em Ci\u00eancias Sociais, com p\u00f3s-gradua\u00e7\u00e3o em Pol\u00edticas P\u00fablicas, mestre em Direito e Rela\u00e7\u00f5es Internacionais, ex-aluno extraordin\u00e1rio do Doutorado em Psicologia Social, ex-estudante do Curso de Psican\u00e1lise do Centro de Estudos Psicanal\u00edticos do Estado de Goi\u00e1s, ministrado pelo m\u00e9dico psiquiatra e psicanalista Daniel Em\u00eddio de Souza. \u00c9 autor de 30 livros-reportagem, oito document\u00e1rios, ganhou 30 pr\u00eamios e \u00e9 torcedor apaixonado do maior do Centro-Oeste, o Vila Nova Futebol Clube. Casado com Meirilane Dias, \u00e9 pai de Juliana Dias, jornalista; Daniel Dias, economista; e Maria Rosa Dias, estudante antifascista, socialista e trotskista.\u00a0Com tr\u00eas pets: Porquinho [Bull Dog Franc\u00eas], Dalila [Basset Hound] e Geleia [Basset Hound]. Al\u00e9m do eterno gato Tutuquinho, que virou estrela.","sameAs":["https:\/\/www.facebook.com\/renato.dias.37","#breve","https:\/\/renatodias.tumblr.com\/"],"url":"https:\/\/renatodias.online\/movimento\/author\/renatodias\/"}]}},"_links":{"self":[{"href":"https:\/\/renatodias.online\/movimento\/wp-json\/wp\/v2\/posts\/6505","targetHints":{"allow":["GET"]}}],"collection":[{"href":"https:\/\/renatodias.online\/movimento\/wp-json\/wp\/v2\/posts"}],"about":[{"href":"https:\/\/renatodias.online\/movimento\/wp-json\/wp\/v2\/types\/post"}],"author":[{"embeddable":true,"href":"https:\/\/renatodias.online\/movimento\/wp-json\/wp\/v2\/users\/2"}],"replies":[{"embeddable":true,"href":"https:\/\/renatodias.online\/movimento\/wp-json\/wp\/v2\/comments?post=6505"}],"version-history":[{"count":3,"href":"https:\/\/renatodias.online\/movimento\/wp-json\/wp\/v2\/posts\/6505\/revisions"}],"predecessor-version":[{"id":6518,"href":"https:\/\/renatodias.online\/movimento\/wp-json\/wp\/v2\/posts\/6505\/revisions\/6518"}],"wp:featuredmedia":[{"embeddable":true,"href":"https:\/\/renatodias.online\/movimento\/wp-json\/wp\/v2\/media\/2916"}],"wp:attachment":[{"href":"https:\/\/renatodias.online\/movimento\/wp-json\/wp\/v2\/media?parent=6505"}],"wp:term":[{"taxonomy":"category","embeddable":true,"href":"https:\/\/renatodias.online\/movimento\/wp-json\/wp\/v2\/categories?post=6505"},{"taxonomy":"post_tag","embeddable":true,"href":"https:\/\/renatodias.online\/movimento\/wp-json\/wp\/v2\/tags?post=6505"}],"curies":[{"name":"wp","href":"https:\/\/api.w.org\/{rel}","templated":true}]}}