{"id":6500,"date":"2021-05-08T23:11:42","date_gmt":"2021-05-09T02:11:42","guid":{"rendered":"https:\/\/renatodias.online\/movimento\/?p=6500"},"modified":"2021-05-08T23:15:17","modified_gmt":"2021-05-09T02:15:17","slug":"dia-das-maes-o-sonho-de-jardel-sebba","status":"publish","type":"post","link":"https:\/\/renatodias.online\/movimento\/2021\/05\/08\/dia-das-maes-o-sonho-de-jardel-sebba\/","title":{"rendered":"Dia das m\u00e3es: o sonho de Jardel Sebba"},"content":{"rendered":"<figure id=\"attachment_6319\" aria-describedby=\"caption-attachment-6319\" style=\"width: 1375px\" class=\"wp-caption alignnone\"><img loading=\"lazy\" decoding=\"async\" class=\"size-full wp-image-6319\" src=\"https:\/\/renatodias.online\/movimento\/wp-content\/uploads\/2021\/04\/Jardel-Sebba-_-2-_-Mix.jpg\" alt=\"\" width=\"1375\" height=\"915\" \/><figcaption id=\"caption-attachment-6319\" class=\"wp-caption-text\">Jardel Sebba<\/figcaption><\/figure>\n<h1 style=\"text-align: center;\"><span style=\"color: #ff0000;\"><strong>Dia das m\u00e3es: o <\/strong><strong>sonho de Jardel Sebba<\/strong><\/span><\/h1>\n<figure id=\"attachment_6445\" aria-describedby=\"caption-attachment-6445\" style=\"width: 1920px\" class=\"wp-caption alignnone\"><img loading=\"lazy\" decoding=\"async\" class=\"size-full wp-image-6445\" src=\"https:\/\/renatodias.online\/movimento\/wp-content\/uploads\/2021\/05\/Tucano.jpg\" alt=\"\" width=\"1920\" height=\"600\" \/><figcaption id=\"caption-attachment-6445\" class=\"wp-caption-text\">Tucano, s\u00edmbolo do PSDB<\/figcaption><\/figure>\n<p style=\"text-align: center;\"><span style=\"color: #3366ff;\"><strong>Volta do Tempo Novo com Renda Cidad\u00e3, Cheque Moradia, Bolsa Universit\u00e1ria<\/strong><\/span><\/p>\n<p><span style=\"color: #33cccc;\"><strong>\u00a0<\/strong><strong>\u2018Com um beijo<\/strong><\/span><\/p>\n<p><span style=\"color: #33cccc;\"><strong>em Anna Sebba,<\/strong><\/span><\/p>\n<p><span style=\"color: #33cccc;\"><strong>rendo a minha<\/strong><\/span><\/p>\n<p><span style=\"color: #33cccc;\"><strong>homenagem \u00e0s<\/strong><\/span><\/p>\n<p><span style=\"color: #33cccc;\"><strong>m\u00e3es de Goi\u00e1s,<\/strong><\/span><\/p>\n<p><span style=\"color: #33cccc;\"><strong>de Catal\u00e3o e<\/strong><\/span><\/p>\n<p><span style=\"color: #33cccc;\"><strong>de todo o Brasil<\/strong><\/span><\/p>\n<p><span style=\"color: #ff00ff;\"><strong>Jardel Sebba<\/strong><\/span><\/p>\n<figure id=\"attachment_6503\" aria-describedby=\"caption-attachment-6503\" style=\"width: 341px\" class=\"wp-caption alignnone\"><img loading=\"lazy\" decoding=\"async\" class=\"size-full wp-image-6503\" src=\"https:\/\/renatodias.online\/movimento\/wp-content\/uploads\/2021\/05\/Anna-Sebba.jpg\" alt=\"\" width=\"341\" height=\"373\" srcset=\"https:\/\/renatodias.online\/movimento\/wp-content\/uploads\/2021\/05\/Anna-Sebba.jpg 341w, https:\/\/renatodias.online\/movimento\/wp-content\/uploads\/2021\/05\/Anna-Sebba-274x300.jpg 274w\" sizes=\"auto, (max-width: 341px) 100vw, 341px\" \/><figcaption id=\"caption-attachment-6503\" class=\"wp-caption-text\">Anna Sebba<\/figcaption><\/figure>\n<p><img loading=\"lazy\" decoding=\"async\" class=\"size-full wp-image-5929 aligncenter\" src=\"https:\/\/renatodias.online\/movimento\/wp-content\/uploads\/2021\/04\/Especial.jpg\" alt=\"\" width=\"200\" height=\"200\" srcset=\"https:\/\/renatodias.online\/movimento\/wp-content\/uploads\/2021\/04\/Especial.jpg 200w, https:\/\/renatodias.online\/movimento\/wp-content\/uploads\/2021\/04\/Especial-150x150.jpg 150w\" sizes=\"auto, (max-width: 200px) 100vw, 200px\" \/><\/p>\n<p><strong>Renato Dias<\/strong><\/p>\n<p><strong>Jardel Sebba<\/strong> [PSDB] possui um sonho. O ex-presidente da Assembleia Legislativa do Estado de Goi\u00e1s por tr\u00eas mandatos, quer a volta dos programas sociais executados \u00e0 \u00e9poca do <strong>Tempo Novo<\/strong>. Como o Renda Cidad\u00e3, o Cheque Moradia, o Bolsa Universit\u00e1ria. Assim como a aplica\u00e7\u00e3o de Pol\u00edticas P\u00fablicas \u00e0 Sa\u00fade da Mulher. \u00a0Para presentear as m\u00e3es. No segundo domingo de maio.<\/p>\n<p><strong>_Um novo amanh\u00e3 surgir\u00e1. Quando 2022 vier.<\/strong><\/p>\n<p>Deputado estadual por quatro mandatos consecutivos, o m\u00e9dico chora, no dia das m\u00e3es, as 420 mil mortes. Sob a Pandemia do Coronav\u00edrus Covid 19. Trag\u00e9dias que atingem o Brasil, o Estado de Goi\u00e1s, o munic\u00edpio de Catal\u00e3o e a capital do Estado, Goi\u00e2nia. Assim como a escalada do desemprego, a fuga de investimentos, a sa\u00edda de empresas e a volta ao Mapa da Fome da ONU.<\/p>\n<p><strong>_ Trag\u00e9dias anunciadas.<\/strong><\/p>\n<p>A sua ideia estrat\u00e9gica \u00e9 colocar Goi\u00e1s na rota do desenvolvimento econ\u00f4mico sustent\u00e1vel. Da Era da Modernidade. Com um futuro radiante. O inquilino da Casa Verde, <strong>Ronaldo Caiado<\/strong>, mostra a sua face de incompet\u00eancia para administrar o Estado. \u00c9 um dos respons\u00e1veis pela crise atual, em 2021, ataca-o<strong>. \u00a0Jair Bolsonaro<\/strong> agrava o cen\u00e1rio, diz. J\u00e1 <strong>Adib Elias<\/strong> \u00e9 o caos, metralha-o.<\/p>\n<p><strong>_ O caminho \u00e9 um pacto pela retomada do crescimento com justi\u00e7a social.<\/strong><\/p>\n<figure id=\"attachment_5257\" aria-describedby=\"caption-attachment-5257\" style=\"width: 1280px\" class=\"wp-caption alignnone\"><img loading=\"lazy\" decoding=\"async\" class=\"size-full wp-image-5257\" src=\"https:\/\/renatodias.online\/movimento\/wp-content\/uploads\/2021\/02\/marconiperillo10.jpeg\" alt=\"\" width=\"1280\" height=\"853\" \/><figcaption id=\"caption-attachment-5257\" class=\"wp-caption-text\">Marconi Perillo<\/figcaption><\/figure>\n<p>&nbsp;<\/p>\n<p>&nbsp;<\/p>\n","protected":false},"excerpt":{"rendered":"<p>Dia das m\u00e3es: o sonho de Jardel Sebba Volta do Tempo Novo com Renda Cidad\u00e3, Cheque Moradia, Bolsa Universit\u00e1ria \u00a0\u2018Com um beijo em Anna Sebba, rendo a minha homenagem \u00e0s m\u00e3es de Goi\u00e1s, de Catal\u00e3o e de todo o Brasil Jardel Sebba Renato Dias Jardel Sebba [PSDB] possui um sonho. O ex-presidente da Assembleia Legislativa<\/p>\n","protected":false},"author":2,"featured_media":5446,"comment_status":"open","ping_status":"open","sticky":false,"template":"","format":"standard","meta":{"_acf_changed":false,"_monsterinsights_skip_tracking":false,"_monsterinsights_sitenote_active":false,"_monsterinsights_sitenote_note":"","_monsterinsights_sitenote_category":0,"footnotes":""},"categories":[4],"tags":[],"class_list":["post-6500","post","type-post","status-publish","format-standard","has-post-thumbnail","hentry","category-politica"],"acf":[],"yoast_head":"<!-- This site is optimized with the Yoast SEO plugin v27.4 - https:\/\/yoast.com\/product\/yoast-seo-wordpress\/ -->\n<title>Dia das m\u00e3es: o sonho de Jardel Sebba -<\/title>\n<meta name=\"robots\" content=\"index, follow, max-snippet:-1, max-image-preview:large, max-video-preview:-1\" \/>\n<link rel=\"canonical\" href=\"https:\/\/renatodias.online\/movimento\/2021\/05\/08\/dia-das-maes-o-sonho-de-jardel-sebba\/\" \/>\n<meta property=\"og:locale\" content=\"pt_BR\" \/>\n<meta property=\"og:type\" content=\"article\" \/>\n<meta property=\"og:title\" content=\"Dia das m\u00e3es: o sonho de Jardel Sebba -\" \/>\n<meta property=\"og:description\" content=\"Dia das m\u00e3es: o sonho de Jardel Sebba Volta do Tempo Novo com Renda Cidad\u00e3, Cheque Moradia, Bolsa Universit\u00e1ria \u00a0\u2018Com um beijo em Anna Sebba, rendo a minha homenagem \u00e0s m\u00e3es de Goi\u00e1s, de Catal\u00e3o e de todo o Brasil Jardel Sebba Renato Dias Jardel Sebba [PSDB] possui um sonho. O ex-presidente da Assembleia Legislativa\" \/>\n<meta property=\"og:url\" content=\"https:\/\/renatodias.online\/movimento\/2021\/05\/08\/dia-das-maes-o-sonho-de-jardel-sebba\/\" \/>\n<meta property=\"article:publisher\" content=\"https:\/\/www.facebook.com\/renato.dias.37\" \/>\n<meta property=\"article:author\" content=\"https:\/\/www.facebook.com\/renato.dias.37\" \/>\n<meta property=\"article:published_time\" content=\"2021-05-09T02:11:42+00:00\" \/>\n<meta property=\"article:modified_time\" content=\"2021-05-09T02:15:17+00:00\" \/>\n<meta property=\"og:image\" content=\"https:\/\/renatodias.online\/movimento\/wp-content\/uploads\/2021\/03\/Jardel-Sebba-FHC.jpg\" \/>\n\t<meta property=\"og:image:width\" content=\"512\" \/>\n\t<meta property=\"og:image:height\" content=\"340\" \/>\n\t<meta property=\"og:image:type\" content=\"image\/jpeg\" \/>\n<meta name=\"author\" content=\"Renato Dias\" \/>\n<meta name=\"twitter:card\" content=\"summary_large_image\" \/>\n<meta name=\"twitter:creator\" content=\"@RenatoDiasBat\" \/>\n<meta name=\"twitter:site\" content=\"@RenatoDiasBat\" \/>\n<meta name=\"twitter:label1\" content=\"Escrito por\" \/>\n\t<meta name=\"twitter:data1\" content=\"Renato Dias\" \/>\n\t<meta name=\"twitter:label2\" content=\"Est. tempo de leitura\" \/>\n\t<meta name=\"twitter:data2\" content=\"2 minutos\" \/>\n<script type=\"application\/ld+json\" class=\"yoast-schema-graph\">{\"@context\":\"https:\\\/\\\/schema.org\",\"@graph\":[{\"@type\":\"Article\",\"@id\":\"https:\\\/\\\/renatodias.online\\\/movimento\\\/2021\\\/05\\\/08\\\/dia-das-maes-o-sonho-de-jardel-sebba\\\/#article\",\"isPartOf\":{\"@id\":\"https:\\\/\\\/renatodias.online\\\/movimento\\\/2021\\\/05\\\/08\\\/dia-das-maes-o-sonho-de-jardel-sebba\\\/\"},\"author\":{\"name\":\"Renato Dias\",\"@id\":\"https:\\\/\\\/renatodias.online\\\/movimento\\\/#\\\/schema\\\/person\\\/bbab28833b1725a20f4083f49f1fb2a9\"},\"headline\":\"Dia das m\u00e3es: o sonho de Jardel Sebba\",\"datePublished\":\"2021-05-09T02:11:42+00:00\",\"dateModified\":\"2021-05-09T02:15:17+00:00\",\"mainEntityOfPage\":{\"@id\":\"https:\\\/\\\/renatodias.online\\\/movimento\\\/2021\\\/05\\\/08\\\/dia-das-maes-o-sonho-de-jardel-sebba\\\/\"},\"wordCount\":323,\"commentCount\":0,\"publisher\":{\"@id\":\"https:\\\/\\\/renatodias.online\\\/movimento\\\/#\\\/schema\\\/person\\\/bbab28833b1725a20f4083f49f1fb2a9\"},\"image\":{\"@id\":\"https:\\\/\\\/renatodias.online\\\/movimento\\\/2021\\\/05\\\/08\\\/dia-das-maes-o-sonho-de-jardel-sebba\\\/#primaryimage\"},\"thumbnailUrl\":\"https:\\\/\\\/renatodias.online\\\/movimento\\\/wp-content\\\/uploads\\\/2021\\\/03\\\/Jardel-Sebba-FHC.jpg\",\"articleSection\":[\"Pol\u00edtica\"],\"inLanguage\":\"pt-BR\",\"potentialAction\":[{\"@type\":\"CommentAction\",\"name\":\"Comment\",\"target\":[\"https:\\\/\\\/renatodias.online\\\/movimento\\\/2021\\\/05\\\/08\\\/dia-das-maes-o-sonho-de-jardel-sebba\\\/#respond\"]}]},{\"@type\":\"WebPage\",\"@id\":\"https:\\\/\\\/renatodias.online\\\/movimento\\\/2021\\\/05\\\/08\\\/dia-das-maes-o-sonho-de-jardel-sebba\\\/\",\"url\":\"https:\\\/\\\/renatodias.online\\\/movimento\\\/2021\\\/05\\\/08\\\/dia-das-maes-o-sonho-de-jardel-sebba\\\/\",\"name\":\"Dia das m\u00e3es: o sonho de Jardel Sebba -\",\"isPartOf\":{\"@id\":\"https:\\\/\\\/renatodias.online\\\/movimento\\\/#website\"},\"primaryImageOfPage\":{\"@id\":\"https:\\\/\\\/renatodias.online\\\/movimento\\\/2021\\\/05\\\/08\\\/dia-das-maes-o-sonho-de-jardel-sebba\\\/#primaryimage\"},\"image\":{\"@id\":\"https:\\\/\\\/renatodias.online\\\/movimento\\\/2021\\\/05\\\/08\\\/dia-das-maes-o-sonho-de-jardel-sebba\\\/#primaryimage\"},\"thumbnailUrl\":\"https:\\\/\\\/renatodias.online\\\/movimento\\\/wp-content\\\/uploads\\\/2021\\\/03\\\/Jardel-Sebba-FHC.jpg\",\"datePublished\":\"2021-05-09T02:11:42+00:00\",\"dateModified\":\"2021-05-09T02:15:17+00:00\",\"breadcrumb\":{\"@id\":\"https:\\\/\\\/renatodias.online\\\/movimento\\\/2021\\\/05\\\/08\\\/dia-das-maes-o-sonho-de-jardel-sebba\\\/#breadcrumb\"},\"inLanguage\":\"pt-BR\",\"potentialAction\":[{\"@type\":\"ReadAction\",\"target\":[\"https:\\\/\\\/renatodias.online\\\/movimento\\\/2021\\\/05\\\/08\\\/dia-das-maes-o-sonho-de-jardel-sebba\\\/\"]}]},{\"@type\":\"ImageObject\",\"inLanguage\":\"pt-BR\",\"@id\":\"https:\\\/\\\/renatodias.online\\\/movimento\\\/2021\\\/05\\\/08\\\/dia-das-maes-o-sonho-de-jardel-sebba\\\/#primaryimage\",\"url\":\"https:\\\/\\\/renatodias.online\\\/movimento\\\/wp-content\\\/uploads\\\/2021\\\/03\\\/Jardel-Sebba-FHC.jpg\",\"contentUrl\":\"https:\\\/\\\/renatodias.online\\\/movimento\\\/wp-content\\\/uploads\\\/2021\\\/03\\\/Jardel-Sebba-FHC.jpg\",\"width\":512,\"height\":340,\"caption\":\"Jardel Sebba\"},{\"@type\":\"BreadcrumbList\",\"@id\":\"https:\\\/\\\/renatodias.online\\\/movimento\\\/2021\\\/05\\\/08\\\/dia-das-maes-o-sonho-de-jardel-sebba\\\/#breadcrumb\",\"itemListElement\":[{\"@type\":\"ListItem\",\"position\":1,\"name\":\"In\u00edcio\",\"item\":\"https:\\\/\\\/renatodias.online\\\/movimento\\\/\"},{\"@type\":\"ListItem\",\"position\":2,\"name\":\"Dia das m\u00e3es: o sonho de Jardel Sebba\"}]},{\"@type\":\"WebSite\",\"@id\":\"https:\\\/\\\/renatodias.online\\\/movimento\\\/#website\",\"url\":\"https:\\\/\\\/renatodias.online\\\/movimento\\\/\",\"name\":\"\",\"description\":\"\",\"publisher\":{\"@id\":\"https:\\\/\\\/renatodias.online\\\/movimento\\\/#\\\/schema\\\/person\\\/bbab28833b1725a20f4083f49f1fb2a9\"},\"potentialAction\":[{\"@type\":\"SearchAction\",\"target\":{\"@type\":\"EntryPoint\",\"urlTemplate\":\"https:\\\/\\\/renatodias.online\\\/movimento\\\/?s={search_term_string}\"},\"query-input\":{\"@type\":\"PropertyValueSpecification\",\"valueRequired\":true,\"valueName\":\"search_term_string\"}}],\"inLanguage\":\"pt-BR\"},{\"@type\":[\"Person\",\"Organization\"],\"@id\":\"https:\\\/\\\/renatodias.online\\\/movimento\\\/#\\\/schema\\\/person\\\/bbab28833b1725a20f4083f49f1fb2a9\",\"name\":\"Renato Dias\",\"image\":{\"@type\":\"ImageObject\",\"inLanguage\":\"pt-BR\",\"@id\":\"https:\\\/\\\/renatodias.online\\\/movimento\\\/wp-content\\\/uploads\\\/2023\\\/03\\\/cropped-cropped-cropped-logofinal.jpeg\",\"url\":\"https:\\\/\\\/renatodias.online\\\/movimento\\\/wp-content\\\/uploads\\\/2023\\\/03\\\/cropped-cropped-cropped-logofinal.jpeg\",\"contentUrl\":\"https:\\\/\\\/renatodias.online\\\/movimento\\\/wp-content\\\/uploads\\\/2023\\\/03\\\/cropped-cropped-cropped-logofinal.jpeg\",\"width\":1280,\"height\":219,\"caption\":\"Renato Dias\"},\"logo\":{\"@id\":\"https:\\\/\\\/renatodias.online\\\/movimento\\\/wp-content\\\/uploads\\\/2023\\\/03\\\/cropped-cropped-cropped-logofinal.jpeg\"},\"description\":\"Renato Dias, 58 anos, \u00e9 graduado em Jornalismo, formado em Ci\u00eancias Sociais, com p\u00f3s-gradua\u00e7\u00e3o em Pol\u00edticas P\u00fablicas, mestre em Direito e Rela\u00e7\u00f5es Internacionais, ex-aluno extraordin\u00e1rio do Doutorado em Psicologia Social, ex-estudante do Curso de Psican\u00e1lise do Centro de Estudos Psicanal\u00edticos do Estado de Goi\u00e1s, ministrado pelo m\u00e9dico psiquiatra e psicanalista Daniel Em\u00eddio de Souza. \u00c9 autor de 30 livros-reportagem, oito document\u00e1rios, ganhou 30 pr\u00eamios e \u00e9 torcedor apaixonado do maior do Centro-Oeste, o Vila Nova Futebol Clube. Casado com Meirilane Dias, \u00e9 pai de Juliana Dias, jornalista; Daniel Dias, economista; e Maria Rosa Dias, estudante antifascista, socialista e trotskista.\u00a0Com tr\u00eas pets: Porquinho [Bull Dog Franc\u00eas], Dalila [Basset Hound] e Geleia [Basset Hound]. Al\u00e9m do eterno gato Tutuquinho, que virou estrela.\",\"sameAs\":[\"https:\\\/\\\/www.facebook.com\\\/renato.dias.37\",\"#breve\",\"https:\\\/\\\/renatodias.tumblr.com\\\/\"],\"url\":\"https:\\\/\\\/renatodias.online\\\/movimento\\\/author\\\/renatodias\\\/\"}]}<\/script>\n<!-- \/ Yoast SEO plugin. -->","yoast_head_json":{"title":"Dia das m\u00e3es: o sonho de Jardel Sebba -","robots":{"index":"index","follow":"follow","max-snippet":"max-snippet:-1","max-image-preview":"max-image-preview:large","max-video-preview":"max-video-preview:-1"},"canonical":"https:\/\/renatodias.online\/movimento\/2021\/05\/08\/dia-das-maes-o-sonho-de-jardel-sebba\/","og_locale":"pt_BR","og_type":"article","og_title":"Dia das m\u00e3es: o sonho de Jardel Sebba -","og_description":"Dia das m\u00e3es: o sonho de Jardel Sebba Volta do Tempo Novo com Renda Cidad\u00e3, Cheque Moradia, Bolsa Universit\u00e1ria \u00a0\u2018Com um beijo em Anna Sebba, rendo a minha homenagem \u00e0s m\u00e3es de Goi\u00e1s, de Catal\u00e3o e de todo o Brasil Jardel Sebba Renato Dias Jardel Sebba [PSDB] possui um sonho. O ex-presidente da Assembleia Legislativa","og_url":"https:\/\/renatodias.online\/movimento\/2021\/05\/08\/dia-das-maes-o-sonho-de-jardel-sebba\/","article_publisher":"https:\/\/www.facebook.com\/renato.dias.37","article_author":"https:\/\/www.facebook.com\/renato.dias.37","article_published_time":"2021-05-09T02:11:42+00:00","article_modified_time":"2021-05-09T02:15:17+00:00","og_image":[{"width":512,"height":340,"url":"https:\/\/renatodias.online\/movimento\/wp-content\/uploads\/2021\/03\/Jardel-Sebba-FHC.jpg","type":"image\/jpeg"}],"author":"Renato Dias","twitter_card":"summary_large_image","twitter_creator":"@RenatoDiasBat","twitter_site":"@RenatoDiasBat","twitter_misc":{"Escrito por":"Renato Dias","Est. tempo de leitura":"2 minutos"},"schema":{"@context":"https:\/\/schema.org","@graph":[{"@type":"Article","@id":"https:\/\/renatodias.online\/movimento\/2021\/05\/08\/dia-das-maes-o-sonho-de-jardel-sebba\/#article","isPartOf":{"@id":"https:\/\/renatodias.online\/movimento\/2021\/05\/08\/dia-das-maes-o-sonho-de-jardel-sebba\/"},"author":{"name":"Renato Dias","@id":"https:\/\/renatodias.online\/movimento\/#\/schema\/person\/bbab28833b1725a20f4083f49f1fb2a9"},"headline":"Dia das m\u00e3es: o sonho de Jardel Sebba","datePublished":"2021-05-09T02:11:42+00:00","dateModified":"2021-05-09T02:15:17+00:00","mainEntityOfPage":{"@id":"https:\/\/renatodias.online\/movimento\/2021\/05\/08\/dia-das-maes-o-sonho-de-jardel-sebba\/"},"wordCount":323,"commentCount":0,"publisher":{"@id":"https:\/\/renatodias.online\/movimento\/#\/schema\/person\/bbab28833b1725a20f4083f49f1fb2a9"},"image":{"@id":"https:\/\/renatodias.online\/movimento\/2021\/05\/08\/dia-das-maes-o-sonho-de-jardel-sebba\/#primaryimage"},"thumbnailUrl":"https:\/\/renatodias.online\/movimento\/wp-content\/uploads\/2021\/03\/Jardel-Sebba-FHC.jpg","articleSection":["Pol\u00edtica"],"inLanguage":"pt-BR","potentialAction":[{"@type":"CommentAction","name":"Comment","target":["https:\/\/renatodias.online\/movimento\/2021\/05\/08\/dia-das-maes-o-sonho-de-jardel-sebba\/#respond"]}]},{"@type":"WebPage","@id":"https:\/\/renatodias.online\/movimento\/2021\/05\/08\/dia-das-maes-o-sonho-de-jardel-sebba\/","url":"https:\/\/renatodias.online\/movimento\/2021\/05\/08\/dia-das-maes-o-sonho-de-jardel-sebba\/","name":"Dia das m\u00e3es: o sonho de Jardel Sebba -","isPartOf":{"@id":"https:\/\/renatodias.online\/movimento\/#website"},"primaryImageOfPage":{"@id":"https:\/\/renatodias.online\/movimento\/2021\/05\/08\/dia-das-maes-o-sonho-de-jardel-sebba\/#primaryimage"},"image":{"@id":"https:\/\/renatodias.online\/movimento\/2021\/05\/08\/dia-das-maes-o-sonho-de-jardel-sebba\/#primaryimage"},"thumbnailUrl":"https:\/\/renatodias.online\/movimento\/wp-content\/uploads\/2021\/03\/Jardel-Sebba-FHC.jpg","datePublished":"2021-05-09T02:11:42+00:00","dateModified":"2021-05-09T02:15:17+00:00","breadcrumb":{"@id":"https:\/\/renatodias.online\/movimento\/2021\/05\/08\/dia-das-maes-o-sonho-de-jardel-sebba\/#breadcrumb"},"inLanguage":"pt-BR","potentialAction":[{"@type":"ReadAction","target":["https:\/\/renatodias.online\/movimento\/2021\/05\/08\/dia-das-maes-o-sonho-de-jardel-sebba\/"]}]},{"@type":"ImageObject","inLanguage":"pt-BR","@id":"https:\/\/renatodias.online\/movimento\/2021\/05\/08\/dia-das-maes-o-sonho-de-jardel-sebba\/#primaryimage","url":"https:\/\/renatodias.online\/movimento\/wp-content\/uploads\/2021\/03\/Jardel-Sebba-FHC.jpg","contentUrl":"https:\/\/renatodias.online\/movimento\/wp-content\/uploads\/2021\/03\/Jardel-Sebba-FHC.jpg","width":512,"height":340,"caption":"Jardel Sebba"},{"@type":"BreadcrumbList","@id":"https:\/\/renatodias.online\/movimento\/2021\/05\/08\/dia-das-maes-o-sonho-de-jardel-sebba\/#breadcrumb","itemListElement":[{"@type":"ListItem","position":1,"name":"In\u00edcio","item":"https:\/\/renatodias.online\/movimento\/"},{"@type":"ListItem","position":2,"name":"Dia das m\u00e3es: o sonho de Jardel Sebba"}]},{"@type":"WebSite","@id":"https:\/\/renatodias.online\/movimento\/#website","url":"https:\/\/renatodias.online\/movimento\/","name":"","description":"","publisher":{"@id":"https:\/\/renatodias.online\/movimento\/#\/schema\/person\/bbab28833b1725a20f4083f49f1fb2a9"},"potentialAction":[{"@type":"SearchAction","target":{"@type":"EntryPoint","urlTemplate":"https:\/\/renatodias.online\/movimento\/?s={search_term_string}"},"query-input":{"@type":"PropertyValueSpecification","valueRequired":true,"valueName":"search_term_string"}}],"inLanguage":"pt-BR"},{"@type":["Person","Organization"],"@id":"https:\/\/renatodias.online\/movimento\/#\/schema\/person\/bbab28833b1725a20f4083f49f1fb2a9","name":"Renato Dias","image":{"@type":"ImageObject","inLanguage":"pt-BR","@id":"https:\/\/renatodias.online\/movimento\/wp-content\/uploads\/2023\/03\/cropped-cropped-cropped-logofinal.jpeg","url":"https:\/\/renatodias.online\/movimento\/wp-content\/uploads\/2023\/03\/cropped-cropped-cropped-logofinal.jpeg","contentUrl":"https:\/\/renatodias.online\/movimento\/wp-content\/uploads\/2023\/03\/cropped-cropped-cropped-logofinal.jpeg","width":1280,"height":219,"caption":"Renato Dias"},"logo":{"@id":"https:\/\/renatodias.online\/movimento\/wp-content\/uploads\/2023\/03\/cropped-cropped-cropped-logofinal.jpeg"},"description":"Renato Dias, 58 anos, \u00e9 graduado em Jornalismo, formado em Ci\u00eancias Sociais, com p\u00f3s-gradua\u00e7\u00e3o em Pol\u00edticas P\u00fablicas, mestre em Direito e Rela\u00e7\u00f5es Internacionais, ex-aluno extraordin\u00e1rio do Doutorado em Psicologia Social, ex-estudante do Curso de Psican\u00e1lise do Centro de Estudos Psicanal\u00edticos do Estado de Goi\u00e1s, ministrado pelo m\u00e9dico psiquiatra e psicanalista Daniel Em\u00eddio de Souza. \u00c9 autor de 30 livros-reportagem, oito document\u00e1rios, ganhou 30 pr\u00eamios e \u00e9 torcedor apaixonado do maior do Centro-Oeste, o Vila Nova Futebol Clube. Casado com Meirilane Dias, \u00e9 pai de Juliana Dias, jornalista; Daniel Dias, economista; e Maria Rosa Dias, estudante antifascista, socialista e trotskista.\u00a0Com tr\u00eas pets: Porquinho [Bull Dog Franc\u00eas], Dalila [Basset Hound] e Geleia [Basset Hound]. Al\u00e9m do eterno gato Tutuquinho, que virou estrela.","sameAs":["https:\/\/www.facebook.com\/renato.dias.37","#breve","https:\/\/renatodias.tumblr.com\/"],"url":"https:\/\/renatodias.online\/movimento\/author\/renatodias\/"}]}},"_links":{"self":[{"href":"https:\/\/renatodias.online\/movimento\/wp-json\/wp\/v2\/posts\/6500","targetHints":{"allow":["GET"]}}],"collection":[{"href":"https:\/\/renatodias.online\/movimento\/wp-json\/wp\/v2\/posts"}],"about":[{"href":"https:\/\/renatodias.online\/movimento\/wp-json\/wp\/v2\/types\/post"}],"author":[{"embeddable":true,"href":"https:\/\/renatodias.online\/movimento\/wp-json\/wp\/v2\/users\/2"}],"replies":[{"embeddable":true,"href":"https:\/\/renatodias.online\/movimento\/wp-json\/wp\/v2\/comments?post=6500"}],"version-history":[{"count":3,"href":"https:\/\/renatodias.online\/movimento\/wp-json\/wp\/v2\/posts\/6500\/revisions"}],"predecessor-version":[{"id":6504,"href":"https:\/\/renatodias.online\/movimento\/wp-json\/wp\/v2\/posts\/6500\/revisions\/6504"}],"wp:featuredmedia":[{"embeddable":true,"href":"https:\/\/renatodias.online\/movimento\/wp-json\/wp\/v2\/media\/5446"}],"wp:attachment":[{"href":"https:\/\/renatodias.online\/movimento\/wp-json\/wp\/v2\/media?parent=6500"}],"wp:term":[{"taxonomy":"category","embeddable":true,"href":"https:\/\/renatodias.online\/movimento\/wp-json\/wp\/v2\/categories?post=6500"},{"taxonomy":"post_tag","embeddable":true,"href":"https:\/\/renatodias.online\/movimento\/wp-json\/wp\/v2\/tags?post=6500"}],"curies":[{"name":"wp","href":"https:\/\/api.w.org\/{rel}","templated":true}]}}