{"id":6489,"date":"2021-05-08T22:08:56","date_gmt":"2021-05-09T01:08:56","guid":{"rendered":"https:\/\/renatodias.online\/movimento\/?p=6489"},"modified":"2021-05-08T22:08:56","modified_gmt":"2021-05-09T01:08:56","slug":"cinco-disputam-reitoria-da-ueg","status":"publish","type":"post","link":"https:\/\/renatodias.online\/movimento\/2021\/05\/08\/cinco-disputam-reitoria-da-ueg\/","title":{"rendered":"Cinco disputam Reitoria da UEG"},"content":{"rendered":"<p><strong><img loading=\"lazy\" decoding=\"async\" class=\"alignnone size-full wp-image-6490\" src=\"https:\/\/renatodias.online\/movimento\/wp-content\/uploads\/2021\/05\/UEG-_-1.jpeg\" alt=\"\" width=\"1280\" height=\"820\" srcset=\"https:\/\/renatodias.online\/movimento\/wp-content\/uploads\/2021\/05\/UEG-_-1.jpeg 1280w, https:\/\/renatodias.online\/movimento\/wp-content\/uploads\/2021\/05\/UEG-_-1-300x192.jpeg 300w, https:\/\/renatodias.online\/movimento\/wp-content\/uploads\/2021\/05\/UEG-_-1-768x492.jpeg 768w, https:\/\/renatodias.online\/movimento\/wp-content\/uploads\/2021\/05\/UEG-_-1-750x480.jpeg 750w\" sizes=\"auto, (max-width: 1280px) 100vw, 1280px\" \/><\/strong><\/p>\n<h1 style=\"text-align: center;\"><strong>Cinco disputam Reitoria da UEG<\/strong><\/h1>\n<figure id=\"attachment_5267\" aria-describedby=\"caption-attachment-5267\" style=\"width: 650px\" class=\"wp-caption aligncenter\"><img loading=\"lazy\" decoding=\"async\" class=\"size-full wp-image-5267\" src=\"https:\/\/renatodias.online\/movimento\/wp-content\/uploads\/2021\/02\/WhatsApp-Image-2021-02-25-at-21.24.17.jpeg\" alt=\"\" width=\"650\" height=\"350\" \/><figcaption id=\"caption-attachment-5267\" class=\"wp-caption-text\">Explosivo<\/figcaption><\/figure>\n<p><strong>\u00a0<\/strong><\/p>\n<h3 style=\"text-align: center;\"><span style=\"color: #0000ff;\"><strong>As entrevistas s\u00e3o realizadas pelo Grupo RTDP para Todxs, professores de Ipor\u00e1<\/strong><\/span><\/h3>\n<p><strong>Renato Dias<\/strong><\/p>\n<p>Cinco candidatos. Uma \u00fanica cadeira. Para ocup\u00e1-la? Elei\u00e7\u00f5es diretas. \u00c9 a disputa, voto a voto, para o cargo de reitor. Da Universidade Estadual de Goi\u00e1s. A UEG. As entrevistas s\u00e3o realizadas pelo <strong>Grupo RTDP para Todxs<\/strong>. Trocando em mi\u00fados: Regime de Tempo Integral de Dedica\u00e7\u00e3o \u00e0 Doc\u00eancia e \u00e0 Pesquisa. Integrado por docentes da institui\u00e7\u00e3o de ensino superior. Da Unidade de Ipor\u00e1. As entrevistas s\u00e3o coordenadas por <strong>Frederico Vitor de Oliveira<\/strong>. Graduado em Jornalismo. Pela Universidade Alves de Faria, sediada em Goi\u00e2nia, e formado em Hist\u00f3ria, na UEG. Um expert em <strong>New Journalism<\/strong> e na <strong>interpreta\u00e7\u00e3o materialista e dial\u00e9tica da hist\u00f3ria da Humanidade<\/strong>. Distante da Hist\u00f3ria das Mentalidades. Al\u00e9m de um <strong>especialista em Geopol\u00edtica Mundial<\/strong>.<\/p>\n<figure id=\"attachment_6485\" aria-describedby=\"caption-attachment-6485\" style=\"width: 1600px\" class=\"wp-caption alignnone\"><img loading=\"lazy\" decoding=\"async\" class=\"size-full wp-image-6485\" src=\"https:\/\/renatodias.online\/movimento\/wp-content\/uploads\/2021\/05\/Educacao-sob-a-Pandemia.jpg\" alt=\"\" width=\"1600\" height=\"800\" srcset=\"https:\/\/renatodias.online\/movimento\/wp-content\/uploads\/2021\/05\/Educacao-sob-a-Pandemia.jpg 1600w, https:\/\/renatodias.online\/movimento\/wp-content\/uploads\/2021\/05\/Educacao-sob-a-Pandemia-300x150.jpg 300w, https:\/\/renatodias.online\/movimento\/wp-content\/uploads\/2021\/05\/Educacao-sob-a-Pandemia-768x384.jpg 768w, https:\/\/renatodias.online\/movimento\/wp-content\/uploads\/2021\/05\/Educacao-sob-a-Pandemia-1536x768.jpg 1536w, https:\/\/renatodias.online\/movimento\/wp-content\/uploads\/2021\/05\/Educacao-sob-a-Pandemia-555x278.jpg 555w, https:\/\/renatodias.online\/movimento\/wp-content\/uploads\/2021\/05\/Educacao-sob-a-Pandemia-750x375.jpg 750w\" sizes=\"auto, (max-width: 1600px) 100vw, 1600px\" \/><figcaption id=\"caption-attachment-6485\" class=\"wp-caption-text\">A educa\u00e7\u00e3o sob a Pandemia, no Brasil<\/figcaption><\/figure>\n<p>O Grupo RTIDP para Todxs quer avaliar as plataformas dos postulantes \u00e0 Reitoria. A rela\u00e7\u00e3o \u00e9 composta pelos professores Made Miranda, Marcelo Moreira, Ant\u00f4nio Crunivel, Adriana Ribon e Francisco Severo. O que inclui projetos autorais para as m\u00faltiplas \u00e1reas. Como Ensino, Pesquisa, Extens\u00e3o. Assim como moderniza\u00e7\u00e3o dos laborat\u00f3rios e unidades da IES. Al\u00e9m de propostas de planos de cargos e sal\u00e1rios para professores universit\u00e1rios e trabalhadores da UEG. O que fazer para redesenhar dos campis universit\u00e1rios espalhados pelo interior do Estado de Goi\u00e1s, a amplia\u00e7\u00e3o do n\u00famero de cursos, a realiza\u00e7\u00e3o de concursos, a multiplica\u00e7\u00e3o das matr\u00edculas para o corpo discente. Veja as sabatinas no Canal do Youtube: RTIDP para todxs!, diz. Sob a Pandemia e a crise pol\u00edtica no Pa\u00eds.<\/p>\n<figure id=\"attachment_5833\" aria-describedby=\"caption-attachment-5833\" style=\"width: 1000px\" class=\"wp-caption alignnone\"><img loading=\"lazy\" decoding=\"async\" class=\"size-full wp-image-5833\" src=\"https:\/\/renatodias.online\/movimento\/wp-content\/uploads\/2021\/04\/presidentejairbolsonaro3.jpg\" alt=\"Jair Bolsonaro\" width=\"1000\" height=\"666\" srcset=\"https:\/\/renatodias.online\/movimento\/wp-content\/uploads\/2021\/04\/presidentejairbolsonaro3.jpg 1000w, https:\/\/renatodias.online\/movimento\/wp-content\/uploads\/2021\/04\/presidentejairbolsonaro3-300x200.jpg 300w, https:\/\/renatodias.online\/movimento\/wp-content\/uploads\/2021\/04\/presidentejairbolsonaro3-768x511.jpg 768w, https:\/\/renatodias.online\/movimento\/wp-content\/uploads\/2021\/04\/presidentejairbolsonaro3-360x240.jpg 360w, https:\/\/renatodias.online\/movimento\/wp-content\/uploads\/2021\/04\/presidentejairbolsonaro3-750x500.jpg 750w\" sizes=\"auto, (max-width: 1000px) 100vw, 1000px\" \/><figcaption id=\"caption-attachment-5833\" class=\"wp-caption-text\">Jair Bolsonaro<\/figcaption><\/figure>\n<p><img loading=\"lazy\" decoding=\"async\" class=\"size-full wp-image-5929 aligncenter\" src=\"https:\/\/renatodias.online\/movimento\/wp-content\/uploads\/2021\/04\/Especial.jpg\" alt=\"\" width=\"200\" height=\"200\" srcset=\"https:\/\/renatodias.online\/movimento\/wp-content\/uploads\/2021\/04\/Especial.jpg 200w, https:\/\/renatodias.online\/movimento\/wp-content\/uploads\/2021\/04\/Especial-150x150.jpg 150w\" sizes=\"auto, (max-width: 200px) 100vw, 200px\" \/><\/p>\n<h2 style=\"text-align: center;\"><span style=\"color: #800080;\"><strong>Saiba mais<\/strong><\/span><\/h2>\n<h2 style=\"text-align: center;\"><span style=\"color: #ff00ff;\"><strong>A s\u00e9rie de entrevistas<\/strong><\/span><\/h2>\n<p>04 de maio _ <strong>Professor Made Miranda<\/strong><\/p>\n<p>05 de maio _ <strong>Professor Marcelo Moreira<\/strong><\/p>\n<p>06 de maio _ <strong>Professor Ant\u00f4nio Cruvinel<\/strong><\/p>\n<p>07 de maio _ <strong>Professora Adriana Ribon<\/strong><\/p>\n<p><span style=\"color: #00ccff;\"><strong>Amanh\u00e3<\/strong><\/span><\/p>\n<p>10 de maio _ Segunda-feira_ <strong>Professor Francisco Severo<\/strong><\/p>\n<p>&nbsp;<\/p>\n<p><img loading=\"lazy\" decoding=\"async\" class=\"size-full wp-image-6491 aligncenter\" src=\"https:\/\/renatodias.online\/movimento\/wp-content\/uploads\/2021\/05\/UEG-_-2.png\" alt=\"\" width=\"350\" height=\"144\" srcset=\"https:\/\/renatodias.online\/movimento\/wp-content\/uploads\/2021\/05\/UEG-_-2.png 350w, https:\/\/renatodias.online\/movimento\/wp-content\/uploads\/2021\/05\/UEG-_-2-300x123.png 300w\" sizes=\"auto, (max-width: 350px) 100vw, 350px\" \/><\/p>\n","protected":false},"excerpt":{"rendered":"<p>Cinco disputam Reitoria da UEG \u00a0 As entrevistas s\u00e3o realizadas pelo Grupo RTDP para Todxs, professores de Ipor\u00e1 Renato Dias Cinco candidatos. Uma \u00fanica cadeira. Para ocup\u00e1-la? Elei\u00e7\u00f5es diretas. \u00c9 a disputa, voto a voto, para o cargo de reitor. Da Universidade Estadual de Goi\u00e1s. A UEG. As entrevistas s\u00e3o realizadas pelo Grupo RTDP para<\/p>\n","protected":false},"author":2,"featured_media":3758,"comment_status":"open","ping_status":"open","sticky":false,"template":"","format":"standard","meta":{"_acf_changed":false,"_monsterinsights_skip_tracking":false,"_monsterinsights_sitenote_active":false,"_monsterinsights_sitenote_note":"","_monsterinsights_sitenote_category":0,"footnotes":""},"categories":[4],"tags":[],"class_list":["post-6489","post","type-post","status-publish","format-standard","has-post-thumbnail","hentry","category-politica"],"acf":[],"yoast_head":"<!-- This site is optimized with the Yoast SEO plugin v27.4 - https:\/\/yoast.com\/product\/yoast-seo-wordpress\/ -->\n<title>Cinco disputam Reitoria da UEG -<\/title>\n<meta name=\"robots\" content=\"index, follow, max-snippet:-1, max-image-preview:large, max-video-preview:-1\" \/>\n<link rel=\"canonical\" href=\"https:\/\/renatodias.online\/movimento\/2021\/05\/08\/cinco-disputam-reitoria-da-ueg\/\" \/>\n<meta property=\"og:locale\" content=\"pt_BR\" \/>\n<meta property=\"og:type\" content=\"article\" \/>\n<meta property=\"og:title\" content=\"Cinco disputam Reitoria da UEG -\" \/>\n<meta property=\"og:description\" content=\"Cinco disputam Reitoria da UEG \u00a0 As entrevistas s\u00e3o realizadas pelo Grupo RTDP para Todxs, professores de Ipor\u00e1 Renato Dias Cinco candidatos. Uma \u00fanica cadeira. Para ocup\u00e1-la? Elei\u00e7\u00f5es diretas. \u00c9 a disputa, voto a voto, para o cargo de reitor. Da Universidade Estadual de Goi\u00e1s. A UEG. As entrevistas s\u00e3o realizadas pelo Grupo RTDP para\" \/>\n<meta property=\"og:url\" content=\"https:\/\/renatodias.online\/movimento\/2021\/05\/08\/cinco-disputam-reitoria-da-ueg\/\" \/>\n<meta property=\"article:publisher\" content=\"https:\/\/www.facebook.com\/renato.dias.37\" \/>\n<meta property=\"article:author\" content=\"https:\/\/www.facebook.com\/renato.dias.37\" \/>\n<meta property=\"article:published_time\" content=\"2021-05-09T01:08:56+00:00\" \/>\n<meta property=\"og:image\" content=\"https:\/\/renatodias.online\/movimento\/wp-content\/uploads\/2020\/05\/Frederico-Vitor-EUA-4.jpg\" \/>\n\t<meta property=\"og:image:width\" content=\"225\" \/>\n\t<meta property=\"og:image:height\" content=\"224\" \/>\n\t<meta property=\"og:image:type\" content=\"image\/jpeg\" \/>\n<meta name=\"author\" content=\"Renato Dias\" \/>\n<meta name=\"twitter:card\" content=\"summary_large_image\" \/>\n<meta name=\"twitter:creator\" content=\"@RenatoDiasBat\" \/>\n<meta name=\"twitter:site\" content=\"@RenatoDiasBat\" \/>\n<meta name=\"twitter:label1\" content=\"Escrito por\" \/>\n\t<meta name=\"twitter:data1\" content=\"Renato Dias\" \/>\n\t<meta name=\"twitter:label2\" content=\"Est. tempo de leitura\" \/>\n\t<meta name=\"twitter:data2\" content=\"2 minutos\" \/>\n<script type=\"application\/ld+json\" class=\"yoast-schema-graph\">{\"@context\":\"https:\\\/\\\/schema.org\",\"@graph\":[{\"@type\":\"Article\",\"@id\":\"https:\\\/\\\/renatodias.online\\\/movimento\\\/2021\\\/05\\\/08\\\/cinco-disputam-reitoria-da-ueg\\\/#article\",\"isPartOf\":{\"@id\":\"https:\\\/\\\/renatodias.online\\\/movimento\\\/2021\\\/05\\\/08\\\/cinco-disputam-reitoria-da-ueg\\\/\"},\"author\":{\"name\":\"Renato Dias\",\"@id\":\"https:\\\/\\\/renatodias.online\\\/movimento\\\/#\\\/schema\\\/person\\\/bbab28833b1725a20f4083f49f1fb2a9\"},\"headline\":\"Cinco disputam Reitoria da UEG\",\"datePublished\":\"2021-05-09T01:08:56+00:00\",\"mainEntityOfPage\":{\"@id\":\"https:\\\/\\\/renatodias.online\\\/movimento\\\/2021\\\/05\\\/08\\\/cinco-disputam-reitoria-da-ueg\\\/\"},\"wordCount\":359,\"commentCount\":0,\"publisher\":{\"@id\":\"https:\\\/\\\/renatodias.online\\\/movimento\\\/#\\\/schema\\\/person\\\/bbab28833b1725a20f4083f49f1fb2a9\"},\"image\":{\"@id\":\"https:\\\/\\\/renatodias.online\\\/movimento\\\/2021\\\/05\\\/08\\\/cinco-disputam-reitoria-da-ueg\\\/#primaryimage\"},\"thumbnailUrl\":\"https:\\\/\\\/renatodias.online\\\/movimento\\\/wp-content\\\/uploads\\\/2020\\\/05\\\/Frederico-Vitor-EUA-4.jpg\",\"articleSection\":[\"Pol\u00edtica\"],\"inLanguage\":\"pt-BR\",\"potentialAction\":[{\"@type\":\"CommentAction\",\"name\":\"Comment\",\"target\":[\"https:\\\/\\\/renatodias.online\\\/movimento\\\/2021\\\/05\\\/08\\\/cinco-disputam-reitoria-da-ueg\\\/#respond\"]}]},{\"@type\":\"WebPage\",\"@id\":\"https:\\\/\\\/renatodias.online\\\/movimento\\\/2021\\\/05\\\/08\\\/cinco-disputam-reitoria-da-ueg\\\/\",\"url\":\"https:\\\/\\\/renatodias.online\\\/movimento\\\/2021\\\/05\\\/08\\\/cinco-disputam-reitoria-da-ueg\\\/\",\"name\":\"Cinco disputam Reitoria da UEG -\",\"isPartOf\":{\"@id\":\"https:\\\/\\\/renatodias.online\\\/movimento\\\/#website\"},\"primaryImageOfPage\":{\"@id\":\"https:\\\/\\\/renatodias.online\\\/movimento\\\/2021\\\/05\\\/08\\\/cinco-disputam-reitoria-da-ueg\\\/#primaryimage\"},\"image\":{\"@id\":\"https:\\\/\\\/renatodias.online\\\/movimento\\\/2021\\\/05\\\/08\\\/cinco-disputam-reitoria-da-ueg\\\/#primaryimage\"},\"thumbnailUrl\":\"https:\\\/\\\/renatodias.online\\\/movimento\\\/wp-content\\\/uploads\\\/2020\\\/05\\\/Frederico-Vitor-EUA-4.jpg\",\"datePublished\":\"2021-05-09T01:08:56+00:00\",\"breadcrumb\":{\"@id\":\"https:\\\/\\\/renatodias.online\\\/movimento\\\/2021\\\/05\\\/08\\\/cinco-disputam-reitoria-da-ueg\\\/#breadcrumb\"},\"inLanguage\":\"pt-BR\",\"potentialAction\":[{\"@type\":\"ReadAction\",\"target\":[\"https:\\\/\\\/renatodias.online\\\/movimento\\\/2021\\\/05\\\/08\\\/cinco-disputam-reitoria-da-ueg\\\/\"]}]},{\"@type\":\"ImageObject\",\"inLanguage\":\"pt-BR\",\"@id\":\"https:\\\/\\\/renatodias.online\\\/movimento\\\/2021\\\/05\\\/08\\\/cinco-disputam-reitoria-da-ueg\\\/#primaryimage\",\"url\":\"https:\\\/\\\/renatodias.online\\\/movimento\\\/wp-content\\\/uploads\\\/2020\\\/05\\\/Frederico-Vitor-EUA-4.jpg\",\"contentUrl\":\"https:\\\/\\\/renatodias.online\\\/movimento\\\/wp-content\\\/uploads\\\/2020\\\/05\\\/Frederico-Vitor-EUA-4.jpg\",\"width\":225,\"height\":224,\"caption\":\"Frederico Victor de Oliveira\"},{\"@type\":\"BreadcrumbList\",\"@id\":\"https:\\\/\\\/renatodias.online\\\/movimento\\\/2021\\\/05\\\/08\\\/cinco-disputam-reitoria-da-ueg\\\/#breadcrumb\",\"itemListElement\":[{\"@type\":\"ListItem\",\"position\":1,\"name\":\"In\u00edcio\",\"item\":\"https:\\\/\\\/renatodias.online\\\/movimento\\\/\"},{\"@type\":\"ListItem\",\"position\":2,\"name\":\"Cinco disputam Reitoria da UEG\"}]},{\"@type\":\"WebSite\",\"@id\":\"https:\\\/\\\/renatodias.online\\\/movimento\\\/#website\",\"url\":\"https:\\\/\\\/renatodias.online\\\/movimento\\\/\",\"name\":\"\",\"description\":\"\",\"publisher\":{\"@id\":\"https:\\\/\\\/renatodias.online\\\/movimento\\\/#\\\/schema\\\/person\\\/bbab28833b1725a20f4083f49f1fb2a9\"},\"potentialAction\":[{\"@type\":\"SearchAction\",\"target\":{\"@type\":\"EntryPoint\",\"urlTemplate\":\"https:\\\/\\\/renatodias.online\\\/movimento\\\/?s={search_term_string}\"},\"query-input\":{\"@type\":\"PropertyValueSpecification\",\"valueRequired\":true,\"valueName\":\"search_term_string\"}}],\"inLanguage\":\"pt-BR\"},{\"@type\":[\"Person\",\"Organization\"],\"@id\":\"https:\\\/\\\/renatodias.online\\\/movimento\\\/#\\\/schema\\\/person\\\/bbab28833b1725a20f4083f49f1fb2a9\",\"name\":\"Renato Dias\",\"image\":{\"@type\":\"ImageObject\",\"inLanguage\":\"pt-BR\",\"@id\":\"https:\\\/\\\/renatodias.online\\\/movimento\\\/wp-content\\\/uploads\\\/2023\\\/03\\\/cropped-cropped-cropped-logofinal.jpeg\",\"url\":\"https:\\\/\\\/renatodias.online\\\/movimento\\\/wp-content\\\/uploads\\\/2023\\\/03\\\/cropped-cropped-cropped-logofinal.jpeg\",\"contentUrl\":\"https:\\\/\\\/renatodias.online\\\/movimento\\\/wp-content\\\/uploads\\\/2023\\\/03\\\/cropped-cropped-cropped-logofinal.jpeg\",\"width\":1280,\"height\":219,\"caption\":\"Renato Dias\"},\"logo\":{\"@id\":\"https:\\\/\\\/renatodias.online\\\/movimento\\\/wp-content\\\/uploads\\\/2023\\\/03\\\/cropped-cropped-cropped-logofinal.jpeg\"},\"description\":\"Renato Dias, 58 anos, \u00e9 graduado em Jornalismo, formado em Ci\u00eancias Sociais, com p\u00f3s-gradua\u00e7\u00e3o em Pol\u00edticas P\u00fablicas, mestre em Direito e Rela\u00e7\u00f5es Internacionais, ex-aluno extraordin\u00e1rio do Doutorado em Psicologia Social, ex-estudante do Curso de Psican\u00e1lise do Centro de Estudos Psicanal\u00edticos do Estado de Goi\u00e1s, ministrado pelo m\u00e9dico psiquiatra e psicanalista Daniel Em\u00eddio de Souza. \u00c9 autor de 30 livros-reportagem, oito document\u00e1rios, ganhou 30 pr\u00eamios e \u00e9 torcedor apaixonado do maior do Centro-Oeste, o Vila Nova Futebol Clube. Casado com Meirilane Dias, \u00e9 pai de Juliana Dias, jornalista; Daniel Dias, economista; e Maria Rosa Dias, estudante antifascista, socialista e trotskista.\u00a0Com tr\u00eas pets: Porquinho [Bull Dog Franc\u00eas], Dalila [Basset Hound] e Geleia [Basset Hound]. Al\u00e9m do eterno gato Tutuquinho, que virou estrela.\",\"sameAs\":[\"https:\\\/\\\/www.facebook.com\\\/renato.dias.37\",\"#breve\",\"https:\\\/\\\/renatodias.tumblr.com\\\/\"],\"url\":\"https:\\\/\\\/renatodias.online\\\/movimento\\\/author\\\/renatodias\\\/\"}]}<\/script>\n<!-- \/ Yoast SEO plugin. -->","yoast_head_json":{"title":"Cinco disputam Reitoria da UEG -","robots":{"index":"index","follow":"follow","max-snippet":"max-snippet:-1","max-image-preview":"max-image-preview:large","max-video-preview":"max-video-preview:-1"},"canonical":"https:\/\/renatodias.online\/movimento\/2021\/05\/08\/cinco-disputam-reitoria-da-ueg\/","og_locale":"pt_BR","og_type":"article","og_title":"Cinco disputam Reitoria da UEG -","og_description":"Cinco disputam Reitoria da UEG \u00a0 As entrevistas s\u00e3o realizadas pelo Grupo RTDP para Todxs, professores de Ipor\u00e1 Renato Dias Cinco candidatos. Uma \u00fanica cadeira. Para ocup\u00e1-la? Elei\u00e7\u00f5es diretas. \u00c9 a disputa, voto a voto, para o cargo de reitor. Da Universidade Estadual de Goi\u00e1s. A UEG. As entrevistas s\u00e3o realizadas pelo Grupo RTDP para","og_url":"https:\/\/renatodias.online\/movimento\/2021\/05\/08\/cinco-disputam-reitoria-da-ueg\/","article_publisher":"https:\/\/www.facebook.com\/renato.dias.37","article_author":"https:\/\/www.facebook.com\/renato.dias.37","article_published_time":"2021-05-09T01:08:56+00:00","og_image":[{"width":225,"height":224,"url":"https:\/\/renatodias.online\/movimento\/wp-content\/uploads\/2020\/05\/Frederico-Vitor-EUA-4.jpg","type":"image\/jpeg"}],"author":"Renato Dias","twitter_card":"summary_large_image","twitter_creator":"@RenatoDiasBat","twitter_site":"@RenatoDiasBat","twitter_misc":{"Escrito por":"Renato Dias","Est. tempo de leitura":"2 minutos"},"schema":{"@context":"https:\/\/schema.org","@graph":[{"@type":"Article","@id":"https:\/\/renatodias.online\/movimento\/2021\/05\/08\/cinco-disputam-reitoria-da-ueg\/#article","isPartOf":{"@id":"https:\/\/renatodias.online\/movimento\/2021\/05\/08\/cinco-disputam-reitoria-da-ueg\/"},"author":{"name":"Renato Dias","@id":"https:\/\/renatodias.online\/movimento\/#\/schema\/person\/bbab28833b1725a20f4083f49f1fb2a9"},"headline":"Cinco disputam Reitoria da UEG","datePublished":"2021-05-09T01:08:56+00:00","mainEntityOfPage":{"@id":"https:\/\/renatodias.online\/movimento\/2021\/05\/08\/cinco-disputam-reitoria-da-ueg\/"},"wordCount":359,"commentCount":0,"publisher":{"@id":"https:\/\/renatodias.online\/movimento\/#\/schema\/person\/bbab28833b1725a20f4083f49f1fb2a9"},"image":{"@id":"https:\/\/renatodias.online\/movimento\/2021\/05\/08\/cinco-disputam-reitoria-da-ueg\/#primaryimage"},"thumbnailUrl":"https:\/\/renatodias.online\/movimento\/wp-content\/uploads\/2020\/05\/Frederico-Vitor-EUA-4.jpg","articleSection":["Pol\u00edtica"],"inLanguage":"pt-BR","potentialAction":[{"@type":"CommentAction","name":"Comment","target":["https:\/\/renatodias.online\/movimento\/2021\/05\/08\/cinco-disputam-reitoria-da-ueg\/#respond"]}]},{"@type":"WebPage","@id":"https:\/\/renatodias.online\/movimento\/2021\/05\/08\/cinco-disputam-reitoria-da-ueg\/","url":"https:\/\/renatodias.online\/movimento\/2021\/05\/08\/cinco-disputam-reitoria-da-ueg\/","name":"Cinco disputam Reitoria da UEG -","isPartOf":{"@id":"https:\/\/renatodias.online\/movimento\/#website"},"primaryImageOfPage":{"@id":"https:\/\/renatodias.online\/movimento\/2021\/05\/08\/cinco-disputam-reitoria-da-ueg\/#primaryimage"},"image":{"@id":"https:\/\/renatodias.online\/movimento\/2021\/05\/08\/cinco-disputam-reitoria-da-ueg\/#primaryimage"},"thumbnailUrl":"https:\/\/renatodias.online\/movimento\/wp-content\/uploads\/2020\/05\/Frederico-Vitor-EUA-4.jpg","datePublished":"2021-05-09T01:08:56+00:00","breadcrumb":{"@id":"https:\/\/renatodias.online\/movimento\/2021\/05\/08\/cinco-disputam-reitoria-da-ueg\/#breadcrumb"},"inLanguage":"pt-BR","potentialAction":[{"@type":"ReadAction","target":["https:\/\/renatodias.online\/movimento\/2021\/05\/08\/cinco-disputam-reitoria-da-ueg\/"]}]},{"@type":"ImageObject","inLanguage":"pt-BR","@id":"https:\/\/renatodias.online\/movimento\/2021\/05\/08\/cinco-disputam-reitoria-da-ueg\/#primaryimage","url":"https:\/\/renatodias.online\/movimento\/wp-content\/uploads\/2020\/05\/Frederico-Vitor-EUA-4.jpg","contentUrl":"https:\/\/renatodias.online\/movimento\/wp-content\/uploads\/2020\/05\/Frederico-Vitor-EUA-4.jpg","width":225,"height":224,"caption":"Frederico Victor de Oliveira"},{"@type":"BreadcrumbList","@id":"https:\/\/renatodias.online\/movimento\/2021\/05\/08\/cinco-disputam-reitoria-da-ueg\/#breadcrumb","itemListElement":[{"@type":"ListItem","position":1,"name":"In\u00edcio","item":"https:\/\/renatodias.online\/movimento\/"},{"@type":"ListItem","position":2,"name":"Cinco disputam Reitoria da UEG"}]},{"@type":"WebSite","@id":"https:\/\/renatodias.online\/movimento\/#website","url":"https:\/\/renatodias.online\/movimento\/","name":"","description":"","publisher":{"@id":"https:\/\/renatodias.online\/movimento\/#\/schema\/person\/bbab28833b1725a20f4083f49f1fb2a9"},"potentialAction":[{"@type":"SearchAction","target":{"@type":"EntryPoint","urlTemplate":"https:\/\/renatodias.online\/movimento\/?s={search_term_string}"},"query-input":{"@type":"PropertyValueSpecification","valueRequired":true,"valueName":"search_term_string"}}],"inLanguage":"pt-BR"},{"@type":["Person","Organization"],"@id":"https:\/\/renatodias.online\/movimento\/#\/schema\/person\/bbab28833b1725a20f4083f49f1fb2a9","name":"Renato Dias","image":{"@type":"ImageObject","inLanguage":"pt-BR","@id":"https:\/\/renatodias.online\/movimento\/wp-content\/uploads\/2023\/03\/cropped-cropped-cropped-logofinal.jpeg","url":"https:\/\/renatodias.online\/movimento\/wp-content\/uploads\/2023\/03\/cropped-cropped-cropped-logofinal.jpeg","contentUrl":"https:\/\/renatodias.online\/movimento\/wp-content\/uploads\/2023\/03\/cropped-cropped-cropped-logofinal.jpeg","width":1280,"height":219,"caption":"Renato Dias"},"logo":{"@id":"https:\/\/renatodias.online\/movimento\/wp-content\/uploads\/2023\/03\/cropped-cropped-cropped-logofinal.jpeg"},"description":"Renato Dias, 58 anos, \u00e9 graduado em Jornalismo, formado em Ci\u00eancias Sociais, com p\u00f3s-gradua\u00e7\u00e3o em Pol\u00edticas P\u00fablicas, mestre em Direito e Rela\u00e7\u00f5es Internacionais, ex-aluno extraordin\u00e1rio do Doutorado em Psicologia Social, ex-estudante do Curso de Psican\u00e1lise do Centro de Estudos Psicanal\u00edticos do Estado de Goi\u00e1s, ministrado pelo m\u00e9dico psiquiatra e psicanalista Daniel Em\u00eddio de Souza. \u00c9 autor de 30 livros-reportagem, oito document\u00e1rios, ganhou 30 pr\u00eamios e \u00e9 torcedor apaixonado do maior do Centro-Oeste, o Vila Nova Futebol Clube. Casado com Meirilane Dias, \u00e9 pai de Juliana Dias, jornalista; Daniel Dias, economista; e Maria Rosa Dias, estudante antifascista, socialista e trotskista.\u00a0Com tr\u00eas pets: Porquinho [Bull Dog Franc\u00eas], Dalila [Basset Hound] e Geleia [Basset Hound]. Al\u00e9m do eterno gato Tutuquinho, que virou estrela.","sameAs":["https:\/\/www.facebook.com\/renato.dias.37","#breve","https:\/\/renatodias.tumblr.com\/"],"url":"https:\/\/renatodias.online\/movimento\/author\/renatodias\/"}]}},"_links":{"self":[{"href":"https:\/\/renatodias.online\/movimento\/wp-json\/wp\/v2\/posts\/6489","targetHints":{"allow":["GET"]}}],"collection":[{"href":"https:\/\/renatodias.online\/movimento\/wp-json\/wp\/v2\/posts"}],"about":[{"href":"https:\/\/renatodias.online\/movimento\/wp-json\/wp\/v2\/types\/post"}],"author":[{"embeddable":true,"href":"https:\/\/renatodias.online\/movimento\/wp-json\/wp\/v2\/users\/2"}],"replies":[{"embeddable":true,"href":"https:\/\/renatodias.online\/movimento\/wp-json\/wp\/v2\/comments?post=6489"}],"version-history":[{"count":1,"href":"https:\/\/renatodias.online\/movimento\/wp-json\/wp\/v2\/posts\/6489\/revisions"}],"predecessor-version":[{"id":6492,"href":"https:\/\/renatodias.online\/movimento\/wp-json\/wp\/v2\/posts\/6489\/revisions\/6492"}],"wp:featuredmedia":[{"embeddable":true,"href":"https:\/\/renatodias.online\/movimento\/wp-json\/wp\/v2\/media\/3758"}],"wp:attachment":[{"href":"https:\/\/renatodias.online\/movimento\/wp-json\/wp\/v2\/media?parent=6489"}],"wp:term":[{"taxonomy":"category","embeddable":true,"href":"https:\/\/renatodias.online\/movimento\/wp-json\/wp\/v2\/categories?post=6489"},{"taxonomy":"post_tag","embeddable":true,"href":"https:\/\/renatodias.online\/movimento\/wp-json\/wp\/v2\/tags?post=6489"}],"curies":[{"name":"wp","href":"https:\/\/api.w.org\/{rel}","templated":true}]}}