{"id":6449,"date":"2021-05-07T13:04:44","date_gmt":"2021-05-07T16:04:44","guid":{"rendered":"https:\/\/renatodias.online\/movimento\/?p=6449"},"modified":"2021-05-07T13:04:44","modified_gmt":"2021-05-07T16:04:44","slug":"uee-defende-liberdade-e-ve-bolsonaro-genocida","status":"publish","type":"post","link":"https:\/\/renatodias.online\/movimento\/2021\/05\/07\/uee-defende-liberdade-e-ve-bolsonaro-genocida\/","title":{"rendered":"UEE defende liberdade\u00a0e v\u00ea Bolsonaro genocida"},"content":{"rendered":"<p>&nbsp;<\/p>\n<h1><img loading=\"lazy\" decoding=\"async\" class=\"alignnone size-full wp-image-6454\" src=\"https:\/\/renatodias.online\/movimento\/wp-content\/uploads\/2021\/05\/Outdoor-e-faixa-da-UEE-de-Goias.jpeg\" alt=\"\" width=\"1200\" height=\"675\" srcset=\"https:\/\/renatodias.online\/movimento\/wp-content\/uploads\/2021\/05\/Outdoor-e-faixa-da-UEE-de-Goias.jpeg 1200w, https:\/\/renatodias.online\/movimento\/wp-content\/uploads\/2021\/05\/Outdoor-e-faixa-da-UEE-de-Goias-300x169.jpeg 300w, https:\/\/renatodias.online\/movimento\/wp-content\/uploads\/2021\/05\/Outdoor-e-faixa-da-UEE-de-Goias-768x432.jpeg 768w, https:\/\/renatodias.online\/movimento\/wp-content\/uploads\/2021\/05\/Outdoor-e-faixa-da-UEE-de-Goias-750x422.jpeg 750w\" sizes=\"auto, (max-width: 1200px) 100vw, 1200px\" \/><\/h1>\n<h1 style=\"text-align: center;\"><span style=\"color: #008000;\"><strong>UEE defende liberdade\u00a0<\/strong><\/span><\/h1>\n<h1 style=\"text-align: center;\"><span style=\"color: #008000;\"><strong>e v\u00ea Bolsonaro genocida<\/strong><\/span><\/h1>\n<h1 style=\"text-align: center;\"><span style=\"color: #ff0000;\"><strong>Intima\u00e7\u00e3o do MPF<\/strong><\/span><\/h1>\n<p><strong>Renato Dias<\/strong><\/p>\n<p>A presidente da Uni\u00e3o Estadual dos Estudantes de Goi\u00e1s, <strong>Thais Falone<\/strong>, diz ter sido intimada, sob a democracia do s\u00e9culo 21, a prestar depoimento \u00e0 Procuradoria da Rep\u00fablica, em Goi\u00e1s. Mo\u00adtivo: explicar a instala\u00e7\u00e3o de outdoors que classificam papel do inquilino do Pal\u00e1cio do Planalto, Jair Bolsonaro, com 414 mil mortos, sob a Pandemia do Coronav\u00edrus Covid 19, como genocida.<\/p>\n<figure id=\"attachment_6451\" aria-describedby=\"caption-attachment-6451\" style=\"width: 768px\" class=\"wp-caption alignnone\"><img loading=\"lazy\" decoding=\"async\" class=\"size-full wp-image-6451\" src=\"https:\/\/renatodias.online\/movimento\/wp-content\/uploads\/2021\/05\/Coronavirus.jpg\" alt=\"\" width=\"768\" height=\"410\" srcset=\"https:\/\/renatodias.online\/movimento\/wp-content\/uploads\/2021\/05\/Coronavirus.jpg 768w, https:\/\/renatodias.online\/movimento\/wp-content\/uploads\/2021\/05\/Coronavirus-300x160.jpg 300w, https:\/\/renatodias.online\/movimento\/wp-content\/uploads\/2021\/05\/Coronavirus-750x400.jpg 750w\" sizes=\"auto, (max-width: 768px) 100vw, 768px\" \/><figcaption id=\"caption-attachment-6451\" class=\"wp-caption-text\">Coronav\u00edrus<\/figcaption><\/figure>\n<p><strong>\u00a0<\/strong><\/p>\n<p><strong>\u00a0<\/strong><strong>_ A manifesta\u00e7\u00e3o \u00e9 leg\u00edtima. Fundada nos princ\u00edpios b\u00e1sicos da garantia da liberdade de express\u00e3o e opini\u00e3o.<\/strong><\/p>\n<p><strong><img loading=\"lazy\" decoding=\"async\" class=\"size-full wp-image-6452 aligncenter\" src=\"https:\/\/renatodias.online\/movimento\/wp-content\/uploads\/2021\/05\/Jair-Bolsonaro-caricatura-_-UEE.jpg\" alt=\"\" width=\"621\" height=\"984\" srcset=\"https:\/\/renatodias.online\/movimento\/wp-content\/uploads\/2021\/05\/Jair-Bolsonaro-caricatura-_-UEE.jpg 621w, https:\/\/renatodias.online\/movimento\/wp-content\/uploads\/2021\/05\/Jair-Bolsonaro-caricatura-_-UEE-189x300.jpg 189w\" sizes=\"auto, (max-width: 621px) 100vw, 621px\" \/><\/strong><\/p>\n<p><strong>_ Mortos sob a Pandemia<\/strong><\/p>\n<p><strong>\u00a0<\/strong>A l\u00edder estudantil informa ao <strong>Portal de Not\u00edcias www.renatodias.online<\/strong> que a UEE de Goi\u00e1s estampou cr\u00edticas ao capit\u00e3o reformado tanto na gest\u00e3o da Pandemia quanto nos rumos da economia e na escalada autorit\u00e1ria contra as institui\u00e7\u00f5es democr\u00e1ticas da Rep\u00fablica. O registro marca, na Hist\u00f3ria, de Tempos Sombrios, que a UEE n\u00e3o \u00e9 c\u00famplice da morte, ela fuzila.<\/p>\n<figure id=\"attachment_6453\" aria-describedby=\"caption-attachment-6453\" style=\"width: 1280px\" class=\"wp-caption alignnone\"><img loading=\"lazy\" decoding=\"async\" class=\"size-full wp-image-6453\" src=\"https:\/\/renatodias.online\/movimento\/wp-content\/uploads\/2021\/05\/Thais-Falone-_-1.jpeg\" alt=\"\" width=\"1280\" height=\"1003\" srcset=\"https:\/\/renatodias.online\/movimento\/wp-content\/uploads\/2021\/05\/Thais-Falone-_-1.jpeg 1280w, https:\/\/renatodias.online\/movimento\/wp-content\/uploads\/2021\/05\/Thais-Falone-_-1-300x235.jpeg 300w, https:\/\/renatodias.online\/movimento\/wp-content\/uploads\/2021\/05\/Thais-Falone-_-1-768x602.jpeg 768w, https:\/\/renatodias.online\/movimento\/wp-content\/uploads\/2021\/05\/Thais-Falone-_-1-750x588.jpeg 750w\" sizes=\"auto, (max-width: 1280px) 100vw, 1280px\" \/><figcaption id=\"caption-attachment-6453\" class=\"wp-caption-text\">Tha\u00eds Falone, presidente da UEE de Goi\u00e1s<\/figcaption><\/figure>\n<p><strong>\u00a0<\/strong><\/p>\n","protected":false},"excerpt":{"rendered":"<p>&nbsp; UEE defende liberdade\u00a0 e v\u00ea Bolsonaro genocida Intima\u00e7\u00e3o do MPF Renato Dias A presidente da Uni\u00e3o Estadual dos Estudantes de Goi\u00e1s, Thais Falone, diz ter sido intimada, sob a democracia do s\u00e9culo 21, a prestar depoimento \u00e0 Procuradoria da Rep\u00fablica, em Goi\u00e1s. Mo\u00adtivo: explicar a instala\u00e7\u00e3o de outdoors que classificam papel do inquilino do<\/p>\n","protected":false},"author":2,"featured_media":6450,"comment_status":"open","ping_status":"open","sticky":false,"template":"","format":"standard","meta":{"_acf_changed":false,"_monsterinsights_skip_tracking":false,"_monsterinsights_sitenote_active":false,"_monsterinsights_sitenote_note":"","_monsterinsights_sitenote_category":0,"footnotes":""},"categories":[1],"tags":[],"class_list":["post-6449","post","type-post","status-publish","format-standard","has-post-thumbnail","hentry","category-cinema"],"acf":[],"yoast_head":"<!-- This site is optimized with the Yoast SEO plugin v27.4 - https:\/\/yoast.com\/product\/yoast-seo-wordpress\/ -->\n<title>UEE defende liberdade\u00a0e v\u00ea Bolsonaro genocida -<\/title>\n<meta name=\"robots\" content=\"index, follow, max-snippet:-1, max-image-preview:large, max-video-preview:-1\" \/>\n<link rel=\"canonical\" href=\"https:\/\/renatodias.online\/movimento\/2021\/05\/07\/uee-defende-liberdade-e-ve-bolsonaro-genocida\/\" \/>\n<meta property=\"og:locale\" content=\"pt_BR\" \/>\n<meta property=\"og:type\" content=\"article\" \/>\n<meta property=\"og:title\" content=\"UEE defende liberdade\u00a0e v\u00ea Bolsonaro genocida -\" \/>\n<meta property=\"og:description\" content=\"&nbsp; UEE defende liberdade\u00a0 e v\u00ea Bolsonaro genocida Intima\u00e7\u00e3o do MPF Renato Dias A presidente da Uni\u00e3o Estadual dos Estudantes de Goi\u00e1s, Thais Falone, diz ter sido intimada, sob a democracia do s\u00e9culo 21, a prestar depoimento \u00e0 Procuradoria da Rep\u00fablica, em Goi\u00e1s. Mo\u00adtivo: explicar a instala\u00e7\u00e3o de outdoors que classificam papel do inquilino do\" \/>\n<meta property=\"og:url\" content=\"https:\/\/renatodias.online\/movimento\/2021\/05\/07\/uee-defende-liberdade-e-ve-bolsonaro-genocida\/\" \/>\n<meta property=\"article:publisher\" content=\"https:\/\/www.facebook.com\/renato.dias.37\" \/>\n<meta property=\"article:author\" content=\"https:\/\/www.facebook.com\/renato.dias.37\" \/>\n<meta property=\"article:published_time\" content=\"2021-05-07T16:04:44+00:00\" \/>\n<meta property=\"og:image\" content=\"https:\/\/renatodias.online\/movimento\/wp-content\/uploads\/2021\/05\/Thais-Falone-Link.jpg\" \/>\n\t<meta property=\"og:image:width\" content=\"780\" \/>\n\t<meta property=\"og:image:height\" content=\"405\" \/>\n\t<meta property=\"og:image:type\" content=\"image\/jpeg\" \/>\n<meta name=\"author\" content=\"Renato Dias\" \/>\n<meta name=\"twitter:card\" content=\"summary_large_image\" \/>\n<meta name=\"twitter:creator\" content=\"@RenatoDiasBat\" \/>\n<meta name=\"twitter:site\" content=\"@RenatoDiasBat\" \/>\n<meta name=\"twitter:label1\" content=\"Escrito por\" \/>\n\t<meta name=\"twitter:data1\" content=\"Renato Dias\" \/>\n\t<meta name=\"twitter:label2\" content=\"Est. tempo de leitura\" \/>\n\t<meta name=\"twitter:data2\" content=\"1 minuto\" \/>\n<script type=\"application\/ld+json\" class=\"yoast-schema-graph\">{\"@context\":\"https:\\\/\\\/schema.org\",\"@graph\":[{\"@type\":\"Article\",\"@id\":\"https:\\\/\\\/renatodias.online\\\/movimento\\\/2021\\\/05\\\/07\\\/uee-defende-liberdade-e-ve-bolsonaro-genocida\\\/#article\",\"isPartOf\":{\"@id\":\"https:\\\/\\\/renatodias.online\\\/movimento\\\/2021\\\/05\\\/07\\\/uee-defende-liberdade-e-ve-bolsonaro-genocida\\\/\"},\"author\":{\"name\":\"Renato Dias\",\"@id\":\"https:\\\/\\\/renatodias.online\\\/movimento\\\/#\\\/schema\\\/person\\\/bbab28833b1725a20f4083f49f1fb2a9\"},\"headline\":\"UEE defende liberdade\u00a0e v\u00ea Bolsonaro genocida\",\"datePublished\":\"2021-05-07T16:04:44+00:00\",\"mainEntityOfPage\":{\"@id\":\"https:\\\/\\\/renatodias.online\\\/movimento\\\/2021\\\/05\\\/07\\\/uee-defende-liberdade-e-ve-bolsonaro-genocida\\\/\"},\"wordCount\":207,\"commentCount\":0,\"publisher\":{\"@id\":\"https:\\\/\\\/renatodias.online\\\/movimento\\\/#\\\/schema\\\/person\\\/bbab28833b1725a20f4083f49f1fb2a9\"},\"image\":{\"@id\":\"https:\\\/\\\/renatodias.online\\\/movimento\\\/2021\\\/05\\\/07\\\/uee-defende-liberdade-e-ve-bolsonaro-genocida\\\/#primaryimage\"},\"thumbnailUrl\":\"https:\\\/\\\/renatodias.online\\\/movimento\\\/wp-content\\\/uploads\\\/2021\\\/05\\\/Thais-Falone-Link.jpg\",\"articleSection\":[\"Cinema\"],\"inLanguage\":\"pt-BR\",\"potentialAction\":[{\"@type\":\"CommentAction\",\"name\":\"Comment\",\"target\":[\"https:\\\/\\\/renatodias.online\\\/movimento\\\/2021\\\/05\\\/07\\\/uee-defende-liberdade-e-ve-bolsonaro-genocida\\\/#respond\"]}]},{\"@type\":\"WebPage\",\"@id\":\"https:\\\/\\\/renatodias.online\\\/movimento\\\/2021\\\/05\\\/07\\\/uee-defende-liberdade-e-ve-bolsonaro-genocida\\\/\",\"url\":\"https:\\\/\\\/renatodias.online\\\/movimento\\\/2021\\\/05\\\/07\\\/uee-defende-liberdade-e-ve-bolsonaro-genocida\\\/\",\"name\":\"UEE defende liberdade\u00a0e v\u00ea Bolsonaro genocida -\",\"isPartOf\":{\"@id\":\"https:\\\/\\\/renatodias.online\\\/movimento\\\/#website\"},\"primaryImageOfPage\":{\"@id\":\"https:\\\/\\\/renatodias.online\\\/movimento\\\/2021\\\/05\\\/07\\\/uee-defende-liberdade-e-ve-bolsonaro-genocida\\\/#primaryimage\"},\"image\":{\"@id\":\"https:\\\/\\\/renatodias.online\\\/movimento\\\/2021\\\/05\\\/07\\\/uee-defende-liberdade-e-ve-bolsonaro-genocida\\\/#primaryimage\"},\"thumbnailUrl\":\"https:\\\/\\\/renatodias.online\\\/movimento\\\/wp-content\\\/uploads\\\/2021\\\/05\\\/Thais-Falone-Link.jpg\",\"datePublished\":\"2021-05-07T16:04:44+00:00\",\"breadcrumb\":{\"@id\":\"https:\\\/\\\/renatodias.online\\\/movimento\\\/2021\\\/05\\\/07\\\/uee-defende-liberdade-e-ve-bolsonaro-genocida\\\/#breadcrumb\"},\"inLanguage\":\"pt-BR\",\"potentialAction\":[{\"@type\":\"ReadAction\",\"target\":[\"https:\\\/\\\/renatodias.online\\\/movimento\\\/2021\\\/05\\\/07\\\/uee-defende-liberdade-e-ve-bolsonaro-genocida\\\/\"]}]},{\"@type\":\"ImageObject\",\"inLanguage\":\"pt-BR\",\"@id\":\"https:\\\/\\\/renatodias.online\\\/movimento\\\/2021\\\/05\\\/07\\\/uee-defende-liberdade-e-ve-bolsonaro-genocida\\\/#primaryimage\",\"url\":\"https:\\\/\\\/renatodias.online\\\/movimento\\\/wp-content\\\/uploads\\\/2021\\\/05\\\/Thais-Falone-Link.jpg\",\"contentUrl\":\"https:\\\/\\\/renatodias.online\\\/movimento\\\/wp-content\\\/uploads\\\/2021\\\/05\\\/Thais-Falone-Link.jpg\",\"width\":780,\"height\":405},{\"@type\":\"BreadcrumbList\",\"@id\":\"https:\\\/\\\/renatodias.online\\\/movimento\\\/2021\\\/05\\\/07\\\/uee-defende-liberdade-e-ve-bolsonaro-genocida\\\/#breadcrumb\",\"itemListElement\":[{\"@type\":\"ListItem\",\"position\":1,\"name\":\"In\u00edcio\",\"item\":\"https:\\\/\\\/renatodias.online\\\/movimento\\\/\"},{\"@type\":\"ListItem\",\"position\":2,\"name\":\"UEE defende liberdade\u00a0e v\u00ea Bolsonaro genocida\"}]},{\"@type\":\"WebSite\",\"@id\":\"https:\\\/\\\/renatodias.online\\\/movimento\\\/#website\",\"url\":\"https:\\\/\\\/renatodias.online\\\/movimento\\\/\",\"name\":\"\",\"description\":\"\",\"publisher\":{\"@id\":\"https:\\\/\\\/renatodias.online\\\/movimento\\\/#\\\/schema\\\/person\\\/bbab28833b1725a20f4083f49f1fb2a9\"},\"potentialAction\":[{\"@type\":\"SearchAction\",\"target\":{\"@type\":\"EntryPoint\",\"urlTemplate\":\"https:\\\/\\\/renatodias.online\\\/movimento\\\/?s={search_term_string}\"},\"query-input\":{\"@type\":\"PropertyValueSpecification\",\"valueRequired\":true,\"valueName\":\"search_term_string\"}}],\"inLanguage\":\"pt-BR\"},{\"@type\":[\"Person\",\"Organization\"],\"@id\":\"https:\\\/\\\/renatodias.online\\\/movimento\\\/#\\\/schema\\\/person\\\/bbab28833b1725a20f4083f49f1fb2a9\",\"name\":\"Renato Dias\",\"image\":{\"@type\":\"ImageObject\",\"inLanguage\":\"pt-BR\",\"@id\":\"https:\\\/\\\/renatodias.online\\\/movimento\\\/wp-content\\\/uploads\\\/2023\\\/03\\\/cropped-cropped-cropped-logofinal.jpeg\",\"url\":\"https:\\\/\\\/renatodias.online\\\/movimento\\\/wp-content\\\/uploads\\\/2023\\\/03\\\/cropped-cropped-cropped-logofinal.jpeg\",\"contentUrl\":\"https:\\\/\\\/renatodias.online\\\/movimento\\\/wp-content\\\/uploads\\\/2023\\\/03\\\/cropped-cropped-cropped-logofinal.jpeg\",\"width\":1280,\"height\":219,\"caption\":\"Renato Dias\"},\"logo\":{\"@id\":\"https:\\\/\\\/renatodias.online\\\/movimento\\\/wp-content\\\/uploads\\\/2023\\\/03\\\/cropped-cropped-cropped-logofinal.jpeg\"},\"description\":\"Renato Dias, 58 anos, \u00e9 graduado em Jornalismo, formado em Ci\u00eancias Sociais, com p\u00f3s-gradua\u00e7\u00e3o em Pol\u00edticas P\u00fablicas, mestre em Direito e Rela\u00e7\u00f5es Internacionais, ex-aluno extraordin\u00e1rio do Doutorado em Psicologia Social, ex-estudante do Curso de Psican\u00e1lise do Centro de Estudos Psicanal\u00edticos do Estado de Goi\u00e1s, ministrado pelo m\u00e9dico psiquiatra e psicanalista Daniel Em\u00eddio de Souza. \u00c9 autor de 30 livros-reportagem, oito document\u00e1rios, ganhou 30 pr\u00eamios e \u00e9 torcedor apaixonado do maior do Centro-Oeste, o Vila Nova Futebol Clube. Casado com Meirilane Dias, \u00e9 pai de Juliana Dias, jornalista; Daniel Dias, economista; e Maria Rosa Dias, estudante antifascista, socialista e trotskista.\u00a0Com tr\u00eas pets: Porquinho [Bull Dog Franc\u00eas], Dalila [Basset Hound] e Geleia [Basset Hound]. Al\u00e9m do eterno gato Tutuquinho, que virou estrela.\",\"sameAs\":[\"https:\\\/\\\/www.facebook.com\\\/renato.dias.37\",\"#breve\",\"https:\\\/\\\/renatodias.tumblr.com\\\/\"],\"url\":\"https:\\\/\\\/renatodias.online\\\/movimento\\\/author\\\/renatodias\\\/\"}]}<\/script>\n<!-- \/ Yoast SEO plugin. -->","yoast_head_json":{"title":"UEE defende liberdade\u00a0e v\u00ea Bolsonaro genocida -","robots":{"index":"index","follow":"follow","max-snippet":"max-snippet:-1","max-image-preview":"max-image-preview:large","max-video-preview":"max-video-preview:-1"},"canonical":"https:\/\/renatodias.online\/movimento\/2021\/05\/07\/uee-defende-liberdade-e-ve-bolsonaro-genocida\/","og_locale":"pt_BR","og_type":"article","og_title":"UEE defende liberdade\u00a0e v\u00ea Bolsonaro genocida -","og_description":"&nbsp; UEE defende liberdade\u00a0 e v\u00ea Bolsonaro genocida Intima\u00e7\u00e3o do MPF Renato Dias A presidente da Uni\u00e3o Estadual dos Estudantes de Goi\u00e1s, Thais Falone, diz ter sido intimada, sob a democracia do s\u00e9culo 21, a prestar depoimento \u00e0 Procuradoria da Rep\u00fablica, em Goi\u00e1s. Mo\u00adtivo: explicar a instala\u00e7\u00e3o de outdoors que classificam papel do inquilino do","og_url":"https:\/\/renatodias.online\/movimento\/2021\/05\/07\/uee-defende-liberdade-e-ve-bolsonaro-genocida\/","article_publisher":"https:\/\/www.facebook.com\/renato.dias.37","article_author":"https:\/\/www.facebook.com\/renato.dias.37","article_published_time":"2021-05-07T16:04:44+00:00","og_image":[{"width":780,"height":405,"url":"https:\/\/renatodias.online\/movimento\/wp-content\/uploads\/2021\/05\/Thais-Falone-Link.jpg","type":"image\/jpeg"}],"author":"Renato Dias","twitter_card":"summary_large_image","twitter_creator":"@RenatoDiasBat","twitter_site":"@RenatoDiasBat","twitter_misc":{"Escrito por":"Renato Dias","Est. tempo de leitura":"1 minuto"},"schema":{"@context":"https:\/\/schema.org","@graph":[{"@type":"Article","@id":"https:\/\/renatodias.online\/movimento\/2021\/05\/07\/uee-defende-liberdade-e-ve-bolsonaro-genocida\/#article","isPartOf":{"@id":"https:\/\/renatodias.online\/movimento\/2021\/05\/07\/uee-defende-liberdade-e-ve-bolsonaro-genocida\/"},"author":{"name":"Renato Dias","@id":"https:\/\/renatodias.online\/movimento\/#\/schema\/person\/bbab28833b1725a20f4083f49f1fb2a9"},"headline":"UEE defende liberdade\u00a0e v\u00ea Bolsonaro genocida","datePublished":"2021-05-07T16:04:44+00:00","mainEntityOfPage":{"@id":"https:\/\/renatodias.online\/movimento\/2021\/05\/07\/uee-defende-liberdade-e-ve-bolsonaro-genocida\/"},"wordCount":207,"commentCount":0,"publisher":{"@id":"https:\/\/renatodias.online\/movimento\/#\/schema\/person\/bbab28833b1725a20f4083f49f1fb2a9"},"image":{"@id":"https:\/\/renatodias.online\/movimento\/2021\/05\/07\/uee-defende-liberdade-e-ve-bolsonaro-genocida\/#primaryimage"},"thumbnailUrl":"https:\/\/renatodias.online\/movimento\/wp-content\/uploads\/2021\/05\/Thais-Falone-Link.jpg","articleSection":["Cinema"],"inLanguage":"pt-BR","potentialAction":[{"@type":"CommentAction","name":"Comment","target":["https:\/\/renatodias.online\/movimento\/2021\/05\/07\/uee-defende-liberdade-e-ve-bolsonaro-genocida\/#respond"]}]},{"@type":"WebPage","@id":"https:\/\/renatodias.online\/movimento\/2021\/05\/07\/uee-defende-liberdade-e-ve-bolsonaro-genocida\/","url":"https:\/\/renatodias.online\/movimento\/2021\/05\/07\/uee-defende-liberdade-e-ve-bolsonaro-genocida\/","name":"UEE defende liberdade\u00a0e v\u00ea Bolsonaro genocida -","isPartOf":{"@id":"https:\/\/renatodias.online\/movimento\/#website"},"primaryImageOfPage":{"@id":"https:\/\/renatodias.online\/movimento\/2021\/05\/07\/uee-defende-liberdade-e-ve-bolsonaro-genocida\/#primaryimage"},"image":{"@id":"https:\/\/renatodias.online\/movimento\/2021\/05\/07\/uee-defende-liberdade-e-ve-bolsonaro-genocida\/#primaryimage"},"thumbnailUrl":"https:\/\/renatodias.online\/movimento\/wp-content\/uploads\/2021\/05\/Thais-Falone-Link.jpg","datePublished":"2021-05-07T16:04:44+00:00","breadcrumb":{"@id":"https:\/\/renatodias.online\/movimento\/2021\/05\/07\/uee-defende-liberdade-e-ve-bolsonaro-genocida\/#breadcrumb"},"inLanguage":"pt-BR","potentialAction":[{"@type":"ReadAction","target":["https:\/\/renatodias.online\/movimento\/2021\/05\/07\/uee-defende-liberdade-e-ve-bolsonaro-genocida\/"]}]},{"@type":"ImageObject","inLanguage":"pt-BR","@id":"https:\/\/renatodias.online\/movimento\/2021\/05\/07\/uee-defende-liberdade-e-ve-bolsonaro-genocida\/#primaryimage","url":"https:\/\/renatodias.online\/movimento\/wp-content\/uploads\/2021\/05\/Thais-Falone-Link.jpg","contentUrl":"https:\/\/renatodias.online\/movimento\/wp-content\/uploads\/2021\/05\/Thais-Falone-Link.jpg","width":780,"height":405},{"@type":"BreadcrumbList","@id":"https:\/\/renatodias.online\/movimento\/2021\/05\/07\/uee-defende-liberdade-e-ve-bolsonaro-genocida\/#breadcrumb","itemListElement":[{"@type":"ListItem","position":1,"name":"In\u00edcio","item":"https:\/\/renatodias.online\/movimento\/"},{"@type":"ListItem","position":2,"name":"UEE defende liberdade\u00a0e v\u00ea Bolsonaro genocida"}]},{"@type":"WebSite","@id":"https:\/\/renatodias.online\/movimento\/#website","url":"https:\/\/renatodias.online\/movimento\/","name":"","description":"","publisher":{"@id":"https:\/\/renatodias.online\/movimento\/#\/schema\/person\/bbab28833b1725a20f4083f49f1fb2a9"},"potentialAction":[{"@type":"SearchAction","target":{"@type":"EntryPoint","urlTemplate":"https:\/\/renatodias.online\/movimento\/?s={search_term_string}"},"query-input":{"@type":"PropertyValueSpecification","valueRequired":true,"valueName":"search_term_string"}}],"inLanguage":"pt-BR"},{"@type":["Person","Organization"],"@id":"https:\/\/renatodias.online\/movimento\/#\/schema\/person\/bbab28833b1725a20f4083f49f1fb2a9","name":"Renato Dias","image":{"@type":"ImageObject","inLanguage":"pt-BR","@id":"https:\/\/renatodias.online\/movimento\/wp-content\/uploads\/2023\/03\/cropped-cropped-cropped-logofinal.jpeg","url":"https:\/\/renatodias.online\/movimento\/wp-content\/uploads\/2023\/03\/cropped-cropped-cropped-logofinal.jpeg","contentUrl":"https:\/\/renatodias.online\/movimento\/wp-content\/uploads\/2023\/03\/cropped-cropped-cropped-logofinal.jpeg","width":1280,"height":219,"caption":"Renato Dias"},"logo":{"@id":"https:\/\/renatodias.online\/movimento\/wp-content\/uploads\/2023\/03\/cropped-cropped-cropped-logofinal.jpeg"},"description":"Renato Dias, 58 anos, \u00e9 graduado em Jornalismo, formado em Ci\u00eancias Sociais, com p\u00f3s-gradua\u00e7\u00e3o em Pol\u00edticas P\u00fablicas, mestre em Direito e Rela\u00e7\u00f5es Internacionais, ex-aluno extraordin\u00e1rio do Doutorado em Psicologia Social, ex-estudante do Curso de Psican\u00e1lise do Centro de Estudos Psicanal\u00edticos do Estado de Goi\u00e1s, ministrado pelo m\u00e9dico psiquiatra e psicanalista Daniel Em\u00eddio de Souza. \u00c9 autor de 30 livros-reportagem, oito document\u00e1rios, ganhou 30 pr\u00eamios e \u00e9 torcedor apaixonado do maior do Centro-Oeste, o Vila Nova Futebol Clube. Casado com Meirilane Dias, \u00e9 pai de Juliana Dias, jornalista; Daniel Dias, economista; e Maria Rosa Dias, estudante antifascista, socialista e trotskista.\u00a0Com tr\u00eas pets: Porquinho [Bull Dog Franc\u00eas], Dalila [Basset Hound] e Geleia [Basset Hound]. Al\u00e9m do eterno gato Tutuquinho, que virou estrela.","sameAs":["https:\/\/www.facebook.com\/renato.dias.37","#breve","https:\/\/renatodias.tumblr.com\/"],"url":"https:\/\/renatodias.online\/movimento\/author\/renatodias\/"}]}},"_links":{"self":[{"href":"https:\/\/renatodias.online\/movimento\/wp-json\/wp\/v2\/posts\/6449","targetHints":{"allow":["GET"]}}],"collection":[{"href":"https:\/\/renatodias.online\/movimento\/wp-json\/wp\/v2\/posts"}],"about":[{"href":"https:\/\/renatodias.online\/movimento\/wp-json\/wp\/v2\/types\/post"}],"author":[{"embeddable":true,"href":"https:\/\/renatodias.online\/movimento\/wp-json\/wp\/v2\/users\/2"}],"replies":[{"embeddable":true,"href":"https:\/\/renatodias.online\/movimento\/wp-json\/wp\/v2\/comments?post=6449"}],"version-history":[{"count":1,"href":"https:\/\/renatodias.online\/movimento\/wp-json\/wp\/v2\/posts\/6449\/revisions"}],"predecessor-version":[{"id":6455,"href":"https:\/\/renatodias.online\/movimento\/wp-json\/wp\/v2\/posts\/6449\/revisions\/6455"}],"wp:featuredmedia":[{"embeddable":true,"href":"https:\/\/renatodias.online\/movimento\/wp-json\/wp\/v2\/media\/6450"}],"wp:attachment":[{"href":"https:\/\/renatodias.online\/movimento\/wp-json\/wp\/v2\/media?parent=6449"}],"wp:term":[{"taxonomy":"category","embeddable":true,"href":"https:\/\/renatodias.online\/movimento\/wp-json\/wp\/v2\/categories?post=6449"},{"taxonomy":"post_tag","embeddable":true,"href":"https:\/\/renatodias.online\/movimento\/wp-json\/wp\/v2\/tags?post=6449"}],"curies":[{"name":"wp","href":"https:\/\/api.w.org\/{rel}","templated":true}]}}