{"id":6357,"date":"2021-04-26T20:11:27","date_gmt":"2021-04-26T23:11:27","guid":{"rendered":"https:\/\/renatodias.online\/movimento\/?p=6357"},"modified":"2021-04-26T20:13:56","modified_gmt":"2021-04-26T23:13:56","slug":"pandemia-e-a-crise-economica-tem-dna-de-caiado-e-bolsonaro","status":"publish","type":"post","link":"https:\/\/renatodias.online\/movimento\/2021\/04\/26\/pandemia-e-a-crise-economica-tem-dna-de-caiado-e-bolsonaro\/","title":{"rendered":"PANDEMIA E A CRISE ECON\u00d4MICA T\u00caM DNA DE  CAIADO  E BOLSONARO"},"content":{"rendered":"<p><strong> <img loading=\"lazy\" decoding=\"async\" class=\"size-full wp-image-5267 aligncenter\" src=\"https:\/\/renatodias.online\/movimento\/wp-content\/uploads\/2021\/02\/WhatsApp-Image-2021-02-25-at-21.24.17.jpeg\" alt=\"\" width=\"650\" height=\"350\" \/><\/strong><\/p>\n<p><span style=\"color: #ff0000;\"><strong>\u00cdndices de cont\u00e1gio, \u00a0400 mil mortes, falta de vacinas, queda do PIB, infla\u00e7\u00e3o, desemprego, inseguran\u00e7a alimentar, amea\u00e7as de desestabiliza\u00e7\u00e3o das institui\u00e7\u00f5es da democracia<\/strong><\/span><\/p>\n<p>&nbsp;<\/p>\n<p><strong>Renato Dias<\/strong><\/p>\n<p>O ano de 2021 \u00e9 o pior dos \u00faltimos 100 anos, diz o ex &#8211; presidente da Assembleia Legislativa do Estado <strong>Jardel Sebba<\/strong>. Grave como a Gripe Espanhola, de 1918, e o crash da Bolsa de New York, em 1929, relata o m\u00e9dico, ex &#8211; prefeito de Catal\u00e3o e ex &#8211; secret\u00e1rio de Estado de Gabinete.<\/p>\n<p><strong>_ Jair Bolsonaro e Ronaldo Caiado s\u00e3o os respons\u00e1veis tanto pela crise sanit\u00e1ria e de sa\u00fade p\u00fablica quanto pelo caos na economia.<\/strong><\/p>\n<figure id=\"attachment_6319\" aria-describedby=\"caption-attachment-6319\" style=\"width: 1024px\" class=\"wp-caption alignnone\"><img loading=\"lazy\" decoding=\"async\" class=\"size-large wp-image-6319\" src=\"https:\/\/renatodias.online\/movimento\/wp-content\/uploads\/2021\/04\/Jardel-Sebba-_-2-_-Mix-1024x681.jpg\" alt=\"\" width=\"1024\" height=\"681\" \/><figcaption id=\"caption-attachment-6319\" class=\"wp-caption-text\">Jardel Sebba<\/figcaption><\/figure>\n<p>&nbsp;<\/p>\n<p><strong><img loading=\"lazy\" decoding=\"async\" class=\"alignnone size-large wp-image-6320\" src=\"https:\/\/renatodias.online\/movimento\/wp-content\/uploads\/2021\/04\/Crash-de-Bolsa-de-New-York-1929-_-4-Mix-1024x820.jpg\" alt=\"\" width=\"1024\" height=\"820\" srcset=\"https:\/\/renatodias.online\/movimento\/wp-content\/uploads\/2021\/04\/Crash-de-Bolsa-de-New-York-1929-_-4-Mix-1024x820.jpg 1024w, https:\/\/renatodias.online\/movimento\/wp-content\/uploads\/2021\/04\/Crash-de-Bolsa-de-New-York-1929-_-4-Mix-300x240.jpg 300w, https:\/\/renatodias.online\/movimento\/wp-content\/uploads\/2021\/04\/Crash-de-Bolsa-de-New-York-1929-_-4-Mix-768x615.jpg 768w, https:\/\/renatodias.online\/movimento\/wp-content\/uploads\/2021\/04\/Crash-de-Bolsa-de-New-York-1929-_-4-Mix-750x601.jpg 750w, https:\/\/renatodias.online\/movimento\/wp-content\/uploads\/2021\/04\/Crash-de-Bolsa-de-New-York-1929-_-4-Mix.jpg 1140w\" sizes=\"auto, (max-width: 1024px) 100vw, 1024px\" \/><\/strong><\/p>\n<p>O doutor em Ci\u00eancias Pol\u00edticas, <strong>S\u00edlvio Costa<\/strong> aponta a crise estrutural e end\u00eamica oriunda em 2008, que aprofunda &#8211; se sob Michel Temer e atinge o \u00e1pice com Jair Bolsonaro. A crise \u00e9 glo\u00adbal, pontua. Goi\u00e1s sofre os efeitos, cr\u00ea. A tend\u00eancia \u00e9 de agravamento, prev\u00ea o soci\u00f3logo.<\/p>\n<p><strong>_ Da crise mundial, no Brasil e no Estado. N\u00e3o h\u00e1 sa\u00eddas sem reformas estruturais. As medidas da Uni\u00e3o devem ampliar o caos.<\/strong><\/p>\n<figure id=\"attachment_5519\" aria-describedby=\"caption-attachment-5519\" style=\"width: 792px\" class=\"wp-caption alignnone\"><img loading=\"lazy\" decoding=\"async\" class=\"size-full wp-image-5519\" src=\"https:\/\/renatodias.online\/movimento\/wp-content\/uploads\/2021\/03\/Silvio-Costa.jpg\" alt=\"Silvio Costa\" width=\"792\" height=\"792\" \/><figcaption id=\"caption-attachment-5519\" class=\"wp-caption-text\">Silvio Costa<\/figcaption><\/figure>\n<figure id=\"attachment_6321\" aria-describedby=\"caption-attachment-6321\" style=\"width: 620px\" class=\"wp-caption aligncenter\"><img loading=\"lazy\" decoding=\"async\" class=\"size-full wp-image-6321\" src=\"https:\/\/renatodias.online\/movimento\/wp-content\/uploads\/2021\/04\/Michel-Temer-_-6-Mix-_-Uol.jpeg\" alt=\"\" width=\"620\" height=\"1057\" \/><figcaption id=\"caption-attachment-6321\" class=\"wp-caption-text\">Michel Temer<\/figcaption><\/figure>\n<p><strong>\u00a0<\/strong><\/p>\n<p><strong>\u00a0<\/strong><\/p>\n<figure id=\"attachment_6322\" aria-describedby=\"caption-attachment-6322\" style=\"width: 327px\" class=\"wp-caption aligncenter\"><img loading=\"lazy\" decoding=\"async\" class=\"size-full wp-image-6322\" src=\"https:\/\/renatodias.online\/movimento\/wp-content\/uploads\/2021\/04\/Jair-Bolsonaro.jpg\" alt=\"\" width=\"327\" height=\"450\" srcset=\"https:\/\/renatodias.online\/movimento\/wp-content\/uploads\/2021\/04\/Jair-Bolsonaro.jpg 327w, https:\/\/renatodias.online\/movimento\/wp-content\/uploads\/2021\/04\/Jair-Bolsonaro-218x300.jpg 218w\" sizes=\"auto, (max-width: 327px) 100vw, 327px\" \/><figcaption id=\"caption-attachment-6322\" class=\"wp-caption-text\">Jair Bolsonaro<\/figcaption><\/figure>\n<p><strong>Descalabro<\/strong>. \u00c9 a s\u00edntese da economia, em 2021, no Brasil. Quem afirma \u00e9 o jornalista, adepto do <strong>New Journalism<\/strong>, al\u00e9m de historiador de <strong>linhagem marxista<\/strong>, especialista em <strong>geopol\u00edtica<\/strong> internacional, <strong>Frederico Vitor de Oliveira<\/strong>. A crise inicia &#8211; se com o golpe de 2016, metralha.<\/p>\n<p><strong>_ O desmonte do Nacional-desenvolvimentismo, pela agenda neoliberal, executado por Paulo Guedes, \u00e9 o respons\u00e1vel pelo mix da crise : Pandemia e recess\u00e3o.<\/strong><\/p>\n<figure id=\"attachment_6323\" aria-describedby=\"caption-attachment-6323\" style=\"width: 225px\" class=\"wp-caption aligncenter\"><img loading=\"lazy\" decoding=\"async\" class=\"size-full wp-image-6323\" src=\"https:\/\/renatodias.online\/movimento\/wp-content\/uploads\/2021\/04\/Frederico-Vitor-de-Oliveira-reportagem.jpg\" alt=\"\" width=\"225\" height=\"224\" srcset=\"https:\/\/renatodias.online\/movimento\/wp-content\/uploads\/2021\/04\/Frederico-Vitor-de-Oliveira-reportagem.jpg 225w, https:\/\/renatodias.online\/movimento\/wp-content\/uploads\/2021\/04\/Frederico-Vitor-de-Oliveira-reportagem-150x150.jpg 150w\" sizes=\"auto, (max-width: 225px) 100vw, 225px\" \/><figcaption id=\"caption-attachment-6323\" class=\"wp-caption-text\">Frederico Vitor de Oliveira<\/figcaption><\/figure>\n<p><strong><img loading=\"lazy\" decoding=\"async\" class=\"alignnone size-full wp-image-6324\" src=\"https:\/\/renatodias.online\/movimento\/wp-content\/uploads\/2021\/04\/Paulo-Guedes-_-8-Mix.jpg\" alt=\"\" width=\"281\" height=\"179\" \/><\/strong><\/p>\n<figure id=\"attachment_6325\" aria-describedby=\"caption-attachment-6325\" style=\"width: 615px\" class=\"wp-caption aligncenter\"><img loading=\"lazy\" decoding=\"async\" class=\"size-full wp-image-6325\" src=\"https:\/\/renatodias.online\/movimento\/wp-content\/uploads\/2021\/04\/A-queda-do-PIB-em-2020-_-9-uol.jpg\" alt=\"\" width=\"615\" height=\"300\" srcset=\"https:\/\/renatodias.online\/movimento\/wp-content\/uploads\/2021\/04\/A-queda-do-PIB-em-2020-_-9-uol.jpg 615w, https:\/\/renatodias.online\/movimento\/wp-content\/uploads\/2021\/04\/A-queda-do-PIB-em-2020-_-9-uol-300x146.jpg 300w\" sizes=\"auto, (max-width: 615px) 100vw, 615px\" \/><figcaption id=\"caption-attachment-6325\" class=\"wp-caption-text\">A queda do PIB, em 2020<\/figcaption><\/figure>\n<p>Advogado especialista em Direito Empresarial, <strong>Luciano Almeida de Oliveira<\/strong> informa com exclusividade ao <strong>Portal de Not\u00edcias <\/strong><a href=\"http:\/\/www.renatodias.online\"><strong>www.renatodias.online<\/strong><\/a> que os indicadores da economia traduzem o elevado grau de desconfian\u00e7a dos empres\u00e1rios nacionais e internacionais.<\/p>\n<p><strong>_ Falta confian\u00e7a? Faltar\u00e3o investimentos no mercado. \u00c9 simples. Assim.<\/strong><\/p>\n<figure id=\"attachment_6326\" aria-describedby=\"caption-attachment-6326\" style=\"width: 960px\" class=\"wp-caption alignnone\"><img loading=\"lazy\" decoding=\"async\" class=\"size-full wp-image-6326\" src=\"https:\/\/renatodias.online\/movimento\/wp-content\/uploads\/2021\/04\/Luciano-Almeida-de-Oliveira-10-Mix.jpg\" alt=\"\" width=\"960\" height=\"800\" srcset=\"https:\/\/renatodias.online\/movimento\/wp-content\/uploads\/2021\/04\/Luciano-Almeida-de-Oliveira-10-Mix.jpg 960w, https:\/\/renatodias.online\/movimento\/wp-content\/uploads\/2021\/04\/Luciano-Almeida-de-Oliveira-10-Mix-300x250.jpg 300w, https:\/\/renatodias.online\/movimento\/wp-content\/uploads\/2021\/04\/Luciano-Almeida-de-Oliveira-10-Mix-768x640.jpg 768w, https:\/\/renatodias.online\/movimento\/wp-content\/uploads\/2021\/04\/Luciano-Almeida-de-Oliveira-10-Mix-750x625.jpg 750w\" sizes=\"auto, (max-width: 960px) 100vw, 960px\" \/><figcaption id=\"caption-attachment-6326\" class=\"wp-caption-text\">Luciano Almeida de Oliveira<\/figcaption><\/figure>\n<figure id=\"attachment_6327\" aria-describedby=\"caption-attachment-6327\" style=\"width: 1500px\" class=\"wp-caption alignnone\"><img loading=\"lazy\" decoding=\"async\" class=\"size-full wp-image-6327\" src=\"https:\/\/renatodias.online\/movimento\/wp-content\/uploads\/2021\/04\/Processo-de-desindustrializacao-11-Mix.jpg\" alt=\"\" width=\"1500\" height=\"1004\" srcset=\"https:\/\/renatodias.online\/movimento\/wp-content\/uploads\/2021\/04\/Processo-de-desindustrializacao-11-Mix.jpg 1500w, https:\/\/renatodias.online\/movimento\/wp-content\/uploads\/2021\/04\/Processo-de-desindustrializacao-11-Mix-300x201.jpg 300w, https:\/\/renatodias.online\/movimento\/wp-content\/uploads\/2021\/04\/Processo-de-desindustrializacao-11-Mix-1024x685.jpg 1024w, https:\/\/renatodias.online\/movimento\/wp-content\/uploads\/2021\/04\/Processo-de-desindustrializacao-11-Mix-768x514.jpg 768w, https:\/\/renatodias.online\/movimento\/wp-content\/uploads\/2021\/04\/Processo-de-desindustrializacao-11-Mix-360x240.jpg 360w, https:\/\/renatodias.online\/movimento\/wp-content\/uploads\/2021\/04\/Processo-de-desindustrializacao-11-Mix-750x502.jpg 750w\" sizes=\"auto, (max-width: 1500px) 100vw, 1500px\" \/><figcaption id=\"caption-attachment-6327\" class=\"wp-caption-text\">Processo de desindustrializa\u00e7\u00e3o<\/figcaption><\/figure>\n<figure id=\"attachment_6328\" aria-describedby=\"caption-attachment-6328\" style=\"width: 810px\" class=\"wp-caption alignnone\"><img loading=\"lazy\" decoding=\"async\" class=\"size-full wp-image-6328\" src=\"https:\/\/renatodias.online\/movimento\/wp-content\/uploads\/2021\/04\/Fuga-de-investimentos-12-Mix.png\" alt=\"\" width=\"810\" height=\"450\" srcset=\"https:\/\/renatodias.online\/movimento\/wp-content\/uploads\/2021\/04\/Fuga-de-investimentos-12-Mix.png 810w, https:\/\/renatodias.online\/movimento\/wp-content\/uploads\/2021\/04\/Fuga-de-investimentos-12-Mix-300x167.png 300w, https:\/\/renatodias.online\/movimento\/wp-content\/uploads\/2021\/04\/Fuga-de-investimentos-12-Mix-768x427.png 768w, https:\/\/renatodias.online\/movimento\/wp-content\/uploads\/2021\/04\/Fuga-de-investimentos-12-Mix-750x417.png 750w\" sizes=\"auto, (max-width: 810px) 100vw, 810px\" \/><figcaption id=\"caption-attachment-6328\" class=\"wp-caption-text\">A fuga de investimentos de capitais<\/figcaption><\/figure>\n<p>Historiador, <strong>Reinaldo Assis Pantale\u00e3o<\/strong> revela que o Pa\u00eds\u00a0 vive, hoje, uma quebradeira. Motivo: a pol\u00edtica macroecon\u00f4mica adotada por Paulo Guedes. Um modelo do Chile, de Augusto Pinochet, atira. J\u00e1 o inquilino da Casa Verde, Ronaldo Caiado,\u00a0 afunda a economia local, fuzila.<\/p>\n<figure id=\"attachment_5850\" aria-describedby=\"caption-attachment-5850\" style=\"width: 1152px\" class=\"wp-caption alignnone\"><img loading=\"lazy\" decoding=\"async\" class=\"size-full wp-image-5850\" src=\"https:\/\/renatodias.online\/movimento\/wp-content\/uploads\/2021\/04\/WhatsApp-Image-2021-04-02-at-21.05.14-2.jpeg\" alt=\"Reinaldo Pantale\u00e3o\" width=\"1152\" height=\"1152\" srcset=\"https:\/\/renatodias.online\/movimento\/wp-content\/uploads\/2021\/04\/WhatsApp-Image-2021-04-02-at-21.05.14-2.jpeg 1152w, https:\/\/renatodias.online\/movimento\/wp-content\/uploads\/2021\/04\/WhatsApp-Image-2021-04-02-at-21.05.14-2-300x300.jpeg 300w, https:\/\/renatodias.online\/movimento\/wp-content\/uploads\/2021\/04\/WhatsApp-Image-2021-04-02-at-21.05.14-2-1024x1024.jpeg 1024w, https:\/\/renatodias.online\/movimento\/wp-content\/uploads\/2021\/04\/WhatsApp-Image-2021-04-02-at-21.05.14-2-150x150.jpeg 150w, https:\/\/renatodias.online\/movimento\/wp-content\/uploads\/2021\/04\/WhatsApp-Image-2021-04-02-at-21.05.14-2-768x768.jpeg 768w, https:\/\/renatodias.online\/movimento\/wp-content\/uploads\/2021\/04\/WhatsApp-Image-2021-04-02-at-21.05.14-2-750x750.jpeg 750w\" sizes=\"auto, (max-width: 1152px) 100vw, 1152px\" \/><figcaption id=\"caption-attachment-5850\" class=\"wp-caption-text\">Reinaldo Pantale\u00e3o<\/figcaption><\/figure>\n<p><strong>_ Pobre Estado de Goi\u00e1s. Com 7,2 milh\u00f5es de atingidos. Pelos desgovernos. De Jair Messias Bolsonaro e de Ronaldo Caiado.<\/strong><\/p>\n<figure id=\"attachment_6329\" aria-describedby=\"caption-attachment-6329\" style=\"width: 759px\" class=\"wp-caption alignnone\"><img loading=\"lazy\" decoding=\"async\" class=\"size-full wp-image-6329\" src=\"https:\/\/renatodias.online\/movimento\/wp-content\/uploads\/2021\/04\/Augusto-Pinochet-_-14-Mix.jpg\" alt=\"\" width=\"759\" height=\"500\" srcset=\"https:\/\/renatodias.online\/movimento\/wp-content\/uploads\/2021\/04\/Augusto-Pinochet-_-14-Mix.jpg 759w, https:\/\/renatodias.online\/movimento\/wp-content\/uploads\/2021\/04\/Augusto-Pinochet-_-14-Mix-300x198.jpg 300w, https:\/\/renatodias.online\/movimento\/wp-content\/uploads\/2021\/04\/Augusto-Pinochet-_-14-Mix-750x494.jpg 750w\" sizes=\"auto, (max-width: 759px) 100vw, 759px\" \/><figcaption id=\"caption-attachment-6329\" class=\"wp-caption-text\">Augusto Pinochet<\/figcaption><\/figure>\n<p>O advogado especialista em Direito Empresarial, Previdenci\u00e1rio, Tribut\u00e1rio e Trabalhista,<strong> Jo\u00e3o Pina<\/strong>, aponta a crise que grassa o tecido social, em Goi\u00e1s, ataca a suspens\u00e3o dos programas so\u00adciais como Renda Cidad\u00e3, Cheque Moradia e v\u00ea despreparo no exerc\u00edcio do Poder, em Goi\u00e1s.<\/p>\n<p><strong>_ Ronaldo Caiado, que alegou n\u00e3o querer o voto do eleitor que protestava, executa uma gest\u00e3o p\u00fablica p\u00edfia. Lament\u00e1vel. <\/strong><\/p>\n<figure id=\"attachment_6330\" aria-describedby=\"caption-attachment-6330\" style=\"width: 720px\" class=\"wp-caption alignnone\"><img loading=\"lazy\" decoding=\"async\" class=\"size-full wp-image-6330\" src=\"https:\/\/renatodias.online\/movimento\/wp-content\/uploads\/2021\/04\/Joao-Pina-_-Mix.jpg\" alt=\"\" width=\"720\" height=\"960\" srcset=\"https:\/\/renatodias.online\/movimento\/wp-content\/uploads\/2021\/04\/Joao-Pina-_-Mix.jpg 720w, https:\/\/renatodias.online\/movimento\/wp-content\/uploads\/2021\/04\/Joao-Pina-_-Mix-225x300.jpg 225w\" sizes=\"auto, (max-width: 720px) 100vw, 720px\" \/><figcaption id=\"caption-attachment-6330\" class=\"wp-caption-text\">Jo\u00e3o Pina<\/figcaption><\/figure>\n<p><strong>\u00a0<\/strong><\/p>\n","protected":false},"excerpt":{"rendered":"<p>\u00cdndices de cont\u00e1gio, \u00a0400 mil mortes, falta de vacinas, queda do PIB, infla\u00e7\u00e3o, desemprego, inseguran\u00e7a alimentar, amea\u00e7as de desestabiliza\u00e7\u00e3o das institui\u00e7\u00f5es da democracia &nbsp; Renato Dias O ano de 2021 \u00e9 o pior dos \u00faltimos 100 anos, diz o ex &#8211; presidente da Assembleia Legislativa do Estado Jardel Sebba. Grave como a Gripe Espanhola, de<\/p>\n","protected":false},"author":2,"featured_media":6358,"comment_status":"open","ping_status":"open","sticky":false,"template":"","format":"standard","meta":{"_acf_changed":false,"_monsterinsights_skip_tracking":false,"_monsterinsights_sitenote_active":false,"_monsterinsights_sitenote_note":"","_monsterinsights_sitenote_category":0,"footnotes":""},"categories":[4],"tags":[],"class_list":["post-6357","post","type-post","status-publish","format-standard","has-post-thumbnail","hentry","category-politica"],"acf":[],"yoast_head":"<!-- This site is optimized with the Yoast SEO plugin v27.4 - https:\/\/yoast.com\/product\/yoast-seo-wordpress\/ -->\n<title>PANDEMIA E A CRISE ECON\u00d4MICA T\u00caM DNA DE CAIADO E BOLSONARO -<\/title>\n<meta name=\"robots\" content=\"index, follow, max-snippet:-1, max-image-preview:large, max-video-preview:-1\" \/>\n<link rel=\"canonical\" href=\"https:\/\/renatodias.online\/movimento\/2021\/04\/26\/pandemia-e-a-crise-economica-tem-dna-de-caiado-e-bolsonaro\/\" \/>\n<meta property=\"og:locale\" content=\"pt_BR\" \/>\n<meta property=\"og:type\" content=\"article\" \/>\n<meta property=\"og:title\" content=\"PANDEMIA E A CRISE ECON\u00d4MICA T\u00caM DNA DE CAIADO E BOLSONARO -\" \/>\n<meta property=\"og:description\" content=\"\u00cdndices de cont\u00e1gio, \u00a0400 mil mortes, falta de vacinas, queda do PIB, infla\u00e7\u00e3o, desemprego, inseguran\u00e7a alimentar, amea\u00e7as de desestabiliza\u00e7\u00e3o das institui\u00e7\u00f5es da democracia &nbsp; Renato Dias O ano de 2021 \u00e9 o pior dos \u00faltimos 100 anos, diz o ex &#8211; presidente da Assembleia Legislativa do Estado Jardel Sebba. Grave como a Gripe Espanhola, de\" \/>\n<meta property=\"og:url\" content=\"https:\/\/renatodias.online\/movimento\/2021\/04\/26\/pandemia-e-a-crise-economica-tem-dna-de-caiado-e-bolsonaro\/\" \/>\n<meta property=\"article:publisher\" content=\"https:\/\/www.facebook.com\/renato.dias.37\" \/>\n<meta property=\"article:author\" content=\"https:\/\/www.facebook.com\/renato.dias.37\" \/>\n<meta property=\"article:published_time\" content=\"2021-04-26T23:11:27+00:00\" \/>\n<meta property=\"article:modified_time\" content=\"2021-04-26T23:13:56+00:00\" \/>\n<meta property=\"og:image\" content=\"https:\/\/renatodias.online\/movimento\/wp-content\/uploads\/2021\/04\/ronadocaiado.jpg\" \/>\n\t<meta property=\"og:image:width\" content=\"839\" \/>\n\t<meta property=\"og:image:height\" content=\"600\" \/>\n\t<meta property=\"og:image:type\" content=\"image\/jpeg\" \/>\n<meta name=\"author\" content=\"Renato Dias\" \/>\n<meta name=\"twitter:card\" content=\"summary_large_image\" \/>\n<meta name=\"twitter:creator\" content=\"@RenatoDiasBat\" \/>\n<meta name=\"twitter:site\" content=\"@RenatoDiasBat\" \/>\n<meta name=\"twitter:label1\" content=\"Escrito por\" \/>\n\t<meta name=\"twitter:data1\" content=\"Renato Dias\" \/>\n\t<meta name=\"twitter:label2\" content=\"Est. tempo de leitura\" \/>\n\t<meta name=\"twitter:data2\" content=\"3 minutos\" \/>\n<script type=\"application\/ld+json\" class=\"yoast-schema-graph\">{\"@context\":\"https:\\\/\\\/schema.org\",\"@graph\":[{\"@type\":\"Article\",\"@id\":\"https:\\\/\\\/renatodias.online\\\/movimento\\\/2021\\\/04\\\/26\\\/pandemia-e-a-crise-economica-tem-dna-de-caiado-e-bolsonaro\\\/#article\",\"isPartOf\":{\"@id\":\"https:\\\/\\\/renatodias.online\\\/movimento\\\/2021\\\/04\\\/26\\\/pandemia-e-a-crise-economica-tem-dna-de-caiado-e-bolsonaro\\\/\"},\"author\":{\"name\":\"Renato Dias\",\"@id\":\"https:\\\/\\\/renatodias.online\\\/movimento\\\/#\\\/schema\\\/person\\\/bbab28833b1725a20f4083f49f1fb2a9\"},\"headline\":\"PANDEMIA E A CRISE ECON\u00d4MICA T\u00caM DNA DE CAIADO E BOLSONARO\",\"datePublished\":\"2021-04-26T23:11:27+00:00\",\"dateModified\":\"2021-04-26T23:13:56+00:00\",\"mainEntityOfPage\":{\"@id\":\"https:\\\/\\\/renatodias.online\\\/movimento\\\/2021\\\/04\\\/26\\\/pandemia-e-a-crise-economica-tem-dna-de-caiado-e-bolsonaro\\\/\"},\"wordCount\":577,\"commentCount\":0,\"publisher\":{\"@id\":\"https:\\\/\\\/renatodias.online\\\/movimento\\\/#\\\/schema\\\/person\\\/bbab28833b1725a20f4083f49f1fb2a9\"},\"image\":{\"@id\":\"https:\\\/\\\/renatodias.online\\\/movimento\\\/2021\\\/04\\\/26\\\/pandemia-e-a-crise-economica-tem-dna-de-caiado-e-bolsonaro\\\/#primaryimage\"},\"thumbnailUrl\":\"https:\\\/\\\/renatodias.online\\\/movimento\\\/wp-content\\\/uploads\\\/2021\\\/04\\\/ronadocaiado.jpg\",\"articleSection\":[\"Pol\u00edtica\"],\"inLanguage\":\"pt-BR\",\"potentialAction\":[{\"@type\":\"CommentAction\",\"name\":\"Comment\",\"target\":[\"https:\\\/\\\/renatodias.online\\\/movimento\\\/2021\\\/04\\\/26\\\/pandemia-e-a-crise-economica-tem-dna-de-caiado-e-bolsonaro\\\/#respond\"]}]},{\"@type\":\"WebPage\",\"@id\":\"https:\\\/\\\/renatodias.online\\\/movimento\\\/2021\\\/04\\\/26\\\/pandemia-e-a-crise-economica-tem-dna-de-caiado-e-bolsonaro\\\/\",\"url\":\"https:\\\/\\\/renatodias.online\\\/movimento\\\/2021\\\/04\\\/26\\\/pandemia-e-a-crise-economica-tem-dna-de-caiado-e-bolsonaro\\\/\",\"name\":\"PANDEMIA E A CRISE ECON\u00d4MICA T\u00caM DNA DE CAIADO E BOLSONARO -\",\"isPartOf\":{\"@id\":\"https:\\\/\\\/renatodias.online\\\/movimento\\\/#website\"},\"primaryImageOfPage\":{\"@id\":\"https:\\\/\\\/renatodias.online\\\/movimento\\\/2021\\\/04\\\/26\\\/pandemia-e-a-crise-economica-tem-dna-de-caiado-e-bolsonaro\\\/#primaryimage\"},\"image\":{\"@id\":\"https:\\\/\\\/renatodias.online\\\/movimento\\\/2021\\\/04\\\/26\\\/pandemia-e-a-crise-economica-tem-dna-de-caiado-e-bolsonaro\\\/#primaryimage\"},\"thumbnailUrl\":\"https:\\\/\\\/renatodias.online\\\/movimento\\\/wp-content\\\/uploads\\\/2021\\\/04\\\/ronadocaiado.jpg\",\"datePublished\":\"2021-04-26T23:11:27+00:00\",\"dateModified\":\"2021-04-26T23:13:56+00:00\",\"breadcrumb\":{\"@id\":\"https:\\\/\\\/renatodias.online\\\/movimento\\\/2021\\\/04\\\/26\\\/pandemia-e-a-crise-economica-tem-dna-de-caiado-e-bolsonaro\\\/#breadcrumb\"},\"inLanguage\":\"pt-BR\",\"potentialAction\":[{\"@type\":\"ReadAction\",\"target\":[\"https:\\\/\\\/renatodias.online\\\/movimento\\\/2021\\\/04\\\/26\\\/pandemia-e-a-crise-economica-tem-dna-de-caiado-e-bolsonaro\\\/\"]}]},{\"@type\":\"ImageObject\",\"inLanguage\":\"pt-BR\",\"@id\":\"https:\\\/\\\/renatodias.online\\\/movimento\\\/2021\\\/04\\\/26\\\/pandemia-e-a-crise-economica-tem-dna-de-caiado-e-bolsonaro\\\/#primaryimage\",\"url\":\"https:\\\/\\\/renatodias.online\\\/movimento\\\/wp-content\\\/uploads\\\/2021\\\/04\\\/ronadocaiado.jpg\",\"contentUrl\":\"https:\\\/\\\/renatodias.online\\\/movimento\\\/wp-content\\\/uploads\\\/2021\\\/04\\\/ronadocaiado.jpg\",\"width\":839,\"height\":600,\"caption\":\"Ronaldo Caiado\"},{\"@type\":\"BreadcrumbList\",\"@id\":\"https:\\\/\\\/renatodias.online\\\/movimento\\\/2021\\\/04\\\/26\\\/pandemia-e-a-crise-economica-tem-dna-de-caiado-e-bolsonaro\\\/#breadcrumb\",\"itemListElement\":[{\"@type\":\"ListItem\",\"position\":1,\"name\":\"In\u00edcio\",\"item\":\"https:\\\/\\\/renatodias.online\\\/movimento\\\/\"},{\"@type\":\"ListItem\",\"position\":2,\"name\":\"PANDEMIA E A CRISE ECON\u00d4MICA T\u00caM DNA DE CAIADO E BOLSONARO\"}]},{\"@type\":\"WebSite\",\"@id\":\"https:\\\/\\\/renatodias.online\\\/movimento\\\/#website\",\"url\":\"https:\\\/\\\/renatodias.online\\\/movimento\\\/\",\"name\":\"\",\"description\":\"\",\"publisher\":{\"@id\":\"https:\\\/\\\/renatodias.online\\\/movimento\\\/#\\\/schema\\\/person\\\/bbab28833b1725a20f4083f49f1fb2a9\"},\"potentialAction\":[{\"@type\":\"SearchAction\",\"target\":{\"@type\":\"EntryPoint\",\"urlTemplate\":\"https:\\\/\\\/renatodias.online\\\/movimento\\\/?s={search_term_string}\"},\"query-input\":{\"@type\":\"PropertyValueSpecification\",\"valueRequired\":true,\"valueName\":\"search_term_string\"}}],\"inLanguage\":\"pt-BR\"},{\"@type\":[\"Person\",\"Organization\"],\"@id\":\"https:\\\/\\\/renatodias.online\\\/movimento\\\/#\\\/schema\\\/person\\\/bbab28833b1725a20f4083f49f1fb2a9\",\"name\":\"Renato Dias\",\"image\":{\"@type\":\"ImageObject\",\"inLanguage\":\"pt-BR\",\"@id\":\"https:\\\/\\\/renatodias.online\\\/movimento\\\/wp-content\\\/uploads\\\/2023\\\/03\\\/cropped-cropped-cropped-logofinal.jpeg\",\"url\":\"https:\\\/\\\/renatodias.online\\\/movimento\\\/wp-content\\\/uploads\\\/2023\\\/03\\\/cropped-cropped-cropped-logofinal.jpeg\",\"contentUrl\":\"https:\\\/\\\/renatodias.online\\\/movimento\\\/wp-content\\\/uploads\\\/2023\\\/03\\\/cropped-cropped-cropped-logofinal.jpeg\",\"width\":1280,\"height\":219,\"caption\":\"Renato Dias\"},\"logo\":{\"@id\":\"https:\\\/\\\/renatodias.online\\\/movimento\\\/wp-content\\\/uploads\\\/2023\\\/03\\\/cropped-cropped-cropped-logofinal.jpeg\"},\"description\":\"Renato Dias, 58 anos, \u00e9 graduado em Jornalismo, formado em Ci\u00eancias Sociais, com p\u00f3s-gradua\u00e7\u00e3o em Pol\u00edticas P\u00fablicas, mestre em Direito e Rela\u00e7\u00f5es Internacionais, ex-aluno extraordin\u00e1rio do Doutorado em Psicologia Social, ex-estudante do Curso de Psican\u00e1lise do Centro de Estudos Psicanal\u00edticos do Estado de Goi\u00e1s, ministrado pelo m\u00e9dico psiquiatra e psicanalista Daniel Em\u00eddio de Souza. \u00c9 autor de 30 livros-reportagem, oito document\u00e1rios, ganhou 30 pr\u00eamios e \u00e9 torcedor apaixonado do maior do Centro-Oeste, o Vila Nova Futebol Clube. Casado com Meirilane Dias, \u00e9 pai de Juliana Dias, jornalista; Daniel Dias, economista; e Maria Rosa Dias, estudante antifascista, socialista e trotskista.\u00a0Com tr\u00eas pets: Porquinho [Bull Dog Franc\u00eas], Dalila [Basset Hound] e Geleia [Basset Hound]. Al\u00e9m do eterno gato Tutuquinho, que virou estrela.\",\"sameAs\":[\"https:\\\/\\\/www.facebook.com\\\/renato.dias.37\",\"#breve\",\"https:\\\/\\\/renatodias.tumblr.com\\\/\"],\"url\":\"https:\\\/\\\/renatodias.online\\\/movimento\\\/author\\\/renatodias\\\/\"}]}<\/script>\n<!-- \/ Yoast SEO plugin. -->","yoast_head_json":{"title":"PANDEMIA E A CRISE ECON\u00d4MICA T\u00caM DNA DE CAIADO E BOLSONARO -","robots":{"index":"index","follow":"follow","max-snippet":"max-snippet:-1","max-image-preview":"max-image-preview:large","max-video-preview":"max-video-preview:-1"},"canonical":"https:\/\/renatodias.online\/movimento\/2021\/04\/26\/pandemia-e-a-crise-economica-tem-dna-de-caiado-e-bolsonaro\/","og_locale":"pt_BR","og_type":"article","og_title":"PANDEMIA E A CRISE ECON\u00d4MICA T\u00caM DNA DE CAIADO E BOLSONARO -","og_description":"\u00cdndices de cont\u00e1gio, \u00a0400 mil mortes, falta de vacinas, queda do PIB, infla\u00e7\u00e3o, desemprego, inseguran\u00e7a alimentar, amea\u00e7as de desestabiliza\u00e7\u00e3o das institui\u00e7\u00f5es da democracia &nbsp; Renato Dias O ano de 2021 \u00e9 o pior dos \u00faltimos 100 anos, diz o ex &#8211; presidente da Assembleia Legislativa do Estado Jardel Sebba. Grave como a Gripe Espanhola, de","og_url":"https:\/\/renatodias.online\/movimento\/2021\/04\/26\/pandemia-e-a-crise-economica-tem-dna-de-caiado-e-bolsonaro\/","article_publisher":"https:\/\/www.facebook.com\/renato.dias.37","article_author":"https:\/\/www.facebook.com\/renato.dias.37","article_published_time":"2021-04-26T23:11:27+00:00","article_modified_time":"2021-04-26T23:13:56+00:00","og_image":[{"width":839,"height":600,"url":"https:\/\/renatodias.online\/movimento\/wp-content\/uploads\/2021\/04\/ronadocaiado.jpg","type":"image\/jpeg"}],"author":"Renato Dias","twitter_card":"summary_large_image","twitter_creator":"@RenatoDiasBat","twitter_site":"@RenatoDiasBat","twitter_misc":{"Escrito por":"Renato Dias","Est. tempo de leitura":"3 minutos"},"schema":{"@context":"https:\/\/schema.org","@graph":[{"@type":"Article","@id":"https:\/\/renatodias.online\/movimento\/2021\/04\/26\/pandemia-e-a-crise-economica-tem-dna-de-caiado-e-bolsonaro\/#article","isPartOf":{"@id":"https:\/\/renatodias.online\/movimento\/2021\/04\/26\/pandemia-e-a-crise-economica-tem-dna-de-caiado-e-bolsonaro\/"},"author":{"name":"Renato Dias","@id":"https:\/\/renatodias.online\/movimento\/#\/schema\/person\/bbab28833b1725a20f4083f49f1fb2a9"},"headline":"PANDEMIA E A CRISE ECON\u00d4MICA T\u00caM DNA DE CAIADO E BOLSONARO","datePublished":"2021-04-26T23:11:27+00:00","dateModified":"2021-04-26T23:13:56+00:00","mainEntityOfPage":{"@id":"https:\/\/renatodias.online\/movimento\/2021\/04\/26\/pandemia-e-a-crise-economica-tem-dna-de-caiado-e-bolsonaro\/"},"wordCount":577,"commentCount":0,"publisher":{"@id":"https:\/\/renatodias.online\/movimento\/#\/schema\/person\/bbab28833b1725a20f4083f49f1fb2a9"},"image":{"@id":"https:\/\/renatodias.online\/movimento\/2021\/04\/26\/pandemia-e-a-crise-economica-tem-dna-de-caiado-e-bolsonaro\/#primaryimage"},"thumbnailUrl":"https:\/\/renatodias.online\/movimento\/wp-content\/uploads\/2021\/04\/ronadocaiado.jpg","articleSection":["Pol\u00edtica"],"inLanguage":"pt-BR","potentialAction":[{"@type":"CommentAction","name":"Comment","target":["https:\/\/renatodias.online\/movimento\/2021\/04\/26\/pandemia-e-a-crise-economica-tem-dna-de-caiado-e-bolsonaro\/#respond"]}]},{"@type":"WebPage","@id":"https:\/\/renatodias.online\/movimento\/2021\/04\/26\/pandemia-e-a-crise-economica-tem-dna-de-caiado-e-bolsonaro\/","url":"https:\/\/renatodias.online\/movimento\/2021\/04\/26\/pandemia-e-a-crise-economica-tem-dna-de-caiado-e-bolsonaro\/","name":"PANDEMIA E A CRISE ECON\u00d4MICA T\u00caM DNA DE CAIADO E BOLSONARO -","isPartOf":{"@id":"https:\/\/renatodias.online\/movimento\/#website"},"primaryImageOfPage":{"@id":"https:\/\/renatodias.online\/movimento\/2021\/04\/26\/pandemia-e-a-crise-economica-tem-dna-de-caiado-e-bolsonaro\/#primaryimage"},"image":{"@id":"https:\/\/renatodias.online\/movimento\/2021\/04\/26\/pandemia-e-a-crise-economica-tem-dna-de-caiado-e-bolsonaro\/#primaryimage"},"thumbnailUrl":"https:\/\/renatodias.online\/movimento\/wp-content\/uploads\/2021\/04\/ronadocaiado.jpg","datePublished":"2021-04-26T23:11:27+00:00","dateModified":"2021-04-26T23:13:56+00:00","breadcrumb":{"@id":"https:\/\/renatodias.online\/movimento\/2021\/04\/26\/pandemia-e-a-crise-economica-tem-dna-de-caiado-e-bolsonaro\/#breadcrumb"},"inLanguage":"pt-BR","potentialAction":[{"@type":"ReadAction","target":["https:\/\/renatodias.online\/movimento\/2021\/04\/26\/pandemia-e-a-crise-economica-tem-dna-de-caiado-e-bolsonaro\/"]}]},{"@type":"ImageObject","inLanguage":"pt-BR","@id":"https:\/\/renatodias.online\/movimento\/2021\/04\/26\/pandemia-e-a-crise-economica-tem-dna-de-caiado-e-bolsonaro\/#primaryimage","url":"https:\/\/renatodias.online\/movimento\/wp-content\/uploads\/2021\/04\/ronadocaiado.jpg","contentUrl":"https:\/\/renatodias.online\/movimento\/wp-content\/uploads\/2021\/04\/ronadocaiado.jpg","width":839,"height":600,"caption":"Ronaldo Caiado"},{"@type":"BreadcrumbList","@id":"https:\/\/renatodias.online\/movimento\/2021\/04\/26\/pandemia-e-a-crise-economica-tem-dna-de-caiado-e-bolsonaro\/#breadcrumb","itemListElement":[{"@type":"ListItem","position":1,"name":"In\u00edcio","item":"https:\/\/renatodias.online\/movimento\/"},{"@type":"ListItem","position":2,"name":"PANDEMIA E A CRISE ECON\u00d4MICA T\u00caM DNA DE CAIADO E BOLSONARO"}]},{"@type":"WebSite","@id":"https:\/\/renatodias.online\/movimento\/#website","url":"https:\/\/renatodias.online\/movimento\/","name":"","description":"","publisher":{"@id":"https:\/\/renatodias.online\/movimento\/#\/schema\/person\/bbab28833b1725a20f4083f49f1fb2a9"},"potentialAction":[{"@type":"SearchAction","target":{"@type":"EntryPoint","urlTemplate":"https:\/\/renatodias.online\/movimento\/?s={search_term_string}"},"query-input":{"@type":"PropertyValueSpecification","valueRequired":true,"valueName":"search_term_string"}}],"inLanguage":"pt-BR"},{"@type":["Person","Organization"],"@id":"https:\/\/renatodias.online\/movimento\/#\/schema\/person\/bbab28833b1725a20f4083f49f1fb2a9","name":"Renato Dias","image":{"@type":"ImageObject","inLanguage":"pt-BR","@id":"https:\/\/renatodias.online\/movimento\/wp-content\/uploads\/2023\/03\/cropped-cropped-cropped-logofinal.jpeg","url":"https:\/\/renatodias.online\/movimento\/wp-content\/uploads\/2023\/03\/cropped-cropped-cropped-logofinal.jpeg","contentUrl":"https:\/\/renatodias.online\/movimento\/wp-content\/uploads\/2023\/03\/cropped-cropped-cropped-logofinal.jpeg","width":1280,"height":219,"caption":"Renato Dias"},"logo":{"@id":"https:\/\/renatodias.online\/movimento\/wp-content\/uploads\/2023\/03\/cropped-cropped-cropped-logofinal.jpeg"},"description":"Renato Dias, 58 anos, \u00e9 graduado em Jornalismo, formado em Ci\u00eancias Sociais, com p\u00f3s-gradua\u00e7\u00e3o em Pol\u00edticas P\u00fablicas, mestre em Direito e Rela\u00e7\u00f5es Internacionais, ex-aluno extraordin\u00e1rio do Doutorado em Psicologia Social, ex-estudante do Curso de Psican\u00e1lise do Centro de Estudos Psicanal\u00edticos do Estado de Goi\u00e1s, ministrado pelo m\u00e9dico psiquiatra e psicanalista Daniel Em\u00eddio de Souza. \u00c9 autor de 30 livros-reportagem, oito document\u00e1rios, ganhou 30 pr\u00eamios e \u00e9 torcedor apaixonado do maior do Centro-Oeste, o Vila Nova Futebol Clube. Casado com Meirilane Dias, \u00e9 pai de Juliana Dias, jornalista; Daniel Dias, economista; e Maria Rosa Dias, estudante antifascista, socialista e trotskista.\u00a0Com tr\u00eas pets: Porquinho [Bull Dog Franc\u00eas], Dalila [Basset Hound] e Geleia [Basset Hound]. Al\u00e9m do eterno gato Tutuquinho, que virou estrela.","sameAs":["https:\/\/www.facebook.com\/renato.dias.37","#breve","https:\/\/renatodias.tumblr.com\/"],"url":"https:\/\/renatodias.online\/movimento\/author\/renatodias\/"}]}},"_links":{"self":[{"href":"https:\/\/renatodias.online\/movimento\/wp-json\/wp\/v2\/posts\/6357","targetHints":{"allow":["GET"]}}],"collection":[{"href":"https:\/\/renatodias.online\/movimento\/wp-json\/wp\/v2\/posts"}],"about":[{"href":"https:\/\/renatodias.online\/movimento\/wp-json\/wp\/v2\/types\/post"}],"author":[{"embeddable":true,"href":"https:\/\/renatodias.online\/movimento\/wp-json\/wp\/v2\/users\/2"}],"replies":[{"embeddable":true,"href":"https:\/\/renatodias.online\/movimento\/wp-json\/wp\/v2\/comments?post=6357"}],"version-history":[{"count":2,"href":"https:\/\/renatodias.online\/movimento\/wp-json\/wp\/v2\/posts\/6357\/revisions"}],"predecessor-version":[{"id":6360,"href":"https:\/\/renatodias.online\/movimento\/wp-json\/wp\/v2\/posts\/6357\/revisions\/6360"}],"wp:featuredmedia":[{"embeddable":true,"href":"https:\/\/renatodias.online\/movimento\/wp-json\/wp\/v2\/media\/6358"}],"wp:attachment":[{"href":"https:\/\/renatodias.online\/movimento\/wp-json\/wp\/v2\/media?parent=6357"}],"wp:term":[{"taxonomy":"category","embeddable":true,"href":"https:\/\/renatodias.online\/movimento\/wp-json\/wp\/v2\/categories?post=6357"},{"taxonomy":"post_tag","embeddable":true,"href":"https:\/\/renatodias.online\/movimento\/wp-json\/wp\/v2\/tags?post=6357"}],"curies":[{"name":"wp","href":"https:\/\/api.w.org\/{rel}","templated":true}]}}