{"id":6161,"date":"2018-04-19T22:59:21","date_gmt":"2018-04-20T01:59:21","guid":{"rendered":"https:\/\/renatodias.online\/movimento\/?p=6161"},"modified":"2021-04-19T23:06:59","modified_gmt":"2021-04-20T02:06:59","slug":"guerrilha-do-araguaia","status":"publish","type":"post","link":"https:\/\/renatodias.online\/movimento\/2018\/04\/19\/guerrilha-do-araguaia\/","title":{"rendered":"GUERRILHA DO ARAGUAIA"},"content":{"rendered":"<p><span style=\"color: #ff0000;\"><strong>Anos de chumbo (1972-1975)<\/strong><\/span><\/p>\n<p><img loading=\"lazy\" decoding=\"async\" class=\" wp-image-5929 aligncenter\" src=\"https:\/\/renatodias.online\/movimento\/wp-content\/uploads\/2021\/04\/Especial.jpg\" alt=\"\" width=\"220\" height=\"220\" srcset=\"https:\/\/renatodias.online\/movimento\/wp-content\/uploads\/2021\/04\/Especial.jpg 200w, https:\/\/renatodias.online\/movimento\/wp-content\/uploads\/2021\/04\/Especial-150x150.jpg 150w\" sizes=\"auto, (max-width: 220px) 100vw, 220px\" \/><\/p>\n<p>&nbsp;<\/p>\n<h1><strong>GUERRILHA DO ARAGUAIA<\/strong><\/h1>\n<p>\u201cA ordem era matar\u201d<\/p>\n<p>&nbsp;<\/p>\n<p><strong>For\u00e7as Armadas executaram tr\u00eas campanhas e seis opera\u00e7\u00f5es no Araguaia<\/strong><\/p>\n<p><strong>56 guerrilheiros, 32 camponeses e sete militares teriam morrido \u00e0 \u00e9poca<\/strong><\/p>\n<p><strong>Goiano Divino Ferreira de Sousa, o Nunes, morreu em 1973, na Casa Azul<\/strong><\/p>\n<p><strong>Historiador revela com exclusividade cadeia de comando e modus operandis<\/strong><\/p>\n<p>&nbsp;<\/p>\n<p><strong>Renato Dias<\/strong><\/p>\n<p><strong>Da Editoria de Pol\u00edtica e Justi\u00e7a<\/strong><\/p>\n<p>&nbsp;<\/p>\n<p>Com cadeias de comando diferentes, modus operandis distintos, a guerrilha Araguaia, conflito ocorrido entre os turbulentos anos de\u00a0 1972 a 1975 no norte de Goi\u00e1s [Atual Estado do Tocantins], sul do Par\u00e1 e Maranh\u00e3, teve tr\u00eas campanhas militares, seis opera\u00e7\u00f5es, deixou um saldo tr\u00e1gico de mais de 56 guerrilheiros mortos, al\u00e9m de 32 camponeses e de sete baixas nas For\u00e7as Armadas, com desrespeito \u00e0 Conven\u00e7\u00e3o de Genebra e viola\u00e7\u00f5es graves \u00e0 Declara\u00e7\u00e3o Universal dos Direitos Humanos. \u00c9 o que revela o o jornalista e historiador em sua tese aprovada com louvor no Doutorado da Universidade de Bras\u00edlia [UNB], Hugo Studart.<\/p>\n<p>\u201cEm algum lugar das selvas amaz\u00f4nicas: as mem\u00f3rias dos guerrilheiros do Araguaia\u201d {2015], escolhida a melhor tese do ano pelo Departamento de Hist\u00f3ria da UNB, o autor apura as circunst\u00e2ncias das mortes de 50 guerrilheiros comunistas, desvenda as execu\u00e7\u00f5es de 32 camponeses da regi\u00e3o e revela que Em\u00edlio Garrastazu M\u00e9dici, general-presidente da Rep\u00fablica, assim como Ernesto Geisel, o seu sucessor no Pal\u00e1cio do Planalto, al\u00e9m de Ernesto Geisel e Silvio Frota, tamb\u00e9m generais, integravam as cadeias de comando das opera\u00e7\u00f5es e determinaram que nenhum revolucion\u00e1rio sa\u00edsse com vida da regi\u00e3o ap\u00f3s a segunda etapa.<\/p>\n<figure id=\"attachment_6164\" aria-describedby=\"caption-attachment-6164\" style=\"width: 300px\" class=\"wp-caption aligncenter\"><img loading=\"lazy\" decoding=\"async\" class=\"size-medium wp-image-6164\" src=\"https:\/\/renatodias.online\/movimento\/wp-content\/uploads\/2021\/04\/Guerrilha-do-Araguaia-300x169.jpg\" alt=\"Opera\u00e7\u00f5es na guerrilha do Araguaia\" width=\"300\" height=\"169\" srcset=\"https:\/\/renatodias.online\/movimento\/wp-content\/uploads\/2021\/04\/Guerrilha-do-Araguaia-300x169.jpg 300w, https:\/\/renatodias.online\/movimento\/wp-content\/uploads\/2021\/04\/Guerrilha-do-Araguaia.jpg 500w\" sizes=\"auto, (max-width: 300px) 100vw, 300px\" \/><figcaption id=\"caption-attachment-6164\" class=\"wp-caption-text\">Opera\u00e7\u00f5es na guerrilha do Araguaia<\/figcaption><\/figure>\n<p><strong>Campanhas<\/strong><\/p>\n<p>Tr\u00eas campanhas militares e seis opera\u00e7\u00f5es foram necess\u00e1rias para acabar com a guerrilha inspirada nas t\u00e1ticas e estrat\u00e9gicas formuladas por Mao-Ts\u00e9-tung, o l\u00edder da revolu\u00e7\u00e3o socialista na China, em 1949, e que come\u00e7ou a ser organizada por Jo\u00e3o Amazonas e Maur\u00edcio Grabois, em 1966, com o deslocamento de militantes para a regi\u00e3o, um peda\u00e7o do Brasil esquecido pelo Estado. Dois anos depois do golpe de Estado civil e militar que dep\u00f4s o presidente da Rep\u00fablica, Jo\u00e3o Belchior Goulart, nacional-estatista de linhagem trabalhista e herdeiro pol\u00edtico do chamado \u201cPai dos Pobres\u201d, o populista Get\u00falio Vargas, morto em 1954.<\/p>\n<p>A primeira opera\u00e7\u00e3o denominou-se Peixe-Ouri\u00e7o. Ela foi realizada ainda no ano de 1972. A segunda recebeu o nome de Opera\u00e7\u00e3o Presen\u00e7a. O Estado chegou a uma \u00e1rea in\u00f3spita, sem infraestrutura nas \u00e1reas de sa\u00fade, educa\u00e7\u00e3o, seguran\u00e7a e de obras e servi\u00e7os. A Opera\u00e7\u00e3o Papagaio acabou deflagrada ainda em 1972. J\u00e1 a chamada Opera\u00e7\u00e3o Sucuri veio em seguida, 1973. Para exterminar a guerrilha no Araguaia, desencadearam em 1973 e 1974, a Opera\u00e7\u00e3o Marajoara, conta ao Di\u00e1rio da Manh\u00e3 o pesquisador Hugo Studart. Em janeiro, fevereiro e mar\u00e7o de 1975, na Serra das Andorinhas e no Rio Araguaia, a \u00faltima: Opera\u00e7\u00e3o Limpeza.<\/p>\n<p>&#8211; Limparam a \u00e1rea e desapareceram com os corpos dos guerrilheiros!<\/p>\n<p><strong>Comando<\/strong><\/p>\n<p>O historiador relata que tanto Em\u00edlio Garrastazu M\u00e9dici quanto Ernesto Geisel eram informados de tudo. Na primeira fase, o comandante-geral seria Orlando Geisel, irm\u00e3o de Ernesto Geisel, o respons\u00e1vel, ao lado do bruxo, criador do \u2018monstro\u2019 SNI,\u00a0 Golbery do Couto e Silva, pela abertura lenta, segura e gradual, cuja transi\u00e7\u00e3o, pelo alto, culminaria com a elei\u00e7\u00e3o, no Col\u00e9gio Eleitoral, de Tancredo Neves, a posse de Jos\u00e9 Sarney, em 15 de mar\u00e7o de 1985, a instala\u00e7\u00e3o da Nova Rep\u00fablica e a promulga\u00e7\u00e3o de uma nova constitui\u00e7\u00e3o em 5 de outubro de 1988. O historiador Daniel Aar\u00e3o Reis Filho diz em \u201cModerniza\u00e7\u00e3o, ditadura e democracia \u2013 1964-2010, volume 5, Editora Objetiva [2014], que a ditadura acaba, de fato, em 1979.<\/p>\n<p>&#8211; O que h\u00e1 de 1979 a 1988 \u00e9 a transi\u00e7\u00e3o de um Estado de Direito Autorit\u00e1rio para um Estado de Direito Democr\u00e1tico.<\/p>\n<p>Hugo Studart confidencia que Milton Tavares, chefe do Centro de Informa\u00e7\u00f5es do Ex\u00e9rcito [CIE],\u00a0 teria dado a op\u00e7\u00e3o a Orlando Geisel:<\/p>\n<p>&#8211; Ou levamos todos presos para Bras\u00edlia ou executamos os guerrilheiros no Araguaia. Mas a ordem dada era n\u00e3o fazer prisioneiros: matar!<\/p>\n<p>Em 15 de mar\u00e7o de 1974, Ernesto Geisel toma posse na Presid\u00eancia da Rep\u00fablica. Ele havia derrotado o anticandidato Ulysses Guimar\u00e3es, presidente nacional desde 1971 do velho MDB, mas que havia, em 1964, aben\u00e7oado o rumor de botas. Depois, ele mudou de lado. Silvio Frota assumiu o Minist\u00e9rio do Ex\u00e9rcito com a determina\u00e7\u00e3o de liquidar com o foco vermelho de linhagem mao\u00edsta no Araguaia. Levantamento feito pelo escritor aponta que menos da metade das mortes na regi\u00e3o ocorrera sob Em\u00edlio Garrastazu M\u00e9dici &amp; Orlando Geisel. J\u00e1 mais da metade, o restante, na era Ernesto Geisel, Silvio Frota e Conf\u00facio de Paula Avelino. Registro: Nilton Cerqueira, Sebasti\u00e3o Curi\u00f3 e L\u00edcio Maciel protagonizaram pap\u00e9is secund\u00e1rios, dispara.<\/p>\n<blockquote><p>&#8211; Sebasti\u00e3o Curi\u00f3 passa a ser importante ap\u00f3s a guerrilha do Araguaia, com Serra Pelada, para estabilizar a regi\u00e3o.<\/p><\/blockquote>\n<p><span style=\"color: #99cc00;\"><strong>Revela\u00e7\u00f5es<\/strong><\/span><\/p>\n<p>L\u00edcio Maciel, que atuara no desbaratamento do Movimento de Liberta\u00e7\u00e3o Popular [Molipo], uma dissid\u00eancia nascida em 1970, em Havana, Cuba, da A\u00e7\u00e3o Libertadora Nacional, a ALN fundada por Carlos Marighella, carbon\u00e1rio baiano filho de um italiano com uma negra Hauss\u00e1,\u00a0 seria o 23\u00ba na cadeia de comando. Sebasti\u00e3o Curi\u00f3, o 25\u00ba. As suas atua\u00e7\u00f5es foram superestimadas, avalia. Mal apuradas, provoca. Segundo ele, a estrat\u00e9gia oficial na primeira fase da guerrilha era obter informa\u00e7\u00f5es sobre supostas atividades subversivas na \u00e1rea. Entre 12 e 15 ativistas revolucion\u00e1rios teriam sobrevivido, pontua. Os n\u00fameros n\u00e3o s\u00e3o precisos. \u00c9 nesse per\u00edodo em que morre o cabo Od\u00edlio Rosa, explica ao Di\u00e1rio da Manh\u00e3.<\/p>\n<p>Depois, houve a Opera\u00e7\u00e3o Presen\u00e7a. Ela foi organizada pelo major Taumaturgo Sotero Vaz. \u201cOs soldados precisavam de ajuda de camponeses e dos \u00edndios Suru\u00eds,recrutados pelo major Nilton Cerqueira\u201d, sublinha. Nilton Cerqueira havia coordenado, em setembro de 1971, no sert\u00e3o da Bahia, nordeste do Brasil, a opera\u00e7\u00e3o de execu\u00e7\u00e3o de Carlos Lamarca, o capit\u00e3o da guerrilha, que deixara o Ex\u00e9rcito no ano de 1969, integrara a Vanguarda Popular Revolucion\u00e1ria [VPR], teve uma curta passagem pela VAR-Palmares [Vanguarda Armada Revolucion\u00e1ria \u2013 Palmares], onde atuou ao lado de uma estudante de Economia que usava \u00f3culos fundo de garrafa chamada Dilma Vana Rousseff Linhares, companheira de Carlos Franklin da Paix\u00e3o Ara\u00fajo.<\/p>\n<p>&#8211; Tr\u00eas \u00edndios foram utilizados. Eles ca\u00e7aram sete guerrilheiros e entregaram cabe\u00e7as.\u00a0 Os Suru\u00eds conseguiram a demarca\u00e7\u00e3o de suas terras e obtiveram royalties da Vale do Rio Doce.<\/p>\n<p>O jornalista Hugo Studart informa tamb\u00e9m que a \u00faltima guerrilheira a ser executada foi Walk\u00edria Afonso Costa, em 29 de setembro de 1974. O goiano Divino Ferreira de Sousa, que fez treinamento de guerrilha na China comunista, teria morrido em 15 de outubro de 1973. Ferido, ele foi preso e levado para a Casa Azul, instalada em Marab\u00e1. O seu corpo, ocultado, nunca foi entregue \u00e0 fam\u00edlia. Ele faz parte da lista oficial dos mortos e desaparecidos tanto do projeto Brasil Nunca Mais [1985], quanto da Lei dos Desaparecidos, de 10 de dezembro de 1995, assim como da rela\u00e7\u00e3o oficial da Comiss\u00e3o Nacional da Verdade, criada em 2012 pela presidente da Rep\u00fablica, Dilma Rousseff, ex-presa pol\u00edtica \u00e0 \u00e9poca da ditadura civil e militar.<\/p>\n<p><strong>Opera\u00e7\u00e3o Limpeza<\/strong><\/p>\n<p>A Opera\u00e7\u00e3o Limpeza teria sido operacionalizada, na Serra das Andorinhas e no Rio Araguaia,\u00a0 por uma For\u00e7a-Tarefa organizada pelo CIE e pelo Departamento de Ordem Pol\u00edtica e Social de S\u00e3o Paulo, sob as ordens do delegado Romeu Tuma, hoje morto.\u00a0 Em janeiro, fevereiro e mar\u00e7o de 1975, destaca. As For\u00e7as Armadas promoveram ainda a destrui\u00e7\u00e3o seletiva de documentos supostamente comprometedores sobre o conflito sangrento. Hugo Studart acredita que o Di\u00e1rio de Maur\u00edcio Grabois, do \u201cvelho M\u00e1rio\u201d, seja verdadeiro. Ele possui ind\u00edcios que sim, registra. Depois do fim da guerrilha, a repress\u00e3o liquidou tr\u00eas homens do Comit\u00ea Central do PC do B, em dezembro de 1976, na Lapa, S\u00e3o Paulo [SP]: Jo\u00e3o Batista Drummond, Pedro Pomar e Maur\u00edcio Grabois. \u00c9 a chamada \u2018Chacina da Lapa\u2019.<\/p>\n<p>[accordion title=&#8217;Infogr\u00e1fico&#8217;]Os N\u00fameros da Guerilha[\/accordion]<\/p>\n<p>&nbsp;<\/p>\n<p><strong>\u00a0<\/strong><\/p>\n<p>[accordion title=&#8217;1964&#8242;]<strong>\u00a0<\/strong> Golpe de Estado civil e militar dep\u00f5e o presidente Jo\u00e3o Goulart.[\/accordion]<\/p>\n<p>&nbsp;<\/p>\n<p>[accordion title=&#8217;1966&#8242;]<strong>\u00a0<\/strong> \u00c9 o ano de in\u00edcio da prepara\u00e7\u00e3o da guerrilha do Araguaia.[\/accordion]<\/p>\n<p>&nbsp;<\/p>\n<p>[accordion title=&#8217;1972&#8242;]<strong>\u00a0<\/strong> \u00c9 descoberta a movimenta\u00e7\u00e3o de guerrilheiros no Araguaia.[\/accordion]<\/p>\n<p>&nbsp;<\/p>\n<p><strong>1974<\/strong><\/p>\n<p>Cai a \u00faltima guerrilheira Walk\u00edria Afonso Costa, em 29 de setembro de 1974.<\/p>\n<p>&nbsp;<\/p>\n<p><strong>1976<\/strong><\/p>\n<p>Dezembro, Lapa, S\u00e3o Paulo [SP]. Tr\u00eas membros do CC do PC do B s\u00e3o executados.<\/p>\n<p>&nbsp;<\/p>\n<p><strong>1985<\/strong><\/p>\n<p>Nova Rep\u00fablica e legaliza\u00e7\u00e3o do Partido Comunista do Brasil [PC do B].<\/p>\n<p>&nbsp;<\/p>\n<p><strong>2014<\/strong><\/p>\n<p>Relat\u00f3rio final da CNV lista dos desaparecidos na guerrilha do Araguaia.<\/p>\n<p>&nbsp;<\/p>\n<p><strong>2015<\/strong><\/p>\n<p>40 anos do fim da guerrilha do Araguaia, organizada pelo PC do B.<\/p>\n<p>&nbsp;<\/p>\n<p><strong>Box<\/strong><\/p>\n<p><strong>Saiba mais<\/strong><\/p>\n<p>&nbsp;<\/p>\n<p>&#8211; A Lei da Selva<\/p>\n<p>Hugo Studart<\/p>\n<p>&nbsp;<\/p>\n<p>&#8211; Opera\u00e7\u00e3o Araguaia<\/p>\n<p>Ta\u00eds Moraes e Eumano Silva<\/p>\n<p>&nbsp;<\/p>\n<p>&#8211; A Guerrilha do Araguaia \u2013 A esquerda em armas<\/p>\n<p>Romualdo Pessoa Campos Filho<\/p>\n<p>&nbsp;<\/p>\n<p>&#8211; Araguaia: depois da guerrilha, outra guerra<\/p>\n<p>Romualdo Pessoa Campos Filho<\/p>\n<p>&nbsp;<\/p>\n<p>&#8211; Mata! O major Curi\u00f3 e as guerrilhas no Araguaia<\/p>\n<p>Leon\u00eancio Nossa<\/p>\n<p>&nbsp;<\/p>\n","protected":false},"excerpt":{"rendered":"<p>Anos de chumbo (1972-1975) &nbsp; GUERRILHA DO ARAGUAIA \u201cA ordem era matar\u201d &nbsp; For\u00e7as Armadas executaram tr\u00eas campanhas e seis opera\u00e7\u00f5es no Araguaia 56 guerrilheiros, 32 camponeses e sete militares teriam morrido \u00e0 \u00e9poca Goiano Divino Ferreira de Sousa, o Nunes, morreu em 1973, na Casa Azul Historiador revela com exclusividade cadeia de comando e<\/p>\n","protected":false},"author":2,"featured_media":6163,"comment_status":"open","ping_status":"open","sticky":false,"template":"","format":"standard","meta":{"_acf_changed":false,"_monsterinsights_skip_tracking":false,"_monsterinsights_sitenote_active":false,"_monsterinsights_sitenote_note":"","_monsterinsights_sitenote_category":0,"footnotes":""},"categories":[4],"tags":[],"class_list":["post-6161","post","type-post","status-publish","format-standard","has-post-thumbnail","hentry","category-politica"],"acf":[],"yoast_head":"<!-- This site is optimized with the Yoast SEO plugin v27.4 - https:\/\/yoast.com\/product\/yoast-seo-wordpress\/ -->\n<title>GUERRILHA DO ARAGUAIA -<\/title>\n<meta name=\"robots\" content=\"index, follow, max-snippet:-1, max-image-preview:large, max-video-preview:-1\" \/>\n<link rel=\"canonical\" href=\"https:\/\/renatodias.online\/movimento\/2018\/04\/19\/guerrilha-do-araguaia\/\" \/>\n<meta property=\"og:locale\" content=\"pt_BR\" \/>\n<meta property=\"og:type\" content=\"article\" \/>\n<meta property=\"og:title\" content=\"GUERRILHA DO ARAGUAIA -\" \/>\n<meta property=\"og:description\" content=\"Anos de chumbo (1972-1975) &nbsp; GUERRILHA DO ARAGUAIA \u201cA ordem era matar\u201d &nbsp; For\u00e7as Armadas executaram tr\u00eas campanhas e seis opera\u00e7\u00f5es no Araguaia 56 guerrilheiros, 32 camponeses e sete militares teriam morrido \u00e0 \u00e9poca Goiano Divino Ferreira de Sousa, o Nunes, morreu em 1973, na Casa Azul Historiador revela com exclusividade cadeia de comando e\" \/>\n<meta property=\"og:url\" content=\"https:\/\/renatodias.online\/movimento\/2018\/04\/19\/guerrilha-do-araguaia\/\" \/>\n<meta property=\"article:publisher\" content=\"https:\/\/www.facebook.com\/renato.dias.37\" \/>\n<meta property=\"article:author\" content=\"https:\/\/www.facebook.com\/renato.dias.37\" \/>\n<meta property=\"article:published_time\" content=\"2018-04-20T01:59:21+00:00\" \/>\n<meta property=\"article:modified_time\" content=\"2021-04-20T02:06:59+00:00\" \/>\n<meta property=\"og:image\" content=\"https:\/\/renatodias.online\/movimento\/wp-content\/uploads\/2021\/04\/Hugo-Studart-1.jpg\" \/>\n\t<meta property=\"og:image:width\" content=\"816\" \/>\n\t<meta property=\"og:image:height\" content=\"1232\" \/>\n\t<meta property=\"og:image:type\" content=\"image\/jpeg\" \/>\n<meta name=\"author\" content=\"Renato Dias\" \/>\n<meta name=\"twitter:card\" content=\"summary_large_image\" \/>\n<meta name=\"twitter:creator\" content=\"@RenatoDiasBat\" \/>\n<meta name=\"twitter:site\" content=\"@RenatoDiasBat\" \/>\n<meta name=\"twitter:label1\" content=\"Escrito por\" \/>\n\t<meta name=\"twitter:data1\" content=\"Renato Dias\" \/>\n\t<meta name=\"twitter:label2\" content=\"Est. tempo de leitura\" \/>\n\t<meta name=\"twitter:data2\" content=\"8 minutos\" \/>\n<script type=\"application\/ld+json\" class=\"yoast-schema-graph\">{\"@context\":\"https:\\\/\\\/schema.org\",\"@graph\":[{\"@type\":\"Article\",\"@id\":\"https:\\\/\\\/renatodias.online\\\/movimento\\\/2018\\\/04\\\/19\\\/guerrilha-do-araguaia\\\/#article\",\"isPartOf\":{\"@id\":\"https:\\\/\\\/renatodias.online\\\/movimento\\\/2018\\\/04\\\/19\\\/guerrilha-do-araguaia\\\/\"},\"author\":{\"name\":\"Renato Dias\",\"@id\":\"https:\\\/\\\/renatodias.online\\\/movimento\\\/#\\\/schema\\\/person\\\/bbab28833b1725a20f4083f49f1fb2a9\"},\"headline\":\"GUERRILHA DO ARAGUAIA\",\"datePublished\":\"2018-04-20T01:59:21+00:00\",\"dateModified\":\"2021-04-20T02:06:59+00:00\",\"mainEntityOfPage\":{\"@id\":\"https:\\\/\\\/renatodias.online\\\/movimento\\\/2018\\\/04\\\/19\\\/guerrilha-do-araguaia\\\/\"},\"wordCount\":1595,\"commentCount\":0,\"publisher\":{\"@id\":\"https:\\\/\\\/renatodias.online\\\/movimento\\\/#\\\/schema\\\/person\\\/bbab28833b1725a20f4083f49f1fb2a9\"},\"image\":{\"@id\":\"https:\\\/\\\/renatodias.online\\\/movimento\\\/2018\\\/04\\\/19\\\/guerrilha-do-araguaia\\\/#primaryimage\"},\"thumbnailUrl\":\"https:\\\/\\\/renatodias.online\\\/movimento\\\/wp-content\\\/uploads\\\/2021\\\/04\\\/Hugo-Studart-1.jpg\",\"articleSection\":[\"Pol\u00edtica\"],\"inLanguage\":\"pt-BR\",\"potentialAction\":[{\"@type\":\"CommentAction\",\"name\":\"Comment\",\"target\":[\"https:\\\/\\\/renatodias.online\\\/movimento\\\/2018\\\/04\\\/19\\\/guerrilha-do-araguaia\\\/#respond\"]}]},{\"@type\":\"WebPage\",\"@id\":\"https:\\\/\\\/renatodias.online\\\/movimento\\\/2018\\\/04\\\/19\\\/guerrilha-do-araguaia\\\/\",\"url\":\"https:\\\/\\\/renatodias.online\\\/movimento\\\/2018\\\/04\\\/19\\\/guerrilha-do-araguaia\\\/\",\"name\":\"GUERRILHA DO ARAGUAIA -\",\"isPartOf\":{\"@id\":\"https:\\\/\\\/renatodias.online\\\/movimento\\\/#website\"},\"primaryImageOfPage\":{\"@id\":\"https:\\\/\\\/renatodias.online\\\/movimento\\\/2018\\\/04\\\/19\\\/guerrilha-do-araguaia\\\/#primaryimage\"},\"image\":{\"@id\":\"https:\\\/\\\/renatodias.online\\\/movimento\\\/2018\\\/04\\\/19\\\/guerrilha-do-araguaia\\\/#primaryimage\"},\"thumbnailUrl\":\"https:\\\/\\\/renatodias.online\\\/movimento\\\/wp-content\\\/uploads\\\/2021\\\/04\\\/Hugo-Studart-1.jpg\",\"datePublished\":\"2018-04-20T01:59:21+00:00\",\"dateModified\":\"2021-04-20T02:06:59+00:00\",\"breadcrumb\":{\"@id\":\"https:\\\/\\\/renatodias.online\\\/movimento\\\/2018\\\/04\\\/19\\\/guerrilha-do-araguaia\\\/#breadcrumb\"},\"inLanguage\":\"pt-BR\",\"potentialAction\":[{\"@type\":\"ReadAction\",\"target\":[\"https:\\\/\\\/renatodias.online\\\/movimento\\\/2018\\\/04\\\/19\\\/guerrilha-do-araguaia\\\/\"]}]},{\"@type\":\"ImageObject\",\"inLanguage\":\"pt-BR\",\"@id\":\"https:\\\/\\\/renatodias.online\\\/movimento\\\/2018\\\/04\\\/19\\\/guerrilha-do-araguaia\\\/#primaryimage\",\"url\":\"https:\\\/\\\/renatodias.online\\\/movimento\\\/wp-content\\\/uploads\\\/2021\\\/04\\\/Hugo-Studart-1.jpg\",\"contentUrl\":\"https:\\\/\\\/renatodias.online\\\/movimento\\\/wp-content\\\/uploads\\\/2021\\\/04\\\/Hugo-Studart-1.jpg\",\"width\":816,\"height\":1232,\"caption\":\"Hugo Studart\"},{\"@type\":\"BreadcrumbList\",\"@id\":\"https:\\\/\\\/renatodias.online\\\/movimento\\\/2018\\\/04\\\/19\\\/guerrilha-do-araguaia\\\/#breadcrumb\",\"itemListElement\":[{\"@type\":\"ListItem\",\"position\":1,\"name\":\"In\u00edcio\",\"item\":\"https:\\\/\\\/renatodias.online\\\/movimento\\\/\"},{\"@type\":\"ListItem\",\"position\":2,\"name\":\"GUERRILHA DO ARAGUAIA\"}]},{\"@type\":\"WebSite\",\"@id\":\"https:\\\/\\\/renatodias.online\\\/movimento\\\/#website\",\"url\":\"https:\\\/\\\/renatodias.online\\\/movimento\\\/\",\"name\":\"\",\"description\":\"\",\"publisher\":{\"@id\":\"https:\\\/\\\/renatodias.online\\\/movimento\\\/#\\\/schema\\\/person\\\/bbab28833b1725a20f4083f49f1fb2a9\"},\"potentialAction\":[{\"@type\":\"SearchAction\",\"target\":{\"@type\":\"EntryPoint\",\"urlTemplate\":\"https:\\\/\\\/renatodias.online\\\/movimento\\\/?s={search_term_string}\"},\"query-input\":{\"@type\":\"PropertyValueSpecification\",\"valueRequired\":true,\"valueName\":\"search_term_string\"}}],\"inLanguage\":\"pt-BR\"},{\"@type\":[\"Person\",\"Organization\"],\"@id\":\"https:\\\/\\\/renatodias.online\\\/movimento\\\/#\\\/schema\\\/person\\\/bbab28833b1725a20f4083f49f1fb2a9\",\"name\":\"Renato Dias\",\"image\":{\"@type\":\"ImageObject\",\"inLanguage\":\"pt-BR\",\"@id\":\"https:\\\/\\\/renatodias.online\\\/movimento\\\/wp-content\\\/uploads\\\/2023\\\/03\\\/cropped-cropped-cropped-logofinal.jpeg\",\"url\":\"https:\\\/\\\/renatodias.online\\\/movimento\\\/wp-content\\\/uploads\\\/2023\\\/03\\\/cropped-cropped-cropped-logofinal.jpeg\",\"contentUrl\":\"https:\\\/\\\/renatodias.online\\\/movimento\\\/wp-content\\\/uploads\\\/2023\\\/03\\\/cropped-cropped-cropped-logofinal.jpeg\",\"width\":1280,\"height\":219,\"caption\":\"Renato Dias\"},\"logo\":{\"@id\":\"https:\\\/\\\/renatodias.online\\\/movimento\\\/wp-content\\\/uploads\\\/2023\\\/03\\\/cropped-cropped-cropped-logofinal.jpeg\"},\"description\":\"Renato Dias, 58 anos, \u00e9 graduado em Jornalismo, formado em Ci\u00eancias Sociais, com p\u00f3s-gradua\u00e7\u00e3o em Pol\u00edticas P\u00fablicas, mestre em Direito e Rela\u00e7\u00f5es Internacionais, ex-aluno extraordin\u00e1rio do Doutorado em Psicologia Social, ex-estudante do Curso de Psican\u00e1lise do Centro de Estudos Psicanal\u00edticos do Estado de Goi\u00e1s, ministrado pelo m\u00e9dico psiquiatra e psicanalista Daniel Em\u00eddio de Souza. \u00c9 autor de 30 livros-reportagem, oito document\u00e1rios, ganhou 30 pr\u00eamios e \u00e9 torcedor apaixonado do maior do Centro-Oeste, o Vila Nova Futebol Clube. Casado com Meirilane Dias, \u00e9 pai de Juliana Dias, jornalista; Daniel Dias, economista; e Maria Rosa Dias, estudante antifascista, socialista e trotskista.\u00a0Com tr\u00eas pets: Porquinho [Bull Dog Franc\u00eas], Dalila [Basset Hound] e Geleia [Basset Hound]. Al\u00e9m do eterno gato Tutuquinho, que virou estrela.\",\"sameAs\":[\"https:\\\/\\\/www.facebook.com\\\/renato.dias.37\",\"#breve\",\"https:\\\/\\\/renatodias.tumblr.com\\\/\"],\"url\":\"https:\\\/\\\/renatodias.online\\\/movimento\\\/author\\\/renatodias\\\/\"}]}<\/script>\n<!-- \/ Yoast SEO plugin. -->","yoast_head_json":{"title":"GUERRILHA DO ARAGUAIA -","robots":{"index":"index","follow":"follow","max-snippet":"max-snippet:-1","max-image-preview":"max-image-preview:large","max-video-preview":"max-video-preview:-1"},"canonical":"https:\/\/renatodias.online\/movimento\/2018\/04\/19\/guerrilha-do-araguaia\/","og_locale":"pt_BR","og_type":"article","og_title":"GUERRILHA DO ARAGUAIA -","og_description":"Anos de chumbo (1972-1975) &nbsp; GUERRILHA DO ARAGUAIA \u201cA ordem era matar\u201d &nbsp; For\u00e7as Armadas executaram tr\u00eas campanhas e seis opera\u00e7\u00f5es no Araguaia 56 guerrilheiros, 32 camponeses e sete militares teriam morrido \u00e0 \u00e9poca Goiano Divino Ferreira de Sousa, o Nunes, morreu em 1973, na Casa Azul Historiador revela com exclusividade cadeia de comando e","og_url":"https:\/\/renatodias.online\/movimento\/2018\/04\/19\/guerrilha-do-araguaia\/","article_publisher":"https:\/\/www.facebook.com\/renato.dias.37","article_author":"https:\/\/www.facebook.com\/renato.dias.37","article_published_time":"2018-04-20T01:59:21+00:00","article_modified_time":"2021-04-20T02:06:59+00:00","og_image":[{"width":816,"height":1232,"url":"https:\/\/renatodias.online\/movimento\/wp-content\/uploads\/2021\/04\/Hugo-Studart-1.jpg","type":"image\/jpeg"}],"author":"Renato Dias","twitter_card":"summary_large_image","twitter_creator":"@RenatoDiasBat","twitter_site":"@RenatoDiasBat","twitter_misc":{"Escrito por":"Renato Dias","Est. tempo de leitura":"8 minutos"},"schema":{"@context":"https:\/\/schema.org","@graph":[{"@type":"Article","@id":"https:\/\/renatodias.online\/movimento\/2018\/04\/19\/guerrilha-do-araguaia\/#article","isPartOf":{"@id":"https:\/\/renatodias.online\/movimento\/2018\/04\/19\/guerrilha-do-araguaia\/"},"author":{"name":"Renato Dias","@id":"https:\/\/renatodias.online\/movimento\/#\/schema\/person\/bbab28833b1725a20f4083f49f1fb2a9"},"headline":"GUERRILHA DO ARAGUAIA","datePublished":"2018-04-20T01:59:21+00:00","dateModified":"2021-04-20T02:06:59+00:00","mainEntityOfPage":{"@id":"https:\/\/renatodias.online\/movimento\/2018\/04\/19\/guerrilha-do-araguaia\/"},"wordCount":1595,"commentCount":0,"publisher":{"@id":"https:\/\/renatodias.online\/movimento\/#\/schema\/person\/bbab28833b1725a20f4083f49f1fb2a9"},"image":{"@id":"https:\/\/renatodias.online\/movimento\/2018\/04\/19\/guerrilha-do-araguaia\/#primaryimage"},"thumbnailUrl":"https:\/\/renatodias.online\/movimento\/wp-content\/uploads\/2021\/04\/Hugo-Studart-1.jpg","articleSection":["Pol\u00edtica"],"inLanguage":"pt-BR","potentialAction":[{"@type":"CommentAction","name":"Comment","target":["https:\/\/renatodias.online\/movimento\/2018\/04\/19\/guerrilha-do-araguaia\/#respond"]}]},{"@type":"WebPage","@id":"https:\/\/renatodias.online\/movimento\/2018\/04\/19\/guerrilha-do-araguaia\/","url":"https:\/\/renatodias.online\/movimento\/2018\/04\/19\/guerrilha-do-araguaia\/","name":"GUERRILHA DO ARAGUAIA -","isPartOf":{"@id":"https:\/\/renatodias.online\/movimento\/#website"},"primaryImageOfPage":{"@id":"https:\/\/renatodias.online\/movimento\/2018\/04\/19\/guerrilha-do-araguaia\/#primaryimage"},"image":{"@id":"https:\/\/renatodias.online\/movimento\/2018\/04\/19\/guerrilha-do-araguaia\/#primaryimage"},"thumbnailUrl":"https:\/\/renatodias.online\/movimento\/wp-content\/uploads\/2021\/04\/Hugo-Studart-1.jpg","datePublished":"2018-04-20T01:59:21+00:00","dateModified":"2021-04-20T02:06:59+00:00","breadcrumb":{"@id":"https:\/\/renatodias.online\/movimento\/2018\/04\/19\/guerrilha-do-araguaia\/#breadcrumb"},"inLanguage":"pt-BR","potentialAction":[{"@type":"ReadAction","target":["https:\/\/renatodias.online\/movimento\/2018\/04\/19\/guerrilha-do-araguaia\/"]}]},{"@type":"ImageObject","inLanguage":"pt-BR","@id":"https:\/\/renatodias.online\/movimento\/2018\/04\/19\/guerrilha-do-araguaia\/#primaryimage","url":"https:\/\/renatodias.online\/movimento\/wp-content\/uploads\/2021\/04\/Hugo-Studart-1.jpg","contentUrl":"https:\/\/renatodias.online\/movimento\/wp-content\/uploads\/2021\/04\/Hugo-Studart-1.jpg","width":816,"height":1232,"caption":"Hugo Studart"},{"@type":"BreadcrumbList","@id":"https:\/\/renatodias.online\/movimento\/2018\/04\/19\/guerrilha-do-araguaia\/#breadcrumb","itemListElement":[{"@type":"ListItem","position":1,"name":"In\u00edcio","item":"https:\/\/renatodias.online\/movimento\/"},{"@type":"ListItem","position":2,"name":"GUERRILHA DO ARAGUAIA"}]},{"@type":"WebSite","@id":"https:\/\/renatodias.online\/movimento\/#website","url":"https:\/\/renatodias.online\/movimento\/","name":"","description":"","publisher":{"@id":"https:\/\/renatodias.online\/movimento\/#\/schema\/person\/bbab28833b1725a20f4083f49f1fb2a9"},"potentialAction":[{"@type":"SearchAction","target":{"@type":"EntryPoint","urlTemplate":"https:\/\/renatodias.online\/movimento\/?s={search_term_string}"},"query-input":{"@type":"PropertyValueSpecification","valueRequired":true,"valueName":"search_term_string"}}],"inLanguage":"pt-BR"},{"@type":["Person","Organization"],"@id":"https:\/\/renatodias.online\/movimento\/#\/schema\/person\/bbab28833b1725a20f4083f49f1fb2a9","name":"Renato Dias","image":{"@type":"ImageObject","inLanguage":"pt-BR","@id":"https:\/\/renatodias.online\/movimento\/wp-content\/uploads\/2023\/03\/cropped-cropped-cropped-logofinal.jpeg","url":"https:\/\/renatodias.online\/movimento\/wp-content\/uploads\/2023\/03\/cropped-cropped-cropped-logofinal.jpeg","contentUrl":"https:\/\/renatodias.online\/movimento\/wp-content\/uploads\/2023\/03\/cropped-cropped-cropped-logofinal.jpeg","width":1280,"height":219,"caption":"Renato Dias"},"logo":{"@id":"https:\/\/renatodias.online\/movimento\/wp-content\/uploads\/2023\/03\/cropped-cropped-cropped-logofinal.jpeg"},"description":"Renato Dias, 58 anos, \u00e9 graduado em Jornalismo, formado em Ci\u00eancias Sociais, com p\u00f3s-gradua\u00e7\u00e3o em Pol\u00edticas P\u00fablicas, mestre em Direito e Rela\u00e7\u00f5es Internacionais, ex-aluno extraordin\u00e1rio do Doutorado em Psicologia Social, ex-estudante do Curso de Psican\u00e1lise do Centro de Estudos Psicanal\u00edticos do Estado de Goi\u00e1s, ministrado pelo m\u00e9dico psiquiatra e psicanalista Daniel Em\u00eddio de Souza. \u00c9 autor de 30 livros-reportagem, oito document\u00e1rios, ganhou 30 pr\u00eamios e \u00e9 torcedor apaixonado do maior do Centro-Oeste, o Vila Nova Futebol Clube. Casado com Meirilane Dias, \u00e9 pai de Juliana Dias, jornalista; Daniel Dias, economista; e Maria Rosa Dias, estudante antifascista, socialista e trotskista.\u00a0Com tr\u00eas pets: Porquinho [Bull Dog Franc\u00eas], Dalila [Basset Hound] e Geleia [Basset Hound]. Al\u00e9m do eterno gato Tutuquinho, que virou estrela.","sameAs":["https:\/\/www.facebook.com\/renato.dias.37","#breve","https:\/\/renatodias.tumblr.com\/"],"url":"https:\/\/renatodias.online\/movimento\/author\/renatodias\/"}]}},"_links":{"self":[{"href":"https:\/\/renatodias.online\/movimento\/wp-json\/wp\/v2\/posts\/6161","targetHints":{"allow":["GET"]}}],"collection":[{"href":"https:\/\/renatodias.online\/movimento\/wp-json\/wp\/v2\/posts"}],"about":[{"href":"https:\/\/renatodias.online\/movimento\/wp-json\/wp\/v2\/types\/post"}],"author":[{"embeddable":true,"href":"https:\/\/renatodias.online\/movimento\/wp-json\/wp\/v2\/users\/2"}],"replies":[{"embeddable":true,"href":"https:\/\/renatodias.online\/movimento\/wp-json\/wp\/v2\/comments?post=6161"}],"version-history":[{"count":1,"href":"https:\/\/renatodias.online\/movimento\/wp-json\/wp\/v2\/posts\/6161\/revisions"}],"predecessor-version":[{"id":6166,"href":"https:\/\/renatodias.online\/movimento\/wp-json\/wp\/v2\/posts\/6161\/revisions\/6166"}],"wp:featuredmedia":[{"embeddable":true,"href":"https:\/\/renatodias.online\/movimento\/wp-json\/wp\/v2\/media\/6163"}],"wp:attachment":[{"href":"https:\/\/renatodias.online\/movimento\/wp-json\/wp\/v2\/media?parent=6161"}],"wp:term":[{"taxonomy":"category","embeddable":true,"href":"https:\/\/renatodias.online\/movimento\/wp-json\/wp\/v2\/categories?post=6161"},{"taxonomy":"post_tag","embeddable":true,"href":"https:\/\/renatodias.online\/movimento\/wp-json\/wp\/v2\/tags?post=6161"}],"curies":[{"name":"wp","href":"https:\/\/api.w.org\/{rel}","templated":true}]}}