{"id":6071,"date":"2021-04-17T00:34:21","date_gmt":"2021-04-17T03:34:21","guid":{"rendered":"https:\/\/renatodias.online\/movimento\/?p=6071"},"modified":"2021-04-17T00:34:21","modified_gmt":"2021-04-17T03:34:21","slug":"o-suposto-terror-renegado","status":"publish","type":"post","link":"https:\/\/renatodias.online\/movimento\/2021\/04\/17\/o-suposto-terror-renegado\/","title":{"rendered":"O suposto terror renegado"},"content":{"rendered":"<p>A servi\u00e7o da ditadura<\/p>\n<h1>O suposto terror renegado<\/h1>\n<p><strong>Arrependido, Gustavo Guimar\u00e3es Barbosa, ex-VAR-Palmares n\u00e3o revelou tudo o que sabe<\/strong><\/p>\n<p><strong>\u00a0<\/strong><\/p>\n<p><iframe loading=\"lazy\" title=\"Festival \u00c9 Tudo Verdade 26\u00b0 | Debate Os Arrependidos\" width=\"960\" height=\"540\" src=\"https:\/\/www.youtube.com\/embed\/h8liaQcsu9E?feature=oembed\" frameborder=\"0\" allow=\"accelerometer; autoplay; clipboard-write; encrypted-media; gyroscope; picture-in-picture; web-share\" referrerpolicy=\"strict-origin-when-cross-origin\" allowfullscreen><\/iframe><\/p>\n<p>&nbsp;<\/p>\n<p><strong>\u00a0<\/strong><\/p>\n<p><strong>Renato Dias<\/strong><\/p>\n<p>A <strong>Vanguarda Armada Revolucion\u00e1ria Palmares<\/strong> havia lhe designado para operar parte dos d\u00f3lares obtidos da expropria\u00e7\u00e3o do cofre de <strong>Ana Capriglione<\/strong>, a amante de Adhemar de Barros, em 1969. Recursos destinados ao pagamento de alugu\u00e9is de aparelhos e \u00e0 sobreviv\u00eancia dos camaradas da esquerda em armas. <strong>Sob a ditadura civil e militar<\/strong>. At\u00e9 que o guerrilheiro caiu. \u00c9 a hist\u00f3ria de <strong>Gustavo Guimar\u00e3es Barbosa<\/strong>. Ex \u2013 Rio de Janeiro, Bras\u00edlia [DF] e Goi\u00e2nia [GO].<\/p>\n<p>&nbsp;<\/p>\n<p>Com <strong>Jackson Pires Luiz Machado<\/strong>, <strong>Alan Kardec Pimentel<\/strong>, <strong>Jo\u00e3o Arnolfo de Oliveira<\/strong>, <strong>Gustavo<\/strong> <strong>Guimar\u00e3es Barbosa <\/strong>aceitou ir a um programa gravado nos est\u00fadios da Rede Globo de Tv. <strong>Para re\u00adnegar o suposto terrorismo de esquerda<\/strong>. O general <strong>Em\u00edlio Garrastazu M\u00e9dici era o presi\u00adden\u00adte da Rep\u00fablica<\/strong>. Com a pris\u00e3o ilegal, sem direito a Habeas Corpus, a tortura, a execu\u00e7\u00e3o extra\u00ad\u00adju\u00addicial, a oculta\u00e7\u00e3o de cad\u00e1ver e o desaparecimento for\u00e7ado como Pol\u00edticas de Estado.<\/p>\n<figure id=\"attachment_6073\" aria-describedby=\"caption-attachment-6073\" style=\"width: 774px\" class=\"wp-caption aligncenter\"><img loading=\"lazy\" decoding=\"async\" class=\"wp-image-6073\" src=\"https:\/\/renatodias.online\/movimento\/wp-content\/uploads\/2021\/04\/Emilio-Garrastazu.jpg\" alt=\"Em\u00edlio Garrastazu M\u00e9dici\" width=\"774\" height=\"557\" srcset=\"https:\/\/renatodias.online\/movimento\/wp-content\/uploads\/2021\/04\/Emilio-Garrastazu.jpg 957w, https:\/\/renatodias.online\/movimento\/wp-content\/uploads\/2021\/04\/Emilio-Garrastazu-300x216.jpg 300w, https:\/\/renatodias.online\/movimento\/wp-content\/uploads\/2021\/04\/Emilio-Garrastazu-768x553.jpg 768w, https:\/\/renatodias.online\/movimento\/wp-content\/uploads\/2021\/04\/Emilio-Garrastazu-750x540.jpg 750w, https:\/\/renatodias.online\/movimento\/wp-content\/uploads\/2021\/04\/Emilio-Garrastazu-85x60.jpg 85w\" sizes=\"auto, (max-width: 774px) 100vw, 774px\" \/><figcaption id=\"caption-attachment-6073\" class=\"wp-caption-text\">Em\u00edlio Garrastazu M\u00e9dici<\/figcaption><\/figure>\n<p>&nbsp;<\/p>\n<p>Antes da grava\u00e7\u00e3o, um bate &#8211; papo com os jornalistas.\u00a0 Dos conglomerados de comunica\u00e7\u00e3o. <strong>Pa\u00adra definir o script<\/strong>. <strong>Propaganda pol\u00edtica e ideol\u00f3gica. Com a condena\u00e7\u00e3o da luta armada<\/strong>. M\u00e9\u00adto\u00ad\u00addo de luta previsto no ide\u00e1rio liberal. A exalta\u00e7\u00e3o da ditadura civil e militar. <strong>A premia\u00e7\u00e3o?<\/strong> A liber\u00addade condicional e a obten\u00e7\u00e3o de empregos. Os tr\u00eas restantes eram ativistas de Goi\u00e2nia. Adultos. Nada inocentes. <strong>M\u00e1rio Andreazza virou o padrinho de Gustavo Guimar\u00e3es Barbosa. <\/strong><\/p>\n<p><strong>\u00a0<\/strong><\/p>\n<figure id=\"attachment_6074\" aria-describedby=\"caption-attachment-6074\" style=\"width: 150px\" class=\"wp-caption aligncenter\"><img loading=\"lazy\" decoding=\"async\" class=\"size-thumbnail wp-image-6074\" src=\"https:\/\/renatodias.online\/movimento\/wp-content\/uploads\/2021\/04\/Mario-Andreazza-150x150.jpg\" alt=\"M\u00e1rio Andreazza\" width=\"150\" height=\"150\" \/><figcaption id=\"caption-attachment-6074\" class=\"wp-caption-text\">M\u00e1rio Andreazza<\/figcaption><\/figure>\n<p>&nbsp;<\/p>\n<p>&nbsp;<\/p>\n<p>O general do Ex\u00e9rcito Brasileiro <strong>Ant\u00f4nio Bandeira<\/strong>, colaborador das \u2018Opera\u00e7\u00f5es Ilha e Mesopo\u00adt\u00e2mia\u2019, um dos gerentes da destrui\u00e7\u00e3o das guerrilhas do Molipo _ 1971 e 1973 _ e do Araguaia _ 1972 a 1975_ era o tutor de <strong>Jackson Pires Luiz Machado<\/strong>, <strong>Alan Kardec Pimentel<\/strong>, <strong>Jo\u00e3o<\/strong> <strong>Arnolfo de Oliveira<\/strong>. Logo se arrependeu mais um. <strong>Francisco das Chagas Sapi\u00eancia<\/strong>. Documento confidencial mostra que <strong>Jackson Pires Luiz Machado<\/strong> acabou como informante da repress\u00e3o.<\/p>\n<figure id=\"attachment_6075\" aria-describedby=\"caption-attachment-6075\" style=\"width: 150px\" class=\"wp-caption aligncenter\"><img loading=\"lazy\" decoding=\"async\" class=\"size-thumbnail wp-image-6075\" src=\"https:\/\/renatodias.online\/movimento\/wp-content\/uploads\/2021\/04\/General-do-Exercito-Antonio-Bandeira-150x150.jpg\" alt=\"General Ant\u00f4nio Bandeira\" width=\"150\" height=\"150\" \/><figcaption id=\"caption-attachment-6075\" class=\"wp-caption-text\">General Ant\u00f4nio Bandeira<\/figcaption><\/figure>\n<p>Apenas Gustavo Guimar\u00e3es Barbosa prestou depoimento ao document\u00e1rio <strong>Os Arrependidos<\/strong>. Sob a dire\u00e7\u00e3o de <strong>Armando Antenore<\/strong> e <strong>Ricardo Calil<\/strong>. Jackson Pires Luiz Machado e Alan Kardec Pimentel, n\u00e3o.\u00a0 Jo\u00e3o Arnolfo de Oliveira morreu. Dez dos 40 renegados optaram pelo sil\u00eancio. Alan Kardec Pimentel tentou convencer a irm\u00e3 presa, Olga Darc Pi\u00admen\u00adtel, da Var \u2013 Pal\u00adma\u00adres, a ir \u00e0 Tv. A guerrilheira, mulher de Cl\u00e1udio C\u00e2mara, do CC, preso, negou e cuspiu em sua cara.<\/p>\n<figure id=\"attachment_6076\" aria-describedby=\"caption-attachment-6076\" style=\"width: 150px\" class=\"wp-caption aligncenter\"><img loading=\"lazy\" decoding=\"async\" class=\"size-thumbnail wp-image-6076\" src=\"https:\/\/renatodias.online\/movimento\/wp-content\/uploads\/2021\/04\/Armando-Antenore-150x150.jpg\" alt=\"Armando Antenore\" width=\"150\" height=\"150\" \/><figcaption id=\"caption-attachment-6076\" class=\"wp-caption-text\">Armando Antenore<\/figcaption><\/figure>\n<p>&nbsp;<\/p>\n<figure id=\"attachment_6077\" aria-describedby=\"caption-attachment-6077\" style=\"width: 150px\" class=\"wp-caption aligncenter\"><img loading=\"lazy\" decoding=\"async\" class=\"wp-image-6077 size-thumbnail\" src=\"https:\/\/renatodias.online\/movimento\/wp-content\/uploads\/2021\/04\/Ricardo-Calil-150x150.jpeg\" alt=\"\" width=\"150\" height=\"150\" \/><figcaption id=\"caption-attachment-6077\" class=\"wp-caption-text\">Ricardo Calil \u00a0<\/figcaption><\/figure>\n<p>&nbsp;<\/p>\n<p><strong>Gustavo Guimar\u00e3es Barbosa, Jackson Pires Luiz Machado, Francisco das Chagas Sapi\u00eancia devem uma explica\u00e7\u00e3o<\/strong>. Motivo: explicar onde est\u00e3o os dois cad\u00e1veres, de desaparecidos pol\u00edticos, da VAR &#8211; Palmares, para a Hist\u00f3ria. <strong>Marcos Ant\u00f4nio Dias Baptista<\/strong>, de apenas 15 anos de idade, nome de guerra \u2018Cl\u00e1udio\u2019 ou \u2018Miguel\u2019, e <strong>Mariano Joaquim<\/strong>, codinome \u2018Loyola\u2019, circularam por Bras\u00edlia, Goi\u00e2nia, Goi\u00e1s. No ano de 1970. Os dois nunca mais foram vistos.<\/p>\n<figure id=\"attachment_5751\" aria-describedby=\"caption-attachment-5751\" style=\"width: 150px\" class=\"wp-caption aligncenter\"><img loading=\"lazy\" decoding=\"async\" class=\"size-thumbnail wp-image-5751\" src=\"https:\/\/renatodias.online\/movimento\/wp-content\/uploads\/2021\/03\/Marcos-Antonio-Dias-Baptista-Imagem-3-150x150.jpg\" alt=\"Marcos-Antonio-Dias-Baptista\" width=\"150\" height=\"150\" \/><figcaption id=\"caption-attachment-5751\" class=\"wp-caption-text\">Marcos-Ant\u00f4nio-Dias-Baptista<\/figcaption><\/figure>\n<figure id=\"attachment_6078\" aria-describedby=\"caption-attachment-6078\" style=\"width: 150px\" class=\"wp-caption aligncenter\"><img loading=\"lazy\" decoding=\"async\" class=\"size-thumbnail wp-image-6078\" src=\"https:\/\/renatodias.online\/movimento\/wp-content\/uploads\/2021\/04\/Mariano-Joaquim-da-Silva-150x150.jpg\" alt=\"Mariano Joaquim da Silva _ Loyola\" width=\"150\" height=\"150\" \/><figcaption id=\"caption-attachment-6078\" class=\"wp-caption-text\">Mariano Joaquim da Silva _ Loyola<\/figcaption><\/figure>\n<p><strong>\u00a0<\/strong><\/p>\n<p>&nbsp;<\/p>\n<p>Exilado no Chile, B\u00e9lgica e Mo\u00e7ambique, o professor da Faculdade de Comunica\u00e7\u00e3o, da UFG, <strong>Juarez Ferraz de Maia<\/strong>, ex &#8211; presidente da UGES, <em>band leader<\/em> da Var &#8211; Palmares, aponta Alan Kardec Pimentel como o principal suspeito pela dela\u00e7\u00e3o que levou \u00e0 morte e desaparecimento do menino que a ditadura matou: Marcos Ant\u00f4nio Dias Baptista. Arredio, a sua op\u00e7\u00e3o \u00e9 pelo sil\u00eancio. Gustavo Guimar\u00e3es Barbosa n\u00e3o toca no tema. Jackson Pires Luiz Machado evita.<\/p>\n<p>&nbsp;<\/p>\n<p>Maio de 1970. Os cinco primeiros a promover retrata\u00e7\u00f5es. <strong>Marcos Vin\u00edcio Fernandes<\/strong>, <strong>Massa\u00adfu\u00admi Yoshinaga<\/strong>, <strong>R\u00f4mulo Romero<\/strong>. N\u00e3o \u00e9 um arrependimento piegas, alerta, em cadeia nacio\u00adnal de Tv, Marcos Vin\u00edcio Fernandes. \u00c9 o desmascaramento do terrorismo, acusa R\u00f4mulo Ro\u00admero. O meu abandono do terrorismo se deu ap\u00f3s uma reflex\u00e3o, fuzila Massafumi Yoshina\u00adga, ex-Vanguarda Popular Revolucion\u00e1ria A organiza\u00e7\u00e3o de Carlos Lamarca. O capit\u00e3o da guerrilha<\/p>\n<p>&nbsp;<\/p>\n<p>Os renegados mentem. Ao declararem a inexist\u00eancia de torturas. No Brasil. A palavra tortura era proibi\u00adda. As propagandas da ditadura civil e militar insistiam. A paz se faz com quem ama o mesmo ch\u00e3o. Mais: Este \u00e9 um Pa\u00eds que vai pra frente! Assim como: Brasil_ ame-o ou deixe-o. R\u00f4mulo Romero Fontes e Marcos Ven\u00edcio Fernandes lan\u00e7aram a ideia de escrever as car\u00adtas.\u00a0Palha\u00e7ada toda, definem. Inocentes \u00fateis, diziam. \u201cA servi\u00e7o de interesses externos\u201d.<\/p>\n<p><strong>\u00a0<\/strong><\/p>\n<p>Massafumi Yoshinaga informa que a sua entrega era um exemplo para que os jovens n\u00e3o entrem na \u2018aventura idiota e sanguin\u00e1ria do terrorismo\u2019. Solto, ele tentou duas vezes se matar. O arrependido foi encontrado enforcado em uma mangueira. Arrependimento for\u00e7ado. Ap\u00f3s sess\u00f5es de torturas. O seu limite chegou. Em condi\u00e7\u00f5es sub-humanas. N\u00e3o possu\u00eda o controle da situa\u00e7\u00e3o. Um depoimento. \u00c0 Globo. \u00c9 a saga de <strong>Celso Lungaretti<\/strong>. <strong>Da VPR. Em armas<\/strong>.<\/p>\n<figure id=\"attachment_6079\" aria-describedby=\"caption-attachment-6079\" style=\"width: 150px\" class=\"wp-caption aligncenter\"><img loading=\"lazy\" decoding=\"async\" class=\"size-thumbnail wp-image-6079\" src=\"https:\/\/renatodias.online\/movimento\/wp-content\/uploads\/2021\/04\/Celso-Lungaretti-150x150.jpg\" alt=\"Celso Lungaretti\" width=\"150\" height=\"150\" \/><figcaption id=\"caption-attachment-6079\" class=\"wp-caption-text\">Celso Lungaretti<\/figcaption><\/figure>\n<p>R\u00f4mulo Romero sai da cana, cursa Direito, vira jornalista de Folha da Tarde. O Di\u00e1rio O\u00adfi\u00adcial do DOI-CODI. Assim como montou o jornal integralista A\u00e7\u00e3o Nacional. Marcos Vin\u00edcio Fernandes parou na \u00a0Folha da Tarde. Marcos Alberto Martini \u00e9 dono de f\u00e1brica de salsichas, lin\u00adgui\u00ad\u00e7as e mor\u00adta\u00addelas no Estado de S\u00e3o Paulo. Celso Lungaretti \u00e9 jornalista, escritor, autor de N\u00e1u\u00adfrago da Utopia. Gustavo Guimar\u00e3es Barbosa, jornalista. Manuel Henrique Ferreira morreu em 2014.<\/p>\n<p>&nbsp;<\/p>\n<p>&nbsp;<\/p>\n<p><strong>O que foi a ditadura civil e militar \u2013 1964 &#8211; 1985<\/strong><\/p>\n<figure id=\"attachment_6080\" aria-describedby=\"caption-attachment-6080\" style=\"width: 150px\" class=\"wp-caption aligncenter\"><img loading=\"lazy\" decoding=\"async\" class=\"size-thumbnail wp-image-6080\" src=\"https:\/\/renatodias.online\/movimento\/wp-content\/uploads\/2021\/04\/Golpe-de-1964-Saiba-mais-150x150.jpg\" alt=\"Imagem do Golpe de 1964 no Brasil\" width=\"150\" height=\"150\" \/><figcaption id=\"caption-attachment-6080\" class=\"wp-caption-text\">Imagem do Golpe de 1964 no Brasil<\/figcaption><\/figure>\n<p>Fardados e civis derrubaram em 31 de mar\u00e7o, 1\u00ba e 2 de abril de 1964 o presidente da Rep\u00fablica, Jo\u00e3o Belchior Marques Goulart. Com tanques e metralhadoras. Com o aval do Supremo Tribunal Federal, a corte suprema. O Congresso referendou a posse de Rani\u00e9re Mazzilli e a indica\u00e7\u00e3o do primeiro general-presidente, marechal Humberto Castello Branco.<\/p>\n<p>Ga\u00facho de S\u00e3o Borja, ex-ministro do Trabalho, respons\u00e1vel pelo aumento real do sal\u00e1rio m\u00ednimo, Jango, como era conhecido, \u00e9 herdeiro do nacional-estatismo. Em sua vers\u00e3o trabalhista. De Get\u00falio Vargas. O rotulado de \u2018Pai dos Pobres\u2019. Get\u00falio Vargas suicidou-se \u00e0s 8h30, do dia 24 de agosto de 1954, em seus aposentos presidenciais. No Pal\u00e1cio do Catete.<\/p>\n<p>A capital do Brasil, \u00e0 \u00e9poca, era o Rio de Janeiro, outrora Cidade Maravilhosa. Com a queda de Jango, 21 anos de ditadura civil e militar [1964-1985]. A opera\u00e7\u00e3o teve a ostensiva participa\u00e7\u00e3o dos Estados Unidos das Am\u00e9ricas. Um saldo societal tr\u00e1gico. Com 479 mortos e desaparecidos pol\u00edticos. Assim como 1.700 trabalhadores rurais executados. Al\u00e9m de 10 mil pessoas exiladas.<\/p>\n<p>O projeto Brasil Nunca Mais, organizado pelo Arcebispo Dom Paulo Evaristo Arns e pelo reverendo Jaime Wright, registra que duas mil pessoas, perante o Superior Tribunal Militar, o STM, denunciaram terem sido torturadas. Na cadeira-do-drag\u00e3o, socos, pontap\u00e9s, telefones, pau-de-arara. A jornalista M\u00edriam Leit\u00e3o teve de ficar em uma cela com uma cobra ao seu lado.<\/p>\n<p>Relat\u00f3rio da Comiss\u00e3o Nacional da Verdade, instalada em maio de 2012 e encerrada dia 10 de dezembro de 2014, aponta que seis mil membros do Ex\u00e9rcito, Marinha, Aeron\u00e1utica, For\u00e7a P\u00fablica foram demitidos ou reformados. Um Grupo de Trabalho da CNV diz que 12 mil ind\u00ed\u00adgenas morreram sob a ditadura civil e militar e sua pol\u00edtica indigenista e de obras fara\u00f4nicas.<\/p>\n<p>Pasmem: 39 mil trabalhadores e trabalhadoras foram reconhecidas pela Comiss\u00e3o de Anistia, \u00f3rg\u00e3o do Minist\u00e9rio da Justi\u00e7a, na Esplanada dos Minist\u00e9rios, em Bras\u00edlia [DF], a Capital da Rep\u00fablica, a terem direito \u00e0 repara\u00e7\u00e3o econ\u00f4mica ou pens\u00f5es. Por danos materiais, pol\u00edticos, sociais e simb\u00f3licos. Medidas que prejudicaram as suas vidas. Tanto civis quanto militares.<\/p>\n<p>Mais: a ditadura civil e militar, no Brasil e em Goi\u00e1s, promoveu uma violenta censura \u00e0s artes, publica\u00e7\u00e3o de livros, \u00e0 imprensa, aos filmes, pe\u00e7as de teatro. Artistas eram perseguidos, presos, espancados e exilados. Como Caetano Veloso e Gilberto Gil, exilados na Inglaterra; Chico Buarque, na It\u00e1lia; Geraldo \u2018Caminhando\u2019 Vandr\u00e9. Jornais destru\u00eddos. \u2018Empastelados\u2019.<\/p>\n<p>O Ato Institucional N\u00famero 5, de 13 de dezembro de 1968, fechou o Congresso Nacional, a C\u00e2mara Federal, o Senado da Rep\u00fablica, as assembleias legislativas e as c\u00e2maras municipais. \u00a0Centenas de governadores, prefeitos, senadores da Rep\u00fablica, deputados federais, deputados estaduais, vereadores foram cassados. Em 1980, Luiz In\u00e1cio Lula da Silva foi preso. Por greve.<\/p>\n<p>O Congresso Nacional aprovou, em 26 de agosto de 1979, a Lei de Anistia. A medida sancionada n\u00e3o foi ampla, nem geral muito menos irrestrita. Os agentes do Estado pagos com o dinheiro do contribuinte para garantir a seguran\u00e7a p\u00fablica, respons\u00e1veis por viola\u00e7\u00f5es dos direitos humanos, assim como a sua cadeia de comando, receberam uma autoanistia da Uni\u00e3o.<\/p>\n<p>A direita explosiva matou, com uma bomba endere\u00e7ada \u00e0 OAB, a secret\u00e1ria da Ordem dos Advogados do Brasil, Lyda Monteiro, em 27 de agosto de 1980. Um atentado \u00e0 bomba no Riocentro, Rio de Janeiro, no show de Primeiro de maio de 1981, dia internacional dos trabalhadores, deixou os executores feridos. O crime permanece at\u00e9 hoje, 2021, impune.<\/p>\n<p>O jornalista Alexandre Von Baumgarten, indigesto \u00e0 ditadura civil e militar, acabou assas\u00adsinado, no ano de 1982. A campanha das diretas de 1983 e 1983, que exigia o direito elementar de votar, caiu com a derrota da Emenda Dante de Oliveira, em 25 de abril de 1984. Contra o que poderia ser uma \u2018revolu\u00e7\u00e3o democr\u00e1tica\u2019, como aponta Florestan Fernandes.<\/p>\n<p>O Col\u00e9gio Eleitoral \u00e9 instalado. Tancredo Neves morre. Jos\u00e9 Sarney, ex-presidente da Arena e do PDS, legendas de sustenta\u00e7\u00e3o da ditadura civil e militar, em ironia da Hist\u00f3ria, assume. A Carta Magna sai em 5 de outubro de 1988. Com a manuten\u00e7\u00e3o da tutela das For\u00e7as Armadas como garantidora da Ordem Pol\u00edtica e Social. Em 2021, militares est\u00e3o em 23 \u00f3rg\u00e3os da Uni\u00e3o.<\/p>\n<p><strong>&#8211; Um passado que n\u00e3o passa.<\/strong><\/p>\n<p><strong>\u00a0<\/strong><\/p>\n<p><strong>\u00a0<\/strong><\/p>\n<h3><span style=\"color: #ff0000;\"><em><strong>Vejam os n\u00fameros<\/strong><\/em><\/span><\/h3>\n<p><strong>_<span style=\"color: #ff0000;\"> 479<\/span> mortos e desaparecidos<\/strong><\/p>\n<p><strong>_ <span style=\"color: #ff0000;\">1.700<\/span> trabalhadores rurais executados<\/strong><\/p>\n<p><strong><span style=\"color: #ff0000;\">_ 10 mil<\/span> pessoas exiladas<\/strong><\/p>\n<p><strong>_ <span style=\"color: #ff0000;\">Duas mil<\/span> pessoas, perante o Superior Tribunal Militar, denunciaram terem sido torturadas.<\/strong><\/p>\n<p><strong>_<span style=\"color: #ff0000;\"> 6 mil<\/span> membros do Ex\u00e9rcito, Marinha, Aeron\u00e1utica, For\u00e7a P\u00fablica foram demitidos, executados, desaparecidos ou reformados <\/strong><\/p>\n<p><strong>_<span style=\"color: #ff0000;\"> 39 mil<\/span> trabalhadores e trabalhadoras foram reconhecidas pela Comiss\u00e3o de Anistia, do Minist\u00e9rio da Justi\u00e7a, com direito \u00e0 repara\u00e7\u00e3o econ\u00f4mica. Civis e militares. <\/strong><\/p>\n<p><strong>_ <span style=\"color: #ff0000;\">12 mil<\/span> ind\u00edgenas morreram sob a ditadura civil e militar e sua pol\u00edtica indigenista e de obras fara\u00f4nicas<\/strong><\/p>\n<p><strong>\u00ad_ Censura \u00e0s artes, publica\u00e7\u00e3o de livros, \u00e0 imprensa, aos filmes, pe\u00e7as de teatro<\/strong><\/p>\n<p><strong>_ Artistas eram perseguidos, presos, espancados e exilados. Como Caetano Veloso e Gilberto Gil, exilados na Inglaterra; Chico Buarque, na It\u00e1lia; Geraldo Vandr\u00e9&#8230;<\/strong><\/p>\n<p><strong>_ Jornais destru\u00eddos<\/strong><\/p>\n<p><strong>_ O Ato Institucional N\u00famero 5, de 13 de dezembro de 1968, fechou o Congresso Nacional, a C\u00e2mara Federal, o Senado da Rep\u00fablica, as assembleias legislativas e as c\u00e2maras municipais<\/strong><\/p>\n<p><strong>_ Centenas de governadores, prefeitos, senadores da Rep\u00fablica, deputados federais, deputados estaduais, vereadores foram cassados.<\/strong><\/p>\n<p><strong>\u00a0<\/strong><\/p>\n<p>&nbsp;<\/p>\n","protected":false},"excerpt":{"rendered":"<p>A servi\u00e7o da ditadura O suposto terror renegado Arrependido, Gustavo Guimar\u00e3es Barbosa, ex-VAR-Palmares n\u00e3o revelou tudo o que sabe \u00a0 &nbsp; \u00a0 Renato Dias A Vanguarda Armada Revolucion\u00e1ria Palmares havia lhe designado para operar parte dos d\u00f3lares obtidos da expropria\u00e7\u00e3o do cofre de Ana Capriglione, a amante de Adhemar de Barros, em 1969. Recursos destinados<\/p>\n","protected":false},"author":2,"featured_media":6072,"comment_status":"open","ping_status":"open","sticky":false,"template":"","format":"standard","meta":{"_acf_changed":false,"_monsterinsights_skip_tracking":false,"_monsterinsights_sitenote_active":false,"_monsterinsights_sitenote_note":"","_monsterinsights_sitenote_category":0,"footnotes":""},"categories":[1],"tags":[],"class_list":["post-6071","post","type-post","status-publish","format-standard","has-post-thumbnail","hentry","category-cinema"],"acf":[],"yoast_head":"<!-- This site is optimized with the Yoast SEO plugin v27.4 - https:\/\/yoast.com\/product\/yoast-seo-wordpress\/ -->\n<title>O suposto terror renegado -<\/title>\n<meta name=\"robots\" content=\"index, follow, max-snippet:-1, max-image-preview:large, max-video-preview:-1\" \/>\n<link rel=\"canonical\" href=\"https:\/\/renatodias.online\/movimento\/2021\/04\/17\/o-suposto-terror-renegado\/\" \/>\n<meta property=\"og:locale\" content=\"pt_BR\" \/>\n<meta property=\"og:type\" content=\"article\" \/>\n<meta property=\"og:title\" content=\"O suposto terror renegado -\" \/>\n<meta property=\"og:description\" content=\"A servi\u00e7o da ditadura O suposto terror renegado Arrependido, Gustavo Guimar\u00e3es Barbosa, ex-VAR-Palmares n\u00e3o revelou tudo o que sabe \u00a0 &nbsp; \u00a0 Renato Dias A Vanguarda Armada Revolucion\u00e1ria Palmares havia lhe designado para operar parte dos d\u00f3lares obtidos da expropria\u00e7\u00e3o do cofre de Ana Capriglione, a amante de Adhemar de Barros, em 1969. Recursos destinados\" \/>\n<meta property=\"og:url\" content=\"https:\/\/renatodias.online\/movimento\/2021\/04\/17\/o-suposto-terror-renegado\/\" \/>\n<meta property=\"article:publisher\" content=\"https:\/\/www.facebook.com\/renato.dias.37\" \/>\n<meta property=\"article:author\" content=\"https:\/\/www.facebook.com\/renato.dias.37\" \/>\n<meta property=\"article:published_time\" content=\"2021-04-17T03:34:21+00:00\" \/>\n<meta property=\"og:image\" content=\"https:\/\/renatodias.online\/movimento\/wp-content\/uploads\/2021\/04\/Massafumi-Yoshinaga.jpg\" \/>\n\t<meta property=\"og:image:width\" content=\"1200\" \/>\n\t<meta property=\"og:image:height\" content=\"1652\" \/>\n\t<meta property=\"og:image:type\" content=\"image\/jpeg\" \/>\n<meta name=\"author\" content=\"Renato Dias\" \/>\n<meta name=\"twitter:card\" content=\"summary_large_image\" \/>\n<meta name=\"twitter:creator\" content=\"@RenatoDiasBat\" \/>\n<meta name=\"twitter:site\" content=\"@RenatoDiasBat\" \/>\n<meta name=\"twitter:label1\" content=\"Escrito por\" \/>\n\t<meta name=\"twitter:data1\" content=\"Renato Dias\" \/>\n\t<meta name=\"twitter:label2\" content=\"Est. tempo de leitura\" \/>\n\t<meta name=\"twitter:data2\" content=\"10 minutos\" \/>\n<script type=\"application\/ld+json\" class=\"yoast-schema-graph\">{\"@context\":\"https:\\\/\\\/schema.org\",\"@graph\":[{\"@type\":\"Article\",\"@id\":\"https:\\\/\\\/renatodias.online\\\/movimento\\\/2021\\\/04\\\/17\\\/o-suposto-terror-renegado\\\/#article\",\"isPartOf\":{\"@id\":\"https:\\\/\\\/renatodias.online\\\/movimento\\\/2021\\\/04\\\/17\\\/o-suposto-terror-renegado\\\/\"},\"author\":{\"name\":\"Renato Dias\",\"@id\":\"https:\\\/\\\/renatodias.online\\\/movimento\\\/#\\\/schema\\\/person\\\/bbab28833b1725a20f4083f49f1fb2a9\"},\"headline\":\"O suposto terror renegado\",\"datePublished\":\"2021-04-17T03:34:21+00:00\",\"mainEntityOfPage\":{\"@id\":\"https:\\\/\\\/renatodias.online\\\/movimento\\\/2021\\\/04\\\/17\\\/o-suposto-terror-renegado\\\/\"},\"wordCount\":1940,\"commentCount\":0,\"publisher\":{\"@id\":\"https:\\\/\\\/renatodias.online\\\/movimento\\\/#\\\/schema\\\/person\\\/bbab28833b1725a20f4083f49f1fb2a9\"},\"image\":{\"@id\":\"https:\\\/\\\/renatodias.online\\\/movimento\\\/2021\\\/04\\\/17\\\/o-suposto-terror-renegado\\\/#primaryimage\"},\"thumbnailUrl\":\"https:\\\/\\\/renatodias.online\\\/movimento\\\/wp-content\\\/uploads\\\/2021\\\/04\\\/Massafumi-Yoshinaga.jpg\",\"articleSection\":[\"Cinema\"],\"inLanguage\":\"pt-BR\",\"potentialAction\":[{\"@type\":\"CommentAction\",\"name\":\"Comment\",\"target\":[\"https:\\\/\\\/renatodias.online\\\/movimento\\\/2021\\\/04\\\/17\\\/o-suposto-terror-renegado\\\/#respond\"]}]},{\"@type\":\"WebPage\",\"@id\":\"https:\\\/\\\/renatodias.online\\\/movimento\\\/2021\\\/04\\\/17\\\/o-suposto-terror-renegado\\\/\",\"url\":\"https:\\\/\\\/renatodias.online\\\/movimento\\\/2021\\\/04\\\/17\\\/o-suposto-terror-renegado\\\/\",\"name\":\"O suposto terror renegado -\",\"isPartOf\":{\"@id\":\"https:\\\/\\\/renatodias.online\\\/movimento\\\/#website\"},\"primaryImageOfPage\":{\"@id\":\"https:\\\/\\\/renatodias.online\\\/movimento\\\/2021\\\/04\\\/17\\\/o-suposto-terror-renegado\\\/#primaryimage\"},\"image\":{\"@id\":\"https:\\\/\\\/renatodias.online\\\/movimento\\\/2021\\\/04\\\/17\\\/o-suposto-terror-renegado\\\/#primaryimage\"},\"thumbnailUrl\":\"https:\\\/\\\/renatodias.online\\\/movimento\\\/wp-content\\\/uploads\\\/2021\\\/04\\\/Massafumi-Yoshinaga.jpg\",\"datePublished\":\"2021-04-17T03:34:21+00:00\",\"breadcrumb\":{\"@id\":\"https:\\\/\\\/renatodias.online\\\/movimento\\\/2021\\\/04\\\/17\\\/o-suposto-terror-renegado\\\/#breadcrumb\"},\"inLanguage\":\"pt-BR\",\"potentialAction\":[{\"@type\":\"ReadAction\",\"target\":[\"https:\\\/\\\/renatodias.online\\\/movimento\\\/2021\\\/04\\\/17\\\/o-suposto-terror-renegado\\\/\"]}]},{\"@type\":\"ImageObject\",\"inLanguage\":\"pt-BR\",\"@id\":\"https:\\\/\\\/renatodias.online\\\/movimento\\\/2021\\\/04\\\/17\\\/o-suposto-terror-renegado\\\/#primaryimage\",\"url\":\"https:\\\/\\\/renatodias.online\\\/movimento\\\/wp-content\\\/uploads\\\/2021\\\/04\\\/Massafumi-Yoshinaga.jpg\",\"contentUrl\":\"https:\\\/\\\/renatodias.online\\\/movimento\\\/wp-content\\\/uploads\\\/2021\\\/04\\\/Massafumi-Yoshinaga.jpg\",\"width\":1200,\"height\":1652,\"caption\":\"Massafumi Yoshinaga\"},{\"@type\":\"BreadcrumbList\",\"@id\":\"https:\\\/\\\/renatodias.online\\\/movimento\\\/2021\\\/04\\\/17\\\/o-suposto-terror-renegado\\\/#breadcrumb\",\"itemListElement\":[{\"@type\":\"ListItem\",\"position\":1,\"name\":\"In\u00edcio\",\"item\":\"https:\\\/\\\/renatodias.online\\\/movimento\\\/\"},{\"@type\":\"ListItem\",\"position\":2,\"name\":\"O suposto terror renegado\"}]},{\"@type\":\"WebSite\",\"@id\":\"https:\\\/\\\/renatodias.online\\\/movimento\\\/#website\",\"url\":\"https:\\\/\\\/renatodias.online\\\/movimento\\\/\",\"name\":\"\",\"description\":\"\",\"publisher\":{\"@id\":\"https:\\\/\\\/renatodias.online\\\/movimento\\\/#\\\/schema\\\/person\\\/bbab28833b1725a20f4083f49f1fb2a9\"},\"potentialAction\":[{\"@type\":\"SearchAction\",\"target\":{\"@type\":\"EntryPoint\",\"urlTemplate\":\"https:\\\/\\\/renatodias.online\\\/movimento\\\/?s={search_term_string}\"},\"query-input\":{\"@type\":\"PropertyValueSpecification\",\"valueRequired\":true,\"valueName\":\"search_term_string\"}}],\"inLanguage\":\"pt-BR\"},{\"@type\":[\"Person\",\"Organization\"],\"@id\":\"https:\\\/\\\/renatodias.online\\\/movimento\\\/#\\\/schema\\\/person\\\/bbab28833b1725a20f4083f49f1fb2a9\",\"name\":\"Renato Dias\",\"image\":{\"@type\":\"ImageObject\",\"inLanguage\":\"pt-BR\",\"@id\":\"https:\\\/\\\/renatodias.online\\\/movimento\\\/wp-content\\\/uploads\\\/2023\\\/03\\\/cropped-cropped-cropped-logofinal.jpeg\",\"url\":\"https:\\\/\\\/renatodias.online\\\/movimento\\\/wp-content\\\/uploads\\\/2023\\\/03\\\/cropped-cropped-cropped-logofinal.jpeg\",\"contentUrl\":\"https:\\\/\\\/renatodias.online\\\/movimento\\\/wp-content\\\/uploads\\\/2023\\\/03\\\/cropped-cropped-cropped-logofinal.jpeg\",\"width\":1280,\"height\":219,\"caption\":\"Renato Dias\"},\"logo\":{\"@id\":\"https:\\\/\\\/renatodias.online\\\/movimento\\\/wp-content\\\/uploads\\\/2023\\\/03\\\/cropped-cropped-cropped-logofinal.jpeg\"},\"description\":\"Renato Dias, 58 anos, \u00e9 graduado em Jornalismo, formado em Ci\u00eancias Sociais, com p\u00f3s-gradua\u00e7\u00e3o em Pol\u00edticas P\u00fablicas, mestre em Direito e Rela\u00e7\u00f5es Internacionais, ex-aluno extraordin\u00e1rio do Doutorado em Psicologia Social, ex-estudante do Curso de Psican\u00e1lise do Centro de Estudos Psicanal\u00edticos do Estado de Goi\u00e1s, ministrado pelo m\u00e9dico psiquiatra e psicanalista Daniel Em\u00eddio de Souza. \u00c9 autor de 30 livros-reportagem, oito document\u00e1rios, ganhou 30 pr\u00eamios e \u00e9 torcedor apaixonado do maior do Centro-Oeste, o Vila Nova Futebol Clube. Casado com Meirilane Dias, \u00e9 pai de Juliana Dias, jornalista; Daniel Dias, economista; e Maria Rosa Dias, estudante antifascista, socialista e trotskista.\u00a0Com tr\u00eas pets: Porquinho [Bull Dog Franc\u00eas], Dalila [Basset Hound] e Geleia [Basset Hound]. Al\u00e9m do eterno gato Tutuquinho, que virou estrela.\",\"sameAs\":[\"https:\\\/\\\/www.facebook.com\\\/renato.dias.37\",\"#breve\",\"https:\\\/\\\/renatodias.tumblr.com\\\/\"],\"url\":\"https:\\\/\\\/renatodias.online\\\/movimento\\\/author\\\/renatodias\\\/\"}]}<\/script>\n<!-- \/ Yoast SEO plugin. -->","yoast_head_json":{"title":"O suposto terror renegado -","robots":{"index":"index","follow":"follow","max-snippet":"max-snippet:-1","max-image-preview":"max-image-preview:large","max-video-preview":"max-video-preview:-1"},"canonical":"https:\/\/renatodias.online\/movimento\/2021\/04\/17\/o-suposto-terror-renegado\/","og_locale":"pt_BR","og_type":"article","og_title":"O suposto terror renegado -","og_description":"A servi\u00e7o da ditadura O suposto terror renegado Arrependido, Gustavo Guimar\u00e3es Barbosa, ex-VAR-Palmares n\u00e3o revelou tudo o que sabe \u00a0 &nbsp; \u00a0 Renato Dias A Vanguarda Armada Revolucion\u00e1ria Palmares havia lhe designado para operar parte dos d\u00f3lares obtidos da expropria\u00e7\u00e3o do cofre de Ana Capriglione, a amante de Adhemar de Barros, em 1969. Recursos destinados","og_url":"https:\/\/renatodias.online\/movimento\/2021\/04\/17\/o-suposto-terror-renegado\/","article_publisher":"https:\/\/www.facebook.com\/renato.dias.37","article_author":"https:\/\/www.facebook.com\/renato.dias.37","article_published_time":"2021-04-17T03:34:21+00:00","og_image":[{"width":1200,"height":1652,"url":"https:\/\/renatodias.online\/movimento\/wp-content\/uploads\/2021\/04\/Massafumi-Yoshinaga.jpg","type":"image\/jpeg"}],"author":"Renato Dias","twitter_card":"summary_large_image","twitter_creator":"@RenatoDiasBat","twitter_site":"@RenatoDiasBat","twitter_misc":{"Escrito por":"Renato Dias","Est. tempo de leitura":"10 minutos"},"schema":{"@context":"https:\/\/schema.org","@graph":[{"@type":"Article","@id":"https:\/\/renatodias.online\/movimento\/2021\/04\/17\/o-suposto-terror-renegado\/#article","isPartOf":{"@id":"https:\/\/renatodias.online\/movimento\/2021\/04\/17\/o-suposto-terror-renegado\/"},"author":{"name":"Renato Dias","@id":"https:\/\/renatodias.online\/movimento\/#\/schema\/person\/bbab28833b1725a20f4083f49f1fb2a9"},"headline":"O suposto terror renegado","datePublished":"2021-04-17T03:34:21+00:00","mainEntityOfPage":{"@id":"https:\/\/renatodias.online\/movimento\/2021\/04\/17\/o-suposto-terror-renegado\/"},"wordCount":1940,"commentCount":0,"publisher":{"@id":"https:\/\/renatodias.online\/movimento\/#\/schema\/person\/bbab28833b1725a20f4083f49f1fb2a9"},"image":{"@id":"https:\/\/renatodias.online\/movimento\/2021\/04\/17\/o-suposto-terror-renegado\/#primaryimage"},"thumbnailUrl":"https:\/\/renatodias.online\/movimento\/wp-content\/uploads\/2021\/04\/Massafumi-Yoshinaga.jpg","articleSection":["Cinema"],"inLanguage":"pt-BR","potentialAction":[{"@type":"CommentAction","name":"Comment","target":["https:\/\/renatodias.online\/movimento\/2021\/04\/17\/o-suposto-terror-renegado\/#respond"]}]},{"@type":"WebPage","@id":"https:\/\/renatodias.online\/movimento\/2021\/04\/17\/o-suposto-terror-renegado\/","url":"https:\/\/renatodias.online\/movimento\/2021\/04\/17\/o-suposto-terror-renegado\/","name":"O suposto terror renegado -","isPartOf":{"@id":"https:\/\/renatodias.online\/movimento\/#website"},"primaryImageOfPage":{"@id":"https:\/\/renatodias.online\/movimento\/2021\/04\/17\/o-suposto-terror-renegado\/#primaryimage"},"image":{"@id":"https:\/\/renatodias.online\/movimento\/2021\/04\/17\/o-suposto-terror-renegado\/#primaryimage"},"thumbnailUrl":"https:\/\/renatodias.online\/movimento\/wp-content\/uploads\/2021\/04\/Massafumi-Yoshinaga.jpg","datePublished":"2021-04-17T03:34:21+00:00","breadcrumb":{"@id":"https:\/\/renatodias.online\/movimento\/2021\/04\/17\/o-suposto-terror-renegado\/#breadcrumb"},"inLanguage":"pt-BR","potentialAction":[{"@type":"ReadAction","target":["https:\/\/renatodias.online\/movimento\/2021\/04\/17\/o-suposto-terror-renegado\/"]}]},{"@type":"ImageObject","inLanguage":"pt-BR","@id":"https:\/\/renatodias.online\/movimento\/2021\/04\/17\/o-suposto-terror-renegado\/#primaryimage","url":"https:\/\/renatodias.online\/movimento\/wp-content\/uploads\/2021\/04\/Massafumi-Yoshinaga.jpg","contentUrl":"https:\/\/renatodias.online\/movimento\/wp-content\/uploads\/2021\/04\/Massafumi-Yoshinaga.jpg","width":1200,"height":1652,"caption":"Massafumi Yoshinaga"},{"@type":"BreadcrumbList","@id":"https:\/\/renatodias.online\/movimento\/2021\/04\/17\/o-suposto-terror-renegado\/#breadcrumb","itemListElement":[{"@type":"ListItem","position":1,"name":"In\u00edcio","item":"https:\/\/renatodias.online\/movimento\/"},{"@type":"ListItem","position":2,"name":"O suposto terror renegado"}]},{"@type":"WebSite","@id":"https:\/\/renatodias.online\/movimento\/#website","url":"https:\/\/renatodias.online\/movimento\/","name":"","description":"","publisher":{"@id":"https:\/\/renatodias.online\/movimento\/#\/schema\/person\/bbab28833b1725a20f4083f49f1fb2a9"},"potentialAction":[{"@type":"SearchAction","target":{"@type":"EntryPoint","urlTemplate":"https:\/\/renatodias.online\/movimento\/?s={search_term_string}"},"query-input":{"@type":"PropertyValueSpecification","valueRequired":true,"valueName":"search_term_string"}}],"inLanguage":"pt-BR"},{"@type":["Person","Organization"],"@id":"https:\/\/renatodias.online\/movimento\/#\/schema\/person\/bbab28833b1725a20f4083f49f1fb2a9","name":"Renato Dias","image":{"@type":"ImageObject","inLanguage":"pt-BR","@id":"https:\/\/renatodias.online\/movimento\/wp-content\/uploads\/2023\/03\/cropped-cropped-cropped-logofinal.jpeg","url":"https:\/\/renatodias.online\/movimento\/wp-content\/uploads\/2023\/03\/cropped-cropped-cropped-logofinal.jpeg","contentUrl":"https:\/\/renatodias.online\/movimento\/wp-content\/uploads\/2023\/03\/cropped-cropped-cropped-logofinal.jpeg","width":1280,"height":219,"caption":"Renato Dias"},"logo":{"@id":"https:\/\/renatodias.online\/movimento\/wp-content\/uploads\/2023\/03\/cropped-cropped-cropped-logofinal.jpeg"},"description":"Renato Dias, 58 anos, \u00e9 graduado em Jornalismo, formado em Ci\u00eancias Sociais, com p\u00f3s-gradua\u00e7\u00e3o em Pol\u00edticas P\u00fablicas, mestre em Direito e Rela\u00e7\u00f5es Internacionais, ex-aluno extraordin\u00e1rio do Doutorado em Psicologia Social, ex-estudante do Curso de Psican\u00e1lise do Centro de Estudos Psicanal\u00edticos do Estado de Goi\u00e1s, ministrado pelo m\u00e9dico psiquiatra e psicanalista Daniel Em\u00eddio de Souza. \u00c9 autor de 30 livros-reportagem, oito document\u00e1rios, ganhou 30 pr\u00eamios e \u00e9 torcedor apaixonado do maior do Centro-Oeste, o Vila Nova Futebol Clube. Casado com Meirilane Dias, \u00e9 pai de Juliana Dias, jornalista; Daniel Dias, economista; e Maria Rosa Dias, estudante antifascista, socialista e trotskista.\u00a0Com tr\u00eas pets: Porquinho [Bull Dog Franc\u00eas], Dalila [Basset Hound] e Geleia [Basset Hound]. Al\u00e9m do eterno gato Tutuquinho, que virou estrela.","sameAs":["https:\/\/www.facebook.com\/renato.dias.37","#breve","https:\/\/renatodias.tumblr.com\/"],"url":"https:\/\/renatodias.online\/movimento\/author\/renatodias\/"}]}},"_links":{"self":[{"href":"https:\/\/renatodias.online\/movimento\/wp-json\/wp\/v2\/posts\/6071","targetHints":{"allow":["GET"]}}],"collection":[{"href":"https:\/\/renatodias.online\/movimento\/wp-json\/wp\/v2\/posts"}],"about":[{"href":"https:\/\/renatodias.online\/movimento\/wp-json\/wp\/v2\/types\/post"}],"author":[{"embeddable":true,"href":"https:\/\/renatodias.online\/movimento\/wp-json\/wp\/v2\/users\/2"}],"replies":[{"embeddable":true,"href":"https:\/\/renatodias.online\/movimento\/wp-json\/wp\/v2\/comments?post=6071"}],"version-history":[{"count":1,"href":"https:\/\/renatodias.online\/movimento\/wp-json\/wp\/v2\/posts\/6071\/revisions"}],"predecessor-version":[{"id":6081,"href":"https:\/\/renatodias.online\/movimento\/wp-json\/wp\/v2\/posts\/6071\/revisions\/6081"}],"wp:featuredmedia":[{"embeddable":true,"href":"https:\/\/renatodias.online\/movimento\/wp-json\/wp\/v2\/media\/6072"}],"wp:attachment":[{"href":"https:\/\/renatodias.online\/movimento\/wp-json\/wp\/v2\/media?parent=6071"}],"wp:term":[{"taxonomy":"category","embeddable":true,"href":"https:\/\/renatodias.online\/movimento\/wp-json\/wp\/v2\/categories?post=6071"},{"taxonomy":"post_tag","embeddable":true,"href":"https:\/\/renatodias.online\/movimento\/wp-json\/wp\/v2\/tags?post=6071"}],"curies":[{"name":"wp","href":"https:\/\/api.w.org\/{rel}","templated":true}]}}