{"id":5973,"date":"2021-04-12T23:11:19","date_gmt":"2021-04-13T02:11:19","guid":{"rendered":"https:\/\/renatodias.online\/movimento\/?p=5973"},"modified":"2021-04-13T10:44:01","modified_gmt":"2021-04-13T13:44:01","slug":"pai-morre-sem-saber-do-obito-do-seu-filho","status":"publish","type":"post","link":"https:\/\/renatodias.online\/movimento\/2021\/04\/12\/pai-morre-sem-saber-do-obito-do-seu-filho\/","title":{"rendered":"Pai morre sem saber do \u00f3bito do seu filho"},"content":{"rendered":"<p><a href=\"https:\/\/renatodias.online\/movimento\/wp-content\/uploads\/2021\/04\/Especial.jpg\"><img loading=\"lazy\" decoding=\"async\" class=\"aligncenter size-full wp-image-5929\" src=\"https:\/\/renatodias.online\/movimento\/wp-content\/uploads\/2021\/04\/Especial.jpg\" alt=\"\" width=\"200\" height=\"200\" srcset=\"https:\/\/renatodias.online\/movimento\/wp-content\/uploads\/2021\/04\/Especial.jpg 200w, https:\/\/renatodias.online\/movimento\/wp-content\/uploads\/2021\/04\/Especial-150x150.jpg 150w\" sizes=\"auto, (max-width: 200px) 100vw, 200px\" \/><\/a><\/p>\n<p><a rel=\"noopener\" href=\"https:\/\/renatodias.online\/movimento\/covid-19\/\" target=\"_blank\"><span style=\"color: #ff0000;\"><strong>Coronav\u00edrus<\/strong><\/span><\/a><\/p>\n<h1><strong>Pai morre sem saber <\/strong><\/h1>\n<h1><strong>do \u00f3bito do seu filho<\/strong><\/h1>\n<p><strong>Quem ir\u00e1 enxugar as l\u00e1grimas de Alba Diniz, vi\u00fava, conter o pranto de Ludmilla Diniz, filha, e acalmar o cora\u00e7\u00e3o de Maria Rosa [Dona Cota], a m\u00e3e quase centen\u00e1ria?<\/strong><\/p>\n<p>&nbsp;<\/p>\n<p>&nbsp;<\/p>\n<p><a rel=\"noopener\" href=\"https:\/\/www.facebook.com\/watch\/?v=1924604710974989\" target=\"_blank\"><img loading=\"lazy\" decoding=\"async\" class=\"aligncenter wp-image-5969 size-full\" src=\"https:\/\/renatodias.online\/movimento\/wp-content\/uploads\/2021\/04\/video.jpg\" alt=\"\" width=\"897\" height=\"509\" srcset=\"https:\/\/renatodias.online\/movimento\/wp-content\/uploads\/2021\/04\/video.jpg 897w, https:\/\/renatodias.online\/movimento\/wp-content\/uploads\/2021\/04\/video-300x170.jpg 300w, https:\/\/renatodias.online\/movimento\/wp-content\/uploads\/2021\/04\/video-768x436.jpg 768w, https:\/\/renatodias.online\/movimento\/wp-content\/uploads\/2021\/04\/video-750x426.jpg 750w\" sizes=\"auto, (max-width: 897px) 100vw, 897px\" \/><\/a><\/p>\n<p>&nbsp;<\/p>\n<p><strong>\u00a0<\/strong><\/p>\n<p><strong>Renato Dias<\/strong><\/p>\n<p>O pai morreu, nesta segunda-feira, triste dia <strong>12 de abril de 2021<\/strong>, no Hospital Jacob Fakouri. De complica\u00e7\u00f5es do <strong>Coronav\u00edrus Covid 19<\/strong>. Drama: sem saber que o filho j\u00e1 havia sido sepultado. No Jardim das Palmeiras.\u00a0 <strong>Causa mortis: a mesma<\/strong>. Cemit\u00e9rio em que havia enterrado o seu velho pai. D\u00e9cada de 1990. Em Goi\u00e2nia. A capital fundada em 1933. Pelo m\u00e9dico Pedro Ludo\u00advi\u00adco Teixeira. O interventor de Get\u00falio Vargas. Em Goi\u00e1s. A sua mulher, que enfrentou\u00a0 infec\u00e7\u00e3o nos pulm\u00f5es, sobreviveu. A filha, idem. Aflita, solit\u00e1ria no socorro aos pais, apesar do amplo su\u00adporte m\u00e9dico da fam\u00edlia, acabou por contrair o mal dos anos 2019, 2020 e 2021. \u00c0 beira de completar 100 anos de Hist\u00f3ria e vida, a sua m\u00e3e, nada sabe. Das sucessivas trag\u00e9dias. No cl\u00e3.<\/p>\n<p>\u00c9 a hist\u00f3ria do <strong>ex-presidente do<\/strong> <strong>Vila Nova Futebol Clube<\/strong>: <strong>Paulo Miguel Diniz<\/strong>. A <strong>maior paix\u00e3o do Centro-Oeste do Brasil<\/strong>. Tricampe\u00e3o brasileiro. Campe\u00e3o brasileiro, sul-americano e da Ta\u00e7a Ivan Raposo de Basquete, em <strong>1973<\/strong>. Com <strong>15<\/strong> campeonatos estaduais. O primeiro tricampe\u00e3o do Estado. O n\u00famero um da lista a participar de uma competi\u00e7\u00e3o nacional. Ano: <strong>1963<\/strong>. O time que saiu na frente na conquista do tetracampeonato <strong>[1977, 1978, 1979, 1980].<\/strong> O primeiro a disputar um certame internacional, da Conmebol <strong>[1999]<\/strong>. O maior p\u00fablico presente no Est\u00e1dio Serra Dourada, o Templo do Futebol Goiano, por anos o melhor gramado do Brasil, dos \u00faltimos <strong>12 anos<\/strong> consecutivos: <strong>45 mil<\/strong> torcedores. Com o manto sagrado. Vermelho e Branco. Em <strong>2015<\/strong>.<\/p>\n<figure id=\"attachment_5800\" aria-describedby=\"caption-attachment-5800\" style=\"width: 624px\" class=\"wp-caption aligncenter\"><a href=\"https:\/\/renatodias.online\/movimento\/wp-content\/uploads\/2021\/04\/paulo-diniz.png\"><img loading=\"lazy\" decoding=\"async\" class=\"size-full wp-image-5800\" src=\"https:\/\/renatodias.online\/movimento\/wp-content\/uploads\/2021\/04\/paulo-diniz.png\" alt=\"\" width=\"624\" height=\"384\" srcset=\"https:\/\/renatodias.online\/movimento\/wp-content\/uploads\/2021\/04\/paulo-diniz.png 624w, https:\/\/renatodias.online\/movimento\/wp-content\/uploads\/2021\/04\/paulo-diniz-300x185.png 300w\" sizes=\"auto, (max-width: 624px) 100vw, 624px\" \/><\/a><figcaption id=\"caption-attachment-5800\" class=\"wp-caption-text\">Paulo Diniz<\/figcaption><\/figure>\n<p>&nbsp;<\/p>\n<p>Aos 71 anos de idade, Paulo Diniz graduou-se em Direito, exerceu o cargo de Fiscal de Renda, ocupou a fun\u00e7\u00e3o estrat\u00e9gica de diretor da Receita Estadual. Assim como o posto de Secret\u00e1rio de Estado da Fazenda _ interino. Especialista em Direito Empresarial e Tribut\u00e1rio, ele se casou com Alba Diniz, em 1977. Com quem teve dois filhos: <strong>Paulo J\u00fanior<\/strong> e <strong>Ludmilla Diniz<\/strong>. O operador do Direito \u00e9 filho da educadora <strong>Maria Rosa de Oliveira<\/strong> e de <strong>Delfino Teodoro<\/strong>. Com cinco irm\u00e3os. <strong>S\u00e9rgio Diniz<\/strong>, m\u00e9dico; <strong>Roberto Diniz<\/strong>, m\u00e9dico; <strong>Cl\u00f3vis Diniz<\/strong>, formado em Direito e servidor da Procuradoria do Estado; <strong>Rog\u00e9rio Oliveira Diniz<\/strong>, empres\u00e1rio radicado, hoje, nos Estados Unidos das Am\u00e9ricas. Al\u00e9m da empres\u00e1ria, professora de Educa\u00e7\u00e3o F\u00edsica <strong>F\u00e1tima Diniz<\/strong>.<\/p>\n<p>Paulo Diniz impulsionou a forma\u00e7\u00e3o do <strong>G-7<\/strong>. No ano de <strong>2001<\/strong>. Com <strong>Urildo Campos<\/strong>, <strong>Walter<\/strong> <strong>Massi<\/strong>, <strong>Jos\u00e9 Eduardo Castroviejo Vilela<\/strong>, <strong>Renato Dias<\/strong>, <strong>Sebasti\u00e3o Ramos Geso de Oliveira<\/strong>, <strong>Leonardo Rizzo<\/strong>, <strong>Jos\u00e9 Martinez Ruiz<\/strong>. Para recuperar as finan\u00e7as e a administra\u00e7\u00e3o do Vila No\u00adva. Depois, assumiu a presid\u00eancia-executiva. A \u00e1rea do Centro de Treinamento, a Toca do Ti\u00adgre, foi descoberta por seu irm\u00e3o, Cl\u00f3vis Diniz. \u00c9 a sua principal conquista. O desembargador, pa\u00addri\u00adnho do seu casamento, ex-presidente do Tribunal Regional Eleitoral de Goi\u00e1s, <strong>Gilberto Mar\u00adques<\/strong>, marcou uma audi\u00eancia. No <strong>Pal\u00e1cio das Esmeraldas<\/strong>. <strong>O inquilino da Casa Verde<\/strong>, <strong>Marco\u00adni Perillo<\/strong>, <strong>doou a \u00e1rea<\/strong>. Ao lado da atual sede do Tribunal de Contas do Estado _ <strong>2003<\/strong>.<\/p>\n<p>Ao deixar a presid\u00eancia-executiva, virou presidente do Conselho Deliberativo. Em <strong>2004<\/strong> e <strong>2005<\/strong>. O Vila Nova foi vice-campe\u00e3o estadual, em 2004, e campe\u00e3o goiano em 2005. Conselheiro gr\u00e3o-benem\u00e9rito, o dirigente hist\u00f3rico reassumiu o cargo: <strong>2012<\/strong> e <strong>2013<\/strong>. Ele presidiu a sess\u00e3o que aprovou o impeachment de Eduardo Barbosa. Por desviar recursos\u00a0 do\u00a0 Vila Nova para bol\u00adsos privados. Um time pobre, de linhagem oper\u00e1ria.\u00a0 Com ideias e contribui\u00e7\u00f5es financeiras, no seu limite, auxiliou as conquista do <strong>tricampeonato\u00a0 brasileiro da S\u00e9rie C<\/strong> e do <strong>vice-campeonato bra\u00adsi\u00adleiro de Aspirantes: 2021<\/strong>. Os jogadores do time titular entraram na <strong>Copa do Brasil,<\/strong> deci\u00ads\u00e3o contra o <strong>Juventude [RS],<\/strong> com uma faixa. <strong>_ # For\u00e7a, Paulo Diniz<\/strong>. O seu cora\u00e7\u00e3o estava no fundo das redes advers\u00e1rias e <strong>nas m\u00e3os de<\/strong> <strong>Georgemy<\/strong>. O goleiro que defendeu dois p\u00eanaltis.<\/p>\n<figure id=\"attachment_5970\" aria-describedby=\"caption-attachment-5970\" style=\"width: 601px\" class=\"wp-caption aligncenter\"><a href=\"https:\/\/renatodias.online\/movimento\/wp-content\/uploads\/2021\/04\/Vila-Nova-Futebol-Clube-Morre-Paulo-Diniz-1.png\"><img loading=\"lazy\" decoding=\"async\" class=\"wp-image-5970\" src=\"https:\/\/renatodias.online\/movimento\/wp-content\/uploads\/2021\/04\/Vila-Nova-Futebol-Clube-Morre-Paulo-Diniz-1-865x1024.png\" alt=\"\" width=\"601\" height=\"711\" srcset=\"https:\/\/renatodias.online\/movimento\/wp-content\/uploads\/2021\/04\/Vila-Nova-Futebol-Clube-Morre-Paulo-Diniz-1-865x1024.png 865w, https:\/\/renatodias.online\/movimento\/wp-content\/uploads\/2021\/04\/Vila-Nova-Futebol-Clube-Morre-Paulo-Diniz-1-253x300.png 253w, https:\/\/renatodias.online\/movimento\/wp-content\/uploads\/2021\/04\/Vila-Nova-Futebol-Clube-Morre-Paulo-Diniz-1-768x909.png 768w, https:\/\/renatodias.online\/movimento\/wp-content\/uploads\/2021\/04\/Vila-Nova-Futebol-Clube-Morre-Paulo-Diniz-1-750x888.png 750w, https:\/\/renatodias.online\/movimento\/wp-content\/uploads\/2021\/04\/Vila-Nova-Futebol-Clube-Morre-Paulo-Diniz-1.png 1000w\" sizes=\"auto, (max-width: 601px) 100vw, 601px\" \/><\/a><figcaption id=\"caption-attachment-5970\" class=\"wp-caption-text\">S\u00edmbolo do Vila Nova _ 3<\/figcaption><\/figure>\n<p>&nbsp;<\/p>\n<p>_ <strong>A pergunta que n\u00e3o quer calar \u00e9: quem ir\u00e1 enxugar as l\u00e1grimas de Alba Diniz, vi\u00fava, conter o pranto de Ludmilla Diniz, filha, e acalmar o cora\u00e7\u00e3o de Maria Rosa [Dona Cota], a m\u00e3e quase centen\u00e1ria<\/strong>?<\/p>\n<p>&nbsp;<\/p>\n<figure id=\"attachment_5971\" aria-describedby=\"caption-attachment-5971\" style=\"width: 674px\" class=\"wp-caption aligncenter\"><a href=\"https:\/\/renatodias.online\/movimento\/wp-content\/uploads\/2021\/04\/Homenagem-a-Paulo-Diniz.jpeg\"><img loading=\"lazy\" decoding=\"async\" class=\" wp-image-5971\" src=\"https:\/\/renatodias.online\/movimento\/wp-content\/uploads\/2021\/04\/Homenagem-a-Paulo-Diniz.jpeg\" alt=\"\" width=\"674\" height=\"449\" srcset=\"https:\/\/renatodias.online\/movimento\/wp-content\/uploads\/2021\/04\/Homenagem-a-Paulo-Diniz.jpeg 800w, https:\/\/renatodias.online\/movimento\/wp-content\/uploads\/2021\/04\/Homenagem-a-Paulo-Diniz-300x200.jpeg 300w, https:\/\/renatodias.online\/movimento\/wp-content\/uploads\/2021\/04\/Homenagem-a-Paulo-Diniz-768x512.jpeg 768w, https:\/\/renatodias.online\/movimento\/wp-content\/uploads\/2021\/04\/Homenagem-a-Paulo-Diniz-360x240.jpeg 360w, https:\/\/renatodias.online\/movimento\/wp-content\/uploads\/2021\/04\/Homenagem-a-Paulo-Diniz-750x500.jpeg 750w\" sizes=\"auto, (max-width: 674px) 100vw, 674px\" \/><\/a><figcaption id=\"caption-attachment-5971\" class=\"wp-caption-text\">Homenagem dos atletas a Paulo Diniz _ 4<\/figcaption><\/figure>\n<p>&nbsp;<\/p>\n<p>&nbsp;<\/p>\n","protected":false},"excerpt":{"rendered":"<p>Coronav\u00edrus Pai morre sem saber do \u00f3bito do seu filho Quem ir\u00e1 enxugar as l\u00e1grimas de Alba Diniz, vi\u00fava, conter o pranto de Ludmilla Diniz, filha, e acalmar o cora\u00e7\u00e3o de Maria Rosa [Dona Cota], a m\u00e3e quase centen\u00e1ria? &nbsp; &nbsp; &nbsp; \u00a0 Renato Dias O pai morreu, nesta segunda-feira, triste dia 12 de abril<\/p>\n","protected":false},"author":2,"featured_media":5974,"comment_status":"open","ping_status":"open","sticky":false,"template":"","format":"standard","meta":{"_acf_changed":false,"_monsterinsights_skip_tracking":false,"_monsterinsights_sitenote_active":false,"_monsterinsights_sitenote_note":"","_monsterinsights_sitenote_category":0,"footnotes":""},"categories":[33],"tags":[],"class_list":["post-5973","post","type-post","status-publish","format-standard","has-post-thumbnail","hentry","category-esporte"],"acf":[],"yoast_head":"<!-- This site is optimized with the Yoast SEO plugin v27.4 - https:\/\/yoast.com\/product\/yoast-seo-wordpress\/ -->\n<title>Pai morre sem saber do \u00f3bito do seu filho -<\/title>\n<meta name=\"robots\" content=\"index, follow, max-snippet:-1, max-image-preview:large, max-video-preview:-1\" \/>\n<link rel=\"canonical\" href=\"https:\/\/renatodias.online\/movimento\/2021\/04\/12\/pai-morre-sem-saber-do-obito-do-seu-filho\/\" \/>\n<meta property=\"og:locale\" content=\"pt_BR\" \/>\n<meta property=\"og:type\" content=\"article\" \/>\n<meta property=\"og:title\" content=\"Pai morre sem saber do \u00f3bito do seu filho -\" \/>\n<meta property=\"og:description\" content=\"Coronav\u00edrus Pai morre sem saber do \u00f3bito do seu filho Quem ir\u00e1 enxugar as l\u00e1grimas de Alba Diniz, vi\u00fava, conter o pranto de Ludmilla Diniz, filha, e acalmar o cora\u00e7\u00e3o de Maria Rosa [Dona Cota], a m\u00e3e quase centen\u00e1ria? &nbsp; &nbsp; &nbsp; \u00a0 Renato Dias O pai morreu, nesta segunda-feira, triste dia 12 de abril\" \/>\n<meta property=\"og:url\" content=\"https:\/\/renatodias.online\/movimento\/2021\/04\/12\/pai-morre-sem-saber-do-obito-do-seu-filho\/\" \/>\n<meta property=\"article:publisher\" content=\"https:\/\/www.facebook.com\/renato.dias.37\" \/>\n<meta property=\"article:author\" content=\"https:\/\/www.facebook.com\/renato.dias.37\" \/>\n<meta property=\"article:published_time\" content=\"2021-04-13T02:11:19+00:00\" \/>\n<meta property=\"article:modified_time\" content=\"2021-04-13T13:44:01+00:00\" \/>\n<meta property=\"og:image\" content=\"https:\/\/renatodias.online\/movimento\/wp-content\/uploads\/2021\/04\/paulo-miguel-diniz.jpg\" \/>\n\t<meta property=\"og:image:width\" content=\"514\" \/>\n\t<meta property=\"og:image:height\" content=\"471\" \/>\n\t<meta property=\"og:image:type\" content=\"image\/jpeg\" \/>\n<meta name=\"author\" content=\"Renato Dias\" \/>\n<meta name=\"twitter:card\" content=\"summary_large_image\" \/>\n<meta name=\"twitter:creator\" content=\"@RenatoDiasBat\" \/>\n<meta name=\"twitter:site\" content=\"@RenatoDiasBat\" \/>\n<meta name=\"twitter:label1\" content=\"Escrito por\" \/>\n\t<meta name=\"twitter:data1\" content=\"Renato Dias\" \/>\n\t<meta name=\"twitter:label2\" content=\"Est. tempo de leitura\" \/>\n\t<meta name=\"twitter:data2\" content=\"4 minutos\" \/>\n<script type=\"application\/ld+json\" class=\"yoast-schema-graph\">{\"@context\":\"https:\\\/\\\/schema.org\",\"@graph\":[{\"@type\":\"Article\",\"@id\":\"https:\\\/\\\/renatodias.online\\\/movimento\\\/2021\\\/04\\\/12\\\/pai-morre-sem-saber-do-obito-do-seu-filho\\\/#article\",\"isPartOf\":{\"@id\":\"https:\\\/\\\/renatodias.online\\\/movimento\\\/2021\\\/04\\\/12\\\/pai-morre-sem-saber-do-obito-do-seu-filho\\\/\"},\"author\":{\"name\":\"Renato Dias\",\"@id\":\"https:\\\/\\\/renatodias.online\\\/movimento\\\/#\\\/schema\\\/person\\\/bbab28833b1725a20f4083f49f1fb2a9\"},\"headline\":\"Pai morre sem saber do \u00f3bito do seu filho\",\"datePublished\":\"2021-04-13T02:11:19+00:00\",\"dateModified\":\"2021-04-13T13:44:01+00:00\",\"mainEntityOfPage\":{\"@id\":\"https:\\\/\\\/renatodias.online\\\/movimento\\\/2021\\\/04\\\/12\\\/pai-morre-sem-saber-do-obito-do-seu-filho\\\/\"},\"wordCount\":788,\"commentCount\":0,\"publisher\":{\"@id\":\"https:\\\/\\\/renatodias.online\\\/movimento\\\/#\\\/schema\\\/person\\\/bbab28833b1725a20f4083f49f1fb2a9\"},\"image\":{\"@id\":\"https:\\\/\\\/renatodias.online\\\/movimento\\\/2021\\\/04\\\/12\\\/pai-morre-sem-saber-do-obito-do-seu-filho\\\/#primaryimage\"},\"thumbnailUrl\":\"https:\\\/\\\/renatodias.online\\\/movimento\\\/wp-content\\\/uploads\\\/2021\\\/04\\\/paulo-miguel-diniz.jpg\",\"articleSection\":[\"Esporte\"],\"inLanguage\":\"pt-BR\",\"potentialAction\":[{\"@type\":\"CommentAction\",\"name\":\"Comment\",\"target\":[\"https:\\\/\\\/renatodias.online\\\/movimento\\\/2021\\\/04\\\/12\\\/pai-morre-sem-saber-do-obito-do-seu-filho\\\/#respond\"]}]},{\"@type\":\"WebPage\",\"@id\":\"https:\\\/\\\/renatodias.online\\\/movimento\\\/2021\\\/04\\\/12\\\/pai-morre-sem-saber-do-obito-do-seu-filho\\\/\",\"url\":\"https:\\\/\\\/renatodias.online\\\/movimento\\\/2021\\\/04\\\/12\\\/pai-morre-sem-saber-do-obito-do-seu-filho\\\/\",\"name\":\"Pai morre sem saber do \u00f3bito do seu filho -\",\"isPartOf\":{\"@id\":\"https:\\\/\\\/renatodias.online\\\/movimento\\\/#website\"},\"primaryImageOfPage\":{\"@id\":\"https:\\\/\\\/renatodias.online\\\/movimento\\\/2021\\\/04\\\/12\\\/pai-morre-sem-saber-do-obito-do-seu-filho\\\/#primaryimage\"},\"image\":{\"@id\":\"https:\\\/\\\/renatodias.online\\\/movimento\\\/2021\\\/04\\\/12\\\/pai-morre-sem-saber-do-obito-do-seu-filho\\\/#primaryimage\"},\"thumbnailUrl\":\"https:\\\/\\\/renatodias.online\\\/movimento\\\/wp-content\\\/uploads\\\/2021\\\/04\\\/paulo-miguel-diniz.jpg\",\"datePublished\":\"2021-04-13T02:11:19+00:00\",\"dateModified\":\"2021-04-13T13:44:01+00:00\",\"breadcrumb\":{\"@id\":\"https:\\\/\\\/renatodias.online\\\/movimento\\\/2021\\\/04\\\/12\\\/pai-morre-sem-saber-do-obito-do-seu-filho\\\/#breadcrumb\"},\"inLanguage\":\"pt-BR\",\"potentialAction\":[{\"@type\":\"ReadAction\",\"target\":[\"https:\\\/\\\/renatodias.online\\\/movimento\\\/2021\\\/04\\\/12\\\/pai-morre-sem-saber-do-obito-do-seu-filho\\\/\"]}]},{\"@type\":\"ImageObject\",\"inLanguage\":\"pt-BR\",\"@id\":\"https:\\\/\\\/renatodias.online\\\/movimento\\\/2021\\\/04\\\/12\\\/pai-morre-sem-saber-do-obito-do-seu-filho\\\/#primaryimage\",\"url\":\"https:\\\/\\\/renatodias.online\\\/movimento\\\/wp-content\\\/uploads\\\/2021\\\/04\\\/paulo-miguel-diniz.jpg\",\"contentUrl\":\"https:\\\/\\\/renatodias.online\\\/movimento\\\/wp-content\\\/uploads\\\/2021\\\/04\\\/paulo-miguel-diniz.jpg\",\"width\":514,\"height\":471,\"caption\":\"Paulo Miguel Diniz\"},{\"@type\":\"BreadcrumbList\",\"@id\":\"https:\\\/\\\/renatodias.online\\\/movimento\\\/2021\\\/04\\\/12\\\/pai-morre-sem-saber-do-obito-do-seu-filho\\\/#breadcrumb\",\"itemListElement\":[{\"@type\":\"ListItem\",\"position\":1,\"name\":\"In\u00edcio\",\"item\":\"https:\\\/\\\/renatodias.online\\\/movimento\\\/\"},{\"@type\":\"ListItem\",\"position\":2,\"name\":\"Pai morre sem saber do \u00f3bito do seu filho\"}]},{\"@type\":\"WebSite\",\"@id\":\"https:\\\/\\\/renatodias.online\\\/movimento\\\/#website\",\"url\":\"https:\\\/\\\/renatodias.online\\\/movimento\\\/\",\"name\":\"\",\"description\":\"\",\"publisher\":{\"@id\":\"https:\\\/\\\/renatodias.online\\\/movimento\\\/#\\\/schema\\\/person\\\/bbab28833b1725a20f4083f49f1fb2a9\"},\"potentialAction\":[{\"@type\":\"SearchAction\",\"target\":{\"@type\":\"EntryPoint\",\"urlTemplate\":\"https:\\\/\\\/renatodias.online\\\/movimento\\\/?s={search_term_string}\"},\"query-input\":{\"@type\":\"PropertyValueSpecification\",\"valueRequired\":true,\"valueName\":\"search_term_string\"}}],\"inLanguage\":\"pt-BR\"},{\"@type\":[\"Person\",\"Organization\"],\"@id\":\"https:\\\/\\\/renatodias.online\\\/movimento\\\/#\\\/schema\\\/person\\\/bbab28833b1725a20f4083f49f1fb2a9\",\"name\":\"Renato Dias\",\"image\":{\"@type\":\"ImageObject\",\"inLanguage\":\"pt-BR\",\"@id\":\"https:\\\/\\\/renatodias.online\\\/movimento\\\/wp-content\\\/uploads\\\/2023\\\/03\\\/cropped-cropped-cropped-logofinal.jpeg\",\"url\":\"https:\\\/\\\/renatodias.online\\\/movimento\\\/wp-content\\\/uploads\\\/2023\\\/03\\\/cropped-cropped-cropped-logofinal.jpeg\",\"contentUrl\":\"https:\\\/\\\/renatodias.online\\\/movimento\\\/wp-content\\\/uploads\\\/2023\\\/03\\\/cropped-cropped-cropped-logofinal.jpeg\",\"width\":1280,\"height\":219,\"caption\":\"Renato Dias\"},\"logo\":{\"@id\":\"https:\\\/\\\/renatodias.online\\\/movimento\\\/wp-content\\\/uploads\\\/2023\\\/03\\\/cropped-cropped-cropped-logofinal.jpeg\"},\"description\":\"Renato Dias, 58 anos, \u00e9 graduado em Jornalismo, formado em Ci\u00eancias Sociais, com p\u00f3s-gradua\u00e7\u00e3o em Pol\u00edticas P\u00fablicas, mestre em Direito e Rela\u00e7\u00f5es Internacionais, ex-aluno extraordin\u00e1rio do Doutorado em Psicologia Social, ex-estudante do Curso de Psican\u00e1lise do Centro de Estudos Psicanal\u00edticos do Estado de Goi\u00e1s, ministrado pelo m\u00e9dico psiquiatra e psicanalista Daniel Em\u00eddio de Souza. \u00c9 autor de 30 livros-reportagem, oito document\u00e1rios, ganhou 30 pr\u00eamios e \u00e9 torcedor apaixonado do maior do Centro-Oeste, o Vila Nova Futebol Clube. Casado com Meirilane Dias, \u00e9 pai de Juliana Dias, jornalista; Daniel Dias, economista; e Maria Rosa Dias, estudante antifascista, socialista e trotskista.\u00a0Com tr\u00eas pets: Porquinho [Bull Dog Franc\u00eas], Dalila [Basset Hound] e Geleia [Basset Hound]. Al\u00e9m do eterno gato Tutuquinho, que virou estrela.\",\"sameAs\":[\"https:\\\/\\\/www.facebook.com\\\/renato.dias.37\",\"#breve\",\"https:\\\/\\\/renatodias.tumblr.com\\\/\"],\"url\":\"https:\\\/\\\/renatodias.online\\\/movimento\\\/author\\\/renatodias\\\/\"}]}<\/script>\n<!-- \/ Yoast SEO plugin. -->","yoast_head_json":{"title":"Pai morre sem saber do \u00f3bito do seu filho -","robots":{"index":"index","follow":"follow","max-snippet":"max-snippet:-1","max-image-preview":"max-image-preview:large","max-video-preview":"max-video-preview:-1"},"canonical":"https:\/\/renatodias.online\/movimento\/2021\/04\/12\/pai-morre-sem-saber-do-obito-do-seu-filho\/","og_locale":"pt_BR","og_type":"article","og_title":"Pai morre sem saber do \u00f3bito do seu filho -","og_description":"Coronav\u00edrus Pai morre sem saber do \u00f3bito do seu filho Quem ir\u00e1 enxugar as l\u00e1grimas de Alba Diniz, vi\u00fava, conter o pranto de Ludmilla Diniz, filha, e acalmar o cora\u00e7\u00e3o de Maria Rosa [Dona Cota], a m\u00e3e quase centen\u00e1ria? &nbsp; &nbsp; &nbsp; \u00a0 Renato Dias O pai morreu, nesta segunda-feira, triste dia 12 de abril","og_url":"https:\/\/renatodias.online\/movimento\/2021\/04\/12\/pai-morre-sem-saber-do-obito-do-seu-filho\/","article_publisher":"https:\/\/www.facebook.com\/renato.dias.37","article_author":"https:\/\/www.facebook.com\/renato.dias.37","article_published_time":"2021-04-13T02:11:19+00:00","article_modified_time":"2021-04-13T13:44:01+00:00","og_image":[{"width":514,"height":471,"url":"https:\/\/renatodias.online\/movimento\/wp-content\/uploads\/2021\/04\/paulo-miguel-diniz.jpg","type":"image\/jpeg"}],"author":"Renato Dias","twitter_card":"summary_large_image","twitter_creator":"@RenatoDiasBat","twitter_site":"@RenatoDiasBat","twitter_misc":{"Escrito por":"Renato Dias","Est. tempo de leitura":"4 minutos"},"schema":{"@context":"https:\/\/schema.org","@graph":[{"@type":"Article","@id":"https:\/\/renatodias.online\/movimento\/2021\/04\/12\/pai-morre-sem-saber-do-obito-do-seu-filho\/#article","isPartOf":{"@id":"https:\/\/renatodias.online\/movimento\/2021\/04\/12\/pai-morre-sem-saber-do-obito-do-seu-filho\/"},"author":{"name":"Renato Dias","@id":"https:\/\/renatodias.online\/movimento\/#\/schema\/person\/bbab28833b1725a20f4083f49f1fb2a9"},"headline":"Pai morre sem saber do \u00f3bito do seu filho","datePublished":"2021-04-13T02:11:19+00:00","dateModified":"2021-04-13T13:44:01+00:00","mainEntityOfPage":{"@id":"https:\/\/renatodias.online\/movimento\/2021\/04\/12\/pai-morre-sem-saber-do-obito-do-seu-filho\/"},"wordCount":788,"commentCount":0,"publisher":{"@id":"https:\/\/renatodias.online\/movimento\/#\/schema\/person\/bbab28833b1725a20f4083f49f1fb2a9"},"image":{"@id":"https:\/\/renatodias.online\/movimento\/2021\/04\/12\/pai-morre-sem-saber-do-obito-do-seu-filho\/#primaryimage"},"thumbnailUrl":"https:\/\/renatodias.online\/movimento\/wp-content\/uploads\/2021\/04\/paulo-miguel-diniz.jpg","articleSection":["Esporte"],"inLanguage":"pt-BR","potentialAction":[{"@type":"CommentAction","name":"Comment","target":["https:\/\/renatodias.online\/movimento\/2021\/04\/12\/pai-morre-sem-saber-do-obito-do-seu-filho\/#respond"]}]},{"@type":"WebPage","@id":"https:\/\/renatodias.online\/movimento\/2021\/04\/12\/pai-morre-sem-saber-do-obito-do-seu-filho\/","url":"https:\/\/renatodias.online\/movimento\/2021\/04\/12\/pai-morre-sem-saber-do-obito-do-seu-filho\/","name":"Pai morre sem saber do \u00f3bito do seu filho -","isPartOf":{"@id":"https:\/\/renatodias.online\/movimento\/#website"},"primaryImageOfPage":{"@id":"https:\/\/renatodias.online\/movimento\/2021\/04\/12\/pai-morre-sem-saber-do-obito-do-seu-filho\/#primaryimage"},"image":{"@id":"https:\/\/renatodias.online\/movimento\/2021\/04\/12\/pai-morre-sem-saber-do-obito-do-seu-filho\/#primaryimage"},"thumbnailUrl":"https:\/\/renatodias.online\/movimento\/wp-content\/uploads\/2021\/04\/paulo-miguel-diniz.jpg","datePublished":"2021-04-13T02:11:19+00:00","dateModified":"2021-04-13T13:44:01+00:00","breadcrumb":{"@id":"https:\/\/renatodias.online\/movimento\/2021\/04\/12\/pai-morre-sem-saber-do-obito-do-seu-filho\/#breadcrumb"},"inLanguage":"pt-BR","potentialAction":[{"@type":"ReadAction","target":["https:\/\/renatodias.online\/movimento\/2021\/04\/12\/pai-morre-sem-saber-do-obito-do-seu-filho\/"]}]},{"@type":"ImageObject","inLanguage":"pt-BR","@id":"https:\/\/renatodias.online\/movimento\/2021\/04\/12\/pai-morre-sem-saber-do-obito-do-seu-filho\/#primaryimage","url":"https:\/\/renatodias.online\/movimento\/wp-content\/uploads\/2021\/04\/paulo-miguel-diniz.jpg","contentUrl":"https:\/\/renatodias.online\/movimento\/wp-content\/uploads\/2021\/04\/paulo-miguel-diniz.jpg","width":514,"height":471,"caption":"Paulo Miguel Diniz"},{"@type":"BreadcrumbList","@id":"https:\/\/renatodias.online\/movimento\/2021\/04\/12\/pai-morre-sem-saber-do-obito-do-seu-filho\/#breadcrumb","itemListElement":[{"@type":"ListItem","position":1,"name":"In\u00edcio","item":"https:\/\/renatodias.online\/movimento\/"},{"@type":"ListItem","position":2,"name":"Pai morre sem saber do \u00f3bito do seu filho"}]},{"@type":"WebSite","@id":"https:\/\/renatodias.online\/movimento\/#website","url":"https:\/\/renatodias.online\/movimento\/","name":"","description":"","publisher":{"@id":"https:\/\/renatodias.online\/movimento\/#\/schema\/person\/bbab28833b1725a20f4083f49f1fb2a9"},"potentialAction":[{"@type":"SearchAction","target":{"@type":"EntryPoint","urlTemplate":"https:\/\/renatodias.online\/movimento\/?s={search_term_string}"},"query-input":{"@type":"PropertyValueSpecification","valueRequired":true,"valueName":"search_term_string"}}],"inLanguage":"pt-BR"},{"@type":["Person","Organization"],"@id":"https:\/\/renatodias.online\/movimento\/#\/schema\/person\/bbab28833b1725a20f4083f49f1fb2a9","name":"Renato Dias","image":{"@type":"ImageObject","inLanguage":"pt-BR","@id":"https:\/\/renatodias.online\/movimento\/wp-content\/uploads\/2023\/03\/cropped-cropped-cropped-logofinal.jpeg","url":"https:\/\/renatodias.online\/movimento\/wp-content\/uploads\/2023\/03\/cropped-cropped-cropped-logofinal.jpeg","contentUrl":"https:\/\/renatodias.online\/movimento\/wp-content\/uploads\/2023\/03\/cropped-cropped-cropped-logofinal.jpeg","width":1280,"height":219,"caption":"Renato Dias"},"logo":{"@id":"https:\/\/renatodias.online\/movimento\/wp-content\/uploads\/2023\/03\/cropped-cropped-cropped-logofinal.jpeg"},"description":"Renato Dias, 58 anos, \u00e9 graduado em Jornalismo, formado em Ci\u00eancias Sociais, com p\u00f3s-gradua\u00e7\u00e3o em Pol\u00edticas P\u00fablicas, mestre em Direito e Rela\u00e7\u00f5es Internacionais, ex-aluno extraordin\u00e1rio do Doutorado em Psicologia Social, ex-estudante do Curso de Psican\u00e1lise do Centro de Estudos Psicanal\u00edticos do Estado de Goi\u00e1s, ministrado pelo m\u00e9dico psiquiatra e psicanalista Daniel Em\u00eddio de Souza. \u00c9 autor de 30 livros-reportagem, oito document\u00e1rios, ganhou 30 pr\u00eamios e \u00e9 torcedor apaixonado do maior do Centro-Oeste, o Vila Nova Futebol Clube. Casado com Meirilane Dias, \u00e9 pai de Juliana Dias, jornalista; Daniel Dias, economista; e Maria Rosa Dias, estudante antifascista, socialista e trotskista.\u00a0Com tr\u00eas pets: Porquinho [Bull Dog Franc\u00eas], Dalila [Basset Hound] e Geleia [Basset Hound]. Al\u00e9m do eterno gato Tutuquinho, que virou estrela.","sameAs":["https:\/\/www.facebook.com\/renato.dias.37","#breve","https:\/\/renatodias.tumblr.com\/"],"url":"https:\/\/renatodias.online\/movimento\/author\/renatodias\/"}]}},"_links":{"self":[{"href":"https:\/\/renatodias.online\/movimento\/wp-json\/wp\/v2\/posts\/5973","targetHints":{"allow":["GET"]}}],"collection":[{"href":"https:\/\/renatodias.online\/movimento\/wp-json\/wp\/v2\/posts"}],"about":[{"href":"https:\/\/renatodias.online\/movimento\/wp-json\/wp\/v2\/types\/post"}],"author":[{"embeddable":true,"href":"https:\/\/renatodias.online\/movimento\/wp-json\/wp\/v2\/users\/2"}],"replies":[{"embeddable":true,"href":"https:\/\/renatodias.online\/movimento\/wp-json\/wp\/v2\/comments?post=5973"}],"version-history":[{"count":3,"href":"https:\/\/renatodias.online\/movimento\/wp-json\/wp\/v2\/posts\/5973\/revisions"}],"predecessor-version":[{"id":5977,"href":"https:\/\/renatodias.online\/movimento\/wp-json\/wp\/v2\/posts\/5973\/revisions\/5977"}],"wp:featuredmedia":[{"embeddable":true,"href":"https:\/\/renatodias.online\/movimento\/wp-json\/wp\/v2\/media\/5974"}],"wp:attachment":[{"href":"https:\/\/renatodias.online\/movimento\/wp-json\/wp\/v2\/media?parent=5973"}],"wp:term":[{"taxonomy":"category","embeddable":true,"href":"https:\/\/renatodias.online\/movimento\/wp-json\/wp\/v2\/categories?post=5973"},{"taxonomy":"post_tag","embeddable":true,"href":"https:\/\/renatodias.online\/movimento\/wp-json\/wp\/v2\/tags?post=5973"}],"curies":[{"name":"wp","href":"https:\/\/api.w.org\/{rel}","templated":true}]}}