{"id":5722,"date":"2021-03-29T22:11:27","date_gmt":"2021-03-30T01:11:27","guid":{"rendered":"https:\/\/renatodias.online\/movimento\/?p=5722"},"modified":"2021-03-29T22:11:27","modified_gmt":"2021-03-30T01:11:27","slug":"rafael-lopes-e-vitor-curtem-aniversario-no-ritmo-vermelho","status":"publish","type":"post","link":"https:\/\/renatodias.online\/movimento\/2021\/03\/29\/rafael-lopes-e-vitor-curtem-aniversario-no-ritmo-vermelho\/","title":{"rendered":"Rafael Lopes e Vitor curtem  anivers\u00e1rio no ritmo vermelho"},"content":{"rendered":"<p><span style=\"color: #ff0000;\"><strong>Vai come\u00e7ar a festa<\/strong><\/span><\/p>\n<h1><strong>Rafael Lopes e Vitor curtem<\/strong><\/h1>\n<h1><strong>anivers\u00e1rio no ritmo vermelho<\/strong><\/h1>\n<p><strong>Os filhos de Beatriz Lopes e Heriton Borges n\u00e3o escondem a paix\u00e3o pelo \u00a0Vila Nova Futebol Clube, o maior do Centro-Oeste do Brasil<\/strong><\/p>\n<p><strong>\u00a0<\/strong><\/p>\n<p><strong>Renato Dias<\/strong><\/p>\n<p>&nbsp;<\/p>\n<p>Uma festa, dois anivers\u00e1rios. Neste domingo, 28 de mar\u00e7o de 2021. O dia nacional de luta dos estudantes no Brasil. <strong>Rafael Lopes<\/strong> fez cinco anos de idade. <strong>Vitor Lopes<\/strong>, dois. O tema da festa? Ah! A maior paix\u00e3o do Centro-Oeste do Pa\u00eds. <strong>O<\/strong> <strong>Vila Nova Futebol Clube fundado em 29 de julho do ano de 1943<\/strong>. A casa ficou em vermelho e branco. Para um c\u00edrculo bem restrito.<\/p>\n<figure id=\"attachment_5724\" aria-describedby=\"caption-attachment-5724\" style=\"width: 461px\" class=\"wp-caption aligncenter\"><img loading=\"lazy\" decoding=\"async\" class=\"wp-image-5724 size-large\" src=\"https:\/\/renatodias.online\/movimento\/wp-content\/uploads\/2021\/03\/Rafael-Lopes-e-Juliana-Dias-461x1024.jpg\" alt=\"Rafael Lopes e Juliana Dias\" width=\"461\" height=\"1024\" srcset=\"https:\/\/renatodias.online\/movimento\/wp-content\/uploads\/2021\/03\/Rafael-Lopes-e-Juliana-Dias-461x1024.jpg 461w, https:\/\/renatodias.online\/movimento\/wp-content\/uploads\/2021\/03\/Rafael-Lopes-e-Juliana-Dias-135x300.jpg 135w, https:\/\/renatodias.online\/movimento\/wp-content\/uploads\/2021\/03\/Rafael-Lopes-e-Juliana-Dias.jpg 522w\" sizes=\"auto, (max-width: 461px) 100vw, 461px\" \/><figcaption id=\"caption-attachment-5724\" class=\"wp-caption-text\">Rafael Lopes e Juliana Dias<\/figcaption><\/figure>\n<p><strong>Anima\u00e7\u00e3o restrita<\/strong><\/p>\n<p><strong>Rafael Lopes<\/strong> e <strong>Vitor Lopes<\/strong> s\u00e3o os filhos de <strong>Beatriz Lopes<\/strong>, funcion\u00e1ria de uma empresa de produtos para pets e \u00a0de <strong>Heriton Borges<\/strong>, m\u00fasico, baterista. Os garotos t\u00eam um irm\u00e3o mais velho. \u00c9 <strong>Felipe Lopes<\/strong>. Colorado. Um menino superlegal. Bom de bola e na escola. Tios, <strong>Guarany Neto<\/strong>, <strong>Juliana Dias<\/strong> e <strong>Ca\u00edque Lopes<\/strong> curtiram a festa. A av\u00f3 <strong>M\u00e1rcia Lopes<\/strong> sorriu.<\/p>\n<figure id=\"attachment_5725\" aria-describedby=\"caption-attachment-5725\" style=\"width: 522px\" class=\"wp-caption aligncenter\"><img loading=\"lazy\" decoding=\"async\" class=\"wp-image-5725 size-full\" src=\"https:\/\/renatodias.online\/movimento\/wp-content\/uploads\/2021\/03\/A-familia-na-hora-do-Parabens.jpg\" alt=\"A hora do Parab\u00e9ns!\u00a0 com a fam\u00edlia\" width=\"522\" height=\"1160\" srcset=\"https:\/\/renatodias.online\/movimento\/wp-content\/uploads\/2021\/03\/A-familia-na-hora-do-Parabens.jpg 522w, https:\/\/renatodias.online\/movimento\/wp-content\/uploads\/2021\/03\/A-familia-na-hora-do-Parabens-135x300.jpg 135w, https:\/\/renatodias.online\/movimento\/wp-content\/uploads\/2021\/03\/A-familia-na-hora-do-Parabens-461x1024.jpg 461w\" sizes=\"auto, (max-width: 522px) 100vw, 522px\" \/><figcaption id=\"caption-attachment-5725\" class=\"wp-caption-text\">A hora do Parab\u00e9ns!\u00a0 com a fam\u00edlia<\/figcaption><\/figure>\n","protected":false},"excerpt":{"rendered":"<p>Vai come\u00e7ar a festa Rafael Lopes e Vitor curtem anivers\u00e1rio no ritmo vermelho Os filhos de Beatriz Lopes e Heriton Borges n\u00e3o escondem a paix\u00e3o pelo \u00a0Vila Nova Futebol Clube, o maior do Centro-Oeste do Brasil \u00a0 Renato Dias &nbsp; Uma festa, dois anivers\u00e1rios. Neste domingo, 28 de mar\u00e7o de 2021. O dia nacional de<\/p>\n","protected":false},"author":2,"featured_media":5723,"comment_status":"open","ping_status":"open","sticky":false,"template":"","format":"standard","meta":{"_acf_changed":false,"_monsterinsights_skip_tracking":false,"_monsterinsights_sitenote_active":false,"_monsterinsights_sitenote_note":"","_monsterinsights_sitenote_category":0,"footnotes":""},"categories":[33],"tags":[],"class_list":["post-5722","post","type-post","status-publish","format-standard","has-post-thumbnail","hentry","category-esporte"],"acf":[],"yoast_head":"<!-- This site is optimized with the Yoast SEO plugin v27.4 - https:\/\/yoast.com\/product\/yoast-seo-wordpress\/ -->\n<title>Rafael Lopes e Vitor curtem anivers\u00e1rio no ritmo vermelho -<\/title>\n<meta name=\"robots\" content=\"index, follow, max-snippet:-1, max-image-preview:large, max-video-preview:-1\" \/>\n<link rel=\"canonical\" href=\"https:\/\/renatodias.online\/movimento\/2021\/03\/29\/rafael-lopes-e-vitor-curtem-aniversario-no-ritmo-vermelho\/\" \/>\n<meta property=\"og:locale\" content=\"pt_BR\" \/>\n<meta property=\"og:type\" content=\"article\" \/>\n<meta property=\"og:title\" content=\"Rafael Lopes e Vitor curtem anivers\u00e1rio no ritmo vermelho -\" \/>\n<meta property=\"og:description\" content=\"Vai come\u00e7ar a festa Rafael Lopes e Vitor curtem anivers\u00e1rio no ritmo vermelho Os filhos de Beatriz Lopes e Heriton Borges n\u00e3o escondem a paix\u00e3o pelo \u00a0Vila Nova Futebol Clube, o maior do Centro-Oeste do Brasil \u00a0 Renato Dias &nbsp; Uma festa, dois anivers\u00e1rios. Neste domingo, 28 de mar\u00e7o de 2021. O dia nacional de\" \/>\n<meta property=\"og:url\" content=\"https:\/\/renatodias.online\/movimento\/2021\/03\/29\/rafael-lopes-e-vitor-curtem-aniversario-no-ritmo-vermelho\/\" \/>\n<meta property=\"article:publisher\" content=\"https:\/\/www.facebook.com\/renato.dias.37\" \/>\n<meta property=\"article:author\" content=\"https:\/\/www.facebook.com\/renato.dias.37\" \/>\n<meta property=\"article:published_time\" content=\"2021-03-30T01:11:27+00:00\" \/>\n<meta property=\"og:image\" content=\"https:\/\/renatodias.online\/movimento\/wp-content\/uploads\/2021\/03\/Rafael-Lopes-Link.jpg\" \/>\n\t<meta property=\"og:image:width\" content=\"522\" \/>\n\t<meta property=\"og:image:height\" content=\"1160\" \/>\n\t<meta property=\"og:image:type\" content=\"image\/jpeg\" \/>\n<meta name=\"author\" content=\"Renato Dias\" \/>\n<meta name=\"twitter:card\" content=\"summary_large_image\" \/>\n<meta name=\"twitter:creator\" content=\"@RenatoDiasBat\" \/>\n<meta name=\"twitter:site\" content=\"@RenatoDiasBat\" \/>\n<meta name=\"twitter:label1\" content=\"Escrito por\" \/>\n\t<meta name=\"twitter:data1\" content=\"Renato Dias\" \/>\n\t<meta name=\"twitter:label2\" content=\"Est. tempo de leitura\" \/>\n\t<meta name=\"twitter:data2\" content=\"1 minuto\" \/>\n<script type=\"application\/ld+json\" class=\"yoast-schema-graph\">{\"@context\":\"https:\\\/\\\/schema.org\",\"@graph\":[{\"@type\":\"Article\",\"@id\":\"https:\\\/\\\/renatodias.online\\\/movimento\\\/2021\\\/03\\\/29\\\/rafael-lopes-e-vitor-curtem-aniversario-no-ritmo-vermelho\\\/#article\",\"isPartOf\":{\"@id\":\"https:\\\/\\\/renatodias.online\\\/movimento\\\/2021\\\/03\\\/29\\\/rafael-lopes-e-vitor-curtem-aniversario-no-ritmo-vermelho\\\/\"},\"author\":{\"name\":\"Renato Dias\",\"@id\":\"https:\\\/\\\/renatodias.online\\\/movimento\\\/#\\\/schema\\\/person\\\/bbab28833b1725a20f4083f49f1fb2a9\"},\"headline\":\"Rafael Lopes e Vitor curtem anivers\u00e1rio no ritmo vermelho\",\"datePublished\":\"2021-03-30T01:11:27+00:00\",\"mainEntityOfPage\":{\"@id\":\"https:\\\/\\\/renatodias.online\\\/movimento\\\/2021\\\/03\\\/29\\\/rafael-lopes-e-vitor-curtem-aniversario-no-ritmo-vermelho\\\/\"},\"wordCount\":220,\"commentCount\":0,\"publisher\":{\"@id\":\"https:\\\/\\\/renatodias.online\\\/movimento\\\/#\\\/schema\\\/person\\\/bbab28833b1725a20f4083f49f1fb2a9\"},\"image\":{\"@id\":\"https:\\\/\\\/renatodias.online\\\/movimento\\\/2021\\\/03\\\/29\\\/rafael-lopes-e-vitor-curtem-aniversario-no-ritmo-vermelho\\\/#primaryimage\"},\"thumbnailUrl\":\"https:\\\/\\\/renatodias.online\\\/movimento\\\/wp-content\\\/uploads\\\/2021\\\/03\\\/Rafael-Lopes-Link.jpg\",\"articleSection\":[\"Esporte\"],\"inLanguage\":\"pt-BR\",\"potentialAction\":[{\"@type\":\"CommentAction\",\"name\":\"Comment\",\"target\":[\"https:\\\/\\\/renatodias.online\\\/movimento\\\/2021\\\/03\\\/29\\\/rafael-lopes-e-vitor-curtem-aniversario-no-ritmo-vermelho\\\/#respond\"]}]},{\"@type\":\"WebPage\",\"@id\":\"https:\\\/\\\/renatodias.online\\\/movimento\\\/2021\\\/03\\\/29\\\/rafael-lopes-e-vitor-curtem-aniversario-no-ritmo-vermelho\\\/\",\"url\":\"https:\\\/\\\/renatodias.online\\\/movimento\\\/2021\\\/03\\\/29\\\/rafael-lopes-e-vitor-curtem-aniversario-no-ritmo-vermelho\\\/\",\"name\":\"Rafael Lopes e Vitor curtem anivers\u00e1rio no ritmo vermelho -\",\"isPartOf\":{\"@id\":\"https:\\\/\\\/renatodias.online\\\/movimento\\\/#website\"},\"primaryImageOfPage\":{\"@id\":\"https:\\\/\\\/renatodias.online\\\/movimento\\\/2021\\\/03\\\/29\\\/rafael-lopes-e-vitor-curtem-aniversario-no-ritmo-vermelho\\\/#primaryimage\"},\"image\":{\"@id\":\"https:\\\/\\\/renatodias.online\\\/movimento\\\/2021\\\/03\\\/29\\\/rafael-lopes-e-vitor-curtem-aniversario-no-ritmo-vermelho\\\/#primaryimage\"},\"thumbnailUrl\":\"https:\\\/\\\/renatodias.online\\\/movimento\\\/wp-content\\\/uploads\\\/2021\\\/03\\\/Rafael-Lopes-Link.jpg\",\"datePublished\":\"2021-03-30T01:11:27+00:00\",\"breadcrumb\":{\"@id\":\"https:\\\/\\\/renatodias.online\\\/movimento\\\/2021\\\/03\\\/29\\\/rafael-lopes-e-vitor-curtem-aniversario-no-ritmo-vermelho\\\/#breadcrumb\"},\"inLanguage\":\"pt-BR\",\"potentialAction\":[{\"@type\":\"ReadAction\",\"target\":[\"https:\\\/\\\/renatodias.online\\\/movimento\\\/2021\\\/03\\\/29\\\/rafael-lopes-e-vitor-curtem-aniversario-no-ritmo-vermelho\\\/\"]}]},{\"@type\":\"ImageObject\",\"inLanguage\":\"pt-BR\",\"@id\":\"https:\\\/\\\/renatodias.online\\\/movimento\\\/2021\\\/03\\\/29\\\/rafael-lopes-e-vitor-curtem-aniversario-no-ritmo-vermelho\\\/#primaryimage\",\"url\":\"https:\\\/\\\/renatodias.online\\\/movimento\\\/wp-content\\\/uploads\\\/2021\\\/03\\\/Rafael-Lopes-Link.jpg\",\"contentUrl\":\"https:\\\/\\\/renatodias.online\\\/movimento\\\/wp-content\\\/uploads\\\/2021\\\/03\\\/Rafael-Lopes-Link.jpg\",\"width\":522,\"height\":1160,\"caption\":\"Rafael Lopes\"},{\"@type\":\"BreadcrumbList\",\"@id\":\"https:\\\/\\\/renatodias.online\\\/movimento\\\/2021\\\/03\\\/29\\\/rafael-lopes-e-vitor-curtem-aniversario-no-ritmo-vermelho\\\/#breadcrumb\",\"itemListElement\":[{\"@type\":\"ListItem\",\"position\":1,\"name\":\"In\u00edcio\",\"item\":\"https:\\\/\\\/renatodias.online\\\/movimento\\\/\"},{\"@type\":\"ListItem\",\"position\":2,\"name\":\"Rafael Lopes e Vitor curtem anivers\u00e1rio no ritmo vermelho\"}]},{\"@type\":\"WebSite\",\"@id\":\"https:\\\/\\\/renatodias.online\\\/movimento\\\/#website\",\"url\":\"https:\\\/\\\/renatodias.online\\\/movimento\\\/\",\"name\":\"\",\"description\":\"\",\"publisher\":{\"@id\":\"https:\\\/\\\/renatodias.online\\\/movimento\\\/#\\\/schema\\\/person\\\/bbab28833b1725a20f4083f49f1fb2a9\"},\"potentialAction\":[{\"@type\":\"SearchAction\",\"target\":{\"@type\":\"EntryPoint\",\"urlTemplate\":\"https:\\\/\\\/renatodias.online\\\/movimento\\\/?s={search_term_string}\"},\"query-input\":{\"@type\":\"PropertyValueSpecification\",\"valueRequired\":true,\"valueName\":\"search_term_string\"}}],\"inLanguage\":\"pt-BR\"},{\"@type\":[\"Person\",\"Organization\"],\"@id\":\"https:\\\/\\\/renatodias.online\\\/movimento\\\/#\\\/schema\\\/person\\\/bbab28833b1725a20f4083f49f1fb2a9\",\"name\":\"Renato Dias\",\"image\":{\"@type\":\"ImageObject\",\"inLanguage\":\"pt-BR\",\"@id\":\"https:\\\/\\\/renatodias.online\\\/movimento\\\/wp-content\\\/uploads\\\/2023\\\/03\\\/cropped-cropped-cropped-logofinal.jpeg\",\"url\":\"https:\\\/\\\/renatodias.online\\\/movimento\\\/wp-content\\\/uploads\\\/2023\\\/03\\\/cropped-cropped-cropped-logofinal.jpeg\",\"contentUrl\":\"https:\\\/\\\/renatodias.online\\\/movimento\\\/wp-content\\\/uploads\\\/2023\\\/03\\\/cropped-cropped-cropped-logofinal.jpeg\",\"width\":1280,\"height\":219,\"caption\":\"Renato Dias\"},\"logo\":{\"@id\":\"https:\\\/\\\/renatodias.online\\\/movimento\\\/wp-content\\\/uploads\\\/2023\\\/03\\\/cropped-cropped-cropped-logofinal.jpeg\"},\"description\":\"Renato Dias, 58 anos, \u00e9 graduado em Jornalismo, formado em Ci\u00eancias Sociais, com p\u00f3s-gradua\u00e7\u00e3o em Pol\u00edticas P\u00fablicas, mestre em Direito e Rela\u00e7\u00f5es Internacionais, ex-aluno extraordin\u00e1rio do Doutorado em Psicologia Social, ex-estudante do Curso de Psican\u00e1lise do Centro de Estudos Psicanal\u00edticos do Estado de Goi\u00e1s, ministrado pelo m\u00e9dico psiquiatra e psicanalista Daniel Em\u00eddio de Souza. \u00c9 autor de 30 livros-reportagem, oito document\u00e1rios, ganhou 30 pr\u00eamios e \u00e9 torcedor apaixonado do maior do Centro-Oeste, o Vila Nova Futebol Clube. Casado com Meirilane Dias, \u00e9 pai de Juliana Dias, jornalista; Daniel Dias, economista; e Maria Rosa Dias, estudante antifascista, socialista e trotskista.\u00a0Com tr\u00eas pets: Porquinho [Bull Dog Franc\u00eas], Dalila [Basset Hound] e Geleia [Basset Hound]. Al\u00e9m do eterno gato Tutuquinho, que virou estrela.\",\"sameAs\":[\"https:\\\/\\\/www.facebook.com\\\/renato.dias.37\",\"#breve\",\"https:\\\/\\\/renatodias.tumblr.com\\\/\"],\"url\":\"https:\\\/\\\/renatodias.online\\\/movimento\\\/author\\\/renatodias\\\/\"}]}<\/script>\n<!-- \/ Yoast SEO plugin. -->","yoast_head_json":{"title":"Rafael Lopes e Vitor curtem anivers\u00e1rio no ritmo vermelho -","robots":{"index":"index","follow":"follow","max-snippet":"max-snippet:-1","max-image-preview":"max-image-preview:large","max-video-preview":"max-video-preview:-1"},"canonical":"https:\/\/renatodias.online\/movimento\/2021\/03\/29\/rafael-lopes-e-vitor-curtem-aniversario-no-ritmo-vermelho\/","og_locale":"pt_BR","og_type":"article","og_title":"Rafael Lopes e Vitor curtem anivers\u00e1rio no ritmo vermelho -","og_description":"Vai come\u00e7ar a festa Rafael Lopes e Vitor curtem anivers\u00e1rio no ritmo vermelho Os filhos de Beatriz Lopes e Heriton Borges n\u00e3o escondem a paix\u00e3o pelo \u00a0Vila Nova Futebol Clube, o maior do Centro-Oeste do Brasil \u00a0 Renato Dias &nbsp; Uma festa, dois anivers\u00e1rios. Neste domingo, 28 de mar\u00e7o de 2021. O dia nacional de","og_url":"https:\/\/renatodias.online\/movimento\/2021\/03\/29\/rafael-lopes-e-vitor-curtem-aniversario-no-ritmo-vermelho\/","article_publisher":"https:\/\/www.facebook.com\/renato.dias.37","article_author":"https:\/\/www.facebook.com\/renato.dias.37","article_published_time":"2021-03-30T01:11:27+00:00","og_image":[{"width":522,"height":1160,"url":"https:\/\/renatodias.online\/movimento\/wp-content\/uploads\/2021\/03\/Rafael-Lopes-Link.jpg","type":"image\/jpeg"}],"author":"Renato Dias","twitter_card":"summary_large_image","twitter_creator":"@RenatoDiasBat","twitter_site":"@RenatoDiasBat","twitter_misc":{"Escrito por":"Renato Dias","Est. tempo de leitura":"1 minuto"},"schema":{"@context":"https:\/\/schema.org","@graph":[{"@type":"Article","@id":"https:\/\/renatodias.online\/movimento\/2021\/03\/29\/rafael-lopes-e-vitor-curtem-aniversario-no-ritmo-vermelho\/#article","isPartOf":{"@id":"https:\/\/renatodias.online\/movimento\/2021\/03\/29\/rafael-lopes-e-vitor-curtem-aniversario-no-ritmo-vermelho\/"},"author":{"name":"Renato Dias","@id":"https:\/\/renatodias.online\/movimento\/#\/schema\/person\/bbab28833b1725a20f4083f49f1fb2a9"},"headline":"Rafael Lopes e Vitor curtem anivers\u00e1rio no ritmo vermelho","datePublished":"2021-03-30T01:11:27+00:00","mainEntityOfPage":{"@id":"https:\/\/renatodias.online\/movimento\/2021\/03\/29\/rafael-lopes-e-vitor-curtem-aniversario-no-ritmo-vermelho\/"},"wordCount":220,"commentCount":0,"publisher":{"@id":"https:\/\/renatodias.online\/movimento\/#\/schema\/person\/bbab28833b1725a20f4083f49f1fb2a9"},"image":{"@id":"https:\/\/renatodias.online\/movimento\/2021\/03\/29\/rafael-lopes-e-vitor-curtem-aniversario-no-ritmo-vermelho\/#primaryimage"},"thumbnailUrl":"https:\/\/renatodias.online\/movimento\/wp-content\/uploads\/2021\/03\/Rafael-Lopes-Link.jpg","articleSection":["Esporte"],"inLanguage":"pt-BR","potentialAction":[{"@type":"CommentAction","name":"Comment","target":["https:\/\/renatodias.online\/movimento\/2021\/03\/29\/rafael-lopes-e-vitor-curtem-aniversario-no-ritmo-vermelho\/#respond"]}]},{"@type":"WebPage","@id":"https:\/\/renatodias.online\/movimento\/2021\/03\/29\/rafael-lopes-e-vitor-curtem-aniversario-no-ritmo-vermelho\/","url":"https:\/\/renatodias.online\/movimento\/2021\/03\/29\/rafael-lopes-e-vitor-curtem-aniversario-no-ritmo-vermelho\/","name":"Rafael Lopes e Vitor curtem anivers\u00e1rio no ritmo vermelho -","isPartOf":{"@id":"https:\/\/renatodias.online\/movimento\/#website"},"primaryImageOfPage":{"@id":"https:\/\/renatodias.online\/movimento\/2021\/03\/29\/rafael-lopes-e-vitor-curtem-aniversario-no-ritmo-vermelho\/#primaryimage"},"image":{"@id":"https:\/\/renatodias.online\/movimento\/2021\/03\/29\/rafael-lopes-e-vitor-curtem-aniversario-no-ritmo-vermelho\/#primaryimage"},"thumbnailUrl":"https:\/\/renatodias.online\/movimento\/wp-content\/uploads\/2021\/03\/Rafael-Lopes-Link.jpg","datePublished":"2021-03-30T01:11:27+00:00","breadcrumb":{"@id":"https:\/\/renatodias.online\/movimento\/2021\/03\/29\/rafael-lopes-e-vitor-curtem-aniversario-no-ritmo-vermelho\/#breadcrumb"},"inLanguage":"pt-BR","potentialAction":[{"@type":"ReadAction","target":["https:\/\/renatodias.online\/movimento\/2021\/03\/29\/rafael-lopes-e-vitor-curtem-aniversario-no-ritmo-vermelho\/"]}]},{"@type":"ImageObject","inLanguage":"pt-BR","@id":"https:\/\/renatodias.online\/movimento\/2021\/03\/29\/rafael-lopes-e-vitor-curtem-aniversario-no-ritmo-vermelho\/#primaryimage","url":"https:\/\/renatodias.online\/movimento\/wp-content\/uploads\/2021\/03\/Rafael-Lopes-Link.jpg","contentUrl":"https:\/\/renatodias.online\/movimento\/wp-content\/uploads\/2021\/03\/Rafael-Lopes-Link.jpg","width":522,"height":1160,"caption":"Rafael Lopes"},{"@type":"BreadcrumbList","@id":"https:\/\/renatodias.online\/movimento\/2021\/03\/29\/rafael-lopes-e-vitor-curtem-aniversario-no-ritmo-vermelho\/#breadcrumb","itemListElement":[{"@type":"ListItem","position":1,"name":"In\u00edcio","item":"https:\/\/renatodias.online\/movimento\/"},{"@type":"ListItem","position":2,"name":"Rafael Lopes e Vitor curtem anivers\u00e1rio no ritmo vermelho"}]},{"@type":"WebSite","@id":"https:\/\/renatodias.online\/movimento\/#website","url":"https:\/\/renatodias.online\/movimento\/","name":"","description":"","publisher":{"@id":"https:\/\/renatodias.online\/movimento\/#\/schema\/person\/bbab28833b1725a20f4083f49f1fb2a9"},"potentialAction":[{"@type":"SearchAction","target":{"@type":"EntryPoint","urlTemplate":"https:\/\/renatodias.online\/movimento\/?s={search_term_string}"},"query-input":{"@type":"PropertyValueSpecification","valueRequired":true,"valueName":"search_term_string"}}],"inLanguage":"pt-BR"},{"@type":["Person","Organization"],"@id":"https:\/\/renatodias.online\/movimento\/#\/schema\/person\/bbab28833b1725a20f4083f49f1fb2a9","name":"Renato Dias","image":{"@type":"ImageObject","inLanguage":"pt-BR","@id":"https:\/\/renatodias.online\/movimento\/wp-content\/uploads\/2023\/03\/cropped-cropped-cropped-logofinal.jpeg","url":"https:\/\/renatodias.online\/movimento\/wp-content\/uploads\/2023\/03\/cropped-cropped-cropped-logofinal.jpeg","contentUrl":"https:\/\/renatodias.online\/movimento\/wp-content\/uploads\/2023\/03\/cropped-cropped-cropped-logofinal.jpeg","width":1280,"height":219,"caption":"Renato Dias"},"logo":{"@id":"https:\/\/renatodias.online\/movimento\/wp-content\/uploads\/2023\/03\/cropped-cropped-cropped-logofinal.jpeg"},"description":"Renato Dias, 58 anos, \u00e9 graduado em Jornalismo, formado em Ci\u00eancias Sociais, com p\u00f3s-gradua\u00e7\u00e3o em Pol\u00edticas P\u00fablicas, mestre em Direito e Rela\u00e7\u00f5es Internacionais, ex-aluno extraordin\u00e1rio do Doutorado em Psicologia Social, ex-estudante do Curso de Psican\u00e1lise do Centro de Estudos Psicanal\u00edticos do Estado de Goi\u00e1s, ministrado pelo m\u00e9dico psiquiatra e psicanalista Daniel Em\u00eddio de Souza. \u00c9 autor de 30 livros-reportagem, oito document\u00e1rios, ganhou 30 pr\u00eamios e \u00e9 torcedor apaixonado do maior do Centro-Oeste, o Vila Nova Futebol Clube. Casado com Meirilane Dias, \u00e9 pai de Juliana Dias, jornalista; Daniel Dias, economista; e Maria Rosa Dias, estudante antifascista, socialista e trotskista.\u00a0Com tr\u00eas pets: Porquinho [Bull Dog Franc\u00eas], Dalila [Basset Hound] e Geleia [Basset Hound]. Al\u00e9m do eterno gato Tutuquinho, que virou estrela.","sameAs":["https:\/\/www.facebook.com\/renato.dias.37","#breve","https:\/\/renatodias.tumblr.com\/"],"url":"https:\/\/renatodias.online\/movimento\/author\/renatodias\/"}]}},"_links":{"self":[{"href":"https:\/\/renatodias.online\/movimento\/wp-json\/wp\/v2\/posts\/5722","targetHints":{"allow":["GET"]}}],"collection":[{"href":"https:\/\/renatodias.online\/movimento\/wp-json\/wp\/v2\/posts"}],"about":[{"href":"https:\/\/renatodias.online\/movimento\/wp-json\/wp\/v2\/types\/post"}],"author":[{"embeddable":true,"href":"https:\/\/renatodias.online\/movimento\/wp-json\/wp\/v2\/users\/2"}],"replies":[{"embeddable":true,"href":"https:\/\/renatodias.online\/movimento\/wp-json\/wp\/v2\/comments?post=5722"}],"version-history":[{"count":1,"href":"https:\/\/renatodias.online\/movimento\/wp-json\/wp\/v2\/posts\/5722\/revisions"}],"predecessor-version":[{"id":5726,"href":"https:\/\/renatodias.online\/movimento\/wp-json\/wp\/v2\/posts\/5722\/revisions\/5726"}],"wp:featuredmedia":[{"embeddable":true,"href":"https:\/\/renatodias.online\/movimento\/wp-json\/wp\/v2\/media\/5723"}],"wp:attachment":[{"href":"https:\/\/renatodias.online\/movimento\/wp-json\/wp\/v2\/media?parent=5722"}],"wp:term":[{"taxonomy":"category","embeddable":true,"href":"https:\/\/renatodias.online\/movimento\/wp-json\/wp\/v2\/categories?post=5722"},{"taxonomy":"post_tag","embeddable":true,"href":"https:\/\/renatodias.online\/movimento\/wp-json\/wp\/v2\/tags?post=5722"}],"curies":[{"name":"wp","href":"https:\/\/api.w.org\/{rel}","templated":true}]}}