{"id":5576,"date":"2021-03-22T22:52:02","date_gmt":"2021-03-23T01:52:02","guid":{"rendered":"https:\/\/renatodias.online\/movimento\/?p=5576"},"modified":"2021-03-22T22:52:02","modified_gmt":"2021-03-23T01:52:02","slug":"sophia-huge-no-cla-de-rogerio-oliveira-diniz","status":"publish","type":"post","link":"https:\/\/renatodias.online\/movimento\/2021\/03\/22\/sophia-huge-no-cla-de-rogerio-oliveira-diniz\/","title":{"rendered":"Sophia Huge no cl\u00e3 de  Rog\u00e9rio Oliveira Diniz"},"content":{"rendered":"<p><span style=\"color: #ff0000;\"><strong>Dos EUA<\/strong><\/span><\/p>\n<h1><strong>Sophia Huge no cl\u00e3 de<\/strong><\/h1>\n<h1><strong>Rog\u00e9rio Oliveira Diniz<\/strong><\/h1>\n<div id='gallery-1' class='gallery galleryid-5576 gallery-columns-3 gallery-size-thumbnail'><figure class='gallery-item'>\n\t\t\t<div class='gallery-icon portrait'>\n\t\t\t\t<a href='https:\/\/renatodias.online\/movimento\/2021\/03\/22\/sophia-huge-no-cla-de-rogerio-oliveira-diniz\/whatsapp-image-2021-03-22-at-22-27-59\/'><img loading=\"lazy\" decoding=\"async\" width=\"150\" height=\"150\" src=\"https:\/\/renatodias.online\/movimento\/wp-content\/uploads\/2021\/03\/WhatsApp-Image-2021-03-22-at-22.27.59-150x150.jpeg\" class=\"attachment-thumbnail size-thumbnail\" alt=\"\" \/><\/a>\n\t\t\t<\/div><\/figure><figure class='gallery-item'>\n\t\t\t<div class='gallery-icon portrait'>\n\t\t\t\t<a href='https:\/\/renatodias.online\/movimento\/2021\/03\/22\/sophia-huge-no-cla-de-rogerio-oliveira-diniz\/whatsapp-image-2021-03-22-at-22-27-59-2\/'><img loading=\"lazy\" decoding=\"async\" width=\"150\" height=\"150\" src=\"https:\/\/renatodias.online\/movimento\/wp-content\/uploads\/2021\/03\/WhatsApp-Image-2021-03-22-at-22.27.59-2-150x150.jpeg\" class=\"attachment-thumbnail size-thumbnail\" alt=\"\" \/><\/a>\n\t\t\t<\/div><\/figure><figure class='gallery-item'>\n\t\t\t<div class='gallery-icon portrait'>\n\t\t\t\t<a href='https:\/\/renatodias.online\/movimento\/2021\/03\/22\/sophia-huge-no-cla-de-rogerio-oliveira-diniz\/whatsapp-image-2021-03-22-at-22-27-59-1\/'><img loading=\"lazy\" decoding=\"async\" width=\"150\" height=\"150\" src=\"https:\/\/renatodias.online\/movimento\/wp-content\/uploads\/2021\/03\/WhatsApp-Image-2021-03-22-at-22.27.59-1-150x150.jpeg\" class=\"attachment-thumbnail size-thumbnail\" alt=\"\" \/><\/a>\n\t\t\t<\/div><\/figure><figure class='gallery-item'>\n\t\t\t<div class='gallery-icon portrait'>\n\t\t\t\t<a href='https:\/\/renatodias.online\/movimento\/2021\/03\/22\/sophia-huge-no-cla-de-rogerio-oliveira-diniz\/whatsapp-image-2021-03-22-at-22-27-58\/'><img loading=\"lazy\" decoding=\"async\" width=\"150\" height=\"150\" src=\"https:\/\/renatodias.online\/movimento\/wp-content\/uploads\/2021\/03\/WhatsApp-Image-2021-03-22-at-22.27.58-150x150.jpeg\" class=\"attachment-thumbnail size-thumbnail\" alt=\"\" \/><\/a>\n\t\t\t<\/div><\/figure>\n\t\t<\/div>\n\n<p><strong>\u00a0<\/strong><\/p>\n<p><strong>Renato Dias<\/strong><\/p>\n<p>Radicado, hoje, em Boca Ratton, Estados Unidos das Am\u00e9ricas [EUA], o empres\u00e1rio de Goi\u00e2nia <strong>Rog\u00e9rio Oliveira Diniz<\/strong> anuncia mais a chegada de mais uma torcedora do\u00a0 <strong>Vila Nova Futebol Clube<\/strong>. A maior paix\u00e3o do Centro-Oeste do Brasil. Tricampe\u00e3o brasileiro _ 1996, 2015 e 2020.<\/p>\n<p>&nbsp;<\/p>\n<p><strong>Nascimento<\/strong><\/p>\n<p>\u00c9 que nasceu <strong>Sophia Kuge Diniz<\/strong>. Um rebento do executivo de mercado <strong>Vin\u00edcius Diniz<\/strong> e da cult, chic e tr\u00e8s belle <strong>Duda.<\/strong> Av\u00f4 de primeira viagem. Ao lado de sua cara &#8211; metade <strong>Patr\u00edcia Oliveira<\/strong>. O casal j\u00e1 elabora projeto de retorno \u00e0 \u2018P\u00e1tria em Chuteiras\u2019.<\/p>\n<p>&nbsp;<\/p>\n<p>A express\u00e3o \u00e9 de autoria do imortal Nelson Rodrigues. A ideia \u00e9 programar o embarque ao Brasil no final do ano de 2021. Para retomar os neg\u00f3cios. Os seus tr\u00eas filhos estudaram, trabalham e moram nas terras do velho Tio Sam _ <strong>Vin\u00edcius Diniz<\/strong>, <strong>Lucas Diniz<\/strong> e <strong>Gabriel Diniz<\/strong>.<\/p>\n","protected":false},"excerpt":{"rendered":"<p>Dos EUA Sophia Huge no cl\u00e3 de Rog\u00e9rio Oliveira Diniz \u00a0 Renato Dias Radicado, hoje, em Boca Ratton, Estados Unidos das Am\u00e9ricas [EUA], o empres\u00e1rio de Goi\u00e2nia Rog\u00e9rio Oliveira Diniz anuncia mais a chegada de mais uma torcedora do\u00a0 Vila Nova Futebol Clube. A maior paix\u00e3o do Centro-Oeste do Brasil. Tricampe\u00e3o brasileiro _ 1996, 2015<\/p>\n","protected":false},"author":2,"featured_media":5581,"comment_status":"open","ping_status":"open","sticky":false,"template":"","format":"standard","meta":{"_acf_changed":false,"_monsterinsights_skip_tracking":false,"_monsterinsights_sitenote_active":false,"_monsterinsights_sitenote_note":"","_monsterinsights_sitenote_category":0,"footnotes":""},"categories":[15],"tags":[],"class_list":["post-5576","post","type-post","status-publish","format-standard","has-post-thumbnail","hentry","category-estilo-de-vida"],"acf":[],"yoast_head":"<!-- This site is optimized with the Yoast SEO plugin v27.4 - https:\/\/yoast.com\/product\/yoast-seo-wordpress\/ -->\n<title>Sophia Huge no cl\u00e3 de Rog\u00e9rio Oliveira Diniz -<\/title>\n<meta name=\"robots\" content=\"index, follow, max-snippet:-1, max-image-preview:large, max-video-preview:-1\" \/>\n<link rel=\"canonical\" href=\"https:\/\/renatodias.online\/movimento\/2021\/03\/22\/sophia-huge-no-cla-de-rogerio-oliveira-diniz\/\" \/>\n<meta property=\"og:locale\" content=\"pt_BR\" \/>\n<meta property=\"og:type\" content=\"article\" \/>\n<meta property=\"og:title\" content=\"Sophia Huge no cl\u00e3 de Rog\u00e9rio Oliveira Diniz -\" \/>\n<meta property=\"og:description\" content=\"Dos EUA Sophia Huge no cl\u00e3 de Rog\u00e9rio Oliveira Diniz \u00a0 Renato Dias Radicado, hoje, em Boca Ratton, Estados Unidos das Am\u00e9ricas [EUA], o empres\u00e1rio de Goi\u00e2nia Rog\u00e9rio Oliveira Diniz anuncia mais a chegada de mais uma torcedora do\u00a0 Vila Nova Futebol Clube. A maior paix\u00e3o do Centro-Oeste do Brasil. Tricampe\u00e3o brasileiro _ 1996, 2015\" \/>\n<meta property=\"og:url\" content=\"https:\/\/renatodias.online\/movimento\/2021\/03\/22\/sophia-huge-no-cla-de-rogerio-oliveira-diniz\/\" \/>\n<meta property=\"article:publisher\" content=\"https:\/\/www.facebook.com\/renato.dias.37\" \/>\n<meta property=\"article:author\" content=\"https:\/\/www.facebook.com\/renato.dias.37\" \/>\n<meta property=\"article:published_time\" content=\"2021-03-23T01:52:02+00:00\" \/>\n<meta property=\"og:image\" content=\"https:\/\/renatodias.online\/movimento\/wp-content\/uploads\/2021\/03\/Capturar.jpg\" \/>\n\t<meta property=\"og:image:width\" content=\"570\" \/>\n\t<meta property=\"og:image:height\" content=\"740\" \/>\n\t<meta property=\"og:image:type\" content=\"image\/jpeg\" \/>\n<meta name=\"author\" content=\"Renato Dias\" \/>\n<meta name=\"twitter:card\" content=\"summary_large_image\" \/>\n<meta name=\"twitter:creator\" content=\"@RenatoDiasBat\" \/>\n<meta name=\"twitter:site\" content=\"@RenatoDiasBat\" \/>\n<meta name=\"twitter:label1\" content=\"Escrito por\" \/>\n\t<meta name=\"twitter:data1\" content=\"Renato Dias\" \/>\n\t<meta name=\"twitter:label2\" content=\"Est. tempo de leitura\" \/>\n\t<meta name=\"twitter:data2\" content=\"1 minuto\" \/>\n<script type=\"application\/ld+json\" class=\"yoast-schema-graph\">{\"@context\":\"https:\\\/\\\/schema.org\",\"@graph\":[{\"@type\":\"Article\",\"@id\":\"https:\\\/\\\/renatodias.online\\\/movimento\\\/2021\\\/03\\\/22\\\/sophia-huge-no-cla-de-rogerio-oliveira-diniz\\\/#article\",\"isPartOf\":{\"@id\":\"https:\\\/\\\/renatodias.online\\\/movimento\\\/2021\\\/03\\\/22\\\/sophia-huge-no-cla-de-rogerio-oliveira-diniz\\\/\"},\"author\":{\"name\":\"Renato Dias\",\"@id\":\"https:\\\/\\\/renatodias.online\\\/movimento\\\/#\\\/schema\\\/person\\\/bbab28833b1725a20f4083f49f1fb2a9\"},\"headline\":\"Sophia Huge no cl\u00e3 de Rog\u00e9rio Oliveira Diniz\",\"datePublished\":\"2021-03-23T01:52:02+00:00\",\"mainEntityOfPage\":{\"@id\":\"https:\\\/\\\/renatodias.online\\\/movimento\\\/2021\\\/03\\\/22\\\/sophia-huge-no-cla-de-rogerio-oliveira-diniz\\\/\"},\"wordCount\":172,\"commentCount\":0,\"publisher\":{\"@id\":\"https:\\\/\\\/renatodias.online\\\/movimento\\\/#\\\/schema\\\/person\\\/bbab28833b1725a20f4083f49f1fb2a9\"},\"image\":{\"@id\":\"https:\\\/\\\/renatodias.online\\\/movimento\\\/2021\\\/03\\\/22\\\/sophia-huge-no-cla-de-rogerio-oliveira-diniz\\\/#primaryimage\"},\"thumbnailUrl\":\"https:\\\/\\\/renatodias.online\\\/movimento\\\/wp-content\\\/uploads\\\/2021\\\/03\\\/Capturar.jpg\",\"articleSection\":[\"Estilo de Vida\"],\"inLanguage\":\"pt-BR\",\"potentialAction\":[{\"@type\":\"CommentAction\",\"name\":\"Comment\",\"target\":[\"https:\\\/\\\/renatodias.online\\\/movimento\\\/2021\\\/03\\\/22\\\/sophia-huge-no-cla-de-rogerio-oliveira-diniz\\\/#respond\"]}]},{\"@type\":\"WebPage\",\"@id\":\"https:\\\/\\\/renatodias.online\\\/movimento\\\/2021\\\/03\\\/22\\\/sophia-huge-no-cla-de-rogerio-oliveira-diniz\\\/\",\"url\":\"https:\\\/\\\/renatodias.online\\\/movimento\\\/2021\\\/03\\\/22\\\/sophia-huge-no-cla-de-rogerio-oliveira-diniz\\\/\",\"name\":\"Sophia Huge no cl\u00e3 de Rog\u00e9rio Oliveira Diniz -\",\"isPartOf\":{\"@id\":\"https:\\\/\\\/renatodias.online\\\/movimento\\\/#website\"},\"primaryImageOfPage\":{\"@id\":\"https:\\\/\\\/renatodias.online\\\/movimento\\\/2021\\\/03\\\/22\\\/sophia-huge-no-cla-de-rogerio-oliveira-diniz\\\/#primaryimage\"},\"image\":{\"@id\":\"https:\\\/\\\/renatodias.online\\\/movimento\\\/2021\\\/03\\\/22\\\/sophia-huge-no-cla-de-rogerio-oliveira-diniz\\\/#primaryimage\"},\"thumbnailUrl\":\"https:\\\/\\\/renatodias.online\\\/movimento\\\/wp-content\\\/uploads\\\/2021\\\/03\\\/Capturar.jpg\",\"datePublished\":\"2021-03-23T01:52:02+00:00\",\"breadcrumb\":{\"@id\":\"https:\\\/\\\/renatodias.online\\\/movimento\\\/2021\\\/03\\\/22\\\/sophia-huge-no-cla-de-rogerio-oliveira-diniz\\\/#breadcrumb\"},\"inLanguage\":\"pt-BR\",\"potentialAction\":[{\"@type\":\"ReadAction\",\"target\":[\"https:\\\/\\\/renatodias.online\\\/movimento\\\/2021\\\/03\\\/22\\\/sophia-huge-no-cla-de-rogerio-oliveira-diniz\\\/\"]}]},{\"@type\":\"ImageObject\",\"inLanguage\":\"pt-BR\",\"@id\":\"https:\\\/\\\/renatodias.online\\\/movimento\\\/2021\\\/03\\\/22\\\/sophia-huge-no-cla-de-rogerio-oliveira-diniz\\\/#primaryimage\",\"url\":\"https:\\\/\\\/renatodias.online\\\/movimento\\\/wp-content\\\/uploads\\\/2021\\\/03\\\/Capturar.jpg\",\"contentUrl\":\"https:\\\/\\\/renatodias.online\\\/movimento\\\/wp-content\\\/uploads\\\/2021\\\/03\\\/Capturar.jpg\",\"width\":570,\"height\":740},{\"@type\":\"BreadcrumbList\",\"@id\":\"https:\\\/\\\/renatodias.online\\\/movimento\\\/2021\\\/03\\\/22\\\/sophia-huge-no-cla-de-rogerio-oliveira-diniz\\\/#breadcrumb\",\"itemListElement\":[{\"@type\":\"ListItem\",\"position\":1,\"name\":\"In\u00edcio\",\"item\":\"https:\\\/\\\/renatodias.online\\\/movimento\\\/\"},{\"@type\":\"ListItem\",\"position\":2,\"name\":\"Sophia Huge no cl\u00e3 de Rog\u00e9rio Oliveira Diniz\"}]},{\"@type\":\"WebSite\",\"@id\":\"https:\\\/\\\/renatodias.online\\\/movimento\\\/#website\",\"url\":\"https:\\\/\\\/renatodias.online\\\/movimento\\\/\",\"name\":\"\",\"description\":\"\",\"publisher\":{\"@id\":\"https:\\\/\\\/renatodias.online\\\/movimento\\\/#\\\/schema\\\/person\\\/bbab28833b1725a20f4083f49f1fb2a9\"},\"potentialAction\":[{\"@type\":\"SearchAction\",\"target\":{\"@type\":\"EntryPoint\",\"urlTemplate\":\"https:\\\/\\\/renatodias.online\\\/movimento\\\/?s={search_term_string}\"},\"query-input\":{\"@type\":\"PropertyValueSpecification\",\"valueRequired\":true,\"valueName\":\"search_term_string\"}}],\"inLanguage\":\"pt-BR\"},{\"@type\":[\"Person\",\"Organization\"],\"@id\":\"https:\\\/\\\/renatodias.online\\\/movimento\\\/#\\\/schema\\\/person\\\/bbab28833b1725a20f4083f49f1fb2a9\",\"name\":\"Renato Dias\",\"image\":{\"@type\":\"ImageObject\",\"inLanguage\":\"pt-BR\",\"@id\":\"https:\\\/\\\/renatodias.online\\\/movimento\\\/wp-content\\\/uploads\\\/2023\\\/03\\\/cropped-cropped-cropped-logofinal.jpeg\",\"url\":\"https:\\\/\\\/renatodias.online\\\/movimento\\\/wp-content\\\/uploads\\\/2023\\\/03\\\/cropped-cropped-cropped-logofinal.jpeg\",\"contentUrl\":\"https:\\\/\\\/renatodias.online\\\/movimento\\\/wp-content\\\/uploads\\\/2023\\\/03\\\/cropped-cropped-cropped-logofinal.jpeg\",\"width\":1280,\"height\":219,\"caption\":\"Renato Dias\"},\"logo\":{\"@id\":\"https:\\\/\\\/renatodias.online\\\/movimento\\\/wp-content\\\/uploads\\\/2023\\\/03\\\/cropped-cropped-cropped-logofinal.jpeg\"},\"description\":\"Renato Dias, 58 anos, \u00e9 graduado em Jornalismo, formado em Ci\u00eancias Sociais, com p\u00f3s-gradua\u00e7\u00e3o em Pol\u00edticas P\u00fablicas, mestre em Direito e Rela\u00e7\u00f5es Internacionais, ex-aluno extraordin\u00e1rio do Doutorado em Psicologia Social, ex-estudante do Curso de Psican\u00e1lise do Centro de Estudos Psicanal\u00edticos do Estado de Goi\u00e1s, ministrado pelo m\u00e9dico psiquiatra e psicanalista Daniel Em\u00eddio de Souza. \u00c9 autor de 30 livros-reportagem, oito document\u00e1rios, ganhou 30 pr\u00eamios e \u00e9 torcedor apaixonado do maior do Centro-Oeste, o Vila Nova Futebol Clube. Casado com Meirilane Dias, \u00e9 pai de Juliana Dias, jornalista; Daniel Dias, economista; e Maria Rosa Dias, estudante antifascista, socialista e trotskista.\u00a0Com tr\u00eas pets: Porquinho [Bull Dog Franc\u00eas], Dalila [Basset Hound] e Geleia [Basset Hound]. Al\u00e9m do eterno gato Tutuquinho, que virou estrela.\",\"sameAs\":[\"https:\\\/\\\/www.facebook.com\\\/renato.dias.37\",\"#breve\",\"https:\\\/\\\/renatodias.tumblr.com\\\/\"],\"url\":\"https:\\\/\\\/renatodias.online\\\/movimento\\\/author\\\/renatodias\\\/\"}]}<\/script>\n<!-- \/ Yoast SEO plugin. -->","yoast_head_json":{"title":"Sophia Huge no cl\u00e3 de Rog\u00e9rio Oliveira Diniz -","robots":{"index":"index","follow":"follow","max-snippet":"max-snippet:-1","max-image-preview":"max-image-preview:large","max-video-preview":"max-video-preview:-1"},"canonical":"https:\/\/renatodias.online\/movimento\/2021\/03\/22\/sophia-huge-no-cla-de-rogerio-oliveira-diniz\/","og_locale":"pt_BR","og_type":"article","og_title":"Sophia Huge no cl\u00e3 de Rog\u00e9rio Oliveira Diniz -","og_description":"Dos EUA Sophia Huge no cl\u00e3 de Rog\u00e9rio Oliveira Diniz \u00a0 Renato Dias Radicado, hoje, em Boca Ratton, Estados Unidos das Am\u00e9ricas [EUA], o empres\u00e1rio de Goi\u00e2nia Rog\u00e9rio Oliveira Diniz anuncia mais a chegada de mais uma torcedora do\u00a0 Vila Nova Futebol Clube. A maior paix\u00e3o do Centro-Oeste do Brasil. Tricampe\u00e3o brasileiro _ 1996, 2015","og_url":"https:\/\/renatodias.online\/movimento\/2021\/03\/22\/sophia-huge-no-cla-de-rogerio-oliveira-diniz\/","article_publisher":"https:\/\/www.facebook.com\/renato.dias.37","article_author":"https:\/\/www.facebook.com\/renato.dias.37","article_published_time":"2021-03-23T01:52:02+00:00","og_image":[{"width":570,"height":740,"url":"https:\/\/renatodias.online\/movimento\/wp-content\/uploads\/2021\/03\/Capturar.jpg","type":"image\/jpeg"}],"author":"Renato Dias","twitter_card":"summary_large_image","twitter_creator":"@RenatoDiasBat","twitter_site":"@RenatoDiasBat","twitter_misc":{"Escrito por":"Renato Dias","Est. tempo de leitura":"1 minuto"},"schema":{"@context":"https:\/\/schema.org","@graph":[{"@type":"Article","@id":"https:\/\/renatodias.online\/movimento\/2021\/03\/22\/sophia-huge-no-cla-de-rogerio-oliveira-diniz\/#article","isPartOf":{"@id":"https:\/\/renatodias.online\/movimento\/2021\/03\/22\/sophia-huge-no-cla-de-rogerio-oliveira-diniz\/"},"author":{"name":"Renato Dias","@id":"https:\/\/renatodias.online\/movimento\/#\/schema\/person\/bbab28833b1725a20f4083f49f1fb2a9"},"headline":"Sophia Huge no cl\u00e3 de Rog\u00e9rio Oliveira Diniz","datePublished":"2021-03-23T01:52:02+00:00","mainEntityOfPage":{"@id":"https:\/\/renatodias.online\/movimento\/2021\/03\/22\/sophia-huge-no-cla-de-rogerio-oliveira-diniz\/"},"wordCount":172,"commentCount":0,"publisher":{"@id":"https:\/\/renatodias.online\/movimento\/#\/schema\/person\/bbab28833b1725a20f4083f49f1fb2a9"},"image":{"@id":"https:\/\/renatodias.online\/movimento\/2021\/03\/22\/sophia-huge-no-cla-de-rogerio-oliveira-diniz\/#primaryimage"},"thumbnailUrl":"https:\/\/renatodias.online\/movimento\/wp-content\/uploads\/2021\/03\/Capturar.jpg","articleSection":["Estilo de Vida"],"inLanguage":"pt-BR","potentialAction":[{"@type":"CommentAction","name":"Comment","target":["https:\/\/renatodias.online\/movimento\/2021\/03\/22\/sophia-huge-no-cla-de-rogerio-oliveira-diniz\/#respond"]}]},{"@type":"WebPage","@id":"https:\/\/renatodias.online\/movimento\/2021\/03\/22\/sophia-huge-no-cla-de-rogerio-oliveira-diniz\/","url":"https:\/\/renatodias.online\/movimento\/2021\/03\/22\/sophia-huge-no-cla-de-rogerio-oliveira-diniz\/","name":"Sophia Huge no cl\u00e3 de Rog\u00e9rio Oliveira Diniz -","isPartOf":{"@id":"https:\/\/renatodias.online\/movimento\/#website"},"primaryImageOfPage":{"@id":"https:\/\/renatodias.online\/movimento\/2021\/03\/22\/sophia-huge-no-cla-de-rogerio-oliveira-diniz\/#primaryimage"},"image":{"@id":"https:\/\/renatodias.online\/movimento\/2021\/03\/22\/sophia-huge-no-cla-de-rogerio-oliveira-diniz\/#primaryimage"},"thumbnailUrl":"https:\/\/renatodias.online\/movimento\/wp-content\/uploads\/2021\/03\/Capturar.jpg","datePublished":"2021-03-23T01:52:02+00:00","breadcrumb":{"@id":"https:\/\/renatodias.online\/movimento\/2021\/03\/22\/sophia-huge-no-cla-de-rogerio-oliveira-diniz\/#breadcrumb"},"inLanguage":"pt-BR","potentialAction":[{"@type":"ReadAction","target":["https:\/\/renatodias.online\/movimento\/2021\/03\/22\/sophia-huge-no-cla-de-rogerio-oliveira-diniz\/"]}]},{"@type":"ImageObject","inLanguage":"pt-BR","@id":"https:\/\/renatodias.online\/movimento\/2021\/03\/22\/sophia-huge-no-cla-de-rogerio-oliveira-diniz\/#primaryimage","url":"https:\/\/renatodias.online\/movimento\/wp-content\/uploads\/2021\/03\/Capturar.jpg","contentUrl":"https:\/\/renatodias.online\/movimento\/wp-content\/uploads\/2021\/03\/Capturar.jpg","width":570,"height":740},{"@type":"BreadcrumbList","@id":"https:\/\/renatodias.online\/movimento\/2021\/03\/22\/sophia-huge-no-cla-de-rogerio-oliveira-diniz\/#breadcrumb","itemListElement":[{"@type":"ListItem","position":1,"name":"In\u00edcio","item":"https:\/\/renatodias.online\/movimento\/"},{"@type":"ListItem","position":2,"name":"Sophia Huge no cl\u00e3 de Rog\u00e9rio Oliveira Diniz"}]},{"@type":"WebSite","@id":"https:\/\/renatodias.online\/movimento\/#website","url":"https:\/\/renatodias.online\/movimento\/","name":"","description":"","publisher":{"@id":"https:\/\/renatodias.online\/movimento\/#\/schema\/person\/bbab28833b1725a20f4083f49f1fb2a9"},"potentialAction":[{"@type":"SearchAction","target":{"@type":"EntryPoint","urlTemplate":"https:\/\/renatodias.online\/movimento\/?s={search_term_string}"},"query-input":{"@type":"PropertyValueSpecification","valueRequired":true,"valueName":"search_term_string"}}],"inLanguage":"pt-BR"},{"@type":["Person","Organization"],"@id":"https:\/\/renatodias.online\/movimento\/#\/schema\/person\/bbab28833b1725a20f4083f49f1fb2a9","name":"Renato Dias","image":{"@type":"ImageObject","inLanguage":"pt-BR","@id":"https:\/\/renatodias.online\/movimento\/wp-content\/uploads\/2023\/03\/cropped-cropped-cropped-logofinal.jpeg","url":"https:\/\/renatodias.online\/movimento\/wp-content\/uploads\/2023\/03\/cropped-cropped-cropped-logofinal.jpeg","contentUrl":"https:\/\/renatodias.online\/movimento\/wp-content\/uploads\/2023\/03\/cropped-cropped-cropped-logofinal.jpeg","width":1280,"height":219,"caption":"Renato Dias"},"logo":{"@id":"https:\/\/renatodias.online\/movimento\/wp-content\/uploads\/2023\/03\/cropped-cropped-cropped-logofinal.jpeg"},"description":"Renato Dias, 58 anos, \u00e9 graduado em Jornalismo, formado em Ci\u00eancias Sociais, com p\u00f3s-gradua\u00e7\u00e3o em Pol\u00edticas P\u00fablicas, mestre em Direito e Rela\u00e7\u00f5es Internacionais, ex-aluno extraordin\u00e1rio do Doutorado em Psicologia Social, ex-estudante do Curso de Psican\u00e1lise do Centro de Estudos Psicanal\u00edticos do Estado de Goi\u00e1s, ministrado pelo m\u00e9dico psiquiatra e psicanalista Daniel Em\u00eddio de Souza. \u00c9 autor de 30 livros-reportagem, oito document\u00e1rios, ganhou 30 pr\u00eamios e \u00e9 torcedor apaixonado do maior do Centro-Oeste, o Vila Nova Futebol Clube. Casado com Meirilane Dias, \u00e9 pai de Juliana Dias, jornalista; Daniel Dias, economista; e Maria Rosa Dias, estudante antifascista, socialista e trotskista.\u00a0Com tr\u00eas pets: Porquinho [Bull Dog Franc\u00eas], Dalila [Basset Hound] e Geleia [Basset Hound]. Al\u00e9m do eterno gato Tutuquinho, que virou estrela.","sameAs":["https:\/\/www.facebook.com\/renato.dias.37","#breve","https:\/\/renatodias.tumblr.com\/"],"url":"https:\/\/renatodias.online\/movimento\/author\/renatodias\/"}]}},"_links":{"self":[{"href":"https:\/\/renatodias.online\/movimento\/wp-json\/wp\/v2\/posts\/5576","targetHints":{"allow":["GET"]}}],"collection":[{"href":"https:\/\/renatodias.online\/movimento\/wp-json\/wp\/v2\/posts"}],"about":[{"href":"https:\/\/renatodias.online\/movimento\/wp-json\/wp\/v2\/types\/post"}],"author":[{"embeddable":true,"href":"https:\/\/renatodias.online\/movimento\/wp-json\/wp\/v2\/users\/2"}],"replies":[{"embeddable":true,"href":"https:\/\/renatodias.online\/movimento\/wp-json\/wp\/v2\/comments?post=5576"}],"version-history":[{"count":1,"href":"https:\/\/renatodias.online\/movimento\/wp-json\/wp\/v2\/posts\/5576\/revisions"}],"predecessor-version":[{"id":5582,"href":"https:\/\/renatodias.online\/movimento\/wp-json\/wp\/v2\/posts\/5576\/revisions\/5582"}],"wp:featuredmedia":[{"embeddable":true,"href":"https:\/\/renatodias.online\/movimento\/wp-json\/wp\/v2\/media\/5581"}],"wp:attachment":[{"href":"https:\/\/renatodias.online\/movimento\/wp-json\/wp\/v2\/media?parent=5576"}],"wp:term":[{"taxonomy":"category","embeddable":true,"href":"https:\/\/renatodias.online\/movimento\/wp-json\/wp\/v2\/categories?post=5576"},{"taxonomy":"post_tag","embeddable":true,"href":"https:\/\/renatodias.online\/movimento\/wp-json\/wp\/v2\/tags?post=5576"}],"curies":[{"name":"wp","href":"https:\/\/api.w.org\/{rel}","templated":true}]}}