{"id":5503,"date":"2021-03-20T22:01:35","date_gmt":"2021-03-21T01:01:35","guid":{"rendered":"https:\/\/renatodias.online\/movimento\/?p=5503"},"modified":"2021-03-20T23:38:07","modified_gmt":"2021-03-21T02:38:07","slug":"pt-sai-em-faixa-propria-na-corrida-a-casa-verde","status":"publish","type":"post","link":"https:\/\/renatodias.online\/movimento\/2021\/03\/20\/pt-sai-em-faixa-propria-na-corrida-a-casa-verde\/","title":{"rendered":"PT sai em \u2018faixa pr\u00f3pria\u2019 na corrida \u00e0 Casa Verde"},"content":{"rendered":"<p><span style=\"color: #ff0000;\"><strong>Na disputa<\/strong><\/span><\/p>\n<h1><strong>PT sai em <\/strong><strong>\u2018<\/strong><strong>faixa pr\u00f3pria<\/strong><strong>\u2019<\/strong><\/h1>\n<h1><strong>na corrida \u00e0 Casa Verde<\/strong><\/h1>\n<p><strong>Rubens Otoni Gomide, Adriana Accorsi, \u00a0Antonio Roberto Gomide e Pedro Wilson Guimar\u00e3es aparecem como op\u00e7\u00f5es pol\u00edticas para as elei\u00e7\u00f5es majorit\u00e1rias do m\u00eas de outubro de 2022<\/strong><\/p>\n<p>&nbsp;<\/p>\n<p><strong>Renato Dias<\/strong><\/p>\n<p>O <strong>Partido dos Trabalhadores [PT],<\/strong> com a anula\u00e7\u00e3o das condena\u00e7\u00f5es de <strong>Luiz In\u00e1cio Lula da Silva <\/strong>e a polariza\u00e7\u00e3o com <strong>Jair Messias Bolsonaro [Sem partido],<\/strong> dever\u00e1 sair em faixa pr\u00f3pria nas elei\u00e7\u00f5es ao Pal\u00e1cio das Esmeraldas. Quando outubro de 2022 vier.<\/p>\n<figure id=\"attachment_4831\" aria-describedby=\"caption-attachment-4831\" style=\"width: 757px\" class=\"wp-caption aligncenter\"><img loading=\"lazy\" decoding=\"async\" class=\" wp-image-4831\" src=\"https:\/\/renatodias.online\/movimento\/wp-content\/uploads\/2020\/11\/Adriana-Accorsi-2-1024x683.jpg\" alt=\"Adriana Accorsi\" width=\"757\" height=\"505\" \/><figcaption id=\"caption-attachment-4831\" class=\"wp-caption-text\">Adriana Accorsi<\/figcaption><\/figure>\n<p>A legenda, fundada em 10 de fevereiro de 1980, no Col\u00e9gio Sion,\u00a0 em S\u00e3o Paulo, possuiria, hoje, quatro nomes. Com capilaridade social e pol\u00edtica. Assim como densidade eleitoral. Nos 246 munic\u00edpios do Estado de Goi\u00e1s. Localizado na Regi\u00e3o Centro-Oeste do Pa\u00eds.<\/p>\n<figure id=\"attachment_5557\" aria-describedby=\"caption-attachment-5557\" style=\"width: 723px\" class=\"wp-caption aligncenter\"><img loading=\"lazy\" decoding=\"async\" class=\" wp-image-5557\" src=\"https:\/\/renatodias.online\/movimento\/wp-content\/uploads\/2021\/03\/Antonio-Roberto-Gomide-1024x684.jpg\" alt=\"Ant\u00f4nio Roberto Gomide\" width=\"723\" height=\"483\" \/><figcaption id=\"caption-attachment-5557\" class=\"wp-caption-text\">Ant\u00f4nio Roberto Gomide<\/figcaption><\/figure>\n<p>O deputado federal <strong>Rubens Otoni Gomide<\/strong> abre o leque de alternativas vi\u00e1veis. A deputada estadual <strong>Adriana Accorsi<\/strong>, que foi a terceira colocada no pleito \u00e0 Prefeitura de Goi\u00e2nia, comp\u00f5e o bloco. Al\u00e9m de <strong>Ant\u00f4nio Roberto Gomide<\/strong>, deputado estadual, e <strong>Pedro Wilson Guimar\u00e3es<\/strong>.<\/p>\n<figure id=\"attachment_5506\" aria-describedby=\"caption-attachment-5506\" style=\"width: 400px\" class=\"wp-caption aligncenter\"><img loading=\"lazy\" decoding=\"async\" class=\"size-full wp-image-5506\" src=\"https:\/\/renatodias.online\/movimento\/wp-content\/uploads\/2021\/03\/Pedro-Wilson-Guimaraes.jpg\" alt=\"Pedro Wilson\" width=\"400\" height=\"601\" \/><figcaption id=\"caption-attachment-5506\" class=\"wp-caption-text\">Pedro Wilson<\/figcaption><\/figure>\n<p><strong>Mulheres na chapa<\/strong><\/p>\n<p>A estrela vermelha tem mulheres representativas \u00e0 chapa majorit\u00e1ria. Como a ex-verea\u00addora <strong>Marina Sant\u00b4Anna<\/strong>, <strong>Ana Rita Marcelo Castro<\/strong>, presidente do Conem, <strong>Walderez Nunes Loureiro<\/strong>, <strong>Maria Tereza Canesin<\/strong>, <strong>K\u00e1tia Maria<\/strong> e <strong>Laisy Moriere<\/strong>, apurou o site <strong>www.renatodias.online<\/strong><\/p>\n<figure id=\"attachment_5507\" aria-describedby=\"caption-attachment-5507\" style=\"width: 544px\" class=\"wp-caption aligncenter\"><img loading=\"lazy\" decoding=\"async\" class=\" wp-image-5507\" src=\"https:\/\/renatodias.online\/movimento\/wp-content\/uploads\/2021\/03\/Ana-Rita-Marcelo-Castro.jpg\" alt=\"Ana Rita Marcelo Castro\" width=\"544\" height=\"544\" \/><figcaption id=\"caption-attachment-5507\" class=\"wp-caption-text\">Ana Rita Marcelo Castro<\/figcaption><\/figure>\n<p>A narrativa do PT, em 2022, ir\u00e1 denunciar o golpe de 2016. Com o impeachment, sem crime de responsabilidade, de Dilma Rousseff. O descaso com 300 mil mortos. Sob a Pandemia. O desemprego de 14 milh\u00f5es. A volta da infla\u00e7\u00e3o. A alta do d\u00f3lar. A eleva\u00e7\u00e3o dos juros. A fome.<\/p>\n<figure id=\"attachment_5508\" aria-describedby=\"caption-attachment-5508\" style=\"width: 500px\" class=\"wp-caption aligncenter\"><img loading=\"lazy\" decoding=\"async\" class=\"size-full wp-image-5508\" src=\"https:\/\/renatodias.online\/movimento\/wp-content\/uploads\/2021\/03\/Marina-Sant\u00b4Anna.jpg\" alt=\"Marina Sant\u00b4Anna\" width=\"500\" height=\"333\" srcset=\"https:\/\/renatodias.online\/movimento\/wp-content\/uploads\/2021\/03\/Marina-Sant\u00b4Anna.jpg 500w, https:\/\/renatodias.online\/movimento\/wp-content\/uploads\/2021\/03\/Marina-Sant\u00b4Anna-300x200.jpg 300w, https:\/\/renatodias.online\/movimento\/wp-content\/uploads\/2021\/03\/Marina-Sant\u00b4Anna-360x240.jpg 360w\" sizes=\"auto, (max-width: 500px) 100vw, 500px\" \/><figcaption id=\"caption-attachment-5508\" class=\"wp-caption-text\">Marina Sant\u00b4Anna<\/figcaption><\/figure>\n","protected":false},"excerpt":{"rendered":"<p>Na disputa PT sai em \u2018faixa pr\u00f3pria\u2019 na corrida \u00e0 Casa Verde Rubens Otoni Gomide, Adriana Accorsi, \u00a0Antonio Roberto Gomide e Pedro Wilson Guimar\u00e3es aparecem como op\u00e7\u00f5es pol\u00edticas para as elei\u00e7\u00f5es majorit\u00e1rias do m\u00eas de outubro de 2022 &nbsp; Renato Dias O Partido dos Trabalhadores [PT], com a anula\u00e7\u00e3o das condena\u00e7\u00f5es de Luiz In\u00e1cio Lula<\/p>\n","protected":false},"author":2,"featured_media":5504,"comment_status":"open","ping_status":"open","sticky":false,"template":"","format":"standard","meta":{"_acf_changed":false,"_monsterinsights_skip_tracking":false,"_monsterinsights_sitenote_active":false,"_monsterinsights_sitenote_note":"","_monsterinsights_sitenote_category":0,"footnotes":""},"categories":[4],"tags":[],"class_list":["post-5503","post","type-post","status-publish","format-standard","has-post-thumbnail","hentry","category-politica"],"acf":[],"yoast_head":"<!-- This site is optimized with the Yoast SEO plugin v27.4 - https:\/\/yoast.com\/product\/yoast-seo-wordpress\/ -->\n<title>PT sai em \u2018faixa pr\u00f3pria\u2019 na corrida \u00e0 Casa Verde -<\/title>\n<meta name=\"robots\" content=\"index, follow, max-snippet:-1, max-image-preview:large, max-video-preview:-1\" \/>\n<link rel=\"canonical\" href=\"https:\/\/renatodias.online\/movimento\/2021\/03\/20\/pt-sai-em-faixa-propria-na-corrida-a-casa-verde\/\" \/>\n<meta property=\"og:locale\" content=\"pt_BR\" \/>\n<meta property=\"og:type\" content=\"article\" \/>\n<meta property=\"og:title\" content=\"PT sai em \u2018faixa pr\u00f3pria\u2019 na corrida \u00e0 Casa Verde -\" \/>\n<meta property=\"og:description\" content=\"Na disputa PT sai em \u2018faixa pr\u00f3pria\u2019 na corrida \u00e0 Casa Verde Rubens Otoni Gomide, Adriana Accorsi, \u00a0Antonio Roberto Gomide e Pedro Wilson Guimar\u00e3es aparecem como op\u00e7\u00f5es pol\u00edticas para as elei\u00e7\u00f5es majorit\u00e1rias do m\u00eas de outubro de 2022 &nbsp; Renato Dias O Partido dos Trabalhadores [PT], com a anula\u00e7\u00e3o das condena\u00e7\u00f5es de Luiz In\u00e1cio Lula\" \/>\n<meta property=\"og:url\" content=\"https:\/\/renatodias.online\/movimento\/2021\/03\/20\/pt-sai-em-faixa-propria-na-corrida-a-casa-verde\/\" \/>\n<meta property=\"article:publisher\" content=\"https:\/\/www.facebook.com\/renato.dias.37\" \/>\n<meta property=\"article:author\" content=\"https:\/\/www.facebook.com\/renato.dias.37\" \/>\n<meta property=\"article:published_time\" content=\"2021-03-21T01:01:35+00:00\" \/>\n<meta property=\"article:modified_time\" content=\"2021-03-21T02:38:07+00:00\" \/>\n<meta property=\"og:image\" content=\"https:\/\/renatodias.online\/movimento\/wp-content\/uploads\/2021\/03\/Rubens-Otoni-Gomide.jpg\" \/>\n\t<meta property=\"og:image:width\" content=\"500\" \/>\n\t<meta property=\"og:image:height\" content=\"500\" \/>\n\t<meta property=\"og:image:type\" content=\"image\/jpeg\" \/>\n<meta name=\"author\" content=\"Renato Dias\" \/>\n<meta name=\"twitter:card\" content=\"summary_large_image\" \/>\n<meta name=\"twitter:creator\" content=\"@RenatoDiasBat\" \/>\n<meta name=\"twitter:site\" content=\"@RenatoDiasBat\" \/>\n<meta name=\"twitter:label1\" content=\"Escrito por\" \/>\n\t<meta name=\"twitter:data1\" content=\"Renato Dias\" \/>\n\t<meta name=\"twitter:label2\" content=\"Est. tempo de leitura\" \/>\n\t<meta name=\"twitter:data2\" content=\"2 minutos\" \/>\n<script type=\"application\/ld+json\" class=\"yoast-schema-graph\">{\"@context\":\"https:\\\/\\\/schema.org\",\"@graph\":[{\"@type\":\"Article\",\"@id\":\"https:\\\/\\\/renatodias.online\\\/movimento\\\/2021\\\/03\\\/20\\\/pt-sai-em-faixa-propria-na-corrida-a-casa-verde\\\/#article\",\"isPartOf\":{\"@id\":\"https:\\\/\\\/renatodias.online\\\/movimento\\\/2021\\\/03\\\/20\\\/pt-sai-em-faixa-propria-na-corrida-a-casa-verde\\\/\"},\"author\":{\"name\":\"Renato Dias\",\"@id\":\"https:\\\/\\\/renatodias.online\\\/movimento\\\/#\\\/schema\\\/person\\\/bbab28833b1725a20f4083f49f1fb2a9\"},\"headline\":\"PT sai em \u2018faixa pr\u00f3pria\u2019 na corrida \u00e0 Casa Verde\",\"datePublished\":\"2021-03-21T01:01:35+00:00\",\"dateModified\":\"2021-03-21T02:38:07+00:00\",\"mainEntityOfPage\":{\"@id\":\"https:\\\/\\\/renatodias.online\\\/movimento\\\/2021\\\/03\\\/20\\\/pt-sai-em-faixa-propria-na-corrida-a-casa-verde\\\/\"},\"wordCount\":339,\"commentCount\":0,\"publisher\":{\"@id\":\"https:\\\/\\\/renatodias.online\\\/movimento\\\/#\\\/schema\\\/person\\\/bbab28833b1725a20f4083f49f1fb2a9\"},\"image\":{\"@id\":\"https:\\\/\\\/renatodias.online\\\/movimento\\\/2021\\\/03\\\/20\\\/pt-sai-em-faixa-propria-na-corrida-a-casa-verde\\\/#primaryimage\"},\"thumbnailUrl\":\"https:\\\/\\\/renatodias.online\\\/movimento\\\/wp-content\\\/uploads\\\/2021\\\/03\\\/Rubens-Otoni-Gomide-e1707505206292.jpg\",\"articleSection\":[\"Pol\u00edtica\"],\"inLanguage\":\"pt-BR\",\"potentialAction\":[{\"@type\":\"CommentAction\",\"name\":\"Comment\",\"target\":[\"https:\\\/\\\/renatodias.online\\\/movimento\\\/2021\\\/03\\\/20\\\/pt-sai-em-faixa-propria-na-corrida-a-casa-verde\\\/#respond\"]}]},{\"@type\":\"WebPage\",\"@id\":\"https:\\\/\\\/renatodias.online\\\/movimento\\\/2021\\\/03\\\/20\\\/pt-sai-em-faixa-propria-na-corrida-a-casa-verde\\\/\",\"url\":\"https:\\\/\\\/renatodias.online\\\/movimento\\\/2021\\\/03\\\/20\\\/pt-sai-em-faixa-propria-na-corrida-a-casa-verde\\\/\",\"name\":\"PT sai em \u2018faixa pr\u00f3pria\u2019 na corrida \u00e0 Casa Verde -\",\"isPartOf\":{\"@id\":\"https:\\\/\\\/renatodias.online\\\/movimento\\\/#website\"},\"primaryImageOfPage\":{\"@id\":\"https:\\\/\\\/renatodias.online\\\/movimento\\\/2021\\\/03\\\/20\\\/pt-sai-em-faixa-propria-na-corrida-a-casa-verde\\\/#primaryimage\"},\"image\":{\"@id\":\"https:\\\/\\\/renatodias.online\\\/movimento\\\/2021\\\/03\\\/20\\\/pt-sai-em-faixa-propria-na-corrida-a-casa-verde\\\/#primaryimage\"},\"thumbnailUrl\":\"https:\\\/\\\/renatodias.online\\\/movimento\\\/wp-content\\\/uploads\\\/2021\\\/03\\\/Rubens-Otoni-Gomide-e1707505206292.jpg\",\"datePublished\":\"2021-03-21T01:01:35+00:00\",\"dateModified\":\"2021-03-21T02:38:07+00:00\",\"breadcrumb\":{\"@id\":\"https:\\\/\\\/renatodias.online\\\/movimento\\\/2021\\\/03\\\/20\\\/pt-sai-em-faixa-propria-na-corrida-a-casa-verde\\\/#breadcrumb\"},\"inLanguage\":\"pt-BR\",\"potentialAction\":[{\"@type\":\"ReadAction\",\"target\":[\"https:\\\/\\\/renatodias.online\\\/movimento\\\/2021\\\/03\\\/20\\\/pt-sai-em-faixa-propria-na-corrida-a-casa-verde\\\/\"]}]},{\"@type\":\"ImageObject\",\"inLanguage\":\"pt-BR\",\"@id\":\"https:\\\/\\\/renatodias.online\\\/movimento\\\/2021\\\/03\\\/20\\\/pt-sai-em-faixa-propria-na-corrida-a-casa-verde\\\/#primaryimage\",\"url\":\"https:\\\/\\\/renatodias.online\\\/movimento\\\/wp-content\\\/uploads\\\/2021\\\/03\\\/Rubens-Otoni-Gomide-e1707505206292.jpg\",\"contentUrl\":\"https:\\\/\\\/renatodias.online\\\/movimento\\\/wp-content\\\/uploads\\\/2021\\\/03\\\/Rubens-Otoni-Gomide-e1707505206292.jpg\",\"width\":400,\"height\":400,\"caption\":\"Rubens Otoni\"},{\"@type\":\"BreadcrumbList\",\"@id\":\"https:\\\/\\\/renatodias.online\\\/movimento\\\/2021\\\/03\\\/20\\\/pt-sai-em-faixa-propria-na-corrida-a-casa-verde\\\/#breadcrumb\",\"itemListElement\":[{\"@type\":\"ListItem\",\"position\":1,\"name\":\"In\u00edcio\",\"item\":\"https:\\\/\\\/renatodias.online\\\/movimento\\\/\"},{\"@type\":\"ListItem\",\"position\":2,\"name\":\"PT sai em \u2018faixa pr\u00f3pria\u2019 na corrida \u00e0 Casa Verde\"}]},{\"@type\":\"WebSite\",\"@id\":\"https:\\\/\\\/renatodias.online\\\/movimento\\\/#website\",\"url\":\"https:\\\/\\\/renatodias.online\\\/movimento\\\/\",\"name\":\"\",\"description\":\"\",\"publisher\":{\"@id\":\"https:\\\/\\\/renatodias.online\\\/movimento\\\/#\\\/schema\\\/person\\\/bbab28833b1725a20f4083f49f1fb2a9\"},\"potentialAction\":[{\"@type\":\"SearchAction\",\"target\":{\"@type\":\"EntryPoint\",\"urlTemplate\":\"https:\\\/\\\/renatodias.online\\\/movimento\\\/?s={search_term_string}\"},\"query-input\":{\"@type\":\"PropertyValueSpecification\",\"valueRequired\":true,\"valueName\":\"search_term_string\"}}],\"inLanguage\":\"pt-BR\"},{\"@type\":[\"Person\",\"Organization\"],\"@id\":\"https:\\\/\\\/renatodias.online\\\/movimento\\\/#\\\/schema\\\/person\\\/bbab28833b1725a20f4083f49f1fb2a9\",\"name\":\"Renato Dias\",\"image\":{\"@type\":\"ImageObject\",\"inLanguage\":\"pt-BR\",\"@id\":\"https:\\\/\\\/renatodias.online\\\/movimento\\\/wp-content\\\/uploads\\\/2023\\\/03\\\/cropped-cropped-cropped-logofinal.jpeg\",\"url\":\"https:\\\/\\\/renatodias.online\\\/movimento\\\/wp-content\\\/uploads\\\/2023\\\/03\\\/cropped-cropped-cropped-logofinal.jpeg\",\"contentUrl\":\"https:\\\/\\\/renatodias.online\\\/movimento\\\/wp-content\\\/uploads\\\/2023\\\/03\\\/cropped-cropped-cropped-logofinal.jpeg\",\"width\":1280,\"height\":219,\"caption\":\"Renato Dias\"},\"logo\":{\"@id\":\"https:\\\/\\\/renatodias.online\\\/movimento\\\/wp-content\\\/uploads\\\/2023\\\/03\\\/cropped-cropped-cropped-logofinal.jpeg\"},\"description\":\"Renato Dias, 58 anos, \u00e9 graduado em Jornalismo, formado em Ci\u00eancias Sociais, com p\u00f3s-gradua\u00e7\u00e3o em Pol\u00edticas P\u00fablicas, mestre em Direito e Rela\u00e7\u00f5es Internacionais, ex-aluno extraordin\u00e1rio do Doutorado em Psicologia Social, ex-estudante do Curso de Psican\u00e1lise do Centro de Estudos Psicanal\u00edticos do Estado de Goi\u00e1s, ministrado pelo m\u00e9dico psiquiatra e psicanalista Daniel Em\u00eddio de Souza. \u00c9 autor de 30 livros-reportagem, oito document\u00e1rios, ganhou 30 pr\u00eamios e \u00e9 torcedor apaixonado do maior do Centro-Oeste, o Vila Nova Futebol Clube. Casado com Meirilane Dias, \u00e9 pai de Juliana Dias, jornalista; Daniel Dias, economista; e Maria Rosa Dias, estudante antifascista, socialista e trotskista.\u00a0Com tr\u00eas pets: Porquinho [Bull Dog Franc\u00eas], Dalila [Basset Hound] e Geleia [Basset Hound]. Al\u00e9m do eterno gato Tutuquinho, que virou estrela.\",\"sameAs\":[\"https:\\\/\\\/www.facebook.com\\\/renato.dias.37\",\"#breve\",\"https:\\\/\\\/renatodias.tumblr.com\\\/\"],\"url\":\"https:\\\/\\\/renatodias.online\\\/movimento\\\/author\\\/renatodias\\\/\"}]}<\/script>\n<!-- \/ Yoast SEO plugin. -->","yoast_head_json":{"title":"PT sai em \u2018faixa pr\u00f3pria\u2019 na corrida \u00e0 Casa Verde -","robots":{"index":"index","follow":"follow","max-snippet":"max-snippet:-1","max-image-preview":"max-image-preview:large","max-video-preview":"max-video-preview:-1"},"canonical":"https:\/\/renatodias.online\/movimento\/2021\/03\/20\/pt-sai-em-faixa-propria-na-corrida-a-casa-verde\/","og_locale":"pt_BR","og_type":"article","og_title":"PT sai em \u2018faixa pr\u00f3pria\u2019 na corrida \u00e0 Casa Verde -","og_description":"Na disputa PT sai em \u2018faixa pr\u00f3pria\u2019 na corrida \u00e0 Casa Verde Rubens Otoni Gomide, Adriana Accorsi, \u00a0Antonio Roberto Gomide e Pedro Wilson Guimar\u00e3es aparecem como op\u00e7\u00f5es pol\u00edticas para as elei\u00e7\u00f5es majorit\u00e1rias do m\u00eas de outubro de 2022 &nbsp; Renato Dias O Partido dos Trabalhadores [PT], com a anula\u00e7\u00e3o das condena\u00e7\u00f5es de Luiz In\u00e1cio Lula","og_url":"https:\/\/renatodias.online\/movimento\/2021\/03\/20\/pt-sai-em-faixa-propria-na-corrida-a-casa-verde\/","article_publisher":"https:\/\/www.facebook.com\/renato.dias.37","article_author":"https:\/\/www.facebook.com\/renato.dias.37","article_published_time":"2021-03-21T01:01:35+00:00","article_modified_time":"2021-03-21T02:38:07+00:00","og_image":[{"width":500,"height":500,"url":"https:\/\/renatodias.online\/movimento\/wp-content\/uploads\/2021\/03\/Rubens-Otoni-Gomide.jpg","type":"image\/jpeg"}],"author":"Renato Dias","twitter_card":"summary_large_image","twitter_creator":"@RenatoDiasBat","twitter_site":"@RenatoDiasBat","twitter_misc":{"Escrito por":"Renato Dias","Est. tempo de leitura":"2 minutos"},"schema":{"@context":"https:\/\/schema.org","@graph":[{"@type":"Article","@id":"https:\/\/renatodias.online\/movimento\/2021\/03\/20\/pt-sai-em-faixa-propria-na-corrida-a-casa-verde\/#article","isPartOf":{"@id":"https:\/\/renatodias.online\/movimento\/2021\/03\/20\/pt-sai-em-faixa-propria-na-corrida-a-casa-verde\/"},"author":{"name":"Renato Dias","@id":"https:\/\/renatodias.online\/movimento\/#\/schema\/person\/bbab28833b1725a20f4083f49f1fb2a9"},"headline":"PT sai em \u2018faixa pr\u00f3pria\u2019 na corrida \u00e0 Casa Verde","datePublished":"2021-03-21T01:01:35+00:00","dateModified":"2021-03-21T02:38:07+00:00","mainEntityOfPage":{"@id":"https:\/\/renatodias.online\/movimento\/2021\/03\/20\/pt-sai-em-faixa-propria-na-corrida-a-casa-verde\/"},"wordCount":339,"commentCount":0,"publisher":{"@id":"https:\/\/renatodias.online\/movimento\/#\/schema\/person\/bbab28833b1725a20f4083f49f1fb2a9"},"image":{"@id":"https:\/\/renatodias.online\/movimento\/2021\/03\/20\/pt-sai-em-faixa-propria-na-corrida-a-casa-verde\/#primaryimage"},"thumbnailUrl":"https:\/\/renatodias.online\/movimento\/wp-content\/uploads\/2021\/03\/Rubens-Otoni-Gomide-e1707505206292.jpg","articleSection":["Pol\u00edtica"],"inLanguage":"pt-BR","potentialAction":[{"@type":"CommentAction","name":"Comment","target":["https:\/\/renatodias.online\/movimento\/2021\/03\/20\/pt-sai-em-faixa-propria-na-corrida-a-casa-verde\/#respond"]}]},{"@type":"WebPage","@id":"https:\/\/renatodias.online\/movimento\/2021\/03\/20\/pt-sai-em-faixa-propria-na-corrida-a-casa-verde\/","url":"https:\/\/renatodias.online\/movimento\/2021\/03\/20\/pt-sai-em-faixa-propria-na-corrida-a-casa-verde\/","name":"PT sai em \u2018faixa pr\u00f3pria\u2019 na corrida \u00e0 Casa Verde -","isPartOf":{"@id":"https:\/\/renatodias.online\/movimento\/#website"},"primaryImageOfPage":{"@id":"https:\/\/renatodias.online\/movimento\/2021\/03\/20\/pt-sai-em-faixa-propria-na-corrida-a-casa-verde\/#primaryimage"},"image":{"@id":"https:\/\/renatodias.online\/movimento\/2021\/03\/20\/pt-sai-em-faixa-propria-na-corrida-a-casa-verde\/#primaryimage"},"thumbnailUrl":"https:\/\/renatodias.online\/movimento\/wp-content\/uploads\/2021\/03\/Rubens-Otoni-Gomide-e1707505206292.jpg","datePublished":"2021-03-21T01:01:35+00:00","dateModified":"2021-03-21T02:38:07+00:00","breadcrumb":{"@id":"https:\/\/renatodias.online\/movimento\/2021\/03\/20\/pt-sai-em-faixa-propria-na-corrida-a-casa-verde\/#breadcrumb"},"inLanguage":"pt-BR","potentialAction":[{"@type":"ReadAction","target":["https:\/\/renatodias.online\/movimento\/2021\/03\/20\/pt-sai-em-faixa-propria-na-corrida-a-casa-verde\/"]}]},{"@type":"ImageObject","inLanguage":"pt-BR","@id":"https:\/\/renatodias.online\/movimento\/2021\/03\/20\/pt-sai-em-faixa-propria-na-corrida-a-casa-verde\/#primaryimage","url":"https:\/\/renatodias.online\/movimento\/wp-content\/uploads\/2021\/03\/Rubens-Otoni-Gomide-e1707505206292.jpg","contentUrl":"https:\/\/renatodias.online\/movimento\/wp-content\/uploads\/2021\/03\/Rubens-Otoni-Gomide-e1707505206292.jpg","width":400,"height":400,"caption":"Rubens Otoni"},{"@type":"BreadcrumbList","@id":"https:\/\/renatodias.online\/movimento\/2021\/03\/20\/pt-sai-em-faixa-propria-na-corrida-a-casa-verde\/#breadcrumb","itemListElement":[{"@type":"ListItem","position":1,"name":"In\u00edcio","item":"https:\/\/renatodias.online\/movimento\/"},{"@type":"ListItem","position":2,"name":"PT sai em \u2018faixa pr\u00f3pria\u2019 na corrida \u00e0 Casa Verde"}]},{"@type":"WebSite","@id":"https:\/\/renatodias.online\/movimento\/#website","url":"https:\/\/renatodias.online\/movimento\/","name":"","description":"","publisher":{"@id":"https:\/\/renatodias.online\/movimento\/#\/schema\/person\/bbab28833b1725a20f4083f49f1fb2a9"},"potentialAction":[{"@type":"SearchAction","target":{"@type":"EntryPoint","urlTemplate":"https:\/\/renatodias.online\/movimento\/?s={search_term_string}"},"query-input":{"@type":"PropertyValueSpecification","valueRequired":true,"valueName":"search_term_string"}}],"inLanguage":"pt-BR"},{"@type":["Person","Organization"],"@id":"https:\/\/renatodias.online\/movimento\/#\/schema\/person\/bbab28833b1725a20f4083f49f1fb2a9","name":"Renato Dias","image":{"@type":"ImageObject","inLanguage":"pt-BR","@id":"https:\/\/renatodias.online\/movimento\/wp-content\/uploads\/2023\/03\/cropped-cropped-cropped-logofinal.jpeg","url":"https:\/\/renatodias.online\/movimento\/wp-content\/uploads\/2023\/03\/cropped-cropped-cropped-logofinal.jpeg","contentUrl":"https:\/\/renatodias.online\/movimento\/wp-content\/uploads\/2023\/03\/cropped-cropped-cropped-logofinal.jpeg","width":1280,"height":219,"caption":"Renato Dias"},"logo":{"@id":"https:\/\/renatodias.online\/movimento\/wp-content\/uploads\/2023\/03\/cropped-cropped-cropped-logofinal.jpeg"},"description":"Renato Dias, 58 anos, \u00e9 graduado em Jornalismo, formado em Ci\u00eancias Sociais, com p\u00f3s-gradua\u00e7\u00e3o em Pol\u00edticas P\u00fablicas, mestre em Direito e Rela\u00e7\u00f5es Internacionais, ex-aluno extraordin\u00e1rio do Doutorado em Psicologia Social, ex-estudante do Curso de Psican\u00e1lise do Centro de Estudos Psicanal\u00edticos do Estado de Goi\u00e1s, ministrado pelo m\u00e9dico psiquiatra e psicanalista Daniel Em\u00eddio de Souza. \u00c9 autor de 30 livros-reportagem, oito document\u00e1rios, ganhou 30 pr\u00eamios e \u00e9 torcedor apaixonado do maior do Centro-Oeste, o Vila Nova Futebol Clube. Casado com Meirilane Dias, \u00e9 pai de Juliana Dias, jornalista; Daniel Dias, economista; e Maria Rosa Dias, estudante antifascista, socialista e trotskista.\u00a0Com tr\u00eas pets: Porquinho [Bull Dog Franc\u00eas], Dalila [Basset Hound] e Geleia [Basset Hound]. Al\u00e9m do eterno gato Tutuquinho, que virou estrela.","sameAs":["https:\/\/www.facebook.com\/renato.dias.37","#breve","https:\/\/renatodias.tumblr.com\/"],"url":"https:\/\/renatodias.online\/movimento\/author\/renatodias\/"}]}},"_links":{"self":[{"href":"https:\/\/renatodias.online\/movimento\/wp-json\/wp\/v2\/posts\/5503","targetHints":{"allow":["GET"]}}],"collection":[{"href":"https:\/\/renatodias.online\/movimento\/wp-json\/wp\/v2\/posts"}],"about":[{"href":"https:\/\/renatodias.online\/movimento\/wp-json\/wp\/v2\/types\/post"}],"author":[{"embeddable":true,"href":"https:\/\/renatodias.online\/movimento\/wp-json\/wp\/v2\/users\/2"}],"replies":[{"embeddable":true,"href":"https:\/\/renatodias.online\/movimento\/wp-json\/wp\/v2\/comments?post=5503"}],"version-history":[{"count":3,"href":"https:\/\/renatodias.online\/movimento\/wp-json\/wp\/v2\/posts\/5503\/revisions"}],"predecessor-version":[{"id":5559,"href":"https:\/\/renatodias.online\/movimento\/wp-json\/wp\/v2\/posts\/5503\/revisions\/5559"}],"wp:featuredmedia":[{"embeddable":true,"href":"https:\/\/renatodias.online\/movimento\/wp-json\/wp\/v2\/media\/5504"}],"wp:attachment":[{"href":"https:\/\/renatodias.online\/movimento\/wp-json\/wp\/v2\/media?parent=5503"}],"wp:term":[{"taxonomy":"category","embeddable":true,"href":"https:\/\/renatodias.online\/movimento\/wp-json\/wp\/v2\/categories?post=5503"},{"taxonomy":"post_tag","embeddable":true,"href":"https:\/\/renatodias.online\/movimento\/wp-json\/wp\/v2\/tags?post=5503"}],"curies":[{"name":"wp","href":"https:\/\/api.w.org\/{rel}","templated":true}]}}