{"id":5443,"date":"2021-03-17T18:40:20","date_gmt":"2021-03-17T21:40:20","guid":{"rendered":"https:\/\/renatodias.online\/movimento\/?p=5443"},"modified":"2021-03-17T20:55:47","modified_gmt":"2021-03-17T23:55:47","slug":"tucanos-contra-bolsonaro","status":"publish","type":"post","link":"https:\/\/renatodias.online\/movimento\/2021\/03\/17\/tucanos-contra-bolsonaro\/","title":{"rendered":"Tucanos contra Bolsonaro?"},"content":{"rendered":"<p><img loading=\"lazy\" decoding=\"async\" class=\"aligncenter size-full wp-image-5267\" src=\"https:\/\/renatodias.online\/movimento\/wp-content\/uploads\/2021\/02\/WhatsApp-Image-2021-02-25-at-21.24.17.jpeg\" alt=\"\" width=\"650\" height=\"350\" \/><\/p>\n<p><span style=\"color: #ff0000;\"><strong>Sociologia Pol\u00edtica<\/strong><\/span><\/p>\n<p><strong>\u00a0<\/strong><\/p>\n<h1><strong>Tucanos contra Bolsonaro?<\/strong><\/h1>\n<p>&nbsp;<\/p>\n<p><strong>O que pensam o soci\u00f3logo Fernando Henrique, o ex-presidente do Detran Guilherme de Freitas, o ex-deputado estadual Jardel Sebba e o historiador Frederico Vitor de Oliveira<\/strong><\/p>\n<p><strong>\u00a0<\/strong><strong>\u00a0<\/strong><\/p>\n<p><strong>Podcasts<\/strong><\/p>\n<p><strong>\u00a0Jardel Sebba<\/strong><\/p>\n<!--[if lt IE 9]><script>document.createElement('audio');<\/script><![endif]-->\n<audio class=\"wp-audio-shortcode\" id=\"audio-5443-1\" preload=\"none\" style=\"width: 100%;\" controls=\"controls\"><source type=\"audio\/ogg\" src=\"https:\/\/renatodias.online\/movimento\/wp-content\/uploads\/2021\/03\/Jardel-Sebba-1.ogg?_=1\" \/><a href=\"https:\/\/renatodias.online\/movimento\/wp-content\/uploads\/2021\/03\/Jardel-Sebba-1.ogg\">https:\/\/renatodias.online\/movimento\/wp-content\/uploads\/2021\/03\/Jardel-Sebba-1.ogg<\/a><\/audio>\n<p>&nbsp;<\/p>\n<p><strong>Frederico Vitor de Oliveira<\/strong><\/p>\n<audio class=\"wp-audio-shortcode\" id=\"audio-5443-2\" preload=\"none\" style=\"width: 100%;\" controls=\"controls\"><source type=\"audio\/ogg\" src=\"https:\/\/renatodias.online\/movimento\/wp-content\/uploads\/2021\/03\/Frederico-Vitor-de-Oliveira.ogg?_=2\" \/><a href=\"https:\/\/renatodias.online\/movimento\/wp-content\/uploads\/2021\/03\/Frederico-Vitor-de-Oliveira.ogg\">https:\/\/renatodias.online\/movimento\/wp-content\/uploads\/2021\/03\/Frederico-Vitor-de-Oliveira.ogg<\/a><\/audio>\n<p><strong>\u00a0<\/strong><\/p>\n<p><strong>\u00a0<\/strong><\/p>\n<p><strong>Renato Dias<\/strong><\/p>\n<p>Or\u00e1culo dos conglomerados de comunica\u00e7\u00e3o, o soci\u00f3logo <strong>Fernando Henrique Cardoso<\/strong>, ex &#8211; presidente da Rep\u00fablica [1995-1998 e 1999-2002], \u00e9 refer\u00eancia, hoje, para o ex &#8211; presidente do Detran [GO] <strong>Guilherme Freitas Souza<\/strong>. Arquiteto e urbanista. Especialista em Planejamento Urba\u00adno. Neto do primeiro prefeito de Goi\u00e2nia, <strong>Venerando de Freitas<\/strong>. O \u00faltimo dos l\u00faci\u00addos a protagonizar o papel de inquilino do Pal\u00e1cio do Planalto, define &#8211; o. Concordo, ele sublinha.<\/p>\n<figure id=\"attachment_5445\" aria-describedby=\"caption-attachment-5445\" style=\"width: 1024px\" class=\"wp-caption aligncenter\"><img loading=\"lazy\" decoding=\"async\" class=\"size-large wp-image-5445\" src=\"https:\/\/renatodias.online\/movimento\/wp-content\/uploads\/2021\/03\/Guilherme-de-Freitas-FHC-1024x576.jpg\" alt=\"Guilherme Freitas\" width=\"1024\" height=\"576\" srcset=\"https:\/\/renatodias.online\/movimento\/wp-content\/uploads\/2021\/03\/Guilherme-de-Freitas-FHC-1024x576.jpg 1024w, https:\/\/renatodias.online\/movimento\/wp-content\/uploads\/2021\/03\/Guilherme-de-Freitas-FHC-300x169.jpg 300w, https:\/\/renatodias.online\/movimento\/wp-content\/uploads\/2021\/03\/Guilherme-de-Freitas-FHC-768x432.jpg 768w, https:\/\/renatodias.online\/movimento\/wp-content\/uploads\/2021\/03\/Guilherme-de-Freitas-FHC-750x422.jpg 750w, https:\/\/renatodias.online\/movimento\/wp-content\/uploads\/2021\/03\/Guilherme-de-Freitas-FHC.jpg 1280w\" sizes=\"auto, (max-width: 1024px) 100vw, 1024px\" \/><figcaption id=\"caption-attachment-5445\" class=\"wp-caption-text\">Guilherme Freitas<\/figcaption><\/figure>\n<p>Fernando Henrique Cardoso _ FHC_ \u00a0\u00a0diz que o ex &#8211; oper\u00e1rio metal\u00fargico <strong>Luiz In\u00e1cio Lula da Silva [PT]<\/strong> estaria, hoje, calejado pela vida, e afirma que tanto a sua gest\u00e3o, de 2003 a 2006 e de 2007 a 2010, quanto a de Dilma Rousseff, de 2011 a 2014 e de 2015 a 2016, teriam sido muito <strong>menos nocivas<\/strong> <strong>ao Brasil<\/strong>. Em compara\u00e7\u00e3o a de <strong>Jair Bolsonaro<\/strong>. Ele optaria, em eventual segundo turno, nas urnas eletr\u00f4nicas de 2022, contra o capit\u00e3o reformado e votaria no petista.<\/p>\n<figure id=\"attachment_5446\" aria-describedby=\"caption-attachment-5446\" style=\"width: 512px\" class=\"wp-caption aligncenter\"><img loading=\"lazy\" decoding=\"async\" class=\"size-full wp-image-5446\" src=\"https:\/\/renatodias.online\/movimento\/wp-content\/uploads\/2021\/03\/Jardel-Sebba-FHC.jpg\" alt=\"Jardel Sebba\" width=\"512\" height=\"340\" \/><figcaption id=\"caption-attachment-5446\" class=\"wp-caption-text\">Jardel Sebba<\/figcaption><\/figure>\n<p>Com a ado\u00e7\u00e3o do Plano Real, FHC\u00a0 estabilizou a economia nacional, fuzila <strong>Jardel Sebba<\/strong>. Ex &#8211; presidente da Assembleia Legislativa por tr\u00eas vezes, o cardeal tucano lembra que o soci\u00f3logo estaria supostamente debilitado pela idade avan\u00e7ada, \u00e9 advers\u00e1rio interno de <strong>Jo\u00e3o D\u00f3ria [SP]<\/strong>, quer agradar dois blocos antag\u00f4nicos, o que, na Pol\u00edtica, \u00e9 imposs\u00edvel. <strong>Jair Bolsonaro<\/strong> \u00e9 um de\u00adsas\u00adtre sob a <strong>Pandemia<\/strong>, impede atos de corrup\u00e7\u00e3o e o <strong>PT teria montado uma <\/strong><strong>\u2018<\/strong><strong>quadrilha<\/strong><strong>\u2019<\/strong>, frisa<\/p>\n<figure id=\"attachment_5447\" aria-describedby=\"caption-attachment-5447\" style=\"width: 556px\" class=\"wp-caption aligncenter\"><img loading=\"lazy\" decoding=\"async\" class=\"size-full wp-image-5447\" src=\"https:\/\/renatodias.online\/movimento\/wp-content\/uploads\/2021\/03\/Frederico-Vitor-de-Oliveira-FHC.jpg\" alt=\"Frederico Vitor de Oliveira\" width=\"556\" height=\"551\" srcset=\"https:\/\/renatodias.online\/movimento\/wp-content\/uploads\/2021\/03\/Frederico-Vitor-de-Oliveira-FHC.jpg 556w, https:\/\/renatodias.online\/movimento\/wp-content\/uploads\/2021\/03\/Frederico-Vitor-de-Oliveira-FHC-300x297.jpg 300w, https:\/\/renatodias.online\/movimento\/wp-content\/uploads\/2021\/03\/Frederico-Vitor-de-Oliveira-FHC-150x150.jpg 150w\" sizes=\"auto, (max-width: 556px) 100vw, 556px\" \/><figcaption id=\"caption-attachment-5447\" class=\"wp-caption-text\">Frederico Vitor de Oliveira<\/figcaption><\/figure>\n<p><strong>An\u00e1lise pol\u00edtica<\/strong><\/p>\n<p>PSDB e PT podem construir uma agenda consenso, admite o historiador, de verniz marxista, longe da \u2018Hist\u00f3ria Cultural\u2019, graduado em Jornalismo, especialista em \u2018New Jornalismo\u2019 e em Geopol\u00edtica, <strong>Frederico Vitor de Oliveira<\/strong>. Uma frente contra a escalada autorit\u00e1ria em curso acelerado no Brasil, metralha. Jair Bolsonaro quer replicar as experi\u00eancias da Hungria, Pol\u00f4nia, Turquia e R\u00fassia no Brasil, atira. Com suporte das For\u00e7as Armadas, explica o analista de cen\u00e1rio<\/p>\n<table>\n<tbody>\n<tr>\n<td><\/td>\n<td><\/td>\n<\/tr>\n<\/tbody>\n<\/table>\n","protected":false},"excerpt":{"rendered":"<p>Sociologia Pol\u00edtica \u00a0 Tucanos contra Bolsonaro? &nbsp; O que pensam o soci\u00f3logo Fernando Henrique, o ex-presidente do Detran Guilherme de Freitas, o ex-deputado estadual Jardel Sebba e o historiador Frederico Vitor de Oliveira \u00a0\u00a0 Podcasts \u00a0Jardel Sebba &nbsp; Frederico Vitor de Oliveira \u00a0 \u00a0 Renato Dias Or\u00e1culo dos conglomerados de comunica\u00e7\u00e3o, o soci\u00f3logo Fernando Henrique<\/p>\n","protected":false},"author":2,"featured_media":5444,"comment_status":"open","ping_status":"open","sticky":false,"template":"","format":"standard","meta":{"_acf_changed":false,"_monsterinsights_skip_tracking":false,"_monsterinsights_sitenote_active":false,"_monsterinsights_sitenote_note":"","_monsterinsights_sitenote_category":0,"footnotes":""},"categories":[4],"tags":[],"class_list":["post-5443","post","type-post","status-publish","format-standard","has-post-thumbnail","hentry","category-politica"],"acf":[],"yoast_head":"<!-- This site is optimized with the Yoast SEO plugin v27.4 - https:\/\/yoast.com\/product\/yoast-seo-wordpress\/ -->\n<title>Tucanos contra Bolsonaro? -<\/title>\n<meta name=\"robots\" content=\"index, follow, max-snippet:-1, max-image-preview:large, max-video-preview:-1\" \/>\n<link rel=\"canonical\" href=\"https:\/\/renatodias.online\/movimento\/2021\/03\/17\/tucanos-contra-bolsonaro\/\" \/>\n<meta property=\"og:locale\" content=\"pt_BR\" \/>\n<meta property=\"og:type\" content=\"article\" \/>\n<meta property=\"og:title\" content=\"Tucanos contra Bolsonaro? -\" \/>\n<meta property=\"og:description\" content=\"Sociologia Pol\u00edtica \u00a0 Tucanos contra Bolsonaro? &nbsp; O que pensam o soci\u00f3logo Fernando Henrique, o ex-presidente do Detran Guilherme de Freitas, o ex-deputado estadual Jardel Sebba e o historiador Frederico Vitor de Oliveira \u00a0\u00a0 Podcasts \u00a0Jardel Sebba &nbsp; Frederico Vitor de Oliveira \u00a0 \u00a0 Renato Dias Or\u00e1culo dos conglomerados de comunica\u00e7\u00e3o, o soci\u00f3logo Fernando Henrique\" \/>\n<meta property=\"og:url\" content=\"https:\/\/renatodias.online\/movimento\/2021\/03\/17\/tucanos-contra-bolsonaro\/\" \/>\n<meta property=\"article:publisher\" content=\"https:\/\/www.facebook.com\/renato.dias.37\" \/>\n<meta property=\"article:author\" content=\"https:\/\/www.facebook.com\/renato.dias.37\" \/>\n<meta property=\"article:published_time\" content=\"2021-03-17T21:40:20+00:00\" \/>\n<meta property=\"article:modified_time\" content=\"2021-03-17T23:55:47+00:00\" \/>\n<meta property=\"og:image\" content=\"https:\/\/renatodias.online\/movimento\/wp-content\/uploads\/2021\/03\/Caricatura-de-FHC-e-Lula.jpg\" \/>\n\t<meta property=\"og:image:width\" content=\"591\" \/>\n\t<meta property=\"og:image:height\" content=\"392\" \/>\n\t<meta property=\"og:image:type\" content=\"image\/jpeg\" \/>\n<meta name=\"author\" content=\"Renato Dias\" \/>\n<meta name=\"twitter:card\" content=\"summary_large_image\" \/>\n<meta name=\"twitter:creator\" content=\"@RenatoDiasBat\" \/>\n<meta name=\"twitter:site\" content=\"@RenatoDiasBat\" \/>\n<meta name=\"twitter:label1\" content=\"Escrito por\" \/>\n\t<meta name=\"twitter:data1\" content=\"Renato Dias\" \/>\n\t<meta name=\"twitter:label2\" content=\"Est. tempo de leitura\" \/>\n\t<meta name=\"twitter:data2\" content=\"2 minutos\" \/>\n<script type=\"application\/ld+json\" class=\"yoast-schema-graph\">{\"@context\":\"https:\\\/\\\/schema.org\",\"@graph\":[{\"@type\":\"Article\",\"@id\":\"https:\\\/\\\/renatodias.online\\\/movimento\\\/2021\\\/03\\\/17\\\/tucanos-contra-bolsonaro\\\/#article\",\"isPartOf\":{\"@id\":\"https:\\\/\\\/renatodias.online\\\/movimento\\\/2021\\\/03\\\/17\\\/tucanos-contra-bolsonaro\\\/\"},\"author\":{\"name\":\"Renato Dias\",\"@id\":\"https:\\\/\\\/renatodias.online\\\/movimento\\\/#\\\/schema\\\/person\\\/bbab28833b1725a20f4083f49f1fb2a9\"},\"headline\":\"Tucanos contra Bolsonaro?\",\"datePublished\":\"2021-03-17T21:40:20+00:00\",\"dateModified\":\"2021-03-17T23:55:47+00:00\",\"mainEntityOfPage\":{\"@id\":\"https:\\\/\\\/renatodias.online\\\/movimento\\\/2021\\\/03\\\/17\\\/tucanos-contra-bolsonaro\\\/\"},\"wordCount\":422,\"commentCount\":0,\"publisher\":{\"@id\":\"https:\\\/\\\/renatodias.online\\\/movimento\\\/#\\\/schema\\\/person\\\/bbab28833b1725a20f4083f49f1fb2a9\"},\"image\":{\"@id\":\"https:\\\/\\\/renatodias.online\\\/movimento\\\/2021\\\/03\\\/17\\\/tucanos-contra-bolsonaro\\\/#primaryimage\"},\"thumbnailUrl\":\"https:\\\/\\\/renatodias.online\\\/movimento\\\/wp-content\\\/uploads\\\/2021\\\/03\\\/Caricatura-de-FHC-e-Lula.jpg\",\"articleSection\":[\"Pol\u00edtica\"],\"inLanguage\":\"pt-BR\",\"potentialAction\":[{\"@type\":\"CommentAction\",\"name\":\"Comment\",\"target\":[\"https:\\\/\\\/renatodias.online\\\/movimento\\\/2021\\\/03\\\/17\\\/tucanos-contra-bolsonaro\\\/#respond\"]}]},{\"@type\":\"WebPage\",\"@id\":\"https:\\\/\\\/renatodias.online\\\/movimento\\\/2021\\\/03\\\/17\\\/tucanos-contra-bolsonaro\\\/\",\"url\":\"https:\\\/\\\/renatodias.online\\\/movimento\\\/2021\\\/03\\\/17\\\/tucanos-contra-bolsonaro\\\/\",\"name\":\"Tucanos contra Bolsonaro? -\",\"isPartOf\":{\"@id\":\"https:\\\/\\\/renatodias.online\\\/movimento\\\/#website\"},\"primaryImageOfPage\":{\"@id\":\"https:\\\/\\\/renatodias.online\\\/movimento\\\/2021\\\/03\\\/17\\\/tucanos-contra-bolsonaro\\\/#primaryimage\"},\"image\":{\"@id\":\"https:\\\/\\\/renatodias.online\\\/movimento\\\/2021\\\/03\\\/17\\\/tucanos-contra-bolsonaro\\\/#primaryimage\"},\"thumbnailUrl\":\"https:\\\/\\\/renatodias.online\\\/movimento\\\/wp-content\\\/uploads\\\/2021\\\/03\\\/Caricatura-de-FHC-e-Lula.jpg\",\"datePublished\":\"2021-03-17T21:40:20+00:00\",\"dateModified\":\"2021-03-17T23:55:47+00:00\",\"breadcrumb\":{\"@id\":\"https:\\\/\\\/renatodias.online\\\/movimento\\\/2021\\\/03\\\/17\\\/tucanos-contra-bolsonaro\\\/#breadcrumb\"},\"inLanguage\":\"pt-BR\",\"potentialAction\":[{\"@type\":\"ReadAction\",\"target\":[\"https:\\\/\\\/renatodias.online\\\/movimento\\\/2021\\\/03\\\/17\\\/tucanos-contra-bolsonaro\\\/\"]}]},{\"@type\":\"ImageObject\",\"inLanguage\":\"pt-BR\",\"@id\":\"https:\\\/\\\/renatodias.online\\\/movimento\\\/2021\\\/03\\\/17\\\/tucanos-contra-bolsonaro\\\/#primaryimage\",\"url\":\"https:\\\/\\\/renatodias.online\\\/movimento\\\/wp-content\\\/uploads\\\/2021\\\/03\\\/Caricatura-de-FHC-e-Lula.jpg\",\"contentUrl\":\"https:\\\/\\\/renatodias.online\\\/movimento\\\/wp-content\\\/uploads\\\/2021\\\/03\\\/Caricatura-de-FHC-e-Lula.jpg\",\"width\":591,\"height\":392,\"caption\":\"Fernando Henrique Cardoso e Luiz In\u00e1cio Lula da Silva - caricatura\"},{\"@type\":\"BreadcrumbList\",\"@id\":\"https:\\\/\\\/renatodias.online\\\/movimento\\\/2021\\\/03\\\/17\\\/tucanos-contra-bolsonaro\\\/#breadcrumb\",\"itemListElement\":[{\"@type\":\"ListItem\",\"position\":1,\"name\":\"In\u00edcio\",\"item\":\"https:\\\/\\\/renatodias.online\\\/movimento\\\/\"},{\"@type\":\"ListItem\",\"position\":2,\"name\":\"Tucanos contra Bolsonaro?\"}]},{\"@type\":\"WebSite\",\"@id\":\"https:\\\/\\\/renatodias.online\\\/movimento\\\/#website\",\"url\":\"https:\\\/\\\/renatodias.online\\\/movimento\\\/\",\"name\":\"\",\"description\":\"\",\"publisher\":{\"@id\":\"https:\\\/\\\/renatodias.online\\\/movimento\\\/#\\\/schema\\\/person\\\/bbab28833b1725a20f4083f49f1fb2a9\"},\"potentialAction\":[{\"@type\":\"SearchAction\",\"target\":{\"@type\":\"EntryPoint\",\"urlTemplate\":\"https:\\\/\\\/renatodias.online\\\/movimento\\\/?s={search_term_string}\"},\"query-input\":{\"@type\":\"PropertyValueSpecification\",\"valueRequired\":true,\"valueName\":\"search_term_string\"}}],\"inLanguage\":\"pt-BR\"},{\"@type\":[\"Person\",\"Organization\"],\"@id\":\"https:\\\/\\\/renatodias.online\\\/movimento\\\/#\\\/schema\\\/person\\\/bbab28833b1725a20f4083f49f1fb2a9\",\"name\":\"Renato Dias\",\"image\":{\"@type\":\"ImageObject\",\"inLanguage\":\"pt-BR\",\"@id\":\"https:\\\/\\\/renatodias.online\\\/movimento\\\/wp-content\\\/uploads\\\/2023\\\/03\\\/cropped-cropped-cropped-logofinal.jpeg\",\"url\":\"https:\\\/\\\/renatodias.online\\\/movimento\\\/wp-content\\\/uploads\\\/2023\\\/03\\\/cropped-cropped-cropped-logofinal.jpeg\",\"contentUrl\":\"https:\\\/\\\/renatodias.online\\\/movimento\\\/wp-content\\\/uploads\\\/2023\\\/03\\\/cropped-cropped-cropped-logofinal.jpeg\",\"width\":1280,\"height\":219,\"caption\":\"Renato Dias\"},\"logo\":{\"@id\":\"https:\\\/\\\/renatodias.online\\\/movimento\\\/wp-content\\\/uploads\\\/2023\\\/03\\\/cropped-cropped-cropped-logofinal.jpeg\"},\"description\":\"Renato Dias, 58 anos, \u00e9 graduado em Jornalismo, formado em Ci\u00eancias Sociais, com p\u00f3s-gradua\u00e7\u00e3o em Pol\u00edticas P\u00fablicas, mestre em Direito e Rela\u00e7\u00f5es Internacionais, ex-aluno extraordin\u00e1rio do Doutorado em Psicologia Social, ex-estudante do Curso de Psican\u00e1lise do Centro de Estudos Psicanal\u00edticos do Estado de Goi\u00e1s, ministrado pelo m\u00e9dico psiquiatra e psicanalista Daniel Em\u00eddio de Souza. \u00c9 autor de 30 livros-reportagem, oito document\u00e1rios, ganhou 30 pr\u00eamios e \u00e9 torcedor apaixonado do maior do Centro-Oeste, o Vila Nova Futebol Clube. Casado com Meirilane Dias, \u00e9 pai de Juliana Dias, jornalista; Daniel Dias, economista; e Maria Rosa Dias, estudante antifascista, socialista e trotskista.\u00a0Com tr\u00eas pets: Porquinho [Bull Dog Franc\u00eas], Dalila [Basset Hound] e Geleia [Basset Hound]. Al\u00e9m do eterno gato Tutuquinho, que virou estrela.\",\"sameAs\":[\"https:\\\/\\\/www.facebook.com\\\/renato.dias.37\",\"#breve\",\"https:\\\/\\\/renatodias.tumblr.com\\\/\"],\"url\":\"https:\\\/\\\/renatodias.online\\\/movimento\\\/author\\\/renatodias\\\/\"}]}<\/script>\n<!-- \/ Yoast SEO plugin. -->","yoast_head_json":{"title":"Tucanos contra Bolsonaro? -","robots":{"index":"index","follow":"follow","max-snippet":"max-snippet:-1","max-image-preview":"max-image-preview:large","max-video-preview":"max-video-preview:-1"},"canonical":"https:\/\/renatodias.online\/movimento\/2021\/03\/17\/tucanos-contra-bolsonaro\/","og_locale":"pt_BR","og_type":"article","og_title":"Tucanos contra Bolsonaro? -","og_description":"Sociologia Pol\u00edtica \u00a0 Tucanos contra Bolsonaro? &nbsp; O que pensam o soci\u00f3logo Fernando Henrique, o ex-presidente do Detran Guilherme de Freitas, o ex-deputado estadual Jardel Sebba e o historiador Frederico Vitor de Oliveira \u00a0\u00a0 Podcasts \u00a0Jardel Sebba &nbsp; Frederico Vitor de Oliveira \u00a0 \u00a0 Renato Dias Or\u00e1culo dos conglomerados de comunica\u00e7\u00e3o, o soci\u00f3logo Fernando Henrique","og_url":"https:\/\/renatodias.online\/movimento\/2021\/03\/17\/tucanos-contra-bolsonaro\/","article_publisher":"https:\/\/www.facebook.com\/renato.dias.37","article_author":"https:\/\/www.facebook.com\/renato.dias.37","article_published_time":"2021-03-17T21:40:20+00:00","article_modified_time":"2021-03-17T23:55:47+00:00","og_image":[{"width":591,"height":392,"url":"https:\/\/renatodias.online\/movimento\/wp-content\/uploads\/2021\/03\/Caricatura-de-FHC-e-Lula.jpg","type":"image\/jpeg"}],"author":"Renato Dias","twitter_card":"summary_large_image","twitter_creator":"@RenatoDiasBat","twitter_site":"@RenatoDiasBat","twitter_misc":{"Escrito por":"Renato Dias","Est. tempo de leitura":"2 minutos"},"schema":{"@context":"https:\/\/schema.org","@graph":[{"@type":"Article","@id":"https:\/\/renatodias.online\/movimento\/2021\/03\/17\/tucanos-contra-bolsonaro\/#article","isPartOf":{"@id":"https:\/\/renatodias.online\/movimento\/2021\/03\/17\/tucanos-contra-bolsonaro\/"},"author":{"name":"Renato Dias","@id":"https:\/\/renatodias.online\/movimento\/#\/schema\/person\/bbab28833b1725a20f4083f49f1fb2a9"},"headline":"Tucanos contra Bolsonaro?","datePublished":"2021-03-17T21:40:20+00:00","dateModified":"2021-03-17T23:55:47+00:00","mainEntityOfPage":{"@id":"https:\/\/renatodias.online\/movimento\/2021\/03\/17\/tucanos-contra-bolsonaro\/"},"wordCount":422,"commentCount":0,"publisher":{"@id":"https:\/\/renatodias.online\/movimento\/#\/schema\/person\/bbab28833b1725a20f4083f49f1fb2a9"},"image":{"@id":"https:\/\/renatodias.online\/movimento\/2021\/03\/17\/tucanos-contra-bolsonaro\/#primaryimage"},"thumbnailUrl":"https:\/\/renatodias.online\/movimento\/wp-content\/uploads\/2021\/03\/Caricatura-de-FHC-e-Lula.jpg","articleSection":["Pol\u00edtica"],"inLanguage":"pt-BR","potentialAction":[{"@type":"CommentAction","name":"Comment","target":["https:\/\/renatodias.online\/movimento\/2021\/03\/17\/tucanos-contra-bolsonaro\/#respond"]}]},{"@type":"WebPage","@id":"https:\/\/renatodias.online\/movimento\/2021\/03\/17\/tucanos-contra-bolsonaro\/","url":"https:\/\/renatodias.online\/movimento\/2021\/03\/17\/tucanos-contra-bolsonaro\/","name":"Tucanos contra Bolsonaro? -","isPartOf":{"@id":"https:\/\/renatodias.online\/movimento\/#website"},"primaryImageOfPage":{"@id":"https:\/\/renatodias.online\/movimento\/2021\/03\/17\/tucanos-contra-bolsonaro\/#primaryimage"},"image":{"@id":"https:\/\/renatodias.online\/movimento\/2021\/03\/17\/tucanos-contra-bolsonaro\/#primaryimage"},"thumbnailUrl":"https:\/\/renatodias.online\/movimento\/wp-content\/uploads\/2021\/03\/Caricatura-de-FHC-e-Lula.jpg","datePublished":"2021-03-17T21:40:20+00:00","dateModified":"2021-03-17T23:55:47+00:00","breadcrumb":{"@id":"https:\/\/renatodias.online\/movimento\/2021\/03\/17\/tucanos-contra-bolsonaro\/#breadcrumb"},"inLanguage":"pt-BR","potentialAction":[{"@type":"ReadAction","target":["https:\/\/renatodias.online\/movimento\/2021\/03\/17\/tucanos-contra-bolsonaro\/"]}]},{"@type":"ImageObject","inLanguage":"pt-BR","@id":"https:\/\/renatodias.online\/movimento\/2021\/03\/17\/tucanos-contra-bolsonaro\/#primaryimage","url":"https:\/\/renatodias.online\/movimento\/wp-content\/uploads\/2021\/03\/Caricatura-de-FHC-e-Lula.jpg","contentUrl":"https:\/\/renatodias.online\/movimento\/wp-content\/uploads\/2021\/03\/Caricatura-de-FHC-e-Lula.jpg","width":591,"height":392,"caption":"Fernando Henrique Cardoso e Luiz In\u00e1cio Lula da Silva - caricatura"},{"@type":"BreadcrumbList","@id":"https:\/\/renatodias.online\/movimento\/2021\/03\/17\/tucanos-contra-bolsonaro\/#breadcrumb","itemListElement":[{"@type":"ListItem","position":1,"name":"In\u00edcio","item":"https:\/\/renatodias.online\/movimento\/"},{"@type":"ListItem","position":2,"name":"Tucanos contra Bolsonaro?"}]},{"@type":"WebSite","@id":"https:\/\/renatodias.online\/movimento\/#website","url":"https:\/\/renatodias.online\/movimento\/","name":"","description":"","publisher":{"@id":"https:\/\/renatodias.online\/movimento\/#\/schema\/person\/bbab28833b1725a20f4083f49f1fb2a9"},"potentialAction":[{"@type":"SearchAction","target":{"@type":"EntryPoint","urlTemplate":"https:\/\/renatodias.online\/movimento\/?s={search_term_string}"},"query-input":{"@type":"PropertyValueSpecification","valueRequired":true,"valueName":"search_term_string"}}],"inLanguage":"pt-BR"},{"@type":["Person","Organization"],"@id":"https:\/\/renatodias.online\/movimento\/#\/schema\/person\/bbab28833b1725a20f4083f49f1fb2a9","name":"Renato Dias","image":{"@type":"ImageObject","inLanguage":"pt-BR","@id":"https:\/\/renatodias.online\/movimento\/wp-content\/uploads\/2023\/03\/cropped-cropped-cropped-logofinal.jpeg","url":"https:\/\/renatodias.online\/movimento\/wp-content\/uploads\/2023\/03\/cropped-cropped-cropped-logofinal.jpeg","contentUrl":"https:\/\/renatodias.online\/movimento\/wp-content\/uploads\/2023\/03\/cropped-cropped-cropped-logofinal.jpeg","width":1280,"height":219,"caption":"Renato Dias"},"logo":{"@id":"https:\/\/renatodias.online\/movimento\/wp-content\/uploads\/2023\/03\/cropped-cropped-cropped-logofinal.jpeg"},"description":"Renato Dias, 58 anos, \u00e9 graduado em Jornalismo, formado em Ci\u00eancias Sociais, com p\u00f3s-gradua\u00e7\u00e3o em Pol\u00edticas P\u00fablicas, mestre em Direito e Rela\u00e7\u00f5es Internacionais, ex-aluno extraordin\u00e1rio do Doutorado em Psicologia Social, ex-estudante do Curso de Psican\u00e1lise do Centro de Estudos Psicanal\u00edticos do Estado de Goi\u00e1s, ministrado pelo m\u00e9dico psiquiatra e psicanalista Daniel Em\u00eddio de Souza. \u00c9 autor de 30 livros-reportagem, oito document\u00e1rios, ganhou 30 pr\u00eamios e \u00e9 torcedor apaixonado do maior do Centro-Oeste, o Vila Nova Futebol Clube. Casado com Meirilane Dias, \u00e9 pai de Juliana Dias, jornalista; Daniel Dias, economista; e Maria Rosa Dias, estudante antifascista, socialista e trotskista.\u00a0Com tr\u00eas pets: Porquinho [Bull Dog Franc\u00eas], Dalila [Basset Hound] e Geleia [Basset Hound]. Al\u00e9m do eterno gato Tutuquinho, que virou estrela.","sameAs":["https:\/\/www.facebook.com\/renato.dias.37","#breve","https:\/\/renatodias.tumblr.com\/"],"url":"https:\/\/renatodias.online\/movimento\/author\/renatodias\/"}]}},"_links":{"self":[{"href":"https:\/\/renatodias.online\/movimento\/wp-json\/wp\/v2\/posts\/5443","targetHints":{"allow":["GET"]}}],"collection":[{"href":"https:\/\/renatodias.online\/movimento\/wp-json\/wp\/v2\/posts"}],"about":[{"href":"https:\/\/renatodias.online\/movimento\/wp-json\/wp\/v2\/types\/post"}],"author":[{"embeddable":true,"href":"https:\/\/renatodias.online\/movimento\/wp-json\/wp\/v2\/users\/2"}],"replies":[{"embeddable":true,"href":"https:\/\/renatodias.online\/movimento\/wp-json\/wp\/v2\/comments?post=5443"}],"version-history":[{"count":5,"href":"https:\/\/renatodias.online\/movimento\/wp-json\/wp\/v2\/posts\/5443\/revisions"}],"predecessor-version":[{"id":5459,"href":"https:\/\/renatodias.online\/movimento\/wp-json\/wp\/v2\/posts\/5443\/revisions\/5459"}],"wp:featuredmedia":[{"embeddable":true,"href":"https:\/\/renatodias.online\/movimento\/wp-json\/wp\/v2\/media\/5444"}],"wp:attachment":[{"href":"https:\/\/renatodias.online\/movimento\/wp-json\/wp\/v2\/media?parent=5443"}],"wp:term":[{"taxonomy":"category","embeddable":true,"href":"https:\/\/renatodias.online\/movimento\/wp-json\/wp\/v2\/categories?post=5443"},{"taxonomy":"post_tag","embeddable":true,"href":"https:\/\/renatodias.online\/movimento\/wp-json\/wp\/v2\/tags?post=5443"}],"curies":[{"name":"wp","href":"https:\/\/api.w.org\/{rel}","templated":true}]}}