{"id":5316,"date":"2021-03-02T22:00:31","date_gmt":"2021-03-03T01:00:31","guid":{"rendered":"https:\/\/renatodias.online\/movimento\/?p=5316"},"modified":"2021-03-02T22:00:31","modified_gmt":"2021-03-03T01:00:31","slug":"francisco-junior-faz-lancamento-de-livro","status":"publish","type":"post","link":"https:\/\/renatodias.online\/movimento\/2021\/03\/02\/francisco-junior-faz-lancamento-de-livro\/","title":{"rendered":"Francisco J\u00fanior faz lan\u00e7amento de livro"},"content":{"rendered":"<p><span style=\"color: #ff0000;\"><strong>Al\u00e9m do tempo presente<\/strong><\/span><\/p>\n<h1><strong>Francisco J\u00fanior faz<\/strong><\/h1>\n<h1><strong>lan\u00e7amento de livro<\/strong><\/h1>\n<p><strong>Evento virtual ser\u00e1 realizado nesta quarta-feira, \u00e0s 17h. Direto da C\u00e2mara Federal<\/strong><\/p>\n<p>&nbsp;<\/p>\n<p><strong>Renato Dias<\/strong><\/p>\n<p>O deputado federal <strong>Francisco J\u00fanior<\/strong> [PSD-GO] lan\u00e7a, nesta quarta-feira, 3 de mar\u00e7o de 2021, o livro _ <strong>Cidades Inteligentes: Uma abordagem humana e sustent\u00e1vel<\/strong>.\u00a0 O evento \u00e9 virtual. Hor\u00e1rio: \u00e0s 17h. Direto de Bras\u00edlia [DF]. A capital da Rep\u00fablica.<\/p>\n<p><strong>Registro<\/strong><\/p>\n<p>A obra \u00e9 resultado de pesquisas de campo, abordagem multidisciplinar e an\u00e1lise com foco al\u00e9m do Tempo Presente. Ela aponta rumos. Para a elabora\u00e7\u00e3o de Pol\u00edticas P\u00fablicas \u00e0s cidades.\u00a0 Com tecnologia e capacita\u00e7\u00e3o das pessoas, explica o parlamentar.<\/p>\n<p>&nbsp;<\/p>\n<p><a rel=\"noopener\" href=\"https:\/\/renatodias.online\/movimento\/wp-content\/uploads\/2021\/03\/CONVITE-Francisco-Jr-convida-para-lanc\u0327amento-do-livro.pdf\" target=\"_blank\"><img loading=\"lazy\" decoding=\"async\" class=\"alignleft wp-image-5317\" src=\"https:\/\/renatodias.online\/movimento\/wp-content\/uploads\/2021\/03\/botao.png\" alt=\"\" width=\"343\" height=\"190\" srcset=\"https:\/\/renatodias.online\/movimento\/wp-content\/uploads\/2021\/03\/botao.png 477w, https:\/\/renatodias.online\/movimento\/wp-content\/uploads\/2021\/03\/botao-300x166.png 300w\" sizes=\"auto, (max-width: 343px) 100vw, 343px\" \/><\/a><\/p>\n","protected":false},"excerpt":{"rendered":"<p>Al\u00e9m do tempo presente Francisco J\u00fanior faz lan\u00e7amento de livro Evento virtual ser\u00e1 realizado nesta quarta-feira, \u00e0s 17h. Direto da C\u00e2mara Federal &nbsp; Renato Dias O deputado federal Francisco J\u00fanior [PSD-GO] lan\u00e7a, nesta quarta-feira, 3 de mar\u00e7o de 2021, o livro _ Cidades Inteligentes: Uma abordagem humana e sustent\u00e1vel.\u00a0 O evento \u00e9 virtual. Hor\u00e1rio: \u00e0s<\/p>\n","protected":false},"author":2,"featured_media":5318,"comment_status":"open","ping_status":"open","sticky":false,"template":"","format":"standard","meta":{"_acf_changed":false,"_monsterinsights_skip_tracking":false,"_monsterinsights_sitenote_active":false,"_monsterinsights_sitenote_note":"","_monsterinsights_sitenote_category":0,"footnotes":""},"categories":[4],"tags":[],"class_list":["post-5316","post","type-post","status-publish","format-standard","has-post-thumbnail","hentry","category-politica"],"acf":[],"yoast_head":"<!-- This site is optimized with the Yoast SEO plugin v27.4 - https:\/\/yoast.com\/product\/yoast-seo-wordpress\/ -->\n<title>Francisco J\u00fanior faz lan\u00e7amento de livro -<\/title>\n<meta name=\"robots\" content=\"index, follow, max-snippet:-1, max-image-preview:large, max-video-preview:-1\" \/>\n<link rel=\"canonical\" href=\"https:\/\/renatodias.online\/movimento\/2021\/03\/02\/francisco-junior-faz-lancamento-de-livro\/\" \/>\n<meta property=\"og:locale\" content=\"pt_BR\" \/>\n<meta property=\"og:type\" content=\"article\" \/>\n<meta property=\"og:title\" content=\"Francisco J\u00fanior faz lan\u00e7amento de livro -\" \/>\n<meta property=\"og:description\" content=\"Al\u00e9m do tempo presente Francisco J\u00fanior faz lan\u00e7amento de livro Evento virtual ser\u00e1 realizado nesta quarta-feira, \u00e0s 17h. Direto da C\u00e2mara Federal &nbsp; Renato Dias O deputado federal Francisco J\u00fanior [PSD-GO] lan\u00e7a, nesta quarta-feira, 3 de mar\u00e7o de 2021, o livro _ Cidades Inteligentes: Uma abordagem humana e sustent\u00e1vel.\u00a0 O evento \u00e9 virtual. Hor\u00e1rio: \u00e0s\" \/>\n<meta property=\"og:url\" content=\"https:\/\/renatodias.online\/movimento\/2021\/03\/02\/francisco-junior-faz-lancamento-de-livro\/\" \/>\n<meta property=\"article:publisher\" content=\"https:\/\/www.facebook.com\/renato.dias.37\" \/>\n<meta property=\"article:author\" content=\"https:\/\/www.facebook.com\/renato.dias.37\" \/>\n<meta property=\"article:published_time\" content=\"2021-03-03T01:00:31+00:00\" \/>\n<meta property=\"og:image\" content=\"https:\/\/renatodias.online\/movimento\/wp-content\/uploads\/2021\/03\/Francisco-Junior.jpeg\" \/>\n\t<meta property=\"og:image:width\" content=\"640\" \/>\n\t<meta property=\"og:image:height\" content=\"480\" \/>\n\t<meta property=\"og:image:type\" content=\"image\/jpeg\" \/>\n<meta name=\"author\" content=\"Renato Dias\" \/>\n<meta name=\"twitter:card\" content=\"summary_large_image\" \/>\n<meta name=\"twitter:creator\" content=\"@RenatoDiasBat\" \/>\n<meta name=\"twitter:site\" content=\"@RenatoDiasBat\" \/>\n<meta name=\"twitter:label1\" content=\"Escrito por\" \/>\n\t<meta name=\"twitter:data1\" content=\"Renato Dias\" \/>\n\t<meta name=\"twitter:label2\" content=\"Est. tempo de leitura\" \/>\n\t<meta name=\"twitter:data2\" content=\"1 minuto\" \/>\n<script type=\"application\/ld+json\" class=\"yoast-schema-graph\">{\"@context\":\"https:\\\/\\\/schema.org\",\"@graph\":[{\"@type\":\"Article\",\"@id\":\"https:\\\/\\\/renatodias.online\\\/movimento\\\/2021\\\/03\\\/02\\\/francisco-junior-faz-lancamento-de-livro\\\/#article\",\"isPartOf\":{\"@id\":\"https:\\\/\\\/renatodias.online\\\/movimento\\\/2021\\\/03\\\/02\\\/francisco-junior-faz-lancamento-de-livro\\\/\"},\"author\":{\"name\":\"Renato Dias\",\"@id\":\"https:\\\/\\\/renatodias.online\\\/movimento\\\/#\\\/schema\\\/person\\\/bbab28833b1725a20f4083f49f1fb2a9\"},\"headline\":\"Francisco J\u00fanior faz lan\u00e7amento de livro\",\"datePublished\":\"2021-03-03T01:00:31+00:00\",\"mainEntityOfPage\":{\"@id\":\"https:\\\/\\\/renatodias.online\\\/movimento\\\/2021\\\/03\\\/02\\\/francisco-junior-faz-lancamento-de-livro\\\/\"},\"wordCount\":124,\"commentCount\":0,\"publisher\":{\"@id\":\"https:\\\/\\\/renatodias.online\\\/movimento\\\/#\\\/schema\\\/person\\\/bbab28833b1725a20f4083f49f1fb2a9\"},\"image\":{\"@id\":\"https:\\\/\\\/renatodias.online\\\/movimento\\\/2021\\\/03\\\/02\\\/francisco-junior-faz-lancamento-de-livro\\\/#primaryimage\"},\"thumbnailUrl\":\"https:\\\/\\\/renatodias.online\\\/movimento\\\/wp-content\\\/uploads\\\/2021\\\/03\\\/Francisco-Junior.jpeg\",\"articleSection\":[\"Pol\u00edtica\"],\"inLanguage\":\"pt-BR\",\"potentialAction\":[{\"@type\":\"CommentAction\",\"name\":\"Comment\",\"target\":[\"https:\\\/\\\/renatodias.online\\\/movimento\\\/2021\\\/03\\\/02\\\/francisco-junior-faz-lancamento-de-livro\\\/#respond\"]}]},{\"@type\":\"WebPage\",\"@id\":\"https:\\\/\\\/renatodias.online\\\/movimento\\\/2021\\\/03\\\/02\\\/francisco-junior-faz-lancamento-de-livro\\\/\",\"url\":\"https:\\\/\\\/renatodias.online\\\/movimento\\\/2021\\\/03\\\/02\\\/francisco-junior-faz-lancamento-de-livro\\\/\",\"name\":\"Francisco J\u00fanior faz lan\u00e7amento de livro -\",\"isPartOf\":{\"@id\":\"https:\\\/\\\/renatodias.online\\\/movimento\\\/#website\"},\"primaryImageOfPage\":{\"@id\":\"https:\\\/\\\/renatodias.online\\\/movimento\\\/2021\\\/03\\\/02\\\/francisco-junior-faz-lancamento-de-livro\\\/#primaryimage\"},\"image\":{\"@id\":\"https:\\\/\\\/renatodias.online\\\/movimento\\\/2021\\\/03\\\/02\\\/francisco-junior-faz-lancamento-de-livro\\\/#primaryimage\"},\"thumbnailUrl\":\"https:\\\/\\\/renatodias.online\\\/movimento\\\/wp-content\\\/uploads\\\/2021\\\/03\\\/Francisco-Junior.jpeg\",\"datePublished\":\"2021-03-03T01:00:31+00:00\",\"breadcrumb\":{\"@id\":\"https:\\\/\\\/renatodias.online\\\/movimento\\\/2021\\\/03\\\/02\\\/francisco-junior-faz-lancamento-de-livro\\\/#breadcrumb\"},\"inLanguage\":\"pt-BR\",\"potentialAction\":[{\"@type\":\"ReadAction\",\"target\":[\"https:\\\/\\\/renatodias.online\\\/movimento\\\/2021\\\/03\\\/02\\\/francisco-junior-faz-lancamento-de-livro\\\/\"]}]},{\"@type\":\"ImageObject\",\"inLanguage\":\"pt-BR\",\"@id\":\"https:\\\/\\\/renatodias.online\\\/movimento\\\/2021\\\/03\\\/02\\\/francisco-junior-faz-lancamento-de-livro\\\/#primaryimage\",\"url\":\"https:\\\/\\\/renatodias.online\\\/movimento\\\/wp-content\\\/uploads\\\/2021\\\/03\\\/Francisco-Junior.jpeg\",\"contentUrl\":\"https:\\\/\\\/renatodias.online\\\/movimento\\\/wp-content\\\/uploads\\\/2021\\\/03\\\/Francisco-Junior.jpeg\",\"width\":640,\"height\":480,\"caption\":\"Francisco-Junior.\"},{\"@type\":\"BreadcrumbList\",\"@id\":\"https:\\\/\\\/renatodias.online\\\/movimento\\\/2021\\\/03\\\/02\\\/francisco-junior-faz-lancamento-de-livro\\\/#breadcrumb\",\"itemListElement\":[{\"@type\":\"ListItem\",\"position\":1,\"name\":\"In\u00edcio\",\"item\":\"https:\\\/\\\/renatodias.online\\\/movimento\\\/\"},{\"@type\":\"ListItem\",\"position\":2,\"name\":\"Francisco J\u00fanior faz lan\u00e7amento de livro\"}]},{\"@type\":\"WebSite\",\"@id\":\"https:\\\/\\\/renatodias.online\\\/movimento\\\/#website\",\"url\":\"https:\\\/\\\/renatodias.online\\\/movimento\\\/\",\"name\":\"\",\"description\":\"\",\"publisher\":{\"@id\":\"https:\\\/\\\/renatodias.online\\\/movimento\\\/#\\\/schema\\\/person\\\/bbab28833b1725a20f4083f49f1fb2a9\"},\"potentialAction\":[{\"@type\":\"SearchAction\",\"target\":{\"@type\":\"EntryPoint\",\"urlTemplate\":\"https:\\\/\\\/renatodias.online\\\/movimento\\\/?s={search_term_string}\"},\"query-input\":{\"@type\":\"PropertyValueSpecification\",\"valueRequired\":true,\"valueName\":\"search_term_string\"}}],\"inLanguage\":\"pt-BR\"},{\"@type\":[\"Person\",\"Organization\"],\"@id\":\"https:\\\/\\\/renatodias.online\\\/movimento\\\/#\\\/schema\\\/person\\\/bbab28833b1725a20f4083f49f1fb2a9\",\"name\":\"Renato Dias\",\"image\":{\"@type\":\"ImageObject\",\"inLanguage\":\"pt-BR\",\"@id\":\"https:\\\/\\\/renatodias.online\\\/movimento\\\/wp-content\\\/uploads\\\/2023\\\/03\\\/cropped-cropped-cropped-logofinal.jpeg\",\"url\":\"https:\\\/\\\/renatodias.online\\\/movimento\\\/wp-content\\\/uploads\\\/2023\\\/03\\\/cropped-cropped-cropped-logofinal.jpeg\",\"contentUrl\":\"https:\\\/\\\/renatodias.online\\\/movimento\\\/wp-content\\\/uploads\\\/2023\\\/03\\\/cropped-cropped-cropped-logofinal.jpeg\",\"width\":1280,\"height\":219,\"caption\":\"Renato Dias\"},\"logo\":{\"@id\":\"https:\\\/\\\/renatodias.online\\\/movimento\\\/wp-content\\\/uploads\\\/2023\\\/03\\\/cropped-cropped-cropped-logofinal.jpeg\"},\"description\":\"Renato Dias, 58 anos, \u00e9 graduado em Jornalismo, formado em Ci\u00eancias Sociais, com p\u00f3s-gradua\u00e7\u00e3o em Pol\u00edticas P\u00fablicas, mestre em Direito e Rela\u00e7\u00f5es Internacionais, ex-aluno extraordin\u00e1rio do Doutorado em Psicologia Social, ex-estudante do Curso de Psican\u00e1lise do Centro de Estudos Psicanal\u00edticos do Estado de Goi\u00e1s, ministrado pelo m\u00e9dico psiquiatra e psicanalista Daniel Em\u00eddio de Souza. \u00c9 autor de 30 livros-reportagem, oito document\u00e1rios, ganhou 30 pr\u00eamios e \u00e9 torcedor apaixonado do maior do Centro-Oeste, o Vila Nova Futebol Clube. Casado com Meirilane Dias, \u00e9 pai de Juliana Dias, jornalista; Daniel Dias, economista; e Maria Rosa Dias, estudante antifascista, socialista e trotskista.\u00a0Com tr\u00eas pets: Porquinho [Bull Dog Franc\u00eas], Dalila [Basset Hound] e Geleia [Basset Hound]. Al\u00e9m do eterno gato Tutuquinho, que virou estrela.\",\"sameAs\":[\"https:\\\/\\\/www.facebook.com\\\/renato.dias.37\",\"#breve\",\"https:\\\/\\\/renatodias.tumblr.com\\\/\"],\"url\":\"https:\\\/\\\/renatodias.online\\\/movimento\\\/author\\\/renatodias\\\/\"}]}<\/script>\n<!-- \/ Yoast SEO plugin. -->","yoast_head_json":{"title":"Francisco J\u00fanior faz lan\u00e7amento de livro -","robots":{"index":"index","follow":"follow","max-snippet":"max-snippet:-1","max-image-preview":"max-image-preview:large","max-video-preview":"max-video-preview:-1"},"canonical":"https:\/\/renatodias.online\/movimento\/2021\/03\/02\/francisco-junior-faz-lancamento-de-livro\/","og_locale":"pt_BR","og_type":"article","og_title":"Francisco J\u00fanior faz lan\u00e7amento de livro -","og_description":"Al\u00e9m do tempo presente Francisco J\u00fanior faz lan\u00e7amento de livro Evento virtual ser\u00e1 realizado nesta quarta-feira, \u00e0s 17h. Direto da C\u00e2mara Federal &nbsp; Renato Dias O deputado federal Francisco J\u00fanior [PSD-GO] lan\u00e7a, nesta quarta-feira, 3 de mar\u00e7o de 2021, o livro _ Cidades Inteligentes: Uma abordagem humana e sustent\u00e1vel.\u00a0 O evento \u00e9 virtual. Hor\u00e1rio: \u00e0s","og_url":"https:\/\/renatodias.online\/movimento\/2021\/03\/02\/francisco-junior-faz-lancamento-de-livro\/","article_publisher":"https:\/\/www.facebook.com\/renato.dias.37","article_author":"https:\/\/www.facebook.com\/renato.dias.37","article_published_time":"2021-03-03T01:00:31+00:00","og_image":[{"width":640,"height":480,"url":"https:\/\/renatodias.online\/movimento\/wp-content\/uploads\/2021\/03\/Francisco-Junior.jpeg","type":"image\/jpeg"}],"author":"Renato Dias","twitter_card":"summary_large_image","twitter_creator":"@RenatoDiasBat","twitter_site":"@RenatoDiasBat","twitter_misc":{"Escrito por":"Renato Dias","Est. tempo de leitura":"1 minuto"},"schema":{"@context":"https:\/\/schema.org","@graph":[{"@type":"Article","@id":"https:\/\/renatodias.online\/movimento\/2021\/03\/02\/francisco-junior-faz-lancamento-de-livro\/#article","isPartOf":{"@id":"https:\/\/renatodias.online\/movimento\/2021\/03\/02\/francisco-junior-faz-lancamento-de-livro\/"},"author":{"name":"Renato Dias","@id":"https:\/\/renatodias.online\/movimento\/#\/schema\/person\/bbab28833b1725a20f4083f49f1fb2a9"},"headline":"Francisco J\u00fanior faz lan\u00e7amento de livro","datePublished":"2021-03-03T01:00:31+00:00","mainEntityOfPage":{"@id":"https:\/\/renatodias.online\/movimento\/2021\/03\/02\/francisco-junior-faz-lancamento-de-livro\/"},"wordCount":124,"commentCount":0,"publisher":{"@id":"https:\/\/renatodias.online\/movimento\/#\/schema\/person\/bbab28833b1725a20f4083f49f1fb2a9"},"image":{"@id":"https:\/\/renatodias.online\/movimento\/2021\/03\/02\/francisco-junior-faz-lancamento-de-livro\/#primaryimage"},"thumbnailUrl":"https:\/\/renatodias.online\/movimento\/wp-content\/uploads\/2021\/03\/Francisco-Junior.jpeg","articleSection":["Pol\u00edtica"],"inLanguage":"pt-BR","potentialAction":[{"@type":"CommentAction","name":"Comment","target":["https:\/\/renatodias.online\/movimento\/2021\/03\/02\/francisco-junior-faz-lancamento-de-livro\/#respond"]}]},{"@type":"WebPage","@id":"https:\/\/renatodias.online\/movimento\/2021\/03\/02\/francisco-junior-faz-lancamento-de-livro\/","url":"https:\/\/renatodias.online\/movimento\/2021\/03\/02\/francisco-junior-faz-lancamento-de-livro\/","name":"Francisco J\u00fanior faz lan\u00e7amento de livro -","isPartOf":{"@id":"https:\/\/renatodias.online\/movimento\/#website"},"primaryImageOfPage":{"@id":"https:\/\/renatodias.online\/movimento\/2021\/03\/02\/francisco-junior-faz-lancamento-de-livro\/#primaryimage"},"image":{"@id":"https:\/\/renatodias.online\/movimento\/2021\/03\/02\/francisco-junior-faz-lancamento-de-livro\/#primaryimage"},"thumbnailUrl":"https:\/\/renatodias.online\/movimento\/wp-content\/uploads\/2021\/03\/Francisco-Junior.jpeg","datePublished":"2021-03-03T01:00:31+00:00","breadcrumb":{"@id":"https:\/\/renatodias.online\/movimento\/2021\/03\/02\/francisco-junior-faz-lancamento-de-livro\/#breadcrumb"},"inLanguage":"pt-BR","potentialAction":[{"@type":"ReadAction","target":["https:\/\/renatodias.online\/movimento\/2021\/03\/02\/francisco-junior-faz-lancamento-de-livro\/"]}]},{"@type":"ImageObject","inLanguage":"pt-BR","@id":"https:\/\/renatodias.online\/movimento\/2021\/03\/02\/francisco-junior-faz-lancamento-de-livro\/#primaryimage","url":"https:\/\/renatodias.online\/movimento\/wp-content\/uploads\/2021\/03\/Francisco-Junior.jpeg","contentUrl":"https:\/\/renatodias.online\/movimento\/wp-content\/uploads\/2021\/03\/Francisco-Junior.jpeg","width":640,"height":480,"caption":"Francisco-Junior."},{"@type":"BreadcrumbList","@id":"https:\/\/renatodias.online\/movimento\/2021\/03\/02\/francisco-junior-faz-lancamento-de-livro\/#breadcrumb","itemListElement":[{"@type":"ListItem","position":1,"name":"In\u00edcio","item":"https:\/\/renatodias.online\/movimento\/"},{"@type":"ListItem","position":2,"name":"Francisco J\u00fanior faz lan\u00e7amento de livro"}]},{"@type":"WebSite","@id":"https:\/\/renatodias.online\/movimento\/#website","url":"https:\/\/renatodias.online\/movimento\/","name":"","description":"","publisher":{"@id":"https:\/\/renatodias.online\/movimento\/#\/schema\/person\/bbab28833b1725a20f4083f49f1fb2a9"},"potentialAction":[{"@type":"SearchAction","target":{"@type":"EntryPoint","urlTemplate":"https:\/\/renatodias.online\/movimento\/?s={search_term_string}"},"query-input":{"@type":"PropertyValueSpecification","valueRequired":true,"valueName":"search_term_string"}}],"inLanguage":"pt-BR"},{"@type":["Person","Organization"],"@id":"https:\/\/renatodias.online\/movimento\/#\/schema\/person\/bbab28833b1725a20f4083f49f1fb2a9","name":"Renato Dias","image":{"@type":"ImageObject","inLanguage":"pt-BR","@id":"https:\/\/renatodias.online\/movimento\/wp-content\/uploads\/2023\/03\/cropped-cropped-cropped-logofinal.jpeg","url":"https:\/\/renatodias.online\/movimento\/wp-content\/uploads\/2023\/03\/cropped-cropped-cropped-logofinal.jpeg","contentUrl":"https:\/\/renatodias.online\/movimento\/wp-content\/uploads\/2023\/03\/cropped-cropped-cropped-logofinal.jpeg","width":1280,"height":219,"caption":"Renato Dias"},"logo":{"@id":"https:\/\/renatodias.online\/movimento\/wp-content\/uploads\/2023\/03\/cropped-cropped-cropped-logofinal.jpeg"},"description":"Renato Dias, 58 anos, \u00e9 graduado em Jornalismo, formado em Ci\u00eancias Sociais, com p\u00f3s-gradua\u00e7\u00e3o em Pol\u00edticas P\u00fablicas, mestre em Direito e Rela\u00e7\u00f5es Internacionais, ex-aluno extraordin\u00e1rio do Doutorado em Psicologia Social, ex-estudante do Curso de Psican\u00e1lise do Centro de Estudos Psicanal\u00edticos do Estado de Goi\u00e1s, ministrado pelo m\u00e9dico psiquiatra e psicanalista Daniel Em\u00eddio de Souza. \u00c9 autor de 30 livros-reportagem, oito document\u00e1rios, ganhou 30 pr\u00eamios e \u00e9 torcedor apaixonado do maior do Centro-Oeste, o Vila Nova Futebol Clube. Casado com Meirilane Dias, \u00e9 pai de Juliana Dias, jornalista; Daniel Dias, economista; e Maria Rosa Dias, estudante antifascista, socialista e trotskista.\u00a0Com tr\u00eas pets: Porquinho [Bull Dog Franc\u00eas], Dalila [Basset Hound] e Geleia [Basset Hound]. Al\u00e9m do eterno gato Tutuquinho, que virou estrela.","sameAs":["https:\/\/www.facebook.com\/renato.dias.37","#breve","https:\/\/renatodias.tumblr.com\/"],"url":"https:\/\/renatodias.online\/movimento\/author\/renatodias\/"}]}},"_links":{"self":[{"href":"https:\/\/renatodias.online\/movimento\/wp-json\/wp\/v2\/posts\/5316","targetHints":{"allow":["GET"]}}],"collection":[{"href":"https:\/\/renatodias.online\/movimento\/wp-json\/wp\/v2\/posts"}],"about":[{"href":"https:\/\/renatodias.online\/movimento\/wp-json\/wp\/v2\/types\/post"}],"author":[{"embeddable":true,"href":"https:\/\/renatodias.online\/movimento\/wp-json\/wp\/v2\/users\/2"}],"replies":[{"embeddable":true,"href":"https:\/\/renatodias.online\/movimento\/wp-json\/wp\/v2\/comments?post=5316"}],"version-history":[{"count":1,"href":"https:\/\/renatodias.online\/movimento\/wp-json\/wp\/v2\/posts\/5316\/revisions"}],"predecessor-version":[{"id":5320,"href":"https:\/\/renatodias.online\/movimento\/wp-json\/wp\/v2\/posts\/5316\/revisions\/5320"}],"wp:featuredmedia":[{"embeddable":true,"href":"https:\/\/renatodias.online\/movimento\/wp-json\/wp\/v2\/media\/5318"}],"wp:attachment":[{"href":"https:\/\/renatodias.online\/movimento\/wp-json\/wp\/v2\/media?parent=5316"}],"wp:term":[{"taxonomy":"category","embeddable":true,"href":"https:\/\/renatodias.online\/movimento\/wp-json\/wp\/v2\/categories?post=5316"},{"taxonomy":"post_tag","embeddable":true,"href":"https:\/\/renatodias.online\/movimento\/wp-json\/wp\/v2\/tags?post=5316"}],"curies":[{"name":"wp","href":"https:\/\/api.w.org\/{rel}","templated":true}]}}