{"id":5310,"date":"2021-03-02T00:00:34","date_gmt":"2021-03-02T03:00:34","guid":{"rendered":"https:\/\/renatodias.online\/movimento\/?p=5310"},"modified":"2021-03-02T00:00:34","modified_gmt":"2021-03-02T03:00:34","slug":"sebastiao-peixoto-muda-visual","status":"publish","type":"post","link":"https:\/\/renatodias.online\/movimento\/2021\/03\/02\/sebastiao-peixoto-muda-visual\/","title":{"rendered":"Sebasti\u00e3o Peixoto muda visual"},"content":{"rendered":"<p><img loading=\"lazy\" decoding=\"async\" class=\"aligncenter  wp-image-5312\" src=\"https:\/\/renatodias.online\/movimento\/wp-content\/uploads\/2021\/03\/Exclusivo-2.jpg\" alt=\"\" width=\"286\" height=\"184\" srcset=\"https:\/\/renatodias.online\/movimento\/wp-content\/uploads\/2021\/03\/Exclusivo-2.jpg 512w, https:\/\/renatodias.online\/movimento\/wp-content\/uploads\/2021\/03\/Exclusivo-2-300x193.jpg 300w\" sizes=\"auto, (max-width: 286px) 100vw, 286px\" \/><\/p>\n<p><span style=\"color: #ff0000;\"><strong>Novo layout<\/strong><\/span><\/p>\n<h1><strong>Sebasti\u00e3o Peixoto muda visual<\/strong><\/h1>\n<p><strong>Ex-presidente do IMAS e Agetul, pai do deputado estadual Bruno Peixoto e do ex-verea\u00addor Wellington Peixoto, suplente na C\u00e2mara Municipal de Goi\u00e2nia, quer disputar cadeira federal<\/strong><\/p>\n<p><strong>\u00a0<\/strong><\/p>\n<p><strong>Renato Dias<\/strong><\/p>\n<p>O ex-presidente da Ag\u00eancia de Turismo e Lazer [Agetul] e do Instituto Municipal de Assist\u00eancia \u00e0 Sa\u00fade dos Servidores [IMAS], dois \u00f3rg\u00e3os do primeiro escal\u00e3o da Prefeitura Municipal de Goi\u00e2nia, <strong>Sebasti\u00e3o Peixoto<\/strong>, aos 75 anos de idade, repaginou o \u2018layout\u2019. Ele conta ter dado um tapa moderno. No visual. Mais: revela, com exclusividade, que rejuvenesceu mais de 30 anos.<\/p>\n<p>Animado, o suplente da C\u00e2mara de Vereadores, que obteve expressiva vota\u00e7\u00e3o nas urnas eletr\u00f4nicas de 2020, apesar da Pandemia do Coronav\u00edrus Covid 19, admite disputar, em outubro de 2022, a corrida para conquistar uma cadeira na C\u00e2mara dos Deputados. Em Bras\u00ed\u00adlia. A capital da Rep\u00fablica. Com a plataforma de execu\u00e7\u00e3o de uma Reforma Tribut\u00e1ria, informa.<\/p>\n<p><strong>Desonera\u00e7\u00e3o da produ\u00e7\u00e3o<\/strong><\/p>\n<p>Para desonerar a produ\u00e7\u00e3o e a folha, reduzir o valor dos combust\u00edveis e garantir direitos hist\u00f3\u00adricos dos aposentados, pontua o l\u00edder classista <strong>Sebasti\u00e3o Peixoto<\/strong>. Graduado na UCG, atual Pontif\u00edcia Universidade Cat\u00f3lica de Goi\u00e1s, desfralda, em mar\u00e7o de 2021, a bandeira por um no\u00advo Brasil. \u00c9 poss\u00edvel, cr\u00ea. O atleticano comemora o t\u00edtulo de campe\u00e3o estadual desde domingo.<\/p>\n","protected":false},"excerpt":{"rendered":"<p>Novo layout Sebasti\u00e3o Peixoto muda visual Ex-presidente do IMAS e Agetul, pai do deputado estadual Bruno Peixoto e do ex-verea\u00addor Wellington Peixoto, suplente na C\u00e2mara Municipal de Goi\u00e2nia, quer disputar cadeira federal \u00a0 Renato Dias O ex-presidente da Ag\u00eancia de Turismo e Lazer [Agetul] e do Instituto Municipal de Assist\u00eancia \u00e0 Sa\u00fade dos Servidores [IMAS],<\/p>\n","protected":false},"author":2,"featured_media":5311,"comment_status":"open","ping_status":"open","sticky":false,"template":"","format":"standard","meta":{"_acf_changed":false,"_monsterinsights_skip_tracking":false,"_monsterinsights_sitenote_active":false,"_monsterinsights_sitenote_note":"","_monsterinsights_sitenote_category":0,"footnotes":""},"categories":[4],"tags":[],"class_list":["post-5310","post","type-post","status-publish","format-standard","has-post-thumbnail","hentry","category-politica"],"acf":[],"yoast_head":"<!-- This site is optimized with the Yoast SEO plugin v27.4 - https:\/\/yoast.com\/product\/yoast-seo-wordpress\/ -->\n<title>Sebasti\u00e3o Peixoto muda visual -<\/title>\n<meta name=\"robots\" content=\"index, follow, max-snippet:-1, max-image-preview:large, max-video-preview:-1\" \/>\n<link rel=\"canonical\" href=\"https:\/\/renatodias.online\/movimento\/2021\/03\/02\/sebastiao-peixoto-muda-visual\/\" \/>\n<meta property=\"og:locale\" content=\"pt_BR\" \/>\n<meta property=\"og:type\" content=\"article\" \/>\n<meta property=\"og:title\" content=\"Sebasti\u00e3o Peixoto muda visual -\" \/>\n<meta property=\"og:description\" content=\"Novo layout Sebasti\u00e3o Peixoto muda visual Ex-presidente do IMAS e Agetul, pai do deputado estadual Bruno Peixoto e do ex-verea\u00addor Wellington Peixoto, suplente na C\u00e2mara Municipal de Goi\u00e2nia, quer disputar cadeira federal \u00a0 Renato Dias O ex-presidente da Ag\u00eancia de Turismo e Lazer [Agetul] e do Instituto Municipal de Assist\u00eancia \u00e0 Sa\u00fade dos Servidores [IMAS],\" \/>\n<meta property=\"og:url\" content=\"https:\/\/renatodias.online\/movimento\/2021\/03\/02\/sebastiao-peixoto-muda-visual\/\" \/>\n<meta property=\"article:publisher\" content=\"https:\/\/www.facebook.com\/renato.dias.37\" \/>\n<meta property=\"article:author\" content=\"https:\/\/www.facebook.com\/renato.dias.37\" \/>\n<meta property=\"article:published_time\" content=\"2021-03-02T03:00:34+00:00\" \/>\n<meta property=\"og:image\" content=\"https:\/\/renatodias.online\/movimento\/wp-content\/uploads\/2021\/03\/sebastiaopeixoto-e1630975957966.jpg\" \/>\n\t<meta property=\"og:image:width\" content=\"169\" \/>\n\t<meta property=\"og:image:height\" content=\"300\" \/>\n\t<meta property=\"og:image:type\" content=\"image\/jpeg\" \/>\n<meta name=\"author\" content=\"Renato Dias\" \/>\n<meta name=\"twitter:card\" content=\"summary_large_image\" \/>\n<meta name=\"twitter:creator\" content=\"@RenatoDiasBat\" \/>\n<meta name=\"twitter:site\" content=\"@RenatoDiasBat\" \/>\n<meta name=\"twitter:label1\" content=\"Escrito por\" \/>\n\t<meta name=\"twitter:data1\" content=\"Renato Dias\" \/>\n\t<meta name=\"twitter:label2\" content=\"Est. tempo de leitura\" \/>\n\t<meta name=\"twitter:data2\" content=\"1 minuto\" \/>\n<script type=\"application\/ld+json\" class=\"yoast-schema-graph\">{\"@context\":\"https:\\\/\\\/schema.org\",\"@graph\":[{\"@type\":\"Article\",\"@id\":\"https:\\\/\\\/renatodias.online\\\/movimento\\\/2021\\\/03\\\/02\\\/sebastiao-peixoto-muda-visual\\\/#article\",\"isPartOf\":{\"@id\":\"https:\\\/\\\/renatodias.online\\\/movimento\\\/2021\\\/03\\\/02\\\/sebastiao-peixoto-muda-visual\\\/\"},\"author\":{\"name\":\"Renato Dias\",\"@id\":\"https:\\\/\\\/renatodias.online\\\/movimento\\\/#\\\/schema\\\/person\\\/bbab28833b1725a20f4083f49f1fb2a9\"},\"headline\":\"Sebasti\u00e3o Peixoto muda visual\",\"datePublished\":\"2021-03-02T03:00:34+00:00\",\"mainEntityOfPage\":{\"@id\":\"https:\\\/\\\/renatodias.online\\\/movimento\\\/2021\\\/03\\\/02\\\/sebastiao-peixoto-muda-visual\\\/\"},\"wordCount\":240,\"commentCount\":0,\"publisher\":{\"@id\":\"https:\\\/\\\/renatodias.online\\\/movimento\\\/#\\\/schema\\\/person\\\/bbab28833b1725a20f4083f49f1fb2a9\"},\"image\":{\"@id\":\"https:\\\/\\\/renatodias.online\\\/movimento\\\/2021\\\/03\\\/02\\\/sebastiao-peixoto-muda-visual\\\/#primaryimage\"},\"thumbnailUrl\":\"https:\\\/\\\/renatodias.online\\\/movimento\\\/wp-content\\\/uploads\\\/2021\\\/03\\\/sebastiaopeixoto-e1630975957966.jpg\",\"articleSection\":[\"Pol\u00edtica\"],\"inLanguage\":\"pt-BR\",\"potentialAction\":[{\"@type\":\"CommentAction\",\"name\":\"Comment\",\"target\":[\"https:\\\/\\\/renatodias.online\\\/movimento\\\/2021\\\/03\\\/02\\\/sebastiao-peixoto-muda-visual\\\/#respond\"]}]},{\"@type\":\"WebPage\",\"@id\":\"https:\\\/\\\/renatodias.online\\\/movimento\\\/2021\\\/03\\\/02\\\/sebastiao-peixoto-muda-visual\\\/\",\"url\":\"https:\\\/\\\/renatodias.online\\\/movimento\\\/2021\\\/03\\\/02\\\/sebastiao-peixoto-muda-visual\\\/\",\"name\":\"Sebasti\u00e3o Peixoto muda visual -\",\"isPartOf\":{\"@id\":\"https:\\\/\\\/renatodias.online\\\/movimento\\\/#website\"},\"primaryImageOfPage\":{\"@id\":\"https:\\\/\\\/renatodias.online\\\/movimento\\\/2021\\\/03\\\/02\\\/sebastiao-peixoto-muda-visual\\\/#primaryimage\"},\"image\":{\"@id\":\"https:\\\/\\\/renatodias.online\\\/movimento\\\/2021\\\/03\\\/02\\\/sebastiao-peixoto-muda-visual\\\/#primaryimage\"},\"thumbnailUrl\":\"https:\\\/\\\/renatodias.online\\\/movimento\\\/wp-content\\\/uploads\\\/2021\\\/03\\\/sebastiaopeixoto-e1630975957966.jpg\",\"datePublished\":\"2021-03-02T03:00:34+00:00\",\"breadcrumb\":{\"@id\":\"https:\\\/\\\/renatodias.online\\\/movimento\\\/2021\\\/03\\\/02\\\/sebastiao-peixoto-muda-visual\\\/#breadcrumb\"},\"inLanguage\":\"pt-BR\",\"potentialAction\":[{\"@type\":\"ReadAction\",\"target\":[\"https:\\\/\\\/renatodias.online\\\/movimento\\\/2021\\\/03\\\/02\\\/sebastiao-peixoto-muda-visual\\\/\"]}]},{\"@type\":\"ImageObject\",\"inLanguage\":\"pt-BR\",\"@id\":\"https:\\\/\\\/renatodias.online\\\/movimento\\\/2021\\\/03\\\/02\\\/sebastiao-peixoto-muda-visual\\\/#primaryimage\",\"url\":\"https:\\\/\\\/renatodias.online\\\/movimento\\\/wp-content\\\/uploads\\\/2021\\\/03\\\/sebastiaopeixoto-e1630975957966.jpg\",\"contentUrl\":\"https:\\\/\\\/renatodias.online\\\/movimento\\\/wp-content\\\/uploads\\\/2021\\\/03\\\/sebastiaopeixoto-e1630975957966.jpg\",\"width\":169,\"height\":300,\"caption\":\"Sebasti\u00e3o Peixoto\"},{\"@type\":\"BreadcrumbList\",\"@id\":\"https:\\\/\\\/renatodias.online\\\/movimento\\\/2021\\\/03\\\/02\\\/sebastiao-peixoto-muda-visual\\\/#breadcrumb\",\"itemListElement\":[{\"@type\":\"ListItem\",\"position\":1,\"name\":\"In\u00edcio\",\"item\":\"https:\\\/\\\/renatodias.online\\\/movimento\\\/\"},{\"@type\":\"ListItem\",\"position\":2,\"name\":\"Sebasti\u00e3o Peixoto muda visual\"}]},{\"@type\":\"WebSite\",\"@id\":\"https:\\\/\\\/renatodias.online\\\/movimento\\\/#website\",\"url\":\"https:\\\/\\\/renatodias.online\\\/movimento\\\/\",\"name\":\"\",\"description\":\"\",\"publisher\":{\"@id\":\"https:\\\/\\\/renatodias.online\\\/movimento\\\/#\\\/schema\\\/person\\\/bbab28833b1725a20f4083f49f1fb2a9\"},\"potentialAction\":[{\"@type\":\"SearchAction\",\"target\":{\"@type\":\"EntryPoint\",\"urlTemplate\":\"https:\\\/\\\/renatodias.online\\\/movimento\\\/?s={search_term_string}\"},\"query-input\":{\"@type\":\"PropertyValueSpecification\",\"valueRequired\":true,\"valueName\":\"search_term_string\"}}],\"inLanguage\":\"pt-BR\"},{\"@type\":[\"Person\",\"Organization\"],\"@id\":\"https:\\\/\\\/renatodias.online\\\/movimento\\\/#\\\/schema\\\/person\\\/bbab28833b1725a20f4083f49f1fb2a9\",\"name\":\"Renato Dias\",\"image\":{\"@type\":\"ImageObject\",\"inLanguage\":\"pt-BR\",\"@id\":\"https:\\\/\\\/renatodias.online\\\/movimento\\\/wp-content\\\/uploads\\\/2023\\\/03\\\/cropped-cropped-cropped-logofinal.jpeg\",\"url\":\"https:\\\/\\\/renatodias.online\\\/movimento\\\/wp-content\\\/uploads\\\/2023\\\/03\\\/cropped-cropped-cropped-logofinal.jpeg\",\"contentUrl\":\"https:\\\/\\\/renatodias.online\\\/movimento\\\/wp-content\\\/uploads\\\/2023\\\/03\\\/cropped-cropped-cropped-logofinal.jpeg\",\"width\":1280,\"height\":219,\"caption\":\"Renato Dias\"},\"logo\":{\"@id\":\"https:\\\/\\\/renatodias.online\\\/movimento\\\/wp-content\\\/uploads\\\/2023\\\/03\\\/cropped-cropped-cropped-logofinal.jpeg\"},\"description\":\"Renato Dias, 58 anos, \u00e9 graduado em Jornalismo, formado em Ci\u00eancias Sociais, com p\u00f3s-gradua\u00e7\u00e3o em Pol\u00edticas P\u00fablicas, mestre em Direito e Rela\u00e7\u00f5es Internacionais, ex-aluno extraordin\u00e1rio do Doutorado em Psicologia Social, ex-estudante do Curso de Psican\u00e1lise do Centro de Estudos Psicanal\u00edticos do Estado de Goi\u00e1s, ministrado pelo m\u00e9dico psiquiatra e psicanalista Daniel Em\u00eddio de Souza. \u00c9 autor de 30 livros-reportagem, oito document\u00e1rios, ganhou 30 pr\u00eamios e \u00e9 torcedor apaixonado do maior do Centro-Oeste, o Vila Nova Futebol Clube. Casado com Meirilane Dias, \u00e9 pai de Juliana Dias, jornalista; Daniel Dias, economista; e Maria Rosa Dias, estudante antifascista, socialista e trotskista.\u00a0Com tr\u00eas pets: Porquinho [Bull Dog Franc\u00eas], Dalila [Basset Hound] e Geleia [Basset Hound]. Al\u00e9m do eterno gato Tutuquinho, que virou estrela.\",\"sameAs\":[\"https:\\\/\\\/www.facebook.com\\\/renato.dias.37\",\"#breve\",\"https:\\\/\\\/renatodias.tumblr.com\\\/\"],\"url\":\"https:\\\/\\\/renatodias.online\\\/movimento\\\/author\\\/renatodias\\\/\"}]}<\/script>\n<!-- \/ Yoast SEO plugin. -->","yoast_head_json":{"title":"Sebasti\u00e3o Peixoto muda visual -","robots":{"index":"index","follow":"follow","max-snippet":"max-snippet:-1","max-image-preview":"max-image-preview:large","max-video-preview":"max-video-preview:-1"},"canonical":"https:\/\/renatodias.online\/movimento\/2021\/03\/02\/sebastiao-peixoto-muda-visual\/","og_locale":"pt_BR","og_type":"article","og_title":"Sebasti\u00e3o Peixoto muda visual -","og_description":"Novo layout Sebasti\u00e3o Peixoto muda visual Ex-presidente do IMAS e Agetul, pai do deputado estadual Bruno Peixoto e do ex-verea\u00addor Wellington Peixoto, suplente na C\u00e2mara Municipal de Goi\u00e2nia, quer disputar cadeira federal \u00a0 Renato Dias O ex-presidente da Ag\u00eancia de Turismo e Lazer [Agetul] e do Instituto Municipal de Assist\u00eancia \u00e0 Sa\u00fade dos Servidores [IMAS],","og_url":"https:\/\/renatodias.online\/movimento\/2021\/03\/02\/sebastiao-peixoto-muda-visual\/","article_publisher":"https:\/\/www.facebook.com\/renato.dias.37","article_author":"https:\/\/www.facebook.com\/renato.dias.37","article_published_time":"2021-03-02T03:00:34+00:00","og_image":[{"width":169,"height":300,"url":"https:\/\/renatodias.online\/movimento\/wp-content\/uploads\/2021\/03\/sebastiaopeixoto-e1630975957966.jpg","type":"image\/jpeg"}],"author":"Renato Dias","twitter_card":"summary_large_image","twitter_creator":"@RenatoDiasBat","twitter_site":"@RenatoDiasBat","twitter_misc":{"Escrito por":"Renato Dias","Est. tempo de leitura":"1 minuto"},"schema":{"@context":"https:\/\/schema.org","@graph":[{"@type":"Article","@id":"https:\/\/renatodias.online\/movimento\/2021\/03\/02\/sebastiao-peixoto-muda-visual\/#article","isPartOf":{"@id":"https:\/\/renatodias.online\/movimento\/2021\/03\/02\/sebastiao-peixoto-muda-visual\/"},"author":{"name":"Renato Dias","@id":"https:\/\/renatodias.online\/movimento\/#\/schema\/person\/bbab28833b1725a20f4083f49f1fb2a9"},"headline":"Sebasti\u00e3o Peixoto muda visual","datePublished":"2021-03-02T03:00:34+00:00","mainEntityOfPage":{"@id":"https:\/\/renatodias.online\/movimento\/2021\/03\/02\/sebastiao-peixoto-muda-visual\/"},"wordCount":240,"commentCount":0,"publisher":{"@id":"https:\/\/renatodias.online\/movimento\/#\/schema\/person\/bbab28833b1725a20f4083f49f1fb2a9"},"image":{"@id":"https:\/\/renatodias.online\/movimento\/2021\/03\/02\/sebastiao-peixoto-muda-visual\/#primaryimage"},"thumbnailUrl":"https:\/\/renatodias.online\/movimento\/wp-content\/uploads\/2021\/03\/sebastiaopeixoto-e1630975957966.jpg","articleSection":["Pol\u00edtica"],"inLanguage":"pt-BR","potentialAction":[{"@type":"CommentAction","name":"Comment","target":["https:\/\/renatodias.online\/movimento\/2021\/03\/02\/sebastiao-peixoto-muda-visual\/#respond"]}]},{"@type":"WebPage","@id":"https:\/\/renatodias.online\/movimento\/2021\/03\/02\/sebastiao-peixoto-muda-visual\/","url":"https:\/\/renatodias.online\/movimento\/2021\/03\/02\/sebastiao-peixoto-muda-visual\/","name":"Sebasti\u00e3o Peixoto muda visual -","isPartOf":{"@id":"https:\/\/renatodias.online\/movimento\/#website"},"primaryImageOfPage":{"@id":"https:\/\/renatodias.online\/movimento\/2021\/03\/02\/sebastiao-peixoto-muda-visual\/#primaryimage"},"image":{"@id":"https:\/\/renatodias.online\/movimento\/2021\/03\/02\/sebastiao-peixoto-muda-visual\/#primaryimage"},"thumbnailUrl":"https:\/\/renatodias.online\/movimento\/wp-content\/uploads\/2021\/03\/sebastiaopeixoto-e1630975957966.jpg","datePublished":"2021-03-02T03:00:34+00:00","breadcrumb":{"@id":"https:\/\/renatodias.online\/movimento\/2021\/03\/02\/sebastiao-peixoto-muda-visual\/#breadcrumb"},"inLanguage":"pt-BR","potentialAction":[{"@type":"ReadAction","target":["https:\/\/renatodias.online\/movimento\/2021\/03\/02\/sebastiao-peixoto-muda-visual\/"]}]},{"@type":"ImageObject","inLanguage":"pt-BR","@id":"https:\/\/renatodias.online\/movimento\/2021\/03\/02\/sebastiao-peixoto-muda-visual\/#primaryimage","url":"https:\/\/renatodias.online\/movimento\/wp-content\/uploads\/2021\/03\/sebastiaopeixoto-e1630975957966.jpg","contentUrl":"https:\/\/renatodias.online\/movimento\/wp-content\/uploads\/2021\/03\/sebastiaopeixoto-e1630975957966.jpg","width":169,"height":300,"caption":"Sebasti\u00e3o Peixoto"},{"@type":"BreadcrumbList","@id":"https:\/\/renatodias.online\/movimento\/2021\/03\/02\/sebastiao-peixoto-muda-visual\/#breadcrumb","itemListElement":[{"@type":"ListItem","position":1,"name":"In\u00edcio","item":"https:\/\/renatodias.online\/movimento\/"},{"@type":"ListItem","position":2,"name":"Sebasti\u00e3o Peixoto muda visual"}]},{"@type":"WebSite","@id":"https:\/\/renatodias.online\/movimento\/#website","url":"https:\/\/renatodias.online\/movimento\/","name":"","description":"","publisher":{"@id":"https:\/\/renatodias.online\/movimento\/#\/schema\/person\/bbab28833b1725a20f4083f49f1fb2a9"},"potentialAction":[{"@type":"SearchAction","target":{"@type":"EntryPoint","urlTemplate":"https:\/\/renatodias.online\/movimento\/?s={search_term_string}"},"query-input":{"@type":"PropertyValueSpecification","valueRequired":true,"valueName":"search_term_string"}}],"inLanguage":"pt-BR"},{"@type":["Person","Organization"],"@id":"https:\/\/renatodias.online\/movimento\/#\/schema\/person\/bbab28833b1725a20f4083f49f1fb2a9","name":"Renato Dias","image":{"@type":"ImageObject","inLanguage":"pt-BR","@id":"https:\/\/renatodias.online\/movimento\/wp-content\/uploads\/2023\/03\/cropped-cropped-cropped-logofinal.jpeg","url":"https:\/\/renatodias.online\/movimento\/wp-content\/uploads\/2023\/03\/cropped-cropped-cropped-logofinal.jpeg","contentUrl":"https:\/\/renatodias.online\/movimento\/wp-content\/uploads\/2023\/03\/cropped-cropped-cropped-logofinal.jpeg","width":1280,"height":219,"caption":"Renato Dias"},"logo":{"@id":"https:\/\/renatodias.online\/movimento\/wp-content\/uploads\/2023\/03\/cropped-cropped-cropped-logofinal.jpeg"},"description":"Renato Dias, 58 anos, \u00e9 graduado em Jornalismo, formado em Ci\u00eancias Sociais, com p\u00f3s-gradua\u00e7\u00e3o em Pol\u00edticas P\u00fablicas, mestre em Direito e Rela\u00e7\u00f5es Internacionais, ex-aluno extraordin\u00e1rio do Doutorado em Psicologia Social, ex-estudante do Curso de Psican\u00e1lise do Centro de Estudos Psicanal\u00edticos do Estado de Goi\u00e1s, ministrado pelo m\u00e9dico psiquiatra e psicanalista Daniel Em\u00eddio de Souza. \u00c9 autor de 30 livros-reportagem, oito document\u00e1rios, ganhou 30 pr\u00eamios e \u00e9 torcedor apaixonado do maior do Centro-Oeste, o Vila Nova Futebol Clube. Casado com Meirilane Dias, \u00e9 pai de Juliana Dias, jornalista; Daniel Dias, economista; e Maria Rosa Dias, estudante antifascista, socialista e trotskista.\u00a0Com tr\u00eas pets: Porquinho [Bull Dog Franc\u00eas], Dalila [Basset Hound] e Geleia [Basset Hound]. Al\u00e9m do eterno gato Tutuquinho, que virou estrela.","sameAs":["https:\/\/www.facebook.com\/renato.dias.37","#breve","https:\/\/renatodias.tumblr.com\/"],"url":"https:\/\/renatodias.online\/movimento\/author\/renatodias\/"}]}},"_links":{"self":[{"href":"https:\/\/renatodias.online\/movimento\/wp-json\/wp\/v2\/posts\/5310","targetHints":{"allow":["GET"]}}],"collection":[{"href":"https:\/\/renatodias.online\/movimento\/wp-json\/wp\/v2\/posts"}],"about":[{"href":"https:\/\/renatodias.online\/movimento\/wp-json\/wp\/v2\/types\/post"}],"author":[{"embeddable":true,"href":"https:\/\/renatodias.online\/movimento\/wp-json\/wp\/v2\/users\/2"}],"replies":[{"embeddable":true,"href":"https:\/\/renatodias.online\/movimento\/wp-json\/wp\/v2\/comments?post=5310"}],"version-history":[{"count":1,"href":"https:\/\/renatodias.online\/movimento\/wp-json\/wp\/v2\/posts\/5310\/revisions"}],"predecessor-version":[{"id":5313,"href":"https:\/\/renatodias.online\/movimento\/wp-json\/wp\/v2\/posts\/5310\/revisions\/5313"}],"wp:featuredmedia":[{"embeddable":true,"href":"https:\/\/renatodias.online\/movimento\/wp-json\/wp\/v2\/media\/5311"}],"wp:attachment":[{"href":"https:\/\/renatodias.online\/movimento\/wp-json\/wp\/v2\/media?parent=5310"}],"wp:term":[{"taxonomy":"category","embeddable":true,"href":"https:\/\/renatodias.online\/movimento\/wp-json\/wp\/v2\/categories?post=5310"},{"taxonomy":"post_tag","embeddable":true,"href":"https:\/\/renatodias.online\/movimento\/wp-json\/wp\/v2\/tags?post=5310"}],"curies":[{"name":"wp","href":"https:\/\/api.w.org\/{rel}","templated":true}]}}