{"id":5236,"date":"2021-02-21T14:17:28","date_gmt":"2021-02-21T17:17:28","guid":{"rendered":"https:\/\/renatodias.online\/movimento\/?p=5236"},"modified":"2021-02-21T14:17:28","modified_gmt":"2021-02-21T17:17:28","slug":"psdb-devera-eleger-jose-eliton-em-maio","status":"publish","type":"post","link":"https:\/\/renatodias.online\/movimento\/2021\/02\/21\/psdb-devera-eleger-jose-eliton-em-maio\/","title":{"rendered":"PSDB dever\u00e1 eleger Jos\u00e9 Eliton em maio"},"content":{"rendered":"<p><img loading=\"lazy\" decoding=\"async\" class=\"aligncenter size-full wp-image-5098\" src=\"https:\/\/renatodias.online\/movimento\/wp-content\/uploads\/2021\/01\/Banner-do-alto-da-p\u00e1gina.png\" alt=\"\" width=\"499\" height=\"101\" srcset=\"https:\/\/renatodias.online\/movimento\/wp-content\/uploads\/2021\/01\/Banner-do-alto-da-p\u00e1gina.png 499w, https:\/\/renatodias.online\/movimento\/wp-content\/uploads\/2021\/01\/Banner-do-alto-da-p\u00e1gina-300x61.png 300w\" sizes=\"auto, (max-width: 499px) 100vw, 499px\" \/><\/p>\n<p><span style=\"color: #ff0000;\"><strong>Sob nova dire\u00e7\u00e3o<\/strong><\/span><\/p>\n<h1><strong>PSDB dever\u00e1 eleger<\/strong><\/h1>\n<h1><strong>Jos\u00e9 Eliton em maio<\/strong><\/h1>\n<p><strong>Jo\u00e3o D\u00f3ria [SP] \u00e9 o nome para enfrentar Jair Messias Bolsonaro, j\u00e1 Marconi Perillo quer vaga em Bras\u00edlia [DF] e Gustavo Sebba disputar\u00e1 a reelei\u00e7\u00e3o, informa Jardel Sebba<\/strong><\/p>\n<p>Podcast Jardel Sebba<\/p>\n<!--[if lt IE 9]><script>document.createElement('audio');<\/script><![endif]-->\n<audio class=\"wp-audio-shortcode\" id=\"audio-5236-1\" preload=\"none\" style=\"width: 100%;\" controls=\"controls\"><source type=\"audio\/ogg\" src=\"https:\/\/renatodias.online\/movimento\/wp-content\/uploads\/2021\/02\/jardelsebba21.ogg?_=1\" \/><a href=\"https:\/\/renatodias.online\/movimento\/wp-content\/uploads\/2021\/02\/jardelsebba21.ogg\">https:\/\/renatodias.online\/movimento\/wp-content\/uploads\/2021\/02\/jardelsebba21.ogg<\/a><\/audio>\n<p>&nbsp;<\/p>\n<p><strong>Renato Dias<\/strong><\/p>\n<p>Com uma plataforma republicana e n\u00e3o patrimonialista, propositiva, o PSDB faz oposi\u00e7\u00e3o dura ao atual inquilino da Casa Verde, <strong>Ronaldo Caiado<\/strong>. Do\u00a0 Democratas. \u00c9 o que anuncia <strong>Jardel Sebba<\/strong>, ex &#8211; presidente da Assembleia Legislativa do Estado de Goi\u00e1s por tr\u00eas vezes. A atual gest\u00e3o estadual \u00e9 med\u00edocre, lamenta o tucano.<\/p>\n<figure id=\"attachment_5230\" aria-describedby=\"caption-attachment-5230\" style=\"width: 277px\" class=\"wp-caption aligncenter\"><img loading=\"lazy\" decoding=\"async\" class=\"wp-image-5230 size-full\" src=\"https:\/\/renatodias.online\/movimento\/wp-content\/uploads\/2021\/02\/joseeliton.jpeg\" alt=\"Jos\u00e9 Eliton\" width=\"277\" height=\"182\" \/><figcaption id=\"caption-attachment-5230\" class=\"wp-caption-text\">Jos\u00e9 Eliton<\/figcaption><\/figure>\n<p><strong>_ Para ser classificada e rotulada como ruim deve melhorar muito ainda [Risos].<\/strong><\/p>\n<p>&nbsp;<\/p>\n<p>Deputado estadual por quatro mandatos consecutivos, o ex &#8211; prefeito de Catal\u00e3o informa com exclusividade que o PSDB ir\u00e1 eleger novo diret\u00f3rio estadual em maio de 2021. O advogado <strong>Jos\u00e9 Eliton de Figueiredo J\u00fanior<\/strong> deve assumir a presid\u00eancia da sigla. <strong>J\u00e2nio Carlos Darrot<\/strong> \u00e9 cotado para concorrer ao Governo Estadual, revela.<\/p>\n<figure id=\"attachment_5231\" aria-describedby=\"caption-attachment-5231\" style=\"width: 344px\" class=\"wp-caption aligncenter\"><img loading=\"lazy\" decoding=\"async\" class=\"wp-image-5231\" title=\"Marconi Perillo\" src=\"https:\/\/renatodias.online\/movimento\/wp-content\/uploads\/2021\/02\/marconiperilo-1024x682.jpeg\" alt=\"Marconi Perillo\" width=\"344\" height=\"229\" srcset=\"https:\/\/renatodias.online\/movimento\/wp-content\/uploads\/2021\/02\/marconiperilo-1024x682.jpeg 1024w, https:\/\/renatodias.online\/movimento\/wp-content\/uploads\/2021\/02\/marconiperilo-300x200.jpeg 300w, https:\/\/renatodias.online\/movimento\/wp-content\/uploads\/2021\/02\/marconiperilo-768x512.jpeg 768w, https:\/\/renatodias.online\/movimento\/wp-content\/uploads\/2021\/02\/marconiperilo-360x240.jpeg 360w, https:\/\/renatodias.online\/movimento\/wp-content\/uploads\/2021\/02\/marconiperilo-750x500.jpeg 750w, https:\/\/renatodias.online\/movimento\/wp-content\/uploads\/2021\/02\/marconiperilo.jpeg 1280w\" sizes=\"auto, (max-width: 344px) 100vw, 344px\" \/><figcaption id=\"caption-attachment-5231\" class=\"wp-caption-text\">Marconi Perillo<\/figcaption><\/figure>\n<p><strong>_ Marconi Perillo \u00e9 candidato a deputado federal.<\/strong><\/p>\n<p>&nbsp;<\/p>\n<p><strong>Reestrutura\u00e7\u00e3o interna<\/strong><\/p>\n<p><strong>Jardel Sebba<\/strong> conta que a estrat\u00e9gia pol\u00edtica, hoje, \u00e9 organizar a legenda para 2022. Nos 246 munic\u00edpios de Goi\u00e1s, pontua. O governador de S\u00e3o Paulo, <strong>Jo\u00e3o D\u00f3ria<\/strong>, \u00e9 o nome natural para a corrida presidencial, dispara. O deputado estadual <strong>Gustavo Sebba<\/strong> buscar\u00e1 um terceiro mandato, frisa. Uma cadeira no Pal\u00e1cio Alfredo Nasser, sublinha.<\/p>\n<figure id=\"attachment_5228\" aria-describedby=\"caption-attachment-5228\" style=\"width: 629px\" class=\"wp-caption aligncenter\"><img loading=\"lazy\" decoding=\"async\" class=\"size-full wp-image-5228\" src=\"https:\/\/renatodias.online\/movimento\/wp-content\/uploads\/2021\/02\/J\u00e2nio-Carlos-Darrot.jpeg\" alt=\"\" width=\"629\" height=\"408\" srcset=\"https:\/\/renatodias.online\/movimento\/wp-content\/uploads\/2021\/02\/J\u00e2nio-Carlos-Darrot.jpeg 629w, https:\/\/renatodias.online\/movimento\/wp-content\/uploads\/2021\/02\/J\u00e2nio-Carlos-Darrot-300x195.jpeg 300w\" sizes=\"auto, (max-width: 629px) 100vw, 629px\" \/><figcaption id=\"caption-attachment-5228\" class=\"wp-caption-text\">J\u00e2nio Carlos Darrot<\/figcaption><\/figure>\n<p><strong>_ A minha miss\u00e3o, democr\u00e1tica e republicana, \u00e9 auxiliar Jos\u00e9 Eliton na reorganiza\u00e7\u00e3o do PSDB e na conversa com aliados pol\u00edticos e eleitorais<\/strong>.<\/p>\n","protected":false},"excerpt":{"rendered":"<p>Sob nova dire\u00e7\u00e3o PSDB dever\u00e1 eleger Jos\u00e9 Eliton em maio Jo\u00e3o D\u00f3ria [SP] \u00e9 o nome para enfrentar Jair Messias Bolsonaro, j\u00e1 Marconi Perillo quer vaga em Bras\u00edlia [DF] e Gustavo Sebba disputar\u00e1 a reelei\u00e7\u00e3o, informa Jardel Sebba Podcast Jardel Sebba &nbsp; Renato Dias Com uma plataforma republicana e n\u00e3o patrimonialista, propositiva, o PSDB faz<\/p>\n","protected":false},"author":2,"featured_media":5237,"comment_status":"open","ping_status":"open","sticky":false,"template":"","format":"standard","meta":{"_acf_changed":false,"_monsterinsights_skip_tracking":false,"_monsterinsights_sitenote_active":false,"_monsterinsights_sitenote_note":"","_monsterinsights_sitenote_category":0,"footnotes":""},"categories":[4],"tags":[],"class_list":["post-5236","post","type-post","status-publish","format-standard","has-post-thumbnail","hentry","category-politica"],"acf":[],"yoast_head":"<!-- This site is optimized with the Yoast SEO plugin v27.4 - https:\/\/yoast.com\/product\/yoast-seo-wordpress\/ -->\n<title>PSDB dever\u00e1 eleger Jos\u00e9 Eliton em maio -<\/title>\n<meta name=\"robots\" content=\"index, follow, max-snippet:-1, max-image-preview:large, max-video-preview:-1\" \/>\n<link rel=\"canonical\" href=\"https:\/\/renatodias.online\/movimento\/2021\/02\/21\/psdb-devera-eleger-jose-eliton-em-maio\/\" \/>\n<meta property=\"og:locale\" content=\"pt_BR\" \/>\n<meta property=\"og:type\" content=\"article\" \/>\n<meta property=\"og:title\" content=\"PSDB dever\u00e1 eleger Jos\u00e9 Eliton em maio -\" \/>\n<meta property=\"og:description\" content=\"Sob nova dire\u00e7\u00e3o PSDB dever\u00e1 eleger Jos\u00e9 Eliton em maio Jo\u00e3o D\u00f3ria [SP] \u00e9 o nome para enfrentar Jair Messias Bolsonaro, j\u00e1 Marconi Perillo quer vaga em Bras\u00edlia [DF] e Gustavo Sebba disputar\u00e1 a reelei\u00e7\u00e3o, informa Jardel Sebba Podcast Jardel Sebba &nbsp; Renato Dias Com uma plataforma republicana e n\u00e3o patrimonialista, propositiva, o PSDB faz\" \/>\n<meta property=\"og:url\" content=\"https:\/\/renatodias.online\/movimento\/2021\/02\/21\/psdb-devera-eleger-jose-eliton-em-maio\/\" \/>\n<meta property=\"article:publisher\" content=\"https:\/\/www.facebook.com\/renato.dias.37\" \/>\n<meta property=\"article:author\" content=\"https:\/\/www.facebook.com\/renato.dias.37\" \/>\n<meta property=\"article:published_time\" content=\"2021-02-21T17:17:28+00:00\" \/>\n<meta property=\"og:image\" content=\"https:\/\/renatodias.online\/movimento\/wp-content\/uploads\/2021\/02\/WhatsApp-Image-2021-02-20-at-21.25.27.jpeg\" \/>\n\t<meta property=\"og:image:width\" content=\"720\" \/>\n\t<meta property=\"og:image:height\" content=\"480\" \/>\n\t<meta property=\"og:image:type\" content=\"image\/jpeg\" \/>\n<meta name=\"author\" content=\"Renato Dias\" \/>\n<meta name=\"twitter:card\" content=\"summary_large_image\" \/>\n<meta name=\"twitter:creator\" content=\"@RenatoDiasBat\" \/>\n<meta name=\"twitter:site\" content=\"@RenatoDiasBat\" \/>\n<meta name=\"twitter:label1\" content=\"Escrito por\" \/>\n\t<meta name=\"twitter:data1\" content=\"Renato Dias\" \/>\n\t<meta name=\"twitter:label2\" content=\"Est. tempo de leitura\" \/>\n\t<meta name=\"twitter:data2\" content=\"2 minutos\" \/>\n<script type=\"application\/ld+json\" class=\"yoast-schema-graph\">{\"@context\":\"https:\\\/\\\/schema.org\",\"@graph\":[{\"@type\":\"Article\",\"@id\":\"https:\\\/\\\/renatodias.online\\\/movimento\\\/2021\\\/02\\\/21\\\/psdb-devera-eleger-jose-eliton-em-maio\\\/#article\",\"isPartOf\":{\"@id\":\"https:\\\/\\\/renatodias.online\\\/movimento\\\/2021\\\/02\\\/21\\\/psdb-devera-eleger-jose-eliton-em-maio\\\/\"},\"author\":{\"name\":\"Renato Dias\",\"@id\":\"https:\\\/\\\/renatodias.online\\\/movimento\\\/#\\\/schema\\\/person\\\/bbab28833b1725a20f4083f49f1fb2a9\"},\"headline\":\"PSDB dever\u00e1 eleger Jos\u00e9 Eliton em maio\",\"datePublished\":\"2021-02-21T17:17:28+00:00\",\"mainEntityOfPage\":{\"@id\":\"https:\\\/\\\/renatodias.online\\\/movimento\\\/2021\\\/02\\\/21\\\/psdb-devera-eleger-jose-eliton-em-maio\\\/\"},\"wordCount\":309,\"commentCount\":0,\"publisher\":{\"@id\":\"https:\\\/\\\/renatodias.online\\\/movimento\\\/#\\\/schema\\\/person\\\/bbab28833b1725a20f4083f49f1fb2a9\"},\"image\":{\"@id\":\"https:\\\/\\\/renatodias.online\\\/movimento\\\/2021\\\/02\\\/21\\\/psdb-devera-eleger-jose-eliton-em-maio\\\/#primaryimage\"},\"thumbnailUrl\":\"https:\\\/\\\/renatodias.online\\\/movimento\\\/wp-content\\\/uploads\\\/2021\\\/02\\\/WhatsApp-Image-2021-02-20-at-21.25.27.jpeg\",\"articleSection\":[\"Pol\u00edtica\"],\"inLanguage\":\"pt-BR\",\"potentialAction\":[{\"@type\":\"CommentAction\",\"name\":\"Comment\",\"target\":[\"https:\\\/\\\/renatodias.online\\\/movimento\\\/2021\\\/02\\\/21\\\/psdb-devera-eleger-jose-eliton-em-maio\\\/#respond\"]}]},{\"@type\":\"WebPage\",\"@id\":\"https:\\\/\\\/renatodias.online\\\/movimento\\\/2021\\\/02\\\/21\\\/psdb-devera-eleger-jose-eliton-em-maio\\\/\",\"url\":\"https:\\\/\\\/renatodias.online\\\/movimento\\\/2021\\\/02\\\/21\\\/psdb-devera-eleger-jose-eliton-em-maio\\\/\",\"name\":\"PSDB dever\u00e1 eleger Jos\u00e9 Eliton em maio -\",\"isPartOf\":{\"@id\":\"https:\\\/\\\/renatodias.online\\\/movimento\\\/#website\"},\"primaryImageOfPage\":{\"@id\":\"https:\\\/\\\/renatodias.online\\\/movimento\\\/2021\\\/02\\\/21\\\/psdb-devera-eleger-jose-eliton-em-maio\\\/#primaryimage\"},\"image\":{\"@id\":\"https:\\\/\\\/renatodias.online\\\/movimento\\\/2021\\\/02\\\/21\\\/psdb-devera-eleger-jose-eliton-em-maio\\\/#primaryimage\"},\"thumbnailUrl\":\"https:\\\/\\\/renatodias.online\\\/movimento\\\/wp-content\\\/uploads\\\/2021\\\/02\\\/WhatsApp-Image-2021-02-20-at-21.25.27.jpeg\",\"datePublished\":\"2021-02-21T17:17:28+00:00\",\"breadcrumb\":{\"@id\":\"https:\\\/\\\/renatodias.online\\\/movimento\\\/2021\\\/02\\\/21\\\/psdb-devera-eleger-jose-eliton-em-maio\\\/#breadcrumb\"},\"inLanguage\":\"pt-BR\",\"potentialAction\":[{\"@type\":\"ReadAction\",\"target\":[\"https:\\\/\\\/renatodias.online\\\/movimento\\\/2021\\\/02\\\/21\\\/psdb-devera-eleger-jose-eliton-em-maio\\\/\"]}]},{\"@type\":\"ImageObject\",\"inLanguage\":\"pt-BR\",\"@id\":\"https:\\\/\\\/renatodias.online\\\/movimento\\\/2021\\\/02\\\/21\\\/psdb-devera-eleger-jose-eliton-em-maio\\\/#primaryimage\",\"url\":\"https:\\\/\\\/renatodias.online\\\/movimento\\\/wp-content\\\/uploads\\\/2021\\\/02\\\/WhatsApp-Image-2021-02-20-at-21.25.27.jpeg\",\"contentUrl\":\"https:\\\/\\\/renatodias.online\\\/movimento\\\/wp-content\\\/uploads\\\/2021\\\/02\\\/WhatsApp-Image-2021-02-20-at-21.25.27.jpeg\",\"width\":720,\"height\":480,\"caption\":\"Jardel Sebba\"},{\"@type\":\"BreadcrumbList\",\"@id\":\"https:\\\/\\\/renatodias.online\\\/movimento\\\/2021\\\/02\\\/21\\\/psdb-devera-eleger-jose-eliton-em-maio\\\/#breadcrumb\",\"itemListElement\":[{\"@type\":\"ListItem\",\"position\":1,\"name\":\"In\u00edcio\",\"item\":\"https:\\\/\\\/renatodias.online\\\/movimento\\\/\"},{\"@type\":\"ListItem\",\"position\":2,\"name\":\"PSDB dever\u00e1 eleger Jos\u00e9 Eliton em maio\"}]},{\"@type\":\"WebSite\",\"@id\":\"https:\\\/\\\/renatodias.online\\\/movimento\\\/#website\",\"url\":\"https:\\\/\\\/renatodias.online\\\/movimento\\\/\",\"name\":\"\",\"description\":\"\",\"publisher\":{\"@id\":\"https:\\\/\\\/renatodias.online\\\/movimento\\\/#\\\/schema\\\/person\\\/bbab28833b1725a20f4083f49f1fb2a9\"},\"potentialAction\":[{\"@type\":\"SearchAction\",\"target\":{\"@type\":\"EntryPoint\",\"urlTemplate\":\"https:\\\/\\\/renatodias.online\\\/movimento\\\/?s={search_term_string}\"},\"query-input\":{\"@type\":\"PropertyValueSpecification\",\"valueRequired\":true,\"valueName\":\"search_term_string\"}}],\"inLanguage\":\"pt-BR\"},{\"@type\":[\"Person\",\"Organization\"],\"@id\":\"https:\\\/\\\/renatodias.online\\\/movimento\\\/#\\\/schema\\\/person\\\/bbab28833b1725a20f4083f49f1fb2a9\",\"name\":\"Renato Dias\",\"image\":{\"@type\":\"ImageObject\",\"inLanguage\":\"pt-BR\",\"@id\":\"https:\\\/\\\/renatodias.online\\\/movimento\\\/wp-content\\\/uploads\\\/2023\\\/03\\\/cropped-cropped-cropped-logofinal.jpeg\",\"url\":\"https:\\\/\\\/renatodias.online\\\/movimento\\\/wp-content\\\/uploads\\\/2023\\\/03\\\/cropped-cropped-cropped-logofinal.jpeg\",\"contentUrl\":\"https:\\\/\\\/renatodias.online\\\/movimento\\\/wp-content\\\/uploads\\\/2023\\\/03\\\/cropped-cropped-cropped-logofinal.jpeg\",\"width\":1280,\"height\":219,\"caption\":\"Renato Dias\"},\"logo\":{\"@id\":\"https:\\\/\\\/renatodias.online\\\/movimento\\\/wp-content\\\/uploads\\\/2023\\\/03\\\/cropped-cropped-cropped-logofinal.jpeg\"},\"description\":\"Renato Dias, 58 anos, \u00e9 graduado em Jornalismo, formado em Ci\u00eancias Sociais, com p\u00f3s-gradua\u00e7\u00e3o em Pol\u00edticas P\u00fablicas, mestre em Direito e Rela\u00e7\u00f5es Internacionais, ex-aluno extraordin\u00e1rio do Doutorado em Psicologia Social, ex-estudante do Curso de Psican\u00e1lise do Centro de Estudos Psicanal\u00edticos do Estado de Goi\u00e1s, ministrado pelo m\u00e9dico psiquiatra e psicanalista Daniel Em\u00eddio de Souza. \u00c9 autor de 30 livros-reportagem, oito document\u00e1rios, ganhou 30 pr\u00eamios e \u00e9 torcedor apaixonado do maior do Centro-Oeste, o Vila Nova Futebol Clube. Casado com Meirilane Dias, \u00e9 pai de Juliana Dias, jornalista; Daniel Dias, economista; e Maria Rosa Dias, estudante antifascista, socialista e trotskista.\u00a0Com tr\u00eas pets: Porquinho [Bull Dog Franc\u00eas], Dalila [Basset Hound] e Geleia [Basset Hound]. Al\u00e9m do eterno gato Tutuquinho, que virou estrela.\",\"sameAs\":[\"https:\\\/\\\/www.facebook.com\\\/renato.dias.37\",\"#breve\",\"https:\\\/\\\/renatodias.tumblr.com\\\/\"],\"url\":\"https:\\\/\\\/renatodias.online\\\/movimento\\\/author\\\/renatodias\\\/\"}]}<\/script>\n<!-- \/ Yoast SEO plugin. -->","yoast_head_json":{"title":"PSDB dever\u00e1 eleger Jos\u00e9 Eliton em maio -","robots":{"index":"index","follow":"follow","max-snippet":"max-snippet:-1","max-image-preview":"max-image-preview:large","max-video-preview":"max-video-preview:-1"},"canonical":"https:\/\/renatodias.online\/movimento\/2021\/02\/21\/psdb-devera-eleger-jose-eliton-em-maio\/","og_locale":"pt_BR","og_type":"article","og_title":"PSDB dever\u00e1 eleger Jos\u00e9 Eliton em maio -","og_description":"Sob nova dire\u00e7\u00e3o PSDB dever\u00e1 eleger Jos\u00e9 Eliton em maio Jo\u00e3o D\u00f3ria [SP] \u00e9 o nome para enfrentar Jair Messias Bolsonaro, j\u00e1 Marconi Perillo quer vaga em Bras\u00edlia [DF] e Gustavo Sebba disputar\u00e1 a reelei\u00e7\u00e3o, informa Jardel Sebba Podcast Jardel Sebba &nbsp; Renato Dias Com uma plataforma republicana e n\u00e3o patrimonialista, propositiva, o PSDB faz","og_url":"https:\/\/renatodias.online\/movimento\/2021\/02\/21\/psdb-devera-eleger-jose-eliton-em-maio\/","article_publisher":"https:\/\/www.facebook.com\/renato.dias.37","article_author":"https:\/\/www.facebook.com\/renato.dias.37","article_published_time":"2021-02-21T17:17:28+00:00","og_image":[{"width":720,"height":480,"url":"https:\/\/renatodias.online\/movimento\/wp-content\/uploads\/2021\/02\/WhatsApp-Image-2021-02-20-at-21.25.27.jpeg","type":"image\/jpeg"}],"author":"Renato Dias","twitter_card":"summary_large_image","twitter_creator":"@RenatoDiasBat","twitter_site":"@RenatoDiasBat","twitter_misc":{"Escrito por":"Renato Dias","Est. tempo de leitura":"2 minutos"},"schema":{"@context":"https:\/\/schema.org","@graph":[{"@type":"Article","@id":"https:\/\/renatodias.online\/movimento\/2021\/02\/21\/psdb-devera-eleger-jose-eliton-em-maio\/#article","isPartOf":{"@id":"https:\/\/renatodias.online\/movimento\/2021\/02\/21\/psdb-devera-eleger-jose-eliton-em-maio\/"},"author":{"name":"Renato Dias","@id":"https:\/\/renatodias.online\/movimento\/#\/schema\/person\/bbab28833b1725a20f4083f49f1fb2a9"},"headline":"PSDB dever\u00e1 eleger Jos\u00e9 Eliton em maio","datePublished":"2021-02-21T17:17:28+00:00","mainEntityOfPage":{"@id":"https:\/\/renatodias.online\/movimento\/2021\/02\/21\/psdb-devera-eleger-jose-eliton-em-maio\/"},"wordCount":309,"commentCount":0,"publisher":{"@id":"https:\/\/renatodias.online\/movimento\/#\/schema\/person\/bbab28833b1725a20f4083f49f1fb2a9"},"image":{"@id":"https:\/\/renatodias.online\/movimento\/2021\/02\/21\/psdb-devera-eleger-jose-eliton-em-maio\/#primaryimage"},"thumbnailUrl":"https:\/\/renatodias.online\/movimento\/wp-content\/uploads\/2021\/02\/WhatsApp-Image-2021-02-20-at-21.25.27.jpeg","articleSection":["Pol\u00edtica"],"inLanguage":"pt-BR","potentialAction":[{"@type":"CommentAction","name":"Comment","target":["https:\/\/renatodias.online\/movimento\/2021\/02\/21\/psdb-devera-eleger-jose-eliton-em-maio\/#respond"]}]},{"@type":"WebPage","@id":"https:\/\/renatodias.online\/movimento\/2021\/02\/21\/psdb-devera-eleger-jose-eliton-em-maio\/","url":"https:\/\/renatodias.online\/movimento\/2021\/02\/21\/psdb-devera-eleger-jose-eliton-em-maio\/","name":"PSDB dever\u00e1 eleger Jos\u00e9 Eliton em maio -","isPartOf":{"@id":"https:\/\/renatodias.online\/movimento\/#website"},"primaryImageOfPage":{"@id":"https:\/\/renatodias.online\/movimento\/2021\/02\/21\/psdb-devera-eleger-jose-eliton-em-maio\/#primaryimage"},"image":{"@id":"https:\/\/renatodias.online\/movimento\/2021\/02\/21\/psdb-devera-eleger-jose-eliton-em-maio\/#primaryimage"},"thumbnailUrl":"https:\/\/renatodias.online\/movimento\/wp-content\/uploads\/2021\/02\/WhatsApp-Image-2021-02-20-at-21.25.27.jpeg","datePublished":"2021-02-21T17:17:28+00:00","breadcrumb":{"@id":"https:\/\/renatodias.online\/movimento\/2021\/02\/21\/psdb-devera-eleger-jose-eliton-em-maio\/#breadcrumb"},"inLanguage":"pt-BR","potentialAction":[{"@type":"ReadAction","target":["https:\/\/renatodias.online\/movimento\/2021\/02\/21\/psdb-devera-eleger-jose-eliton-em-maio\/"]}]},{"@type":"ImageObject","inLanguage":"pt-BR","@id":"https:\/\/renatodias.online\/movimento\/2021\/02\/21\/psdb-devera-eleger-jose-eliton-em-maio\/#primaryimage","url":"https:\/\/renatodias.online\/movimento\/wp-content\/uploads\/2021\/02\/WhatsApp-Image-2021-02-20-at-21.25.27.jpeg","contentUrl":"https:\/\/renatodias.online\/movimento\/wp-content\/uploads\/2021\/02\/WhatsApp-Image-2021-02-20-at-21.25.27.jpeg","width":720,"height":480,"caption":"Jardel Sebba"},{"@type":"BreadcrumbList","@id":"https:\/\/renatodias.online\/movimento\/2021\/02\/21\/psdb-devera-eleger-jose-eliton-em-maio\/#breadcrumb","itemListElement":[{"@type":"ListItem","position":1,"name":"In\u00edcio","item":"https:\/\/renatodias.online\/movimento\/"},{"@type":"ListItem","position":2,"name":"PSDB dever\u00e1 eleger Jos\u00e9 Eliton em maio"}]},{"@type":"WebSite","@id":"https:\/\/renatodias.online\/movimento\/#website","url":"https:\/\/renatodias.online\/movimento\/","name":"","description":"","publisher":{"@id":"https:\/\/renatodias.online\/movimento\/#\/schema\/person\/bbab28833b1725a20f4083f49f1fb2a9"},"potentialAction":[{"@type":"SearchAction","target":{"@type":"EntryPoint","urlTemplate":"https:\/\/renatodias.online\/movimento\/?s={search_term_string}"},"query-input":{"@type":"PropertyValueSpecification","valueRequired":true,"valueName":"search_term_string"}}],"inLanguage":"pt-BR"},{"@type":["Person","Organization"],"@id":"https:\/\/renatodias.online\/movimento\/#\/schema\/person\/bbab28833b1725a20f4083f49f1fb2a9","name":"Renato Dias","image":{"@type":"ImageObject","inLanguage":"pt-BR","@id":"https:\/\/renatodias.online\/movimento\/wp-content\/uploads\/2023\/03\/cropped-cropped-cropped-logofinal.jpeg","url":"https:\/\/renatodias.online\/movimento\/wp-content\/uploads\/2023\/03\/cropped-cropped-cropped-logofinal.jpeg","contentUrl":"https:\/\/renatodias.online\/movimento\/wp-content\/uploads\/2023\/03\/cropped-cropped-cropped-logofinal.jpeg","width":1280,"height":219,"caption":"Renato Dias"},"logo":{"@id":"https:\/\/renatodias.online\/movimento\/wp-content\/uploads\/2023\/03\/cropped-cropped-cropped-logofinal.jpeg"},"description":"Renato Dias, 58 anos, \u00e9 graduado em Jornalismo, formado em Ci\u00eancias Sociais, com p\u00f3s-gradua\u00e7\u00e3o em Pol\u00edticas P\u00fablicas, mestre em Direito e Rela\u00e7\u00f5es Internacionais, ex-aluno extraordin\u00e1rio do Doutorado em Psicologia Social, ex-estudante do Curso de Psican\u00e1lise do Centro de Estudos Psicanal\u00edticos do Estado de Goi\u00e1s, ministrado pelo m\u00e9dico psiquiatra e psicanalista Daniel Em\u00eddio de Souza. \u00c9 autor de 30 livros-reportagem, oito document\u00e1rios, ganhou 30 pr\u00eamios e \u00e9 torcedor apaixonado do maior do Centro-Oeste, o Vila Nova Futebol Clube. Casado com Meirilane Dias, \u00e9 pai de Juliana Dias, jornalista; Daniel Dias, economista; e Maria Rosa Dias, estudante antifascista, socialista e trotskista.\u00a0Com tr\u00eas pets: Porquinho [Bull Dog Franc\u00eas], Dalila [Basset Hound] e Geleia [Basset Hound]. Al\u00e9m do eterno gato Tutuquinho, que virou estrela.","sameAs":["https:\/\/www.facebook.com\/renato.dias.37","#breve","https:\/\/renatodias.tumblr.com\/"],"url":"https:\/\/renatodias.online\/movimento\/author\/renatodias\/"}]}},"_links":{"self":[{"href":"https:\/\/renatodias.online\/movimento\/wp-json\/wp\/v2\/posts\/5236","targetHints":{"allow":["GET"]}}],"collection":[{"href":"https:\/\/renatodias.online\/movimento\/wp-json\/wp\/v2\/posts"}],"about":[{"href":"https:\/\/renatodias.online\/movimento\/wp-json\/wp\/v2\/types\/post"}],"author":[{"embeddable":true,"href":"https:\/\/renatodias.online\/movimento\/wp-json\/wp\/v2\/users\/2"}],"replies":[{"embeddable":true,"href":"https:\/\/renatodias.online\/movimento\/wp-json\/wp\/v2\/comments?post=5236"}],"version-history":[{"count":1,"href":"https:\/\/renatodias.online\/movimento\/wp-json\/wp\/v2\/posts\/5236\/revisions"}],"predecessor-version":[{"id":5239,"href":"https:\/\/renatodias.online\/movimento\/wp-json\/wp\/v2\/posts\/5236\/revisions\/5239"}],"wp:featuredmedia":[{"embeddable":true,"href":"https:\/\/renatodias.online\/movimento\/wp-json\/wp\/v2\/media\/5237"}],"wp:attachment":[{"href":"https:\/\/renatodias.online\/movimento\/wp-json\/wp\/v2\/media?parent=5236"}],"wp:term":[{"taxonomy":"category","embeddable":true,"href":"https:\/\/renatodias.online\/movimento\/wp-json\/wp\/v2\/categories?post=5236"},{"taxonomy":"post_tag","embeddable":true,"href":"https:\/\/renatodias.online\/movimento\/wp-json\/wp\/v2\/tags?post=5236"}],"curies":[{"name":"wp","href":"https:\/\/api.w.org\/{rel}","templated":true}]}}