{"id":523,"date":"2019-03-27T00:06:53","date_gmt":"2019-03-27T03:06:53","guid":{"rendered":"http:\/\/renatodias.online\/web\/?p=523"},"modified":"2019-03-27T00:06:53","modified_gmt":"2019-03-27T03:06:53","slug":"humor-corrosivo-de-glauco-goes","status":"publish","type":"post","link":"https:\/\/renatodias.online\/movimento\/2019\/03\/27\/humor-corrosivo-de-glauco-goes\/","title":{"rendered":"Humor corrosivo de Glauco G\u00f3es"},"content":{"rendered":"<p>\t\t\t\t<strong>Tarja &#8211; Je suis liberdade<\/strong><\/p>\n<p><strong>E S P E C I A L<\/strong><\/p>\n<p><strong>Humor corrosivo de Glauco G\u00f3es<\/strong><\/p>\n<p><strong>n\u00e3o poupa petistas nem tucanos<\/strong><\/p>\n<p><strong>&nbsp;<\/strong><\/p>\n<p><strong>Os \u2018tra\u00e7os\u2019 do chargista s\u00e3o originais<\/strong><\/p>\n<p><strong>Corrosivo, ele traz um humor inteligente<\/strong><\/p>\n<p><strong>Nem a Revista Veja escapa de suas investidas<\/strong><\/p>\n<p><strong>Ele \u00e9 autor do livro de cartuns \u201cDeu no Jornal\u201d<\/strong><\/p>\n<p><strong>Renato Dias<\/strong><\/p>\n<p><strong>Da Editoria de Pol\u00edtica e Justi\u00e7a<\/strong><\/p>\n<p>Corrosivo no humor \u00e1cido, os seus tra\u00e7os s\u00e3o originais. Artista pl\u00e1stico e tamb\u00e9m ilustrador, o chargista Glauco G\u00f3es \u00e9 a coqueluche, hoje, nas redes sociais. Irreverente, ele abusa desde a alta dos combust\u00edveis, passa pelo esc\u00e2ndalo da Petrobr\u00e1s e at\u00e9 tira sarro da revista Veja, classificada pelo jornalista investigativo Ricardo Kotscho,como um verdadeiro \u2018panfleto, hoje\u2019<a href=\"http:\/\/renatodias.online\/web\/wp-content\/uploads\/2019\/03\/Glauco1.jpg\"><img loading=\"lazy\" decoding=\"async\" class=\"size-medium wp-image-525 alignright\" src=\"http:\/\/renatodias.online\/web\/wp-content\/uploads\/2019\/03\/Glauco1-300x237.jpg\" alt=\"\" width=\"300\" height=\"237\"><\/a><\/p>\n<p>\u00c9 com a crise de abastecimento de \u00e1gua em S\u00e3o Paulo, adocicada pelo governador de S\u00e3o Paulo, Geraldo Alckmin [PSDB], que o ex-integrante do \u201cVirado Paulista\u201d, de O Pasquim, tem tirado o sono do tucanato. Ex-editor de arte da Funda\u00e7\u00e3o Ubaldino do Amaral, mantenedora do jornal Cruzeiro do Sul, ele n\u00e3o poupa, um dia sequer, o inquilino do Pal\u00e1cio do Bandeirante.<\/p>\n<p>Autor do livro \u201cDeu no jornal\u201d, Glauco G\u00f3es informa com exclusividade ao <strong>Di\u00e1rio da Manh\u00e3<\/strong> ter produzido in\u00fameras capas de livros. Preto no branco: o homem j\u00e1 participou dos Sal\u00f5es de Humor de Piracicaba [SP], Recife {PE], Rio de Janeiro [RJ] e Manaus [AM], assim como realizou mais de 15 exposi\u00e7\u00f5es de artes. Na \u00e1rea publicit\u00e1ria, desenvolve projetos gr\u00e1ficos e logomarcas.<\/p>\n<p><a href=\"http:\/\/renatodias.online\/web\/wp-content\/uploads\/2019\/03\/Glauco2.jpg\"><img loading=\"lazy\" decoding=\"async\" class=\"size-medium wp-image-526 alignleft\" src=\"http:\/\/renatodias.online\/web\/wp-content\/uploads\/2019\/03\/Glauco2-300x268.jpg\" alt=\"\" width=\"300\" height=\"268\"><\/a>Ele \u00e9 um dos cr\u00edticos mais contumazes dos costumes da contemporaneidade no Brasil. O Big Brother Brasil [BBB], pilotado por Pedro Bial, programa da Rede Globo de televis\u00e3o, \u00e9 alvo de sua f\u00faria iconoclasta. Com as suas rapidinhas sexuais debaixo dos edredons. Nem o pau de selfie escapa de sua metralhadora girat\u00f3ria. Esse culto ao narcisismo que marca 2015.<\/p>\n<p>Argentino, o papa Jorge Bergoglio, que en\u00adtrou para a hist\u00f3ria da Igreja Cat\u00f3lica no s\u00e9culo 21 como Papa Francisco, est\u00e1 sob a sua mira. Agora, \u00e9 com as estripulias no Congresso Nacional, em Bras\u00edlia, onde deputados federais e senadores da Rep\u00fablica brincam com o dinheiro p\u00fablico e a paci\u00eancia do eleitor verde e amarelo que o cartunista faz \u2018gato e sapato\u2019.<a href=\"http:\/\/renatodias.online\/web\/wp-content\/uploads\/2019\/03\/Glauco6.jpg\"><img loading=\"lazy\" decoding=\"async\" class=\"size-medium wp-image-528 alignright\" src=\"http:\/\/renatodias.online\/web\/wp-content\/uploads\/2019\/03\/Glauco6-300x214.jpg\" alt=\"\" width=\"300\" height=\"214\"><\/a><\/p>\n<p>Os supostos abusos da Pol\u00edcia Federal [PF], em suas a\u00e7\u00f5es espetaculares de combate \u00e0 corrup\u00e7\u00e3o que grassa o Brasil do Oiapoque ao Chu\u00ed, que ferem direitos e garantias individuais, aparecem em seus desenhos. Calor descomunal? Tome pau de Glauco G\u00f3es. Sob os len\u00e7\u00f3is, ironias e mais ironias em rela\u00e7\u00e3o aos 50 tons de cinza e suas vers\u00f5es sadomasoquistas [sadomas\u00f4].<a href=\"http:\/\/renatodias.online\/web\/wp-content\/uploads\/2019\/03\/Glauco4.jpg\"><img loading=\"lazy\" decoding=\"async\" class=\"size-medium wp-image-527 alignleft\" src=\"http:\/\/renatodias.online\/web\/wp-content\/uploads\/2019\/03\/Glauco4-300x221.jpg\" alt=\"\" width=\"300\" height=\"221\"><\/a><\/p>\n<p>O ataque ao Charlie Hebdo, revista sat\u00edrica produzida em Paris, Fran\u00e7a, lhe causou uma indigna\u00e7\u00e3o visceral. Cartunistas franceses foram mortos por terroristas em nome de Maom\u00e9, o fundador do Islamismo. A solidariedade dos seu tra\u00e7os derramaram l\u00e1grimas &amp; l\u00e1grimas, relata, emocionado. Uma afronta radical \u00e0 liberdade de express\u00e3o e opini\u00e3o e \u00e0 humanidade, denuncia ele.<\/p>\n<p><strong>Multifacetado<\/strong><\/p>\n<p>Com um talento multifacetado, como ilustrador, ele d\u00e1 vida e cor a livros, cartilhas, jornais e revistas. Glauco G\u00f3es relata ao <strong>Di\u00e1rio da Manh\u00e3<\/strong> <a href=\"http:\/\/renatodias.online\/web\/wp-content\/uploads\/2019\/03\/Glauco9.jpg\"><img loading=\"lazy\" decoding=\"async\" class=\"size-medium wp-image-529 alignright\" src=\"http:\/\/renatodias.online\/web\/wp-content\/uploads\/2019\/03\/Glauco9-300x235.jpg\" alt=\"\" width=\"300\" height=\"235\"><\/a>tamb\u00e9m que cria personagens para li\u00advros infanto-juvenis, campanhas publicit\u00e1rias e internas de grandes empresas. Como artista pl\u00e1stico, o cartunista revela uma arte \u00fanica. \u201cUm mundo de cores, formas e muita criatividade\u201d.<\/p>\n<p>Glauco G\u00f3es \u00e9 casado com a jornalista Fl\u00e1via Adalgisa de Almeida, ex-Fant\u00e1stico, TV Globo, papa-pr\u00eamios de jornalismo, como o 1\u00ba lugar do Pr\u00eamio de Jornalismo Vladimir Herzog, em uma reportagem para o Globo Rural, sobre o Vale do Jequitinhonha, no turbulento ano de 1986. Os dois atuam, hoje, no mercado de S\u00e3o Paulo. Ela presta consultoria ainda de marketing pol\u00edtico.<\/p>\n<p><strong>Perfil<\/strong><\/p>\n<p>Nome: Glauco G\u00f3es<\/p>\n<p>Profiss\u00e3o: Chargista, ilustrador e artista pl\u00e1stico<\/p>\n<p>Atua\u00e7\u00e3o: S\u00e3o Paulo<\/p>\n<p>Livro: Deu no jornal<\/p>\n<p>Estado civil: casado com Fl\u00e1via Almeida\t\t<\/p>\n","protected":false},"excerpt":{"rendered":"<p>\t\t\t\tOs \u2018tra\u00e7os\u2019 do chargista s\u00e3o originaisCorrosivo, ele traz um humor inteligenteNem a Revista Veja escapa de suas investidasEle \u00e9 autor do livro de cartuns \u201cDeu no Jornal\u201d\t\t\t\t<\/p>\n","protected":false},"author":2,"featured_media":870,"comment_status":"open","ping_status":"open","sticky":false,"template":"","format":"standard","meta":{"_acf_changed":false,"_monsterinsights_skip_tracking":false,"_monsterinsights_sitenote_active":false,"_monsterinsights_sitenote_note":"","_monsterinsights_sitenote_category":0,"footnotes":""},"categories":[2],"tags":[],"class_list":["post-523","post","type-post","status-publish","format-standard","has-post-thumbnail","hentry","category-arte"],"acf":[],"yoast_head":"<!-- This site is optimized with the Yoast SEO plugin v27.4 - https:\/\/yoast.com\/product\/yoast-seo-wordpress\/ -->\n<title>Humor corrosivo de Glauco G\u00f3es -<\/title>\n<meta name=\"robots\" content=\"index, follow, max-snippet:-1, max-image-preview:large, max-video-preview:-1\" \/>\n<link rel=\"canonical\" href=\"https:\/\/renatodias.online\/movimento\/2019\/03\/27\/humor-corrosivo-de-glauco-goes\/\" \/>\n<meta property=\"og:locale\" content=\"pt_BR\" \/>\n<meta property=\"og:type\" content=\"article\" \/>\n<meta property=\"og:title\" content=\"Humor corrosivo de Glauco G\u00f3es -\" \/>\n<meta property=\"og:description\" content=\"Os \u2018tra\u00e7os\u2019 do chargista s\u00e3o originaisCorrosivo, ele traz um humor inteligenteNem a Revista Veja escapa de suas investidasEle \u00e9 autor do livro de cartuns \u201cDeu no Jornal\u201d\" \/>\n<meta property=\"og:url\" content=\"https:\/\/renatodias.online\/movimento\/2019\/03\/27\/humor-corrosivo-de-glauco-goes\/\" \/>\n<meta property=\"article:publisher\" content=\"https:\/\/www.facebook.com\/renato.dias.37\" \/>\n<meta property=\"article:author\" content=\"https:\/\/www.facebook.com\/renato.dias.37\" \/>\n<meta property=\"article:published_time\" content=\"2019-03-27T03:06:53+00:00\" \/>\n<meta name=\"author\" content=\"Renato Dias\" \/>\n<meta name=\"twitter:card\" content=\"summary_large_image\" \/>\n<meta name=\"twitter:creator\" content=\"@RenatoDiasBat\" \/>\n<meta name=\"twitter:site\" content=\"@RenatoDiasBat\" \/>\n<meta name=\"twitter:label1\" content=\"Escrito por\" \/>\n\t<meta name=\"twitter:data1\" content=\"Renato Dias\" \/>\n\t<meta name=\"twitter:label2\" content=\"Est. tempo de leitura\" \/>\n\t<meta name=\"twitter:data2\" content=\"3 minutos\" \/>\n<script type=\"application\/ld+json\" class=\"yoast-schema-graph\">{\"@context\":\"https:\\\/\\\/schema.org\",\"@graph\":[{\"@type\":\"Article\",\"@id\":\"https:\\\/\\\/renatodias.online\\\/movimento\\\/2019\\\/03\\\/27\\\/humor-corrosivo-de-glauco-goes\\\/#article\",\"isPartOf\":{\"@id\":\"https:\\\/\\\/renatodias.online\\\/movimento\\\/2019\\\/03\\\/27\\\/humor-corrosivo-de-glauco-goes\\\/\"},\"author\":{\"name\":\"Renato Dias\",\"@id\":\"https:\\\/\\\/renatodias.online\\\/movimento\\\/#\\\/schema\\\/person\\\/bbab28833b1725a20f4083f49f1fb2a9\"},\"headline\":\"Humor corrosivo de Glauco G\u00f3es\",\"datePublished\":\"2019-03-27T03:06:53+00:00\",\"mainEntityOfPage\":{\"@id\":\"https:\\\/\\\/renatodias.online\\\/movimento\\\/2019\\\/03\\\/27\\\/humor-corrosivo-de-glauco-goes\\\/\"},\"wordCount\":675,\"commentCount\":0,\"publisher\":{\"@id\":\"https:\\\/\\\/renatodias.online\\\/movimento\\\/#\\\/schema\\\/person\\\/bbab28833b1725a20f4083f49f1fb2a9\"},\"image\":{\"@id\":\"https:\\\/\\\/renatodias.online\\\/movimento\\\/2019\\\/03\\\/27\\\/humor-corrosivo-de-glauco-goes\\\/#primaryimage\"},\"thumbnailUrl\":\"\",\"articleSection\":[\"Arte\"],\"inLanguage\":\"pt-BR\",\"potentialAction\":[{\"@type\":\"CommentAction\",\"name\":\"Comment\",\"target\":[\"https:\\\/\\\/renatodias.online\\\/movimento\\\/2019\\\/03\\\/27\\\/humor-corrosivo-de-glauco-goes\\\/#respond\"]}]},{\"@type\":\"WebPage\",\"@id\":\"https:\\\/\\\/renatodias.online\\\/movimento\\\/2019\\\/03\\\/27\\\/humor-corrosivo-de-glauco-goes\\\/\",\"url\":\"https:\\\/\\\/renatodias.online\\\/movimento\\\/2019\\\/03\\\/27\\\/humor-corrosivo-de-glauco-goes\\\/\",\"name\":\"Humor corrosivo de Glauco G\u00f3es -\",\"isPartOf\":{\"@id\":\"https:\\\/\\\/renatodias.online\\\/movimento\\\/#website\"},\"primaryImageOfPage\":{\"@id\":\"https:\\\/\\\/renatodias.online\\\/movimento\\\/2019\\\/03\\\/27\\\/humor-corrosivo-de-glauco-goes\\\/#primaryimage\"},\"image\":{\"@id\":\"https:\\\/\\\/renatodias.online\\\/movimento\\\/2019\\\/03\\\/27\\\/humor-corrosivo-de-glauco-goes\\\/#primaryimage\"},\"thumbnailUrl\":\"\",\"datePublished\":\"2019-03-27T03:06:53+00:00\",\"breadcrumb\":{\"@id\":\"https:\\\/\\\/renatodias.online\\\/movimento\\\/2019\\\/03\\\/27\\\/humor-corrosivo-de-glauco-goes\\\/#breadcrumb\"},\"inLanguage\":\"pt-BR\",\"potentialAction\":[{\"@type\":\"ReadAction\",\"target\":[\"https:\\\/\\\/renatodias.online\\\/movimento\\\/2019\\\/03\\\/27\\\/humor-corrosivo-de-glauco-goes\\\/\"]}]},{\"@type\":\"ImageObject\",\"inLanguage\":\"pt-BR\",\"@id\":\"https:\\\/\\\/renatodias.online\\\/movimento\\\/2019\\\/03\\\/27\\\/humor-corrosivo-de-glauco-goes\\\/#primaryimage\",\"url\":\"\",\"contentUrl\":\"\"},{\"@type\":\"BreadcrumbList\",\"@id\":\"https:\\\/\\\/renatodias.online\\\/movimento\\\/2019\\\/03\\\/27\\\/humor-corrosivo-de-glauco-goes\\\/#breadcrumb\",\"itemListElement\":[{\"@type\":\"ListItem\",\"position\":1,\"name\":\"In\u00edcio\",\"item\":\"https:\\\/\\\/renatodias.online\\\/movimento\\\/\"},{\"@type\":\"ListItem\",\"position\":2,\"name\":\"Humor corrosivo de Glauco G\u00f3es\"}]},{\"@type\":\"WebSite\",\"@id\":\"https:\\\/\\\/renatodias.online\\\/movimento\\\/#website\",\"url\":\"https:\\\/\\\/renatodias.online\\\/movimento\\\/\",\"name\":\"\",\"description\":\"\",\"publisher\":{\"@id\":\"https:\\\/\\\/renatodias.online\\\/movimento\\\/#\\\/schema\\\/person\\\/bbab28833b1725a20f4083f49f1fb2a9\"},\"potentialAction\":[{\"@type\":\"SearchAction\",\"target\":{\"@type\":\"EntryPoint\",\"urlTemplate\":\"https:\\\/\\\/renatodias.online\\\/movimento\\\/?s={search_term_string}\"},\"query-input\":{\"@type\":\"PropertyValueSpecification\",\"valueRequired\":true,\"valueName\":\"search_term_string\"}}],\"inLanguage\":\"pt-BR\"},{\"@type\":[\"Person\",\"Organization\"],\"@id\":\"https:\\\/\\\/renatodias.online\\\/movimento\\\/#\\\/schema\\\/person\\\/bbab28833b1725a20f4083f49f1fb2a9\",\"name\":\"Renato Dias\",\"image\":{\"@type\":\"ImageObject\",\"inLanguage\":\"pt-BR\",\"@id\":\"https:\\\/\\\/renatodias.online\\\/movimento\\\/wp-content\\\/uploads\\\/2023\\\/03\\\/cropped-cropped-cropped-logofinal.jpeg\",\"url\":\"https:\\\/\\\/renatodias.online\\\/movimento\\\/wp-content\\\/uploads\\\/2023\\\/03\\\/cropped-cropped-cropped-logofinal.jpeg\",\"contentUrl\":\"https:\\\/\\\/renatodias.online\\\/movimento\\\/wp-content\\\/uploads\\\/2023\\\/03\\\/cropped-cropped-cropped-logofinal.jpeg\",\"width\":1280,\"height\":219,\"caption\":\"Renato Dias\"},\"logo\":{\"@id\":\"https:\\\/\\\/renatodias.online\\\/movimento\\\/wp-content\\\/uploads\\\/2023\\\/03\\\/cropped-cropped-cropped-logofinal.jpeg\"},\"description\":\"Renato Dias, 58 anos, \u00e9 graduado em Jornalismo, formado em Ci\u00eancias Sociais, com p\u00f3s-gradua\u00e7\u00e3o em Pol\u00edticas P\u00fablicas, mestre em Direito e Rela\u00e7\u00f5es Internacionais, ex-aluno extraordin\u00e1rio do Doutorado em Psicologia Social, ex-estudante do Curso de Psican\u00e1lise do Centro de Estudos Psicanal\u00edticos do Estado de Goi\u00e1s, ministrado pelo m\u00e9dico psiquiatra e psicanalista Daniel Em\u00eddio de Souza. \u00c9 autor de 30 livros-reportagem, oito document\u00e1rios, ganhou 30 pr\u00eamios e \u00e9 torcedor apaixonado do maior do Centro-Oeste, o Vila Nova Futebol Clube. Casado com Meirilane Dias, \u00e9 pai de Juliana Dias, jornalista; Daniel Dias, economista; e Maria Rosa Dias, estudante antifascista, socialista e trotskista.\u00a0Com tr\u00eas pets: Porquinho [Bull Dog Franc\u00eas], Dalila [Basset Hound] e Geleia [Basset Hound]. Al\u00e9m do eterno gato Tutuquinho, que virou estrela.\",\"sameAs\":[\"https:\\\/\\\/www.facebook.com\\\/renato.dias.37\",\"#breve\",\"https:\\\/\\\/renatodias.tumblr.com\\\/\"],\"url\":\"https:\\\/\\\/renatodias.online\\\/movimento\\\/author\\\/renatodias\\\/\"}]}<\/script>\n<!-- \/ Yoast SEO plugin. -->","yoast_head_json":{"title":"Humor corrosivo de Glauco G\u00f3es -","robots":{"index":"index","follow":"follow","max-snippet":"max-snippet:-1","max-image-preview":"max-image-preview:large","max-video-preview":"max-video-preview:-1"},"canonical":"https:\/\/renatodias.online\/movimento\/2019\/03\/27\/humor-corrosivo-de-glauco-goes\/","og_locale":"pt_BR","og_type":"article","og_title":"Humor corrosivo de Glauco G\u00f3es -","og_description":"Os \u2018tra\u00e7os\u2019 do chargista s\u00e3o originaisCorrosivo, ele traz um humor inteligenteNem a Revista Veja escapa de suas investidasEle \u00e9 autor do livro de cartuns \u201cDeu no Jornal\u201d","og_url":"https:\/\/renatodias.online\/movimento\/2019\/03\/27\/humor-corrosivo-de-glauco-goes\/","article_publisher":"https:\/\/www.facebook.com\/renato.dias.37","article_author":"https:\/\/www.facebook.com\/renato.dias.37","article_published_time":"2019-03-27T03:06:53+00:00","author":"Renato Dias","twitter_card":"summary_large_image","twitter_creator":"@RenatoDiasBat","twitter_site":"@RenatoDiasBat","twitter_misc":{"Escrito por":"Renato Dias","Est. tempo de leitura":"3 minutos"},"schema":{"@context":"https:\/\/schema.org","@graph":[{"@type":"Article","@id":"https:\/\/renatodias.online\/movimento\/2019\/03\/27\/humor-corrosivo-de-glauco-goes\/#article","isPartOf":{"@id":"https:\/\/renatodias.online\/movimento\/2019\/03\/27\/humor-corrosivo-de-glauco-goes\/"},"author":{"name":"Renato Dias","@id":"https:\/\/renatodias.online\/movimento\/#\/schema\/person\/bbab28833b1725a20f4083f49f1fb2a9"},"headline":"Humor corrosivo de Glauco G\u00f3es","datePublished":"2019-03-27T03:06:53+00:00","mainEntityOfPage":{"@id":"https:\/\/renatodias.online\/movimento\/2019\/03\/27\/humor-corrosivo-de-glauco-goes\/"},"wordCount":675,"commentCount":0,"publisher":{"@id":"https:\/\/renatodias.online\/movimento\/#\/schema\/person\/bbab28833b1725a20f4083f49f1fb2a9"},"image":{"@id":"https:\/\/renatodias.online\/movimento\/2019\/03\/27\/humor-corrosivo-de-glauco-goes\/#primaryimage"},"thumbnailUrl":"","articleSection":["Arte"],"inLanguage":"pt-BR","potentialAction":[{"@type":"CommentAction","name":"Comment","target":["https:\/\/renatodias.online\/movimento\/2019\/03\/27\/humor-corrosivo-de-glauco-goes\/#respond"]}]},{"@type":"WebPage","@id":"https:\/\/renatodias.online\/movimento\/2019\/03\/27\/humor-corrosivo-de-glauco-goes\/","url":"https:\/\/renatodias.online\/movimento\/2019\/03\/27\/humor-corrosivo-de-glauco-goes\/","name":"Humor corrosivo de Glauco G\u00f3es -","isPartOf":{"@id":"https:\/\/renatodias.online\/movimento\/#website"},"primaryImageOfPage":{"@id":"https:\/\/renatodias.online\/movimento\/2019\/03\/27\/humor-corrosivo-de-glauco-goes\/#primaryimage"},"image":{"@id":"https:\/\/renatodias.online\/movimento\/2019\/03\/27\/humor-corrosivo-de-glauco-goes\/#primaryimage"},"thumbnailUrl":"","datePublished":"2019-03-27T03:06:53+00:00","breadcrumb":{"@id":"https:\/\/renatodias.online\/movimento\/2019\/03\/27\/humor-corrosivo-de-glauco-goes\/#breadcrumb"},"inLanguage":"pt-BR","potentialAction":[{"@type":"ReadAction","target":["https:\/\/renatodias.online\/movimento\/2019\/03\/27\/humor-corrosivo-de-glauco-goes\/"]}]},{"@type":"ImageObject","inLanguage":"pt-BR","@id":"https:\/\/renatodias.online\/movimento\/2019\/03\/27\/humor-corrosivo-de-glauco-goes\/#primaryimage","url":"","contentUrl":""},{"@type":"BreadcrumbList","@id":"https:\/\/renatodias.online\/movimento\/2019\/03\/27\/humor-corrosivo-de-glauco-goes\/#breadcrumb","itemListElement":[{"@type":"ListItem","position":1,"name":"In\u00edcio","item":"https:\/\/renatodias.online\/movimento\/"},{"@type":"ListItem","position":2,"name":"Humor corrosivo de Glauco G\u00f3es"}]},{"@type":"WebSite","@id":"https:\/\/renatodias.online\/movimento\/#website","url":"https:\/\/renatodias.online\/movimento\/","name":"","description":"","publisher":{"@id":"https:\/\/renatodias.online\/movimento\/#\/schema\/person\/bbab28833b1725a20f4083f49f1fb2a9"},"potentialAction":[{"@type":"SearchAction","target":{"@type":"EntryPoint","urlTemplate":"https:\/\/renatodias.online\/movimento\/?s={search_term_string}"},"query-input":{"@type":"PropertyValueSpecification","valueRequired":true,"valueName":"search_term_string"}}],"inLanguage":"pt-BR"},{"@type":["Person","Organization"],"@id":"https:\/\/renatodias.online\/movimento\/#\/schema\/person\/bbab28833b1725a20f4083f49f1fb2a9","name":"Renato Dias","image":{"@type":"ImageObject","inLanguage":"pt-BR","@id":"https:\/\/renatodias.online\/movimento\/wp-content\/uploads\/2023\/03\/cropped-cropped-cropped-logofinal.jpeg","url":"https:\/\/renatodias.online\/movimento\/wp-content\/uploads\/2023\/03\/cropped-cropped-cropped-logofinal.jpeg","contentUrl":"https:\/\/renatodias.online\/movimento\/wp-content\/uploads\/2023\/03\/cropped-cropped-cropped-logofinal.jpeg","width":1280,"height":219,"caption":"Renato Dias"},"logo":{"@id":"https:\/\/renatodias.online\/movimento\/wp-content\/uploads\/2023\/03\/cropped-cropped-cropped-logofinal.jpeg"},"description":"Renato Dias, 58 anos, \u00e9 graduado em Jornalismo, formado em Ci\u00eancias Sociais, com p\u00f3s-gradua\u00e7\u00e3o em Pol\u00edticas P\u00fablicas, mestre em Direito e Rela\u00e7\u00f5es Internacionais, ex-aluno extraordin\u00e1rio do Doutorado em Psicologia Social, ex-estudante do Curso de Psican\u00e1lise do Centro de Estudos Psicanal\u00edticos do Estado de Goi\u00e1s, ministrado pelo m\u00e9dico psiquiatra e psicanalista Daniel Em\u00eddio de Souza. \u00c9 autor de 30 livros-reportagem, oito document\u00e1rios, ganhou 30 pr\u00eamios e \u00e9 torcedor apaixonado do maior do Centro-Oeste, o Vila Nova Futebol Clube. Casado com Meirilane Dias, \u00e9 pai de Juliana Dias, jornalista; Daniel Dias, economista; e Maria Rosa Dias, estudante antifascista, socialista e trotskista.\u00a0Com tr\u00eas pets: Porquinho [Bull Dog Franc\u00eas], Dalila [Basset Hound] e Geleia [Basset Hound]. Al\u00e9m do eterno gato Tutuquinho, que virou estrela.","sameAs":["https:\/\/www.facebook.com\/renato.dias.37","#breve","https:\/\/renatodias.tumblr.com\/"],"url":"https:\/\/renatodias.online\/movimento\/author\/renatodias\/"}]}},"_links":{"self":[{"href":"https:\/\/renatodias.online\/movimento\/wp-json\/wp\/v2\/posts\/523","targetHints":{"allow":["GET"]}}],"collection":[{"href":"https:\/\/renatodias.online\/movimento\/wp-json\/wp\/v2\/posts"}],"about":[{"href":"https:\/\/renatodias.online\/movimento\/wp-json\/wp\/v2\/types\/post"}],"author":[{"embeddable":true,"href":"https:\/\/renatodias.online\/movimento\/wp-json\/wp\/v2\/users\/2"}],"replies":[{"embeddable":true,"href":"https:\/\/renatodias.online\/movimento\/wp-json\/wp\/v2\/comments?post=523"}],"version-history":[{"count":0,"href":"https:\/\/renatodias.online\/movimento\/wp-json\/wp\/v2\/posts\/523\/revisions"}],"wp:featuredmedia":[{"embeddable":true,"href":"https:\/\/renatodias.online\/movimento\/wp-json\/"}],"wp:attachment":[{"href":"https:\/\/renatodias.online\/movimento\/wp-json\/wp\/v2\/media?parent=523"}],"wp:term":[{"taxonomy":"category","embeddable":true,"href":"https:\/\/renatodias.online\/movimento\/wp-json\/wp\/v2\/categories?post=523"},{"taxonomy":"post_tag","embeddable":true,"href":"https:\/\/renatodias.online\/movimento\/wp-json\/wp\/v2\/tags?post=523"}],"curies":[{"name":"wp","href":"https:\/\/api.w.org\/{rel}","templated":true}]}}