{"id":5179,"date":"2021-02-12T23:25:57","date_gmt":"2021-02-13T02:25:57","guid":{"rendered":"https:\/\/renatodias.online\/movimento\/?p=5179"},"modified":"2021-02-12T23:28:05","modified_gmt":"2021-02-13T02:28:05","slug":"eurico-barbosa-o-senhor-antifascista","status":"publish","type":"post","link":"https:\/\/renatodias.online\/movimento\/2021\/02\/12\/eurico-barbosa-o-senhor-antifascista\/","title":{"rendered":"Eurico Barbosa O senhor antifascista"},"content":{"rendered":"<p><img loading=\"lazy\" decoding=\"async\" class=\"aligncenter  wp-image-5098\" src=\"https:\/\/renatodias.online\/movimento\/wp-content\/uploads\/2021\/01\/Banner-do-alto-da-p\u00e1gina.png\" alt=\"\" width=\"301\" height=\"61\" srcset=\"https:\/\/renatodias.online\/movimento\/wp-content\/uploads\/2021\/01\/Banner-do-alto-da-p\u00e1gina.png 499w, https:\/\/renatodias.online\/movimento\/wp-content\/uploads\/2021\/01\/Banner-do-alto-da-p\u00e1gina-300x61.png 300w\" sizes=\"auto, (max-width: 301px) 100vw, 301px\" \/><\/p>\n<p><span style=\"color: #ff0000;\"><strong>88 anos<\/strong><\/span><\/p>\n<h1><strong>Eurico Barbosa<\/strong><\/h1>\n<h1><strong>O senhor antifascista<\/strong><\/h1>\n<p><strong>Renato Dias<\/strong><\/p>\n<p>Senhor antifascista. Assim pode ser rotulado o ex-presidente da <strong>Assembleia Legislativa do<\/strong> <strong>Estado de Goi\u00e1s<\/strong> e do <strong>Tribunal de Contas do Estado [TCE-GO]<\/strong> <strong>Eurico Barbosa<\/strong>. Nascido em 3 de mar\u00e7o de 1933, \u00e9 a testemunha ocular da Hist\u00f3ria de Goi\u00e2nia e do s\u00e9culo XX em Goi\u00e1s e no Brasil. Natural de Morrinhos [GO], graduou-se em Direito. Ele exerceu a advocacia em defesa do Estado Democr\u00e1tico de Direito. Da cultura republicana. N\u00e3o patrimonialista. Tanto \u00e9 que se elegeu vereador. Logo depois, deputado estadual. Cassado pela ditadura civil e militar, uma noite que durou 21 anos, recuperou os direitos pol\u00edticos, voltou com a reabertura democr\u00e1tica ao Pal\u00e1cio Alfredo Nasser e aposentou-se na corte de contas. \u00c9 autor de livros hist\u00f3ricos.<\/p>\n<p>Portador de Diabetes, com elevada redu\u00e7\u00e3o da vis\u00e3o, nos dois olhos, mant\u00e9m a aten\u00e7\u00e3o para a escalada conservadora no Brasil. Desde a queda da presidente da Rep\u00fablica, economista que adotou a estrat\u00e9gia de luta armada pela \u00a0<strong>VAR &#8211; Palmares<\/strong>, <strong>Dilma Rousseff<\/strong>, ocorrida em um impeachment sem crime de responsabilidade. Um golpe parlamentar, p\u00f3s-moderno, define o ex \u2013 parlamentar de linhagem progressista.\u00a0 <strong>Michel Temer<\/strong> [MDB-SP], que acabaria atr\u00e1s das grades, ocupou o Pal\u00e1cio do Planalto, deflagrou o desmonte do Estado e permitiu a ascens\u00e3o ao poder do ex &#8211; cadete do Ex\u00e9rcito Brasileiro [EB], <strong>Jair Messias Bolsonaro<\/strong>. Ernesto Geisel o chamou de \u201cmau militar\u201d. O suposto outsider, com tsunami de Fake News, ganhou a elei\u00e7\u00e3o.<\/p>\n<p><strong>Eurico Barbosa<\/strong>, com 88 anos de idade, por ordem alfab\u00e9tica, teve o direito de ser vacinado. Contra o Coronav\u00edrus Covid 19. Como <strong>Iris Rezende Machado<\/strong>, ex-prefeito de Goi\u00e2nia, ex-governador de Goi\u00e1s, ex-senador da Rep\u00fablica, ex-vereador, ex-deputado estadual, ex-ministro da Agricultura e da Justi\u00e7a. A Pandemia j\u00e1 provocou 235 mil mortes no Brasil. O segundo no ranking mundial. A Folha de S. Paulo aponta a exist\u00eancia de mais 30 mil \u00f3bitos suspeitos. \u00a0O Produto Interno Bruto, o PIB, a soma de todas as riquezas produzidas no e pelo Brasil, despencou. A marcha do desemprego, aponta o Instituto Brasileiro de Geografia e Estat\u00edstica atinge 15,4 milh\u00f5es de habitantes. A mis\u00e9ria extrema, 65 milh\u00f5es. Tr\u00e1gico. Triste.<\/p>\n<p><strong>Um livro aberto<\/strong><\/p>\n<p>A hist\u00f3ria de <strong>Eurico Barbosa<\/strong> \u00e9 um livro. De p\u00e1ginas abertas. Um thriller pol\u00edtico. Romance hist\u00f3rico. Jornalista de raro talento, <strong>Fleurymar de Souza<\/strong> o escreveu. Com um texto do procurador jur\u00eddico aposentado da Assembleia Legislativa do Estado de Goi\u00e1s, presidente da Associa\u00e7\u00e3o Goiana de Imprensa, integrante da Anigo, a Associa\u00e7\u00e3o dos Anistiados Pol\u00edticos do Estado de Goi\u00e1s, ex-secret\u00e1rio de Estado, <strong>Valterli Leite Guedes<\/strong>. A obra j\u00e1 est\u00e1 na gr\u00e1fica. Sem data exata para chegar \u00e0s livrarias. J\u00e1 sai como um <strong>Best-Seller<\/strong>. Torcedor do Clube de Regatas Flamengo, a maior paix\u00e3o da Am\u00e9rica Latina, campe\u00e3o brasileiro e da Libertadores, no ano de 2019, com Gabigol e Rafinha, guarda na mem\u00f3ria os gols de Zico. O \u2018Galinho de Quintino\u2019.<\/p>\n<figure id=\"attachment_5181\" aria-describedby=\"caption-attachment-5181\" style=\"width: 160px\" class=\"wp-caption aligncenter\"><img loading=\"lazy\" decoding=\"async\" class=\"wp-image-5181 size-full\" src=\"https:\/\/renatodias.online\/movimento\/wp-content\/uploads\/2021\/02\/Capa-do-principal-livro-de-Eurico-Barbosa.jpg\" alt=\"Capa-do-principal-livro-de-Eurico-Barbosa\" width=\"160\" height=\"230\" \/><figcaption id=\"caption-attachment-5181\" class=\"wp-caption-text\">Capa-do-principal-livro-de-Eurico-Barbosa<\/figcaption><\/figure>\n<p>&nbsp;<\/p>\n<h3 style=\"text-align: center;\"><strong>Saiba mais<\/strong><\/h3>\n<p style=\"text-align: center;\"><span style=\"color: #ff0000;\"><em><strong>Infografia<\/strong><\/em><\/span><\/p>\n<hr \/>\n<p>[row]<\/p>\n<p>[column size=&#8217;1\/3&#8242;]<span style=\"color: #ff0000;\"><strong>1933\u00a0<\/strong><\/span><strong>Nasce\u00a0<\/strong><strong>Eurico\u00a0<\/strong><strong>Barbosa<\/strong><\/p>\n<p>[\/column]<\/p>\n<p>[column size=&#8217;1\/3&#8242;]<span style=\"color: #ff0000;\"><strong>3\u00a0<\/strong><\/span><strong>De mar\u00e7o\u00a0<\/strong><strong>De 2021.\u00a0<\/strong><strong>88 anos\u00a0<\/strong><\/p>\n<p>[\/column]<\/p>\n<p>[column size=&#8217;1\/3&#8242;] <span style=\"color: #ff0000;\"><strong>2021\u00a0\u00a0<\/strong><\/span><strong>Sai perfil\u00a0<\/strong><strong>biogr\u00e1fico\u00a0<\/strong><strong>de escritor<\/strong><\/p>\n<p>[\/column]<\/p>\n<p>[\/row]<\/p>\n<p>&nbsp;<\/p>\n<p>&nbsp;<\/p>\n<p>&nbsp;<\/p>\n","protected":false},"excerpt":{"rendered":"<p>88 anos Eurico Barbosa O senhor antifascista Renato Dias Senhor antifascista. Assim pode ser rotulado o ex-presidente da Assembleia Legislativa do Estado de Goi\u00e1s e do Tribunal de Contas do Estado [TCE-GO] Eurico Barbosa. Nascido em 3 de mar\u00e7o de 1933, \u00e9 a testemunha ocular da Hist\u00f3ria de Goi\u00e2nia e do s\u00e9culo XX em Goi\u00e1s<\/p>\n","protected":false},"author":2,"featured_media":5180,"comment_status":"open","ping_status":"open","sticky":false,"template":"","format":"standard","meta":{"_acf_changed":false,"_monsterinsights_skip_tracking":false,"_monsterinsights_sitenote_active":false,"_monsterinsights_sitenote_note":"","_monsterinsights_sitenote_category":0,"footnotes":""},"categories":[28],"tags":[],"class_list":["post-5179","post","type-post","status-publish","format-standard","has-post-thumbnail","hentry","category-cultura"],"acf":[],"yoast_head":"<!-- This site is optimized with the Yoast SEO plugin v27.4 - https:\/\/yoast.com\/product\/yoast-seo-wordpress\/ -->\n<title>Eurico Barbosa O senhor antifascista -<\/title>\n<meta name=\"robots\" content=\"index, follow, max-snippet:-1, max-image-preview:large, max-video-preview:-1\" \/>\n<link rel=\"canonical\" href=\"https:\/\/renatodias.online\/movimento\/2021\/02\/12\/eurico-barbosa-o-senhor-antifascista\/\" \/>\n<meta property=\"og:locale\" content=\"pt_BR\" \/>\n<meta property=\"og:type\" content=\"article\" \/>\n<meta property=\"og:title\" content=\"Eurico Barbosa O senhor antifascista -\" \/>\n<meta property=\"og:description\" content=\"88 anos Eurico Barbosa O senhor antifascista Renato Dias Senhor antifascista. Assim pode ser rotulado o ex-presidente da Assembleia Legislativa do Estado de Goi\u00e1s e do Tribunal de Contas do Estado [TCE-GO] Eurico Barbosa. Nascido em 3 de mar\u00e7o de 1933, \u00e9 a testemunha ocular da Hist\u00f3ria de Goi\u00e2nia e do s\u00e9culo XX em Goi\u00e1s\" \/>\n<meta property=\"og:url\" content=\"https:\/\/renatodias.online\/movimento\/2021\/02\/12\/eurico-barbosa-o-senhor-antifascista\/\" \/>\n<meta property=\"article:publisher\" content=\"https:\/\/www.facebook.com\/renato.dias.37\" \/>\n<meta property=\"article:author\" content=\"https:\/\/www.facebook.com\/renato.dias.37\" \/>\n<meta property=\"article:published_time\" content=\"2021-02-13T02:25:57+00:00\" \/>\n<meta property=\"article:modified_time\" content=\"2021-02-13T02:28:05+00:00\" \/>\n<meta property=\"og:image\" content=\"https:\/\/renatodias.online\/movimento\/wp-content\/uploads\/2021\/02\/Eurico-Barbosa-e1647482434382.jpg\" \/>\n\t<meta property=\"og:image:width\" content=\"360\" \/>\n\t<meta property=\"og:image:height\" content=\"240\" \/>\n\t<meta property=\"og:image:type\" content=\"image\/jpeg\" \/>\n<meta name=\"author\" content=\"Renato Dias\" \/>\n<meta name=\"twitter:card\" content=\"summary_large_image\" \/>\n<meta name=\"twitter:creator\" content=\"@RenatoDiasBat\" \/>\n<meta name=\"twitter:site\" content=\"@RenatoDiasBat\" \/>\n<meta name=\"twitter:label1\" content=\"Escrito por\" \/>\n\t<meta name=\"twitter:data1\" content=\"Renato Dias\" \/>\n\t<meta name=\"twitter:label2\" content=\"Est. tempo de leitura\" \/>\n\t<meta name=\"twitter:data2\" content=\"3 minutos\" \/>\n<script type=\"application\/ld+json\" class=\"yoast-schema-graph\">{\"@context\":\"https:\\\/\\\/schema.org\",\"@graph\":[{\"@type\":\"Article\",\"@id\":\"https:\\\/\\\/renatodias.online\\\/movimento\\\/2021\\\/02\\\/12\\\/eurico-barbosa-o-senhor-antifascista\\\/#article\",\"isPartOf\":{\"@id\":\"https:\\\/\\\/renatodias.online\\\/movimento\\\/2021\\\/02\\\/12\\\/eurico-barbosa-o-senhor-antifascista\\\/\"},\"author\":{\"name\":\"Renato Dias\",\"@id\":\"https:\\\/\\\/renatodias.online\\\/movimento\\\/#\\\/schema\\\/person\\\/bbab28833b1725a20f4083f49f1fb2a9\"},\"headline\":\"Eurico Barbosa O senhor antifascista\",\"datePublished\":\"2021-02-13T02:25:57+00:00\",\"dateModified\":\"2021-02-13T02:28:05+00:00\",\"mainEntityOfPage\":{\"@id\":\"https:\\\/\\\/renatodias.online\\\/movimento\\\/2021\\\/02\\\/12\\\/eurico-barbosa-o-senhor-antifascista\\\/\"},\"wordCount\":555,\"commentCount\":0,\"publisher\":{\"@id\":\"https:\\\/\\\/renatodias.online\\\/movimento\\\/#\\\/schema\\\/person\\\/bbab28833b1725a20f4083f49f1fb2a9\"},\"image\":{\"@id\":\"https:\\\/\\\/renatodias.online\\\/movimento\\\/2021\\\/02\\\/12\\\/eurico-barbosa-o-senhor-antifascista\\\/#primaryimage\"},\"thumbnailUrl\":\"https:\\\/\\\/renatodias.online\\\/movimento\\\/wp-content\\\/uploads\\\/2021\\\/02\\\/Eurico-Barbosa-e1647482434382.jpg\",\"articleSection\":[\"Cultura\"],\"inLanguage\":\"pt-BR\",\"potentialAction\":[{\"@type\":\"CommentAction\",\"name\":\"Comment\",\"target\":[\"https:\\\/\\\/renatodias.online\\\/movimento\\\/2021\\\/02\\\/12\\\/eurico-barbosa-o-senhor-antifascista\\\/#respond\"]}]},{\"@type\":\"WebPage\",\"@id\":\"https:\\\/\\\/renatodias.online\\\/movimento\\\/2021\\\/02\\\/12\\\/eurico-barbosa-o-senhor-antifascista\\\/\",\"url\":\"https:\\\/\\\/renatodias.online\\\/movimento\\\/2021\\\/02\\\/12\\\/eurico-barbosa-o-senhor-antifascista\\\/\",\"name\":\"Eurico Barbosa O senhor antifascista -\",\"isPartOf\":{\"@id\":\"https:\\\/\\\/renatodias.online\\\/movimento\\\/#website\"},\"primaryImageOfPage\":{\"@id\":\"https:\\\/\\\/renatodias.online\\\/movimento\\\/2021\\\/02\\\/12\\\/eurico-barbosa-o-senhor-antifascista\\\/#primaryimage\"},\"image\":{\"@id\":\"https:\\\/\\\/renatodias.online\\\/movimento\\\/2021\\\/02\\\/12\\\/eurico-barbosa-o-senhor-antifascista\\\/#primaryimage\"},\"thumbnailUrl\":\"https:\\\/\\\/renatodias.online\\\/movimento\\\/wp-content\\\/uploads\\\/2021\\\/02\\\/Eurico-Barbosa-e1647482434382.jpg\",\"datePublished\":\"2021-02-13T02:25:57+00:00\",\"dateModified\":\"2021-02-13T02:28:05+00:00\",\"breadcrumb\":{\"@id\":\"https:\\\/\\\/renatodias.online\\\/movimento\\\/2021\\\/02\\\/12\\\/eurico-barbosa-o-senhor-antifascista\\\/#breadcrumb\"},\"inLanguage\":\"pt-BR\",\"potentialAction\":[{\"@type\":\"ReadAction\",\"target\":[\"https:\\\/\\\/renatodias.online\\\/movimento\\\/2021\\\/02\\\/12\\\/eurico-barbosa-o-senhor-antifascista\\\/\"]}]},{\"@type\":\"ImageObject\",\"inLanguage\":\"pt-BR\",\"@id\":\"https:\\\/\\\/renatodias.online\\\/movimento\\\/2021\\\/02\\\/12\\\/eurico-barbosa-o-senhor-antifascista\\\/#primaryimage\",\"url\":\"https:\\\/\\\/renatodias.online\\\/movimento\\\/wp-content\\\/uploads\\\/2021\\\/02\\\/Eurico-Barbosa-e1647482434382.jpg\",\"contentUrl\":\"https:\\\/\\\/renatodias.online\\\/movimento\\\/wp-content\\\/uploads\\\/2021\\\/02\\\/Eurico-Barbosa-e1647482434382.jpg\",\"width\":360,\"height\":240,\"caption\":\"Eurico Barbosa: um intelectual p\u00fablico\"},{\"@type\":\"BreadcrumbList\",\"@id\":\"https:\\\/\\\/renatodias.online\\\/movimento\\\/2021\\\/02\\\/12\\\/eurico-barbosa-o-senhor-antifascista\\\/#breadcrumb\",\"itemListElement\":[{\"@type\":\"ListItem\",\"position\":1,\"name\":\"In\u00edcio\",\"item\":\"https:\\\/\\\/renatodias.online\\\/movimento\\\/\"},{\"@type\":\"ListItem\",\"position\":2,\"name\":\"Eurico Barbosa O senhor antifascista\"}]},{\"@type\":\"WebSite\",\"@id\":\"https:\\\/\\\/renatodias.online\\\/movimento\\\/#website\",\"url\":\"https:\\\/\\\/renatodias.online\\\/movimento\\\/\",\"name\":\"\",\"description\":\"\",\"publisher\":{\"@id\":\"https:\\\/\\\/renatodias.online\\\/movimento\\\/#\\\/schema\\\/person\\\/bbab28833b1725a20f4083f49f1fb2a9\"},\"potentialAction\":[{\"@type\":\"SearchAction\",\"target\":{\"@type\":\"EntryPoint\",\"urlTemplate\":\"https:\\\/\\\/renatodias.online\\\/movimento\\\/?s={search_term_string}\"},\"query-input\":{\"@type\":\"PropertyValueSpecification\",\"valueRequired\":true,\"valueName\":\"search_term_string\"}}],\"inLanguage\":\"pt-BR\"},{\"@type\":[\"Person\",\"Organization\"],\"@id\":\"https:\\\/\\\/renatodias.online\\\/movimento\\\/#\\\/schema\\\/person\\\/bbab28833b1725a20f4083f49f1fb2a9\",\"name\":\"Renato Dias\",\"image\":{\"@type\":\"ImageObject\",\"inLanguage\":\"pt-BR\",\"@id\":\"https:\\\/\\\/renatodias.online\\\/movimento\\\/wp-content\\\/uploads\\\/2023\\\/03\\\/cropped-cropped-cropped-logofinal.jpeg\",\"url\":\"https:\\\/\\\/renatodias.online\\\/movimento\\\/wp-content\\\/uploads\\\/2023\\\/03\\\/cropped-cropped-cropped-logofinal.jpeg\",\"contentUrl\":\"https:\\\/\\\/renatodias.online\\\/movimento\\\/wp-content\\\/uploads\\\/2023\\\/03\\\/cropped-cropped-cropped-logofinal.jpeg\",\"width\":1280,\"height\":219,\"caption\":\"Renato Dias\"},\"logo\":{\"@id\":\"https:\\\/\\\/renatodias.online\\\/movimento\\\/wp-content\\\/uploads\\\/2023\\\/03\\\/cropped-cropped-cropped-logofinal.jpeg\"},\"description\":\"Renato Dias, 58 anos, \u00e9 graduado em Jornalismo, formado em Ci\u00eancias Sociais, com p\u00f3s-gradua\u00e7\u00e3o em Pol\u00edticas P\u00fablicas, mestre em Direito e Rela\u00e7\u00f5es Internacionais, ex-aluno extraordin\u00e1rio do Doutorado em Psicologia Social, ex-estudante do Curso de Psican\u00e1lise do Centro de Estudos Psicanal\u00edticos do Estado de Goi\u00e1s, ministrado pelo m\u00e9dico psiquiatra e psicanalista Daniel Em\u00eddio de Souza. \u00c9 autor de 30 livros-reportagem, oito document\u00e1rios, ganhou 30 pr\u00eamios e \u00e9 torcedor apaixonado do maior do Centro-Oeste, o Vila Nova Futebol Clube. Casado com Meirilane Dias, \u00e9 pai de Juliana Dias, jornalista; Daniel Dias, economista; e Maria Rosa Dias, estudante antifascista, socialista e trotskista.\u00a0Com tr\u00eas pets: Porquinho [Bull Dog Franc\u00eas], Dalila [Basset Hound] e Geleia [Basset Hound]. Al\u00e9m do eterno gato Tutuquinho, que virou estrela.\",\"sameAs\":[\"https:\\\/\\\/www.facebook.com\\\/renato.dias.37\",\"#breve\",\"https:\\\/\\\/renatodias.tumblr.com\\\/\"],\"url\":\"https:\\\/\\\/renatodias.online\\\/movimento\\\/author\\\/renatodias\\\/\"}]}<\/script>\n<!-- \/ Yoast SEO plugin. -->","yoast_head_json":{"title":"Eurico Barbosa O senhor antifascista -","robots":{"index":"index","follow":"follow","max-snippet":"max-snippet:-1","max-image-preview":"max-image-preview:large","max-video-preview":"max-video-preview:-1"},"canonical":"https:\/\/renatodias.online\/movimento\/2021\/02\/12\/eurico-barbosa-o-senhor-antifascista\/","og_locale":"pt_BR","og_type":"article","og_title":"Eurico Barbosa O senhor antifascista -","og_description":"88 anos Eurico Barbosa O senhor antifascista Renato Dias Senhor antifascista. Assim pode ser rotulado o ex-presidente da Assembleia Legislativa do Estado de Goi\u00e1s e do Tribunal de Contas do Estado [TCE-GO] Eurico Barbosa. Nascido em 3 de mar\u00e7o de 1933, \u00e9 a testemunha ocular da Hist\u00f3ria de Goi\u00e2nia e do s\u00e9culo XX em Goi\u00e1s","og_url":"https:\/\/renatodias.online\/movimento\/2021\/02\/12\/eurico-barbosa-o-senhor-antifascista\/","article_publisher":"https:\/\/www.facebook.com\/renato.dias.37","article_author":"https:\/\/www.facebook.com\/renato.dias.37","article_published_time":"2021-02-13T02:25:57+00:00","article_modified_time":"2021-02-13T02:28:05+00:00","og_image":[{"width":360,"height":240,"url":"https:\/\/renatodias.online\/movimento\/wp-content\/uploads\/2021\/02\/Eurico-Barbosa-e1647482434382.jpg","type":"image\/jpeg"}],"author":"Renato Dias","twitter_card":"summary_large_image","twitter_creator":"@RenatoDiasBat","twitter_site":"@RenatoDiasBat","twitter_misc":{"Escrito por":"Renato Dias","Est. tempo de leitura":"3 minutos"},"schema":{"@context":"https:\/\/schema.org","@graph":[{"@type":"Article","@id":"https:\/\/renatodias.online\/movimento\/2021\/02\/12\/eurico-barbosa-o-senhor-antifascista\/#article","isPartOf":{"@id":"https:\/\/renatodias.online\/movimento\/2021\/02\/12\/eurico-barbosa-o-senhor-antifascista\/"},"author":{"name":"Renato Dias","@id":"https:\/\/renatodias.online\/movimento\/#\/schema\/person\/bbab28833b1725a20f4083f49f1fb2a9"},"headline":"Eurico Barbosa O senhor antifascista","datePublished":"2021-02-13T02:25:57+00:00","dateModified":"2021-02-13T02:28:05+00:00","mainEntityOfPage":{"@id":"https:\/\/renatodias.online\/movimento\/2021\/02\/12\/eurico-barbosa-o-senhor-antifascista\/"},"wordCount":555,"commentCount":0,"publisher":{"@id":"https:\/\/renatodias.online\/movimento\/#\/schema\/person\/bbab28833b1725a20f4083f49f1fb2a9"},"image":{"@id":"https:\/\/renatodias.online\/movimento\/2021\/02\/12\/eurico-barbosa-o-senhor-antifascista\/#primaryimage"},"thumbnailUrl":"https:\/\/renatodias.online\/movimento\/wp-content\/uploads\/2021\/02\/Eurico-Barbosa-e1647482434382.jpg","articleSection":["Cultura"],"inLanguage":"pt-BR","potentialAction":[{"@type":"CommentAction","name":"Comment","target":["https:\/\/renatodias.online\/movimento\/2021\/02\/12\/eurico-barbosa-o-senhor-antifascista\/#respond"]}]},{"@type":"WebPage","@id":"https:\/\/renatodias.online\/movimento\/2021\/02\/12\/eurico-barbosa-o-senhor-antifascista\/","url":"https:\/\/renatodias.online\/movimento\/2021\/02\/12\/eurico-barbosa-o-senhor-antifascista\/","name":"Eurico Barbosa O senhor antifascista -","isPartOf":{"@id":"https:\/\/renatodias.online\/movimento\/#website"},"primaryImageOfPage":{"@id":"https:\/\/renatodias.online\/movimento\/2021\/02\/12\/eurico-barbosa-o-senhor-antifascista\/#primaryimage"},"image":{"@id":"https:\/\/renatodias.online\/movimento\/2021\/02\/12\/eurico-barbosa-o-senhor-antifascista\/#primaryimage"},"thumbnailUrl":"https:\/\/renatodias.online\/movimento\/wp-content\/uploads\/2021\/02\/Eurico-Barbosa-e1647482434382.jpg","datePublished":"2021-02-13T02:25:57+00:00","dateModified":"2021-02-13T02:28:05+00:00","breadcrumb":{"@id":"https:\/\/renatodias.online\/movimento\/2021\/02\/12\/eurico-barbosa-o-senhor-antifascista\/#breadcrumb"},"inLanguage":"pt-BR","potentialAction":[{"@type":"ReadAction","target":["https:\/\/renatodias.online\/movimento\/2021\/02\/12\/eurico-barbosa-o-senhor-antifascista\/"]}]},{"@type":"ImageObject","inLanguage":"pt-BR","@id":"https:\/\/renatodias.online\/movimento\/2021\/02\/12\/eurico-barbosa-o-senhor-antifascista\/#primaryimage","url":"https:\/\/renatodias.online\/movimento\/wp-content\/uploads\/2021\/02\/Eurico-Barbosa-e1647482434382.jpg","contentUrl":"https:\/\/renatodias.online\/movimento\/wp-content\/uploads\/2021\/02\/Eurico-Barbosa-e1647482434382.jpg","width":360,"height":240,"caption":"Eurico Barbosa: um intelectual p\u00fablico"},{"@type":"BreadcrumbList","@id":"https:\/\/renatodias.online\/movimento\/2021\/02\/12\/eurico-barbosa-o-senhor-antifascista\/#breadcrumb","itemListElement":[{"@type":"ListItem","position":1,"name":"In\u00edcio","item":"https:\/\/renatodias.online\/movimento\/"},{"@type":"ListItem","position":2,"name":"Eurico Barbosa O senhor antifascista"}]},{"@type":"WebSite","@id":"https:\/\/renatodias.online\/movimento\/#website","url":"https:\/\/renatodias.online\/movimento\/","name":"","description":"","publisher":{"@id":"https:\/\/renatodias.online\/movimento\/#\/schema\/person\/bbab28833b1725a20f4083f49f1fb2a9"},"potentialAction":[{"@type":"SearchAction","target":{"@type":"EntryPoint","urlTemplate":"https:\/\/renatodias.online\/movimento\/?s={search_term_string}"},"query-input":{"@type":"PropertyValueSpecification","valueRequired":true,"valueName":"search_term_string"}}],"inLanguage":"pt-BR"},{"@type":["Person","Organization"],"@id":"https:\/\/renatodias.online\/movimento\/#\/schema\/person\/bbab28833b1725a20f4083f49f1fb2a9","name":"Renato Dias","image":{"@type":"ImageObject","inLanguage":"pt-BR","@id":"https:\/\/renatodias.online\/movimento\/wp-content\/uploads\/2023\/03\/cropped-cropped-cropped-logofinal.jpeg","url":"https:\/\/renatodias.online\/movimento\/wp-content\/uploads\/2023\/03\/cropped-cropped-cropped-logofinal.jpeg","contentUrl":"https:\/\/renatodias.online\/movimento\/wp-content\/uploads\/2023\/03\/cropped-cropped-cropped-logofinal.jpeg","width":1280,"height":219,"caption":"Renato Dias"},"logo":{"@id":"https:\/\/renatodias.online\/movimento\/wp-content\/uploads\/2023\/03\/cropped-cropped-cropped-logofinal.jpeg"},"description":"Renato Dias, 58 anos, \u00e9 graduado em Jornalismo, formado em Ci\u00eancias Sociais, com p\u00f3s-gradua\u00e7\u00e3o em Pol\u00edticas P\u00fablicas, mestre em Direito e Rela\u00e7\u00f5es Internacionais, ex-aluno extraordin\u00e1rio do Doutorado em Psicologia Social, ex-estudante do Curso de Psican\u00e1lise do Centro de Estudos Psicanal\u00edticos do Estado de Goi\u00e1s, ministrado pelo m\u00e9dico psiquiatra e psicanalista Daniel Em\u00eddio de Souza. \u00c9 autor de 30 livros-reportagem, oito document\u00e1rios, ganhou 30 pr\u00eamios e \u00e9 torcedor apaixonado do maior do Centro-Oeste, o Vila Nova Futebol Clube. Casado com Meirilane Dias, \u00e9 pai de Juliana Dias, jornalista; Daniel Dias, economista; e Maria Rosa Dias, estudante antifascista, socialista e trotskista.\u00a0Com tr\u00eas pets: Porquinho [Bull Dog Franc\u00eas], Dalila [Basset Hound] e Geleia [Basset Hound]. Al\u00e9m do eterno gato Tutuquinho, que virou estrela.","sameAs":["https:\/\/www.facebook.com\/renato.dias.37","#breve","https:\/\/renatodias.tumblr.com\/"],"url":"https:\/\/renatodias.online\/movimento\/author\/renatodias\/"}]}},"_links":{"self":[{"href":"https:\/\/renatodias.online\/movimento\/wp-json\/wp\/v2\/posts\/5179","targetHints":{"allow":["GET"]}}],"collection":[{"href":"https:\/\/renatodias.online\/movimento\/wp-json\/wp\/v2\/posts"}],"about":[{"href":"https:\/\/renatodias.online\/movimento\/wp-json\/wp\/v2\/types\/post"}],"author":[{"embeddable":true,"href":"https:\/\/renatodias.online\/movimento\/wp-json\/wp\/v2\/users\/2"}],"replies":[{"embeddable":true,"href":"https:\/\/renatodias.online\/movimento\/wp-json\/wp\/v2\/comments?post=5179"}],"version-history":[{"count":5,"href":"https:\/\/renatodias.online\/movimento\/wp-json\/wp\/v2\/posts\/5179\/revisions"}],"predecessor-version":[{"id":5186,"href":"https:\/\/renatodias.online\/movimento\/wp-json\/wp\/v2\/posts\/5179\/revisions\/5186"}],"wp:featuredmedia":[{"embeddable":true,"href":"https:\/\/renatodias.online\/movimento\/wp-json\/wp\/v2\/media\/5180"}],"wp:attachment":[{"href":"https:\/\/renatodias.online\/movimento\/wp-json\/wp\/v2\/media?parent=5179"}],"wp:term":[{"taxonomy":"category","embeddable":true,"href":"https:\/\/renatodias.online\/movimento\/wp-json\/wp\/v2\/categories?post=5179"},{"taxonomy":"post_tag","embeddable":true,"href":"https:\/\/renatodias.online\/movimento\/wp-json\/wp\/v2\/tags?post=5179"}],"curies":[{"name":"wp","href":"https:\/\/api.w.org\/{rel}","templated":true}]}}