{"id":4800,"date":"2020-10-25T21:39:05","date_gmt":"2020-10-26T00:39:05","guid":{"rendered":"https:\/\/renatodias.online\/movimento\/?p=4800"},"modified":"2020-10-25T21:42:48","modified_gmt":"2020-10-26T00:42:48","slug":"cipa-comurg-faz-eleicao-dia-11","status":"publish","type":"post","link":"https:\/\/renatodias.online\/movimento\/2020\/10\/25\/cipa-comurg-faz-eleicao-dia-11\/","title":{"rendered":"CIPA Comurg faz elei\u00e7\u00e3o dia 11"},"content":{"rendered":"<p><span style=\"color: #ff0000;\"><strong>Programa moderno<\/strong><\/span><\/p>\n<h1><strong>CIPA Comurg faz elei\u00e7\u00e3o dia 11<\/strong><\/h1>\n<p><strong>Psic\u00f3loga Martha de Lourdes quer toler\u00e2ncia zero com acidentes, preven\u00e7\u00e3o \u00e0s atividades de risco, controle da Pandemia, direitos dos trabalhadores e a defesa das mulheres da empresa<\/strong><\/p>\n<p>&nbsp;<\/p>\n<figure id=\"attachment_4805\" aria-describedby=\"caption-attachment-4805\" style=\"width: 614px\" class=\"wp-caption aligncenter\"><img loading=\"lazy\" decoding=\"async\" class=\"size-full wp-image-4805\" src=\"https:\/\/renatodias.online\/movimento\/wp-content\/uploads\/2020\/10\/Martha-de-Lourdes-Baptista2.png\" alt=\"A psic\u00f3loga e professora da Educa\u00e7\u00e3o F\u00edsica Martha de Lourdes\" width=\"614\" height=\"716\" srcset=\"https:\/\/renatodias.online\/movimento\/wp-content\/uploads\/2020\/10\/Martha-de-Lourdes-Baptista2.png 614w, https:\/\/renatodias.online\/movimento\/wp-content\/uploads\/2020\/10\/Martha-de-Lourdes-Baptista2-257x300.png 257w\" sizes=\"auto, (max-width: 614px) 100vw, 614px\" \/><figcaption id=\"caption-attachment-4805\" class=\"wp-caption-text\">A psic\u00f3loga e professora da Educa\u00e7\u00e3o F\u00edsica Martha de Lourdes<\/figcaption><\/figure>\n<p>A Comiss\u00e3o Interna de Preven\u00e7\u00e3o de Acidentes <strong>[Cipa]<\/strong> da Companhia de Urbaniza\u00e7\u00e3o de Goi\u00e2nia, a <strong>Comurg,<\/strong> elege no pr\u00f3ximo dia 11 de novembro a sua lista de integrantes. A fun\u00e7\u00e3o da Cipa \u00e9 prevenir acidentes de trabalho. Candidata a uma das vagas, a psic\u00f3loga e professora <strong>Martha de Lourdes Baptista<\/strong> quer toler\u00e2ncia zero com acidentes, preven\u00e7\u00e3o \u00e0s atividades de risco, controle da Pandemia, direitos dos trabalhadores e a defesa das mulheres da empresa.<\/p>\n<p><strong>_ Uma nova Comurg \u00e9 poss\u00edvel<\/strong>.<\/p>\n<p>A profissional da \u00e1rea de Sa\u00fade teme a extens\u00e3o de danos provocada pela Pandemia do Coronav\u00edrus Covid 19. Ela alerta para ado\u00e7\u00e3o de medidas indispens\u00e1veis ao controle da doen\u00e7a. A sua refer\u00eancia \u00e9 ao uso permanente de \u00e1lcool-gel, m\u00e1scaras \u00a0de duas em duas horas, manuten\u00e7\u00e3o da dist\u00e2ncia f\u00edsica, nos locais de trabalho e de conviv\u00eancia, de pelo menos dois metros, entre os trabalhadores, testagem em massa e consulta m\u00e9dica em caso de sintomas.<\/p>\n<p><strong>_ Tempos Sombrios exigem medidas duras de preven\u00e7\u00e3o<\/strong>.<\/p>\n<p><strong>Di\u00e1logos contempor\u00e2neos<\/strong><\/p>\n<p><strong>Martha de Lourdes Baptista <\/strong>prop\u00f5e um di\u00e1logo direto dos membros da Cipa com quem assu\u00admir a presid\u00eancia da Comurg. A partir de primeiro de janeiro de 2021, explica ela. Para a exe\u00adcu\u00ad\u00e7\u00e3o de Pol\u00edticas P\u00fablicas com toler\u00e2ncia zero aos acidentes de trabalho, afirma. \u201cA aquisi\u00e7\u00e3o de vacinas contra o Coronav\u00edrus Covid 19, reescalonamento de hor\u00e1rios, cuidados com a sa\u00fade mental dos trabalhadores e aten\u00e7\u00e3o integral \u00e0 sa\u00fade da trabalhadora da Comurg\u201d, dispara.<\/p>\n<p><strong>_ Ventos de mudan\u00e7a para a Cipa chegar\u00e3o.<\/strong><\/p>\n","protected":false},"excerpt":{"rendered":"<p>Programa moderno CIPA Comurg faz elei\u00e7\u00e3o dia 11 Psic\u00f3loga Martha de Lourdes quer toler\u00e2ncia zero com acidentes, preven\u00e7\u00e3o \u00e0s atividades de risco, controle da Pandemia, direitos dos trabalhadores e a defesa das mulheres da empresa &nbsp; A Comiss\u00e3o Interna de Preven\u00e7\u00e3o de Acidentes [Cipa] da Companhia de Urbaniza\u00e7\u00e3o de Goi\u00e2nia, a Comurg, elege no pr\u00f3ximo<\/p>\n","protected":false},"author":2,"featured_media":4802,"comment_status":"open","ping_status":"open","sticky":false,"template":"","format":"audio","meta":{"_acf_changed":false,"_monsterinsights_skip_tracking":false,"_monsterinsights_sitenote_active":false,"_monsterinsights_sitenote_note":"","_monsterinsights_sitenote_category":0,"footnotes":""},"categories":[4],"tags":[],"class_list":["post-4800","post","type-post","status-publish","format-audio","has-post-thumbnail","hentry","category-politica","post_format-post-format-audio"],"acf":[],"yoast_head":"<!-- This site is optimized with the Yoast SEO plugin v27.4 - https:\/\/yoast.com\/product\/yoast-seo-wordpress\/ -->\n<title>CIPA Comurg faz elei\u00e7\u00e3o dia 11 -<\/title>\n<meta name=\"robots\" content=\"index, follow, max-snippet:-1, max-image-preview:large, max-video-preview:-1\" \/>\n<link rel=\"canonical\" href=\"https:\/\/renatodias.online\/movimento\/2020\/10\/25\/cipa-comurg-faz-eleicao-dia-11\/\" \/>\n<meta property=\"og:locale\" content=\"pt_BR\" \/>\n<meta property=\"og:type\" content=\"article\" \/>\n<meta property=\"og:title\" content=\"CIPA Comurg faz elei\u00e7\u00e3o dia 11 -\" \/>\n<meta property=\"og:description\" content=\"Programa moderno CIPA Comurg faz elei\u00e7\u00e3o dia 11 Psic\u00f3loga Martha de Lourdes quer toler\u00e2ncia zero com acidentes, preven\u00e7\u00e3o \u00e0s atividades de risco, controle da Pandemia, direitos dos trabalhadores e a defesa das mulheres da empresa &nbsp; A Comiss\u00e3o Interna de Preven\u00e7\u00e3o de Acidentes [Cipa] da Companhia de Urbaniza\u00e7\u00e3o de Goi\u00e2nia, a Comurg, elege no pr\u00f3ximo\" \/>\n<meta property=\"og:url\" content=\"https:\/\/renatodias.online\/movimento\/2020\/10\/25\/cipa-comurg-faz-eleicao-dia-11\/\" \/>\n<meta property=\"article:publisher\" content=\"https:\/\/www.facebook.com\/renato.dias.37\" \/>\n<meta property=\"article:author\" content=\"https:\/\/www.facebook.com\/renato.dias.37\" \/>\n<meta property=\"article:published_time\" content=\"2020-10-26T00:39:05+00:00\" \/>\n<meta property=\"article:modified_time\" content=\"2020-10-26T00:42:48+00:00\" \/>\n<meta property=\"og:image\" content=\"https:\/\/renatodias.online\/movimento\/wp-content\/uploads\/2020\/10\/martha2.png\" \/>\n\t<meta property=\"og:image:width\" content=\"400\" \/>\n\t<meta property=\"og:image:height\" content=\"400\" \/>\n\t<meta property=\"og:image:type\" content=\"image\/png\" \/>\n<meta name=\"author\" content=\"Renato Dias\" \/>\n<meta name=\"twitter:card\" content=\"summary_large_image\" \/>\n<meta name=\"twitter:creator\" content=\"@RenatoDiasBat\" \/>\n<meta name=\"twitter:site\" content=\"@RenatoDiasBat\" \/>\n<meta name=\"twitter:label1\" content=\"Escrito por\" \/>\n\t<meta name=\"twitter:data1\" content=\"Renato Dias\" \/>\n\t<meta name=\"twitter:label2\" content=\"Est. tempo de leitura\" \/>\n\t<meta name=\"twitter:data2\" content=\"2 minutos\" \/>\n<script type=\"application\/ld+json\" class=\"yoast-schema-graph\">{\"@context\":\"https:\\\/\\\/schema.org\",\"@graph\":[{\"@type\":\"Article\",\"@id\":\"https:\\\/\\\/renatodias.online\\\/movimento\\\/2020\\\/10\\\/25\\\/cipa-comurg-faz-eleicao-dia-11\\\/#article\",\"isPartOf\":{\"@id\":\"https:\\\/\\\/renatodias.online\\\/movimento\\\/2020\\\/10\\\/25\\\/cipa-comurg-faz-eleicao-dia-11\\\/\"},\"author\":{\"name\":\"Renato Dias\",\"@id\":\"https:\\\/\\\/renatodias.online\\\/movimento\\\/#\\\/schema\\\/person\\\/bbab28833b1725a20f4083f49f1fb2a9\"},\"headline\":\"CIPA Comurg faz elei\u00e7\u00e3o dia 11\",\"datePublished\":\"2020-10-26T00:39:05+00:00\",\"dateModified\":\"2020-10-26T00:42:48+00:00\",\"mainEntityOfPage\":{\"@id\":\"https:\\\/\\\/renatodias.online\\\/movimento\\\/2020\\\/10\\\/25\\\/cipa-comurg-faz-eleicao-dia-11\\\/\"},\"wordCount\":339,\"commentCount\":0,\"publisher\":{\"@id\":\"https:\\\/\\\/renatodias.online\\\/movimento\\\/#\\\/schema\\\/person\\\/bbab28833b1725a20f4083f49f1fb2a9\"},\"image\":{\"@id\":\"https:\\\/\\\/renatodias.online\\\/movimento\\\/2020\\\/10\\\/25\\\/cipa-comurg-faz-eleicao-dia-11\\\/#primaryimage\"},\"thumbnailUrl\":\"https:\\\/\\\/renatodias.online\\\/movimento\\\/wp-content\\\/uploads\\\/2020\\\/10\\\/martha2.png\",\"articleSection\":[\"Pol\u00edtica\"],\"inLanguage\":\"pt-BR\",\"potentialAction\":[{\"@type\":\"CommentAction\",\"name\":\"Comment\",\"target\":[\"https:\\\/\\\/renatodias.online\\\/movimento\\\/2020\\\/10\\\/25\\\/cipa-comurg-faz-eleicao-dia-11\\\/#respond\"]}]},{\"@type\":\"WebPage\",\"@id\":\"https:\\\/\\\/renatodias.online\\\/movimento\\\/2020\\\/10\\\/25\\\/cipa-comurg-faz-eleicao-dia-11\\\/\",\"url\":\"https:\\\/\\\/renatodias.online\\\/movimento\\\/2020\\\/10\\\/25\\\/cipa-comurg-faz-eleicao-dia-11\\\/\",\"name\":\"CIPA Comurg faz elei\u00e7\u00e3o dia 11 -\",\"isPartOf\":{\"@id\":\"https:\\\/\\\/renatodias.online\\\/movimento\\\/#website\"},\"primaryImageOfPage\":{\"@id\":\"https:\\\/\\\/renatodias.online\\\/movimento\\\/2020\\\/10\\\/25\\\/cipa-comurg-faz-eleicao-dia-11\\\/#primaryimage\"},\"image\":{\"@id\":\"https:\\\/\\\/renatodias.online\\\/movimento\\\/2020\\\/10\\\/25\\\/cipa-comurg-faz-eleicao-dia-11\\\/#primaryimage\"},\"thumbnailUrl\":\"https:\\\/\\\/renatodias.online\\\/movimento\\\/wp-content\\\/uploads\\\/2020\\\/10\\\/martha2.png\",\"datePublished\":\"2020-10-26T00:39:05+00:00\",\"dateModified\":\"2020-10-26T00:42:48+00:00\",\"breadcrumb\":{\"@id\":\"https:\\\/\\\/renatodias.online\\\/movimento\\\/2020\\\/10\\\/25\\\/cipa-comurg-faz-eleicao-dia-11\\\/#breadcrumb\"},\"inLanguage\":\"pt-BR\",\"potentialAction\":[{\"@type\":\"ReadAction\",\"target\":[\"https:\\\/\\\/renatodias.online\\\/movimento\\\/2020\\\/10\\\/25\\\/cipa-comurg-faz-eleicao-dia-11\\\/\"]}]},{\"@type\":\"ImageObject\",\"inLanguage\":\"pt-BR\",\"@id\":\"https:\\\/\\\/renatodias.online\\\/movimento\\\/2020\\\/10\\\/25\\\/cipa-comurg-faz-eleicao-dia-11\\\/#primaryimage\",\"url\":\"https:\\\/\\\/renatodias.online\\\/movimento\\\/wp-content\\\/uploads\\\/2020\\\/10\\\/martha2.png\",\"contentUrl\":\"https:\\\/\\\/renatodias.online\\\/movimento\\\/wp-content\\\/uploads\\\/2020\\\/10\\\/martha2.png\",\"width\":400,\"height\":400,\"caption\":\"Martha de Lourdes Dias Baptista\"},{\"@type\":\"BreadcrumbList\",\"@id\":\"https:\\\/\\\/renatodias.online\\\/movimento\\\/2020\\\/10\\\/25\\\/cipa-comurg-faz-eleicao-dia-11\\\/#breadcrumb\",\"itemListElement\":[{\"@type\":\"ListItem\",\"position\":1,\"name\":\"In\u00edcio\",\"item\":\"https:\\\/\\\/renatodias.online\\\/movimento\\\/\"},{\"@type\":\"ListItem\",\"position\":2,\"name\":\"CIPA Comurg faz elei\u00e7\u00e3o dia 11\"}]},{\"@type\":\"WebSite\",\"@id\":\"https:\\\/\\\/renatodias.online\\\/movimento\\\/#website\",\"url\":\"https:\\\/\\\/renatodias.online\\\/movimento\\\/\",\"name\":\"\",\"description\":\"\",\"publisher\":{\"@id\":\"https:\\\/\\\/renatodias.online\\\/movimento\\\/#\\\/schema\\\/person\\\/bbab28833b1725a20f4083f49f1fb2a9\"},\"potentialAction\":[{\"@type\":\"SearchAction\",\"target\":{\"@type\":\"EntryPoint\",\"urlTemplate\":\"https:\\\/\\\/renatodias.online\\\/movimento\\\/?s={search_term_string}\"},\"query-input\":{\"@type\":\"PropertyValueSpecification\",\"valueRequired\":true,\"valueName\":\"search_term_string\"}}],\"inLanguage\":\"pt-BR\"},{\"@type\":[\"Person\",\"Organization\"],\"@id\":\"https:\\\/\\\/renatodias.online\\\/movimento\\\/#\\\/schema\\\/person\\\/bbab28833b1725a20f4083f49f1fb2a9\",\"name\":\"Renato Dias\",\"image\":{\"@type\":\"ImageObject\",\"inLanguage\":\"pt-BR\",\"@id\":\"https:\\\/\\\/renatodias.online\\\/movimento\\\/wp-content\\\/uploads\\\/2023\\\/03\\\/cropped-cropped-cropped-logofinal.jpeg\",\"url\":\"https:\\\/\\\/renatodias.online\\\/movimento\\\/wp-content\\\/uploads\\\/2023\\\/03\\\/cropped-cropped-cropped-logofinal.jpeg\",\"contentUrl\":\"https:\\\/\\\/renatodias.online\\\/movimento\\\/wp-content\\\/uploads\\\/2023\\\/03\\\/cropped-cropped-cropped-logofinal.jpeg\",\"width\":1280,\"height\":219,\"caption\":\"Renato Dias\"},\"logo\":{\"@id\":\"https:\\\/\\\/renatodias.online\\\/movimento\\\/wp-content\\\/uploads\\\/2023\\\/03\\\/cropped-cropped-cropped-logofinal.jpeg\"},\"description\":\"Renato Dias, 58 anos, \u00e9 graduado em Jornalismo, formado em Ci\u00eancias Sociais, com p\u00f3s-gradua\u00e7\u00e3o em Pol\u00edticas P\u00fablicas, mestre em Direito e Rela\u00e7\u00f5es Internacionais, ex-aluno extraordin\u00e1rio do Doutorado em Psicologia Social, ex-estudante do Curso de Psican\u00e1lise do Centro de Estudos Psicanal\u00edticos do Estado de Goi\u00e1s, ministrado pelo m\u00e9dico psiquiatra e psicanalista Daniel Em\u00eddio de Souza. \u00c9 autor de 30 livros-reportagem, oito document\u00e1rios, ganhou 30 pr\u00eamios e \u00e9 torcedor apaixonado do maior do Centro-Oeste, o Vila Nova Futebol Clube. Casado com Meirilane Dias, \u00e9 pai de Juliana Dias, jornalista; Daniel Dias, economista; e Maria Rosa Dias, estudante antifascista, socialista e trotskista.\u00a0Com tr\u00eas pets: Porquinho [Bull Dog Franc\u00eas], Dalila [Basset Hound] e Geleia [Basset Hound]. Al\u00e9m do eterno gato Tutuquinho, que virou estrela.\",\"sameAs\":[\"https:\\\/\\\/www.facebook.com\\\/renato.dias.37\",\"#breve\",\"https:\\\/\\\/renatodias.tumblr.com\\\/\"],\"url\":\"https:\\\/\\\/renatodias.online\\\/movimento\\\/author\\\/renatodias\\\/\"}]}<\/script>\n<!-- \/ Yoast SEO plugin. -->","yoast_head_json":{"title":"CIPA Comurg faz elei\u00e7\u00e3o dia 11 -","robots":{"index":"index","follow":"follow","max-snippet":"max-snippet:-1","max-image-preview":"max-image-preview:large","max-video-preview":"max-video-preview:-1"},"canonical":"https:\/\/renatodias.online\/movimento\/2020\/10\/25\/cipa-comurg-faz-eleicao-dia-11\/","og_locale":"pt_BR","og_type":"article","og_title":"CIPA Comurg faz elei\u00e7\u00e3o dia 11 -","og_description":"Programa moderno CIPA Comurg faz elei\u00e7\u00e3o dia 11 Psic\u00f3loga Martha de Lourdes quer toler\u00e2ncia zero com acidentes, preven\u00e7\u00e3o \u00e0s atividades de risco, controle da Pandemia, direitos dos trabalhadores e a defesa das mulheres da empresa &nbsp; A Comiss\u00e3o Interna de Preven\u00e7\u00e3o de Acidentes [Cipa] da Companhia de Urbaniza\u00e7\u00e3o de Goi\u00e2nia, a Comurg, elege no pr\u00f3ximo","og_url":"https:\/\/renatodias.online\/movimento\/2020\/10\/25\/cipa-comurg-faz-eleicao-dia-11\/","article_publisher":"https:\/\/www.facebook.com\/renato.dias.37","article_author":"https:\/\/www.facebook.com\/renato.dias.37","article_published_time":"2020-10-26T00:39:05+00:00","article_modified_time":"2020-10-26T00:42:48+00:00","og_image":[{"width":400,"height":400,"url":"https:\/\/renatodias.online\/movimento\/wp-content\/uploads\/2020\/10\/martha2.png","type":"image\/png"}],"author":"Renato Dias","twitter_card":"summary_large_image","twitter_creator":"@RenatoDiasBat","twitter_site":"@RenatoDiasBat","twitter_misc":{"Escrito por":"Renato Dias","Est. tempo de leitura":"2 minutos"},"schema":{"@context":"https:\/\/schema.org","@graph":[{"@type":"Article","@id":"https:\/\/renatodias.online\/movimento\/2020\/10\/25\/cipa-comurg-faz-eleicao-dia-11\/#article","isPartOf":{"@id":"https:\/\/renatodias.online\/movimento\/2020\/10\/25\/cipa-comurg-faz-eleicao-dia-11\/"},"author":{"name":"Renato Dias","@id":"https:\/\/renatodias.online\/movimento\/#\/schema\/person\/bbab28833b1725a20f4083f49f1fb2a9"},"headline":"CIPA Comurg faz elei\u00e7\u00e3o dia 11","datePublished":"2020-10-26T00:39:05+00:00","dateModified":"2020-10-26T00:42:48+00:00","mainEntityOfPage":{"@id":"https:\/\/renatodias.online\/movimento\/2020\/10\/25\/cipa-comurg-faz-eleicao-dia-11\/"},"wordCount":339,"commentCount":0,"publisher":{"@id":"https:\/\/renatodias.online\/movimento\/#\/schema\/person\/bbab28833b1725a20f4083f49f1fb2a9"},"image":{"@id":"https:\/\/renatodias.online\/movimento\/2020\/10\/25\/cipa-comurg-faz-eleicao-dia-11\/#primaryimage"},"thumbnailUrl":"https:\/\/renatodias.online\/movimento\/wp-content\/uploads\/2020\/10\/martha2.png","articleSection":["Pol\u00edtica"],"inLanguage":"pt-BR","potentialAction":[{"@type":"CommentAction","name":"Comment","target":["https:\/\/renatodias.online\/movimento\/2020\/10\/25\/cipa-comurg-faz-eleicao-dia-11\/#respond"]}]},{"@type":"WebPage","@id":"https:\/\/renatodias.online\/movimento\/2020\/10\/25\/cipa-comurg-faz-eleicao-dia-11\/","url":"https:\/\/renatodias.online\/movimento\/2020\/10\/25\/cipa-comurg-faz-eleicao-dia-11\/","name":"CIPA Comurg faz elei\u00e7\u00e3o dia 11 -","isPartOf":{"@id":"https:\/\/renatodias.online\/movimento\/#website"},"primaryImageOfPage":{"@id":"https:\/\/renatodias.online\/movimento\/2020\/10\/25\/cipa-comurg-faz-eleicao-dia-11\/#primaryimage"},"image":{"@id":"https:\/\/renatodias.online\/movimento\/2020\/10\/25\/cipa-comurg-faz-eleicao-dia-11\/#primaryimage"},"thumbnailUrl":"https:\/\/renatodias.online\/movimento\/wp-content\/uploads\/2020\/10\/martha2.png","datePublished":"2020-10-26T00:39:05+00:00","dateModified":"2020-10-26T00:42:48+00:00","breadcrumb":{"@id":"https:\/\/renatodias.online\/movimento\/2020\/10\/25\/cipa-comurg-faz-eleicao-dia-11\/#breadcrumb"},"inLanguage":"pt-BR","potentialAction":[{"@type":"ReadAction","target":["https:\/\/renatodias.online\/movimento\/2020\/10\/25\/cipa-comurg-faz-eleicao-dia-11\/"]}]},{"@type":"ImageObject","inLanguage":"pt-BR","@id":"https:\/\/renatodias.online\/movimento\/2020\/10\/25\/cipa-comurg-faz-eleicao-dia-11\/#primaryimage","url":"https:\/\/renatodias.online\/movimento\/wp-content\/uploads\/2020\/10\/martha2.png","contentUrl":"https:\/\/renatodias.online\/movimento\/wp-content\/uploads\/2020\/10\/martha2.png","width":400,"height":400,"caption":"Martha de Lourdes Dias Baptista"},{"@type":"BreadcrumbList","@id":"https:\/\/renatodias.online\/movimento\/2020\/10\/25\/cipa-comurg-faz-eleicao-dia-11\/#breadcrumb","itemListElement":[{"@type":"ListItem","position":1,"name":"In\u00edcio","item":"https:\/\/renatodias.online\/movimento\/"},{"@type":"ListItem","position":2,"name":"CIPA Comurg faz elei\u00e7\u00e3o dia 11"}]},{"@type":"WebSite","@id":"https:\/\/renatodias.online\/movimento\/#website","url":"https:\/\/renatodias.online\/movimento\/","name":"","description":"","publisher":{"@id":"https:\/\/renatodias.online\/movimento\/#\/schema\/person\/bbab28833b1725a20f4083f49f1fb2a9"},"potentialAction":[{"@type":"SearchAction","target":{"@type":"EntryPoint","urlTemplate":"https:\/\/renatodias.online\/movimento\/?s={search_term_string}"},"query-input":{"@type":"PropertyValueSpecification","valueRequired":true,"valueName":"search_term_string"}}],"inLanguage":"pt-BR"},{"@type":["Person","Organization"],"@id":"https:\/\/renatodias.online\/movimento\/#\/schema\/person\/bbab28833b1725a20f4083f49f1fb2a9","name":"Renato Dias","image":{"@type":"ImageObject","inLanguage":"pt-BR","@id":"https:\/\/renatodias.online\/movimento\/wp-content\/uploads\/2023\/03\/cropped-cropped-cropped-logofinal.jpeg","url":"https:\/\/renatodias.online\/movimento\/wp-content\/uploads\/2023\/03\/cropped-cropped-cropped-logofinal.jpeg","contentUrl":"https:\/\/renatodias.online\/movimento\/wp-content\/uploads\/2023\/03\/cropped-cropped-cropped-logofinal.jpeg","width":1280,"height":219,"caption":"Renato Dias"},"logo":{"@id":"https:\/\/renatodias.online\/movimento\/wp-content\/uploads\/2023\/03\/cropped-cropped-cropped-logofinal.jpeg"},"description":"Renato Dias, 58 anos, \u00e9 graduado em Jornalismo, formado em Ci\u00eancias Sociais, com p\u00f3s-gradua\u00e7\u00e3o em Pol\u00edticas P\u00fablicas, mestre em Direito e Rela\u00e7\u00f5es Internacionais, ex-aluno extraordin\u00e1rio do Doutorado em Psicologia Social, ex-estudante do Curso de Psican\u00e1lise do Centro de Estudos Psicanal\u00edticos do Estado de Goi\u00e1s, ministrado pelo m\u00e9dico psiquiatra e psicanalista Daniel Em\u00eddio de Souza. \u00c9 autor de 30 livros-reportagem, oito document\u00e1rios, ganhou 30 pr\u00eamios e \u00e9 torcedor apaixonado do maior do Centro-Oeste, o Vila Nova Futebol Clube. Casado com Meirilane Dias, \u00e9 pai de Juliana Dias, jornalista; Daniel Dias, economista; e Maria Rosa Dias, estudante antifascista, socialista e trotskista.\u00a0Com tr\u00eas pets: Porquinho [Bull Dog Franc\u00eas], Dalila [Basset Hound] e Geleia [Basset Hound]. Al\u00e9m do eterno gato Tutuquinho, que virou estrela.","sameAs":["https:\/\/www.facebook.com\/renato.dias.37","#breve","https:\/\/renatodias.tumblr.com\/"],"url":"https:\/\/renatodias.online\/movimento\/author\/renatodias\/"}]}},"_links":{"self":[{"href":"https:\/\/renatodias.online\/movimento\/wp-json\/wp\/v2\/posts\/4800","targetHints":{"allow":["GET"]}}],"collection":[{"href":"https:\/\/renatodias.online\/movimento\/wp-json\/wp\/v2\/posts"}],"about":[{"href":"https:\/\/renatodias.online\/movimento\/wp-json\/wp\/v2\/types\/post"}],"author":[{"embeddable":true,"href":"https:\/\/renatodias.online\/movimento\/wp-json\/wp\/v2\/users\/2"}],"replies":[{"embeddable":true,"href":"https:\/\/renatodias.online\/movimento\/wp-json\/wp\/v2\/comments?post=4800"}],"version-history":[{"count":3,"href":"https:\/\/renatodias.online\/movimento\/wp-json\/wp\/v2\/posts\/4800\/revisions"}],"predecessor-version":[{"id":4806,"href":"https:\/\/renatodias.online\/movimento\/wp-json\/wp\/v2\/posts\/4800\/revisions\/4806"}],"wp:featuredmedia":[{"embeddable":true,"href":"https:\/\/renatodias.online\/movimento\/wp-json\/wp\/v2\/media\/4802"}],"wp:attachment":[{"href":"https:\/\/renatodias.online\/movimento\/wp-json\/wp\/v2\/media?parent=4800"}],"wp:term":[{"taxonomy":"category","embeddable":true,"href":"https:\/\/renatodias.online\/movimento\/wp-json\/wp\/v2\/categories?post=4800"},{"taxonomy":"post_tag","embeddable":true,"href":"https:\/\/renatodias.online\/movimento\/wp-json\/wp\/v2\/tags?post=4800"}],"curies":[{"name":"wp","href":"https:\/\/api.w.org\/{rel}","templated":true}]}}