{"id":4781,"date":"2020-10-25T20:52:21","date_gmt":"2020-10-25T23:52:21","guid":{"rendered":"https:\/\/renatodias.online\/movimento\/?p=4781"},"modified":"2020-10-25T20:52:21","modified_gmt":"2020-10-25T23:52:21","slug":"tortura-nunca-mais-elege-a-nova-direcao","status":"publish","type":"post","link":"https:\/\/renatodias.online\/movimento\/2020\/10\/25\/tortura-nunca-mais-elege-a-nova-direcao\/","title":{"rendered":"Tortura Nunca Mais elege a nova dire\u00e7\u00e3o"},"content":{"rendered":"<p><span style=\"color: #ff0000;\"><strong>Se\u00e7\u00e3o de Goi\u00e1s<\/strong><\/span><\/p>\n<h1><strong>Tortura Nunca Mais<\/strong><\/h1>\n<h1><strong>elege a nova dire\u00e7\u00e3o<\/strong><\/h1>\n<p><strong>Gest\u00e3o quer revis\u00e3o da Lei de Anistia, julgamento dos respons\u00e1veis pela viola\u00e7\u00f5es \u00e0 \u00e9poca da ditadura civil e militar, no Brasil,\u00a0 a amplia\u00e7\u00e3o das Cl\u00ednicas de Testemunho e a defesa de DH <\/strong><\/p>\n<p><strong>\u00a0<\/strong><\/p>\n<p><strong>\u00a0<\/strong><\/p>\n<p>O\u00a0 grupo <strong>Tortura Nunca Mais<\/strong> reelegeu\u00a0 o ativista de Direitos Humanos <strong>Waldomiro Ant\u00f4nio de Campos Batista<\/strong>, 68 anos de idade, para novo mandato. De tr\u00eas anos. A odont\u00f3loga, perita do Minist\u00e9rio da Sa\u00fade, <strong>Honorina Maria<\/strong>, 65, que esteve presente na abertura da Vala Clandestina de Perus, em setembro de 1990, ocupar\u00e1 a vice-presid\u00eancia. Da entidade. Da se\u00e7\u00e3o de Goi\u00e1s.<\/p>\n<figure id=\"attachment_4783\" aria-describedby=\"caption-attachment-4783\" style=\"width: 111px\" class=\"wp-caption aligncenter\"><img loading=\"lazy\" decoding=\"async\" class=\"wp-image-4783 size-full\" src=\"https:\/\/renatodias.online\/movimento\/wp-content\/uploads\/2020\/10\/Honorina-Maria-2.jpg\" alt=\"Honorina Maria\" width=\"111\" height=\"193\" \/><figcaption id=\"caption-attachment-4783\" class=\"wp-caption-text\">Honorina Maria<\/figcaption><\/figure>\n<p><strong>Diretoria-executiva<\/strong><\/p>\n<figure id=\"attachment_4784\" aria-describedby=\"caption-attachment-4784\" style=\"width: 596px\" class=\"wp-caption aligncenter\"><img loading=\"lazy\" decoding=\"async\" class=\" wp-image-4784\" src=\"https:\/\/renatodias.online\/movimento\/wp-content\/uploads\/2020\/10\/Maria-Cristina-Batista-3.jpg\" alt=\"Maria Cristina\" width=\"596\" height=\"723\" srcset=\"https:\/\/renatodias.online\/movimento\/wp-content\/uploads\/2020\/10\/Maria-Cristina-Batista-3.jpg 791w, https:\/\/renatodias.online\/movimento\/wp-content\/uploads\/2020\/10\/Maria-Cristina-Batista-3-247x300.jpg 247w, https:\/\/renatodias.online\/movimento\/wp-content\/uploads\/2020\/10\/Maria-Cristina-Batista-3-768x932.jpg 768w, https:\/\/renatodias.online\/movimento\/wp-content\/uploads\/2020\/10\/Maria-Cristina-Batista-3-750x910.jpg 750w\" sizes=\"auto, (max-width: 596px) 100vw, 596px\" \/><figcaption id=\"caption-attachment-4784\" class=\"wp-caption-text\">Maria Cristina<\/figcaption><\/figure>\n<p>Acad\u00eamica de Direito, <strong>Maria Cristina<\/strong>, cult, gauche e radical, ocupar\u00e1 um novo posto no Tortura Nunca Mais [TNM]. A Secretaria &#8211; Geral. De linhagem evang\u00e9lica, Paulinha Cristina exercer\u00e1 a fun\u00e7\u00e3o de secret\u00e1ria-adjunta. <strong>M\u00e1rio de Almeida<\/strong> \u00e9 o assessor de imprensa da ONG. Com sede em Goi\u00e2nia. Quem deixa a diretoria \u00e9 o trotskista <strong>Altino Ant\u00f4nio de Barros Neto<\/strong>.<\/p>\n<figure id=\"attachment_4785\" aria-describedby=\"caption-attachment-4785\" style=\"width: 311px\" class=\"wp-caption aligncenter\"><img loading=\"lazy\" decoding=\"async\" class=\"size-full wp-image-4785\" src=\"https:\/\/renatodias.online\/movimento\/wp-content\/uploads\/2020\/10\/M\u00e1rio-de-Almeida-4.jpg\" alt=\"M\u00e1rio de Almeida\" width=\"311\" height=\"421\" srcset=\"https:\/\/renatodias.online\/movimento\/wp-content\/uploads\/2020\/10\/M\u00e1rio-de-Almeida-4.jpg 311w, https:\/\/renatodias.online\/movimento\/wp-content\/uploads\/2020\/10\/M\u00e1rio-de-Almeida-4-222x300.jpg 222w\" sizes=\"auto, (max-width: 311px) 100vw, 311px\" \/><figcaption id=\"caption-attachment-4785\" class=\"wp-caption-text\">M\u00e1rio de Almeida<\/figcaption><\/figure>\n<p>A vice-presidente e irm\u00e3 do desaparecido pol\u00edtico <strong>Marcos Ant\u00f4nio Dias Baptista<\/strong>, que sumiu em maio do ano de 1970, sob Em\u00edlio Garrastazu M\u00e9dici, informa que a nova gest\u00e3o quer pau\u00adtar a revis\u00e3o da Lei de Anistia, julgamento dos respons\u00e1veis pelas viola\u00e7\u00f5es \u00e0 \u00e9poca da dita\u00addu\u00adra ci\u00advil e militar, no Brasil, amplia\u00e7\u00e3o das Cl\u00ednicas de Testemunho e a defesa de DH, em Goi\u00e1s.<\/p>\n<figure id=\"attachment_4786\" aria-describedby=\"caption-attachment-4786\" style=\"width: 657px\" class=\"wp-caption aligncenter\"><img loading=\"lazy\" decoding=\"async\" class=\" wp-image-4786\" src=\"https:\/\/renatodias.online\/movimento\/wp-content\/uploads\/2020\/10\/Paulinha-Cristina-5-1.jpg\" alt=\"Paulinha Cristina\" width=\"657\" height=\"657\" srcset=\"https:\/\/renatodias.online\/movimento\/wp-content\/uploads\/2020\/10\/Paulinha-Cristina-5-1.jpg 960w, https:\/\/renatodias.online\/movimento\/wp-content\/uploads\/2020\/10\/Paulinha-Cristina-5-1-300x300.jpg 300w, https:\/\/renatodias.online\/movimento\/wp-content\/uploads\/2020\/10\/Paulinha-Cristina-5-1-150x150.jpg 150w, https:\/\/renatodias.online\/movimento\/wp-content\/uploads\/2020\/10\/Paulinha-Cristina-5-1-768x768.jpg 768w, https:\/\/renatodias.online\/movimento\/wp-content\/uploads\/2020\/10\/Paulinha-Cristina-5-1-750x750.jpg 750w, https:\/\/renatodias.online\/movimento\/wp-content\/uploads\/2020\/10\/Paulinha-Cristina-5-1-50x50.jpg 50w, https:\/\/renatodias.online\/movimento\/wp-content\/uploads\/2020\/10\/Paulinha-Cristina-5-1-125x125.jpg 125w, https:\/\/renatodias.online\/movimento\/wp-content\/uploads\/2020\/10\/Paulinha-Cristina-5-1-100x100.jpg 100w, https:\/\/renatodias.online\/movimento\/wp-content\/uploads\/2020\/10\/Paulinha-Cristina-5-1-250x250.jpg 250w\" sizes=\"auto, (max-width: 657px) 100vw, 657px\" \/><figcaption id=\"caption-attachment-4786\" class=\"wp-caption-text\">Paulinha Cristina<\/figcaption><\/figure>\n<p>&nbsp;<\/p>\n","protected":false},"excerpt":{"rendered":"<p>Se\u00e7\u00e3o de Goi\u00e1s Tortura Nunca Mais elege a nova dire\u00e7\u00e3o Gest\u00e3o quer revis\u00e3o da Lei de Anistia, julgamento dos respons\u00e1veis pela viola\u00e7\u00f5es \u00e0 \u00e9poca da ditadura civil e militar, no Brasil,\u00a0 a amplia\u00e7\u00e3o das Cl\u00ednicas de Testemunho e a defesa de DH \u00a0 \u00a0 O\u00a0 grupo Tortura Nunca Mais reelegeu\u00a0 o ativista de Direitos Humanos<\/p>\n","protected":false},"author":2,"featured_media":4782,"comment_status":"open","ping_status":"open","sticky":false,"template":"","format":"standard","meta":{"_acf_changed":false,"_monsterinsights_skip_tracking":false,"_monsterinsights_sitenote_active":false,"_monsterinsights_sitenote_note":"","_monsterinsights_sitenote_category":0,"footnotes":""},"categories":[4],"tags":[],"class_list":["post-4781","post","type-post","status-publish","format-standard","has-post-thumbnail","hentry","category-politica"],"acf":[],"yoast_head":"<!-- This site is optimized with the Yoast SEO plugin v27.4 - https:\/\/yoast.com\/product\/yoast-seo-wordpress\/ -->\n<title>Tortura Nunca Mais elege a nova dire\u00e7\u00e3o -<\/title>\n<meta name=\"robots\" content=\"index, follow, max-snippet:-1, max-image-preview:large, max-video-preview:-1\" \/>\n<link rel=\"canonical\" href=\"https:\/\/renatodias.online\/movimento\/2020\/10\/25\/tortura-nunca-mais-elege-a-nova-direcao\/\" \/>\n<meta property=\"og:locale\" content=\"pt_BR\" \/>\n<meta property=\"og:type\" content=\"article\" \/>\n<meta property=\"og:title\" content=\"Tortura Nunca Mais elege a nova dire\u00e7\u00e3o -\" \/>\n<meta property=\"og:description\" content=\"Se\u00e7\u00e3o de Goi\u00e1s Tortura Nunca Mais elege a nova dire\u00e7\u00e3o Gest\u00e3o quer revis\u00e3o da Lei de Anistia, julgamento dos respons\u00e1veis pela viola\u00e7\u00f5es \u00e0 \u00e9poca da ditadura civil e militar, no Brasil,\u00a0 a amplia\u00e7\u00e3o das Cl\u00ednicas de Testemunho e a defesa de DH \u00a0 \u00a0 O\u00a0 grupo Tortura Nunca Mais reelegeu\u00a0 o ativista de Direitos Humanos\" \/>\n<meta property=\"og:url\" content=\"https:\/\/renatodias.online\/movimento\/2020\/10\/25\/tortura-nunca-mais-elege-a-nova-direcao\/\" \/>\n<meta property=\"article:publisher\" content=\"https:\/\/www.facebook.com\/renato.dias.37\" \/>\n<meta property=\"article:author\" content=\"https:\/\/www.facebook.com\/renato.dias.37\" \/>\n<meta property=\"article:published_time\" content=\"2020-10-25T23:52:21+00:00\" \/>\n<meta property=\"og:image\" content=\"https:\/\/renatodias.online\/movimento\/wp-content\/uploads\/2020\/10\/Waldomiro-Batista-1.jpeg\" \/>\n\t<meta property=\"og:image:width\" content=\"445\" \/>\n\t<meta property=\"og:image:height\" content=\"353\" \/>\n\t<meta property=\"og:image:type\" content=\"image\/jpeg\" \/>\n<meta name=\"author\" content=\"Renato Dias\" \/>\n<meta name=\"twitter:card\" content=\"summary_large_image\" \/>\n<meta name=\"twitter:creator\" content=\"@RenatoDiasBat\" \/>\n<meta name=\"twitter:site\" content=\"@RenatoDiasBat\" \/>\n<meta name=\"twitter:label1\" content=\"Escrito por\" \/>\n\t<meta name=\"twitter:data1\" content=\"Renato Dias\" \/>\n\t<meta name=\"twitter:label2\" content=\"Est. tempo de leitura\" \/>\n\t<meta name=\"twitter:data2\" content=\"1 minuto\" \/>\n<script type=\"application\/ld+json\" class=\"yoast-schema-graph\">{\"@context\":\"https:\\\/\\\/schema.org\",\"@graph\":[{\"@type\":\"Article\",\"@id\":\"https:\\\/\\\/renatodias.online\\\/movimento\\\/2020\\\/10\\\/25\\\/tortura-nunca-mais-elege-a-nova-direcao\\\/#article\",\"isPartOf\":{\"@id\":\"https:\\\/\\\/renatodias.online\\\/movimento\\\/2020\\\/10\\\/25\\\/tortura-nunca-mais-elege-a-nova-direcao\\\/\"},\"author\":{\"name\":\"Renato Dias\",\"@id\":\"https:\\\/\\\/renatodias.online\\\/movimento\\\/#\\\/schema\\\/person\\\/bbab28833b1725a20f4083f49f1fb2a9\"},\"headline\":\"Tortura Nunca Mais elege a nova dire\u00e7\u00e3o\",\"datePublished\":\"2020-10-25T23:52:21+00:00\",\"mainEntityOfPage\":{\"@id\":\"https:\\\/\\\/renatodias.online\\\/movimento\\\/2020\\\/10\\\/25\\\/tortura-nunca-mais-elege-a-nova-direcao\\\/\"},\"wordCount\":300,\"commentCount\":0,\"publisher\":{\"@id\":\"https:\\\/\\\/renatodias.online\\\/movimento\\\/#\\\/schema\\\/person\\\/bbab28833b1725a20f4083f49f1fb2a9\"},\"image\":{\"@id\":\"https:\\\/\\\/renatodias.online\\\/movimento\\\/2020\\\/10\\\/25\\\/tortura-nunca-mais-elege-a-nova-direcao\\\/#primaryimage\"},\"thumbnailUrl\":\"https:\\\/\\\/renatodias.online\\\/movimento\\\/wp-content\\\/uploads\\\/2020\\\/10\\\/Waldomiro-Batista-1.jpeg\",\"articleSection\":[\"Pol\u00edtica\"],\"inLanguage\":\"pt-BR\",\"potentialAction\":[{\"@type\":\"CommentAction\",\"name\":\"Comment\",\"target\":[\"https:\\\/\\\/renatodias.online\\\/movimento\\\/2020\\\/10\\\/25\\\/tortura-nunca-mais-elege-a-nova-direcao\\\/#respond\"]}]},{\"@type\":\"WebPage\",\"@id\":\"https:\\\/\\\/renatodias.online\\\/movimento\\\/2020\\\/10\\\/25\\\/tortura-nunca-mais-elege-a-nova-direcao\\\/\",\"url\":\"https:\\\/\\\/renatodias.online\\\/movimento\\\/2020\\\/10\\\/25\\\/tortura-nunca-mais-elege-a-nova-direcao\\\/\",\"name\":\"Tortura Nunca Mais elege a nova dire\u00e7\u00e3o -\",\"isPartOf\":{\"@id\":\"https:\\\/\\\/renatodias.online\\\/movimento\\\/#website\"},\"primaryImageOfPage\":{\"@id\":\"https:\\\/\\\/renatodias.online\\\/movimento\\\/2020\\\/10\\\/25\\\/tortura-nunca-mais-elege-a-nova-direcao\\\/#primaryimage\"},\"image\":{\"@id\":\"https:\\\/\\\/renatodias.online\\\/movimento\\\/2020\\\/10\\\/25\\\/tortura-nunca-mais-elege-a-nova-direcao\\\/#primaryimage\"},\"thumbnailUrl\":\"https:\\\/\\\/renatodias.online\\\/movimento\\\/wp-content\\\/uploads\\\/2020\\\/10\\\/Waldomiro-Batista-1.jpeg\",\"datePublished\":\"2020-10-25T23:52:21+00:00\",\"breadcrumb\":{\"@id\":\"https:\\\/\\\/renatodias.online\\\/movimento\\\/2020\\\/10\\\/25\\\/tortura-nunca-mais-elege-a-nova-direcao\\\/#breadcrumb\"},\"inLanguage\":\"pt-BR\",\"potentialAction\":[{\"@type\":\"ReadAction\",\"target\":[\"https:\\\/\\\/renatodias.online\\\/movimento\\\/2020\\\/10\\\/25\\\/tortura-nunca-mais-elege-a-nova-direcao\\\/\"]}]},{\"@type\":\"ImageObject\",\"inLanguage\":\"pt-BR\",\"@id\":\"https:\\\/\\\/renatodias.online\\\/movimento\\\/2020\\\/10\\\/25\\\/tortura-nunca-mais-elege-a-nova-direcao\\\/#primaryimage\",\"url\":\"https:\\\/\\\/renatodias.online\\\/movimento\\\/wp-content\\\/uploads\\\/2020\\\/10\\\/Waldomiro-Batista-1.jpeg\",\"contentUrl\":\"https:\\\/\\\/renatodias.online\\\/movimento\\\/wp-content\\\/uploads\\\/2020\\\/10\\\/Waldomiro-Batista-1.jpeg\",\"width\":445,\"height\":353,\"caption\":\"Waldomiro Batista\"},{\"@type\":\"BreadcrumbList\",\"@id\":\"https:\\\/\\\/renatodias.online\\\/movimento\\\/2020\\\/10\\\/25\\\/tortura-nunca-mais-elege-a-nova-direcao\\\/#breadcrumb\",\"itemListElement\":[{\"@type\":\"ListItem\",\"position\":1,\"name\":\"In\u00edcio\",\"item\":\"https:\\\/\\\/renatodias.online\\\/movimento\\\/\"},{\"@type\":\"ListItem\",\"position\":2,\"name\":\"Tortura Nunca Mais elege a nova dire\u00e7\u00e3o\"}]},{\"@type\":\"WebSite\",\"@id\":\"https:\\\/\\\/renatodias.online\\\/movimento\\\/#website\",\"url\":\"https:\\\/\\\/renatodias.online\\\/movimento\\\/\",\"name\":\"\",\"description\":\"\",\"publisher\":{\"@id\":\"https:\\\/\\\/renatodias.online\\\/movimento\\\/#\\\/schema\\\/person\\\/bbab28833b1725a20f4083f49f1fb2a9\"},\"potentialAction\":[{\"@type\":\"SearchAction\",\"target\":{\"@type\":\"EntryPoint\",\"urlTemplate\":\"https:\\\/\\\/renatodias.online\\\/movimento\\\/?s={search_term_string}\"},\"query-input\":{\"@type\":\"PropertyValueSpecification\",\"valueRequired\":true,\"valueName\":\"search_term_string\"}}],\"inLanguage\":\"pt-BR\"},{\"@type\":[\"Person\",\"Organization\"],\"@id\":\"https:\\\/\\\/renatodias.online\\\/movimento\\\/#\\\/schema\\\/person\\\/bbab28833b1725a20f4083f49f1fb2a9\",\"name\":\"Renato Dias\",\"image\":{\"@type\":\"ImageObject\",\"inLanguage\":\"pt-BR\",\"@id\":\"https:\\\/\\\/renatodias.online\\\/movimento\\\/wp-content\\\/uploads\\\/2023\\\/03\\\/cropped-cropped-cropped-logofinal.jpeg\",\"url\":\"https:\\\/\\\/renatodias.online\\\/movimento\\\/wp-content\\\/uploads\\\/2023\\\/03\\\/cropped-cropped-cropped-logofinal.jpeg\",\"contentUrl\":\"https:\\\/\\\/renatodias.online\\\/movimento\\\/wp-content\\\/uploads\\\/2023\\\/03\\\/cropped-cropped-cropped-logofinal.jpeg\",\"width\":1280,\"height\":219,\"caption\":\"Renato Dias\"},\"logo\":{\"@id\":\"https:\\\/\\\/renatodias.online\\\/movimento\\\/wp-content\\\/uploads\\\/2023\\\/03\\\/cropped-cropped-cropped-logofinal.jpeg\"},\"description\":\"Renato Dias, 58 anos, \u00e9 graduado em Jornalismo, formado em Ci\u00eancias Sociais, com p\u00f3s-gradua\u00e7\u00e3o em Pol\u00edticas P\u00fablicas, mestre em Direito e Rela\u00e7\u00f5es Internacionais, ex-aluno extraordin\u00e1rio do Doutorado em Psicologia Social, ex-estudante do Curso de Psican\u00e1lise do Centro de Estudos Psicanal\u00edticos do Estado de Goi\u00e1s, ministrado pelo m\u00e9dico psiquiatra e psicanalista Daniel Em\u00eddio de Souza. \u00c9 autor de 30 livros-reportagem, oito document\u00e1rios, ganhou 30 pr\u00eamios e \u00e9 torcedor apaixonado do maior do Centro-Oeste, o Vila Nova Futebol Clube. Casado com Meirilane Dias, \u00e9 pai de Juliana Dias, jornalista; Daniel Dias, economista; e Maria Rosa Dias, estudante antifascista, socialista e trotskista.\u00a0Com tr\u00eas pets: Porquinho [Bull Dog Franc\u00eas], Dalila [Basset Hound] e Geleia [Basset Hound]. Al\u00e9m do eterno gato Tutuquinho, que virou estrela.\",\"sameAs\":[\"https:\\\/\\\/www.facebook.com\\\/renato.dias.37\",\"#breve\",\"https:\\\/\\\/renatodias.tumblr.com\\\/\"],\"url\":\"https:\\\/\\\/renatodias.online\\\/movimento\\\/author\\\/renatodias\\\/\"}]}<\/script>\n<!-- \/ Yoast SEO plugin. -->","yoast_head_json":{"title":"Tortura Nunca Mais elege a nova dire\u00e7\u00e3o -","robots":{"index":"index","follow":"follow","max-snippet":"max-snippet:-1","max-image-preview":"max-image-preview:large","max-video-preview":"max-video-preview:-1"},"canonical":"https:\/\/renatodias.online\/movimento\/2020\/10\/25\/tortura-nunca-mais-elege-a-nova-direcao\/","og_locale":"pt_BR","og_type":"article","og_title":"Tortura Nunca Mais elege a nova dire\u00e7\u00e3o -","og_description":"Se\u00e7\u00e3o de Goi\u00e1s Tortura Nunca Mais elege a nova dire\u00e7\u00e3o Gest\u00e3o quer revis\u00e3o da Lei de Anistia, julgamento dos respons\u00e1veis pela viola\u00e7\u00f5es \u00e0 \u00e9poca da ditadura civil e militar, no Brasil,\u00a0 a amplia\u00e7\u00e3o das Cl\u00ednicas de Testemunho e a defesa de DH \u00a0 \u00a0 O\u00a0 grupo Tortura Nunca Mais reelegeu\u00a0 o ativista de Direitos Humanos","og_url":"https:\/\/renatodias.online\/movimento\/2020\/10\/25\/tortura-nunca-mais-elege-a-nova-direcao\/","article_publisher":"https:\/\/www.facebook.com\/renato.dias.37","article_author":"https:\/\/www.facebook.com\/renato.dias.37","article_published_time":"2020-10-25T23:52:21+00:00","og_image":[{"width":445,"height":353,"url":"https:\/\/renatodias.online\/movimento\/wp-content\/uploads\/2020\/10\/Waldomiro-Batista-1.jpeg","type":"image\/jpeg"}],"author":"Renato Dias","twitter_card":"summary_large_image","twitter_creator":"@RenatoDiasBat","twitter_site":"@RenatoDiasBat","twitter_misc":{"Escrito por":"Renato Dias","Est. tempo de leitura":"1 minuto"},"schema":{"@context":"https:\/\/schema.org","@graph":[{"@type":"Article","@id":"https:\/\/renatodias.online\/movimento\/2020\/10\/25\/tortura-nunca-mais-elege-a-nova-direcao\/#article","isPartOf":{"@id":"https:\/\/renatodias.online\/movimento\/2020\/10\/25\/tortura-nunca-mais-elege-a-nova-direcao\/"},"author":{"name":"Renato Dias","@id":"https:\/\/renatodias.online\/movimento\/#\/schema\/person\/bbab28833b1725a20f4083f49f1fb2a9"},"headline":"Tortura Nunca Mais elege a nova dire\u00e7\u00e3o","datePublished":"2020-10-25T23:52:21+00:00","mainEntityOfPage":{"@id":"https:\/\/renatodias.online\/movimento\/2020\/10\/25\/tortura-nunca-mais-elege-a-nova-direcao\/"},"wordCount":300,"commentCount":0,"publisher":{"@id":"https:\/\/renatodias.online\/movimento\/#\/schema\/person\/bbab28833b1725a20f4083f49f1fb2a9"},"image":{"@id":"https:\/\/renatodias.online\/movimento\/2020\/10\/25\/tortura-nunca-mais-elege-a-nova-direcao\/#primaryimage"},"thumbnailUrl":"https:\/\/renatodias.online\/movimento\/wp-content\/uploads\/2020\/10\/Waldomiro-Batista-1.jpeg","articleSection":["Pol\u00edtica"],"inLanguage":"pt-BR","potentialAction":[{"@type":"CommentAction","name":"Comment","target":["https:\/\/renatodias.online\/movimento\/2020\/10\/25\/tortura-nunca-mais-elege-a-nova-direcao\/#respond"]}]},{"@type":"WebPage","@id":"https:\/\/renatodias.online\/movimento\/2020\/10\/25\/tortura-nunca-mais-elege-a-nova-direcao\/","url":"https:\/\/renatodias.online\/movimento\/2020\/10\/25\/tortura-nunca-mais-elege-a-nova-direcao\/","name":"Tortura Nunca Mais elege a nova dire\u00e7\u00e3o -","isPartOf":{"@id":"https:\/\/renatodias.online\/movimento\/#website"},"primaryImageOfPage":{"@id":"https:\/\/renatodias.online\/movimento\/2020\/10\/25\/tortura-nunca-mais-elege-a-nova-direcao\/#primaryimage"},"image":{"@id":"https:\/\/renatodias.online\/movimento\/2020\/10\/25\/tortura-nunca-mais-elege-a-nova-direcao\/#primaryimage"},"thumbnailUrl":"https:\/\/renatodias.online\/movimento\/wp-content\/uploads\/2020\/10\/Waldomiro-Batista-1.jpeg","datePublished":"2020-10-25T23:52:21+00:00","breadcrumb":{"@id":"https:\/\/renatodias.online\/movimento\/2020\/10\/25\/tortura-nunca-mais-elege-a-nova-direcao\/#breadcrumb"},"inLanguage":"pt-BR","potentialAction":[{"@type":"ReadAction","target":["https:\/\/renatodias.online\/movimento\/2020\/10\/25\/tortura-nunca-mais-elege-a-nova-direcao\/"]}]},{"@type":"ImageObject","inLanguage":"pt-BR","@id":"https:\/\/renatodias.online\/movimento\/2020\/10\/25\/tortura-nunca-mais-elege-a-nova-direcao\/#primaryimage","url":"https:\/\/renatodias.online\/movimento\/wp-content\/uploads\/2020\/10\/Waldomiro-Batista-1.jpeg","contentUrl":"https:\/\/renatodias.online\/movimento\/wp-content\/uploads\/2020\/10\/Waldomiro-Batista-1.jpeg","width":445,"height":353,"caption":"Waldomiro Batista"},{"@type":"BreadcrumbList","@id":"https:\/\/renatodias.online\/movimento\/2020\/10\/25\/tortura-nunca-mais-elege-a-nova-direcao\/#breadcrumb","itemListElement":[{"@type":"ListItem","position":1,"name":"In\u00edcio","item":"https:\/\/renatodias.online\/movimento\/"},{"@type":"ListItem","position":2,"name":"Tortura Nunca Mais elege a nova dire\u00e7\u00e3o"}]},{"@type":"WebSite","@id":"https:\/\/renatodias.online\/movimento\/#website","url":"https:\/\/renatodias.online\/movimento\/","name":"","description":"","publisher":{"@id":"https:\/\/renatodias.online\/movimento\/#\/schema\/person\/bbab28833b1725a20f4083f49f1fb2a9"},"potentialAction":[{"@type":"SearchAction","target":{"@type":"EntryPoint","urlTemplate":"https:\/\/renatodias.online\/movimento\/?s={search_term_string}"},"query-input":{"@type":"PropertyValueSpecification","valueRequired":true,"valueName":"search_term_string"}}],"inLanguage":"pt-BR"},{"@type":["Person","Organization"],"@id":"https:\/\/renatodias.online\/movimento\/#\/schema\/person\/bbab28833b1725a20f4083f49f1fb2a9","name":"Renato Dias","image":{"@type":"ImageObject","inLanguage":"pt-BR","@id":"https:\/\/renatodias.online\/movimento\/wp-content\/uploads\/2023\/03\/cropped-cropped-cropped-logofinal.jpeg","url":"https:\/\/renatodias.online\/movimento\/wp-content\/uploads\/2023\/03\/cropped-cropped-cropped-logofinal.jpeg","contentUrl":"https:\/\/renatodias.online\/movimento\/wp-content\/uploads\/2023\/03\/cropped-cropped-cropped-logofinal.jpeg","width":1280,"height":219,"caption":"Renato Dias"},"logo":{"@id":"https:\/\/renatodias.online\/movimento\/wp-content\/uploads\/2023\/03\/cropped-cropped-cropped-logofinal.jpeg"},"description":"Renato Dias, 58 anos, \u00e9 graduado em Jornalismo, formado em Ci\u00eancias Sociais, com p\u00f3s-gradua\u00e7\u00e3o em Pol\u00edticas P\u00fablicas, mestre em Direito e Rela\u00e7\u00f5es Internacionais, ex-aluno extraordin\u00e1rio do Doutorado em Psicologia Social, ex-estudante do Curso de Psican\u00e1lise do Centro de Estudos Psicanal\u00edticos do Estado de Goi\u00e1s, ministrado pelo m\u00e9dico psiquiatra e psicanalista Daniel Em\u00eddio de Souza. \u00c9 autor de 30 livros-reportagem, oito document\u00e1rios, ganhou 30 pr\u00eamios e \u00e9 torcedor apaixonado do maior do Centro-Oeste, o Vila Nova Futebol Clube. Casado com Meirilane Dias, \u00e9 pai de Juliana Dias, jornalista; Daniel Dias, economista; e Maria Rosa Dias, estudante antifascista, socialista e trotskista.\u00a0Com tr\u00eas pets: Porquinho [Bull Dog Franc\u00eas], Dalila [Basset Hound] e Geleia [Basset Hound]. Al\u00e9m do eterno gato Tutuquinho, que virou estrela.","sameAs":["https:\/\/www.facebook.com\/renato.dias.37","#breve","https:\/\/renatodias.tumblr.com\/"],"url":"https:\/\/renatodias.online\/movimento\/author\/renatodias\/"}]}},"_links":{"self":[{"href":"https:\/\/renatodias.online\/movimento\/wp-json\/wp\/v2\/posts\/4781","targetHints":{"allow":["GET"]}}],"collection":[{"href":"https:\/\/renatodias.online\/movimento\/wp-json\/wp\/v2\/posts"}],"about":[{"href":"https:\/\/renatodias.online\/movimento\/wp-json\/wp\/v2\/types\/post"}],"author":[{"embeddable":true,"href":"https:\/\/renatodias.online\/movimento\/wp-json\/wp\/v2\/users\/2"}],"replies":[{"embeddable":true,"href":"https:\/\/renatodias.online\/movimento\/wp-json\/wp\/v2\/comments?post=4781"}],"version-history":[{"count":1,"href":"https:\/\/renatodias.online\/movimento\/wp-json\/wp\/v2\/posts\/4781\/revisions"}],"predecessor-version":[{"id":4787,"href":"https:\/\/renatodias.online\/movimento\/wp-json\/wp\/v2\/posts\/4781\/revisions\/4787"}],"wp:featuredmedia":[{"embeddable":true,"href":"https:\/\/renatodias.online\/movimento\/wp-json\/wp\/v2\/media\/4782"}],"wp:attachment":[{"href":"https:\/\/renatodias.online\/movimento\/wp-json\/wp\/v2\/media?parent=4781"}],"wp:term":[{"taxonomy":"category","embeddable":true,"href":"https:\/\/renatodias.online\/movimento\/wp-json\/wp\/v2\/categories?post=4781"},{"taxonomy":"post_tag","embeddable":true,"href":"https:\/\/renatodias.online\/movimento\/wp-json\/wp\/v2\/tags?post=4781"}],"curies":[{"name":"wp","href":"https:\/\/api.w.org\/{rel}","templated":true}]}}