{"id":4743,"date":"2020-09-29T23:20:01","date_gmt":"2020-09-30T02:20:01","guid":{"rendered":"https:\/\/renatodias.online\/movimento\/?p=4743"},"modified":"2020-09-29T23:24:20","modified_gmt":"2020-09-30T02:24:20","slug":"embaixada-do-brasil-no-chile-era-o-qg-do-golpe","status":"publish","type":"post","link":"https:\/\/renatodias.online\/movimento\/2020\/09\/29\/embaixada-do-brasil-no-chile-era-o-qg-do-golpe\/","title":{"rendered":"Embaixada do Brasil no Chile era o QG do golpe"},"content":{"rendered":"<p><img loading=\"lazy\" decoding=\"async\" class=\"size-medium wp-image-4537 aligncenter\" src=\"https:\/\/renatodias.online\/movimento\/wp-content\/uploads\/2020\/09\/1599875669684_Alto-da-p\u00e1gina-Banner-Exclusivo-300x91.png\" alt=\"E X C L U S I V O\" width=\"300\" height=\"91\" srcset=\"https:\/\/renatodias.online\/movimento\/wp-content\/uploads\/2020\/09\/1599875669684_Alto-da-p\u00e1gina-Banner-Exclusivo-300x91.png 300w, https:\/\/renatodias.online\/movimento\/wp-content\/uploads\/2020\/09\/1599875669684_Alto-da-p\u00e1gina-Banner-Exclusivo-1024x311.png 1024w, https:\/\/renatodias.online\/movimento\/wp-content\/uploads\/2020\/09\/1599875669684_Alto-da-p\u00e1gina-Banner-Exclusivo-768x233.png 768w, https:\/\/renatodias.online\/movimento\/wp-content\/uploads\/2020\/09\/1599875669684_Alto-da-p\u00e1gina-Banner-Exclusivo-750x228.png 750w, https:\/\/renatodias.online\/movimento\/wp-content\/uploads\/2020\/09\/1599875669684_Alto-da-p\u00e1gina-Banner-Exclusivo.png 1224w\" sizes=\"auto, (max-width: 300px) 100vw, 300px\" \/><\/p>\n<p style=\"text-align: center;\"><strong>\u00a0\u00a0\u00a0\u00a0\u00a0\u00a0\u00a0\u00a0\u00a0\u00a0\u00a0\u00a0\u00a0\u00a0\u00a0\u00a0\u00a0\u00a0\u00a0\u00a0 1965, 1971,1973<\/strong><\/p>\n<p><span style=\"color: #ff0000;\"><strong>Mais do que os EUA<\/strong><\/span><\/p>\n<h1><strong>Embaixada do Brasil no<\/strong><\/h1>\n<h1><strong>Chile era o QG do golpe<\/strong><\/h1>\n<p><strong>Pa\u00eds \u00e9 protagonista nos golpes de Estado na Rep\u00fablica Dominicana, Bol\u00edvia, Uruguai e Chile<\/strong><\/p>\n<p><strong>\u00a0<\/strong><\/p>\n<h1 style=\"text-align: center;\"><span style=\"color: #ff0000;\"><strong>1<\/strong><\/span><\/h1>\n<h1 style=\"text-align: center;\"><span style=\"color: #ff0000;\"><strong>Infogr\u00e1fico<\/strong><\/span><\/h1>\n<h1 style=\"text-align: center;\"><span style=\"color: #ff0000;\"><strong>A escalada dos golpes<\/strong><\/span><\/h1>\n<p><img loading=\"lazy\" decoding=\"async\" class=\"aligncenter wp-image-4745 size-full\" src=\"https:\/\/renatodias.online\/movimento\/wp-content\/uploads\/2020\/09\/1-Abertura-A-escalada-dos-golpes.jpg\" alt=\"\" width=\"719\" height=\"1280\" srcset=\"https:\/\/renatodias.online\/movimento\/wp-content\/uploads\/2020\/09\/1-Abertura-A-escalada-dos-golpes.jpg 719w, https:\/\/renatodias.online\/movimento\/wp-content\/uploads\/2020\/09\/1-Abertura-A-escalada-dos-golpes-169x300.jpg 169w, https:\/\/renatodias.online\/movimento\/wp-content\/uploads\/2020\/09\/1-Abertura-A-escalada-dos-golpes-575x1024.jpg 575w\" sizes=\"auto, (max-width: 719px) 100vw, 719px\" \/><\/p>\n<p>&nbsp;<\/p>\n<p><strong>\u00a0<\/strong><\/p>\n<p><strong>Entrevistas, pesquisas e texto final: Renato Dias<\/strong><\/p>\n<p><strong>Infogr\u00e1fico e tratamento de imagens: Eric Damasceno<\/strong><\/p>\n<p><strong>Webdesigner e edi\u00e7\u00e3o de conte\u00fado: Lucas Pinheiro<\/strong><\/p>\n<p>&nbsp;<\/p>\n<p><strong>C<\/strong>apturado, o que n\u00e3o \u00e9 sequestro, em 11 de junho de 1970, sob a Copa do Mundo de Futebol, no M\u00e9xico, o embaixador da Alemanha no Brasil, Ehrenfried von Holleben, acabou solto. Com a liberta\u00e7\u00e3o e envio para Argel, a capital da Arg\u00e9lia, de 40 presos pol\u00edticos. Sob a ditadura civil e mi\u00adlitar. No Brasil. Ela havia sido instalada em 1964. O diplomata do Brasil no Chile, des\u00adde 1968, <strong>Ant\u00f4nio C\u00e2ndido da C\u00e2mara Canto<\/strong>, com um jornal nas m\u00e3os, o mostra a dois ministros.<\/p>\n<p>O peri\u00f3dico traz a fotografia dos revolucion\u00e1rios que estavam trancafiados em pose rumo ao ex\u00edlio. O embaixador diz que a imagem revela que n\u00e3o h\u00e1 tortura a presos pol\u00edticos no Brasil. Salvador Allende n\u00e3o tinha sido eleito ainda no pa\u00eds do Cone &#8211; Sul. A cena revela Vera S\u00edlvia Magalh\u00e3es, torturada, em cadeira de rodas, com apenas 37 quilos. Carlos Eduardo Pires Fleury, que tentara, ap\u00f3s sess\u00f5es de viol\u00eancia, o suic\u00eddio com um golpe de tesoura. No pr\u00f3prio peito.<\/p>\n<p>Jeov\u00e1 de Assis Gomes, na lista, ca\u00edra nas m\u00e3os da repress\u00e3o pol\u00edtica e militar, e sofreu fraturas. Ativista \u2018gauche\u2019, Daniel Aar\u00e3o Reis Filho tamb\u00e9m parou na m\u00e1quina de moer carne. \u00c2ngelo Pezzuti foi cobaia no ensino do terror. Agentes do Estado aplicavam-lhes t\u00e9cnicas de tortura. Os m\u00e9todos foram importados tanto da Fran\u00e7a em \u2018guerra suja\u2019 contra a Arg\u00e9lia, com Paul Aussaresses, quanto dos Estados Unidos das Am\u00e9ricas, com o agente do FBI, Dan Mitrione.<\/p>\n<p>Mais do que Richard Nixon, presidente dos EUA, Republicano, e Henry Kissinger, secret\u00e1rio de Estado. O embaixador do Brasil em Santiago, <strong>Ant\u00f4nio C\u00e2ndido da C\u00e2mara Canto<\/strong>, obteve um papel estrat\u00e9gico. Na conspira\u00e7\u00e3o, amplia\u00e7\u00e3o das redes nacionais e internacionais de apoio, processo de desabastecimento e desestabiliza\u00e7\u00e3o da fr\u00e1gil democracia. Para o golpe de Estado civil e militar, de 11 de setembro de 1973, no Chile, que derrubou o m\u00e9dico Salvador Allende.<\/p>\n<p>Nascido em Montevid\u00e9u, capital do Uruguai, em 25 de setembro de 1910, conseguiu nacionali\u00addade brasileira. Por supostos dispositivos constitucionais. A sua entrada na diplomacia ocorre em 1938. Um ano antes. Da Segunda Guerra Mundial. C\u00f4nsul de terceira classe. Nas fun\u00e7\u00f5es de terceiro-secret\u00e1rio. Em Montevid\u00e9u. No Brasil, ocupa, em 1940, a dire\u00e7\u00e3o interina da Divis\u00e3o de Material e de secret\u00e1rio da Comiss\u00e3o de Concorr\u00eancias do Minist\u00e9rio das Rela\u00e7\u00f5es Exteriores.<\/p>\n<p>Ant\u00f4nio C\u00e2ndido da C\u00e2mara Canto \u00e9 designado, em mar\u00e7o de 1941, vice-c\u00f4nsul em Ros\u00e1rio, Argentina. Mais: teria sido promovido, em dezembro de 1942, a c\u00f4nsul de segunda classe. Mar\u00e7o de 1943. \u00c9 transferido para Costa Rica. Cinco anos consecutivos como segundo-secret\u00e1rio. \u00a0Al\u00e9m da fun\u00e7\u00e3o de Encarregado de Neg\u00f3cios. \u00a0Mar\u00e7o de 1948. O regresso ao Brasil. Como auxiliar de gabinete. Do chefe do Departamento Pol\u00edtico e Cultural do Itamaraty.<\/p>\n<p>Em 1951. Promo\u00e7\u00e3o: a \u00a0c\u00f4nsul de primeira classe. Ele serve como auxiliar de gabinete do se\u00adcre\u00adt\u00e1rio-geral do minist\u00e9rio. De forma interina, em 1952 e 1953, as fun\u00e7\u00f5es de oficial-de-gabinete do ministro das Rela\u00e7\u00f5es Exteriores, Jo\u00e3o Neves da Fontoura. O diplomata exerce em 1954 o cargo de auxiliar de gabinete do chefe do Departamento Pol\u00edtico e Cultural e vira ainda minis\u00adtro de segunda classe. Novo endere\u00e7o: Lisboa, Portugal. At\u00e9 o ano de 1957. Sob o salazarismo.<\/p>\n<p>\u00c9 nomeado em setembro de 1957. Para Madri, a capital da Espanha. Da ditadura de Francisco Franco, o \u2018general\u00edssimo\u2019. Um fascista. Como Ant\u00f4nio de Oliveira Salazar. Ele \u00e9 Encarregado de Neg\u00f3cios. J\u00e1 em 1960 ir\u00e1 chefiar a delega\u00e7\u00e3o do Brasil \u00e0 primeira sess\u00e3o da <em>Food and Agricul\u00adture Organization<\/em> [FAO \u2014 Organiza\u00e7\u00e3o das Na\u00e7\u00f5es Unidas para Alimenta\u00e7\u00e3o e Agricultura] re\u00adferente \u00e0s frutas c\u00edtricas. Ano de 1961: assume a chefia da Divis\u00e3o do Cerimonial do Itamaraty.<\/p>\n<p>Promovido a ministro de primeira classe, instala-se na chefia do Departamento de Admi\u00adnistra\u00e7\u00e3o do Minist\u00e9rio das Rela\u00e7\u00f5es Exteriores do Brasil. Em 1968, o ano que n\u00e3o terminou, ele assume a Embaixada do Brasil, no Chile.\u00a0 At\u00e9 setembro de 1975. Homem conservador. Da Guerra Fria. Ant\u00f4nio C\u00e2ndido da C\u00e2mara Canto morreu \u00a0no Rio de Janeiro. No dia 22 de mar\u00e7o de 1977. O diplomata era casado com Maria \u00c9lida da C\u00e2mara Canto. Com quem teve seis filhos<\/p>\n<p><em>\u00a0<\/em><\/p>\n<h1 style=\"text-align: center;\"><span style=\"color: #ff0000;\"><em><strong>2<\/strong><\/em><\/span><\/h1>\n<h1 style=\"text-align: center;\"><span style=\"color: #ff0000;\"><em><strong>Infogr\u00e1fico<\/strong><\/em><\/span><\/h1>\n<h1 style=\"text-align: center;\"><span style=\"color: #ff0000;\"><em><strong>Imagens dos golpes e seus personagens<\/strong><\/em><\/span><\/h1>\n<p><img loading=\"lazy\" decoding=\"async\" class=\"aligncenter wp-image-4749 size-large\" src=\"https:\/\/renatodias.online\/movimento\/wp-content\/uploads\/2020\/09\/2-Imagens-dos-golpes-e-seus-personagens-1024x569.jpg\" alt=\"\" width=\"1024\" height=\"569\" srcset=\"https:\/\/renatodias.online\/movimento\/wp-content\/uploads\/2020\/09\/2-Imagens-dos-golpes-e-seus-personagens-1024x569.jpg 1024w, https:\/\/renatodias.online\/movimento\/wp-content\/uploads\/2020\/09\/2-Imagens-dos-golpes-e-seus-personagens-300x167.jpg 300w, https:\/\/renatodias.online\/movimento\/wp-content\/uploads\/2020\/09\/2-Imagens-dos-golpes-e-seus-personagens-768x427.jpg 768w, https:\/\/renatodias.online\/movimento\/wp-content\/uploads\/2020\/09\/2-Imagens-dos-golpes-e-seus-personagens-750x417.jpg 750w, https:\/\/renatodias.online\/movimento\/wp-content\/uploads\/2020\/09\/2-Imagens-dos-golpes-e-seus-personagens.jpg 1280w\" sizes=\"auto, (max-width: 1024px) 100vw, 1024px\" \/><\/p>\n<p><em>Informes confidenciais obtidos pelo <strong>Movimento de Justi\u00e7a de Direitos Humanos<\/strong>, com sede em Porto Alegre, Rio Grande do Sul, registram reuni\u00f5es de Richard Nixon, Henry Kissinger, Vernon Walters e Em\u00edlio Garrastazu M\u00e9dici. <\/em>De 7 a 9 de dezembro de 1971. No Sal\u00e3o Oval. Da Ca\u00adsa Branca. Washington. A capital dos Estados Unidos das Am\u00e9ricas. Na pauta, tanto a elei\u00ad\u00e7\u00e3o no Uruguai quanto a de Salvador Allende, no Chile. Dois pa\u00edses do Cone &#8211; Sul. Da Am\u00e9rica Latina.<\/p>\n<p>Militares e delegados do Dops do Brasil participavam de supostas confer\u00eancias bilaterais, atira <strong>Jair Krishke, presidente do MJDH<\/strong>. Com o interc\u00e2mbio de materiais produzidos em aparelhos de repress\u00e3o nacionais, diz. Utilizados por seus similares no Cone -Sul. O \u2018Dicion\u00e1rio de Termos e Express\u00f5es, Nomes e Siglas utilizados pelos Subversivos Terroristas\u2019, elaborado pelo delega\u00addo de pol\u00edcia Edsel Magnotti, foi encontrado no <strong><em>Archivo del Terror<\/em><\/strong>, Assun\u00e7\u00e3o \u2013 Paraguai, frisa.<\/p>\n<p><strong>_ Uma s\u00e9rie de 266 telegramas secretos teriam sido enviados e \u00a0recebidos pela Embaixada do Brasil, em Santiago, no Chile, entre os anos de 1973 e 1976.<\/strong><\/p>\n<p><em><strong>Memorando da NSA<\/strong><\/em><\/p>\n<p><em>J\u00e1 um memorando da Casa Branca liberado pela NSA [National Security Archives] informa que Richard Nixon relata ao primeiro-ministro brit\u00e2nico Edward Heath, em 20 de dezembro de 1971, que o Brasil teria fraudado as elei\u00e7\u00f5es no Uruguai. Para impedir a vit\u00f3ria das esquerdas. As elei\u00e7\u00f5es foram vencidas pelo Partido Colorado. Por uma diferen\u00e7a m\u00ednima. De apenas 12 mil votos. A Justi\u00e7a Eleitoral teria ignorado at\u00e9 recurso formal que apontava as irregularidades. <\/em><\/p>\n<p>Os <strong>Tupamaros<\/strong>, guerrilha marxista do Uruguai, com Pepe Mujica como um de seus l\u00edderes, cap\u00adtu\u00adram, ato revolucion\u00e1rio, o que n\u00e3o \u00e9 um sequestro, tipificado como crime comum,\u00a0 em 31 de julho de 1970, o diplomata do Brasil no Pa\u00eds, Aluysio Dias Mares Gomide. 205 dias de cativeiro. A sua liberta\u00e7\u00e3o ocorre em 21 de fevereiro de 1971. Daniel Anthony Mitrione, agente do FBI e conselheiro das ditaduras civis e militares da Am\u00e9rica Latina, \u00e9\u00a0 capturado e morto em 1970.<\/p>\n<p>A ditadura civil e militar no Brasil teria planejado a denominada \u2018Opera\u00e7\u00e3o Trinta Horas\u2019. De in\u00adva\u00ads\u00e3o do Uruguai. Em 1971. O nome seria uma refer\u00eancia \u00e0 proje\u00e7\u00e3o de tempo. Para do\u00admi\u00adnar o pa\u00eds. \u00c9 que as elei\u00e7\u00f5es poderiam permitir a chegada da Frente Ampla, de es\u00adquer\u00adda, ao Poder. \u00a0Filme velho: Jacobo \u00c1rbens Guzm\u00e1n, 1954; Fidel Castro Ruz, 1961; Jo\u00e3o Bel\u00adchior Mar\u00adques Gou\u00adlart, 1964; Opera\u00e7\u00e3o Power Pack, Rep\u00fablica Dominicana, 1965 e 1966; Uruguai, 27 de junho.<\/p>\n<p><strong>_ De 1973. Golpe de Estado civil e militar. Juan Mar\u00eda Bordaberry assume o poder. Absoluto. O Congresso Nacional \u00e9 fechado. Censura \u00e0 imprensa. Dura repress\u00e3o aos Tupamaros.<\/strong><\/p>\n<p>De 1969 a 15 de mar\u00e7o de 1974, o presidente da Rep\u00fablica do Brasil era Em\u00edlio Garrastazu M\u00e9dici. Ga\u00facho, torcedor do Flamengo e do Gr\u00eamio, de Porto Alegre. Ele adorava um radinho de pilha. Para ouvir narra\u00e7\u00f5es esportivas. O homem jogava biriba. Em hor\u00e1rio de ex\u00adpe\u00ad\u00addiente. Assim como deflagrou uma violenta repress\u00e3o. Para liquidar. Com a esquerda em armas. Sob o impacto do Milagre Econ\u00f4mico, a sua aprova\u00e7\u00e3o popular chegou ao patamar de 82% _ Ibope.<\/p>\n<p>Richard Nixon, Henry Kissinger, Vernon Walters, Em\u00edlio Garrastazu M\u00e9dici participam de longas e exaustivas reuni\u00f5es, anotam dossi\u00eas desclassificados, conta <strong>Jair Krishke<\/strong>. Para definir a partici\u00ad\u00adpa\u00e7\u00e3o do Brasil. Com Ex\u00e9rcito, Marinha, Aeron\u00e1utica, Servi\u00e7o Nacional de Informa\u00e7\u00f5es e Ciex [Centro de Informa\u00e7\u00f5es do Exterior], que funcionava no Itamaraty, no Quarto Andar, desde 1966. Em um golpe de Estado civil e militar. Para acabar com socialismo democr\u00e1tico.<\/p>\n<p><strong>_ No Chile.<\/strong><\/p>\n<p>Sob a press\u00e3o do Esc\u00e2ndalo de Watergate, acossado pelo <strong>The Washington Post<\/strong>, Richard Nixon pontua a Em\u00edlio Garrastazu M\u00e9dici que o Brasil, por sua situa\u00e7\u00e3o geogr\u00e1fica e cultural, teria facilidade de acesso aos militares do Chile. Mais: o Brasil queria ser o Pa\u00eds hegem\u00f4nico na regi\u00e3o. Sem fronteiras geogr\u00e1ficas. A ideia era acabar com as fronteiras ideol\u00f3gicas. Tempos Sombrios. Guerra Fria. Salvador Allende e Fidel Castro estavam sob o guarda-chuva da URSS.<\/p>\n<p><strong>Fitas cassetes<\/strong><\/p>\n<p>Fitas cassetes, sob a guarda do <em>National Security Archives<\/em>, apontam as participa\u00e7\u00f5es do Brasil e dos EUA na manipula\u00e7\u00e3o das elei\u00e7\u00f5es do Uruguai e no golpe deflagrado em junho do ano de 1973, narra. Hist\u00f3ria: o Chile deu amparo, sob Salvador Allende, a cinco mil exilados brasilei\u00adros. Homens, mulheres e crian\u00e7as que fugiam da repress\u00e3o pol\u00edtica e militar. Arapongas do SNI e Ciex monitoravam os rotulados \u2018subversivos\u2019. Acusados pelo Estado Nacional de \u2018terroristas\u2019<\/p>\n<p>As iniciativas eram mais brasileiras do que norte-americanas. O Brasil nunca quis, por\u00e9m, dei\u00adxar impress\u00f5es digitais. A internacionaliza\u00e7\u00e3o das opera\u00e7\u00f5es da ditadura civil e militar inicia-se, na Rep\u00fablica Dominicana, em 1965 e 1966. Com o envio de tropas e a instala\u00e7\u00e3o de uma dita\u00addura. Em 1966 manda espi\u00f5es \u00e0 Europa e Uruguai. Para vigiar exilados e as passagens \u00e0 URSS, Leste Europeu e Cuba. Como o dossi\u00ea de Carlos Marighella feito pelo Ciex. P\u00f3s-OLAS, em 1967.<\/p>\n<p>O Brasil deslocou oficiais treinados \u00e0 sua embaixada no Pa\u00eds do Cone &#8211; Sul. Para conspira\u00e7\u00f5es e treinamentos, frisa. Ant\u00f4nio C\u00e2ndido da C\u00e2mara Canto articula. Com embaixadores de pa\u00edses da Am\u00e9\u00adrica Latina e do Norte. A embaixada do Brasil no Chile estava instalada ao lado do Clube Militar. Se o golpe fracassasse, bastaria subir uma escada e pular \u00e0 Embaixada do Brasil. Com a autoriza\u00e7\u00e3o oficial. Ant\u00f4nio C\u00e2ndido da C\u00e2mara Canto seria o quinto homem da Junta Militar.<\/p>\n<p><strong>_ Ganhamos!<\/strong><\/p>\n<p>Com essa palavra, Ant\u00f4nio C\u00e2ndido da C\u00e2mara Canto comemora a excel\u00eancia do golpe de Esta\u00addo civil e militar de 11 de setembro de 1973. Com o bombardeio do Pal\u00e1cio de La Mo\u00adne\u00adda. Salvador Allende n\u00e3o se rende e morre. A per\u00edcia, depois, registraria como suic\u00eddio. H\u00e1 contro\u00adv\u00e9r\u00adsia. Artigo veiculado em \u2018La Tercera\u2019, em 3 de agosto de 2003, narra \u201cA ajuda secreta dos mi\u00adlitares brasileiros\u201d. O embaixador era rotulado como o \u2018[&#8230;] quinto homem da junta [militar]\u2019<\/p>\n<p>Ex\u00e9rcito, Marinha, Aeron\u00e1utica e Carabineiros. O 5\u00ba nome seria o homem forte da Embai\u00adxa\u00adda do Brasil, em Santiago. Agentes do SNI, fundado por Golbery do Couto e Silva, ajudaram a criar a DINA. Controlada por Manuel Contreras. Chefe do SNI, Jo\u00e3o Baptista de Oliveira Fi\u00adguei\u00adredo possu\u00eda tr\u00e2nsito tanto com a Turma da Sorbonne, Humberto Castello Branco e Gol\u00adbe\u00adry do Couto e Silva, quanto com a linha-dura, Arthur da Costa e Silva e Em\u00edlio Garrastazu M\u00e9dici.<\/p>\n<p>A Opera\u00e7\u00e3o Condor, uma esp\u00e9cie de cons\u00f3rcio das ditaduras civis e militares do Cone Sul para eli\u00admina\u00e7\u00e3o de opositores nasceu no Brasil, garante <strong>Jair Krischke<\/strong>. J\u00e1 em 1970. Com novas ope\u00adra\u00e7\u00f5es em 1971. A associa\u00e7\u00e3o dos aparelhos policiais de Estado do Brasil, Argentina, Chile, U\u00adru\u00adguai, Paraguai e Bol\u00edvia \u00e9 celebrada em Santiago, em 1975, explica. Como aponta docu\u00admen\u00adto exclusivo do <strong>Movimento de Justi\u00e7a e Direitos Humanos<\/strong>. Sem a assinatura do Brasil, ele alerta.<\/p>\n<p><strong>_ O ditador do Chile Augusto Jos\u00e9 Ram\u00f3n Pinochet Ugarte determinou o uso de Toxina Botul\u00ednica, G\u00e1s Sar\u00edn e Talio. Em 38 mil presos, torturados, desaparecidos for\u00e7ados.<\/strong><\/p>\n<p><strong>\u00a0\u00a0\u00a0\u00a0\u00a0\u00a0\u00a0\u00a0\u00a0\u00a0\u00a0\u00a0\u00a0\u00a0\u00a0\u00a0\u00a0\u00a0\u00a0\u00a0\u00a0\u00a0\u00a0\u00a0\u00a0\u00a0\u00a0\u00a0\u00a0\u00a0\u00a0\u00a0\u00a0\u00a0\u00a0\u00a0\u00a0\u00a0\u00a0\u00a0\u00a0\u00a0\u00a0\u00a0\u00a0\u00a0\u00a0\u00a0\u00a0\u00a0\u00a0\u00a0\u00a0\u00a0\u00a0\u00a0\u00a0\u00a0\u00a0\u00a0\u00a0\u00a0\u00a0\u00a0\u00a0\u00a0\u00a0\u00a0\u00a0\u00a0\u00a0\u00a0\u00a0\u00a0\u00a0\u00a0\u00a0\u00a0\u00a0\u00a0\u00a0\u00a0\u00a0\u00a0\u00a0\u00a0\u00a0\u00a0\u00a0\u00a0\u00a0\u00a0\u00a0\u00a0\u00a0\u00a0\u00a0\u00a0\u00a0\u00a0\u00a0\u00a0\u00a0\u00a0\u00a0\u00a0\u00a0\u00a0\u00a0\u00a0\u00a0\u00a0\u00a0\u00a0\u00a0\u00a0\u00a0\u00a0\u00a0\u00a0\u00a0\u00a0\u00a0\u00a0\u00a0\u00a0\u00a0\u00a0\u00a0\u00a0\u00a0\u00a0\u00a0\u00a0\u00a0\u00a0\u00a0\u00a0\u00a0\u00a0\u00a0\u00a0\u00a0\u00a0\u00a0\u00a0\u00a0 <\/strong><\/p>\n<p><em><strong>R$ 1,3 bi<\/strong><\/em><\/p>\n<p><em><strong>Documentos do MJDH<\/strong><\/em><em> revelam que o Brasil contribuiu tamb\u00e9m com suporte financeiro de US$ 115 milh\u00f5es [os valores atualizados corresponderiam a R$ 1,3 bilh\u00e3o] \u00e0 ditadura do Chile, p\u00f3s-golpe de 11 de setembro de 1973. Recursos enviados em tr\u00eas parcelas. Para equipamentos militares, a\u00e7\u00facar, \u00f4nibus, caminh\u00f5es. Um pedido de <\/em><strong>Augusto Jos\u00e9 Ram\u00f3n Pinochet Ugarte<\/strong><em>. Sob Ernesto Geisel, o Brasil se tornou, em 1976, o maior comprador externo de cobre do Chile.<\/em><\/p>\n<p>O Brasil executava opera\u00e7\u00f5es de captura de indesejados no Exterior. A primeira ocorreu em 1970. Buenos Aires, a capital mais charmosa da Am\u00e9rica Latina. Com o sequestro, em solo estrangeiro, do coronel Jefferson Cardim Os\u00f3rio. O comandante da \u2018Guerrilha de \u00a0Tr\u00eas \u00a0Passos\u2019. No Rio Grande do Sul. Movimento derrotado em 1965. Sob a f\u00faria de Ol\u00edmpio Mour\u00e3o Filho. A \u2018Vaca Fardada\u2019 , o mesmo que saiu de Juiz de Fora, Minas Gerais, no dia 31 de mar\u00e7o de 1964.<\/p>\n<p><strong>_ Al\u00e9m de ter participado na cria\u00e7\u00e3o da Ditadura Estado Novo, em 1937.<\/strong><\/p>\n<p><strong>11 de dezembro de 1970<\/strong><\/p>\n<p>Relat\u00f3rios mostram monitoramento de <strong>Jefferson Cardim Os\u00f3rio<\/strong>, seu filho, <strong>Jefferson Cardim<\/strong>, e um sobrinho uruguaio, <strong>Eduardo Lopetegui<\/strong>. \u201cOs tr\u00eas sa\u00edram em um Aero Wyllis vermelho, de Col\u00f4nia rumo a Buenos Aires. Registro: em um ferry boat\u201d. Os tr\u00eas s\u00e3o presos no porto de Buenos Aires. Capturados e levados para o Aeroporto do Gale\u00e3o. Rio de Janeiro. Brasil. O avi\u00e3o usado era do ent\u00e3o ministro do Trabalho, J\u00falio Barata. O coronel ficou preso anos e anos.<\/p>\n<p>A segunda, 16 de junho de 1971. <strong>Edmur P\u00e9ricles Camargo<\/strong>, a v\u00edtima. O revolucion\u00e1rio viajava de San\u00adtiago a Buenos Aires. Com destino final em Montevid\u00e9u. Para encontrar-se com exilados brasi\u00adlei\u00adros. O comunista do PCB levava uma carta a Jo\u00e3o Belchior Marques Goulart. Opera\u00e7\u00e3o os\u00adtensiva. \u00c9 retirado do avi\u00e3o. Com registros at\u00e9 no Di\u00e1rio de Bordo. \u00c9 levado \u00e0 for\u00e7a ao Bra\u00adsil. O dissidente pol\u00edtico \u00e9 torturado e executado extrajudicialmente. Desaparecimento for\u00e7ado.<\/p>\n<p>[row]<\/p>\n<p>[column size=&#8217;1\/3&#8242;]<\/p>\n<h1 style=\"text-align: center;\"><a href=\"https:\/\/renatodias.online\/movimento\/wp-content\/uploads\/2020\/09\/fac-simile1.jpg\"><img loading=\"lazy\" decoding=\"async\" class=\"aligncenter wp-image-4758 size-medium\" src=\"https:\/\/renatodias.online\/movimento\/wp-content\/uploads\/2020\/09\/fac-simile1-169x300.jpg\" alt=\"\" width=\"169\" height=\"300\" srcset=\"https:\/\/renatodias.online\/movimento\/wp-content\/uploads\/2020\/09\/fac-simile1-169x300.jpg 169w, https:\/\/renatodias.online\/movimento\/wp-content\/uploads\/2020\/09\/fac-simile1-575x1024.jpg 575w, https:\/\/renatodias.online\/movimento\/wp-content\/uploads\/2020\/09\/fac-simile1.jpg 719w\" sizes=\"auto, (max-width: 169px) 100vw, 169px\" \/><\/a><\/h1>\n<p>[\/column]<\/p>\n<p>[column size=&#8217;1\/3&#8242;]<\/p>\n<h1 style=\"text-align: center;\"><a href=\"https:\/\/renatodias.online\/movimento\/wp-content\/uploads\/2020\/09\/fac-simile-2.jpg\"><img loading=\"lazy\" decoding=\"async\" class=\"aligncenter wp-image-4759 size-medium\" src=\"https:\/\/renatodias.online\/movimento\/wp-content\/uploads\/2020\/09\/fac-simile-2-169x300.jpg\" alt=\"\" width=\"169\" height=\"300\" srcset=\"https:\/\/renatodias.online\/movimento\/wp-content\/uploads\/2020\/09\/fac-simile-2-169x300.jpg 169w, https:\/\/renatodias.online\/movimento\/wp-content\/uploads\/2020\/09\/fac-simile-2-575x1024.jpg 575w, https:\/\/renatodias.online\/movimento\/wp-content\/uploads\/2020\/09\/fac-simile-2.jpg 719w\" sizes=\"auto, (max-width: 169px) 100vw, 169px\" \/><\/a><\/h1>\n<p>[\/column]<\/p>\n<p>[column size=&#8217;1\/3&#8242;]<\/p>\n<h1 style=\"text-align: center;\"><a href=\"https:\/\/renatodias.online\/movimento\/wp-content\/uploads\/2020\/09\/fac-simile-3.jpg\"><img loading=\"lazy\" decoding=\"async\" class=\"aligncenter wp-image-4760 size-medium\" src=\"https:\/\/renatodias.online\/movimento\/wp-content\/uploads\/2020\/09\/fac-simile-3-169x300.jpg\" alt=\"\" width=\"169\" height=\"300\" srcset=\"https:\/\/renatodias.online\/movimento\/wp-content\/uploads\/2020\/09\/fac-simile-3-169x300.jpg 169w, https:\/\/renatodias.online\/movimento\/wp-content\/uploads\/2020\/09\/fac-simile-3-575x1024.jpg 575w, https:\/\/renatodias.online\/movimento\/wp-content\/uploads\/2020\/09\/fac-simile-3.jpg 719w\" sizes=\"auto, (max-width: 169px) 100vw, 169px\" \/><\/a><\/h1>\n<p>[\/column]<\/p>\n<p>[\/row]<\/p>\n<p>&nbsp;<\/p>\n<h1 style=\"text-align: center;\"><\/h1>\n<h1 style=\"text-align: center;\"><\/h1>\n<h1 style=\"text-align: center;\"><\/h1>\n<h1 style=\"text-align: center;\"><\/h1>\n<p><strong>G<\/strong><strong>olpe na Bol\u00edvia<\/strong><\/p>\n<p>A Am\u00e9rica Latina j\u00e1 havia sido palco de golpes de Estado. Civis e militares. Como a derrubada de Jacobo \u00c1rbens G\u00fazm\u00e1n, em 1954, na Guatemala. Brasil, em 1964, com a queda do nacional-estatista, em sua vers\u00e3o trabalhista, ga\u00facho de S\u00e3o Borja, Jo\u00e3o Belchior Marques Goulart. Com a participa\u00e7\u00e3o civil e militar do Brasil, cai a Rep\u00fablica Dominicana, em 1965 e 1966. O Paraguai vivia sob o poder absoluto do ped\u00f3filo e dono de um har\u00e9m, o ditador Alfredo Stroessner.<\/p>\n<p>Com o aux\u00edlio dos \u00f3rg\u00e3os de informa\u00e7\u00e3o e repress\u00e3o dos EUA, a Bol\u00edvia liquidara a guerrilha de Ernesto Guevara de La Serna, Che, em 9 de outubro de 1967. O M\u00e9\u00adxi\u00adco fuzilara estudantes em 2 de outubro de 1968. No Massacre de Tlatelolco. No mes\u00admo dia da Batalha da Ma\u00adria Ant\u00f4nia, S\u00e3o Paulo, Brasil, com a morte de Jos\u00e9 Guimar\u00e3es, secundarista. Anastazio Somoza Debay\u00adle per\u00adma\u00adneceria at\u00e9 19 de julho de 1979 no Governo Federal da Nicar\u00e1gua. Na Am\u00e9rica Central.<\/p>\n<p>General, <strong>Hugo Banzer<\/strong> deflagrou um golpe de Estado civil e militar na Bol\u00edvia. Em 21 de agosto de 1971, ele dep\u00f4s \u00a0<a rel=\"noopener noreferrer\" href=\"https:\/\/pt.wikipedia.org\/wiki\/Juan_Jos%C3%A9_Torres\" target=\"_blank\">Juan Jos\u00e9 Torres<\/a> e instalou uma ditadura. Baniu os partidos de oposi\u00e7\u00e3o. Mais: ob\u00adteve o suporte dos <a rel=\"noopener noreferrer\" href=\"https:\/\/pt.wikipedia.org\/wiki\/Estados_Unidos\" target=\"_blank\">Estados Unidos<\/a>[EUA], do Brasil e depois de 1973, do Chile. Por se\u00adte anos consecutivos foi o \u2018senhor absoluto\u2019. Com a alta nos pre\u00e7os das exporta\u00e7\u00f5es de bar\u00adris de petr\u00f3leo p\u00f3s-crise mundial de 1973, al\u00e9m de estanho e com empr\u00e9stimos internacionais.<\/p>\n<p><strong>_ O que elevou a d\u00edvida externa da Bol\u00edvia a valores estratosf\u00e9ricos.<\/strong><\/p>\n<h3 style=\"text-align: center;\"><span style=\"color: #3366ff;\"><strong>Saiba mais<\/strong><\/span><\/h3>\n<h2 style=\"text-align: center;\"><strong>O que os historiadores pensam?<\/strong><\/h2>\n<p><img loading=\"lazy\" decoding=\"async\" class=\"aligncenter wp-image-4751 size-full\" src=\"https:\/\/renatodias.online\/movimento\/wp-content\/uploads\/2020\/09\/1-Bloco-1-Saiba-mais-De-entrevistados-1.jpg\" alt=\"\" width=\"1280\" height=\"304\" srcset=\"https:\/\/renatodias.online\/movimento\/wp-content\/uploads\/2020\/09\/1-Bloco-1-Saiba-mais-De-entrevistados-1.jpg 1280w, https:\/\/renatodias.online\/movimento\/wp-content\/uploads\/2020\/09\/1-Bloco-1-Saiba-mais-De-entrevistados-1-300x71.jpg 300w, https:\/\/renatodias.online\/movimento\/wp-content\/uploads\/2020\/09\/1-Bloco-1-Saiba-mais-De-entrevistados-1-1024x243.jpg 1024w, https:\/\/renatodias.online\/movimento\/wp-content\/uploads\/2020\/09\/1-Bloco-1-Saiba-mais-De-entrevistados-1-768x182.jpg 768w, https:\/\/renatodias.online\/movimento\/wp-content\/uploads\/2020\/09\/1-Bloco-1-Saiba-mais-De-entrevistados-1-750x178.jpg 750w\" sizes=\"auto, (max-width: 1280px) 100vw, 1280px\" \/><\/p>\n<h1 style=\"text-align: center;\"><\/h1>\n<p>&nbsp;<\/p>\n<h1 style=\"text-align: center;\"><\/h1>\n<p><img loading=\"lazy\" decoding=\"async\" class=\"aligncenter size-full wp-image-4752\" src=\"https:\/\/renatodias.online\/movimento\/wp-content\/uploads\/2020\/09\/2-Bloco-2-Saiba-mais-De-entrevistados.jpg\" alt=\"\" width=\"1280\" height=\"304\" srcset=\"https:\/\/renatodias.online\/movimento\/wp-content\/uploads\/2020\/09\/2-Bloco-2-Saiba-mais-De-entrevistados.jpg 1280w, https:\/\/renatodias.online\/movimento\/wp-content\/uploads\/2020\/09\/2-Bloco-2-Saiba-mais-De-entrevistados-300x71.jpg 300w, https:\/\/renatodias.online\/movimento\/wp-content\/uploads\/2020\/09\/2-Bloco-2-Saiba-mais-De-entrevistados-1024x243.jpg 1024w, https:\/\/renatodias.online\/movimento\/wp-content\/uploads\/2020\/09\/2-Bloco-2-Saiba-mais-De-entrevistados-768x182.jpg 768w, https:\/\/renatodias.online\/movimento\/wp-content\/uploads\/2020\/09\/2-Bloco-2-Saiba-mais-De-entrevistados-750x178.jpg 750w\" sizes=\"auto, (max-width: 1280px) 100vw, 1280px\" \/><\/p>\n<p>&nbsp;<\/p>\n<p>Os EUA executaram interven\u00e7\u00e3o direta em assuntos internos do Chile, admite o historiador <strong>Daniel Aar\u00e3o Reis Filho<\/strong> [UFF]. Houve, por\u00e9m, contradi\u00e7\u00f5es \u00a0no aparelho de Estado americano, aponta. O embaixador dos EUA, em Santiago, mant\u00e9m reservas em rela\u00e7\u00e3o ao plano golpista pontua. N\u00e3o devemos imaginar que a decis\u00e3o de interven\u00e7\u00e3o da Casa Branca deu o rumo do futuro, diz. No Chile, as for\u00e7as reacion\u00e1rias se articularam e a esquerda n\u00e3o se preparou, frisa.<\/p>\n<p>Doutor em Educa\u00e7\u00e3o, <strong>Fernando Casadei Salles<\/strong> diz que desde a elei\u00e7\u00e3o do m\u00e9dico, ex-se\u00adna\u00addor, de linhagem marxista Salvador Allende, em 4 de setembro de 1970, ao Pal\u00e1cio de La Moneda, Brasil e EUA te\u00adriam duas justificativas. A primeira, de evitar uma nova Cuba, no Cone-Sul, na Am\u00e9rica Latina, atira o pesquisador. Ex-preso pol\u00edtico, torturado, sob a ditadura civil e militar no Brasil. A segunda, seria geoestrat\u00e9gica. Salvador Allende era o \u00fanico n\u00e3o \u2013 alinhado.<\/p>\n<p><strong>_ Aos EUA, em 1973.<\/strong><\/p>\n<p>Os EUA, com a Opera\u00e7\u00e3o Brother Sam, mobilizaram seu potencial b\u00e9lico, o que explica a au\u00ads\u00ean\u00adcia de resist\u00eancia do presidente da Rep\u00fablica, no Brasil, herdeiro de Get\u00falio Vargas, Jo\u00e3o Goulart, o que ocorreu no Chile, em 11 de setembro de 1973, afirma o historiador, do Estado do Tocantins, com estudos em Cuba, <strong>Paulo Henrique Costa Mattos<\/strong>. Os documentos desclas\u00adsificados e abertos \u00e0 consulta apenas desnudam o que j\u00e1 se sabia sobre Richard Nixon, atira.<\/p>\n<p>Doutor da Faculdade de Hist\u00f3ria, da Universidade Federal de Goi\u00e1s, <strong>David Maciel<\/strong> analisa que a desestabiliza\u00e7\u00e3o de Salvador Allende iniciou-se antes de sua posse. Os documentos apenas comprovam, metralha. Os EUA t\u00eam um compromisso instrumental com a democracia, lamenta. Derrubam governos eleitos, desabafa. \u201cComo o Brasil, em 1964, o Chile, em 11 de setembro de 1973, e o Brasil, mais uma vez, no ano de 2016, com a queda de Dilma Rousseff.\u201d<\/p>\n<p><strong>Krumar\u00e9 Zacariotti<\/strong>, radicado hoje no Estado do Tocantins, possu\u00eda nove anos de idade sob o Chile conflitivo. Ainda garoto, ele acompanhou os com\u00edcios e a elei\u00e7\u00e3o de Salvador Allende, socialista, relata. As direitas escondiam mercadorias e desestabilizaram a economia nacional, registra. As classes m\u00e9dias ficaram descontentes, avalia. Os caminhoneiros deflagraram greves, metralha. Conglomerados de Comunica\u00e7\u00e3o atacavam. Os EUA atuaram. Tempestade perfeita.<\/p>\n<p><strong>_ O 11 de setembro do Cone-Sul.<\/strong><\/p>\n<p>Os EUA destru\u00edram a democracia e instalaram a ditadura de 17 anos do general Augus\u00adto Jos\u00e9 Ram\u00f3n Pinochet Ugarte, de 1973 a 1990, narra o ex &#8211; preso pol\u00edtico e operador do Direito, <strong>Cristiano Rodrigues<\/strong>. Um membro da Associa\u00e7\u00e3o dos Anistiados Pol\u00edticos do Estado de Goi\u00e1s, a Anigo. Salvador Allende elegeu-se em 1970, sofreu repres\u00e1lias e caiu, com o bombardeio e invas\u00e3o do Pal\u00e1cio de La Moneda, em 11 de setembro de 1973, narra. \u201cChove sobre Santiago.\u201d<\/p>\n<p>Professor de F\u00edsica, ex &#8211; membro do Molipo, preso pol\u00edtico sob a ditadura civil e militar, por anos, <strong>Andr\u00e9 Tsutomu Otta<\/strong> avalia que a deposi\u00e7\u00e3o de 11 de setembro de 1973, no Chile, \u00e9 a c\u00f3\u00adpia dos golpes de Estado, civis e militares, que a humanidade, que classifica como civiliza\u00e7\u00e3o oci\u00addental e crist\u00e3, j\u00e1 testemunhou. O Molipo foi uma dissid\u00eancia da A\u00e7\u00e3o Libertadora Nacional, fundada em Cuba, e que teve 20 membros executados, 10 exilados e tr\u00eas sobreviventes.<\/p>\n<p>A escritora <strong>Betty Almeida<\/strong>, autora de obra seminal sobre a vida do desaparecido pol\u00edtico Ho\u00adnes\u00adtino Monteiro Guimar\u00e3es, ex-presidente da UNE, a Uni\u00e3o Nacional dos Estudantes, desa\u00adparecido pol\u00edtico desde outubro do ano de 1973, sem entrega de seus restos mortais, informa que a luta de classes internacional tem uma escalada com a consolida\u00e7\u00e3o da Revolu\u00e7\u00e3o Russa de 25 de outubro ou 7 de novembro de\u00a0 1917; a Revolu\u00e7\u00e3o na China, em 1949; e Cuba, 1959.<\/p>\n<p>A pesquisadora analisa que a segunda metade do s\u00e9culo XX teria sido palco de sucessivos golpes civis e militares contra Estados Democr\u00e1ticos de Direito. EUA e Reino Unido, com a Opera\u00e7\u00e3o Ajax ou Golpe Mordad 28, em 1953, derrubam Mohammed Mossadegh, primeiro-ministro do Ir\u00e3, fonte de petr\u00f3leo em abund\u00e2ncia, em 19 de agosto de 1953, relata. Jacobo \u00c1rbens G\u00fazm\u00e1n, 1954, Guatemala. Invas\u00e3o, em 1961, da Playa de Gir\u00f3n, em Cuba. Socialista.<\/p>\n<p>O Brasil aparece na lista de <strong>Betty Almeida<\/strong>, em 31 de mar\u00e7o, 1\u00ba e 2 de abril de 1964. Em 22 de fevereiro de 1967, golpe na Indon\u00e9sia. Com Haji Mohammad Suharto. Um banho de sangue havia liquidado comunistas. Em 1965. Fontes apontam um n\u00famero de 500 mil pessoas. Uruguai, 1973. Chile, 1973. Argentina, 1976. Bol\u00edvia, 1978. Granada, 1983. Sob novos forma\u00adtos, Honduras, 2009, Paraguai, 2012, Brasil, 2016, e Bol\u00edvia, em 10 de novembro de 2019, pontua.<\/p>\n<p><strong>S\u00edlvio Costa<\/strong>, doutor em Sociologia da Pontif\u00edcia Universidade Cat\u00f3lica de Goi\u00e1s, lamenta o tempo de 50 anos exigidos para a desclassifica\u00e7\u00e3o de documentos dos EUA em rela\u00e7\u00e3o \u00e0s suas participa\u00e7\u00f5es em golpes de Estado civis e militares. Tr\u00eas anos de conspira\u00e7\u00e3o, em Santiago, destaca. Desde a elei\u00e7\u00e3o, em 1970. Salvador Allende foi eleito pela via democr\u00e1tica, fuzila. At\u00e9 11 de setembro de 1973, metralha. O golpe de 1964 teve os dedos dos EUA tamb\u00e9m, dispara.<\/p>\n<p><strong>_ 50 anos para registrar o que \u00e9 de dom\u00ednio p\u00fablico. A novidade \u00e9 o registro. Os documentos. De Estado. Dos EUA.<\/strong><\/p>\n<p>Historiador graduado na UEG e jornalista formado na Alfa, o especialista em Geopol\u00edtica Mun\u00addial, estrat\u00e9gia militar e Contemporaneidade, <strong>Frederico Victor de Oliveira<\/strong> cr\u00ea que os docu\u00admen\u00ad\u00adtos revelados pela NSA apenas confirmam o que a historiografia j\u00e1 registrava. Os EUA, sob a Guerra Fria, desestabilizavam economias, fragilizavam Estados de Direito, com golpes civis e mi\u00adli\u00adtares,e mant\u00eam ainda interven\u00e7\u00e3o no Cone-Sul, regi\u00e3o com baixo d\u00e9ficit de democracia, diz<\/p>\n<p><strong>_ Como as tentativas e golpes contra Hugo Ch\u00e1vez e Nicol\u00e1s Maduro, Manuel Zelaya, Fernando Lugo e Dilma Rousseff. Desde a Doutrina Monroe, os EUA operam no mundo.<\/strong><\/p>\n<p><strong>Podcasts<\/strong><\/p>\n<!--[if lt IE 9]><script>document.createElement('audio');<\/script><![endif]-->\n<audio class=\"wp-audio-shortcode\" id=\"audio-4743-1\" preload=\"none\" style=\"width: 100%;\" controls=\"controls\"><source type=\"audio\/ogg\" src=\"https:\/\/renatodias.online\/movimento\/wp-content\/uploads\/2020\/09\/David-Maciel.ogg?_=1\" \/><a href=\"https:\/\/renatodias.online\/movimento\/wp-content\/uploads\/2020\/09\/David-Maciel.ogg\">https:\/\/renatodias.online\/movimento\/wp-content\/uploads\/2020\/09\/David-Maciel.ogg<\/a><\/audio>\n<p><strong>David Maciel<\/strong><\/p>\n<p><strong>Professor da Faculdade de Hist\u00f3ria da UFG<\/strong><\/p>\n<p><strong>Goi\u00e2nia &#8211; Goi\u00e1s<\/strong><\/p>\n<audio class=\"wp-audio-shortcode\" id=\"audio-4743-2\" preload=\"none\" style=\"width: 100%;\" controls=\"controls\"><source type=\"audio\/ogg\" src=\"https:\/\/renatodias.online\/movimento\/wp-content\/uploads\/2020\/09\/silviocosta.ogg?_=2\" \/><a href=\"https:\/\/renatodias.online\/movimento\/wp-content\/uploads\/2020\/09\/silviocosta.ogg\">https:\/\/renatodias.online\/movimento\/wp-content\/uploads\/2020\/09\/silviocosta.ogg<\/a><\/audio>\n<p><strong>S\u00edlvio Costa<\/strong><\/p>\n<p><strong>Professor de Ci\u00eancias Pol\u00edticas da PUC <\/strong><\/p>\n<p><strong>Goi\u00e2nia &#8211; Goi\u00e1s<\/strong><\/p>\n<audio class=\"wp-audio-shortcode\" id=\"audio-4743-3\" preload=\"none\" style=\"width: 100%;\" controls=\"controls\"><source type=\"audio\/ogg\" src=\"https:\/\/renatodias.online\/movimento\/wp-content\/uploads\/2020\/09\/Frederico-2.ogg?_=3\" \/><a href=\"https:\/\/renatodias.online\/movimento\/wp-content\/uploads\/2020\/09\/Frederico-2.ogg\">https:\/\/renatodias.online\/movimento\/wp-content\/uploads\/2020\/09\/Frederico-2.ogg<\/a><\/audio>\n<p><strong>Frederico Victor de Oliveira<\/strong><\/p>\n<p><strong>Historiador e jornalista<\/strong><\/p>\n<p><strong>De Ipor\u00e1 &#8211; Goi\u00e1s<\/strong><\/p>\n<audio class=\"wp-audio-shortcode\" id=\"audio-4743-4\" preload=\"none\" style=\"width: 100%;\" controls=\"controls\"><source type=\"audio\/ogg\" src=\"https:\/\/renatodias.online\/movimento\/wp-content\/uploads\/2020\/09\/Paulo.ogg?_=4\" \/><a href=\"https:\/\/renatodias.online\/movimento\/wp-content\/uploads\/2020\/09\/Paulo.ogg\">https:\/\/renatodias.online\/movimento\/wp-content\/uploads\/2020\/09\/Paulo.ogg<\/a><\/audio>\n<p><strong>\u00a0Paulo Henrique Costa Mattos<\/strong><\/p>\n<p><strong>Graduado e mestre em Hist\u00f3ria<\/strong><\/p>\n<p><strong>Professor da Universidade de Gurupi &#8211; Tocantins<\/strong><\/p>\n","protected":false},"excerpt":{"rendered":"<p>\u00a0\u00a0\u00a0\u00a0\u00a0\u00a0\u00a0\u00a0\u00a0\u00a0\u00a0\u00a0\u00a0\u00a0\u00a0\u00a0\u00a0\u00a0\u00a0\u00a0 1965, 1971,1973 Mais do que os EUA Embaixada do Brasil no Chile era o QG do golpe Pa\u00eds \u00e9 protagonista nos golpes de Estado na Rep\u00fablica Dominicana, Bol\u00edvia, Uruguai e Chile \u00a0 1 Infogr\u00e1fico A escalada dos golpes &nbsp; \u00a0 Entrevistas, pesquisas e texto final: Renato Dias Infogr\u00e1fico e tratamento de imagens: Eric Damasceno<\/p>\n","protected":false},"author":2,"featured_media":4750,"comment_status":"open","ping_status":"open","sticky":false,"template":"","format":"audio","meta":{"_acf_changed":false,"_monsterinsights_skip_tracking":false,"_monsterinsights_sitenote_active":false,"_monsterinsights_sitenote_note":"","_monsterinsights_sitenote_category":0,"footnotes":""},"categories":[4],"tags":[],"class_list":["post-4743","post","type-post","status-publish","format-audio","has-post-thumbnail","hentry","category-politica","post_format-post-format-audio"],"acf":[],"yoast_head":"<!-- This site is optimized with the Yoast SEO plugin v27.4 - https:\/\/yoast.com\/product\/yoast-seo-wordpress\/ -->\n<title>Embaixada do Brasil no Chile era o QG do golpe -<\/title>\n<meta name=\"robots\" content=\"index, follow, max-snippet:-1, max-image-preview:large, max-video-preview:-1\" \/>\n<link rel=\"canonical\" href=\"https:\/\/renatodias.online\/movimento\/2020\/09\/29\/embaixada-do-brasil-no-chile-era-o-qg-do-golpe\/\" \/>\n<meta property=\"og:locale\" content=\"pt_BR\" \/>\n<meta property=\"og:type\" content=\"article\" \/>\n<meta property=\"og:title\" content=\"Embaixada do Brasil no Chile era o QG do golpe -\" \/>\n<meta property=\"og:description\" content=\"\u00a0\u00a0\u00a0\u00a0\u00a0\u00a0\u00a0\u00a0\u00a0\u00a0\u00a0\u00a0\u00a0\u00a0\u00a0\u00a0\u00a0\u00a0\u00a0\u00a0 1965, 1971,1973 Mais do que os EUA Embaixada do Brasil no Chile era o QG do golpe Pa\u00eds \u00e9 protagonista nos golpes de Estado na Rep\u00fablica Dominicana, Bol\u00edvia, Uruguai e Chile \u00a0 1 Infogr\u00e1fico A escalada dos golpes &nbsp; \u00a0 Entrevistas, pesquisas e texto final: Renato Dias Infogr\u00e1fico e tratamento de imagens: Eric Damasceno\" \/>\n<meta property=\"og:url\" content=\"https:\/\/renatodias.online\/movimento\/2020\/09\/29\/embaixada-do-brasil-no-chile-era-o-qg-do-golpe\/\" \/>\n<meta property=\"article:publisher\" content=\"https:\/\/www.facebook.com\/renato.dias.37\" \/>\n<meta property=\"article:author\" content=\"https:\/\/www.facebook.com\/renato.dias.37\" \/>\n<meta property=\"article:published_time\" content=\"2020-09-30T02:20:01+00:00\" \/>\n<meta property=\"article:modified_time\" content=\"2020-09-30T02:24:20+00:00\" \/>\n<meta property=\"og:image\" content=\"https:\/\/renatodias.online\/movimento\/wp-content\/uploads\/2020\/09\/capa.png\" \/>\n\t<meta property=\"og:image:width\" content=\"505\" \/>\n\t<meta property=\"og:image:height\" content=\"399\" \/>\n\t<meta property=\"og:image:type\" content=\"image\/png\" \/>\n<meta name=\"author\" content=\"Renato Dias\" \/>\n<meta name=\"twitter:card\" content=\"summary_large_image\" \/>\n<meta name=\"twitter:creator\" content=\"@RenatoDiasBat\" \/>\n<meta name=\"twitter:site\" content=\"@RenatoDiasBat\" \/>\n<meta name=\"twitter:label1\" content=\"Escrito por\" \/>\n\t<meta name=\"twitter:data1\" content=\"Renato Dias\" \/>\n\t<meta name=\"twitter:label2\" content=\"Est. tempo de leitura\" \/>\n\t<meta name=\"twitter:data2\" content=\"19 minutos\" \/>\n<script type=\"application\/ld+json\" class=\"yoast-schema-graph\">{\"@context\":\"https:\\\/\\\/schema.org\",\"@graph\":[{\"@type\":\"Article\",\"@id\":\"https:\\\/\\\/renatodias.online\\\/movimento\\\/2020\\\/09\\\/29\\\/embaixada-do-brasil-no-chile-era-o-qg-do-golpe\\\/#article\",\"isPartOf\":{\"@id\":\"https:\\\/\\\/renatodias.online\\\/movimento\\\/2020\\\/09\\\/29\\\/embaixada-do-brasil-no-chile-era-o-qg-do-golpe\\\/\"},\"author\":{\"name\":\"Renato Dias\",\"@id\":\"https:\\\/\\\/renatodias.online\\\/movimento\\\/#\\\/schema\\\/person\\\/bbab28833b1725a20f4083f49f1fb2a9\"},\"headline\":\"Embaixada do Brasil no Chile era o QG do golpe\",\"datePublished\":\"2020-09-30T02:20:01+00:00\",\"dateModified\":\"2020-09-30T02:24:20+00:00\",\"mainEntityOfPage\":{\"@id\":\"https:\\\/\\\/renatodias.online\\\/movimento\\\/2020\\\/09\\\/29\\\/embaixada-do-brasil-no-chile-era-o-qg-do-golpe\\\/\"},\"wordCount\":3783,\"commentCount\":0,\"publisher\":{\"@id\":\"https:\\\/\\\/renatodias.online\\\/movimento\\\/#\\\/schema\\\/person\\\/bbab28833b1725a20f4083f49f1fb2a9\"},\"image\":{\"@id\":\"https:\\\/\\\/renatodias.online\\\/movimento\\\/2020\\\/09\\\/29\\\/embaixada-do-brasil-no-chile-era-o-qg-do-golpe\\\/#primaryimage\"},\"thumbnailUrl\":\"https:\\\/\\\/renatodias.online\\\/movimento\\\/wp-content\\\/uploads\\\/2020\\\/09\\\/capa.png\",\"articleSection\":[\"Pol\u00edtica\"],\"inLanguage\":\"pt-BR\",\"potentialAction\":[{\"@type\":\"CommentAction\",\"name\":\"Comment\",\"target\":[\"https:\\\/\\\/renatodias.online\\\/movimento\\\/2020\\\/09\\\/29\\\/embaixada-do-brasil-no-chile-era-o-qg-do-golpe\\\/#respond\"]}]},{\"@type\":\"WebPage\",\"@id\":\"https:\\\/\\\/renatodias.online\\\/movimento\\\/2020\\\/09\\\/29\\\/embaixada-do-brasil-no-chile-era-o-qg-do-golpe\\\/\",\"url\":\"https:\\\/\\\/renatodias.online\\\/movimento\\\/2020\\\/09\\\/29\\\/embaixada-do-brasil-no-chile-era-o-qg-do-golpe\\\/\",\"name\":\"Embaixada do Brasil no Chile era o QG do golpe -\",\"isPartOf\":{\"@id\":\"https:\\\/\\\/renatodias.online\\\/movimento\\\/#website\"},\"primaryImageOfPage\":{\"@id\":\"https:\\\/\\\/renatodias.online\\\/movimento\\\/2020\\\/09\\\/29\\\/embaixada-do-brasil-no-chile-era-o-qg-do-golpe\\\/#primaryimage\"},\"image\":{\"@id\":\"https:\\\/\\\/renatodias.online\\\/movimento\\\/2020\\\/09\\\/29\\\/embaixada-do-brasil-no-chile-era-o-qg-do-golpe\\\/#primaryimage\"},\"thumbnailUrl\":\"https:\\\/\\\/renatodias.online\\\/movimento\\\/wp-content\\\/uploads\\\/2020\\\/09\\\/capa.png\",\"datePublished\":\"2020-09-30T02:20:01+00:00\",\"dateModified\":\"2020-09-30T02:24:20+00:00\",\"breadcrumb\":{\"@id\":\"https:\\\/\\\/renatodias.online\\\/movimento\\\/2020\\\/09\\\/29\\\/embaixada-do-brasil-no-chile-era-o-qg-do-golpe\\\/#breadcrumb\"},\"inLanguage\":\"pt-BR\",\"potentialAction\":[{\"@type\":\"ReadAction\",\"target\":[\"https:\\\/\\\/renatodias.online\\\/movimento\\\/2020\\\/09\\\/29\\\/embaixada-do-brasil-no-chile-era-o-qg-do-golpe\\\/\"]}]},{\"@type\":\"ImageObject\",\"inLanguage\":\"pt-BR\",\"@id\":\"https:\\\/\\\/renatodias.online\\\/movimento\\\/2020\\\/09\\\/29\\\/embaixada-do-brasil-no-chile-era-o-qg-do-golpe\\\/#primaryimage\",\"url\":\"https:\\\/\\\/renatodias.online\\\/movimento\\\/wp-content\\\/uploads\\\/2020\\\/09\\\/capa.png\",\"contentUrl\":\"https:\\\/\\\/renatodias.online\\\/movimento\\\/wp-content\\\/uploads\\\/2020\\\/09\\\/capa.png\",\"width\":505,\"height\":399},{\"@type\":\"BreadcrumbList\",\"@id\":\"https:\\\/\\\/renatodias.online\\\/movimento\\\/2020\\\/09\\\/29\\\/embaixada-do-brasil-no-chile-era-o-qg-do-golpe\\\/#breadcrumb\",\"itemListElement\":[{\"@type\":\"ListItem\",\"position\":1,\"name\":\"In\u00edcio\",\"item\":\"https:\\\/\\\/renatodias.online\\\/movimento\\\/\"},{\"@type\":\"ListItem\",\"position\":2,\"name\":\"Embaixada do Brasil no Chile era o QG do golpe\"}]},{\"@type\":\"WebSite\",\"@id\":\"https:\\\/\\\/renatodias.online\\\/movimento\\\/#website\",\"url\":\"https:\\\/\\\/renatodias.online\\\/movimento\\\/\",\"name\":\"\",\"description\":\"\",\"publisher\":{\"@id\":\"https:\\\/\\\/renatodias.online\\\/movimento\\\/#\\\/schema\\\/person\\\/bbab28833b1725a20f4083f49f1fb2a9\"},\"potentialAction\":[{\"@type\":\"SearchAction\",\"target\":{\"@type\":\"EntryPoint\",\"urlTemplate\":\"https:\\\/\\\/renatodias.online\\\/movimento\\\/?s={search_term_string}\"},\"query-input\":{\"@type\":\"PropertyValueSpecification\",\"valueRequired\":true,\"valueName\":\"search_term_string\"}}],\"inLanguage\":\"pt-BR\"},{\"@type\":[\"Person\",\"Organization\"],\"@id\":\"https:\\\/\\\/renatodias.online\\\/movimento\\\/#\\\/schema\\\/person\\\/bbab28833b1725a20f4083f49f1fb2a9\",\"name\":\"Renato Dias\",\"image\":{\"@type\":\"ImageObject\",\"inLanguage\":\"pt-BR\",\"@id\":\"https:\\\/\\\/renatodias.online\\\/movimento\\\/wp-content\\\/uploads\\\/2023\\\/03\\\/cropped-cropped-cropped-logofinal.jpeg\",\"url\":\"https:\\\/\\\/renatodias.online\\\/movimento\\\/wp-content\\\/uploads\\\/2023\\\/03\\\/cropped-cropped-cropped-logofinal.jpeg\",\"contentUrl\":\"https:\\\/\\\/renatodias.online\\\/movimento\\\/wp-content\\\/uploads\\\/2023\\\/03\\\/cropped-cropped-cropped-logofinal.jpeg\",\"width\":1280,\"height\":219,\"caption\":\"Renato Dias\"},\"logo\":{\"@id\":\"https:\\\/\\\/renatodias.online\\\/movimento\\\/wp-content\\\/uploads\\\/2023\\\/03\\\/cropped-cropped-cropped-logofinal.jpeg\"},\"description\":\"Renato Dias, 58 anos, \u00e9 graduado em Jornalismo, formado em Ci\u00eancias Sociais, com p\u00f3s-gradua\u00e7\u00e3o em Pol\u00edticas P\u00fablicas, mestre em Direito e Rela\u00e7\u00f5es Internacionais, ex-aluno extraordin\u00e1rio do Doutorado em Psicologia Social, ex-estudante do Curso de Psican\u00e1lise do Centro de Estudos Psicanal\u00edticos do Estado de Goi\u00e1s, ministrado pelo m\u00e9dico psiquiatra e psicanalista Daniel Em\u00eddio de Souza. \u00c9 autor de 30 livros-reportagem, oito document\u00e1rios, ganhou 30 pr\u00eamios e \u00e9 torcedor apaixonado do maior do Centro-Oeste, o Vila Nova Futebol Clube. Casado com Meirilane Dias, \u00e9 pai de Juliana Dias, jornalista; Daniel Dias, economista; e Maria Rosa Dias, estudante antifascista, socialista e trotskista.\u00a0Com tr\u00eas pets: Porquinho [Bull Dog Franc\u00eas], Dalila [Basset Hound] e Geleia [Basset Hound]. Al\u00e9m do eterno gato Tutuquinho, que virou estrela.\",\"sameAs\":[\"https:\\\/\\\/www.facebook.com\\\/renato.dias.37\",\"#breve\",\"https:\\\/\\\/renatodias.tumblr.com\\\/\"],\"url\":\"https:\\\/\\\/renatodias.online\\\/movimento\\\/author\\\/renatodias\\\/\"}]}<\/script>\n<!-- \/ Yoast SEO plugin. -->","yoast_head_json":{"title":"Embaixada do Brasil no Chile era o QG do golpe -","robots":{"index":"index","follow":"follow","max-snippet":"max-snippet:-1","max-image-preview":"max-image-preview:large","max-video-preview":"max-video-preview:-1"},"canonical":"https:\/\/renatodias.online\/movimento\/2020\/09\/29\/embaixada-do-brasil-no-chile-era-o-qg-do-golpe\/","og_locale":"pt_BR","og_type":"article","og_title":"Embaixada do Brasil no Chile era o QG do golpe -","og_description":"\u00a0\u00a0\u00a0\u00a0\u00a0\u00a0\u00a0\u00a0\u00a0\u00a0\u00a0\u00a0\u00a0\u00a0\u00a0\u00a0\u00a0\u00a0\u00a0\u00a0 1965, 1971,1973 Mais do que os EUA Embaixada do Brasil no Chile era o QG do golpe Pa\u00eds \u00e9 protagonista nos golpes de Estado na Rep\u00fablica Dominicana, Bol\u00edvia, Uruguai e Chile \u00a0 1 Infogr\u00e1fico A escalada dos golpes &nbsp; \u00a0 Entrevistas, pesquisas e texto final: Renato Dias Infogr\u00e1fico e tratamento de imagens: Eric Damasceno","og_url":"https:\/\/renatodias.online\/movimento\/2020\/09\/29\/embaixada-do-brasil-no-chile-era-o-qg-do-golpe\/","article_publisher":"https:\/\/www.facebook.com\/renato.dias.37","article_author":"https:\/\/www.facebook.com\/renato.dias.37","article_published_time":"2020-09-30T02:20:01+00:00","article_modified_time":"2020-09-30T02:24:20+00:00","og_image":[{"width":505,"height":399,"url":"https:\/\/renatodias.online\/movimento\/wp-content\/uploads\/2020\/09\/capa.png","type":"image\/png"}],"author":"Renato Dias","twitter_card":"summary_large_image","twitter_creator":"@RenatoDiasBat","twitter_site":"@RenatoDiasBat","twitter_misc":{"Escrito por":"Renato Dias","Est. tempo de leitura":"19 minutos"},"schema":{"@context":"https:\/\/schema.org","@graph":[{"@type":"Article","@id":"https:\/\/renatodias.online\/movimento\/2020\/09\/29\/embaixada-do-brasil-no-chile-era-o-qg-do-golpe\/#article","isPartOf":{"@id":"https:\/\/renatodias.online\/movimento\/2020\/09\/29\/embaixada-do-brasil-no-chile-era-o-qg-do-golpe\/"},"author":{"name":"Renato Dias","@id":"https:\/\/renatodias.online\/movimento\/#\/schema\/person\/bbab28833b1725a20f4083f49f1fb2a9"},"headline":"Embaixada do Brasil no Chile era o QG do golpe","datePublished":"2020-09-30T02:20:01+00:00","dateModified":"2020-09-30T02:24:20+00:00","mainEntityOfPage":{"@id":"https:\/\/renatodias.online\/movimento\/2020\/09\/29\/embaixada-do-brasil-no-chile-era-o-qg-do-golpe\/"},"wordCount":3783,"commentCount":0,"publisher":{"@id":"https:\/\/renatodias.online\/movimento\/#\/schema\/person\/bbab28833b1725a20f4083f49f1fb2a9"},"image":{"@id":"https:\/\/renatodias.online\/movimento\/2020\/09\/29\/embaixada-do-brasil-no-chile-era-o-qg-do-golpe\/#primaryimage"},"thumbnailUrl":"https:\/\/renatodias.online\/movimento\/wp-content\/uploads\/2020\/09\/capa.png","articleSection":["Pol\u00edtica"],"inLanguage":"pt-BR","potentialAction":[{"@type":"CommentAction","name":"Comment","target":["https:\/\/renatodias.online\/movimento\/2020\/09\/29\/embaixada-do-brasil-no-chile-era-o-qg-do-golpe\/#respond"]}]},{"@type":"WebPage","@id":"https:\/\/renatodias.online\/movimento\/2020\/09\/29\/embaixada-do-brasil-no-chile-era-o-qg-do-golpe\/","url":"https:\/\/renatodias.online\/movimento\/2020\/09\/29\/embaixada-do-brasil-no-chile-era-o-qg-do-golpe\/","name":"Embaixada do Brasil no Chile era o QG do golpe -","isPartOf":{"@id":"https:\/\/renatodias.online\/movimento\/#website"},"primaryImageOfPage":{"@id":"https:\/\/renatodias.online\/movimento\/2020\/09\/29\/embaixada-do-brasil-no-chile-era-o-qg-do-golpe\/#primaryimage"},"image":{"@id":"https:\/\/renatodias.online\/movimento\/2020\/09\/29\/embaixada-do-brasil-no-chile-era-o-qg-do-golpe\/#primaryimage"},"thumbnailUrl":"https:\/\/renatodias.online\/movimento\/wp-content\/uploads\/2020\/09\/capa.png","datePublished":"2020-09-30T02:20:01+00:00","dateModified":"2020-09-30T02:24:20+00:00","breadcrumb":{"@id":"https:\/\/renatodias.online\/movimento\/2020\/09\/29\/embaixada-do-brasil-no-chile-era-o-qg-do-golpe\/#breadcrumb"},"inLanguage":"pt-BR","potentialAction":[{"@type":"ReadAction","target":["https:\/\/renatodias.online\/movimento\/2020\/09\/29\/embaixada-do-brasil-no-chile-era-o-qg-do-golpe\/"]}]},{"@type":"ImageObject","inLanguage":"pt-BR","@id":"https:\/\/renatodias.online\/movimento\/2020\/09\/29\/embaixada-do-brasil-no-chile-era-o-qg-do-golpe\/#primaryimage","url":"https:\/\/renatodias.online\/movimento\/wp-content\/uploads\/2020\/09\/capa.png","contentUrl":"https:\/\/renatodias.online\/movimento\/wp-content\/uploads\/2020\/09\/capa.png","width":505,"height":399},{"@type":"BreadcrumbList","@id":"https:\/\/renatodias.online\/movimento\/2020\/09\/29\/embaixada-do-brasil-no-chile-era-o-qg-do-golpe\/#breadcrumb","itemListElement":[{"@type":"ListItem","position":1,"name":"In\u00edcio","item":"https:\/\/renatodias.online\/movimento\/"},{"@type":"ListItem","position":2,"name":"Embaixada do Brasil no Chile era o QG do golpe"}]},{"@type":"WebSite","@id":"https:\/\/renatodias.online\/movimento\/#website","url":"https:\/\/renatodias.online\/movimento\/","name":"","description":"","publisher":{"@id":"https:\/\/renatodias.online\/movimento\/#\/schema\/person\/bbab28833b1725a20f4083f49f1fb2a9"},"potentialAction":[{"@type":"SearchAction","target":{"@type":"EntryPoint","urlTemplate":"https:\/\/renatodias.online\/movimento\/?s={search_term_string}"},"query-input":{"@type":"PropertyValueSpecification","valueRequired":true,"valueName":"search_term_string"}}],"inLanguage":"pt-BR"},{"@type":["Person","Organization"],"@id":"https:\/\/renatodias.online\/movimento\/#\/schema\/person\/bbab28833b1725a20f4083f49f1fb2a9","name":"Renato Dias","image":{"@type":"ImageObject","inLanguage":"pt-BR","@id":"https:\/\/renatodias.online\/movimento\/wp-content\/uploads\/2023\/03\/cropped-cropped-cropped-logofinal.jpeg","url":"https:\/\/renatodias.online\/movimento\/wp-content\/uploads\/2023\/03\/cropped-cropped-cropped-logofinal.jpeg","contentUrl":"https:\/\/renatodias.online\/movimento\/wp-content\/uploads\/2023\/03\/cropped-cropped-cropped-logofinal.jpeg","width":1280,"height":219,"caption":"Renato Dias"},"logo":{"@id":"https:\/\/renatodias.online\/movimento\/wp-content\/uploads\/2023\/03\/cropped-cropped-cropped-logofinal.jpeg"},"description":"Renato Dias, 58 anos, \u00e9 graduado em Jornalismo, formado em Ci\u00eancias Sociais, com p\u00f3s-gradua\u00e7\u00e3o em Pol\u00edticas P\u00fablicas, mestre em Direito e Rela\u00e7\u00f5es Internacionais, ex-aluno extraordin\u00e1rio do Doutorado em Psicologia Social, ex-estudante do Curso de Psican\u00e1lise do Centro de Estudos Psicanal\u00edticos do Estado de Goi\u00e1s, ministrado pelo m\u00e9dico psiquiatra e psicanalista Daniel Em\u00eddio de Souza. \u00c9 autor de 30 livros-reportagem, oito document\u00e1rios, ganhou 30 pr\u00eamios e \u00e9 torcedor apaixonado do maior do Centro-Oeste, o Vila Nova Futebol Clube. Casado com Meirilane Dias, \u00e9 pai de Juliana Dias, jornalista; Daniel Dias, economista; e Maria Rosa Dias, estudante antifascista, socialista e trotskista.\u00a0Com tr\u00eas pets: Porquinho [Bull Dog Franc\u00eas], Dalila [Basset Hound] e Geleia [Basset Hound]. Al\u00e9m do eterno gato Tutuquinho, que virou estrela.","sameAs":["https:\/\/www.facebook.com\/renato.dias.37","#breve","https:\/\/renatodias.tumblr.com\/"],"url":"https:\/\/renatodias.online\/movimento\/author\/renatodias\/"}]}},"_links":{"self":[{"href":"https:\/\/renatodias.online\/movimento\/wp-json\/wp\/v2\/posts\/4743","targetHints":{"allow":["GET"]}}],"collection":[{"href":"https:\/\/renatodias.online\/movimento\/wp-json\/wp\/v2\/posts"}],"about":[{"href":"https:\/\/renatodias.online\/movimento\/wp-json\/wp\/v2\/types\/post"}],"author":[{"embeddable":true,"href":"https:\/\/renatodias.online\/movimento\/wp-json\/wp\/v2\/users\/2"}],"replies":[{"embeddable":true,"href":"https:\/\/renatodias.online\/movimento\/wp-json\/wp\/v2\/comments?post=4743"}],"version-history":[{"count":5,"href":"https:\/\/renatodias.online\/movimento\/wp-json\/wp\/v2\/posts\/4743\/revisions"}],"predecessor-version":[{"id":4765,"href":"https:\/\/renatodias.online\/movimento\/wp-json\/wp\/v2\/posts\/4743\/revisions\/4765"}],"wp:featuredmedia":[{"embeddable":true,"href":"https:\/\/renatodias.online\/movimento\/wp-json\/wp\/v2\/media\/4750"}],"wp:attachment":[{"href":"https:\/\/renatodias.online\/movimento\/wp-json\/wp\/v2\/media?parent=4743"}],"wp:term":[{"taxonomy":"category","embeddable":true,"href":"https:\/\/renatodias.online\/movimento\/wp-json\/wp\/v2\/categories?post=4743"},{"taxonomy":"post_tag","embeddable":true,"href":"https:\/\/renatodias.online\/movimento\/wp-json\/wp\/v2\/tags?post=4743"}],"curies":[{"name":"wp","href":"https:\/\/api.w.org\/{rel}","templated":true}]}}