{"id":4730,"date":"2020-09-25T22:05:01","date_gmt":"2020-09-26T01:05:01","guid":{"rendered":"https:\/\/renatodias.online\/movimento\/?p=4730"},"modified":"2020-09-25T22:11:20","modified_gmt":"2020-09-26T01:11:20","slug":"vila-nova-enfrenta-treze","status":"publish","type":"post","link":"https:\/\/renatodias.online\/movimento\/2020\/09\/25\/vila-nova-enfrenta-treze\/","title":{"rendered":"Vila Nova enfrenta Treze"},"content":{"rendered":"<p><img loading=\"lazy\" decoding=\"async\" class=\"size-medium wp-image-4537\" src=\"https:\/\/renatodias.online\/movimento\/wp-content\/uploads\/2020\/09\/1599875669684_Alto-da-p\u00e1gina-Banner-Exclusivo-300x91.png\" alt=\"E X C L U S I V O\" width=\"300\" height=\"91\" srcset=\"https:\/\/renatodias.online\/movimento\/wp-content\/uploads\/2020\/09\/1599875669684_Alto-da-p\u00e1gina-Banner-Exclusivo-300x91.png 300w, https:\/\/renatodias.online\/movimento\/wp-content\/uploads\/2020\/09\/1599875669684_Alto-da-p\u00e1gina-Banner-Exclusivo-1024x311.png 1024w, https:\/\/renatodias.online\/movimento\/wp-content\/uploads\/2020\/09\/1599875669684_Alto-da-p\u00e1gina-Banner-Exclusivo-768x233.png 768w, https:\/\/renatodias.online\/movimento\/wp-content\/uploads\/2020\/09\/1599875669684_Alto-da-p\u00e1gina-Banner-Exclusivo-750x228.png 750w, https:\/\/renatodias.online\/movimento\/wp-content\/uploads\/2020\/09\/1599875669684_Alto-da-p\u00e1gina-Banner-Exclusivo.png 1224w\" sizes=\"auto, (max-width: 300px) 100vw, 300px\" \/><\/p>\n<p><img loading=\"lazy\" decoding=\"async\" class=\"aligncenter wp-image-4731 size-full\" src=\"https:\/\/renatodias.online\/movimento\/wp-content\/uploads\/2020\/09\/Fabr\u00edcio-1.png\" alt=\"\" width=\"463\" height=\"854\" srcset=\"https:\/\/renatodias.online\/movimento\/wp-content\/uploads\/2020\/09\/Fabr\u00edcio-1.png 463w, https:\/\/renatodias.online\/movimento\/wp-content\/uploads\/2020\/09\/Fabr\u00edcio-1-163x300.png 163w\" sizes=\"auto, (max-width: 463px) 100vw, 463px\" \/><\/p>\n<p><span style=\"color: #ff0000;\"><strong>Campeonato Brasileiro<\/strong><\/span><\/p>\n<h1><strong>Vila Nova enfrenta Treze<\/strong><\/h1>\n<p><strong>T\u00e9cnico Bol\u00edvar deve manter o mesmo esquema t\u00e1tico _ 4-3-3_\u00a0 e repetir a escala\u00e7\u00e3o dos \u00faltimos quatro jogos do Tigr\u00e3o<\/strong><\/p>\n<p>https:\/\/www.instagram.com\/p\/CEsN3apAfyg\/?igshid=52ydfgnowy6q<\/p>\n<p>&nbsp;<\/p>\n<p>&nbsp;<\/p>\n<p><strong>\u2018<\/strong><strong>Partida ser\u00e1<\/strong><\/p>\n<p><strong>transmitida <\/strong><\/p>\n<p><strong>ao vivo pelo<\/strong><\/p>\n<p><strong>site esportivo<\/strong><\/p>\n<p><a rel=\"noopener noreferrer\" href=\"https:\/\/mycujoo.tv\/pt-br\/\" target=\"_blank\">https:\/\/mycujoo.tv\/pt-br\/<\/a><\/p>\n<p><strong>\u00a0<\/strong><\/p>\n<p><strong>\u00a0<\/strong><\/p>\n<p><strong>Renato Dias<\/strong><\/p>\n<p>&nbsp;<\/p>\n<p>O \u00a0<strong>Vila Nova Futebol Clube<\/strong> enfrenta, <strong>neste s\u00e1bado<\/strong>, dia 26 de setembro de 2020, <strong>\u00e0s 19h<\/strong>,\u00a0 pela pen\u00faltima rodada do primeiro turno, da primeira fase, do Campeonato Brasileiro da S\u00e9rie C, o <strong>Treze<\/strong>. Rival tradicional. Do Estado da Para\u00edba. No <strong>Est\u00e1dio On\u00e9sio Brasileiro Alvarenga<\/strong>. Sem a presen\u00e7a de p\u00fablico. Em virtude da Pandemia do Coronav\u00edrus Covid 19. No Brasil e no mundo.<\/p>\n<p>&nbsp;<\/p>\n<p>O t\u00e9cnico Bol\u00edvar deve escalar o mesmo time das \u00faltimas quatro partidas no Brasileiro da Terceira Divis\u00e3o. Veja: <strong>Fabr\u00edcio; John Lennon, Rafael Donato, Adalberto<\/strong> _ Capit\u00e3o do time _ e <strong>M\u00e1rio Henrique; Dudu, Pablo e Emanuel Biancucchi <\/strong>_ o\u00a0 argentino primo do craque mundial Lionel Messi<strong>_<\/strong>; <strong>Lucas Silva, Henan e Talles<\/strong>. <strong>Alan Mineiro<\/strong> \u00e9 op\u00e7\u00e3o para o segundo tempo.<\/p>\n<p>&nbsp;<\/p>\n<figure id=\"attachment_4735\" aria-describedby=\"caption-attachment-4735\" style=\"width: 487px\" class=\"wp-caption aligncenter\"><img loading=\"lazy\" decoding=\"async\" class=\"size-full wp-image-4735\" src=\"https:\/\/renatodias.online\/movimento\/wp-content\/uploads\/2020\/09\/Emanuel-Biancucchi-2.png\" alt=\"Emanuel Biancucchi\" width=\"487\" height=\"708\" srcset=\"https:\/\/renatodias.online\/movimento\/wp-content\/uploads\/2020\/09\/Emanuel-Biancucchi-2.png 487w, https:\/\/renatodias.online\/movimento\/wp-content\/uploads\/2020\/09\/Emanuel-Biancucchi-2-206x300.png 206w\" sizes=\"auto, (max-width: 487px) 100vw, 487px\" \/><figcaption id=\"caption-attachment-4735\" class=\"wp-caption-text\">Emanuel Biancucchi<\/figcaption><\/figure>\n<p>&nbsp;<\/p>\n<p>Com tr\u00eas pontos apenas, o Treze da Para\u00edba quer reagir na competi\u00e7\u00e3o. A equipe complicou o jogo para o Manaus. No reduto do advers\u00e1rio. O time precisa da vit\u00f3ria. Dos tr\u00eas pontos. Fora de casa. Para subir na tabela. Do certame nacional e fugir da zona de rebaixamento. Para a S\u00e9rie D do Brasileir\u00e3o. De 2021. Em tempo: a crise j\u00e1 amea\u00e7a a agremia\u00e7\u00e3o esportiva.<\/p>\n<p>&nbsp;<\/p>\n<p><strong>Estrat\u00e9gia<\/strong><\/p>\n<p>O Tigr\u00e3o, presidido, hoje, por <strong>Hugo Jorge Bravo<\/strong>, capit\u00e3o da Rotam \u2013 Oficial da Pol\u00edcia Militar do Estado de Goi\u00e1s \u2013 , quer atingir, apesar de admitir as m\u00faltiplas dificuldades, j\u00e1 que n\u00e3o exis\u00adte, hoje, advers\u00e1rio f\u00e1cil, 100% de aproveitamento em casa, virar l\u00edder do Grupo A e n\u00e3o levar gol pela quinta partida consecutiva. A meta tamb\u00e9m \u00e9 aumentar a m\u00e9dia de gols do colorado.<\/p>\n<figure id=\"attachment_4736\" aria-describedby=\"caption-attachment-4736\" style=\"width: 470px\" class=\"wp-caption aligncenter\"><img loading=\"lazy\" decoding=\"async\" class=\"size-full wp-image-4736\" src=\"https:\/\/renatodias.online\/movimento\/wp-content\/uploads\/2020\/09\/Henan-3.png\" alt=\"\" width=\"470\" height=\"850\" srcset=\"https:\/\/renatodias.online\/movimento\/wp-content\/uploads\/2020\/09\/Henan-3.png 470w, https:\/\/renatodias.online\/movimento\/wp-content\/uploads\/2020\/09\/Henan-3-166x300.png 166w\" sizes=\"auto, (max-width: 470px) 100vw, 470px\" \/><figcaption id=\"caption-attachment-4736\" class=\"wp-caption-text\">Henan<\/figcaption><\/figure>\n","protected":false},"excerpt":{"rendered":"<p>Campeonato Brasileiro Vila Nova enfrenta Treze T\u00e9cnico Bol\u00edvar deve manter o mesmo esquema t\u00e1tico _ 4-3-3_\u00a0 e repetir a escala\u00e7\u00e3o dos \u00faltimos quatro jogos do Tigr\u00e3o https:\/\/www.instagram.com\/p\/CEsN3apAfyg\/?igshid=52ydfgnowy6q &nbsp; &nbsp; \u2018Partida ser\u00e1 transmitida ao vivo pelo site esportivo https:\/\/mycujoo.tv\/pt-br\/ \u00a0 \u00a0 Renato Dias &nbsp; O \u00a0Vila Nova Futebol Clube enfrenta, neste s\u00e1bado, dia 26 de setembro<\/p>\n","protected":false},"author":2,"featured_media":4734,"comment_status":"open","ping_status":"open","sticky":false,"template":"","format":"audio","meta":{"_acf_changed":false,"_monsterinsights_skip_tracking":false,"_monsterinsights_sitenote_active":false,"_monsterinsights_sitenote_note":"","_monsterinsights_sitenote_category":0,"footnotes":""},"categories":[33],"tags":[],"class_list":["post-4730","post","type-post","status-publish","format-audio","has-post-thumbnail","hentry","category-esporte","post_format-post-format-audio"],"acf":[],"yoast_head":"<!-- This site is optimized with the Yoast SEO plugin v27.4 - https:\/\/yoast.com\/product\/yoast-seo-wordpress\/ -->\n<title>Vila Nova enfrenta Treze -<\/title>\n<meta name=\"robots\" content=\"index, follow, max-snippet:-1, max-image-preview:large, max-video-preview:-1\" \/>\n<link rel=\"canonical\" href=\"https:\/\/renatodias.online\/movimento\/2020\/09\/25\/vila-nova-enfrenta-treze\/\" \/>\n<meta property=\"og:locale\" content=\"pt_BR\" \/>\n<meta property=\"og:type\" content=\"article\" \/>\n<meta property=\"og:title\" content=\"Vila Nova enfrenta Treze -\" \/>\n<meta property=\"og:description\" content=\"Campeonato Brasileiro Vila Nova enfrenta Treze T\u00e9cnico Bol\u00edvar deve manter o mesmo esquema t\u00e1tico _ 4-3-3_\u00a0 e repetir a escala\u00e7\u00e3o dos \u00faltimos quatro jogos do Tigr\u00e3o https:\/\/www.instagram.com\/p\/CEsN3apAfyg\/?igshid=52ydfgnowy6q &nbsp; &nbsp; \u2018Partida ser\u00e1 transmitida ao vivo pelo site esportivo https:\/\/mycujoo.tv\/pt-br\/ \u00a0 \u00a0 Renato Dias &nbsp; O \u00a0Vila Nova Futebol Clube enfrenta, neste s\u00e1bado, dia 26 de setembro\" \/>\n<meta property=\"og:url\" content=\"https:\/\/renatodias.online\/movimento\/2020\/09\/25\/vila-nova-enfrenta-treze\/\" \/>\n<meta property=\"article:publisher\" content=\"https:\/\/www.facebook.com\/renato.dias.37\" \/>\n<meta property=\"article:author\" content=\"https:\/\/www.facebook.com\/renato.dias.37\" \/>\n<meta property=\"article:published_time\" content=\"2020-09-26T01:05:01+00:00\" \/>\n<meta property=\"article:modified_time\" content=\"2020-09-26T01:11:20+00:00\" \/>\n<meta property=\"og:image\" content=\"https:\/\/renatodias.online\/movimento\/wp-content\/uploads\/2020\/09\/fabricio6.jpg\" \/>\n\t<meta property=\"og:image:width\" content=\"408\" \/>\n\t<meta property=\"og:image:height\" content=\"443\" \/>\n\t<meta property=\"og:image:type\" content=\"image\/jpeg\" \/>\n<meta name=\"author\" content=\"Renato Dias\" \/>\n<meta name=\"twitter:card\" content=\"summary_large_image\" \/>\n<meta name=\"twitter:creator\" content=\"@RenatoDiasBat\" \/>\n<meta name=\"twitter:site\" content=\"@RenatoDiasBat\" \/>\n<meta name=\"twitter:label1\" content=\"Escrito por\" \/>\n\t<meta name=\"twitter:data1\" content=\"Renato Dias\" \/>\n\t<meta name=\"twitter:label2\" content=\"Est. tempo de leitura\" \/>\n\t<meta name=\"twitter:data2\" content=\"2 minutos\" \/>\n<script type=\"application\/ld+json\" class=\"yoast-schema-graph\">{\"@context\":\"https:\\\/\\\/schema.org\",\"@graph\":[{\"@type\":\"Article\",\"@id\":\"https:\\\/\\\/renatodias.online\\\/movimento\\\/2020\\\/09\\\/25\\\/vila-nova-enfrenta-treze\\\/#article\",\"isPartOf\":{\"@id\":\"https:\\\/\\\/renatodias.online\\\/movimento\\\/2020\\\/09\\\/25\\\/vila-nova-enfrenta-treze\\\/\"},\"author\":{\"name\":\"Renato Dias\",\"@id\":\"https:\\\/\\\/renatodias.online\\\/movimento\\\/#\\\/schema\\\/person\\\/bbab28833b1725a20f4083f49f1fb2a9\"},\"headline\":\"Vila Nova enfrenta Treze\",\"datePublished\":\"2020-09-26T01:05:01+00:00\",\"dateModified\":\"2020-09-26T01:11:20+00:00\",\"mainEntityOfPage\":{\"@id\":\"https:\\\/\\\/renatodias.online\\\/movimento\\\/2020\\\/09\\\/25\\\/vila-nova-enfrenta-treze\\\/\"},\"wordCount\":363,\"commentCount\":0,\"publisher\":{\"@id\":\"https:\\\/\\\/renatodias.online\\\/movimento\\\/#\\\/schema\\\/person\\\/bbab28833b1725a20f4083f49f1fb2a9\"},\"image\":{\"@id\":\"https:\\\/\\\/renatodias.online\\\/movimento\\\/2020\\\/09\\\/25\\\/vila-nova-enfrenta-treze\\\/#primaryimage\"},\"thumbnailUrl\":\"https:\\\/\\\/renatodias.online\\\/movimento\\\/wp-content\\\/uploads\\\/2020\\\/09\\\/fabricio6.jpg\",\"articleSection\":[\"Esporte\"],\"inLanguage\":\"pt-BR\",\"potentialAction\":[{\"@type\":\"CommentAction\",\"name\":\"Comment\",\"target\":[\"https:\\\/\\\/renatodias.online\\\/movimento\\\/2020\\\/09\\\/25\\\/vila-nova-enfrenta-treze\\\/#respond\"]}]},{\"@type\":\"WebPage\",\"@id\":\"https:\\\/\\\/renatodias.online\\\/movimento\\\/2020\\\/09\\\/25\\\/vila-nova-enfrenta-treze\\\/\",\"url\":\"https:\\\/\\\/renatodias.online\\\/movimento\\\/2020\\\/09\\\/25\\\/vila-nova-enfrenta-treze\\\/\",\"name\":\"Vila Nova enfrenta Treze -\",\"isPartOf\":{\"@id\":\"https:\\\/\\\/renatodias.online\\\/movimento\\\/#website\"},\"primaryImageOfPage\":{\"@id\":\"https:\\\/\\\/renatodias.online\\\/movimento\\\/2020\\\/09\\\/25\\\/vila-nova-enfrenta-treze\\\/#primaryimage\"},\"image\":{\"@id\":\"https:\\\/\\\/renatodias.online\\\/movimento\\\/2020\\\/09\\\/25\\\/vila-nova-enfrenta-treze\\\/#primaryimage\"},\"thumbnailUrl\":\"https:\\\/\\\/renatodias.online\\\/movimento\\\/wp-content\\\/uploads\\\/2020\\\/09\\\/fabricio6.jpg\",\"datePublished\":\"2020-09-26T01:05:01+00:00\",\"dateModified\":\"2020-09-26T01:11:20+00:00\",\"breadcrumb\":{\"@id\":\"https:\\\/\\\/renatodias.online\\\/movimento\\\/2020\\\/09\\\/25\\\/vila-nova-enfrenta-treze\\\/#breadcrumb\"},\"inLanguage\":\"pt-BR\",\"potentialAction\":[{\"@type\":\"ReadAction\",\"target\":[\"https:\\\/\\\/renatodias.online\\\/movimento\\\/2020\\\/09\\\/25\\\/vila-nova-enfrenta-treze\\\/\"]}]},{\"@type\":\"ImageObject\",\"inLanguage\":\"pt-BR\",\"@id\":\"https:\\\/\\\/renatodias.online\\\/movimento\\\/2020\\\/09\\\/25\\\/vila-nova-enfrenta-treze\\\/#primaryimage\",\"url\":\"https:\\\/\\\/renatodias.online\\\/movimento\\\/wp-content\\\/uploads\\\/2020\\\/09\\\/fabricio6.jpg\",\"contentUrl\":\"https:\\\/\\\/renatodias.online\\\/movimento\\\/wp-content\\\/uploads\\\/2020\\\/09\\\/fabricio6.jpg\",\"width\":408,\"height\":443,\"caption\":\"Fabr\u00edcio\"},{\"@type\":\"BreadcrumbList\",\"@id\":\"https:\\\/\\\/renatodias.online\\\/movimento\\\/2020\\\/09\\\/25\\\/vila-nova-enfrenta-treze\\\/#breadcrumb\",\"itemListElement\":[{\"@type\":\"ListItem\",\"position\":1,\"name\":\"In\u00edcio\",\"item\":\"https:\\\/\\\/renatodias.online\\\/movimento\\\/\"},{\"@type\":\"ListItem\",\"position\":2,\"name\":\"Vila Nova enfrenta Treze\"}]},{\"@type\":\"WebSite\",\"@id\":\"https:\\\/\\\/renatodias.online\\\/movimento\\\/#website\",\"url\":\"https:\\\/\\\/renatodias.online\\\/movimento\\\/\",\"name\":\"\",\"description\":\"\",\"publisher\":{\"@id\":\"https:\\\/\\\/renatodias.online\\\/movimento\\\/#\\\/schema\\\/person\\\/bbab28833b1725a20f4083f49f1fb2a9\"},\"potentialAction\":[{\"@type\":\"SearchAction\",\"target\":{\"@type\":\"EntryPoint\",\"urlTemplate\":\"https:\\\/\\\/renatodias.online\\\/movimento\\\/?s={search_term_string}\"},\"query-input\":{\"@type\":\"PropertyValueSpecification\",\"valueRequired\":true,\"valueName\":\"search_term_string\"}}],\"inLanguage\":\"pt-BR\"},{\"@type\":[\"Person\",\"Organization\"],\"@id\":\"https:\\\/\\\/renatodias.online\\\/movimento\\\/#\\\/schema\\\/person\\\/bbab28833b1725a20f4083f49f1fb2a9\",\"name\":\"Renato Dias\",\"image\":{\"@type\":\"ImageObject\",\"inLanguage\":\"pt-BR\",\"@id\":\"https:\\\/\\\/renatodias.online\\\/movimento\\\/wp-content\\\/uploads\\\/2023\\\/03\\\/cropped-cropped-cropped-logofinal.jpeg\",\"url\":\"https:\\\/\\\/renatodias.online\\\/movimento\\\/wp-content\\\/uploads\\\/2023\\\/03\\\/cropped-cropped-cropped-logofinal.jpeg\",\"contentUrl\":\"https:\\\/\\\/renatodias.online\\\/movimento\\\/wp-content\\\/uploads\\\/2023\\\/03\\\/cropped-cropped-cropped-logofinal.jpeg\",\"width\":1280,\"height\":219,\"caption\":\"Renato Dias\"},\"logo\":{\"@id\":\"https:\\\/\\\/renatodias.online\\\/movimento\\\/wp-content\\\/uploads\\\/2023\\\/03\\\/cropped-cropped-cropped-logofinal.jpeg\"},\"description\":\"Renato Dias, 58 anos, \u00e9 graduado em Jornalismo, formado em Ci\u00eancias Sociais, com p\u00f3s-gradua\u00e7\u00e3o em Pol\u00edticas P\u00fablicas, mestre em Direito e Rela\u00e7\u00f5es Internacionais, ex-aluno extraordin\u00e1rio do Doutorado em Psicologia Social, ex-estudante do Curso de Psican\u00e1lise do Centro de Estudos Psicanal\u00edticos do Estado de Goi\u00e1s, ministrado pelo m\u00e9dico psiquiatra e psicanalista Daniel Em\u00eddio de Souza. \u00c9 autor de 30 livros-reportagem, oito document\u00e1rios, ganhou 30 pr\u00eamios e \u00e9 torcedor apaixonado do maior do Centro-Oeste, o Vila Nova Futebol Clube. Casado com Meirilane Dias, \u00e9 pai de Juliana Dias, jornalista; Daniel Dias, economista; e Maria Rosa Dias, estudante antifascista, socialista e trotskista.\u00a0Com tr\u00eas pets: Porquinho [Bull Dog Franc\u00eas], Dalila [Basset Hound] e Geleia [Basset Hound]. Al\u00e9m do eterno gato Tutuquinho, que virou estrela.\",\"sameAs\":[\"https:\\\/\\\/www.facebook.com\\\/renato.dias.37\",\"#breve\",\"https:\\\/\\\/renatodias.tumblr.com\\\/\"],\"url\":\"https:\\\/\\\/renatodias.online\\\/movimento\\\/author\\\/renatodias\\\/\"}]}<\/script>\n<!-- \/ Yoast SEO plugin. -->","yoast_head_json":{"title":"Vila Nova enfrenta Treze -","robots":{"index":"index","follow":"follow","max-snippet":"max-snippet:-1","max-image-preview":"max-image-preview:large","max-video-preview":"max-video-preview:-1"},"canonical":"https:\/\/renatodias.online\/movimento\/2020\/09\/25\/vila-nova-enfrenta-treze\/","og_locale":"pt_BR","og_type":"article","og_title":"Vila Nova enfrenta Treze -","og_description":"Campeonato Brasileiro Vila Nova enfrenta Treze T\u00e9cnico Bol\u00edvar deve manter o mesmo esquema t\u00e1tico _ 4-3-3_\u00a0 e repetir a escala\u00e7\u00e3o dos \u00faltimos quatro jogos do Tigr\u00e3o https:\/\/www.instagram.com\/p\/CEsN3apAfyg\/?igshid=52ydfgnowy6q &nbsp; &nbsp; \u2018Partida ser\u00e1 transmitida ao vivo pelo site esportivo https:\/\/mycujoo.tv\/pt-br\/ \u00a0 \u00a0 Renato Dias &nbsp; O \u00a0Vila Nova Futebol Clube enfrenta, neste s\u00e1bado, dia 26 de setembro","og_url":"https:\/\/renatodias.online\/movimento\/2020\/09\/25\/vila-nova-enfrenta-treze\/","article_publisher":"https:\/\/www.facebook.com\/renato.dias.37","article_author":"https:\/\/www.facebook.com\/renato.dias.37","article_published_time":"2020-09-26T01:05:01+00:00","article_modified_time":"2020-09-26T01:11:20+00:00","og_image":[{"width":408,"height":443,"url":"https:\/\/renatodias.online\/movimento\/wp-content\/uploads\/2020\/09\/fabricio6.jpg","type":"image\/jpeg"}],"author":"Renato Dias","twitter_card":"summary_large_image","twitter_creator":"@RenatoDiasBat","twitter_site":"@RenatoDiasBat","twitter_misc":{"Escrito por":"Renato Dias","Est. tempo de leitura":"2 minutos"},"schema":{"@context":"https:\/\/schema.org","@graph":[{"@type":"Article","@id":"https:\/\/renatodias.online\/movimento\/2020\/09\/25\/vila-nova-enfrenta-treze\/#article","isPartOf":{"@id":"https:\/\/renatodias.online\/movimento\/2020\/09\/25\/vila-nova-enfrenta-treze\/"},"author":{"name":"Renato Dias","@id":"https:\/\/renatodias.online\/movimento\/#\/schema\/person\/bbab28833b1725a20f4083f49f1fb2a9"},"headline":"Vila Nova enfrenta Treze","datePublished":"2020-09-26T01:05:01+00:00","dateModified":"2020-09-26T01:11:20+00:00","mainEntityOfPage":{"@id":"https:\/\/renatodias.online\/movimento\/2020\/09\/25\/vila-nova-enfrenta-treze\/"},"wordCount":363,"commentCount":0,"publisher":{"@id":"https:\/\/renatodias.online\/movimento\/#\/schema\/person\/bbab28833b1725a20f4083f49f1fb2a9"},"image":{"@id":"https:\/\/renatodias.online\/movimento\/2020\/09\/25\/vila-nova-enfrenta-treze\/#primaryimage"},"thumbnailUrl":"https:\/\/renatodias.online\/movimento\/wp-content\/uploads\/2020\/09\/fabricio6.jpg","articleSection":["Esporte"],"inLanguage":"pt-BR","potentialAction":[{"@type":"CommentAction","name":"Comment","target":["https:\/\/renatodias.online\/movimento\/2020\/09\/25\/vila-nova-enfrenta-treze\/#respond"]}]},{"@type":"WebPage","@id":"https:\/\/renatodias.online\/movimento\/2020\/09\/25\/vila-nova-enfrenta-treze\/","url":"https:\/\/renatodias.online\/movimento\/2020\/09\/25\/vila-nova-enfrenta-treze\/","name":"Vila Nova enfrenta Treze -","isPartOf":{"@id":"https:\/\/renatodias.online\/movimento\/#website"},"primaryImageOfPage":{"@id":"https:\/\/renatodias.online\/movimento\/2020\/09\/25\/vila-nova-enfrenta-treze\/#primaryimage"},"image":{"@id":"https:\/\/renatodias.online\/movimento\/2020\/09\/25\/vila-nova-enfrenta-treze\/#primaryimage"},"thumbnailUrl":"https:\/\/renatodias.online\/movimento\/wp-content\/uploads\/2020\/09\/fabricio6.jpg","datePublished":"2020-09-26T01:05:01+00:00","dateModified":"2020-09-26T01:11:20+00:00","breadcrumb":{"@id":"https:\/\/renatodias.online\/movimento\/2020\/09\/25\/vila-nova-enfrenta-treze\/#breadcrumb"},"inLanguage":"pt-BR","potentialAction":[{"@type":"ReadAction","target":["https:\/\/renatodias.online\/movimento\/2020\/09\/25\/vila-nova-enfrenta-treze\/"]}]},{"@type":"ImageObject","inLanguage":"pt-BR","@id":"https:\/\/renatodias.online\/movimento\/2020\/09\/25\/vila-nova-enfrenta-treze\/#primaryimage","url":"https:\/\/renatodias.online\/movimento\/wp-content\/uploads\/2020\/09\/fabricio6.jpg","contentUrl":"https:\/\/renatodias.online\/movimento\/wp-content\/uploads\/2020\/09\/fabricio6.jpg","width":408,"height":443,"caption":"Fabr\u00edcio"},{"@type":"BreadcrumbList","@id":"https:\/\/renatodias.online\/movimento\/2020\/09\/25\/vila-nova-enfrenta-treze\/#breadcrumb","itemListElement":[{"@type":"ListItem","position":1,"name":"In\u00edcio","item":"https:\/\/renatodias.online\/movimento\/"},{"@type":"ListItem","position":2,"name":"Vila Nova enfrenta Treze"}]},{"@type":"WebSite","@id":"https:\/\/renatodias.online\/movimento\/#website","url":"https:\/\/renatodias.online\/movimento\/","name":"","description":"","publisher":{"@id":"https:\/\/renatodias.online\/movimento\/#\/schema\/person\/bbab28833b1725a20f4083f49f1fb2a9"},"potentialAction":[{"@type":"SearchAction","target":{"@type":"EntryPoint","urlTemplate":"https:\/\/renatodias.online\/movimento\/?s={search_term_string}"},"query-input":{"@type":"PropertyValueSpecification","valueRequired":true,"valueName":"search_term_string"}}],"inLanguage":"pt-BR"},{"@type":["Person","Organization"],"@id":"https:\/\/renatodias.online\/movimento\/#\/schema\/person\/bbab28833b1725a20f4083f49f1fb2a9","name":"Renato Dias","image":{"@type":"ImageObject","inLanguage":"pt-BR","@id":"https:\/\/renatodias.online\/movimento\/wp-content\/uploads\/2023\/03\/cropped-cropped-cropped-logofinal.jpeg","url":"https:\/\/renatodias.online\/movimento\/wp-content\/uploads\/2023\/03\/cropped-cropped-cropped-logofinal.jpeg","contentUrl":"https:\/\/renatodias.online\/movimento\/wp-content\/uploads\/2023\/03\/cropped-cropped-cropped-logofinal.jpeg","width":1280,"height":219,"caption":"Renato Dias"},"logo":{"@id":"https:\/\/renatodias.online\/movimento\/wp-content\/uploads\/2023\/03\/cropped-cropped-cropped-logofinal.jpeg"},"description":"Renato Dias, 58 anos, \u00e9 graduado em Jornalismo, formado em Ci\u00eancias Sociais, com p\u00f3s-gradua\u00e7\u00e3o em Pol\u00edticas P\u00fablicas, mestre em Direito e Rela\u00e7\u00f5es Internacionais, ex-aluno extraordin\u00e1rio do Doutorado em Psicologia Social, ex-estudante do Curso de Psican\u00e1lise do Centro de Estudos Psicanal\u00edticos do Estado de Goi\u00e1s, ministrado pelo m\u00e9dico psiquiatra e psicanalista Daniel Em\u00eddio de Souza. \u00c9 autor de 30 livros-reportagem, oito document\u00e1rios, ganhou 30 pr\u00eamios e \u00e9 torcedor apaixonado do maior do Centro-Oeste, o Vila Nova Futebol Clube. Casado com Meirilane Dias, \u00e9 pai de Juliana Dias, jornalista; Daniel Dias, economista; e Maria Rosa Dias, estudante antifascista, socialista e trotskista.\u00a0Com tr\u00eas pets: Porquinho [Bull Dog Franc\u00eas], Dalila [Basset Hound] e Geleia [Basset Hound]. Al\u00e9m do eterno gato Tutuquinho, que virou estrela.","sameAs":["https:\/\/www.facebook.com\/renato.dias.37","#breve","https:\/\/renatodias.tumblr.com\/"],"url":"https:\/\/renatodias.online\/movimento\/author\/renatodias\/"}]}},"_links":{"self":[{"href":"https:\/\/renatodias.online\/movimento\/wp-json\/wp\/v2\/posts\/4730","targetHints":{"allow":["GET"]}}],"collection":[{"href":"https:\/\/renatodias.online\/movimento\/wp-json\/wp\/v2\/posts"}],"about":[{"href":"https:\/\/renatodias.online\/movimento\/wp-json\/wp\/v2\/types\/post"}],"author":[{"embeddable":true,"href":"https:\/\/renatodias.online\/movimento\/wp-json\/wp\/v2\/users\/2"}],"replies":[{"embeddable":true,"href":"https:\/\/renatodias.online\/movimento\/wp-json\/wp\/v2\/comments?post=4730"}],"version-history":[{"count":5,"href":"https:\/\/renatodias.online\/movimento\/wp-json\/wp\/v2\/posts\/4730\/revisions"}],"predecessor-version":[{"id":4741,"href":"https:\/\/renatodias.online\/movimento\/wp-json\/wp\/v2\/posts\/4730\/revisions\/4741"}],"wp:featuredmedia":[{"embeddable":true,"href":"https:\/\/renatodias.online\/movimento\/wp-json\/wp\/v2\/media\/4734"}],"wp:attachment":[{"href":"https:\/\/renatodias.online\/movimento\/wp-json\/wp\/v2\/media?parent=4730"}],"wp:term":[{"taxonomy":"category","embeddable":true,"href":"https:\/\/renatodias.online\/movimento\/wp-json\/wp\/v2\/categories?post=4730"},{"taxonomy":"post_tag","embeddable":true,"href":"https:\/\/renatodias.online\/movimento\/wp-json\/wp\/v2\/tags?post=4730"}],"curies":[{"name":"wp","href":"https:\/\/api.w.org\/{rel}","templated":true}]}}