{"id":4692,"date":"2020-09-25T19:25:38","date_gmt":"2020-09-25T22:25:38","guid":{"rendered":"https:\/\/renatodias.online\/movimento\/?p=4692"},"modified":"2020-09-25T19:43:35","modified_gmt":"2020-09-25T22:43:35","slug":"xexeu-na-varanda-especial","status":"publish","type":"post","link":"https:\/\/renatodias.online\/movimento\/2020\/09\/25\/xexeu-na-varanda-especial\/","title":{"rendered":"Xex\u00e9u na Varanda, especial"},"content":{"rendered":"<p><span style=\"color: #ff0000;\"><strong>Live, hoje, 20h30,\u00a0 Instagram<\/strong><\/span><\/p>\n<h1><strong>Xex\u00e9u na Varanda, especial<\/strong><\/h1>\n<p><strong>Endere\u00e7o eletr\u00f4nico, na rede mundial de computadores, internet:\u00a0 Instagram _ xexeumusico<\/strong><\/p>\n<p><iframe loading=\"lazy\" title=\"Disritimia (Martinho da Vila) com Xex\u00e9u no Canto de Ouro 2017\" width=\"960\" height=\"540\" src=\"https:\/\/www.youtube.com\/embed\/VaCQqOdSva8?feature=oembed\" frameborder=\"0\" allow=\"accelerometer; autoplay; clipboard-write; encrypted-media; gyroscope; picture-in-picture; web-share\" referrerpolicy=\"strict-origin-when-cross-origin\" allowfullscreen><\/iframe><\/p>\n<p><strong>Renato Dias<\/strong><\/p>\n<p>Fundador do N\u00f3ys \u00e9 N\u00f3ys, Roberto C\u00e9lio, de nome art\u00edstico <strong>Xex\u00e9u<\/strong>, o cantor e compositor celebrado no mercado faz um espet\u00e1culo especial, hoje, nesta sexta-feira, 25 de setembro do ano de 2020, \u00e0s 20h30. \u00c9 a live \u2018Xex\u00e9u na Varanda\u2019. O endere\u00e7o eletr\u00f4nico, na rede mundial de computadores, a internet, \u00e9 no <strong>Instagram _ xexeumusico<\/strong>. N\u00e3o custa lembrar: sob Tempos Sombrios. Da Pandemia do Coronav\u00edrus Covid 19. Com uma estat\u00edstica de 139 mil mortos no Brasil. Assim como da escalada fascista, autorit\u00e1ria, conservadora no Brasil, Estados Unidos, Pol\u00f4nia, Turquia, Hungria, Bol\u00edvia,\u00a0 at\u00e9 na Fran\u00e7a e mesmo no Reino Unido, no \u2018Velho Mundo\u2019. Xex\u00e9u \u00e9 torcedor da maior paix\u00e3o do Centro-Oeste do Brasil<strong>_ Vila Nova Futebol Clube: Tigr\u00e3o<\/strong><\/p>\n<figure id=\"attachment_4695\" aria-describedby=\"caption-attachment-4695\" style=\"width: 782px\" class=\"wp-caption aligncenter\"><img loading=\"lazy\" decoding=\"async\" class=\" wp-image-4695\" src=\"https:\/\/renatodias.online\/movimento\/wp-content\/uploads\/2020\/09\/Xex\u00e9u-na-Varanda-2-1024x1024.jpg\" alt=\"Xex\u00e9u na Varanda\" width=\"782\" height=\"782\" srcset=\"https:\/\/renatodias.online\/movimento\/wp-content\/uploads\/2020\/09\/Xex\u00e9u-na-Varanda-2-1024x1024.jpg 1024w, https:\/\/renatodias.online\/movimento\/wp-content\/uploads\/2020\/09\/Xex\u00e9u-na-Varanda-2-300x300.jpg 300w, https:\/\/renatodias.online\/movimento\/wp-content\/uploads\/2020\/09\/Xex\u00e9u-na-Varanda-2-150x150.jpg 150w, https:\/\/renatodias.online\/movimento\/wp-content\/uploads\/2020\/09\/Xex\u00e9u-na-Varanda-2-768x768.jpg 768w, https:\/\/renatodias.online\/movimento\/wp-content\/uploads\/2020\/09\/Xex\u00e9u-na-Varanda-2-750x750.jpg 750w, https:\/\/renatodias.online\/movimento\/wp-content\/uploads\/2020\/09\/Xex\u00e9u-na-Varanda-2-50x50.jpg 50w, https:\/\/renatodias.online\/movimento\/wp-content\/uploads\/2020\/09\/Xex\u00e9u-na-Varanda-2-125x125.jpg 125w, https:\/\/renatodias.online\/movimento\/wp-content\/uploads\/2020\/09\/Xex\u00e9u-na-Varanda-2-100x100.jpg 100w, https:\/\/renatodias.online\/movimento\/wp-content\/uploads\/2020\/09\/Xex\u00e9u-na-Varanda-2-250x250.jpg 250w, https:\/\/renatodias.online\/movimento\/wp-content\/uploads\/2020\/09\/Xex\u00e9u-na-Varanda-2.jpg 1280w\" sizes=\"auto, (max-width: 782px) 100vw, 782px\" \/><figcaption id=\"caption-attachment-4695\" class=\"wp-caption-text\">Xex\u00e9u na Varanda<\/figcaption><\/figure>\n<p>&nbsp;<\/p>\n<figure id=\"attachment_4696\" aria-describedby=\"caption-attachment-4696\" style=\"width: 680px\" class=\"wp-caption aligncenter\"><img loading=\"lazy\" decoding=\"async\" class=\"size-full wp-image-4696\" src=\"https:\/\/renatodias.online\/movimento\/wp-content\/uploads\/2020\/09\/Vila-Nova-Futebol-Clube-3.jpg\" alt=\"Vila Nova Futebol Clube\" width=\"680\" height=\"810\" srcset=\"https:\/\/renatodias.online\/movimento\/wp-content\/uploads\/2020\/09\/Vila-Nova-Futebol-Clube-3.jpg 680w, https:\/\/renatodias.online\/movimento\/wp-content\/uploads\/2020\/09\/Vila-Nova-Futebol-Clube-3-252x300.jpg 252w\" sizes=\"auto, (max-width: 680px) 100vw, 680px\" \/><figcaption id=\"caption-attachment-4696\" class=\"wp-caption-text\">Vila Nova Futebol Clube<\/figcaption><\/figure>\n","protected":false},"excerpt":{"rendered":"<p>Live, hoje, 20h30,\u00a0 Instagram Xex\u00e9u na Varanda, especial Endere\u00e7o eletr\u00f4nico, na rede mundial de computadores, internet:\u00a0 Instagram _ xexeumusico Renato Dias Fundador do N\u00f3ys \u00e9 N\u00f3ys, Roberto C\u00e9lio, de nome art\u00edstico Xex\u00e9u, o cantor e compositor celebrado no mercado faz um espet\u00e1culo especial, hoje, nesta sexta-feira, 25 de setembro do ano de 2020, \u00e0s 20h30.<\/p>\n","protected":false},"author":2,"featured_media":4694,"comment_status":"open","ping_status":"open","sticky":false,"template":"","format":"standard","meta":{"_acf_changed":false,"_monsterinsights_skip_tracking":false,"_monsterinsights_sitenote_active":false,"_monsterinsights_sitenote_note":"","_monsterinsights_sitenote_category":0,"footnotes":""},"categories":[25,2],"tags":[],"class_list":["post-4692","post","type-post","status-publish","format-standard","has-post-thumbnail","hentry","category-agenda","category-arte"],"acf":[],"yoast_head":"<!-- This site is optimized with the Yoast SEO plugin v27.4 - https:\/\/yoast.com\/product\/yoast-seo-wordpress\/ -->\n<title>Xex\u00e9u na Varanda, especial -<\/title>\n<meta name=\"robots\" content=\"index, follow, max-snippet:-1, max-image-preview:large, max-video-preview:-1\" \/>\n<link rel=\"canonical\" href=\"https:\/\/renatodias.online\/movimento\/2020\/09\/25\/xexeu-na-varanda-especial\/\" \/>\n<meta property=\"og:locale\" content=\"pt_BR\" \/>\n<meta property=\"og:type\" content=\"article\" \/>\n<meta property=\"og:title\" content=\"Xex\u00e9u na Varanda, especial -\" \/>\n<meta property=\"og:description\" content=\"Live, hoje, 20h30,\u00a0 Instagram Xex\u00e9u na Varanda, especial Endere\u00e7o eletr\u00f4nico, na rede mundial de computadores, internet:\u00a0 Instagram _ xexeumusico Renato Dias Fundador do N\u00f3ys \u00e9 N\u00f3ys, Roberto C\u00e9lio, de nome art\u00edstico Xex\u00e9u, o cantor e compositor celebrado no mercado faz um espet\u00e1culo especial, hoje, nesta sexta-feira, 25 de setembro do ano de 2020, \u00e0s 20h30.\" \/>\n<meta property=\"og:url\" content=\"https:\/\/renatodias.online\/movimento\/2020\/09\/25\/xexeu-na-varanda-especial\/\" \/>\n<meta property=\"article:publisher\" content=\"https:\/\/www.facebook.com\/renato.dias.37\" \/>\n<meta property=\"article:author\" content=\"https:\/\/www.facebook.com\/renato.dias.37\" \/>\n<meta property=\"article:published_time\" content=\"2020-09-25T22:25:38+00:00\" \/>\n<meta property=\"article:modified_time\" content=\"2020-09-25T22:43:35+00:00\" \/>\n<meta property=\"og:image\" content=\"https:\/\/renatodias.online\/movimento\/wp-content\/uploads\/2020\/09\/xexxeu3.jpg\" \/>\n\t<meta property=\"og:image:width\" content=\"770\" \/>\n\t<meta property=\"og:image:height\" content=\"508\" \/>\n\t<meta property=\"og:image:type\" content=\"image\/jpeg\" \/>\n<meta name=\"author\" content=\"Renato Dias\" \/>\n<meta name=\"twitter:card\" content=\"summary_large_image\" \/>\n<meta name=\"twitter:creator\" content=\"@RenatoDiasBat\" \/>\n<meta name=\"twitter:site\" content=\"@RenatoDiasBat\" \/>\n<meta name=\"twitter:label1\" content=\"Escrito por\" \/>\n\t<meta name=\"twitter:data1\" content=\"Renato Dias\" \/>\n\t<meta name=\"twitter:label2\" content=\"Est. tempo de leitura\" \/>\n\t<meta name=\"twitter:data2\" content=\"1 minuto\" \/>\n<script type=\"application\/ld+json\" class=\"yoast-schema-graph\">{\"@context\":\"https:\\\/\\\/schema.org\",\"@graph\":[{\"@type\":\"Article\",\"@id\":\"https:\\\/\\\/renatodias.online\\\/movimento\\\/2020\\\/09\\\/25\\\/xexeu-na-varanda-especial\\\/#article\",\"isPartOf\":{\"@id\":\"https:\\\/\\\/renatodias.online\\\/movimento\\\/2020\\\/09\\\/25\\\/xexeu-na-varanda-especial\\\/\"},\"author\":{\"name\":\"Renato Dias\",\"@id\":\"https:\\\/\\\/renatodias.online\\\/movimento\\\/#\\\/schema\\\/person\\\/bbab28833b1725a20f4083f49f1fb2a9\"},\"headline\":\"Xex\u00e9u na Varanda, especial\",\"datePublished\":\"2020-09-25T22:25:38+00:00\",\"dateModified\":\"2020-09-25T22:43:35+00:00\",\"mainEntityOfPage\":{\"@id\":\"https:\\\/\\\/renatodias.online\\\/movimento\\\/2020\\\/09\\\/25\\\/xexeu-na-varanda-especial\\\/\"},\"wordCount\":185,\"commentCount\":0,\"publisher\":{\"@id\":\"https:\\\/\\\/renatodias.online\\\/movimento\\\/#\\\/schema\\\/person\\\/bbab28833b1725a20f4083f49f1fb2a9\"},\"image\":{\"@id\":\"https:\\\/\\\/renatodias.online\\\/movimento\\\/2020\\\/09\\\/25\\\/xexeu-na-varanda-especial\\\/#primaryimage\"},\"thumbnailUrl\":\"https:\\\/\\\/renatodias.online\\\/movimento\\\/wp-content\\\/uploads\\\/2020\\\/09\\\/xexxeu3.jpg\",\"articleSection\":[\"Agenda\",\"Arte\"],\"inLanguage\":\"pt-BR\",\"potentialAction\":[{\"@type\":\"CommentAction\",\"name\":\"Comment\",\"target\":[\"https:\\\/\\\/renatodias.online\\\/movimento\\\/2020\\\/09\\\/25\\\/xexeu-na-varanda-especial\\\/#respond\"]}]},{\"@type\":\"WebPage\",\"@id\":\"https:\\\/\\\/renatodias.online\\\/movimento\\\/2020\\\/09\\\/25\\\/xexeu-na-varanda-especial\\\/\",\"url\":\"https:\\\/\\\/renatodias.online\\\/movimento\\\/2020\\\/09\\\/25\\\/xexeu-na-varanda-especial\\\/\",\"name\":\"Xex\u00e9u na Varanda, especial -\",\"isPartOf\":{\"@id\":\"https:\\\/\\\/renatodias.online\\\/movimento\\\/#website\"},\"primaryImageOfPage\":{\"@id\":\"https:\\\/\\\/renatodias.online\\\/movimento\\\/2020\\\/09\\\/25\\\/xexeu-na-varanda-especial\\\/#primaryimage\"},\"image\":{\"@id\":\"https:\\\/\\\/renatodias.online\\\/movimento\\\/2020\\\/09\\\/25\\\/xexeu-na-varanda-especial\\\/#primaryimage\"},\"thumbnailUrl\":\"https:\\\/\\\/renatodias.online\\\/movimento\\\/wp-content\\\/uploads\\\/2020\\\/09\\\/xexxeu3.jpg\",\"datePublished\":\"2020-09-25T22:25:38+00:00\",\"dateModified\":\"2020-09-25T22:43:35+00:00\",\"breadcrumb\":{\"@id\":\"https:\\\/\\\/renatodias.online\\\/movimento\\\/2020\\\/09\\\/25\\\/xexeu-na-varanda-especial\\\/#breadcrumb\"},\"inLanguage\":\"pt-BR\",\"potentialAction\":[{\"@type\":\"ReadAction\",\"target\":[\"https:\\\/\\\/renatodias.online\\\/movimento\\\/2020\\\/09\\\/25\\\/xexeu-na-varanda-especial\\\/\"]}]},{\"@type\":\"ImageObject\",\"inLanguage\":\"pt-BR\",\"@id\":\"https:\\\/\\\/renatodias.online\\\/movimento\\\/2020\\\/09\\\/25\\\/xexeu-na-varanda-especial\\\/#primaryimage\",\"url\":\"https:\\\/\\\/renatodias.online\\\/movimento\\\/wp-content\\\/uploads\\\/2020\\\/09\\\/xexxeu3.jpg\",\"contentUrl\":\"https:\\\/\\\/renatodias.online\\\/movimento\\\/wp-content\\\/uploads\\\/2020\\\/09\\\/xexxeu3.jpg\",\"width\":770,\"height\":508,\"caption\":\"Xex\u00e9u-\"},{\"@type\":\"BreadcrumbList\",\"@id\":\"https:\\\/\\\/renatodias.online\\\/movimento\\\/2020\\\/09\\\/25\\\/xexeu-na-varanda-especial\\\/#breadcrumb\",\"itemListElement\":[{\"@type\":\"ListItem\",\"position\":1,\"name\":\"In\u00edcio\",\"item\":\"https:\\\/\\\/renatodias.online\\\/movimento\\\/\"},{\"@type\":\"ListItem\",\"position\":2,\"name\":\"Xex\u00e9u na Varanda, especial\"}]},{\"@type\":\"WebSite\",\"@id\":\"https:\\\/\\\/renatodias.online\\\/movimento\\\/#website\",\"url\":\"https:\\\/\\\/renatodias.online\\\/movimento\\\/\",\"name\":\"\",\"description\":\"\",\"publisher\":{\"@id\":\"https:\\\/\\\/renatodias.online\\\/movimento\\\/#\\\/schema\\\/person\\\/bbab28833b1725a20f4083f49f1fb2a9\"},\"potentialAction\":[{\"@type\":\"SearchAction\",\"target\":{\"@type\":\"EntryPoint\",\"urlTemplate\":\"https:\\\/\\\/renatodias.online\\\/movimento\\\/?s={search_term_string}\"},\"query-input\":{\"@type\":\"PropertyValueSpecification\",\"valueRequired\":true,\"valueName\":\"search_term_string\"}}],\"inLanguage\":\"pt-BR\"},{\"@type\":[\"Person\",\"Organization\"],\"@id\":\"https:\\\/\\\/renatodias.online\\\/movimento\\\/#\\\/schema\\\/person\\\/bbab28833b1725a20f4083f49f1fb2a9\",\"name\":\"Renato Dias\",\"image\":{\"@type\":\"ImageObject\",\"inLanguage\":\"pt-BR\",\"@id\":\"https:\\\/\\\/renatodias.online\\\/movimento\\\/wp-content\\\/uploads\\\/2023\\\/03\\\/cropped-cropped-cropped-logofinal.jpeg\",\"url\":\"https:\\\/\\\/renatodias.online\\\/movimento\\\/wp-content\\\/uploads\\\/2023\\\/03\\\/cropped-cropped-cropped-logofinal.jpeg\",\"contentUrl\":\"https:\\\/\\\/renatodias.online\\\/movimento\\\/wp-content\\\/uploads\\\/2023\\\/03\\\/cropped-cropped-cropped-logofinal.jpeg\",\"width\":1280,\"height\":219,\"caption\":\"Renato Dias\"},\"logo\":{\"@id\":\"https:\\\/\\\/renatodias.online\\\/movimento\\\/wp-content\\\/uploads\\\/2023\\\/03\\\/cropped-cropped-cropped-logofinal.jpeg\"},\"description\":\"Renato Dias, 58 anos, \u00e9 graduado em Jornalismo, formado em Ci\u00eancias Sociais, com p\u00f3s-gradua\u00e7\u00e3o em Pol\u00edticas P\u00fablicas, mestre em Direito e Rela\u00e7\u00f5es Internacionais, ex-aluno extraordin\u00e1rio do Doutorado em Psicologia Social, ex-estudante do Curso de Psican\u00e1lise do Centro de Estudos Psicanal\u00edticos do Estado de Goi\u00e1s, ministrado pelo m\u00e9dico psiquiatra e psicanalista Daniel Em\u00eddio de Souza. \u00c9 autor de 30 livros-reportagem, oito document\u00e1rios, ganhou 30 pr\u00eamios e \u00e9 torcedor apaixonado do maior do Centro-Oeste, o Vila Nova Futebol Clube. Casado com Meirilane Dias, \u00e9 pai de Juliana Dias, jornalista; Daniel Dias, economista; e Maria Rosa Dias, estudante antifascista, socialista e trotskista.\u00a0Com tr\u00eas pets: Porquinho [Bull Dog Franc\u00eas], Dalila [Basset Hound] e Geleia [Basset Hound]. Al\u00e9m do eterno gato Tutuquinho, que virou estrela.\",\"sameAs\":[\"https:\\\/\\\/www.facebook.com\\\/renato.dias.37\",\"#breve\",\"https:\\\/\\\/renatodias.tumblr.com\\\/\"],\"url\":\"https:\\\/\\\/renatodias.online\\\/movimento\\\/author\\\/renatodias\\\/\"}]}<\/script>\n<!-- \/ Yoast SEO plugin. -->","yoast_head_json":{"title":"Xex\u00e9u na Varanda, especial -","robots":{"index":"index","follow":"follow","max-snippet":"max-snippet:-1","max-image-preview":"max-image-preview:large","max-video-preview":"max-video-preview:-1"},"canonical":"https:\/\/renatodias.online\/movimento\/2020\/09\/25\/xexeu-na-varanda-especial\/","og_locale":"pt_BR","og_type":"article","og_title":"Xex\u00e9u na Varanda, especial -","og_description":"Live, hoje, 20h30,\u00a0 Instagram Xex\u00e9u na Varanda, especial Endere\u00e7o eletr\u00f4nico, na rede mundial de computadores, internet:\u00a0 Instagram _ xexeumusico Renato Dias Fundador do N\u00f3ys \u00e9 N\u00f3ys, Roberto C\u00e9lio, de nome art\u00edstico Xex\u00e9u, o cantor e compositor celebrado no mercado faz um espet\u00e1culo especial, hoje, nesta sexta-feira, 25 de setembro do ano de 2020, \u00e0s 20h30.","og_url":"https:\/\/renatodias.online\/movimento\/2020\/09\/25\/xexeu-na-varanda-especial\/","article_publisher":"https:\/\/www.facebook.com\/renato.dias.37","article_author":"https:\/\/www.facebook.com\/renato.dias.37","article_published_time":"2020-09-25T22:25:38+00:00","article_modified_time":"2020-09-25T22:43:35+00:00","og_image":[{"width":770,"height":508,"url":"https:\/\/renatodias.online\/movimento\/wp-content\/uploads\/2020\/09\/xexxeu3.jpg","type":"image\/jpeg"}],"author":"Renato Dias","twitter_card":"summary_large_image","twitter_creator":"@RenatoDiasBat","twitter_site":"@RenatoDiasBat","twitter_misc":{"Escrito por":"Renato Dias","Est. tempo de leitura":"1 minuto"},"schema":{"@context":"https:\/\/schema.org","@graph":[{"@type":"Article","@id":"https:\/\/renatodias.online\/movimento\/2020\/09\/25\/xexeu-na-varanda-especial\/#article","isPartOf":{"@id":"https:\/\/renatodias.online\/movimento\/2020\/09\/25\/xexeu-na-varanda-especial\/"},"author":{"name":"Renato Dias","@id":"https:\/\/renatodias.online\/movimento\/#\/schema\/person\/bbab28833b1725a20f4083f49f1fb2a9"},"headline":"Xex\u00e9u na Varanda, especial","datePublished":"2020-09-25T22:25:38+00:00","dateModified":"2020-09-25T22:43:35+00:00","mainEntityOfPage":{"@id":"https:\/\/renatodias.online\/movimento\/2020\/09\/25\/xexeu-na-varanda-especial\/"},"wordCount":185,"commentCount":0,"publisher":{"@id":"https:\/\/renatodias.online\/movimento\/#\/schema\/person\/bbab28833b1725a20f4083f49f1fb2a9"},"image":{"@id":"https:\/\/renatodias.online\/movimento\/2020\/09\/25\/xexeu-na-varanda-especial\/#primaryimage"},"thumbnailUrl":"https:\/\/renatodias.online\/movimento\/wp-content\/uploads\/2020\/09\/xexxeu3.jpg","articleSection":["Agenda","Arte"],"inLanguage":"pt-BR","potentialAction":[{"@type":"CommentAction","name":"Comment","target":["https:\/\/renatodias.online\/movimento\/2020\/09\/25\/xexeu-na-varanda-especial\/#respond"]}]},{"@type":"WebPage","@id":"https:\/\/renatodias.online\/movimento\/2020\/09\/25\/xexeu-na-varanda-especial\/","url":"https:\/\/renatodias.online\/movimento\/2020\/09\/25\/xexeu-na-varanda-especial\/","name":"Xex\u00e9u na Varanda, especial -","isPartOf":{"@id":"https:\/\/renatodias.online\/movimento\/#website"},"primaryImageOfPage":{"@id":"https:\/\/renatodias.online\/movimento\/2020\/09\/25\/xexeu-na-varanda-especial\/#primaryimage"},"image":{"@id":"https:\/\/renatodias.online\/movimento\/2020\/09\/25\/xexeu-na-varanda-especial\/#primaryimage"},"thumbnailUrl":"https:\/\/renatodias.online\/movimento\/wp-content\/uploads\/2020\/09\/xexxeu3.jpg","datePublished":"2020-09-25T22:25:38+00:00","dateModified":"2020-09-25T22:43:35+00:00","breadcrumb":{"@id":"https:\/\/renatodias.online\/movimento\/2020\/09\/25\/xexeu-na-varanda-especial\/#breadcrumb"},"inLanguage":"pt-BR","potentialAction":[{"@type":"ReadAction","target":["https:\/\/renatodias.online\/movimento\/2020\/09\/25\/xexeu-na-varanda-especial\/"]}]},{"@type":"ImageObject","inLanguage":"pt-BR","@id":"https:\/\/renatodias.online\/movimento\/2020\/09\/25\/xexeu-na-varanda-especial\/#primaryimage","url":"https:\/\/renatodias.online\/movimento\/wp-content\/uploads\/2020\/09\/xexxeu3.jpg","contentUrl":"https:\/\/renatodias.online\/movimento\/wp-content\/uploads\/2020\/09\/xexxeu3.jpg","width":770,"height":508,"caption":"Xex\u00e9u-"},{"@type":"BreadcrumbList","@id":"https:\/\/renatodias.online\/movimento\/2020\/09\/25\/xexeu-na-varanda-especial\/#breadcrumb","itemListElement":[{"@type":"ListItem","position":1,"name":"In\u00edcio","item":"https:\/\/renatodias.online\/movimento\/"},{"@type":"ListItem","position":2,"name":"Xex\u00e9u na Varanda, especial"}]},{"@type":"WebSite","@id":"https:\/\/renatodias.online\/movimento\/#website","url":"https:\/\/renatodias.online\/movimento\/","name":"","description":"","publisher":{"@id":"https:\/\/renatodias.online\/movimento\/#\/schema\/person\/bbab28833b1725a20f4083f49f1fb2a9"},"potentialAction":[{"@type":"SearchAction","target":{"@type":"EntryPoint","urlTemplate":"https:\/\/renatodias.online\/movimento\/?s={search_term_string}"},"query-input":{"@type":"PropertyValueSpecification","valueRequired":true,"valueName":"search_term_string"}}],"inLanguage":"pt-BR"},{"@type":["Person","Organization"],"@id":"https:\/\/renatodias.online\/movimento\/#\/schema\/person\/bbab28833b1725a20f4083f49f1fb2a9","name":"Renato Dias","image":{"@type":"ImageObject","inLanguage":"pt-BR","@id":"https:\/\/renatodias.online\/movimento\/wp-content\/uploads\/2023\/03\/cropped-cropped-cropped-logofinal.jpeg","url":"https:\/\/renatodias.online\/movimento\/wp-content\/uploads\/2023\/03\/cropped-cropped-cropped-logofinal.jpeg","contentUrl":"https:\/\/renatodias.online\/movimento\/wp-content\/uploads\/2023\/03\/cropped-cropped-cropped-logofinal.jpeg","width":1280,"height":219,"caption":"Renato Dias"},"logo":{"@id":"https:\/\/renatodias.online\/movimento\/wp-content\/uploads\/2023\/03\/cropped-cropped-cropped-logofinal.jpeg"},"description":"Renato Dias, 58 anos, \u00e9 graduado em Jornalismo, formado em Ci\u00eancias Sociais, com p\u00f3s-gradua\u00e7\u00e3o em Pol\u00edticas P\u00fablicas, mestre em Direito e Rela\u00e7\u00f5es Internacionais, ex-aluno extraordin\u00e1rio do Doutorado em Psicologia Social, ex-estudante do Curso de Psican\u00e1lise do Centro de Estudos Psicanal\u00edticos do Estado de Goi\u00e1s, ministrado pelo m\u00e9dico psiquiatra e psicanalista Daniel Em\u00eddio de Souza. \u00c9 autor de 30 livros-reportagem, oito document\u00e1rios, ganhou 30 pr\u00eamios e \u00e9 torcedor apaixonado do maior do Centro-Oeste, o Vila Nova Futebol Clube. Casado com Meirilane Dias, \u00e9 pai de Juliana Dias, jornalista; Daniel Dias, economista; e Maria Rosa Dias, estudante antifascista, socialista e trotskista.\u00a0Com tr\u00eas pets: Porquinho [Bull Dog Franc\u00eas], Dalila [Basset Hound] e Geleia [Basset Hound]. Al\u00e9m do eterno gato Tutuquinho, que virou estrela.","sameAs":["https:\/\/www.facebook.com\/renato.dias.37","#breve","https:\/\/renatodias.tumblr.com\/"],"url":"https:\/\/renatodias.online\/movimento\/author\/renatodias\/"}]}},"_links":{"self":[{"href":"https:\/\/renatodias.online\/movimento\/wp-json\/wp\/v2\/posts\/4692","targetHints":{"allow":["GET"]}}],"collection":[{"href":"https:\/\/renatodias.online\/movimento\/wp-json\/wp\/v2\/posts"}],"about":[{"href":"https:\/\/renatodias.online\/movimento\/wp-json\/wp\/v2\/types\/post"}],"author":[{"embeddable":true,"href":"https:\/\/renatodias.online\/movimento\/wp-json\/wp\/v2\/users\/2"}],"replies":[{"embeddable":true,"href":"https:\/\/renatodias.online\/movimento\/wp-json\/wp\/v2\/comments?post=4692"}],"version-history":[{"count":2,"href":"https:\/\/renatodias.online\/movimento\/wp-json\/wp\/v2\/posts\/4692\/revisions"}],"predecessor-version":[{"id":4703,"href":"https:\/\/renatodias.online\/movimento\/wp-json\/wp\/v2\/posts\/4692\/revisions\/4703"}],"wp:featuredmedia":[{"embeddable":true,"href":"https:\/\/renatodias.online\/movimento\/wp-json\/wp\/v2\/media\/4694"}],"wp:attachment":[{"href":"https:\/\/renatodias.online\/movimento\/wp-json\/wp\/v2\/media?parent=4692"}],"wp:term":[{"taxonomy":"category","embeddable":true,"href":"https:\/\/renatodias.online\/movimento\/wp-json\/wp\/v2\/categories?post=4692"},{"taxonomy":"post_tag","embeddable":true,"href":"https:\/\/renatodias.online\/movimento\/wp-json\/wp\/v2\/tags?post=4692"}],"curies":[{"name":"wp","href":"https:\/\/api.w.org\/{rel}","templated":true}]}}