{"id":4606,"date":"2020-09-16T16:25:44","date_gmt":"2020-09-16T19:25:44","guid":{"rendered":"https:\/\/renatodias.online\/movimento\/?p=4606"},"modified":"2020-09-16T16:29:57","modified_gmt":"2020-09-16T19:29:57","slug":"conselho-estadual-faz-ato-virtual","status":"publish","type":"post","link":"https:\/\/renatodias.online\/movimento\/2020\/09\/16\/conselho-estadual-faz-ato-virtual\/","title":{"rendered":"Conselho Estadual faz ato virtual"},"content":{"rendered":"<p><img loading=\"lazy\" decoding=\"async\" class=\"alignnone size-medium wp-image-4537 aligncenter\" src=\"https:\/\/renatodias.online\/movimento\/wp-content\/uploads\/2020\/09\/1599875669684_Alto-da-p\u00e1gina-Banner-Exclusivo-300x91.png\" alt=\"\" width=\"300\" height=\"91\" srcset=\"https:\/\/renatodias.online\/movimento\/wp-content\/uploads\/2020\/09\/1599875669684_Alto-da-p\u00e1gina-Banner-Exclusivo-300x91.png 300w, https:\/\/renatodias.online\/movimento\/wp-content\/uploads\/2020\/09\/1599875669684_Alto-da-p\u00e1gina-Banner-Exclusivo-1024x311.png 1024w, https:\/\/renatodias.online\/movimento\/wp-content\/uploads\/2020\/09\/1599875669684_Alto-da-p\u00e1gina-Banner-Exclusivo-768x233.png 768w, https:\/\/renatodias.online\/movimento\/wp-content\/uploads\/2020\/09\/1599875669684_Alto-da-p\u00e1gina-Banner-Exclusivo-750x228.png 750w, https:\/\/renatodias.online\/movimento\/wp-content\/uploads\/2020\/09\/1599875669684_Alto-da-p\u00e1gina-Banner-Exclusivo.png 1224w\" sizes=\"auto, (max-width: 300px) 100vw, 300px\" \/><\/p>\n<p><span style=\"color: #ff0000;\"><strong>Mulheres em movimento<\/strong><\/span><\/p>\n<h1><strong>Conselho Estadual faz ato virtual<\/strong><\/h1>\n<p><strong>Ana Rita Marcelo de Castro quer ampliar participa\u00e7\u00e3o feminina e obter direitos iguais<\/strong><\/p>\n<p>&nbsp;<\/p>\n<p><strong>Renato Dias<\/strong><\/p>\n<p>A presidente do Conselho Estadual da Mulher [Conem], <strong>Ana Rita Marcelo de Castro<\/strong>, lan\u00e7a, nesta quinta-feira, um pacote com Propostas de Pol\u00edticas P\u00fablicas. Motivo: para ampliar a participa\u00e7\u00e3o das mulheres na vida pol\u00edtica no Brasil, em Goi\u00e1s e Goi\u00e2nia. A Capital do Estado.<\/p>\n<p>&nbsp;<\/p>\n<p>Virtual, o ato pol\u00edtico ocorrer\u00e1 neste dia 17 de setembro, \u00e0s 15h. A plataforma midi\u00e1tica \u00e9 o <strong>Facebook<\/strong>. Endere\u00e7o eletr\u00f4nico:\u00a0 conem goias e Secretaria de Desenvolvimento Social. \u00c9 a campanha <strong>Mais Mulheres na Pol\u00edtica<\/strong>. Com agenda para as elei\u00e7\u00f5es de 15 de novembro.<\/p>\n<p>&nbsp;<\/p>\n<p>Propostas de Pol\u00edticas P\u00fablicas para as Mulheres a serem executadas nos munic\u00edpios de Goi\u00e1s.<\/p>\n<p>Para a defesa e prote\u00e7\u00e3o dos direitos das mulheres. Com subs\u00eddios \u00e0s candidaturas femininas, apoiar e estimular a amplia\u00e7\u00e3o em 2020 no n\u00famero de prefeitas e vereadoras eleitas de 2020.<\/p>\n<p>&nbsp;<\/p>\n<p>O Conselho Estadual da Mulher [Conem] foi criado pela Lei 13.456, de 16 de abril de 1999. Regulamentado pelo Decreto n\u00ba 6725, de 07 de mar\u00e7o de 2008. A Lei n\u00ba 20.417\/2019 o integra \u00e0 Secretaria de Estado de Desenvolvimento Social \u2013 SEDS. Com jurisdi\u00e7\u00e3o no territ\u00f3rio goiano.<\/p>\n<p>&nbsp;<\/p>\n<p>Trata-se de um \u00f3rg\u00e3o colegiado de composi\u00e7\u00e3o parit\u00e1ria, de car\u00e1ter permanente, deliberativo e consultivo, correspons\u00e1vel pela elabora\u00e7\u00e3o, fiscaliza\u00e7\u00e3o e controle da gest\u00e3o das pol\u00edticas p\u00fablicas para mulheres, com foco na equidade e a igualdade de g\u00eanero, diz <strong>Ana Rita Marcelo<\/strong>.<\/p>\n<p>&nbsp;<\/p>\n<figure id=\"attachment_4609\" aria-describedby=\"caption-attachment-4609\" style=\"width: 764px\" class=\"wp-caption aligncenter\"><img loading=\"lazy\" decoding=\"async\" class=\"wp-image-4609 \" src=\"https:\/\/renatodias.online\/movimento\/wp-content\/uploads\/2020\/09\/Lan\u00e7amento-Campanha-das-mulheres-2-1024x1024.jpg\" alt=\"\" width=\"764\" height=\"764\" srcset=\"https:\/\/renatodias.online\/movimento\/wp-content\/uploads\/2020\/09\/Lan\u00e7amento-Campanha-das-mulheres-2-1024x1024.jpg 1024w, https:\/\/renatodias.online\/movimento\/wp-content\/uploads\/2020\/09\/Lan\u00e7amento-Campanha-das-mulheres-2-300x300.jpg 300w, https:\/\/renatodias.online\/movimento\/wp-content\/uploads\/2020\/09\/Lan\u00e7amento-Campanha-das-mulheres-2-150x150.jpg 150w, https:\/\/renatodias.online\/movimento\/wp-content\/uploads\/2020\/09\/Lan\u00e7amento-Campanha-das-mulheres-2-768x768.jpg 768w, https:\/\/renatodias.online\/movimento\/wp-content\/uploads\/2020\/09\/Lan\u00e7amento-Campanha-das-mulheres-2-750x750.jpg 750w, https:\/\/renatodias.online\/movimento\/wp-content\/uploads\/2020\/09\/Lan\u00e7amento-Campanha-das-mulheres-2-50x50.jpg 50w, https:\/\/renatodias.online\/movimento\/wp-content\/uploads\/2020\/09\/Lan\u00e7amento-Campanha-das-mulheres-2-125x125.jpg 125w, https:\/\/renatodias.online\/movimento\/wp-content\/uploads\/2020\/09\/Lan\u00e7amento-Campanha-das-mulheres-2-100x100.jpg 100w, https:\/\/renatodias.online\/movimento\/wp-content\/uploads\/2020\/09\/Lan\u00e7amento-Campanha-das-mulheres-2-250x250.jpg 250w, https:\/\/renatodias.online\/movimento\/wp-content\/uploads\/2020\/09\/Lan\u00e7amento-Campanha-das-mulheres-2.jpg 1080w\" sizes=\"auto, (max-width: 764px) 100vw, 764px\" \/><figcaption id=\"caption-attachment-4609\" class=\"wp-caption-text\">Cartaz da live<\/figcaption><\/figure>\n","protected":false},"excerpt":{"rendered":"<p>Mulheres em movimento Conselho Estadual faz ato virtual Ana Rita Marcelo de Castro quer ampliar participa\u00e7\u00e3o feminina e obter direitos iguais &nbsp; Renato Dias A presidente do Conselho Estadual da Mulher [Conem], Ana Rita Marcelo de Castro, lan\u00e7a, nesta quinta-feira, um pacote com Propostas de Pol\u00edticas P\u00fablicas. Motivo: para ampliar a participa\u00e7\u00e3o das mulheres na<\/p>\n","protected":false},"author":2,"featured_media":4611,"comment_status":"open","ping_status":"open","sticky":false,"template":"","format":"standard","meta":{"_acf_changed":false,"_monsterinsights_skip_tracking":false,"_monsterinsights_sitenote_active":false,"_monsterinsights_sitenote_note":"","_monsterinsights_sitenote_category":0,"footnotes":""},"categories":[25,4],"tags":[],"class_list":["post-4606","post","type-post","status-publish","format-standard","has-post-thumbnail","hentry","category-agenda","category-politica"],"acf":[],"yoast_head":"<!-- This site is optimized with the Yoast SEO plugin v27.4 - https:\/\/yoast.com\/product\/yoast-seo-wordpress\/ -->\n<title>Conselho Estadual faz ato virtual -<\/title>\n<meta name=\"robots\" content=\"index, follow, max-snippet:-1, max-image-preview:large, max-video-preview:-1\" \/>\n<link rel=\"canonical\" href=\"https:\/\/renatodias.online\/movimento\/2020\/09\/16\/conselho-estadual-faz-ato-virtual\/\" \/>\n<meta property=\"og:locale\" content=\"pt_BR\" \/>\n<meta property=\"og:type\" content=\"article\" \/>\n<meta property=\"og:title\" content=\"Conselho Estadual faz ato virtual -\" \/>\n<meta property=\"og:description\" content=\"Mulheres em movimento Conselho Estadual faz ato virtual Ana Rita Marcelo de Castro quer ampliar participa\u00e7\u00e3o feminina e obter direitos iguais &nbsp; Renato Dias A presidente do Conselho Estadual da Mulher [Conem], Ana Rita Marcelo de Castro, lan\u00e7a, nesta quinta-feira, um pacote com Propostas de Pol\u00edticas P\u00fablicas. Motivo: para ampliar a participa\u00e7\u00e3o das mulheres na\" \/>\n<meta property=\"og:url\" content=\"https:\/\/renatodias.online\/movimento\/2020\/09\/16\/conselho-estadual-faz-ato-virtual\/\" \/>\n<meta property=\"article:publisher\" content=\"https:\/\/www.facebook.com\/renato.dias.37\" \/>\n<meta property=\"article:author\" content=\"https:\/\/www.facebook.com\/renato.dias.37\" \/>\n<meta property=\"article:published_time\" content=\"2020-09-16T19:25:44+00:00\" \/>\n<meta property=\"article:modified_time\" content=\"2020-09-16T19:29:57+00:00\" \/>\n<meta property=\"og:image\" content=\"https:\/\/renatodias.online\/movimento\/wp-content\/uploads\/2020\/09\/Ana-Rita-Marcelo-de-Castro-3-e1646618883904.jpg\" \/>\n\t<meta property=\"og:image:width\" content=\"350\" \/>\n\t<meta property=\"og:image:height\" content=\"209\" \/>\n\t<meta property=\"og:image:type\" content=\"image\/jpeg\" \/>\n<meta name=\"author\" content=\"Renato Dias\" \/>\n<meta name=\"twitter:card\" content=\"summary_large_image\" \/>\n<meta name=\"twitter:creator\" content=\"@RenatoDiasBat\" \/>\n<meta name=\"twitter:site\" content=\"@RenatoDiasBat\" \/>\n<meta name=\"twitter:label1\" content=\"Escrito por\" \/>\n\t<meta name=\"twitter:data1\" content=\"Renato Dias\" \/>\n\t<meta name=\"twitter:label2\" content=\"Est. tempo de leitura\" \/>\n\t<meta name=\"twitter:data2\" content=\"1 minuto\" \/>\n<script type=\"application\/ld+json\" class=\"yoast-schema-graph\">{\"@context\":\"https:\\\/\\\/schema.org\",\"@graph\":[{\"@type\":\"Article\",\"@id\":\"https:\\\/\\\/renatodias.online\\\/movimento\\\/2020\\\/09\\\/16\\\/conselho-estadual-faz-ato-virtual\\\/#article\",\"isPartOf\":{\"@id\":\"https:\\\/\\\/renatodias.online\\\/movimento\\\/2020\\\/09\\\/16\\\/conselho-estadual-faz-ato-virtual\\\/\"},\"author\":{\"name\":\"Renato Dias\",\"@id\":\"https:\\\/\\\/renatodias.online\\\/movimento\\\/#\\\/schema\\\/person\\\/bbab28833b1725a20f4083f49f1fb2a9\"},\"headline\":\"Conselho Estadual faz ato virtual\",\"datePublished\":\"2020-09-16T19:25:44+00:00\",\"dateModified\":\"2020-09-16T19:29:57+00:00\",\"mainEntityOfPage\":{\"@id\":\"https:\\\/\\\/renatodias.online\\\/movimento\\\/2020\\\/09\\\/16\\\/conselho-estadual-faz-ato-virtual\\\/\"},\"wordCount\":283,\"commentCount\":0,\"publisher\":{\"@id\":\"https:\\\/\\\/renatodias.online\\\/movimento\\\/#\\\/schema\\\/person\\\/bbab28833b1725a20f4083f49f1fb2a9\"},\"image\":{\"@id\":\"https:\\\/\\\/renatodias.online\\\/movimento\\\/2020\\\/09\\\/16\\\/conselho-estadual-faz-ato-virtual\\\/#primaryimage\"},\"thumbnailUrl\":\"https:\\\/\\\/renatodias.online\\\/movimento\\\/wp-content\\\/uploads\\\/2020\\\/09\\\/Ana-Rita-Marcelo-de-Castro-3-e1646618883904.jpg\",\"articleSection\":[\"Agenda\",\"Pol\u00edtica\"],\"inLanguage\":\"pt-BR\",\"potentialAction\":[{\"@type\":\"CommentAction\",\"name\":\"Comment\",\"target\":[\"https:\\\/\\\/renatodias.online\\\/movimento\\\/2020\\\/09\\\/16\\\/conselho-estadual-faz-ato-virtual\\\/#respond\"]}]},{\"@type\":\"WebPage\",\"@id\":\"https:\\\/\\\/renatodias.online\\\/movimento\\\/2020\\\/09\\\/16\\\/conselho-estadual-faz-ato-virtual\\\/\",\"url\":\"https:\\\/\\\/renatodias.online\\\/movimento\\\/2020\\\/09\\\/16\\\/conselho-estadual-faz-ato-virtual\\\/\",\"name\":\"Conselho Estadual faz ato virtual -\",\"isPartOf\":{\"@id\":\"https:\\\/\\\/renatodias.online\\\/movimento\\\/#website\"},\"primaryImageOfPage\":{\"@id\":\"https:\\\/\\\/renatodias.online\\\/movimento\\\/2020\\\/09\\\/16\\\/conselho-estadual-faz-ato-virtual\\\/#primaryimage\"},\"image\":{\"@id\":\"https:\\\/\\\/renatodias.online\\\/movimento\\\/2020\\\/09\\\/16\\\/conselho-estadual-faz-ato-virtual\\\/#primaryimage\"},\"thumbnailUrl\":\"https:\\\/\\\/renatodias.online\\\/movimento\\\/wp-content\\\/uploads\\\/2020\\\/09\\\/Ana-Rita-Marcelo-de-Castro-3-e1646618883904.jpg\",\"datePublished\":\"2020-09-16T19:25:44+00:00\",\"dateModified\":\"2020-09-16T19:29:57+00:00\",\"breadcrumb\":{\"@id\":\"https:\\\/\\\/renatodias.online\\\/movimento\\\/2020\\\/09\\\/16\\\/conselho-estadual-faz-ato-virtual\\\/#breadcrumb\"},\"inLanguage\":\"pt-BR\",\"potentialAction\":[{\"@type\":\"ReadAction\",\"target\":[\"https:\\\/\\\/renatodias.online\\\/movimento\\\/2020\\\/09\\\/16\\\/conselho-estadual-faz-ato-virtual\\\/\"]}]},{\"@type\":\"ImageObject\",\"inLanguage\":\"pt-BR\",\"@id\":\"https:\\\/\\\/renatodias.online\\\/movimento\\\/2020\\\/09\\\/16\\\/conselho-estadual-faz-ato-virtual\\\/#primaryimage\",\"url\":\"https:\\\/\\\/renatodias.online\\\/movimento\\\/wp-content\\\/uploads\\\/2020\\\/09\\\/Ana-Rita-Marcelo-de-Castro-3-e1646618883904.jpg\",\"contentUrl\":\"https:\\\/\\\/renatodias.online\\\/movimento\\\/wp-content\\\/uploads\\\/2020\\\/09\\\/Ana-Rita-Marcelo-de-Castro-3-e1646618883904.jpg\",\"width\":350,\"height\":209,\"caption\":\"Ana Rita Marcelo de Castro\"},{\"@type\":\"BreadcrumbList\",\"@id\":\"https:\\\/\\\/renatodias.online\\\/movimento\\\/2020\\\/09\\\/16\\\/conselho-estadual-faz-ato-virtual\\\/#breadcrumb\",\"itemListElement\":[{\"@type\":\"ListItem\",\"position\":1,\"name\":\"In\u00edcio\",\"item\":\"https:\\\/\\\/renatodias.online\\\/movimento\\\/\"},{\"@type\":\"ListItem\",\"position\":2,\"name\":\"Conselho Estadual faz ato virtual\"}]},{\"@type\":\"WebSite\",\"@id\":\"https:\\\/\\\/renatodias.online\\\/movimento\\\/#website\",\"url\":\"https:\\\/\\\/renatodias.online\\\/movimento\\\/\",\"name\":\"\",\"description\":\"\",\"publisher\":{\"@id\":\"https:\\\/\\\/renatodias.online\\\/movimento\\\/#\\\/schema\\\/person\\\/bbab28833b1725a20f4083f49f1fb2a9\"},\"potentialAction\":[{\"@type\":\"SearchAction\",\"target\":{\"@type\":\"EntryPoint\",\"urlTemplate\":\"https:\\\/\\\/renatodias.online\\\/movimento\\\/?s={search_term_string}\"},\"query-input\":{\"@type\":\"PropertyValueSpecification\",\"valueRequired\":true,\"valueName\":\"search_term_string\"}}],\"inLanguage\":\"pt-BR\"},{\"@type\":[\"Person\",\"Organization\"],\"@id\":\"https:\\\/\\\/renatodias.online\\\/movimento\\\/#\\\/schema\\\/person\\\/bbab28833b1725a20f4083f49f1fb2a9\",\"name\":\"Renato Dias\",\"image\":{\"@type\":\"ImageObject\",\"inLanguage\":\"pt-BR\",\"@id\":\"https:\\\/\\\/renatodias.online\\\/movimento\\\/wp-content\\\/uploads\\\/2023\\\/03\\\/cropped-cropped-cropped-logofinal.jpeg\",\"url\":\"https:\\\/\\\/renatodias.online\\\/movimento\\\/wp-content\\\/uploads\\\/2023\\\/03\\\/cropped-cropped-cropped-logofinal.jpeg\",\"contentUrl\":\"https:\\\/\\\/renatodias.online\\\/movimento\\\/wp-content\\\/uploads\\\/2023\\\/03\\\/cropped-cropped-cropped-logofinal.jpeg\",\"width\":1280,\"height\":219,\"caption\":\"Renato Dias\"},\"logo\":{\"@id\":\"https:\\\/\\\/renatodias.online\\\/movimento\\\/wp-content\\\/uploads\\\/2023\\\/03\\\/cropped-cropped-cropped-logofinal.jpeg\"},\"description\":\"Renato Dias, 58 anos, \u00e9 graduado em Jornalismo, formado em Ci\u00eancias Sociais, com p\u00f3s-gradua\u00e7\u00e3o em Pol\u00edticas P\u00fablicas, mestre em Direito e Rela\u00e7\u00f5es Internacionais, ex-aluno extraordin\u00e1rio do Doutorado em Psicologia Social, ex-estudante do Curso de Psican\u00e1lise do Centro de Estudos Psicanal\u00edticos do Estado de Goi\u00e1s, ministrado pelo m\u00e9dico psiquiatra e psicanalista Daniel Em\u00eddio de Souza. \u00c9 autor de 30 livros-reportagem, oito document\u00e1rios, ganhou 30 pr\u00eamios e \u00e9 torcedor apaixonado do maior do Centro-Oeste, o Vila Nova Futebol Clube. Casado com Meirilane Dias, \u00e9 pai de Juliana Dias, jornalista; Daniel Dias, economista; e Maria Rosa Dias, estudante antifascista, socialista e trotskista.\u00a0Com tr\u00eas pets: Porquinho [Bull Dog Franc\u00eas], Dalila [Basset Hound] e Geleia [Basset Hound]. Al\u00e9m do eterno gato Tutuquinho, que virou estrela.\",\"sameAs\":[\"https:\\\/\\\/www.facebook.com\\\/renato.dias.37\",\"#breve\",\"https:\\\/\\\/renatodias.tumblr.com\\\/\"],\"url\":\"https:\\\/\\\/renatodias.online\\\/movimento\\\/author\\\/renatodias\\\/\"}]}<\/script>\n<!-- \/ Yoast SEO plugin. -->","yoast_head_json":{"title":"Conselho Estadual faz ato virtual -","robots":{"index":"index","follow":"follow","max-snippet":"max-snippet:-1","max-image-preview":"max-image-preview:large","max-video-preview":"max-video-preview:-1"},"canonical":"https:\/\/renatodias.online\/movimento\/2020\/09\/16\/conselho-estadual-faz-ato-virtual\/","og_locale":"pt_BR","og_type":"article","og_title":"Conselho Estadual faz ato virtual -","og_description":"Mulheres em movimento Conselho Estadual faz ato virtual Ana Rita Marcelo de Castro quer ampliar participa\u00e7\u00e3o feminina e obter direitos iguais &nbsp; Renato Dias A presidente do Conselho Estadual da Mulher [Conem], Ana Rita Marcelo de Castro, lan\u00e7a, nesta quinta-feira, um pacote com Propostas de Pol\u00edticas P\u00fablicas. Motivo: para ampliar a participa\u00e7\u00e3o das mulheres na","og_url":"https:\/\/renatodias.online\/movimento\/2020\/09\/16\/conselho-estadual-faz-ato-virtual\/","article_publisher":"https:\/\/www.facebook.com\/renato.dias.37","article_author":"https:\/\/www.facebook.com\/renato.dias.37","article_published_time":"2020-09-16T19:25:44+00:00","article_modified_time":"2020-09-16T19:29:57+00:00","og_image":[{"width":350,"height":209,"url":"https:\/\/renatodias.online\/movimento\/wp-content\/uploads\/2020\/09\/Ana-Rita-Marcelo-de-Castro-3-e1646618883904.jpg","type":"image\/jpeg"}],"author":"Renato Dias","twitter_card":"summary_large_image","twitter_creator":"@RenatoDiasBat","twitter_site":"@RenatoDiasBat","twitter_misc":{"Escrito por":"Renato Dias","Est. tempo de leitura":"1 minuto"},"schema":{"@context":"https:\/\/schema.org","@graph":[{"@type":"Article","@id":"https:\/\/renatodias.online\/movimento\/2020\/09\/16\/conselho-estadual-faz-ato-virtual\/#article","isPartOf":{"@id":"https:\/\/renatodias.online\/movimento\/2020\/09\/16\/conselho-estadual-faz-ato-virtual\/"},"author":{"name":"Renato Dias","@id":"https:\/\/renatodias.online\/movimento\/#\/schema\/person\/bbab28833b1725a20f4083f49f1fb2a9"},"headline":"Conselho Estadual faz ato virtual","datePublished":"2020-09-16T19:25:44+00:00","dateModified":"2020-09-16T19:29:57+00:00","mainEntityOfPage":{"@id":"https:\/\/renatodias.online\/movimento\/2020\/09\/16\/conselho-estadual-faz-ato-virtual\/"},"wordCount":283,"commentCount":0,"publisher":{"@id":"https:\/\/renatodias.online\/movimento\/#\/schema\/person\/bbab28833b1725a20f4083f49f1fb2a9"},"image":{"@id":"https:\/\/renatodias.online\/movimento\/2020\/09\/16\/conselho-estadual-faz-ato-virtual\/#primaryimage"},"thumbnailUrl":"https:\/\/renatodias.online\/movimento\/wp-content\/uploads\/2020\/09\/Ana-Rita-Marcelo-de-Castro-3-e1646618883904.jpg","articleSection":["Agenda","Pol\u00edtica"],"inLanguage":"pt-BR","potentialAction":[{"@type":"CommentAction","name":"Comment","target":["https:\/\/renatodias.online\/movimento\/2020\/09\/16\/conselho-estadual-faz-ato-virtual\/#respond"]}]},{"@type":"WebPage","@id":"https:\/\/renatodias.online\/movimento\/2020\/09\/16\/conselho-estadual-faz-ato-virtual\/","url":"https:\/\/renatodias.online\/movimento\/2020\/09\/16\/conselho-estadual-faz-ato-virtual\/","name":"Conselho Estadual faz ato virtual -","isPartOf":{"@id":"https:\/\/renatodias.online\/movimento\/#website"},"primaryImageOfPage":{"@id":"https:\/\/renatodias.online\/movimento\/2020\/09\/16\/conselho-estadual-faz-ato-virtual\/#primaryimage"},"image":{"@id":"https:\/\/renatodias.online\/movimento\/2020\/09\/16\/conselho-estadual-faz-ato-virtual\/#primaryimage"},"thumbnailUrl":"https:\/\/renatodias.online\/movimento\/wp-content\/uploads\/2020\/09\/Ana-Rita-Marcelo-de-Castro-3-e1646618883904.jpg","datePublished":"2020-09-16T19:25:44+00:00","dateModified":"2020-09-16T19:29:57+00:00","breadcrumb":{"@id":"https:\/\/renatodias.online\/movimento\/2020\/09\/16\/conselho-estadual-faz-ato-virtual\/#breadcrumb"},"inLanguage":"pt-BR","potentialAction":[{"@type":"ReadAction","target":["https:\/\/renatodias.online\/movimento\/2020\/09\/16\/conselho-estadual-faz-ato-virtual\/"]}]},{"@type":"ImageObject","inLanguage":"pt-BR","@id":"https:\/\/renatodias.online\/movimento\/2020\/09\/16\/conselho-estadual-faz-ato-virtual\/#primaryimage","url":"https:\/\/renatodias.online\/movimento\/wp-content\/uploads\/2020\/09\/Ana-Rita-Marcelo-de-Castro-3-e1646618883904.jpg","contentUrl":"https:\/\/renatodias.online\/movimento\/wp-content\/uploads\/2020\/09\/Ana-Rita-Marcelo-de-Castro-3-e1646618883904.jpg","width":350,"height":209,"caption":"Ana Rita Marcelo de Castro"},{"@type":"BreadcrumbList","@id":"https:\/\/renatodias.online\/movimento\/2020\/09\/16\/conselho-estadual-faz-ato-virtual\/#breadcrumb","itemListElement":[{"@type":"ListItem","position":1,"name":"In\u00edcio","item":"https:\/\/renatodias.online\/movimento\/"},{"@type":"ListItem","position":2,"name":"Conselho Estadual faz ato virtual"}]},{"@type":"WebSite","@id":"https:\/\/renatodias.online\/movimento\/#website","url":"https:\/\/renatodias.online\/movimento\/","name":"","description":"","publisher":{"@id":"https:\/\/renatodias.online\/movimento\/#\/schema\/person\/bbab28833b1725a20f4083f49f1fb2a9"},"potentialAction":[{"@type":"SearchAction","target":{"@type":"EntryPoint","urlTemplate":"https:\/\/renatodias.online\/movimento\/?s={search_term_string}"},"query-input":{"@type":"PropertyValueSpecification","valueRequired":true,"valueName":"search_term_string"}}],"inLanguage":"pt-BR"},{"@type":["Person","Organization"],"@id":"https:\/\/renatodias.online\/movimento\/#\/schema\/person\/bbab28833b1725a20f4083f49f1fb2a9","name":"Renato Dias","image":{"@type":"ImageObject","inLanguage":"pt-BR","@id":"https:\/\/renatodias.online\/movimento\/wp-content\/uploads\/2023\/03\/cropped-cropped-cropped-logofinal.jpeg","url":"https:\/\/renatodias.online\/movimento\/wp-content\/uploads\/2023\/03\/cropped-cropped-cropped-logofinal.jpeg","contentUrl":"https:\/\/renatodias.online\/movimento\/wp-content\/uploads\/2023\/03\/cropped-cropped-cropped-logofinal.jpeg","width":1280,"height":219,"caption":"Renato Dias"},"logo":{"@id":"https:\/\/renatodias.online\/movimento\/wp-content\/uploads\/2023\/03\/cropped-cropped-cropped-logofinal.jpeg"},"description":"Renato Dias, 58 anos, \u00e9 graduado em Jornalismo, formado em Ci\u00eancias Sociais, com p\u00f3s-gradua\u00e7\u00e3o em Pol\u00edticas P\u00fablicas, mestre em Direito e Rela\u00e7\u00f5es Internacionais, ex-aluno extraordin\u00e1rio do Doutorado em Psicologia Social, ex-estudante do Curso de Psican\u00e1lise do Centro de Estudos Psicanal\u00edticos do Estado de Goi\u00e1s, ministrado pelo m\u00e9dico psiquiatra e psicanalista Daniel Em\u00eddio de Souza. \u00c9 autor de 30 livros-reportagem, oito document\u00e1rios, ganhou 30 pr\u00eamios e \u00e9 torcedor apaixonado do maior do Centro-Oeste, o Vila Nova Futebol Clube. Casado com Meirilane Dias, \u00e9 pai de Juliana Dias, jornalista; Daniel Dias, economista; e Maria Rosa Dias, estudante antifascista, socialista e trotskista.\u00a0Com tr\u00eas pets: Porquinho [Bull Dog Franc\u00eas], Dalila [Basset Hound] e Geleia [Basset Hound]. Al\u00e9m do eterno gato Tutuquinho, que virou estrela.","sameAs":["https:\/\/www.facebook.com\/renato.dias.37","#breve","https:\/\/renatodias.tumblr.com\/"],"url":"https:\/\/renatodias.online\/movimento\/author\/renatodias\/"}]}},"_links":{"self":[{"href":"https:\/\/renatodias.online\/movimento\/wp-json\/wp\/v2\/posts\/4606","targetHints":{"allow":["GET"]}}],"collection":[{"href":"https:\/\/renatodias.online\/movimento\/wp-json\/wp\/v2\/posts"}],"about":[{"href":"https:\/\/renatodias.online\/movimento\/wp-json\/wp\/v2\/types\/post"}],"author":[{"embeddable":true,"href":"https:\/\/renatodias.online\/movimento\/wp-json\/wp\/v2\/users\/2"}],"replies":[{"embeddable":true,"href":"https:\/\/renatodias.online\/movimento\/wp-json\/wp\/v2\/comments?post=4606"}],"version-history":[{"count":2,"href":"https:\/\/renatodias.online\/movimento\/wp-json\/wp\/v2\/posts\/4606\/revisions"}],"predecessor-version":[{"id":4612,"href":"https:\/\/renatodias.online\/movimento\/wp-json\/wp\/v2\/posts\/4606\/revisions\/4612"}],"wp:featuredmedia":[{"embeddable":true,"href":"https:\/\/renatodias.online\/movimento\/wp-json\/wp\/v2\/media\/4611"}],"wp:attachment":[{"href":"https:\/\/renatodias.online\/movimento\/wp-json\/wp\/v2\/media?parent=4606"}],"wp:term":[{"taxonomy":"category","embeddable":true,"href":"https:\/\/renatodias.online\/movimento\/wp-json\/wp\/v2\/categories?post=4606"},{"taxonomy":"post_tag","embeddable":true,"href":"https:\/\/renatodias.online\/movimento\/wp-json\/wp\/v2\/tags?post=4606"}],"curies":[{"name":"wp","href":"https:\/\/api.w.org\/{rel}","templated":true}]}}