{"id":4507,"date":"2020-09-10T21:46:19","date_gmt":"2020-09-11T00:46:19","guid":{"rendered":"https:\/\/renatodias.online\/movimento\/?p=4507"},"modified":"2020-09-10T21:49:13","modified_gmt":"2020-09-11T00:49:13","slug":"eleicao-de-2020-e-previa-a-2022","status":"publish","type":"post","link":"https:\/\/renatodias.online\/movimento\/2020\/09\/10\/eleicao-de-2020-e-previa-a-2022\/","title":{"rendered":"Elei\u00e7\u00e3o de 2020 \u00e9 pr\u00e9via a 2022"},"content":{"rendered":"<p><img loading=\"lazy\" decoding=\"async\" class=\"alignnone size-medium wp-image-4215 aligncenter\" src=\"https:\/\/renatodias.online\/movimento\/wp-content\/uploads\/2020\/08\/Alto-da-p\u00e1gina-Banner-Exclusivo-300x91.png\" alt=\"\" width=\"300\" height=\"91\" srcset=\"https:\/\/renatodias.online\/movimento\/wp-content\/uploads\/2020\/08\/Alto-da-p\u00e1gina-Banner-Exclusivo-300x91.png 300w, https:\/\/renatodias.online\/movimento\/wp-content\/uploads\/2020\/08\/Alto-da-p\u00e1gina-Banner-Exclusivo-1024x311.png 1024w, https:\/\/renatodias.online\/movimento\/wp-content\/uploads\/2020\/08\/Alto-da-p\u00e1gina-Banner-Exclusivo-768x233.png 768w, https:\/\/renatodias.online\/movimento\/wp-content\/uploads\/2020\/08\/Alto-da-p\u00e1gina-Banner-Exclusivo-750x228.png 750w, https:\/\/renatodias.online\/movimento\/wp-content\/uploads\/2020\/08\/Alto-da-p\u00e1gina-Banner-Exclusivo.png 1224w\" sizes=\"auto, (max-width: 300px) 100vw, 300px\" \/><\/p>\n<p><span style=\"color: #ff0000;\"><strong>Catal\u00e3o pega fogo<\/strong><\/span><\/p>\n<h1><strong>Elei\u00e7\u00e3o de 2020<\/strong><\/h1>\n<h1><strong>\u00e9 pr\u00e9via a 2022<\/strong><\/h1>\n<p><strong>Adib Elias e Gustavo Sebba j\u00e1 polarizam a corrida \u00e0 Prefeitura Municipal<\/strong><\/p>\n<h3><span style=\"color: #ff0000;\">Podcast &#8211; <span style=\"color: #000000;\"><strong>Jardel Sebba<\/strong>.<\/span><\/span><\/h3>\n<!--[if lt IE 9]><script>document.createElement('audio');<\/script><![endif]-->\n<audio class=\"wp-audio-shortcode\" id=\"audio-4507-1\" preload=\"none\" style=\"width: 100%;\" controls=\"controls\"><source type=\"audio\/ogg\" src=\"https:\/\/renatodias.online\/movimento\/wp-content\/uploads\/2020\/09\/Jardel-Sebba1.ogg?_=1\" \/><a href=\"https:\/\/renatodias.online\/movimento\/wp-content\/uploads\/2020\/09\/Jardel-Sebba1.ogg\">https:\/\/renatodias.online\/movimento\/wp-content\/uploads\/2020\/09\/Jardel-Sebba1.ogg<\/a><\/audio>\n<audio class=\"wp-audio-shortcode\" id=\"audio-4507-2\" preload=\"none\" style=\"width: 100%;\" controls=\"controls\"><source type=\"audio\/ogg\" src=\"https:\/\/renatodias.online\/movimento\/wp-content\/uploads\/2020\/09\/Jardel-Sebba2.ogg?_=2\" \/><a href=\"https:\/\/renatodias.online\/movimento\/wp-content\/uploads\/2020\/09\/Jardel-Sebba2.ogg\">https:\/\/renatodias.online\/movimento\/wp-content\/uploads\/2020\/09\/Jardel-Sebba2.ogg<\/a><\/audio>\n<p><strong>Renato Dias<\/strong><\/p>\n<p>As elei\u00e7\u00f5es de 15 de novembro de 2020, nos 246 munic\u00edpios do Estado de Goi\u00e1s, ser\u00e3o, sim, uma pr\u00e9via para a corrida ao Pal\u00e1cio das Esmeraldas quando o ano de 2022 chegar. A an\u00e1lise \u00e9 do ex &#8211; presidente da Assembleia Legislativa <strong>Jardel Sebba<\/strong>.<\/p>\n<figure id=\"attachment_4510\" aria-describedby=\"caption-attachment-4510\" style=\"width: 883px\" class=\"wp-caption aligncenter\"><img loading=\"lazy\" decoding=\"async\" class=\"wp-image-4510 \" src=\"https:\/\/renatodias.online\/movimento\/wp-content\/uploads\/2020\/09\/Pal\u00e1cio-das-Esmeeraldas-2.jpg\" alt=\"Pal\u00e1cio das Esmeraldas\" width=\"883\" height=\"662\" \/><figcaption id=\"caption-attachment-4510\" class=\"wp-caption-text\">Pal\u00e1cio das Esmeraldas<\/figcaption><\/figure>\n<p><strong>_ PSDB e aliados ir\u00e3o ampliar os seus espa\u00e7os de poder.<\/strong><\/p>\n<p>Deputado estadual por quatro mandatos consecutivos, o m\u00e9dico e produtor rural avalia que 2020 ter\u00e1 uma elei\u00e7\u00e3o at\u00edpica. Sob a Pandemia do Coronavirus Covid 19, a recess\u00e3o global, as crises financeiras e pol\u00edticas que abalam a Rep\u00fablica, explica o cardeal tucano.<\/p>\n<figure id=\"attachment_4511\" aria-describedby=\"caption-attachment-4511\" style=\"width: 868px\" class=\"wp-caption aligncenter\"><img loading=\"lazy\" decoding=\"async\" class=\"wp-image-4511 \" src=\"https:\/\/renatodias.online\/movimento\/wp-content\/uploads\/2020\/09\/Coronav\u00edrus-3-1024x576.jpg\" alt=\"Coronav\u00edrus Covid 19\" width=\"868\" height=\"488\" srcset=\"https:\/\/renatodias.online\/movimento\/wp-content\/uploads\/2020\/09\/Coronav\u00edrus-3-1024x576.jpg 1024w, https:\/\/renatodias.online\/movimento\/wp-content\/uploads\/2020\/09\/Coronav\u00edrus-3-300x169.jpg 300w, https:\/\/renatodias.online\/movimento\/wp-content\/uploads\/2020\/09\/Coronav\u00edrus-3-768x432.jpg 768w, https:\/\/renatodias.online\/movimento\/wp-content\/uploads\/2020\/09\/Coronav\u00edrus-3-750x422.jpg 750w, https:\/\/renatodias.online\/movimento\/wp-content\/uploads\/2020\/09\/Coronav\u00edrus-3.jpg 1140w\" sizes=\"auto, (max-width: 868px) 100vw, 868px\" \/><figcaption id=\"caption-attachment-4511\" class=\"wp-caption-text\">Coronav\u00edrus Covid 19<\/figcaption><\/figure>\n<p><strong>_ Com escassez de recursos, sem o corpo-a-corpo, showm\u00edcios, caminhadas.\u00a0<\/strong><\/p>\n<p>O ex &#8211; prefeito de Catal\u00e3o acredita em forte interven\u00e7\u00e3o na internet. Nas redes sociais, subli\u00adnha. Com inventividade nos programas eleitorais no r\u00e1dio e na televis\u00e3o, afirma o governador de Goi\u00e1s interino. Com apresenta\u00e7\u00e3o de Pol\u00edticas P\u00fablicas para retirar Catal\u00e3o da crise, atira.<\/p>\n<p><strong>_ A elei\u00e7\u00e3o ser\u00e1 polarizada entre o atual prefeito, com uma gest\u00e3o p\u00edfia, com 30,1% \u00a0de rejei\u00e7\u00e3o, e o deputado estadual do PSDB Gustavo Sebba. A novidade.\u00a0Das urnas.<\/strong><\/p>\n<p>[row]<\/p>\n<p>[column size=&#8217;1\/2&#8242;]<\/p>\n<figure id=\"attachment_4512\" aria-describedby=\"caption-attachment-4512\" style=\"width: 300px\" class=\"wp-caption alignnone\"><img loading=\"lazy\" decoding=\"async\" class=\"size-medium wp-image-4512\" src=\"https:\/\/renatodias.online\/movimento\/wp-content\/uploads\/2020\/09\/Adib-Elias-4-300x191.jpg\" alt=\"\" width=\"300\" height=\"191\" \/><figcaption id=\"caption-attachment-4512\" class=\"wp-caption-text\">Adib Elias<\/figcaption><\/figure>\n<p>[\/column]<\/p>\n<p>[column size=&#8217;1\/2&#8242;]<\/p>\n<figure id=\"attachment_4513\" aria-describedby=\"caption-attachment-4513\" style=\"width: 223px\" class=\"wp-caption alignnone\"><img loading=\"lazy\" decoding=\"async\" class=\"wp-image-4513 size-full\" src=\"https:\/\/renatodias.online\/movimento\/wp-content\/uploads\/2020\/09\/Gustavo-Sebba-5.jpg\" alt=\"Gustavo Sebba\" width=\"223\" height=\"226\" srcset=\"https:\/\/renatodias.online\/movimento\/wp-content\/uploads\/2020\/09\/Gustavo-Sebba-5.jpg 223w, https:\/\/renatodias.online\/movimento\/wp-content\/uploads\/2020\/09\/Gustavo-Sebba-5-50x50.jpg 50w, https:\/\/renatodias.online\/movimento\/wp-content\/uploads\/2020\/09\/Gustavo-Sebba-5-100x100.jpg 100w\" sizes=\"auto, (max-width: 223px) 100vw, 223px\" \/><figcaption id=\"caption-attachment-4513\" class=\"wp-caption-text\">Gustavo Sebba<\/figcaption><\/figure>\n<p>[\/column]<\/p>\n<p>[\/row]<\/p>\n<p>O ex &#8211; secret\u00e1rio de Estado de Gabinete espera que os esc\u00e2ndalos e as investiga\u00e7\u00f5es do Minist\u00e9rio P\u00fablico de Goi\u00e1s, que envolvem Adib Elias, l\u00edder do Podemos, e aliados, sejam expostos e esclarecidos para o eleitor da cidade. Passado e presente transparentes, dispara.<\/p>\n<p><strong>_ Um novo amanh\u00e3, em Catal\u00e3o, \u00e9 poss\u00edvel!<\/strong><\/p>\n<figure id=\"attachment_4514\" aria-describedby=\"caption-attachment-4514\" style=\"width: 857px\" class=\"wp-caption aligncenter\"><img loading=\"lazy\" decoding=\"async\" class=\"wp-image-4514 \" src=\"https:\/\/renatodias.online\/movimento\/wp-content\/uploads\/2020\/09\/Catal\u00e3o-6-1024x576.jpg\" alt=\"\" width=\"857\" height=\"482\" \/><figcaption id=\"caption-attachment-4514\" class=\"wp-caption-text\">DCIM100MEDIADJI_0024.JPG<\/figcaption><\/figure>\n","protected":false},"excerpt":{"rendered":"<p>Catal\u00e3o pega fogo Elei\u00e7\u00e3o de 2020 \u00e9 pr\u00e9via a 2022 Adib Elias e Gustavo Sebba j\u00e1 polarizam a corrida \u00e0 Prefeitura Municipal Podcast &#8211; Jardel Sebba. Renato Dias As elei\u00e7\u00f5es de 15 de novembro de 2020, nos 246 munic\u00edpios do Estado de Goi\u00e1s, ser\u00e3o, sim, uma pr\u00e9via para a corrida ao Pal\u00e1cio das Esmeraldas quando<\/p>\n","protected":false},"author":2,"featured_media":4509,"comment_status":"open","ping_status":"open","sticky":false,"template":"","format":"standard","meta":{"_acf_changed":false,"_monsterinsights_skip_tracking":false,"_monsterinsights_sitenote_active":false,"_monsterinsights_sitenote_note":"","_monsterinsights_sitenote_category":0,"footnotes":""},"categories":[58,4],"tags":[],"class_list":["post-4507","post","type-post","status-publish","format-standard","has-post-thumbnail","hentry","category-medicina-e-saude","category-politica"],"acf":[],"yoast_head":"<!-- This site is optimized with the Yoast SEO plugin v27.4 - https:\/\/yoast.com\/product\/yoast-seo-wordpress\/ -->\n<title>Elei\u00e7\u00e3o de 2020 \u00e9 pr\u00e9via a 2022 -<\/title>\n<meta name=\"robots\" content=\"index, follow, max-snippet:-1, max-image-preview:large, max-video-preview:-1\" \/>\n<link rel=\"canonical\" href=\"https:\/\/renatodias.online\/movimento\/2020\/09\/10\/eleicao-de-2020-e-previa-a-2022\/\" \/>\n<meta property=\"og:locale\" content=\"pt_BR\" \/>\n<meta property=\"og:type\" content=\"article\" \/>\n<meta property=\"og:title\" content=\"Elei\u00e7\u00e3o de 2020 \u00e9 pr\u00e9via a 2022 -\" \/>\n<meta property=\"og:description\" content=\"Catal\u00e3o pega fogo Elei\u00e7\u00e3o de 2020 \u00e9 pr\u00e9via a 2022 Adib Elias e Gustavo Sebba j\u00e1 polarizam a corrida \u00e0 Prefeitura Municipal Podcast &#8211; Jardel Sebba. Renato Dias As elei\u00e7\u00f5es de 15 de novembro de 2020, nos 246 munic\u00edpios do Estado de Goi\u00e1s, ser\u00e3o, sim, uma pr\u00e9via para a corrida ao Pal\u00e1cio das Esmeraldas quando\" \/>\n<meta property=\"og:url\" content=\"https:\/\/renatodias.online\/movimento\/2020\/09\/10\/eleicao-de-2020-e-previa-a-2022\/\" \/>\n<meta property=\"article:publisher\" content=\"https:\/\/www.facebook.com\/renato.dias.37\" \/>\n<meta property=\"article:author\" content=\"https:\/\/www.facebook.com\/renato.dias.37\" \/>\n<meta property=\"article:published_time\" content=\"2020-09-11T00:46:19+00:00\" \/>\n<meta property=\"article:modified_time\" content=\"2020-09-11T00:49:13+00:00\" \/>\n<meta property=\"og:image\" content=\"https:\/\/renatodias.online\/movimento\/wp-content\/uploads\/2020\/09\/Jardel-Sebba-1.jpg\" \/>\n\t<meta property=\"og:image:width\" content=\"1054\" \/>\n\t<meta property=\"og:image:height\" content=\"702\" \/>\n\t<meta property=\"og:image:type\" content=\"image\/jpeg\" \/>\n<meta name=\"author\" content=\"Renato Dias\" \/>\n<meta name=\"twitter:card\" content=\"summary_large_image\" \/>\n<meta name=\"twitter:creator\" content=\"@RenatoDiasBat\" \/>\n<meta name=\"twitter:site\" content=\"@RenatoDiasBat\" \/>\n<meta name=\"twitter:label1\" content=\"Escrito por\" \/>\n\t<meta name=\"twitter:data1\" content=\"Renato Dias\" \/>\n\t<meta name=\"twitter:label2\" content=\"Est. tempo de leitura\" \/>\n\t<meta name=\"twitter:data2\" content=\"2 minutos\" \/>\n<script type=\"application\/ld+json\" class=\"yoast-schema-graph\">{\"@context\":\"https:\\\/\\\/schema.org\",\"@graph\":[{\"@type\":\"Article\",\"@id\":\"https:\\\/\\\/renatodias.online\\\/movimento\\\/2020\\\/09\\\/10\\\/eleicao-de-2020-e-previa-a-2022\\\/#article\",\"isPartOf\":{\"@id\":\"https:\\\/\\\/renatodias.online\\\/movimento\\\/2020\\\/09\\\/10\\\/eleicao-de-2020-e-previa-a-2022\\\/\"},\"author\":{\"name\":\"Renato Dias\",\"@id\":\"https:\\\/\\\/renatodias.online\\\/movimento\\\/#\\\/schema\\\/person\\\/bbab28833b1725a20f4083f49f1fb2a9\"},\"headline\":\"Elei\u00e7\u00e3o de 2020 \u00e9 pr\u00e9via a 2022\",\"datePublished\":\"2020-09-11T00:46:19+00:00\",\"dateModified\":\"2020-09-11T00:49:13+00:00\",\"mainEntityOfPage\":{\"@id\":\"https:\\\/\\\/renatodias.online\\\/movimento\\\/2020\\\/09\\\/10\\\/eleicao-de-2020-e-previa-a-2022\\\/\"},\"wordCount\":367,\"commentCount\":0,\"publisher\":{\"@id\":\"https:\\\/\\\/renatodias.online\\\/movimento\\\/#\\\/schema\\\/person\\\/bbab28833b1725a20f4083f49f1fb2a9\"},\"image\":{\"@id\":\"https:\\\/\\\/renatodias.online\\\/movimento\\\/2020\\\/09\\\/10\\\/eleicao-de-2020-e-previa-a-2022\\\/#primaryimage\"},\"thumbnailUrl\":\"https:\\\/\\\/renatodias.online\\\/movimento\\\/wp-content\\\/uploads\\\/2020\\\/09\\\/Jardel-Sebba-1.jpg\",\"articleSection\":[\"Medicina e Sa\u00fade\",\"Pol\u00edtica\"],\"inLanguage\":\"pt-BR\",\"potentialAction\":[{\"@type\":\"CommentAction\",\"name\":\"Comment\",\"target\":[\"https:\\\/\\\/renatodias.online\\\/movimento\\\/2020\\\/09\\\/10\\\/eleicao-de-2020-e-previa-a-2022\\\/#respond\"]}]},{\"@type\":\"WebPage\",\"@id\":\"https:\\\/\\\/renatodias.online\\\/movimento\\\/2020\\\/09\\\/10\\\/eleicao-de-2020-e-previa-a-2022\\\/\",\"url\":\"https:\\\/\\\/renatodias.online\\\/movimento\\\/2020\\\/09\\\/10\\\/eleicao-de-2020-e-previa-a-2022\\\/\",\"name\":\"Elei\u00e7\u00e3o de 2020 \u00e9 pr\u00e9via a 2022 -\",\"isPartOf\":{\"@id\":\"https:\\\/\\\/renatodias.online\\\/movimento\\\/#website\"},\"primaryImageOfPage\":{\"@id\":\"https:\\\/\\\/renatodias.online\\\/movimento\\\/2020\\\/09\\\/10\\\/eleicao-de-2020-e-previa-a-2022\\\/#primaryimage\"},\"image\":{\"@id\":\"https:\\\/\\\/renatodias.online\\\/movimento\\\/2020\\\/09\\\/10\\\/eleicao-de-2020-e-previa-a-2022\\\/#primaryimage\"},\"thumbnailUrl\":\"https:\\\/\\\/renatodias.online\\\/movimento\\\/wp-content\\\/uploads\\\/2020\\\/09\\\/Jardel-Sebba-1.jpg\",\"datePublished\":\"2020-09-11T00:46:19+00:00\",\"dateModified\":\"2020-09-11T00:49:13+00:00\",\"breadcrumb\":{\"@id\":\"https:\\\/\\\/renatodias.online\\\/movimento\\\/2020\\\/09\\\/10\\\/eleicao-de-2020-e-previa-a-2022\\\/#breadcrumb\"},\"inLanguage\":\"pt-BR\",\"potentialAction\":[{\"@type\":\"ReadAction\",\"target\":[\"https:\\\/\\\/renatodias.online\\\/movimento\\\/2020\\\/09\\\/10\\\/eleicao-de-2020-e-previa-a-2022\\\/\"]}]},{\"@type\":\"ImageObject\",\"inLanguage\":\"pt-BR\",\"@id\":\"https:\\\/\\\/renatodias.online\\\/movimento\\\/2020\\\/09\\\/10\\\/eleicao-de-2020-e-previa-a-2022\\\/#primaryimage\",\"url\":\"https:\\\/\\\/renatodias.online\\\/movimento\\\/wp-content\\\/uploads\\\/2020\\\/09\\\/Jardel-Sebba-1.jpg\",\"contentUrl\":\"https:\\\/\\\/renatodias.online\\\/movimento\\\/wp-content\\\/uploads\\\/2020\\\/09\\\/Jardel-Sebba-1.jpg\",\"width\":1054,\"height\":702,\"caption\":\"Jardel Sebba\"},{\"@type\":\"BreadcrumbList\",\"@id\":\"https:\\\/\\\/renatodias.online\\\/movimento\\\/2020\\\/09\\\/10\\\/eleicao-de-2020-e-previa-a-2022\\\/#breadcrumb\",\"itemListElement\":[{\"@type\":\"ListItem\",\"position\":1,\"name\":\"In\u00edcio\",\"item\":\"https:\\\/\\\/renatodias.online\\\/movimento\\\/\"},{\"@type\":\"ListItem\",\"position\":2,\"name\":\"Elei\u00e7\u00e3o de 2020 \u00e9 pr\u00e9via a 2022\"}]},{\"@type\":\"WebSite\",\"@id\":\"https:\\\/\\\/renatodias.online\\\/movimento\\\/#website\",\"url\":\"https:\\\/\\\/renatodias.online\\\/movimento\\\/\",\"name\":\"\",\"description\":\"\",\"publisher\":{\"@id\":\"https:\\\/\\\/renatodias.online\\\/movimento\\\/#\\\/schema\\\/person\\\/bbab28833b1725a20f4083f49f1fb2a9\"},\"potentialAction\":[{\"@type\":\"SearchAction\",\"target\":{\"@type\":\"EntryPoint\",\"urlTemplate\":\"https:\\\/\\\/renatodias.online\\\/movimento\\\/?s={search_term_string}\"},\"query-input\":{\"@type\":\"PropertyValueSpecification\",\"valueRequired\":true,\"valueName\":\"search_term_string\"}}],\"inLanguage\":\"pt-BR\"},{\"@type\":[\"Person\",\"Organization\"],\"@id\":\"https:\\\/\\\/renatodias.online\\\/movimento\\\/#\\\/schema\\\/person\\\/bbab28833b1725a20f4083f49f1fb2a9\",\"name\":\"Renato Dias\",\"image\":{\"@type\":\"ImageObject\",\"inLanguage\":\"pt-BR\",\"@id\":\"https:\\\/\\\/renatodias.online\\\/movimento\\\/wp-content\\\/uploads\\\/2023\\\/03\\\/cropped-cropped-cropped-logofinal.jpeg\",\"url\":\"https:\\\/\\\/renatodias.online\\\/movimento\\\/wp-content\\\/uploads\\\/2023\\\/03\\\/cropped-cropped-cropped-logofinal.jpeg\",\"contentUrl\":\"https:\\\/\\\/renatodias.online\\\/movimento\\\/wp-content\\\/uploads\\\/2023\\\/03\\\/cropped-cropped-cropped-logofinal.jpeg\",\"width\":1280,\"height\":219,\"caption\":\"Renato Dias\"},\"logo\":{\"@id\":\"https:\\\/\\\/renatodias.online\\\/movimento\\\/wp-content\\\/uploads\\\/2023\\\/03\\\/cropped-cropped-cropped-logofinal.jpeg\"},\"description\":\"Renato Dias, 58 anos, \u00e9 graduado em Jornalismo, formado em Ci\u00eancias Sociais, com p\u00f3s-gradua\u00e7\u00e3o em Pol\u00edticas P\u00fablicas, mestre em Direito e Rela\u00e7\u00f5es Internacionais, ex-aluno extraordin\u00e1rio do Doutorado em Psicologia Social, ex-estudante do Curso de Psican\u00e1lise do Centro de Estudos Psicanal\u00edticos do Estado de Goi\u00e1s, ministrado pelo m\u00e9dico psiquiatra e psicanalista Daniel Em\u00eddio de Souza. \u00c9 autor de 30 livros-reportagem, oito document\u00e1rios, ganhou 30 pr\u00eamios e \u00e9 torcedor apaixonado do maior do Centro-Oeste, o Vila Nova Futebol Clube. Casado com Meirilane Dias, \u00e9 pai de Juliana Dias, jornalista; Daniel Dias, economista; e Maria Rosa Dias, estudante antifascista, socialista e trotskista.\u00a0Com tr\u00eas pets: Porquinho [Bull Dog Franc\u00eas], Dalila [Basset Hound] e Geleia [Basset Hound]. Al\u00e9m do eterno gato Tutuquinho, que virou estrela.\",\"sameAs\":[\"https:\\\/\\\/www.facebook.com\\\/renato.dias.37\",\"#breve\",\"https:\\\/\\\/renatodias.tumblr.com\\\/\"],\"url\":\"https:\\\/\\\/renatodias.online\\\/movimento\\\/author\\\/renatodias\\\/\"}]}<\/script>\n<!-- \/ Yoast SEO plugin. -->","yoast_head_json":{"title":"Elei\u00e7\u00e3o de 2020 \u00e9 pr\u00e9via a 2022 -","robots":{"index":"index","follow":"follow","max-snippet":"max-snippet:-1","max-image-preview":"max-image-preview:large","max-video-preview":"max-video-preview:-1"},"canonical":"https:\/\/renatodias.online\/movimento\/2020\/09\/10\/eleicao-de-2020-e-previa-a-2022\/","og_locale":"pt_BR","og_type":"article","og_title":"Elei\u00e7\u00e3o de 2020 \u00e9 pr\u00e9via a 2022 -","og_description":"Catal\u00e3o pega fogo Elei\u00e7\u00e3o de 2020 \u00e9 pr\u00e9via a 2022 Adib Elias e Gustavo Sebba j\u00e1 polarizam a corrida \u00e0 Prefeitura Municipal Podcast &#8211; Jardel Sebba. Renato Dias As elei\u00e7\u00f5es de 15 de novembro de 2020, nos 246 munic\u00edpios do Estado de Goi\u00e1s, ser\u00e3o, sim, uma pr\u00e9via para a corrida ao Pal\u00e1cio das Esmeraldas quando","og_url":"https:\/\/renatodias.online\/movimento\/2020\/09\/10\/eleicao-de-2020-e-previa-a-2022\/","article_publisher":"https:\/\/www.facebook.com\/renato.dias.37","article_author":"https:\/\/www.facebook.com\/renato.dias.37","article_published_time":"2020-09-11T00:46:19+00:00","article_modified_time":"2020-09-11T00:49:13+00:00","og_image":[{"width":1054,"height":702,"url":"https:\/\/renatodias.online\/movimento\/wp-content\/uploads\/2020\/09\/Jardel-Sebba-1.jpg","type":"image\/jpeg"}],"author":"Renato Dias","twitter_card":"summary_large_image","twitter_creator":"@RenatoDiasBat","twitter_site":"@RenatoDiasBat","twitter_misc":{"Escrito por":"Renato Dias","Est. tempo de leitura":"2 minutos"},"schema":{"@context":"https:\/\/schema.org","@graph":[{"@type":"Article","@id":"https:\/\/renatodias.online\/movimento\/2020\/09\/10\/eleicao-de-2020-e-previa-a-2022\/#article","isPartOf":{"@id":"https:\/\/renatodias.online\/movimento\/2020\/09\/10\/eleicao-de-2020-e-previa-a-2022\/"},"author":{"name":"Renato Dias","@id":"https:\/\/renatodias.online\/movimento\/#\/schema\/person\/bbab28833b1725a20f4083f49f1fb2a9"},"headline":"Elei\u00e7\u00e3o de 2020 \u00e9 pr\u00e9via a 2022","datePublished":"2020-09-11T00:46:19+00:00","dateModified":"2020-09-11T00:49:13+00:00","mainEntityOfPage":{"@id":"https:\/\/renatodias.online\/movimento\/2020\/09\/10\/eleicao-de-2020-e-previa-a-2022\/"},"wordCount":367,"commentCount":0,"publisher":{"@id":"https:\/\/renatodias.online\/movimento\/#\/schema\/person\/bbab28833b1725a20f4083f49f1fb2a9"},"image":{"@id":"https:\/\/renatodias.online\/movimento\/2020\/09\/10\/eleicao-de-2020-e-previa-a-2022\/#primaryimage"},"thumbnailUrl":"https:\/\/renatodias.online\/movimento\/wp-content\/uploads\/2020\/09\/Jardel-Sebba-1.jpg","articleSection":["Medicina e Sa\u00fade","Pol\u00edtica"],"inLanguage":"pt-BR","potentialAction":[{"@type":"CommentAction","name":"Comment","target":["https:\/\/renatodias.online\/movimento\/2020\/09\/10\/eleicao-de-2020-e-previa-a-2022\/#respond"]}]},{"@type":"WebPage","@id":"https:\/\/renatodias.online\/movimento\/2020\/09\/10\/eleicao-de-2020-e-previa-a-2022\/","url":"https:\/\/renatodias.online\/movimento\/2020\/09\/10\/eleicao-de-2020-e-previa-a-2022\/","name":"Elei\u00e7\u00e3o de 2020 \u00e9 pr\u00e9via a 2022 -","isPartOf":{"@id":"https:\/\/renatodias.online\/movimento\/#website"},"primaryImageOfPage":{"@id":"https:\/\/renatodias.online\/movimento\/2020\/09\/10\/eleicao-de-2020-e-previa-a-2022\/#primaryimage"},"image":{"@id":"https:\/\/renatodias.online\/movimento\/2020\/09\/10\/eleicao-de-2020-e-previa-a-2022\/#primaryimage"},"thumbnailUrl":"https:\/\/renatodias.online\/movimento\/wp-content\/uploads\/2020\/09\/Jardel-Sebba-1.jpg","datePublished":"2020-09-11T00:46:19+00:00","dateModified":"2020-09-11T00:49:13+00:00","breadcrumb":{"@id":"https:\/\/renatodias.online\/movimento\/2020\/09\/10\/eleicao-de-2020-e-previa-a-2022\/#breadcrumb"},"inLanguage":"pt-BR","potentialAction":[{"@type":"ReadAction","target":["https:\/\/renatodias.online\/movimento\/2020\/09\/10\/eleicao-de-2020-e-previa-a-2022\/"]}]},{"@type":"ImageObject","inLanguage":"pt-BR","@id":"https:\/\/renatodias.online\/movimento\/2020\/09\/10\/eleicao-de-2020-e-previa-a-2022\/#primaryimage","url":"https:\/\/renatodias.online\/movimento\/wp-content\/uploads\/2020\/09\/Jardel-Sebba-1.jpg","contentUrl":"https:\/\/renatodias.online\/movimento\/wp-content\/uploads\/2020\/09\/Jardel-Sebba-1.jpg","width":1054,"height":702,"caption":"Jardel Sebba"},{"@type":"BreadcrumbList","@id":"https:\/\/renatodias.online\/movimento\/2020\/09\/10\/eleicao-de-2020-e-previa-a-2022\/#breadcrumb","itemListElement":[{"@type":"ListItem","position":1,"name":"In\u00edcio","item":"https:\/\/renatodias.online\/movimento\/"},{"@type":"ListItem","position":2,"name":"Elei\u00e7\u00e3o de 2020 \u00e9 pr\u00e9via a 2022"}]},{"@type":"WebSite","@id":"https:\/\/renatodias.online\/movimento\/#website","url":"https:\/\/renatodias.online\/movimento\/","name":"","description":"","publisher":{"@id":"https:\/\/renatodias.online\/movimento\/#\/schema\/person\/bbab28833b1725a20f4083f49f1fb2a9"},"potentialAction":[{"@type":"SearchAction","target":{"@type":"EntryPoint","urlTemplate":"https:\/\/renatodias.online\/movimento\/?s={search_term_string}"},"query-input":{"@type":"PropertyValueSpecification","valueRequired":true,"valueName":"search_term_string"}}],"inLanguage":"pt-BR"},{"@type":["Person","Organization"],"@id":"https:\/\/renatodias.online\/movimento\/#\/schema\/person\/bbab28833b1725a20f4083f49f1fb2a9","name":"Renato Dias","image":{"@type":"ImageObject","inLanguage":"pt-BR","@id":"https:\/\/renatodias.online\/movimento\/wp-content\/uploads\/2023\/03\/cropped-cropped-cropped-logofinal.jpeg","url":"https:\/\/renatodias.online\/movimento\/wp-content\/uploads\/2023\/03\/cropped-cropped-cropped-logofinal.jpeg","contentUrl":"https:\/\/renatodias.online\/movimento\/wp-content\/uploads\/2023\/03\/cropped-cropped-cropped-logofinal.jpeg","width":1280,"height":219,"caption":"Renato Dias"},"logo":{"@id":"https:\/\/renatodias.online\/movimento\/wp-content\/uploads\/2023\/03\/cropped-cropped-cropped-logofinal.jpeg"},"description":"Renato Dias, 58 anos, \u00e9 graduado em Jornalismo, formado em Ci\u00eancias Sociais, com p\u00f3s-gradua\u00e7\u00e3o em Pol\u00edticas P\u00fablicas, mestre em Direito e Rela\u00e7\u00f5es Internacionais, ex-aluno extraordin\u00e1rio do Doutorado em Psicologia Social, ex-estudante do Curso de Psican\u00e1lise do Centro de Estudos Psicanal\u00edticos do Estado de Goi\u00e1s, ministrado pelo m\u00e9dico psiquiatra e psicanalista Daniel Em\u00eddio de Souza. \u00c9 autor de 30 livros-reportagem, oito document\u00e1rios, ganhou 30 pr\u00eamios e \u00e9 torcedor apaixonado do maior do Centro-Oeste, o Vila Nova Futebol Clube. Casado com Meirilane Dias, \u00e9 pai de Juliana Dias, jornalista; Daniel Dias, economista; e Maria Rosa Dias, estudante antifascista, socialista e trotskista.\u00a0Com tr\u00eas pets: Porquinho [Bull Dog Franc\u00eas], Dalila [Basset Hound] e Geleia [Basset Hound]. Al\u00e9m do eterno gato Tutuquinho, que virou estrela.","sameAs":["https:\/\/www.facebook.com\/renato.dias.37","#breve","https:\/\/renatodias.tumblr.com\/"],"url":"https:\/\/renatodias.online\/movimento\/author\/renatodias\/"}]}},"_links":{"self":[{"href":"https:\/\/renatodias.online\/movimento\/wp-json\/wp\/v2\/posts\/4507","targetHints":{"allow":["GET"]}}],"collection":[{"href":"https:\/\/renatodias.online\/movimento\/wp-json\/wp\/v2\/posts"}],"about":[{"href":"https:\/\/renatodias.online\/movimento\/wp-json\/wp\/v2\/types\/post"}],"author":[{"embeddable":true,"href":"https:\/\/renatodias.online\/movimento\/wp-json\/wp\/v2\/users\/2"}],"replies":[{"embeddable":true,"href":"https:\/\/renatodias.online\/movimento\/wp-json\/wp\/v2\/comments?post=4507"}],"version-history":[{"count":3,"href":"https:\/\/renatodias.online\/movimento\/wp-json\/wp\/v2\/posts\/4507\/revisions"}],"predecessor-version":[{"id":4519,"href":"https:\/\/renatodias.online\/movimento\/wp-json\/wp\/v2\/posts\/4507\/revisions\/4519"}],"wp:featuredmedia":[{"embeddable":true,"href":"https:\/\/renatodias.online\/movimento\/wp-json\/wp\/v2\/media\/4509"}],"wp:attachment":[{"href":"https:\/\/renatodias.online\/movimento\/wp-json\/wp\/v2\/media?parent=4507"}],"wp:term":[{"taxonomy":"category","embeddable":true,"href":"https:\/\/renatodias.online\/movimento\/wp-json\/wp\/v2\/categories?post=4507"},{"taxonomy":"post_tag","embeddable":true,"href":"https:\/\/renatodias.online\/movimento\/wp-json\/wp\/v2\/tags?post=4507"}],"curies":[{"name":"wp","href":"https:\/\/api.w.org\/{rel}","templated":true}]}}