{"id":4450,"date":"2020-09-07T09:45:32","date_gmt":"2020-09-07T12:45:32","guid":{"rendered":"https:\/\/renatodias.online\/movimento\/?p=4450"},"modified":"2020-09-08T09:51:50","modified_gmt":"2020-09-08T12:51:50","slug":"torcidas-antifascistas","status":"publish","type":"post","link":"https:\/\/renatodias.online\/movimento\/2020\/09\/07\/torcidas-antifascistas\/","title":{"rendered":"Torcidas antifascistas"},"content":{"rendered":"<p>Live, hoje, 18h \u00e0s 22h<\/p>\n<h1>Torcidas antifascistas<\/h1>\n<p>Historiador da Universidade Federal de Jata\u00ed aborda tema pol\u00eamico na plataforma midi\u00e1tica Facebook do \u2018Jornal Poder Popular\u2019 e conta as hist\u00f3rias do \u00a0Palestra It\u00e1lia e do Palmeiras<\/p>\n<p>&nbsp;<\/p>\n<p>Renato Dias<\/p>\n<p>&nbsp;<\/p>\n<p>Em seu canal na plataforma midi\u00e1tica do Facebook, o Jornal Poder Popular escala, hoje, 18h, para bater bola e chutar de primeira, Fernando Santos. Graduado em Hist\u00f3ria, pela Unesp, de Franca, mestre em Hist\u00f3ria, Pontif\u00edcia Universidade Cat\u00f3lica de S\u00e3o Paulo, doutor em Educa\u00e7\u00e3o pela Universidade Federal de S\u00e3o Carlos. Na pauta, os movimentos antifascistas no futebol.<\/p>\n<figure id=\"attachment_4452\" aria-describedby=\"caption-attachment-4452\" style=\"width: 1024px\" class=\"wp-caption aligncenter\"><img loading=\"lazy\" decoding=\"async\" class=\"wp-image-4452 size-large\" src=\"https:\/\/renatodias.online\/movimento\/wp-content\/uploads\/2020\/09\/Torcidas-antifascistas-2-1024x1024.jpeg\" alt=\"Torcidas antifascistas\" width=\"1024\" height=\"1024\" srcset=\"https:\/\/renatodias.online\/movimento\/wp-content\/uploads\/2020\/09\/Torcidas-antifascistas-2-1024x1024.jpeg 1024w, https:\/\/renatodias.online\/movimento\/wp-content\/uploads\/2020\/09\/Torcidas-antifascistas-2-300x300.jpeg 300w, https:\/\/renatodias.online\/movimento\/wp-content\/uploads\/2020\/09\/Torcidas-antifascistas-2-150x150.jpeg 150w, https:\/\/renatodias.online\/movimento\/wp-content\/uploads\/2020\/09\/Torcidas-antifascistas-2-768x769.jpeg 768w, https:\/\/renatodias.online\/movimento\/wp-content\/uploads\/2020\/09\/Torcidas-antifascistas-2-750x751.jpeg 750w, https:\/\/renatodias.online\/movimento\/wp-content\/uploads\/2020\/09\/Torcidas-antifascistas-2-50x50.jpeg 50w, https:\/\/renatodias.online\/movimento\/wp-content\/uploads\/2020\/09\/Torcidas-antifascistas-2-125x125.jpeg 125w, https:\/\/renatodias.online\/movimento\/wp-content\/uploads\/2020\/09\/Torcidas-antifascistas-2-100x100.jpeg 100w, https:\/\/renatodias.online\/movimento\/wp-content\/uploads\/2020\/09\/Torcidas-antifascistas-2-250x250.jpeg 250w, https:\/\/renatodias.online\/movimento\/wp-content\/uploads\/2020\/09\/Torcidas-antifascistas-2.jpeg 1279w\" sizes=\"auto, (max-width: 1024px) 100vw, 1024px\" \/><figcaption id=\"caption-attachment-4452\" class=\"wp-caption-text\">Torcidas antifascistas<\/figcaption><\/figure>\n<p>As manifesta\u00e7\u00f5es de torcedores contra o atual presidente da Rep\u00fablica, Jair Messias Bolsonaro, capit\u00e3o reformado do Ex\u00e9rcito Brasileiro. Em um Tempo Sombrio. Da Pandemia do Coronavirus Covid 19. Com 126 mil mortos contabilizados. Al\u00e9m da escalada fascista. Com uma roupagem neoliberal. de subservi\u00eancia aos EUA. de Donald Trump e o seu guru Steve Bannon.<\/p>\n<figure id=\"attachment_4453\" aria-describedby=\"caption-attachment-4453\" style=\"width: 300px\" class=\"wp-caption aligncenter\"><img loading=\"lazy\" decoding=\"async\" class=\"size-medium wp-image-4453\" src=\"https:\/\/renatodias.online\/movimento\/wp-content\/uploads\/2020\/09\/Jair-Bolsonaro-3-300x180.jpg\" alt=\"\" width=\"300\" height=\"180\" srcset=\"https:\/\/renatodias.online\/movimento\/wp-content\/uploads\/2020\/09\/Jair-Bolsonaro-3-300x180.jpg 300w, https:\/\/renatodias.online\/movimento\/wp-content\/uploads\/2020\/09\/Jair-Bolsonaro-3-1024x615.jpg 1024w, https:\/\/renatodias.online\/movimento\/wp-content\/uploads\/2020\/09\/Jair-Bolsonaro-3-768x461.jpg 768w, https:\/\/renatodias.online\/movimento\/wp-content\/uploads\/2020\/09\/Jair-Bolsonaro-3-750x450.jpg 750w, https:\/\/renatodias.online\/movimento\/wp-content\/uploads\/2020\/09\/Jair-Bolsonaro-3.jpg 1086w\" sizes=\"auto, (max-width: 300px) 100vw, 300px\" \/><figcaption id=\"caption-attachment-4453\" class=\"wp-caption-text\">Jair Bolsonaro<\/figcaption><\/figure>\n<p>Como n\u00e3o pode colocar a chuteira nos p\u00e9s, preferiu pesquisar o futebol e a hist\u00f3ria do Palestra It\u00e1lia, depois a Sociedade Esportiva Palmeiras. O \u2018verd\u00e3o\u2019 do Estado de S\u00e3o Paulo montou a \u2018Academia\u2019. Com Ademir da Guia como o seu maestro. Uma orquestra que possu\u00eda ainda artistas como\u00a0 Le\u00e3o e Leivinha, dono de uma cabe\u00e7ada mortal para os goleiros advers\u00e1rios.<\/p>\n<figure id=\"attachment_4454\" aria-describedby=\"caption-attachment-4454\" style=\"width: 212px\" class=\"wp-caption aligncenter\"><img loading=\"lazy\" decoding=\"async\" class=\"size-medium wp-image-4454\" src=\"https:\/\/renatodias.online\/movimento\/wp-content\/uploads\/2020\/09\/Ademir-da-Guia-4-212x300.jpg\" alt=\"\" width=\"212\" height=\"300\" srcset=\"https:\/\/renatodias.online\/movimento\/wp-content\/uploads\/2020\/09\/Ademir-da-Guia-4-212x300.jpg 212w, https:\/\/renatodias.online\/movimento\/wp-content\/uploads\/2020\/09\/Ademir-da-Guia-4.jpg 362w\" sizes=\"auto, (max-width: 212px) 100vw, 212px\" \/><figcaption id=\"caption-attachment-4454\" class=\"wp-caption-text\">Ademir da Guia<\/figcaption><\/figure>\n<p>Palmeiras e o Mundial<\/p>\n<p>Fernando Santos talvez possa explicar, hoje, nesta segunda-feira, 7 de setembro, de 18h at\u00e9 22h, se o Palmeiras tem ou n\u00e3o um Mundial. Anote na sua agenda virtual do feriado de quarentena e de isolamento social horizontal. O professor da Universidade Federal de Jata\u00ed [UFJ] \u00e9 de linhagem marxista renovada, integra o PCB e defende o \u2018Fora Jair Bolsonaro!\u2019.<\/p>\n<figure id=\"attachment_4455\" aria-describedby=\"caption-attachment-4455\" style=\"width: 300px\" class=\"wp-caption aligncenter\"><img loading=\"lazy\" decoding=\"async\" class=\"wp-image-4455 size-medium\" src=\"https:\/\/renatodias.online\/movimento\/wp-content\/uploads\/2020\/09\/Live-Antifa-5-300x300.jpg\" alt=\"\" width=\"300\" height=\"300\" srcset=\"https:\/\/renatodias.online\/movimento\/wp-content\/uploads\/2020\/09\/Live-Antifa-5-300x300.jpg 300w, https:\/\/renatodias.online\/movimento\/wp-content\/uploads\/2020\/09\/Live-Antifa-5-1024x1024.jpg 1024w, https:\/\/renatodias.online\/movimento\/wp-content\/uploads\/2020\/09\/Live-Antifa-5-150x150.jpg 150w, https:\/\/renatodias.online\/movimento\/wp-content\/uploads\/2020\/09\/Live-Antifa-5-768x768.jpg 768w, https:\/\/renatodias.online\/movimento\/wp-content\/uploads\/2020\/09\/Live-Antifa-5-750x750.jpg 750w, https:\/\/renatodias.online\/movimento\/wp-content\/uploads\/2020\/09\/Live-Antifa-5-50x50.jpg 50w, https:\/\/renatodias.online\/movimento\/wp-content\/uploads\/2020\/09\/Live-Antifa-5-125x125.jpg 125w, https:\/\/renatodias.online\/movimento\/wp-content\/uploads\/2020\/09\/Live-Antifa-5-100x100.jpg 100w, https:\/\/renatodias.online\/movimento\/wp-content\/uploads\/2020\/09\/Live-Antifa-5-250x250.jpg 250w, https:\/\/renatodias.online\/movimento\/wp-content\/uploads\/2020\/09\/Live-Antifa-5.jpg 1080w\" sizes=\"auto, (max-width: 300px) 100vw, 300px\" \/><figcaption id=\"caption-attachment-4455\" class=\"wp-caption-text\">Cartaz da live, hoje, 18h<\/figcaption><\/figure>\n","protected":false},"excerpt":{"rendered":"<p>Live, hoje, 18h \u00e0s 22h Torcidas antifascistas Historiador da Universidade Federal de Jata\u00ed aborda tema pol\u00eamico na plataforma midi\u00e1tica Facebook do \u2018Jornal Poder Popular\u2019 e conta as hist\u00f3rias do \u00a0Palestra It\u00e1lia e do Palmeiras &nbsp; Renato Dias &nbsp; Em seu canal na plataforma midi\u00e1tica do Facebook, o Jornal Poder Popular escala, hoje, 18h, para bater<\/p>\n","protected":false},"author":2,"featured_media":4451,"comment_status":"open","ping_status":"open","sticky":false,"template":"","format":"standard","meta":{"_acf_changed":false,"_monsterinsights_skip_tracking":false,"_monsterinsights_sitenote_active":false,"_monsterinsights_sitenote_note":"","_monsterinsights_sitenote_category":0,"footnotes":""},"categories":[25,33],"tags":[],"class_list":["post-4450","post","type-post","status-publish","format-standard","has-post-thumbnail","hentry","category-agenda","category-esporte"],"acf":[],"yoast_head":"<!-- This site is optimized with the Yoast SEO plugin v27.4 - https:\/\/yoast.com\/product\/yoast-seo-wordpress\/ -->\n<title>Torcidas antifascistas -<\/title>\n<meta name=\"robots\" content=\"index, follow, max-snippet:-1, max-image-preview:large, max-video-preview:-1\" \/>\n<link rel=\"canonical\" href=\"https:\/\/renatodias.online\/movimento\/2020\/09\/07\/torcidas-antifascistas\/\" \/>\n<meta property=\"og:locale\" content=\"pt_BR\" \/>\n<meta property=\"og:type\" content=\"article\" \/>\n<meta property=\"og:title\" content=\"Torcidas antifascistas -\" \/>\n<meta property=\"og:description\" content=\"Live, hoje, 18h \u00e0s 22h Torcidas antifascistas Historiador da Universidade Federal de Jata\u00ed aborda tema pol\u00eamico na plataforma midi\u00e1tica Facebook do \u2018Jornal Poder Popular\u2019 e conta as hist\u00f3rias do \u00a0Palestra It\u00e1lia e do Palmeiras &nbsp; Renato Dias &nbsp; Em seu canal na plataforma midi\u00e1tica do Facebook, o Jornal Poder Popular escala, hoje, 18h, para bater\" \/>\n<meta property=\"og:url\" content=\"https:\/\/renatodias.online\/movimento\/2020\/09\/07\/torcidas-antifascistas\/\" \/>\n<meta property=\"article:publisher\" content=\"https:\/\/www.facebook.com\/renato.dias.37\" \/>\n<meta property=\"article:author\" content=\"https:\/\/www.facebook.com\/renato.dias.37\" \/>\n<meta property=\"article:published_time\" content=\"2020-09-07T12:45:32+00:00\" \/>\n<meta property=\"article:modified_time\" content=\"2020-09-08T12:51:50+00:00\" \/>\n<meta property=\"og:image\" content=\"https:\/\/renatodias.online\/movimento\/wp-content\/uploads\/2020\/09\/Fernando-Santos-_-1.jpg\" \/>\n\t<meta property=\"og:image:width\" content=\"1536\" \/>\n\t<meta property=\"og:image:height\" content=\"2048\" \/>\n\t<meta property=\"og:image:type\" content=\"image\/jpeg\" \/>\n<meta name=\"author\" content=\"Renato Dias\" \/>\n<meta name=\"twitter:card\" content=\"summary_large_image\" \/>\n<meta name=\"twitter:creator\" content=\"@RenatoDiasBat\" \/>\n<meta name=\"twitter:site\" content=\"@RenatoDiasBat\" \/>\n<meta name=\"twitter:label1\" content=\"Escrito por\" \/>\n\t<meta name=\"twitter:data1\" content=\"Renato Dias\" \/>\n\t<meta name=\"twitter:label2\" content=\"Est. tempo de leitura\" \/>\n\t<meta name=\"twitter:data2\" content=\"2 minutos\" \/>\n<script type=\"application\/ld+json\" class=\"yoast-schema-graph\">{\"@context\":\"https:\\\/\\\/schema.org\",\"@graph\":[{\"@type\":\"Article\",\"@id\":\"https:\\\/\\\/renatodias.online\\\/movimento\\\/2020\\\/09\\\/07\\\/torcidas-antifascistas\\\/#article\",\"isPartOf\":{\"@id\":\"https:\\\/\\\/renatodias.online\\\/movimento\\\/2020\\\/09\\\/07\\\/torcidas-antifascistas\\\/\"},\"author\":{\"name\":\"Renato Dias\",\"@id\":\"https:\\\/\\\/renatodias.online\\\/movimento\\\/#\\\/schema\\\/person\\\/bbab28833b1725a20f4083f49f1fb2a9\"},\"headline\":\"Torcidas antifascistas\",\"datePublished\":\"2020-09-07T12:45:32+00:00\",\"dateModified\":\"2020-09-08T12:51:50+00:00\",\"mainEntityOfPage\":{\"@id\":\"https:\\\/\\\/renatodias.online\\\/movimento\\\/2020\\\/09\\\/07\\\/torcidas-antifascistas\\\/\"},\"wordCount\":338,\"commentCount\":0,\"publisher\":{\"@id\":\"https:\\\/\\\/renatodias.online\\\/movimento\\\/#\\\/schema\\\/person\\\/bbab28833b1725a20f4083f49f1fb2a9\"},\"image\":{\"@id\":\"https:\\\/\\\/renatodias.online\\\/movimento\\\/2020\\\/09\\\/07\\\/torcidas-antifascistas\\\/#primaryimage\"},\"thumbnailUrl\":\"https:\\\/\\\/renatodias.online\\\/movimento\\\/wp-content\\\/uploads\\\/2020\\\/09\\\/Fernando-Santos-_-1-e1681410271835.jpg\",\"articleSection\":[\"Agenda\",\"Esporte\"],\"inLanguage\":\"pt-BR\",\"potentialAction\":[{\"@type\":\"CommentAction\",\"name\":\"Comment\",\"target\":[\"https:\\\/\\\/renatodias.online\\\/movimento\\\/2020\\\/09\\\/07\\\/torcidas-antifascistas\\\/#respond\"]}]},{\"@type\":\"WebPage\",\"@id\":\"https:\\\/\\\/renatodias.online\\\/movimento\\\/2020\\\/09\\\/07\\\/torcidas-antifascistas\\\/\",\"url\":\"https:\\\/\\\/renatodias.online\\\/movimento\\\/2020\\\/09\\\/07\\\/torcidas-antifascistas\\\/\",\"name\":\"Torcidas antifascistas -\",\"isPartOf\":{\"@id\":\"https:\\\/\\\/renatodias.online\\\/movimento\\\/#website\"},\"primaryImageOfPage\":{\"@id\":\"https:\\\/\\\/renatodias.online\\\/movimento\\\/2020\\\/09\\\/07\\\/torcidas-antifascistas\\\/#primaryimage\"},\"image\":{\"@id\":\"https:\\\/\\\/renatodias.online\\\/movimento\\\/2020\\\/09\\\/07\\\/torcidas-antifascistas\\\/#primaryimage\"},\"thumbnailUrl\":\"https:\\\/\\\/renatodias.online\\\/movimento\\\/wp-content\\\/uploads\\\/2020\\\/09\\\/Fernando-Santos-_-1-e1681410271835.jpg\",\"datePublished\":\"2020-09-07T12:45:32+00:00\",\"dateModified\":\"2020-09-08T12:51:50+00:00\",\"breadcrumb\":{\"@id\":\"https:\\\/\\\/renatodias.online\\\/movimento\\\/2020\\\/09\\\/07\\\/torcidas-antifascistas\\\/#breadcrumb\"},\"inLanguage\":\"pt-BR\",\"potentialAction\":[{\"@type\":\"ReadAction\",\"target\":[\"https:\\\/\\\/renatodias.online\\\/movimento\\\/2020\\\/09\\\/07\\\/torcidas-antifascistas\\\/\"]}]},{\"@type\":\"ImageObject\",\"inLanguage\":\"pt-BR\",\"@id\":\"https:\\\/\\\/renatodias.online\\\/movimento\\\/2020\\\/09\\\/07\\\/torcidas-antifascistas\\\/#primaryimage\",\"url\":\"https:\\\/\\\/renatodias.online\\\/movimento\\\/wp-content\\\/uploads\\\/2020\\\/09\\\/Fernando-Santos-_-1-e1681410271835.jpg\",\"contentUrl\":\"https:\\\/\\\/renatodias.online\\\/movimento\\\/wp-content\\\/uploads\\\/2020\\\/09\\\/Fernando-Santos-_-1-e1681410271835.jpg\",\"width\":800,\"height\":1067,\"caption\":\"Fernando Santos\"},{\"@type\":\"BreadcrumbList\",\"@id\":\"https:\\\/\\\/renatodias.online\\\/movimento\\\/2020\\\/09\\\/07\\\/torcidas-antifascistas\\\/#breadcrumb\",\"itemListElement\":[{\"@type\":\"ListItem\",\"position\":1,\"name\":\"In\u00edcio\",\"item\":\"https:\\\/\\\/renatodias.online\\\/movimento\\\/\"},{\"@type\":\"ListItem\",\"position\":2,\"name\":\"Torcidas antifascistas\"}]},{\"@type\":\"WebSite\",\"@id\":\"https:\\\/\\\/renatodias.online\\\/movimento\\\/#website\",\"url\":\"https:\\\/\\\/renatodias.online\\\/movimento\\\/\",\"name\":\"\",\"description\":\"\",\"publisher\":{\"@id\":\"https:\\\/\\\/renatodias.online\\\/movimento\\\/#\\\/schema\\\/person\\\/bbab28833b1725a20f4083f49f1fb2a9\"},\"potentialAction\":[{\"@type\":\"SearchAction\",\"target\":{\"@type\":\"EntryPoint\",\"urlTemplate\":\"https:\\\/\\\/renatodias.online\\\/movimento\\\/?s={search_term_string}\"},\"query-input\":{\"@type\":\"PropertyValueSpecification\",\"valueRequired\":true,\"valueName\":\"search_term_string\"}}],\"inLanguage\":\"pt-BR\"},{\"@type\":[\"Person\",\"Organization\"],\"@id\":\"https:\\\/\\\/renatodias.online\\\/movimento\\\/#\\\/schema\\\/person\\\/bbab28833b1725a20f4083f49f1fb2a9\",\"name\":\"Renato Dias\",\"image\":{\"@type\":\"ImageObject\",\"inLanguage\":\"pt-BR\",\"@id\":\"https:\\\/\\\/renatodias.online\\\/movimento\\\/wp-content\\\/uploads\\\/2023\\\/03\\\/cropped-cropped-cropped-logofinal.jpeg\",\"url\":\"https:\\\/\\\/renatodias.online\\\/movimento\\\/wp-content\\\/uploads\\\/2023\\\/03\\\/cropped-cropped-cropped-logofinal.jpeg\",\"contentUrl\":\"https:\\\/\\\/renatodias.online\\\/movimento\\\/wp-content\\\/uploads\\\/2023\\\/03\\\/cropped-cropped-cropped-logofinal.jpeg\",\"width\":1280,\"height\":219,\"caption\":\"Renato Dias\"},\"logo\":{\"@id\":\"https:\\\/\\\/renatodias.online\\\/movimento\\\/wp-content\\\/uploads\\\/2023\\\/03\\\/cropped-cropped-cropped-logofinal.jpeg\"},\"description\":\"Renato Dias, 58 anos, \u00e9 graduado em Jornalismo, formado em Ci\u00eancias Sociais, com p\u00f3s-gradua\u00e7\u00e3o em Pol\u00edticas P\u00fablicas, mestre em Direito e Rela\u00e7\u00f5es Internacionais, ex-aluno extraordin\u00e1rio do Doutorado em Psicologia Social, ex-estudante do Curso de Psican\u00e1lise do Centro de Estudos Psicanal\u00edticos do Estado de Goi\u00e1s, ministrado pelo m\u00e9dico psiquiatra e psicanalista Daniel Em\u00eddio de Souza. \u00c9 autor de 30 livros-reportagem, oito document\u00e1rios, ganhou 30 pr\u00eamios e \u00e9 torcedor apaixonado do maior do Centro-Oeste, o Vila Nova Futebol Clube. Casado com Meirilane Dias, \u00e9 pai de Juliana Dias, jornalista; Daniel Dias, economista; e Maria Rosa Dias, estudante antifascista, socialista e trotskista.\u00a0Com tr\u00eas pets: Porquinho [Bull Dog Franc\u00eas], Dalila [Basset Hound] e Geleia [Basset Hound]. Al\u00e9m do eterno gato Tutuquinho, que virou estrela.\",\"sameAs\":[\"https:\\\/\\\/www.facebook.com\\\/renato.dias.37\",\"#breve\",\"https:\\\/\\\/renatodias.tumblr.com\\\/\"],\"url\":\"https:\\\/\\\/renatodias.online\\\/movimento\\\/author\\\/renatodias\\\/\"}]}<\/script>\n<!-- \/ Yoast SEO plugin. -->","yoast_head_json":{"title":"Torcidas antifascistas -","robots":{"index":"index","follow":"follow","max-snippet":"max-snippet:-1","max-image-preview":"max-image-preview:large","max-video-preview":"max-video-preview:-1"},"canonical":"https:\/\/renatodias.online\/movimento\/2020\/09\/07\/torcidas-antifascistas\/","og_locale":"pt_BR","og_type":"article","og_title":"Torcidas antifascistas -","og_description":"Live, hoje, 18h \u00e0s 22h Torcidas antifascistas Historiador da Universidade Federal de Jata\u00ed aborda tema pol\u00eamico na plataforma midi\u00e1tica Facebook do \u2018Jornal Poder Popular\u2019 e conta as hist\u00f3rias do \u00a0Palestra It\u00e1lia e do Palmeiras &nbsp; Renato Dias &nbsp; Em seu canal na plataforma midi\u00e1tica do Facebook, o Jornal Poder Popular escala, hoje, 18h, para bater","og_url":"https:\/\/renatodias.online\/movimento\/2020\/09\/07\/torcidas-antifascistas\/","article_publisher":"https:\/\/www.facebook.com\/renato.dias.37","article_author":"https:\/\/www.facebook.com\/renato.dias.37","article_published_time":"2020-09-07T12:45:32+00:00","article_modified_time":"2020-09-08T12:51:50+00:00","og_image":[{"width":1536,"height":2048,"url":"https:\/\/renatodias.online\/movimento\/wp-content\/uploads\/2020\/09\/Fernando-Santos-_-1.jpg","type":"image\/jpeg"}],"author":"Renato Dias","twitter_card":"summary_large_image","twitter_creator":"@RenatoDiasBat","twitter_site":"@RenatoDiasBat","twitter_misc":{"Escrito por":"Renato Dias","Est. tempo de leitura":"2 minutos"},"schema":{"@context":"https:\/\/schema.org","@graph":[{"@type":"Article","@id":"https:\/\/renatodias.online\/movimento\/2020\/09\/07\/torcidas-antifascistas\/#article","isPartOf":{"@id":"https:\/\/renatodias.online\/movimento\/2020\/09\/07\/torcidas-antifascistas\/"},"author":{"name":"Renato Dias","@id":"https:\/\/renatodias.online\/movimento\/#\/schema\/person\/bbab28833b1725a20f4083f49f1fb2a9"},"headline":"Torcidas antifascistas","datePublished":"2020-09-07T12:45:32+00:00","dateModified":"2020-09-08T12:51:50+00:00","mainEntityOfPage":{"@id":"https:\/\/renatodias.online\/movimento\/2020\/09\/07\/torcidas-antifascistas\/"},"wordCount":338,"commentCount":0,"publisher":{"@id":"https:\/\/renatodias.online\/movimento\/#\/schema\/person\/bbab28833b1725a20f4083f49f1fb2a9"},"image":{"@id":"https:\/\/renatodias.online\/movimento\/2020\/09\/07\/torcidas-antifascistas\/#primaryimage"},"thumbnailUrl":"https:\/\/renatodias.online\/movimento\/wp-content\/uploads\/2020\/09\/Fernando-Santos-_-1-e1681410271835.jpg","articleSection":["Agenda","Esporte"],"inLanguage":"pt-BR","potentialAction":[{"@type":"CommentAction","name":"Comment","target":["https:\/\/renatodias.online\/movimento\/2020\/09\/07\/torcidas-antifascistas\/#respond"]}]},{"@type":"WebPage","@id":"https:\/\/renatodias.online\/movimento\/2020\/09\/07\/torcidas-antifascistas\/","url":"https:\/\/renatodias.online\/movimento\/2020\/09\/07\/torcidas-antifascistas\/","name":"Torcidas antifascistas -","isPartOf":{"@id":"https:\/\/renatodias.online\/movimento\/#website"},"primaryImageOfPage":{"@id":"https:\/\/renatodias.online\/movimento\/2020\/09\/07\/torcidas-antifascistas\/#primaryimage"},"image":{"@id":"https:\/\/renatodias.online\/movimento\/2020\/09\/07\/torcidas-antifascistas\/#primaryimage"},"thumbnailUrl":"https:\/\/renatodias.online\/movimento\/wp-content\/uploads\/2020\/09\/Fernando-Santos-_-1-e1681410271835.jpg","datePublished":"2020-09-07T12:45:32+00:00","dateModified":"2020-09-08T12:51:50+00:00","breadcrumb":{"@id":"https:\/\/renatodias.online\/movimento\/2020\/09\/07\/torcidas-antifascistas\/#breadcrumb"},"inLanguage":"pt-BR","potentialAction":[{"@type":"ReadAction","target":["https:\/\/renatodias.online\/movimento\/2020\/09\/07\/torcidas-antifascistas\/"]}]},{"@type":"ImageObject","inLanguage":"pt-BR","@id":"https:\/\/renatodias.online\/movimento\/2020\/09\/07\/torcidas-antifascistas\/#primaryimage","url":"https:\/\/renatodias.online\/movimento\/wp-content\/uploads\/2020\/09\/Fernando-Santos-_-1-e1681410271835.jpg","contentUrl":"https:\/\/renatodias.online\/movimento\/wp-content\/uploads\/2020\/09\/Fernando-Santos-_-1-e1681410271835.jpg","width":800,"height":1067,"caption":"Fernando Santos"},{"@type":"BreadcrumbList","@id":"https:\/\/renatodias.online\/movimento\/2020\/09\/07\/torcidas-antifascistas\/#breadcrumb","itemListElement":[{"@type":"ListItem","position":1,"name":"In\u00edcio","item":"https:\/\/renatodias.online\/movimento\/"},{"@type":"ListItem","position":2,"name":"Torcidas antifascistas"}]},{"@type":"WebSite","@id":"https:\/\/renatodias.online\/movimento\/#website","url":"https:\/\/renatodias.online\/movimento\/","name":"","description":"","publisher":{"@id":"https:\/\/renatodias.online\/movimento\/#\/schema\/person\/bbab28833b1725a20f4083f49f1fb2a9"},"potentialAction":[{"@type":"SearchAction","target":{"@type":"EntryPoint","urlTemplate":"https:\/\/renatodias.online\/movimento\/?s={search_term_string}"},"query-input":{"@type":"PropertyValueSpecification","valueRequired":true,"valueName":"search_term_string"}}],"inLanguage":"pt-BR"},{"@type":["Person","Organization"],"@id":"https:\/\/renatodias.online\/movimento\/#\/schema\/person\/bbab28833b1725a20f4083f49f1fb2a9","name":"Renato Dias","image":{"@type":"ImageObject","inLanguage":"pt-BR","@id":"https:\/\/renatodias.online\/movimento\/wp-content\/uploads\/2023\/03\/cropped-cropped-cropped-logofinal.jpeg","url":"https:\/\/renatodias.online\/movimento\/wp-content\/uploads\/2023\/03\/cropped-cropped-cropped-logofinal.jpeg","contentUrl":"https:\/\/renatodias.online\/movimento\/wp-content\/uploads\/2023\/03\/cropped-cropped-cropped-logofinal.jpeg","width":1280,"height":219,"caption":"Renato Dias"},"logo":{"@id":"https:\/\/renatodias.online\/movimento\/wp-content\/uploads\/2023\/03\/cropped-cropped-cropped-logofinal.jpeg"},"description":"Renato Dias, 58 anos, \u00e9 graduado em Jornalismo, formado em Ci\u00eancias Sociais, com p\u00f3s-gradua\u00e7\u00e3o em Pol\u00edticas P\u00fablicas, mestre em Direito e Rela\u00e7\u00f5es Internacionais, ex-aluno extraordin\u00e1rio do Doutorado em Psicologia Social, ex-estudante do Curso de Psican\u00e1lise do Centro de Estudos Psicanal\u00edticos do Estado de Goi\u00e1s, ministrado pelo m\u00e9dico psiquiatra e psicanalista Daniel Em\u00eddio de Souza. \u00c9 autor de 30 livros-reportagem, oito document\u00e1rios, ganhou 30 pr\u00eamios e \u00e9 torcedor apaixonado do maior do Centro-Oeste, o Vila Nova Futebol Clube. Casado com Meirilane Dias, \u00e9 pai de Juliana Dias, jornalista; Daniel Dias, economista; e Maria Rosa Dias, estudante antifascista, socialista e trotskista.\u00a0Com tr\u00eas pets: Porquinho [Bull Dog Franc\u00eas], Dalila [Basset Hound] e Geleia [Basset Hound]. Al\u00e9m do eterno gato Tutuquinho, que virou estrela.","sameAs":["https:\/\/www.facebook.com\/renato.dias.37","#breve","https:\/\/renatodias.tumblr.com\/"],"url":"https:\/\/renatodias.online\/movimento\/author\/renatodias\/"}]}},"_links":{"self":[{"href":"https:\/\/renatodias.online\/movimento\/wp-json\/wp\/v2\/posts\/4450","targetHints":{"allow":["GET"]}}],"collection":[{"href":"https:\/\/renatodias.online\/movimento\/wp-json\/wp\/v2\/posts"}],"about":[{"href":"https:\/\/renatodias.online\/movimento\/wp-json\/wp\/v2\/types\/post"}],"author":[{"embeddable":true,"href":"https:\/\/renatodias.online\/movimento\/wp-json\/wp\/v2\/users\/2"}],"replies":[{"embeddable":true,"href":"https:\/\/renatodias.online\/movimento\/wp-json\/wp\/v2\/comments?post=4450"}],"version-history":[{"count":1,"href":"https:\/\/renatodias.online\/movimento\/wp-json\/wp\/v2\/posts\/4450\/revisions"}],"predecessor-version":[{"id":4456,"href":"https:\/\/renatodias.online\/movimento\/wp-json\/wp\/v2\/posts\/4450\/revisions\/4456"}],"wp:featuredmedia":[{"embeddable":true,"href":"https:\/\/renatodias.online\/movimento\/wp-json\/wp\/v2\/media\/4451"}],"wp:attachment":[{"href":"https:\/\/renatodias.online\/movimento\/wp-json\/wp\/v2\/media?parent=4450"}],"wp:term":[{"taxonomy":"category","embeddable":true,"href":"https:\/\/renatodias.online\/movimento\/wp-json\/wp\/v2\/categories?post=4450"},{"taxonomy":"post_tag","embeddable":true,"href":"https:\/\/renatodias.online\/movimento\/wp-json\/wp\/v2\/tags?post=4450"}],"curies":[{"name":"wp","href":"https:\/\/api.w.org\/{rel}","templated":true}]}}