{"id":4374,"date":"2020-09-03T17:28:19","date_gmt":"2020-09-03T20:28:19","guid":{"rendered":"https:\/\/renatodias.online\/movimento\/?p=4374"},"modified":"2020-09-03T17:29:54","modified_gmt":"2020-09-03T20:29:54","slug":"educacao-no-brasil-e-portugal-sob-pandemia","status":"publish","type":"post","link":"https:\/\/renatodias.online\/movimento\/2020\/09\/03\/educacao-no-brasil-e-portugal-sob-pandemia\/","title":{"rendered":"Educa\u00e7\u00e3o no Brasil e Portugal sob Pandemia"},"content":{"rendered":"<p><span style=\"color: #ff0000;\"><em><strong>A crise em live<\/strong><\/em><\/span><\/p>\n<h1><strong>Educa\u00e7\u00e3o no Brasil e<\/strong><\/h1>\n<h1><strong>Portugal sob Pandemia<\/strong><\/h1>\n<p><strong>\u00a0<\/strong><\/p>\n<p><strong>Renato Dias<\/strong><\/p>\n<p>Graduada em Pedagogia na Pontif\u00edcia Universidade Cat\u00f3lica de Goi\u00e1s, ex-UCG, mestre e doutora em Ci\u00eancias da Educa\u00e7\u00e3o, a professora da rede municipal de ensino de Goi\u00e2nia, <strong>Jacqueline Cunha<\/strong>, participa de uma live especial, dia 8 de setembro, de 2020, j\u00e1 na pr\u00f3xima ter\u00e7a-feira, \u00e0s 17h, no Instagram _ @Jacquelinecunha50.<\/p>\n<figure id=\"attachment_4376\" aria-describedby=\"caption-attachment-4376\" style=\"width: 512px\" class=\"wp-caption aligncenter\"><img loading=\"lazy\" decoding=\"async\" class=\"wp-image-4376 size-full\" src=\"https:\/\/renatodias.online\/movimento\/wp-content\/uploads\/2020\/09\/Goi\u00e2nia-Educa\u00e7\u00e3o-sob-a-Pandemia-2.jpg\" alt=\"Goi\u00e2nia\" width=\"512\" height=\"308\" srcset=\"https:\/\/renatodias.online\/movimento\/wp-content\/uploads\/2020\/09\/Goi\u00e2nia-Educa\u00e7\u00e3o-sob-a-Pandemia-2.jpg 512w, https:\/\/renatodias.online\/movimento\/wp-content\/uploads\/2020\/09\/Goi\u00e2nia-Educa\u00e7\u00e3o-sob-a-Pandemia-2-300x180.jpg 300w\" sizes=\"auto, (max-width: 512px) 100vw, 512px\" \/><figcaption id=\"caption-attachment-4376\" class=\"wp-caption-text\">Goi\u00e2nia<\/figcaption><\/figure>\n<p>O tema \u00e9 instigante, informa a pesquisadora. Ela \u00e9 autora de livros. Uma adepta das ideias do educador libert\u00e1rio Paulo Freire. \u2018A Educa\u00e7\u00e3o em Tempos Sombrios da Pandemia do Coronavirus Covid 19\u2019. Abordagens espec\u00edficas. Dos casos de Brasil e de Portugal. O Brasil j\u00e1 atingiu a marca de 125 mil mortos. Dados do Cons\u00f3rcio de Comunica\u00e7\u00e3o Nacional.<\/p>\n<figure id=\"attachment_4377\" aria-describedby=\"caption-attachment-4377\" style=\"width: 450px\" class=\"wp-caption aligncenter\"><img loading=\"lazy\" decoding=\"async\" class=\"wp-image-4377\" src=\"https:\/\/renatodias.online\/movimento\/wp-content\/uploads\/2020\/09\/Lisboa-3-300x225.jpg\" alt=\"Lisboa\" width=\"450\" height=\"337\" srcset=\"https:\/\/renatodias.online\/movimento\/wp-content\/uploads\/2020\/09\/Lisboa-3-300x225.jpg 300w, https:\/\/renatodias.online\/movimento\/wp-content\/uploads\/2020\/09\/Lisboa-3-768x576.jpg 768w, https:\/\/renatodias.online\/movimento\/wp-content\/uploads\/2020\/09\/Lisboa-3-750x562.jpg 750w, https:\/\/renatodias.online\/movimento\/wp-content\/uploads\/2020\/09\/Lisboa-3.jpg 811w\" sizes=\"auto, (max-width: 450px) 100vw, 450px\" \/><figcaption id=\"caption-attachment-4377\" class=\"wp-caption-text\">Lisboa<\/figcaption><\/figure>\n<p><strong>Convite especial<\/strong><\/p>\n<p>O convidado especial \u00e9 <strong>Antonio Teodoro<\/strong>. Conceituado doutor em Ci\u00eancias da Educa\u00e7\u00e3o. Diretor do Centro de Estudos Interdisciplinares em Educa\u00e7\u00e3o e Desenvolvimento do Instituto Lus\u00f3fono. Da Universidade Lus\u00f3fona. Diretor da Revista Lus\u00f3fona de Educa\u00e7\u00e3o. Membro do Conselho Editorial de publica\u00e7\u00f5es cient\u00edficas. Em Portugal, Brasil, EUA e Fran\u00e7a.<\/p>\n<figure id=\"attachment_4378\" aria-describedby=\"caption-attachment-4378\" style=\"width: 794px\" class=\"wp-caption aligncenter\"><img loading=\"lazy\" decoding=\"async\" class=\"wp-image-4378 \" src=\"https:\/\/renatodias.online\/movimento\/wp-content\/uploads\/2020\/09\/Cartaz-da-live-Educa\u00e7\u00e3o-4.jpg\" alt=\"\" width=\"794\" height=\"446\" srcset=\"https:\/\/renatodias.online\/movimento\/wp-content\/uploads\/2020\/09\/Cartaz-da-live-Educa\u00e7\u00e3o-4.jpg 1280w, https:\/\/renatodias.online\/movimento\/wp-content\/uploads\/2020\/09\/Cartaz-da-live-Educa\u00e7\u00e3o-4-300x169.jpg 300w, https:\/\/renatodias.online\/movimento\/wp-content\/uploads\/2020\/09\/Cartaz-da-live-Educa\u00e7\u00e3o-4-1024x576.jpg 1024w, https:\/\/renatodias.online\/movimento\/wp-content\/uploads\/2020\/09\/Cartaz-da-live-Educa\u00e7\u00e3o-4-768x432.jpg 768w, https:\/\/renatodias.online\/movimento\/wp-content\/uploads\/2020\/09\/Cartaz-da-live-Educa\u00e7\u00e3o-4-750x422.jpg 750w\" sizes=\"auto, (max-width: 794px) 100vw, 794px\" \/><figcaption id=\"caption-attachment-4378\" class=\"wp-caption-text\">Cartaz-da-live-Educa\u00e7\u00e3o<\/figcaption><\/figure>\n","protected":false},"excerpt":{"rendered":"<p>A crise em live Educa\u00e7\u00e3o no Brasil e Portugal sob Pandemia \u00a0 Renato Dias Graduada em Pedagogia na Pontif\u00edcia Universidade Cat\u00f3lica de Goi\u00e1s, ex-UCG, mestre e doutora em Ci\u00eancias da Educa\u00e7\u00e3o, a professora da rede municipal de ensino de Goi\u00e2nia, Jacqueline Cunha, participa de uma live especial, dia 8 de setembro, de 2020, j\u00e1 na<\/p>\n","protected":false},"author":2,"featured_media":4375,"comment_status":"open","ping_status":"open","sticky":false,"template":"","format":"standard","meta":{"_acf_changed":false,"_monsterinsights_skip_tracking":false,"_monsterinsights_sitenote_active":false,"_monsterinsights_sitenote_note":"","_monsterinsights_sitenote_category":0,"footnotes":""},"categories":[25,28],"tags":[],"class_list":["post-4374","post","type-post","status-publish","format-standard","has-post-thumbnail","hentry","category-agenda","category-cultura"],"acf":[],"yoast_head":"<!-- This site is optimized with the Yoast SEO plugin v27.4 - https:\/\/yoast.com\/product\/yoast-seo-wordpress\/ -->\n<title>Educa\u00e7\u00e3o no Brasil e Portugal sob Pandemia -<\/title>\n<meta name=\"robots\" content=\"index, follow, max-snippet:-1, max-image-preview:large, max-video-preview:-1\" \/>\n<link rel=\"canonical\" href=\"https:\/\/renatodias.online\/movimento\/2020\/09\/03\/educacao-no-brasil-e-portugal-sob-pandemia\/\" \/>\n<meta property=\"og:locale\" content=\"pt_BR\" \/>\n<meta property=\"og:type\" content=\"article\" \/>\n<meta property=\"og:title\" content=\"Educa\u00e7\u00e3o no Brasil e Portugal sob Pandemia -\" \/>\n<meta property=\"og:description\" content=\"A crise em live Educa\u00e7\u00e3o no Brasil e Portugal sob Pandemia \u00a0 Renato Dias Graduada em Pedagogia na Pontif\u00edcia Universidade Cat\u00f3lica de Goi\u00e1s, ex-UCG, mestre e doutora em Ci\u00eancias da Educa\u00e7\u00e3o, a professora da rede municipal de ensino de Goi\u00e2nia, Jacqueline Cunha, participa de uma live especial, dia 8 de setembro, de 2020, j\u00e1 na\" \/>\n<meta property=\"og:url\" content=\"https:\/\/renatodias.online\/movimento\/2020\/09\/03\/educacao-no-brasil-e-portugal-sob-pandemia\/\" \/>\n<meta property=\"article:publisher\" content=\"https:\/\/www.facebook.com\/renato.dias.37\" \/>\n<meta property=\"article:author\" content=\"https:\/\/www.facebook.com\/renato.dias.37\" \/>\n<meta property=\"article:published_time\" content=\"2020-09-03T20:28:19+00:00\" \/>\n<meta property=\"article:modified_time\" content=\"2020-09-03T20:29:54+00:00\" \/>\n<meta property=\"og:image\" content=\"https:\/\/renatodias.online\/movimento\/wp-content\/uploads\/2020\/09\/Jacqueline-Cunha-1.jpg\" \/>\n\t<meta property=\"og:image:width\" content=\"512\" \/>\n\t<meta property=\"og:image:height\" content=\"512\" \/>\n\t<meta property=\"og:image:type\" content=\"image\/jpeg\" \/>\n<meta name=\"author\" content=\"Renato Dias\" \/>\n<meta name=\"twitter:card\" content=\"summary_large_image\" \/>\n<meta name=\"twitter:creator\" content=\"@RenatoDiasBat\" \/>\n<meta name=\"twitter:site\" content=\"@RenatoDiasBat\" \/>\n<meta name=\"twitter:label1\" content=\"Escrito por\" \/>\n\t<meta name=\"twitter:data1\" content=\"Renato Dias\" \/>\n\t<meta name=\"twitter:label2\" content=\"Est. tempo de leitura\" \/>\n\t<meta name=\"twitter:data2\" content=\"1 minuto\" \/>\n<script type=\"application\/ld+json\" class=\"yoast-schema-graph\">{\"@context\":\"https:\\\/\\\/schema.org\",\"@graph\":[{\"@type\":\"Article\",\"@id\":\"https:\\\/\\\/renatodias.online\\\/movimento\\\/2020\\\/09\\\/03\\\/educacao-no-brasil-e-portugal-sob-pandemia\\\/#article\",\"isPartOf\":{\"@id\":\"https:\\\/\\\/renatodias.online\\\/movimento\\\/2020\\\/09\\\/03\\\/educacao-no-brasil-e-portugal-sob-pandemia\\\/\"},\"author\":{\"name\":\"Renato Dias\",\"@id\":\"https:\\\/\\\/renatodias.online\\\/movimento\\\/#\\\/schema\\\/person\\\/bbab28833b1725a20f4083f49f1fb2a9\"},\"headline\":\"Educa\u00e7\u00e3o no Brasil e Portugal sob Pandemia\",\"datePublished\":\"2020-09-03T20:28:19+00:00\",\"dateModified\":\"2020-09-03T20:29:54+00:00\",\"mainEntityOfPage\":{\"@id\":\"https:\\\/\\\/renatodias.online\\\/movimento\\\/2020\\\/09\\\/03\\\/educacao-no-brasil-e-portugal-sob-pandemia\\\/\"},\"wordCount\":218,\"commentCount\":0,\"publisher\":{\"@id\":\"https:\\\/\\\/renatodias.online\\\/movimento\\\/#\\\/schema\\\/person\\\/bbab28833b1725a20f4083f49f1fb2a9\"},\"image\":{\"@id\":\"https:\\\/\\\/renatodias.online\\\/movimento\\\/2020\\\/09\\\/03\\\/educacao-no-brasil-e-portugal-sob-pandemia\\\/#primaryimage\"},\"thumbnailUrl\":\"https:\\\/\\\/renatodias.online\\\/movimento\\\/wp-content\\\/uploads\\\/2020\\\/09\\\/Jacqueline-Cunha-1.jpg\",\"articleSection\":[\"Agenda\",\"Cultura\"],\"inLanguage\":\"pt-BR\",\"potentialAction\":[{\"@type\":\"CommentAction\",\"name\":\"Comment\",\"target\":[\"https:\\\/\\\/renatodias.online\\\/movimento\\\/2020\\\/09\\\/03\\\/educacao-no-brasil-e-portugal-sob-pandemia\\\/#respond\"]}]},{\"@type\":\"WebPage\",\"@id\":\"https:\\\/\\\/renatodias.online\\\/movimento\\\/2020\\\/09\\\/03\\\/educacao-no-brasil-e-portugal-sob-pandemia\\\/\",\"url\":\"https:\\\/\\\/renatodias.online\\\/movimento\\\/2020\\\/09\\\/03\\\/educacao-no-brasil-e-portugal-sob-pandemia\\\/\",\"name\":\"Educa\u00e7\u00e3o no Brasil e Portugal sob Pandemia -\",\"isPartOf\":{\"@id\":\"https:\\\/\\\/renatodias.online\\\/movimento\\\/#website\"},\"primaryImageOfPage\":{\"@id\":\"https:\\\/\\\/renatodias.online\\\/movimento\\\/2020\\\/09\\\/03\\\/educacao-no-brasil-e-portugal-sob-pandemia\\\/#primaryimage\"},\"image\":{\"@id\":\"https:\\\/\\\/renatodias.online\\\/movimento\\\/2020\\\/09\\\/03\\\/educacao-no-brasil-e-portugal-sob-pandemia\\\/#primaryimage\"},\"thumbnailUrl\":\"https:\\\/\\\/renatodias.online\\\/movimento\\\/wp-content\\\/uploads\\\/2020\\\/09\\\/Jacqueline-Cunha-1.jpg\",\"datePublished\":\"2020-09-03T20:28:19+00:00\",\"dateModified\":\"2020-09-03T20:29:54+00:00\",\"breadcrumb\":{\"@id\":\"https:\\\/\\\/renatodias.online\\\/movimento\\\/2020\\\/09\\\/03\\\/educacao-no-brasil-e-portugal-sob-pandemia\\\/#breadcrumb\"},\"inLanguage\":\"pt-BR\",\"potentialAction\":[{\"@type\":\"ReadAction\",\"target\":[\"https:\\\/\\\/renatodias.online\\\/movimento\\\/2020\\\/09\\\/03\\\/educacao-no-brasil-e-portugal-sob-pandemia\\\/\"]}]},{\"@type\":\"ImageObject\",\"inLanguage\":\"pt-BR\",\"@id\":\"https:\\\/\\\/renatodias.online\\\/movimento\\\/2020\\\/09\\\/03\\\/educacao-no-brasil-e-portugal-sob-pandemia\\\/#primaryimage\",\"url\":\"https:\\\/\\\/renatodias.online\\\/movimento\\\/wp-content\\\/uploads\\\/2020\\\/09\\\/Jacqueline-Cunha-1.jpg\",\"contentUrl\":\"https:\\\/\\\/renatodias.online\\\/movimento\\\/wp-content\\\/uploads\\\/2020\\\/09\\\/Jacqueline-Cunha-1.jpg\",\"width\":512,\"height\":512,\"caption\":\"Jacqueline Cunha\"},{\"@type\":\"BreadcrumbList\",\"@id\":\"https:\\\/\\\/renatodias.online\\\/movimento\\\/2020\\\/09\\\/03\\\/educacao-no-brasil-e-portugal-sob-pandemia\\\/#breadcrumb\",\"itemListElement\":[{\"@type\":\"ListItem\",\"position\":1,\"name\":\"In\u00edcio\",\"item\":\"https:\\\/\\\/renatodias.online\\\/movimento\\\/\"},{\"@type\":\"ListItem\",\"position\":2,\"name\":\"Educa\u00e7\u00e3o no Brasil e Portugal sob Pandemia\"}]},{\"@type\":\"WebSite\",\"@id\":\"https:\\\/\\\/renatodias.online\\\/movimento\\\/#website\",\"url\":\"https:\\\/\\\/renatodias.online\\\/movimento\\\/\",\"name\":\"\",\"description\":\"\",\"publisher\":{\"@id\":\"https:\\\/\\\/renatodias.online\\\/movimento\\\/#\\\/schema\\\/person\\\/bbab28833b1725a20f4083f49f1fb2a9\"},\"potentialAction\":[{\"@type\":\"SearchAction\",\"target\":{\"@type\":\"EntryPoint\",\"urlTemplate\":\"https:\\\/\\\/renatodias.online\\\/movimento\\\/?s={search_term_string}\"},\"query-input\":{\"@type\":\"PropertyValueSpecification\",\"valueRequired\":true,\"valueName\":\"search_term_string\"}}],\"inLanguage\":\"pt-BR\"},{\"@type\":[\"Person\",\"Organization\"],\"@id\":\"https:\\\/\\\/renatodias.online\\\/movimento\\\/#\\\/schema\\\/person\\\/bbab28833b1725a20f4083f49f1fb2a9\",\"name\":\"Renato Dias\",\"image\":{\"@type\":\"ImageObject\",\"inLanguage\":\"pt-BR\",\"@id\":\"https:\\\/\\\/renatodias.online\\\/movimento\\\/wp-content\\\/uploads\\\/2023\\\/03\\\/cropped-cropped-cropped-logofinal.jpeg\",\"url\":\"https:\\\/\\\/renatodias.online\\\/movimento\\\/wp-content\\\/uploads\\\/2023\\\/03\\\/cropped-cropped-cropped-logofinal.jpeg\",\"contentUrl\":\"https:\\\/\\\/renatodias.online\\\/movimento\\\/wp-content\\\/uploads\\\/2023\\\/03\\\/cropped-cropped-cropped-logofinal.jpeg\",\"width\":1280,\"height\":219,\"caption\":\"Renato Dias\"},\"logo\":{\"@id\":\"https:\\\/\\\/renatodias.online\\\/movimento\\\/wp-content\\\/uploads\\\/2023\\\/03\\\/cropped-cropped-cropped-logofinal.jpeg\"},\"description\":\"Renato Dias, 58 anos, \u00e9 graduado em Jornalismo, formado em Ci\u00eancias Sociais, com p\u00f3s-gradua\u00e7\u00e3o em Pol\u00edticas P\u00fablicas, mestre em Direito e Rela\u00e7\u00f5es Internacionais, ex-aluno extraordin\u00e1rio do Doutorado em Psicologia Social, ex-estudante do Curso de Psican\u00e1lise do Centro de Estudos Psicanal\u00edticos do Estado de Goi\u00e1s, ministrado pelo m\u00e9dico psiquiatra e psicanalista Daniel Em\u00eddio de Souza. \u00c9 autor de 30 livros-reportagem, oito document\u00e1rios, ganhou 30 pr\u00eamios e \u00e9 torcedor apaixonado do maior do Centro-Oeste, o Vila Nova Futebol Clube. Casado com Meirilane Dias, \u00e9 pai de Juliana Dias, jornalista; Daniel Dias, economista; e Maria Rosa Dias, estudante antifascista, socialista e trotskista.\u00a0Com tr\u00eas pets: Porquinho [Bull Dog Franc\u00eas], Dalila [Basset Hound] e Geleia [Basset Hound]. Al\u00e9m do eterno gato Tutuquinho, que virou estrela.\",\"sameAs\":[\"https:\\\/\\\/www.facebook.com\\\/renato.dias.37\",\"#breve\",\"https:\\\/\\\/renatodias.tumblr.com\\\/\"],\"url\":\"https:\\\/\\\/renatodias.online\\\/movimento\\\/author\\\/renatodias\\\/\"}]}<\/script>\n<!-- \/ Yoast SEO plugin. -->","yoast_head_json":{"title":"Educa\u00e7\u00e3o no Brasil e Portugal sob Pandemia -","robots":{"index":"index","follow":"follow","max-snippet":"max-snippet:-1","max-image-preview":"max-image-preview:large","max-video-preview":"max-video-preview:-1"},"canonical":"https:\/\/renatodias.online\/movimento\/2020\/09\/03\/educacao-no-brasil-e-portugal-sob-pandemia\/","og_locale":"pt_BR","og_type":"article","og_title":"Educa\u00e7\u00e3o no Brasil e Portugal sob Pandemia -","og_description":"A crise em live Educa\u00e7\u00e3o no Brasil e Portugal sob Pandemia \u00a0 Renato Dias Graduada em Pedagogia na Pontif\u00edcia Universidade Cat\u00f3lica de Goi\u00e1s, ex-UCG, mestre e doutora em Ci\u00eancias da Educa\u00e7\u00e3o, a professora da rede municipal de ensino de Goi\u00e2nia, Jacqueline Cunha, participa de uma live especial, dia 8 de setembro, de 2020, j\u00e1 na","og_url":"https:\/\/renatodias.online\/movimento\/2020\/09\/03\/educacao-no-brasil-e-portugal-sob-pandemia\/","article_publisher":"https:\/\/www.facebook.com\/renato.dias.37","article_author":"https:\/\/www.facebook.com\/renato.dias.37","article_published_time":"2020-09-03T20:28:19+00:00","article_modified_time":"2020-09-03T20:29:54+00:00","og_image":[{"width":512,"height":512,"url":"https:\/\/renatodias.online\/movimento\/wp-content\/uploads\/2020\/09\/Jacqueline-Cunha-1.jpg","type":"image\/jpeg"}],"author":"Renato Dias","twitter_card":"summary_large_image","twitter_creator":"@RenatoDiasBat","twitter_site":"@RenatoDiasBat","twitter_misc":{"Escrito por":"Renato Dias","Est. tempo de leitura":"1 minuto"},"schema":{"@context":"https:\/\/schema.org","@graph":[{"@type":"Article","@id":"https:\/\/renatodias.online\/movimento\/2020\/09\/03\/educacao-no-brasil-e-portugal-sob-pandemia\/#article","isPartOf":{"@id":"https:\/\/renatodias.online\/movimento\/2020\/09\/03\/educacao-no-brasil-e-portugal-sob-pandemia\/"},"author":{"name":"Renato Dias","@id":"https:\/\/renatodias.online\/movimento\/#\/schema\/person\/bbab28833b1725a20f4083f49f1fb2a9"},"headline":"Educa\u00e7\u00e3o no Brasil e Portugal sob Pandemia","datePublished":"2020-09-03T20:28:19+00:00","dateModified":"2020-09-03T20:29:54+00:00","mainEntityOfPage":{"@id":"https:\/\/renatodias.online\/movimento\/2020\/09\/03\/educacao-no-brasil-e-portugal-sob-pandemia\/"},"wordCount":218,"commentCount":0,"publisher":{"@id":"https:\/\/renatodias.online\/movimento\/#\/schema\/person\/bbab28833b1725a20f4083f49f1fb2a9"},"image":{"@id":"https:\/\/renatodias.online\/movimento\/2020\/09\/03\/educacao-no-brasil-e-portugal-sob-pandemia\/#primaryimage"},"thumbnailUrl":"https:\/\/renatodias.online\/movimento\/wp-content\/uploads\/2020\/09\/Jacqueline-Cunha-1.jpg","articleSection":["Agenda","Cultura"],"inLanguage":"pt-BR","potentialAction":[{"@type":"CommentAction","name":"Comment","target":["https:\/\/renatodias.online\/movimento\/2020\/09\/03\/educacao-no-brasil-e-portugal-sob-pandemia\/#respond"]}]},{"@type":"WebPage","@id":"https:\/\/renatodias.online\/movimento\/2020\/09\/03\/educacao-no-brasil-e-portugal-sob-pandemia\/","url":"https:\/\/renatodias.online\/movimento\/2020\/09\/03\/educacao-no-brasil-e-portugal-sob-pandemia\/","name":"Educa\u00e7\u00e3o no Brasil e Portugal sob Pandemia -","isPartOf":{"@id":"https:\/\/renatodias.online\/movimento\/#website"},"primaryImageOfPage":{"@id":"https:\/\/renatodias.online\/movimento\/2020\/09\/03\/educacao-no-brasil-e-portugal-sob-pandemia\/#primaryimage"},"image":{"@id":"https:\/\/renatodias.online\/movimento\/2020\/09\/03\/educacao-no-brasil-e-portugal-sob-pandemia\/#primaryimage"},"thumbnailUrl":"https:\/\/renatodias.online\/movimento\/wp-content\/uploads\/2020\/09\/Jacqueline-Cunha-1.jpg","datePublished":"2020-09-03T20:28:19+00:00","dateModified":"2020-09-03T20:29:54+00:00","breadcrumb":{"@id":"https:\/\/renatodias.online\/movimento\/2020\/09\/03\/educacao-no-brasil-e-portugal-sob-pandemia\/#breadcrumb"},"inLanguage":"pt-BR","potentialAction":[{"@type":"ReadAction","target":["https:\/\/renatodias.online\/movimento\/2020\/09\/03\/educacao-no-brasil-e-portugal-sob-pandemia\/"]}]},{"@type":"ImageObject","inLanguage":"pt-BR","@id":"https:\/\/renatodias.online\/movimento\/2020\/09\/03\/educacao-no-brasil-e-portugal-sob-pandemia\/#primaryimage","url":"https:\/\/renatodias.online\/movimento\/wp-content\/uploads\/2020\/09\/Jacqueline-Cunha-1.jpg","contentUrl":"https:\/\/renatodias.online\/movimento\/wp-content\/uploads\/2020\/09\/Jacqueline-Cunha-1.jpg","width":512,"height":512,"caption":"Jacqueline Cunha"},{"@type":"BreadcrumbList","@id":"https:\/\/renatodias.online\/movimento\/2020\/09\/03\/educacao-no-brasil-e-portugal-sob-pandemia\/#breadcrumb","itemListElement":[{"@type":"ListItem","position":1,"name":"In\u00edcio","item":"https:\/\/renatodias.online\/movimento\/"},{"@type":"ListItem","position":2,"name":"Educa\u00e7\u00e3o no Brasil e Portugal sob Pandemia"}]},{"@type":"WebSite","@id":"https:\/\/renatodias.online\/movimento\/#website","url":"https:\/\/renatodias.online\/movimento\/","name":"","description":"","publisher":{"@id":"https:\/\/renatodias.online\/movimento\/#\/schema\/person\/bbab28833b1725a20f4083f49f1fb2a9"},"potentialAction":[{"@type":"SearchAction","target":{"@type":"EntryPoint","urlTemplate":"https:\/\/renatodias.online\/movimento\/?s={search_term_string}"},"query-input":{"@type":"PropertyValueSpecification","valueRequired":true,"valueName":"search_term_string"}}],"inLanguage":"pt-BR"},{"@type":["Person","Organization"],"@id":"https:\/\/renatodias.online\/movimento\/#\/schema\/person\/bbab28833b1725a20f4083f49f1fb2a9","name":"Renato Dias","image":{"@type":"ImageObject","inLanguage":"pt-BR","@id":"https:\/\/renatodias.online\/movimento\/wp-content\/uploads\/2023\/03\/cropped-cropped-cropped-logofinal.jpeg","url":"https:\/\/renatodias.online\/movimento\/wp-content\/uploads\/2023\/03\/cropped-cropped-cropped-logofinal.jpeg","contentUrl":"https:\/\/renatodias.online\/movimento\/wp-content\/uploads\/2023\/03\/cropped-cropped-cropped-logofinal.jpeg","width":1280,"height":219,"caption":"Renato Dias"},"logo":{"@id":"https:\/\/renatodias.online\/movimento\/wp-content\/uploads\/2023\/03\/cropped-cropped-cropped-logofinal.jpeg"},"description":"Renato Dias, 58 anos, \u00e9 graduado em Jornalismo, formado em Ci\u00eancias Sociais, com p\u00f3s-gradua\u00e7\u00e3o em Pol\u00edticas P\u00fablicas, mestre em Direito e Rela\u00e7\u00f5es Internacionais, ex-aluno extraordin\u00e1rio do Doutorado em Psicologia Social, ex-estudante do Curso de Psican\u00e1lise do Centro de Estudos Psicanal\u00edticos do Estado de Goi\u00e1s, ministrado pelo m\u00e9dico psiquiatra e psicanalista Daniel Em\u00eddio de Souza. \u00c9 autor de 30 livros-reportagem, oito document\u00e1rios, ganhou 30 pr\u00eamios e \u00e9 torcedor apaixonado do maior do Centro-Oeste, o Vila Nova Futebol Clube. Casado com Meirilane Dias, \u00e9 pai de Juliana Dias, jornalista; Daniel Dias, economista; e Maria Rosa Dias, estudante antifascista, socialista e trotskista.\u00a0Com tr\u00eas pets: Porquinho [Bull Dog Franc\u00eas], Dalila [Basset Hound] e Geleia [Basset Hound]. Al\u00e9m do eterno gato Tutuquinho, que virou estrela.","sameAs":["https:\/\/www.facebook.com\/renato.dias.37","#breve","https:\/\/renatodias.tumblr.com\/"],"url":"https:\/\/renatodias.online\/movimento\/author\/renatodias\/"}]}},"_links":{"self":[{"href":"https:\/\/renatodias.online\/movimento\/wp-json\/wp\/v2\/posts\/4374","targetHints":{"allow":["GET"]}}],"collection":[{"href":"https:\/\/renatodias.online\/movimento\/wp-json\/wp\/v2\/posts"}],"about":[{"href":"https:\/\/renatodias.online\/movimento\/wp-json\/wp\/v2\/types\/post"}],"author":[{"embeddable":true,"href":"https:\/\/renatodias.online\/movimento\/wp-json\/wp\/v2\/users\/2"}],"replies":[{"embeddable":true,"href":"https:\/\/renatodias.online\/movimento\/wp-json\/wp\/v2\/comments?post=4374"}],"version-history":[{"count":3,"href":"https:\/\/renatodias.online\/movimento\/wp-json\/wp\/v2\/posts\/4374\/revisions"}],"predecessor-version":[{"id":4381,"href":"https:\/\/renatodias.online\/movimento\/wp-json\/wp\/v2\/posts\/4374\/revisions\/4381"}],"wp:featuredmedia":[{"embeddable":true,"href":"https:\/\/renatodias.online\/movimento\/wp-json\/wp\/v2\/media\/4375"}],"wp:attachment":[{"href":"https:\/\/renatodias.online\/movimento\/wp-json\/wp\/v2\/media?parent=4374"}],"wp:term":[{"taxonomy":"category","embeddable":true,"href":"https:\/\/renatodias.online\/movimento\/wp-json\/wp\/v2\/categories?post=4374"},{"taxonomy":"post_tag","embeddable":true,"href":"https:\/\/renatodias.online\/movimento\/wp-json\/wp\/v2\/tags?post=4374"}],"curies":[{"name":"wp","href":"https:\/\/api.w.org\/{rel}","templated":true}]}}