{"id":4306,"date":"2020-08-28T19:26:55","date_gmt":"2020-08-28T22:26:55","guid":{"rendered":"https:\/\/renatodias.online\/movimento\/?p=4306"},"modified":"2020-08-28T19:41:49","modified_gmt":"2020-08-28T22:41:49","slug":"o-que-resta-da-ditadura-vozes-do-silencio-lanca-campanha","status":"publish","type":"post","link":"https:\/\/renatodias.online\/movimento\/2020\/08\/28\/o-que-resta-da-ditadura-vozes-do-silencio-lanca-campanha\/","title":{"rendered":"O que resta da ditadura? Vozes do sil\u00eancio lan\u00e7a campanha"},"content":{"rendered":"<h1><strong>O que resta da ditadura?<\/strong><\/h1>\n<h1><strong>Vozes do sil\u00eancio lan\u00e7a campanha<\/strong><\/h1>\n<p>&nbsp;<\/p>\n<p><strong>Live, neste s\u00e1bado, 15h, sob a dire\u00e7\u00e3o de S\u00f4nia Maria Haas e suporte t\u00e9cnico da Estandarte Produ\u00e7\u00f5es, aborda a dor da inexist\u00eancia do luto, o drama da viol\u00eancia e mostra feridas<\/strong><\/p>\n<p>&nbsp;<\/p>\n<p><strong>V\u00eddeo:<\/strong><\/p>\n<div style=\"width: 560px;\" class=\"wp-video\"><!--[if lt IE 9]><script>document.createElement('video');<\/script><![endif]-->\n<video class=\"wp-video-shortcode\" id=\"video-4306-1\" width=\"560\" height=\"315\" preload=\"metadata\" controls=\"controls\"><source type=\"video\/mp4\" src=\"https:\/\/renatodias.online\/movimento\/wp-content\/uploads\/2020\/08\/WhatsApp-Video-2020-08-28-at-17.08.01.mp4?_=1\" \/><a href=\"https:\/\/renatodias.online\/movimento\/wp-content\/uploads\/2020\/08\/WhatsApp-Video-2020-08-28-at-17.08.01.mp4\">https:\/\/renatodias.online\/movimento\/wp-content\/uploads\/2020\/08\/WhatsApp-Video-2020-08-28-at-17.08.01.mp4<\/a><\/video><\/div>\n<p><strong>Dire\u00e7\u00e3o: S\u00f4nia Maria Haas<\/strong><\/p>\n<p>&nbsp;<\/p>\n<p><strong>M\u00fasica:<\/strong><br \/>\n<iframe loading=\"lazy\" src=\"https:\/\/www.youtube.com\/embed\/hGRMIUbFEW0\" width=\"560\" height=\"315\" frameborder=\"0\" allowfullscreen=\"allowfullscreen\"><\/iframe><br \/>\n<strong>Ang\u00e9lica \u2013 Chico Buarque<\/strong><\/p>\n<p>&nbsp;<\/p>\n<p>&nbsp;<\/p>\n<p><strong>Renato Dias<\/strong><\/p>\n<p>Quem s\u00e3o os que procuram pelos mortos e desaparecidos sob a ditadura civil e militar? \u00c9 a campanha de visibilidade mundial que o \u2018Movimento Vozes do Sil\u00eancio\u2019 lan\u00e7a, neste s\u00e1bado, dia 29 de agosto de 2020, em uma live, na internet, a partir de 15h. Sob o slogan-t\u00edtulo de um trecho da can\u00e7\u00e3o \u2018Ang\u00e9lica\u2019. A m\u00fasica imortalizada na voz do insubmisso\u00a0 Chico Buarque de Hollanda: \u2018<strong>Quem \u00e9 essa mulher<\/strong>?\u2019. A ideia \u00e9 marcar o Dia Internacional das V\u00edtimas de Desaparecimento\u00a0For\u00e7ado, explica, com exclusividade, <strong>S\u00f4nia Maria Haas<\/strong>, diretora-executiva do v\u00eddeo.<\/p>\n<figure id=\"attachment_4309\" aria-describedby=\"caption-attachment-4309\" style=\"width: 450px\" class=\"wp-caption aligncenter\"><img loading=\"lazy\" decoding=\"async\" class=\"wp-image-4309 size-full\" src=\"https:\/\/renatodias.online\/movimento\/wp-content\/uploads\/2020\/08\/1234.jpeg\" alt=\"Hildegard Angel\" width=\"450\" height=\"338\" srcset=\"https:\/\/renatodias.online\/movimento\/wp-content\/uploads\/2020\/08\/1234.jpeg 450w, https:\/\/renatodias.online\/movimento\/wp-content\/uploads\/2020\/08\/1234-300x225.jpeg 300w\" sizes=\"auto, (max-width: 450px) 100vw, 450px\" \/><figcaption id=\"caption-attachment-4309\" class=\"wp-caption-text\">Hildegard Angel<\/figcaption><\/figure>\n<p><strong>_ Familiares levantam a voz sob a letra da m\u00fasica produzida em homenagem\u00a0\u00e0 estilista Zuzu Angel. Morta por agentes do Estado Nacional. Em acidente induzido. Uma cilada. Em 1976<\/strong>.<\/p>\n<p>&nbsp;<\/p>\n<p><strong>1976<\/strong><\/p>\n<p><strong>Morre a<\/strong><\/p>\n<p><strong>estilista<\/strong><\/p>\n<p><strong>Zuzu Angel<\/strong><\/p>\n<p><strong>\u00a0<\/strong><\/p>\n<p>O Poder Judici\u00e1rio, no Brasil, apenas no ano de 2020, reconheceu que <strong>Zuzu Angel<\/strong>, a m\u00e3e do desaparecido <strong>Stuart Angel<\/strong>, morto em 1971, no Rio de Janeiro, em depend\u00eancias das For\u00e7as Armadas, do Estado Nacional, foi assassinada tamb\u00e9m por agentes da ditadura civil e militar.\u00a0Uma noite que durou 21 anos. Um passado que n\u00e3o passa. Tempos Sombrios. O crime est\u00e1 esclarecido. N\u00e3o houve a abertura de um processo. Para o julgamento dos respons\u00e1veis. Por sua execu\u00e7\u00e3o extrajudicial. Um crime sem castigo. O que viola o direito internacional.<\/p>\n<figure id=\"attachment_4310\" aria-describedby=\"caption-attachment-4310\" style=\"width: 1024px\" class=\"wp-caption aligncenter\"><img loading=\"lazy\" decoding=\"async\" class=\"wp-image-4310 size-large\" src=\"https:\/\/renatodias.online\/movimento\/wp-content\/uploads\/2020\/08\/WhatsApp-Image-2020-08-28-at-17.07.28-1024x682.jpeg\" alt=\"S\u00f4nia Maria Haas\" width=\"1024\" height=\"682\" \/><figcaption id=\"caption-attachment-4310\" class=\"wp-caption-text\">S\u00f4nia Maria Haas<\/figcaption><\/figure>\n<p><strong>_ A luta dos familiares \u00e9 de longo tempo, alinhava os fios da hist\u00f3ria e tece uma trama desconhecida da sociedade. A luta\u00a0traz em si uma solid\u00e3o. O vazio de ang\u00fastia. Da aus\u00eancia.<\/strong><\/p>\n<p>&nbsp;<\/p>\n<p><strong>434<\/strong><\/p>\n<p><strong>N\u00famero de<\/strong><\/p>\n<p><strong>mortos e <\/strong><\/p>\n<p><strong>desaparecidos<\/strong><\/p>\n<p>&nbsp;<\/p>\n<p>O v\u00eddeo\u00a0 <strong>\u2018Quem \u00e9 essa mulher?<\/strong>\u2019, com dire\u00e7\u00e3o de <strong>S\u00f4nia Maria Haas<\/strong> e apoio t\u00e9cnico da Estandarte Produ\u00e7\u00f5es, traz momentos\u00a0 para reflex\u00e3o. O documento exp\u00f5e feridas abertas dos anos de chumbo e de ouro. Assim como prop\u00f5e uma postura de resist\u00eancia. Com a conclama\u00e7\u00e3o \u2018N\u00e3o vamos nos calar\u2019. Um depoimento da jornalista <strong>Hildegard Angel<\/strong>, filha de <strong>Zuzu Angel<\/strong>, morta em 1976, e irm\u00e3 de <strong>Stuart Angel<\/strong>, assassinado, em 1971, membro do MR-8, encerra o curta. <strong>S\u00f4nia Maria Haas<\/strong> relata ainda que o grupo vocal carioca \u2018\u00c0s Ter\u00e7as\u2019, com a reg\u00eancia do maestro Mauro Perelmann, faz uma participa\u00e7\u00e3o especial no v\u00eddeo-document\u00e1rio.<\/p>\n<p><img loading=\"lazy\" decoding=\"async\" class=\"aligncenter wp-image-4311 size-full\" src=\"https:\/\/renatodias.online\/movimento\/wp-content\/uploads\/2020\/08\/tuti.jpeg\" alt=\"\" width=\"594\" height=\"594\" srcset=\"https:\/\/renatodias.online\/movimento\/wp-content\/uploads\/2020\/08\/tuti.jpeg 594w, https:\/\/renatodias.online\/movimento\/wp-content\/uploads\/2020\/08\/tuti-300x300.jpeg 300w, https:\/\/renatodias.online\/movimento\/wp-content\/uploads\/2020\/08\/tuti-150x150.jpeg 150w, https:\/\/renatodias.online\/movimento\/wp-content\/uploads\/2020\/08\/tuti-50x50.jpeg 50w, https:\/\/renatodias.online\/movimento\/wp-content\/uploads\/2020\/08\/tuti-125x125.jpeg 125w, https:\/\/renatodias.online\/movimento\/wp-content\/uploads\/2020\/08\/tuti-100x100.jpeg 100w, https:\/\/renatodias.online\/movimento\/wp-content\/uploads\/2020\/08\/tuti-250x250.jpeg 250w\" sizes=\"auto, (max-width: 594px) 100vw, 594px\" \/><\/p>\n<p><strong>_ O lan\u00e7amento ocorrer\u00e1, neste s\u00e1bado,\u00a0 \u00e0s 15h, em uma live no facebook\/youtube do N\u00facleo Preserva\u00e7\u00e3o da Mem\u00f3ria Pol\u00edtica.<\/strong><\/p>\n<p><strong>\u00a0<\/strong><\/p>\n<p><strong>\u00a0<\/strong><\/p>\n<p><strong>Servi\u00e7o<\/strong><\/p>\n<p><strong>Live: <\/strong>Neste s\u00e1bado, 29 de agosto de 2020, \u00e0s 15h<\/p>\n<p><strong>Facebook:<\/strong> N\u00facleo de Preserva\u00e7\u00e3o da Mem\u00f3ria Pol\u00edtica<\/p>\n<p><strong>www.youtube.com:<\/strong> N\u00facleo de Preserva\u00e7\u00e3o da Mem\u00f3ria Pol\u00edtica<\/p>\n<p><strong>Contatos: <\/strong>Oswaldo Santos J\u00fanior _ Vozes do Sil\u00eancio : 11_9_8206_5233;<\/p>\n<p>Maurice Politi:\u00a0 11_9_8229_9803;<\/p>\n<p>S\u00f4nia Maria Haas: 71_ 9- 9278_7688<\/p>\n<p><img loading=\"lazy\" decoding=\"async\" class=\"aligncenter wp-image-4313 size-full\" src=\"https:\/\/renatodias.online\/movimento\/wp-content\/uploads\/2020\/08\/WhatsApp-Image-2020-08-28-at-17.07.29.jpeg\" alt=\"\" width=\"1024\" height=\"615\" srcset=\"https:\/\/renatodias.online\/movimento\/wp-content\/uploads\/2020\/08\/WhatsApp-Image-2020-08-28-at-17.07.29.jpeg 1024w, https:\/\/renatodias.online\/movimento\/wp-content\/uploads\/2020\/08\/WhatsApp-Image-2020-08-28-at-17.07.29-300x180.jpeg 300w, https:\/\/renatodias.online\/movimento\/wp-content\/uploads\/2020\/08\/WhatsApp-Image-2020-08-28-at-17.07.29-768x461.jpeg 768w, https:\/\/renatodias.online\/movimento\/wp-content\/uploads\/2020\/08\/WhatsApp-Image-2020-08-28-at-17.07.29-750x450.jpeg 750w\" sizes=\"auto, (max-width: 1024px) 100vw, 1024px\" \/><\/p>\n<p>&nbsp;<\/p>\n<p><strong>Fotografia<\/strong><\/p>\n<p><strong>Mortos e desaparecidos pol\u00edticos no Brasil<\/strong><\/p>\n","protected":false},"excerpt":{"rendered":"<p>O que resta da ditadura? Vozes do sil\u00eancio lan\u00e7a campanha &nbsp; Live, neste s\u00e1bado, 15h, sob a dire\u00e7\u00e3o de S\u00f4nia Maria Haas e suporte t\u00e9cnico da Estandarte Produ\u00e7\u00f5es, aborda a dor da inexist\u00eancia do luto, o drama da viol\u00eancia e mostra feridas &nbsp; V\u00eddeo: Dire\u00e7\u00e3o: S\u00f4nia Maria Haas &nbsp; M\u00fasica: Ang\u00e9lica \u2013 Chico Buarque &nbsp;<\/p>\n","protected":false},"author":2,"featured_media":4308,"comment_status":"open","ping_status":"open","sticky":false,"template":"","format":"standard","meta":{"_acf_changed":false,"_monsterinsights_skip_tracking":false,"_monsterinsights_sitenote_active":false,"_monsterinsights_sitenote_note":"","_monsterinsights_sitenote_category":0,"footnotes":""},"categories":[2,28],"tags":[],"class_list":["post-4306","post","type-post","status-publish","format-standard","has-post-thumbnail","hentry","category-arte","category-cultura"],"acf":[],"yoast_head":"<!-- This site is optimized with the Yoast SEO plugin v27.4 - https:\/\/yoast.com\/product\/yoast-seo-wordpress\/ -->\n<title>O que resta da ditadura? Vozes do sil\u00eancio lan\u00e7a campanha -<\/title>\n<meta name=\"robots\" content=\"index, follow, max-snippet:-1, max-image-preview:large, max-video-preview:-1\" \/>\n<link rel=\"canonical\" href=\"https:\/\/renatodias.online\/movimento\/2020\/08\/28\/o-que-resta-da-ditadura-vozes-do-silencio-lanca-campanha\/\" \/>\n<meta property=\"og:locale\" content=\"pt_BR\" \/>\n<meta property=\"og:type\" content=\"article\" \/>\n<meta property=\"og:title\" content=\"O que resta da ditadura? Vozes do sil\u00eancio lan\u00e7a campanha -\" \/>\n<meta property=\"og:description\" content=\"O que resta da ditadura? Vozes do sil\u00eancio lan\u00e7a campanha &nbsp; Live, neste s\u00e1bado, 15h, sob a dire\u00e7\u00e3o de S\u00f4nia Maria Haas e suporte t\u00e9cnico da Estandarte Produ\u00e7\u00f5es, aborda a dor da inexist\u00eancia do luto, o drama da viol\u00eancia e mostra feridas &nbsp; V\u00eddeo: Dire\u00e7\u00e3o: S\u00f4nia Maria Haas &nbsp; M\u00fasica: Ang\u00e9lica \u2013 Chico Buarque &nbsp;\" \/>\n<meta property=\"og:url\" content=\"https:\/\/renatodias.online\/movimento\/2020\/08\/28\/o-que-resta-da-ditadura-vozes-do-silencio-lanca-campanha\/\" \/>\n<meta property=\"article:publisher\" content=\"https:\/\/www.facebook.com\/renato.dias.37\" \/>\n<meta property=\"article:author\" content=\"https:\/\/www.facebook.com\/renato.dias.37\" \/>\n<meta property=\"article:published_time\" content=\"2020-08-28T22:26:55+00:00\" \/>\n<meta property=\"article:modified_time\" content=\"2020-08-28T22:41:49+00:00\" \/>\n<meta property=\"og:image\" content=\"https:\/\/renatodias.online\/movimento\/wp-content\/uploads\/2020\/08\/WhatsApp-Image-2020-08-28-at-17.07.27.jpeg\" \/>\n\t<meta property=\"og:image:width\" content=\"660\" \/>\n\t<meta property=\"og:image:height\" content=\"455\" \/>\n\t<meta property=\"og:image:type\" content=\"image\/jpeg\" \/>\n<meta name=\"author\" content=\"Renato Dias\" \/>\n<meta name=\"twitter:card\" content=\"summary_large_image\" \/>\n<meta name=\"twitter:creator\" content=\"@RenatoDiasBat\" \/>\n<meta name=\"twitter:site\" content=\"@RenatoDiasBat\" \/>\n<meta name=\"twitter:label1\" content=\"Escrito por\" \/>\n\t<meta name=\"twitter:data1\" content=\"Renato Dias\" \/>\n\t<meta name=\"twitter:label2\" content=\"Est. tempo de leitura\" \/>\n\t<meta name=\"twitter:data2\" content=\"3 minutos\" \/>\n<script type=\"application\/ld+json\" class=\"yoast-schema-graph\">{\"@context\":\"https:\\\/\\\/schema.org\",\"@graph\":[{\"@type\":\"Article\",\"@id\":\"https:\\\/\\\/renatodias.online\\\/movimento\\\/2020\\\/08\\\/28\\\/o-que-resta-da-ditadura-vozes-do-silencio-lanca-campanha\\\/#article\",\"isPartOf\":{\"@id\":\"https:\\\/\\\/renatodias.online\\\/movimento\\\/2020\\\/08\\\/28\\\/o-que-resta-da-ditadura-vozes-do-silencio-lanca-campanha\\\/\"},\"author\":{\"name\":\"Renato Dias\",\"@id\":\"https:\\\/\\\/renatodias.online\\\/movimento\\\/#\\\/schema\\\/person\\\/bbab28833b1725a20f4083f49f1fb2a9\"},\"headline\":\"O que resta da ditadura? Vozes do sil\u00eancio lan\u00e7a campanha\",\"datePublished\":\"2020-08-28T22:26:55+00:00\",\"dateModified\":\"2020-08-28T22:41:49+00:00\",\"mainEntityOfPage\":{\"@id\":\"https:\\\/\\\/renatodias.online\\\/movimento\\\/2020\\\/08\\\/28\\\/o-que-resta-da-ditadura-vozes-do-silencio-lanca-campanha\\\/\"},\"wordCount\":587,\"commentCount\":0,\"publisher\":{\"@id\":\"https:\\\/\\\/renatodias.online\\\/movimento\\\/#\\\/schema\\\/person\\\/bbab28833b1725a20f4083f49f1fb2a9\"},\"image\":{\"@id\":\"https:\\\/\\\/renatodias.online\\\/movimento\\\/2020\\\/08\\\/28\\\/o-que-resta-da-ditadura-vozes-do-silencio-lanca-campanha\\\/#primaryimage\"},\"thumbnailUrl\":\"https:\\\/\\\/renatodias.online\\\/movimento\\\/wp-content\\\/uploads\\\/2020\\\/08\\\/WhatsApp-Image-2020-08-28-at-17.07.27.jpeg\",\"articleSection\":[\"Arte\",\"Cultura\"],\"inLanguage\":\"pt-BR\",\"potentialAction\":[{\"@type\":\"CommentAction\",\"name\":\"Comment\",\"target\":[\"https:\\\/\\\/renatodias.online\\\/movimento\\\/2020\\\/08\\\/28\\\/o-que-resta-da-ditadura-vozes-do-silencio-lanca-campanha\\\/#respond\"]}]},{\"@type\":\"WebPage\",\"@id\":\"https:\\\/\\\/renatodias.online\\\/movimento\\\/2020\\\/08\\\/28\\\/o-que-resta-da-ditadura-vozes-do-silencio-lanca-campanha\\\/\",\"url\":\"https:\\\/\\\/renatodias.online\\\/movimento\\\/2020\\\/08\\\/28\\\/o-que-resta-da-ditadura-vozes-do-silencio-lanca-campanha\\\/\",\"name\":\"O que resta da ditadura? Vozes do sil\u00eancio lan\u00e7a campanha -\",\"isPartOf\":{\"@id\":\"https:\\\/\\\/renatodias.online\\\/movimento\\\/#website\"},\"primaryImageOfPage\":{\"@id\":\"https:\\\/\\\/renatodias.online\\\/movimento\\\/2020\\\/08\\\/28\\\/o-que-resta-da-ditadura-vozes-do-silencio-lanca-campanha\\\/#primaryimage\"},\"image\":{\"@id\":\"https:\\\/\\\/renatodias.online\\\/movimento\\\/2020\\\/08\\\/28\\\/o-que-resta-da-ditadura-vozes-do-silencio-lanca-campanha\\\/#primaryimage\"},\"thumbnailUrl\":\"https:\\\/\\\/renatodias.online\\\/movimento\\\/wp-content\\\/uploads\\\/2020\\\/08\\\/WhatsApp-Image-2020-08-28-at-17.07.27.jpeg\",\"datePublished\":\"2020-08-28T22:26:55+00:00\",\"dateModified\":\"2020-08-28T22:41:49+00:00\",\"breadcrumb\":{\"@id\":\"https:\\\/\\\/renatodias.online\\\/movimento\\\/2020\\\/08\\\/28\\\/o-que-resta-da-ditadura-vozes-do-silencio-lanca-campanha\\\/#breadcrumb\"},\"inLanguage\":\"pt-BR\",\"potentialAction\":[{\"@type\":\"ReadAction\",\"target\":[\"https:\\\/\\\/renatodias.online\\\/movimento\\\/2020\\\/08\\\/28\\\/o-que-resta-da-ditadura-vozes-do-silencio-lanca-campanha\\\/\"]}]},{\"@type\":\"ImageObject\",\"inLanguage\":\"pt-BR\",\"@id\":\"https:\\\/\\\/renatodias.online\\\/movimento\\\/2020\\\/08\\\/28\\\/o-que-resta-da-ditadura-vozes-do-silencio-lanca-campanha\\\/#primaryimage\",\"url\":\"https:\\\/\\\/renatodias.online\\\/movimento\\\/wp-content\\\/uploads\\\/2020\\\/08\\\/WhatsApp-Image-2020-08-28-at-17.07.27.jpeg\",\"contentUrl\":\"https:\\\/\\\/renatodias.online\\\/movimento\\\/wp-content\\\/uploads\\\/2020\\\/08\\\/WhatsApp-Image-2020-08-28-at-17.07.27.jpeg\",\"width\":660,\"height\":455,\"caption\":\"Zuzu Angel\"},{\"@type\":\"BreadcrumbList\",\"@id\":\"https:\\\/\\\/renatodias.online\\\/movimento\\\/2020\\\/08\\\/28\\\/o-que-resta-da-ditadura-vozes-do-silencio-lanca-campanha\\\/#breadcrumb\",\"itemListElement\":[{\"@type\":\"ListItem\",\"position\":1,\"name\":\"In\u00edcio\",\"item\":\"https:\\\/\\\/renatodias.online\\\/movimento\\\/\"},{\"@type\":\"ListItem\",\"position\":2,\"name\":\"O que resta da ditadura? Vozes do sil\u00eancio lan\u00e7a campanha\"}]},{\"@type\":\"WebSite\",\"@id\":\"https:\\\/\\\/renatodias.online\\\/movimento\\\/#website\",\"url\":\"https:\\\/\\\/renatodias.online\\\/movimento\\\/\",\"name\":\"\",\"description\":\"\",\"publisher\":{\"@id\":\"https:\\\/\\\/renatodias.online\\\/movimento\\\/#\\\/schema\\\/person\\\/bbab28833b1725a20f4083f49f1fb2a9\"},\"potentialAction\":[{\"@type\":\"SearchAction\",\"target\":{\"@type\":\"EntryPoint\",\"urlTemplate\":\"https:\\\/\\\/renatodias.online\\\/movimento\\\/?s={search_term_string}\"},\"query-input\":{\"@type\":\"PropertyValueSpecification\",\"valueRequired\":true,\"valueName\":\"search_term_string\"}}],\"inLanguage\":\"pt-BR\"},{\"@type\":[\"Person\",\"Organization\"],\"@id\":\"https:\\\/\\\/renatodias.online\\\/movimento\\\/#\\\/schema\\\/person\\\/bbab28833b1725a20f4083f49f1fb2a9\",\"name\":\"Renato Dias\",\"image\":{\"@type\":\"ImageObject\",\"inLanguage\":\"pt-BR\",\"@id\":\"https:\\\/\\\/renatodias.online\\\/movimento\\\/wp-content\\\/uploads\\\/2023\\\/03\\\/cropped-cropped-cropped-logofinal.jpeg\",\"url\":\"https:\\\/\\\/renatodias.online\\\/movimento\\\/wp-content\\\/uploads\\\/2023\\\/03\\\/cropped-cropped-cropped-logofinal.jpeg\",\"contentUrl\":\"https:\\\/\\\/renatodias.online\\\/movimento\\\/wp-content\\\/uploads\\\/2023\\\/03\\\/cropped-cropped-cropped-logofinal.jpeg\",\"width\":1280,\"height\":219,\"caption\":\"Renato Dias\"},\"logo\":{\"@id\":\"https:\\\/\\\/renatodias.online\\\/movimento\\\/wp-content\\\/uploads\\\/2023\\\/03\\\/cropped-cropped-cropped-logofinal.jpeg\"},\"description\":\"Renato Dias, 58 anos, \u00e9 graduado em Jornalismo, formado em Ci\u00eancias Sociais, com p\u00f3s-gradua\u00e7\u00e3o em Pol\u00edticas P\u00fablicas, mestre em Direito e Rela\u00e7\u00f5es Internacionais, ex-aluno extraordin\u00e1rio do Doutorado em Psicologia Social, ex-estudante do Curso de Psican\u00e1lise do Centro de Estudos Psicanal\u00edticos do Estado de Goi\u00e1s, ministrado pelo m\u00e9dico psiquiatra e psicanalista Daniel Em\u00eddio de Souza. \u00c9 autor de 30 livros-reportagem, oito document\u00e1rios, ganhou 30 pr\u00eamios e \u00e9 torcedor apaixonado do maior do Centro-Oeste, o Vila Nova Futebol Clube. Casado com Meirilane Dias, \u00e9 pai de Juliana Dias, jornalista; Daniel Dias, economista; e Maria Rosa Dias, estudante antifascista, socialista e trotskista.\u00a0Com tr\u00eas pets: Porquinho [Bull Dog Franc\u00eas], Dalila [Basset Hound] e Geleia [Basset Hound]. Al\u00e9m do eterno gato Tutuquinho, que virou estrela.\",\"sameAs\":[\"https:\\\/\\\/www.facebook.com\\\/renato.dias.37\",\"#breve\",\"https:\\\/\\\/renatodias.tumblr.com\\\/\"],\"url\":\"https:\\\/\\\/renatodias.online\\\/movimento\\\/author\\\/renatodias\\\/\"}]}<\/script>\n<!-- \/ Yoast SEO plugin. -->","yoast_head_json":{"title":"O que resta da ditadura? Vozes do sil\u00eancio lan\u00e7a campanha -","robots":{"index":"index","follow":"follow","max-snippet":"max-snippet:-1","max-image-preview":"max-image-preview:large","max-video-preview":"max-video-preview:-1"},"canonical":"https:\/\/renatodias.online\/movimento\/2020\/08\/28\/o-que-resta-da-ditadura-vozes-do-silencio-lanca-campanha\/","og_locale":"pt_BR","og_type":"article","og_title":"O que resta da ditadura? Vozes do sil\u00eancio lan\u00e7a campanha -","og_description":"O que resta da ditadura? Vozes do sil\u00eancio lan\u00e7a campanha &nbsp; Live, neste s\u00e1bado, 15h, sob a dire\u00e7\u00e3o de S\u00f4nia Maria Haas e suporte t\u00e9cnico da Estandarte Produ\u00e7\u00f5es, aborda a dor da inexist\u00eancia do luto, o drama da viol\u00eancia e mostra feridas &nbsp; V\u00eddeo: Dire\u00e7\u00e3o: S\u00f4nia Maria Haas &nbsp; M\u00fasica: Ang\u00e9lica \u2013 Chico Buarque &nbsp;","og_url":"https:\/\/renatodias.online\/movimento\/2020\/08\/28\/o-que-resta-da-ditadura-vozes-do-silencio-lanca-campanha\/","article_publisher":"https:\/\/www.facebook.com\/renato.dias.37","article_author":"https:\/\/www.facebook.com\/renato.dias.37","article_published_time":"2020-08-28T22:26:55+00:00","article_modified_time":"2020-08-28T22:41:49+00:00","og_image":[{"width":660,"height":455,"url":"https:\/\/renatodias.online\/movimento\/wp-content\/uploads\/2020\/08\/WhatsApp-Image-2020-08-28-at-17.07.27.jpeg","type":"image\/jpeg"}],"author":"Renato Dias","twitter_card":"summary_large_image","twitter_creator":"@RenatoDiasBat","twitter_site":"@RenatoDiasBat","twitter_misc":{"Escrito por":"Renato Dias","Est. tempo de leitura":"3 minutos"},"schema":{"@context":"https:\/\/schema.org","@graph":[{"@type":"Article","@id":"https:\/\/renatodias.online\/movimento\/2020\/08\/28\/o-que-resta-da-ditadura-vozes-do-silencio-lanca-campanha\/#article","isPartOf":{"@id":"https:\/\/renatodias.online\/movimento\/2020\/08\/28\/o-que-resta-da-ditadura-vozes-do-silencio-lanca-campanha\/"},"author":{"name":"Renato Dias","@id":"https:\/\/renatodias.online\/movimento\/#\/schema\/person\/bbab28833b1725a20f4083f49f1fb2a9"},"headline":"O que resta da ditadura? Vozes do sil\u00eancio lan\u00e7a campanha","datePublished":"2020-08-28T22:26:55+00:00","dateModified":"2020-08-28T22:41:49+00:00","mainEntityOfPage":{"@id":"https:\/\/renatodias.online\/movimento\/2020\/08\/28\/o-que-resta-da-ditadura-vozes-do-silencio-lanca-campanha\/"},"wordCount":587,"commentCount":0,"publisher":{"@id":"https:\/\/renatodias.online\/movimento\/#\/schema\/person\/bbab28833b1725a20f4083f49f1fb2a9"},"image":{"@id":"https:\/\/renatodias.online\/movimento\/2020\/08\/28\/o-que-resta-da-ditadura-vozes-do-silencio-lanca-campanha\/#primaryimage"},"thumbnailUrl":"https:\/\/renatodias.online\/movimento\/wp-content\/uploads\/2020\/08\/WhatsApp-Image-2020-08-28-at-17.07.27.jpeg","articleSection":["Arte","Cultura"],"inLanguage":"pt-BR","potentialAction":[{"@type":"CommentAction","name":"Comment","target":["https:\/\/renatodias.online\/movimento\/2020\/08\/28\/o-que-resta-da-ditadura-vozes-do-silencio-lanca-campanha\/#respond"]}]},{"@type":"WebPage","@id":"https:\/\/renatodias.online\/movimento\/2020\/08\/28\/o-que-resta-da-ditadura-vozes-do-silencio-lanca-campanha\/","url":"https:\/\/renatodias.online\/movimento\/2020\/08\/28\/o-que-resta-da-ditadura-vozes-do-silencio-lanca-campanha\/","name":"O que resta da ditadura? Vozes do sil\u00eancio lan\u00e7a campanha -","isPartOf":{"@id":"https:\/\/renatodias.online\/movimento\/#website"},"primaryImageOfPage":{"@id":"https:\/\/renatodias.online\/movimento\/2020\/08\/28\/o-que-resta-da-ditadura-vozes-do-silencio-lanca-campanha\/#primaryimage"},"image":{"@id":"https:\/\/renatodias.online\/movimento\/2020\/08\/28\/o-que-resta-da-ditadura-vozes-do-silencio-lanca-campanha\/#primaryimage"},"thumbnailUrl":"https:\/\/renatodias.online\/movimento\/wp-content\/uploads\/2020\/08\/WhatsApp-Image-2020-08-28-at-17.07.27.jpeg","datePublished":"2020-08-28T22:26:55+00:00","dateModified":"2020-08-28T22:41:49+00:00","breadcrumb":{"@id":"https:\/\/renatodias.online\/movimento\/2020\/08\/28\/o-que-resta-da-ditadura-vozes-do-silencio-lanca-campanha\/#breadcrumb"},"inLanguage":"pt-BR","potentialAction":[{"@type":"ReadAction","target":["https:\/\/renatodias.online\/movimento\/2020\/08\/28\/o-que-resta-da-ditadura-vozes-do-silencio-lanca-campanha\/"]}]},{"@type":"ImageObject","inLanguage":"pt-BR","@id":"https:\/\/renatodias.online\/movimento\/2020\/08\/28\/o-que-resta-da-ditadura-vozes-do-silencio-lanca-campanha\/#primaryimage","url":"https:\/\/renatodias.online\/movimento\/wp-content\/uploads\/2020\/08\/WhatsApp-Image-2020-08-28-at-17.07.27.jpeg","contentUrl":"https:\/\/renatodias.online\/movimento\/wp-content\/uploads\/2020\/08\/WhatsApp-Image-2020-08-28-at-17.07.27.jpeg","width":660,"height":455,"caption":"Zuzu Angel"},{"@type":"BreadcrumbList","@id":"https:\/\/renatodias.online\/movimento\/2020\/08\/28\/o-que-resta-da-ditadura-vozes-do-silencio-lanca-campanha\/#breadcrumb","itemListElement":[{"@type":"ListItem","position":1,"name":"In\u00edcio","item":"https:\/\/renatodias.online\/movimento\/"},{"@type":"ListItem","position":2,"name":"O que resta da ditadura? Vozes do sil\u00eancio lan\u00e7a campanha"}]},{"@type":"WebSite","@id":"https:\/\/renatodias.online\/movimento\/#website","url":"https:\/\/renatodias.online\/movimento\/","name":"","description":"","publisher":{"@id":"https:\/\/renatodias.online\/movimento\/#\/schema\/person\/bbab28833b1725a20f4083f49f1fb2a9"},"potentialAction":[{"@type":"SearchAction","target":{"@type":"EntryPoint","urlTemplate":"https:\/\/renatodias.online\/movimento\/?s={search_term_string}"},"query-input":{"@type":"PropertyValueSpecification","valueRequired":true,"valueName":"search_term_string"}}],"inLanguage":"pt-BR"},{"@type":["Person","Organization"],"@id":"https:\/\/renatodias.online\/movimento\/#\/schema\/person\/bbab28833b1725a20f4083f49f1fb2a9","name":"Renato Dias","image":{"@type":"ImageObject","inLanguage":"pt-BR","@id":"https:\/\/renatodias.online\/movimento\/wp-content\/uploads\/2023\/03\/cropped-cropped-cropped-logofinal.jpeg","url":"https:\/\/renatodias.online\/movimento\/wp-content\/uploads\/2023\/03\/cropped-cropped-cropped-logofinal.jpeg","contentUrl":"https:\/\/renatodias.online\/movimento\/wp-content\/uploads\/2023\/03\/cropped-cropped-cropped-logofinal.jpeg","width":1280,"height":219,"caption":"Renato Dias"},"logo":{"@id":"https:\/\/renatodias.online\/movimento\/wp-content\/uploads\/2023\/03\/cropped-cropped-cropped-logofinal.jpeg"},"description":"Renato Dias, 58 anos, \u00e9 graduado em Jornalismo, formado em Ci\u00eancias Sociais, com p\u00f3s-gradua\u00e7\u00e3o em Pol\u00edticas P\u00fablicas, mestre em Direito e Rela\u00e7\u00f5es Internacionais, ex-aluno extraordin\u00e1rio do Doutorado em Psicologia Social, ex-estudante do Curso de Psican\u00e1lise do Centro de Estudos Psicanal\u00edticos do Estado de Goi\u00e1s, ministrado pelo m\u00e9dico psiquiatra e psicanalista Daniel Em\u00eddio de Souza. \u00c9 autor de 30 livros-reportagem, oito document\u00e1rios, ganhou 30 pr\u00eamios e \u00e9 torcedor apaixonado do maior do Centro-Oeste, o Vila Nova Futebol Clube. Casado com Meirilane Dias, \u00e9 pai de Juliana Dias, jornalista; Daniel Dias, economista; e Maria Rosa Dias, estudante antifascista, socialista e trotskista.\u00a0Com tr\u00eas pets: Porquinho [Bull Dog Franc\u00eas], Dalila [Basset Hound] e Geleia [Basset Hound]. Al\u00e9m do eterno gato Tutuquinho, que virou estrela.","sameAs":["https:\/\/www.facebook.com\/renato.dias.37","#breve","https:\/\/renatodias.tumblr.com\/"],"url":"https:\/\/renatodias.online\/movimento\/author\/renatodias\/"}]}},"_links":{"self":[{"href":"https:\/\/renatodias.online\/movimento\/wp-json\/wp\/v2\/posts\/4306","targetHints":{"allow":["GET"]}}],"collection":[{"href":"https:\/\/renatodias.online\/movimento\/wp-json\/wp\/v2\/posts"}],"about":[{"href":"https:\/\/renatodias.online\/movimento\/wp-json\/wp\/v2\/types\/post"}],"author":[{"embeddable":true,"href":"https:\/\/renatodias.online\/movimento\/wp-json\/wp\/v2\/users\/2"}],"replies":[{"embeddable":true,"href":"https:\/\/renatodias.online\/movimento\/wp-json\/wp\/v2\/comments?post=4306"}],"version-history":[{"count":5,"href":"https:\/\/renatodias.online\/movimento\/wp-json\/wp\/v2\/posts\/4306\/revisions"}],"predecessor-version":[{"id":4317,"href":"https:\/\/renatodias.online\/movimento\/wp-json\/wp\/v2\/posts\/4306\/revisions\/4317"}],"wp:featuredmedia":[{"embeddable":true,"href":"https:\/\/renatodias.online\/movimento\/wp-json\/wp\/v2\/media\/4308"}],"wp:attachment":[{"href":"https:\/\/renatodias.online\/movimento\/wp-json\/wp\/v2\/media?parent=4306"}],"wp:term":[{"taxonomy":"category","embeddable":true,"href":"https:\/\/renatodias.online\/movimento\/wp-json\/wp\/v2\/categories?post=4306"},{"taxonomy":"post_tag","embeddable":true,"href":"https:\/\/renatodias.online\/movimento\/wp-json\/wp\/v2\/tags?post=4306"}],"curies":[{"name":"wp","href":"https:\/\/api.w.org\/{rel}","templated":true}]}}